{"id":51571,"date":"2024-05-28T10:56:19","date_gmt":"2024-05-28T13:56:19","guid":{"rendered":"https:\/\/jornalfatosenoticias.com.br\/?p=51571"},"modified":"2024-05-28T10:56:20","modified_gmt":"2024-05-28T13:56:20","slug":"como-a-queda-da-inflacao-esta-impactando-a-vida-dos-argentinos","status":"publish","type":"post","link":"https:\/\/jornalfatosenoticias.com.br\/index.php\/2024\/05\/28\/como-a-queda-da-inflacao-esta-impactando-a-vida-dos-argentinos\/","title":{"rendered":"Como a queda da infla\u00e7\u00e3o est\u00e1 impactando a vida dos argentinos"},"content":{"rendered":"\n<p><em><span class=\"has-inline-color has-black-color\">De acordo com o Instituto Nacional de Estat\u00edstica e Censos (INDEC), a infla\u00e7\u00e3o do m\u00eas de abril de 2024 foi de 8,8%, marcando o quarto m\u00eas consecutivo de queda nos dados mensais<\/span><\/em><\/p>\n\n\n\n<p><span class=\"has-inline-color has-black-color\">Por <strong>Maria Laura Assis, especial para a Gazeta do Povo<\/strong><\/span><\/p>\n\n\n\n<div class=\"wp-block-image\"><figure class=\"aligncenter size-large is-resized\"><img loading=\"lazy\" decoding=\"async\" src=\"https:\/\/jornalfatosenoticias.com.br\/wp-content\/uploads\/2023\/03\/nova-logo-Marquetti.jpg\" alt=\"\" class=\"wp-image-40207\" width=\"331\" height=\"222\" srcset=\"https:\/\/jornalfatosenoticias.com.br\/wp-content\/uploads\/2023\/03\/nova-logo-Marquetti.jpg 643w, https:\/\/jornalfatosenoticias.com.br\/wp-content\/uploads\/2023\/03\/nova-logo-Marquetti-300x202.jpg 300w\" sizes=\"auto, (max-width: 331px) 100vw, 331px\" \/><\/figure><\/div>\n\n\n\n<p>A \u201cguerra contra a infla\u00e7\u00e3o\u201d anunciada pelo presidente Javier Milei, durante a sua campanha eleitoral, come\u00e7a a gerar resultados em seus primeiros quatro meses e meio de governo. De acordo com o Instituto Nacional de Estat\u00edstica e Censos (INDEC), a infla\u00e7\u00e3o do m\u00eas de abril de 2024 foi de 8,8%, marcando o quarto m\u00eas consecutivo de queda nos dados mensais, ap\u00f3s o pico de 25,5% registrado em dezembro de 2023. O chefe de Estado comemorou o resultado registrado que ficou abaixo de dois d\u00edgitos pela primeira vez desde outubro. \u201cEstamos vencendo a infla\u00e7\u00e3o\u201d, disse Milei pouco antes da divulga\u00e7\u00e3o dos dados oficiais.<\/p>\n\n\n\n<blockquote class=\"wp-block-quote is-layout-flow wp-block-quote-is-layout-flow\"><p><span class=\"has-inline-color has-luminous-vivid-orange-color\">A infla\u00e7\u00e3o est\u00e1 a ser pulverizada e tem a sua certid\u00e3o de \u00f3bito assinada\u201d, acrescentou o porta-voz presidencial, Manuel Adorni, na sua conta do X (ex-Twitter).\u00a0<\/span><\/p><\/blockquote>\n\n\n\n<div class=\"wp-block-image\"><figure class=\"aligncenter size-large is-resized\"><img loading=\"lazy\" decoding=\"async\" src=\"https:\/\/jornalfatosenoticias.com.br\/wp-content\/uploads\/2022\/02\/Precisao-Contabilidade-1024x724.jpg\" alt=\"\" class=\"wp-image-28088\" width=\"375\" height=\"265\"\/><\/figure><\/div>\n\n\n\n<p>Durante a sua habitual confer\u00eancia de imprensa na Casa Rosada, Adorni destacou a import\u00e2ncia da infla\u00e7\u00e3o subjacente em 6,3% e dos alimentos em 6%, uma vez que cobre quase toda a \u201ccesta b\u00e1sica daqueles que t\u00eam menos recursos\u201d. A promessa de Milei de baixar a infla\u00e7\u00e3o foi fundamental na sua vit\u00f3ria eleitoral. Quando assumiu o cargo, na metade de dezembro de 2023, a infla\u00e7\u00e3o estava em 25,5%. Em janeiro, ela registrou uma forte redu\u00e7\u00e3o e ficou em 20,6%. Em fevereiro passou para 13,2% e em mar\u00e7o, para 11%.<\/p>\n\n\n\n<div class=\"wp-block-image\"><figure class=\"aligncenter size-large\"><img loading=\"lazy\" decoding=\"async\" width=\"300\" height=\"250\" src=\"https:\/\/jornalfatosenoticias.com.br\/wp-content\/uploads\/2020\/02\/Banner-2.png\" alt=\"\" class=\"wp-image-43787\"\/><\/figure><\/div>\n\n\n\n<p>Segundo o economista argentino Pedro Lucaccini, \u201ca queda da infla\u00e7\u00e3o deve-se a dois fatores, por um lado, a queda dos agregados monet\u00e1rios em termos de infla\u00e7\u00e3o, ou seja, a queda do poder de compra do dinheiro, o que ajudou a conter os aumentos de pre\u00e7os; por outro lado, a manuten\u00e7\u00e3o da taxa de c\u00e2mbio relativamente est\u00e1vel, desvalorizando apenas 2% mensalmente, tamb\u00e9m contribuiu para a descida sustentada da infla\u00e7\u00e3o\u201d.<\/p>\n\n\n\n<div class=\"wp-block-image\"><figure class=\"aligncenter size-large\"><img decoding=\"async\" src=\"https:\/\/jornalfatosenoticias.com.br\/wp-content\/uploads\/2020\/02\/barao-das-carnes-300x164-1.jpg\" alt=\"\" class=\"wp-image-34339\"\/><\/figure><\/div>\n\n\n\n<p>Para Lucaccini, este resultado s\u00f3 foi poss\u00edvel pelo \u201ccontrole dos agregados monet\u00e1rios (em parte, gra\u00e7as \u00e0 elimina\u00e7\u00e3o do d\u00e9ficit fiscal e ao seu financiamento monet\u00e1rio), mantendo uma taxa de c\u00e2mbio quase fixa (aumentando apenas 2% ao m\u00eas, bem abaixo infla\u00e7\u00e3o) e tendo recentemente adiado alguns aumentos nas tarifas de servi\u00e7os como eletricidade, g\u00e1s e transportes\u201d.<\/p>\n\n\n\n<div class=\"wp-block-image\"><figure class=\"aligncenter size-large is-resized\"><img loading=\"lazy\" decoding=\"async\" src=\"https:\/\/jornalfatosenoticias.com.br\/wp-content\/uploads\/2023\/08\/ITH.jpeg\" alt=\"\" class=\"wp-image-44638\" width=\"312\" height=\"253\" srcset=\"https:\/\/jornalfatosenoticias.com.br\/wp-content\/uploads\/2023\/08\/ITH.jpeg 800w, https:\/\/jornalfatosenoticias.com.br\/wp-content\/uploads\/2023\/08\/ITH-300x244.jpeg 300w, https:\/\/jornalfatosenoticias.com.br\/wp-content\/uploads\/2023\/08\/ITH-768x624.jpeg 768w\" sizes=\"auto, (max-width: 312px) 100vw, 312px\" \/><\/figure><\/div>\n\n\n\n<p>As estimativas p\u00fablicas e privadas j\u00e1 previam uma queda da infla\u00e7\u00e3o no m\u00eas de abril. A Pesquisa de Expectativas de Mercado (REM), elaborada pelo Banco Central da Argentina, calculou uma infla\u00e7\u00e3o de 9% para o m\u00eas passado. Por sua vez, as consultorias mediram que os dados preliminares de pre\u00e7os de maio sugerem que a infla\u00e7\u00e3o terminar\u00e1 na ordem de 5%, de modo que o \u00edndice continuaria a tend\u00eancia de desacelera\u00e7\u00e3o ap\u00f3s os 8,8% reportados pelo INDEC para abril.\u00a0<\/p>\n\n\n\n<div class=\"wp-block-image\"><figure class=\"aligncenter size-large is-resized\"><img loading=\"lazy\" decoding=\"async\" src=\"https:\/\/jornalfatosenoticias.com.br\/wp-content\/uploads\/2020\/02\/logo-Rapuzel-1024x571.jpg\" alt=\"\" class=\"wp-image-42808\" width=\"363\" height=\"202\" srcset=\"https:\/\/jornalfatosenoticias.com.br\/wp-content\/uploads\/2020\/02\/logo-Rapuzel-1024x571.jpg 1024w, https:\/\/jornalfatosenoticias.com.br\/wp-content\/uploads\/2020\/02\/logo-Rapuzel-300x167.jpg 300w, https:\/\/jornalfatosenoticias.com.br\/wp-content\/uploads\/2020\/02\/logo-Rapuzel-768x428.jpg 768w, https:\/\/jornalfatosenoticias.com.br\/wp-content\/uploads\/2020\/02\/logo-Rapuzel-1536x856.jpg 1536w, https:\/\/jornalfatosenoticias.com.br\/wp-content\/uploads\/2020\/02\/logo-Rapuzel.jpg 1600w\" sizes=\"auto, (max-width: 363px) 100vw, 363px\" \/><\/figure><\/div>\n\n\n\n<p><strong><em>Fonte: <a href=\"https:\/\/www.gazetadopovo.com.br\/ideias\/queda-inflacao-argentina-impactando-vida\/\">Gazeta do Povo<\/a><\/em><\/strong><\/p>\n","protected":false},"excerpt":{"rendered":"<p>De acordo com o Instituto Nacional de Estat\u00edstica e Censos (INDEC), a infla\u00e7\u00e3o do m\u00eas de abril de 2024 foi de 8,8%, marcando o quarto m\u00eas consecutivo de queda nos dados mensais Por Maria Laura Assis, especial para a Gazeta do Povo A \u201cguerra contra a infla\u00e7\u00e3o\u201d anunciada pelo presidente Javier Milei, durante a sua [&hellip;]<\/p>\n","protected":false},"author":2,"featured_media":51572,"comment_status":"open","ping_status":"open","sticky":false,"template":"","format":"standard","meta":{"footnotes":""},"categories":[41],"tags":[5995,23610,23611,4182],"class_list":["post-51571","post","type-post","status-publish","format-standard","has-post-thumbnail","hentry","category-internacional","tag-argentina","tag-banco-central-da-argentina","tag-desacelaracao-inflacao","tag-inflacao"],"yoast_head":"<!-- This site is optimized with the Yoast SEO plugin v26.5 - https:\/\/yoast.com\/wordpress\/plugins\/seo\/ -->\n<title>Como a queda da infla\u00e7\u00e3o est\u00e1 impactando a vida dos argentinos - Jornal Fatos e Not\u00edcias<\/title>\n<meta name=\"robots\" content=\"index, follow, max-snippet:-1, max-image-preview:large, max-video-preview:-1\" \/>\n<link rel=\"canonical\" href=\"https:\/\/jornalfatosenoticias.com.br\/index.php\/2024\/05\/28\/como-a-queda-da-inflacao-esta-impactando-a-vida-dos-argentinos\/\" \/>\n<meta property=\"og:locale\" content=\"pt_BR\" \/>\n<meta property=\"og:type\" content=\"article\" \/>\n<meta property=\"og:title\" content=\"Como a queda da infla\u00e7\u00e3o est\u00e1 impactando a vida dos argentinos - Jornal Fatos e Not\u00edcias\" \/>\n<meta property=\"og:description\" content=\"De acordo com o Instituto Nacional de Estat\u00edstica e Censos (INDEC), a infla\u00e7\u00e3o do m\u00eas de abril de 2024 foi de 8,8%, marcando o quarto m\u00eas consecutivo de queda nos dados mensais Por Maria Laura Assis, especial para a Gazeta do Povo A \u201cguerra contra a infla\u00e7\u00e3o\u201d anunciada pelo presidente Javier Milei, durante a sua [&hellip;]\" \/>\n<meta property=\"og:url\" content=\"https:\/\/jornalfatosenoticias.com.br\/index.php\/2024\/05\/28\/como-a-queda-da-inflacao-esta-impactando-a-vida-dos-argentinos\/\" \/>\n<meta property=\"og:site_name\" content=\"Jornal Fatos e Not\u00edcias\" \/>\n<meta property=\"article:published_time\" content=\"2024-05-28T13:56:19+00:00\" \/>\n<meta property=\"article:modified_time\" content=\"2024-05-28T13:56:20+00:00\" \/>\n<meta property=\"og:image\" content=\"https:\/\/jornalfatosenoticias.com.br\/wp-content\/uploads\/2024\/05\/inflacao-Argentina_gettyimages.jpg\" \/>\n\t<meta property=\"og:image:width\" content=\"612\" \/>\n\t<meta property=\"og:image:height\" content=\"408\" \/>\n\t<meta property=\"og:image:type\" content=\"image\/jpeg\" \/>\n<meta name=\"author\" content=\"Luzimara Fernandes\" \/>\n<meta name=\"twitter:card\" content=\"summary_large_image\" \/>\n<meta name=\"twitter:label1\" content=\"Escrito por\" \/>\n\t<meta name=\"twitter:data1\" content=\"Luzimara Fernandes\" \/>\n\t<meta name=\"twitter:label2\" content=\"Est. tempo de leitura\" \/>\n\t<meta name=\"twitter:data2\" content=\"3 minutos\" \/>\n<script type=\"application\/ld+json\" class=\"yoast-schema-graph\">{\"@context\":\"https:\/\/schema.org\",\"@graph\":[{\"@type\":\"Article\",\"@id\":\"https:\/\/jornalfatosenoticias.com.br\/index.php\/2024\/05\/28\/como-a-queda-da-inflacao-esta-impactando-a-vida-dos-argentinos\/#article\",\"isPartOf\":{\"@id\":\"https:\/\/jornalfatosenoticias.com.br\/index.php\/2024\/05\/28\/como-a-queda-da-inflacao-esta-impactando-a-vida-dos-argentinos\/\"},\"author\":{\"name\":\"Luzimara Fernandes\",\"@id\":\"https:\/\/jornalfatosenoticias.com.br\/#\/schema\/person\/d63837fa13ac8666eb9e74e0985d6f81\"},\"headline\":\"Como a queda da infla\u00e7\u00e3o est\u00e1 impactando a vida dos argentinos\",\"datePublished\":\"2024-05-28T13:56:19+00:00\",\"dateModified\":\"2024-05-28T13:56:20+00:00\",\"mainEntityOfPage\":{\"@id\":\"https:\/\/jornalfatosenoticias.com.br\/index.php\/2024\/05\/28\/como-a-queda-da-inflacao-esta-impactando-a-vida-dos-argentinos\/\"},\"wordCount\":512,\"commentCount\":0,\"publisher\":{\"@id\":\"https:\/\/jornalfatosenoticias.com.br\/#organization\"},\"image\":{\"@id\":\"https:\/\/jornalfatosenoticias.com.br\/index.php\/2024\/05\/28\/como-a-queda-da-inflacao-esta-impactando-a-vida-dos-argentinos\/#primaryimage\"},\"thumbnailUrl\":\"https:\/\/jornalfatosenoticias.com.br\/wp-content\/uploads\/2024\/05\/inflacao-Argentina_gettyimages.jpg\",\"keywords\":[\"Argentina\",\"Banco Central da Argentina\",\"desacelara\u00e7\u00e3o infla\u00e7\u00e3o\",\"infla\u00e7\u00e3o\"],\"articleSection\":[\"Internacional\"],\"inLanguage\":\"pt-BR\",\"potentialAction\":[{\"@type\":\"CommentAction\",\"name\":\"Comment\",\"target\":[\"https:\/\/jornalfatosenoticias.com.br\/index.php\/2024\/05\/28\/como-a-queda-da-inflacao-esta-impactando-a-vida-dos-argentinos\/#respond\"]}]},{\"@type\":\"WebPage\",\"@id\":\"https:\/\/jornalfatosenoticias.com.br\/index.php\/2024\/05\/28\/como-a-queda-da-inflacao-esta-impactando-a-vida-dos-argentinos\/\",\"url\":\"https:\/\/jornalfatosenoticias.com.br\/index.php\/2024\/05\/28\/como-a-queda-da-inflacao-esta-impactando-a-vida-dos-argentinos\/\",\"name\":\"Como a queda da infla\u00e7\u00e3o est\u00e1 impactando a vida dos argentinos - Jornal Fatos e Not\u00edcias\",\"isPartOf\":{\"@id\":\"https:\/\/jornalfatosenoticias.com.br\/#website\"},\"primaryImageOfPage\":{\"@id\":\"https:\/\/jornalfatosenoticias.com.br\/index.php\/2024\/05\/28\/como-a-queda-da-inflacao-esta-impactando-a-vida-dos-argentinos\/#primaryimage\"},\"image\":{\"@id\":\"https:\/\/jornalfatosenoticias.com.br\/index.php\/2024\/05\/28\/como-a-queda-da-inflacao-esta-impactando-a-vida-dos-argentinos\/#primaryimage\"},\"thumbnailUrl\":\"https:\/\/jornalfatosenoticias.com.br\/wp-content\/uploads\/2024\/05\/inflacao-Argentina_gettyimages.jpg\",\"datePublished\":\"2024-05-28T13:56:19+00:00\",\"dateModified\":\"2024-05-28T13:56:20+00:00\",\"breadcrumb\":{\"@id\":\"https:\/\/jornalfatosenoticias.com.br\/index.php\/2024\/05\/28\/como-a-queda-da-inflacao-esta-impactando-a-vida-dos-argentinos\/#breadcrumb\"},\"inLanguage\":\"pt-BR\",\"potentialAction\":[{\"@type\":\"ReadAction\",\"target\":[\"https:\/\/jornalfatosenoticias.com.br\/index.php\/2024\/05\/28\/como-a-queda-da-inflacao-esta-impactando-a-vida-dos-argentinos\/\"]}]},{\"@type\":\"ImageObject\",\"inLanguage\":\"pt-BR\",\"@id\":\"https:\/\/jornalfatosenoticias.com.br\/index.php\/2024\/05\/28\/como-a-queda-da-inflacao-esta-impactando-a-vida-dos-argentinos\/#primaryimage\",\"url\":\"https:\/\/jornalfatosenoticias.com.br\/wp-content\/uploads\/2024\/05\/inflacao-Argentina_gettyimages.jpg\",\"contentUrl\":\"https:\/\/jornalfatosenoticias.com.br\/wp-content\/uploads\/2024\/05\/inflacao-Argentina_gettyimages.jpg\",\"width\":612,\"height\":408,\"caption\":\"A woman (R) buys instant coffee at a supermarket in Buenos Aires, on May 23, 2024. Argentina's economic activity continued to plummet in March, with the construction and manufacturing industries leading the slowdown as President Javier Milei's government slashes spending, official figures showed Wednesday. (Photo by STRINGER \/ AFP) (Photo by STRINGER\/AFP via Getty Images)\"},{\"@type\":\"BreadcrumbList\",\"@id\":\"https:\/\/jornalfatosenoticias.com.br\/index.php\/2024\/05\/28\/como-a-queda-da-inflacao-esta-impactando-a-vida-dos-argentinos\/#breadcrumb\",\"itemListElement\":[{\"@type\":\"ListItem\",\"position\":1,\"name\":\"In\u00edcio\",\"item\":\"https:\/\/jornalfatosenoticias.com.br\/\"},{\"@type\":\"ListItem\",\"position\":2,\"name\":\"Como a queda da infla\u00e7\u00e3o est\u00e1 impactando a vida dos argentinos\"}]},{\"@type\":\"WebSite\",\"@id\":\"https:\/\/jornalfatosenoticias.com.br\/#website\",\"url\":\"https:\/\/jornalfatosenoticias.com.br\/\",\"name\":\"Jornal Fatos e Not\u00edcias\",\"description\":\"Not\u00edcias em geral\",\"publisher\":{\"@id\":\"https:\/\/jornalfatosenoticias.com.br\/#organization\"},\"potentialAction\":[{\"@type\":\"SearchAction\",\"target\":{\"@type\":\"EntryPoint\",\"urlTemplate\":\"https:\/\/jornalfatosenoticias.com.br\/?s={search_term_string}\"},\"query-input\":{\"@type\":\"PropertyValueSpecification\",\"valueRequired\":true,\"valueName\":\"search_term_string\"}}],\"inLanguage\":\"pt-BR\"},{\"@type\":\"Organization\",\"@id\":\"https:\/\/jornalfatosenoticias.com.br\/#organization\",\"name\":\"Jornal Fatos e Not\u00edcias\",\"url\":\"https:\/\/jornalfatosenoticias.com.br\/\",\"logo\":{\"@type\":\"ImageObject\",\"inLanguage\":\"pt-BR\",\"@id\":\"https:\/\/jornalfatosenoticias.com.br\/#\/schema\/logo\/image\/\",\"url\":\"https:\/\/jornalfatosenoticias.com.br\/wp-content\/uploads\/2020\/02\/logo120.png\",\"contentUrl\":\"https:\/\/jornalfatosenoticias.com.br\/wp-content\/uploads\/2020\/02\/logo120.png\",\"width\":1227,\"height\":120,\"caption\":\"Jornal Fatos e Not\u00edcias\"},\"image\":{\"@id\":\"https:\/\/jornalfatosenoticias.com.br\/#\/schema\/logo\/image\/\"}},{\"@type\":\"Person\",\"@id\":\"https:\/\/jornalfatosenoticias.com.br\/#\/schema\/person\/d63837fa13ac8666eb9e74e0985d6f81\",\"name\":\"Luzimara Fernandes\",\"image\":{\"@type\":\"ImageObject\",\"inLanguage\":\"pt-BR\",\"@id\":\"https:\/\/jornalfatosenoticias.com.br\/#\/schema\/person\/image\/\",\"url\":\"https:\/\/jornalfatosenoticias.com.br\/wp-content\/uploads\/2025\/05\/EU_portal.jpg\",\"contentUrl\":\"https:\/\/jornalfatosenoticias.com.br\/wp-content\/uploads\/2025\/05\/EU_portal.jpg\",\"caption\":\"Luzimara Fernandes\"},\"description\":\"Jornalista MTB 2358-ES\",\"sameAs\":[\"https:\/\/jornalfatosenoticias.com.br\"],\"url\":\"https:\/\/jornalfatosenoticias.com.br\/index.php\/author\/luzimara\/\"}]}<\/script>\n<!-- \/ Yoast SEO plugin. -->","yoast_head_json":{"title":"Como a queda da infla\u00e7\u00e3o est\u00e1 impactando a vida dos argentinos - Jornal Fatos e Not\u00edcias","robots":{"index":"index","follow":"follow","max-snippet":"max-snippet:-1","max-image-preview":"max-image-preview:large","max-video-preview":"max-video-preview:-1"},"canonical":"https:\/\/jornalfatosenoticias.com.br\/index.php\/2024\/05\/28\/como-a-queda-da-inflacao-esta-impactando-a-vida-dos-argentinos\/","og_locale":"pt_BR","og_type":"article","og_title":"Como a queda da infla\u00e7\u00e3o est\u00e1 impactando a vida dos argentinos - Jornal Fatos e Not\u00edcias","og_description":"De acordo com o Instituto Nacional de Estat\u00edstica e Censos (INDEC), a infla\u00e7\u00e3o do m\u00eas de abril de 2024 foi de 8,8%, marcando o quarto m\u00eas consecutivo de queda nos dados mensais Por Maria Laura Assis, especial para a Gazeta do Povo A \u201cguerra contra a infla\u00e7\u00e3o\u201d anunciada pelo presidente Javier Milei, durante a sua [&hellip;]","og_url":"https:\/\/jornalfatosenoticias.com.br\/index.php\/2024\/05\/28\/como-a-queda-da-inflacao-esta-impactando-a-vida-dos-argentinos\/","og_site_name":"Jornal Fatos e Not\u00edcias","article_published_time":"2024-05-28T13:56:19+00:00","article_modified_time":"2024-05-28T13:56:20+00:00","og_image":[{"width":612,"height":408,"url":"https:\/\/jornalfatosenoticias.com.br\/wp-content\/uploads\/2024\/05\/inflacao-Argentina_gettyimages.jpg","type":"image\/jpeg"}],"author":"Luzimara Fernandes","twitter_card":"summary_large_image","twitter_misc":{"Escrito por":"Luzimara Fernandes","Est. tempo de leitura":"3 minutos"},"schema":{"@context":"https:\/\/schema.org","@graph":[{"@type":"Article","@id":"https:\/\/jornalfatosenoticias.com.br\/index.php\/2024\/05\/28\/como-a-queda-da-inflacao-esta-impactando-a-vida-dos-argentinos\/#article","isPartOf":{"@id":"https:\/\/jornalfatosenoticias.com.br\/index.php\/2024\/05\/28\/como-a-queda-da-inflacao-esta-impactando-a-vida-dos-argentinos\/"},"author":{"name":"Luzimara Fernandes","@id":"https:\/\/jornalfatosenoticias.com.br\/#\/schema\/person\/d63837fa13ac8666eb9e74e0985d6f81"},"headline":"Como a queda da infla\u00e7\u00e3o est\u00e1 impactando a vida dos argentinos","datePublished":"2024-05-28T13:56:19+00:00","dateModified":"2024-05-28T13:56:20+00:00","mainEntityOfPage":{"@id":"https:\/\/jornalfatosenoticias.com.br\/index.php\/2024\/05\/28\/como-a-queda-da-inflacao-esta-impactando-a-vida-dos-argentinos\/"},"wordCount":512,"commentCount":0,"publisher":{"@id":"https:\/\/jornalfatosenoticias.com.br\/#organization"},"image":{"@id":"https:\/\/jornalfatosenoticias.com.br\/index.php\/2024\/05\/28\/como-a-queda-da-inflacao-esta-impactando-a-vida-dos-argentinos\/#primaryimage"},"thumbnailUrl":"https:\/\/jornalfatosenoticias.com.br\/wp-content\/uploads\/2024\/05\/inflacao-Argentina_gettyimages.jpg","keywords":["Argentina","Banco Central da Argentina","desacelara\u00e7\u00e3o infla\u00e7\u00e3o","infla\u00e7\u00e3o"],"articleSection":["Internacional"],"inLanguage":"pt-BR","potentialAction":[{"@type":"CommentAction","name":"Comment","target":["https:\/\/jornalfatosenoticias.com.br\/index.php\/2024\/05\/28\/como-a-queda-da-inflacao-esta-impactando-a-vida-dos-argentinos\/#respond"]}]},{"@type":"WebPage","@id":"https:\/\/jornalfatosenoticias.com.br\/index.php\/2024\/05\/28\/como-a-queda-da-inflacao-esta-impactando-a-vida-dos-argentinos\/","url":"https:\/\/jornalfatosenoticias.com.br\/index.php\/2024\/05\/28\/como-a-queda-da-inflacao-esta-impactando-a-vida-dos-argentinos\/","name":"Como a queda da infla\u00e7\u00e3o est\u00e1 impactando a vida dos argentinos - Jornal Fatos e Not\u00edcias","isPartOf":{"@id":"https:\/\/jornalfatosenoticias.com.br\/#website"},"primaryImageOfPage":{"@id":"https:\/\/jornalfatosenoticias.com.br\/index.php\/2024\/05\/28\/como-a-queda-da-inflacao-esta-impactando-a-vida-dos-argentinos\/#primaryimage"},"image":{"@id":"https:\/\/jornalfatosenoticias.com.br\/index.php\/2024\/05\/28\/como-a-queda-da-inflacao-esta-impactando-a-vida-dos-argentinos\/#primaryimage"},"thumbnailUrl":"https:\/\/jornalfatosenoticias.com.br\/wp-content\/uploads\/2024\/05\/inflacao-Argentina_gettyimages.jpg","datePublished":"2024-05-28T13:56:19+00:00","dateModified":"2024-05-28T13:56:20+00:00","breadcrumb":{"@id":"https:\/\/jornalfatosenoticias.com.br\/index.php\/2024\/05\/28\/como-a-queda-da-inflacao-esta-impactando-a-vida-dos-argentinos\/#breadcrumb"},"inLanguage":"pt-BR","potentialAction":[{"@type":"ReadAction","target":["https:\/\/jornalfatosenoticias.com.br\/index.php\/2024\/05\/28\/como-a-queda-da-inflacao-esta-impactando-a-vida-dos-argentinos\/"]}]},{"@type":"ImageObject","inLanguage":"pt-BR","@id":"https:\/\/jornalfatosenoticias.com.br\/index.php\/2024\/05\/28\/como-a-queda-da-inflacao-esta-impactando-a-vida-dos-argentinos\/#primaryimage","url":"https:\/\/jornalfatosenoticias.com.br\/wp-content\/uploads\/2024\/05\/inflacao-Argentina_gettyimages.jpg","contentUrl":"https:\/\/jornalfatosenoticias.com.br\/wp-content\/uploads\/2024\/05\/inflacao-Argentina_gettyimages.jpg","width":612,"height":408,"caption":"A woman (R) buys instant coffee at a supermarket in Buenos Aires, on May 23, 2024. Argentina's economic activity continued to plummet in March, with the construction and manufacturing industries leading the slowdown as President Javier Milei's government slashes spending, official figures showed Wednesday. (Photo by STRINGER \/ AFP) (Photo by STRINGER\/AFP via Getty Images)"},{"@type":"BreadcrumbList","@id":"https:\/\/jornalfatosenoticias.com.br\/index.php\/2024\/05\/28\/como-a-queda-da-inflacao-esta-impactando-a-vida-dos-argentinos\/#breadcrumb","itemListElement":[{"@type":"ListItem","position":1,"name":"In\u00edcio","item":"https:\/\/jornalfatosenoticias.com.br\/"},{"@type":"ListItem","position":2,"name":"Como a queda da infla\u00e7\u00e3o est\u00e1 impactando a vida dos argentinos"}]},{"@type":"WebSite","@id":"https:\/\/jornalfatosenoticias.com.br\/#website","url":"https:\/\/jornalfatosenoticias.com.br\/","name":"Jornal Fatos e Not\u00edcias","description":"Not\u00edcias em geral","publisher":{"@id":"https:\/\/jornalfatosenoticias.com.br\/#organization"},"potentialAction":[{"@type":"SearchAction","target":{"@type":"EntryPoint","urlTemplate":"https:\/\/jornalfatosenoticias.com.br\/?s={search_term_string}"},"query-input":{"@type":"PropertyValueSpecification","valueRequired":true,"valueName":"search_term_string"}}],"inLanguage":"pt-BR"},{"@type":"Organization","@id":"https:\/\/jornalfatosenoticias.com.br\/#organization","name":"Jornal Fatos e Not\u00edcias","url":"https:\/\/jornalfatosenoticias.com.br\/","logo":{"@type":"ImageObject","inLanguage":"pt-BR","@id":"https:\/\/jornalfatosenoticias.com.br\/#\/schema\/logo\/image\/","url":"https:\/\/jornalfatosenoticias.com.br\/wp-content\/uploads\/2020\/02\/logo120.png","contentUrl":"https:\/\/jornalfatosenoticias.com.br\/wp-content\/uploads\/2020\/02\/logo120.png","width":1227,"height":120,"caption":"Jornal Fatos e Not\u00edcias"},"image":{"@id":"https:\/\/jornalfatosenoticias.com.br\/#\/schema\/logo\/image\/"}},{"@type":"Person","@id":"https:\/\/jornalfatosenoticias.com.br\/#\/schema\/person\/d63837fa13ac8666eb9e74e0985d6f81","name":"Luzimara Fernandes","image":{"@type":"ImageObject","inLanguage":"pt-BR","@id":"https:\/\/jornalfatosenoticias.com.br\/#\/schema\/person\/image\/","url":"https:\/\/jornalfatosenoticias.com.br\/wp-content\/uploads\/2025\/05\/EU_portal.jpg","contentUrl":"https:\/\/jornalfatosenoticias.com.br\/wp-content\/uploads\/2025\/05\/EU_portal.jpg","caption":"Luzimara Fernandes"},"description":"Jornalista MTB 2358-ES","sameAs":["https:\/\/jornalfatosenoticias.com.br"],"url":"https:\/\/jornalfatosenoticias.com.br\/index.php\/author\/luzimara\/"}]}},"cc_featured_image_caption":{"caption_text":"(Foto: Getty Images) ","source_text":"","source_url":""},"jetpack_featured_media_url":"https:\/\/jornalfatosenoticias.com.br\/wp-content\/uploads\/2024\/05\/inflacao-Argentina_gettyimages.jpg","_links":{"self":[{"href":"https:\/\/jornalfatosenoticias.com.br\/index.php\/wp-json\/wp\/v2\/posts\/51571","targetHints":{"allow":["GET"]}}],"collection":[{"href":"https:\/\/jornalfatosenoticias.com.br\/index.php\/wp-json\/wp\/v2\/posts"}],"about":[{"href":"https:\/\/jornalfatosenoticias.com.br\/index.php\/wp-json\/wp\/v2\/types\/post"}],"author":[{"embeddable":true,"href":"https:\/\/jornalfatosenoticias.com.br\/index.php\/wp-json\/wp\/v2\/users\/2"}],"replies":[{"embeddable":true,"href":"https:\/\/jornalfatosenoticias.com.br\/index.php\/wp-json\/wp\/v2\/comments?post=51571"}],"version-history":[{"count":0,"href":"https:\/\/jornalfatosenoticias.com.br\/index.php\/wp-json\/wp\/v2\/posts\/51571\/revisions"}],"wp:featuredmedia":[{"embeddable":true,"href":"https:\/\/jornalfatosenoticias.com.br\/index.php\/wp-json\/wp\/v2\/media\/51572"}],"wp:attachment":[{"href":"https:\/\/jornalfatosenoticias.com.br\/index.php\/wp-json\/wp\/v2\/media?parent=51571"}],"wp:term":[{"taxonomy":"category","embeddable":true,"href":"https:\/\/jornalfatosenoticias.com.br\/index.php\/wp-json\/wp\/v2\/categories?post=51571"},{"taxonomy":"post_tag","embeddable":true,"href":"https:\/\/jornalfatosenoticias.com.br\/index.php\/wp-json\/wp\/v2\/tags?post=51571"}],"curies":[{"name":"wp","href":"https:\/\/api.w.org\/{rel}","templated":true}]}}