{"id":51574,"date":"2024-05-28T11:20:14","date_gmt":"2024-05-28T14:20:14","guid":{"rendered":"https:\/\/jornalfatosenoticias.com.br\/?p=51574"},"modified":"2024-05-28T11:20:16","modified_gmt":"2024-05-28T14:20:16","slug":"sai-campos-neto-entra-lula-mercado-teme-que-governo-volte-a-mandar-no-banco-central","status":"publish","type":"post","link":"https:\/\/jornalfatosenoticias.com.br\/index.php\/2024\/05\/28\/sai-campos-neto-entra-lula-mercado-teme-que-governo-volte-a-mandar-no-banco-central\/","title":{"rendered":"Sai Campos Neto, entra \u201cLula\u201d: mercado teme que governo volte a mandar no Banco Central"},"content":{"rendered":"\n<p><em><span class=\"has-inline-color has-black-color\">Nos pr\u00f3ximos meses Lula deve indicar o novo presidente do Banco Central, que substituir\u00e1 Campos Neto<\/span><\/em><\/p>\n\n\n\n<p><span class=\"has-inline-color has-black-color\">Por <strong><a href=\"https:\/\/www.gazetadopovo.com.br\/autor\/rose-amantea\/\">Rose Amant\u00e9a<\/a><\/strong><\/span><\/p>\n\n\n\n<div class=\"wp-block-image\"><figure class=\"aligncenter size-large\"><img loading=\"lazy\" decoding=\"async\" width=\"729\" height=\"90\" src=\"https:\/\/jornalfatosenoticias.com.br\/wp-content\/uploads\/2020\/02\/Logo_Mizu.png\" alt=\"\" class=\"wp-image-1441\" srcset=\"https:\/\/jornalfatosenoticias.com.br\/wp-content\/uploads\/2020\/02\/Logo_Mizu.png 729w, https:\/\/jornalfatosenoticias.com.br\/wp-content\/uploads\/2020\/02\/Logo_Mizu-300x37.png 300w\" sizes=\"auto, (max-width: 729px) 100vw, 729px\" \/><\/figure><\/div>\n\n\n\n<p>Os investidores v\u00e3o analisar com lupa as pr\u00f3ximas reuni\u00f5es do Banco Central sobre a taxa de juros, que constituir\u00e3o a reta final do mandato do atual presidente Roberto Campos Neto, que termina em 31 de dezembro. Ele ser\u00e1 substitu\u00eddo por um indicado de Luiz In\u00e1cio Lula da Silva (PT), que \u00e9 cr\u00edtico da autonomia formal do BC \u2014 conferida por lei aprovada no governo de Jair Bolsonaro (PL) \u2014 e quer ter mais influ\u00eancia sobre as decis\u00f5es da institui\u00e7\u00e3o.<br>As aten\u00e7\u00f5es estar\u00e3o voltadas para os argumentos dos membros do Comit\u00ea de Pol\u00edtica Monet\u00e1ria (Copom). Em particular, do atual diretor de Pol\u00edtica Monet\u00e1ria, Gabriel Gal\u00edpolo, nome mais cotado para assumir a presid\u00eancia a partir do pr\u00f3ximo ano. Os votos dele dever\u00e3o indicar sua posi\u00e7\u00e3o de maior ou menor leni\u00eancia em rela\u00e7\u00e3o \u00e0 infla\u00e7\u00e3o e sua suscetibilidade \u00e0s press\u00f5es vindas do Planalto.<\/p>\n\n\n\n<div class=\"wp-block-image\"><figure class=\"aligncenter size-large is-resized\"><img loading=\"lazy\" decoding=\"async\" src=\"https:\/\/jornalfatosenoticias.com.br\/wp-content\/uploads\/2023\/08\/BKR-1024x1021.jpg\" alt=\"\" class=\"wp-image-44494\" width=\"326\" height=\"325\" srcset=\"https:\/\/jornalfatosenoticias.com.br\/wp-content\/uploads\/2023\/08\/BKR-1024x1021.jpg 1024w, https:\/\/jornalfatosenoticias.com.br\/wp-content\/uploads\/2023\/08\/BKR-300x300.jpg 300w, https:\/\/jornalfatosenoticias.com.br\/wp-content\/uploads\/2023\/08\/BKR-150x150.jpg 150w, https:\/\/jornalfatosenoticias.com.br\/wp-content\/uploads\/2023\/08\/BKR-768x766.jpg 768w, https:\/\/jornalfatosenoticias.com.br\/wp-content\/uploads\/2023\/08\/BKR.jpg 1080w\" sizes=\"auto, (max-width: 326px) 100vw, 326px\" \/><\/figure><\/div>\n\n\n\n<p>Na \u00faltima reuni\u00e3o do Copom, a divis\u00e3o sobre o tamanho da queda de juros acirrou as especula\u00e7\u00f5es sobre interfer\u00eancia pol\u00edtica na diretoria do BC. O placar foi apertado, de 5 a 4, algo pouco comum na trajet\u00f3ria do colegiado. Cinco diretores indicados por Bolsonaro foram favor\u00e1veis a um corte de 0,25 ponto na taxa b\u00e1sica de juros (Selic), e os quatro indicados por Lula \u2014 entre eles, Gal\u00edpolo \u2014 defenderam uma redu\u00e7\u00e3o maior, de 0,5 ponto.<\/p>\n\n\n\n<div class=\"wp-block-image\"><figure class=\"aligncenter size-large is-resized\"><img loading=\"lazy\" decoding=\"async\" src=\"https:\/\/jornalfatosenoticias.com.br\/wp-content\/uploads\/2020\/02\/logo_esteio.jpg\" alt=\"\" class=\"wp-image-1214\" width=\"390\" height=\"325\"\/><\/figure><\/div>\n\n\n\n<p>A decis\u00e3o representou um freio no processo de relaxamento monet\u00e1rio. Desde agosto do ano passado, o Copom vinha sempre reduzindo a Selic em 0,5 ponto. O desejo sempre manifestado por Lula e membros do governo era de cortes at\u00e9 maiores.<\/p>\n\n\n\n<p><strong><span class=\"has-inline-color has-black-color\">Ata da \u00faltima reuni\u00e3o do BC tentou dissipar debate sobre politiza\u00e7\u00e3o<br><\/span><\/strong>A ata do Copom divulgada dias depois apresentou fundamentos t\u00e9cnicos para a defesa de ambas posi\u00e7\u00f5es, tentando dissipar os ru\u00eddos. O ministro da Fazenda, Fernando Haddad, veio a p\u00fablico minimizar a diverg\u00eancia. &#8220;N\u00e3o existe uma bancada lulista e uma bancada bolsonarista no BC&#8221;, disse.<\/p>\n\n\n\n<div class=\"wp-block-image\"><figure class=\"aligncenter size-large\"><img loading=\"lazy\" decoding=\"async\" width=\"300\" height=\"250\" src=\"https:\/\/jornalfatosenoticias.com.br\/wp-content\/uploads\/2022\/02\/FERRARI_MAQUINAS-E-FERRAMENTAS2.jpg\" alt=\"\" class=\"wp-image-27860\"\/><\/figure><\/div>\n\n\n\n<p>No dia 15, em Nova York, Gal\u00edpolo refor\u00e7ou os elementos t\u00e9cnicos da decis\u00e3o, justificando seu voto pela redu\u00e7\u00e3o de 0,5 ponto. Frisou que havia argumentos para os dois lados, mas que j\u00e1 tinha manifestado sua prefer\u00eancia pelo corte maior. &#8220;Se eu quero com o tempo ganhar credibilidade, eu preciso ter coer\u00eancia entre as minhas falas e minhas a\u00e7\u00f5es&#8221;, afirmou o diretor, em evento do jornal &#8220;Valor Econ\u00f4mico&#8221;.<\/p>\n\n\n\n<div class=\"wp-block-image\"><figure class=\"aligncenter size-large is-resized\"><img loading=\"lazy\" decoding=\"async\" src=\"https:\/\/jornalfatosenoticias.com.br\/wp-content\/uploads\/2023\/03\/nova-logo-Marquetti.jpg\" alt=\"\" class=\"wp-image-40207\" width=\"357\" height=\"240\" srcset=\"https:\/\/jornalfatosenoticias.com.br\/wp-content\/uploads\/2023\/03\/nova-logo-Marquetti.jpg 643w, https:\/\/jornalfatosenoticias.com.br\/wp-content\/uploads\/2023\/03\/nova-logo-Marquetti-300x202.jpg 300w\" sizes=\"auto, (max-width: 357px) 100vw, 357px\" \/><\/figure><\/div>\n\n\n\n<p>Para ele, largar a &#8220;barra do guidance&#8221; teria um pre\u00e7o alto junto ao mercado, embora &#8220;ganhe-se muito&#8221; com a menor redu\u00e7\u00e3o. O guidance \u00e9 uma sinaliza\u00e7\u00e3o que o Copom vinha fazendo em seus comunicados, indicando a poss\u00edvel decis\u00e3o da reuni\u00e3o seguinte \u2014 e para esta \u00faltima a sinaliza\u00e7\u00e3o anterior havia sido de um corte de 0,5 ponto.<\/p>\n\n\n\n<div class=\"wp-block-image\"><figure class=\"aligncenter size-large\"><img loading=\"lazy\" decoding=\"async\" width=\"300\" height=\"250\" src=\"https:\/\/jornalfatosenoticias.com.br\/wp-content\/uploads\/2020\/02\/Banner-2.png\" alt=\"\" class=\"wp-image-43787\"\/><\/figure><\/div>\n\n\n\n<blockquote class=\"wp-block-quote is-layout-flow wp-block-quote-is-layout-flow\"><p><span class=\"has-inline-color has-luminous-vivid-orange-color\">Eu fico muito orgulhoso que o Copom tenha tido a coragem de tomar a decis\u00e3o, cada um com sua pr\u00f3pria consci\u00eancia, sem caminhar para algum tipo de mudan\u00e7a que buscaria o consenso, visando exclusivamente se proteger de eventuais cr\u00edticas de um lado ou outro&#8221;, afirmou. Tamb\u00e9m disse que Campos Neto foi t\u00e3o bem-sucedido que &#8220;est\u00e1 numa volta da vit\u00f3ria&#8221; em seu final de mandato.<\/span><\/p><\/blockquote>\n\n\n\n<div class=\"wp-block-image\"><figure class=\"aligncenter size-large is-resized\"><img loading=\"lazy\" decoding=\"async\" src=\"https:\/\/jornalfatosenoticias.com.br\/wp-content\/uploads\/2023\/12\/pegoretti-logo-pdf-1024x389.jpg\" alt=\"\" class=\"wp-image-47536\" width=\"498\" height=\"189\" srcset=\"https:\/\/jornalfatosenoticias.com.br\/wp-content\/uploads\/2023\/12\/pegoretti-logo-pdf-1024x389.jpg 1024w, https:\/\/jornalfatosenoticias.com.br\/wp-content\/uploads\/2023\/12\/pegoretti-logo-pdf-300x114.jpg 300w, https:\/\/jornalfatosenoticias.com.br\/wp-content\/uploads\/2023\/12\/pegoretti-logo-pdf-768x291.jpg 768w, https:\/\/jornalfatosenoticias.com.br\/wp-content\/uploads\/2023\/12\/pegoretti-logo-pdf.jpg 1120w\" sizes=\"auto, (max-width: 498px) 100vw, 498px\" \/><\/figure><\/div>\n\n\n\n<p><strong><span class=\"has-inline-color has-black-color\">Mercado espera corte de 0,25 ou manuten\u00e7\u00e3o da Selic na pr\u00f3xima reuni\u00e3o<br><\/span><\/strong>Para analistas do mercado financeiro, apesar do discurso conciliador e de ter descartado um vi\u00e9s ideol\u00f3gico ou voto alinhado ao governo, a credibilidade e coer\u00eancia de Gal\u00edpolo continuar\u00e3o a ser testadas nas pr\u00f3ximas reuni\u00f5es. O diretor, como os demais conselheiros, concordou que o cen\u00e1rio fiscal piorou nos \u00faltimos meses. Por isso, a maioria dos economistas do mercado n\u00e3o trabalha com a possibilidade de cortes acima de 0,25 ponto e torce pela unanimidade na pr\u00f3xima reuni\u00e3o, nos dias 18 e 19 de junho.<\/p>\n\n\n\n<div class=\"wp-block-image\"><figure class=\"aligncenter size-large is-resized\"><img loading=\"lazy\" decoding=\"async\" src=\"https:\/\/jornalfatosenoticias.com.br\/wp-content\/uploads\/2020\/02\/CONTROL-CS.jpg\" alt=\"\" class=\"wp-image-44991\" width=\"335\" height=\"401\" srcset=\"https:\/\/jornalfatosenoticias.com.br\/wp-content\/uploads\/2020\/02\/CONTROL-CS.jpg 834w, https:\/\/jornalfatosenoticias.com.br\/wp-content\/uploads\/2020\/02\/CONTROL-CS-250x300.jpg 250w, https:\/\/jornalfatosenoticias.com.br\/wp-content\/uploads\/2020\/02\/CONTROL-CS-768x921.jpg 768w\" sizes=\"auto, (max-width: 335px) 100vw, 335px\" \/><\/figure><\/div>\n\n\n\n<p>&#8220;N\u00e3o h\u00e1 nenhuma evid\u00eancia que indique uma melhora de cen\u00e1rio interno ou externo&#8221;, afirma Hudson Bessa, especialista em estrat\u00e9gias financeiras, finan\u00e7as corporativas e mercado financeiro da faculdade Fipecafi. &#8220;O corte s\u00f3 poder\u00e1 ser 0 ou 0,25 ponto&#8221;.<\/p>\n\n\n\n<div class=\"wp-block-image\"><figure class=\"aligncenter size-large is-resized\"><img loading=\"lazy\" decoding=\"async\" src=\"https:\/\/jornalfatosenoticias.com.br\/wp-content\/uploads\/2020\/02\/logo-Rapuzel-1024x571.jpg\" alt=\"\" class=\"wp-image-42808\" width=\"406\" height=\"226\" srcset=\"https:\/\/jornalfatosenoticias.com.br\/wp-content\/uploads\/2020\/02\/logo-Rapuzel-1024x571.jpg 1024w, https:\/\/jornalfatosenoticias.com.br\/wp-content\/uploads\/2020\/02\/logo-Rapuzel-300x167.jpg 300w, https:\/\/jornalfatosenoticias.com.br\/wp-content\/uploads\/2020\/02\/logo-Rapuzel-768x428.jpg 768w, https:\/\/jornalfatosenoticias.com.br\/wp-content\/uploads\/2020\/02\/logo-Rapuzel-1536x856.jpg 1536w, https:\/\/jornalfatosenoticias.com.br\/wp-content\/uploads\/2020\/02\/logo-Rapuzel.jpg 1600w\" sizes=\"auto, (max-width: 406px) 100vw, 406px\" \/><\/figure><\/div>\n\n\n\n<p>Marco Antonio Caruso, economista-chefe do PicPay, tamb\u00e9m v\u00ea espa\u00e7o para uma poss\u00edvel interrup\u00e7\u00e3o dos cortes. &#8220;A partir daqui, como em toda situa\u00e7\u00e3o em que a credibilidade \u00e9 colocada \u00e0 prova, passam a valer mais as a\u00e7\u00f5es do que as palavras&#8221;, destaca. &#8220;Nosso cen\u00e1rio de Selic est\u00e1 sob revis\u00e3o, tendo em vista o tom dos documentos, consistentes com uma pausa un\u00e2nime do ciclo de cortes j\u00e1 na pr\u00f3xima reuni\u00e3o&#8221;.<\/p>\n\n\n\n<div class=\"wp-block-image\"><figure class=\"aligncenter size-large is-resized\"><img loading=\"lazy\" decoding=\"async\" src=\"https:\/\/jornalfatosenoticias.com.br\/wp-content\/uploads\/2023\/08\/ITH.jpeg\" alt=\"\" class=\"wp-image-44638\" width=\"357\" height=\"290\" srcset=\"https:\/\/jornalfatosenoticias.com.br\/wp-content\/uploads\/2023\/08\/ITH.jpeg 800w, https:\/\/jornalfatosenoticias.com.br\/wp-content\/uploads\/2023\/08\/ITH-300x244.jpeg 300w, https:\/\/jornalfatosenoticias.com.br\/wp-content\/uploads\/2023\/08\/ITH-768x624.jpeg 768w\" sizes=\"auto, (max-width: 357px) 100vw, 357px\" \/><\/figure><\/div>\n\n\n\n<p>Para S\u00edlvio Campos Neto, economista s\u00eanior da Tend\u00eancias Consultoria, o placar prov\u00e1vel tamb\u00e9m \u00e9 de unanimidade \u2014 mas por um novo corte de 0,25 ponto. &#8220;A gente vai ter que acompanhar. Existe a possibilidade de alguns diretores votarem por zero, os da ala mais hawkish [jarg\u00e3o do mercado para quem defende juros mais altos]. Mas acredito que at\u00e9 para amenizar um pouco a situa\u00e7\u00e3o, seria razo\u00e1vel pensar numa decis\u00e3o un\u00e2nime de uma queda de 0,25 e uma sinaliza\u00e7\u00e3o para encerrar o ciclo na reuni\u00e3o seguinte&#8221;, diz.<br>Um voto por corte maior que 0,25 ponto por alguns dos conselheiros, por\u00e9m, poderia causar desconforto, avaliam economistas ouvidos pela Gazeta do Povo.<\/p>\n\n\n\n<div class=\"wp-block-image\"><figure class=\"aligncenter size-large is-resized\"><img loading=\"lazy\" decoding=\"async\" src=\"https:\/\/jornalfatosenoticias.com.br\/wp-content\/uploads\/2023\/03\/logo-Panper_portal.jpg\" alt=\"\" class=\"wp-image-40208\" width=\"339\" height=\"235\" srcset=\"https:\/\/jornalfatosenoticias.com.br\/wp-content\/uploads\/2023\/03\/logo-Panper_portal.jpg 400w, https:\/\/jornalfatosenoticias.com.br\/wp-content\/uploads\/2023\/03\/logo-Panper_portal-300x208.jpg 300w\" sizes=\"auto, (max-width: 339px) 100vw, 339px\" \/><\/figure><\/div>\n\n\n\n<p><strong><span class=\"has-inline-color has-black-color\">Intervencionismo de Lula motiva desconfian\u00e7a sobre futuro do Banco Central<br><\/span><\/strong>Para S\u00edlvio Campos Neto, o olhar atento sobre o BC \u00e9 natural, n\u00e3o apenas devido ao cen\u00e1rio fiscal desafiador e \u00e0s incertezas externas \u2014 com adiamento na queda dos juros norte-americanos \u2014 mas principalmente pela proximidade da sucess\u00e3o do presidente e da substitui\u00e7\u00e3o de dois diretores antigos, a partir do pr\u00f3ximo ano.<\/p>\n\n\n\n<div class=\"wp-block-image\"><figure class=\"aligncenter size-large is-resized\"><img loading=\"lazy\" decoding=\"async\" src=\"https:\/\/jornalfatosenoticias.com.br\/wp-content\/uploads\/2022\/02\/Precisao-Contabilidade-1024x724.jpg\" alt=\"\" class=\"wp-image-28088\" width=\"406\" height=\"287\"\/><\/figure><\/div>\n\n\n\n<blockquote class=\"wp-block-quote is-layout-flow wp-block-quote-is-layout-flow\"><p><span class=\"has-inline-color has-luminous-vivid-orange-color\">Temos sinais que apontam para uma pol\u00edtica monet\u00e1ria mais comedida&#8221;, afirma. &#8220;J\u00e1 houve ind\u00edcio, com quatro votos dos novos diretores [indicados por Lula] por uma queda maior. E agora teremos a partir de janeiro tr\u00eas novos dirigentes escolhidos pelo atual governo, incluindo o presidente. \u00c9 claro que existe uma preocupa\u00e7\u00e3o, um risco de um BC que eventualmente desancore as expectativas do mercado&#8221;.<\/span><\/p><\/blockquote>\n\n\n\n<div class=\"wp-block-image\"><figure class=\"aligncenter size-large is-resized\"><img loading=\"lazy\" decoding=\"async\" src=\"https:\/\/jornalfatosenoticias.com.br\/wp-content\/uploads\/2023\/08\/BKR-1024x1021.jpg\" alt=\"\" class=\"wp-image-44494\" width=\"310\" height=\"309\" srcset=\"https:\/\/jornalfatosenoticias.com.br\/wp-content\/uploads\/2023\/08\/BKR-1024x1021.jpg 1024w, https:\/\/jornalfatosenoticias.com.br\/wp-content\/uploads\/2023\/08\/BKR-300x300.jpg 300w, https:\/\/jornalfatosenoticias.com.br\/wp-content\/uploads\/2023\/08\/BKR-150x150.jpg 150w, https:\/\/jornalfatosenoticias.com.br\/wp-content\/uploads\/2023\/08\/BKR-768x766.jpg 768w, https:\/\/jornalfatosenoticias.com.br\/wp-content\/uploads\/2023\/08\/BKR.jpg 1080w\" sizes=\"auto, (max-width: 310px) 100vw, 310px\" \/><\/figure><\/div>\n\n\n\n<p>Bessa, da Fipecafi, destaca que as desconfian\u00e7as s\u00e3o amplificadas por atitudes do pr\u00f3prio governo. Por exemplo, a demiss\u00e3o do presidente da Petrobras, Jean Paul Prates, na semana passada. &#8220;A postura de interfer\u00eancia do governo torna leg\u00edtima a desconfian\u00e7a do mercado sobre o Banco Central. \u00c9 mais uma pecinha desse &#8216;Lego&#8217; de intervencionismo, de usar as empresas estatais para promover o desenvolvimento econ\u00f4mico, que acaba respingando na quest\u00e3o de pressionar os diretores do BC para baixar os juros&#8221;, afirma. &#8220;Esse \u00e9 um ambiente que cria a incerteza&#8221;.<\/p>\n\n\n\n<div class=\"wp-block-image\"><figure class=\"aligncenter size-large is-resized\"><img loading=\"lazy\" decoding=\"async\" src=\"https:\/\/jornalfatosenoticias.com.br\/wp-content\/uploads\/2023\/09\/vetorvix1024_1.jpg\" alt=\"\" class=\"wp-image-44868\" width=\"543\" height=\"144\" srcset=\"https:\/\/jornalfatosenoticias.com.br\/wp-content\/uploads\/2023\/09\/vetorvix1024_1.jpg 1024w, https:\/\/jornalfatosenoticias.com.br\/wp-content\/uploads\/2023\/09\/vetorvix1024_1-300x80.jpg 300w, https:\/\/jornalfatosenoticias.com.br\/wp-content\/uploads\/2023\/09\/vetorvix1024_1-768x205.jpg 768w\" sizes=\"auto, (max-width: 543px) 100vw, 543px\" \/><\/figure><\/div>\n\n\n\n<p>Para o economista da Tend\u00eancias, os sinais dados pelo Executivo refor\u00e7am a necessidade de um BC mais conservador. &#8220;H\u00e1 um intervencionismo do governo na pol\u00edtica econ\u00f4mica como um todo. E claro que isso, em tese, deveria se traduzir em um Banco Central mais conservador, como est\u00e1 acontecendo nesse ano, com as taxas de juros parando de cair antes do que se imaginava. Mas a quest\u00e3o \u00e9 o ano que vem. Essa \u00e9 a grande d\u00favida que os mercados t\u00eam&#8221;, pondera.<\/p>\n\n\n\n<div class=\"wp-block-image\"><figure class=\"aligncenter size-large is-resized\"><img loading=\"lazy\" decoding=\"async\" src=\"https:\/\/jornalfatosenoticias.com.br\/wp-content\/uploads\/2020\/02\/logo_esteio.jpg\" alt=\"\" class=\"wp-image-1214\" width=\"362\" height=\"302\"\/><\/figure><\/div>\n\n\n\n<p><strong><span class=\"has-inline-color has-black-color\">Indicado de Lula e cotado para comandar Banco Central, Gal\u00edpolo deu declara\u00e7\u00f5es heterodoxas<br><\/span><\/strong>O temor do mercado tem fundamentos. Gal\u00edpolo tem um hist\u00f3rico de declara\u00e7\u00f5es &#8220;heterodoxas&#8221; em rela\u00e7\u00e3o \u00e0 pol\u00edtica monet\u00e1ria. Chegou a ser criticado como expansionista ao criticar a regra fiscal do teto de gastos. Para ele, o Pa\u00eds n\u00e3o deveria ter um regime fiscal pr\u00f3-c\u00edclico, ou seja, que acaba acentuando o ciclo econ\u00f4mico vigente. Assim, o mais indicado quando a economia piora seria expandir os gastos p\u00fablicos e n\u00e3o cortar, como exigia o teto.<\/p>\n\n\n\n<div class=\"wp-block-image\"><figure class=\"aligncenter size-large\"><img decoding=\"async\" src=\"https:\/\/jornalfatosenoticias.com.br\/wp-content\/uploads\/2020\/02\/barao-das-carnes-300x164-1.jpg\" alt=\"\" class=\"wp-image-34339\"\/><\/figure><\/div>\n\n\n\n<p>Mais tarde, Gal\u00edpolo \u2014 que era secret\u00e1rio-executivo do Minist\u00e9rio da Fazenda antes de entrar para o BC \u2014 teve de se explicar sobre as declara\u00e7\u00f5es, inclusive na sabatina por que passou no Senado, e pouco a pouco foi afinando o discurso e se aproximando da tese da responsabilidade fiscal.<\/p>\n\n\n\n<div class=\"wp-block-image\"><figure class=\"aligncenter size-large\"><img loading=\"lazy\" decoding=\"async\" width=\"300\" height=\"250\" src=\"https:\/\/jornalfatosenoticias.com.br\/wp-content\/uploads\/2022\/02\/FERRARI_MAQUINAS-E-FERRAMENTAS2.jpg\" alt=\"\" class=\"wp-image-27860\"\/><\/figure><\/div>\n\n\n\n<p>O bom relacionamento com o presidente do BC e com o ministro Haddad fizeram o mercado dar a Gal\u00edpolo o benef\u00edcio da d\u00favida. Ele chegou a ser considerado &#8220;traidor&#8221; pelas hostes petistas por sua aproxima\u00e7\u00e3o com a &#8220;Faria Lima&#8221;, jarg\u00e3o utilizado pela esquerda para definir o mercado financeiro.<\/p>\n\n\n\n<div class=\"wp-block-image\"><figure class=\"aligncenter size-large is-resized\"><img loading=\"lazy\" decoding=\"async\" src=\"https:\/\/jornalfatosenoticias.com.br\/wp-content\/uploads\/2023\/12\/pegoretti-logo-pdf-1024x389.jpg\" alt=\"\" class=\"wp-image-47536\" width=\"527\" height=\"200\" srcset=\"https:\/\/jornalfatosenoticias.com.br\/wp-content\/uploads\/2023\/12\/pegoretti-logo-pdf-1024x389.jpg 1024w, https:\/\/jornalfatosenoticias.com.br\/wp-content\/uploads\/2023\/12\/pegoretti-logo-pdf-300x114.jpg 300w, https:\/\/jornalfatosenoticias.com.br\/wp-content\/uploads\/2023\/12\/pegoretti-logo-pdf-768x291.jpg 768w, https:\/\/jornalfatosenoticias.com.br\/wp-content\/uploads\/2023\/12\/pegoretti-logo-pdf.jpg 1120w\" sizes=\"auto, (max-width: 527px) 100vw, 527px\" \/><\/figure><\/div>\n\n\n\n<p>Para S\u00edlvio Campos Neto, as d\u00favidas dos agentes econ\u00f4micas v\u00e3o perdurar, pelo menos, at\u00e9 as primeiras decis\u00f5es do pr\u00f3ximo presidente do Banco Central. A boa not\u00edcia \u00e9 que, segundo ele, a &#8220;cadeira&#8221; da presid\u00eancia do BC traz extrema responsabilidade e deve direcionar a manuten\u00e7\u00e3o das &#8220;condi\u00e7\u00f5es inflacion\u00e1rias absolutamente sobre controle&#8221;.<\/p>\n\n\n\n<div class=\"wp-block-image\"><figure class=\"aligncenter size-large is-resized\"><img loading=\"lazy\" decoding=\"async\" src=\"https:\/\/jornalfatosenoticias.com.br\/wp-content\/uploads\/2022\/02\/Precisao-Contabilidade-1024x724.jpg\" alt=\"\" class=\"wp-image-28088\" width=\"382\" height=\"270\"\/><\/figure><\/div>\n\n\n\n<blockquote class=\"wp-block-quote is-layout-flow wp-block-quote-is-layout-flow\"><p><span class=\"has-inline-color has-luminous-vivid-orange-color\">Os incentivos ainda s\u00e3o colocados na dire\u00e7\u00e3o de um BC que fa\u00e7a o seu trabalho t\u00e9cnico. Porque, caso contr\u00e1rio, a rea\u00e7\u00e3o dos mercados \u00e9 muito r\u00e1pida, muito imediata e se volta contra o pr\u00f3prio Banco Central, tornando o trabalho ainda mais dif\u00edcil&#8221;, afirma.<\/span><\/p><\/blockquote>\n\n\n\n<div class=\"wp-block-image\"><figure class=\"aligncenter size-large is-resized\"><img loading=\"lazy\" decoding=\"async\" src=\"https:\/\/jornalfatosenoticias.com.br\/wp-content\/uploads\/2023\/03\/nova-logo-Marquetti.jpg\" alt=\"\" class=\"wp-image-40207\" width=\"344\" height=\"231\" srcset=\"https:\/\/jornalfatosenoticias.com.br\/wp-content\/uploads\/2023\/03\/nova-logo-Marquetti.jpg 643w, https:\/\/jornalfatosenoticias.com.br\/wp-content\/uploads\/2023\/03\/nova-logo-Marquetti-300x202.jpg 300w\" sizes=\"auto, (max-width: 344px) 100vw, 344px\" \/><\/figure><\/div>\n\n\n\n<p>O presidente do BC, Roberto Campos Neto, afirmou no dia 17 que acredita na condu\u00e7\u00e3o t\u00e9cnica da autoridade monet\u00e1ria, independente de quais sejam os novos diretores e o novo presidente da institui\u00e7\u00e3o. Ele n\u00e3o endossou nem recha\u00e7ou Gal\u00edpolo, mas defendeu que o nome de seu sucessor seja escolhido entre agosto e setembro. E deu conselhos ao novo presidente do BC.<\/p>\n\n\n\n<div class=\"wp-block-image\"><figure class=\"aligncenter size-large\"><img loading=\"lazy\" decoding=\"async\" width=\"300\" height=\"250\" src=\"https:\/\/jornalfatosenoticias.com.br\/wp-content\/uploads\/2020\/02\/Banner-2.png\" alt=\"\" class=\"wp-image-43787\"\/><\/figure><\/div>\n\n\n\n<blockquote class=\"wp-block-quote is-layout-flow wp-block-quote-is-layout-flow\"><p><span class=\"has-inline-color has-luminous-vivid-orange-color\">A coisa mais importante, sentando na cadeira, \u00e9 tentar olhar por cima, e n\u00e3o dentro do ru\u00eddo. H\u00e1 muitos ru\u00eddos de curto prazo: de economia, pol\u00edtico. O mais importante \u00e9 saber dizer n\u00e3o. V\u00e3o vir v\u00e1rias ideias e propostas que n\u00e3o s\u00e3o nem do interesse da sociedade e nem do Banco Central. \u00c0s vezes, \u00e9 preciso dizer n\u00e3o para o Executivo. \u00c0s vezes, para o Legislativo&#8221;, disse ao jornal &#8220;O Estado de S. Paulo&#8221;. &#8220;Que [o novo presidente] tenha a firmeza de dizer n\u00e3o, que tenha a capacidade de explicar a opini\u00e3o e que passe transpar\u00eancia ao longo do tempo. A capacidade de dizer n\u00e3o \u00e9 crucial&#8221;, completou.<\/span><\/p><\/blockquote>\n\n\n\n<div class=\"wp-block-image\"><figure class=\"aligncenter size-large\"><img loading=\"lazy\" decoding=\"async\" width=\"1024\" height=\"109\" src=\"https:\/\/jornalfatosenoticias.com.br\/wp-content\/uploads\/2020\/02\/CONTROL-CS2-1024x109.jpg\" alt=\"\" class=\"wp-image-44989\" srcset=\"https:\/\/jornalfatosenoticias.com.br\/wp-content\/uploads\/2020\/02\/CONTROL-CS2-1024x109.jpg 1024w, https:\/\/jornalfatosenoticias.com.br\/wp-content\/uploads\/2020\/02\/CONTROL-CS2-300x32.jpg 300w, https:\/\/jornalfatosenoticias.com.br\/wp-content\/uploads\/2020\/02\/CONTROL-CS2-768x82.jpg 768w, https:\/\/jornalfatosenoticias.com.br\/wp-content\/uploads\/2020\/02\/CONTROL-CS2.jpg 1120w\" sizes=\"auto, (max-width: 1024px) 100vw, 1024px\" \/><\/figure><\/div>\n\n\n\n<p><strong><em>Fonte: <a href=\"https:\/\/www.gazetadopovo.com.br\/economia\/sai-campos-neto-entra-lula-mercado-teme-que-governo-volte-a-mandar-no-banco-central\/?ref=mais-comentadas\">Gazeta do Povo<\/a><\/em><\/strong><\/p>\n","protected":false},"excerpt":{"rendered":"<p>Nos pr\u00f3ximos meses Lula deve indicar o novo presidente do Banco Central, que substituir\u00e1 Campos Neto Por Rose Amant\u00e9a Os investidores v\u00e3o analisar com lupa as pr\u00f3ximas reuni\u00f5es do Banco Central sobre a taxa de juros, que constituir\u00e3o a reta final do mandato do atual presidente Roberto Campos Neto, que termina em 31 de dezembro. [&hellip;]<\/p>\n","protected":false},"author":2,"featured_media":51575,"comment_status":"open","ping_status":"open","sticky":false,"template":"","format":"standard","meta":{"footnotes":""},"categories":[9],"tags":[489,23393,7580,3553,23612],"class_list":["post-51574","post","type-post","status-publish","format-standard","has-post-thumbnail","hentry","category-economia","tag-banco-central","tag-campos-neto","tag-lula","tag-mercado","tag-temeridade"],"yoast_head":"<!-- This site is optimized with the Yoast SEO plugin v26.5 - https:\/\/yoast.com\/wordpress\/plugins\/seo\/ -->\n<title>Sai Campos Neto, entra \u201cLula\u201d: mercado teme que governo volte a mandar no Banco Central - Jornal Fatos e Not\u00edcias<\/title>\n<meta name=\"robots\" content=\"index, follow, max-snippet:-1, max-image-preview:large, max-video-preview:-1\" \/>\n<link rel=\"canonical\" href=\"https:\/\/jornalfatosenoticias.com.br\/index.php\/2024\/05\/28\/sai-campos-neto-entra-lula-mercado-teme-que-governo-volte-a-mandar-no-banco-central\/\" \/>\n<meta property=\"og:locale\" content=\"pt_BR\" \/>\n<meta property=\"og:type\" content=\"article\" \/>\n<meta property=\"og:title\" content=\"Sai Campos Neto, entra \u201cLula\u201d: mercado teme que governo volte a mandar no Banco Central - Jornal Fatos e Not\u00edcias\" \/>\n<meta property=\"og:description\" content=\"Nos pr\u00f3ximos meses Lula deve indicar o novo presidente do Banco Central, que substituir\u00e1 Campos Neto Por Rose Amant\u00e9a Os investidores v\u00e3o analisar com lupa as pr\u00f3ximas reuni\u00f5es do Banco Central sobre a taxa de juros, que constituir\u00e3o a reta final do mandato do atual presidente Roberto Campos Neto, que termina em 31 de dezembro. [&hellip;]\" \/>\n<meta property=\"og:url\" content=\"https:\/\/jornalfatosenoticias.com.br\/index.php\/2024\/05\/28\/sai-campos-neto-entra-lula-mercado-teme-que-governo-volte-a-mandar-no-banco-central\/\" \/>\n<meta property=\"og:site_name\" content=\"Jornal Fatos e Not\u00edcias\" \/>\n<meta property=\"article:published_time\" content=\"2024-05-28T14:20:14+00:00\" \/>\n<meta property=\"article:modified_time\" content=\"2024-05-28T14:20:16+00:00\" \/>\n<meta property=\"og:image\" content=\"https:\/\/jornalfatosenoticias.com.br\/wp-content\/uploads\/2024\/05\/banco-central-campos-neto.jpg\" \/>\n\t<meta property=\"og:image:width\" content=\"960\" \/>\n\t<meta property=\"og:image:height\" content=\"540\" \/>\n\t<meta property=\"og:image:type\" content=\"image\/jpeg\" \/>\n<meta name=\"author\" content=\"Luzimara Fernandes\" \/>\n<meta name=\"twitter:card\" content=\"summary_large_image\" \/>\n<meta name=\"twitter:label1\" content=\"Escrito por\" \/>\n\t<meta name=\"twitter:data1\" content=\"Luzimara Fernandes\" \/>\n\t<meta name=\"twitter:label2\" content=\"Est. tempo de leitura\" \/>\n\t<meta name=\"twitter:data2\" content=\"9 minutos\" \/>\n<script type=\"application\/ld+json\" class=\"yoast-schema-graph\">{\"@context\":\"https:\/\/schema.org\",\"@graph\":[{\"@type\":\"Article\",\"@id\":\"https:\/\/jornalfatosenoticias.com.br\/index.php\/2024\/05\/28\/sai-campos-neto-entra-lula-mercado-teme-que-governo-volte-a-mandar-no-banco-central\/#article\",\"isPartOf\":{\"@id\":\"https:\/\/jornalfatosenoticias.com.br\/index.php\/2024\/05\/28\/sai-campos-neto-entra-lula-mercado-teme-que-governo-volte-a-mandar-no-banco-central\/\"},\"author\":{\"name\":\"Luzimara Fernandes\",\"@id\":\"https:\/\/jornalfatosenoticias.com.br\/#\/schema\/person\/d63837fa13ac8666eb9e74e0985d6f81\"},\"headline\":\"Sai Campos Neto, entra \u201cLula\u201d: mercado teme que governo volte a mandar no Banco Central\",\"datePublished\":\"2024-05-28T14:20:14+00:00\",\"dateModified\":\"2024-05-28T14:20:16+00:00\",\"mainEntityOfPage\":{\"@id\":\"https:\/\/jornalfatosenoticias.com.br\/index.php\/2024\/05\/28\/sai-campos-neto-entra-lula-mercado-teme-que-governo-volte-a-mandar-no-banco-central\/\"},\"wordCount\":1738,\"commentCount\":0,\"publisher\":{\"@id\":\"https:\/\/jornalfatosenoticias.com.br\/#organization\"},\"image\":{\"@id\":\"https:\/\/jornalfatosenoticias.com.br\/index.php\/2024\/05\/28\/sai-campos-neto-entra-lula-mercado-teme-que-governo-volte-a-mandar-no-banco-central\/#primaryimage\"},\"thumbnailUrl\":\"https:\/\/jornalfatosenoticias.com.br\/wp-content\/uploads\/2024\/05\/banco-central-campos-neto.jpg\",\"keywords\":[\"Banco Central\",\"Campos Neto\",\"Lula\",\"mercado\",\"temeridade\"],\"articleSection\":[\"Economia\"],\"inLanguage\":\"pt-BR\",\"potentialAction\":[{\"@type\":\"CommentAction\",\"name\":\"Comment\",\"target\":[\"https:\/\/jornalfatosenoticias.com.br\/index.php\/2024\/05\/28\/sai-campos-neto-entra-lula-mercado-teme-que-governo-volte-a-mandar-no-banco-central\/#respond\"]}]},{\"@type\":\"WebPage\",\"@id\":\"https:\/\/jornalfatosenoticias.com.br\/index.php\/2024\/05\/28\/sai-campos-neto-entra-lula-mercado-teme-que-governo-volte-a-mandar-no-banco-central\/\",\"url\":\"https:\/\/jornalfatosenoticias.com.br\/index.php\/2024\/05\/28\/sai-campos-neto-entra-lula-mercado-teme-que-governo-volte-a-mandar-no-banco-central\/\",\"name\":\"Sai Campos Neto, entra \u201cLula\u201d: mercado teme que governo volte a mandar no Banco Central - Jornal Fatos e Not\u00edcias\",\"isPartOf\":{\"@id\":\"https:\/\/jornalfatosenoticias.com.br\/#website\"},\"primaryImageOfPage\":{\"@id\":\"https:\/\/jornalfatosenoticias.com.br\/index.php\/2024\/05\/28\/sai-campos-neto-entra-lula-mercado-teme-que-governo-volte-a-mandar-no-banco-central\/#primaryimage\"},\"image\":{\"@id\":\"https:\/\/jornalfatosenoticias.com.br\/index.php\/2024\/05\/28\/sai-campos-neto-entra-lula-mercado-teme-que-governo-volte-a-mandar-no-banco-central\/#primaryimage\"},\"thumbnailUrl\":\"https:\/\/jornalfatosenoticias.com.br\/wp-content\/uploads\/2024\/05\/banco-central-campos-neto.jpg\",\"datePublished\":\"2024-05-28T14:20:14+00:00\",\"dateModified\":\"2024-05-28T14:20:16+00:00\",\"breadcrumb\":{\"@id\":\"https:\/\/jornalfatosenoticias.com.br\/index.php\/2024\/05\/28\/sai-campos-neto-entra-lula-mercado-teme-que-governo-volte-a-mandar-no-banco-central\/#breadcrumb\"},\"inLanguage\":\"pt-BR\",\"potentialAction\":[{\"@type\":\"ReadAction\",\"target\":[\"https:\/\/jornalfatosenoticias.com.br\/index.php\/2024\/05\/28\/sai-campos-neto-entra-lula-mercado-teme-que-governo-volte-a-mandar-no-banco-central\/\"]}]},{\"@type\":\"ImageObject\",\"inLanguage\":\"pt-BR\",\"@id\":\"https:\/\/jornalfatosenoticias.com.br\/index.php\/2024\/05\/28\/sai-campos-neto-entra-lula-mercado-teme-que-governo-volte-a-mandar-no-banco-central\/#primaryimage\",\"url\":\"https:\/\/jornalfatosenoticias.com.br\/wp-content\/uploads\/2024\/05\/banco-central-campos-neto.jpg\",\"contentUrl\":\"https:\/\/jornalfatosenoticias.com.br\/wp-content\/uploads\/2024\/05\/banco-central-campos-neto.jpg\",\"width\":960,\"height\":540},{\"@type\":\"BreadcrumbList\",\"@id\":\"https:\/\/jornalfatosenoticias.com.br\/index.php\/2024\/05\/28\/sai-campos-neto-entra-lula-mercado-teme-que-governo-volte-a-mandar-no-banco-central\/#breadcrumb\",\"itemListElement\":[{\"@type\":\"ListItem\",\"position\":1,\"name\":\"In\u00edcio\",\"item\":\"https:\/\/jornalfatosenoticias.com.br\/\"},{\"@type\":\"ListItem\",\"position\":2,\"name\":\"Sai Campos Neto, entra \u201cLula\u201d: mercado teme que governo volte a mandar no Banco Central\"}]},{\"@type\":\"WebSite\",\"@id\":\"https:\/\/jornalfatosenoticias.com.br\/#website\",\"url\":\"https:\/\/jornalfatosenoticias.com.br\/\",\"name\":\"Jornal Fatos e Not\u00edcias\",\"description\":\"Not\u00edcias em geral\",\"publisher\":{\"@id\":\"https:\/\/jornalfatosenoticias.com.br\/#organization\"},\"potentialAction\":[{\"@type\":\"SearchAction\",\"target\":{\"@type\":\"EntryPoint\",\"urlTemplate\":\"https:\/\/jornalfatosenoticias.com.br\/?s={search_term_string}\"},\"query-input\":{\"@type\":\"PropertyValueSpecification\",\"valueRequired\":true,\"valueName\":\"search_term_string\"}}],\"inLanguage\":\"pt-BR\"},{\"@type\":\"Organization\",\"@id\":\"https:\/\/jornalfatosenoticias.com.br\/#organization\",\"name\":\"Jornal Fatos e Not\u00edcias\",\"url\":\"https:\/\/jornalfatosenoticias.com.br\/\",\"logo\":{\"@type\":\"ImageObject\",\"inLanguage\":\"pt-BR\",\"@id\":\"https:\/\/jornalfatosenoticias.com.br\/#\/schema\/logo\/image\/\",\"url\":\"https:\/\/jornalfatosenoticias.com.br\/wp-content\/uploads\/2020\/02\/logo120.png\",\"contentUrl\":\"https:\/\/jornalfatosenoticias.com.br\/wp-content\/uploads\/2020\/02\/logo120.png\",\"width\":1227,\"height\":120,\"caption\":\"Jornal Fatos e Not\u00edcias\"},\"image\":{\"@id\":\"https:\/\/jornalfatosenoticias.com.br\/#\/schema\/logo\/image\/\"}},{\"@type\":\"Person\",\"@id\":\"https:\/\/jornalfatosenoticias.com.br\/#\/schema\/person\/d63837fa13ac8666eb9e74e0985d6f81\",\"name\":\"Luzimara Fernandes\",\"image\":{\"@type\":\"ImageObject\",\"inLanguage\":\"pt-BR\",\"@id\":\"https:\/\/jornalfatosenoticias.com.br\/#\/schema\/person\/image\/\",\"url\":\"https:\/\/jornalfatosenoticias.com.br\/wp-content\/uploads\/2025\/05\/EU_portal.jpg\",\"contentUrl\":\"https:\/\/jornalfatosenoticias.com.br\/wp-content\/uploads\/2025\/05\/EU_portal.jpg\",\"caption\":\"Luzimara Fernandes\"},\"description\":\"Jornalista MTB 2358-ES\",\"sameAs\":[\"https:\/\/jornalfatosenoticias.com.br\"],\"url\":\"https:\/\/jornalfatosenoticias.com.br\/index.php\/author\/luzimara\/\"}]}<\/script>\n<!-- \/ Yoast SEO plugin. -->","yoast_head_json":{"title":"Sai Campos Neto, entra \u201cLula\u201d: mercado teme que governo volte a mandar no Banco Central - Jornal Fatos e Not\u00edcias","robots":{"index":"index","follow":"follow","max-snippet":"max-snippet:-1","max-image-preview":"max-image-preview:large","max-video-preview":"max-video-preview:-1"},"canonical":"https:\/\/jornalfatosenoticias.com.br\/index.php\/2024\/05\/28\/sai-campos-neto-entra-lula-mercado-teme-que-governo-volte-a-mandar-no-banco-central\/","og_locale":"pt_BR","og_type":"article","og_title":"Sai Campos Neto, entra \u201cLula\u201d: mercado teme que governo volte a mandar no Banco Central - Jornal Fatos e Not\u00edcias","og_description":"Nos pr\u00f3ximos meses Lula deve indicar o novo presidente do Banco Central, que substituir\u00e1 Campos Neto Por Rose Amant\u00e9a Os investidores v\u00e3o analisar com lupa as pr\u00f3ximas reuni\u00f5es do Banco Central sobre a taxa de juros, que constituir\u00e3o a reta final do mandato do atual presidente Roberto Campos Neto, que termina em 31 de dezembro. [&hellip;]","og_url":"https:\/\/jornalfatosenoticias.com.br\/index.php\/2024\/05\/28\/sai-campos-neto-entra-lula-mercado-teme-que-governo-volte-a-mandar-no-banco-central\/","og_site_name":"Jornal Fatos e Not\u00edcias","article_published_time":"2024-05-28T14:20:14+00:00","article_modified_time":"2024-05-28T14:20:16+00:00","og_image":[{"width":960,"height":540,"url":"https:\/\/jornalfatosenoticias.com.br\/wp-content\/uploads\/2024\/05\/banco-central-campos-neto.jpg","type":"image\/jpeg"}],"author":"Luzimara Fernandes","twitter_card":"summary_large_image","twitter_misc":{"Escrito por":"Luzimara Fernandes","Est. tempo de leitura":"9 minutos"},"schema":{"@context":"https:\/\/schema.org","@graph":[{"@type":"Article","@id":"https:\/\/jornalfatosenoticias.com.br\/index.php\/2024\/05\/28\/sai-campos-neto-entra-lula-mercado-teme-que-governo-volte-a-mandar-no-banco-central\/#article","isPartOf":{"@id":"https:\/\/jornalfatosenoticias.com.br\/index.php\/2024\/05\/28\/sai-campos-neto-entra-lula-mercado-teme-que-governo-volte-a-mandar-no-banco-central\/"},"author":{"name":"Luzimara Fernandes","@id":"https:\/\/jornalfatosenoticias.com.br\/#\/schema\/person\/d63837fa13ac8666eb9e74e0985d6f81"},"headline":"Sai Campos Neto, entra \u201cLula\u201d: mercado teme que governo volte a mandar no Banco Central","datePublished":"2024-05-28T14:20:14+00:00","dateModified":"2024-05-28T14:20:16+00:00","mainEntityOfPage":{"@id":"https:\/\/jornalfatosenoticias.com.br\/index.php\/2024\/05\/28\/sai-campos-neto-entra-lula-mercado-teme-que-governo-volte-a-mandar-no-banco-central\/"},"wordCount":1738,"commentCount":0,"publisher":{"@id":"https:\/\/jornalfatosenoticias.com.br\/#organization"},"image":{"@id":"https:\/\/jornalfatosenoticias.com.br\/index.php\/2024\/05\/28\/sai-campos-neto-entra-lula-mercado-teme-que-governo-volte-a-mandar-no-banco-central\/#primaryimage"},"thumbnailUrl":"https:\/\/jornalfatosenoticias.com.br\/wp-content\/uploads\/2024\/05\/banco-central-campos-neto.jpg","keywords":["Banco Central","Campos Neto","Lula","mercado","temeridade"],"articleSection":["Economia"],"inLanguage":"pt-BR","potentialAction":[{"@type":"CommentAction","name":"Comment","target":["https:\/\/jornalfatosenoticias.com.br\/index.php\/2024\/05\/28\/sai-campos-neto-entra-lula-mercado-teme-que-governo-volte-a-mandar-no-banco-central\/#respond"]}]},{"@type":"WebPage","@id":"https:\/\/jornalfatosenoticias.com.br\/index.php\/2024\/05\/28\/sai-campos-neto-entra-lula-mercado-teme-que-governo-volte-a-mandar-no-banco-central\/","url":"https:\/\/jornalfatosenoticias.com.br\/index.php\/2024\/05\/28\/sai-campos-neto-entra-lula-mercado-teme-que-governo-volte-a-mandar-no-banco-central\/","name":"Sai Campos Neto, entra \u201cLula\u201d: mercado teme que governo volte a mandar no Banco Central - Jornal Fatos e Not\u00edcias","isPartOf":{"@id":"https:\/\/jornalfatosenoticias.com.br\/#website"},"primaryImageOfPage":{"@id":"https:\/\/jornalfatosenoticias.com.br\/index.php\/2024\/05\/28\/sai-campos-neto-entra-lula-mercado-teme-que-governo-volte-a-mandar-no-banco-central\/#primaryimage"},"image":{"@id":"https:\/\/jornalfatosenoticias.com.br\/index.php\/2024\/05\/28\/sai-campos-neto-entra-lula-mercado-teme-que-governo-volte-a-mandar-no-banco-central\/#primaryimage"},"thumbnailUrl":"https:\/\/jornalfatosenoticias.com.br\/wp-content\/uploads\/2024\/05\/banco-central-campos-neto.jpg","datePublished":"2024-05-28T14:20:14+00:00","dateModified":"2024-05-28T14:20:16+00:00","breadcrumb":{"@id":"https:\/\/jornalfatosenoticias.com.br\/index.php\/2024\/05\/28\/sai-campos-neto-entra-lula-mercado-teme-que-governo-volte-a-mandar-no-banco-central\/#breadcrumb"},"inLanguage":"pt-BR","potentialAction":[{"@type":"ReadAction","target":["https:\/\/jornalfatosenoticias.com.br\/index.php\/2024\/05\/28\/sai-campos-neto-entra-lula-mercado-teme-que-governo-volte-a-mandar-no-banco-central\/"]}]},{"@type":"ImageObject","inLanguage":"pt-BR","@id":"https:\/\/jornalfatosenoticias.com.br\/index.php\/2024\/05\/28\/sai-campos-neto-entra-lula-mercado-teme-que-governo-volte-a-mandar-no-banco-central\/#primaryimage","url":"https:\/\/jornalfatosenoticias.com.br\/wp-content\/uploads\/2024\/05\/banco-central-campos-neto.jpg","contentUrl":"https:\/\/jornalfatosenoticias.com.br\/wp-content\/uploads\/2024\/05\/banco-central-campos-neto.jpg","width":960,"height":540},{"@type":"BreadcrumbList","@id":"https:\/\/jornalfatosenoticias.com.br\/index.php\/2024\/05\/28\/sai-campos-neto-entra-lula-mercado-teme-que-governo-volte-a-mandar-no-banco-central\/#breadcrumb","itemListElement":[{"@type":"ListItem","position":1,"name":"In\u00edcio","item":"https:\/\/jornalfatosenoticias.com.br\/"},{"@type":"ListItem","position":2,"name":"Sai Campos Neto, entra \u201cLula\u201d: mercado teme que governo volte a mandar no Banco Central"}]},{"@type":"WebSite","@id":"https:\/\/jornalfatosenoticias.com.br\/#website","url":"https:\/\/jornalfatosenoticias.com.br\/","name":"Jornal Fatos e Not\u00edcias","description":"Not\u00edcias em geral","publisher":{"@id":"https:\/\/jornalfatosenoticias.com.br\/#organization"},"potentialAction":[{"@type":"SearchAction","target":{"@type":"EntryPoint","urlTemplate":"https:\/\/jornalfatosenoticias.com.br\/?s={search_term_string}"},"query-input":{"@type":"PropertyValueSpecification","valueRequired":true,"valueName":"search_term_string"}}],"inLanguage":"pt-BR"},{"@type":"Organization","@id":"https:\/\/jornalfatosenoticias.com.br\/#organization","name":"Jornal Fatos e Not\u00edcias","url":"https:\/\/jornalfatosenoticias.com.br\/","logo":{"@type":"ImageObject","inLanguage":"pt-BR","@id":"https:\/\/jornalfatosenoticias.com.br\/#\/schema\/logo\/image\/","url":"https:\/\/jornalfatosenoticias.com.br\/wp-content\/uploads\/2020\/02\/logo120.png","contentUrl":"https:\/\/jornalfatosenoticias.com.br\/wp-content\/uploads\/2020\/02\/logo120.png","width":1227,"height":120,"caption":"Jornal Fatos e Not\u00edcias"},"image":{"@id":"https:\/\/jornalfatosenoticias.com.br\/#\/schema\/logo\/image\/"}},{"@type":"Person","@id":"https:\/\/jornalfatosenoticias.com.br\/#\/schema\/person\/d63837fa13ac8666eb9e74e0985d6f81","name":"Luzimara Fernandes","image":{"@type":"ImageObject","inLanguage":"pt-BR","@id":"https:\/\/jornalfatosenoticias.com.br\/#\/schema\/person\/image\/","url":"https:\/\/jornalfatosenoticias.com.br\/wp-content\/uploads\/2025\/05\/EU_portal.jpg","contentUrl":"https:\/\/jornalfatosenoticias.com.br\/wp-content\/uploads\/2025\/05\/EU_portal.jpg","caption":"Luzimara Fernandes"},"description":"Jornalista MTB 2358-ES","sameAs":["https:\/\/jornalfatosenoticias.com.br"],"url":"https:\/\/jornalfatosenoticias.com.br\/index.php\/author\/luzimara\/"}]}},"cc_featured_image_caption":{"caption_text":"(Foto: F\u00e1bio Rodrigues-Pozzebom\/Ag\u00eancia Brasil) ","source_text":"","source_url":""},"jetpack_featured_media_url":"https:\/\/jornalfatosenoticias.com.br\/wp-content\/uploads\/2024\/05\/banco-central-campos-neto.jpg","_links":{"self":[{"href":"https:\/\/jornalfatosenoticias.com.br\/index.php\/wp-json\/wp\/v2\/posts\/51574","targetHints":{"allow":["GET"]}}],"collection":[{"href":"https:\/\/jornalfatosenoticias.com.br\/index.php\/wp-json\/wp\/v2\/posts"}],"about":[{"href":"https:\/\/jornalfatosenoticias.com.br\/index.php\/wp-json\/wp\/v2\/types\/post"}],"author":[{"embeddable":true,"href":"https:\/\/jornalfatosenoticias.com.br\/index.php\/wp-json\/wp\/v2\/users\/2"}],"replies":[{"embeddable":true,"href":"https:\/\/jornalfatosenoticias.com.br\/index.php\/wp-json\/wp\/v2\/comments?post=51574"}],"version-history":[{"count":0,"href":"https:\/\/jornalfatosenoticias.com.br\/index.php\/wp-json\/wp\/v2\/posts\/51574\/revisions"}],"wp:featuredmedia":[{"embeddable":true,"href":"https:\/\/jornalfatosenoticias.com.br\/index.php\/wp-json\/wp\/v2\/media\/51575"}],"wp:attachment":[{"href":"https:\/\/jornalfatosenoticias.com.br\/index.php\/wp-json\/wp\/v2\/media?parent=51574"}],"wp:term":[{"taxonomy":"category","embeddable":true,"href":"https:\/\/jornalfatosenoticias.com.br\/index.php\/wp-json\/wp\/v2\/categories?post=51574"},{"taxonomy":"post_tag","embeddable":true,"href":"https:\/\/jornalfatosenoticias.com.br\/index.php\/wp-json\/wp\/v2\/tags?post=51574"}],"curies":[{"name":"wp","href":"https:\/\/api.w.org\/{rel}","templated":true}]}}