{"id":51603,"date":"2024-05-29T13:26:05","date_gmt":"2024-05-29T16:26:05","guid":{"rendered":"https:\/\/jornalfatosenoticias.com.br\/?p=51603"},"modified":"2024-05-29T13:26:11","modified_gmt":"2024-05-29T16:26:11","slug":"a-semana-no-brasil-e-no-mundo-governo-lula-triplica-pedidos-de-investigacao-a-criticos-e-opositores-politicos-a-pf-informa-relatorio","status":"publish","type":"post","link":"https:\/\/jornalfatosenoticias.com.br\/index.php\/2024\/05\/29\/a-semana-no-brasil-e-no-mundo-governo-lula-triplica-pedidos-de-investigacao-a-criticos-e-opositores-politicos-a-pf-informa-relatorio\/","title":{"rendered":"A Semana no Brasil e no Mundo \u2014 Governo Lula triplica pedidos de investiga\u00e7\u00e3o a cr\u00edticos e opositores pol\u00edticos \u00e0 PF, informa relat\u00f3rio"},"content":{"rendered":"\n<div class=\"wp-block-image\"><figure class=\"aligncenter size-large\"><img loading=\"lazy\" decoding=\"async\" width=\"729\" height=\"90\" src=\"https:\/\/jornalfatosenoticias.com.br\/wp-content\/uploads\/2020\/02\/Logo_Mizu.png\" alt=\"\" class=\"wp-image-1441\" srcset=\"https:\/\/jornalfatosenoticias.com.br\/wp-content\/uploads\/2020\/02\/Logo_Mizu.png 729w, https:\/\/jornalfatosenoticias.com.br\/wp-content\/uploads\/2020\/02\/Logo_Mizu-300x37.png 300w\" sizes=\"auto, (max-width: 729px) 100vw, 729px\" \/><\/figure><\/div>\n\n\n\n<p>De acordo com uma reportagem publicada pelo portal UOL, o governo de Luiz In\u00e1cio Lula da Silva (PT) tem intensificado os pedidos de investiga\u00e7\u00e3o \u00e0 Pol\u00edcia Federal (PF) contra cr\u00edticos e opositores pol\u00edticos. Desde o in\u00edcio do terceiro mandato do petista, houve um significativo aumento dessas a\u00e7\u00f5es. Entre janeiro de 2023 e abril de 2024, o Minist\u00e9rio da Justi\u00e7a fez 159 solicita\u00e7\u00f5es de abertura de inqu\u00e9rito, resultando em uma m\u00e9dia de 9,9 por m\u00eas. Em contraste, entre 2019 e 2022, foram registrados apenas 44 pedidos, com uma m\u00e9dia de 0,9 por m\u00eas.<br>A maior parte dos pedidos ocorreu durante a gest\u00e3o de Fl\u00e1vio Dino, que chefiou o Minist\u00e9rio da Justi\u00e7a de janeiro de 2023 at\u00e9 janeiro de 2024, antes de sua nomea\u00e7\u00e3o ao Supremo Tribunal Federal (STF). Durante esse per\u00edodo, foram feitos 135 dos 159 pedidos totais. Desde fevereiro, sob a lideran\u00e7a de Ricardo Lewandowski, foram encaminhadas 24 solicita\u00e7\u00f5es.<\/p>\n\n\n\n<div class=\"wp-block-image\"><figure class=\"aligncenter size-large is-resized\"><img loading=\"lazy\" decoding=\"async\" src=\"https:\/\/jornalfatosenoticias.com.br\/wp-content\/uploads\/2023\/08\/BKR-1024x1021.jpg\" alt=\"\" class=\"wp-image-44494\" width=\"302\" height=\"301\" srcset=\"https:\/\/jornalfatosenoticias.com.br\/wp-content\/uploads\/2023\/08\/BKR-1024x1021.jpg 1024w, https:\/\/jornalfatosenoticias.com.br\/wp-content\/uploads\/2023\/08\/BKR-300x300.jpg 300w, https:\/\/jornalfatosenoticias.com.br\/wp-content\/uploads\/2023\/08\/BKR-150x150.jpg 150w, https:\/\/jornalfatosenoticias.com.br\/wp-content\/uploads\/2023\/08\/BKR-768x766.jpg 768w, https:\/\/jornalfatosenoticias.com.br\/wp-content\/uploads\/2023\/08\/BKR.jpg 1080w\" sizes=\"auto, (max-width: 302px) 100vw, 302px\" \/><\/figure><\/div>\n\n\n\n<p>As investiga\u00e7\u00f5es de crimes contra a honra representam a maioria dos pedidos. Do total de 159 solicita\u00e7\u00f5es, 91 envolvem suspeitas de crimes contra a honra relacionados ao primeiro escal\u00e3o do governo. Especificamente, 65 desses pedidos est\u00e3o relacionados a Lula e \u00e0 Janja da Silva, superando todas as solicita\u00e7\u00f5es feitas durante o governo Bolsonaro.<\/p>\n\n\n\n<div class=\"wp-block-image\"><figure class=\"aligncenter size-large\"><img decoding=\"async\" src=\"https:\/\/jornalfatosenoticias.com.br\/wp-content\/uploads\/2020\/02\/barao-das-carnes-300x164-1.jpg\" alt=\"\" class=\"wp-image-34339\"\/><\/figure><\/div>\n\n\n\n<p>Embora a maior parte dos pedidos tenha sido feita durante a gest\u00e3o de Dino, a m\u00e9dia mensal de solicita\u00e7\u00f5es para investigar crimes contra Lula e Janja aumentou sob Lewandowski. Ele registrou 18 pedidos em tr\u00eas meses, resultando em uma m\u00e9dia de seis por m\u00eas. O crescente n\u00famero de pedidos, particularmente sob a gest\u00e3o Dino, tem levantado preocupa\u00e7\u00f5es sobre a poss\u00edvel politiza\u00e7\u00e3o da Pol\u00edcia Federal. A natureza dos pedidos, muitas vezes relacionados a crimes de cal\u00fania e difama\u00e7\u00e3o, como no caso de um parlamentar que chamou Lula de \u201cex-presidi\u00e1rio, ladr\u00e3o e corrupto\u201d, tem alimentado os questionamentos.<\/p>\n\n\n\n<div class=\"wp-block-image\"><figure class=\"aligncenter size-large is-resized\"><img loading=\"lazy\" decoding=\"async\" src=\"https:\/\/jornalfatosenoticias.com.br\/wp-content\/uploads\/2022\/02\/Precisao-Contabilidade-1024x724.jpg\" alt=\"\" class=\"wp-image-28088\" width=\"369\" height=\"261\"\/><\/figure><\/div>\n\n\n\n<p>Os pedidos de investiga\u00e7\u00e3o desencadearam rea\u00e7\u00f5es de pol\u00edticos da oposi\u00e7\u00e3o, que acusam o governo de \u201cabuso de autoridade\u201d. Um exemplo recente \u00e9 o pedido de Paulo Pimenta, ent\u00e3o ministro da Secom, para investigar fake news sobre as enchentes no Rio Grande do Sul, incluindo um post do deputado federal Eduardo Bolsonaro. O Partido Novo chegou a apresentar uma queixa-crime na Procuradoria-Geral da Rep\u00fablica (PGR) contra Pimenta e Lewandowski por suposto abuso de autoridade, mas o procurador-geral, Paulo Gonet, n\u00e3o identificou crime e arquivou o pedido. <strong>(Fonte: Terra Brasil Not\u00edcias)<\/strong><\/p>\n\n\n\n<div class=\"wp-block-image\"><figure class=\"aligncenter size-large is-resized\"><img loading=\"lazy\" decoding=\"async\" src=\"https:\/\/jornalfatosenoticias.com.br\/wp-content\/uploads\/2023\/12\/pegoretti-logo-pdf-1024x389.jpg\" alt=\"\" class=\"wp-image-47536\" width=\"430\" height=\"163\" srcset=\"https:\/\/jornalfatosenoticias.com.br\/wp-content\/uploads\/2023\/12\/pegoretti-logo-pdf-1024x389.jpg 1024w, https:\/\/jornalfatosenoticias.com.br\/wp-content\/uploads\/2023\/12\/pegoretti-logo-pdf-300x114.jpg 300w, https:\/\/jornalfatosenoticias.com.br\/wp-content\/uploads\/2023\/12\/pegoretti-logo-pdf-768x291.jpg 768w, https:\/\/jornalfatosenoticias.com.br\/wp-content\/uploads\/2023\/12\/pegoretti-logo-pdf.jpg 1120w\" sizes=\"auto, (max-width: 430px) 100vw, 430px\" \/><\/figure><\/div>\n\n\n\n<hr class=\"wp-block-separator\"\/>\n\n\n\n<h3 class=\"wp-block-heading\"><span class=\"has-inline-color has-black-color\">Fil\u00f3sofo surpreende esquerda ao admitir que Olavo de Carvalho estava correto sobre universidades<\/span><\/h3>\n\n\n\n<div class=\"wp-block-image\"><figure class=\"aligncenter size-large\"><img loading=\"lazy\" decoding=\"async\" width=\"1000\" height=\"562\" src=\"https:\/\/jornalfatosenoticias.com.br\/wp-content\/uploads\/2024\/05\/Olavo-de-Carvalho.jpg\" alt=\"\" class=\"wp-image-51609\" srcset=\"https:\/\/jornalfatosenoticias.com.br\/wp-content\/uploads\/2024\/05\/Olavo-de-Carvalho.jpg 1000w, https:\/\/jornalfatosenoticias.com.br\/wp-content\/uploads\/2024\/05\/Olavo-de-Carvalho-300x169.jpg 300w, https:\/\/jornalfatosenoticias.com.br\/wp-content\/uploads\/2024\/05\/Olavo-de-Carvalho-768x432.jpg 768w\" sizes=\"auto, (max-width: 1000px) 100vw, 1000px\" \/><figcaption><em><span class=\"has-inline-color has-black-color\">(Foto: Reprodu\u00e7\u00e3o\/X)<\/span><\/em><\/figcaption><\/figure><\/div>\n\n\n\n<p>Em uma entrevista ao jornal Estad\u00e3o, o fil\u00f3sofo e ensa\u00edsta Francisco Bosco reconheceu que o tamb\u00e9m fil\u00f3sofo Olavo de Carvalho, falecido em 2022, estava correto ao criticar a predomin\u00e2ncia de uma perspectiva ideol\u00f3gica de esquerda nas universidades brasileiras. Bosco afirmou que a universidade no Brasil est\u00e1 sob suspeita, tanto por boas quanto por m\u00e1s raz\u00f5es. Durante as \u00faltimas d\u00e9cadas, a institui\u00e7\u00e3o concentrou excessivamente uma perspectiva ideol\u00f3gica e pol\u00edtica de esquerda. Ele mencionou um estudo realizado por um autor conservador, que revelou a aus\u00eancia de refer\u00eancias a importantes autores conservadores nas teses de ci\u00eancias humanas do Brasil.<\/p>\n\n\n\n<div class=\"wp-block-image\"><figure class=\"aligncenter size-large\"><img loading=\"lazy\" decoding=\"async\" width=\"300\" height=\"250\" src=\"https:\/\/jornalfatosenoticias.com.br\/wp-content\/uploads\/2022\/02\/FERRARI_MAQUINAS-E-FERRAMENTAS2.jpg\" alt=\"\" class=\"wp-image-27860\"\/><\/figure><\/div>\n\n\n\n<p>O fil\u00f3sofo admitiu que Olavo de Carvalho, um cr\u00edtico feroz das universidades brasileiras, estava certo em apontar esse vi\u00e9s ideol\u00f3gico. \u201cEmbora me custe dizer essa frase, eu a digo frequentemente, sem problema algum: Olavo tinha raz\u00e3o nesse ponto\u201d, declarou Bosco.<\/p>\n\n\n\n<div class=\"wp-block-image\"><figure class=\"aligncenter size-large is-resized\"><img loading=\"lazy\" decoding=\"async\" src=\"https:\/\/jornalfatosenoticias.com.br\/wp-content\/uploads\/2020\/02\/logo-Rapuzel-1024x571.jpg\" alt=\"\" class=\"wp-image-42808\" width=\"338\" height=\"188\" srcset=\"https:\/\/jornalfatosenoticias.com.br\/wp-content\/uploads\/2020\/02\/logo-Rapuzel-1024x571.jpg 1024w, https:\/\/jornalfatosenoticias.com.br\/wp-content\/uploads\/2020\/02\/logo-Rapuzel-300x167.jpg 300w, https:\/\/jornalfatosenoticias.com.br\/wp-content\/uploads\/2020\/02\/logo-Rapuzel-768x428.jpg 768w, https:\/\/jornalfatosenoticias.com.br\/wp-content\/uploads\/2020\/02\/logo-Rapuzel-1536x856.jpg 1536w, https:\/\/jornalfatosenoticias.com.br\/wp-content\/uploads\/2020\/02\/logo-Rapuzel.jpg 1600w\" sizes=\"auto, (max-width: 338px) 100vw, 338px\" \/><\/figure><\/div>\n\n\n\n<p>Francisco Bosco \u00e9 conhecido por sua comunica\u00e7\u00e3o acess\u00edvel, especialmente atrav\u00e9s de suas participa\u00e7\u00f5es no programa \u201cPapo de Segunda\u201d do canal GNT, onde ele discute suas an\u00e1lises e vis\u00f5es de mundo desde 2018. Filho do cantor Jo\u00e3o Bosco e da artista pl\u00e1stica \u00c2ngela Bosco, Francisco tem um doutorado em literatura e j\u00e1 foi presidente da Funda\u00e7\u00e3o Nacional de Artes (Funarte) entre 2015 e 2016. Ele deixou o cargo ap\u00f3s Michel Temer assumir interinamente a presid\u00eancia da Rep\u00fablica. <strong>(Fonte: Terra Brasil Not\u00edcias)<\/strong><\/p>\n\n\n\n<div class=\"wp-block-image\"><figure class=\"aligncenter size-large is-resized\"><img loading=\"lazy\" decoding=\"async\" src=\"https:\/\/jornalfatosenoticias.com.br\/wp-content\/uploads\/2020\/02\/logo_esteio.jpg\" alt=\"\" class=\"wp-image-1214\" width=\"350\" height=\"292\"\/><\/figure><\/div>\n\n\n\n<hr class=\"wp-block-separator\"\/>\n\n\n\n<h3 class=\"wp-block-heading\"><span class=\"has-inline-color has-black-color\">Biden \u00e9 deixado de lado pela Elite do Vale do Sil\u00edcio, que passa a apoiar Trump nas elei\u00e7\u00f5es<\/span><\/h3>\n\n\n\n<div class=\"wp-block-image\"><figure class=\"aligncenter size-large\"><img loading=\"lazy\" decoding=\"async\" width=\"768\" height=\"432\" src=\"https:\/\/jornalfatosenoticias.com.br\/wp-content\/uploads\/2024\/05\/donald-Trump.jpg\" alt=\"\" class=\"wp-image-51608\" srcset=\"https:\/\/jornalfatosenoticias.com.br\/wp-content\/uploads\/2024\/05\/donald-Trump.jpg 768w, https:\/\/jornalfatosenoticias.com.br\/wp-content\/uploads\/2024\/05\/donald-Trump-300x169.jpg 300w\" sizes=\"auto, (max-width: 768px) 100vw, 768px\" \/><figcaption><em><span class=\"has-inline-color has-black-color\">(Foto: Getty Images)<\/span><\/em><\/figcaption><\/figure><\/div>\n\n\n\n<p>Alguns dos mais proeminentes capitalistas do Vale do Sil\u00edcio est\u00e3o planejando uma angaria\u00e7\u00e3o de fundos para o ex-presidente Donald Trump no pr\u00f3ximo m\u00eas. Essa iniciativa ocorre \u00e0 medida que os republicanos buscam conquistar terreno na comunidade de doadores de tecnologia, que historicamente tem sido esmagadoramente democrata. David Sacks e seu colega investidor de tecnologia, Chamath Palihapitiya, coanfitri\u00f5es do popular podcast \u201cAll-In\u201d, est\u00e3o liderando esse esfor\u00e7o. Eles est\u00e3o organizando um evento de angaria\u00e7\u00e3o de fundos para Trump em San Francisco, marcado para o dia 6 de junho, conforme revelado por um convite obtido pelo jornal Financial Times.<\/p>\n\n\n\n<div class=\"wp-block-image\"><figure class=\"aligncenter size-large is-resized\"><img loading=\"lazy\" decoding=\"async\" src=\"https:\/\/jornalfatosenoticias.com.br\/wp-content\/uploads\/2023\/03\/logo-Panper_portal.jpg\" alt=\"\" class=\"wp-image-40208\" width=\"326\" height=\"226\" srcset=\"https:\/\/jornalfatosenoticias.com.br\/wp-content\/uploads\/2023\/03\/logo-Panper_portal.jpg 400w, https:\/\/jornalfatosenoticias.com.br\/wp-content\/uploads\/2023\/03\/logo-Panper_portal-300x208.jpg 300w\" sizes=\"auto, (max-width: 326px) 100vw, 326px\" \/><\/figure><\/div>\n\n\n\n<p>Essa movimenta\u00e7\u00e3o sinaliza uma mudan\u00e7a de lealdade entre os l\u00edderes do Vale do Sil\u00edcio, que tradicionalmente apoiaram o presidente Joe Biden. No entanto, alguns desses influentes empres\u00e1rios est\u00e3o agora expressando cr\u00edticas ao atual governo e considerando realinhar seu apoio a Trump. Os ingressos para a angaria\u00e7\u00e3o de fundos \u201cAll-In\u201d t\u00eam um pre\u00e7o inicial de $50.000 por pessoa, mas benef\u00edcios VIP adicionais, como lugares privilegiados no jantar e a oportunidade de tirar uma foto com o ex-presidente, podem ser adquiridos por $300.000.<\/p>\n\n\n\n<div class=\"wp-block-image\"><figure class=\"aligncenter size-large is-resized\"><img loading=\"lazy\" decoding=\"async\" src=\"https:\/\/jornalfatosenoticias.com.br\/wp-content\/uploads\/2023\/03\/nova-logo-Marquetti.jpg\" alt=\"\" class=\"wp-image-40207\" width=\"363\" height=\"244\" srcset=\"https:\/\/jornalfatosenoticias.com.br\/wp-content\/uploads\/2023\/03\/nova-logo-Marquetti.jpg 643w, https:\/\/jornalfatosenoticias.com.br\/wp-content\/uploads\/2023\/03\/nova-logo-Marquetti-300x202.jpg 300w\" sizes=\"auto, (max-width: 363px) 100vw, 363px\" \/><\/figure><\/div>\n\n\n\n<p>Jacob Helberg, um alto executivo da Palantir que anteriormente doou centenas de milhares de d\u00f3lares para a campanha de Biden em 2020, recentemente anunciou uma doa\u00e7\u00e3o de $1 milh\u00e3o para a campanha de Trump. Ele citou as pol\u00edticas de fronteira do ex-presidente e sua postura pr\u00f3-Israel e anti-China como motivos para essa mudan\u00e7a de alian\u00e7a partid\u00e1ria.<\/p>\n\n\n\n<div class=\"wp-block-image\"><figure class=\"aligncenter size-large\"><img loading=\"lazy\" decoding=\"async\" width=\"300\" height=\"250\" src=\"https:\/\/jornalfatosenoticias.com.br\/wp-content\/uploads\/2020\/02\/Banner-2.png\" alt=\"\" class=\"wp-image-43787\"\/><\/figure><\/div>\n\n\n\n<p>Essa mudan\u00e7a cultural no Vale do Sil\u00edcio, h\u00e1 muito considerado um basti\u00e3o progressista, est\u00e1 sendo impulsionada por preocupa\u00e7\u00f5es relacionadas \u00e0 liberdade de express\u00e3o, regula\u00e7\u00e3o tecnol\u00f3gica e quest\u00f5es fiscais. Al\u00e9m disso, h\u00e1 um esfor\u00e7o por parte de l\u00edderes tecnol\u00f3gicos pr\u00f3-Trump para persuadir Elon Musk, o propriet\u00e1rio da X, Tesla e SpaceX, a endossar o ex-presidente. Musk, que j\u00e1 apoiou Biden, Hillary Clinton e Barack Obama, tem se manifestado cada vez mais nas redes sociais, criticando a chamada \u201cpol\u00edtica desperta\u201d, a imprensa tradicional e expressando opini\u00f5es controversas sobre temas como imigra\u00e7\u00e3o, cuidados transg\u00eanero e a acuidade mental de Biden.<\/p>\n\n\n\n<div class=\"wp-block-image\"><figure class=\"aligncenter size-large is-resized\"><img loading=\"lazy\" decoding=\"async\" src=\"https:\/\/jornalfatosenoticias.com.br\/wp-content\/uploads\/2020\/02\/CONTROL-CS.jpg\" alt=\"\" class=\"wp-image-44991\" width=\"310\" height=\"371\" srcset=\"https:\/\/jornalfatosenoticias.com.br\/wp-content\/uploads\/2020\/02\/CONTROL-CS.jpg 834w, https:\/\/jornalfatosenoticias.com.br\/wp-content\/uploads\/2020\/02\/CONTROL-CS-250x300.jpg 250w, https:\/\/jornalfatosenoticias.com.br\/wp-content\/uploads\/2020\/02\/CONTROL-CS-768x921.jpg 768w\" sizes=\"auto, (max-width: 310px) 100vw, 310px\" \/><\/figure><\/div>\n\n\n\n<p>Muitos no c\u00edrculo \u00edntimo de Musk veem Trump como uma v\u00edtima e acreditam que a administra\u00e7\u00e3o Biden tem sido excessivamente hostil em rela\u00e7\u00e3o a ele. Esses l\u00edderes tecnol\u00f3gicos temem que seus pr\u00f3prios interesses possam estar em risco sob o atual governo. <strong>(Fonte: Terra Brasil Not\u00edcias)<\/strong><\/p>\n\n\n\n<hr class=\"wp-block-separator\"\/>\n\n\n\n<h3 class=\"wp-block-heading\"><span class=\"has-inline-color has-black-color\">Despesa do Judici\u00e1rio bate novo recorde<\/span><\/h3>\n\n\n\n<div class=\"wp-block-image\"><figure class=\"aligncenter size-large\"><img loading=\"lazy\" decoding=\"async\" width=\"612\" height=\"408\" src=\"https:\/\/jornalfatosenoticias.com.br\/wp-content\/uploads\/2024\/05\/gasto-judiciario_gettyimages.jpg\" alt=\"\" class=\"wp-image-51607\" srcset=\"https:\/\/jornalfatosenoticias.com.br\/wp-content\/uploads\/2024\/05\/gasto-judiciario_gettyimages.jpg 612w, https:\/\/jornalfatosenoticias.com.br\/wp-content\/uploads\/2024\/05\/gasto-judiciario_gettyimages-300x200.jpg 300w\" sizes=\"auto, (max-width: 612px) 100vw, 612px\" \/><figcaption><em><span class=\"has-inline-color has-black-color\">Ministro Lu\u00eds Roberto Barroso, presidente do Supremo Tribunal Federal  (STF) (Foto: Getty Images)<\/span><\/em><\/figcaption><\/figure><\/div>\n\n\n\n<p>No ano passado, o Poder Judici\u00e1rio registrou um gasto recorde de R$ 132,8 bilh\u00f5es em despesas, incluindo sal\u00e1rios de servidores e equipamentos. Esse valor \u00e9 quase o dobro do montante arrecadado pela pr\u00f3pria Justi\u00e7a, que totalizou R$ 68,74 bilh\u00f5es (equivalente a 52% das despesas). Os dados constam do relat\u00f3rio \u201cJusti\u00e7a em N\u00fameros\u201d, cuja edi\u00e7\u00e3o mais recente ser\u00e1 divulgada hoje pelo Conselho Nacional de Justi\u00e7a (CNJ).<\/p>\n\n\n\n<div class=\"wp-block-image\"><figure class=\"aligncenter size-large is-resized\"><img loading=\"lazy\" decoding=\"async\" src=\"https:\/\/jornalfatosenoticias.com.br\/wp-content\/uploads\/2023\/08\/ITH.jpeg\" alt=\"\" class=\"wp-image-44638\" width=\"296\" height=\"241\" srcset=\"https:\/\/jornalfatosenoticias.com.br\/wp-content\/uploads\/2023\/08\/ITH.jpeg 800w, https:\/\/jornalfatosenoticias.com.br\/wp-content\/uploads\/2023\/08\/ITH-300x244.jpeg 300w, https:\/\/jornalfatosenoticias.com.br\/wp-content\/uploads\/2023\/08\/ITH-768x624.jpeg 768w\" sizes=\"auto, (max-width: 296px) 100vw, 296px\" \/><\/figure><\/div>\n\n\n\n<p>A alta nas despesas ocorre em um momento em que o Congresso discute a possibilidade de magistrados aumentarem seus rendimentos. A Proposta de Emenda \u00e0 Constitui\u00e7\u00e3o (PEC) do Quinqu\u00eanio prev\u00ea um adicional no valor pago a ju\u00edzes e desembargadores com base no tempo de servi\u00e7o. O governo estima um impacto de R$ 82 bilh\u00f5es nas contas p\u00fablicas em quatro anos, caso a vers\u00e3o atual do texto, que foi ampliada para incluir outras categorias, seja mantida.<\/p>\n\n\n\n<div class=\"wp-block-image\"><figure class=\"aligncenter size-large is-resized\"><img loading=\"lazy\" decoding=\"async\" src=\"https:\/\/jornalfatosenoticias.com.br\/wp-content\/uploads\/2023\/09\/vetorvix1024_1.jpg\" alt=\"\" class=\"wp-image-44868\" width=\"543\" height=\"144\" srcset=\"https:\/\/jornalfatosenoticias.com.br\/wp-content\/uploads\/2023\/09\/vetorvix1024_1.jpg 1024w, https:\/\/jornalfatosenoticias.com.br\/wp-content\/uploads\/2023\/09\/vetorvix1024_1-300x80.jpg 300w, https:\/\/jornalfatosenoticias.com.br\/wp-content\/uploads\/2023\/09\/vetorvix1024_1-768x205.jpg 768w\" sizes=\"auto, (max-width: 543px) 100vw, 543px\" \/><\/figure><\/div>\n\n\n\n<p>Segundo o balan\u00e7o do CNJ, as despesas totais do Judici\u00e1rio tiveram um aumento de 9% em rela\u00e7\u00e3o ao ano anterior e representam 1,2% do Produto Interno Bruto (PIB) do Pa\u00eds. A maior parte dos gastos, 90,2%, est\u00e1 relacionada a pessoal, totalizando R$ 119,7 bilh\u00f5es. Os tribunais brasileiros contam com 446.534 profissionais, incluindo 18.265 ju\u00edzes e ju\u00edzas. Essas despesas englobam n\u00e3o apenas os sal\u00e1rios dos magistrados e servidores, mas tamb\u00e9m aux\u00edlios e assist\u00eancias, como alimenta\u00e7\u00e3o, di\u00e1rias, passagens e gratifica\u00e7\u00f5es.<\/p>\n\n\n\n<div class=\"wp-block-image\"><figure class=\"aligncenter size-large\"><img decoding=\"async\" src=\"https:\/\/jornalfatosenoticias.com.br\/wp-content\/uploads\/2020\/02\/barao-das-carnes-300x164-1.jpg\" alt=\"\" class=\"wp-image-34339\"\/><\/figure><\/div>\n\n\n\n<p>A Justi\u00e7a estadual, que abrange 77% dos processos judiciais em tramita\u00e7\u00e3o, \u00e9 respons\u00e1vel por aproximadamente 63% da despesa total do Poder Judici\u00e1rio. O relat\u00f3rio tamb\u00e9m destaca um aumento de 6,9% na produtividade do Judici\u00e1rio em compara\u00e7\u00e3o com o ano anterior. Foram 34.988.240 processos baixados, e a produtividade entre os magistrados cresceu 6,8%, ultrapassando a marca de 2 mil processos baixados por juiz ou ju\u00edza, em m\u00e9dia. Al\u00e9m disso, a dura\u00e7\u00e3o da tramita\u00e7\u00e3o dos processos melhorou: o \u00edndice de congestionamento caiu para 70,5%, indicando que quase 30 processos foram baixados no mesmo ano em que ingressaram.<\/p>\n\n\n\n<div class=\"wp-block-image\"><figure class=\"aligncenter size-large is-resized\"><img loading=\"lazy\" decoding=\"async\" src=\"https:\/\/jornalfatosenoticias.com.br\/wp-content\/uploads\/2023\/08\/BKR-1024x1021.jpg\" alt=\"\" class=\"wp-image-44494\" width=\"289\" height=\"288\" srcset=\"https:\/\/jornalfatosenoticias.com.br\/wp-content\/uploads\/2023\/08\/BKR-1024x1021.jpg 1024w, https:\/\/jornalfatosenoticias.com.br\/wp-content\/uploads\/2023\/08\/BKR-300x300.jpg 300w, https:\/\/jornalfatosenoticias.com.br\/wp-content\/uploads\/2023\/08\/BKR-150x150.jpg 150w, https:\/\/jornalfatosenoticias.com.br\/wp-content\/uploads\/2023\/08\/BKR-768x766.jpg 768w, https:\/\/jornalfatosenoticias.com.br\/wp-content\/uploads\/2023\/08\/BKR.jpg 1080w\" sizes=\"auto, (max-width: 289px) 100vw, 289px\" \/><\/figure><\/div>\n\n\n\n<p>O levantamento tamb\u00e9m revela que, embora pessoas pretas e pardas correspondam \u00e0 maioria da popula\u00e7\u00e3o brasileira, no Judici\u00e1rio, essa diversidade n\u00e3o se reflete. A presen\u00e7a de negros e negras na magistratura \u00e9 de 14,25%, sendo a Justi\u00e7a Eleitoral a que conta com o maior percentual, de 18,1%. <strong>(Fonte: Terra Brasil Not\u00edcias)<\/strong><\/p>\n\n\n\n<hr class=\"wp-block-separator\"\/>\n\n\n\n<h3 class=\"wp-block-heading\"><span class=\"has-inline-color has-black-color\">Papa diz que semin\u00e1rios est\u00e3o &#8216;cheios de viadagem&#8217;, segundo imprensa italiana<\/span><\/h3>\n\n\n\n<div class=\"wp-block-image\"><figure class=\"aligncenter size-large\"><img loading=\"lazy\" decoding=\"async\" width=\"612\" height=\"408\" src=\"https:\/\/jornalfatosenoticias.com.br\/wp-content\/uploads\/2024\/05\/papa-Francisco_gettyimages.jpg\" alt=\"\" class=\"wp-image-51606\" srcset=\"https:\/\/jornalfatosenoticias.com.br\/wp-content\/uploads\/2024\/05\/papa-Francisco_gettyimages.jpg 612w, https:\/\/jornalfatosenoticias.com.br\/wp-content\/uploads\/2024\/05\/papa-Francisco_gettyimages-300x200.jpg 300w\" sizes=\"auto, (max-width: 612px) 100vw, 612px\" \/><figcaption><em><span class=\"has-inline-color has-black-color\">(Foto: Getty Images)<\/span><\/em><\/figcaption><\/figure><\/div>\n\n\n\n<p>O papa Francisco disse em uma reuni\u00e3o a portas fechadas com bispos italianos que os semin\u00e1rios j\u00e1 est\u00e3o &#8220;cheios de viadagem&#8221;, e que homens gays n\u00e3o podem ter permiss\u00e3o para se tornar padres, de acordo com reportagens da imprensa italiana publicadas na segunda-feira (27). Os dois principais jornais do pa\u00eds, o La Repubblica e o Corriere della Sera, disseram que o papa usou o termo considerado homof\u00f3bico frociaggine, no original em italiano, em conversa com membros da Confer\u00eancia Episcopal Italiana, entidade equivalente \u00e0 Confer\u00eancia Nacional dos Bispos do Brasil (CNBB). O Vaticano n\u00e3o se pronunciou sobre o caso, que teria acontecido no \u00faltimo dia 20.<\/p>\n\n\n\n<div class=\"wp-block-image\"><figure class=\"aligncenter size-large is-resized\"><img loading=\"lazy\" decoding=\"async\" src=\"https:\/\/jornalfatosenoticias.com.br\/wp-content\/uploads\/2022\/02\/Precisao-Contabilidade-1024x724.jpg\" alt=\"\" class=\"wp-image-28088\" width=\"335\" height=\"237\"\/><\/figure><\/div>\n\n\n\n<p>Os bispos que foram ouvidos pelo Corriere della Sera disseram que estava claro que o pont\u00edfice &#8220;n\u00e3o tinha consci\u00eancia&#8221; do qu\u00e3o ofensiva a palavra \u00e9 em italiano, que n\u00e3o \u00e9 a l\u00edngua materna de Francisco. Disseram ainda que &#8220;a gafe do papa foi evidente&#8221; aos presentes. Desde que foi eleito papa pelo col\u00e9gio cardinal\u00edcio em 2013, Francisco, 87, orientou a Igreja a uma postura mais acolhedora com fi\u00e9is LGBTQIA+.<\/p>\n\n\n\n<div class=\"wp-block-image\"><figure class=\"aligncenter size-large is-resized\"><img loading=\"lazy\" decoding=\"async\" src=\"https:\/\/jornalfatosenoticias.com.br\/wp-content\/uploads\/2020\/02\/logo-Rapuzel-1024x571.jpg\" alt=\"\" class=\"wp-image-42808\" width=\"361\" height=\"201\" srcset=\"https:\/\/jornalfatosenoticias.com.br\/wp-content\/uploads\/2020\/02\/logo-Rapuzel-1024x571.jpg 1024w, https:\/\/jornalfatosenoticias.com.br\/wp-content\/uploads\/2020\/02\/logo-Rapuzel-300x167.jpg 300w, https:\/\/jornalfatosenoticias.com.br\/wp-content\/uploads\/2020\/02\/logo-Rapuzel-768x428.jpg 768w, https:\/\/jornalfatosenoticias.com.br\/wp-content\/uploads\/2020\/02\/logo-Rapuzel-1536x856.jpg 1536w, https:\/\/jornalfatosenoticias.com.br\/wp-content\/uploads\/2020\/02\/logo-Rapuzel.jpg 1600w\" sizes=\"auto, (max-width: 361px) 100vw, 361px\" \/><\/figure><\/div>\n\n\n\n<p>A medida mais significativa veio em dezembro do ano passado, quando o pont\u00edfice e autorizou a b\u00ean\u00e7\u00e3o a casais do mesmo sexo e \u00e0queles considerados &#8220;em situa\u00e7\u00e3o irregular&#8221;, termo usado para se referir aos que est\u00e3o em sua segunda uni\u00e3o ap\u00f3s um div\u00f3rcio. Francisco, entretanto, manteve o veto ao casamento homoafetivo.<\/p>\n\n\n\n<div class=\"wp-block-image\"><figure class=\"aligncenter size-large\"><img loading=\"lazy\" decoding=\"async\" width=\"300\" height=\"250\" src=\"https:\/\/jornalfatosenoticias.com.br\/wp-content\/uploads\/2022\/02\/FERRARI_MAQUINAS-E-FERRAMENTAS2.jpg\" alt=\"\" class=\"wp-image-27860\"\/><\/figure><\/div>\n\n\n\n<p>O texto dizia que a b\u00ean\u00e7\u00e3o lit\u00fargica aos casais homoafetivos em nada deve se assemelhar ao casamento. &#8220;Essa b\u00ean\u00e7\u00e3o nunca ser\u00e1 realizada ao mesmo tempo que ritos civis de uni\u00e3o, nem em conex\u00e3o com eles, para n\u00e3o produzir confus\u00e3o com a b\u00ean\u00e7\u00e3o do sacramento do matrim\u00f4nio&#8221;, de acordo com um trecho. Foi a primeira vez que a Igreja Cat\u00f3lica abriu caminho para a b\u00ean\u00e7\u00e3o a casais do mesmo sexo, e gerou uma forte rea\u00e7\u00e3o da ala conservadora da institui\u00e7\u00e3o \u2014formada principalmente por cat\u00f3licos dos Estados Unidos.<\/p>\n\n\n\n<div class=\"wp-block-image\"><figure class=\"aligncenter size-large\"><img loading=\"lazy\" decoding=\"async\" width=\"729\" height=\"90\" src=\"https:\/\/jornalfatosenoticias.com.br\/wp-content\/uploads\/2020\/02\/Logo_Mizu.png\" alt=\"\" class=\"wp-image-1441\" srcset=\"https:\/\/jornalfatosenoticias.com.br\/wp-content\/uploads\/2020\/02\/Logo_Mizu.png 729w, https:\/\/jornalfatosenoticias.com.br\/wp-content\/uploads\/2020\/02\/Logo_Mizu-300x37.png 300w\" sizes=\"auto, (max-width: 729px) 100vw, 729px\" \/><\/figure><\/div>\n\n\n\n<p>Francisco tamb\u00e9m deu v\u00e1rias declara\u00e7\u00f5es direcionadas a pessoas LGBT, como quando disse, em 2013, de volta de uma viagem ao Brasil no in\u00edcio de seu pontificado: &#8220;Se uma pessoa \u00e9 gay, busca Deus e tem boa vontade, quem sou eu para julg\u00e1-la?&#8221;. Em janeiro de 2023, disse que a homossexualidade n\u00e3o \u00e9 crime, mas \u00e9 pecado, em uma entrevista \u00e0 ag\u00eancia Associated Press em que pedia o fim de leis pelo mundo que criminalizam a orienta\u00e7\u00e3o sexual. <\/p>\n\n\n\n<blockquote class=\"wp-block-quote is-layout-flow wp-block-quote-is-layout-flow\"><p><span class=\"has-inline-color has-luminous-vivid-orange-color\">Ser homossexual n\u00e3o \u00e9 crime&#8221;, disse. &#8220;N\u00e3o \u00e9 crime. Sim, mas \u00e9 um pecado. Tudo bem, mas primeiro vamos distinguir um pecado de um crime. Tamb\u00e9m \u00e9 pecado n\u00e3o ter caridade com o pr\u00f3ximo&#8221;.<\/span><\/p><\/blockquote>\n\n\n\n<div class=\"wp-block-image\"><figure class=\"aligncenter size-large is-resized\"><img loading=\"lazy\" decoding=\"async\" src=\"https:\/\/jornalfatosenoticias.com.br\/wp-content\/uploads\/2023\/03\/logo-Panper_portal.jpg\" alt=\"\" class=\"wp-image-40208\" width=\"306\" height=\"212\" srcset=\"https:\/\/jornalfatosenoticias.com.br\/wp-content\/uploads\/2023\/03\/logo-Panper_portal.jpg 400w, https:\/\/jornalfatosenoticias.com.br\/wp-content\/uploads\/2023\/03\/logo-Panper_portal-300x208.jpg 300w\" sizes=\"auto, (max-width: 306px) 100vw, 306px\" \/><\/figure><\/div>\n\n\n\n<p>Na entrevista, Francisco reconheceu que lideran\u00e7as cat\u00f3licas em algumas partes do mundo ainda apoiam leis que criminalizam a homossexualidade ou discriminam a comunidade LGBTQIA+. &#8220;Esses bispos precisam ter um processo de convers\u00e3o&#8221;, afirmou o pont\u00edfice, acrescentando que tais lideran\u00e7as devem agir com ternura \u2014&#8221;por favor, como Deus tem por cada um de n\u00f3s&#8221;. <strong>(Fonte: O Tempo)<\/strong><\/p>\n\n\n\n<div class=\"wp-block-image\"><figure class=\"aligncenter size-large is-resized\"><img loading=\"lazy\" decoding=\"async\" src=\"https:\/\/jornalfatosenoticias.com.br\/wp-content\/uploads\/2023\/12\/pegoretti-logo-pdf-1024x389.jpg\" alt=\"\" class=\"wp-image-47536\" width=\"417\" height=\"158\" srcset=\"https:\/\/jornalfatosenoticias.com.br\/wp-content\/uploads\/2023\/12\/pegoretti-logo-pdf-1024x389.jpg 1024w, https:\/\/jornalfatosenoticias.com.br\/wp-content\/uploads\/2023\/12\/pegoretti-logo-pdf-300x114.jpg 300w, https:\/\/jornalfatosenoticias.com.br\/wp-content\/uploads\/2023\/12\/pegoretti-logo-pdf-768x291.jpg 768w, https:\/\/jornalfatosenoticias.com.br\/wp-content\/uploads\/2023\/12\/pegoretti-logo-pdf.jpg 1120w\" sizes=\"auto, (max-width: 417px) 100vw, 417px\" \/><\/figure><\/div>\n\n\n\n<hr class=\"wp-block-separator\"\/>\n\n\n\n<h3 class=\"wp-block-heading\"><span class=\"has-inline-color has-black-color\">Meta informou a localiza\u00e7\u00e3o de jornalista que Alexandre de Moraes mandou prender, diz site<\/span><\/h3>\n\n\n\n<div class=\"wp-block-image\"><figure class=\"aligncenter size-large\"><img loading=\"lazy\" decoding=\"async\" width=\"1024\" height=\"683\" src=\"https:\/\/jornalfatosenoticias.com.br\/wp-content\/uploads\/2024\/05\/alexandre-de-moraes-1024x683.jpg\" alt=\"\" class=\"wp-image-51605\" srcset=\"https:\/\/jornalfatosenoticias.com.br\/wp-content\/uploads\/2024\/05\/alexandre-de-moraes-1024x683.jpg 1024w, https:\/\/jornalfatosenoticias.com.br\/wp-content\/uploads\/2024\/05\/alexandre-de-moraes-300x200.jpg 300w, https:\/\/jornalfatosenoticias.com.br\/wp-content\/uploads\/2024\/05\/alexandre-de-moraes-768x512.jpg 768w, https:\/\/jornalfatosenoticias.com.br\/wp-content\/uploads\/2024\/05\/alexandre-de-moraes-1536x1024.jpg 1536w, https:\/\/jornalfatosenoticias.com.br\/wp-content\/uploads\/2024\/05\/alexandre-de-moraes.jpg 2048w\" sizes=\"auto, (max-width: 1024px) 100vw, 1024px\" \/><figcaption><em><span class=\"has-inline-color has-black-color\">(Foto: Renato Menezes\/Ascom AGU)<\/span><\/em><\/figcaption><\/figure><\/div>\n\n\n\n<p>Segundo o portal Metr\u00f3poles, a Meta, empresa propriet\u00e1ria do Instagram, forneceu ao Supremo Tribunal Federal (STF) informa\u00e7\u00f5es sobre a localiza\u00e7\u00e3o do jornalista Oswaldo Eust\u00e1quio, considerado foragido pela corte h\u00e1 um ano e meio ap\u00f3s uma ordem de pris\u00e3o do ministro Alexandre de Moraes. Os dados enviados ao STF em outubro passado indicam que Eust\u00e1quio estava em duas cidades espanholas: Madri e Castell\u00f3 de la Plana. O jornalista permanece na Espanha, onde solicitou asilo.<\/p>\n\n\n\n<div class=\"wp-block-image\"><figure class=\"aligncenter size-large is-resized\"><img loading=\"lazy\" decoding=\"async\" src=\"https:\/\/jornalfatosenoticias.com.br\/wp-content\/uploads\/2023\/03\/nova-logo-Marquetti.jpg\" alt=\"\" class=\"wp-image-40207\" width=\"323\" height=\"217\" srcset=\"https:\/\/jornalfatosenoticias.com.br\/wp-content\/uploads\/2023\/03\/nova-logo-Marquetti.jpg 643w, https:\/\/jornalfatosenoticias.com.br\/wp-content\/uploads\/2023\/03\/nova-logo-Marquetti-300x202.jpg 300w\" sizes=\"auto, (max-width: 323px) 100vw, 323px\" \/><\/figure><\/div>\n\n\n\n<p>Em setembro do ano passado, Moraes ordenou que a Meta entregasse detalhes sobre tr\u00eas perfis de Eust\u00e1quio no Instagram, incluindo localiza\u00e7\u00e3o, n\u00famero de celular, aparelhos usados e datas de acesso. A an\u00e1lise da Pol\u00edcia Federal (PF) confirmou acessos recentes nas duas cidades espanholas, corroborando a fuga do jornalista.<\/p>\n\n\n\n<div class=\"wp-block-image\"><figure class=\"aligncenter size-large is-resized\"><img loading=\"lazy\" decoding=\"async\" src=\"https:\/\/jornalfatosenoticias.com.br\/wp-content\/uploads\/2020\/02\/logo_esteio.jpg\" alt=\"\" class=\"wp-image-1214\" width=\"319\" height=\"266\"\/><\/figure><\/div>\n\n\n\n<p>Antes de se refugiar na Espanha, Eust\u00e1quio esteve no Paraguai, onde tamb\u00e9m pediu status de refugiado. Isso inviabilizou uma opera\u00e7\u00e3o da PF para prend\u00ea-lo em mar\u00e7o de 2023. A pris\u00e3o preventiva foi decretada por Alexandre de Moraes no fim de 2022, atendendo a pedidos da PF e da Procuradoria-Geral da Rep\u00fablica, que citaram \u2018fortes ind\u00edcios\u2019 de crimes de amea\u00e7a e tentativa de aboli\u00e7\u00e3o violenta do Estado Democr\u00e1tico ap\u00f3s a derrota de Jair Bolsonaro para Lula.<\/p>\n\n\n\n<div class=\"wp-block-image\"><figure class=\"aligncenter size-large is-resized\"><img loading=\"lazy\" decoding=\"async\" src=\"https:\/\/jornalfatosenoticias.com.br\/wp-content\/uploads\/2023\/12\/pegoretti-logo-pdf-1024x389.jpg\" alt=\"\" class=\"wp-image-47536\" width=\"475\" height=\"180\" srcset=\"https:\/\/jornalfatosenoticias.com.br\/wp-content\/uploads\/2023\/12\/pegoretti-logo-pdf-1024x389.jpg 1024w, https:\/\/jornalfatosenoticias.com.br\/wp-content\/uploads\/2023\/12\/pegoretti-logo-pdf-300x114.jpg 300w, https:\/\/jornalfatosenoticias.com.br\/wp-content\/uploads\/2023\/12\/pegoretti-logo-pdf-768x291.jpg 768w, https:\/\/jornalfatosenoticias.com.br\/wp-content\/uploads\/2023\/12\/pegoretti-logo-pdf.jpg 1120w\" sizes=\"auto, (max-width: 475px) 100vw, 475px\" \/><\/figure><\/div>\n\n\n\n<p>Em junho de 2023, Moraes ordenou a inclus\u00e3o do nome de Eust\u00e1quio na lista vermelha da Interpol. No entanto, a tentativa foi infrut\u00edfera, pois a Interpol respondeu dizendo que n\u00e3o lista indiv\u00edduos que solicitaram ref\u00fagio em outros pa\u00edses. <strong>(Fonte: Conex\u00e3o Pol\u00edtica)<\/strong><\/p>\n\n\n\n<div class=\"wp-block-image\"><figure class=\"aligncenter size-large\"><img loading=\"lazy\" decoding=\"async\" width=\"1024\" height=\"111\" src=\"https:\/\/jornalfatosenoticias.com.br\/wp-content\/uploads\/2020\/02\/WhatsApp-Image-2022-09-23-at-12.09.18-1024x111.jpeg\" alt=\"\" class=\"wp-image-34527\" srcset=\"https:\/\/jornalfatosenoticias.com.br\/wp-content\/uploads\/2020\/02\/WhatsApp-Image-2022-09-23-at-12.09.18-1024x111.jpeg 1024w, https:\/\/jornalfatosenoticias.com.br\/wp-content\/uploads\/2020\/02\/WhatsApp-Image-2022-09-23-at-12.09.18-300x32.jpeg 300w, https:\/\/jornalfatosenoticias.com.br\/wp-content\/uploads\/2020\/02\/WhatsApp-Image-2022-09-23-at-12.09.18-768x83.jpeg 768w, https:\/\/jornalfatosenoticias.com.br\/wp-content\/uploads\/2020\/02\/WhatsApp-Image-2022-09-23-at-12.09.18.jpeg 1121w\" sizes=\"auto, (max-width: 1024px) 100vw, 1024px\" \/><\/figure><\/div>\n\n\n\n<hr class=\"wp-block-separator\"\/>\n\n\n\n<h3 class=\"wp-block-heading\"><span class=\"has-inline-color has-black-color\">Pol\u00edcia Civil investiga Jos\u00e9 Garcia Netto, membro do \u201cConselh\u00e3o\u201d de Lula, por suspeita de lavagem de dinheiro<\/span><\/h3>\n\n\n\n<div class=\"wp-block-image\"><figure class=\"aligncenter size-large\"><img loading=\"lazy\" decoding=\"async\" width=\"700\" height=\"526\" src=\"https:\/\/jornalfatosenoticias.com.br\/wp-content\/uploads\/2024\/05\/conselhao-do-Lula.jpeg\" alt=\"\" class=\"wp-image-51604\" srcset=\"https:\/\/jornalfatosenoticias.com.br\/wp-content\/uploads\/2024\/05\/conselhao-do-Lula.jpeg 700w, https:\/\/jornalfatosenoticias.com.br\/wp-content\/uploads\/2024\/05\/conselhao-do-Lula-300x225.jpeg 300w\" sizes=\"auto, (max-width: 700px) 100vw, 700px\" \/><figcaption><em><span class=\"has-inline-color has-black-color\">(Foto: Reprodu\u00e7\u00e3o)<\/span><\/em><\/figcaption><\/figure><\/div>\n\n\n\n<p>A Pol\u00edcia Civil de S\u00e3o Paulo solicitou informa\u00e7\u00f5es \u00e0 Justi\u00e7a sobre o empres\u00e1rio Jos\u00e9 Garcia Netto, membro do Conselho de Desenvolvimento Econ\u00f4mico Social Sustent\u00e1vel, conhecido como \u201cConselh\u00e3o\u201d de Lula. No comunicado, o delegado Tiago Correia informou que Netto est\u00e1 sendo investigado por lavagem de dinheiro pela Divis\u00e3o de Investiga\u00e7\u00f5es sobre Crimes Contra a Administra\u00e7\u00e3o, Combate \u00e0 Corrup\u00e7\u00e3o e Lavagem de Dinheiro.<\/p>\n\n\n\n<div class=\"wp-block-image\"><figure class=\"aligncenter size-large\"><img loading=\"lazy\" decoding=\"async\" width=\"300\" height=\"250\" src=\"https:\/\/jornalfatosenoticias.com.br\/wp-content\/uploads\/2020\/02\/Banner-2.png\" alt=\"\" class=\"wp-image-43787\"\/><\/figure><\/div>\n\n\n\n<p>Os ind\u00edcios apontam que Netto seria s\u00f3cio oculto da Transportes Suzano LTDA, a Suzantur, que originalmente pertencia ao seu irm\u00e3o, \u00c2ngelo Garcia, e hoje \u00e9 administrada oficialmente por Claudinei Brogliatto. A pol\u00edcia investiga se Netto colocou um \u201claranja\u201d no comando da empresa. O suposto crime financeiro est\u00e1 relacionado ao milion\u00e1rio processo de fal\u00eancia da Via\u00e7\u00e3o Itapemirim, uma das maiores empresas de transporte do Brasil, que fechou as portas em 2022.<\/p>\n\n\n\n<div class=\"wp-block-image\"><figure class=\"aligncenter size-large is-resized\"><img loading=\"lazy\" decoding=\"async\" src=\"https:\/\/jornalfatosenoticias.com.br\/wp-content\/uploads\/2023\/09\/vetorvix1024_1.jpg\" alt=\"\" class=\"wp-image-44868\" width=\"520\" height=\"138\" srcset=\"https:\/\/jornalfatosenoticias.com.br\/wp-content\/uploads\/2023\/09\/vetorvix1024_1.jpg 1024w, https:\/\/jornalfatosenoticias.com.br\/wp-content\/uploads\/2023\/09\/vetorvix1024_1-300x80.jpg 300w, https:\/\/jornalfatosenoticias.com.br\/wp-content\/uploads\/2023\/09\/vetorvix1024_1-768x205.jpg 768w\" sizes=\"auto, (max-width: 520px) 100vw, 520px\" \/><\/figure><\/div>\n\n\n\n<p>O delegado perguntou ao juiz Jo\u00e3o Rodrigues Filho, da Vara de Fal\u00eancias e Recupera\u00e7\u00f5es Judiciais, se Netto ou o banco Caruana s\u00e3o credores da Itapemirim. Este of\u00edcio foi enviado em mar\u00e7o deste ano. Um m\u00eas antes, foi revelado que Netto \u00e9 alvo de um inqu\u00e9rito da Pol\u00edcia Federal (PF) que apura uma poss\u00edvel fraude milion\u00e1ria ao sistema financeiro.<\/p>\n\n\n\n<div class=\"wp-block-image\"><figure class=\"aligncenter size-large is-resized\"><img loading=\"lazy\" decoding=\"async\" src=\"https:\/\/jornalfatosenoticias.com.br\/wp-content\/uploads\/2023\/08\/BKR-1024x1021.jpg\" alt=\"\" class=\"wp-image-44494\" width=\"324\" height=\"323\" srcset=\"https:\/\/jornalfatosenoticias.com.br\/wp-content\/uploads\/2023\/08\/BKR-1024x1021.jpg 1024w, https:\/\/jornalfatosenoticias.com.br\/wp-content\/uploads\/2023\/08\/BKR-300x300.jpg 300w, https:\/\/jornalfatosenoticias.com.br\/wp-content\/uploads\/2023\/08\/BKR-150x150.jpg 150w, https:\/\/jornalfatosenoticias.com.br\/wp-content\/uploads\/2023\/08\/BKR-768x766.jpg 768w, https:\/\/jornalfatosenoticias.com.br\/wp-content\/uploads\/2023\/08\/BKR.jpg 1080w\" sizes=\"auto, (max-width: 324px) 100vw, 324px\" \/><\/figure><\/div>\n\n\n\n<p>No \u201cConselh\u00e3o\u201d de Lula, Netto \u00e9 descrito como \u201cempres\u00e1rio do setor de mobilidade urbana, formado em administra\u00e7\u00e3o de empresas\u201d, e fundador da Caruana Financeira S.A., \u201cespecializada no financiamento de inova\u00e7\u00f5es voltadas para o transporte de passageiros\u201d. \u00c9 justamente essa \u201cespecialidade\u201d que est\u00e1 sob investiga\u00e7\u00e3o da Pol\u00edcia Civil. Recentemente, Lula convocou o \u201cConselh\u00e3o\u201d para debater a situa\u00e7\u00e3o no Rio Grande do Sul. Com a Caruana, Netto financiou a compra de \u00f4nibus para a Suzantur em uma parceria iniciada em 2013, quando a empresa passou a ser administrada por Brogliatto. Em 2014, a Suzantur venceu uma licita\u00e7\u00e3o e come\u00e7ou a operar regularmente em Mau\u00e1 (SP).<\/p>\n\n\n\n<div class=\"wp-block-image\"><figure class=\"aligncenter size-large is-resized\"><img loading=\"lazy\" decoding=\"async\" src=\"https:\/\/jornalfatosenoticias.com.br\/wp-content\/uploads\/2020\/02\/CONTROL-CS.jpg\" alt=\"\" class=\"wp-image-44991\" width=\"307\" height=\"368\" srcset=\"https:\/\/jornalfatosenoticias.com.br\/wp-content\/uploads\/2020\/02\/CONTROL-CS.jpg 834w, https:\/\/jornalfatosenoticias.com.br\/wp-content\/uploads\/2020\/02\/CONTROL-CS-250x300.jpg 250w, https:\/\/jornalfatosenoticias.com.br\/wp-content\/uploads\/2020\/02\/CONTROL-CS-768x921.jpg 768w\" sizes=\"auto, (max-width: 307px) 100vw, 307px\" \/><\/figure><\/div>\n\n\n\n<p>A Caruana passou a controlar o sistema de bilhetagem do transporte p\u00fablico de Mau\u00e1, permitindo que o cart\u00e3o de vale-transporte fosse usado como cart\u00e3o de cr\u00e9dito no com\u00e9rcio local, com as linhas de cr\u00e9dito comercializadas pela Caruana. Os lucros dessa parceria saltaram de R$ 6,8 milh\u00f5es em 2015 para R$ 13,1 milh\u00f5es em 2018.<\/p>\n\n\n\n<div class=\"wp-block-image\"><figure class=\"aligncenter size-large\"><img loading=\"lazy\" decoding=\"async\" width=\"300\" height=\"250\" src=\"https:\/\/jornalfatosenoticias.com.br\/wp-content\/uploads\/2022\/02\/FERRARI_MAQUINAS-E-FERRAMENTAS2.jpg\" alt=\"\" class=\"wp-image-27860\"\/><\/figure><\/div>\n\n\n\n<p>Em setembro de 2022, a Suzantur arrendou a estrutura da Itapemirim por 12 meses e come\u00e7ou a operar a marca em mar\u00e7o de 2023. Em abril deste ano, a Suzantur conseguiu renovar o arrendamento da Itapemirim. Relat\u00f3rios apontam que a opera\u00e7\u00e3o gerou R$ 96,5 milh\u00f5es em Receita Bruta Real e R$ 79,2 milh\u00f5es em Receita L\u00edquida Real at\u00e9 janeiro de 2024. A Suzantur pagou \u00e0 massa falida R$ 200 mil mensais e 1,5% extra pelas vendas de passagens durante o arrendamento.<\/p>\n\n\n\n<div class=\"wp-block-image\"><figure class=\"aligncenter size-large is-resized\"><img loading=\"lazy\" decoding=\"async\" src=\"https:\/\/jornalfatosenoticias.com.br\/wp-content\/uploads\/2023\/03\/nova-logo-Marquetti.jpg\" alt=\"\" class=\"wp-image-40207\" width=\"294\" height=\"197\" srcset=\"https:\/\/jornalfatosenoticias.com.br\/wp-content\/uploads\/2023\/03\/nova-logo-Marquetti.jpg 643w, https:\/\/jornalfatosenoticias.com.br\/wp-content\/uploads\/2023\/03\/nova-logo-Marquetti-300x202.jpg 300w\" sizes=\"auto, (max-width: 294px) 100vw, 294px\" \/><\/figure><\/div>\n\n\n\n<p>A negocia\u00e7\u00e3o chamou a aten\u00e7\u00e3o da Pol\u00edcia Civil, que j\u00e1 investigava Netto e a Suzantur por suspeitas de lavagem de dinheiro. Em mar\u00e7o, a Pol\u00edcia comunicou \u00e0 1\u00aa Vara de Fal\u00eancias e Recupera\u00e7\u00f5es Judiciais de S\u00e3o Paulo o andamento do inqu\u00e9rito e pediu informa\u00e7\u00f5es sobre a fiscaliza\u00e7\u00e3o das atividades de arrendamento.<\/p>\n\n\n\n<div class=\"wp-block-image\"><figure class=\"aligncenter size-large is-resized\"><img loading=\"lazy\" decoding=\"async\" src=\"https:\/\/jornalfatosenoticias.com.br\/wp-content\/uploads\/2023\/08\/ITH.jpeg\" alt=\"\" class=\"wp-image-44638\" width=\"321\" height=\"260\" srcset=\"https:\/\/jornalfatosenoticias.com.br\/wp-content\/uploads\/2023\/08\/ITH.jpeg 800w, https:\/\/jornalfatosenoticias.com.br\/wp-content\/uploads\/2023\/08\/ITH-300x244.jpeg 300w, https:\/\/jornalfatosenoticias.com.br\/wp-content\/uploads\/2023\/08\/ITH-768x624.jpeg 768w\" sizes=\"auto, (max-width: 321px) 100vw, 321px\" \/><\/figure><\/div>\n\n\n\n<p>Jos\u00e9 Garcia Netto, diretor-presidente da Caruana S.A., \u00e9 apontado pela Pol\u00edcia Civil como \u201cs\u00f3cio oculto\u201d da Suzantur. Al\u00e9m das investiga\u00e7\u00f5es da Pol\u00edcia Civil, Netto \u00e9 alvo da Pol\u00edcia Federal por suspeita de fraude ao sistema financeiro. A Caruana S.A. foi denunciada pelo Banco Central por manipular a an\u00e1lise cadastral de 31 empresas para que obtivessem empr\u00e9stimos acima de sua capacidade de pagamento entre 2017 e 2019.<\/p>\n\n\n\n<div class=\"wp-block-image\"><figure class=\"aligncenter size-large is-resized\"><img loading=\"lazy\" decoding=\"async\" src=\"https:\/\/jornalfatosenoticias.com.br\/wp-content\/uploads\/2022\/02\/Precisao-Contabilidade-1024x724.jpg\" alt=\"\" class=\"wp-image-28088\" width=\"349\" height=\"247\"\/><\/figure><\/div>\n\n\n\n<p>Os t\u00e9cnicos do Banco Central tamb\u00e9m identificaram uma \u201cmaquiagem\u201d nos c\u00e1lculos feitos pela Caruana para disfar\u00e7ar preju\u00edzos, mascarando um rombo de R$ 143 milh\u00f5es nas contas da financeira.<\/p>\n\n\n\n<div class=\"wp-block-image\"><figure class=\"aligncenter size-large\"><img decoding=\"async\" src=\"https:\/\/jornalfatosenoticias.com.br\/wp-content\/uploads\/2020\/02\/barao-das-carnes-300x164-1.jpg\" alt=\"\" class=\"wp-image-34339\"\/><\/figure><\/div>\n\n\n\n<p>\u201cO Banco Central, no exerc\u00edcio de suas fun\u00e7\u00f5es, apurou a exist\u00eancia de irregularidades praticadas por dirigentes no \u00e2mbito da Caruana consistentes na realiza\u00e7\u00e3o de opera\u00e7\u00f5es de cr\u00e9dito em desacordo com os princ\u00edpios da seletividade, garantia e liquidez, bem como estrutura\u00e7\u00e3o cont\u00e1bil em desacordo com a legisla\u00e7\u00e3o vigente e elabora\u00e7\u00e3o de demonstra\u00e7\u00f5es financeiras e cont\u00e1beis que n\u00e3o refletiam com fidedignidade e clareza a sua real condi\u00e7\u00e3o econ\u00f4mico-financeira\u201d, alega a den\u00fancia do Banco Central. Em fevereiro, questionado pela coluna, o Pal\u00e1cio do Planalto informou que Netto continuar\u00e1 participando do \u201cConselh\u00e3o\u201d, recorrendo ao princ\u00edpio constitucional da presun\u00e7\u00e3o da inoc\u00eancia para justificar sua perman\u00eancia no colegiado. <strong>(Fonte: Hora Bras\u00edlia)<\/strong><\/p>\n\n\n\n<div class=\"wp-block-image\"><figure class=\"aligncenter size-large is-resized\"><img loading=\"lazy\" decoding=\"async\" src=\"https:\/\/jornalfatosenoticias.com.br\/wp-content\/uploads\/2020\/02\/logo-Rapuzel-1024x571.jpg\" alt=\"\" class=\"wp-image-42808\" width=\"368\" height=\"205\" srcset=\"https:\/\/jornalfatosenoticias.com.br\/wp-content\/uploads\/2020\/02\/logo-Rapuzel-1024x571.jpg 1024w, https:\/\/jornalfatosenoticias.com.br\/wp-content\/uploads\/2020\/02\/logo-Rapuzel-300x167.jpg 300w, https:\/\/jornalfatosenoticias.com.br\/wp-content\/uploads\/2020\/02\/logo-Rapuzel-768x428.jpg 768w, https:\/\/jornalfatosenoticias.com.br\/wp-content\/uploads\/2020\/02\/logo-Rapuzel-1536x856.jpg 1536w, https:\/\/jornalfatosenoticias.com.br\/wp-content\/uploads\/2020\/02\/logo-Rapuzel.jpg 1600w\" sizes=\"auto, (max-width: 368px) 100vw, 368px\" \/><\/figure><\/div>\n\n\n\n<hr class=\"wp-block-separator\"\/>\n","protected":false},"excerpt":{"rendered":"<p>De acordo com uma reportagem publicada pelo portal UOL, o governo de Luiz In\u00e1cio Lula da Silva (PT) tem intensificado os pedidos de investiga\u00e7\u00e3o \u00e0 Pol\u00edcia Federal (PF) contra cr\u00edticos e opositores pol\u00edticos. Desde o in\u00edcio do terceiro mandato do petista, houve um significativo aumento dessas a\u00e7\u00f5es. Entre janeiro de 2023 e abril de 2024, [&hellip;]<\/p>\n","protected":false},"author":3,"featured_media":51610,"comment_status":"open","ping_status":"open","sticky":false,"template":"","format":"standard","meta":{"footnotes":""},"categories":[10],"tags":[13889,2149,2147,23631,23632,7580,23629,19846,19279],"class_list":["post-51603","post","type-post","status-publish","format-standard","has-post-thumbnail","hentry","category-politica","tag-alexandre-de-moraes","tag-censura","tag-donald-trump","tag-esquerda-nas-universidades","tag-gastos-exorbitantes-de-judiciario","tag-lula","tag-olavo-de-carvalho","tag-papa-francisco","tag-perseguicao-politica"],"yoast_head":"<!-- This site is optimized with the Yoast SEO plugin v26.5 - https:\/\/yoast.com\/wordpress\/plugins\/seo\/ -->\n<title>A Semana no Brasil e no Mundo \u2014 Governo Lula triplica pedidos de investiga\u00e7\u00e3o a cr\u00edticos e opositores pol\u00edticos \u00e0 PF, informa relat\u00f3rio - Jornal Fatos e Not\u00edcias<\/title>\n<meta name=\"robots\" content=\"index, follow, max-snippet:-1, max-image-preview:large, max-video-preview:-1\" \/>\n<link rel=\"canonical\" href=\"https:\/\/jornalfatosenoticias.com.br\/index.php\/2024\/05\/29\/a-semana-no-brasil-e-no-mundo-governo-lula-triplica-pedidos-de-investigacao-a-criticos-e-opositores-politicos-a-pf-informa-relatorio\/\" \/>\n<meta property=\"og:locale\" content=\"pt_BR\" \/>\n<meta property=\"og:type\" content=\"article\" \/>\n<meta property=\"og:title\" content=\"A Semana no Brasil e no Mundo \u2014 Governo Lula triplica pedidos de investiga\u00e7\u00e3o a cr\u00edticos e opositores pol\u00edticos \u00e0 PF, informa relat\u00f3rio - Jornal Fatos e Not\u00edcias\" \/>\n<meta property=\"og:description\" content=\"De acordo com uma reportagem publicada pelo portal UOL, o governo de Luiz In\u00e1cio Lula da Silva (PT) tem intensificado os pedidos de investiga\u00e7\u00e3o \u00e0 Pol\u00edcia Federal (PF) contra cr\u00edticos e opositores pol\u00edticos. Desde o in\u00edcio do terceiro mandato do petista, houve um significativo aumento dessas a\u00e7\u00f5es. Entre janeiro de 2023 e abril de 2024, [&hellip;]\" \/>\n<meta property=\"og:url\" content=\"https:\/\/jornalfatosenoticias.com.br\/index.php\/2024\/05\/29\/a-semana-no-brasil-e-no-mundo-governo-lula-triplica-pedidos-de-investigacao-a-criticos-e-opositores-politicos-a-pf-informa-relatorio\/\" \/>\n<meta property=\"og:site_name\" content=\"Jornal Fatos e Not\u00edcias\" \/>\n<meta property=\"article:published_time\" content=\"2024-05-29T16:26:05+00:00\" \/>\n<meta property=\"article:modified_time\" content=\"2024-05-29T16:26:11+00:00\" \/>\n<meta property=\"og:image\" content=\"https:\/\/jornalfatosenoticias.com.br\/wp-content\/uploads\/2024\/05\/Lula-investigacao-criticos_gettyimages.jpg\" \/>\n\t<meta property=\"og:image:width\" content=\"612\" \/>\n\t<meta property=\"og:image:height\" content=\"408\" \/>\n\t<meta property=\"og:image:type\" content=\"image\/jpeg\" \/>\n<meta name=\"author\" content=\"Haroldo Filho\" \/>\n<meta name=\"twitter:card\" content=\"summary_large_image\" \/>\n<meta name=\"twitter:label1\" content=\"Escrito por\" \/>\n\t<meta name=\"twitter:data1\" content=\"Haroldo Filho\" \/>\n\t<meta name=\"twitter:label2\" content=\"Est. tempo de leitura\" \/>\n\t<meta name=\"twitter:data2\" content=\"16 minutos\" \/>\n<script type=\"application\/ld+json\" class=\"yoast-schema-graph\">{\"@context\":\"https:\/\/schema.org\",\"@graph\":[{\"@type\":\"Article\",\"@id\":\"https:\/\/jornalfatosenoticias.com.br\/index.php\/2024\/05\/29\/a-semana-no-brasil-e-no-mundo-governo-lula-triplica-pedidos-de-investigacao-a-criticos-e-opositores-politicos-a-pf-informa-relatorio\/#article\",\"isPartOf\":{\"@id\":\"https:\/\/jornalfatosenoticias.com.br\/index.php\/2024\/05\/29\/a-semana-no-brasil-e-no-mundo-governo-lula-triplica-pedidos-de-investigacao-a-criticos-e-opositores-politicos-a-pf-informa-relatorio\/\"},\"author\":{\"name\":\"Haroldo Filho\",\"@id\":\"https:\/\/jornalfatosenoticias.com.br\/#\/schema\/person\/05c46cc25b42a5c27e004fb0fa6b4965\"},\"headline\":\"A Semana no Brasil e no Mundo \u2014 Governo Lula triplica pedidos de investiga\u00e7\u00e3o a cr\u00edticos e opositores pol\u00edticos \u00e0 PF, informa relat\u00f3rio\",\"datePublished\":\"2024-05-29T16:26:05+00:00\",\"dateModified\":\"2024-05-29T16:26:11+00:00\",\"mainEntityOfPage\":{\"@id\":\"https:\/\/jornalfatosenoticias.com.br\/index.php\/2024\/05\/29\/a-semana-no-brasil-e-no-mundo-governo-lula-triplica-pedidos-de-investigacao-a-criticos-e-opositores-politicos-a-pf-informa-relatorio\/\"},\"wordCount\":3170,\"commentCount\":0,\"publisher\":{\"@id\":\"https:\/\/jornalfatosenoticias.com.br\/#organization\"},\"image\":{\"@id\":\"https:\/\/jornalfatosenoticias.com.br\/index.php\/2024\/05\/29\/a-semana-no-brasil-e-no-mundo-governo-lula-triplica-pedidos-de-investigacao-a-criticos-e-opositores-politicos-a-pf-informa-relatorio\/#primaryimage\"},\"thumbnailUrl\":\"https:\/\/jornalfatosenoticias.com.br\/wp-content\/uploads\/2024\/05\/Lula-investigacao-criticos_gettyimages.jpg\",\"keywords\":[\"Alexandre de Moraes\",\"censura\",\"Donald Trump\",\"esquerda nas universidades\",\"gastos exorbitantes de judici\u00e1rio\",\"Lula\",\"Olavo de Carvalho\",\"papa Francisco\",\"persegui\u00e7\u00e3o pol\u00edtica\"],\"articleSection\":[\"Pol\u00edtica\"],\"inLanguage\":\"pt-BR\",\"potentialAction\":[{\"@type\":\"CommentAction\",\"name\":\"Comment\",\"target\":[\"https:\/\/jornalfatosenoticias.com.br\/index.php\/2024\/05\/29\/a-semana-no-brasil-e-no-mundo-governo-lula-triplica-pedidos-de-investigacao-a-criticos-e-opositores-politicos-a-pf-informa-relatorio\/#respond\"]}]},{\"@type\":\"WebPage\",\"@id\":\"https:\/\/jornalfatosenoticias.com.br\/index.php\/2024\/05\/29\/a-semana-no-brasil-e-no-mundo-governo-lula-triplica-pedidos-de-investigacao-a-criticos-e-opositores-politicos-a-pf-informa-relatorio\/\",\"url\":\"https:\/\/jornalfatosenoticias.com.br\/index.php\/2024\/05\/29\/a-semana-no-brasil-e-no-mundo-governo-lula-triplica-pedidos-de-investigacao-a-criticos-e-opositores-politicos-a-pf-informa-relatorio\/\",\"name\":\"A Semana no Brasil e no Mundo \u2014 Governo Lula triplica pedidos de investiga\u00e7\u00e3o a cr\u00edticos e opositores pol\u00edticos \u00e0 PF, informa relat\u00f3rio - Jornal Fatos e Not\u00edcias\",\"isPartOf\":{\"@id\":\"https:\/\/jornalfatosenoticias.com.br\/#website\"},\"primaryImageOfPage\":{\"@id\":\"https:\/\/jornalfatosenoticias.com.br\/index.php\/2024\/05\/29\/a-semana-no-brasil-e-no-mundo-governo-lula-triplica-pedidos-de-investigacao-a-criticos-e-opositores-politicos-a-pf-informa-relatorio\/#primaryimage\"},\"image\":{\"@id\":\"https:\/\/jornalfatosenoticias.com.br\/index.php\/2024\/05\/29\/a-semana-no-brasil-e-no-mundo-governo-lula-triplica-pedidos-de-investigacao-a-criticos-e-opositores-politicos-a-pf-informa-relatorio\/#primaryimage\"},\"thumbnailUrl\":\"https:\/\/jornalfatosenoticias.com.br\/wp-content\/uploads\/2024\/05\/Lula-investigacao-criticos_gettyimages.jpg\",\"datePublished\":\"2024-05-29T16:26:05+00:00\",\"dateModified\":\"2024-05-29T16:26:11+00:00\",\"breadcrumb\":{\"@id\":\"https:\/\/jornalfatosenoticias.com.br\/index.php\/2024\/05\/29\/a-semana-no-brasil-e-no-mundo-governo-lula-triplica-pedidos-de-investigacao-a-criticos-e-opositores-politicos-a-pf-informa-relatorio\/#breadcrumb\"},\"inLanguage\":\"pt-BR\",\"potentialAction\":[{\"@type\":\"ReadAction\",\"target\":[\"https:\/\/jornalfatosenoticias.com.br\/index.php\/2024\/05\/29\/a-semana-no-brasil-e-no-mundo-governo-lula-triplica-pedidos-de-investigacao-a-criticos-e-opositores-politicos-a-pf-informa-relatorio\/\"]}]},{\"@type\":\"ImageObject\",\"inLanguage\":\"pt-BR\",\"@id\":\"https:\/\/jornalfatosenoticias.com.br\/index.php\/2024\/05\/29\/a-semana-no-brasil-e-no-mundo-governo-lula-triplica-pedidos-de-investigacao-a-criticos-e-opositores-politicos-a-pf-informa-relatorio\/#primaryimage\",\"url\":\"https:\/\/jornalfatosenoticias.com.br\/wp-content\/uploads\/2024\/05\/Lula-investigacao-criticos_gettyimages.jpg\",\"contentUrl\":\"https:\/\/jornalfatosenoticias.com.br\/wp-content\/uploads\/2024\/05\/Lula-investigacao-criticos_gettyimages.jpg\",\"width\":612,\"height\":408,\"caption\":\"Brazilian President Luiz Inacio Lula da Silva speaks during an event to announce a new infrastructure investment program, at Planalto Palace in Brasilia on May 8, 2024. (Photo by Evaristo SA \/ AFP) (Photo by EVARISTO SA\/AFP via Getty Images)\"},{\"@type\":\"BreadcrumbList\",\"@id\":\"https:\/\/jornalfatosenoticias.com.br\/index.php\/2024\/05\/29\/a-semana-no-brasil-e-no-mundo-governo-lula-triplica-pedidos-de-investigacao-a-criticos-e-opositores-politicos-a-pf-informa-relatorio\/#breadcrumb\",\"itemListElement\":[{\"@type\":\"ListItem\",\"position\":1,\"name\":\"In\u00edcio\",\"item\":\"https:\/\/jornalfatosenoticias.com.br\/\"},{\"@type\":\"ListItem\",\"position\":2,\"name\":\"A Semana no Brasil e no Mundo \u2014 Governo Lula triplica pedidos de investiga\u00e7\u00e3o a cr\u00edticos e opositores pol\u00edticos \u00e0 PF, informa relat\u00f3rio\"}]},{\"@type\":\"WebSite\",\"@id\":\"https:\/\/jornalfatosenoticias.com.br\/#website\",\"url\":\"https:\/\/jornalfatosenoticias.com.br\/\",\"name\":\"Jornal Fatos e Not\u00edcias\",\"description\":\"Not\u00edcias em geral\",\"publisher\":{\"@id\":\"https:\/\/jornalfatosenoticias.com.br\/#organization\"},\"potentialAction\":[{\"@type\":\"SearchAction\",\"target\":{\"@type\":\"EntryPoint\",\"urlTemplate\":\"https:\/\/jornalfatosenoticias.com.br\/?s={search_term_string}\"},\"query-input\":{\"@type\":\"PropertyValueSpecification\",\"valueRequired\":true,\"valueName\":\"search_term_string\"}}],\"inLanguage\":\"pt-BR\"},{\"@type\":\"Organization\",\"@id\":\"https:\/\/jornalfatosenoticias.com.br\/#organization\",\"name\":\"Jornal Fatos e Not\u00edcias\",\"url\":\"https:\/\/jornalfatosenoticias.com.br\/\",\"logo\":{\"@type\":\"ImageObject\",\"inLanguage\":\"pt-BR\",\"@id\":\"https:\/\/jornalfatosenoticias.com.br\/#\/schema\/logo\/image\/\",\"url\":\"https:\/\/jornalfatosenoticias.com.br\/wp-content\/uploads\/2020\/02\/logo120.png\",\"contentUrl\":\"https:\/\/jornalfatosenoticias.com.br\/wp-content\/uploads\/2020\/02\/logo120.png\",\"width\":1227,\"height\":120,\"caption\":\"Jornal Fatos e Not\u00edcias\"},\"image\":{\"@id\":\"https:\/\/jornalfatosenoticias.com.br\/#\/schema\/logo\/image\/\"}},{\"@type\":\"Person\",\"@id\":\"https:\/\/jornalfatosenoticias.com.br\/#\/schema\/person\/05c46cc25b42a5c27e004fb0fa6b4965\",\"name\":\"Haroldo Filho\",\"image\":{\"@type\":\"ImageObject\",\"inLanguage\":\"pt-BR\",\"@id\":\"https:\/\/jornalfatosenoticias.com.br\/#\/schema\/person\/image\/\",\"url\":\"https:\/\/jornalfatosenoticias.com.br\/wp-content\/uploads\/2025\/08\/WhatsApp-Image-2025-08-18-at-15.30.28-150x150.jpeg\",\"contentUrl\":\"https:\/\/jornalfatosenoticias.com.br\/wp-content\/uploads\/2025\/08\/WhatsApp-Image-2025-08-18-at-15.30.28-150x150.jpeg\",\"caption\":\"Haroldo Filho\"},\"description\":\"Jornalista \u2013 DRT: 0003818\/ES Coordenador-geral da ONG Educar para Crescer\",\"url\":\"https:\/\/jornalfatosenoticias.com.br\/index.php\/author\/haroldo\/\"}]}<\/script>\n<!-- \/ Yoast SEO plugin. -->","yoast_head_json":{"title":"A Semana no Brasil e no Mundo \u2014 Governo Lula triplica pedidos de investiga\u00e7\u00e3o a cr\u00edticos e opositores pol\u00edticos \u00e0 PF, informa relat\u00f3rio - Jornal Fatos e Not\u00edcias","robots":{"index":"index","follow":"follow","max-snippet":"max-snippet:-1","max-image-preview":"max-image-preview:large","max-video-preview":"max-video-preview:-1"},"canonical":"https:\/\/jornalfatosenoticias.com.br\/index.php\/2024\/05\/29\/a-semana-no-brasil-e-no-mundo-governo-lula-triplica-pedidos-de-investigacao-a-criticos-e-opositores-politicos-a-pf-informa-relatorio\/","og_locale":"pt_BR","og_type":"article","og_title":"A Semana no Brasil e no Mundo \u2014 Governo Lula triplica pedidos de investiga\u00e7\u00e3o a cr\u00edticos e opositores pol\u00edticos \u00e0 PF, informa relat\u00f3rio - Jornal Fatos e Not\u00edcias","og_description":"De acordo com uma reportagem publicada pelo portal UOL, o governo de Luiz In\u00e1cio Lula da Silva (PT) tem intensificado os pedidos de investiga\u00e7\u00e3o \u00e0 Pol\u00edcia Federal (PF) contra cr\u00edticos e opositores pol\u00edticos. Desde o in\u00edcio do terceiro mandato do petista, houve um significativo aumento dessas a\u00e7\u00f5es. Entre janeiro de 2023 e abril de 2024, [&hellip;]","og_url":"https:\/\/jornalfatosenoticias.com.br\/index.php\/2024\/05\/29\/a-semana-no-brasil-e-no-mundo-governo-lula-triplica-pedidos-de-investigacao-a-criticos-e-opositores-politicos-a-pf-informa-relatorio\/","og_site_name":"Jornal Fatos e Not\u00edcias","article_published_time":"2024-05-29T16:26:05+00:00","article_modified_time":"2024-05-29T16:26:11+00:00","og_image":[{"width":612,"height":408,"url":"https:\/\/jornalfatosenoticias.com.br\/wp-content\/uploads\/2024\/05\/Lula-investigacao-criticos_gettyimages.jpg","type":"image\/jpeg"}],"author":"Haroldo Filho","twitter_card":"summary_large_image","twitter_misc":{"Escrito por":"Haroldo Filho","Est. tempo de leitura":"16 minutos"},"schema":{"@context":"https:\/\/schema.org","@graph":[{"@type":"Article","@id":"https:\/\/jornalfatosenoticias.com.br\/index.php\/2024\/05\/29\/a-semana-no-brasil-e-no-mundo-governo-lula-triplica-pedidos-de-investigacao-a-criticos-e-opositores-politicos-a-pf-informa-relatorio\/#article","isPartOf":{"@id":"https:\/\/jornalfatosenoticias.com.br\/index.php\/2024\/05\/29\/a-semana-no-brasil-e-no-mundo-governo-lula-triplica-pedidos-de-investigacao-a-criticos-e-opositores-politicos-a-pf-informa-relatorio\/"},"author":{"name":"Haroldo Filho","@id":"https:\/\/jornalfatosenoticias.com.br\/#\/schema\/person\/05c46cc25b42a5c27e004fb0fa6b4965"},"headline":"A Semana no Brasil e no Mundo \u2014 Governo Lula triplica pedidos de investiga\u00e7\u00e3o a cr\u00edticos e opositores pol\u00edticos \u00e0 PF, informa relat\u00f3rio","datePublished":"2024-05-29T16:26:05+00:00","dateModified":"2024-05-29T16:26:11+00:00","mainEntityOfPage":{"@id":"https:\/\/jornalfatosenoticias.com.br\/index.php\/2024\/05\/29\/a-semana-no-brasil-e-no-mundo-governo-lula-triplica-pedidos-de-investigacao-a-criticos-e-opositores-politicos-a-pf-informa-relatorio\/"},"wordCount":3170,"commentCount":0,"publisher":{"@id":"https:\/\/jornalfatosenoticias.com.br\/#organization"},"image":{"@id":"https:\/\/jornalfatosenoticias.com.br\/index.php\/2024\/05\/29\/a-semana-no-brasil-e-no-mundo-governo-lula-triplica-pedidos-de-investigacao-a-criticos-e-opositores-politicos-a-pf-informa-relatorio\/#primaryimage"},"thumbnailUrl":"https:\/\/jornalfatosenoticias.com.br\/wp-content\/uploads\/2024\/05\/Lula-investigacao-criticos_gettyimages.jpg","keywords":["Alexandre de Moraes","censura","Donald Trump","esquerda nas universidades","gastos exorbitantes de judici\u00e1rio","Lula","Olavo de Carvalho","papa Francisco","persegui\u00e7\u00e3o pol\u00edtica"],"articleSection":["Pol\u00edtica"],"inLanguage":"pt-BR","potentialAction":[{"@type":"CommentAction","name":"Comment","target":["https:\/\/jornalfatosenoticias.com.br\/index.php\/2024\/05\/29\/a-semana-no-brasil-e-no-mundo-governo-lula-triplica-pedidos-de-investigacao-a-criticos-e-opositores-politicos-a-pf-informa-relatorio\/#respond"]}]},{"@type":"WebPage","@id":"https:\/\/jornalfatosenoticias.com.br\/index.php\/2024\/05\/29\/a-semana-no-brasil-e-no-mundo-governo-lula-triplica-pedidos-de-investigacao-a-criticos-e-opositores-politicos-a-pf-informa-relatorio\/","url":"https:\/\/jornalfatosenoticias.com.br\/index.php\/2024\/05\/29\/a-semana-no-brasil-e-no-mundo-governo-lula-triplica-pedidos-de-investigacao-a-criticos-e-opositores-politicos-a-pf-informa-relatorio\/","name":"A Semana no Brasil e no Mundo \u2014 Governo Lula triplica pedidos de investiga\u00e7\u00e3o a cr\u00edticos e opositores pol\u00edticos \u00e0 PF, informa relat\u00f3rio - Jornal Fatos e Not\u00edcias","isPartOf":{"@id":"https:\/\/jornalfatosenoticias.com.br\/#website"},"primaryImageOfPage":{"@id":"https:\/\/jornalfatosenoticias.com.br\/index.php\/2024\/05\/29\/a-semana-no-brasil-e-no-mundo-governo-lula-triplica-pedidos-de-investigacao-a-criticos-e-opositores-politicos-a-pf-informa-relatorio\/#primaryimage"},"image":{"@id":"https:\/\/jornalfatosenoticias.com.br\/index.php\/2024\/05\/29\/a-semana-no-brasil-e-no-mundo-governo-lula-triplica-pedidos-de-investigacao-a-criticos-e-opositores-politicos-a-pf-informa-relatorio\/#primaryimage"},"thumbnailUrl":"https:\/\/jornalfatosenoticias.com.br\/wp-content\/uploads\/2024\/05\/Lula-investigacao-criticos_gettyimages.jpg","datePublished":"2024-05-29T16:26:05+00:00","dateModified":"2024-05-29T16:26:11+00:00","breadcrumb":{"@id":"https:\/\/jornalfatosenoticias.com.br\/index.php\/2024\/05\/29\/a-semana-no-brasil-e-no-mundo-governo-lula-triplica-pedidos-de-investigacao-a-criticos-e-opositores-politicos-a-pf-informa-relatorio\/#breadcrumb"},"inLanguage":"pt-BR","potentialAction":[{"@type":"ReadAction","target":["https:\/\/jornalfatosenoticias.com.br\/index.php\/2024\/05\/29\/a-semana-no-brasil-e-no-mundo-governo-lula-triplica-pedidos-de-investigacao-a-criticos-e-opositores-politicos-a-pf-informa-relatorio\/"]}]},{"@type":"ImageObject","inLanguage":"pt-BR","@id":"https:\/\/jornalfatosenoticias.com.br\/index.php\/2024\/05\/29\/a-semana-no-brasil-e-no-mundo-governo-lula-triplica-pedidos-de-investigacao-a-criticos-e-opositores-politicos-a-pf-informa-relatorio\/#primaryimage","url":"https:\/\/jornalfatosenoticias.com.br\/wp-content\/uploads\/2024\/05\/Lula-investigacao-criticos_gettyimages.jpg","contentUrl":"https:\/\/jornalfatosenoticias.com.br\/wp-content\/uploads\/2024\/05\/Lula-investigacao-criticos_gettyimages.jpg","width":612,"height":408,"caption":"Brazilian President Luiz Inacio Lula da Silva speaks during an event to announce a new infrastructure investment program, at Planalto Palace in Brasilia on May 8, 2024. (Photo by Evaristo SA \/ AFP) (Photo by EVARISTO SA\/AFP via Getty Images)"},{"@type":"BreadcrumbList","@id":"https:\/\/jornalfatosenoticias.com.br\/index.php\/2024\/05\/29\/a-semana-no-brasil-e-no-mundo-governo-lula-triplica-pedidos-de-investigacao-a-criticos-e-opositores-politicos-a-pf-informa-relatorio\/#breadcrumb","itemListElement":[{"@type":"ListItem","position":1,"name":"In\u00edcio","item":"https:\/\/jornalfatosenoticias.com.br\/"},{"@type":"ListItem","position":2,"name":"A Semana no Brasil e no Mundo \u2014 Governo Lula triplica pedidos de investiga\u00e7\u00e3o a cr\u00edticos e opositores pol\u00edticos \u00e0 PF, informa relat\u00f3rio"}]},{"@type":"WebSite","@id":"https:\/\/jornalfatosenoticias.com.br\/#website","url":"https:\/\/jornalfatosenoticias.com.br\/","name":"Jornal Fatos e Not\u00edcias","description":"Not\u00edcias em geral","publisher":{"@id":"https:\/\/jornalfatosenoticias.com.br\/#organization"},"potentialAction":[{"@type":"SearchAction","target":{"@type":"EntryPoint","urlTemplate":"https:\/\/jornalfatosenoticias.com.br\/?s={search_term_string}"},"query-input":{"@type":"PropertyValueSpecification","valueRequired":true,"valueName":"search_term_string"}}],"inLanguage":"pt-BR"},{"@type":"Organization","@id":"https:\/\/jornalfatosenoticias.com.br\/#organization","name":"Jornal Fatos e Not\u00edcias","url":"https:\/\/jornalfatosenoticias.com.br\/","logo":{"@type":"ImageObject","inLanguage":"pt-BR","@id":"https:\/\/jornalfatosenoticias.com.br\/#\/schema\/logo\/image\/","url":"https:\/\/jornalfatosenoticias.com.br\/wp-content\/uploads\/2020\/02\/logo120.png","contentUrl":"https:\/\/jornalfatosenoticias.com.br\/wp-content\/uploads\/2020\/02\/logo120.png","width":1227,"height":120,"caption":"Jornal Fatos e Not\u00edcias"},"image":{"@id":"https:\/\/jornalfatosenoticias.com.br\/#\/schema\/logo\/image\/"}},{"@type":"Person","@id":"https:\/\/jornalfatosenoticias.com.br\/#\/schema\/person\/05c46cc25b42a5c27e004fb0fa6b4965","name":"Haroldo Filho","image":{"@type":"ImageObject","inLanguage":"pt-BR","@id":"https:\/\/jornalfatosenoticias.com.br\/#\/schema\/person\/image\/","url":"https:\/\/jornalfatosenoticias.com.br\/wp-content\/uploads\/2025\/08\/WhatsApp-Image-2025-08-18-at-15.30.28-150x150.jpeg","contentUrl":"https:\/\/jornalfatosenoticias.com.br\/wp-content\/uploads\/2025\/08\/WhatsApp-Image-2025-08-18-at-15.30.28-150x150.jpeg","caption":"Haroldo Filho"},"description":"Jornalista \u2013 DRT: 0003818\/ES Coordenador-geral da ONG Educar para Crescer","url":"https:\/\/jornalfatosenoticias.com.br\/index.php\/author\/haroldo\/"}]}},"cc_featured_image_caption":{"caption_text":"","source_text":"","source_url":""},"jetpack_featured_media_url":"https:\/\/jornalfatosenoticias.com.br\/wp-content\/uploads\/2024\/05\/Lula-investigacao-criticos_gettyimages.jpg","_links":{"self":[{"href":"https:\/\/jornalfatosenoticias.com.br\/index.php\/wp-json\/wp\/v2\/posts\/51603","targetHints":{"allow":["GET"]}}],"collection":[{"href":"https:\/\/jornalfatosenoticias.com.br\/index.php\/wp-json\/wp\/v2\/posts"}],"about":[{"href":"https:\/\/jornalfatosenoticias.com.br\/index.php\/wp-json\/wp\/v2\/types\/post"}],"author":[{"embeddable":true,"href":"https:\/\/jornalfatosenoticias.com.br\/index.php\/wp-json\/wp\/v2\/users\/3"}],"replies":[{"embeddable":true,"href":"https:\/\/jornalfatosenoticias.com.br\/index.php\/wp-json\/wp\/v2\/comments?post=51603"}],"version-history":[{"count":0,"href":"https:\/\/jornalfatosenoticias.com.br\/index.php\/wp-json\/wp\/v2\/posts\/51603\/revisions"}],"wp:featuredmedia":[{"embeddable":true,"href":"https:\/\/jornalfatosenoticias.com.br\/index.php\/wp-json\/wp\/v2\/media\/51610"}],"wp:attachment":[{"href":"https:\/\/jornalfatosenoticias.com.br\/index.php\/wp-json\/wp\/v2\/media?parent=51603"}],"wp:term":[{"taxonomy":"category","embeddable":true,"href":"https:\/\/jornalfatosenoticias.com.br\/index.php\/wp-json\/wp\/v2\/categories?post=51603"},{"taxonomy":"post_tag","embeddable":true,"href":"https:\/\/jornalfatosenoticias.com.br\/index.php\/wp-json\/wp\/v2\/tags?post=51603"}],"curies":[{"name":"wp","href":"https:\/\/api.w.org\/{rel}","templated":true}]}}