{"id":51641,"date":"2024-05-31T15:31:23","date_gmt":"2024-05-31T18:31:23","guid":{"rendered":"https:\/\/jornalfatosenoticias.com.br\/?p=51641"},"modified":"2024-05-31T15:31:24","modified_gmt":"2024-05-31T18:31:24","slug":"populacao-de-lince-iberico-ultrapassa-os-dois-mil-exemplares-na-peninsula-iberica","status":"publish","type":"post","link":"https:\/\/jornalfatosenoticias.com.br\/index.php\/2024\/05\/31\/populacao-de-lince-iberico-ultrapassa-os-dois-mil-exemplares-na-peninsula-iberica\/","title":{"rendered":"Popula\u00e7\u00e3o de lince-ib\u00e9rico ultrapassa os dois mil exemplares na Pen\u00ednsula Ib\u00e9rica"},"content":{"rendered":"\n<p><span class=\"has-inline-color has-black-color\">Por <\/span><a href=\"https:\/\/greensavers.sapo.pt\/author\/green-savers-com-lusa\/\"><strong>Green Savers\/Lusa<\/strong><\/a><\/p>\n\n\n\n<div class=\"wp-block-image\"><figure class=\"aligncenter size-large\"><img loading=\"lazy\" decoding=\"async\" width=\"1024\" height=\"100\" src=\"https:\/\/jornalfatosenoticias.com.br\/wp-content\/uploads\/2020\/02\/banner_ferramentas-1024x100.jpg\" alt=\"\" class=\"wp-image-1258\" srcset=\"https:\/\/jornalfatosenoticias.com.br\/wp-content\/uploads\/2020\/02\/banner_ferramentas-1024x100.jpg 1024w, https:\/\/jornalfatosenoticias.com.br\/wp-content\/uploads\/2020\/02\/banner_ferramentas-300x29.jpg 300w, https:\/\/jornalfatosenoticias.com.br\/wp-content\/uploads\/2020\/02\/banner_ferramentas-768x75.jpg 768w, https:\/\/jornalfatosenoticias.com.br\/wp-content\/uploads\/2020\/02\/banner_ferramentas.jpg 1227w\" sizes=\"auto, (max-width: 1024px) 100vw, 1024px\" \/><\/figure><\/div>\n\n\n\n<p>A popula\u00e7\u00e3o de lince-ib\u00e9rico atingiu os 2.021 exemplares em 2023 na Pen\u00ednsula Ib\u00e9rica, quando no ano anterior era de 1.668, segundo o censo realizado anualmente pelo projeto European Life para a conserva\u00e7\u00e3o deste felino. Este censo \u00e9 desenvolvido pelo projeto LynxConnect e \u00e9 coordenado pela Junta da Andaluzia, reunindo v\u00e1rias comunidades aut\u00f3nomas e Portugal.<br>Os dados mostram que em Portugal, no Vale do Guadiana, havia no ano passado 53 f\u00eameas reprodutoras, 100 filhotes e um total de 291 exemplares. Em Espanha, na Andaluzia, a popula\u00e7\u00e3o de Do\u00f1ana-Aljarafe passou de 108 para 130. Em And\u00fajar Carde\u00f1a subiu de 268 para 271, Guadalmellato de 40 para 41 e em Guarrizas de 167 para 201 linces.<\/p>\n\n\n\n<div class=\"wp-block-image\"><figure class=\"aligncenter size-large\"><img loading=\"lazy\" decoding=\"async\" width=\"300\" height=\"250\" src=\"https:\/\/jornalfatosenoticias.com.br\/wp-content\/uploads\/2020\/02\/Banner-2.png\" alt=\"\" class=\"wp-image-43787\"\/><\/figure><\/div>\n\n\n\n<p>A popula\u00e7\u00e3o de Setefilla passou de nove para 11, Las Minas caiu de 17 para 11, Guazurejos, de um para tr\u00eas e a nova popula\u00e7\u00e3o de Sierra Arana, alimentada basicamente por reintrodu\u00e7\u00f5es, passou de cinco para 13 exemplares em 2023. No total, a popula\u00e7\u00e3o andaluza chega a 686 do total de 2.021, n\u00famero que inclui 406 f\u00eameas reprodutoras e 722 filhotes.<\/p>\n\n\n\n<div class=\"wp-block-image\"><figure class=\"aligncenter size-large is-resized\"><img loading=\"lazy\" decoding=\"async\" src=\"https:\/\/jornalfatosenoticias.com.br\/wp-content\/uploads\/2020\/02\/CONTROL-CS.jpg\" alt=\"\" class=\"wp-image-44991\" width=\"343\" height=\"411\" srcset=\"https:\/\/jornalfatosenoticias.com.br\/wp-content\/uploads\/2020\/02\/CONTROL-CS.jpg 834w, https:\/\/jornalfatosenoticias.com.br\/wp-content\/uploads\/2020\/02\/CONTROL-CS-250x300.jpg 250w, https:\/\/jornalfatosenoticias.com.br\/wp-content\/uploads\/2020\/02\/CONTROL-CS-768x921.jpg 768w\" sizes=\"auto, (max-width: 343px) 100vw, 343px\" \/><\/figure><\/div>\n\n\n\n<p>O lince foi considerado criticamente amea\u00e7ado no in\u00edcio do s\u00e9culo, quando restavam uma centena de exemplares e apenas na Andaluzia. Hoje, segundo a Life, \u201cum n\u00famero indeterminado dispersou-se pela Pen\u00ednsula Ib\u00e9rica, alguns at\u00e9 fixando-se em \u00e1reas n\u00e3o inicialmente contempladas pelos trabalhos de conserva\u00e7\u00e3o\u201d. Estes assentamentos naturais s\u00e3o os da Extremadura de Ortiga (nove exemplares) e Valdeca\u00f1as (10). Tamb\u00e9m La Jara, que se junta a Las Minas, Setefilla, Ibores, R\u00edo Sotillo, Valdecig\u00fce\u00f1as, Guazurejos e Cornalvo em 2023 como \u00e1reas de assentamento natural da esp\u00e9cie.<\/p>\n\n\n\n<div class=\"wp-block-image\"><figure class=\"aligncenter size-large is-resized\"><img loading=\"lazy\" decoding=\"async\" src=\"https:\/\/jornalfatosenoticias.com.br\/wp-content\/uploads\/2023\/03\/logo-Panper_portal.jpg\" alt=\"\" class=\"wp-image-40208\" width=\"316\" height=\"219\" srcset=\"https:\/\/jornalfatosenoticias.com.br\/wp-content\/uploads\/2023\/03\/logo-Panper_portal.jpg 400w, https:\/\/jornalfatosenoticias.com.br\/wp-content\/uploads\/2023\/03\/logo-Panper_portal-300x208.jpg 300w\" sizes=\"auto, (max-width: 316px) 100vw, 316px\" \/><\/figure><\/div>\n\n\n\n<p>A Life sublinha que a \u201ctend\u00eancia ascendente\u201d dos linces continua, com movimentos dispersos a partir das diferentes \u00e1reas de presen\u00e7a est\u00e1vel, e estendendo-se por uma superf\u00edcie indefinida da Pen\u00ednsula. Durante 2023, o projeto Lynxconnect libertou 34 linces nas \u00e1reas de reintrodu\u00e7\u00e3o criadas em projetos Life anteriores e em pontos selecionados. Quanto \u00e0 mortalidade, no ano passado foi registada a morte de 189 exemplares de lince-ib\u00e9rico, sendo uma das causas mais detect\u00e1veis os atropelamentos, que afetaram atualmente 7% da popula\u00e7\u00e3o total, quando no ano passado eram 6%.<\/p>\n\n\n\n<div class=\"wp-block-image\"><figure class=\"aligncenter size-large is-resized\"><img loading=\"lazy\" decoding=\"async\" src=\"https:\/\/jornalfatosenoticias.com.br\/wp-content\/uploads\/2023\/12\/pegoretti-logo-pdf-1024x389.jpg\" alt=\"\" class=\"wp-image-47536\" width=\"498\" height=\"189\" srcset=\"https:\/\/jornalfatosenoticias.com.br\/wp-content\/uploads\/2023\/12\/pegoretti-logo-pdf-1024x389.jpg 1024w, https:\/\/jornalfatosenoticias.com.br\/wp-content\/uploads\/2023\/12\/pegoretti-logo-pdf-300x114.jpg 300w, https:\/\/jornalfatosenoticias.com.br\/wp-content\/uploads\/2023\/12\/pegoretti-logo-pdf-768x291.jpg 768w, https:\/\/jornalfatosenoticias.com.br\/wp-content\/uploads\/2023\/12\/pegoretti-logo-pdf.jpg 1120w\" sizes=\"auto, (max-width: 498px) 100vw, 498px\" \/><\/figure><\/div>\n\n\n\n<p><strong><em>Fonte: <a href=\"https:\/\/greensavers.sapo.pt\/populacao-de-lince-iberico-ultrapassa-os-dois-mil-exemplares-na-peninsula-iberica\/\">Green Savers<\/a><\/em><\/strong><\/p>\n","protected":false},"excerpt":{"rendered":"<p>Por Green Savers\/Lusa A popula\u00e7\u00e3o de lince-ib\u00e9rico atingiu os 2.021 exemplares em 2023 na Pen\u00ednsula Ib\u00e9rica, quando no ano anterior era de 1.668, segundo o censo realizado anualmente pelo projeto European Life para a conserva\u00e7\u00e3o deste felino. Este censo \u00e9 desenvolvido pelo projeto LynxConnect e \u00e9 coordenado pela Junta da Andaluzia, reunindo v\u00e1rias comunidades aut\u00f3nomas [&hellip;]<\/p>\n","protected":false},"author":2,"featured_media":51642,"comment_status":"open","ping_status":"open","sticky":false,"template":"","format":"standard","meta":{"footnotes":""},"categories":[8],"tags":[219,1070,23650,23651,23652],"class_list":["post-51641","post","type-post","status-publish","format-standard","has-post-thumbnail","hentry","category-meio-ambiente","tag-extincao","tag-felino","tag-lince","tag-lince-iberico","tag-peninsula-iberica"],"yoast_head":"<!-- This site is optimized with the Yoast SEO plugin v26.5 - https:\/\/yoast.com\/wordpress\/plugins\/seo\/ -->\n<title>Popula\u00e7\u00e3o de lince-ib\u00e9rico ultrapassa os dois mil exemplares na Pen\u00ednsula Ib\u00e9rica - Jornal Fatos e Not\u00edcias<\/title>\n<meta name=\"robots\" content=\"index, follow, max-snippet:-1, max-image-preview:large, max-video-preview:-1\" \/>\n<link rel=\"canonical\" href=\"https:\/\/jornalfatosenoticias.com.br\/index.php\/2024\/05\/31\/populacao-de-lince-iberico-ultrapassa-os-dois-mil-exemplares-na-peninsula-iberica\/\" \/>\n<meta property=\"og:locale\" content=\"pt_BR\" \/>\n<meta property=\"og:type\" content=\"article\" \/>\n<meta property=\"og:title\" content=\"Popula\u00e7\u00e3o de lince-ib\u00e9rico ultrapassa os dois mil exemplares na Pen\u00ednsula Ib\u00e9rica - Jornal Fatos e Not\u00edcias\" \/>\n<meta property=\"og:description\" content=\"Por Green Savers\/Lusa A popula\u00e7\u00e3o de lince-ib\u00e9rico atingiu os 2.021 exemplares em 2023 na Pen\u00ednsula Ib\u00e9rica, quando no ano anterior era de 1.668, segundo o censo realizado anualmente pelo projeto European Life para a conserva\u00e7\u00e3o deste felino. Este censo \u00e9 desenvolvido pelo projeto LynxConnect e \u00e9 coordenado pela Junta da Andaluzia, reunindo v\u00e1rias comunidades aut\u00f3nomas [&hellip;]\" \/>\n<meta property=\"og:url\" content=\"https:\/\/jornalfatosenoticias.com.br\/index.php\/2024\/05\/31\/populacao-de-lince-iberico-ultrapassa-os-dois-mil-exemplares-na-peninsula-iberica\/\" \/>\n<meta property=\"og:site_name\" content=\"Jornal Fatos e Not\u00edcias\" \/>\n<meta property=\"article:published_time\" content=\"2024-05-31T18:31:23+00:00\" \/>\n<meta property=\"article:modified_time\" content=\"2024-05-31T18:31:24+00:00\" \/>\n<meta property=\"og:image\" content=\"https:\/\/jornalfatosenoticias.com.br\/wp-content\/uploads\/2024\/05\/lince-iberico_istock.jpg\" \/>\n\t<meta property=\"og:image:width\" content=\"612\" \/>\n\t<meta property=\"og:image:height\" content=\"408\" \/>\n\t<meta property=\"og:image:type\" content=\"image\/jpeg\" \/>\n<meta name=\"author\" content=\"Luzimara Fernandes\" \/>\n<meta name=\"twitter:card\" content=\"summary_large_image\" \/>\n<meta name=\"twitter:label1\" content=\"Escrito por\" \/>\n\t<meta name=\"twitter:data1\" content=\"Luzimara Fernandes\" \/>\n\t<meta name=\"twitter:label2\" content=\"Est. tempo de leitura\" \/>\n\t<meta name=\"twitter:data2\" content=\"2 minutos\" \/>\n<script type=\"application\/ld+json\" class=\"yoast-schema-graph\">{\"@context\":\"https:\/\/schema.org\",\"@graph\":[{\"@type\":\"Article\",\"@id\":\"https:\/\/jornalfatosenoticias.com.br\/index.php\/2024\/05\/31\/populacao-de-lince-iberico-ultrapassa-os-dois-mil-exemplares-na-peninsula-iberica\/#article\",\"isPartOf\":{\"@id\":\"https:\/\/jornalfatosenoticias.com.br\/index.php\/2024\/05\/31\/populacao-de-lince-iberico-ultrapassa-os-dois-mil-exemplares-na-peninsula-iberica\/\"},\"author\":{\"name\":\"Luzimara Fernandes\",\"@id\":\"https:\/\/jornalfatosenoticias.com.br\/#\/schema\/person\/d63837fa13ac8666eb9e74e0985d6f81\"},\"headline\":\"Popula\u00e7\u00e3o de lince-ib\u00e9rico ultrapassa os dois mil exemplares na Pen\u00ednsula Ib\u00e9rica\",\"datePublished\":\"2024-05-31T18:31:23+00:00\",\"dateModified\":\"2024-05-31T18:31:24+00:00\",\"mainEntityOfPage\":{\"@id\":\"https:\/\/jornalfatosenoticias.com.br\/index.php\/2024\/05\/31\/populacao-de-lince-iberico-ultrapassa-os-dois-mil-exemplares-na-peninsula-iberica\/\"},\"wordCount\":375,\"commentCount\":0,\"publisher\":{\"@id\":\"https:\/\/jornalfatosenoticias.com.br\/#organization\"},\"image\":{\"@id\":\"https:\/\/jornalfatosenoticias.com.br\/index.php\/2024\/05\/31\/populacao-de-lince-iberico-ultrapassa-os-dois-mil-exemplares-na-peninsula-iberica\/#primaryimage\"},\"thumbnailUrl\":\"https:\/\/jornalfatosenoticias.com.br\/wp-content\/uploads\/2024\/05\/lince-iberico_istock.jpg\",\"keywords\":[\"extin\u00e7\u00e3o\",\"felino\",\"lince\",\"lince-ib\u00e9rico\",\"Pen\u00ednsula Ib\u00e9rica\"],\"articleSection\":[\"Meio ambiente\"],\"inLanguage\":\"pt-BR\",\"potentialAction\":[{\"@type\":\"CommentAction\",\"name\":\"Comment\",\"target\":[\"https:\/\/jornalfatosenoticias.com.br\/index.php\/2024\/05\/31\/populacao-de-lince-iberico-ultrapassa-os-dois-mil-exemplares-na-peninsula-iberica\/#respond\"]}]},{\"@type\":\"WebPage\",\"@id\":\"https:\/\/jornalfatosenoticias.com.br\/index.php\/2024\/05\/31\/populacao-de-lince-iberico-ultrapassa-os-dois-mil-exemplares-na-peninsula-iberica\/\",\"url\":\"https:\/\/jornalfatosenoticias.com.br\/index.php\/2024\/05\/31\/populacao-de-lince-iberico-ultrapassa-os-dois-mil-exemplares-na-peninsula-iberica\/\",\"name\":\"Popula\u00e7\u00e3o de lince-ib\u00e9rico ultrapassa os dois mil exemplares na Pen\u00ednsula Ib\u00e9rica - Jornal Fatos e Not\u00edcias\",\"isPartOf\":{\"@id\":\"https:\/\/jornalfatosenoticias.com.br\/#website\"},\"primaryImageOfPage\":{\"@id\":\"https:\/\/jornalfatosenoticias.com.br\/index.php\/2024\/05\/31\/populacao-de-lince-iberico-ultrapassa-os-dois-mil-exemplares-na-peninsula-iberica\/#primaryimage\"},\"image\":{\"@id\":\"https:\/\/jornalfatosenoticias.com.br\/index.php\/2024\/05\/31\/populacao-de-lince-iberico-ultrapassa-os-dois-mil-exemplares-na-peninsula-iberica\/#primaryimage\"},\"thumbnailUrl\":\"https:\/\/jornalfatosenoticias.com.br\/wp-content\/uploads\/2024\/05\/lince-iberico_istock.jpg\",\"datePublished\":\"2024-05-31T18:31:23+00:00\",\"dateModified\":\"2024-05-31T18:31:24+00:00\",\"breadcrumb\":{\"@id\":\"https:\/\/jornalfatosenoticias.com.br\/index.php\/2024\/05\/31\/populacao-de-lince-iberico-ultrapassa-os-dois-mil-exemplares-na-peninsula-iberica\/#breadcrumb\"},\"inLanguage\":\"pt-BR\",\"potentialAction\":[{\"@type\":\"ReadAction\",\"target\":[\"https:\/\/jornalfatosenoticias.com.br\/index.php\/2024\/05\/31\/populacao-de-lince-iberico-ultrapassa-os-dois-mil-exemplares-na-peninsula-iberica\/\"]}]},{\"@type\":\"ImageObject\",\"inLanguage\":\"pt-BR\",\"@id\":\"https:\/\/jornalfatosenoticias.com.br\/index.php\/2024\/05\/31\/populacao-de-lince-iberico-ultrapassa-os-dois-mil-exemplares-na-peninsula-iberica\/#primaryimage\",\"url\":\"https:\/\/jornalfatosenoticias.com.br\/wp-content\/uploads\/2024\/05\/lince-iberico_istock.jpg\",\"contentUrl\":\"https:\/\/jornalfatosenoticias.com.br\/wp-content\/uploads\/2024\/05\/lince-iberico_istock.jpg\",\"width\":612,\"height\":408,\"caption\":\"Some pictures of the biggest cat in Spain, the Iberian lynx in the Mediterranean forest.\"},{\"@type\":\"BreadcrumbList\",\"@id\":\"https:\/\/jornalfatosenoticias.com.br\/index.php\/2024\/05\/31\/populacao-de-lince-iberico-ultrapassa-os-dois-mil-exemplares-na-peninsula-iberica\/#breadcrumb\",\"itemListElement\":[{\"@type\":\"ListItem\",\"position\":1,\"name\":\"In\u00edcio\",\"item\":\"https:\/\/jornalfatosenoticias.com.br\/\"},{\"@type\":\"ListItem\",\"position\":2,\"name\":\"Popula\u00e7\u00e3o de lince-ib\u00e9rico ultrapassa os dois mil exemplares na Pen\u00ednsula Ib\u00e9rica\"}]},{\"@type\":\"WebSite\",\"@id\":\"https:\/\/jornalfatosenoticias.com.br\/#website\",\"url\":\"https:\/\/jornalfatosenoticias.com.br\/\",\"name\":\"Jornal Fatos e Not\u00edcias\",\"description\":\"Not\u00edcias em geral\",\"publisher\":{\"@id\":\"https:\/\/jornalfatosenoticias.com.br\/#organization\"},\"potentialAction\":[{\"@type\":\"SearchAction\",\"target\":{\"@type\":\"EntryPoint\",\"urlTemplate\":\"https:\/\/jornalfatosenoticias.com.br\/?s={search_term_string}\"},\"query-input\":{\"@type\":\"PropertyValueSpecification\",\"valueRequired\":true,\"valueName\":\"search_term_string\"}}],\"inLanguage\":\"pt-BR\"},{\"@type\":\"Organization\",\"@id\":\"https:\/\/jornalfatosenoticias.com.br\/#organization\",\"name\":\"Jornal Fatos e Not\u00edcias\",\"url\":\"https:\/\/jornalfatosenoticias.com.br\/\",\"logo\":{\"@type\":\"ImageObject\",\"inLanguage\":\"pt-BR\",\"@id\":\"https:\/\/jornalfatosenoticias.com.br\/#\/schema\/logo\/image\/\",\"url\":\"https:\/\/jornalfatosenoticias.com.br\/wp-content\/uploads\/2020\/02\/logo120.png\",\"contentUrl\":\"https:\/\/jornalfatosenoticias.com.br\/wp-content\/uploads\/2020\/02\/logo120.png\",\"width\":1227,\"height\":120,\"caption\":\"Jornal Fatos e Not\u00edcias\"},\"image\":{\"@id\":\"https:\/\/jornalfatosenoticias.com.br\/#\/schema\/logo\/image\/\"}},{\"@type\":\"Person\",\"@id\":\"https:\/\/jornalfatosenoticias.com.br\/#\/schema\/person\/d63837fa13ac8666eb9e74e0985d6f81\",\"name\":\"Luzimara Fernandes\",\"image\":{\"@type\":\"ImageObject\",\"inLanguage\":\"pt-BR\",\"@id\":\"https:\/\/jornalfatosenoticias.com.br\/#\/schema\/person\/image\/\",\"url\":\"https:\/\/jornalfatosenoticias.com.br\/wp-content\/uploads\/2025\/05\/EU_portal.jpg\",\"contentUrl\":\"https:\/\/jornalfatosenoticias.com.br\/wp-content\/uploads\/2025\/05\/EU_portal.jpg\",\"caption\":\"Luzimara Fernandes\"},\"description\":\"Jornalista MTB 2358-ES\",\"sameAs\":[\"https:\/\/jornalfatosenoticias.com.br\"],\"url\":\"https:\/\/jornalfatosenoticias.com.br\/index.php\/author\/luzimara\/\"}]}<\/script>\n<!-- \/ Yoast SEO plugin. -->","yoast_head_json":{"title":"Popula\u00e7\u00e3o de lince-ib\u00e9rico ultrapassa os dois mil exemplares na Pen\u00ednsula Ib\u00e9rica - Jornal Fatos e Not\u00edcias","robots":{"index":"index","follow":"follow","max-snippet":"max-snippet:-1","max-image-preview":"max-image-preview:large","max-video-preview":"max-video-preview:-1"},"canonical":"https:\/\/jornalfatosenoticias.com.br\/index.php\/2024\/05\/31\/populacao-de-lince-iberico-ultrapassa-os-dois-mil-exemplares-na-peninsula-iberica\/","og_locale":"pt_BR","og_type":"article","og_title":"Popula\u00e7\u00e3o de lince-ib\u00e9rico ultrapassa os dois mil exemplares na Pen\u00ednsula Ib\u00e9rica - Jornal Fatos e Not\u00edcias","og_description":"Por Green Savers\/Lusa A popula\u00e7\u00e3o de lince-ib\u00e9rico atingiu os 2.021 exemplares em 2023 na Pen\u00ednsula Ib\u00e9rica, quando no ano anterior era de 1.668, segundo o censo realizado anualmente pelo projeto European Life para a conserva\u00e7\u00e3o deste felino. Este censo \u00e9 desenvolvido pelo projeto LynxConnect e \u00e9 coordenado pela Junta da Andaluzia, reunindo v\u00e1rias comunidades aut\u00f3nomas [&hellip;]","og_url":"https:\/\/jornalfatosenoticias.com.br\/index.php\/2024\/05\/31\/populacao-de-lince-iberico-ultrapassa-os-dois-mil-exemplares-na-peninsula-iberica\/","og_site_name":"Jornal Fatos e Not\u00edcias","article_published_time":"2024-05-31T18:31:23+00:00","article_modified_time":"2024-05-31T18:31:24+00:00","og_image":[{"width":612,"height":408,"url":"https:\/\/jornalfatosenoticias.com.br\/wp-content\/uploads\/2024\/05\/lince-iberico_istock.jpg","type":"image\/jpeg"}],"author":"Luzimara Fernandes","twitter_card":"summary_large_image","twitter_misc":{"Escrito por":"Luzimara Fernandes","Est. tempo de leitura":"2 minutos"},"schema":{"@context":"https:\/\/schema.org","@graph":[{"@type":"Article","@id":"https:\/\/jornalfatosenoticias.com.br\/index.php\/2024\/05\/31\/populacao-de-lince-iberico-ultrapassa-os-dois-mil-exemplares-na-peninsula-iberica\/#article","isPartOf":{"@id":"https:\/\/jornalfatosenoticias.com.br\/index.php\/2024\/05\/31\/populacao-de-lince-iberico-ultrapassa-os-dois-mil-exemplares-na-peninsula-iberica\/"},"author":{"name":"Luzimara Fernandes","@id":"https:\/\/jornalfatosenoticias.com.br\/#\/schema\/person\/d63837fa13ac8666eb9e74e0985d6f81"},"headline":"Popula\u00e7\u00e3o de lince-ib\u00e9rico ultrapassa os dois mil exemplares na Pen\u00ednsula Ib\u00e9rica","datePublished":"2024-05-31T18:31:23+00:00","dateModified":"2024-05-31T18:31:24+00:00","mainEntityOfPage":{"@id":"https:\/\/jornalfatosenoticias.com.br\/index.php\/2024\/05\/31\/populacao-de-lince-iberico-ultrapassa-os-dois-mil-exemplares-na-peninsula-iberica\/"},"wordCount":375,"commentCount":0,"publisher":{"@id":"https:\/\/jornalfatosenoticias.com.br\/#organization"},"image":{"@id":"https:\/\/jornalfatosenoticias.com.br\/index.php\/2024\/05\/31\/populacao-de-lince-iberico-ultrapassa-os-dois-mil-exemplares-na-peninsula-iberica\/#primaryimage"},"thumbnailUrl":"https:\/\/jornalfatosenoticias.com.br\/wp-content\/uploads\/2024\/05\/lince-iberico_istock.jpg","keywords":["extin\u00e7\u00e3o","felino","lince","lince-ib\u00e9rico","Pen\u00ednsula Ib\u00e9rica"],"articleSection":["Meio ambiente"],"inLanguage":"pt-BR","potentialAction":[{"@type":"CommentAction","name":"Comment","target":["https:\/\/jornalfatosenoticias.com.br\/index.php\/2024\/05\/31\/populacao-de-lince-iberico-ultrapassa-os-dois-mil-exemplares-na-peninsula-iberica\/#respond"]}]},{"@type":"WebPage","@id":"https:\/\/jornalfatosenoticias.com.br\/index.php\/2024\/05\/31\/populacao-de-lince-iberico-ultrapassa-os-dois-mil-exemplares-na-peninsula-iberica\/","url":"https:\/\/jornalfatosenoticias.com.br\/index.php\/2024\/05\/31\/populacao-de-lince-iberico-ultrapassa-os-dois-mil-exemplares-na-peninsula-iberica\/","name":"Popula\u00e7\u00e3o de lince-ib\u00e9rico ultrapassa os dois mil exemplares na Pen\u00ednsula Ib\u00e9rica - Jornal Fatos e Not\u00edcias","isPartOf":{"@id":"https:\/\/jornalfatosenoticias.com.br\/#website"},"primaryImageOfPage":{"@id":"https:\/\/jornalfatosenoticias.com.br\/index.php\/2024\/05\/31\/populacao-de-lince-iberico-ultrapassa-os-dois-mil-exemplares-na-peninsula-iberica\/#primaryimage"},"image":{"@id":"https:\/\/jornalfatosenoticias.com.br\/index.php\/2024\/05\/31\/populacao-de-lince-iberico-ultrapassa-os-dois-mil-exemplares-na-peninsula-iberica\/#primaryimage"},"thumbnailUrl":"https:\/\/jornalfatosenoticias.com.br\/wp-content\/uploads\/2024\/05\/lince-iberico_istock.jpg","datePublished":"2024-05-31T18:31:23+00:00","dateModified":"2024-05-31T18:31:24+00:00","breadcrumb":{"@id":"https:\/\/jornalfatosenoticias.com.br\/index.php\/2024\/05\/31\/populacao-de-lince-iberico-ultrapassa-os-dois-mil-exemplares-na-peninsula-iberica\/#breadcrumb"},"inLanguage":"pt-BR","potentialAction":[{"@type":"ReadAction","target":["https:\/\/jornalfatosenoticias.com.br\/index.php\/2024\/05\/31\/populacao-de-lince-iberico-ultrapassa-os-dois-mil-exemplares-na-peninsula-iberica\/"]}]},{"@type":"ImageObject","inLanguage":"pt-BR","@id":"https:\/\/jornalfatosenoticias.com.br\/index.php\/2024\/05\/31\/populacao-de-lince-iberico-ultrapassa-os-dois-mil-exemplares-na-peninsula-iberica\/#primaryimage","url":"https:\/\/jornalfatosenoticias.com.br\/wp-content\/uploads\/2024\/05\/lince-iberico_istock.jpg","contentUrl":"https:\/\/jornalfatosenoticias.com.br\/wp-content\/uploads\/2024\/05\/lince-iberico_istock.jpg","width":612,"height":408,"caption":"Some pictures of the biggest cat in Spain, the Iberian lynx in the Mediterranean forest."},{"@type":"BreadcrumbList","@id":"https:\/\/jornalfatosenoticias.com.br\/index.php\/2024\/05\/31\/populacao-de-lince-iberico-ultrapassa-os-dois-mil-exemplares-na-peninsula-iberica\/#breadcrumb","itemListElement":[{"@type":"ListItem","position":1,"name":"In\u00edcio","item":"https:\/\/jornalfatosenoticias.com.br\/"},{"@type":"ListItem","position":2,"name":"Popula\u00e7\u00e3o de lince-ib\u00e9rico ultrapassa os dois mil exemplares na Pen\u00ednsula Ib\u00e9rica"}]},{"@type":"WebSite","@id":"https:\/\/jornalfatosenoticias.com.br\/#website","url":"https:\/\/jornalfatosenoticias.com.br\/","name":"Jornal Fatos e Not\u00edcias","description":"Not\u00edcias em geral","publisher":{"@id":"https:\/\/jornalfatosenoticias.com.br\/#organization"},"potentialAction":[{"@type":"SearchAction","target":{"@type":"EntryPoint","urlTemplate":"https:\/\/jornalfatosenoticias.com.br\/?s={search_term_string}"},"query-input":{"@type":"PropertyValueSpecification","valueRequired":true,"valueName":"search_term_string"}}],"inLanguage":"pt-BR"},{"@type":"Organization","@id":"https:\/\/jornalfatosenoticias.com.br\/#organization","name":"Jornal Fatos e Not\u00edcias","url":"https:\/\/jornalfatosenoticias.com.br\/","logo":{"@type":"ImageObject","inLanguage":"pt-BR","@id":"https:\/\/jornalfatosenoticias.com.br\/#\/schema\/logo\/image\/","url":"https:\/\/jornalfatosenoticias.com.br\/wp-content\/uploads\/2020\/02\/logo120.png","contentUrl":"https:\/\/jornalfatosenoticias.com.br\/wp-content\/uploads\/2020\/02\/logo120.png","width":1227,"height":120,"caption":"Jornal Fatos e Not\u00edcias"},"image":{"@id":"https:\/\/jornalfatosenoticias.com.br\/#\/schema\/logo\/image\/"}},{"@type":"Person","@id":"https:\/\/jornalfatosenoticias.com.br\/#\/schema\/person\/d63837fa13ac8666eb9e74e0985d6f81","name":"Luzimara Fernandes","image":{"@type":"ImageObject","inLanguage":"pt-BR","@id":"https:\/\/jornalfatosenoticias.com.br\/#\/schema\/person\/image\/","url":"https:\/\/jornalfatosenoticias.com.br\/wp-content\/uploads\/2025\/05\/EU_portal.jpg","contentUrl":"https:\/\/jornalfatosenoticias.com.br\/wp-content\/uploads\/2025\/05\/EU_portal.jpg","caption":"Luzimara Fernandes"},"description":"Jornalista MTB 2358-ES","sameAs":["https:\/\/jornalfatosenoticias.com.br"],"url":"https:\/\/jornalfatosenoticias.com.br\/index.php\/author\/luzimara\/"}]}},"cc_featured_image_caption":{"caption_text":"(Foto: iStock) ","source_text":"","source_url":""},"jetpack_featured_media_url":"https:\/\/jornalfatosenoticias.com.br\/wp-content\/uploads\/2024\/05\/lince-iberico_istock.jpg","_links":{"self":[{"href":"https:\/\/jornalfatosenoticias.com.br\/index.php\/wp-json\/wp\/v2\/posts\/51641","targetHints":{"allow":["GET"]}}],"collection":[{"href":"https:\/\/jornalfatosenoticias.com.br\/index.php\/wp-json\/wp\/v2\/posts"}],"about":[{"href":"https:\/\/jornalfatosenoticias.com.br\/index.php\/wp-json\/wp\/v2\/types\/post"}],"author":[{"embeddable":true,"href":"https:\/\/jornalfatosenoticias.com.br\/index.php\/wp-json\/wp\/v2\/users\/2"}],"replies":[{"embeddable":true,"href":"https:\/\/jornalfatosenoticias.com.br\/index.php\/wp-json\/wp\/v2\/comments?post=51641"}],"version-history":[{"count":0,"href":"https:\/\/jornalfatosenoticias.com.br\/index.php\/wp-json\/wp\/v2\/posts\/51641\/revisions"}],"wp:featuredmedia":[{"embeddable":true,"href":"https:\/\/jornalfatosenoticias.com.br\/index.php\/wp-json\/wp\/v2\/media\/51642"}],"wp:attachment":[{"href":"https:\/\/jornalfatosenoticias.com.br\/index.php\/wp-json\/wp\/v2\/media?parent=51641"}],"wp:term":[{"taxonomy":"category","embeddable":true,"href":"https:\/\/jornalfatosenoticias.com.br\/index.php\/wp-json\/wp\/v2\/categories?post=51641"},{"taxonomy":"post_tag","embeddable":true,"href":"https:\/\/jornalfatosenoticias.com.br\/index.php\/wp-json\/wp\/v2\/tags?post=51641"}],"curies":[{"name":"wp","href":"https:\/\/api.w.org\/{rel}","templated":true}]}}