{"id":51647,"date":"2024-05-31T16:16:46","date_gmt":"2024-05-31T19:16:46","guid":{"rendered":"https:\/\/jornalfatosenoticias.com.br\/?p=51647"},"modified":"2024-05-31T16:16:47","modified_gmt":"2024-05-31T19:16:47","slug":"congresso-impoe-derrotas-ao-governo-da-recado-ao-stf-e-reafirma-sua-autonomia","status":"publish","type":"post","link":"https:\/\/jornalfatosenoticias.com.br\/index.php\/2024\/05\/31\/congresso-impoe-derrotas-ao-governo-da-recado-ao-stf-e-reafirma-sua-autonomia\/","title":{"rendered":"Congresso imp\u00f5e derrotas ao governo, d\u00e1 recado ao STF e reafirma sua autonomia"},"content":{"rendered":"\n<p><em><span class=\"has-inline-color has-black-color\">Derrotas em vota\u00e7\u00f5es na sess\u00e3o do Congresso revelam fragilidade do governo e mais autonomia de deputados e senadores<\/span><\/em><\/p>\n\n\n\n<p><span class=\"has-inline-color has-black-color\">Por <strong><a href=\"https:\/\/www.gazetadopovo.com.br\/autor\/silvio-ribas\/\">S\u00edlvio Ribas<\/a><\/strong><\/span><\/p>\n\n\n\n<div class=\"wp-block-image\"><figure class=\"aligncenter size-large\"><img loading=\"lazy\" decoding=\"async\" width=\"729\" height=\"90\" src=\"https:\/\/jornalfatosenoticias.com.br\/wp-content\/uploads\/2020\/02\/Logo_Mizu.png\" alt=\"\" class=\"wp-image-1441\" srcset=\"https:\/\/jornalfatosenoticias.com.br\/wp-content\/uploads\/2020\/02\/Logo_Mizu.png 729w, https:\/\/jornalfatosenoticias.com.br\/wp-content\/uploads\/2020\/02\/Logo_Mizu-300x37.png 300w\" sizes=\"auto, (max-width: 729px) 100vw, 729px\" \/><\/figure><\/div>\n\n\n\n<p>A s\u00e9rie de derrotas sofridas pelo governo plen\u00e1rio no Congresso na noite da \u00faltima ter\u00e7a-feira (28) exp\u00f4s em definitivo a dificuldade de Luiz In\u00e1cio Lula da Silva (PT) avan\u00e7ar com a sua agenda no Legislativo, especialmente na \u00e1rea de costumes. A aus\u00eancia de uma base parlamentar s\u00f3lida, sobretudo na C\u00e2mara, cujo perfil \u00e9 majoritariamente conservador, aliada ao fracasso de seus articuladores pol\u00edticos, evidenciou que s\u00f3 a pauta econ\u00f4mica tem condi\u00e7\u00f5es de ser negociada com deputados e senadores sem obst\u00e1culos instranspon\u00edveis.<br>Mas o placar de vota\u00e7\u00f5es tamb\u00e9m serviu para mostrar a sensibilidade dos parlamentares com a press\u00e3o do eleitorado e para eles mandarem recados ao Executivo e ao Judici\u00e1rio. A maioria dos integrantes dos partidos do Centr\u00e3o que integram o governo ajudou a impor as derrotas e at\u00e9 governistas de esquerda votaram contra, ap\u00f3s fazerem o c\u00e1lculo pol\u00edtico do peso da sua posi\u00e7\u00e3o nas vota\u00e7\u00f5es.<\/p>\n\n\n\n<div class=\"wp-block-image\"><figure class=\"aligncenter size-large\"><img decoding=\"async\" src=\"https:\/\/jornalfatosenoticias.com.br\/wp-content\/uploads\/2020\/02\/barao-das-carnes-300x164-1.jpg\" alt=\"\" class=\"wp-image-34339\"\/><\/figure><\/div>\n\n\n\n<p>Diversos vetos presidenciais foram analisados e a maior parte dos assinados por Lula foi derrubada, evidenciando a sua crescente fragilidade pol\u00edtica, agravada tamb\u00e9m pelo pior momento de aprova\u00e7\u00e3o popular atestado por pesquisas de opini\u00e3o. Considerada uma derrota esperada, o veto \u00e0 lei que pro\u00edbe as sa\u00eddas tempor\u00e1rias de presos para resguardar as visitas familiares foi revogado por 314 dos 513 deputados e por 52 dos 81 senadores.<\/p>\n\n\n\n<div class=\"wp-block-image\"><figure class=\"aligncenter size-large\"><img loading=\"lazy\" decoding=\"async\" width=\"300\" height=\"250\" src=\"https:\/\/jornalfatosenoticias.com.br\/wp-content\/uploads\/2020\/02\/Banner-2.png\" alt=\"\" class=\"wp-image-43787\"\/><\/figure><\/div>\n\n\n\n<p>Os sucessivos adiamentos da sess\u00e3o do Congresso n\u00e3o foram suficientes para mudar a tend\u00eancia desenhada n\u00e3o apenas pelo predom\u00ednio dos partidos de centro e direita em plen\u00e1rio, mas pela crescente sensa\u00e7\u00e3o de inseguran\u00e7a dos cidad\u00e3os, que se reflete nas campanhas eleitorais de prefeitos e vereadores este ano.<\/p>\n\n\n\n<div class=\"wp-block-image\"><figure class=\"aligncenter size-large is-resized\"><img loading=\"lazy\" decoding=\"async\" src=\"https:\/\/jornalfatosenoticias.com.br\/wp-content\/uploads\/2023\/12\/pegoretti-logo-pdf-1024x389.jpg\" alt=\"\" class=\"wp-image-47536\" width=\"506\" height=\"192\" srcset=\"https:\/\/jornalfatosenoticias.com.br\/wp-content\/uploads\/2023\/12\/pegoretti-logo-pdf-1024x389.jpg 1024w, https:\/\/jornalfatosenoticias.com.br\/wp-content\/uploads\/2023\/12\/pegoretti-logo-pdf-300x114.jpg 300w, https:\/\/jornalfatosenoticias.com.br\/wp-content\/uploads\/2023\/12\/pegoretti-logo-pdf-768x291.jpg 768w, https:\/\/jornalfatosenoticias.com.br\/wp-content\/uploads\/2023\/12\/pegoretti-logo-pdf.jpg 1120w\" sizes=\"auto, (max-width: 506px) 100vw, 506px\" \/><\/figure><\/div>\n\n\n\n<p>Outro rev\u00e9s significativo para Lula foi a manuten\u00e7\u00e3o do veto do ex-presidente Jair Bolsonaro (PL) \u00e0 criminaliza\u00e7\u00e3o das chamadas fake news dentro da Lei de Defesa do Estado Democr\u00e1tico de Direito. A vota\u00e7\u00e3o na C\u00e2mara resultou em 317 votos pela manuten\u00e7\u00e3o do veto, dispensando a necessidade de aprecia\u00e7\u00e3o dos senadores.<\/p>\n\n\n\n<div class=\"wp-block-image\"><figure class=\"aligncenter size-large is-resized\"><img loading=\"lazy\" decoding=\"async\" src=\"https:\/\/jornalfatosenoticias.com.br\/wp-content\/uploads\/2023\/03\/logo-Panper_portal.jpg\" alt=\"\" class=\"wp-image-40208\" width=\"338\" height=\"234\" srcset=\"https:\/\/jornalfatosenoticias.com.br\/wp-content\/uploads\/2023\/03\/logo-Panper_portal.jpg 400w, https:\/\/jornalfatosenoticias.com.br\/wp-content\/uploads\/2023\/03\/logo-Panper_portal-300x208.jpg 300w\" sizes=\"auto, (max-width: 338px) 100vw, 338px\" \/><\/figure><\/div>\n\n\n\n<p>Esta decis\u00e3o envia tamb\u00e9m um recado aos ministros do Supremo Tribunal Federal (STF) ao sublinhar mais uma vez o posicionamento do Congresso em rela\u00e7\u00e3o ao debate sobre not\u00edcias falsas. Magistrados da Corte, como Alexandre de Moraes e Fl\u00e1vio Dino, t\u00eam sido vocais defensores de uma regulamenta\u00e7\u00e3o das redes sociais com foco no combate \u00e0 not\u00edcias &#8220;sabidamente inver\u00eddicas&#8221;, mas a polariza\u00e7\u00e3o em torno do tema levou Arthur Lira (PP-AL), presidente da C\u00e2mara, a engavetar o PL das Fake News (tamb\u00e9m chamado de PL da Censura) no come\u00e7o deste ano.<\/p>\n\n\n\n<div class=\"wp-block-image\"><figure class=\"aligncenter size-large is-resized\"><img loading=\"lazy\" decoding=\"async\" src=\"https:\/\/jornalfatosenoticias.com.br\/wp-content\/uploads\/2020\/02\/CONTROL-CS.jpg\" alt=\"\" class=\"wp-image-44991\" width=\"330\" height=\"395\" srcset=\"https:\/\/jornalfatosenoticias.com.br\/wp-content\/uploads\/2020\/02\/CONTROL-CS.jpg 834w, https:\/\/jornalfatosenoticias.com.br\/wp-content\/uploads\/2020\/02\/CONTROL-CS-250x300.jpg 250w, https:\/\/jornalfatosenoticias.com.br\/wp-content\/uploads\/2020\/02\/CONTROL-CS-768x921.jpg 768w\" sizes=\"auto, (max-width: 330px) 100vw, 330px\" \/><\/figure><\/div>\n\n\n\n<p>As decis\u00f5es dos tribunais superiores contra a atua\u00e7\u00e3o de parlamentares de oposi\u00e7\u00e3o nas redes sociais, sobretudo em campanhas eleitorais, aliada ao apoio expl\u00edcito dos ministros a projetos para regulamentar as plataformas digitais, representam um embate direto com o Congresso que, na ter\u00e7a, firmou posi\u00e7\u00e3o novamente sobre a quest\u00e3o.<\/p>\n\n\n\n<div class=\"wp-block-image\"><figure class=\"aligncenter size-large is-resized\"><img loading=\"lazy\" decoding=\"async\" src=\"https:\/\/jornalfatosenoticias.com.br\/wp-content\/uploads\/2020\/02\/logo-Rapuzel-1024x571.jpg\" alt=\"\" class=\"wp-image-42808\" width=\"356\" height=\"198\" srcset=\"https:\/\/jornalfatosenoticias.com.br\/wp-content\/uploads\/2020\/02\/logo-Rapuzel-1024x571.jpg 1024w, https:\/\/jornalfatosenoticias.com.br\/wp-content\/uploads\/2020\/02\/logo-Rapuzel-300x167.jpg 300w, https:\/\/jornalfatosenoticias.com.br\/wp-content\/uploads\/2020\/02\/logo-Rapuzel-768x428.jpg 768w, https:\/\/jornalfatosenoticias.com.br\/wp-content\/uploads\/2020\/02\/logo-Rapuzel-1536x856.jpg 1536w, https:\/\/jornalfatosenoticias.com.br\/wp-content\/uploads\/2020\/02\/logo-Rapuzel.jpg 1600w\" sizes=\"auto, (max-width: 356px) 100vw, 356px\" \/><\/figure><\/div>\n\n\n\n<p>A not\u00edcia positiva para Lula foi a de que os parlamentares mantiveram o veto do presidente ao calend\u00e1rio fixo para pagamento de emendas impositivas na Lei de Diretrizes Or\u00e7ament\u00e1rias (LDO). Foram 244 votos a favor do governo e 177 contra, dispensando a an\u00e1lise dos senadores.<\/p>\n\n\n\n<div class=\"wp-block-image\"><figure class=\"aligncenter size-large is-resized\"><img loading=\"lazy\" decoding=\"async\" src=\"https:\/\/jornalfatosenoticias.com.br\/wp-content\/uploads\/2023\/08\/ITH.jpeg\" alt=\"\" class=\"wp-image-44638\" width=\"304\" height=\"247\" srcset=\"https:\/\/jornalfatosenoticias.com.br\/wp-content\/uploads\/2023\/08\/ITH.jpeg 800w, https:\/\/jornalfatosenoticias.com.br\/wp-content\/uploads\/2023\/08\/ITH-300x244.jpeg 300w, https:\/\/jornalfatosenoticias.com.br\/wp-content\/uploads\/2023\/08\/ITH-768x624.jpeg 768w\" sizes=\"auto, (max-width: 304px) 100vw, 304px\" \/><\/figure><\/div>\n\n\n\n<p>Mas esse acordo s\u00f3 foi poss\u00edvel gra\u00e7as \u00e0 libera\u00e7\u00e3o acelerada das verbas de emendas parlamentares, estrat\u00e9gicas em ano eleitoral. Caso o veto fosse derrubado, o Or\u00e7amento da Uni\u00e3o ficaria ainda mais r\u00edgido, praticamente inviabilizando a negocia\u00e7\u00e3o de apoio parlamentar. A Secretaria das Rela\u00e7\u00f5es Institucionais informou que, de janeiro e 26 de maio foram autorizados R$ 19,21 bilh\u00f5es em emendas, cinco vezes mais que igual per\u00edodo do ano passado.<\/p>\n\n\n\n<div class=\"wp-block-image\"><figure class=\"aligncenter size-large\"><img decoding=\"async\" src=\"https:\/\/jornalfatosenoticias.com.br\/wp-content\/uploads\/2020\/02\/barao-das-carnes-300x164-1.jpg\" alt=\"\" class=\"wp-image-34339\"\/><\/figure><\/div>\n\n\n\n<p>O resultado pr\u00e1tico desse desfecho \u00e9 a imposi\u00e7\u00e3o da autonomia dos parlamentares, que reagem \u00e0 interfer\u00eancia do Executivo e do Judici\u00e1rio. Al\u00e9m disso, eles demonstram foco nos pr\u00f3prios interesses eleitorais e na disputa interna do Congresso pela defini\u00e7\u00e3o dos comandos de suas duas casas em fevereiro de 2025.<\/p>\n\n\n\n<div class=\"wp-block-image\"><figure class=\"aligncenter size-large is-resized\"><img loading=\"lazy\" decoding=\"async\" src=\"https:\/\/jornalfatosenoticias.com.br\/wp-content\/uploads\/2023\/09\/vetorvix1024_1.jpg\" alt=\"\" class=\"wp-image-44868\" width=\"528\" height=\"140\" srcset=\"https:\/\/jornalfatosenoticias.com.br\/wp-content\/uploads\/2023\/09\/vetorvix1024_1.jpg 1024w, https:\/\/jornalfatosenoticias.com.br\/wp-content\/uploads\/2023\/09\/vetorvix1024_1-300x80.jpg 300w, https:\/\/jornalfatosenoticias.com.br\/wp-content\/uploads\/2023\/09\/vetorvix1024_1-768x205.jpg 768w\" sizes=\"auto, (max-width: 528px) 100vw, 528px\" \/><\/figure><\/div>\n\n\n\n<p><strong><span class=\"has-inline-color has-black-color\">Deputados de oposi\u00e7\u00e3o conseguem at\u00e9 relaxar decreto de armas<br><\/span><\/strong>Em um dia de comemora\u00e7\u00f5es para os oposicionistas, foi at\u00e9 aprovado um projeto de decreto legislativo (PDL) para suprimir trechos do decreto de armas editado ainda na gest\u00e3o do ent\u00e3o ministro da Justi\u00e7a Fl\u00e1vio Dino. Entre os pontos do texto de Laura Carneiro (PSD-RJ) que flexibilizaram as medidas restritivas do governo est\u00e1 o que anula a exig\u00eancia de dist\u00e2ncia m\u00ednima de um quil\u00f4metro entre clubes de tiro e escolas.<\/p>\n\n\n\n<div class=\"wp-block-image\"><figure class=\"aligncenter size-large\"><img loading=\"lazy\" decoding=\"async\" width=\"300\" height=\"250\" src=\"https:\/\/jornalfatosenoticias.com.br\/wp-content\/uploads\/2022\/02\/FERRARI_MAQUINAS-E-FERRAMENTAS2.jpg\" alt=\"\" class=\"wp-image-27860\"\/><\/figure><\/div>\n\n\n\n<p>Ap\u00f3s assumir pessoalmente as negocia\u00e7\u00f5es com os presidentes do Legislativo, Lula tamb\u00e9m encurtou seu pr\u00f3prio espa\u00e7o de manobra, deixando a rela\u00e7\u00e3o entre poderes mais restrita e tensa, o que pode resultar em mais derrotas nas pr\u00f3ximas tentativas. Para analistas ouvidos pela Gazeta do Povo, apenas uma guinada do Planalto em dire\u00e7\u00e3o ao centro pol\u00edtico poderia melhorar o cen\u00e1rio adverso de forma significativa. Nesse sentido, \u00e9 vista como prov\u00e1vel uma reforma ministerial ap\u00f3s as elei\u00e7\u00f5es de outubro, para incorporar atores partid\u00e1rios e garantir governabilidade.<\/p>\n\n\n\n<div class=\"wp-block-image\"><figure class=\"aligncenter size-large is-resized\"><img loading=\"lazy\" decoding=\"async\" src=\"https:\/\/jornalfatosenoticias.com.br\/wp-content\/uploads\/2022\/02\/Precisao-Contabilidade-1024x724.jpg\" alt=\"\" class=\"wp-image-28088\" width=\"344\" height=\"243\"\/><\/figure><\/div>\n\n\n\n<p><strong><span class=\"has-inline-color has-black-color\">Lula sai derrotado na taxa\u00e7\u00e3o do varejo on-line de importados<br><\/span><\/strong>Para completar o cen\u00e1rio arrasador para o Planalto, a C\u00e2mara aprovou a taxa\u00e7\u00e3o de 20% sobre compras internacionais de at\u00e9 US$ 50, uma medida inserida no projeto de lei que regulamenta o Programa Mobilidade Verde e Inova\u00e7\u00e3o (Mover), que agora segue para o Senado.<\/p>\n\n\n\n<div class=\"wp-block-image\"><figure class=\"aligncenter size-large is-resized\"><img loading=\"lazy\" decoding=\"async\" src=\"https:\/\/jornalfatosenoticias.com.br\/wp-content\/uploads\/2023\/03\/nova-logo-Marquetti.jpg\" alt=\"\" class=\"wp-image-40207\" width=\"299\" height=\"201\" srcset=\"https:\/\/jornalfatosenoticias.com.br\/wp-content\/uploads\/2023\/03\/nova-logo-Marquetti.jpg 643w, https:\/\/jornalfatosenoticias.com.br\/wp-content\/uploads\/2023\/03\/nova-logo-Marquetti-300x202.jpg 300w\" sizes=\"auto, (max-width: 299px) 100vw, 299px\" \/><\/figure><\/div>\n\n\n\n<p>Ap\u00f3s um acerto entre o presidente da C\u00e2mara, Arthur Lira (PP-AL), e Lula, os deputados encerraram semanas de impasse. A vota\u00e7\u00e3o foi simb\u00f3lica justamente para os parlamentares n\u00e3o se comprometerem com a pol\u00eamica. O meio-termo encontrado evitou a aplica\u00e7\u00e3o de uma al\u00edquota de 60% e fez Lula recuar na amea\u00e7a de um futuro veto.<\/p>\n\n\n\n<div class=\"wp-block-image\"><figure class=\"aligncenter size-large is-resized\"><img loading=\"lazy\" decoding=\"async\" src=\"https:\/\/jornalfatosenoticias.com.br\/wp-content\/uploads\/2023\/08\/BKR-1024x1021.jpg\" alt=\"\" class=\"wp-image-44494\" width=\"309\" height=\"308\" srcset=\"https:\/\/jornalfatosenoticias.com.br\/wp-content\/uploads\/2023\/08\/BKR-1024x1021.jpg 1024w, https:\/\/jornalfatosenoticias.com.br\/wp-content\/uploads\/2023\/08\/BKR-300x300.jpg 300w, https:\/\/jornalfatosenoticias.com.br\/wp-content\/uploads\/2023\/08\/BKR-150x150.jpg 150w, https:\/\/jornalfatosenoticias.com.br\/wp-content\/uploads\/2023\/08\/BKR-768x766.jpg 768w, https:\/\/jornalfatosenoticias.com.br\/wp-content\/uploads\/2023\/08\/BKR.jpg 1080w\" sizes=\"auto, (max-width: 309px) 100vw, 309px\" \/><\/figure><\/div>\n\n\n\n<p>No encontro no Pal\u00e1cio do Planalto com Lula, horas antes da vota\u00e7\u00e3o, Lira defendeu a taxa\u00e7\u00e3o, enquanto o petista apresentou argumentos para vet\u00e1-la. A solu\u00e7\u00e3o para a pend\u00eancia que colocava o presidente em contradi\u00e7\u00e3o com sua pr\u00f3pria equipe econ\u00f4mica s\u00f3 foi encontrada mais tarde, com a redu\u00e7\u00e3o da al\u00edquota. O cientista pol\u00edtico Leonardo Barreto avalia que, neste ponto, tanto Lula quanto Lira perderam.<\/p>\n\n\n\n<div class=\"wp-block-image\"><figure class=\"aligncenter size-large is-resized\"><img loading=\"lazy\" decoding=\"async\" src=\"https:\/\/jornalfatosenoticias.com.br\/wp-content\/uploads\/2020\/02\/logo_esteio.jpg\" alt=\"\" class=\"wp-image-1214\" width=\"352\" height=\"293\"\/><\/figure><\/div>\n\n\n\n<blockquote class=\"wp-block-quote is-layout-flow wp-block-quote-is-layout-flow\"><p><span class=\"has-inline-color has-luminous-vivid-orange-color\">A situa\u00e7\u00e3o se complicou quando o chefe do Executivo voltou atr\u00e1s no acordo anterior em raz\u00e3o do medo de desgaste de imagem. Como puni\u00e7\u00e3o, Lira estaria disposto a tirar de pauta o projeto do Mover, gerando perdas para as montadoras que j\u00e1 est\u00e3o usufruindo da ren\u00fancia fiscal de R$ 20 bilh\u00f5es&#8221;.<\/span><\/p><\/blockquote>\n\n\n\n<div class=\"wp-block-image\"><figure class=\"aligncenter size-large\"><img loading=\"lazy\" decoding=\"async\" width=\"729\" height=\"90\" src=\"https:\/\/jornalfatosenoticias.com.br\/wp-content\/uploads\/2020\/02\/Logo_Mizu.png\" alt=\"\" class=\"wp-image-1441\" srcset=\"https:\/\/jornalfatosenoticias.com.br\/wp-content\/uploads\/2020\/02\/Logo_Mizu.png 729w, https:\/\/jornalfatosenoticias.com.br\/wp-content\/uploads\/2020\/02\/Logo_Mizu-300x37.png 300w\" sizes=\"auto, (max-width: 729px) 100vw, 729px\" \/><\/figure><\/div>\n\n\n\n<p>O resultado da vota\u00e7\u00e3o acabou desgastando duplamente Lula, que ter\u00e1 de se equilibrar entre a narrativa de defesa do consumidor e a da prote\u00e7\u00e3o das empresas brasileiras da concorr\u00eancia de importados. As plataformas de com\u00e9rcio eletr\u00f4nico, que estavam isentas, acabaram continuando sendo parcialmente beneficiadas. Com isso, todos os atores envolvidos ficaram insatisfeitos e devem creditar a irrita\u00e7\u00e3o ao governo.<\/p>\n\n\n\n<div class=\"wp-block-image\"><figure class=\"aligncenter size-large is-resized\"><img loading=\"lazy\" decoding=\"async\" src=\"https:\/\/jornalfatosenoticias.com.br\/wp-content\/uploads\/2020\/02\/CONTROL-CS.jpg\" alt=\"\" class=\"wp-image-44991\" width=\"287\" height=\"344\" srcset=\"https:\/\/jornalfatosenoticias.com.br\/wp-content\/uploads\/2020\/02\/CONTROL-CS.jpg 834w, https:\/\/jornalfatosenoticias.com.br\/wp-content\/uploads\/2020\/02\/CONTROL-CS-250x300.jpg 250w, https:\/\/jornalfatosenoticias.com.br\/wp-content\/uploads\/2020\/02\/CONTROL-CS-768x921.jpg 768w\" sizes=\"auto, (max-width: 287px) 100vw, 287px\" \/><\/figure><\/div>\n\n\n\n<p>O cientista pol\u00edtico Jo\u00e3o Henrique Hummel considerou a \u00faltima sess\u00e3o do Congresso como um divisor de \u00e1guas sobre o futuro das rela\u00e7\u00f5es entre Executivo e Legislativo, ao consagrarem maior independ\u00eancia dos parlamentares n\u00e3o apenas em quest\u00f5es de Or\u00e7amento da Uni\u00e3o e pautas de vota\u00e7\u00e3o, mas tamb\u00e9m na elabora\u00e7\u00e3o de pol\u00edticas p\u00fablicas. Uma sinaliza\u00e7\u00e3o mais forte disso, acredita, dever\u00e1 vir dos desdobramentos da regulamenta\u00e7\u00e3o da reforma tribut\u00e1ria, que ainda est\u00e1 sendo analisada pelos parlamentares.<\/p>\n\n\n\n<div class=\"wp-block-image\"><figure class=\"aligncenter size-large is-resized\"><img loading=\"lazy\" decoding=\"async\" src=\"https:\/\/jornalfatosenoticias.com.br\/wp-content\/uploads\/2023\/03\/logo-Panper_portal.jpg\" alt=\"\" class=\"wp-image-40208\" width=\"299\" height=\"207\" srcset=\"https:\/\/jornalfatosenoticias.com.br\/wp-content\/uploads\/2023\/03\/logo-Panper_portal.jpg 400w, https:\/\/jornalfatosenoticias.com.br\/wp-content\/uploads\/2023\/03\/logo-Panper_portal-300x208.jpg 300w\" sizes=\"auto, (max-width: 299px) 100vw, 299px\" \/><\/figure><\/div>\n\n\n\n<p>Analistas pol\u00edticos salientam que \u00e9 grande a expectativa no Congresso para o conjunto de medidas de arrecada\u00e7\u00e3o que o Minist\u00e9rio da Fazenda planeja apresentar para compensar a manuten\u00e7\u00e3o da desonera\u00e7\u00e3o de 17 setores econ\u00f4micos em 2024. O receio \u00e9 que o impacto seja grande, respaldado na decis\u00e3o do ministro Cristiano Zanin, do Supremo Tribunal Federal (STF), que cobra compensa\u00e7\u00e3o ao Or\u00e7amento para cada ren\u00fancia tribut\u00e1ria.<\/p>\n\n\n\n<div class=\"wp-block-image\"><figure class=\"aligncenter size-large\"><img loading=\"lazy\" decoding=\"async\" width=\"300\" height=\"250\" src=\"https:\/\/jornalfatosenoticias.com.br\/wp-content\/uploads\/2020\/02\/Banner-2.png\" alt=\"\" class=\"wp-image-43787\"\/><\/figure><\/div>\n\n\n\n<p><strong><span class=\"has-inline-color has-black-color\">Randolfe descarta apelar ao STF para reverter derrotas no Congresso<br><\/span><\/strong>Diante da derrocada no Congresso, cresceram os rumores de que o Planalto poderia lan\u00e7ar m\u00e3o, mais uma vez, do expediente de recorrer \u00e0 judicializa\u00e7\u00e3o, junto ao STF, para conseguir reverter decis\u00f5es contr\u00e1rias ao seu interesse. Mas o pr\u00f3prio l\u00edder do governo no Congresso, senador Randolfe Rodrigues (sem partido-AP) revelou que, em princ\u00edpio, estaria descartada qualquer tentativa de levar as perdas ao Judici\u00e1rio.<\/p>\n\n\n\n<div class=\"wp-block-image\"><figure class=\"aligncenter size-large is-resized\"><img loading=\"lazy\" decoding=\"async\" src=\"https:\/\/jornalfatosenoticias.com.br\/wp-content\/uploads\/2020\/02\/logo-Rapuzel-1024x571.jpg\" alt=\"\" class=\"wp-image-42808\" width=\"363\" height=\"202\" srcset=\"https:\/\/jornalfatosenoticias.com.br\/wp-content\/uploads\/2020\/02\/logo-Rapuzel-1024x571.jpg 1024w, https:\/\/jornalfatosenoticias.com.br\/wp-content\/uploads\/2020\/02\/logo-Rapuzel-300x167.jpg 300w, https:\/\/jornalfatosenoticias.com.br\/wp-content\/uploads\/2020\/02\/logo-Rapuzel-768x428.jpg 768w, https:\/\/jornalfatosenoticias.com.br\/wp-content\/uploads\/2020\/02\/logo-Rapuzel-1536x856.jpg 1536w, https:\/\/jornalfatosenoticias.com.br\/wp-content\/uploads\/2020\/02\/logo-Rapuzel.jpg 1600w\" sizes=\"auto, (max-width: 363px) 100vw, 363px\" \/><\/figure><\/div>\n\n\n\n<p>Em rela\u00e7\u00e3o ao veto de Bolsonaro para impedir a criminaliza\u00e7\u00e3o das fake news eleitorais, ele afirmou que o Executivo continuar\u00e1 defendendo a aprova\u00e7\u00e3o do projeto para regular as redes sociais, chamado de PL da Censura, considerado invi\u00e1vel para ser levado a voto e \u00e0 espera de novo relator.<\/p>\n\n\n\n<div class=\"wp-block-image\"><figure class=\"aligncenter size-large is-resized\"><img loading=\"lazy\" decoding=\"async\" src=\"https:\/\/jornalfatosenoticias.com.br\/wp-content\/uploads\/2023\/09\/vetorvix1024_1.jpg\" alt=\"\" class=\"wp-image-44868\" width=\"535\" height=\"142\" srcset=\"https:\/\/jornalfatosenoticias.com.br\/wp-content\/uploads\/2023\/09\/vetorvix1024_1.jpg 1024w, https:\/\/jornalfatosenoticias.com.br\/wp-content\/uploads\/2023\/09\/vetorvix1024_1-300x80.jpg 300w, https:\/\/jornalfatosenoticias.com.br\/wp-content\/uploads\/2023\/09\/vetorvix1024_1-768x205.jpg 768w\" sizes=\"auto, (max-width: 535px) 100vw, 535px\" \/><\/figure><\/div>\n\n\n\n<p><strong><em>Fonte: <a href=\"https:\/\/www.gazetadopovo.com.br\/republica\/congresso-impoe-derrotas-ao-governo-da-recado-ao-stf-e-reafirma-sua-autonomia\/?ref=escolhas-do-editor\">Gazeta do Povo<\/a><\/em><\/strong><\/p>\n","protected":false},"excerpt":{"rendered":"<p>Derrotas em vota\u00e7\u00f5es na sess\u00e3o do Congresso revelam fragilidade do governo e mais autonomia de deputados e senadores Por S\u00edlvio Ribas A s\u00e9rie de derrotas sofridas pelo governo plen\u00e1rio no Congresso na noite da \u00faltima ter\u00e7a-feira (28) exp\u00f4s em definitivo a dificuldade de Luiz In\u00e1cio Lula da Silva (PT) avan\u00e7ar com a sua agenda no [&hellip;]<\/p>\n","protected":false},"author":2,"featured_media":51648,"comment_status":"open","ping_status":"open","sticky":false,"template":"","format":"standard","meta":{"footnotes":""},"categories":[10],"tags":[10543,732,7580,1900,294],"class_list":["post-51647","post","type-post","status-publish","format-standard","has-post-thumbnail","hentry","category-politica","tag-arthur-lira","tag-fake-news","tag-lula","tag-palacio-do-planalto","tag-stf"],"yoast_head":"<!-- This site is optimized with the Yoast SEO plugin v26.5 - https:\/\/yoast.com\/wordpress\/plugins\/seo\/ -->\n<title>Congresso imp\u00f5e derrotas ao governo, d\u00e1 recado ao STF e reafirma sua autonomia - Jornal Fatos e Not\u00edcias<\/title>\n<meta name=\"robots\" content=\"index, follow, max-snippet:-1, max-image-preview:large, max-video-preview:-1\" \/>\n<link rel=\"canonical\" href=\"https:\/\/jornalfatosenoticias.com.br\/index.php\/2024\/05\/31\/congresso-impoe-derrotas-ao-governo-da-recado-ao-stf-e-reafirma-sua-autonomia\/\" \/>\n<meta property=\"og:locale\" content=\"pt_BR\" \/>\n<meta property=\"og:type\" content=\"article\" \/>\n<meta property=\"og:title\" content=\"Congresso imp\u00f5e derrotas ao governo, d\u00e1 recado ao STF e reafirma sua autonomia - Jornal Fatos e Not\u00edcias\" \/>\n<meta property=\"og:description\" content=\"Derrotas em vota\u00e7\u00f5es na sess\u00e3o do Congresso revelam fragilidade do governo e mais autonomia de deputados e senadores Por S\u00edlvio Ribas A s\u00e9rie de derrotas sofridas pelo governo plen\u00e1rio no Congresso na noite da \u00faltima ter\u00e7a-feira (28) exp\u00f4s em definitivo a dificuldade de Luiz In\u00e1cio Lula da Silva (PT) avan\u00e7ar com a sua agenda no [&hellip;]\" \/>\n<meta property=\"og:url\" content=\"https:\/\/jornalfatosenoticias.com.br\/index.php\/2024\/05\/31\/congresso-impoe-derrotas-ao-governo-da-recado-ao-stf-e-reafirma-sua-autonomia\/\" \/>\n<meta property=\"og:site_name\" content=\"Jornal Fatos e Not\u00edcias\" \/>\n<meta property=\"article:published_time\" content=\"2024-05-31T19:16:46+00:00\" \/>\n<meta property=\"article:modified_time\" content=\"2024-05-31T19:16:47+00:00\" \/>\n<meta property=\"og:image\" content=\"https:\/\/jornalfatosenoticias.com.br\/wp-content\/uploads\/2024\/05\/Lula-derrota_gettyimages.jpg\" \/>\n\t<meta property=\"og:image:width\" content=\"612\" \/>\n\t<meta property=\"og:image:height\" content=\"408\" \/>\n\t<meta property=\"og:image:type\" content=\"image\/jpeg\" \/>\n<meta name=\"author\" content=\"Luzimara Fernandes\" \/>\n<meta name=\"twitter:card\" content=\"summary_large_image\" \/>\n<meta name=\"twitter:label1\" content=\"Escrito por\" \/>\n\t<meta name=\"twitter:data1\" content=\"Luzimara Fernandes\" \/>\n\t<meta name=\"twitter:label2\" content=\"Est. tempo de leitura\" \/>\n\t<meta name=\"twitter:data2\" content=\"7 minutos\" \/>\n<script type=\"application\/ld+json\" class=\"yoast-schema-graph\">{\"@context\":\"https:\/\/schema.org\",\"@graph\":[{\"@type\":\"Article\",\"@id\":\"https:\/\/jornalfatosenoticias.com.br\/index.php\/2024\/05\/31\/congresso-impoe-derrotas-ao-governo-da-recado-ao-stf-e-reafirma-sua-autonomia\/#article\",\"isPartOf\":{\"@id\":\"https:\/\/jornalfatosenoticias.com.br\/index.php\/2024\/05\/31\/congresso-impoe-derrotas-ao-governo-da-recado-ao-stf-e-reafirma-sua-autonomia\/\"},\"author\":{\"name\":\"Luzimara Fernandes\",\"@id\":\"https:\/\/jornalfatosenoticias.com.br\/#\/schema\/person\/d63837fa13ac8666eb9e74e0985d6f81\"},\"headline\":\"Congresso imp\u00f5e derrotas ao governo, d\u00e1 recado ao STF e reafirma sua autonomia\",\"datePublished\":\"2024-05-31T19:16:46+00:00\",\"dateModified\":\"2024-05-31T19:16:47+00:00\",\"mainEntityOfPage\":{\"@id\":\"https:\/\/jornalfatosenoticias.com.br\/index.php\/2024\/05\/31\/congresso-impoe-derrotas-ao-governo-da-recado-ao-stf-e-reafirma-sua-autonomia\/\"},\"wordCount\":1513,\"commentCount\":0,\"publisher\":{\"@id\":\"https:\/\/jornalfatosenoticias.com.br\/#organization\"},\"image\":{\"@id\":\"https:\/\/jornalfatosenoticias.com.br\/index.php\/2024\/05\/31\/congresso-impoe-derrotas-ao-governo-da-recado-ao-stf-e-reafirma-sua-autonomia\/#primaryimage\"},\"thumbnailUrl\":\"https:\/\/jornalfatosenoticias.com.br\/wp-content\/uploads\/2024\/05\/Lula-derrota_gettyimages.jpg\",\"keywords\":[\"Arthur Lira\",\"fake news\",\"Lula\",\"Pal\u00e1cio do Planalto\",\"STF\"],\"articleSection\":[\"Pol\u00edtica\"],\"inLanguage\":\"pt-BR\",\"potentialAction\":[{\"@type\":\"CommentAction\",\"name\":\"Comment\",\"target\":[\"https:\/\/jornalfatosenoticias.com.br\/index.php\/2024\/05\/31\/congresso-impoe-derrotas-ao-governo-da-recado-ao-stf-e-reafirma-sua-autonomia\/#respond\"]}]},{\"@type\":\"WebPage\",\"@id\":\"https:\/\/jornalfatosenoticias.com.br\/index.php\/2024\/05\/31\/congresso-impoe-derrotas-ao-governo-da-recado-ao-stf-e-reafirma-sua-autonomia\/\",\"url\":\"https:\/\/jornalfatosenoticias.com.br\/index.php\/2024\/05\/31\/congresso-impoe-derrotas-ao-governo-da-recado-ao-stf-e-reafirma-sua-autonomia\/\",\"name\":\"Congresso imp\u00f5e derrotas ao governo, d\u00e1 recado ao STF e reafirma sua autonomia - Jornal Fatos e Not\u00edcias\",\"isPartOf\":{\"@id\":\"https:\/\/jornalfatosenoticias.com.br\/#website\"},\"primaryImageOfPage\":{\"@id\":\"https:\/\/jornalfatosenoticias.com.br\/index.php\/2024\/05\/31\/congresso-impoe-derrotas-ao-governo-da-recado-ao-stf-e-reafirma-sua-autonomia\/#primaryimage\"},\"image\":{\"@id\":\"https:\/\/jornalfatosenoticias.com.br\/index.php\/2024\/05\/31\/congresso-impoe-derrotas-ao-governo-da-recado-ao-stf-e-reafirma-sua-autonomia\/#primaryimage\"},\"thumbnailUrl\":\"https:\/\/jornalfatosenoticias.com.br\/wp-content\/uploads\/2024\/05\/Lula-derrota_gettyimages.jpg\",\"datePublished\":\"2024-05-31T19:16:46+00:00\",\"dateModified\":\"2024-05-31T19:16:47+00:00\",\"breadcrumb\":{\"@id\":\"https:\/\/jornalfatosenoticias.com.br\/index.php\/2024\/05\/31\/congresso-impoe-derrotas-ao-governo-da-recado-ao-stf-e-reafirma-sua-autonomia\/#breadcrumb\"},\"inLanguage\":\"pt-BR\",\"potentialAction\":[{\"@type\":\"ReadAction\",\"target\":[\"https:\/\/jornalfatosenoticias.com.br\/index.php\/2024\/05\/31\/congresso-impoe-derrotas-ao-governo-da-recado-ao-stf-e-reafirma-sua-autonomia\/\"]}]},{\"@type\":\"ImageObject\",\"inLanguage\":\"pt-BR\",\"@id\":\"https:\/\/jornalfatosenoticias.com.br\/index.php\/2024\/05\/31\/congresso-impoe-derrotas-ao-governo-da-recado-ao-stf-e-reafirma-sua-autonomia\/#primaryimage\",\"url\":\"https:\/\/jornalfatosenoticias.com.br\/wp-content\/uploads\/2024\/05\/Lula-derrota_gettyimages.jpg\",\"contentUrl\":\"https:\/\/jornalfatosenoticias.com.br\/wp-content\/uploads\/2024\/05\/Lula-derrota_gettyimages.jpg\",\"width\":612,\"height\":408,\"caption\":\"Brazilian President Luiz Inacio Lula da Silva speaks during the announcement of support measures for the storm-ravaged state of Rio Grande do Sul at the Planalto Palace in Brasilia on May 9, 2024. Teams raced against the clock Thursday to deliver aid to flood-stricken communities in southern Brazil before the arrival of new storms forecast to batter the region again. Some 400 municipalities have been affected by the worst natural calamity ever to hit the state of Rio Grande do Sul, with at least 107 people dead and hundreds injured. (Photo by EVARISTO SA \/ AFP) (Photo by EVARISTO SA\/AFP via Getty Images)\"},{\"@type\":\"BreadcrumbList\",\"@id\":\"https:\/\/jornalfatosenoticias.com.br\/index.php\/2024\/05\/31\/congresso-impoe-derrotas-ao-governo-da-recado-ao-stf-e-reafirma-sua-autonomia\/#breadcrumb\",\"itemListElement\":[{\"@type\":\"ListItem\",\"position\":1,\"name\":\"In\u00edcio\",\"item\":\"https:\/\/jornalfatosenoticias.com.br\/\"},{\"@type\":\"ListItem\",\"position\":2,\"name\":\"Congresso imp\u00f5e derrotas ao governo, d\u00e1 recado ao STF e reafirma sua autonomia\"}]},{\"@type\":\"WebSite\",\"@id\":\"https:\/\/jornalfatosenoticias.com.br\/#website\",\"url\":\"https:\/\/jornalfatosenoticias.com.br\/\",\"name\":\"Jornal Fatos e Not\u00edcias\",\"description\":\"Not\u00edcias em geral\",\"publisher\":{\"@id\":\"https:\/\/jornalfatosenoticias.com.br\/#organization\"},\"potentialAction\":[{\"@type\":\"SearchAction\",\"target\":{\"@type\":\"EntryPoint\",\"urlTemplate\":\"https:\/\/jornalfatosenoticias.com.br\/?s={search_term_string}\"},\"query-input\":{\"@type\":\"PropertyValueSpecification\",\"valueRequired\":true,\"valueName\":\"search_term_string\"}}],\"inLanguage\":\"pt-BR\"},{\"@type\":\"Organization\",\"@id\":\"https:\/\/jornalfatosenoticias.com.br\/#organization\",\"name\":\"Jornal Fatos e Not\u00edcias\",\"url\":\"https:\/\/jornalfatosenoticias.com.br\/\",\"logo\":{\"@type\":\"ImageObject\",\"inLanguage\":\"pt-BR\",\"@id\":\"https:\/\/jornalfatosenoticias.com.br\/#\/schema\/logo\/image\/\",\"url\":\"https:\/\/jornalfatosenoticias.com.br\/wp-content\/uploads\/2020\/02\/logo120.png\",\"contentUrl\":\"https:\/\/jornalfatosenoticias.com.br\/wp-content\/uploads\/2020\/02\/logo120.png\",\"width\":1227,\"height\":120,\"caption\":\"Jornal Fatos e Not\u00edcias\"},\"image\":{\"@id\":\"https:\/\/jornalfatosenoticias.com.br\/#\/schema\/logo\/image\/\"}},{\"@type\":\"Person\",\"@id\":\"https:\/\/jornalfatosenoticias.com.br\/#\/schema\/person\/d63837fa13ac8666eb9e74e0985d6f81\",\"name\":\"Luzimara Fernandes\",\"image\":{\"@type\":\"ImageObject\",\"inLanguage\":\"pt-BR\",\"@id\":\"https:\/\/jornalfatosenoticias.com.br\/#\/schema\/person\/image\/\",\"url\":\"https:\/\/jornalfatosenoticias.com.br\/wp-content\/uploads\/2025\/05\/EU_portal.jpg\",\"contentUrl\":\"https:\/\/jornalfatosenoticias.com.br\/wp-content\/uploads\/2025\/05\/EU_portal.jpg\",\"caption\":\"Luzimara Fernandes\"},\"description\":\"Jornalista MTB 2358-ES\",\"sameAs\":[\"https:\/\/jornalfatosenoticias.com.br\"],\"url\":\"https:\/\/jornalfatosenoticias.com.br\/index.php\/author\/luzimara\/\"}]}<\/script>\n<!-- \/ Yoast SEO plugin. -->","yoast_head_json":{"title":"Congresso imp\u00f5e derrotas ao governo, d\u00e1 recado ao STF e reafirma sua autonomia - Jornal Fatos e Not\u00edcias","robots":{"index":"index","follow":"follow","max-snippet":"max-snippet:-1","max-image-preview":"max-image-preview:large","max-video-preview":"max-video-preview:-1"},"canonical":"https:\/\/jornalfatosenoticias.com.br\/index.php\/2024\/05\/31\/congresso-impoe-derrotas-ao-governo-da-recado-ao-stf-e-reafirma-sua-autonomia\/","og_locale":"pt_BR","og_type":"article","og_title":"Congresso imp\u00f5e derrotas ao governo, d\u00e1 recado ao STF e reafirma sua autonomia - Jornal Fatos e Not\u00edcias","og_description":"Derrotas em vota\u00e7\u00f5es na sess\u00e3o do Congresso revelam fragilidade do governo e mais autonomia de deputados e senadores Por S\u00edlvio Ribas A s\u00e9rie de derrotas sofridas pelo governo plen\u00e1rio no Congresso na noite da \u00faltima ter\u00e7a-feira (28) exp\u00f4s em definitivo a dificuldade de Luiz In\u00e1cio Lula da Silva (PT) avan\u00e7ar com a sua agenda no [&hellip;]","og_url":"https:\/\/jornalfatosenoticias.com.br\/index.php\/2024\/05\/31\/congresso-impoe-derrotas-ao-governo-da-recado-ao-stf-e-reafirma-sua-autonomia\/","og_site_name":"Jornal Fatos e Not\u00edcias","article_published_time":"2024-05-31T19:16:46+00:00","article_modified_time":"2024-05-31T19:16:47+00:00","og_image":[{"width":612,"height":408,"url":"https:\/\/jornalfatosenoticias.com.br\/wp-content\/uploads\/2024\/05\/Lula-derrota_gettyimages.jpg","type":"image\/jpeg"}],"author":"Luzimara Fernandes","twitter_card":"summary_large_image","twitter_misc":{"Escrito por":"Luzimara Fernandes","Est. tempo de leitura":"7 minutos"},"schema":{"@context":"https:\/\/schema.org","@graph":[{"@type":"Article","@id":"https:\/\/jornalfatosenoticias.com.br\/index.php\/2024\/05\/31\/congresso-impoe-derrotas-ao-governo-da-recado-ao-stf-e-reafirma-sua-autonomia\/#article","isPartOf":{"@id":"https:\/\/jornalfatosenoticias.com.br\/index.php\/2024\/05\/31\/congresso-impoe-derrotas-ao-governo-da-recado-ao-stf-e-reafirma-sua-autonomia\/"},"author":{"name":"Luzimara Fernandes","@id":"https:\/\/jornalfatosenoticias.com.br\/#\/schema\/person\/d63837fa13ac8666eb9e74e0985d6f81"},"headline":"Congresso imp\u00f5e derrotas ao governo, d\u00e1 recado ao STF e reafirma sua autonomia","datePublished":"2024-05-31T19:16:46+00:00","dateModified":"2024-05-31T19:16:47+00:00","mainEntityOfPage":{"@id":"https:\/\/jornalfatosenoticias.com.br\/index.php\/2024\/05\/31\/congresso-impoe-derrotas-ao-governo-da-recado-ao-stf-e-reafirma-sua-autonomia\/"},"wordCount":1513,"commentCount":0,"publisher":{"@id":"https:\/\/jornalfatosenoticias.com.br\/#organization"},"image":{"@id":"https:\/\/jornalfatosenoticias.com.br\/index.php\/2024\/05\/31\/congresso-impoe-derrotas-ao-governo-da-recado-ao-stf-e-reafirma-sua-autonomia\/#primaryimage"},"thumbnailUrl":"https:\/\/jornalfatosenoticias.com.br\/wp-content\/uploads\/2024\/05\/Lula-derrota_gettyimages.jpg","keywords":["Arthur Lira","fake news","Lula","Pal\u00e1cio do Planalto","STF"],"articleSection":["Pol\u00edtica"],"inLanguage":"pt-BR","potentialAction":[{"@type":"CommentAction","name":"Comment","target":["https:\/\/jornalfatosenoticias.com.br\/index.php\/2024\/05\/31\/congresso-impoe-derrotas-ao-governo-da-recado-ao-stf-e-reafirma-sua-autonomia\/#respond"]}]},{"@type":"WebPage","@id":"https:\/\/jornalfatosenoticias.com.br\/index.php\/2024\/05\/31\/congresso-impoe-derrotas-ao-governo-da-recado-ao-stf-e-reafirma-sua-autonomia\/","url":"https:\/\/jornalfatosenoticias.com.br\/index.php\/2024\/05\/31\/congresso-impoe-derrotas-ao-governo-da-recado-ao-stf-e-reafirma-sua-autonomia\/","name":"Congresso imp\u00f5e derrotas ao governo, d\u00e1 recado ao STF e reafirma sua autonomia - Jornal Fatos e Not\u00edcias","isPartOf":{"@id":"https:\/\/jornalfatosenoticias.com.br\/#website"},"primaryImageOfPage":{"@id":"https:\/\/jornalfatosenoticias.com.br\/index.php\/2024\/05\/31\/congresso-impoe-derrotas-ao-governo-da-recado-ao-stf-e-reafirma-sua-autonomia\/#primaryimage"},"image":{"@id":"https:\/\/jornalfatosenoticias.com.br\/index.php\/2024\/05\/31\/congresso-impoe-derrotas-ao-governo-da-recado-ao-stf-e-reafirma-sua-autonomia\/#primaryimage"},"thumbnailUrl":"https:\/\/jornalfatosenoticias.com.br\/wp-content\/uploads\/2024\/05\/Lula-derrota_gettyimages.jpg","datePublished":"2024-05-31T19:16:46+00:00","dateModified":"2024-05-31T19:16:47+00:00","breadcrumb":{"@id":"https:\/\/jornalfatosenoticias.com.br\/index.php\/2024\/05\/31\/congresso-impoe-derrotas-ao-governo-da-recado-ao-stf-e-reafirma-sua-autonomia\/#breadcrumb"},"inLanguage":"pt-BR","potentialAction":[{"@type":"ReadAction","target":["https:\/\/jornalfatosenoticias.com.br\/index.php\/2024\/05\/31\/congresso-impoe-derrotas-ao-governo-da-recado-ao-stf-e-reafirma-sua-autonomia\/"]}]},{"@type":"ImageObject","inLanguage":"pt-BR","@id":"https:\/\/jornalfatosenoticias.com.br\/index.php\/2024\/05\/31\/congresso-impoe-derrotas-ao-governo-da-recado-ao-stf-e-reafirma-sua-autonomia\/#primaryimage","url":"https:\/\/jornalfatosenoticias.com.br\/wp-content\/uploads\/2024\/05\/Lula-derrota_gettyimages.jpg","contentUrl":"https:\/\/jornalfatosenoticias.com.br\/wp-content\/uploads\/2024\/05\/Lula-derrota_gettyimages.jpg","width":612,"height":408,"caption":"Brazilian President Luiz Inacio Lula da Silva speaks during the announcement of support measures for the storm-ravaged state of Rio Grande do Sul at the Planalto Palace in Brasilia on May 9, 2024. Teams raced against the clock Thursday to deliver aid to flood-stricken communities in southern Brazil before the arrival of new storms forecast to batter the region again. Some 400 municipalities have been affected by the worst natural calamity ever to hit the state of Rio Grande do Sul, with at least 107 people dead and hundreds injured. (Photo by EVARISTO SA \/ AFP) (Photo by EVARISTO SA\/AFP via Getty Images)"},{"@type":"BreadcrumbList","@id":"https:\/\/jornalfatosenoticias.com.br\/index.php\/2024\/05\/31\/congresso-impoe-derrotas-ao-governo-da-recado-ao-stf-e-reafirma-sua-autonomia\/#breadcrumb","itemListElement":[{"@type":"ListItem","position":1,"name":"In\u00edcio","item":"https:\/\/jornalfatosenoticias.com.br\/"},{"@type":"ListItem","position":2,"name":"Congresso imp\u00f5e derrotas ao governo, d\u00e1 recado ao STF e reafirma sua autonomia"}]},{"@type":"WebSite","@id":"https:\/\/jornalfatosenoticias.com.br\/#website","url":"https:\/\/jornalfatosenoticias.com.br\/","name":"Jornal Fatos e Not\u00edcias","description":"Not\u00edcias em geral","publisher":{"@id":"https:\/\/jornalfatosenoticias.com.br\/#organization"},"potentialAction":[{"@type":"SearchAction","target":{"@type":"EntryPoint","urlTemplate":"https:\/\/jornalfatosenoticias.com.br\/?s={search_term_string}"},"query-input":{"@type":"PropertyValueSpecification","valueRequired":true,"valueName":"search_term_string"}}],"inLanguage":"pt-BR"},{"@type":"Organization","@id":"https:\/\/jornalfatosenoticias.com.br\/#organization","name":"Jornal Fatos e Not\u00edcias","url":"https:\/\/jornalfatosenoticias.com.br\/","logo":{"@type":"ImageObject","inLanguage":"pt-BR","@id":"https:\/\/jornalfatosenoticias.com.br\/#\/schema\/logo\/image\/","url":"https:\/\/jornalfatosenoticias.com.br\/wp-content\/uploads\/2020\/02\/logo120.png","contentUrl":"https:\/\/jornalfatosenoticias.com.br\/wp-content\/uploads\/2020\/02\/logo120.png","width":1227,"height":120,"caption":"Jornal Fatos e Not\u00edcias"},"image":{"@id":"https:\/\/jornalfatosenoticias.com.br\/#\/schema\/logo\/image\/"}},{"@type":"Person","@id":"https:\/\/jornalfatosenoticias.com.br\/#\/schema\/person\/d63837fa13ac8666eb9e74e0985d6f81","name":"Luzimara Fernandes","image":{"@type":"ImageObject","inLanguage":"pt-BR","@id":"https:\/\/jornalfatosenoticias.com.br\/#\/schema\/person\/image\/","url":"https:\/\/jornalfatosenoticias.com.br\/wp-content\/uploads\/2025\/05\/EU_portal.jpg","contentUrl":"https:\/\/jornalfatosenoticias.com.br\/wp-content\/uploads\/2025\/05\/EU_portal.jpg","caption":"Luzimara Fernandes"},"description":"Jornalista MTB 2358-ES","sameAs":["https:\/\/jornalfatosenoticias.com.br"],"url":"https:\/\/jornalfatosenoticias.com.br\/index.php\/author\/luzimara\/"}]}},"cc_featured_image_caption":{"caption_text":"(Foto: Getty Images) ","source_text":"","source_url":""},"jetpack_featured_media_url":"https:\/\/jornalfatosenoticias.com.br\/wp-content\/uploads\/2024\/05\/Lula-derrota_gettyimages.jpg","_links":{"self":[{"href":"https:\/\/jornalfatosenoticias.com.br\/index.php\/wp-json\/wp\/v2\/posts\/51647","targetHints":{"allow":["GET"]}}],"collection":[{"href":"https:\/\/jornalfatosenoticias.com.br\/index.php\/wp-json\/wp\/v2\/posts"}],"about":[{"href":"https:\/\/jornalfatosenoticias.com.br\/index.php\/wp-json\/wp\/v2\/types\/post"}],"author":[{"embeddable":true,"href":"https:\/\/jornalfatosenoticias.com.br\/index.php\/wp-json\/wp\/v2\/users\/2"}],"replies":[{"embeddable":true,"href":"https:\/\/jornalfatosenoticias.com.br\/index.php\/wp-json\/wp\/v2\/comments?post=51647"}],"version-history":[{"count":0,"href":"https:\/\/jornalfatosenoticias.com.br\/index.php\/wp-json\/wp\/v2\/posts\/51647\/revisions"}],"wp:featuredmedia":[{"embeddable":true,"href":"https:\/\/jornalfatosenoticias.com.br\/index.php\/wp-json\/wp\/v2\/media\/51648"}],"wp:attachment":[{"href":"https:\/\/jornalfatosenoticias.com.br\/index.php\/wp-json\/wp\/v2\/media?parent=51647"}],"wp:term":[{"taxonomy":"category","embeddable":true,"href":"https:\/\/jornalfatosenoticias.com.br\/index.php\/wp-json\/wp\/v2\/categories?post=51647"},{"taxonomy":"post_tag","embeddable":true,"href":"https:\/\/jornalfatosenoticias.com.br\/index.php\/wp-json\/wp\/v2\/tags?post=51647"}],"curies":[{"name":"wp","href":"https:\/\/api.w.org\/{rel}","templated":true}]}}