{"id":51653,"date":"2024-06-03T08:52:22","date_gmt":"2024-06-03T11:52:22","guid":{"rendered":"https:\/\/jornalfatosenoticias.com.br\/?p=51653"},"modified":"2024-06-03T08:52:24","modified_gmt":"2024-06-03T11:52:24","slug":"tatuagem-e-um-fator-de-risco-para-certo-tipo-de-cancer","status":"publish","type":"post","link":"https:\/\/jornalfatosenoticias.com.br\/index.php\/2024\/06\/03\/tatuagem-e-um-fator-de-risco-para-certo-tipo-de-cancer\/","title":{"rendered":"Tatuagem \u00e9 um fator de risco para certo tipo de c\u00e2ncer"},"content":{"rendered":"\n<p><em><span class=\"has-inline-color has-black-color\">Embora o estudo tenha encontrado liga\u00e7\u00e3o entre tatuagem e c\u00e2ncer, mais investiga\u00e7\u00f5es s\u00e3o necess\u00e1rias para confirmar os resultados<\/span><\/em><\/p>\n\n\n\n<p><span class=\"has-inline-color has-black-color\">Por <strong><a href=\"https:\/\/olhardigital.com.br\/author\/flavia-correia\/\">Flavia Correia<\/a><\/strong><\/span><\/p>\n\n\n\n<div class=\"wp-block-image\"><figure class=\"aligncenter size-large\"><img decoding=\"async\" src=\"https:\/\/jornalfatosenoticias.com.br\/wp-content\/uploads\/2020\/02\/barao-das-carnes-300x164-1.jpg\" alt=\"\" class=\"wp-image-34339\"\/><\/figure><\/div>\n\n\n\n<p>Tatuagens podem aumentar o risco de<strong> <a href=\"https:\/\/olhardigital.com.br\/2024\/03\/25\/medicina-e-saude\/sp-da-inicio-a-estudo-clinico-com-celulas-car-t-em-tratamento-contra-leucemia-e-linfoma\/\">linfoma<\/a><\/strong>, um tipo de c\u00e2ncer que afeta o sistema linf\u00e1tico. Esta conclus\u00e3o vem de um\u00a0<a href=\"https:\/\/www.thelancet.com\/journals\/eclinm\/article\/PIIS2589-5370(24)00228-1\/fulltext\" target=\"_blank\" rel=\"noreferrer noopener\"><strong>estudo publicado<\/strong><\/a>\u00a0na \u00faltima semana na revista cient\u00edfica\u00a0<em>eClinicalMedicine<\/em>, conduzido por pesquisadores da Universidade de Lund, na\u00a0<a href=\"https:\/\/olhardigital.com.br\/2023\/11\/08\/medicina-e-saude\/conheca-a-polemica-alternativa-ao-cigarro-incentivada-na-suecia\/\"><strong>Su\u00e9cia<\/strong><\/a>.<br>A pesquisa contou com a participa\u00e7\u00e3o de 11.905 pessoas. Destas, 2.938 tinham linfoma e estavam na faixa et\u00e1ria de 20 a 60 anos. Entre os participantes com linfoma, 1.398 responderam ao question\u00e1rio. No grupo de controle, composto por indiv\u00edduos sem diagn\u00f3stico de linfoma, havia 4.193 participantes. No grupo com linfoma, 21% tinham tatuagens, totalizando 289 pessoas, enquanto no grupo de controle, 18% tinham tatuagens, ou seja, 735 pessoas.<\/p>\n\n\n\n<div class=\"wp-block-image\"><figure class=\"aligncenter size-large is-resized\"><img loading=\"lazy\" decoding=\"async\" src=\"https:\/\/jornalfatosenoticias.com.br\/wp-content\/uploads\/2020\/02\/logo_esteio.jpg\" alt=\"\" class=\"wp-image-1214\" width=\"342\" height=\"285\"\/><\/figure><\/div>\n\n\n\n<blockquote class=\"wp-block-quote is-layout-flow wp-block-quote-is-layout-flow\"><p><span class=\"has-inline-color has-luminous-vivid-orange-color\">Depois de considerar fatores como <strong><a href=\"https:\/\/olhardigital.com.br\/2022\/06\/12\/medicina-e-saude\/tabagismo-dobra-o-risco-de-insuficiencia-cardiaca-aponta-estudo\/\">tabagismo<\/a><\/strong> e idade, descobrimos que o risco de desenvolver linfoma era 21% maior entre os tatuados. \u00c9 importante lembrar que o linfoma \u00e9 uma doen\u00e7a rara e nossos resultados se aplicam a este grupo espec\u00edfico. Esses resultados precisam ser verificados em estudos adicionais\u201d, afirmou Christel Nielsen, principal autora do estudo.<\/span><\/p><\/blockquote>\n\n\n\n<div class=\"wp-block-image\"><figure class=\"aligncenter size-large is-resized\"><img loading=\"lazy\" decoding=\"async\" src=\"https:\/\/jornalfatosenoticias.com.br\/wp-content\/uploads\/2023\/03\/nova-logo-Marquetti.jpg\" alt=\"\" class=\"wp-image-40207\" width=\"337\" height=\"226\" srcset=\"https:\/\/jornalfatosenoticias.com.br\/wp-content\/uploads\/2023\/03\/nova-logo-Marquetti.jpg 643w, https:\/\/jornalfatosenoticias.com.br\/wp-content\/uploads\/2023\/03\/nova-logo-Marquetti-300x202.jpg 300w\" sizes=\"auto, (max-width: 337px) 100vw, 337px\" \/><\/figure><\/div>\n\n\n\n<p>Inicialmente, a equipe liderada por Nielsen acreditava que o tamanho da tatuagem poderia influenciar o risco de linfoma. Presumia-se que uma tatuagem grande poderia estar associada a um risco maior de c\u00e2ncer em compara\u00e7\u00e3o a uma tatuagem pequena. No entanto, os resultados mostraram que a \u00e1rea da tatuagem n\u00e3o teve impacto significativo no risco de linfoma.<\/p>\n\n\n\n<div class=\"wp-block-image\"><figure class=\"aligncenter size-large is-resized\"><img loading=\"lazy\" decoding=\"async\" src=\"https:\/\/jornalfatosenoticias.com.br\/wp-content\/uploads\/2022\/02\/Precisao-Contabilidade-1024x724.jpg\" alt=\"\" class=\"wp-image-28088\" width=\"382\" height=\"270\"\/><\/figure><\/div>\n\n\n\n<blockquote class=\"wp-block-quote is-layout-flow wp-block-quote-is-layout-flow\"><p><span class=\"has-inline-color has-luminous-vivid-orange-color\">Ainda n\u00e3o sabemos o motivo. Podemos apenas especular que qualquer tatuagem, independentemente do tamanho, desencadeia uma inflama\u00e7\u00e3o de baixo grau no corpo, que pode, por sua vez, levar ao c\u00e2ncer. O quadro \u00e9 mais complexo do que inicialmente pensamos\u201d, explicou Nielsen.<\/span><\/p><\/blockquote>\n\n\n\n<div class=\"wp-block-image\"><figure class=\"aligncenter size-large is-resized\"><img loading=\"lazy\" decoding=\"async\" src=\"https:\/\/jornalfatosenoticias.com.br\/wp-content\/uploads\/2023\/03\/logo-Panper_portal.jpg\" alt=\"\" class=\"wp-image-40208\" width=\"358\" height=\"248\" srcset=\"https:\/\/jornalfatosenoticias.com.br\/wp-content\/uploads\/2023\/03\/logo-Panper_portal.jpg 400w, https:\/\/jornalfatosenoticias.com.br\/wp-content\/uploads\/2023\/03\/logo-Panper_portal-300x208.jpg 300w\" sizes=\"auto, (max-width: 358px) 100vw, 358px\" \/><\/figure><\/div>\n\n\n\n<p>A maioria das pessoas faz sua primeira tatuagem ainda jovem, ficando expostas \u00e0 tinta durante grande parte da vida. \u201cSabemos que quando a tinta \u00e9 injetada na pele, o corpo a v\u00ea como algo estranho e o sistema imunol\u00f3gico \u00e9 ativado. Parte da tinta \u00e9 transportada para os linfonodos, onde se deposita\u201d, disse Nielsen.<br>O pr\u00f3ximo passo da pesquisa \u00e9 investigar a poss\u00edvel associa\u00e7\u00e3o entre tatuagens e outros tipos de c\u00e2ncer, al\u00e9m de estudar a rela\u00e7\u00e3o entre tatuagens e outras <strong><a href=\"https:\/\/olhardigital.com.br\/tag\/doencas-inflamatorias\/\">doen\u00e7as inflamat\u00f3rias<\/a>.<\/strong> Isso n\u00e3o significa que a tatuagem deva ser proibida ou que as pessoas devam evit\u00e1-la. <\/p>\n\n\n\n<div class=\"wp-block-image\"><figure class=\"aligncenter size-large\"><img loading=\"lazy\" decoding=\"async\" width=\"300\" height=\"250\" src=\"https:\/\/jornalfatosenoticias.com.br\/wp-content\/uploads\/2020\/02\/Banner-2.png\" alt=\"\" class=\"wp-image-43787\"\/><\/figure><\/div>\n\n\n\n<blockquote class=\"wp-block-quote is-layout-flow wp-block-quote-is-layout-flow\"><p><span class=\"has-inline-color has-luminous-vivid-orange-color\">As pessoas provavelmente continuar\u00e3o a expressar sua identidade atrav\u00e9s de tatuagens, e \u00e9 crucial garantir que isso seja seguro. \u00c9 importante que os indiv\u00edduos estejam cientes dos poss\u00edveis impactos das tatuagens na sa\u00fade e que consultem um m\u00e9dico se notarem sintomas que possam estar relacionados \u00e0 tatuagem\u201d, concluiu Nielsen.<\/span><\/p><\/blockquote>\n\n\n\n<div class=\"wp-block-image\"><figure class=\"aligncenter size-large is-resized\"><img loading=\"lazy\" decoding=\"async\" src=\"https:\/\/jornalfatosenoticias.com.br\/wp-content\/uploads\/2023\/12\/pegoretti-logo-pdf-1024x389.jpg\" alt=\"\" class=\"wp-image-47536\" width=\"517\" height=\"196\" srcset=\"https:\/\/jornalfatosenoticias.com.br\/wp-content\/uploads\/2023\/12\/pegoretti-logo-pdf-1024x389.jpg 1024w, https:\/\/jornalfatosenoticias.com.br\/wp-content\/uploads\/2023\/12\/pegoretti-logo-pdf-300x114.jpg 300w, https:\/\/jornalfatosenoticias.com.br\/wp-content\/uploads\/2023\/12\/pegoretti-logo-pdf-768x291.jpg 768w, https:\/\/jornalfatosenoticias.com.br\/wp-content\/uploads\/2023\/12\/pegoretti-logo-pdf.jpg 1120w\" sizes=\"auto, (max-width: 517px) 100vw, 517px\" \/><\/figure><\/div>\n\n\n\n<p><strong><em>Fonte: <a href=\"https:\/\/olhardigital.com.br\/2024\/05\/26\/medicina-e-saude\/tatuagem-e-um-fator-de-risco-para-certo-tipo-de-cancer\/\">Olhar Digital<\/a><\/em><\/strong><\/p>\n","protected":false},"excerpt":{"rendered":"<p>Embora o estudo tenha encontrado liga\u00e7\u00e3o entre tatuagem e c\u00e2ncer, mais investiga\u00e7\u00f5es s\u00e3o necess\u00e1rias para confirmar os resultados Por Flavia Correia Tatuagens podem aumentar o risco de linfoma, um tipo de c\u00e2ncer que afeta o sistema linf\u00e1tico. Esta conclus\u00e3o vem de um\u00a0estudo publicado\u00a0na \u00faltima semana na revista cient\u00edfica\u00a0eClinicalMedicine, conduzido por pesquisadores da Universidade de Lund, [&hellip;]<\/p>\n","protected":false},"author":2,"featured_media":51654,"comment_status":"open","ping_status":"open","sticky":false,"template":"","format":"standard","meta":{"footnotes":""},"categories":[11],"tags":[642,7311,16485],"class_list":["post-51653","post","type-post","status-publish","format-standard","has-post-thumbnail","hentry","category-saude","tag-cancer","tag-linfoma","tag-tatuagem"],"yoast_head":"<!-- This site is optimized with the Yoast SEO plugin v26.5 - https:\/\/yoast.com\/wordpress\/plugins\/seo\/ -->\n<title>Tatuagem \u00e9 um fator de risco para certo tipo de c\u00e2ncer - Jornal Fatos e Not\u00edcias<\/title>\n<meta name=\"robots\" content=\"index, follow, max-snippet:-1, max-image-preview:large, max-video-preview:-1\" \/>\n<link rel=\"canonical\" href=\"https:\/\/jornalfatosenoticias.com.br\/index.php\/2024\/06\/03\/tatuagem-e-um-fator-de-risco-para-certo-tipo-de-cancer\/\" \/>\n<meta property=\"og:locale\" content=\"pt_BR\" \/>\n<meta property=\"og:type\" content=\"article\" \/>\n<meta property=\"og:title\" content=\"Tatuagem \u00e9 um fator de risco para certo tipo de c\u00e2ncer - Jornal Fatos e Not\u00edcias\" \/>\n<meta property=\"og:description\" content=\"Embora o estudo tenha encontrado liga\u00e7\u00e3o entre tatuagem e c\u00e2ncer, mais investiga\u00e7\u00f5es s\u00e3o necess\u00e1rias para confirmar os resultados Por Flavia Correia Tatuagens podem aumentar o risco de linfoma, um tipo de c\u00e2ncer que afeta o sistema linf\u00e1tico. Esta conclus\u00e3o vem de um\u00a0estudo publicado\u00a0na \u00faltima semana na revista cient\u00edfica\u00a0eClinicalMedicine, conduzido por pesquisadores da Universidade de Lund, [&hellip;]\" \/>\n<meta property=\"og:url\" content=\"https:\/\/jornalfatosenoticias.com.br\/index.php\/2024\/06\/03\/tatuagem-e-um-fator-de-risco-para-certo-tipo-de-cancer\/\" \/>\n<meta property=\"og:site_name\" content=\"Jornal Fatos e Not\u00edcias\" \/>\n<meta property=\"article:published_time\" content=\"2024-06-03T11:52:22+00:00\" \/>\n<meta property=\"article:modified_time\" content=\"2024-06-03T11:52:24+00:00\" \/>\n<meta property=\"og:image\" content=\"https:\/\/jornalfatosenoticias.com.br\/wp-content\/uploads\/2024\/06\/tatuagem_istock.jpg\" \/>\n\t<meta property=\"og:image:width\" content=\"612\" \/>\n\t<meta property=\"og:image:height\" content=\"408\" \/>\n\t<meta property=\"og:image:type\" content=\"image\/jpeg\" \/>\n<meta name=\"author\" content=\"Luzimara Fernandes\" \/>\n<meta name=\"twitter:card\" content=\"summary_large_image\" \/>\n<meta name=\"twitter:label1\" content=\"Escrito por\" \/>\n\t<meta name=\"twitter:data1\" content=\"Luzimara Fernandes\" \/>\n\t<meta name=\"twitter:label2\" content=\"Est. tempo de leitura\" \/>\n\t<meta name=\"twitter:data2\" content=\"2 minutos\" \/>\n<script type=\"application\/ld+json\" class=\"yoast-schema-graph\">{\"@context\":\"https:\/\/schema.org\",\"@graph\":[{\"@type\":\"Article\",\"@id\":\"https:\/\/jornalfatosenoticias.com.br\/index.php\/2024\/06\/03\/tatuagem-e-um-fator-de-risco-para-certo-tipo-de-cancer\/#article\",\"isPartOf\":{\"@id\":\"https:\/\/jornalfatosenoticias.com.br\/index.php\/2024\/06\/03\/tatuagem-e-um-fator-de-risco-para-certo-tipo-de-cancer\/\"},\"author\":{\"name\":\"Luzimara Fernandes\",\"@id\":\"https:\/\/jornalfatosenoticias.com.br\/#\/schema\/person\/d63837fa13ac8666eb9e74e0985d6f81\"},\"headline\":\"Tatuagem \u00e9 um fator de risco para certo tipo de c\u00e2ncer\",\"datePublished\":\"2024-06-03T11:52:22+00:00\",\"dateModified\":\"2024-06-03T11:52:24+00:00\",\"mainEntityOfPage\":{\"@id\":\"https:\/\/jornalfatosenoticias.com.br\/index.php\/2024\/06\/03\/tatuagem-e-um-fator-de-risco-para-certo-tipo-de-cancer\/\"},\"wordCount\":458,\"commentCount\":0,\"publisher\":{\"@id\":\"https:\/\/jornalfatosenoticias.com.br\/#organization\"},\"image\":{\"@id\":\"https:\/\/jornalfatosenoticias.com.br\/index.php\/2024\/06\/03\/tatuagem-e-um-fator-de-risco-para-certo-tipo-de-cancer\/#primaryimage\"},\"thumbnailUrl\":\"https:\/\/jornalfatosenoticias.com.br\/wp-content\/uploads\/2024\/06\/tatuagem_istock.jpg\",\"keywords\":[\"c\u00e2ncer\",\"linfoma\",\"tatuagem\"],\"articleSection\":[\"Sa\u00fade\"],\"inLanguage\":\"pt-BR\",\"potentialAction\":[{\"@type\":\"CommentAction\",\"name\":\"Comment\",\"target\":[\"https:\/\/jornalfatosenoticias.com.br\/index.php\/2024\/06\/03\/tatuagem-e-um-fator-de-risco-para-certo-tipo-de-cancer\/#respond\"]}]},{\"@type\":\"WebPage\",\"@id\":\"https:\/\/jornalfatosenoticias.com.br\/index.php\/2024\/06\/03\/tatuagem-e-um-fator-de-risco-para-certo-tipo-de-cancer\/\",\"url\":\"https:\/\/jornalfatosenoticias.com.br\/index.php\/2024\/06\/03\/tatuagem-e-um-fator-de-risco-para-certo-tipo-de-cancer\/\",\"name\":\"Tatuagem \u00e9 um fator de risco para certo tipo de c\u00e2ncer - Jornal Fatos e Not\u00edcias\",\"isPartOf\":{\"@id\":\"https:\/\/jornalfatosenoticias.com.br\/#website\"},\"primaryImageOfPage\":{\"@id\":\"https:\/\/jornalfatosenoticias.com.br\/index.php\/2024\/06\/03\/tatuagem-e-um-fator-de-risco-para-certo-tipo-de-cancer\/#primaryimage\"},\"image\":{\"@id\":\"https:\/\/jornalfatosenoticias.com.br\/index.php\/2024\/06\/03\/tatuagem-e-um-fator-de-risco-para-certo-tipo-de-cancer\/#primaryimage\"},\"thumbnailUrl\":\"https:\/\/jornalfatosenoticias.com.br\/wp-content\/uploads\/2024\/06\/tatuagem_istock.jpg\",\"datePublished\":\"2024-06-03T11:52:22+00:00\",\"dateModified\":\"2024-06-03T11:52:24+00:00\",\"breadcrumb\":{\"@id\":\"https:\/\/jornalfatosenoticias.com.br\/index.php\/2024\/06\/03\/tatuagem-e-um-fator-de-risco-para-certo-tipo-de-cancer\/#breadcrumb\"},\"inLanguage\":\"pt-BR\",\"potentialAction\":[{\"@type\":\"ReadAction\",\"target\":[\"https:\/\/jornalfatosenoticias.com.br\/index.php\/2024\/06\/03\/tatuagem-e-um-fator-de-risco-para-certo-tipo-de-cancer\/\"]}]},{\"@type\":\"ImageObject\",\"inLanguage\":\"pt-BR\",\"@id\":\"https:\/\/jornalfatosenoticias.com.br\/index.php\/2024\/06\/03\/tatuagem-e-um-fator-de-risco-para-certo-tipo-de-cancer\/#primaryimage\",\"url\":\"https:\/\/jornalfatosenoticias.com.br\/wp-content\/uploads\/2024\/06\/tatuagem_istock.jpg\",\"contentUrl\":\"https:\/\/jornalfatosenoticias.com.br\/wp-content\/uploads\/2024\/06\/tatuagem_istock.jpg\",\"width\":612,\"height\":408,\"caption\":\"Hands of a tattoo artist wearing black gloves and holding a machine while creating a picture on a man back and the ink is dripping\"},{\"@type\":\"BreadcrumbList\",\"@id\":\"https:\/\/jornalfatosenoticias.com.br\/index.php\/2024\/06\/03\/tatuagem-e-um-fator-de-risco-para-certo-tipo-de-cancer\/#breadcrumb\",\"itemListElement\":[{\"@type\":\"ListItem\",\"position\":1,\"name\":\"In\u00edcio\",\"item\":\"https:\/\/jornalfatosenoticias.com.br\/\"},{\"@type\":\"ListItem\",\"position\":2,\"name\":\"Tatuagem \u00e9 um fator de risco para certo tipo de c\u00e2ncer\"}]},{\"@type\":\"WebSite\",\"@id\":\"https:\/\/jornalfatosenoticias.com.br\/#website\",\"url\":\"https:\/\/jornalfatosenoticias.com.br\/\",\"name\":\"Jornal Fatos e Not\u00edcias\",\"description\":\"Not\u00edcias em geral\",\"publisher\":{\"@id\":\"https:\/\/jornalfatosenoticias.com.br\/#organization\"},\"potentialAction\":[{\"@type\":\"SearchAction\",\"target\":{\"@type\":\"EntryPoint\",\"urlTemplate\":\"https:\/\/jornalfatosenoticias.com.br\/?s={search_term_string}\"},\"query-input\":{\"@type\":\"PropertyValueSpecification\",\"valueRequired\":true,\"valueName\":\"search_term_string\"}}],\"inLanguage\":\"pt-BR\"},{\"@type\":\"Organization\",\"@id\":\"https:\/\/jornalfatosenoticias.com.br\/#organization\",\"name\":\"Jornal Fatos e Not\u00edcias\",\"url\":\"https:\/\/jornalfatosenoticias.com.br\/\",\"logo\":{\"@type\":\"ImageObject\",\"inLanguage\":\"pt-BR\",\"@id\":\"https:\/\/jornalfatosenoticias.com.br\/#\/schema\/logo\/image\/\",\"url\":\"https:\/\/jornalfatosenoticias.com.br\/wp-content\/uploads\/2020\/02\/logo120.png\",\"contentUrl\":\"https:\/\/jornalfatosenoticias.com.br\/wp-content\/uploads\/2020\/02\/logo120.png\",\"width\":1227,\"height\":120,\"caption\":\"Jornal Fatos e Not\u00edcias\"},\"image\":{\"@id\":\"https:\/\/jornalfatosenoticias.com.br\/#\/schema\/logo\/image\/\"}},{\"@type\":\"Person\",\"@id\":\"https:\/\/jornalfatosenoticias.com.br\/#\/schema\/person\/d63837fa13ac8666eb9e74e0985d6f81\",\"name\":\"Luzimara Fernandes\",\"image\":{\"@type\":\"ImageObject\",\"inLanguage\":\"pt-BR\",\"@id\":\"https:\/\/jornalfatosenoticias.com.br\/#\/schema\/person\/image\/\",\"url\":\"https:\/\/jornalfatosenoticias.com.br\/wp-content\/uploads\/2025\/05\/EU_portal.jpg\",\"contentUrl\":\"https:\/\/jornalfatosenoticias.com.br\/wp-content\/uploads\/2025\/05\/EU_portal.jpg\",\"caption\":\"Luzimara Fernandes\"},\"description\":\"Jornalista MTB 2358-ES\",\"sameAs\":[\"https:\/\/jornalfatosenoticias.com.br\"],\"url\":\"https:\/\/jornalfatosenoticias.com.br\/index.php\/author\/luzimara\/\"}]}<\/script>\n<!-- \/ Yoast SEO plugin. -->","yoast_head_json":{"title":"Tatuagem \u00e9 um fator de risco para certo tipo de c\u00e2ncer - Jornal Fatos e Not\u00edcias","robots":{"index":"index","follow":"follow","max-snippet":"max-snippet:-1","max-image-preview":"max-image-preview:large","max-video-preview":"max-video-preview:-1"},"canonical":"https:\/\/jornalfatosenoticias.com.br\/index.php\/2024\/06\/03\/tatuagem-e-um-fator-de-risco-para-certo-tipo-de-cancer\/","og_locale":"pt_BR","og_type":"article","og_title":"Tatuagem \u00e9 um fator de risco para certo tipo de c\u00e2ncer - Jornal Fatos e Not\u00edcias","og_description":"Embora o estudo tenha encontrado liga\u00e7\u00e3o entre tatuagem e c\u00e2ncer, mais investiga\u00e7\u00f5es s\u00e3o necess\u00e1rias para confirmar os resultados Por Flavia Correia Tatuagens podem aumentar o risco de linfoma, um tipo de c\u00e2ncer que afeta o sistema linf\u00e1tico. Esta conclus\u00e3o vem de um\u00a0estudo publicado\u00a0na \u00faltima semana na revista cient\u00edfica\u00a0eClinicalMedicine, conduzido por pesquisadores da Universidade de Lund, [&hellip;]","og_url":"https:\/\/jornalfatosenoticias.com.br\/index.php\/2024\/06\/03\/tatuagem-e-um-fator-de-risco-para-certo-tipo-de-cancer\/","og_site_name":"Jornal Fatos e Not\u00edcias","article_published_time":"2024-06-03T11:52:22+00:00","article_modified_time":"2024-06-03T11:52:24+00:00","og_image":[{"width":612,"height":408,"url":"https:\/\/jornalfatosenoticias.com.br\/wp-content\/uploads\/2024\/06\/tatuagem_istock.jpg","type":"image\/jpeg"}],"author":"Luzimara Fernandes","twitter_card":"summary_large_image","twitter_misc":{"Escrito por":"Luzimara Fernandes","Est. tempo de leitura":"2 minutos"},"schema":{"@context":"https:\/\/schema.org","@graph":[{"@type":"Article","@id":"https:\/\/jornalfatosenoticias.com.br\/index.php\/2024\/06\/03\/tatuagem-e-um-fator-de-risco-para-certo-tipo-de-cancer\/#article","isPartOf":{"@id":"https:\/\/jornalfatosenoticias.com.br\/index.php\/2024\/06\/03\/tatuagem-e-um-fator-de-risco-para-certo-tipo-de-cancer\/"},"author":{"name":"Luzimara Fernandes","@id":"https:\/\/jornalfatosenoticias.com.br\/#\/schema\/person\/d63837fa13ac8666eb9e74e0985d6f81"},"headline":"Tatuagem \u00e9 um fator de risco para certo tipo de c\u00e2ncer","datePublished":"2024-06-03T11:52:22+00:00","dateModified":"2024-06-03T11:52:24+00:00","mainEntityOfPage":{"@id":"https:\/\/jornalfatosenoticias.com.br\/index.php\/2024\/06\/03\/tatuagem-e-um-fator-de-risco-para-certo-tipo-de-cancer\/"},"wordCount":458,"commentCount":0,"publisher":{"@id":"https:\/\/jornalfatosenoticias.com.br\/#organization"},"image":{"@id":"https:\/\/jornalfatosenoticias.com.br\/index.php\/2024\/06\/03\/tatuagem-e-um-fator-de-risco-para-certo-tipo-de-cancer\/#primaryimage"},"thumbnailUrl":"https:\/\/jornalfatosenoticias.com.br\/wp-content\/uploads\/2024\/06\/tatuagem_istock.jpg","keywords":["c\u00e2ncer","linfoma","tatuagem"],"articleSection":["Sa\u00fade"],"inLanguage":"pt-BR","potentialAction":[{"@type":"CommentAction","name":"Comment","target":["https:\/\/jornalfatosenoticias.com.br\/index.php\/2024\/06\/03\/tatuagem-e-um-fator-de-risco-para-certo-tipo-de-cancer\/#respond"]}]},{"@type":"WebPage","@id":"https:\/\/jornalfatosenoticias.com.br\/index.php\/2024\/06\/03\/tatuagem-e-um-fator-de-risco-para-certo-tipo-de-cancer\/","url":"https:\/\/jornalfatosenoticias.com.br\/index.php\/2024\/06\/03\/tatuagem-e-um-fator-de-risco-para-certo-tipo-de-cancer\/","name":"Tatuagem \u00e9 um fator de risco para certo tipo de c\u00e2ncer - Jornal Fatos e Not\u00edcias","isPartOf":{"@id":"https:\/\/jornalfatosenoticias.com.br\/#website"},"primaryImageOfPage":{"@id":"https:\/\/jornalfatosenoticias.com.br\/index.php\/2024\/06\/03\/tatuagem-e-um-fator-de-risco-para-certo-tipo-de-cancer\/#primaryimage"},"image":{"@id":"https:\/\/jornalfatosenoticias.com.br\/index.php\/2024\/06\/03\/tatuagem-e-um-fator-de-risco-para-certo-tipo-de-cancer\/#primaryimage"},"thumbnailUrl":"https:\/\/jornalfatosenoticias.com.br\/wp-content\/uploads\/2024\/06\/tatuagem_istock.jpg","datePublished":"2024-06-03T11:52:22+00:00","dateModified":"2024-06-03T11:52:24+00:00","breadcrumb":{"@id":"https:\/\/jornalfatosenoticias.com.br\/index.php\/2024\/06\/03\/tatuagem-e-um-fator-de-risco-para-certo-tipo-de-cancer\/#breadcrumb"},"inLanguage":"pt-BR","potentialAction":[{"@type":"ReadAction","target":["https:\/\/jornalfatosenoticias.com.br\/index.php\/2024\/06\/03\/tatuagem-e-um-fator-de-risco-para-certo-tipo-de-cancer\/"]}]},{"@type":"ImageObject","inLanguage":"pt-BR","@id":"https:\/\/jornalfatosenoticias.com.br\/index.php\/2024\/06\/03\/tatuagem-e-um-fator-de-risco-para-certo-tipo-de-cancer\/#primaryimage","url":"https:\/\/jornalfatosenoticias.com.br\/wp-content\/uploads\/2024\/06\/tatuagem_istock.jpg","contentUrl":"https:\/\/jornalfatosenoticias.com.br\/wp-content\/uploads\/2024\/06\/tatuagem_istock.jpg","width":612,"height":408,"caption":"Hands of a tattoo artist wearing black gloves and holding a machine while creating a picture on a man back and the ink is dripping"},{"@type":"BreadcrumbList","@id":"https:\/\/jornalfatosenoticias.com.br\/index.php\/2024\/06\/03\/tatuagem-e-um-fator-de-risco-para-certo-tipo-de-cancer\/#breadcrumb","itemListElement":[{"@type":"ListItem","position":1,"name":"In\u00edcio","item":"https:\/\/jornalfatosenoticias.com.br\/"},{"@type":"ListItem","position":2,"name":"Tatuagem \u00e9 um fator de risco para certo tipo de c\u00e2ncer"}]},{"@type":"WebSite","@id":"https:\/\/jornalfatosenoticias.com.br\/#website","url":"https:\/\/jornalfatosenoticias.com.br\/","name":"Jornal Fatos e Not\u00edcias","description":"Not\u00edcias em geral","publisher":{"@id":"https:\/\/jornalfatosenoticias.com.br\/#organization"},"potentialAction":[{"@type":"SearchAction","target":{"@type":"EntryPoint","urlTemplate":"https:\/\/jornalfatosenoticias.com.br\/?s={search_term_string}"},"query-input":{"@type":"PropertyValueSpecification","valueRequired":true,"valueName":"search_term_string"}}],"inLanguage":"pt-BR"},{"@type":"Organization","@id":"https:\/\/jornalfatosenoticias.com.br\/#organization","name":"Jornal Fatos e Not\u00edcias","url":"https:\/\/jornalfatosenoticias.com.br\/","logo":{"@type":"ImageObject","inLanguage":"pt-BR","@id":"https:\/\/jornalfatosenoticias.com.br\/#\/schema\/logo\/image\/","url":"https:\/\/jornalfatosenoticias.com.br\/wp-content\/uploads\/2020\/02\/logo120.png","contentUrl":"https:\/\/jornalfatosenoticias.com.br\/wp-content\/uploads\/2020\/02\/logo120.png","width":1227,"height":120,"caption":"Jornal Fatos e Not\u00edcias"},"image":{"@id":"https:\/\/jornalfatosenoticias.com.br\/#\/schema\/logo\/image\/"}},{"@type":"Person","@id":"https:\/\/jornalfatosenoticias.com.br\/#\/schema\/person\/d63837fa13ac8666eb9e74e0985d6f81","name":"Luzimara Fernandes","image":{"@type":"ImageObject","inLanguage":"pt-BR","@id":"https:\/\/jornalfatosenoticias.com.br\/#\/schema\/person\/image\/","url":"https:\/\/jornalfatosenoticias.com.br\/wp-content\/uploads\/2025\/05\/EU_portal.jpg","contentUrl":"https:\/\/jornalfatosenoticias.com.br\/wp-content\/uploads\/2025\/05\/EU_portal.jpg","caption":"Luzimara Fernandes"},"description":"Jornalista MTB 2358-ES","sameAs":["https:\/\/jornalfatosenoticias.com.br"],"url":"https:\/\/jornalfatosenoticias.com.br\/index.php\/author\/luzimara\/"}]}},"cc_featured_image_caption":{"caption_text":"(Foto: iStock) ","source_text":"","source_url":""},"jetpack_featured_media_url":"https:\/\/jornalfatosenoticias.com.br\/wp-content\/uploads\/2024\/06\/tatuagem_istock.jpg","_links":{"self":[{"href":"https:\/\/jornalfatosenoticias.com.br\/index.php\/wp-json\/wp\/v2\/posts\/51653","targetHints":{"allow":["GET"]}}],"collection":[{"href":"https:\/\/jornalfatosenoticias.com.br\/index.php\/wp-json\/wp\/v2\/posts"}],"about":[{"href":"https:\/\/jornalfatosenoticias.com.br\/index.php\/wp-json\/wp\/v2\/types\/post"}],"author":[{"embeddable":true,"href":"https:\/\/jornalfatosenoticias.com.br\/index.php\/wp-json\/wp\/v2\/users\/2"}],"replies":[{"embeddable":true,"href":"https:\/\/jornalfatosenoticias.com.br\/index.php\/wp-json\/wp\/v2\/comments?post=51653"}],"version-history":[{"count":0,"href":"https:\/\/jornalfatosenoticias.com.br\/index.php\/wp-json\/wp\/v2\/posts\/51653\/revisions"}],"wp:featuredmedia":[{"embeddable":true,"href":"https:\/\/jornalfatosenoticias.com.br\/index.php\/wp-json\/wp\/v2\/media\/51654"}],"wp:attachment":[{"href":"https:\/\/jornalfatosenoticias.com.br\/index.php\/wp-json\/wp\/v2\/media?parent=51653"}],"wp:term":[{"taxonomy":"category","embeddable":true,"href":"https:\/\/jornalfatosenoticias.com.br\/index.php\/wp-json\/wp\/v2\/categories?post=51653"},{"taxonomy":"post_tag","embeddable":true,"href":"https:\/\/jornalfatosenoticias.com.br\/index.php\/wp-json\/wp\/v2\/tags?post=51653"}],"curies":[{"name":"wp","href":"https:\/\/api.w.org\/{rel}","templated":true}]}}