{"id":51662,"date":"2024-06-03T09:32:35","date_gmt":"2024-06-03T12:32:35","guid":{"rendered":"https:\/\/jornalfatosenoticias.com.br\/?p=51662"},"modified":"2024-06-03T09:32:36","modified_gmt":"2024-06-03T12:32:36","slug":"areas-verdes-urbanas-reduzem-internacoes-por-doencas-respiratorias","status":"publish","type":"post","link":"https:\/\/jornalfatosenoticias.com.br\/index.php\/2024\/06\/03\/areas-verdes-urbanas-reduzem-internacoes-por-doencas-respiratorias\/","title":{"rendered":"\u00c1reas verdes urbanas reduzem interna\u00e7\u00f5es por doen\u00e7as respirat\u00f3rias"},"content":{"rendered":"\n<p><em><span class=\"has-inline-color has-black-color\">Estudo da PUC refor\u00e7a a import\u00e2ncia das infraestruturas verdes nas cidades para a sa\u00fade da popula\u00e7\u00e3o<\/span><\/em><\/p>\n\n\n\n<div class=\"wp-block-image\"><figure class=\"aligncenter size-large\"><img loading=\"lazy\" decoding=\"async\" width=\"729\" height=\"90\" src=\"https:\/\/jornalfatosenoticias.com.br\/wp-content\/uploads\/2020\/02\/Logo_Mizu.png\" alt=\"\" class=\"wp-image-1441\" srcset=\"https:\/\/jornalfatosenoticias.com.br\/wp-content\/uploads\/2020\/02\/Logo_Mizu.png 729w, https:\/\/jornalfatosenoticias.com.br\/wp-content\/uploads\/2020\/02\/Logo_Mizu-300x37.png 300w\" sizes=\"auto, (max-width: 729px) 100vw, 729px\" \/><\/figure><\/div>\n\n\n\n<p>Estudo realizado por pesquisadores da Pontif\u00edcia Universidade Cat\u00f3lica do Paran\u00e1 (PUC-PR) revela que h\u00e1 menos interna\u00e7\u00f5es hospitalares por doen\u00e7as respirat\u00f3rias em munic\u00edpios com mais \u00e1reas verdes. A pesquisa, que envolveu ci\u00eancia de dados, usou bases de informa\u00e7\u00f5es p\u00fablicas como o Departamento de Inform\u00e1tica do Sistema \u00danico de Sa\u00fade do Brasil (Datasus), o Instituto Brasileiro de Geografia e Estat\u00edstica (IBGE), a Secretaria Nacional de Tr\u00e2nsito e o Instituto \u00c1gua e Terra do Paran\u00e1.<br>O objetivo do trabalho era avaliar como a <a href=\"https:\/\/ciclovivo.com.br\/arq-urb\/urbanismo\/guia-de-infraestrutura-verde-e-azul-aponta-como-tornar-cidades-sustentaveis\/\" target=\"_blank\" rel=\"noreferrer noopener\">infraestrutura verde urbana<\/a>, composta por pra\u00e7as, parques, jardins planejados, fragmentos florestais, reservas florestais urbanas, bosques e arboriza\u00e7\u00e3o, impacta na sa\u00fade da popula\u00e7\u00e3o. A pesquisa usou tamb\u00e9m dados censit\u00e1rios, porque o estudo, que envolvia somente a quest\u00e3o das interna\u00e7\u00f5es por doen\u00e7as respirat\u00f3rias, analisou tamb\u00e9m indicadores de pobreza. <\/p>\n\n\n\n<div class=\"wp-block-image\"><figure class=\"aligncenter size-large is-resized\"><img loading=\"lazy\" decoding=\"async\" src=\"https:\/\/jornalfatosenoticias.com.br\/wp-content\/uploads\/2020\/02\/logo_esteio.jpg\" alt=\"\" class=\"wp-image-1214\" width=\"354\" height=\"295\"\/><\/figure><\/div>\n\n\n\n<blockquote class=\"wp-block-quote is-layout-flow wp-block-quote-is-layout-flow\"><p><span class=\"has-inline-color has-luminous-vivid-orange-color\">Os munic\u00edpios que t\u00eam \u00edndices de pobreza mais altos tamb\u00e9m apresentam mais interna\u00e7\u00f5es hospitalares na compara\u00e7\u00e3o com munic\u00edpios em que os \u00edndices s\u00e3o menores\u201d, afirma a engenheira civil Luciene Pimentel, professora do Programa de P\u00f3s-Gradua\u00e7\u00e3o em Gest\u00e3o Urbana da PUC-PR e uma das autoras da pesquisa.<\/span><\/p><\/blockquote>\n\n\n\n<div class=\"wp-block-image\"><figure class=\"aligncenter size-large is-resized\"><img loading=\"lazy\" decoding=\"async\" src=\"https:\/\/jornalfatosenoticias.com.br\/wp-content\/uploads\/2023\/12\/pegoretti-logo-pdf-1024x389.jpg\" alt=\"\" class=\"wp-image-47536\" width=\"446\" height=\"169\" srcset=\"https:\/\/jornalfatosenoticias.com.br\/wp-content\/uploads\/2023\/12\/pegoretti-logo-pdf-1024x389.jpg 1024w, https:\/\/jornalfatosenoticias.com.br\/wp-content\/uploads\/2023\/12\/pegoretti-logo-pdf-300x114.jpg 300w, https:\/\/jornalfatosenoticias.com.br\/wp-content\/uploads\/2023\/12\/pegoretti-logo-pdf-768x291.jpg 768w, https:\/\/jornalfatosenoticias.com.br\/wp-content\/uploads\/2023\/12\/pegoretti-logo-pdf.jpg 1120w\" sizes=\"auto, (max-width: 446px) 100vw, 446px\" \/><\/figure><\/div>\n\n\n\n<p>A pesquisa envolveu 397 dos 399 munic\u00edpios paranaenses, porque dois apresentavam falhas de dados. As informa\u00e7\u00f5es foram coletadas em 2021 e 2022, sendo os resultados divulgados agora. O artigo referente ao estudo, intitulado Servi\u00e7os ecossist\u00eamicos e infraestrutura verde para a prote\u00e7\u00e3o da sa\u00fade respirat\u00f3ria: Uma abordagem de ci\u00eancia de dados para o Paran\u00e1, Brasil, em tradu\u00e7\u00e3o livre, foi <a href=\"https:\/\/www.mdpi.com\/2071-1050\/14\/3\/1835\" target=\"_blank\" rel=\"noreferrer noopener\">publicado<\/a> na liga internacional de revistas cient\u00edficas MDPI. O estudo \u00e9 assinado por Luciene Pimentel e pelos professores Edilberto Nunes de Moura e F\u00e1bio Teodoro de Souza, da PUC-PR, e pelo doutorando da mesma universidade Murilo Noli da Fonseca.<\/p>\n\n\n\n<div class=\"wp-block-image\"><figure class=\"aligncenter size-large is-resized\"><img loading=\"lazy\" decoding=\"async\" src=\"https:\/\/jornalfatosenoticias.com.br\/wp-content\/uploads\/2023\/03\/logo-Panper_portal.jpg\" alt=\"\" class=\"wp-image-40208\" width=\"357\" height=\"247\" srcset=\"https:\/\/jornalfatosenoticias.com.br\/wp-content\/uploads\/2023\/03\/logo-Panper_portal.jpg 400w, https:\/\/jornalfatosenoticias.com.br\/wp-content\/uploads\/2023\/03\/logo-Panper_portal-300x208.jpg 300w\" sizes=\"auto, (max-width: 357px) 100vw, 357px\" \/><\/figure><\/div>\n\n\n\n<p><strong><span class=\"has-inline-color has-black-color\">Import\u00e2ncia<br><\/span><\/strong>Luciene salientou a import\u00e2ncia do resultado, porque a Organiza\u00e7\u00e3o Mundial da Sa\u00fade (OMS) reporta quatro milh\u00f5es de mortes anuais por <a href=\"https:\/\/ciclovivo.com.br\/planeta\/meio-ambiente\/queimadas-na-amazonia-2-mil-internacoes\/\" target=\"_blank\" rel=\"noreferrer noopener\">doen\u00e7as respirat\u00f3rias<\/a>, das quais 40% s\u00e3o por doen\u00e7as pulmonares obstrutivas cr\u00f4nicas. <em>\u201cO mundo inteiro est\u00e1 muito preocupado com essa situa\u00e7\u00e3o\u201d<\/em>. Ainda de acordo com a OMS, 99% da popula\u00e7\u00e3o mundial respiram ar que excede os limites de qualidade recomendados. Al\u00e9m de in\u00fameros problemas de sa\u00fade, a polui\u00e7\u00e3o atmosf\u00e9rica causa <a href=\"https:\/\/ciclovivo.com.br\/planeta\/meio-ambiente\/poluicao-mata-7-milhoes-de-pessoas-por-ano-segundo-oms\/\" target=\"_blank\" rel=\"noreferrer noopener\">sete milh\u00f5es de mortes<\/a> anuais em todo o mundo.<\/p>\n\n\n\n<div class=\"wp-block-image\"><figure class=\"aligncenter size-large\"><img decoding=\"async\" src=\"https:\/\/jornalfatosenoticias.com.br\/wp-content\/uploads\/2020\/02\/barao-das-carnes-300x164-1.jpg\" alt=\"\" class=\"wp-image-34339\"\/><\/figure><\/div>\n\n\n\n<p>Luciene ressaltou a exist\u00eancia de uma d\u00favida na literatura cient\u00edfica sobre at\u00e9 que ponto a vegeta\u00e7\u00e3o realmente contribui para diminuir a polui\u00e7\u00e3o do ar, tendo em vista que as doen\u00e7as respirat\u00f3rias s\u00e3o fortemente conectadas com esse problema nas \u00e1reas urbanas, ou se a forma como se disp\u00f5e a vegeta\u00e7\u00e3o urbana pode at\u00e9 piorar a sa\u00fade respirat\u00f3ria pela dispers\u00e3o de p\u00f3len.<\/p>\n\n\n\n<div class=\"wp-block-image\"><figure class=\"aligncenter size-large\"><img loading=\"lazy\" decoding=\"async\" width=\"300\" height=\"250\" src=\"https:\/\/jornalfatosenoticias.com.br\/wp-content\/uploads\/2020\/02\/Banner-2.png\" alt=\"\" class=\"wp-image-43787\"\/><\/figure><\/div>\n\n\n\n<p>A professora disse acreditar que os resultados do estudo podem subsidiar pol\u00edticas p\u00fablicas voltadas para a sustentabilidade ambiental e a gest\u00e3o da sa\u00fade urbana. A redu\u00e7\u00e3o das taxas de interna\u00e7\u00f5es por doen\u00e7as respirat\u00f3rias traz acoplada a redu\u00e7\u00e3o dos custos com hospitaliza\u00e7\u00f5es por agravos de sa\u00fade e outras infec\u00e7\u00f5es, podendo contribuir ainda para a queda das faltas ao trabalho e \u00e0 escola.<\/p>\n\n\n\n<div class=\"wp-block-image\"><figure class=\"aligncenter size-large is-resized\"><img loading=\"lazy\" decoding=\"async\" src=\"https:\/\/jornalfatosenoticias.com.br\/wp-content\/uploads\/2022\/02\/Precisao-Contabilidade-1024x724.jpg\" alt=\"\" class=\"wp-image-28088\" width=\"372\" height=\"263\"\/><\/figure><\/div>\n\n\n\n<p><strong><span class=\"has-inline-color has-black-color\">Asma<br><\/span><\/strong>A equipe de pesquisadores pretende dar continuidade ao estudo envolvendo a capital paranaense, <a href=\"https:\/\/ciclovivo.com.br\/fique-ligado\/eventos\/reserva-perto-de-curitiba-oferece-percurso-aquatico-trilha-e-brincadeiras\/\" target=\"_blank\" rel=\"noreferrer noopener\">Curitiba<\/a>, em escala intraurbana, e n\u00e3o mais municipal. <\/p>\n\n\n\n<blockquote class=\"wp-block-quote is-layout-flow wp-block-quote-is-layout-flow\"><p><span class=\"has-inline-color has-luminous-vivid-orange-color\">O que estamos querendo fazer agora \u00e9 come\u00e7ar a olhar por tipologia de doen\u00e7as respirat\u00f3rias, como a <a href=\"https:\/\/ciclovivo.com.br\/vida-sustentavel\/bem-estar\/criancas-de-fazendas-tem-menos-chances-de-desenvolverem-alergias-e-asma\/\" target=\"_blank\" rel=\"noreferrer noopener\">asma<\/a>, por exemplo, que tem aumentado muito no mundo. A asma \u00e9 uma doen\u00e7a que preocupa. Na faixa de crian\u00e7as, que interessa \u00e0 nossa pesquisa, a doen\u00e7a vai comprometer a vida adulta. Asma n\u00e3o tem cura, \u00e9 doen\u00e7a cr\u00f4nica. A pessoa vai depender de rem\u00e9dios o tempo todo. Enquanto crian\u00e7as, faltam \u00e0 escola por causa da doen\u00e7a; os pais faltam ao trabalho\u201d, disse Luciene.<\/span><\/p><\/blockquote>\n\n\n\n<div class=\"wp-block-image\"><figure class=\"aligncenter size-large is-resized\"><img loading=\"lazy\" decoding=\"async\" src=\"https:\/\/jornalfatosenoticias.com.br\/wp-content\/uploads\/2020\/02\/logo-Rapuzel-1024x571.jpg\" alt=\"\" class=\"wp-image-42808\" width=\"390\" height=\"217\" srcset=\"https:\/\/jornalfatosenoticias.com.br\/wp-content\/uploads\/2020\/02\/logo-Rapuzel-1024x571.jpg 1024w, https:\/\/jornalfatosenoticias.com.br\/wp-content\/uploads\/2020\/02\/logo-Rapuzel-300x167.jpg 300w, https:\/\/jornalfatosenoticias.com.br\/wp-content\/uploads\/2020\/02\/logo-Rapuzel-768x428.jpg 768w, https:\/\/jornalfatosenoticias.com.br\/wp-content\/uploads\/2020\/02\/logo-Rapuzel-1536x856.jpg 1536w, https:\/\/jornalfatosenoticias.com.br\/wp-content\/uploads\/2020\/02\/logo-Rapuzel.jpg 1600w\" sizes=\"auto, (max-width: 390px) 100vw, 390px\" \/><\/figure><\/div>\n\n\n\n<p>As doen\u00e7as respirat\u00f3rias t\u00eam sinais diferentes. Da\u00ed a raz\u00e3o de o estudo continuar, no sentido de esmiu\u00e7ar os detalhes. O objetivo dos pesquisadores, mais adiante, \u00e9 estender a pesquisa para outros estados do Pa\u00eds. \u201cA ideia \u00e9 termos uma pesquisa nacional\u201d, conclui.<\/p>\n\n\n\n<p><strong><em>Fonte: <a href=\"https:\/\/ciclovivo.com.br\/arq-urb\/urbanismo\/areas-verdes-urbanas-reduzem-internacoes-por-doencas-respiratorias\/\">CicloVivo<\/a><\/em><\/strong><\/p>\n","protected":false},"excerpt":{"rendered":"<p>Estudo da PUC refor\u00e7a a import\u00e2ncia das infraestruturas verdes nas cidades para a sa\u00fade da popula\u00e7\u00e3o Estudo realizado por pesquisadores da Pontif\u00edcia Universidade Cat\u00f3lica do Paran\u00e1 (PUC-PR) revela que h\u00e1 menos interna\u00e7\u00f5es hospitalares por doen\u00e7as respirat\u00f3rias em munic\u00edpios com mais \u00e1reas verdes. A pesquisa, que envolveu ci\u00eancia de dados, usou bases de informa\u00e7\u00f5es p\u00fablicas como [&hellip;]<\/p>\n","protected":false},"author":2,"featured_media":51663,"comment_status":"open","ping_status":"open","sticky":false,"template":"","format":"standard","meta":{"footnotes":""},"categories":[744,42],"tags":[5688,23664,781,23663,915],"class_list":["post-51662","post","type-post","status-publish","format-standard","has-post-thumbnail","hentry","category-arq-urbanismo","category-bem-estar","tag-areas-verdes","tag-areas-verdes-urbanas","tag-arvores","tag-desmatamento-e-saude","tag-doencas-respiratorias"],"yoast_head":"<!-- This site is optimized with the Yoast SEO plugin v26.5 - https:\/\/yoast.com\/wordpress\/plugins\/seo\/ -->\n<title>\u00c1reas verdes urbanas reduzem interna\u00e7\u00f5es por doen\u00e7as respirat\u00f3rias - Jornal Fatos e Not\u00edcias<\/title>\n<meta name=\"robots\" content=\"index, follow, max-snippet:-1, max-image-preview:large, max-video-preview:-1\" \/>\n<link rel=\"canonical\" href=\"https:\/\/jornalfatosenoticias.com.br\/index.php\/2024\/06\/03\/areas-verdes-urbanas-reduzem-internacoes-por-doencas-respiratorias\/\" \/>\n<meta property=\"og:locale\" content=\"pt_BR\" \/>\n<meta property=\"og:type\" content=\"article\" \/>\n<meta property=\"og:title\" content=\"\u00c1reas verdes urbanas reduzem interna\u00e7\u00f5es por doen\u00e7as respirat\u00f3rias - Jornal Fatos e Not\u00edcias\" \/>\n<meta property=\"og:description\" content=\"Estudo da PUC refor\u00e7a a import\u00e2ncia das infraestruturas verdes nas cidades para a sa\u00fade da popula\u00e7\u00e3o Estudo realizado por pesquisadores da Pontif\u00edcia Universidade Cat\u00f3lica do Paran\u00e1 (PUC-PR) revela que h\u00e1 menos interna\u00e7\u00f5es hospitalares por doen\u00e7as respirat\u00f3rias em munic\u00edpios com mais \u00e1reas verdes. A pesquisa, que envolveu ci\u00eancia de dados, usou bases de informa\u00e7\u00f5es p\u00fablicas como [&hellip;]\" \/>\n<meta property=\"og:url\" content=\"https:\/\/jornalfatosenoticias.com.br\/index.php\/2024\/06\/03\/areas-verdes-urbanas-reduzem-internacoes-por-doencas-respiratorias\/\" \/>\n<meta property=\"og:site_name\" content=\"Jornal Fatos e Not\u00edcias\" \/>\n<meta property=\"article:published_time\" content=\"2024-06-03T12:32:35+00:00\" \/>\n<meta property=\"article:modified_time\" content=\"2024-06-03T12:32:36+00:00\" \/>\n<meta property=\"og:image\" content=\"https:\/\/jornalfatosenoticias.com.br\/wp-content\/uploads\/2024\/06\/areas-verdes-urbanas_Freepik.jpg\" \/>\n\t<meta property=\"og:image:width\" content=\"740\" \/>\n\t<meta property=\"og:image:height\" content=\"494\" \/>\n\t<meta property=\"og:image:type\" content=\"image\/jpeg\" \/>\n<meta name=\"author\" content=\"Luzimara Fernandes\" \/>\n<meta name=\"twitter:card\" content=\"summary_large_image\" \/>\n<meta name=\"twitter:label1\" content=\"Escrito por\" \/>\n\t<meta name=\"twitter:data1\" content=\"Luzimara Fernandes\" \/>\n\t<meta name=\"twitter:label2\" content=\"Est. tempo de leitura\" \/>\n\t<meta name=\"twitter:data2\" content=\"4 minutos\" \/>\n<script type=\"application\/ld+json\" class=\"yoast-schema-graph\">{\"@context\":\"https:\/\/schema.org\",\"@graph\":[{\"@type\":\"Article\",\"@id\":\"https:\/\/jornalfatosenoticias.com.br\/index.php\/2024\/06\/03\/areas-verdes-urbanas-reduzem-internacoes-por-doencas-respiratorias\/#article\",\"isPartOf\":{\"@id\":\"https:\/\/jornalfatosenoticias.com.br\/index.php\/2024\/06\/03\/areas-verdes-urbanas-reduzem-internacoes-por-doencas-respiratorias\/\"},\"author\":{\"name\":\"Luzimara Fernandes\",\"@id\":\"https:\/\/jornalfatosenoticias.com.br\/#\/schema\/person\/d63837fa13ac8666eb9e74e0985d6f81\"},\"headline\":\"\u00c1reas verdes urbanas reduzem interna\u00e7\u00f5es por doen\u00e7as respirat\u00f3rias\",\"datePublished\":\"2024-06-03T12:32:35+00:00\",\"dateModified\":\"2024-06-03T12:32:36+00:00\",\"mainEntityOfPage\":{\"@id\":\"https:\/\/jornalfatosenoticias.com.br\/index.php\/2024\/06\/03\/areas-verdes-urbanas-reduzem-internacoes-por-doencas-respiratorias\/\"},\"wordCount\":740,\"commentCount\":0,\"publisher\":{\"@id\":\"https:\/\/jornalfatosenoticias.com.br\/#organization\"},\"image\":{\"@id\":\"https:\/\/jornalfatosenoticias.com.br\/index.php\/2024\/06\/03\/areas-verdes-urbanas-reduzem-internacoes-por-doencas-respiratorias\/#primaryimage\"},\"thumbnailUrl\":\"https:\/\/jornalfatosenoticias.com.br\/wp-content\/uploads\/2024\/06\/areas-verdes-urbanas_Freepik.jpg\",\"keywords\":[\"\u00e1reas verdes\",\"\u00e1reas verdes urbanas\",\"\u00e1rvores\",\"desmatamento e sa\u00fade\",\"doen\u00e7as respirat\u00f3rias\"],\"articleSection\":[\"Arq &amp; Urb\",\"Bem-estar\"],\"inLanguage\":\"pt-BR\",\"potentialAction\":[{\"@type\":\"CommentAction\",\"name\":\"Comment\",\"target\":[\"https:\/\/jornalfatosenoticias.com.br\/index.php\/2024\/06\/03\/areas-verdes-urbanas-reduzem-internacoes-por-doencas-respiratorias\/#respond\"]}]},{\"@type\":\"WebPage\",\"@id\":\"https:\/\/jornalfatosenoticias.com.br\/index.php\/2024\/06\/03\/areas-verdes-urbanas-reduzem-internacoes-por-doencas-respiratorias\/\",\"url\":\"https:\/\/jornalfatosenoticias.com.br\/index.php\/2024\/06\/03\/areas-verdes-urbanas-reduzem-internacoes-por-doencas-respiratorias\/\",\"name\":\"\u00c1reas verdes urbanas reduzem interna\u00e7\u00f5es por doen\u00e7as respirat\u00f3rias - Jornal Fatos e Not\u00edcias\",\"isPartOf\":{\"@id\":\"https:\/\/jornalfatosenoticias.com.br\/#website\"},\"primaryImageOfPage\":{\"@id\":\"https:\/\/jornalfatosenoticias.com.br\/index.php\/2024\/06\/03\/areas-verdes-urbanas-reduzem-internacoes-por-doencas-respiratorias\/#primaryimage\"},\"image\":{\"@id\":\"https:\/\/jornalfatosenoticias.com.br\/index.php\/2024\/06\/03\/areas-verdes-urbanas-reduzem-internacoes-por-doencas-respiratorias\/#primaryimage\"},\"thumbnailUrl\":\"https:\/\/jornalfatosenoticias.com.br\/wp-content\/uploads\/2024\/06\/areas-verdes-urbanas_Freepik.jpg\",\"datePublished\":\"2024-06-03T12:32:35+00:00\",\"dateModified\":\"2024-06-03T12:32:36+00:00\",\"breadcrumb\":{\"@id\":\"https:\/\/jornalfatosenoticias.com.br\/index.php\/2024\/06\/03\/areas-verdes-urbanas-reduzem-internacoes-por-doencas-respiratorias\/#breadcrumb\"},\"inLanguage\":\"pt-BR\",\"potentialAction\":[{\"@type\":\"ReadAction\",\"target\":[\"https:\/\/jornalfatosenoticias.com.br\/index.php\/2024\/06\/03\/areas-verdes-urbanas-reduzem-internacoes-por-doencas-respiratorias\/\"]}]},{\"@type\":\"ImageObject\",\"inLanguage\":\"pt-BR\",\"@id\":\"https:\/\/jornalfatosenoticias.com.br\/index.php\/2024\/06\/03\/areas-verdes-urbanas-reduzem-internacoes-por-doencas-respiratorias\/#primaryimage\",\"url\":\"https:\/\/jornalfatosenoticias.com.br\/wp-content\/uploads\/2024\/06\/areas-verdes-urbanas_Freepik.jpg\",\"contentUrl\":\"https:\/\/jornalfatosenoticias.com.br\/wp-content\/uploads\/2024\/06\/areas-verdes-urbanas_Freepik.jpg\",\"width\":740,\"height\":494},{\"@type\":\"BreadcrumbList\",\"@id\":\"https:\/\/jornalfatosenoticias.com.br\/index.php\/2024\/06\/03\/areas-verdes-urbanas-reduzem-internacoes-por-doencas-respiratorias\/#breadcrumb\",\"itemListElement\":[{\"@type\":\"ListItem\",\"position\":1,\"name\":\"In\u00edcio\",\"item\":\"https:\/\/jornalfatosenoticias.com.br\/\"},{\"@type\":\"ListItem\",\"position\":2,\"name\":\"\u00c1reas verdes urbanas reduzem interna\u00e7\u00f5es por doen\u00e7as respirat\u00f3rias\"}]},{\"@type\":\"WebSite\",\"@id\":\"https:\/\/jornalfatosenoticias.com.br\/#website\",\"url\":\"https:\/\/jornalfatosenoticias.com.br\/\",\"name\":\"Jornal Fatos e Not\u00edcias\",\"description\":\"Not\u00edcias em geral\",\"publisher\":{\"@id\":\"https:\/\/jornalfatosenoticias.com.br\/#organization\"},\"potentialAction\":[{\"@type\":\"SearchAction\",\"target\":{\"@type\":\"EntryPoint\",\"urlTemplate\":\"https:\/\/jornalfatosenoticias.com.br\/?s={search_term_string}\"},\"query-input\":{\"@type\":\"PropertyValueSpecification\",\"valueRequired\":true,\"valueName\":\"search_term_string\"}}],\"inLanguage\":\"pt-BR\"},{\"@type\":\"Organization\",\"@id\":\"https:\/\/jornalfatosenoticias.com.br\/#organization\",\"name\":\"Jornal Fatos e Not\u00edcias\",\"url\":\"https:\/\/jornalfatosenoticias.com.br\/\",\"logo\":{\"@type\":\"ImageObject\",\"inLanguage\":\"pt-BR\",\"@id\":\"https:\/\/jornalfatosenoticias.com.br\/#\/schema\/logo\/image\/\",\"url\":\"https:\/\/jornalfatosenoticias.com.br\/wp-content\/uploads\/2020\/02\/logo120.png\",\"contentUrl\":\"https:\/\/jornalfatosenoticias.com.br\/wp-content\/uploads\/2020\/02\/logo120.png\",\"width\":1227,\"height\":120,\"caption\":\"Jornal Fatos e Not\u00edcias\"},\"image\":{\"@id\":\"https:\/\/jornalfatosenoticias.com.br\/#\/schema\/logo\/image\/\"}},{\"@type\":\"Person\",\"@id\":\"https:\/\/jornalfatosenoticias.com.br\/#\/schema\/person\/d63837fa13ac8666eb9e74e0985d6f81\",\"name\":\"Luzimara Fernandes\",\"image\":{\"@type\":\"ImageObject\",\"inLanguage\":\"pt-BR\",\"@id\":\"https:\/\/jornalfatosenoticias.com.br\/#\/schema\/person\/image\/\",\"url\":\"https:\/\/jornalfatosenoticias.com.br\/wp-content\/uploads\/2025\/05\/EU_portal.jpg\",\"contentUrl\":\"https:\/\/jornalfatosenoticias.com.br\/wp-content\/uploads\/2025\/05\/EU_portal.jpg\",\"caption\":\"Luzimara Fernandes\"},\"description\":\"Jornalista MTB 2358-ES\",\"sameAs\":[\"https:\/\/jornalfatosenoticias.com.br\"],\"url\":\"https:\/\/jornalfatosenoticias.com.br\/index.php\/author\/luzimara\/\"}]}<\/script>\n<!-- \/ Yoast SEO plugin. -->","yoast_head_json":{"title":"\u00c1reas verdes urbanas reduzem interna\u00e7\u00f5es por doen\u00e7as respirat\u00f3rias - Jornal Fatos e Not\u00edcias","robots":{"index":"index","follow":"follow","max-snippet":"max-snippet:-1","max-image-preview":"max-image-preview:large","max-video-preview":"max-video-preview:-1"},"canonical":"https:\/\/jornalfatosenoticias.com.br\/index.php\/2024\/06\/03\/areas-verdes-urbanas-reduzem-internacoes-por-doencas-respiratorias\/","og_locale":"pt_BR","og_type":"article","og_title":"\u00c1reas verdes urbanas reduzem interna\u00e7\u00f5es por doen\u00e7as respirat\u00f3rias - Jornal Fatos e Not\u00edcias","og_description":"Estudo da PUC refor\u00e7a a import\u00e2ncia das infraestruturas verdes nas cidades para a sa\u00fade da popula\u00e7\u00e3o Estudo realizado por pesquisadores da Pontif\u00edcia Universidade Cat\u00f3lica do Paran\u00e1 (PUC-PR) revela que h\u00e1 menos interna\u00e7\u00f5es hospitalares por doen\u00e7as respirat\u00f3rias em munic\u00edpios com mais \u00e1reas verdes. A pesquisa, que envolveu ci\u00eancia de dados, usou bases de informa\u00e7\u00f5es p\u00fablicas como [&hellip;]","og_url":"https:\/\/jornalfatosenoticias.com.br\/index.php\/2024\/06\/03\/areas-verdes-urbanas-reduzem-internacoes-por-doencas-respiratorias\/","og_site_name":"Jornal Fatos e Not\u00edcias","article_published_time":"2024-06-03T12:32:35+00:00","article_modified_time":"2024-06-03T12:32:36+00:00","og_image":[{"width":740,"height":494,"url":"https:\/\/jornalfatosenoticias.com.br\/wp-content\/uploads\/2024\/06\/areas-verdes-urbanas_Freepik.jpg","type":"image\/jpeg"}],"author":"Luzimara Fernandes","twitter_card":"summary_large_image","twitter_misc":{"Escrito por":"Luzimara Fernandes","Est. tempo de leitura":"4 minutos"},"schema":{"@context":"https:\/\/schema.org","@graph":[{"@type":"Article","@id":"https:\/\/jornalfatosenoticias.com.br\/index.php\/2024\/06\/03\/areas-verdes-urbanas-reduzem-internacoes-por-doencas-respiratorias\/#article","isPartOf":{"@id":"https:\/\/jornalfatosenoticias.com.br\/index.php\/2024\/06\/03\/areas-verdes-urbanas-reduzem-internacoes-por-doencas-respiratorias\/"},"author":{"name":"Luzimara Fernandes","@id":"https:\/\/jornalfatosenoticias.com.br\/#\/schema\/person\/d63837fa13ac8666eb9e74e0985d6f81"},"headline":"\u00c1reas verdes urbanas reduzem interna\u00e7\u00f5es por doen\u00e7as respirat\u00f3rias","datePublished":"2024-06-03T12:32:35+00:00","dateModified":"2024-06-03T12:32:36+00:00","mainEntityOfPage":{"@id":"https:\/\/jornalfatosenoticias.com.br\/index.php\/2024\/06\/03\/areas-verdes-urbanas-reduzem-internacoes-por-doencas-respiratorias\/"},"wordCount":740,"commentCount":0,"publisher":{"@id":"https:\/\/jornalfatosenoticias.com.br\/#organization"},"image":{"@id":"https:\/\/jornalfatosenoticias.com.br\/index.php\/2024\/06\/03\/areas-verdes-urbanas-reduzem-internacoes-por-doencas-respiratorias\/#primaryimage"},"thumbnailUrl":"https:\/\/jornalfatosenoticias.com.br\/wp-content\/uploads\/2024\/06\/areas-verdes-urbanas_Freepik.jpg","keywords":["\u00e1reas verdes","\u00e1reas verdes urbanas","\u00e1rvores","desmatamento e sa\u00fade","doen\u00e7as respirat\u00f3rias"],"articleSection":["Arq &amp; Urb","Bem-estar"],"inLanguage":"pt-BR","potentialAction":[{"@type":"CommentAction","name":"Comment","target":["https:\/\/jornalfatosenoticias.com.br\/index.php\/2024\/06\/03\/areas-verdes-urbanas-reduzem-internacoes-por-doencas-respiratorias\/#respond"]}]},{"@type":"WebPage","@id":"https:\/\/jornalfatosenoticias.com.br\/index.php\/2024\/06\/03\/areas-verdes-urbanas-reduzem-internacoes-por-doencas-respiratorias\/","url":"https:\/\/jornalfatosenoticias.com.br\/index.php\/2024\/06\/03\/areas-verdes-urbanas-reduzem-internacoes-por-doencas-respiratorias\/","name":"\u00c1reas verdes urbanas reduzem interna\u00e7\u00f5es por doen\u00e7as respirat\u00f3rias - Jornal Fatos e Not\u00edcias","isPartOf":{"@id":"https:\/\/jornalfatosenoticias.com.br\/#website"},"primaryImageOfPage":{"@id":"https:\/\/jornalfatosenoticias.com.br\/index.php\/2024\/06\/03\/areas-verdes-urbanas-reduzem-internacoes-por-doencas-respiratorias\/#primaryimage"},"image":{"@id":"https:\/\/jornalfatosenoticias.com.br\/index.php\/2024\/06\/03\/areas-verdes-urbanas-reduzem-internacoes-por-doencas-respiratorias\/#primaryimage"},"thumbnailUrl":"https:\/\/jornalfatosenoticias.com.br\/wp-content\/uploads\/2024\/06\/areas-verdes-urbanas_Freepik.jpg","datePublished":"2024-06-03T12:32:35+00:00","dateModified":"2024-06-03T12:32:36+00:00","breadcrumb":{"@id":"https:\/\/jornalfatosenoticias.com.br\/index.php\/2024\/06\/03\/areas-verdes-urbanas-reduzem-internacoes-por-doencas-respiratorias\/#breadcrumb"},"inLanguage":"pt-BR","potentialAction":[{"@type":"ReadAction","target":["https:\/\/jornalfatosenoticias.com.br\/index.php\/2024\/06\/03\/areas-verdes-urbanas-reduzem-internacoes-por-doencas-respiratorias\/"]}]},{"@type":"ImageObject","inLanguage":"pt-BR","@id":"https:\/\/jornalfatosenoticias.com.br\/index.php\/2024\/06\/03\/areas-verdes-urbanas-reduzem-internacoes-por-doencas-respiratorias\/#primaryimage","url":"https:\/\/jornalfatosenoticias.com.br\/wp-content\/uploads\/2024\/06\/areas-verdes-urbanas_Freepik.jpg","contentUrl":"https:\/\/jornalfatosenoticias.com.br\/wp-content\/uploads\/2024\/06\/areas-verdes-urbanas_Freepik.jpg","width":740,"height":494},{"@type":"BreadcrumbList","@id":"https:\/\/jornalfatosenoticias.com.br\/index.php\/2024\/06\/03\/areas-verdes-urbanas-reduzem-internacoes-por-doencas-respiratorias\/#breadcrumb","itemListElement":[{"@type":"ListItem","position":1,"name":"In\u00edcio","item":"https:\/\/jornalfatosenoticias.com.br\/"},{"@type":"ListItem","position":2,"name":"\u00c1reas verdes urbanas reduzem interna\u00e7\u00f5es por doen\u00e7as respirat\u00f3rias"}]},{"@type":"WebSite","@id":"https:\/\/jornalfatosenoticias.com.br\/#website","url":"https:\/\/jornalfatosenoticias.com.br\/","name":"Jornal Fatos e Not\u00edcias","description":"Not\u00edcias em geral","publisher":{"@id":"https:\/\/jornalfatosenoticias.com.br\/#organization"},"potentialAction":[{"@type":"SearchAction","target":{"@type":"EntryPoint","urlTemplate":"https:\/\/jornalfatosenoticias.com.br\/?s={search_term_string}"},"query-input":{"@type":"PropertyValueSpecification","valueRequired":true,"valueName":"search_term_string"}}],"inLanguage":"pt-BR"},{"@type":"Organization","@id":"https:\/\/jornalfatosenoticias.com.br\/#organization","name":"Jornal Fatos e Not\u00edcias","url":"https:\/\/jornalfatosenoticias.com.br\/","logo":{"@type":"ImageObject","inLanguage":"pt-BR","@id":"https:\/\/jornalfatosenoticias.com.br\/#\/schema\/logo\/image\/","url":"https:\/\/jornalfatosenoticias.com.br\/wp-content\/uploads\/2020\/02\/logo120.png","contentUrl":"https:\/\/jornalfatosenoticias.com.br\/wp-content\/uploads\/2020\/02\/logo120.png","width":1227,"height":120,"caption":"Jornal Fatos e Not\u00edcias"},"image":{"@id":"https:\/\/jornalfatosenoticias.com.br\/#\/schema\/logo\/image\/"}},{"@type":"Person","@id":"https:\/\/jornalfatosenoticias.com.br\/#\/schema\/person\/d63837fa13ac8666eb9e74e0985d6f81","name":"Luzimara Fernandes","image":{"@type":"ImageObject","inLanguage":"pt-BR","@id":"https:\/\/jornalfatosenoticias.com.br\/#\/schema\/person\/image\/","url":"https:\/\/jornalfatosenoticias.com.br\/wp-content\/uploads\/2025\/05\/EU_portal.jpg","contentUrl":"https:\/\/jornalfatosenoticias.com.br\/wp-content\/uploads\/2025\/05\/EU_portal.jpg","caption":"Luzimara Fernandes"},"description":"Jornalista MTB 2358-ES","sameAs":["https:\/\/jornalfatosenoticias.com.br"],"url":"https:\/\/jornalfatosenoticias.com.br\/index.php\/author\/luzimara\/"}]}},"cc_featured_image_caption":{"caption_text":"(Foto: Freepik) ","source_text":"","source_url":""},"jetpack_featured_media_url":"https:\/\/jornalfatosenoticias.com.br\/wp-content\/uploads\/2024\/06\/areas-verdes-urbanas_Freepik.jpg","_links":{"self":[{"href":"https:\/\/jornalfatosenoticias.com.br\/index.php\/wp-json\/wp\/v2\/posts\/51662","targetHints":{"allow":["GET"]}}],"collection":[{"href":"https:\/\/jornalfatosenoticias.com.br\/index.php\/wp-json\/wp\/v2\/posts"}],"about":[{"href":"https:\/\/jornalfatosenoticias.com.br\/index.php\/wp-json\/wp\/v2\/types\/post"}],"author":[{"embeddable":true,"href":"https:\/\/jornalfatosenoticias.com.br\/index.php\/wp-json\/wp\/v2\/users\/2"}],"replies":[{"embeddable":true,"href":"https:\/\/jornalfatosenoticias.com.br\/index.php\/wp-json\/wp\/v2\/comments?post=51662"}],"version-history":[{"count":0,"href":"https:\/\/jornalfatosenoticias.com.br\/index.php\/wp-json\/wp\/v2\/posts\/51662\/revisions"}],"wp:featuredmedia":[{"embeddable":true,"href":"https:\/\/jornalfatosenoticias.com.br\/index.php\/wp-json\/wp\/v2\/media\/51663"}],"wp:attachment":[{"href":"https:\/\/jornalfatosenoticias.com.br\/index.php\/wp-json\/wp\/v2\/media?parent=51662"}],"wp:term":[{"taxonomy":"category","embeddable":true,"href":"https:\/\/jornalfatosenoticias.com.br\/index.php\/wp-json\/wp\/v2\/categories?post=51662"},{"taxonomy":"post_tag","embeddable":true,"href":"https:\/\/jornalfatosenoticias.com.br\/index.php\/wp-json\/wp\/v2\/tags?post=51662"}],"curies":[{"name":"wp","href":"https:\/\/api.w.org\/{rel}","templated":true}]}}