{"id":51665,"date":"2024-06-03T10:09:57","date_gmt":"2024-06-03T13:09:57","guid":{"rendered":"https:\/\/jornalfatosenoticias.com.br\/?p=51665"},"modified":"2024-06-03T10:09:58","modified_gmt":"2024-06-03T13:09:58","slug":"a-revolucao-das-bicicletas-em-paris-tem-mais-bicicleta-que-carro","status":"publish","type":"post","link":"https:\/\/jornalfatosenoticias.com.br\/index.php\/2024\/06\/03\/a-revolucao-das-bicicletas-em-paris-tem-mais-bicicleta-que-carro\/","title":{"rendered":"A revolu\u00e7\u00e3o das bicicletas em Paris: tem mais bicicleta que carro"},"content":{"rendered":"\n<p><span class=\"has-inline-color has-black-color\">Por <strong>Daia Florios<\/strong><\/span><\/p>\n\n\n\n<div class=\"wp-block-image\"><figure class=\"aligncenter size-large is-resized\"><img loading=\"lazy\" decoding=\"async\" src=\"https:\/\/jornalfatosenoticias.com.br\/wp-content\/uploads\/2023\/09\/vetorvix1024_1.jpg\" alt=\"\" class=\"wp-image-44868\" width=\"550\" height=\"146\" srcset=\"https:\/\/jornalfatosenoticias.com.br\/wp-content\/uploads\/2023\/09\/vetorvix1024_1.jpg 1024w, https:\/\/jornalfatosenoticias.com.br\/wp-content\/uploads\/2023\/09\/vetorvix1024_1-300x80.jpg 300w, https:\/\/jornalfatosenoticias.com.br\/wp-content\/uploads\/2023\/09\/vetorvix1024_1-768x205.jpg 768w\" sizes=\"auto, (max-width: 550px) 100vw, 550px\" \/><\/figure><\/div>\n\n\n\n<p><a href=\"https:\/\/www.greenme.com.br\/locomover-se\/bicicleta\/108692-revolucao-paris-tem-mais-bicicleta-que-carro\/#\">Paris<\/a>, conhecida por suas ic\u00f4nicas avenidas e monumentos hist\u00f3ricos, est\u00e1 se reinventando como\u00a0<strong>a nova capital mundial da\u00a0<a href=\"https:\/\/www.greenme.com.br\/locomover-se\/bicicleta\/108692-revolucao-paris-tem-mais-bicicleta-que-carro\/#\">\u00a0bicicleta<\/a><\/strong>. A cidade luz, que j\u00e1 foi dominada por carros e tr\u00e1fego congestionado, est\u00e1 passando por uma transforma\u00e7\u00e3o verde. A <a href=\"https:\/\/www.greenme.com.br\/locomover-se\/bicicleta\/108692-revolucao-paris-tem-mais-bicicleta-que-carro\/#\">bicicleta<\/a>\u00a0ultrapassou o carro como o segundo meio de transporte mais popular em\u00a0<a href=\"https:\/\/www.greenme.com.br\/locomover-se\/bicicleta\/108692-revolucao-paris-tem-mais-bicicleta-que-carro\/#\">\u00a0Paris<\/a>, ficando atr\u00e1s apenas da caminhada e do transporte p\u00fablico, de acordo com um estudo recente do Institut Paris R\u00e9gion.<br>Nos \u00faltimos anos, Paris vem implementando uma pol\u00edtica ambiciosa para promover o uso massivo da bicicleta. O centro da cidade, especialmente a hist\u00f3rica rua Rivoli, agora \u00e9 um espa\u00e7o priorit\u00e1rio\u00a0<a href=\"https:\/\/www.greenme.com.br\/locomover-se\/bicicleta\/108692-revolucao-paris-tem-mais-bicicleta-que-carro\/#\">para bicicletas<\/a>, \u00f4nibus e t\u00e1xis, excluindo o tr\u00e1fego de carros particulares. Isso \u00e9 parte de uma estrat\u00e9gia mais ampla para reduzir a polui\u00e7\u00e3o, melhorar a qualidade do ar e oferecer aos cidad\u00e3os op\u00e7\u00f5es de transporte mais saud\u00e1veis.<\/p>\n\n\n\n<div class=\"wp-block-image\"><figure class=\"aligncenter size-large\"><img loading=\"lazy\" decoding=\"async\" width=\"300\" height=\"250\" src=\"https:\/\/jornalfatosenoticias.com.br\/wp-content\/uploads\/2022\/02\/FERRARI_MAQUINAS-E-FERRAMENTAS2.jpg\" alt=\"\" class=\"wp-image-27860\"\/><\/figure><\/div>\n\n\n\n<p>Com o aumento das ciclovias, sob a lideran\u00e7a da prefeita Anne Hidalgo, <a href=\"https:\/\/www.greenme.com.br\/locomover-se\/bicicleta\/108692-revolucao-paris-tem-mais-bicicleta-que-carro\/#\">Paris<\/a> ampliou significativamente o espa\u00e7o destinado especificamente para a circula\u00e7\u00e3o de pessoas utilizando bicicletas. Com mais de mil quil\u00f4metros de instala\u00e7\u00f5es adaptadas para ciclistas, incluindo 300 quil\u00f4metros de pistas exclusivas, a cidade est\u00e1 no caminho para se tornar \u201c100% apta para bicicletas\u201d at\u00e9 2026. Este objetivo audacioso reflete <strong>o compromisso de\u00a0<a href=\"https:\/\/www.greenme.com.br\/locomover-se\/bicicleta\/108692-revolucao-paris-tem-mais-bicicleta-que-carro\/#\">\u00a0Paris<\/a>\u00a0com a sustentabilidade e a mobilidade urbana<\/strong>.<\/p>\n\n\n\n<div class=\"wp-block-image\"><figure class=\"aligncenter size-large is-resized\"><img loading=\"lazy\" decoding=\"async\" src=\"https:\/\/jornalfatosenoticias.com.br\/wp-content\/uploads\/2020\/02\/CONTROL-CS.jpg\" alt=\"\" class=\"wp-image-44991\" width=\"312\" height=\"374\" srcset=\"https:\/\/jornalfatosenoticias.com.br\/wp-content\/uploads\/2020\/02\/CONTROL-CS.jpg 834w, https:\/\/jornalfatosenoticias.com.br\/wp-content\/uploads\/2020\/02\/CONTROL-CS-250x300.jpg 250w, https:\/\/jornalfatosenoticias.com.br\/wp-content\/uploads\/2020\/02\/CONTROL-CS-768x921.jpg 768w\" sizes=\"auto, (max-width: 312px) 100vw, 312px\" \/><\/figure><\/div>\n\n\n\n<p>O impulso para expandir as infraestruturas cicl\u00edsticas ganhou ainda mais for\u00e7a com a proximidade dos Jogos Ol\u00edmpicos de 2024. As autoridades <a href=\"https:\/\/www.greenme.com.br\/locomover-se\/bicicleta\/108692-revolucao-paris-tem-mais-bicicleta-que-carro\/#\">parisienses<\/a>\u00a0promoveram a constru\u00e7\u00e3o de novas ciclovias que conectam as instala\u00e7\u00f5es ol\u00edmpicas, garantindo que os espectadores possam acessar os eventos de\u00a0<a href=\"https:\/\/www.greenme.com.br\/locomover-se\/bicicleta\/108692-revolucao-paris-tem-mais-bicicleta-que-carro\/#\">bicicleta<\/a>, alinhando-se com os princ\u00edpios de um evento sustent\u00e1vel.<\/p>\n\n\n\n<div class=\"wp-block-image\"><figure class=\"aligncenter size-large is-resized\"><img loading=\"lazy\" decoding=\"async\" src=\"https:\/\/jornalfatosenoticias.com.br\/wp-content\/uploads\/2023\/08\/ITH.jpeg\" alt=\"\" class=\"wp-image-44638\" width=\"289\" height=\"235\" srcset=\"https:\/\/jornalfatosenoticias.com.br\/wp-content\/uploads\/2023\/08\/ITH.jpeg 800w, https:\/\/jornalfatosenoticias.com.br\/wp-content\/uploads\/2023\/08\/ITH-300x244.jpeg 300w, https:\/\/jornalfatosenoticias.com.br\/wp-content\/uploads\/2023\/08\/ITH-768x624.jpeg 768w\" sizes=\"auto, (max-width: 289px) 100vw, 289px\" \/><\/figure><\/div>\n\n\n\n<p>Enquanto <a href=\"https:\/\/www.greenme.com.br\/locomover-se\/bicicleta\/108692-revolucao-paris-tem-mais-bicicleta-que-carro\/#\">Paris<\/a> avan\u00e7a para se tornar a metr\u00f3pole mais amada dos ciclistas, os sub\u00farbios ainda enfrentam desafios estruturais. O carro ainda prevalece como o principal meio de transporte fora da cidade, o que destaca uma \u201cdepend\u00eancia do carro\u201d que persiste nas \u00e1reas menos urbanizadas. Em resposta, o governo regional est\u00e1 investindo no <em>Grand <a href=\"https:\/\/www.greenme.com.br\/locomover-se\/bicicleta\/108692-revolucao-paris-tem-mais-bicicleta-que-carro\/#\">Paris<\/a> Express<\/em>, um ambicioso plano de expans\u00e3o do metr\u00f4 que visa integrar melhor os sub\u00farbios \u00e0 rede de transporte p\u00fablico central e, idealmente, reduzir a depend\u00eancia dos carros.<\/p>\n\n\n\n<div class=\"wp-block-image\"><figure class=\"aligncenter size-large is-resized\"><img loading=\"lazy\" decoding=\"async\" src=\"https:\/\/jornalfatosenoticias.com.br\/wp-content\/uploads\/2023\/08\/BKR-1024x1021.jpg\" alt=\"\" class=\"wp-image-44494\" width=\"292\" height=\"291\" srcset=\"https:\/\/jornalfatosenoticias.com.br\/wp-content\/uploads\/2023\/08\/BKR-1024x1021.jpg 1024w, https:\/\/jornalfatosenoticias.com.br\/wp-content\/uploads\/2023\/08\/BKR-300x300.jpg 300w, https:\/\/jornalfatosenoticias.com.br\/wp-content\/uploads\/2023\/08\/BKR-150x150.jpg 150w, https:\/\/jornalfatosenoticias.com.br\/wp-content\/uploads\/2023\/08\/BKR-768x766.jpg 768w, https:\/\/jornalfatosenoticias.com.br\/wp-content\/uploads\/2023\/08\/BKR.jpg 1080w\" sizes=\"auto, (max-width: 292px) 100vw, 292px\" \/><\/figure><\/div>\n\n\n\n<p>A revolu\u00e7\u00e3o das <a href=\"https:\/\/www.greenme.com.br\/locomover-se\/bicicleta\/108692-revolucao-paris-tem-mais-bicicleta-que-carro\/#\">bicicletas<\/a> em Paris n\u00e3o \u00e9 apenas uma mudan\u00e7a de infraestrutura; \u00e9 uma mudan\u00e7a cultural que posiciona a cidade na vanguarda das cidades sustent\u00e1veis globais. Outras metr\u00f3poles est\u00e3o observando e, muitas vezes, seguindo o exemplo de <a href=\"https:\/\/www.greenme.com.br\/locomover-se\/bicicleta\/108692-revolucao-paris-tem-mais-bicicleta-que-carro\/#\">Paris<\/a>, \u00e0 medida que procuram solu\u00e7\u00f5es para os desafios urbanos modernos, como polui\u00e7\u00e3o, congestionamento e sa\u00fade p\u00fablica. <\/p>\n\n\n\n<div class=\"wp-block-image\"><figure class=\"aligncenter size-large is-resized\"><img loading=\"lazy\" decoding=\"async\" src=\"https:\/\/jornalfatosenoticias.com.br\/wp-content\/uploads\/2023\/03\/logo-Panper_portal.jpg\" alt=\"\" class=\"wp-image-40208\" width=\"310\" height=\"215\" srcset=\"https:\/\/jornalfatosenoticias.com.br\/wp-content\/uploads\/2023\/03\/logo-Panper_portal.jpg 400w, https:\/\/jornalfatosenoticias.com.br\/wp-content\/uploads\/2023\/03\/logo-Panper_portal-300x208.jpg 300w\" sizes=\"auto, (max-width: 310px) 100vw, 310px\" \/><\/figure><\/div>\n\n\n\n<p>A ascens\u00e3o da <a href=\"https:\/\/www.greenme.com.br\/locomover-se\/bicicleta\/108692-revolucao-paris-tem-mais-bicicleta-que-carro\/#\">bicicleta<\/a> como uma forma de transporte principal em Paris \u00e9 um testemunho do que \u00e9 poss\u00edvel quando uma cidade se compromete com a vis\u00e3o audaciosa de um futuro sustent\u00e1vel. Com cada pedalada, <a href=\"https:\/\/www.greenme.com.br\/locomover-se\/bicicleta\/108692-revolucao-paris-tem-mais-bicicleta-que-carro\/#\">Paris<\/a> est\u00e1 se deslocando n\u00e3o apenas em suas ruas, mas em dire\u00e7\u00e3o a um novo paradigma para cidades ao redor do mundo.<\/p>\n\n\n\n<div class=\"wp-block-image\"><figure class=\"aligncenter size-large is-resized\"><img loading=\"lazy\" decoding=\"async\" src=\"https:\/\/jornalfatosenoticias.com.br\/wp-content\/uploads\/2020\/02\/logo-Rapuzel-1024x571.jpg\" alt=\"\" class=\"wp-image-42808\" width=\"356\" height=\"198\" srcset=\"https:\/\/jornalfatosenoticias.com.br\/wp-content\/uploads\/2020\/02\/logo-Rapuzel-1024x571.jpg 1024w, https:\/\/jornalfatosenoticias.com.br\/wp-content\/uploads\/2020\/02\/logo-Rapuzel-300x167.jpg 300w, https:\/\/jornalfatosenoticias.com.br\/wp-content\/uploads\/2020\/02\/logo-Rapuzel-768x428.jpg 768w, https:\/\/jornalfatosenoticias.com.br\/wp-content\/uploads\/2020\/02\/logo-Rapuzel-1536x856.jpg 1536w, https:\/\/jornalfatosenoticias.com.br\/wp-content\/uploads\/2020\/02\/logo-Rapuzel.jpg 1600w\" sizes=\"auto, (max-width: 356px) 100vw, 356px\" \/><\/figure><\/div>\n\n\n\n<p><strong><em>Fonte: <a href=\"https:\/\/www.greenme.com.br\/locomover-se\/bicicleta\/108692-revolucao-paris-tem-mais-bicicleta-que-carro\/\">GreenMe<\/a><\/em><\/strong><\/p>\n","protected":false},"excerpt":{"rendered":"<p>Por Daia Florios Paris, conhecida por suas ic\u00f4nicas avenidas e monumentos hist\u00f3ricos, est\u00e1 se reinventando como\u00a0a nova capital mundial da\u00a0\u00a0bicicleta. A cidade luz, que j\u00e1 foi dominada por carros e tr\u00e1fego congestionado, est\u00e1 passando por uma transforma\u00e7\u00e3o verde. A bicicleta\u00a0ultrapassou o carro como o segundo meio de transporte mais popular em\u00a0\u00a0Paris, ficando atr\u00e1s apenas da [&hellip;]<\/p>\n","protected":false},"author":2,"featured_media":51666,"comment_status":"open","ping_status":"open","sticky":false,"template":"","format":"standard","meta":{"footnotes":""},"categories":[9923],"tags":[4738,23665,11415,3706,8326],"class_list":["post-51665","post","type-post","status-publish","format-standard","has-post-thumbnail","hentry","category-mobilidade","tag-bicicleta","tag-incentivos-a-bike","tag-mobilidade-sustentavel","tag-mobilidade-urbana","tag-paris"],"yoast_head":"<!-- This site is optimized with the Yoast SEO plugin v26.5 - https:\/\/yoast.com\/wordpress\/plugins\/seo\/ -->\n<title>A revolu\u00e7\u00e3o das bicicletas em Paris: tem mais bicicleta que carro - Jornal Fatos e Not\u00edcias<\/title>\n<meta name=\"robots\" content=\"index, follow, max-snippet:-1, max-image-preview:large, max-video-preview:-1\" \/>\n<link rel=\"canonical\" href=\"https:\/\/jornalfatosenoticias.com.br\/index.php\/2024\/06\/03\/a-revolucao-das-bicicletas-em-paris-tem-mais-bicicleta-que-carro\/\" \/>\n<meta property=\"og:locale\" content=\"pt_BR\" \/>\n<meta property=\"og:type\" content=\"article\" \/>\n<meta property=\"og:title\" content=\"A revolu\u00e7\u00e3o das bicicletas em Paris: tem mais bicicleta que carro - Jornal Fatos e Not\u00edcias\" \/>\n<meta property=\"og:description\" content=\"Por Daia Florios Paris, conhecida por suas ic\u00f4nicas avenidas e monumentos hist\u00f3ricos, est\u00e1 se reinventando como\u00a0a nova capital mundial da\u00a0\u00a0bicicleta. A cidade luz, que j\u00e1 foi dominada por carros e tr\u00e1fego congestionado, est\u00e1 passando por uma transforma\u00e7\u00e3o verde. A bicicleta\u00a0ultrapassou o carro como o segundo meio de transporte mais popular em\u00a0\u00a0Paris, ficando atr\u00e1s apenas da [&hellip;]\" \/>\n<meta property=\"og:url\" content=\"https:\/\/jornalfatosenoticias.com.br\/index.php\/2024\/06\/03\/a-revolucao-das-bicicletas-em-paris-tem-mais-bicicleta-que-carro\/\" \/>\n<meta property=\"og:site_name\" content=\"Jornal Fatos e Not\u00edcias\" \/>\n<meta property=\"article:published_time\" content=\"2024-06-03T13:09:57+00:00\" \/>\n<meta property=\"article:modified_time\" content=\"2024-06-03T13:09:58+00:00\" \/>\n<meta property=\"og:image\" content=\"https:\/\/jornalfatosenoticias.com.br\/wp-content\/uploads\/2024\/06\/bicicletas-em-Paris_istock.jpg\" \/>\n\t<meta property=\"og:image:width\" content=\"612\" \/>\n\t<meta property=\"og:image:height\" content=\"409\" \/>\n\t<meta property=\"og:image:type\" content=\"image\/jpeg\" \/>\n<meta name=\"author\" content=\"Luzimara Fernandes\" \/>\n<meta name=\"twitter:card\" content=\"summary_large_image\" \/>\n<meta name=\"twitter:label1\" content=\"Escrito por\" \/>\n\t<meta name=\"twitter:data1\" content=\"Luzimara Fernandes\" \/>\n\t<meta name=\"twitter:label2\" content=\"Est. tempo de leitura\" \/>\n\t<meta name=\"twitter:data2\" content=\"3 minutos\" \/>\n<script type=\"application\/ld+json\" class=\"yoast-schema-graph\">{\"@context\":\"https:\/\/schema.org\",\"@graph\":[{\"@type\":\"Article\",\"@id\":\"https:\/\/jornalfatosenoticias.com.br\/index.php\/2024\/06\/03\/a-revolucao-das-bicicletas-em-paris-tem-mais-bicicleta-que-carro\/#article\",\"isPartOf\":{\"@id\":\"https:\/\/jornalfatosenoticias.com.br\/index.php\/2024\/06\/03\/a-revolucao-das-bicicletas-em-paris-tem-mais-bicicleta-que-carro\/\"},\"author\":{\"name\":\"Luzimara Fernandes\",\"@id\":\"https:\/\/jornalfatosenoticias.com.br\/#\/schema\/person\/d63837fa13ac8666eb9e74e0985d6f81\"},\"headline\":\"A revolu\u00e7\u00e3o das bicicletas em Paris: tem mais bicicleta que carro\",\"datePublished\":\"2024-06-03T13:09:57+00:00\",\"dateModified\":\"2024-06-03T13:09:58+00:00\",\"mainEntityOfPage\":{\"@id\":\"https:\/\/jornalfatosenoticias.com.br\/index.php\/2024\/06\/03\/a-revolucao-das-bicicletas-em-paris-tem-mais-bicicleta-que-carro\/\"},\"wordCount\":515,\"commentCount\":0,\"publisher\":{\"@id\":\"https:\/\/jornalfatosenoticias.com.br\/#organization\"},\"image\":{\"@id\":\"https:\/\/jornalfatosenoticias.com.br\/index.php\/2024\/06\/03\/a-revolucao-das-bicicletas-em-paris-tem-mais-bicicleta-que-carro\/#primaryimage\"},\"thumbnailUrl\":\"https:\/\/jornalfatosenoticias.com.br\/wp-content\/uploads\/2024\/06\/bicicletas-em-Paris_istock.jpg\",\"keywords\":[\"bicicleta\",\"incentivos \u00e0 bike\",\"mobilidade sustent\u00e1vel\",\"mobilidade urbana\",\"Paris\"],\"articleSection\":[\"Mobilidade\"],\"inLanguage\":\"pt-BR\",\"potentialAction\":[{\"@type\":\"CommentAction\",\"name\":\"Comment\",\"target\":[\"https:\/\/jornalfatosenoticias.com.br\/index.php\/2024\/06\/03\/a-revolucao-das-bicicletas-em-paris-tem-mais-bicicleta-que-carro\/#respond\"]}]},{\"@type\":\"WebPage\",\"@id\":\"https:\/\/jornalfatosenoticias.com.br\/index.php\/2024\/06\/03\/a-revolucao-das-bicicletas-em-paris-tem-mais-bicicleta-que-carro\/\",\"url\":\"https:\/\/jornalfatosenoticias.com.br\/index.php\/2024\/06\/03\/a-revolucao-das-bicicletas-em-paris-tem-mais-bicicleta-que-carro\/\",\"name\":\"A revolu\u00e7\u00e3o das bicicletas em Paris: tem mais bicicleta que carro - Jornal Fatos e Not\u00edcias\",\"isPartOf\":{\"@id\":\"https:\/\/jornalfatosenoticias.com.br\/#website\"},\"primaryImageOfPage\":{\"@id\":\"https:\/\/jornalfatosenoticias.com.br\/index.php\/2024\/06\/03\/a-revolucao-das-bicicletas-em-paris-tem-mais-bicicleta-que-carro\/#primaryimage\"},\"image\":{\"@id\":\"https:\/\/jornalfatosenoticias.com.br\/index.php\/2024\/06\/03\/a-revolucao-das-bicicletas-em-paris-tem-mais-bicicleta-que-carro\/#primaryimage\"},\"thumbnailUrl\":\"https:\/\/jornalfatosenoticias.com.br\/wp-content\/uploads\/2024\/06\/bicicletas-em-Paris_istock.jpg\",\"datePublished\":\"2024-06-03T13:09:57+00:00\",\"dateModified\":\"2024-06-03T13:09:58+00:00\",\"breadcrumb\":{\"@id\":\"https:\/\/jornalfatosenoticias.com.br\/index.php\/2024\/06\/03\/a-revolucao-das-bicicletas-em-paris-tem-mais-bicicleta-que-carro\/#breadcrumb\"},\"inLanguage\":\"pt-BR\",\"potentialAction\":[{\"@type\":\"ReadAction\",\"target\":[\"https:\/\/jornalfatosenoticias.com.br\/index.php\/2024\/06\/03\/a-revolucao-das-bicicletas-em-paris-tem-mais-bicicleta-que-carro\/\"]}]},{\"@type\":\"ImageObject\",\"inLanguage\":\"pt-BR\",\"@id\":\"https:\/\/jornalfatosenoticias.com.br\/index.php\/2024\/06\/03\/a-revolucao-das-bicicletas-em-paris-tem-mais-bicicleta-que-carro\/#primaryimage\",\"url\":\"https:\/\/jornalfatosenoticias.com.br\/wp-content\/uploads\/2024\/06\/bicicletas-em-Paris_istock.jpg\",\"contentUrl\":\"https:\/\/jornalfatosenoticias.com.br\/wp-content\/uploads\/2024\/06\/bicicletas-em-Paris_istock.jpg\",\"width\":612,\"height\":409,\"caption\":\"Paris, France - September 27, 2015: People on bicycles and pedestrians enjoying a car free day on Alexandre III bridge\"},{\"@type\":\"BreadcrumbList\",\"@id\":\"https:\/\/jornalfatosenoticias.com.br\/index.php\/2024\/06\/03\/a-revolucao-das-bicicletas-em-paris-tem-mais-bicicleta-que-carro\/#breadcrumb\",\"itemListElement\":[{\"@type\":\"ListItem\",\"position\":1,\"name\":\"In\u00edcio\",\"item\":\"https:\/\/jornalfatosenoticias.com.br\/\"},{\"@type\":\"ListItem\",\"position\":2,\"name\":\"A revolu\u00e7\u00e3o das bicicletas em Paris: tem mais bicicleta que carro\"}]},{\"@type\":\"WebSite\",\"@id\":\"https:\/\/jornalfatosenoticias.com.br\/#website\",\"url\":\"https:\/\/jornalfatosenoticias.com.br\/\",\"name\":\"Jornal Fatos e Not\u00edcias\",\"description\":\"Not\u00edcias em geral\",\"publisher\":{\"@id\":\"https:\/\/jornalfatosenoticias.com.br\/#organization\"},\"potentialAction\":[{\"@type\":\"SearchAction\",\"target\":{\"@type\":\"EntryPoint\",\"urlTemplate\":\"https:\/\/jornalfatosenoticias.com.br\/?s={search_term_string}\"},\"query-input\":{\"@type\":\"PropertyValueSpecification\",\"valueRequired\":true,\"valueName\":\"search_term_string\"}}],\"inLanguage\":\"pt-BR\"},{\"@type\":\"Organization\",\"@id\":\"https:\/\/jornalfatosenoticias.com.br\/#organization\",\"name\":\"Jornal Fatos e Not\u00edcias\",\"url\":\"https:\/\/jornalfatosenoticias.com.br\/\",\"logo\":{\"@type\":\"ImageObject\",\"inLanguage\":\"pt-BR\",\"@id\":\"https:\/\/jornalfatosenoticias.com.br\/#\/schema\/logo\/image\/\",\"url\":\"https:\/\/jornalfatosenoticias.com.br\/wp-content\/uploads\/2020\/02\/logo120.png\",\"contentUrl\":\"https:\/\/jornalfatosenoticias.com.br\/wp-content\/uploads\/2020\/02\/logo120.png\",\"width\":1227,\"height\":120,\"caption\":\"Jornal Fatos e Not\u00edcias\"},\"image\":{\"@id\":\"https:\/\/jornalfatosenoticias.com.br\/#\/schema\/logo\/image\/\"}},{\"@type\":\"Person\",\"@id\":\"https:\/\/jornalfatosenoticias.com.br\/#\/schema\/person\/d63837fa13ac8666eb9e74e0985d6f81\",\"name\":\"Luzimara Fernandes\",\"image\":{\"@type\":\"ImageObject\",\"inLanguage\":\"pt-BR\",\"@id\":\"https:\/\/jornalfatosenoticias.com.br\/#\/schema\/person\/image\/\",\"url\":\"https:\/\/jornalfatosenoticias.com.br\/wp-content\/uploads\/2025\/05\/EU_portal.jpg\",\"contentUrl\":\"https:\/\/jornalfatosenoticias.com.br\/wp-content\/uploads\/2025\/05\/EU_portal.jpg\",\"caption\":\"Luzimara Fernandes\"},\"description\":\"Jornalista MTB 2358-ES\",\"sameAs\":[\"https:\/\/jornalfatosenoticias.com.br\"],\"url\":\"https:\/\/jornalfatosenoticias.com.br\/index.php\/author\/luzimara\/\"}]}<\/script>\n<!-- \/ Yoast SEO plugin. -->","yoast_head_json":{"title":"A revolu\u00e7\u00e3o das bicicletas em Paris: tem mais bicicleta que carro - Jornal Fatos e Not\u00edcias","robots":{"index":"index","follow":"follow","max-snippet":"max-snippet:-1","max-image-preview":"max-image-preview:large","max-video-preview":"max-video-preview:-1"},"canonical":"https:\/\/jornalfatosenoticias.com.br\/index.php\/2024\/06\/03\/a-revolucao-das-bicicletas-em-paris-tem-mais-bicicleta-que-carro\/","og_locale":"pt_BR","og_type":"article","og_title":"A revolu\u00e7\u00e3o das bicicletas em Paris: tem mais bicicleta que carro - Jornal Fatos e Not\u00edcias","og_description":"Por Daia Florios Paris, conhecida por suas ic\u00f4nicas avenidas e monumentos hist\u00f3ricos, est\u00e1 se reinventando como\u00a0a nova capital mundial da\u00a0\u00a0bicicleta. A cidade luz, que j\u00e1 foi dominada por carros e tr\u00e1fego congestionado, est\u00e1 passando por uma transforma\u00e7\u00e3o verde. A bicicleta\u00a0ultrapassou o carro como o segundo meio de transporte mais popular em\u00a0\u00a0Paris, ficando atr\u00e1s apenas da [&hellip;]","og_url":"https:\/\/jornalfatosenoticias.com.br\/index.php\/2024\/06\/03\/a-revolucao-das-bicicletas-em-paris-tem-mais-bicicleta-que-carro\/","og_site_name":"Jornal Fatos e Not\u00edcias","article_published_time":"2024-06-03T13:09:57+00:00","article_modified_time":"2024-06-03T13:09:58+00:00","og_image":[{"width":612,"height":409,"url":"https:\/\/jornalfatosenoticias.com.br\/wp-content\/uploads\/2024\/06\/bicicletas-em-Paris_istock.jpg","type":"image\/jpeg"}],"author":"Luzimara Fernandes","twitter_card":"summary_large_image","twitter_misc":{"Escrito por":"Luzimara Fernandes","Est. tempo de leitura":"3 minutos"},"schema":{"@context":"https:\/\/schema.org","@graph":[{"@type":"Article","@id":"https:\/\/jornalfatosenoticias.com.br\/index.php\/2024\/06\/03\/a-revolucao-das-bicicletas-em-paris-tem-mais-bicicleta-que-carro\/#article","isPartOf":{"@id":"https:\/\/jornalfatosenoticias.com.br\/index.php\/2024\/06\/03\/a-revolucao-das-bicicletas-em-paris-tem-mais-bicicleta-que-carro\/"},"author":{"name":"Luzimara Fernandes","@id":"https:\/\/jornalfatosenoticias.com.br\/#\/schema\/person\/d63837fa13ac8666eb9e74e0985d6f81"},"headline":"A revolu\u00e7\u00e3o das bicicletas em Paris: tem mais bicicleta que carro","datePublished":"2024-06-03T13:09:57+00:00","dateModified":"2024-06-03T13:09:58+00:00","mainEntityOfPage":{"@id":"https:\/\/jornalfatosenoticias.com.br\/index.php\/2024\/06\/03\/a-revolucao-das-bicicletas-em-paris-tem-mais-bicicleta-que-carro\/"},"wordCount":515,"commentCount":0,"publisher":{"@id":"https:\/\/jornalfatosenoticias.com.br\/#organization"},"image":{"@id":"https:\/\/jornalfatosenoticias.com.br\/index.php\/2024\/06\/03\/a-revolucao-das-bicicletas-em-paris-tem-mais-bicicleta-que-carro\/#primaryimage"},"thumbnailUrl":"https:\/\/jornalfatosenoticias.com.br\/wp-content\/uploads\/2024\/06\/bicicletas-em-Paris_istock.jpg","keywords":["bicicleta","incentivos \u00e0 bike","mobilidade sustent\u00e1vel","mobilidade urbana","Paris"],"articleSection":["Mobilidade"],"inLanguage":"pt-BR","potentialAction":[{"@type":"CommentAction","name":"Comment","target":["https:\/\/jornalfatosenoticias.com.br\/index.php\/2024\/06\/03\/a-revolucao-das-bicicletas-em-paris-tem-mais-bicicleta-que-carro\/#respond"]}]},{"@type":"WebPage","@id":"https:\/\/jornalfatosenoticias.com.br\/index.php\/2024\/06\/03\/a-revolucao-das-bicicletas-em-paris-tem-mais-bicicleta-que-carro\/","url":"https:\/\/jornalfatosenoticias.com.br\/index.php\/2024\/06\/03\/a-revolucao-das-bicicletas-em-paris-tem-mais-bicicleta-que-carro\/","name":"A revolu\u00e7\u00e3o das bicicletas em Paris: tem mais bicicleta que carro - Jornal Fatos e Not\u00edcias","isPartOf":{"@id":"https:\/\/jornalfatosenoticias.com.br\/#website"},"primaryImageOfPage":{"@id":"https:\/\/jornalfatosenoticias.com.br\/index.php\/2024\/06\/03\/a-revolucao-das-bicicletas-em-paris-tem-mais-bicicleta-que-carro\/#primaryimage"},"image":{"@id":"https:\/\/jornalfatosenoticias.com.br\/index.php\/2024\/06\/03\/a-revolucao-das-bicicletas-em-paris-tem-mais-bicicleta-que-carro\/#primaryimage"},"thumbnailUrl":"https:\/\/jornalfatosenoticias.com.br\/wp-content\/uploads\/2024\/06\/bicicletas-em-Paris_istock.jpg","datePublished":"2024-06-03T13:09:57+00:00","dateModified":"2024-06-03T13:09:58+00:00","breadcrumb":{"@id":"https:\/\/jornalfatosenoticias.com.br\/index.php\/2024\/06\/03\/a-revolucao-das-bicicletas-em-paris-tem-mais-bicicleta-que-carro\/#breadcrumb"},"inLanguage":"pt-BR","potentialAction":[{"@type":"ReadAction","target":["https:\/\/jornalfatosenoticias.com.br\/index.php\/2024\/06\/03\/a-revolucao-das-bicicletas-em-paris-tem-mais-bicicleta-que-carro\/"]}]},{"@type":"ImageObject","inLanguage":"pt-BR","@id":"https:\/\/jornalfatosenoticias.com.br\/index.php\/2024\/06\/03\/a-revolucao-das-bicicletas-em-paris-tem-mais-bicicleta-que-carro\/#primaryimage","url":"https:\/\/jornalfatosenoticias.com.br\/wp-content\/uploads\/2024\/06\/bicicletas-em-Paris_istock.jpg","contentUrl":"https:\/\/jornalfatosenoticias.com.br\/wp-content\/uploads\/2024\/06\/bicicletas-em-Paris_istock.jpg","width":612,"height":409,"caption":"Paris, France - September 27, 2015: People on bicycles and pedestrians enjoying a car free day on Alexandre III bridge"},{"@type":"BreadcrumbList","@id":"https:\/\/jornalfatosenoticias.com.br\/index.php\/2024\/06\/03\/a-revolucao-das-bicicletas-em-paris-tem-mais-bicicleta-que-carro\/#breadcrumb","itemListElement":[{"@type":"ListItem","position":1,"name":"In\u00edcio","item":"https:\/\/jornalfatosenoticias.com.br\/"},{"@type":"ListItem","position":2,"name":"A revolu\u00e7\u00e3o das bicicletas em Paris: tem mais bicicleta que carro"}]},{"@type":"WebSite","@id":"https:\/\/jornalfatosenoticias.com.br\/#website","url":"https:\/\/jornalfatosenoticias.com.br\/","name":"Jornal Fatos e Not\u00edcias","description":"Not\u00edcias em geral","publisher":{"@id":"https:\/\/jornalfatosenoticias.com.br\/#organization"},"potentialAction":[{"@type":"SearchAction","target":{"@type":"EntryPoint","urlTemplate":"https:\/\/jornalfatosenoticias.com.br\/?s={search_term_string}"},"query-input":{"@type":"PropertyValueSpecification","valueRequired":true,"valueName":"search_term_string"}}],"inLanguage":"pt-BR"},{"@type":"Organization","@id":"https:\/\/jornalfatosenoticias.com.br\/#organization","name":"Jornal Fatos e Not\u00edcias","url":"https:\/\/jornalfatosenoticias.com.br\/","logo":{"@type":"ImageObject","inLanguage":"pt-BR","@id":"https:\/\/jornalfatosenoticias.com.br\/#\/schema\/logo\/image\/","url":"https:\/\/jornalfatosenoticias.com.br\/wp-content\/uploads\/2020\/02\/logo120.png","contentUrl":"https:\/\/jornalfatosenoticias.com.br\/wp-content\/uploads\/2020\/02\/logo120.png","width":1227,"height":120,"caption":"Jornal Fatos e Not\u00edcias"},"image":{"@id":"https:\/\/jornalfatosenoticias.com.br\/#\/schema\/logo\/image\/"}},{"@type":"Person","@id":"https:\/\/jornalfatosenoticias.com.br\/#\/schema\/person\/d63837fa13ac8666eb9e74e0985d6f81","name":"Luzimara Fernandes","image":{"@type":"ImageObject","inLanguage":"pt-BR","@id":"https:\/\/jornalfatosenoticias.com.br\/#\/schema\/person\/image\/","url":"https:\/\/jornalfatosenoticias.com.br\/wp-content\/uploads\/2025\/05\/EU_portal.jpg","contentUrl":"https:\/\/jornalfatosenoticias.com.br\/wp-content\/uploads\/2025\/05\/EU_portal.jpg","caption":"Luzimara Fernandes"},"description":"Jornalista MTB 2358-ES","sameAs":["https:\/\/jornalfatosenoticias.com.br"],"url":"https:\/\/jornalfatosenoticias.com.br\/index.php\/author\/luzimara\/"}]}},"cc_featured_image_caption":{"caption_text":"(Foto: iStock) ","source_text":"","source_url":""},"jetpack_featured_media_url":"https:\/\/jornalfatosenoticias.com.br\/wp-content\/uploads\/2024\/06\/bicicletas-em-Paris_istock.jpg","_links":{"self":[{"href":"https:\/\/jornalfatosenoticias.com.br\/index.php\/wp-json\/wp\/v2\/posts\/51665","targetHints":{"allow":["GET"]}}],"collection":[{"href":"https:\/\/jornalfatosenoticias.com.br\/index.php\/wp-json\/wp\/v2\/posts"}],"about":[{"href":"https:\/\/jornalfatosenoticias.com.br\/index.php\/wp-json\/wp\/v2\/types\/post"}],"author":[{"embeddable":true,"href":"https:\/\/jornalfatosenoticias.com.br\/index.php\/wp-json\/wp\/v2\/users\/2"}],"replies":[{"embeddable":true,"href":"https:\/\/jornalfatosenoticias.com.br\/index.php\/wp-json\/wp\/v2\/comments?post=51665"}],"version-history":[{"count":0,"href":"https:\/\/jornalfatosenoticias.com.br\/index.php\/wp-json\/wp\/v2\/posts\/51665\/revisions"}],"wp:featuredmedia":[{"embeddable":true,"href":"https:\/\/jornalfatosenoticias.com.br\/index.php\/wp-json\/wp\/v2\/media\/51666"}],"wp:attachment":[{"href":"https:\/\/jornalfatosenoticias.com.br\/index.php\/wp-json\/wp\/v2\/media?parent=51665"}],"wp:term":[{"taxonomy":"category","embeddable":true,"href":"https:\/\/jornalfatosenoticias.com.br\/index.php\/wp-json\/wp\/v2\/categories?post=51665"},{"taxonomy":"post_tag","embeddable":true,"href":"https:\/\/jornalfatosenoticias.com.br\/index.php\/wp-json\/wp\/v2\/tags?post=51665"}],"curies":[{"name":"wp","href":"https:\/\/api.w.org\/{rel}","templated":true}]}}