{"id":5167,"date":"2020-06-02T10:05:41","date_gmt":"2020-06-02T13:05:41","guid":{"rendered":"https:\/\/jornalfatosenoticias.com.br\/?p=5167"},"modified":"2020-06-02T10:05:46","modified_gmt":"2020-06-02T13:05:46","slug":"entidades-articulam-maior-geracao-de-energia-a-partir-de-residuos","status":"publish","type":"post","link":"https:\/\/jornalfatosenoticias.com.br\/index.php\/2020\/06\/02\/entidades-articulam-maior-geracao-de-energia-a-partir-de-residuos\/","title":{"rendered":"Entidades articulam maior gera\u00e7\u00e3o de energia a partir de res\u00edduos"},"content":{"rendered":"\n<h6 class=\"wp-block-heading\"><em>Frente formada por associa\u00e7\u00f5es setoriais ser\u00e1 lan\u00e7ada hoje<\/em><\/h6>\n\n\n\n<p>Uma frente formada por quatro associa\u00e7\u00f5es setoriais ser\u00e1 lan\u00e7ada hoje (2) para buscar solu\u00e7\u00f5es destinadas \u00e0 amplia\u00e7\u00e3o do aproveitamento energ\u00e9tico dos res\u00edduos s\u00f3lidos no Brasil. Assinar\u00e3o remotamente o Acordo de Coopera\u00e7\u00e3o para Recupera\u00e7\u00e3o Energ\u00e9tica de Res\u00edduos a Associa\u00e7\u00e3o Brasileira de Cimento Portland (ABCP), a Associa\u00e7\u00e3o Brasileira de Empresas Tratamento de Res\u00edduos e Efluentes (Abetre), a Associa\u00e7\u00e3o Brasileira do Biog\u00e1s (ABiog\u00e1s) e a Associa\u00e7\u00e3o Brasileira de Empresas de Limpeza P\u00fablica e Res\u00edduos Especiais (Abrelpe).<br>O avan\u00e7o da gera\u00e7\u00e3o de energia a partir dos res\u00edduos depende da erradica\u00e7\u00e3o dos lix\u00f5es e sua substitui\u00e7\u00e3o por aterros sanit\u00e1rios, o que j\u00e1 deveria ter acontecido segundo a Pol\u00edtica Nacional de Res\u00edduos S\u00f3lidos. Cerca de 41% dos res\u00edduos coletados no pa\u00eds ainda s\u00e3o destinados a instala\u00e7\u00f5es inadequadas, onde n\u00e3o \u00e9 poss\u00edvel o aproveitamento para gera\u00e7\u00e3o de energia. A frente defende o fechamento de 3 mil lix\u00f5es e o investimento p\u00fablico e privado em aterros sanit\u00e1rios regionais, que atendam a munic\u00edpios vizinhos.<br>Segundo a frente empresarial, os 79 milh\u00f5es de toneladas de res\u00edduos s\u00f3lidos urbanos produzidos anualmente pelo Brasil t\u00eam potencial para gerar energia el\u00e9trica suficiente para abastecer o estado de Pernambuco, o que representa 3% do consumo nacional de eletricidade. Grande parte desse potencial n\u00e3o \u00e9 aproveitado porque 7 milh\u00f5es de toneladas sequer s\u00e3o coletadas, e quase 30 milh\u00f5es v\u00e3o parar em lix\u00f5es. Os dados s\u00e3o do Panorama dos Res\u00edduos S\u00f3lidos no Brasil 2018\/2019, publicado pela Abrelpe. O diretor-presidente da associa\u00e7\u00e3o, Carlos Silva Filho, explica que a frente vai buscar a supera\u00e7\u00e3o de quest\u00f5es regulat\u00f3rias e de compartilhamento de tecnologia, para aumentar a seguran\u00e7a jur\u00eddica e econ\u00f4mica do setor e permitir que ele cres\u00e7a no p\u00f3s-pandemia.<br>&#8220;\u00c9 uma tend\u00eancia que tem sido observada nos demais pa\u00edses, em que justamente os setores ambientais, de infraestrutura e saneamento ser\u00e3o os que v\u00e3o puxar a retomada dos investimentos p\u00f3s-pandemia&#8221;.<br>Para o presidente da Abetre, Luiz Gonzaga, as dificuldades econ\u00f4micas trazidas pela pandemia v\u00e3o exigir maior participa\u00e7\u00e3o do setor privado nos cerca de R$ 15 bilh\u00f5es em investimentos que o setor vai requerer nos pr\u00f3ximos 10 anos para promover a recupera\u00e7\u00e3o energ\u00e9tica dos res\u00edduos. Ele destaca que, al\u00e9m desse esfor\u00e7o, \u00e9 preciso aprimorar a parte operacional dos aterros. &#8220;Aterros s\u00e3o equipamentos que duram 20 a 25 anos e, para isso, precisam de boa opera\u00e7\u00e3o. Temos casos no Brasil em que o Poder P\u00fablico construiu aterros, que, por falta de prioriza\u00e7\u00e3o de recursos, retornaram para a condi\u00e7\u00e3o de lix\u00f5es&#8221;.<br>Cerca de metade desses res\u00edduos s\u00f3lidos urbanos \u00e9 de lixo org\u00e2nico, o que tamb\u00e9m pode ser aproveitado para a produ\u00e7\u00e3o de biog\u00e1s. Segundo a ABiog\u00e1s, 80% desse combust\u00edvel no pa\u00eds j\u00e1 s\u00e3o produzidos em esta\u00e7\u00f5es de tratamento de esgoto e aterros sanit\u00e1rios, apesar de apenas metade dos res\u00edduos org\u00e2nicos terem esses aterros regulares como destino final.<br>O presidente da ABiog\u00e1s, Alessandro Gardemann, avalia que o Brasil \u00e9 o pa\u00eds do mundo com maior potencial para a produ\u00e7\u00e3o do combust\u00edvel, uma vez que, al\u00e9m dos res\u00edduos urbanos, h\u00e1 os gerados pela agroind\u00fastria. No caso do biog\u00e1s, ele v\u00ea o cen\u00e1rio regulat\u00f3rio j\u00e1 bem encaminhado para o momento posterior \u00e0 crise. &#8220;Temos modelagem econ\u00f4mica comprovada,viabilidade financeira, financiamento dispon\u00edvel e a parte regulat\u00f3ria est\u00e1 pronta. A gente est\u00e1 maduro para colher esses frutos&#8221;.<br>Signat\u00e1ria do acordo, a ind\u00fastria do cimento busca aumentar a utiliza\u00e7\u00e3o dos res\u00edduos para a gera\u00e7\u00e3o da energia que alimenta os fornos de suas unidades. Com a amplia\u00e7\u00e3o, o consumo de coque, combust\u00edvel f\u00f3ssil, deve cair de 85% para 45%, reduzindo o custo e a emiss\u00e3o de CO2. Presidente da ABCP, Paulo Camillo Penna afirma que o setor j\u00e1 enfrenta um cen\u00e1rio de crise desde 2014 e acredita que investimentos em tecnologia podem atenuar os impactos das dificuldades econ\u00f4micas.<br>&#8220;N\u00e3o se trata de vantagens espec\u00edficas de um ou outro setor, mas de uma gera\u00e7\u00e3o de valor que vai beneficiar a sociedade&#8221;, afirma ele, que prev\u00ea R$ 2 bilh\u00f5es em investimentos nos pr\u00f3ximos 10 anos para consumir o equivalente a 300 mil caminh\u00f5es compactadores de lixo.<\/p>\n\n\n\n<p><strong><em>Fonte: <a href=\"https:\/\/agenciabrasil.ebc.com.br\/economia\/noticia\/2020-06\/entidades-articulam-maior-geracao-de-energia-partir-de-residuos\">Ag\u00eancia Brasil<\/a><\/em><\/strong><\/p>\n","protected":false},"excerpt":{"rendered":"<p>Frente formada por associa\u00e7\u00f5es setoriais ser\u00e1 lan\u00e7ada hoje Uma frente formada por quatro associa\u00e7\u00f5es setoriais ser\u00e1 lan\u00e7ada hoje (2) para buscar solu\u00e7\u00f5es destinadas \u00e0 amplia\u00e7\u00e3o do aproveitamento energ\u00e9tico dos res\u00edduos s\u00f3lidos no Brasil. Assinar\u00e3o remotamente o Acordo de Coopera\u00e7\u00e3o para Recupera\u00e7\u00e3o Energ\u00e9tica de Res\u00edduos a Associa\u00e7\u00e3o Brasileira de Cimento Portland (ABCP), a Associa\u00e7\u00e3o Brasileira de [&hellip;]<\/p>\n","protected":false},"author":2,"featured_media":5168,"comment_status":"open","ping_status":"open","sticky":false,"template":"","format":"standard","meta":{"footnotes":""},"categories":[9],"tags":[3089,3090,2539,3091,3092,3056,2850],"class_list":["post-5167","post","type-post","status-publish","format-standard","has-post-thumbnail","hentry","category-economia","tag-associacoes-setoriais","tag-aterros-sanitarios","tag-energia","tag-frente","tag-geracao","tag-lixoes","tag-residuos"],"yoast_head":"<!-- This site is optimized with the Yoast SEO plugin v26.5 - https:\/\/yoast.com\/wordpress\/plugins\/seo\/ -->\n<title>Entidades articulam maior gera\u00e7\u00e3o de energia a partir de res\u00edduos - Jornal Fatos e Not\u00edcias<\/title>\n<meta name=\"robots\" content=\"index, follow, max-snippet:-1, max-image-preview:large, max-video-preview:-1\" \/>\n<link rel=\"canonical\" href=\"https:\/\/jornalfatosenoticias.com.br\/index.php\/2020\/06\/02\/entidades-articulam-maior-geracao-de-energia-a-partir-de-residuos\/\" \/>\n<meta property=\"og:locale\" content=\"pt_BR\" \/>\n<meta property=\"og:type\" content=\"article\" \/>\n<meta property=\"og:title\" content=\"Entidades articulam maior gera\u00e7\u00e3o de energia a partir de res\u00edduos - Jornal Fatos e Not\u00edcias\" \/>\n<meta property=\"og:description\" content=\"Frente formada por associa\u00e7\u00f5es setoriais ser\u00e1 lan\u00e7ada hoje Uma frente formada por quatro associa\u00e7\u00f5es setoriais ser\u00e1 lan\u00e7ada hoje (2) para buscar solu\u00e7\u00f5es destinadas \u00e0 amplia\u00e7\u00e3o do aproveitamento energ\u00e9tico dos res\u00edduos s\u00f3lidos no Brasil. Assinar\u00e3o remotamente o Acordo de Coopera\u00e7\u00e3o para Recupera\u00e7\u00e3o Energ\u00e9tica de Res\u00edduos a Associa\u00e7\u00e3o Brasileira de Cimento Portland (ABCP), a Associa\u00e7\u00e3o Brasileira de [&hellip;]\" \/>\n<meta property=\"og:url\" content=\"https:\/\/jornalfatosenoticias.com.br\/index.php\/2020\/06\/02\/entidades-articulam-maior-geracao-de-energia-a-partir-de-residuos\/\" \/>\n<meta property=\"og:site_name\" content=\"Jornal Fatos e Not\u00edcias\" \/>\n<meta property=\"article:published_time\" content=\"2020-06-02T13:05:41+00:00\" \/>\n<meta property=\"article:modified_time\" content=\"2020-06-02T13:05:46+00:00\" \/>\n<meta property=\"og:image\" content=\"https:\/\/jornalfatosenoticias.com.br\/wp-content\/uploads\/2020\/06\/lixao.jpg\" \/>\n\t<meta property=\"og:image:width\" content=\"1000\" \/>\n\t<meta property=\"og:image:height\" content=\"598\" \/>\n\t<meta property=\"og:image:type\" content=\"image\/jpeg\" \/>\n<meta name=\"author\" content=\"Luzimara Fernandes\" \/>\n<meta name=\"twitter:card\" content=\"summary_large_image\" \/>\n<meta name=\"twitter:label1\" content=\"Escrito por\" \/>\n\t<meta name=\"twitter:data1\" content=\"Luzimara Fernandes\" \/>\n\t<meta name=\"twitter:label2\" content=\"Est. tempo de leitura\" \/>\n\t<meta name=\"twitter:data2\" content=\"4 minutos\" \/>\n<script type=\"application\/ld+json\" class=\"yoast-schema-graph\">{\"@context\":\"https:\/\/schema.org\",\"@graph\":[{\"@type\":\"Article\",\"@id\":\"https:\/\/jornalfatosenoticias.com.br\/index.php\/2020\/06\/02\/entidades-articulam-maior-geracao-de-energia-a-partir-de-residuos\/#article\",\"isPartOf\":{\"@id\":\"https:\/\/jornalfatosenoticias.com.br\/index.php\/2020\/06\/02\/entidades-articulam-maior-geracao-de-energia-a-partir-de-residuos\/\"},\"author\":{\"name\":\"Luzimara Fernandes\",\"@id\":\"https:\/\/jornalfatosenoticias.com.br\/#\/schema\/person\/d63837fa13ac8666eb9e74e0985d6f81\"},\"headline\":\"Entidades articulam maior gera\u00e7\u00e3o de energia a partir de res\u00edduos\",\"datePublished\":\"2020-06-02T13:05:41+00:00\",\"dateModified\":\"2020-06-02T13:05:46+00:00\",\"mainEntityOfPage\":{\"@id\":\"https:\/\/jornalfatosenoticias.com.br\/index.php\/2020\/06\/02\/entidades-articulam-maior-geracao-de-energia-a-partir-de-residuos\/\"},\"wordCount\":783,\"commentCount\":0,\"publisher\":{\"@id\":\"https:\/\/jornalfatosenoticias.com.br\/#organization\"},\"image\":{\"@id\":\"https:\/\/jornalfatosenoticias.com.br\/index.php\/2020\/06\/02\/entidades-articulam-maior-geracao-de-energia-a-partir-de-residuos\/#primaryimage\"},\"thumbnailUrl\":\"https:\/\/jornalfatosenoticias.com.br\/wp-content\/uploads\/2020\/06\/lixao.jpg\",\"keywords\":[\"associa\u00e7\u00f5es setoriais\",\"aterros sanit\u00e1rios\",\"energia\",\"frente\",\"gera\u00e7\u00e3o\",\"lix\u00f5es\",\"res\u00edduos\"],\"articleSection\":[\"Economia\"],\"inLanguage\":\"pt-BR\",\"potentialAction\":[{\"@type\":\"CommentAction\",\"name\":\"Comment\",\"target\":[\"https:\/\/jornalfatosenoticias.com.br\/index.php\/2020\/06\/02\/entidades-articulam-maior-geracao-de-energia-a-partir-de-residuos\/#respond\"]}]},{\"@type\":\"WebPage\",\"@id\":\"https:\/\/jornalfatosenoticias.com.br\/index.php\/2020\/06\/02\/entidades-articulam-maior-geracao-de-energia-a-partir-de-residuos\/\",\"url\":\"https:\/\/jornalfatosenoticias.com.br\/index.php\/2020\/06\/02\/entidades-articulam-maior-geracao-de-energia-a-partir-de-residuos\/\",\"name\":\"Entidades articulam maior gera\u00e7\u00e3o de energia a partir de res\u00edduos - Jornal Fatos e Not\u00edcias\",\"isPartOf\":{\"@id\":\"https:\/\/jornalfatosenoticias.com.br\/#website\"},\"primaryImageOfPage\":{\"@id\":\"https:\/\/jornalfatosenoticias.com.br\/index.php\/2020\/06\/02\/entidades-articulam-maior-geracao-de-energia-a-partir-de-residuos\/#primaryimage\"},\"image\":{\"@id\":\"https:\/\/jornalfatosenoticias.com.br\/index.php\/2020\/06\/02\/entidades-articulam-maior-geracao-de-energia-a-partir-de-residuos\/#primaryimage\"},\"thumbnailUrl\":\"https:\/\/jornalfatosenoticias.com.br\/wp-content\/uploads\/2020\/06\/lixao.jpg\",\"datePublished\":\"2020-06-02T13:05:41+00:00\",\"dateModified\":\"2020-06-02T13:05:46+00:00\",\"breadcrumb\":{\"@id\":\"https:\/\/jornalfatosenoticias.com.br\/index.php\/2020\/06\/02\/entidades-articulam-maior-geracao-de-energia-a-partir-de-residuos\/#breadcrumb\"},\"inLanguage\":\"pt-BR\",\"potentialAction\":[{\"@type\":\"ReadAction\",\"target\":[\"https:\/\/jornalfatosenoticias.com.br\/index.php\/2020\/06\/02\/entidades-articulam-maior-geracao-de-energia-a-partir-de-residuos\/\"]}]},{\"@type\":\"ImageObject\",\"inLanguage\":\"pt-BR\",\"@id\":\"https:\/\/jornalfatosenoticias.com.br\/index.php\/2020\/06\/02\/entidades-articulam-maior-geracao-de-energia-a-partir-de-residuos\/#primaryimage\",\"url\":\"https:\/\/jornalfatosenoticias.com.br\/wp-content\/uploads\/2020\/06\/lixao.jpg\",\"contentUrl\":\"https:\/\/jornalfatosenoticias.com.br\/wp-content\/uploads\/2020\/06\/lixao.jpg\",\"width\":1000,\"height\":598},{\"@type\":\"BreadcrumbList\",\"@id\":\"https:\/\/jornalfatosenoticias.com.br\/index.php\/2020\/06\/02\/entidades-articulam-maior-geracao-de-energia-a-partir-de-residuos\/#breadcrumb\",\"itemListElement\":[{\"@type\":\"ListItem\",\"position\":1,\"name\":\"In\u00edcio\",\"item\":\"https:\/\/jornalfatosenoticias.com.br\/\"},{\"@type\":\"ListItem\",\"position\":2,\"name\":\"Entidades articulam maior gera\u00e7\u00e3o de energia a partir de res\u00edduos\"}]},{\"@type\":\"WebSite\",\"@id\":\"https:\/\/jornalfatosenoticias.com.br\/#website\",\"url\":\"https:\/\/jornalfatosenoticias.com.br\/\",\"name\":\"Jornal Fatos e Not\u00edcias\",\"description\":\"Not\u00edcias em geral\",\"publisher\":{\"@id\":\"https:\/\/jornalfatosenoticias.com.br\/#organization\"},\"potentialAction\":[{\"@type\":\"SearchAction\",\"target\":{\"@type\":\"EntryPoint\",\"urlTemplate\":\"https:\/\/jornalfatosenoticias.com.br\/?s={search_term_string}\"},\"query-input\":{\"@type\":\"PropertyValueSpecification\",\"valueRequired\":true,\"valueName\":\"search_term_string\"}}],\"inLanguage\":\"pt-BR\"},{\"@type\":\"Organization\",\"@id\":\"https:\/\/jornalfatosenoticias.com.br\/#organization\",\"name\":\"Jornal Fatos e Not\u00edcias\",\"url\":\"https:\/\/jornalfatosenoticias.com.br\/\",\"logo\":{\"@type\":\"ImageObject\",\"inLanguage\":\"pt-BR\",\"@id\":\"https:\/\/jornalfatosenoticias.com.br\/#\/schema\/logo\/image\/\",\"url\":\"https:\/\/jornalfatosenoticias.com.br\/wp-content\/uploads\/2020\/02\/logo120.png\",\"contentUrl\":\"https:\/\/jornalfatosenoticias.com.br\/wp-content\/uploads\/2020\/02\/logo120.png\",\"width\":1227,\"height\":120,\"caption\":\"Jornal Fatos e Not\u00edcias\"},\"image\":{\"@id\":\"https:\/\/jornalfatosenoticias.com.br\/#\/schema\/logo\/image\/\"}},{\"@type\":\"Person\",\"@id\":\"https:\/\/jornalfatosenoticias.com.br\/#\/schema\/person\/d63837fa13ac8666eb9e74e0985d6f81\",\"name\":\"Luzimara Fernandes\",\"image\":{\"@type\":\"ImageObject\",\"inLanguage\":\"pt-BR\",\"@id\":\"https:\/\/jornalfatosenoticias.com.br\/#\/schema\/person\/image\/\",\"url\":\"https:\/\/jornalfatosenoticias.com.br\/wp-content\/uploads\/2025\/05\/EU_portal.jpg\",\"contentUrl\":\"https:\/\/jornalfatosenoticias.com.br\/wp-content\/uploads\/2025\/05\/EU_portal.jpg\",\"caption\":\"Luzimara Fernandes\"},\"description\":\"Jornalista MTB 2358-ES\",\"sameAs\":[\"https:\/\/jornalfatosenoticias.com.br\"],\"url\":\"https:\/\/jornalfatosenoticias.com.br\/index.php\/author\/luzimara\/\"}]}<\/script>\n<!-- \/ Yoast SEO plugin. -->","yoast_head_json":{"title":"Entidades articulam maior gera\u00e7\u00e3o de energia a partir de res\u00edduos - Jornal Fatos e Not\u00edcias","robots":{"index":"index","follow":"follow","max-snippet":"max-snippet:-1","max-image-preview":"max-image-preview:large","max-video-preview":"max-video-preview:-1"},"canonical":"https:\/\/jornalfatosenoticias.com.br\/index.php\/2020\/06\/02\/entidades-articulam-maior-geracao-de-energia-a-partir-de-residuos\/","og_locale":"pt_BR","og_type":"article","og_title":"Entidades articulam maior gera\u00e7\u00e3o de energia a partir de res\u00edduos - Jornal Fatos e Not\u00edcias","og_description":"Frente formada por associa\u00e7\u00f5es setoriais ser\u00e1 lan\u00e7ada hoje Uma frente formada por quatro associa\u00e7\u00f5es setoriais ser\u00e1 lan\u00e7ada hoje (2) para buscar solu\u00e7\u00f5es destinadas \u00e0 amplia\u00e7\u00e3o do aproveitamento energ\u00e9tico dos res\u00edduos s\u00f3lidos no Brasil. Assinar\u00e3o remotamente o Acordo de Coopera\u00e7\u00e3o para Recupera\u00e7\u00e3o Energ\u00e9tica de Res\u00edduos a Associa\u00e7\u00e3o Brasileira de Cimento Portland (ABCP), a Associa\u00e7\u00e3o Brasileira de [&hellip;]","og_url":"https:\/\/jornalfatosenoticias.com.br\/index.php\/2020\/06\/02\/entidades-articulam-maior-geracao-de-energia-a-partir-de-residuos\/","og_site_name":"Jornal Fatos e Not\u00edcias","article_published_time":"2020-06-02T13:05:41+00:00","article_modified_time":"2020-06-02T13:05:46+00:00","og_image":[{"width":1000,"height":598,"url":"https:\/\/jornalfatosenoticias.com.br\/wp-content\/uploads\/2020\/06\/lixao.jpg","type":"image\/jpeg"}],"author":"Luzimara Fernandes","twitter_card":"summary_large_image","twitter_misc":{"Escrito por":"Luzimara Fernandes","Est. tempo de leitura":"4 minutos"},"schema":{"@context":"https:\/\/schema.org","@graph":[{"@type":"Article","@id":"https:\/\/jornalfatosenoticias.com.br\/index.php\/2020\/06\/02\/entidades-articulam-maior-geracao-de-energia-a-partir-de-residuos\/#article","isPartOf":{"@id":"https:\/\/jornalfatosenoticias.com.br\/index.php\/2020\/06\/02\/entidades-articulam-maior-geracao-de-energia-a-partir-de-residuos\/"},"author":{"name":"Luzimara Fernandes","@id":"https:\/\/jornalfatosenoticias.com.br\/#\/schema\/person\/d63837fa13ac8666eb9e74e0985d6f81"},"headline":"Entidades articulam maior gera\u00e7\u00e3o de energia a partir de res\u00edduos","datePublished":"2020-06-02T13:05:41+00:00","dateModified":"2020-06-02T13:05:46+00:00","mainEntityOfPage":{"@id":"https:\/\/jornalfatosenoticias.com.br\/index.php\/2020\/06\/02\/entidades-articulam-maior-geracao-de-energia-a-partir-de-residuos\/"},"wordCount":783,"commentCount":0,"publisher":{"@id":"https:\/\/jornalfatosenoticias.com.br\/#organization"},"image":{"@id":"https:\/\/jornalfatosenoticias.com.br\/index.php\/2020\/06\/02\/entidades-articulam-maior-geracao-de-energia-a-partir-de-residuos\/#primaryimage"},"thumbnailUrl":"https:\/\/jornalfatosenoticias.com.br\/wp-content\/uploads\/2020\/06\/lixao.jpg","keywords":["associa\u00e7\u00f5es setoriais","aterros sanit\u00e1rios","energia","frente","gera\u00e7\u00e3o","lix\u00f5es","res\u00edduos"],"articleSection":["Economia"],"inLanguage":"pt-BR","potentialAction":[{"@type":"CommentAction","name":"Comment","target":["https:\/\/jornalfatosenoticias.com.br\/index.php\/2020\/06\/02\/entidades-articulam-maior-geracao-de-energia-a-partir-de-residuos\/#respond"]}]},{"@type":"WebPage","@id":"https:\/\/jornalfatosenoticias.com.br\/index.php\/2020\/06\/02\/entidades-articulam-maior-geracao-de-energia-a-partir-de-residuos\/","url":"https:\/\/jornalfatosenoticias.com.br\/index.php\/2020\/06\/02\/entidades-articulam-maior-geracao-de-energia-a-partir-de-residuos\/","name":"Entidades articulam maior gera\u00e7\u00e3o de energia a partir de res\u00edduos - Jornal Fatos e Not\u00edcias","isPartOf":{"@id":"https:\/\/jornalfatosenoticias.com.br\/#website"},"primaryImageOfPage":{"@id":"https:\/\/jornalfatosenoticias.com.br\/index.php\/2020\/06\/02\/entidades-articulam-maior-geracao-de-energia-a-partir-de-residuos\/#primaryimage"},"image":{"@id":"https:\/\/jornalfatosenoticias.com.br\/index.php\/2020\/06\/02\/entidades-articulam-maior-geracao-de-energia-a-partir-de-residuos\/#primaryimage"},"thumbnailUrl":"https:\/\/jornalfatosenoticias.com.br\/wp-content\/uploads\/2020\/06\/lixao.jpg","datePublished":"2020-06-02T13:05:41+00:00","dateModified":"2020-06-02T13:05:46+00:00","breadcrumb":{"@id":"https:\/\/jornalfatosenoticias.com.br\/index.php\/2020\/06\/02\/entidades-articulam-maior-geracao-de-energia-a-partir-de-residuos\/#breadcrumb"},"inLanguage":"pt-BR","potentialAction":[{"@type":"ReadAction","target":["https:\/\/jornalfatosenoticias.com.br\/index.php\/2020\/06\/02\/entidades-articulam-maior-geracao-de-energia-a-partir-de-residuos\/"]}]},{"@type":"ImageObject","inLanguage":"pt-BR","@id":"https:\/\/jornalfatosenoticias.com.br\/index.php\/2020\/06\/02\/entidades-articulam-maior-geracao-de-energia-a-partir-de-residuos\/#primaryimage","url":"https:\/\/jornalfatosenoticias.com.br\/wp-content\/uploads\/2020\/06\/lixao.jpg","contentUrl":"https:\/\/jornalfatosenoticias.com.br\/wp-content\/uploads\/2020\/06\/lixao.jpg","width":1000,"height":598},{"@type":"BreadcrumbList","@id":"https:\/\/jornalfatosenoticias.com.br\/index.php\/2020\/06\/02\/entidades-articulam-maior-geracao-de-energia-a-partir-de-residuos\/#breadcrumb","itemListElement":[{"@type":"ListItem","position":1,"name":"In\u00edcio","item":"https:\/\/jornalfatosenoticias.com.br\/"},{"@type":"ListItem","position":2,"name":"Entidades articulam maior gera\u00e7\u00e3o de energia a partir de res\u00edduos"}]},{"@type":"WebSite","@id":"https:\/\/jornalfatosenoticias.com.br\/#website","url":"https:\/\/jornalfatosenoticias.com.br\/","name":"Jornal Fatos e Not\u00edcias","description":"Not\u00edcias em geral","publisher":{"@id":"https:\/\/jornalfatosenoticias.com.br\/#organization"},"potentialAction":[{"@type":"SearchAction","target":{"@type":"EntryPoint","urlTemplate":"https:\/\/jornalfatosenoticias.com.br\/?s={search_term_string}"},"query-input":{"@type":"PropertyValueSpecification","valueRequired":true,"valueName":"search_term_string"}}],"inLanguage":"pt-BR"},{"@type":"Organization","@id":"https:\/\/jornalfatosenoticias.com.br\/#organization","name":"Jornal Fatos e Not\u00edcias","url":"https:\/\/jornalfatosenoticias.com.br\/","logo":{"@type":"ImageObject","inLanguage":"pt-BR","@id":"https:\/\/jornalfatosenoticias.com.br\/#\/schema\/logo\/image\/","url":"https:\/\/jornalfatosenoticias.com.br\/wp-content\/uploads\/2020\/02\/logo120.png","contentUrl":"https:\/\/jornalfatosenoticias.com.br\/wp-content\/uploads\/2020\/02\/logo120.png","width":1227,"height":120,"caption":"Jornal Fatos e Not\u00edcias"},"image":{"@id":"https:\/\/jornalfatosenoticias.com.br\/#\/schema\/logo\/image\/"}},{"@type":"Person","@id":"https:\/\/jornalfatosenoticias.com.br\/#\/schema\/person\/d63837fa13ac8666eb9e74e0985d6f81","name":"Luzimara Fernandes","image":{"@type":"ImageObject","inLanguage":"pt-BR","@id":"https:\/\/jornalfatosenoticias.com.br\/#\/schema\/person\/image\/","url":"https:\/\/jornalfatosenoticias.com.br\/wp-content\/uploads\/2025\/05\/EU_portal.jpg","contentUrl":"https:\/\/jornalfatosenoticias.com.br\/wp-content\/uploads\/2025\/05\/EU_portal.jpg","caption":"Luzimara Fernandes"},"description":"Jornalista MTB 2358-ES","sameAs":["https:\/\/jornalfatosenoticias.com.br"],"url":"https:\/\/jornalfatosenoticias.com.br\/index.php\/author\/luzimara\/"}]}},"cc_featured_image_caption":{"caption_text":"Aterro sanit\u00e1rio","source_text":"","source_url":""},"jetpack_featured_media_url":"https:\/\/jornalfatosenoticias.com.br\/wp-content\/uploads\/2020\/06\/lixao.jpg","_links":{"self":[{"href":"https:\/\/jornalfatosenoticias.com.br\/index.php\/wp-json\/wp\/v2\/posts\/5167","targetHints":{"allow":["GET"]}}],"collection":[{"href":"https:\/\/jornalfatosenoticias.com.br\/index.php\/wp-json\/wp\/v2\/posts"}],"about":[{"href":"https:\/\/jornalfatosenoticias.com.br\/index.php\/wp-json\/wp\/v2\/types\/post"}],"author":[{"embeddable":true,"href":"https:\/\/jornalfatosenoticias.com.br\/index.php\/wp-json\/wp\/v2\/users\/2"}],"replies":[{"embeddable":true,"href":"https:\/\/jornalfatosenoticias.com.br\/index.php\/wp-json\/wp\/v2\/comments?post=5167"}],"version-history":[{"count":0,"href":"https:\/\/jornalfatosenoticias.com.br\/index.php\/wp-json\/wp\/v2\/posts\/5167\/revisions"}],"wp:featuredmedia":[{"embeddable":true,"href":"https:\/\/jornalfatosenoticias.com.br\/index.php\/wp-json\/wp\/v2\/media\/5168"}],"wp:attachment":[{"href":"https:\/\/jornalfatosenoticias.com.br\/index.php\/wp-json\/wp\/v2\/media?parent=5167"}],"wp:term":[{"taxonomy":"category","embeddable":true,"href":"https:\/\/jornalfatosenoticias.com.br\/index.php\/wp-json\/wp\/v2\/categories?post=5167"},{"taxonomy":"post_tag","embeddable":true,"href":"https:\/\/jornalfatosenoticias.com.br\/index.php\/wp-json\/wp\/v2\/tags?post=5167"}],"curies":[{"name":"wp","href":"https:\/\/api.w.org\/{rel}","templated":true}]}}