{"id":51686,"date":"2024-06-03T16:01:56","date_gmt":"2024-06-03T19:01:56","guid":{"rendered":"https:\/\/jornalfatosenoticias.com.br\/?p=51686"},"modified":"2024-06-03T16:02:02","modified_gmt":"2024-06-03T19:02:02","slug":"lula-repete-velhos-erros-e-corre-risco-de-fiasco-politico-diz-arminio-fraga","status":"publish","type":"post","link":"https:\/\/jornalfatosenoticias.com.br\/index.php\/2024\/06\/03\/lula-repete-velhos-erros-e-corre-risco-de-fiasco-politico-diz-arminio-fraga\/","title":{"rendered":"Lula repete velhos erros e corre risco de fiasco pol\u00edtico, diz Arm\u00ednio Fraga"},"content":{"rendered":"\n<p><em><span class=\"has-inline-color has-black-color\">Arm\u00ednio Fraga, ex-presidente do BC: \u201carcabou\u00e7o est\u00e1 fazendo \u00e1gua\u201d<\/span><\/em><\/p>\n\n\n\n<p><span class=\"has-inline-color has-black-color\">Por <strong><a href=\"https:\/\/www.gazetadopovo.com.br\/autor\/celio-yano\/\">C\u00e9lio Yano<\/a><\/strong><\/span><\/p>\n\n\n\n<div class=\"wp-block-image\"><figure class=\"aligncenter size-large\"><img loading=\"lazy\" decoding=\"async\" width=\"729\" height=\"90\" src=\"https:\/\/jornalfatosenoticias.com.br\/wp-content\/uploads\/2020\/02\/Logo_Mizu.png\" alt=\"\" class=\"wp-image-1441\" srcset=\"https:\/\/jornalfatosenoticias.com.br\/wp-content\/uploads\/2020\/02\/Logo_Mizu.png 729w, https:\/\/jornalfatosenoticias.com.br\/wp-content\/uploads\/2020\/02\/Logo_Mizu-300x37.png 300w\" sizes=\"auto, (max-width: 729px) 100vw, 729px\" \/><\/figure><\/div>\n\n\n\n<p>Ex-presidente do Banco Central (BC), o economista Arm\u00ednio Fraga v\u00ea com pessimismo o governo de Luiz In\u00e1cio Lula da Silva (PT), a quem declarou apoio no segundo turno das elei\u00e7\u00f5es de 2022. Para ele, entre uma s\u00e9rie de erros que a atual gest\u00e3o comete, o desequil\u00edbrio fiscal e o afrouxamento da pol\u00edtica monet\u00e1ria podem resultar em \u201cum grande fiasco pol\u00edtico\u201d, segundo comentou em entrevista \u00e0 \u201cFolha de S.Paulo\u201d publicada no \u00faltimo s\u00e1bado (1\u00ba).<\/p>\n\n\n\n<blockquote class=\"wp-block-quote is-layout-flow wp-block-quote-is-layout-flow\"><p><span class=\"has-inline-color has-luminous-vivid-orange-color\">Estamos a\u00ed de novo a mexer na governan\u00e7a das estatais, vamos mexer na governan\u00e7a de empresas privadas. Vamos tentar ressuscitar estaleiros, a obsess\u00e3o com Abreu e Lima. A ideia de que responsabilidade fiscal faz mal \u00e0 popula\u00e7\u00e3o. \u00c9 o oposto. Quem se ferra \u00e9 sempre o pobre nesse jogo\u201d, disse, ao ser questionado sobre equ\u00edvocos cometidos pelo governo \u201cS\u00e3o alguns, s\u00f3 para esquentar a conversa\u201d.<\/span><\/p><\/blockquote>\n\n\n\n<div class=\"wp-block-image\"><figure class=\"aligncenter size-large is-resized\"><img loading=\"lazy\" decoding=\"async\" src=\"https:\/\/jornalfatosenoticias.com.br\/wp-content\/uploads\/2020\/02\/CONTROL-CS.jpg\" alt=\"\" class=\"wp-image-44991\" width=\"306\" height=\"367\" srcset=\"https:\/\/jornalfatosenoticias.com.br\/wp-content\/uploads\/2020\/02\/CONTROL-CS.jpg 834w, https:\/\/jornalfatosenoticias.com.br\/wp-content\/uploads\/2020\/02\/CONTROL-CS-250x300.jpg 250w, https:\/\/jornalfatosenoticias.com.br\/wp-content\/uploads\/2020\/02\/CONTROL-CS-768x921.jpg 768w\" sizes=\"auto, (max-width: 306px) 100vw, 306px\" \/><\/figure><\/div>\n\n\n\n<p>Fraga avalia que o controle das contas p\u00fablicas, para o m\u00e9dio prazo, depende de propostas bastante radicais e cr\u00edveis. \u201cClaramente a Previd\u00eancia vai ter que passar por outra reforma. O assunto geral da folha de pagamentos vai al\u00e9m do governo federal, \u00e9 at\u00e9 mais dos governos estaduais e municipais\u201d, afirmou. \u201cA vincula\u00e7\u00e3o geral [dos pisos de educa\u00e7\u00e3o e sa\u00fade] \u00e9 outra quest\u00e3o\u201d.<\/p>\n\n\n\n<div class=\"wp-block-image\"><figure class=\"aligncenter size-large is-resized\"><img loading=\"lazy\" decoding=\"async\" src=\"https:\/\/jornalfatosenoticias.com.br\/wp-content\/uploads\/2023\/08\/ITH.jpeg\" alt=\"\" class=\"wp-image-44638\" width=\"304\" height=\"247\" srcset=\"https:\/\/jornalfatosenoticias.com.br\/wp-content\/uploads\/2023\/08\/ITH.jpeg 800w, https:\/\/jornalfatosenoticias.com.br\/wp-content\/uploads\/2023\/08\/ITH-300x244.jpeg 300w, https:\/\/jornalfatosenoticias.com.br\/wp-content\/uploads\/2023\/08\/ITH-768x624.jpeg 768w\" sizes=\"auto, (max-width: 304px) 100vw, 304px\" \/><\/figure><\/div>\n\n\n\n<p>O quadro atual, avalia, resultar\u00e1 em um aumento do d\u00e9ficit prim\u00e1rio, o que deve acelerar a d\u00edvida p\u00fablica, que, por sua vez, colocar\u00e1 mais press\u00e3o sobre os juros, levando a uma bola de neve que pode levar a uma perda de credibilidade da moeda \u201ccom consequ\u00eancias complicadas\u201d.<\/p>\n\n\n\n<div class=\"wp-block-image\"><figure class=\"aligncenter size-large\"><img loading=\"lazy\" decoding=\"async\" width=\"300\" height=\"250\" src=\"https:\/\/jornalfatosenoticias.com.br\/wp-content\/uploads\/2022\/02\/FERRARI_MAQUINAS-E-FERRAMENTAS2.jpg\" alt=\"\" class=\"wp-image-27860\"\/><\/figure><\/div>\n\n\n\n<blockquote class=\"wp-block-quote is-layout-flow wp-block-quote-is-layout-flow\"><p><span class=\"has-inline-color has-luminous-vivid-orange-color\">Para o ex-presidente do BC, o arcabou\u00e7o fiscal apresentado pelo ministro da Fazenda, Fernando Haddad, buscou apontar em uma dire\u00e7\u00e3o correta. \u201cMas o arcabou\u00e7o est\u00e1 fazendo \u00e1gua\u201d, lamentou.<\/span><\/p><\/blockquote>\n\n\n\n<div class=\"wp-block-image\"><figure class=\"aligncenter size-large is-resized\"><img loading=\"lazy\" decoding=\"async\" src=\"https:\/\/jornalfatosenoticias.com.br\/wp-content\/uploads\/2023\/12\/pegoretti-logo-pdf-1024x389.jpg\" alt=\"\" class=\"wp-image-47536\" width=\"438\" height=\"166\" srcset=\"https:\/\/jornalfatosenoticias.com.br\/wp-content\/uploads\/2023\/12\/pegoretti-logo-pdf-1024x389.jpg 1024w, https:\/\/jornalfatosenoticias.com.br\/wp-content\/uploads\/2023\/12\/pegoretti-logo-pdf-300x114.jpg 300w, https:\/\/jornalfatosenoticias.com.br\/wp-content\/uploads\/2023\/12\/pegoretti-logo-pdf-768x291.jpg 768w, https:\/\/jornalfatosenoticias.com.br\/wp-content\/uploads\/2023\/12\/pegoretti-logo-pdf.jpg 1120w\" sizes=\"auto, (max-width: 438px) 100vw, 438px\" \/><\/figure><\/div>\n\n\n\n<p>A situa\u00e7\u00e3o pode piorar a depender do nome que ser\u00e1 indicado pelo PT para o comando do BC ao fim do ano, quando Roberto Campos Neto deixa o cargo. \u201cSe quem entrar se meter a besta, a infla\u00e7\u00e3o come\u00e7ar a subir e o mercado perder a confian\u00e7a, vai ser um grande fiasco pol\u00edtico, inclusive, e r\u00e1pido\u201d, disse o economista.<\/p>\n\n\n\n<div class=\"wp-block-image\"><figure class=\"aligncenter size-large\"><img loading=\"lazy\" decoding=\"async\" width=\"300\" height=\"250\" src=\"https:\/\/jornalfatosenoticias.com.br\/wp-content\/uploads\/2020\/02\/Banner-2.png\" alt=\"\" class=\"wp-image-43787\"\/><\/figure><\/div>\n\n\n\n<blockquote class=\"wp-block-quote is-layout-flow wp-block-quote-is-layout-flow\"><p><span class=\"has-inline-color has-luminous-vivid-orange-color\">Esse discurso assim mais frouxo na pol\u00edtica monet\u00e1ria s\u00f3 atrapalha, porque fica a desconfian\u00e7a, e o custo aumenta. \u00c9 uma tristeza ver como a coisa est\u00e1 sendo conduzida, as press\u00f5es pol\u00edticas expl\u00edcitas, os ataques ao BC, a ideia de que responsabilidade fiscal \u00e9 uma grande maldade\u201d, disse.<\/span><\/p><\/blockquote>\n\n\n\n<div class=\"wp-block-image\"><figure class=\"aligncenter size-large is-resized\"><img loading=\"lazy\" decoding=\"async\" src=\"https:\/\/jornalfatosenoticias.com.br\/wp-content\/uploads\/2023\/03\/nova-logo-Marquetti.jpg\" alt=\"\" class=\"wp-image-40207\" width=\"319\" height=\"214\" srcset=\"https:\/\/jornalfatosenoticias.com.br\/wp-content\/uploads\/2023\/03\/nova-logo-Marquetti.jpg 643w, https:\/\/jornalfatosenoticias.com.br\/wp-content\/uploads\/2023\/03\/nova-logo-Marquetti-300x202.jpg 300w\" sizes=\"auto, (max-width: 319px) 100vw, 319px\" \/><\/figure><\/div>\n\n\n\n<p>Na entrevista, ele disse ainda considerar prematura uma discuss\u00e3o sobre a sucess\u00e3o presidencial de 2026, mas opinou que um fracasso do governo Lula poderia facilitar o surgimento de um nome alternativo aos campos do atual presidente e do ex-mandat\u00e1rio Jair Bolsonaro (PL).<\/p>\n\n\n\n<div class=\"wp-block-image\"><figure class=\"aligncenter size-large is-resized\"><img loading=\"lazy\" decoding=\"async\" src=\"https:\/\/jornalfatosenoticias.com.br\/wp-content\/uploads\/2023\/03\/logo-Panper_portal.jpg\" alt=\"\" class=\"wp-image-40208\" width=\"322\" height=\"223\" srcset=\"https:\/\/jornalfatosenoticias.com.br\/wp-content\/uploads\/2023\/03\/logo-Panper_portal.jpg 400w, https:\/\/jornalfatosenoticias.com.br\/wp-content\/uploads\/2023\/03\/logo-Panper_portal-300x208.jpg 300w\" sizes=\"auto, (max-width: 322px) 100vw, 322px\" \/><\/figure><\/div>\n\n\n\n<blockquote class=\"wp-block-quote is-layout-flow wp-block-quote-is-layout-flow\"><p><span class=\"has-inline-color has-luminous-vivid-orange-color\">Certamente adoraria ver uma terceira via, mas n\u00e3o sei de onde pode sair. Com Bolsonaro impedido, talvez saia do centr\u00e3o. Sobretudo com as dificuldades que o atual governo pode enfrentar. Abrir-se-ia um espa\u00e7o\u201d.<\/span><\/p><\/blockquote>\n\n\n\n<div class=\"wp-block-image\"><figure class=\"aligncenter size-large is-resized\"><img loading=\"lazy\" decoding=\"async\" src=\"https:\/\/jornalfatosenoticias.com.br\/wp-content\/uploads\/2023\/09\/vetorvix1024_1.jpg\" alt=\"\" class=\"wp-image-44868\" width=\"505\" height=\"134\" srcset=\"https:\/\/jornalfatosenoticias.com.br\/wp-content\/uploads\/2023\/09\/vetorvix1024_1.jpg 1024w, https:\/\/jornalfatosenoticias.com.br\/wp-content\/uploads\/2023\/09\/vetorvix1024_1-300x80.jpg 300w, https:\/\/jornalfatosenoticias.com.br\/wp-content\/uploads\/2023\/09\/vetorvix1024_1-768x205.jpg 768w\" sizes=\"auto, (max-width: 505px) 100vw, 505px\" \/><\/figure><\/div>\n\n\n\n<p><strong><em>Fonte: <a href=\"https:\/\/www.gazetadopovo.com.br\/economia\/lula-repete-velhos-erros-e-corre-risco-de-fiasco-politico-diz-arminio-fraga\/\">Gazeta do Povo<\/a><\/em><\/strong><\/p>\n","protected":false},"excerpt":{"rendered":"<p>Arm\u00ednio Fraga, ex-presidente do BC: \u201carcabou\u00e7o est\u00e1 fazendo \u00e1gua\u201d Por C\u00e9lio Yano Ex-presidente do Banco Central (BC), o economista Arm\u00ednio Fraga v\u00ea com pessimismo o governo de Luiz In\u00e1cio Lula da Silva (PT), a quem declarou apoio no segundo turno das elei\u00e7\u00f5es de 2022. Para ele, entre uma s\u00e9rie de erros que a atual gest\u00e3o [&hellip;]<\/p>\n","protected":false},"author":2,"featured_media":51687,"comment_status":"open","ping_status":"open","sticky":false,"template":"","format":"standard","meta":{"footnotes":""},"categories":[9],"tags":[489,8163,240,18155,860,4182,1795,7580,545,13186,15014],"class_list":["post-51686","post","type-post","status-publish","format-standard","has-post-thumbnail","hentry","category-economia","tag-banco-central","tag-contas-publicas","tag-economia","tag-fernando-haddad","tag-governo-federal","tag-inflacao","tag-jair-bolsonaro","tag-lula","tag-politica","tag-pt","tag-roberto-campos-neto"],"yoast_head":"<!-- This site is optimized with the Yoast SEO plugin v26.5 - https:\/\/yoast.com\/wordpress\/plugins\/seo\/ -->\n<title>Lula repete velhos erros e corre risco de fiasco pol\u00edtico, diz Arm\u00ednio Fraga - Jornal Fatos e Not\u00edcias<\/title>\n<meta name=\"robots\" content=\"index, follow, max-snippet:-1, max-image-preview:large, max-video-preview:-1\" \/>\n<link rel=\"canonical\" href=\"https:\/\/jornalfatosenoticias.com.br\/index.php\/2024\/06\/03\/lula-repete-velhos-erros-e-corre-risco-de-fiasco-politico-diz-arminio-fraga\/\" \/>\n<meta property=\"og:locale\" content=\"pt_BR\" \/>\n<meta property=\"og:type\" content=\"article\" \/>\n<meta property=\"og:title\" content=\"Lula repete velhos erros e corre risco de fiasco pol\u00edtico, diz Arm\u00ednio Fraga - Jornal Fatos e Not\u00edcias\" \/>\n<meta property=\"og:description\" content=\"Arm\u00ednio Fraga, ex-presidente do BC: \u201carcabou\u00e7o est\u00e1 fazendo \u00e1gua\u201d Por C\u00e9lio Yano Ex-presidente do Banco Central (BC), o economista Arm\u00ednio Fraga v\u00ea com pessimismo o governo de Luiz In\u00e1cio Lula da Silva (PT), a quem declarou apoio no segundo turno das elei\u00e7\u00f5es de 2022. Para ele, entre uma s\u00e9rie de erros que a atual gest\u00e3o [&hellip;]\" \/>\n<meta property=\"og:url\" content=\"https:\/\/jornalfatosenoticias.com.br\/index.php\/2024\/06\/03\/lula-repete-velhos-erros-e-corre-risco-de-fiasco-politico-diz-arminio-fraga\/\" \/>\n<meta property=\"og:site_name\" content=\"Jornal Fatos e Not\u00edcias\" \/>\n<meta property=\"article:published_time\" content=\"2024-06-03T19:01:56+00:00\" \/>\n<meta property=\"article:modified_time\" content=\"2024-06-03T19:02:02+00:00\" \/>\n<meta property=\"og:image\" content=\"https:\/\/jornalfatosenoticias.com.br\/wp-content\/uploads\/2024\/06\/Arminio-Fraga.jpg\" \/>\n\t<meta property=\"og:image:width\" content=\"900\" \/>\n\t<meta property=\"og:image:height\" content=\"507\" \/>\n\t<meta property=\"og:image:type\" content=\"image\/jpeg\" \/>\n<meta name=\"author\" content=\"Luzimara Fernandes\" \/>\n<meta name=\"twitter:card\" content=\"summary_large_image\" \/>\n<meta name=\"twitter:label1\" content=\"Escrito por\" \/>\n\t<meta name=\"twitter:data1\" content=\"Luzimara Fernandes\" \/>\n\t<meta name=\"twitter:label2\" content=\"Est. tempo de leitura\" \/>\n\t<meta name=\"twitter:data2\" content=\"3 minutos\" \/>\n<script type=\"application\/ld+json\" class=\"yoast-schema-graph\">{\"@context\":\"https:\/\/schema.org\",\"@graph\":[{\"@type\":\"Article\",\"@id\":\"https:\/\/jornalfatosenoticias.com.br\/index.php\/2024\/06\/03\/lula-repete-velhos-erros-e-corre-risco-de-fiasco-politico-diz-arminio-fraga\/#article\",\"isPartOf\":{\"@id\":\"https:\/\/jornalfatosenoticias.com.br\/index.php\/2024\/06\/03\/lula-repete-velhos-erros-e-corre-risco-de-fiasco-politico-diz-arminio-fraga\/\"},\"author\":{\"name\":\"Luzimara Fernandes\",\"@id\":\"https:\/\/jornalfatosenoticias.com.br\/#\/schema\/person\/d63837fa13ac8666eb9e74e0985d6f81\"},\"headline\":\"Lula repete velhos erros e corre risco de fiasco pol\u00edtico, diz Arm\u00ednio Fraga\",\"datePublished\":\"2024-06-03T19:01:56+00:00\",\"dateModified\":\"2024-06-03T19:02:02+00:00\",\"mainEntityOfPage\":{\"@id\":\"https:\/\/jornalfatosenoticias.com.br\/index.php\/2024\/06\/03\/lula-repete-velhos-erros-e-corre-risco-de-fiasco-politico-diz-arminio-fraga\/\"},\"wordCount\":532,\"commentCount\":0,\"publisher\":{\"@id\":\"https:\/\/jornalfatosenoticias.com.br\/#organization\"},\"image\":{\"@id\":\"https:\/\/jornalfatosenoticias.com.br\/index.php\/2024\/06\/03\/lula-repete-velhos-erros-e-corre-risco-de-fiasco-politico-diz-arminio-fraga\/#primaryimage\"},\"thumbnailUrl\":\"https:\/\/jornalfatosenoticias.com.br\/wp-content\/uploads\/2024\/06\/Arminio-Fraga.jpg\",\"keywords\":[\"Banco Central\",\"contas p\u00fablicas\",\"economia\",\"Fernando Haddad\",\"governo federal\",\"infla\u00e7\u00e3o\",\"Jair Bolsonaro\",\"Lula\",\"pol\u00edtica\",\"PT\",\"Roberto Campos Neto\"],\"articleSection\":[\"Economia\"],\"inLanguage\":\"pt-BR\",\"potentialAction\":[{\"@type\":\"CommentAction\",\"name\":\"Comment\",\"target\":[\"https:\/\/jornalfatosenoticias.com.br\/index.php\/2024\/06\/03\/lula-repete-velhos-erros-e-corre-risco-de-fiasco-politico-diz-arminio-fraga\/#respond\"]}]},{\"@type\":\"WebPage\",\"@id\":\"https:\/\/jornalfatosenoticias.com.br\/index.php\/2024\/06\/03\/lula-repete-velhos-erros-e-corre-risco-de-fiasco-politico-diz-arminio-fraga\/\",\"url\":\"https:\/\/jornalfatosenoticias.com.br\/index.php\/2024\/06\/03\/lula-repete-velhos-erros-e-corre-risco-de-fiasco-politico-diz-arminio-fraga\/\",\"name\":\"Lula repete velhos erros e corre risco de fiasco pol\u00edtico, diz Arm\u00ednio Fraga - Jornal Fatos e Not\u00edcias\",\"isPartOf\":{\"@id\":\"https:\/\/jornalfatosenoticias.com.br\/#website\"},\"primaryImageOfPage\":{\"@id\":\"https:\/\/jornalfatosenoticias.com.br\/index.php\/2024\/06\/03\/lula-repete-velhos-erros-e-corre-risco-de-fiasco-politico-diz-arminio-fraga\/#primaryimage\"},\"image\":{\"@id\":\"https:\/\/jornalfatosenoticias.com.br\/index.php\/2024\/06\/03\/lula-repete-velhos-erros-e-corre-risco-de-fiasco-politico-diz-arminio-fraga\/#primaryimage\"},\"thumbnailUrl\":\"https:\/\/jornalfatosenoticias.com.br\/wp-content\/uploads\/2024\/06\/Arminio-Fraga.jpg\",\"datePublished\":\"2024-06-03T19:01:56+00:00\",\"dateModified\":\"2024-06-03T19:02:02+00:00\",\"breadcrumb\":{\"@id\":\"https:\/\/jornalfatosenoticias.com.br\/index.php\/2024\/06\/03\/lula-repete-velhos-erros-e-corre-risco-de-fiasco-politico-diz-arminio-fraga\/#breadcrumb\"},\"inLanguage\":\"pt-BR\",\"potentialAction\":[{\"@type\":\"ReadAction\",\"target\":[\"https:\/\/jornalfatosenoticias.com.br\/index.php\/2024\/06\/03\/lula-repete-velhos-erros-e-corre-risco-de-fiasco-politico-diz-arminio-fraga\/\"]}]},{\"@type\":\"ImageObject\",\"inLanguage\":\"pt-BR\",\"@id\":\"https:\/\/jornalfatosenoticias.com.br\/index.php\/2024\/06\/03\/lula-repete-velhos-erros-e-corre-risco-de-fiasco-politico-diz-arminio-fraga\/#primaryimage\",\"url\":\"https:\/\/jornalfatosenoticias.com.br\/wp-content\/uploads\/2024\/06\/Arminio-Fraga.jpg\",\"contentUrl\":\"https:\/\/jornalfatosenoticias.com.br\/wp-content\/uploads\/2024\/06\/Arminio-Fraga.jpg\",\"width\":900,\"height\":507},{\"@type\":\"BreadcrumbList\",\"@id\":\"https:\/\/jornalfatosenoticias.com.br\/index.php\/2024\/06\/03\/lula-repete-velhos-erros-e-corre-risco-de-fiasco-politico-diz-arminio-fraga\/#breadcrumb\",\"itemListElement\":[{\"@type\":\"ListItem\",\"position\":1,\"name\":\"In\u00edcio\",\"item\":\"https:\/\/jornalfatosenoticias.com.br\/\"},{\"@type\":\"ListItem\",\"position\":2,\"name\":\"Lula repete velhos erros e corre risco de fiasco pol\u00edtico, diz Arm\u00ednio Fraga\"}]},{\"@type\":\"WebSite\",\"@id\":\"https:\/\/jornalfatosenoticias.com.br\/#website\",\"url\":\"https:\/\/jornalfatosenoticias.com.br\/\",\"name\":\"Jornal Fatos e Not\u00edcias\",\"description\":\"Not\u00edcias em geral\",\"publisher\":{\"@id\":\"https:\/\/jornalfatosenoticias.com.br\/#organization\"},\"potentialAction\":[{\"@type\":\"SearchAction\",\"target\":{\"@type\":\"EntryPoint\",\"urlTemplate\":\"https:\/\/jornalfatosenoticias.com.br\/?s={search_term_string}\"},\"query-input\":{\"@type\":\"PropertyValueSpecification\",\"valueRequired\":true,\"valueName\":\"search_term_string\"}}],\"inLanguage\":\"pt-BR\"},{\"@type\":\"Organization\",\"@id\":\"https:\/\/jornalfatosenoticias.com.br\/#organization\",\"name\":\"Jornal Fatos e Not\u00edcias\",\"url\":\"https:\/\/jornalfatosenoticias.com.br\/\",\"logo\":{\"@type\":\"ImageObject\",\"inLanguage\":\"pt-BR\",\"@id\":\"https:\/\/jornalfatosenoticias.com.br\/#\/schema\/logo\/image\/\",\"url\":\"https:\/\/jornalfatosenoticias.com.br\/wp-content\/uploads\/2020\/02\/logo120.png\",\"contentUrl\":\"https:\/\/jornalfatosenoticias.com.br\/wp-content\/uploads\/2020\/02\/logo120.png\",\"width\":1227,\"height\":120,\"caption\":\"Jornal Fatos e Not\u00edcias\"},\"image\":{\"@id\":\"https:\/\/jornalfatosenoticias.com.br\/#\/schema\/logo\/image\/\"}},{\"@type\":\"Person\",\"@id\":\"https:\/\/jornalfatosenoticias.com.br\/#\/schema\/person\/d63837fa13ac8666eb9e74e0985d6f81\",\"name\":\"Luzimara Fernandes\",\"image\":{\"@type\":\"ImageObject\",\"inLanguage\":\"pt-BR\",\"@id\":\"https:\/\/jornalfatosenoticias.com.br\/#\/schema\/person\/image\/\",\"url\":\"https:\/\/jornalfatosenoticias.com.br\/wp-content\/uploads\/2025\/05\/EU_portal.jpg\",\"contentUrl\":\"https:\/\/jornalfatosenoticias.com.br\/wp-content\/uploads\/2025\/05\/EU_portal.jpg\",\"caption\":\"Luzimara Fernandes\"},\"description\":\"Jornalista MTB 2358-ES\",\"sameAs\":[\"https:\/\/jornalfatosenoticias.com.br\"],\"url\":\"https:\/\/jornalfatosenoticias.com.br\/index.php\/author\/luzimara\/\"}]}<\/script>\n<!-- \/ Yoast SEO plugin. -->","yoast_head_json":{"title":"Lula repete velhos erros e corre risco de fiasco pol\u00edtico, diz Arm\u00ednio Fraga - Jornal Fatos e Not\u00edcias","robots":{"index":"index","follow":"follow","max-snippet":"max-snippet:-1","max-image-preview":"max-image-preview:large","max-video-preview":"max-video-preview:-1"},"canonical":"https:\/\/jornalfatosenoticias.com.br\/index.php\/2024\/06\/03\/lula-repete-velhos-erros-e-corre-risco-de-fiasco-politico-diz-arminio-fraga\/","og_locale":"pt_BR","og_type":"article","og_title":"Lula repete velhos erros e corre risco de fiasco pol\u00edtico, diz Arm\u00ednio Fraga - Jornal Fatos e Not\u00edcias","og_description":"Arm\u00ednio Fraga, ex-presidente do BC: \u201carcabou\u00e7o est\u00e1 fazendo \u00e1gua\u201d Por C\u00e9lio Yano Ex-presidente do Banco Central (BC), o economista Arm\u00ednio Fraga v\u00ea com pessimismo o governo de Luiz In\u00e1cio Lula da Silva (PT), a quem declarou apoio no segundo turno das elei\u00e7\u00f5es de 2022. Para ele, entre uma s\u00e9rie de erros que a atual gest\u00e3o [&hellip;]","og_url":"https:\/\/jornalfatosenoticias.com.br\/index.php\/2024\/06\/03\/lula-repete-velhos-erros-e-corre-risco-de-fiasco-politico-diz-arminio-fraga\/","og_site_name":"Jornal Fatos e Not\u00edcias","article_published_time":"2024-06-03T19:01:56+00:00","article_modified_time":"2024-06-03T19:02:02+00:00","og_image":[{"width":900,"height":507,"url":"https:\/\/jornalfatosenoticias.com.br\/wp-content\/uploads\/2024\/06\/Arminio-Fraga.jpg","type":"image\/jpeg"}],"author":"Luzimara Fernandes","twitter_card":"summary_large_image","twitter_misc":{"Escrito por":"Luzimara Fernandes","Est. tempo de leitura":"3 minutos"},"schema":{"@context":"https:\/\/schema.org","@graph":[{"@type":"Article","@id":"https:\/\/jornalfatosenoticias.com.br\/index.php\/2024\/06\/03\/lula-repete-velhos-erros-e-corre-risco-de-fiasco-politico-diz-arminio-fraga\/#article","isPartOf":{"@id":"https:\/\/jornalfatosenoticias.com.br\/index.php\/2024\/06\/03\/lula-repete-velhos-erros-e-corre-risco-de-fiasco-politico-diz-arminio-fraga\/"},"author":{"name":"Luzimara Fernandes","@id":"https:\/\/jornalfatosenoticias.com.br\/#\/schema\/person\/d63837fa13ac8666eb9e74e0985d6f81"},"headline":"Lula repete velhos erros e corre risco de fiasco pol\u00edtico, diz Arm\u00ednio Fraga","datePublished":"2024-06-03T19:01:56+00:00","dateModified":"2024-06-03T19:02:02+00:00","mainEntityOfPage":{"@id":"https:\/\/jornalfatosenoticias.com.br\/index.php\/2024\/06\/03\/lula-repete-velhos-erros-e-corre-risco-de-fiasco-politico-diz-arminio-fraga\/"},"wordCount":532,"commentCount":0,"publisher":{"@id":"https:\/\/jornalfatosenoticias.com.br\/#organization"},"image":{"@id":"https:\/\/jornalfatosenoticias.com.br\/index.php\/2024\/06\/03\/lula-repete-velhos-erros-e-corre-risco-de-fiasco-politico-diz-arminio-fraga\/#primaryimage"},"thumbnailUrl":"https:\/\/jornalfatosenoticias.com.br\/wp-content\/uploads\/2024\/06\/Arminio-Fraga.jpg","keywords":["Banco Central","contas p\u00fablicas","economia","Fernando Haddad","governo federal","infla\u00e7\u00e3o","Jair Bolsonaro","Lula","pol\u00edtica","PT","Roberto Campos Neto"],"articleSection":["Economia"],"inLanguage":"pt-BR","potentialAction":[{"@type":"CommentAction","name":"Comment","target":["https:\/\/jornalfatosenoticias.com.br\/index.php\/2024\/06\/03\/lula-repete-velhos-erros-e-corre-risco-de-fiasco-politico-diz-arminio-fraga\/#respond"]}]},{"@type":"WebPage","@id":"https:\/\/jornalfatosenoticias.com.br\/index.php\/2024\/06\/03\/lula-repete-velhos-erros-e-corre-risco-de-fiasco-politico-diz-arminio-fraga\/","url":"https:\/\/jornalfatosenoticias.com.br\/index.php\/2024\/06\/03\/lula-repete-velhos-erros-e-corre-risco-de-fiasco-politico-diz-arminio-fraga\/","name":"Lula repete velhos erros e corre risco de fiasco pol\u00edtico, diz Arm\u00ednio Fraga - Jornal Fatos e Not\u00edcias","isPartOf":{"@id":"https:\/\/jornalfatosenoticias.com.br\/#website"},"primaryImageOfPage":{"@id":"https:\/\/jornalfatosenoticias.com.br\/index.php\/2024\/06\/03\/lula-repete-velhos-erros-e-corre-risco-de-fiasco-politico-diz-arminio-fraga\/#primaryimage"},"image":{"@id":"https:\/\/jornalfatosenoticias.com.br\/index.php\/2024\/06\/03\/lula-repete-velhos-erros-e-corre-risco-de-fiasco-politico-diz-arminio-fraga\/#primaryimage"},"thumbnailUrl":"https:\/\/jornalfatosenoticias.com.br\/wp-content\/uploads\/2024\/06\/Arminio-Fraga.jpg","datePublished":"2024-06-03T19:01:56+00:00","dateModified":"2024-06-03T19:02:02+00:00","breadcrumb":{"@id":"https:\/\/jornalfatosenoticias.com.br\/index.php\/2024\/06\/03\/lula-repete-velhos-erros-e-corre-risco-de-fiasco-politico-diz-arminio-fraga\/#breadcrumb"},"inLanguage":"pt-BR","potentialAction":[{"@type":"ReadAction","target":["https:\/\/jornalfatosenoticias.com.br\/index.php\/2024\/06\/03\/lula-repete-velhos-erros-e-corre-risco-de-fiasco-politico-diz-arminio-fraga\/"]}]},{"@type":"ImageObject","inLanguage":"pt-BR","@id":"https:\/\/jornalfatosenoticias.com.br\/index.php\/2024\/06\/03\/lula-repete-velhos-erros-e-corre-risco-de-fiasco-politico-diz-arminio-fraga\/#primaryimage","url":"https:\/\/jornalfatosenoticias.com.br\/wp-content\/uploads\/2024\/06\/Arminio-Fraga.jpg","contentUrl":"https:\/\/jornalfatosenoticias.com.br\/wp-content\/uploads\/2024\/06\/Arminio-Fraga.jpg","width":900,"height":507},{"@type":"BreadcrumbList","@id":"https:\/\/jornalfatosenoticias.com.br\/index.php\/2024\/06\/03\/lula-repete-velhos-erros-e-corre-risco-de-fiasco-politico-diz-arminio-fraga\/#breadcrumb","itemListElement":[{"@type":"ListItem","position":1,"name":"In\u00edcio","item":"https:\/\/jornalfatosenoticias.com.br\/"},{"@type":"ListItem","position":2,"name":"Lula repete velhos erros e corre risco de fiasco pol\u00edtico, diz Arm\u00ednio Fraga"}]},{"@type":"WebSite","@id":"https:\/\/jornalfatosenoticias.com.br\/#website","url":"https:\/\/jornalfatosenoticias.com.br\/","name":"Jornal Fatos e Not\u00edcias","description":"Not\u00edcias em geral","publisher":{"@id":"https:\/\/jornalfatosenoticias.com.br\/#organization"},"potentialAction":[{"@type":"SearchAction","target":{"@type":"EntryPoint","urlTemplate":"https:\/\/jornalfatosenoticias.com.br\/?s={search_term_string}"},"query-input":{"@type":"PropertyValueSpecification","valueRequired":true,"valueName":"search_term_string"}}],"inLanguage":"pt-BR"},{"@type":"Organization","@id":"https:\/\/jornalfatosenoticias.com.br\/#organization","name":"Jornal Fatos e Not\u00edcias","url":"https:\/\/jornalfatosenoticias.com.br\/","logo":{"@type":"ImageObject","inLanguage":"pt-BR","@id":"https:\/\/jornalfatosenoticias.com.br\/#\/schema\/logo\/image\/","url":"https:\/\/jornalfatosenoticias.com.br\/wp-content\/uploads\/2020\/02\/logo120.png","contentUrl":"https:\/\/jornalfatosenoticias.com.br\/wp-content\/uploads\/2020\/02\/logo120.png","width":1227,"height":120,"caption":"Jornal Fatos e Not\u00edcias"},"image":{"@id":"https:\/\/jornalfatosenoticias.com.br\/#\/schema\/logo\/image\/"}},{"@type":"Person","@id":"https:\/\/jornalfatosenoticias.com.br\/#\/schema\/person\/d63837fa13ac8666eb9e74e0985d6f81","name":"Luzimara Fernandes","image":{"@type":"ImageObject","inLanguage":"pt-BR","@id":"https:\/\/jornalfatosenoticias.com.br\/#\/schema\/person\/image\/","url":"https:\/\/jornalfatosenoticias.com.br\/wp-content\/uploads\/2025\/05\/EU_portal.jpg","contentUrl":"https:\/\/jornalfatosenoticias.com.br\/wp-content\/uploads\/2025\/05\/EU_portal.jpg","caption":"Luzimara Fernandes"},"description":"Jornalista MTB 2358-ES","sameAs":["https:\/\/jornalfatosenoticias.com.br"],"url":"https:\/\/jornalfatosenoticias.com.br\/index.php\/author\/luzimara\/"}]}},"cc_featured_image_caption":{"caption_text":"(Foto: Jos\u00e9 Cruz\/Ag\u00eancia Brasil)","source_text":"","source_url":""},"jetpack_featured_media_url":"https:\/\/jornalfatosenoticias.com.br\/wp-content\/uploads\/2024\/06\/Arminio-Fraga.jpg","_links":{"self":[{"href":"https:\/\/jornalfatosenoticias.com.br\/index.php\/wp-json\/wp\/v2\/posts\/51686","targetHints":{"allow":["GET"]}}],"collection":[{"href":"https:\/\/jornalfatosenoticias.com.br\/index.php\/wp-json\/wp\/v2\/posts"}],"about":[{"href":"https:\/\/jornalfatosenoticias.com.br\/index.php\/wp-json\/wp\/v2\/types\/post"}],"author":[{"embeddable":true,"href":"https:\/\/jornalfatosenoticias.com.br\/index.php\/wp-json\/wp\/v2\/users\/2"}],"replies":[{"embeddable":true,"href":"https:\/\/jornalfatosenoticias.com.br\/index.php\/wp-json\/wp\/v2\/comments?post=51686"}],"version-history":[{"count":0,"href":"https:\/\/jornalfatosenoticias.com.br\/index.php\/wp-json\/wp\/v2\/posts\/51686\/revisions"}],"wp:featuredmedia":[{"embeddable":true,"href":"https:\/\/jornalfatosenoticias.com.br\/index.php\/wp-json\/wp\/v2\/media\/51687"}],"wp:attachment":[{"href":"https:\/\/jornalfatosenoticias.com.br\/index.php\/wp-json\/wp\/v2\/media?parent=51686"}],"wp:term":[{"taxonomy":"category","embeddable":true,"href":"https:\/\/jornalfatosenoticias.com.br\/index.php\/wp-json\/wp\/v2\/categories?post=51686"},{"taxonomy":"post_tag","embeddable":true,"href":"https:\/\/jornalfatosenoticias.com.br\/index.php\/wp-json\/wp\/v2\/tags?post=51686"}],"curies":[{"name":"wp","href":"https:\/\/api.w.org\/{rel}","templated":true}]}}