{"id":51697,"date":"2024-06-04T09:42:28","date_gmt":"2024-06-04T12:42:28","guid":{"rendered":"https:\/\/jornalfatosenoticias.com.br\/?p=51697"},"modified":"2024-06-04T09:42:29","modified_gmt":"2024-06-04T12:42:29","slug":"nayib-bukele-toma-posse-para-segundo-mandato-consecutivo-em-el-salvador","status":"publish","type":"post","link":"https:\/\/jornalfatosenoticias.com.br\/index.php\/2024\/06\/04\/nayib-bukele-toma-posse-para-segundo-mandato-consecutivo-em-el-salvador\/","title":{"rendered":"Nayib Bukele toma posse para segundo mandato consecutivo em El Salvador"},"content":{"rendered":"\n<p><em><span class=\"has-inline-color has-black-color\">O presidente de El Salvador, Nayib Bukele, e a primeira-dama Gabriela de Bukele acenam ao p\u00fablico ap\u00f3s cerim\u00f4nia de posse<\/span><\/em><\/p>\n\n\n\n<div class=\"wp-block-image\"><figure class=\"aligncenter size-large\"><img loading=\"lazy\" decoding=\"async\" width=\"1024\" height=\"111\" src=\"https:\/\/jornalfatosenoticias.com.br\/wp-content\/uploads\/2020\/02\/WhatsApp-Image-2022-09-23-at-12.09.18-1024x111.jpeg\" alt=\"\" class=\"wp-image-34527\" srcset=\"https:\/\/jornalfatosenoticias.com.br\/wp-content\/uploads\/2020\/02\/WhatsApp-Image-2022-09-23-at-12.09.18-1024x111.jpeg 1024w, https:\/\/jornalfatosenoticias.com.br\/wp-content\/uploads\/2020\/02\/WhatsApp-Image-2022-09-23-at-12.09.18-300x32.jpeg 300w, https:\/\/jornalfatosenoticias.com.br\/wp-content\/uploads\/2020\/02\/WhatsApp-Image-2022-09-23-at-12.09.18-768x83.jpeg 768w, https:\/\/jornalfatosenoticias.com.br\/wp-content\/uploads\/2020\/02\/WhatsApp-Image-2022-09-23-at-12.09.18.jpeg 1121w\" sizes=\"auto, (max-width: 1024px) 100vw, 1024px\" \/><\/figure><\/div>\n\n\n\n<p>O presidente de El Salvador, <strong><a href=\"https:\/\/www.gazetadopovo.com.br\/tudo-sobre\/nayib-bukele\/?ref=link-interno-materia\">Nayib Bukele<\/a><\/strong>, tomou posse no \u00faltimo s\u00e1bado (1\u00ba) pelo Congresso do pa\u00eds para um segundo mandato consecutivo, no per\u00edodo entre 2024 e 2029, com um amplo apoio popular e queixas sobre a situa\u00e7\u00e3o econ\u00f4mica do pa\u00eds.<br>\u201cSim, eu juro\u201d, respondeu Bukele ao juramento de posse entoado pelo l\u00edder da Assembleia Legislativa, Ernesto Castro, que lhe passou a faixa presidencial nas instala\u00e7\u00f5es do centen\u00e1rio Pal\u00e1cio Nacional, em um evento privado, sem acesso ao p\u00fablico, transmitido em rede nacional e no qual estiveram presentes o rei da Espanha, Felipe VI, e o presidente da Argentina, <strong><a href=\"https:\/\/www.gazetadopovo.com.br\/tudo-sobre\/javier-milei\/?ref=link-interno-materia\">Javier Milei<\/a><\/strong>, entre outros l\u00edderes.<\/p>\n\n\n\n<div class=\"wp-block-image\"><figure class=\"aligncenter size-large is-resized\"><img loading=\"lazy\" decoding=\"async\" src=\"https:\/\/jornalfatosenoticias.com.br\/wp-content\/uploads\/2022\/02\/Precisao-Contabilidade-1024x724.jpg\" alt=\"\" class=\"wp-image-28088\" width=\"321\" height=\"227\"\/><\/figure><\/div>\n\n\n\n<p>Do lado de fora, na Plaza Capit\u00e1n General Gerardo Barrios, centenas de pessoas, incluindo convidados especiais de diversos setores do pa\u00eds e internacionais, apoiadores de Bukele e do partido governista Novas Ideias (NI), aguardavam o discurso de Bukele ap\u00f3s a posse. Ele tornou-se o primeiro presidente da era democr\u00e1tica de El Salvador a ser eleito para um segundo mandato consecutivo, ap\u00f3s d\u00e9cadas de ditadura militar e uma guerra civil de 12 anos (1980-1992).<\/p>\n\n\n\n<div class=\"wp-block-image\"><figure class=\"aligncenter size-large is-resized\"><img loading=\"lazy\" decoding=\"async\" src=\"https:\/\/jornalfatosenoticias.com.br\/wp-content\/uploads\/2023\/03\/nova-logo-Marquetti.jpg\" alt=\"\" class=\"wp-image-40207\" width=\"304\" height=\"204\" srcset=\"https:\/\/jornalfatosenoticias.com.br\/wp-content\/uploads\/2023\/03\/nova-logo-Marquetti.jpg 643w, https:\/\/jornalfatosenoticias.com.br\/wp-content\/uploads\/2023\/03\/nova-logo-Marquetti-300x202.jpg 300w\" sizes=\"auto, (max-width: 304px) 100vw, 304px\" \/><\/figure><\/div>\n\n\n\n<p>Participaram tamb\u00e9m da cerim\u00f4nia de posse a presidente de Honduras, Xiomara Castro; seus hom\u00f3logos da Costa Rica, Rodrigo Chaves; do Paraguai, Santiago Pe\u00f1a; e do Equador, Daniel Noboa; bem como o primeiro-ministro de Belize, John Brice\u00f1o. Uma delega\u00e7\u00e3o do Departamento de Seguran\u00e7a Nacional dos Estados Unidos, liderada por Alejandro Mayorka, tamb\u00e9m participou da cerim\u00f4nia.<\/p>\n\n\n\n<div class=\"wp-block-image\"><figure class=\"aligncenter size-large is-resized\"><img loading=\"lazy\" decoding=\"async\" src=\"https:\/\/jornalfatosenoticias.com.br\/wp-content\/uploads\/2023\/08\/BKR-1024x1021.jpg\" alt=\"\" class=\"wp-image-44494\" width=\"291\" height=\"290\" srcset=\"https:\/\/jornalfatosenoticias.com.br\/wp-content\/uploads\/2023\/08\/BKR-1024x1021.jpg 1024w, https:\/\/jornalfatosenoticias.com.br\/wp-content\/uploads\/2023\/08\/BKR-300x300.jpg 300w, https:\/\/jornalfatosenoticias.com.br\/wp-content\/uploads\/2023\/08\/BKR-150x150.jpg 150w, https:\/\/jornalfatosenoticias.com.br\/wp-content\/uploads\/2023\/08\/BKR-768x766.jpg 768w, https:\/\/jornalfatosenoticias.com.br\/wp-content\/uploads\/2023\/08\/BKR.jpg 1080w\" sizes=\"auto, (max-width: 291px) 100vw, 291px\" \/><\/figure><\/div>\n\n\n\n<p>Momentos antes da posse, o Congresso \u2014 com ampla maioria pr\u00f3-governo \u2014 iniciou uma sess\u00e3o plen\u00e1ria extraordin\u00e1ria nas instala\u00e7\u00f5es do Teatro Nacional e depois transferiu-a para o Pal\u00e1cio Nacional. Bukele, que em breve completar\u00e1 43 anos e \u00e9 empres\u00e1rio do setor publicit\u00e1rio, venceu as elei\u00e7\u00f5es de 4 de fevereiro com mais de 85% dos votos v\u00e1lidos, apesar de a Constitui\u00e7\u00e3o proibir a reelei\u00e7\u00e3o imediata. Sua participa\u00e7\u00e3o nessas elei\u00e7\u00f5es foi poss\u00edvel depois de a C\u00e2mara Constitucional do Supremo Tribunal de Justi\u00e7a, eleita pela legislatura 2021-2024, ter emitido um documento no qual foram alterados os crit\u00e9rios de interpreta\u00e7\u00e3o da Constitui\u00e7\u00e3o. <\/p>\n\n\n\n<div class=\"wp-block-image\"><figure class=\"aligncenter size-large is-resized\"><img loading=\"lazy\" decoding=\"async\" src=\"https:\/\/jornalfatosenoticias.com.br\/wp-content\/uploads\/2020\/02\/logo-Rapuzel-1024x571.jpg\" alt=\"\" class=\"wp-image-42808\" width=\"357\" height=\"199\" srcset=\"https:\/\/jornalfatosenoticias.com.br\/wp-content\/uploads\/2020\/02\/logo-Rapuzel-1024x571.jpg 1024w, https:\/\/jornalfatosenoticias.com.br\/wp-content\/uploads\/2020\/02\/logo-Rapuzel-300x167.jpg 300w, https:\/\/jornalfatosenoticias.com.br\/wp-content\/uploads\/2020\/02\/logo-Rapuzel-768x428.jpg 768w, https:\/\/jornalfatosenoticias.com.br\/wp-content\/uploads\/2020\/02\/logo-Rapuzel-1536x856.jpg 1536w, https:\/\/jornalfatosenoticias.com.br\/wp-content\/uploads\/2020\/02\/logo-Rapuzel.jpg 1600w\" sizes=\"auto, (max-width: 357px) 100vw, 357px\" \/><\/figure><\/div>\n\n\n\n<p>De acordo com esta resolu\u00e7\u00e3o, que segundo alguns especialistas n\u00e3o tem efeitos gerais, Bukele n\u00e3o deveria ter que esperar 10 anos para buscar a reelei\u00e7\u00e3o. O \u00faltimo presidente salvadorenho a ser reeleito para um segundo mandato consecutivo foi o ditador e general Maximiliano Hern\u00e1ndez Mart\u00ednez, que governou entre 1931 e 1944, e deixou o poder ap\u00f3s uma greve geral.<\/p>\n\n\n\n<div class=\"wp-block-image\"><figure class=\"aligncenter size-large\"><img decoding=\"async\" src=\"https:\/\/jornalfatosenoticias.com.br\/wp-content\/uploads\/2020\/02\/barao-das-carnes-300x164-1.jpg\" alt=\"\" class=\"wp-image-34339\"\/><\/figure><\/div>\n\n\n\n<h3 class=\"wp-block-heading\"><span class=\"has-inline-color has-black-color\">Ap\u00f3s &#8216;c\u00e2ncer das gangues&#8217;, presidente de El Salvador promete &#8216;rem\u00e9dio&#8217; para economia<\/span><\/h3>\n\n\n\n<p>&#8220;A sociedade salvadorenha ainda est\u00e1 doente, mas n\u00e3o tem mais c\u00e2ncer&#8221;, disse Bukele \u00e0 multid\u00e3o na varanda do Pal\u00e1cio Nacional, na capital, San Salvador. O c\u00e2ncer referia-se a gangues criminosas que outrora fizeram do pa\u00eds um dos mais perigosos do mundo para se viver, mas que foram controladas por pris\u00f5es em massa durante a sua lideran\u00e7a.<\/p>\n\n\n\n<div class=\"wp-block-image\"><figure class=\"aligncenter size-large is-resized\"><img loading=\"lazy\" decoding=\"async\" src=\"https:\/\/jornalfatosenoticias.com.br\/wp-content\/uploads\/2020\/02\/logo_esteio.jpg\" alt=\"\" class=\"wp-image-1214\" width=\"352\" height=\"293\"\/><\/figure><\/div>\n\n\n\n<blockquote class=\"wp-block-quote is-layout-flow wp-block-quote-is-layout-flow\"><p><span class=\"has-inline-color has-luminous-vivid-orange-color\">Agora que resolvemos o que \u00e9 mais urgente, que era a seguran\u00e7a, vamos concentrar-nos nos problemas importantes, come\u00e7ando pela economia&#8221;, disse o presidente que enfrenta novos desafios para rejuvenescer uma economia estagnada e combater a pobreza. Bukele acrescentou que sua &#8220;receita est\u00e1 funcionando&#8221;.<\/span><\/p><\/blockquote>\n\n\n\n<p><strong><em>Fonte: <a href=\"https:\/\/www.gazetadopovo.com.br\/mundo\/nayib-bukele-posse-segundo-mandato-el-salvador\/\">Gazeta do Povo<\/a><\/em><\/strong><\/p>\n","protected":false},"excerpt":{"rendered":"<p>O presidente de El Salvador, Nayib Bukele, e a primeira-dama Gabriela de Bukele acenam ao p\u00fablico ap\u00f3s cerim\u00f4nia de posse O presidente de El Salvador, Nayib Bukele, tomou posse no \u00faltimo s\u00e1bado (1\u00ba) pelo Congresso do pa\u00eds para um segundo mandato consecutivo, no per\u00edodo entre 2024 e 2029, com um amplo apoio popular e queixas [&hellip;]<\/p>\n","protected":false},"author":2,"featured_media":51698,"comment_status":"open","ping_status":"open","sticky":false,"template":"","format":"standard","meta":{"footnotes":""},"categories":[41],"tags":[335,5995,20904,22984,18616,20905],"class_list":["post-51697","post","type-post","status-publish","format-standard","has-post-thumbnail","hentry","category-internacional","tag-america-central","tag-argentina","tag-el-salvador","tag-eleicoes-eua","tag-javier-milei","tag-nayib-bukele"],"yoast_head":"<!-- This site is optimized with the Yoast SEO plugin v26.5 - https:\/\/yoast.com\/wordpress\/plugins\/seo\/ -->\n<title>Nayib Bukele toma posse para segundo mandato consecutivo em El Salvador - Jornal Fatos e Not\u00edcias<\/title>\n<meta name=\"robots\" content=\"index, follow, max-snippet:-1, max-image-preview:large, max-video-preview:-1\" \/>\n<link rel=\"canonical\" href=\"https:\/\/jornalfatosenoticias.com.br\/index.php\/2024\/06\/04\/nayib-bukele-toma-posse-para-segundo-mandato-consecutivo-em-el-salvador\/\" \/>\n<meta property=\"og:locale\" content=\"pt_BR\" \/>\n<meta property=\"og:type\" content=\"article\" \/>\n<meta property=\"og:title\" content=\"Nayib Bukele toma posse para segundo mandato consecutivo em El Salvador - Jornal Fatos e Not\u00edcias\" \/>\n<meta property=\"og:description\" content=\"O presidente de El Salvador, Nayib Bukele, e a primeira-dama Gabriela de Bukele acenam ao p\u00fablico ap\u00f3s cerim\u00f4nia de posse O presidente de El Salvador, Nayib Bukele, tomou posse no \u00faltimo s\u00e1bado (1\u00ba) pelo Congresso do pa\u00eds para um segundo mandato consecutivo, no per\u00edodo entre 2024 e 2029, com um amplo apoio popular e queixas [&hellip;]\" \/>\n<meta property=\"og:url\" content=\"https:\/\/jornalfatosenoticias.com.br\/index.php\/2024\/06\/04\/nayib-bukele-toma-posse-para-segundo-mandato-consecutivo-em-el-salvador\/\" \/>\n<meta property=\"og:site_name\" content=\"Jornal Fatos e Not\u00edcias\" \/>\n<meta property=\"article:published_time\" content=\"2024-06-04T12:42:28+00:00\" \/>\n<meta property=\"article:modified_time\" content=\"2024-06-04T12:42:29+00:00\" \/>\n<meta property=\"og:image\" content=\"https:\/\/jornalfatosenoticias.com.br\/wp-content\/uploads\/2024\/06\/Nayib-Bukele-posse.jpg\" \/>\n\t<meta property=\"og:image:width\" content=\"960\" \/>\n\t<meta property=\"og:image:height\" content=\"540\" \/>\n\t<meta property=\"og:image:type\" content=\"image\/jpeg\" \/>\n<meta name=\"author\" content=\"Luzimara Fernandes\" \/>\n<meta name=\"twitter:card\" content=\"summary_large_image\" \/>\n<meta name=\"twitter:label1\" content=\"Escrito por\" \/>\n\t<meta name=\"twitter:data1\" content=\"Luzimara Fernandes\" \/>\n\t<meta name=\"twitter:label2\" content=\"Est. tempo de leitura\" \/>\n\t<meta name=\"twitter:data2\" content=\"3 minutos\" \/>\n<script type=\"application\/ld+json\" class=\"yoast-schema-graph\">{\"@context\":\"https:\/\/schema.org\",\"@graph\":[{\"@type\":\"Article\",\"@id\":\"https:\/\/jornalfatosenoticias.com.br\/index.php\/2024\/06\/04\/nayib-bukele-toma-posse-para-segundo-mandato-consecutivo-em-el-salvador\/#article\",\"isPartOf\":{\"@id\":\"https:\/\/jornalfatosenoticias.com.br\/index.php\/2024\/06\/04\/nayib-bukele-toma-posse-para-segundo-mandato-consecutivo-em-el-salvador\/\"},\"author\":{\"name\":\"Luzimara Fernandes\",\"@id\":\"https:\/\/jornalfatosenoticias.com.br\/#\/schema\/person\/d63837fa13ac8666eb9e74e0985d6f81\"},\"headline\":\"Nayib Bukele toma posse para segundo mandato consecutivo em El Salvador\",\"datePublished\":\"2024-06-04T12:42:28+00:00\",\"dateModified\":\"2024-06-04T12:42:29+00:00\",\"mainEntityOfPage\":{\"@id\":\"https:\/\/jornalfatosenoticias.com.br\/index.php\/2024\/06\/04\/nayib-bukele-toma-posse-para-segundo-mandato-consecutivo-em-el-salvador\/\"},\"wordCount\":588,\"commentCount\":0,\"publisher\":{\"@id\":\"https:\/\/jornalfatosenoticias.com.br\/#organization\"},\"image\":{\"@id\":\"https:\/\/jornalfatosenoticias.com.br\/index.php\/2024\/06\/04\/nayib-bukele-toma-posse-para-segundo-mandato-consecutivo-em-el-salvador\/#primaryimage\"},\"thumbnailUrl\":\"https:\/\/jornalfatosenoticias.com.br\/wp-content\/uploads\/2024\/06\/Nayib-Bukele-posse.jpg\",\"keywords\":[\"Am\u00e9rica Central\",\"Argentina\",\"El Salvador\",\"elei\u00e7\u00f5es EUA\",\"Javier Milei\",\"Nayib Bukele\"],\"articleSection\":[\"Internacional\"],\"inLanguage\":\"pt-BR\",\"potentialAction\":[{\"@type\":\"CommentAction\",\"name\":\"Comment\",\"target\":[\"https:\/\/jornalfatosenoticias.com.br\/index.php\/2024\/06\/04\/nayib-bukele-toma-posse-para-segundo-mandato-consecutivo-em-el-salvador\/#respond\"]}]},{\"@type\":\"WebPage\",\"@id\":\"https:\/\/jornalfatosenoticias.com.br\/index.php\/2024\/06\/04\/nayib-bukele-toma-posse-para-segundo-mandato-consecutivo-em-el-salvador\/\",\"url\":\"https:\/\/jornalfatosenoticias.com.br\/index.php\/2024\/06\/04\/nayib-bukele-toma-posse-para-segundo-mandato-consecutivo-em-el-salvador\/\",\"name\":\"Nayib Bukele toma posse para segundo mandato consecutivo em El Salvador - Jornal Fatos e Not\u00edcias\",\"isPartOf\":{\"@id\":\"https:\/\/jornalfatosenoticias.com.br\/#website\"},\"primaryImageOfPage\":{\"@id\":\"https:\/\/jornalfatosenoticias.com.br\/index.php\/2024\/06\/04\/nayib-bukele-toma-posse-para-segundo-mandato-consecutivo-em-el-salvador\/#primaryimage\"},\"image\":{\"@id\":\"https:\/\/jornalfatosenoticias.com.br\/index.php\/2024\/06\/04\/nayib-bukele-toma-posse-para-segundo-mandato-consecutivo-em-el-salvador\/#primaryimage\"},\"thumbnailUrl\":\"https:\/\/jornalfatosenoticias.com.br\/wp-content\/uploads\/2024\/06\/Nayib-Bukele-posse.jpg\",\"datePublished\":\"2024-06-04T12:42:28+00:00\",\"dateModified\":\"2024-06-04T12:42:29+00:00\",\"breadcrumb\":{\"@id\":\"https:\/\/jornalfatosenoticias.com.br\/index.php\/2024\/06\/04\/nayib-bukele-toma-posse-para-segundo-mandato-consecutivo-em-el-salvador\/#breadcrumb\"},\"inLanguage\":\"pt-BR\",\"potentialAction\":[{\"@type\":\"ReadAction\",\"target\":[\"https:\/\/jornalfatosenoticias.com.br\/index.php\/2024\/06\/04\/nayib-bukele-toma-posse-para-segundo-mandato-consecutivo-em-el-salvador\/\"]}]},{\"@type\":\"ImageObject\",\"inLanguage\":\"pt-BR\",\"@id\":\"https:\/\/jornalfatosenoticias.com.br\/index.php\/2024\/06\/04\/nayib-bukele-toma-posse-para-segundo-mandato-consecutivo-em-el-salvador\/#primaryimage\",\"url\":\"https:\/\/jornalfatosenoticias.com.br\/wp-content\/uploads\/2024\/06\/Nayib-Bukele-posse.jpg\",\"contentUrl\":\"https:\/\/jornalfatosenoticias.com.br\/wp-content\/uploads\/2024\/06\/Nayib-Bukele-posse.jpg\",\"width\":960,\"height\":540},{\"@type\":\"BreadcrumbList\",\"@id\":\"https:\/\/jornalfatosenoticias.com.br\/index.php\/2024\/06\/04\/nayib-bukele-toma-posse-para-segundo-mandato-consecutivo-em-el-salvador\/#breadcrumb\",\"itemListElement\":[{\"@type\":\"ListItem\",\"position\":1,\"name\":\"In\u00edcio\",\"item\":\"https:\/\/jornalfatosenoticias.com.br\/\"},{\"@type\":\"ListItem\",\"position\":2,\"name\":\"Nayib Bukele toma posse para segundo mandato consecutivo em El Salvador\"}]},{\"@type\":\"WebSite\",\"@id\":\"https:\/\/jornalfatosenoticias.com.br\/#website\",\"url\":\"https:\/\/jornalfatosenoticias.com.br\/\",\"name\":\"Jornal Fatos e Not\u00edcias\",\"description\":\"Not\u00edcias em geral\",\"publisher\":{\"@id\":\"https:\/\/jornalfatosenoticias.com.br\/#organization\"},\"potentialAction\":[{\"@type\":\"SearchAction\",\"target\":{\"@type\":\"EntryPoint\",\"urlTemplate\":\"https:\/\/jornalfatosenoticias.com.br\/?s={search_term_string}\"},\"query-input\":{\"@type\":\"PropertyValueSpecification\",\"valueRequired\":true,\"valueName\":\"search_term_string\"}}],\"inLanguage\":\"pt-BR\"},{\"@type\":\"Organization\",\"@id\":\"https:\/\/jornalfatosenoticias.com.br\/#organization\",\"name\":\"Jornal Fatos e Not\u00edcias\",\"url\":\"https:\/\/jornalfatosenoticias.com.br\/\",\"logo\":{\"@type\":\"ImageObject\",\"inLanguage\":\"pt-BR\",\"@id\":\"https:\/\/jornalfatosenoticias.com.br\/#\/schema\/logo\/image\/\",\"url\":\"https:\/\/jornalfatosenoticias.com.br\/wp-content\/uploads\/2020\/02\/logo120.png\",\"contentUrl\":\"https:\/\/jornalfatosenoticias.com.br\/wp-content\/uploads\/2020\/02\/logo120.png\",\"width\":1227,\"height\":120,\"caption\":\"Jornal Fatos e Not\u00edcias\"},\"image\":{\"@id\":\"https:\/\/jornalfatosenoticias.com.br\/#\/schema\/logo\/image\/\"}},{\"@type\":\"Person\",\"@id\":\"https:\/\/jornalfatosenoticias.com.br\/#\/schema\/person\/d63837fa13ac8666eb9e74e0985d6f81\",\"name\":\"Luzimara Fernandes\",\"image\":{\"@type\":\"ImageObject\",\"inLanguage\":\"pt-BR\",\"@id\":\"https:\/\/jornalfatosenoticias.com.br\/#\/schema\/person\/image\/\",\"url\":\"https:\/\/jornalfatosenoticias.com.br\/wp-content\/uploads\/2025\/05\/EU_portal.jpg\",\"contentUrl\":\"https:\/\/jornalfatosenoticias.com.br\/wp-content\/uploads\/2025\/05\/EU_portal.jpg\",\"caption\":\"Luzimara Fernandes\"},\"description\":\"Jornalista MTB 2358-ES\",\"sameAs\":[\"https:\/\/jornalfatosenoticias.com.br\"],\"url\":\"https:\/\/jornalfatosenoticias.com.br\/index.php\/author\/luzimara\/\"}]}<\/script>\n<!-- \/ Yoast SEO plugin. -->","yoast_head_json":{"title":"Nayib Bukele toma posse para segundo mandato consecutivo em El Salvador - Jornal Fatos e Not\u00edcias","robots":{"index":"index","follow":"follow","max-snippet":"max-snippet:-1","max-image-preview":"max-image-preview:large","max-video-preview":"max-video-preview:-1"},"canonical":"https:\/\/jornalfatosenoticias.com.br\/index.php\/2024\/06\/04\/nayib-bukele-toma-posse-para-segundo-mandato-consecutivo-em-el-salvador\/","og_locale":"pt_BR","og_type":"article","og_title":"Nayib Bukele toma posse para segundo mandato consecutivo em El Salvador - Jornal Fatos e Not\u00edcias","og_description":"O presidente de El Salvador, Nayib Bukele, e a primeira-dama Gabriela de Bukele acenam ao p\u00fablico ap\u00f3s cerim\u00f4nia de posse O presidente de El Salvador, Nayib Bukele, tomou posse no \u00faltimo s\u00e1bado (1\u00ba) pelo Congresso do pa\u00eds para um segundo mandato consecutivo, no per\u00edodo entre 2024 e 2029, com um amplo apoio popular e queixas [&hellip;]","og_url":"https:\/\/jornalfatosenoticias.com.br\/index.php\/2024\/06\/04\/nayib-bukele-toma-posse-para-segundo-mandato-consecutivo-em-el-salvador\/","og_site_name":"Jornal Fatos e Not\u00edcias","article_published_time":"2024-06-04T12:42:28+00:00","article_modified_time":"2024-06-04T12:42:29+00:00","og_image":[{"width":960,"height":540,"url":"https:\/\/jornalfatosenoticias.com.br\/wp-content\/uploads\/2024\/06\/Nayib-Bukele-posse.jpg","type":"image\/jpeg"}],"author":"Luzimara Fernandes","twitter_card":"summary_large_image","twitter_misc":{"Escrito por":"Luzimara Fernandes","Est. tempo de leitura":"3 minutos"},"schema":{"@context":"https:\/\/schema.org","@graph":[{"@type":"Article","@id":"https:\/\/jornalfatosenoticias.com.br\/index.php\/2024\/06\/04\/nayib-bukele-toma-posse-para-segundo-mandato-consecutivo-em-el-salvador\/#article","isPartOf":{"@id":"https:\/\/jornalfatosenoticias.com.br\/index.php\/2024\/06\/04\/nayib-bukele-toma-posse-para-segundo-mandato-consecutivo-em-el-salvador\/"},"author":{"name":"Luzimara Fernandes","@id":"https:\/\/jornalfatosenoticias.com.br\/#\/schema\/person\/d63837fa13ac8666eb9e74e0985d6f81"},"headline":"Nayib Bukele toma posse para segundo mandato consecutivo em El Salvador","datePublished":"2024-06-04T12:42:28+00:00","dateModified":"2024-06-04T12:42:29+00:00","mainEntityOfPage":{"@id":"https:\/\/jornalfatosenoticias.com.br\/index.php\/2024\/06\/04\/nayib-bukele-toma-posse-para-segundo-mandato-consecutivo-em-el-salvador\/"},"wordCount":588,"commentCount":0,"publisher":{"@id":"https:\/\/jornalfatosenoticias.com.br\/#organization"},"image":{"@id":"https:\/\/jornalfatosenoticias.com.br\/index.php\/2024\/06\/04\/nayib-bukele-toma-posse-para-segundo-mandato-consecutivo-em-el-salvador\/#primaryimage"},"thumbnailUrl":"https:\/\/jornalfatosenoticias.com.br\/wp-content\/uploads\/2024\/06\/Nayib-Bukele-posse.jpg","keywords":["Am\u00e9rica Central","Argentina","El Salvador","elei\u00e7\u00f5es EUA","Javier Milei","Nayib Bukele"],"articleSection":["Internacional"],"inLanguage":"pt-BR","potentialAction":[{"@type":"CommentAction","name":"Comment","target":["https:\/\/jornalfatosenoticias.com.br\/index.php\/2024\/06\/04\/nayib-bukele-toma-posse-para-segundo-mandato-consecutivo-em-el-salvador\/#respond"]}]},{"@type":"WebPage","@id":"https:\/\/jornalfatosenoticias.com.br\/index.php\/2024\/06\/04\/nayib-bukele-toma-posse-para-segundo-mandato-consecutivo-em-el-salvador\/","url":"https:\/\/jornalfatosenoticias.com.br\/index.php\/2024\/06\/04\/nayib-bukele-toma-posse-para-segundo-mandato-consecutivo-em-el-salvador\/","name":"Nayib Bukele toma posse para segundo mandato consecutivo em El Salvador - Jornal Fatos e Not\u00edcias","isPartOf":{"@id":"https:\/\/jornalfatosenoticias.com.br\/#website"},"primaryImageOfPage":{"@id":"https:\/\/jornalfatosenoticias.com.br\/index.php\/2024\/06\/04\/nayib-bukele-toma-posse-para-segundo-mandato-consecutivo-em-el-salvador\/#primaryimage"},"image":{"@id":"https:\/\/jornalfatosenoticias.com.br\/index.php\/2024\/06\/04\/nayib-bukele-toma-posse-para-segundo-mandato-consecutivo-em-el-salvador\/#primaryimage"},"thumbnailUrl":"https:\/\/jornalfatosenoticias.com.br\/wp-content\/uploads\/2024\/06\/Nayib-Bukele-posse.jpg","datePublished":"2024-06-04T12:42:28+00:00","dateModified":"2024-06-04T12:42:29+00:00","breadcrumb":{"@id":"https:\/\/jornalfatosenoticias.com.br\/index.php\/2024\/06\/04\/nayib-bukele-toma-posse-para-segundo-mandato-consecutivo-em-el-salvador\/#breadcrumb"},"inLanguage":"pt-BR","potentialAction":[{"@type":"ReadAction","target":["https:\/\/jornalfatosenoticias.com.br\/index.php\/2024\/06\/04\/nayib-bukele-toma-posse-para-segundo-mandato-consecutivo-em-el-salvador\/"]}]},{"@type":"ImageObject","inLanguage":"pt-BR","@id":"https:\/\/jornalfatosenoticias.com.br\/index.php\/2024\/06\/04\/nayib-bukele-toma-posse-para-segundo-mandato-consecutivo-em-el-salvador\/#primaryimage","url":"https:\/\/jornalfatosenoticias.com.br\/wp-content\/uploads\/2024\/06\/Nayib-Bukele-posse.jpg","contentUrl":"https:\/\/jornalfatosenoticias.com.br\/wp-content\/uploads\/2024\/06\/Nayib-Bukele-posse.jpg","width":960,"height":540},{"@type":"BreadcrumbList","@id":"https:\/\/jornalfatosenoticias.com.br\/index.php\/2024\/06\/04\/nayib-bukele-toma-posse-para-segundo-mandato-consecutivo-em-el-salvador\/#breadcrumb","itemListElement":[{"@type":"ListItem","position":1,"name":"In\u00edcio","item":"https:\/\/jornalfatosenoticias.com.br\/"},{"@type":"ListItem","position":2,"name":"Nayib Bukele toma posse para segundo mandato consecutivo em El Salvador"}]},{"@type":"WebSite","@id":"https:\/\/jornalfatosenoticias.com.br\/#website","url":"https:\/\/jornalfatosenoticias.com.br\/","name":"Jornal Fatos e Not\u00edcias","description":"Not\u00edcias em geral","publisher":{"@id":"https:\/\/jornalfatosenoticias.com.br\/#organization"},"potentialAction":[{"@type":"SearchAction","target":{"@type":"EntryPoint","urlTemplate":"https:\/\/jornalfatosenoticias.com.br\/?s={search_term_string}"},"query-input":{"@type":"PropertyValueSpecification","valueRequired":true,"valueName":"search_term_string"}}],"inLanguage":"pt-BR"},{"@type":"Organization","@id":"https:\/\/jornalfatosenoticias.com.br\/#organization","name":"Jornal Fatos e Not\u00edcias","url":"https:\/\/jornalfatosenoticias.com.br\/","logo":{"@type":"ImageObject","inLanguage":"pt-BR","@id":"https:\/\/jornalfatosenoticias.com.br\/#\/schema\/logo\/image\/","url":"https:\/\/jornalfatosenoticias.com.br\/wp-content\/uploads\/2020\/02\/logo120.png","contentUrl":"https:\/\/jornalfatosenoticias.com.br\/wp-content\/uploads\/2020\/02\/logo120.png","width":1227,"height":120,"caption":"Jornal Fatos e Not\u00edcias"},"image":{"@id":"https:\/\/jornalfatosenoticias.com.br\/#\/schema\/logo\/image\/"}},{"@type":"Person","@id":"https:\/\/jornalfatosenoticias.com.br\/#\/schema\/person\/d63837fa13ac8666eb9e74e0985d6f81","name":"Luzimara Fernandes","image":{"@type":"ImageObject","inLanguage":"pt-BR","@id":"https:\/\/jornalfatosenoticias.com.br\/#\/schema\/person\/image\/","url":"https:\/\/jornalfatosenoticias.com.br\/wp-content\/uploads\/2025\/05\/EU_portal.jpg","contentUrl":"https:\/\/jornalfatosenoticias.com.br\/wp-content\/uploads\/2025\/05\/EU_portal.jpg","caption":"Luzimara Fernandes"},"description":"Jornalista MTB 2358-ES","sameAs":["https:\/\/jornalfatosenoticias.com.br"],"url":"https:\/\/jornalfatosenoticias.com.br\/index.php\/author\/luzimara\/"}]}},"cc_featured_image_caption":{"caption_text":"(Foto: Divulga\u00e7\u00e3o\/Governo El Salvador)","source_text":"","source_url":""},"jetpack_featured_media_url":"https:\/\/jornalfatosenoticias.com.br\/wp-content\/uploads\/2024\/06\/Nayib-Bukele-posse.jpg","_links":{"self":[{"href":"https:\/\/jornalfatosenoticias.com.br\/index.php\/wp-json\/wp\/v2\/posts\/51697","targetHints":{"allow":["GET"]}}],"collection":[{"href":"https:\/\/jornalfatosenoticias.com.br\/index.php\/wp-json\/wp\/v2\/posts"}],"about":[{"href":"https:\/\/jornalfatosenoticias.com.br\/index.php\/wp-json\/wp\/v2\/types\/post"}],"author":[{"embeddable":true,"href":"https:\/\/jornalfatosenoticias.com.br\/index.php\/wp-json\/wp\/v2\/users\/2"}],"replies":[{"embeddable":true,"href":"https:\/\/jornalfatosenoticias.com.br\/index.php\/wp-json\/wp\/v2\/comments?post=51697"}],"version-history":[{"count":0,"href":"https:\/\/jornalfatosenoticias.com.br\/index.php\/wp-json\/wp\/v2\/posts\/51697\/revisions"}],"wp:featuredmedia":[{"embeddable":true,"href":"https:\/\/jornalfatosenoticias.com.br\/index.php\/wp-json\/wp\/v2\/media\/51698"}],"wp:attachment":[{"href":"https:\/\/jornalfatosenoticias.com.br\/index.php\/wp-json\/wp\/v2\/media?parent=51697"}],"wp:term":[{"taxonomy":"category","embeddable":true,"href":"https:\/\/jornalfatosenoticias.com.br\/index.php\/wp-json\/wp\/v2\/categories?post=51697"},{"taxonomy":"post_tag","embeddable":true,"href":"https:\/\/jornalfatosenoticias.com.br\/index.php\/wp-json\/wp\/v2\/tags?post=51697"}],"curies":[{"name":"wp","href":"https:\/\/api.w.org\/{rel}","templated":true}]}}