{"id":51716,"date":"2024-06-04T14:39:49","date_gmt":"2024-06-04T17:39:49","guid":{"rendered":"https:\/\/jornalfatosenoticias.com.br\/?p=51716"},"modified":"2024-06-04T14:39:50","modified_gmt":"2024-06-04T17:39:50","slug":"cna-aciona-supremo-contra-importacao-de-arroz-pelo-governo-lula","status":"publish","type":"post","link":"https:\/\/jornalfatosenoticias.com.br\/index.php\/2024\/06\/04\/cna-aciona-supremo-contra-importacao-de-arroz-pelo-governo-lula\/","title":{"rendered":"CNA aciona Supremo contra importa\u00e7\u00e3o de arroz pelo governo Lula"},"content":{"rendered":"\n<p><em><span class=\"has-inline-color has-black-color\">Confedera\u00e7\u00e3o da Agricultura e Pecu\u00e1ria do Brasil (CNA) pediu a suspens\u00e3o do leil\u00e3o da Conab para compra de arroz<\/span><\/em><\/p>\n\n\n\n<p><span class=\"has-inline-color has-black-color\">Por <strong><a href=\"https:\/\/www.gazetadopovo.com.br\/autor\/camila-abrao\/\">Camila Abr\u00e3o<\/a><\/strong><\/span><\/p>\n\n\n\n<div class=\"wp-block-image\"><figure class=\"aligncenter size-large\"><img loading=\"lazy\" decoding=\"async\" width=\"729\" height=\"90\" src=\"https:\/\/jornalfatosenoticias.com.br\/wp-content\/uploads\/2020\/02\/Logo_Mizu.png\" alt=\"\" class=\"wp-image-1441\" srcset=\"https:\/\/jornalfatosenoticias.com.br\/wp-content\/uploads\/2020\/02\/Logo_Mizu.png 729w, https:\/\/jornalfatosenoticias.com.br\/wp-content\/uploads\/2020\/02\/Logo_Mizu-300x37.png 300w\" sizes=\"auto, (max-width: 729px) 100vw, 729px\" \/><\/figure><\/div>\n\n\n\n<p>A Confedera\u00e7\u00e3o da Agricultura e Pecu\u00e1ria do Brasil (CNA) acionou, nesta segunda-feira (3), o Supremo Tribunal Federal (STF) contra a importa\u00e7\u00e3o de arroz pelo governo federal. A entidade pediu \u00e0 Corte que suspenda o primeiro leil\u00e3o p\u00fablico da Companhia Nacional de Abastecimento (Conab) para a compra do cereal marcado para esta quinta (6).<br>O governo anunciou a medida em raz\u00e3o das fortes chuvas no Rio Grande do Sul. Na semana passada, o ministro da Agricultura, Carlos F\u00e1varo, reconheceu que o estado \u201ctem um estoque suficiente para abastecer o Brasil\u201d, apesar da trag\u00e9dia. Entretanto, ele criticou a \u201cgan\u00e2ncia de especuladores\u201d que decidiram aumentar o pre\u00e7o do produto \u201cespeculando o desabastecimento\u201d.<\/p>\n\n\n\n<div class=\"wp-block-image\"><figure class=\"aligncenter size-large is-resized\"><img loading=\"lazy\" decoding=\"async\" src=\"https:\/\/jornalfatosenoticias.com.br\/wp-content\/uploads\/2022\/02\/Precisao-Contabilidade-1024x724.jpg\" alt=\"\" class=\"wp-image-28088\" width=\"360\" height=\"255\"\/><\/figure><\/div>\n\n\n\n<p>Para a CNA, a importa\u00e7\u00e3o vai afetar a cadeia produtiva &#8220;com potencial de desestrutur\u00e1-la, criando instabilidade de pre\u00e7os, prejudicando produtores locais de arroz, desconsiderando os gr\u00e3os j\u00e1 colhidos e armazenados, e, ainda, comprometendo as economias de produtores rurais que hoje j\u00e1 sofrem\u201d com os impactos das enchentes no Rio Grande do Sul.<\/p>\n\n\n\n<div class=\"wp-block-image\"><figure class=\"aligncenter size-large is-resized\"><img loading=\"lazy\" decoding=\"async\" src=\"https:\/\/jornalfatosenoticias.com.br\/wp-content\/uploads\/2023\/03\/nova-logo-Marquetti.jpg\" alt=\"\" class=\"wp-image-40207\" width=\"371\" height=\"249\" srcset=\"https:\/\/jornalfatosenoticias.com.br\/wp-content\/uploads\/2023\/03\/nova-logo-Marquetti.jpg 643w, https:\/\/jornalfatosenoticias.com.br\/wp-content\/uploads\/2023\/03\/nova-logo-Marquetti-300x202.jpg 300w\" sizes=\"auto, (max-width: 371px) 100vw, 371px\" \/><\/figure><\/div>\n\n\n\n<p>A entidade protocolou uma A\u00e7\u00e3o Direta de Inconstitucionalidade (ADI 7664) que questiona as normas editadas pelo governo para realizar a opera\u00e7\u00e3o. O ministro Andr\u00e9 Mendon\u00e7a ser\u00e1 o relator do caso. A Conab poder\u00e1 importar at\u00e9 um milh\u00e3o de tonelada de arroz beneficiado ou em casca. A CNA defende que a medida n\u00e3o \u00e9 necess\u00e1ria, pois 84% da \u00e1rea plantada do Rio Grande do Sul foi efetivamente colhida antes do in\u00edcio das chuvas.\u00a0<\/p>\n\n\n\n<div class=\"wp-block-image\"><figure class=\"aligncenter size-large is-resized\"><img loading=\"lazy\" decoding=\"async\" src=\"https:\/\/jornalfatosenoticias.com.br\/wp-content\/uploads\/2023\/12\/pegoretti-logo-pdf-1024x389.jpg\" alt=\"\" class=\"wp-image-47536\" width=\"501\" height=\"190\" srcset=\"https:\/\/jornalfatosenoticias.com.br\/wp-content\/uploads\/2023\/12\/pegoretti-logo-pdf-1024x389.jpg 1024w, https:\/\/jornalfatosenoticias.com.br\/wp-content\/uploads\/2023\/12\/pegoretti-logo-pdf-300x114.jpg 300w, https:\/\/jornalfatosenoticias.com.br\/wp-content\/uploads\/2023\/12\/pegoretti-logo-pdf-768x291.jpg 768w, https:\/\/jornalfatosenoticias.com.br\/wp-content\/uploads\/2023\/12\/pegoretti-logo-pdf.jpg 1120w\" sizes=\"auto, (max-width: 501px) 100vw, 501px\" \/><\/figure><\/div>\n\n\n\n<p>Al\u00e9m disso, a entidade argumentou que os produtores \u201cnunca foram ouvidos no processo de formula\u00e7\u00e3o dessa pol\u00edtica de importa\u00e7\u00e3o do cereal\u201d. A confedera\u00e7\u00e3o apontou que a importa\u00e7\u00e3o do arroz viola a Constitui\u00e7\u00e3o e representa uma \u201cmedida abusiva de interven\u00e7\u00e3o reprov\u00e1vel do Poder P\u00fablico na atividade econ\u00f4mica, restringindo a livre concorr\u00eancia\u201d.<\/p>\n\n\n\n<div class=\"wp-block-image\"><figure class=\"aligncenter size-large is-resized\"><img loading=\"lazy\" decoding=\"async\" src=\"https:\/\/jornalfatosenoticias.com.br\/wp-content\/uploads\/2020\/02\/logo_esteio.jpg\" alt=\"\" class=\"wp-image-1214\" width=\"358\" height=\"298\"\/><\/figure><\/div>\n\n\n\n<blockquote class=\"wp-block-quote is-layout-flow wp-block-quote-is-layout-flow\"><p><span class=\"has-inline-color has-luminous-vivid-orange-color\">O arroz produzido e colhido pelos produtores rurais ga\u00fachos certamente sofrer\u00e1 com a predat\u00f3ria concorr\u00eancia de um arroz estrangeiro, subsidiado pelo Governo Federal e vendido no Brasil fora dos par\u00e2metros econ\u00f4micos de fixa\u00e7\u00e3o natural de pre\u00e7os\u201d, disse a entidade.<\/span><\/p><\/blockquote>\n\n\n\n<div class=\"wp-block-image\"><figure class=\"aligncenter size-large\"><img decoding=\"async\" src=\"https:\/\/jornalfatosenoticias.com.br\/wp-content\/uploads\/2020\/02\/barao-das-carnes-300x164-1.jpg\" alt=\"\" class=\"wp-image-34339\"\/><\/figure><\/div>\n\n\n\n<p>Segundo o Minist\u00e9rio da Agricultura, o arroz importado ser\u00e1 vendido ao consumidor final pelo pre\u00e7o tabelado de R$ 4 por quilo e ser\u00e1 comercializado com a logomarca do governo federal.<\/p>\n\n\n\n<p><strong><em>Fonte: <a href=\"https:\/\/www.gazetadopovo.com.br\/economia\/cna-aciona-stf-contra-importacao-de-arroz-pelo-governo-lula\/\">Gazeta do Povo<\/a><\/em><\/strong><\/p>\n","protected":false},"excerpt":{"rendered":"<p>Confedera\u00e7\u00e3o da Agricultura e Pecu\u00e1ria do Brasil (CNA) pediu a suspens\u00e3o do leil\u00e3o da Conab para compra de arroz Por Camila Abr\u00e3o A Confedera\u00e7\u00e3o da Agricultura e Pecu\u00e1ria do Brasil (CNA) acionou, nesta segunda-feira (3), o Supremo Tribunal Federal (STF) contra a importa\u00e7\u00e3o de arroz pelo governo federal. A entidade pediu \u00e0 Corte que suspenda [&hellip;]<\/p>\n","protected":false},"author":2,"featured_media":51717,"comment_status":"open","ping_status":"open","sticky":false,"template":"","format":"standard","meta":{"footnotes":""},"categories":[9],"tags":[2144,3646,20166,240,860,1111,6750,7580,545,4684,294],"class_list":["post-51716","post","type-post","status-publish","format-standard","has-post-thumbnail","hentry","category-economia","tag-andre-mendonca-2","tag-arroz","tag-carlos-favaro","tag-economia","tag-governo-federal","tag-graos","tag-importacao","tag-lula","tag-politica","tag-rio-grande-do-sul","tag-stf"],"yoast_head":"<!-- This site is optimized with the Yoast SEO plugin v26.5 - https:\/\/yoast.com\/wordpress\/plugins\/seo\/ -->\n<title>CNA aciona Supremo contra importa\u00e7\u00e3o de arroz pelo governo Lula - Jornal Fatos e Not\u00edcias<\/title>\n<meta name=\"robots\" content=\"index, follow, max-snippet:-1, max-image-preview:large, max-video-preview:-1\" \/>\n<link rel=\"canonical\" href=\"https:\/\/jornalfatosenoticias.com.br\/index.php\/2024\/06\/04\/cna-aciona-supremo-contra-importacao-de-arroz-pelo-governo-lula\/\" \/>\n<meta property=\"og:locale\" content=\"pt_BR\" \/>\n<meta property=\"og:type\" content=\"article\" \/>\n<meta property=\"og:title\" content=\"CNA aciona Supremo contra importa\u00e7\u00e3o de arroz pelo governo Lula - Jornal Fatos e Not\u00edcias\" \/>\n<meta property=\"og:description\" content=\"Confedera\u00e7\u00e3o da Agricultura e Pecu\u00e1ria do Brasil (CNA) pediu a suspens\u00e3o do leil\u00e3o da Conab para compra de arroz Por Camila Abr\u00e3o A Confedera\u00e7\u00e3o da Agricultura e Pecu\u00e1ria do Brasil (CNA) acionou, nesta segunda-feira (3), o Supremo Tribunal Federal (STF) contra a importa\u00e7\u00e3o de arroz pelo governo federal. A entidade pediu \u00e0 Corte que suspenda [&hellip;]\" \/>\n<meta property=\"og:url\" content=\"https:\/\/jornalfatosenoticias.com.br\/index.php\/2024\/06\/04\/cna-aciona-supremo-contra-importacao-de-arroz-pelo-governo-lula\/\" \/>\n<meta property=\"og:site_name\" content=\"Jornal Fatos e Not\u00edcias\" \/>\n<meta property=\"article:published_time\" content=\"2024-06-04T17:39:49+00:00\" \/>\n<meta property=\"article:modified_time\" content=\"2024-06-04T17:39:50+00:00\" \/>\n<meta property=\"og:image\" content=\"https:\/\/jornalfatosenoticias.com.br\/wp-content\/uploads\/2024\/06\/arroz.jpg\" \/>\n\t<meta property=\"og:image:width\" content=\"740\" \/>\n\t<meta property=\"og:image:height\" content=\"493\" \/>\n\t<meta property=\"og:image:type\" content=\"image\/jpeg\" \/>\n<meta name=\"author\" content=\"Luzimara Fernandes\" \/>\n<meta name=\"twitter:card\" content=\"summary_large_image\" \/>\n<meta name=\"twitter:label1\" content=\"Escrito por\" \/>\n\t<meta name=\"twitter:data1\" content=\"Luzimara Fernandes\" \/>\n\t<meta name=\"twitter:label2\" content=\"Est. tempo de leitura\" \/>\n\t<meta name=\"twitter:data2\" content=\"2 minutos\" \/>\n<script type=\"application\/ld+json\" class=\"yoast-schema-graph\">{\"@context\":\"https:\/\/schema.org\",\"@graph\":[{\"@type\":\"Article\",\"@id\":\"https:\/\/jornalfatosenoticias.com.br\/index.php\/2024\/06\/04\/cna-aciona-supremo-contra-importacao-de-arroz-pelo-governo-lula\/#article\",\"isPartOf\":{\"@id\":\"https:\/\/jornalfatosenoticias.com.br\/index.php\/2024\/06\/04\/cna-aciona-supremo-contra-importacao-de-arroz-pelo-governo-lula\/\"},\"author\":{\"name\":\"Luzimara Fernandes\",\"@id\":\"https:\/\/jornalfatosenoticias.com.br\/#\/schema\/person\/d63837fa13ac8666eb9e74e0985d6f81\"},\"headline\":\"CNA aciona Supremo contra importa\u00e7\u00e3o de arroz pelo governo Lula\",\"datePublished\":\"2024-06-04T17:39:49+00:00\",\"dateModified\":\"2024-06-04T17:39:50+00:00\",\"mainEntityOfPage\":{\"@id\":\"https:\/\/jornalfatosenoticias.com.br\/index.php\/2024\/06\/04\/cna-aciona-supremo-contra-importacao-de-arroz-pelo-governo-lula\/\"},\"wordCount\":429,\"commentCount\":0,\"publisher\":{\"@id\":\"https:\/\/jornalfatosenoticias.com.br\/#organization\"},\"image\":{\"@id\":\"https:\/\/jornalfatosenoticias.com.br\/index.php\/2024\/06\/04\/cna-aciona-supremo-contra-importacao-de-arroz-pelo-governo-lula\/#primaryimage\"},\"thumbnailUrl\":\"https:\/\/jornalfatosenoticias.com.br\/wp-content\/uploads\/2024\/06\/arroz.jpg\",\"keywords\":[\"Andr\u00e9 Mendon\u00e7a\",\"arroz\",\"Carlos F\u00e1varo\",\"economia\",\"governo federal\",\"gr\u00e3os\",\"importa\u00e7\u00e3o\",\"Lula\",\"pol\u00edtica\",\"Rio Grande do Sul\",\"STF\"],\"articleSection\":[\"Economia\"],\"inLanguage\":\"pt-BR\",\"potentialAction\":[{\"@type\":\"CommentAction\",\"name\":\"Comment\",\"target\":[\"https:\/\/jornalfatosenoticias.com.br\/index.php\/2024\/06\/04\/cna-aciona-supremo-contra-importacao-de-arroz-pelo-governo-lula\/#respond\"]}]},{\"@type\":\"WebPage\",\"@id\":\"https:\/\/jornalfatosenoticias.com.br\/index.php\/2024\/06\/04\/cna-aciona-supremo-contra-importacao-de-arroz-pelo-governo-lula\/\",\"url\":\"https:\/\/jornalfatosenoticias.com.br\/index.php\/2024\/06\/04\/cna-aciona-supremo-contra-importacao-de-arroz-pelo-governo-lula\/\",\"name\":\"CNA aciona Supremo contra importa\u00e7\u00e3o de arroz pelo governo Lula - Jornal Fatos e Not\u00edcias\",\"isPartOf\":{\"@id\":\"https:\/\/jornalfatosenoticias.com.br\/#website\"},\"primaryImageOfPage\":{\"@id\":\"https:\/\/jornalfatosenoticias.com.br\/index.php\/2024\/06\/04\/cna-aciona-supremo-contra-importacao-de-arroz-pelo-governo-lula\/#primaryimage\"},\"image\":{\"@id\":\"https:\/\/jornalfatosenoticias.com.br\/index.php\/2024\/06\/04\/cna-aciona-supremo-contra-importacao-de-arroz-pelo-governo-lula\/#primaryimage\"},\"thumbnailUrl\":\"https:\/\/jornalfatosenoticias.com.br\/wp-content\/uploads\/2024\/06\/arroz.jpg\",\"datePublished\":\"2024-06-04T17:39:49+00:00\",\"dateModified\":\"2024-06-04T17:39:50+00:00\",\"breadcrumb\":{\"@id\":\"https:\/\/jornalfatosenoticias.com.br\/index.php\/2024\/06\/04\/cna-aciona-supremo-contra-importacao-de-arroz-pelo-governo-lula\/#breadcrumb\"},\"inLanguage\":\"pt-BR\",\"potentialAction\":[{\"@type\":\"ReadAction\",\"target\":[\"https:\/\/jornalfatosenoticias.com.br\/index.php\/2024\/06\/04\/cna-aciona-supremo-contra-importacao-de-arroz-pelo-governo-lula\/\"]}]},{\"@type\":\"ImageObject\",\"inLanguage\":\"pt-BR\",\"@id\":\"https:\/\/jornalfatosenoticias.com.br\/index.php\/2024\/06\/04\/cna-aciona-supremo-contra-importacao-de-arroz-pelo-governo-lula\/#primaryimage\",\"url\":\"https:\/\/jornalfatosenoticias.com.br\/wp-content\/uploads\/2024\/06\/arroz.jpg\",\"contentUrl\":\"https:\/\/jornalfatosenoticias.com.br\/wp-content\/uploads\/2024\/06\/arroz.jpg\",\"width\":740,\"height\":493},{\"@type\":\"BreadcrumbList\",\"@id\":\"https:\/\/jornalfatosenoticias.com.br\/index.php\/2024\/06\/04\/cna-aciona-supremo-contra-importacao-de-arroz-pelo-governo-lula\/#breadcrumb\",\"itemListElement\":[{\"@type\":\"ListItem\",\"position\":1,\"name\":\"In\u00edcio\",\"item\":\"https:\/\/jornalfatosenoticias.com.br\/\"},{\"@type\":\"ListItem\",\"position\":2,\"name\":\"CNA aciona Supremo contra importa\u00e7\u00e3o de arroz pelo governo Lula\"}]},{\"@type\":\"WebSite\",\"@id\":\"https:\/\/jornalfatosenoticias.com.br\/#website\",\"url\":\"https:\/\/jornalfatosenoticias.com.br\/\",\"name\":\"Jornal Fatos e Not\u00edcias\",\"description\":\"Not\u00edcias em geral\",\"publisher\":{\"@id\":\"https:\/\/jornalfatosenoticias.com.br\/#organization\"},\"potentialAction\":[{\"@type\":\"SearchAction\",\"target\":{\"@type\":\"EntryPoint\",\"urlTemplate\":\"https:\/\/jornalfatosenoticias.com.br\/?s={search_term_string}\"},\"query-input\":{\"@type\":\"PropertyValueSpecification\",\"valueRequired\":true,\"valueName\":\"search_term_string\"}}],\"inLanguage\":\"pt-BR\"},{\"@type\":\"Organization\",\"@id\":\"https:\/\/jornalfatosenoticias.com.br\/#organization\",\"name\":\"Jornal Fatos e Not\u00edcias\",\"url\":\"https:\/\/jornalfatosenoticias.com.br\/\",\"logo\":{\"@type\":\"ImageObject\",\"inLanguage\":\"pt-BR\",\"@id\":\"https:\/\/jornalfatosenoticias.com.br\/#\/schema\/logo\/image\/\",\"url\":\"https:\/\/jornalfatosenoticias.com.br\/wp-content\/uploads\/2020\/02\/logo120.png\",\"contentUrl\":\"https:\/\/jornalfatosenoticias.com.br\/wp-content\/uploads\/2020\/02\/logo120.png\",\"width\":1227,\"height\":120,\"caption\":\"Jornal Fatos e Not\u00edcias\"},\"image\":{\"@id\":\"https:\/\/jornalfatosenoticias.com.br\/#\/schema\/logo\/image\/\"}},{\"@type\":\"Person\",\"@id\":\"https:\/\/jornalfatosenoticias.com.br\/#\/schema\/person\/d63837fa13ac8666eb9e74e0985d6f81\",\"name\":\"Luzimara Fernandes\",\"image\":{\"@type\":\"ImageObject\",\"inLanguage\":\"pt-BR\",\"@id\":\"https:\/\/jornalfatosenoticias.com.br\/#\/schema\/person\/image\/\",\"url\":\"https:\/\/jornalfatosenoticias.com.br\/wp-content\/uploads\/2025\/05\/EU_portal.jpg\",\"contentUrl\":\"https:\/\/jornalfatosenoticias.com.br\/wp-content\/uploads\/2025\/05\/EU_portal.jpg\",\"caption\":\"Luzimara Fernandes\"},\"description\":\"Jornalista MTB 2358-ES\",\"sameAs\":[\"https:\/\/jornalfatosenoticias.com.br\"],\"url\":\"https:\/\/jornalfatosenoticias.com.br\/index.php\/author\/luzimara\/\"}]}<\/script>\n<!-- \/ Yoast SEO plugin. -->","yoast_head_json":{"title":"CNA aciona Supremo contra importa\u00e7\u00e3o de arroz pelo governo Lula - Jornal Fatos e Not\u00edcias","robots":{"index":"index","follow":"follow","max-snippet":"max-snippet:-1","max-image-preview":"max-image-preview:large","max-video-preview":"max-video-preview:-1"},"canonical":"https:\/\/jornalfatosenoticias.com.br\/index.php\/2024\/06\/04\/cna-aciona-supremo-contra-importacao-de-arroz-pelo-governo-lula\/","og_locale":"pt_BR","og_type":"article","og_title":"CNA aciona Supremo contra importa\u00e7\u00e3o de arroz pelo governo Lula - Jornal Fatos e Not\u00edcias","og_description":"Confedera\u00e7\u00e3o da Agricultura e Pecu\u00e1ria do Brasil (CNA) pediu a suspens\u00e3o do leil\u00e3o da Conab para compra de arroz Por Camila Abr\u00e3o A Confedera\u00e7\u00e3o da Agricultura e Pecu\u00e1ria do Brasil (CNA) acionou, nesta segunda-feira (3), o Supremo Tribunal Federal (STF) contra a importa\u00e7\u00e3o de arroz pelo governo federal. A entidade pediu \u00e0 Corte que suspenda [&hellip;]","og_url":"https:\/\/jornalfatosenoticias.com.br\/index.php\/2024\/06\/04\/cna-aciona-supremo-contra-importacao-de-arroz-pelo-governo-lula\/","og_site_name":"Jornal Fatos e Not\u00edcias","article_published_time":"2024-06-04T17:39:49+00:00","article_modified_time":"2024-06-04T17:39:50+00:00","og_image":[{"width":740,"height":493,"url":"https:\/\/jornalfatosenoticias.com.br\/wp-content\/uploads\/2024\/06\/arroz.jpg","type":"image\/jpeg"}],"author":"Luzimara Fernandes","twitter_card":"summary_large_image","twitter_misc":{"Escrito por":"Luzimara Fernandes","Est. tempo de leitura":"2 minutos"},"schema":{"@context":"https:\/\/schema.org","@graph":[{"@type":"Article","@id":"https:\/\/jornalfatosenoticias.com.br\/index.php\/2024\/06\/04\/cna-aciona-supremo-contra-importacao-de-arroz-pelo-governo-lula\/#article","isPartOf":{"@id":"https:\/\/jornalfatosenoticias.com.br\/index.php\/2024\/06\/04\/cna-aciona-supremo-contra-importacao-de-arroz-pelo-governo-lula\/"},"author":{"name":"Luzimara Fernandes","@id":"https:\/\/jornalfatosenoticias.com.br\/#\/schema\/person\/d63837fa13ac8666eb9e74e0985d6f81"},"headline":"CNA aciona Supremo contra importa\u00e7\u00e3o de arroz pelo governo Lula","datePublished":"2024-06-04T17:39:49+00:00","dateModified":"2024-06-04T17:39:50+00:00","mainEntityOfPage":{"@id":"https:\/\/jornalfatosenoticias.com.br\/index.php\/2024\/06\/04\/cna-aciona-supremo-contra-importacao-de-arroz-pelo-governo-lula\/"},"wordCount":429,"commentCount":0,"publisher":{"@id":"https:\/\/jornalfatosenoticias.com.br\/#organization"},"image":{"@id":"https:\/\/jornalfatosenoticias.com.br\/index.php\/2024\/06\/04\/cna-aciona-supremo-contra-importacao-de-arroz-pelo-governo-lula\/#primaryimage"},"thumbnailUrl":"https:\/\/jornalfatosenoticias.com.br\/wp-content\/uploads\/2024\/06\/arroz.jpg","keywords":["Andr\u00e9 Mendon\u00e7a","arroz","Carlos F\u00e1varo","economia","governo federal","gr\u00e3os","importa\u00e7\u00e3o","Lula","pol\u00edtica","Rio Grande do Sul","STF"],"articleSection":["Economia"],"inLanguage":"pt-BR","potentialAction":[{"@type":"CommentAction","name":"Comment","target":["https:\/\/jornalfatosenoticias.com.br\/index.php\/2024\/06\/04\/cna-aciona-supremo-contra-importacao-de-arroz-pelo-governo-lula\/#respond"]}]},{"@type":"WebPage","@id":"https:\/\/jornalfatosenoticias.com.br\/index.php\/2024\/06\/04\/cna-aciona-supremo-contra-importacao-de-arroz-pelo-governo-lula\/","url":"https:\/\/jornalfatosenoticias.com.br\/index.php\/2024\/06\/04\/cna-aciona-supremo-contra-importacao-de-arroz-pelo-governo-lula\/","name":"CNA aciona Supremo contra importa\u00e7\u00e3o de arroz pelo governo Lula - Jornal Fatos e Not\u00edcias","isPartOf":{"@id":"https:\/\/jornalfatosenoticias.com.br\/#website"},"primaryImageOfPage":{"@id":"https:\/\/jornalfatosenoticias.com.br\/index.php\/2024\/06\/04\/cna-aciona-supremo-contra-importacao-de-arroz-pelo-governo-lula\/#primaryimage"},"image":{"@id":"https:\/\/jornalfatosenoticias.com.br\/index.php\/2024\/06\/04\/cna-aciona-supremo-contra-importacao-de-arroz-pelo-governo-lula\/#primaryimage"},"thumbnailUrl":"https:\/\/jornalfatosenoticias.com.br\/wp-content\/uploads\/2024\/06\/arroz.jpg","datePublished":"2024-06-04T17:39:49+00:00","dateModified":"2024-06-04T17:39:50+00:00","breadcrumb":{"@id":"https:\/\/jornalfatosenoticias.com.br\/index.php\/2024\/06\/04\/cna-aciona-supremo-contra-importacao-de-arroz-pelo-governo-lula\/#breadcrumb"},"inLanguage":"pt-BR","potentialAction":[{"@type":"ReadAction","target":["https:\/\/jornalfatosenoticias.com.br\/index.php\/2024\/06\/04\/cna-aciona-supremo-contra-importacao-de-arroz-pelo-governo-lula\/"]}]},{"@type":"ImageObject","inLanguage":"pt-BR","@id":"https:\/\/jornalfatosenoticias.com.br\/index.php\/2024\/06\/04\/cna-aciona-supremo-contra-importacao-de-arroz-pelo-governo-lula\/#primaryimage","url":"https:\/\/jornalfatosenoticias.com.br\/wp-content\/uploads\/2024\/06\/arroz.jpg","contentUrl":"https:\/\/jornalfatosenoticias.com.br\/wp-content\/uploads\/2024\/06\/arroz.jpg","width":740,"height":493},{"@type":"BreadcrumbList","@id":"https:\/\/jornalfatosenoticias.com.br\/index.php\/2024\/06\/04\/cna-aciona-supremo-contra-importacao-de-arroz-pelo-governo-lula\/#breadcrumb","itemListElement":[{"@type":"ListItem","position":1,"name":"In\u00edcio","item":"https:\/\/jornalfatosenoticias.com.br\/"},{"@type":"ListItem","position":2,"name":"CNA aciona Supremo contra importa\u00e7\u00e3o de arroz pelo governo Lula"}]},{"@type":"WebSite","@id":"https:\/\/jornalfatosenoticias.com.br\/#website","url":"https:\/\/jornalfatosenoticias.com.br\/","name":"Jornal Fatos e Not\u00edcias","description":"Not\u00edcias em geral","publisher":{"@id":"https:\/\/jornalfatosenoticias.com.br\/#organization"},"potentialAction":[{"@type":"SearchAction","target":{"@type":"EntryPoint","urlTemplate":"https:\/\/jornalfatosenoticias.com.br\/?s={search_term_string}"},"query-input":{"@type":"PropertyValueSpecification","valueRequired":true,"valueName":"search_term_string"}}],"inLanguage":"pt-BR"},{"@type":"Organization","@id":"https:\/\/jornalfatosenoticias.com.br\/#organization","name":"Jornal Fatos e Not\u00edcias","url":"https:\/\/jornalfatosenoticias.com.br\/","logo":{"@type":"ImageObject","inLanguage":"pt-BR","@id":"https:\/\/jornalfatosenoticias.com.br\/#\/schema\/logo\/image\/","url":"https:\/\/jornalfatosenoticias.com.br\/wp-content\/uploads\/2020\/02\/logo120.png","contentUrl":"https:\/\/jornalfatosenoticias.com.br\/wp-content\/uploads\/2020\/02\/logo120.png","width":1227,"height":120,"caption":"Jornal Fatos e Not\u00edcias"},"image":{"@id":"https:\/\/jornalfatosenoticias.com.br\/#\/schema\/logo\/image\/"}},{"@type":"Person","@id":"https:\/\/jornalfatosenoticias.com.br\/#\/schema\/person\/d63837fa13ac8666eb9e74e0985d6f81","name":"Luzimara Fernandes","image":{"@type":"ImageObject","inLanguage":"pt-BR","@id":"https:\/\/jornalfatosenoticias.com.br\/#\/schema\/person\/image\/","url":"https:\/\/jornalfatosenoticias.com.br\/wp-content\/uploads\/2025\/05\/EU_portal.jpg","contentUrl":"https:\/\/jornalfatosenoticias.com.br\/wp-content\/uploads\/2025\/05\/EU_portal.jpg","caption":"Luzimara Fernandes"},"description":"Jornalista MTB 2358-ES","sameAs":["https:\/\/jornalfatosenoticias.com.br"],"url":"https:\/\/jornalfatosenoticias.com.br\/index.php\/author\/luzimara\/"}]}},"cc_featured_image_caption":{"caption_text":"(Foto: Freepik)","source_text":"","source_url":""},"jetpack_featured_media_url":"https:\/\/jornalfatosenoticias.com.br\/wp-content\/uploads\/2024\/06\/arroz.jpg","_links":{"self":[{"href":"https:\/\/jornalfatosenoticias.com.br\/index.php\/wp-json\/wp\/v2\/posts\/51716","targetHints":{"allow":["GET"]}}],"collection":[{"href":"https:\/\/jornalfatosenoticias.com.br\/index.php\/wp-json\/wp\/v2\/posts"}],"about":[{"href":"https:\/\/jornalfatosenoticias.com.br\/index.php\/wp-json\/wp\/v2\/types\/post"}],"author":[{"embeddable":true,"href":"https:\/\/jornalfatosenoticias.com.br\/index.php\/wp-json\/wp\/v2\/users\/2"}],"replies":[{"embeddable":true,"href":"https:\/\/jornalfatosenoticias.com.br\/index.php\/wp-json\/wp\/v2\/comments?post=51716"}],"version-history":[{"count":0,"href":"https:\/\/jornalfatosenoticias.com.br\/index.php\/wp-json\/wp\/v2\/posts\/51716\/revisions"}],"wp:featuredmedia":[{"embeddable":true,"href":"https:\/\/jornalfatosenoticias.com.br\/index.php\/wp-json\/wp\/v2\/media\/51717"}],"wp:attachment":[{"href":"https:\/\/jornalfatosenoticias.com.br\/index.php\/wp-json\/wp\/v2\/media?parent=51716"}],"wp:term":[{"taxonomy":"category","embeddable":true,"href":"https:\/\/jornalfatosenoticias.com.br\/index.php\/wp-json\/wp\/v2\/categories?post=51716"},{"taxonomy":"post_tag","embeddable":true,"href":"https:\/\/jornalfatosenoticias.com.br\/index.php\/wp-json\/wp\/v2\/tags?post=51716"}],"curies":[{"name":"wp","href":"https:\/\/api.w.org\/{rel}","templated":true}]}}