{"id":51725,"date":"2024-06-04T16:05:30","date_gmt":"2024-06-04T19:05:30","guid":{"rendered":"https:\/\/jornalfatosenoticias.com.br\/?p=51725"},"modified":"2024-06-04T16:05:31","modified_gmt":"2024-06-04T19:05:31","slug":"20-teses-insolitas-que-acabaram-de-sair-do-forno-nas-universidades-do-brasil","status":"publish","type":"post","link":"https:\/\/jornalfatosenoticias.com.br\/index.php\/2024\/06\/04\/20-teses-insolitas-que-acabaram-de-sair-do-forno-nas-universidades-do-brasil\/","title":{"rendered":"20 teses ins\u00f3litas que acabaram de sair do forno nas universidades do Brasil"},"content":{"rendered":"\n<p><em><span class=\"has-inline-color has-black-color\">Campus da Universidade do Estado do Rio de Janeiro (Uerj)<\/span><\/em><\/p>\n\n\n\n<p><span class=\"has-inline-color has-black-color\">Por <strong><a href=\"https:\/\/www.gazetadopovo.com.br\/autor\/gabriel-de-arruda-castro\/\">Gabriel de Arruda Castro<\/a><\/strong><\/span><\/p>\n\n\n\n<div class=\"wp-block-image\"><figure class=\"aligncenter size-large\"><img loading=\"lazy\" decoding=\"async\" width=\"729\" height=\"90\" src=\"https:\/\/jornalfatosenoticias.com.br\/wp-content\/uploads\/2020\/02\/Logo_Mizu.png\" alt=\"\" class=\"wp-image-1441\" srcset=\"https:\/\/jornalfatosenoticias.com.br\/wp-content\/uploads\/2020\/02\/Logo_Mizu.png 729w, https:\/\/jornalfatosenoticias.com.br\/wp-content\/uploads\/2020\/02\/Logo_Mizu-300x37.png 300w\" sizes=\"auto, (max-width: 729px) 100vw, 729px\" \/><\/figure><\/div>\n\n\n\n<p>Uma disserta\u00e7\u00e3o de\u00a0mestrado em Direito segundo a qual o agroneg\u00f3cio condena o Brasil ao subdesenvolvimento (por culpa do capitalismo). Uma tese de doutorado em Lingu\u00edstica que denuncia o &#8220;golpe&#8221; que derrubou Dilma Rousseff do poder em 2016. Uma disserta\u00e7\u00e3o de mestrado em Arquitetura que fala em \u201cbinariedade\u201d de g\u00eanero e no simbolismo da \u201csa\u00edda do arm\u00e1rio\u201d. A elite acad\u00eamica brasileira tem produzido trabalhos curiosos.<br>Uma reportagem da Gazeta do Povo j\u00e1 demonstrou que Karl Marx, Michel Foucault e Paulo Freire s\u00e3o os autores mais citados por mestrandos e doutorandos brasileiros. O levantamento usou a ferramenta Pinpoint, em parceria com o Google, para identificar alguns exemplos peculiares da produ\u00e7\u00e3o acad\u00eamica recente. Ao todo, a reportagem analisou a \u00edntegra de sete mil teses e disserta\u00e7\u00f5es: cinco mil produzidas em 2023 e duas mil em 2022.<\/p>\n\n\n\n<div class=\"wp-block-image\"><figure class=\"aligncenter size-large is-resized\"><img loading=\"lazy\" decoding=\"async\" src=\"https:\/\/jornalfatosenoticias.com.br\/wp-content\/uploads\/2020\/02\/logo-Rapuzel-1024x571.jpg\" alt=\"\" class=\"wp-image-42808\" width=\"377\" height=\"210\" srcset=\"https:\/\/jornalfatosenoticias.com.br\/wp-content\/uploads\/2020\/02\/logo-Rapuzel-1024x571.jpg 1024w, https:\/\/jornalfatosenoticias.com.br\/wp-content\/uploads\/2020\/02\/logo-Rapuzel-300x167.jpg 300w, https:\/\/jornalfatosenoticias.com.br\/wp-content\/uploads\/2020\/02\/logo-Rapuzel-768x428.jpg 768w, https:\/\/jornalfatosenoticias.com.br\/wp-content\/uploads\/2020\/02\/logo-Rapuzel-1536x856.jpg 1536w, https:\/\/jornalfatosenoticias.com.br\/wp-content\/uploads\/2020\/02\/logo-Rapuzel.jpg 1600w\" sizes=\"auto, (max-width: 377px) 100vw, 377px\" \/><\/figure><\/div>\n\n\n\n<p>Agora, em uma an\u00e1lise ainda mais detalhada, separamos 20 disserta\u00e7\u00f5es de mestrado e teses de doutorado que se destacam pelo car\u00e1ter inusitado. Na melhor das hip\u00f3teses. Para ler a \u00edntegra de cada trabalho, basta clicar no t\u00edtulo. <em><strong>Aviso: <\/strong>alguns trechos t\u00eam linguajar chulo.<\/em><\/p>\n\n\n\n<div class=\"wp-block-image\"><figure class=\"aligncenter size-large\"><img loading=\"lazy\" decoding=\"async\" width=\"300\" height=\"250\" src=\"https:\/\/jornalfatosenoticias.com.br\/wp-content\/uploads\/2020\/02\/Banner-2.png\" alt=\"\" class=\"wp-image-43787\"\/><\/figure><\/div>\n\n\n\n<p><strong><a href=\"https:\/\/journaliststudio.google.com\/u\/0\/pinpoint\/document-view?collection=bdf7d5e2701ae7a5&amp;p=1&amp;docid=b5d9dd7ae8fab212_bdf7d5e2701ae7a5&amp;page=1\">1. Toda crian\u00e7a \u00e9 queer? \u201cOu isto ou aquilo\u201d\u00a0\u00a0<br><\/a>Curso:<\/strong> Mestrado em Educa\u00e7\u00e3o<br><strong>Institui\u00e7\u00e3o de Ensino:<\/strong> Universidade Federal Fluminense (UFF)<br><strong>Autora: <\/strong>Danielle Ferreira Bastos<br><strong>Trecho:<\/strong> \u201cContudo, os apontamentos de Freud, universais e atemporais, cuja sexualidade humana \u00e9 a trama que reinventada e respeitosa ao mundo interno do sujeito, reapropria a crian\u00e7a que Freud j\u00e1 trazia como &#8216;viada&#8217; e que a todo custo a sociedade tenta \u2018desviadizar\u2019\u201d.<\/p>\n\n\n\n<div class=\"wp-block-image\"><figure class=\"aligncenter size-large\"><img decoding=\"async\" src=\"https:\/\/jornalfatosenoticias.com.br\/wp-content\/uploads\/2020\/02\/barao-das-carnes-300x164-1.jpg\" alt=\"\" class=\"wp-image-34339\"\/><\/figure><\/div>\n\n\n\n<p><strong><a href=\"https:\/\/journaliststudio.google.com\/u\/0\/pinpoint\/document-view?collection=ddde60d7bc32a3f0&amp;p=1&amp;docid=413a8f64eed56a1f_ddde60d7bc32a3f0\">2.\u00a0Uma cr\u00edtica criminol\u00f3gica: o populismo penal como projeto pol\u00edtico neutralizador de corpos<br><\/a>Curso:<\/strong> Mestrado em Direito<br>Institui\u00e7\u00e3o de Ensino: \u00a0Pontif\u00edcia Universidade Cat\u00f3lica de Minas Gerais (PUC Minas)<br><strong>Autora: <\/strong>Alessandra Alvares Bueno Da Rosa<br><strong>Trecho:<\/strong> \u201cPena n\u00e3o educa \u2014 \u00e9 castigo n\u00e3o pedag\u00f3gico, fruto de uma heran\u00e7a religiosa, compondo a ral\u00e9 estrutural do sistema prisional marcado pela desigualdade da sociedade perif\u00e9rica. O controle sobre as massas \u00e9 feito por meio das pris\u00f5es. A alternativa contra esse dispositivo do capitalismo contempor\u00e2neo \u00e9 despolitizar o delito, descentralizar a puni\u00e7\u00e3o. N\u00e3o \u00e9 o arb\u00edtrio e tampouco a luta por um caos. A origem da pris\u00e3o n\u00e3o \u00e9 jur\u00eddica, \u00e9 um instrumento de controle da sociedade capitalista\u201d.<\/p>\n\n\n\n<div class=\"wp-block-image\"><figure class=\"aligncenter size-large\"><img loading=\"lazy\" decoding=\"async\" width=\"300\" height=\"250\" src=\"https:\/\/jornalfatosenoticias.com.br\/wp-content\/uploads\/2022\/02\/FERRARI_MAQUINAS-E-FERRAMENTAS2.jpg\" alt=\"\" class=\"wp-image-27860\"\/><\/figure><\/div>\n\n\n\n<p><strong><a href=\"https:\/\/www.bdtd.uerj.br:8443\/bitstream\/1\/20708\/2\/Tese%20-%20Sindia%20Cristina%20Martins%20dos%20Santos%20-%202023%20-%20Completa.pdf\">3. Estado brux\u00f3lico. As bruxas como tecnologia de resist\u00eancia<br><\/a>Curso: <\/strong>Doutorado em Comunica\u00e7\u00e3o<br><strong>Institui\u00e7\u00e3o de Ensino: <\/strong>Universidade do Estado do Rio de Janeiro (UERJ)<br><strong>Autora: <\/strong>Sindia Cristina Martins dos Santos<br><strong>Trecho:<\/strong> \u201cA partir desses agenciamentos\u00a0te\u00f3ricos, surge a no\u00e7\u00e3o de estado brux\u00f3lico como um corpo-exist\u00eancia que se constitui diante de acontecimentos fomentadores de um determinado imagin\u00e1rio ligado \u00e0 mulher \u2014 infantic\u00eddio, mitologemas sobre o \u00fatero como animal que caminha no interior do corpo\u00a0feminino, a capacidade de lidar com o caos, o disp\u00eandio etc.\u201d.<\/p>\n\n\n\n<div class=\"wp-block-image\"><figure class=\"aligncenter size-large is-resized\"><img loading=\"lazy\" decoding=\"async\" src=\"https:\/\/jornalfatosenoticias.com.br\/wp-content\/uploads\/2023\/03\/nova-logo-Marquetti.jpg\" alt=\"\" class=\"wp-image-40207\" width=\"340\" height=\"228\" srcset=\"https:\/\/jornalfatosenoticias.com.br\/wp-content\/uploads\/2023\/03\/nova-logo-Marquetti.jpg 643w, https:\/\/jornalfatosenoticias.com.br\/wp-content\/uploads\/2023\/03\/nova-logo-Marquetti-300x202.jpg 300w\" sizes=\"auto, (max-width: 340px) 100vw, 340px\" \/><\/figure><\/div>\n\n\n\n<p><strong><a href=\"https:\/\/journaliststudio.google.com\/u\/0\/pinpoint\/document-view?collection=bdf7d5e2701ae7a5&amp;p=1&amp;docid=414dea28840eb0f1_bdf7d5e2701ae7a5\">4. Sapatonas caminhoneiras negras e o mercado de trabalho como um desafio<br><\/a>Curso: <\/strong>Mestrado em Pol\u00edticas P\u00fablicas<br><strong>Institui\u00e7\u00e3o de Ensino:<\/strong> Universidade Federal do Piau\u00ed (UFPI)<br><strong>Autora: <\/strong>Luara Dias Silva<br><strong>Trecho: <\/strong>\u201cNa sociedade capitalista em que vivemos o acesso ao mercado de trabalho \u00e9 o principal meio de subsist\u00eancia das classes populares, de todos aqueles que n\u00e3o det\u00e9m o capital, para as mulheres estar nesses espa\u00e7os de trabalho foi um processo de conquista ao logo dos anos, porque o capitalismo se sustenta em bases racistas, patriarcais, classistas e LGBTf\u00f3bicas com a l\u00f3gica que rege a heterocisnoma\u201d.<\/p>\n\n\n\n<div class=\"wp-block-image\"><figure class=\"aligncenter size-large is-resized\"><img loading=\"lazy\" decoding=\"async\" src=\"https:\/\/jornalfatosenoticias.com.br\/wp-content\/uploads\/2020\/02\/CONTROL-CS.jpg\" alt=\"\" class=\"wp-image-44991\" width=\"281\" height=\"337\" srcset=\"https:\/\/jornalfatosenoticias.com.br\/wp-content\/uploads\/2020\/02\/CONTROL-CS.jpg 834w, https:\/\/jornalfatosenoticias.com.br\/wp-content\/uploads\/2020\/02\/CONTROL-CS-250x300.jpg 250w, https:\/\/jornalfatosenoticias.com.br\/wp-content\/uploads\/2020\/02\/CONTROL-CS-768x921.jpg 768w\" sizes=\"auto, (max-width: 281px) 100vw, 281px\" \/><\/figure><\/div>\n\n\n\n<p><strong><a href=\"https:\/\/journaliststudio.google.com\/u\/0\/pinpoint\/document-view?collection=bdf7d5e2701ae7a5&amp;p=1&amp;docid=cd2ae45968949fe7_bdf7d5e2701ae7a5&amp;page=1\">5.\u00a0Uma cr\u00edtica \u00e0 cisnormatividade pelas perspectivas decolonial e anarquista<br><\/a>Curso:<\/strong> Mestrado em Filosofia<br><strong>Institui\u00e7\u00e3o de Ensino:<\/strong> Universidade Federal do Rio de Janeiro (UFRJ)<br><strong>Autor:<\/strong> Cello Latini Pfeil<br><strong>Trecho: <\/strong>\u201cCorpos que fogem \u00e0s regras da colonialidade patriarcal branca, em rela\u00e7\u00e3o a g\u00eanero e sexualidade, s\u00e3o sistematicamente exclu\u00eddos dos espa\u00e7os de produ\u00e7\u00e3o de conhecimento e da possibilidade de empregabilidade. Essa \u00e9 a express\u00e3o da colonialidade cisg\u00eanera e das ciscolonialidades. As ciscolonialidades seriam, ent\u00e3o, em nossa interpreta\u00e7\u00e3o, origin\u00e1rias da colonialidade cisg\u00eanera, tal como opress\u00f5es patriarcais contra corpos considerados femininos seriam origin\u00e1rias da colonialidade de g\u00eanero\u201d.<\/p>\n\n\n\n<div class=\"wp-block-image\"><figure class=\"aligncenter size-large is-resized\"><img loading=\"lazy\" decoding=\"async\" src=\"https:\/\/jornalfatosenoticias.com.br\/wp-content\/uploads\/2022\/02\/Precisao-Contabilidade-1024x724.jpg\" alt=\"\" class=\"wp-image-28088\" width=\"355\" height=\"251\"\/><\/figure><\/div>\n\n\n\n<p><strong><a href=\"https:\/\/journaliststudio.google.com\/u\/0\/pinpoint\/document-view?collection=bdf7d5e2701ae7a5&amp;p=1&amp;docid=2e7068be41d23a6_bdf7d5e2701ae7a5\">6. Boate Chantecler: a representa\u00e7\u00e3o da ascens\u00e3o e do decl\u00ednio nos espa\u00e7os de prazer do Recife (1939-1984)<br><\/a>Curso:<\/strong> Mestrado em Hist\u00f3ria<br><strong>Institui\u00e7\u00e3o de Ensino:<\/strong> Universidade Federal Fluminense (UFF)<br><strong>Autora:<\/strong> Ol\u00edvia Tereza Pinheiro de Siqueira<br><strong>Trecho: <\/strong>\u201cO maior arcabou\u00e7o te\u00f3rico desse trabalho est\u00e1 pautado nas teorias feministas, buscando abranger pelo menos tr\u00eas vertentes: o feminismo euroc\u00eantrico, o feminismo decolonial e o p*tafeminismo&#8221;.<\/p>\n\n\n\n<div class=\"wp-block-image\"><figure class=\"aligncenter size-large is-resized\"><img loading=\"lazy\" decoding=\"async\" src=\"https:\/\/jornalfatosenoticias.com.br\/wp-content\/uploads\/2023\/08\/ITH.jpeg\" alt=\"\" class=\"wp-image-44638\" width=\"333\" height=\"270\" srcset=\"https:\/\/jornalfatosenoticias.com.br\/wp-content\/uploads\/2023\/08\/ITH.jpeg 800w, https:\/\/jornalfatosenoticias.com.br\/wp-content\/uploads\/2023\/08\/ITH-300x244.jpeg 300w, https:\/\/jornalfatosenoticias.com.br\/wp-content\/uploads\/2023\/08\/ITH-768x624.jpeg 768w\" sizes=\"auto, (max-width: 333px) 100vw, 333px\" \/><\/figure><\/div>\n\n\n\n<p><strong><a href=\"https:\/\/journaliststudio.google.com\/u\/1\/pinpoint\/document-view?collection=bdf7d5e2701ae7a5&amp;p=1&amp;docid=4dd535700a0c2f3b_bdf7d5e2701ae7a5&amp;page=1\">7. As aberturas pol\u00edticas a partir das fraturas: Caminhos para desempedrarmos nossos cora\u00e7\u00f5es numa Am\u00e9rica Latina atravessada pela modernidade e pelo neoliberalismo<br><\/a>Curso:<\/strong> Mestrado em Rela\u00e7\u00f5es Internacionais<br><strong>Institui\u00e7\u00e3o de Ensino:<\/strong> Pontif\u00edcia Universidade Cat\u00f3lica (PUC Rio)<br><strong>Autor: <\/strong>Jo\u00e3o Pedro Barbosa Marins<br><strong>Trecho: <\/strong>\u201cNesse sentido, resgatar o pensamento de outras culturas que habitam a Am\u00e9rica Latina pode nos ajudar a seguir nesta dire\u00e7\u00e3o. Um exemplo dessas contribui\u00e7\u00f5es \u00e9 a partir de um entendimento da cultura Tsetal, que busca um desempedrar desses cora\u00e7\u00f5es que foram t\u00e3o endurecidos pelo individualismo da racionalidade neoliberal ou pela predat\u00f3ria rela\u00e7\u00e3o com a natureza e com todos os seres que a modernidade encarna, juntamente com seu projeto de legitimar s\u00f3 um tipo de sociedade, aquela considerada moderna\u201d.<\/p>\n\n\n\n<div class=\"wp-block-image\"><figure class=\"aligncenter size-large is-resized\"><img loading=\"lazy\" decoding=\"async\" src=\"https:\/\/jornalfatosenoticias.com.br\/wp-content\/uploads\/2023\/08\/BKR-1024x1021.jpg\" alt=\"\" class=\"wp-image-44494\" width=\"319\" height=\"318\" srcset=\"https:\/\/jornalfatosenoticias.com.br\/wp-content\/uploads\/2023\/08\/BKR-1024x1021.jpg 1024w, https:\/\/jornalfatosenoticias.com.br\/wp-content\/uploads\/2023\/08\/BKR-300x300.jpg 300w, https:\/\/jornalfatosenoticias.com.br\/wp-content\/uploads\/2023\/08\/BKR-150x150.jpg 150w, https:\/\/jornalfatosenoticias.com.br\/wp-content\/uploads\/2023\/08\/BKR-768x766.jpg 768w, https:\/\/jornalfatosenoticias.com.br\/wp-content\/uploads\/2023\/08\/BKR.jpg 1080w\" sizes=\"auto, (max-width: 319px) 100vw, 319px\" \/><\/figure><\/div>\n\n\n\n<p><strong><a href=\"https:\/\/journaliststudio.google.com\/u\/0\/pinpoint\/document-view?collection=bdf7d5e2701ae7a5&amp;p=1&amp;docid=5c990bee94377703_bdf7d5e2701ae7a5&amp;page=1\">8. O corpo feminino e sua via crucis: uma leitura de Clarice Lispector<br><\/a>Curso:<\/strong> Doutorado em Letras<br><strong>Institui\u00e7\u00e3o de Ensino: <\/strong>Universidade Federal do Par\u00e1 (UFPA)<br><strong>Autora: <\/strong>Julie Christie Damasceno Leal<br><strong>Trecho:<\/strong> \u201cSe para o cristianismo o corpo humano \u00e9 algo imperfeito, pecaminoso, falho e perec\u00edvel, o corpo feminino por sua vez \u00e9 visto como algo ainda mais depreci\u00e1vel. Cada religi\u00e3o estabelece para seus seguidores um conjunto de normas que devem ser seguidos sem qualquer questionamento: os dogmas\u201d.<\/p>\n\n\n\n<div class=\"wp-block-image\"><figure class=\"aligncenter size-large is-resized\"><img loading=\"lazy\" decoding=\"async\" src=\"https:\/\/jornalfatosenoticias.com.br\/wp-content\/uploads\/2023\/09\/vetorvix1024_1.jpg\" alt=\"\" class=\"wp-image-44868\" width=\"501\" height=\"133\" srcset=\"https:\/\/jornalfatosenoticias.com.br\/wp-content\/uploads\/2023\/09\/vetorvix1024_1.jpg 1024w, https:\/\/jornalfatosenoticias.com.br\/wp-content\/uploads\/2023\/09\/vetorvix1024_1-300x80.jpg 300w, https:\/\/jornalfatosenoticias.com.br\/wp-content\/uploads\/2023\/09\/vetorvix1024_1-768x205.jpg 768w\" sizes=\"auto, (max-width: 501px) 100vw, 501px\" \/><\/figure><\/div>\n\n\n\n<p><strong><a href=\"https:\/\/journaliststudio.google.com\/u\/0\/pinpoint\/document-view?collection=bdf7d5e2701ae7a5&amp;p=1&amp;docid=d991ecbc952bad45_bdf7d5e2701ae7a5&amp;page=1\">9. Representa\u00e7\u00e3o, hegemonia e viol\u00eancia divina a partir dos discursos sobre a destitui\u00e7\u00e3o de Dilma Rousseff: uma an\u00e1lise dos document\u00e1rios Democracia em Vertigem e N\u00e3o Vai Ter Golpe<br><\/a>Curso:<\/strong> Mestrado em Lingu\u00edstica Aplicada<br><strong>Institui\u00e7\u00e3o de Ensino:<\/strong> Universidade Estadual do Cear\u00e1 (UECE)<br><strong>Autor: <\/strong>Francisco Djefrey Simplicio Pereira<br><strong>Trecho: <\/strong>\u201cO trabalho \u00e9 oportuno, visto que a narrativa democr\u00e1tica fascista-liberal, nos termos de Boaventura (2010), do MBL tem conseguido \u201creunir partidos de espectros pol\u00edticos diversos\u201d, cooptando parte da esquerda e centro-esquerda brasileiras (PEREIRA, 2021, p.1), na tentativa de morte e ressurrei\u00e7\u00e3o antecipada de um representante pol\u00edtico para a disputa da presid\u00eancia de 2022\u201d.<\/p>\n\n\n\n<div class=\"wp-block-image\"><figure class=\"aligncenter size-large is-resized\"><img loading=\"lazy\" decoding=\"async\" src=\"https:\/\/jornalfatosenoticias.com.br\/wp-content\/uploads\/2023\/03\/logo-Panper_portal.jpg\" alt=\"\" class=\"wp-image-40208\" width=\"331\" height=\"229\" srcset=\"https:\/\/jornalfatosenoticias.com.br\/wp-content\/uploads\/2023\/03\/logo-Panper_portal.jpg 400w, https:\/\/jornalfatosenoticias.com.br\/wp-content\/uploads\/2023\/03\/logo-Panper_portal-300x208.jpg 300w\" sizes=\"auto, (max-width: 331px) 100vw, 331px\" \/><\/figure><\/div>\n\n\n\n<p><strong><a href=\"https:\/\/journaliststudio.google.com\/u\/0\/pinpoint\/document-view?collection=bdf7d5e2701ae7a5&amp;p=1&amp;docid=42417948fc64bfbd_bdf7d5e2701ae7a5&amp;page=1\">10. &#8220;A gente mal nasce e come\u00e7a a morrer&#8221;: micropol\u00edticas do desejo de morte e pr\u00e1ticas de resist\u00eancia em trajetos homossexuais<br><\/a>Curso:<\/strong> Doutorado em Psicologia<br><strong>Institui\u00e7\u00e3o de Ensino: <\/strong>Universidade Federal do Rio Grande do Norte (UFRN)<br><strong>Autor:<\/strong> Antonio Leonardo Figueiredo Calou<br><strong>Trecho: <\/strong>\u201cA c<em>ceta \u00e9 um termo criado para fazer refer\u00eancia a um sexo que se aproxima da b<\/em>ceta (vagina), mas que n\u00e3o \u00e9 ela, talvez uma forma maquiada dela. Por um lado, \u00e9 uma tentativa edipianizante e faloc\u00eantrica, pois uma vez que aproxima o c* de objetos sexuais que tem sentidos determinados e fixos de se exercer e funcionar, ela o faz requerendo um lugar social, um lugar de poder para ela, que de certa forma j\u00e1 dita o que nela pode entrar e para quem ela servir\u00e1. A c<em>ceta desinveste o c<\/em> de seu aspecto democr\u00e1tico e libert\u00e1rio, impedindo seus fluxos experimentativos e desviantes, lhes dirigindo a produ\u00e7\u00e3o de um outro objeto com um conjunto de normas e estruturas\u201d.<\/p>\n\n\n\n<div class=\"wp-block-image\"><figure class=\"aligncenter size-large is-resized\"><img loading=\"lazy\" decoding=\"async\" src=\"https:\/\/jornalfatosenoticias.com.br\/wp-content\/uploads\/2023\/12\/pegoretti-logo-pdf-1024x389.jpg\" alt=\"\" class=\"wp-image-47536\" width=\"506\" height=\"192\" srcset=\"https:\/\/jornalfatosenoticias.com.br\/wp-content\/uploads\/2023\/12\/pegoretti-logo-pdf-1024x389.jpg 1024w, https:\/\/jornalfatosenoticias.com.br\/wp-content\/uploads\/2023\/12\/pegoretti-logo-pdf-300x114.jpg 300w, https:\/\/jornalfatosenoticias.com.br\/wp-content\/uploads\/2023\/12\/pegoretti-logo-pdf-768x291.jpg 768w, https:\/\/jornalfatosenoticias.com.br\/wp-content\/uploads\/2023\/12\/pegoretti-logo-pdf.jpg 1120w\" sizes=\"auto, (max-width: 506px) 100vw, 506px\" \/><\/figure><\/div>\n\n\n\n<p><strong><a href=\"https:\/\/journaliststudio.google.com\/u\/0\/pinpoint\/document-view?collection=bdf7d5e2701ae7a5&amp;p=1&amp;docid=dc4b2dfca94d484f_bdf7d5e2701ae7a5&amp;page=1\">11. O discurso sobre a universidade p\u00fablica e o saber cient\u00edfico em meio ao negacionismo no governo Bolsonaro<br><\/a>Curso:<\/strong> Doutorado em Lingu\u00edstica e Literatura<br><strong>Institui\u00e7\u00e3o de Ensino:<\/strong> Universidade Federal de Alagoas (UFAL)<br><strong>Autora: <\/strong>Simone Natividade Santos<br><strong>Trecho: <\/strong>\u201cO golpe de Estado deu abertura para que institu\u00edsse o governo provis\u00f3rio de Michel Temer desencadeando em reformas de cunho educacional, trabalhista e previdenci\u00e1rio que eliminaram direitos importantes que foram alcan\u00e7ados ap\u00f3s a redemocratiza\u00e7\u00e3o do pa\u00eds com a Constitui\u00e7\u00e3o Federal de 1988. O seu programa: &#8216;Uma ponte para o futuro&#8217;, na verdade, mostrava o seu intento regressivo, em que direitos foram esfacelados principalmente para a classe dominada\u201d.<\/p>\n\n\n\n<div class=\"wp-block-image\"><figure class=\"aligncenter size-large is-resized\"><img loading=\"lazy\" decoding=\"async\" src=\"https:\/\/jornalfatosenoticias.com.br\/wp-content\/uploads\/2020\/02\/logo_esteio.jpg\" alt=\"\" class=\"wp-image-1214\" width=\"342\" height=\"285\"\/><\/figure><\/div>\n\n\n\n<p><strong><a href=\"https:\/\/journaliststudio.google.com\/u\/0\/pinpoint\/document-view?collection=bdf7d5e2701ae7a5&amp;p=1&amp;docid=40a4337b092a4f62_bdf7d5e2701ae7a5&amp;page=1\">12. M\u00faltiplos modos de mover politicamente os corpos no rap: cartografia dos regimes coreopol\u00edticos do rap do Brasil e dos EUA<br><\/a>Curso:<\/strong> Doutorado em Comunica\u00e7\u00e3o<br><strong>Institui\u00e7\u00e3o de Ensino:<\/strong> Universidade Federal de Pernambuco (UFPE)<br><strong>Autor:<\/strong> M\u00e1rio Augusto Oliveira Monteiro Rolim<br>T<strong>recho: <\/strong>\u201cDo lado do regime hardcore, o sexo e a sedu\u00e7\u00e3o apareciam em performances que costuma(va)m trazer as mulheres como objetos a serem dominados ou ostentados, algo que tamb\u00e9m acontecia no regime de baile, mas com um comprometimento maior com uma postura vertical e r\u00edgida do corpo, mais recusa \u00e0 \u201cdan\u00e7a\u201d e \u00e0 exposi\u00e7\u00e3o do c*, e (talvez) mais misoginia\u201d.<\/p>\n\n\n\n<div class=\"wp-block-image\"><figure class=\"aligncenter size-large\"><img loading=\"lazy\" decoding=\"async\" width=\"300\" height=\"250\" src=\"https:\/\/jornalfatosenoticias.com.br\/wp-content\/uploads\/2020\/02\/Banner-2.png\" alt=\"\" class=\"wp-image-43787\"\/><\/figure><\/div>\n\n\n\n<p><strong><a href=\"https:\/\/journaliststudio.google.com\/u\/0\/pinpoint\/document-view?collection=bdf7d5e2701ae7a5&amp;p=1&amp;docid=8176956985d686b3_bdf7d5e2701ae7a5&amp;page=1\">13.\u00a0Lingujando na Coletiva Elas Poemas: entre cuidados, poemas e devir na busca de n\u00f3s\u00a0<br><\/a>Curso:<\/strong> Mestrado em Lingu\u00edstica Aplicada<br><strong>Institui\u00e7\u00e3o de Ensino: <\/strong>Universidade Estadual do Cear\u00e1 (UECE)<br><strong>Autora:<\/strong> Ana Malba Ara\u00fajo de Queiroz<br><strong>Trecho: <\/strong>\u201cComo objetos para o deleite masculino, fomos impedidas de compreender o nosso corpo, de vivenciar nosso potencial org\u00e1stico, como anuncia a minha poema: &#8216;Sua boca fica melhor chupando\/ E eu fico melhor gozando!&#8217;\u201d.<\/p>\n\n\n\n<div class=\"wp-block-image\"><figure class=\"aligncenter size-large is-resized\"><img loading=\"lazy\" decoding=\"async\" src=\"https:\/\/jornalfatosenoticias.com.br\/wp-content\/uploads\/2020\/02\/CONTROL-CS.jpg\" alt=\"\" class=\"wp-image-44991\" width=\"314\" height=\"377\" srcset=\"https:\/\/jornalfatosenoticias.com.br\/wp-content\/uploads\/2020\/02\/CONTROL-CS.jpg 834w, https:\/\/jornalfatosenoticias.com.br\/wp-content\/uploads\/2020\/02\/CONTROL-CS-250x300.jpg 250w, https:\/\/jornalfatosenoticias.com.br\/wp-content\/uploads\/2020\/02\/CONTROL-CS-768x921.jpg 768w\" sizes=\"auto, (max-width: 314px) 100vw, 314px\" \/><\/figure><\/div>\n\n\n\n<p><strong><a href=\"https:\/\/www.bdtd.uerj.br:8443\/bitstream\/1\/21516\/2\/Disserta%c3%a7%c3%a3o%20-%20Willian%20Thompson%20Silva%20Gomes%20-%202023%20-%20Completa.pdf\">14. Do planejamento sovi\u00e9tico \u00e0 Nova Economia do Projetamento<br><\/a>Curso: <\/strong>Mestrado em Ci\u00eancias Econ\u00f4micas<br><strong>Institui\u00e7\u00e3o de Ensino:<\/strong> Universidade do Estado do Rio de Janeiro (UERJ)<br><strong>Autor:<\/strong> Willian Thompson Silva Gomes<br><strong>Trecho: <\/strong>\u201cVimos que com os recursos computacionais atuais e outras tecnologias n\u00e3o existentes durante a Guerra-Fria \u00e9 poss\u00edvel pensar numa alternativa econ\u00f4mica, contr\u00e1ria ao capitalismo, necess\u00e1ria para resolver os problemas que a humanidade vai ter que encarar durante este s\u00e9culo e o pr\u00f3ximo. Para esta pesquisa foram utilizados livros e artigos acad\u00eamicos relevantes ao trabalho, utilizando essencialmente o arcabou\u00e7o de conhecimento econ\u00f4mico marxista\u201d.   <\/p>\n\n\n\n<div class=\"wp-block-image\"><figure class=\"aligncenter size-large\"><img loading=\"lazy\" decoding=\"async\" width=\"300\" height=\"250\" src=\"https:\/\/jornalfatosenoticias.com.br\/wp-content\/uploads\/2022\/02\/FERRARI_MAQUINAS-E-FERRAMENTAS2.jpg\" alt=\"\" class=\"wp-image-27860\"\/><\/figure><\/div>\n\n\n\n<p><a href=\"https:\/\/journaliststudio.google.com\/u\/0\/pinpoint\/document-view?collection=bdf7d5e2701ae7a5&amp;p=1&amp;docid=9c67be678a61248a_bdf7d5e2701ae7a5&amp;page=1\"><strong>15. Como Se Faz um Corpo Queer?: Revolu\u00e7\u00e3o Biomolecular Contra o Imp\u00e9rio Farmacopornogr\u00e1fico<br><\/strong><\/a><strong>Curso:<\/strong> Mestrado em Direito<br><strong>Institui\u00e7\u00e3o de Ensino:<\/strong> Unversidade Federal de Minas Gerais (UFMG)<br><strong>Autor:<\/strong> Thiago C\u00e9sar Carvalho dos Santos<br><strong>Trecho:<\/strong> \u201cO objetivo deste trabalho \u00e9 compreender os processos para a feitura de um corpo queer, ou apontar os caminhos poss\u00edveis para ativa\u00e7\u00e3o dessa queeridade. Nesse sentido, foi importante compreender os modos de produ\u00e7\u00e3o dos corpos-sujeitos operados pelo funcionamento da m\u00e1quina bipolar capitalista, para ent\u00e3o pensar e experimentar estrat\u00e9gias, n\u00e3o s\u00f3 de resist\u00eancia, mas de destitui\u00e7\u00e3o desse regime\u201d.<\/p>\n\n\n\n<div class=\"wp-block-image\"><figure class=\"aligncenter size-large is-resized\"><img loading=\"lazy\" decoding=\"async\" src=\"https:\/\/jornalfatosenoticias.com.br\/wp-content\/uploads\/2023\/03\/nova-logo-Marquetti.jpg\" alt=\"\" class=\"wp-image-40207\" width=\"346\" height=\"232\" srcset=\"https:\/\/jornalfatosenoticias.com.br\/wp-content\/uploads\/2023\/03\/nova-logo-Marquetti.jpg 643w, https:\/\/jornalfatosenoticias.com.br\/wp-content\/uploads\/2023\/03\/nova-logo-Marquetti-300x202.jpg 300w\" sizes=\"auto, (max-width: 346px) 100vw, 346px\" \/><\/figure><\/div>\n\n\n\n<p><strong><a href=\"https:\/\/journaliststudio.google.com\/u\/0\/pinpoint\/document-view?collection=bdf7d5e2701ae7a5&amp;p=1&amp;docid=45b44c582cfeb04f_bdf7d5e2701ae7a5&amp;page=1\">16. Honrar o <em>habitus<\/em>, apagar os corpos: uma fofoca carnavalizante sobre a hist\u00f3ria do Doutor<em> Honoris Causa<\/em> nas Faculdades de Direito p\u00fablicas do Brasil<br><\/a>Curso: <\/strong>Mestrado em Direito<br><strong>Institui\u00e7\u00e3o de Ensino:<\/strong> Universidade Federal de Minas Gerais (UFMG)<br><strong>Autor: <\/strong>Antonio Lopes de Almeida<br><strong>Trecho: <\/strong>\u201cMinha escrita e meus escritos \u2014 sei que \u00e9 injusto dizer que s\u00e3o meus, porque vivo roubando-lhes do dia a dia das pessoas acad\u00eamicas e n\u00e3o acad\u00eamicas \u2014 partem mais de coisas heterodoxas e perif\u00e9ricas que observo nas faculdades de Direito, nas conversas de mesa de bar e na vigil\u00e2ncia das redes sociais do que das bibliotecas, das trocas de e-mails com pesquisadoras ou dos eventos acad\u00eamicos. Por essa via, n\u00e3o acredito que esteja sendo incoerente com o que escrevi, mas mantenho a consci\u00eancia de que venho de baixo e pretendo permanecer embaixo com os tipos marginais e sem relev\u00e2ncia \u00e0 primeira vista. Nessa linha, a fofoca \u00e9 o melhor caminho ou m\u00e9thodos para experenciar e narrar a marginalidade\u201d.<\/p>\n\n\n\n<div class=\"wp-block-image\"><figure class=\"aligncenter size-large is-resized\"><img loading=\"lazy\" decoding=\"async\" src=\"https:\/\/jornalfatosenoticias.com.br\/wp-content\/uploads\/2023\/09\/vetorvix1024_1.jpg\" alt=\"\" class=\"wp-image-44868\" width=\"539\" height=\"143\" srcset=\"https:\/\/jornalfatosenoticias.com.br\/wp-content\/uploads\/2023\/09\/vetorvix1024_1.jpg 1024w, https:\/\/jornalfatosenoticias.com.br\/wp-content\/uploads\/2023\/09\/vetorvix1024_1-300x80.jpg 300w, https:\/\/jornalfatosenoticias.com.br\/wp-content\/uploads\/2023\/09\/vetorvix1024_1-768x205.jpg 768w\" sizes=\"auto, (max-width: 539px) 100vw, 539px\" \/><\/figure><\/div>\n\n\n\n<p><strong><a href=\"https:\/\/journaliststudio.google.com\/u\/0\/pinpoint\/document-view?collection=bdf7d5e2701ae7a5&amp;p=1&amp;docid=e2e94cf824408026_bdf7d5e2701ae7a5\">17. Acumula\u00e7\u00e3o Capitalista, Regula\u00e7\u00e3o do Trabalho e Agroneg\u00f3cio no Brasil: uma Rela\u00e7\u00e3o de Depend\u00eancia e Subdesenvolvimento<br><\/a>Curso:<\/strong> Mestrado em Direito<br><strong>Institui\u00e7\u00e3o de Ensino:<\/strong> Universidade Federal de Minas Gerais (UFMG)<br><strong>Autora:<\/strong> Yasmin Silveira Martins<br><strong>Trecho:<\/strong> \u201c\u00c9 imprescind\u00edvel a compreens\u00e3o de que o agroneg\u00f3cio fomenta o subdesenvolvimento do Brasil, ao contr\u00e1rio do desenvolvimento que o setor e seus ide\u00f3logos\/patrocinadores garantem. Destaca-se que isso ocorre justamente para viabilizar a acumula\u00e7\u00e3o de capitais por parte dos gigantes propriet\u00e1rios do setor agropecu\u00e1rio. E o que permite tal acumula\u00e7\u00e3o \u00e9, necessariamente, o pr\u00f3prio desenvolvimento do modo de produ\u00e7\u00e3o capitalista, que em sua din\u00e2mica evolutiva forjou o desenvolvimento de determinados pa\u00edses \u00e0s expensas do desenvolvimento de outros\u201d.<\/p>\n\n\n\n<div class=\"wp-block-image\"><figure class=\"aligncenter size-large is-resized\"><img loading=\"lazy\" decoding=\"async\" src=\"https:\/\/jornalfatosenoticias.com.br\/wp-content\/uploads\/2023\/08\/ITH.jpeg\" alt=\"\" class=\"wp-image-44638\" width=\"345\" height=\"281\" srcset=\"https:\/\/jornalfatosenoticias.com.br\/wp-content\/uploads\/2023\/08\/ITH.jpeg 800w, https:\/\/jornalfatosenoticias.com.br\/wp-content\/uploads\/2023\/08\/ITH-300x244.jpeg 300w, https:\/\/jornalfatosenoticias.com.br\/wp-content\/uploads\/2023\/08\/ITH-768x624.jpeg 768w\" sizes=\"auto, (max-width: 345px) 100vw, 345px\" \/><\/figure><\/div>\n\n\n\n<p><strong><a href=\"https:\/\/journaliststudio.google.com\/u\/0\/pinpoint\/document-view?collection=bdf7d5e2701ae7a5&amp;p=1&amp;docid=c43b0229da9bc402_bdf7d5e2701ae7a5&amp;page=1\">18. O aborto como instrumento de biopol\u00edtica<br><\/a>Curso:<\/strong> Mestrado em Direito<br><strong>Institui\u00e7\u00e3o de Ensino:<\/strong> Pontif\u00edcia Universidade Cat\u00f3lica de Minas Gerais (PUC Minas)<br><strong>Autora:<\/strong> Ana Maria Meinberg de Moraes<br><strong>Trecho: <\/strong>\u201cO discurso religioso segue presente no Brasil (e no mundo) e demonstra for\u00e7a na esfera pol\u00edtica e legislativa. O extremismo religioso pode agravar, ainda mais, a situa\u00e7\u00e3o da mulher como ser detentor de direitos e liberdades individuais, ao utilizar o discurso da mulher como fonte de pecado, agravado pelo discurso de assassinato de um ser humano (feto), que \u00e9 sagrado\u201d.<\/p>\n\n\n\n<div class=\"wp-block-image\"><figure class=\"aligncenter size-large is-resized\"><img loading=\"lazy\" decoding=\"async\" src=\"https:\/\/jornalfatosenoticias.com.br\/wp-content\/uploads\/2020\/02\/logo-Rapuzel-1024x571.jpg\" alt=\"\" class=\"wp-image-42808\" width=\"382\" height=\"213\" srcset=\"https:\/\/jornalfatosenoticias.com.br\/wp-content\/uploads\/2020\/02\/logo-Rapuzel-1024x571.jpg 1024w, https:\/\/jornalfatosenoticias.com.br\/wp-content\/uploads\/2020\/02\/logo-Rapuzel-300x167.jpg 300w, https:\/\/jornalfatosenoticias.com.br\/wp-content\/uploads\/2020\/02\/logo-Rapuzel-768x428.jpg 768w, https:\/\/jornalfatosenoticias.com.br\/wp-content\/uploads\/2020\/02\/logo-Rapuzel-1536x856.jpg 1536w, https:\/\/jornalfatosenoticias.com.br\/wp-content\/uploads\/2020\/02\/logo-Rapuzel.jpg 1600w\" sizes=\"auto, (max-width: 382px) 100vw, 382px\" \/><\/figure><\/div>\n\n\n\n<p><strong><a href=\"https:\/\/journaliststudio.google.com\/u\/0\/pinpoint\/document-view?collection=bdf7d5e2701ae7a5&amp;p=1&amp;docid=23c107c52a728808_bdf7d5e2701ae7a5&amp;page=1\">19. Decolonizando afetos: o reconhecimento jur\u00eddico das fam\u00edlias poliafetivas\u00a0<br><\/a>Curso: <\/strong>Mestrado em Direito<br><strong>Institui\u00e7\u00e3o de Ensino:<\/strong> Pontif\u00edcia Universidade Cat\u00f3lica de Minas Gerais (PUC Minas)<br><strong>Autora: <\/strong>L\u00edvia Scopel Ribeiro Dini<br><strong>Trecho:<\/strong> \u201cA monogamia \u00e9 t\u00e3o somente a estrutura de um tipo de fam\u00edlia, a matrimonial, introduzida no ordenamento pelo colonizador como instrumento de manuten\u00e7\u00e3o de seus pr\u00f3prios valores. Ao lado da fam\u00edlia matrimonial, existem tantas outras que tamb\u00e9m s\u00e3o p\u00fablicas, ostensivas e formada por la\u00e7os de afetividade, sendo, portanto, merecedoras da tutela estatal\u201d.<\/p>\n\n\n\n<div class=\"wp-block-image\"><figure class=\"aligncenter size-large is-resized\"><img loading=\"lazy\" decoding=\"async\" src=\"https:\/\/jornalfatosenoticias.com.br\/wp-content\/uploads\/2022\/02\/Precisao-Contabilidade-1024x724.jpg\" alt=\"\" class=\"wp-image-28088\" width=\"377\" height=\"266\"\/><\/figure><\/div>\n\n\n\n<p><strong><a href=\"https:\/\/journaliststudio.google.com\/u\/0\/pinpoint\/document-view?collection=bdf7d5e2701ae7a5&amp;p=1&amp;docid=f0f9502ce494932c_bdf7d5e2701ae7a5\">20. Cidade-arm\u00e1rio, banheiros, cozinhas: hist\u00f3rias sobre brechas e g\u00eanero\u00a0<br><\/a><\/strong>Autor: Daniela de Oliveira Faria<br>Curso: Mestrado em Arquitetura e Urbanismo<br>Institui\u00e7\u00e3o de Ensino: Universidade Federal de Minas Gerais (UFMG)<br>Trecho: \u201cMobilizo o arm\u00e1rio-objeto para desconstruir o arm\u00e1rio-simb\u00f3lico e as dicotomias que o cercam, mostrando que essa analogia, que \u00e9 fundante para o pensamento sobre a sexualidade, \u00e9 limitada, colonial e binariamente opressora. O arm\u00e1rio n\u00e3o passa de um delimitador contradit\u00f3rio e paradoxal entre dentro e fora, entre segredo e revela\u00e7\u00e3o, entre homossexual e heterossexual, e entre o que est\u00e1 aparente ou escondido\u201d.<\/p>\n\n\n\n<div class=\"wp-block-image\"><figure class=\"aligncenter size-large is-resized\"><img loading=\"lazy\" decoding=\"async\" src=\"https:\/\/jornalfatosenoticias.com.br\/wp-content\/uploads\/2023\/08\/BKR-1024x1021.jpg\" alt=\"\" class=\"wp-image-44494\" width=\"298\" height=\"297\" srcset=\"https:\/\/jornalfatosenoticias.com.br\/wp-content\/uploads\/2023\/08\/BKR-1024x1021.jpg 1024w, https:\/\/jornalfatosenoticias.com.br\/wp-content\/uploads\/2023\/08\/BKR-300x300.jpg 300w, https:\/\/jornalfatosenoticias.com.br\/wp-content\/uploads\/2023\/08\/BKR-150x150.jpg 150w, https:\/\/jornalfatosenoticias.com.br\/wp-content\/uploads\/2023\/08\/BKR-768x766.jpg 768w, https:\/\/jornalfatosenoticias.com.br\/wp-content\/uploads\/2023\/08\/BKR.jpg 1080w\" sizes=\"auto, (max-width: 298px) 100vw, 298px\" \/><\/figure><\/div>\n\n\n\n<p><strong><em>Fonte: <a href=\"https:\/\/www.gazetadopovo.com.br\/ideias\/20-teses-insolitas-que-acabaram-sair-forno-universidades-brasil\/?ref=mais-comentadas\">Gazeta do Povo<\/a><\/em><\/strong><\/p>\n","protected":false},"excerpt":{"rendered":"<p>Campus da Universidade do Estado do Rio de Janeiro (Uerj) Por Gabriel de Arruda Castro Uma disserta\u00e7\u00e3o de\u00a0mestrado em Direito segundo a qual o agroneg\u00f3cio condena o Brasil ao subdesenvolvimento (por culpa do capitalismo). Uma tese de doutorado em Lingu\u00edstica que denuncia o &#8220;golpe&#8221; que derrubou Dilma Rousseff do poder em 2016. Uma disserta\u00e7\u00e3o de [&hellip;]<\/p>\n","protected":false},"author":2,"featured_media":51727,"comment_status":"open","ping_status":"open","sticky":false,"template":"","format":"standard","meta":{"footnotes":""},"categories":[7],"tags":[239,7531,345,15948,545,6060],"class_list":["post-51725","post","type-post","status-publish","format-standard","has-post-thumbnail","hentry","category-educacao","tag-bolsonaro","tag-capitalismo","tag-educacao","tag-karl-marx","tag-politica","tag-universidades"],"yoast_head":"<!-- This site is optimized with the Yoast SEO plugin v26.5 - https:\/\/yoast.com\/wordpress\/plugins\/seo\/ -->\n<title>20 teses ins\u00f3litas que acabaram de sair do forno nas universidades do Brasil - Jornal Fatos e Not\u00edcias<\/title>\n<meta name=\"robots\" content=\"index, follow, max-snippet:-1, max-image-preview:large, max-video-preview:-1\" \/>\n<link rel=\"canonical\" href=\"https:\/\/jornalfatosenoticias.com.br\/index.php\/2024\/06\/04\/20-teses-insolitas-que-acabaram-de-sair-do-forno-nas-universidades-do-brasil\/\" \/>\n<meta property=\"og:locale\" content=\"pt_BR\" \/>\n<meta property=\"og:type\" content=\"article\" \/>\n<meta property=\"og:title\" content=\"20 teses ins\u00f3litas que acabaram de sair do forno nas universidades do Brasil - Jornal Fatos e Not\u00edcias\" \/>\n<meta property=\"og:description\" content=\"Campus da Universidade do Estado do Rio de Janeiro (Uerj) Por Gabriel de Arruda Castro Uma disserta\u00e7\u00e3o de\u00a0mestrado em Direito segundo a qual o agroneg\u00f3cio condena o Brasil ao subdesenvolvimento (por culpa do capitalismo). Uma tese de doutorado em Lingu\u00edstica que denuncia o &#8220;golpe&#8221; que derrubou Dilma Rousseff do poder em 2016. Uma disserta\u00e7\u00e3o de [&hellip;]\" \/>\n<meta property=\"og:url\" content=\"https:\/\/jornalfatosenoticias.com.br\/index.php\/2024\/06\/04\/20-teses-insolitas-que-acabaram-de-sair-do-forno-nas-universidades-do-brasil\/\" \/>\n<meta property=\"og:site_name\" content=\"Jornal Fatos e Not\u00edcias\" \/>\n<meta property=\"article:published_time\" content=\"2024-06-04T19:05:30+00:00\" \/>\n<meta property=\"article:modified_time\" content=\"2024-06-04T19:05:31+00:00\" \/>\n<meta property=\"og:image\" content=\"https:\/\/jornalfatosenoticias.com.br\/wp-content\/uploads\/2024\/06\/campus-uerj-1.jpg\" \/>\n\t<meta property=\"og:image:width\" content=\"960\" \/>\n\t<meta property=\"og:image:height\" content=\"540\" \/>\n\t<meta property=\"og:image:type\" content=\"image\/jpeg\" \/>\n<meta name=\"author\" content=\"Luzimara Fernandes\" \/>\n<meta name=\"twitter:card\" content=\"summary_large_image\" \/>\n<meta name=\"twitter:label1\" content=\"Escrito por\" \/>\n\t<meta name=\"twitter:data1\" content=\"Luzimara Fernandes\" \/>\n\t<meta name=\"twitter:label2\" content=\"Est. tempo de leitura\" \/>\n\t<meta name=\"twitter:data2\" content=\"11 minutos\" \/>\n<script type=\"application\/ld+json\" class=\"yoast-schema-graph\">{\"@context\":\"https:\/\/schema.org\",\"@graph\":[{\"@type\":\"Article\",\"@id\":\"https:\/\/jornalfatosenoticias.com.br\/index.php\/2024\/06\/04\/20-teses-insolitas-que-acabaram-de-sair-do-forno-nas-universidades-do-brasil\/#article\",\"isPartOf\":{\"@id\":\"https:\/\/jornalfatosenoticias.com.br\/index.php\/2024\/06\/04\/20-teses-insolitas-que-acabaram-de-sair-do-forno-nas-universidades-do-brasil\/\"},\"author\":{\"name\":\"Luzimara Fernandes\",\"@id\":\"https:\/\/jornalfatosenoticias.com.br\/#\/schema\/person\/d63837fa13ac8666eb9e74e0985d6f81\"},\"headline\":\"20 teses ins\u00f3litas que acabaram de sair do forno nas universidades do Brasil\",\"datePublished\":\"2024-06-04T19:05:30+00:00\",\"dateModified\":\"2024-06-04T19:05:31+00:00\",\"mainEntityOfPage\":{\"@id\":\"https:\/\/jornalfatosenoticias.com.br\/index.php\/2024\/06\/04\/20-teses-insolitas-que-acabaram-de-sair-do-forno-nas-universidades-do-brasil\/\"},\"wordCount\":2356,\"commentCount\":0,\"publisher\":{\"@id\":\"https:\/\/jornalfatosenoticias.com.br\/#organization\"},\"image\":{\"@id\":\"https:\/\/jornalfatosenoticias.com.br\/index.php\/2024\/06\/04\/20-teses-insolitas-que-acabaram-de-sair-do-forno-nas-universidades-do-brasil\/#primaryimage\"},\"thumbnailUrl\":\"https:\/\/jornalfatosenoticias.com.br\/wp-content\/uploads\/2024\/06\/campus-uerj-1.jpg\",\"keywords\":[\"Bolsonaro\",\"capitalismo\",\"educa\u00e7\u00e3o\",\"Karl Marx\",\"pol\u00edtica\",\"universidades\"],\"articleSection\":[\"Educa\u00e7\u00e3o\"],\"inLanguage\":\"pt-BR\",\"potentialAction\":[{\"@type\":\"CommentAction\",\"name\":\"Comment\",\"target\":[\"https:\/\/jornalfatosenoticias.com.br\/index.php\/2024\/06\/04\/20-teses-insolitas-que-acabaram-de-sair-do-forno-nas-universidades-do-brasil\/#respond\"]}]},{\"@type\":\"WebPage\",\"@id\":\"https:\/\/jornalfatosenoticias.com.br\/index.php\/2024\/06\/04\/20-teses-insolitas-que-acabaram-de-sair-do-forno-nas-universidades-do-brasil\/\",\"url\":\"https:\/\/jornalfatosenoticias.com.br\/index.php\/2024\/06\/04\/20-teses-insolitas-que-acabaram-de-sair-do-forno-nas-universidades-do-brasil\/\",\"name\":\"20 teses ins\u00f3litas que acabaram de sair do forno nas universidades do Brasil - Jornal Fatos e Not\u00edcias\",\"isPartOf\":{\"@id\":\"https:\/\/jornalfatosenoticias.com.br\/#website\"},\"primaryImageOfPage\":{\"@id\":\"https:\/\/jornalfatosenoticias.com.br\/index.php\/2024\/06\/04\/20-teses-insolitas-que-acabaram-de-sair-do-forno-nas-universidades-do-brasil\/#primaryimage\"},\"image\":{\"@id\":\"https:\/\/jornalfatosenoticias.com.br\/index.php\/2024\/06\/04\/20-teses-insolitas-que-acabaram-de-sair-do-forno-nas-universidades-do-brasil\/#primaryimage\"},\"thumbnailUrl\":\"https:\/\/jornalfatosenoticias.com.br\/wp-content\/uploads\/2024\/06\/campus-uerj-1.jpg\",\"datePublished\":\"2024-06-04T19:05:30+00:00\",\"dateModified\":\"2024-06-04T19:05:31+00:00\",\"breadcrumb\":{\"@id\":\"https:\/\/jornalfatosenoticias.com.br\/index.php\/2024\/06\/04\/20-teses-insolitas-que-acabaram-de-sair-do-forno-nas-universidades-do-brasil\/#breadcrumb\"},\"inLanguage\":\"pt-BR\",\"potentialAction\":[{\"@type\":\"ReadAction\",\"target\":[\"https:\/\/jornalfatosenoticias.com.br\/index.php\/2024\/06\/04\/20-teses-insolitas-que-acabaram-de-sair-do-forno-nas-universidades-do-brasil\/\"]}]},{\"@type\":\"ImageObject\",\"inLanguage\":\"pt-BR\",\"@id\":\"https:\/\/jornalfatosenoticias.com.br\/index.php\/2024\/06\/04\/20-teses-insolitas-que-acabaram-de-sair-do-forno-nas-universidades-do-brasil\/#primaryimage\",\"url\":\"https:\/\/jornalfatosenoticias.com.br\/wp-content\/uploads\/2024\/06\/campus-uerj-1.jpg\",\"contentUrl\":\"https:\/\/jornalfatosenoticias.com.br\/wp-content\/uploads\/2024\/06\/campus-uerj-1.jpg\",\"width\":960,\"height\":540},{\"@type\":\"BreadcrumbList\",\"@id\":\"https:\/\/jornalfatosenoticias.com.br\/index.php\/2024\/06\/04\/20-teses-insolitas-que-acabaram-de-sair-do-forno-nas-universidades-do-brasil\/#breadcrumb\",\"itemListElement\":[{\"@type\":\"ListItem\",\"position\":1,\"name\":\"In\u00edcio\",\"item\":\"https:\/\/jornalfatosenoticias.com.br\/\"},{\"@type\":\"ListItem\",\"position\":2,\"name\":\"20 teses ins\u00f3litas que acabaram de sair do forno nas universidades do Brasil\"}]},{\"@type\":\"WebSite\",\"@id\":\"https:\/\/jornalfatosenoticias.com.br\/#website\",\"url\":\"https:\/\/jornalfatosenoticias.com.br\/\",\"name\":\"Jornal Fatos e Not\u00edcias\",\"description\":\"Not\u00edcias em geral\",\"publisher\":{\"@id\":\"https:\/\/jornalfatosenoticias.com.br\/#organization\"},\"potentialAction\":[{\"@type\":\"SearchAction\",\"target\":{\"@type\":\"EntryPoint\",\"urlTemplate\":\"https:\/\/jornalfatosenoticias.com.br\/?s={search_term_string}\"},\"query-input\":{\"@type\":\"PropertyValueSpecification\",\"valueRequired\":true,\"valueName\":\"search_term_string\"}}],\"inLanguage\":\"pt-BR\"},{\"@type\":\"Organization\",\"@id\":\"https:\/\/jornalfatosenoticias.com.br\/#organization\",\"name\":\"Jornal Fatos e Not\u00edcias\",\"url\":\"https:\/\/jornalfatosenoticias.com.br\/\",\"logo\":{\"@type\":\"ImageObject\",\"inLanguage\":\"pt-BR\",\"@id\":\"https:\/\/jornalfatosenoticias.com.br\/#\/schema\/logo\/image\/\",\"url\":\"https:\/\/jornalfatosenoticias.com.br\/wp-content\/uploads\/2020\/02\/logo120.png\",\"contentUrl\":\"https:\/\/jornalfatosenoticias.com.br\/wp-content\/uploads\/2020\/02\/logo120.png\",\"width\":1227,\"height\":120,\"caption\":\"Jornal Fatos e Not\u00edcias\"},\"image\":{\"@id\":\"https:\/\/jornalfatosenoticias.com.br\/#\/schema\/logo\/image\/\"}},{\"@type\":\"Person\",\"@id\":\"https:\/\/jornalfatosenoticias.com.br\/#\/schema\/person\/d63837fa13ac8666eb9e74e0985d6f81\",\"name\":\"Luzimara Fernandes\",\"image\":{\"@type\":\"ImageObject\",\"inLanguage\":\"pt-BR\",\"@id\":\"https:\/\/jornalfatosenoticias.com.br\/#\/schema\/person\/image\/\",\"url\":\"https:\/\/jornalfatosenoticias.com.br\/wp-content\/uploads\/2025\/05\/EU_portal.jpg\",\"contentUrl\":\"https:\/\/jornalfatosenoticias.com.br\/wp-content\/uploads\/2025\/05\/EU_portal.jpg\",\"caption\":\"Luzimara Fernandes\"},\"description\":\"Jornalista MTB 2358-ES\",\"sameAs\":[\"https:\/\/jornalfatosenoticias.com.br\"],\"url\":\"https:\/\/jornalfatosenoticias.com.br\/index.php\/author\/luzimara\/\"}]}<\/script>\n<!-- \/ Yoast SEO plugin. -->","yoast_head_json":{"title":"20 teses ins\u00f3litas que acabaram de sair do forno nas universidades do Brasil - Jornal Fatos e Not\u00edcias","robots":{"index":"index","follow":"follow","max-snippet":"max-snippet:-1","max-image-preview":"max-image-preview:large","max-video-preview":"max-video-preview:-1"},"canonical":"https:\/\/jornalfatosenoticias.com.br\/index.php\/2024\/06\/04\/20-teses-insolitas-que-acabaram-de-sair-do-forno-nas-universidades-do-brasil\/","og_locale":"pt_BR","og_type":"article","og_title":"20 teses ins\u00f3litas que acabaram de sair do forno nas universidades do Brasil - Jornal Fatos e Not\u00edcias","og_description":"Campus da Universidade do Estado do Rio de Janeiro (Uerj) Por Gabriel de Arruda Castro Uma disserta\u00e7\u00e3o de\u00a0mestrado em Direito segundo a qual o agroneg\u00f3cio condena o Brasil ao subdesenvolvimento (por culpa do capitalismo). Uma tese de doutorado em Lingu\u00edstica que denuncia o &#8220;golpe&#8221; que derrubou Dilma Rousseff do poder em 2016. Uma disserta\u00e7\u00e3o de [&hellip;]","og_url":"https:\/\/jornalfatosenoticias.com.br\/index.php\/2024\/06\/04\/20-teses-insolitas-que-acabaram-de-sair-do-forno-nas-universidades-do-brasil\/","og_site_name":"Jornal Fatos e Not\u00edcias","article_published_time":"2024-06-04T19:05:30+00:00","article_modified_time":"2024-06-04T19:05:31+00:00","og_image":[{"width":960,"height":540,"url":"https:\/\/jornalfatosenoticias.com.br\/wp-content\/uploads\/2024\/06\/campus-uerj-1.jpg","type":"image\/jpeg"}],"author":"Luzimara Fernandes","twitter_card":"summary_large_image","twitter_misc":{"Escrito por":"Luzimara Fernandes","Est. tempo de leitura":"11 minutos"},"schema":{"@context":"https:\/\/schema.org","@graph":[{"@type":"Article","@id":"https:\/\/jornalfatosenoticias.com.br\/index.php\/2024\/06\/04\/20-teses-insolitas-que-acabaram-de-sair-do-forno-nas-universidades-do-brasil\/#article","isPartOf":{"@id":"https:\/\/jornalfatosenoticias.com.br\/index.php\/2024\/06\/04\/20-teses-insolitas-que-acabaram-de-sair-do-forno-nas-universidades-do-brasil\/"},"author":{"name":"Luzimara Fernandes","@id":"https:\/\/jornalfatosenoticias.com.br\/#\/schema\/person\/d63837fa13ac8666eb9e74e0985d6f81"},"headline":"20 teses ins\u00f3litas que acabaram de sair do forno nas universidades do Brasil","datePublished":"2024-06-04T19:05:30+00:00","dateModified":"2024-06-04T19:05:31+00:00","mainEntityOfPage":{"@id":"https:\/\/jornalfatosenoticias.com.br\/index.php\/2024\/06\/04\/20-teses-insolitas-que-acabaram-de-sair-do-forno-nas-universidades-do-brasil\/"},"wordCount":2356,"commentCount":0,"publisher":{"@id":"https:\/\/jornalfatosenoticias.com.br\/#organization"},"image":{"@id":"https:\/\/jornalfatosenoticias.com.br\/index.php\/2024\/06\/04\/20-teses-insolitas-que-acabaram-de-sair-do-forno-nas-universidades-do-brasil\/#primaryimage"},"thumbnailUrl":"https:\/\/jornalfatosenoticias.com.br\/wp-content\/uploads\/2024\/06\/campus-uerj-1.jpg","keywords":["Bolsonaro","capitalismo","educa\u00e7\u00e3o","Karl Marx","pol\u00edtica","universidades"],"articleSection":["Educa\u00e7\u00e3o"],"inLanguage":"pt-BR","potentialAction":[{"@type":"CommentAction","name":"Comment","target":["https:\/\/jornalfatosenoticias.com.br\/index.php\/2024\/06\/04\/20-teses-insolitas-que-acabaram-de-sair-do-forno-nas-universidades-do-brasil\/#respond"]}]},{"@type":"WebPage","@id":"https:\/\/jornalfatosenoticias.com.br\/index.php\/2024\/06\/04\/20-teses-insolitas-que-acabaram-de-sair-do-forno-nas-universidades-do-brasil\/","url":"https:\/\/jornalfatosenoticias.com.br\/index.php\/2024\/06\/04\/20-teses-insolitas-que-acabaram-de-sair-do-forno-nas-universidades-do-brasil\/","name":"20 teses ins\u00f3litas que acabaram de sair do forno nas universidades do Brasil - Jornal Fatos e Not\u00edcias","isPartOf":{"@id":"https:\/\/jornalfatosenoticias.com.br\/#website"},"primaryImageOfPage":{"@id":"https:\/\/jornalfatosenoticias.com.br\/index.php\/2024\/06\/04\/20-teses-insolitas-que-acabaram-de-sair-do-forno-nas-universidades-do-brasil\/#primaryimage"},"image":{"@id":"https:\/\/jornalfatosenoticias.com.br\/index.php\/2024\/06\/04\/20-teses-insolitas-que-acabaram-de-sair-do-forno-nas-universidades-do-brasil\/#primaryimage"},"thumbnailUrl":"https:\/\/jornalfatosenoticias.com.br\/wp-content\/uploads\/2024\/06\/campus-uerj-1.jpg","datePublished":"2024-06-04T19:05:30+00:00","dateModified":"2024-06-04T19:05:31+00:00","breadcrumb":{"@id":"https:\/\/jornalfatosenoticias.com.br\/index.php\/2024\/06\/04\/20-teses-insolitas-que-acabaram-de-sair-do-forno-nas-universidades-do-brasil\/#breadcrumb"},"inLanguage":"pt-BR","potentialAction":[{"@type":"ReadAction","target":["https:\/\/jornalfatosenoticias.com.br\/index.php\/2024\/06\/04\/20-teses-insolitas-que-acabaram-de-sair-do-forno-nas-universidades-do-brasil\/"]}]},{"@type":"ImageObject","inLanguage":"pt-BR","@id":"https:\/\/jornalfatosenoticias.com.br\/index.php\/2024\/06\/04\/20-teses-insolitas-que-acabaram-de-sair-do-forno-nas-universidades-do-brasil\/#primaryimage","url":"https:\/\/jornalfatosenoticias.com.br\/wp-content\/uploads\/2024\/06\/campus-uerj-1.jpg","contentUrl":"https:\/\/jornalfatosenoticias.com.br\/wp-content\/uploads\/2024\/06\/campus-uerj-1.jpg","width":960,"height":540},{"@type":"BreadcrumbList","@id":"https:\/\/jornalfatosenoticias.com.br\/index.php\/2024\/06\/04\/20-teses-insolitas-que-acabaram-de-sair-do-forno-nas-universidades-do-brasil\/#breadcrumb","itemListElement":[{"@type":"ListItem","position":1,"name":"In\u00edcio","item":"https:\/\/jornalfatosenoticias.com.br\/"},{"@type":"ListItem","position":2,"name":"20 teses ins\u00f3litas que acabaram de sair do forno nas universidades do Brasil"}]},{"@type":"WebSite","@id":"https:\/\/jornalfatosenoticias.com.br\/#website","url":"https:\/\/jornalfatosenoticias.com.br\/","name":"Jornal Fatos e Not\u00edcias","description":"Not\u00edcias em geral","publisher":{"@id":"https:\/\/jornalfatosenoticias.com.br\/#organization"},"potentialAction":[{"@type":"SearchAction","target":{"@type":"EntryPoint","urlTemplate":"https:\/\/jornalfatosenoticias.com.br\/?s={search_term_string}"},"query-input":{"@type":"PropertyValueSpecification","valueRequired":true,"valueName":"search_term_string"}}],"inLanguage":"pt-BR"},{"@type":"Organization","@id":"https:\/\/jornalfatosenoticias.com.br\/#organization","name":"Jornal Fatos e Not\u00edcias","url":"https:\/\/jornalfatosenoticias.com.br\/","logo":{"@type":"ImageObject","inLanguage":"pt-BR","@id":"https:\/\/jornalfatosenoticias.com.br\/#\/schema\/logo\/image\/","url":"https:\/\/jornalfatosenoticias.com.br\/wp-content\/uploads\/2020\/02\/logo120.png","contentUrl":"https:\/\/jornalfatosenoticias.com.br\/wp-content\/uploads\/2020\/02\/logo120.png","width":1227,"height":120,"caption":"Jornal Fatos e Not\u00edcias"},"image":{"@id":"https:\/\/jornalfatosenoticias.com.br\/#\/schema\/logo\/image\/"}},{"@type":"Person","@id":"https:\/\/jornalfatosenoticias.com.br\/#\/schema\/person\/d63837fa13ac8666eb9e74e0985d6f81","name":"Luzimara Fernandes","image":{"@type":"ImageObject","inLanguage":"pt-BR","@id":"https:\/\/jornalfatosenoticias.com.br\/#\/schema\/person\/image\/","url":"https:\/\/jornalfatosenoticias.com.br\/wp-content\/uploads\/2025\/05\/EU_portal.jpg","contentUrl":"https:\/\/jornalfatosenoticias.com.br\/wp-content\/uploads\/2025\/05\/EU_portal.jpg","caption":"Luzimara Fernandes"},"description":"Jornalista MTB 2358-ES","sameAs":["https:\/\/jornalfatosenoticias.com.br"],"url":"https:\/\/jornalfatosenoticias.com.br\/index.php\/author\/luzimara\/"}]}},"cc_featured_image_caption":{"caption_text":"(Foto: Uerj\/Reprodu\u00e7\u00e3o)","source_text":"","source_url":""},"jetpack_featured_media_url":"https:\/\/jornalfatosenoticias.com.br\/wp-content\/uploads\/2024\/06\/campus-uerj-1.jpg","_links":{"self":[{"href":"https:\/\/jornalfatosenoticias.com.br\/index.php\/wp-json\/wp\/v2\/posts\/51725","targetHints":{"allow":["GET"]}}],"collection":[{"href":"https:\/\/jornalfatosenoticias.com.br\/index.php\/wp-json\/wp\/v2\/posts"}],"about":[{"href":"https:\/\/jornalfatosenoticias.com.br\/index.php\/wp-json\/wp\/v2\/types\/post"}],"author":[{"embeddable":true,"href":"https:\/\/jornalfatosenoticias.com.br\/index.php\/wp-json\/wp\/v2\/users\/2"}],"replies":[{"embeddable":true,"href":"https:\/\/jornalfatosenoticias.com.br\/index.php\/wp-json\/wp\/v2\/comments?post=51725"}],"version-history":[{"count":0,"href":"https:\/\/jornalfatosenoticias.com.br\/index.php\/wp-json\/wp\/v2\/posts\/51725\/revisions"}],"wp:featuredmedia":[{"embeddable":true,"href":"https:\/\/jornalfatosenoticias.com.br\/index.php\/wp-json\/wp\/v2\/media\/51727"}],"wp:attachment":[{"href":"https:\/\/jornalfatosenoticias.com.br\/index.php\/wp-json\/wp\/v2\/media?parent=51725"}],"wp:term":[{"taxonomy":"category","embeddable":true,"href":"https:\/\/jornalfatosenoticias.com.br\/index.php\/wp-json\/wp\/v2\/categories?post=51725"},{"taxonomy":"post_tag","embeddable":true,"href":"https:\/\/jornalfatosenoticias.com.br\/index.php\/wp-json\/wp\/v2\/tags?post=51725"}],"curies":[{"name":"wp","href":"https:\/\/api.w.org\/{rel}","templated":true}]}}