{"id":51744,"date":"2024-06-05T09:26:16","date_gmt":"2024-06-05T12:26:16","guid":{"rendered":"https:\/\/jornalfatosenoticias.com.br\/?p=51744"},"modified":"2024-06-05T09:26:18","modified_gmt":"2024-06-05T12:26:18","slug":"refeicoes-em-familia-promovem-a-felicidade-diz-estudo","status":"publish","type":"post","link":"https:\/\/jornalfatosenoticias.com.br\/index.php\/2024\/06\/05\/refeicoes-em-familia-promovem-a-felicidade-diz-estudo\/","title":{"rendered":"Refei\u00e7\u00f5es em fam\u00edlia promovem a felicidade, diz estudo"},"content":{"rendered":"\n<p><span class=\"has-inline-color has-black-color\"><em>Pesquisa revela uma liga\u00e7\u00e3o significativa entre a frequ\u00eancia de comer juntos e a melhoria do bem-estar<\/em><\/span><\/p>\n\n\n\n<div class=\"wp-block-image\"><figure class=\"aligncenter size-large\"><img loading=\"lazy\" decoding=\"async\" width=\"729\" height=\"90\" src=\"https:\/\/jornalfatosenoticias.com.br\/wp-content\/uploads\/2020\/02\/Logo_Mizu.png\" alt=\"\" class=\"wp-image-1441\" srcset=\"https:\/\/jornalfatosenoticias.com.br\/wp-content\/uploads\/2020\/02\/Logo_Mizu.png 729w, https:\/\/jornalfatosenoticias.com.br\/wp-content\/uploads\/2020\/02\/Logo_Mizu-300x37.png 300w\" sizes=\"auto, (max-width: 729px) 100vw, 729px\" \/><\/figure><\/div>\n\n\n\n<p>Dividir a mesa com quem a gente ama nutre n\u00e3o s\u00f3 o corpo, mas tamb\u00e9m o nosso <a href=\"https:\/\/ciclovivo.com.br\/vida-sustentavel\/bem-estar\/7-dicas-para-cultivar-o-bem-estar-diario\/\" target=\"_blank\" rel=\"noreferrer noopener\">bem-estar<\/a>. Esta afirma\u00e7\u00e3o vem de uma pesquisa da Universidade de Minnesota que trouxe novas descobertas sobre a profunda liga\u00e7\u00e3o entre refei\u00e7\u00f5es partilhadas e felicidade geral. As principais conclus\u00f5es do estudo indicam uma forte correla\u00e7\u00e3o positiva entre a frequ\u00eancia com que as pessoas se re\u00fanem \u00e0 mesa durante as refei\u00e7\u00f5es e o aumento da conex\u00e3o, a redu\u00e7\u00e3o dos sintomas depressivos e a melhora do humor. Al\u00e9m disso, foram encontradas correla\u00e7\u00f5es positivas significativas entre a frequ\u00eancia de refei\u00e7\u00f5es compartilhadas e a felicidade dos adultos.<br>O estudo, apoiado pelo Grupo Barilla, avaliou durante cerca de tr\u00eas d\u00e9cadas fam\u00edlias de tr\u00eas pa\u00edses \u2014 Estados Unidos, It\u00e1lia e Alemanha \u2014 com mais de mil participantes de cada pa\u00eds. As evid\u00eancias sugerem que as refei\u00e7\u00f5es compartilhadas n\u00e3o s\u00f3 contribuem para evitar sintomas depressivos e resultados negativos para a sa\u00fade, mas tamb\u00e9m promovem emo\u00e7\u00f5es e sentimentos positivos, refor\u00e7ando a import\u00e2ncia da fam\u00edlia e das refei\u00e7\u00f5es compartilhadas na sa\u00fade e no bem-estar dos indiv\u00edduos.<\/p>\n\n\n\n<div class=\"wp-block-image\"><figure class=\"aligncenter size-large\"><img decoding=\"async\" src=\"https:\/\/jornalfatosenoticias.com.br\/wp-content\/uploads\/2020\/02\/barao-das-carnes-300x164-1.jpg\" alt=\"\" class=\"wp-image-34339\"\/><\/figure><\/div>\n\n\n\n<p>Os benef\u00edcios para a sa\u00fade de fortes conex\u00f5es sociais est\u00e3o bem documentados. Um estudo de meta-an\u00e1lise publicado em 2022 sobre sa\u00fade mental, sugere que a solid\u00e3o est\u00e1 associada a um in\u00edcio subsequente de depress\u00e3o ou ansiedade, enfatizando o papel fundamental do apoio social na <a href=\"https:\/\/ciclovivo.com.br\/vida-sustentavel\/bem-estar\/para-a-saude-mental-dancar-pode-ser-melhor-do-que-outros-exercicios\/\" target=\"_blank\" rel=\"noreferrer noopener\">sa\u00fade mental<\/a>. O estudo mais recente foi publicado em 1\u00ba de mar\u00e7o de 2024 na revista <em>Family, Systems, and Health<\/em> (Fam\u00edlia, Sistemas e Sa\u00fade) e revela evid\u00eancias convincentes que apoiam a import\u00e2ncia da uni\u00e3o ao redor da mesa.<\/p>\n\n\n\n<div class=\"wp-block-image\"><figure class=\"aligncenter size-large is-resized\"><img loading=\"lazy\" decoding=\"async\" src=\"https:\/\/jornalfatosenoticias.com.br\/wp-content\/uploads\/2020\/02\/logo_esteio.jpg\" alt=\"\" class=\"wp-image-1214\" width=\"349\" height=\"291\"\/><\/figure><\/div>\n\n\n\n<blockquote class=\"wp-block-quote is-layout-flow wp-block-quote-is-layout-flow\"><p><span class=\"has-inline-color has-luminous-vivid-orange-color\">\u00c9 importante saber que os benef\u00edcios das refei\u00e7\u00f5es compartilhadas v\u00e3o al\u00e9m de evitar impactos negativos para a sa\u00fade e menos sintomas depressivos. Essa pesquisa mostra que as refei\u00e7\u00f5es familiares promovem felicidade e emo\u00e7\u00f5es positivas\u201d, comenta William Doherty, professor da Universidade de Minnesota.<\/span><\/p><\/blockquote>\n\n\n\n<div class=\"wp-block-image\"><figure class=\"aligncenter size-large is-resized\"><img loading=\"lazy\" decoding=\"async\" src=\"https:\/\/jornalfatosenoticias.com.br\/wp-content\/uploads\/2023\/03\/nova-logo-Marquetti.jpg\" alt=\"\" class=\"wp-image-40207\" width=\"350\" height=\"235\" srcset=\"https:\/\/jornalfatosenoticias.com.br\/wp-content\/uploads\/2023\/03\/nova-logo-Marquetti.jpg 643w, https:\/\/jornalfatosenoticias.com.br\/wp-content\/uploads\/2023\/03\/nova-logo-Marquetti-300x202.jpg 300w\" sizes=\"auto, (max-width: 350px) 100vw, 350px\" \/><\/figure><\/div>\n\n\n\n<p>Sem d\u00favida, as <a href=\"https:\/\/ciclovivo.com.br\/vida-sustentavel\/alimentacao\/1-bilhao-de-refeicoes-vao-para-o-lixo-todos-os-dias\/\" target=\"_blank\" rel=\"noreferrer noopener\">refei\u00e7\u00f5es<\/a> desempenham um papel central, tanto para reunir as pessoas em torno da mesa quanto para criar la\u00e7os afetivos mais fortes. \u00c9 importante observar que quase 50% dos adultos dos tr\u00eas pa\u00edses participam de seis ou mais refei\u00e7\u00f5es familiares ou compartilhadas por semana. Embora o jantar seja a refei\u00e7\u00e3o compartilhada mais prevalente, com 65% em todos os pa\u00edses, a maior frequ\u00eancia de refei\u00e7\u00f5es compartilhadas ocorre aos finais de semana. Al\u00e9m disso, a maior frequ\u00eancia de refei\u00e7\u00f5es compartilhadas ocorreu na It\u00e1lia, com 74% dos adultos relatando seis ou mais refei\u00e7\u00f5es semanais.<\/p>\n\n\n\n<div class=\"wp-block-image\"><figure class=\"aligncenter size-large\"><img loading=\"lazy\" decoding=\"async\" width=\"300\" height=\"250\" src=\"https:\/\/jornalfatosenoticias.com.br\/wp-content\/uploads\/2020\/02\/Banner-2.png\" alt=\"\" class=\"wp-image-43787\"\/><\/figure><\/div>\n\n\n\n<p>\u201cA Barilla acredita que promover conex\u00f5es verdadeiras ao redor da mesa n\u00e3o \u00e9 apenas uma tradi\u00e7\u00e3o, mas uma poderosa ferramenta de cultura alimentar, capaz de melhorar a qualidade de vida de indiv\u00edduos e comunidades\u201d, diz Val\u00e9ria Rapetti, diretora de Nutri\u00e7\u00e3o e Bem-Estar do Grupo Barilla.<\/p>\n\n\n\n<div class=\"wp-block-image\"><figure class=\"aligncenter size-large is-resized\"><img loading=\"lazy\" decoding=\"async\" src=\"https:\/\/jornalfatosenoticias.com.br\/wp-content\/uploads\/2023\/12\/pegoretti-logo-pdf-1024x389.jpg\" alt=\"\" class=\"wp-image-47536\" width=\"482\" height=\"183\" srcset=\"https:\/\/jornalfatosenoticias.com.br\/wp-content\/uploads\/2023\/12\/pegoretti-logo-pdf-1024x389.jpg 1024w, https:\/\/jornalfatosenoticias.com.br\/wp-content\/uploads\/2023\/12\/pegoretti-logo-pdf-300x114.jpg 300w, https:\/\/jornalfatosenoticias.com.br\/wp-content\/uploads\/2023\/12\/pegoretti-logo-pdf-768x291.jpg 768w, https:\/\/jornalfatosenoticias.com.br\/wp-content\/uploads\/2023\/12\/pegoretti-logo-pdf.jpg 1120w\" sizes=\"auto, (max-width: 482px) 100vw, 482px\" \/><\/figure><\/div>\n\n\n\n<p><strong><span class=\"has-inline-color has-vivid-purple-color\">Comer e conversar<br><\/span><\/strong>De acordo com o estudo, mais de 50% dos adultos relataram que a comida no prato era um dos t\u00f3picos de conversa mais frequentes durante a refei\u00e7\u00e3o. Nos EUA, esse foi, de longe, o t\u00f3pico mais comentado, com 58% das pessoas declarando que frequentemente se envolvem em discuss\u00f5es sobre os pratos que est\u00e3o saboreando, seguido por eventos atuais (45%) e programas de TV ou filmes (41%). Na Alemanha e na <a href=\"https:\/\/ciclovivo.com.br\/arq-urb\/arquitetura\/aeroporto-na-italia-tera-vinhedo-no-telhado\/\" target=\"_blank\" rel=\"noreferrer noopener\">It\u00e1lia<\/a>, o principal t\u00f3pico de conversa foram not\u00edcias e eventos atuais (respectivamente quase 69 e 68%), e a comida ficou bastante pr\u00f3xima, em segundo lugar.<\/p>\n\n\n\n<div class=\"wp-block-image\"><figure class=\"aligncenter size-large is-resized\"><img loading=\"lazy\" decoding=\"async\" src=\"https:\/\/jornalfatosenoticias.com.br\/wp-content\/uploads\/2023\/03\/logo-Panper_portal.jpg\" alt=\"\" class=\"wp-image-40208\" width=\"344\" height=\"238\" srcset=\"https:\/\/jornalfatosenoticias.com.br\/wp-content\/uploads\/2023\/03\/logo-Panper_portal.jpg 400w, https:\/\/jornalfatosenoticias.com.br\/wp-content\/uploads\/2023\/03\/logo-Panper_portal-300x208.jpg 300w\" sizes=\"auto, (max-width: 344px) 100vw, 344px\" \/><\/figure><\/div>\n\n\n\n<p>Como as pessoas em todo o mundo continuam tendo que lidar com agendas lotadas e prioridades conflitantes, os resultados deste estudo servem como um poderoso lembrete da import\u00e2ncia de reservar tempo para refei\u00e7\u00f5es compartilhadas. Seja em um brunch descontra\u00eddo no fim de semana ou em um jantar r\u00e1pido durante a semana, os benef\u00edcios de se reunir \u00e0 mesa s\u00e3o ineg\u00e1veis.<\/p>\n\n\n\n<div class=\"wp-block-image\"><figure class=\"aligncenter size-large is-resized\"><img loading=\"lazy\" decoding=\"async\" src=\"https:\/\/jornalfatosenoticias.com.br\/wp-content\/uploads\/2022\/02\/Precisao-Contabilidade-1024x724.jpg\" alt=\"\" class=\"wp-image-28088\" width=\"396\" height=\"280\"\/><\/figure><\/div>\n\n\n\n<p><strong><span class=\"has-inline-color has-vivid-purple-color\">Outros resultados importantes da pesquisa<br><\/span>Refei\u00e7\u00e3o preferida para compartilhar com outras pessoas<br><\/strong>Mais de 65% dos entrevistados do estudo revelam que o jantar \u00e9 a melhor refei\u00e7\u00e3o para compartilhar com outras pessoas, uma porcentagem global que aumenta para quase 77% durante os finais de semana. Nos EUA e na Alemanha, os <a href=\"https:\/\/ciclovivo.com.br\/arq-urb\/arquitetura\/padaria-movel-e-construida-com-madeira-e-sacos-de-cafe\/\" target=\"_blank\" rel=\"noreferrer noopener\">caf\u00e9s<\/a> da manh\u00e3 durante os fins de semana tamb\u00e9m s\u00e3o momentos importantes para compartilhar refei\u00e7\u00f5es (69% e 84%, respectivamente), enquanto na It\u00e1lia o almo\u00e7o \u00e9 apontado como outro momento de compartilhamento por 80% dos entrevistados. Al\u00e9m disso, a maior preval\u00eancia de n\u00e3o fazer refei\u00e7\u00f5es em fam\u00edlia ocorreu nos EUA, com 10%.<\/p>\n\n\n\n<div class=\"wp-block-image\"><figure class=\"aligncenter size-large is-resized\"><img loading=\"lazy\" decoding=\"async\" src=\"https:\/\/jornalfatosenoticias.com.br\/wp-content\/uploads\/2020\/02\/logo-Rapuzel-1024x571.jpg\" alt=\"\" class=\"wp-image-42808\" width=\"377\" height=\"210\" srcset=\"https:\/\/jornalfatosenoticias.com.br\/wp-content\/uploads\/2020\/02\/logo-Rapuzel-1024x571.jpg 1024w, https:\/\/jornalfatosenoticias.com.br\/wp-content\/uploads\/2020\/02\/logo-Rapuzel-300x167.jpg 300w, https:\/\/jornalfatosenoticias.com.br\/wp-content\/uploads\/2020\/02\/logo-Rapuzel-768x428.jpg 768w, https:\/\/jornalfatosenoticias.com.br\/wp-content\/uploads\/2020\/02\/logo-Rapuzel-1536x856.jpg 1536w, https:\/\/jornalfatosenoticias.com.br\/wp-content\/uploads\/2020\/02\/logo-Rapuzel.jpg 1600w\" sizes=\"auto, (max-width: 377px) 100vw, 377px\" \/><\/figure><\/div>\n\n\n\n<p><strong><span class=\"has-inline-color has-vivid-purple-color\">Prepara\u00e7\u00e3o de refei\u00e7\u00f5es e limpeza como rituais sociais<br><\/span><\/strong>Italianos e alem\u00e3es tamb\u00e9m se re\u00fanem para preparar a refei\u00e7\u00e3o: 57% dos italianos e 51% dos alem\u00e3es relataram que p\u00f4r a mesa era uma atividade frequente feita em conjunto, e o envolvimento na <a href=\"https:\/\/ciclovivo.com.br\/vida-sustentavel\/minimalismo\/como-organizar-utensilios-e-mantimentos-nos-armarios-da-cozinha\/\" target=\"_blank\" rel=\"noreferrer noopener\">prepara\u00e7\u00e3o das refei\u00e7\u00f5es<\/a> tamb\u00e9m era mais prevalente nesses dois pa\u00edses (47% para os entrevistados alem\u00e3es e 43% para os italianos).<\/p>\n\n\n\n<div class=\"wp-block-image\"><figure class=\"aligncenter size-large\"><img loading=\"lazy\" decoding=\"async\" width=\"300\" height=\"250\" src=\"https:\/\/jornalfatosenoticias.com.br\/wp-content\/uploads\/2022\/02\/FERRARI_MAQUINAS-E-FERRAMENTAS2.jpg\" alt=\"\" class=\"wp-image-27860\"\/><\/figure><\/div>\n\n\n\n<p>Embora os entrevistados norte-americanos tenham relatado n\u00edveis mais altos de estresse resultantes da realiza\u00e7\u00e3o de refei\u00e7\u00f5es em fam\u00edlia, eles relataram n\u00edveis mais altos de conex\u00e3o e melhora do humor ap\u00f3s participarem de uma refei\u00e7\u00e3o compartilhada. No entanto, os alem\u00e3es mostraram apenas correla\u00e7\u00f5es positivas entre a prepara\u00e7\u00e3o da refei\u00e7\u00e3o, o compartilhamento e a melhora do bem-estar emocional, enquanto os italianos relataram uma melhora no humor durante o resto do dia ap\u00f3s a refei\u00e7\u00e3o.<\/p>\n\n\n\n<div class=\"wp-block-image\"><figure class=\"aligncenter size-large is-resized\"><img loading=\"lazy\" decoding=\"async\" src=\"https:\/\/jornalfatosenoticias.com.br\/wp-content\/uploads\/2020\/02\/CONTROL-CS.jpg\" alt=\"\" class=\"wp-image-44991\" width=\"322\" height=\"386\" srcset=\"https:\/\/jornalfatosenoticias.com.br\/wp-content\/uploads\/2020\/02\/CONTROL-CS.jpg 834w, https:\/\/jornalfatosenoticias.com.br\/wp-content\/uploads\/2020\/02\/CONTROL-CS-250x300.jpg 250w, https:\/\/jornalfatosenoticias.com.br\/wp-content\/uploads\/2020\/02\/CONTROL-CS-768x921.jpg 768w\" sizes=\"auto, (max-width: 322px) 100vw, 322px\" \/><\/figure><\/div>\n\n\n\n<p><strong><span class=\"has-inline-color has-vivid-purple-color\">Din\u00e2mica de jantar moderna<br><\/span><\/strong>\u00c9 menos prov\u00e1vel que os italianos assistam a um programa de TV durante as refei\u00e7\u00f5es, pois eles s\u00e3o considerados uma distra\u00e7\u00e3o. Da mesma forma que os entrevistados alem\u00e3es, eles preferem discutir eventos atuais e pol\u00edtica.<br>No entanto, o h\u00e1bito de assistir a programas de TV foi maior nos <a href=\"https:\/\/ciclovivo.com.br\/planeta\/desenvolvimento\/mercado-de-roupas-usadas-nos-eua-cresce-mais-rapido-que-varejo\/\" target=\"_blank\" rel=\"noreferrer noopener\">EUA<\/a>; esses entrevistados relataram a maior preval\u00eancia de assistir a um programa antes (55%), durante (46%) e depois das refei\u00e7\u00f5es (59%), bem como de falar sobre o programa durante as refei\u00e7\u00f5es, provando como o elemento de entretenimento, al\u00e9m da refei\u00e7\u00e3o, pode promover a conex\u00e3o.<\/p>\n\n\n\n<div class=\"wp-block-image\"><figure class=\"aligncenter size-large is-resized\"><img loading=\"lazy\" decoding=\"async\" src=\"https:\/\/jornalfatosenoticias.com.br\/wp-content\/uploads\/2023\/08\/BKR-1024x1021.jpg\" alt=\"\" class=\"wp-image-44494\" width=\"314\" height=\"313\" srcset=\"https:\/\/jornalfatosenoticias.com.br\/wp-content\/uploads\/2023\/08\/BKR-1024x1021.jpg 1024w, https:\/\/jornalfatosenoticias.com.br\/wp-content\/uploads\/2023\/08\/BKR-300x300.jpg 300w, https:\/\/jornalfatosenoticias.com.br\/wp-content\/uploads\/2023\/08\/BKR-150x150.jpg 150w, https:\/\/jornalfatosenoticias.com.br\/wp-content\/uploads\/2023\/08\/BKR-768x766.jpg 768w, https:\/\/jornalfatosenoticias.com.br\/wp-content\/uploads\/2023\/08\/BKR.jpg 1080w\" sizes=\"auto, (max-width: 314px) 100vw, 314px\" \/><\/figure><\/div>\n\n\n\n<p><strong><em>Fonte: <a href=\"https:\/\/ciclovivo.com.br\/vida-sustentavel\/bem-estar\/refeicoes-em-familia-promovem-a-felicidade-diz-estudo\/\">CicloVivo<\/a><\/em><\/strong><\/p>\n","protected":false},"excerpt":{"rendered":"<p>Pesquisa revela uma liga\u00e7\u00e3o significativa entre a frequ\u00eancia de comer juntos e a melhoria do bem-estar Dividir a mesa com quem a gente ama nutre n\u00e3o s\u00f3 o corpo, mas tamb\u00e9m o nosso bem-estar. Esta afirma\u00e7\u00e3o vem de uma pesquisa da Universidade de Minnesota que trouxe novas descobertas sobre a profunda liga\u00e7\u00e3o entre refei\u00e7\u00f5es partilhadas [&hellip;]<\/p>\n","protected":false},"author":2,"featured_media":51745,"comment_status":"open","ping_status":"open","sticky":false,"template":"","format":"standard","meta":{"footnotes":""},"categories":[42,2522],"tags":[385,2716,1043,1357,2405,23694,688],"class_list":["post-51744","post","type-post","status-publish","format-standard","has-post-thumbnail","hentry","category-bem-estar","category-comportamento","tag-bem-estar","tag-comida","tag-familia","tag-felicidade","tag-refeicoes","tag-refeicoes-em-familia","tag-saude-mental"],"yoast_head":"<!-- This site is optimized with the Yoast SEO plugin v26.5 - https:\/\/yoast.com\/wordpress\/plugins\/seo\/ -->\n<title>Refei\u00e7\u00f5es em fam\u00edlia promovem a felicidade, diz estudo - Jornal Fatos e Not\u00edcias<\/title>\n<meta name=\"robots\" content=\"index, follow, max-snippet:-1, max-image-preview:large, max-video-preview:-1\" \/>\n<link rel=\"canonical\" href=\"https:\/\/jornalfatosenoticias.com.br\/index.php\/2024\/06\/05\/refeicoes-em-familia-promovem-a-felicidade-diz-estudo\/\" \/>\n<meta property=\"og:locale\" content=\"pt_BR\" \/>\n<meta property=\"og:type\" content=\"article\" \/>\n<meta property=\"og:title\" content=\"Refei\u00e7\u00f5es em fam\u00edlia promovem a felicidade, diz estudo - Jornal Fatos e Not\u00edcias\" \/>\n<meta property=\"og:description\" content=\"Pesquisa revela uma liga\u00e7\u00e3o significativa entre a frequ\u00eancia de comer juntos e a melhoria do bem-estar Dividir a mesa com quem a gente ama nutre n\u00e3o s\u00f3 o corpo, mas tamb\u00e9m o nosso bem-estar. Esta afirma\u00e7\u00e3o vem de uma pesquisa da Universidade de Minnesota que trouxe novas descobertas sobre a profunda liga\u00e7\u00e3o entre refei\u00e7\u00f5es partilhadas [&hellip;]\" \/>\n<meta property=\"og:url\" content=\"https:\/\/jornalfatosenoticias.com.br\/index.php\/2024\/06\/05\/refeicoes-em-familia-promovem-a-felicidade-diz-estudo\/\" \/>\n<meta property=\"og:site_name\" content=\"Jornal Fatos e Not\u00edcias\" \/>\n<meta property=\"article:published_time\" content=\"2024-06-05T12:26:16+00:00\" \/>\n<meta property=\"article:modified_time\" content=\"2024-06-05T12:26:18+00:00\" \/>\n<meta property=\"og:image\" content=\"https:\/\/jornalfatosenoticias.com.br\/wp-content\/uploads\/2024\/06\/refeicoes-em-familia_iStock.jpg\" \/>\n\t<meta property=\"og:image:width\" content=\"612\" \/>\n\t<meta property=\"og:image:height\" content=\"407\" \/>\n\t<meta property=\"og:image:type\" content=\"image\/jpeg\" \/>\n<meta name=\"author\" content=\"Luzimara Fernandes\" \/>\n<meta name=\"twitter:card\" content=\"summary_large_image\" \/>\n<meta name=\"twitter:label1\" content=\"Escrito por\" \/>\n\t<meta name=\"twitter:data1\" content=\"Luzimara Fernandes\" \/>\n\t<meta name=\"twitter:label2\" content=\"Est. tempo de leitura\" \/>\n\t<meta name=\"twitter:data2\" content=\"5 minutos\" \/>\n<script type=\"application\/ld+json\" class=\"yoast-schema-graph\">{\"@context\":\"https:\/\/schema.org\",\"@graph\":[{\"@type\":\"Article\",\"@id\":\"https:\/\/jornalfatosenoticias.com.br\/index.php\/2024\/06\/05\/refeicoes-em-familia-promovem-a-felicidade-diz-estudo\/#article\",\"isPartOf\":{\"@id\":\"https:\/\/jornalfatosenoticias.com.br\/index.php\/2024\/06\/05\/refeicoes-em-familia-promovem-a-felicidade-diz-estudo\/\"},\"author\":{\"name\":\"Luzimara Fernandes\",\"@id\":\"https:\/\/jornalfatosenoticias.com.br\/#\/schema\/person\/d63837fa13ac8666eb9e74e0985d6f81\"},\"headline\":\"Refei\u00e7\u00f5es em fam\u00edlia promovem a felicidade, diz estudo\",\"datePublished\":\"2024-06-05T12:26:16+00:00\",\"dateModified\":\"2024-06-05T12:26:18+00:00\",\"mainEntityOfPage\":{\"@id\":\"https:\/\/jornalfatosenoticias.com.br\/index.php\/2024\/06\/05\/refeicoes-em-familia-promovem-a-felicidade-diz-estudo\/\"},\"wordCount\":1068,\"commentCount\":0,\"publisher\":{\"@id\":\"https:\/\/jornalfatosenoticias.com.br\/#organization\"},\"image\":{\"@id\":\"https:\/\/jornalfatosenoticias.com.br\/index.php\/2024\/06\/05\/refeicoes-em-familia-promovem-a-felicidade-diz-estudo\/#primaryimage\"},\"thumbnailUrl\":\"https:\/\/jornalfatosenoticias.com.br\/wp-content\/uploads\/2024\/06\/refeicoes-em-familia_iStock.jpg\",\"keywords\":[\"bem-estar\",\"comida\",\"fam\u00edlia\",\"felicidade\",\"refei\u00e7\u00f5es\",\"refei\u00e7\u00f5es em fam\u00edlia\",\"sa\u00fade mental\"],\"articleSection\":[\"Bem-estar\",\"Comportamento &amp; Equil\u00edbrio\"],\"inLanguage\":\"pt-BR\",\"potentialAction\":[{\"@type\":\"CommentAction\",\"name\":\"Comment\",\"target\":[\"https:\/\/jornalfatosenoticias.com.br\/index.php\/2024\/06\/05\/refeicoes-em-familia-promovem-a-felicidade-diz-estudo\/#respond\"]}]},{\"@type\":\"WebPage\",\"@id\":\"https:\/\/jornalfatosenoticias.com.br\/index.php\/2024\/06\/05\/refeicoes-em-familia-promovem-a-felicidade-diz-estudo\/\",\"url\":\"https:\/\/jornalfatosenoticias.com.br\/index.php\/2024\/06\/05\/refeicoes-em-familia-promovem-a-felicidade-diz-estudo\/\",\"name\":\"Refei\u00e7\u00f5es em fam\u00edlia promovem a felicidade, diz estudo - Jornal Fatos e Not\u00edcias\",\"isPartOf\":{\"@id\":\"https:\/\/jornalfatosenoticias.com.br\/#website\"},\"primaryImageOfPage\":{\"@id\":\"https:\/\/jornalfatosenoticias.com.br\/index.php\/2024\/06\/05\/refeicoes-em-familia-promovem-a-felicidade-diz-estudo\/#primaryimage\"},\"image\":{\"@id\":\"https:\/\/jornalfatosenoticias.com.br\/index.php\/2024\/06\/05\/refeicoes-em-familia-promovem-a-felicidade-diz-estudo\/#primaryimage\"},\"thumbnailUrl\":\"https:\/\/jornalfatosenoticias.com.br\/wp-content\/uploads\/2024\/06\/refeicoes-em-familia_iStock.jpg\",\"datePublished\":\"2024-06-05T12:26:16+00:00\",\"dateModified\":\"2024-06-05T12:26:18+00:00\",\"breadcrumb\":{\"@id\":\"https:\/\/jornalfatosenoticias.com.br\/index.php\/2024\/06\/05\/refeicoes-em-familia-promovem-a-felicidade-diz-estudo\/#breadcrumb\"},\"inLanguage\":\"pt-BR\",\"potentialAction\":[{\"@type\":\"ReadAction\",\"target\":[\"https:\/\/jornalfatosenoticias.com.br\/index.php\/2024\/06\/05\/refeicoes-em-familia-promovem-a-felicidade-diz-estudo\/\"]}]},{\"@type\":\"ImageObject\",\"inLanguage\":\"pt-BR\",\"@id\":\"https:\/\/jornalfatosenoticias.com.br\/index.php\/2024\/06\/05\/refeicoes-em-familia-promovem-a-felicidade-diz-estudo\/#primaryimage\",\"url\":\"https:\/\/jornalfatosenoticias.com.br\/wp-content\/uploads\/2024\/06\/refeicoes-em-familia_iStock.jpg\",\"contentUrl\":\"https:\/\/jornalfatosenoticias.com.br\/wp-content\/uploads\/2024\/06\/refeicoes-em-familia_iStock.jpg\",\"width\":612,\"height\":407,\"caption\":\"Shot of a family of four cooking together in their kitchen at home\"},{\"@type\":\"BreadcrumbList\",\"@id\":\"https:\/\/jornalfatosenoticias.com.br\/index.php\/2024\/06\/05\/refeicoes-em-familia-promovem-a-felicidade-diz-estudo\/#breadcrumb\",\"itemListElement\":[{\"@type\":\"ListItem\",\"position\":1,\"name\":\"In\u00edcio\",\"item\":\"https:\/\/jornalfatosenoticias.com.br\/\"},{\"@type\":\"ListItem\",\"position\":2,\"name\":\"Refei\u00e7\u00f5es em fam\u00edlia promovem a felicidade, diz estudo\"}]},{\"@type\":\"WebSite\",\"@id\":\"https:\/\/jornalfatosenoticias.com.br\/#website\",\"url\":\"https:\/\/jornalfatosenoticias.com.br\/\",\"name\":\"Jornal Fatos e Not\u00edcias\",\"description\":\"Not\u00edcias em geral\",\"publisher\":{\"@id\":\"https:\/\/jornalfatosenoticias.com.br\/#organization\"},\"potentialAction\":[{\"@type\":\"SearchAction\",\"target\":{\"@type\":\"EntryPoint\",\"urlTemplate\":\"https:\/\/jornalfatosenoticias.com.br\/?s={search_term_string}\"},\"query-input\":{\"@type\":\"PropertyValueSpecification\",\"valueRequired\":true,\"valueName\":\"search_term_string\"}}],\"inLanguage\":\"pt-BR\"},{\"@type\":\"Organization\",\"@id\":\"https:\/\/jornalfatosenoticias.com.br\/#organization\",\"name\":\"Jornal Fatos e Not\u00edcias\",\"url\":\"https:\/\/jornalfatosenoticias.com.br\/\",\"logo\":{\"@type\":\"ImageObject\",\"inLanguage\":\"pt-BR\",\"@id\":\"https:\/\/jornalfatosenoticias.com.br\/#\/schema\/logo\/image\/\",\"url\":\"https:\/\/jornalfatosenoticias.com.br\/wp-content\/uploads\/2020\/02\/logo120.png\",\"contentUrl\":\"https:\/\/jornalfatosenoticias.com.br\/wp-content\/uploads\/2020\/02\/logo120.png\",\"width\":1227,\"height\":120,\"caption\":\"Jornal Fatos e Not\u00edcias\"},\"image\":{\"@id\":\"https:\/\/jornalfatosenoticias.com.br\/#\/schema\/logo\/image\/\"}},{\"@type\":\"Person\",\"@id\":\"https:\/\/jornalfatosenoticias.com.br\/#\/schema\/person\/d63837fa13ac8666eb9e74e0985d6f81\",\"name\":\"Luzimara Fernandes\",\"image\":{\"@type\":\"ImageObject\",\"inLanguage\":\"pt-BR\",\"@id\":\"https:\/\/jornalfatosenoticias.com.br\/#\/schema\/person\/image\/\",\"url\":\"https:\/\/jornalfatosenoticias.com.br\/wp-content\/uploads\/2025\/05\/EU_portal.jpg\",\"contentUrl\":\"https:\/\/jornalfatosenoticias.com.br\/wp-content\/uploads\/2025\/05\/EU_portal.jpg\",\"caption\":\"Luzimara Fernandes\"},\"description\":\"Jornalista MTB 2358-ES\",\"sameAs\":[\"https:\/\/jornalfatosenoticias.com.br\"],\"url\":\"https:\/\/jornalfatosenoticias.com.br\/index.php\/author\/luzimara\/\"}]}<\/script>\n<!-- \/ Yoast SEO plugin. -->","yoast_head_json":{"title":"Refei\u00e7\u00f5es em fam\u00edlia promovem a felicidade, diz estudo - Jornal Fatos e Not\u00edcias","robots":{"index":"index","follow":"follow","max-snippet":"max-snippet:-1","max-image-preview":"max-image-preview:large","max-video-preview":"max-video-preview:-1"},"canonical":"https:\/\/jornalfatosenoticias.com.br\/index.php\/2024\/06\/05\/refeicoes-em-familia-promovem-a-felicidade-diz-estudo\/","og_locale":"pt_BR","og_type":"article","og_title":"Refei\u00e7\u00f5es em fam\u00edlia promovem a felicidade, diz estudo - Jornal Fatos e Not\u00edcias","og_description":"Pesquisa revela uma liga\u00e7\u00e3o significativa entre a frequ\u00eancia de comer juntos e a melhoria do bem-estar Dividir a mesa com quem a gente ama nutre n\u00e3o s\u00f3 o corpo, mas tamb\u00e9m o nosso bem-estar. Esta afirma\u00e7\u00e3o vem de uma pesquisa da Universidade de Minnesota que trouxe novas descobertas sobre a profunda liga\u00e7\u00e3o entre refei\u00e7\u00f5es partilhadas [&hellip;]","og_url":"https:\/\/jornalfatosenoticias.com.br\/index.php\/2024\/06\/05\/refeicoes-em-familia-promovem-a-felicidade-diz-estudo\/","og_site_name":"Jornal Fatos e Not\u00edcias","article_published_time":"2024-06-05T12:26:16+00:00","article_modified_time":"2024-06-05T12:26:18+00:00","og_image":[{"width":612,"height":407,"url":"https:\/\/jornalfatosenoticias.com.br\/wp-content\/uploads\/2024\/06\/refeicoes-em-familia_iStock.jpg","type":"image\/jpeg"}],"author":"Luzimara Fernandes","twitter_card":"summary_large_image","twitter_misc":{"Escrito por":"Luzimara Fernandes","Est. tempo de leitura":"5 minutos"},"schema":{"@context":"https:\/\/schema.org","@graph":[{"@type":"Article","@id":"https:\/\/jornalfatosenoticias.com.br\/index.php\/2024\/06\/05\/refeicoes-em-familia-promovem-a-felicidade-diz-estudo\/#article","isPartOf":{"@id":"https:\/\/jornalfatosenoticias.com.br\/index.php\/2024\/06\/05\/refeicoes-em-familia-promovem-a-felicidade-diz-estudo\/"},"author":{"name":"Luzimara Fernandes","@id":"https:\/\/jornalfatosenoticias.com.br\/#\/schema\/person\/d63837fa13ac8666eb9e74e0985d6f81"},"headline":"Refei\u00e7\u00f5es em fam\u00edlia promovem a felicidade, diz estudo","datePublished":"2024-06-05T12:26:16+00:00","dateModified":"2024-06-05T12:26:18+00:00","mainEntityOfPage":{"@id":"https:\/\/jornalfatosenoticias.com.br\/index.php\/2024\/06\/05\/refeicoes-em-familia-promovem-a-felicidade-diz-estudo\/"},"wordCount":1068,"commentCount":0,"publisher":{"@id":"https:\/\/jornalfatosenoticias.com.br\/#organization"},"image":{"@id":"https:\/\/jornalfatosenoticias.com.br\/index.php\/2024\/06\/05\/refeicoes-em-familia-promovem-a-felicidade-diz-estudo\/#primaryimage"},"thumbnailUrl":"https:\/\/jornalfatosenoticias.com.br\/wp-content\/uploads\/2024\/06\/refeicoes-em-familia_iStock.jpg","keywords":["bem-estar","comida","fam\u00edlia","felicidade","refei\u00e7\u00f5es","refei\u00e7\u00f5es em fam\u00edlia","sa\u00fade mental"],"articleSection":["Bem-estar","Comportamento &amp; Equil\u00edbrio"],"inLanguage":"pt-BR","potentialAction":[{"@type":"CommentAction","name":"Comment","target":["https:\/\/jornalfatosenoticias.com.br\/index.php\/2024\/06\/05\/refeicoes-em-familia-promovem-a-felicidade-diz-estudo\/#respond"]}]},{"@type":"WebPage","@id":"https:\/\/jornalfatosenoticias.com.br\/index.php\/2024\/06\/05\/refeicoes-em-familia-promovem-a-felicidade-diz-estudo\/","url":"https:\/\/jornalfatosenoticias.com.br\/index.php\/2024\/06\/05\/refeicoes-em-familia-promovem-a-felicidade-diz-estudo\/","name":"Refei\u00e7\u00f5es em fam\u00edlia promovem a felicidade, diz estudo - Jornal Fatos e Not\u00edcias","isPartOf":{"@id":"https:\/\/jornalfatosenoticias.com.br\/#website"},"primaryImageOfPage":{"@id":"https:\/\/jornalfatosenoticias.com.br\/index.php\/2024\/06\/05\/refeicoes-em-familia-promovem-a-felicidade-diz-estudo\/#primaryimage"},"image":{"@id":"https:\/\/jornalfatosenoticias.com.br\/index.php\/2024\/06\/05\/refeicoes-em-familia-promovem-a-felicidade-diz-estudo\/#primaryimage"},"thumbnailUrl":"https:\/\/jornalfatosenoticias.com.br\/wp-content\/uploads\/2024\/06\/refeicoes-em-familia_iStock.jpg","datePublished":"2024-06-05T12:26:16+00:00","dateModified":"2024-06-05T12:26:18+00:00","breadcrumb":{"@id":"https:\/\/jornalfatosenoticias.com.br\/index.php\/2024\/06\/05\/refeicoes-em-familia-promovem-a-felicidade-diz-estudo\/#breadcrumb"},"inLanguage":"pt-BR","potentialAction":[{"@type":"ReadAction","target":["https:\/\/jornalfatosenoticias.com.br\/index.php\/2024\/06\/05\/refeicoes-em-familia-promovem-a-felicidade-diz-estudo\/"]}]},{"@type":"ImageObject","inLanguage":"pt-BR","@id":"https:\/\/jornalfatosenoticias.com.br\/index.php\/2024\/06\/05\/refeicoes-em-familia-promovem-a-felicidade-diz-estudo\/#primaryimage","url":"https:\/\/jornalfatosenoticias.com.br\/wp-content\/uploads\/2024\/06\/refeicoes-em-familia_iStock.jpg","contentUrl":"https:\/\/jornalfatosenoticias.com.br\/wp-content\/uploads\/2024\/06\/refeicoes-em-familia_iStock.jpg","width":612,"height":407,"caption":"Shot of a family of four cooking together in their kitchen at home"},{"@type":"BreadcrumbList","@id":"https:\/\/jornalfatosenoticias.com.br\/index.php\/2024\/06\/05\/refeicoes-em-familia-promovem-a-felicidade-diz-estudo\/#breadcrumb","itemListElement":[{"@type":"ListItem","position":1,"name":"In\u00edcio","item":"https:\/\/jornalfatosenoticias.com.br\/"},{"@type":"ListItem","position":2,"name":"Refei\u00e7\u00f5es em fam\u00edlia promovem a felicidade, diz estudo"}]},{"@type":"WebSite","@id":"https:\/\/jornalfatosenoticias.com.br\/#website","url":"https:\/\/jornalfatosenoticias.com.br\/","name":"Jornal Fatos e Not\u00edcias","description":"Not\u00edcias em geral","publisher":{"@id":"https:\/\/jornalfatosenoticias.com.br\/#organization"},"potentialAction":[{"@type":"SearchAction","target":{"@type":"EntryPoint","urlTemplate":"https:\/\/jornalfatosenoticias.com.br\/?s={search_term_string}"},"query-input":{"@type":"PropertyValueSpecification","valueRequired":true,"valueName":"search_term_string"}}],"inLanguage":"pt-BR"},{"@type":"Organization","@id":"https:\/\/jornalfatosenoticias.com.br\/#organization","name":"Jornal Fatos e Not\u00edcias","url":"https:\/\/jornalfatosenoticias.com.br\/","logo":{"@type":"ImageObject","inLanguage":"pt-BR","@id":"https:\/\/jornalfatosenoticias.com.br\/#\/schema\/logo\/image\/","url":"https:\/\/jornalfatosenoticias.com.br\/wp-content\/uploads\/2020\/02\/logo120.png","contentUrl":"https:\/\/jornalfatosenoticias.com.br\/wp-content\/uploads\/2020\/02\/logo120.png","width":1227,"height":120,"caption":"Jornal Fatos e Not\u00edcias"},"image":{"@id":"https:\/\/jornalfatosenoticias.com.br\/#\/schema\/logo\/image\/"}},{"@type":"Person","@id":"https:\/\/jornalfatosenoticias.com.br\/#\/schema\/person\/d63837fa13ac8666eb9e74e0985d6f81","name":"Luzimara Fernandes","image":{"@type":"ImageObject","inLanguage":"pt-BR","@id":"https:\/\/jornalfatosenoticias.com.br\/#\/schema\/person\/image\/","url":"https:\/\/jornalfatosenoticias.com.br\/wp-content\/uploads\/2025\/05\/EU_portal.jpg","contentUrl":"https:\/\/jornalfatosenoticias.com.br\/wp-content\/uploads\/2025\/05\/EU_portal.jpg","caption":"Luzimara Fernandes"},"description":"Jornalista MTB 2358-ES","sameAs":["https:\/\/jornalfatosenoticias.com.br"],"url":"https:\/\/jornalfatosenoticias.com.br\/index.php\/author\/luzimara\/"}]}},"cc_featured_image_caption":{"caption_text":"(Foto: iStock) ","source_text":"","source_url":""},"jetpack_featured_media_url":"https:\/\/jornalfatosenoticias.com.br\/wp-content\/uploads\/2024\/06\/refeicoes-em-familia_iStock.jpg","_links":{"self":[{"href":"https:\/\/jornalfatosenoticias.com.br\/index.php\/wp-json\/wp\/v2\/posts\/51744","targetHints":{"allow":["GET"]}}],"collection":[{"href":"https:\/\/jornalfatosenoticias.com.br\/index.php\/wp-json\/wp\/v2\/posts"}],"about":[{"href":"https:\/\/jornalfatosenoticias.com.br\/index.php\/wp-json\/wp\/v2\/types\/post"}],"author":[{"embeddable":true,"href":"https:\/\/jornalfatosenoticias.com.br\/index.php\/wp-json\/wp\/v2\/users\/2"}],"replies":[{"embeddable":true,"href":"https:\/\/jornalfatosenoticias.com.br\/index.php\/wp-json\/wp\/v2\/comments?post=51744"}],"version-history":[{"count":0,"href":"https:\/\/jornalfatosenoticias.com.br\/index.php\/wp-json\/wp\/v2\/posts\/51744\/revisions"}],"wp:featuredmedia":[{"embeddable":true,"href":"https:\/\/jornalfatosenoticias.com.br\/index.php\/wp-json\/wp\/v2\/media\/51745"}],"wp:attachment":[{"href":"https:\/\/jornalfatosenoticias.com.br\/index.php\/wp-json\/wp\/v2\/media?parent=51744"}],"wp:term":[{"taxonomy":"category","embeddable":true,"href":"https:\/\/jornalfatosenoticias.com.br\/index.php\/wp-json\/wp\/v2\/categories?post=51744"},{"taxonomy":"post_tag","embeddable":true,"href":"https:\/\/jornalfatosenoticias.com.br\/index.php\/wp-json\/wp\/v2\/tags?post=51744"}],"curies":[{"name":"wp","href":"https:\/\/api.w.org\/{rel}","templated":true}]}}