{"id":51759,"date":"2024-06-05T10:47:39","date_gmt":"2024-06-05T13:47:39","guid":{"rendered":"https:\/\/jornalfatosenoticias.com.br\/?p=51759"},"modified":"2024-06-05T10:47:40","modified_gmt":"2024-06-05T13:47:40","slug":"pgr-recorre-da-decisao-que-anulou-a-condenacao-de-marcelo-odebrecht","status":"publish","type":"post","link":"https:\/\/jornalfatosenoticias.com.br\/index.php\/2024\/06\/05\/pgr-recorre-da-decisao-que-anulou-a-condenacao-de-marcelo-odebrecht\/","title":{"rendered":"PGR recorre da decis\u00e3o que anulou a condena\u00e7\u00e3o de Marcelo Odebrecht"},"content":{"rendered":"\n<div class=\"wp-block-image\"><figure class=\"aligncenter size-large\"><img loading=\"lazy\" decoding=\"async\" width=\"1024\" height=\"111\" src=\"https:\/\/jornalfatosenoticias.com.br\/wp-content\/uploads\/2020\/02\/WhatsApp-Image-2022-09-23-at-12.09.18-1024x111.jpeg\" alt=\"\" class=\"wp-image-34527\" srcset=\"https:\/\/jornalfatosenoticias.com.br\/wp-content\/uploads\/2020\/02\/WhatsApp-Image-2022-09-23-at-12.09.18-1024x111.jpeg 1024w, https:\/\/jornalfatosenoticias.com.br\/wp-content\/uploads\/2020\/02\/WhatsApp-Image-2022-09-23-at-12.09.18-300x32.jpeg 300w, https:\/\/jornalfatosenoticias.com.br\/wp-content\/uploads\/2020\/02\/WhatsApp-Image-2022-09-23-at-12.09.18-768x83.jpeg 768w, https:\/\/jornalfatosenoticias.com.br\/wp-content\/uploads\/2020\/02\/WhatsApp-Image-2022-09-23-at-12.09.18.jpeg 1121w\" sizes=\"auto, (max-width: 1024px) 100vw, 1024px\" \/><\/figure><\/div>\n\n\n\n<p>A Procuradoria-Geral da Rep\u00fablica (PGR) recorreu, nesta ter\u00e7a-feira (4), da decis\u00e3o que anulou todos os processos e investiga\u00e7\u00f5es da opera\u00e7\u00e3o Lava Jato contra o empres\u00e1rio Marcelo Odebrecht. A ordem favor\u00e1vel ao executivo foi concedida pelo ministro Dias Toffoli, do Supremo Tribunal Federal (STF), em 21 de maio. O procurador-geral da Rep\u00fablica, Paulo Gonet, pede que Toffoli reconsidere a decis\u00e3o. A PGR aponta que a pr\u00e1tica de crimes foi confessada em processo supervisionado pelo STF.<\/p>\n\n\n\n<blockquote class=\"wp-block-quote is-layout-flow wp-block-quote-is-layout-flow\"><p><span class=\"has-inline-color has-luminous-vivid-orange-color\">Os crimes foram efetivamente confessados e detalhados pelos membros da empresa com a entrega de documentos comprobat\u00f3rios. Tudo isso ocorreu na PGR sob a supervis\u00e3o final do STF. N\u00e3o h\u00e1 nas confiss\u00f5es, que integram o acordo de colabora\u00e7\u00e3o, a ocorr\u00eancia de comportamentos como os que s\u00e3o atribu\u00eddos a agentes p\u00fablicos na opera\u00e7\u00e3o Spoofing\u201d, diz Gonet.<\/span><\/p><\/blockquote>\n\n\n\n<div class=\"wp-block-image\"><figure class=\"aligncenter size-large\"><img loading=\"lazy\" decoding=\"async\" width=\"300\" height=\"250\" src=\"https:\/\/jornalfatosenoticias.com.br\/wp-content\/uploads\/2020\/02\/Banner-2.png\" alt=\"\" class=\"wp-image-43787\"\/><\/figure><\/div>\n\n\n\n<p>Segundo a PGR, a defesa do empres\u00e1rio n\u00e3o demonstrou as falhas no acordo de dela\u00e7\u00e3o premiada firmado no \u00e2mbito da Lava Jato. Gonet sustenta ainda que n\u00e3o cabe ao STF apurar alega\u00e7\u00f5es de v\u00edcios na atua\u00e7\u00e3o de integrantes do Minist\u00e9rio P\u00fablico e da magistratura em primeira inst\u00e2ncia.<\/p>\n\n\n\n<div class=\"wp-block-image\"><figure class=\"aligncenter size-large is-resized\"><img loading=\"lazy\" decoding=\"async\" src=\"https:\/\/jornalfatosenoticias.com.br\/wp-content\/uploads\/2023\/08\/ITH.jpeg\" alt=\"\" class=\"wp-image-44638\" width=\"334\" height=\"271\" srcset=\"https:\/\/jornalfatosenoticias.com.br\/wp-content\/uploads\/2023\/08\/ITH.jpeg 800w, https:\/\/jornalfatosenoticias.com.br\/wp-content\/uploads\/2023\/08\/ITH-300x244.jpeg 300w, https:\/\/jornalfatosenoticias.com.br\/wp-content\/uploads\/2023\/08\/ITH-768x624.jpeg 768w\" sizes=\"auto, (max-width: 334px) 100vw, 334px\" \/><\/figure><\/div>\n\n\n\n<p>Na decis\u00e3o de maio, Toffoli ressaltou que a anula\u00e7\u00e3o n\u00e3o engloba o acordo de dela\u00e7\u00e3o premiada firmado durante a opera\u00e7\u00e3o. O ministro considerou que integrantes da Lava Jato, atuando em conluio, ignoraram o devido processo legal, o contradit\u00f3rio, a ampla defesa e a pr\u00f3pria institucionalidade para garantir seus objetivos pessoais e pol\u00edticos, \u201co que n\u00e3o se pode admitir em um Estado Democr\u00e1tico de Direito\u201d.<\/p>\n\n\n\n<div class=\"wp-block-image\"><figure class=\"aligncenter size-large\"><img decoding=\"async\" src=\"https:\/\/jornalfatosenoticias.com.br\/wp-content\/uploads\/2020\/02\/barao-das-carnes-300x164-1.jpg\" alt=\"\" class=\"wp-image-34339\"\/><\/figure><\/div>\n\n\n\n<p><em><strong>Fonte: <a href=\"https:\/\/terrabrasilnoticias.com\/2024\/06\/agora-pgr-recorre-da-decisao-que-anulou-a-condenacao-de-marcelo-odebrecht\/\">Terra Brasil Not\u00edcias<\/a><\/strong><\/em><\/p>\n","protected":false},"excerpt":{"rendered":"<p>A Procuradoria-Geral da Rep\u00fablica (PGR) recorreu, nesta ter\u00e7a-feira (4), da decis\u00e3o que anulou todos os processos e investiga\u00e7\u00f5es da opera\u00e7\u00e3o Lava Jato contra o empres\u00e1rio Marcelo Odebrecht. A ordem favor\u00e1vel ao executivo foi concedida pelo ministro Dias Toffoli, do Supremo Tribunal Federal (STF), em 21 de maio. O procurador-geral da Rep\u00fablica, Paulo Gonet, pede que [&hellip;]<\/p>\n","protected":false},"author":2,"featured_media":51760,"comment_status":"open","ping_status":"open","sticky":false,"template":"","format":"standard","meta":{"footnotes":""},"categories":[5],"tags":[6343,1345,4847,23700,301,294],"class_list":["post-51759","post","type-post","status-publish","format-standard","has-post-thumbnail","hentry","category-geral","tag-condenacao","tag-justica","tag-lava-jato","tag-marcelo-odebrecht","tag-pgr","tag-stf"],"yoast_head":"<!-- This site is optimized with the Yoast SEO plugin v26.5 - https:\/\/yoast.com\/wordpress\/plugins\/seo\/ -->\n<title>PGR recorre da decis\u00e3o que anulou a condena\u00e7\u00e3o de Marcelo Odebrecht - Jornal Fatos e Not\u00edcias<\/title>\n<meta name=\"robots\" content=\"index, follow, max-snippet:-1, max-image-preview:large, max-video-preview:-1\" \/>\n<link rel=\"canonical\" href=\"https:\/\/jornalfatosenoticias.com.br\/index.php\/2024\/06\/05\/pgr-recorre-da-decisao-que-anulou-a-condenacao-de-marcelo-odebrecht\/\" \/>\n<meta property=\"og:locale\" content=\"pt_BR\" \/>\n<meta property=\"og:type\" content=\"article\" \/>\n<meta property=\"og:title\" content=\"PGR recorre da decis\u00e3o que anulou a condena\u00e7\u00e3o de Marcelo Odebrecht - Jornal Fatos e Not\u00edcias\" \/>\n<meta property=\"og:description\" content=\"A Procuradoria-Geral da Rep\u00fablica (PGR) recorreu, nesta ter\u00e7a-feira (4), da decis\u00e3o que anulou todos os processos e investiga\u00e7\u00f5es da opera\u00e7\u00e3o Lava Jato contra o empres\u00e1rio Marcelo Odebrecht. A ordem favor\u00e1vel ao executivo foi concedida pelo ministro Dias Toffoli, do Supremo Tribunal Federal (STF), em 21 de maio. O procurador-geral da Rep\u00fablica, Paulo Gonet, pede que [&hellip;]\" \/>\n<meta property=\"og:url\" content=\"https:\/\/jornalfatosenoticias.com.br\/index.php\/2024\/06\/05\/pgr-recorre-da-decisao-que-anulou-a-condenacao-de-marcelo-odebrecht\/\" \/>\n<meta property=\"og:site_name\" content=\"Jornal Fatos e Not\u00edcias\" \/>\n<meta property=\"article:published_time\" content=\"2024-06-05T13:47:39+00:00\" \/>\n<meta property=\"article:modified_time\" content=\"2024-06-05T13:47:40+00:00\" \/>\n<meta property=\"og:image\" content=\"https:\/\/jornalfatosenoticias.com.br\/wp-content\/uploads\/2024\/06\/Marcelo-Odebrecht.jpg\" \/>\n\t<meta property=\"og:image:width\" content=\"1000\" \/>\n\t<meta property=\"og:image:height\" content=\"552\" \/>\n\t<meta property=\"og:image:type\" content=\"image\/jpeg\" \/>\n<meta name=\"author\" content=\"Luzimara Fernandes\" \/>\n<meta name=\"twitter:card\" content=\"summary_large_image\" \/>\n<meta name=\"twitter:label1\" content=\"Escrito por\" \/>\n\t<meta name=\"twitter:data1\" content=\"Luzimara Fernandes\" \/>\n\t<meta name=\"twitter:label2\" content=\"Est. tempo de leitura\" \/>\n\t<meta name=\"twitter:data2\" content=\"1 minuto\" \/>\n<script type=\"application\/ld+json\" class=\"yoast-schema-graph\">{\"@context\":\"https:\/\/schema.org\",\"@graph\":[{\"@type\":\"Article\",\"@id\":\"https:\/\/jornalfatosenoticias.com.br\/index.php\/2024\/06\/05\/pgr-recorre-da-decisao-que-anulou-a-condenacao-de-marcelo-odebrecht\/#article\",\"isPartOf\":{\"@id\":\"https:\/\/jornalfatosenoticias.com.br\/index.php\/2024\/06\/05\/pgr-recorre-da-decisao-que-anulou-a-condenacao-de-marcelo-odebrecht\/\"},\"author\":{\"name\":\"Luzimara Fernandes\",\"@id\":\"https:\/\/jornalfatosenoticias.com.br\/#\/schema\/person\/d63837fa13ac8666eb9e74e0985d6f81\"},\"headline\":\"PGR recorre da decis\u00e3o que anulou a condena\u00e7\u00e3o de Marcelo Odebrecht\",\"datePublished\":\"2024-06-05T13:47:39+00:00\",\"dateModified\":\"2024-06-05T13:47:40+00:00\",\"mainEntityOfPage\":{\"@id\":\"https:\/\/jornalfatosenoticias.com.br\/index.php\/2024\/06\/05\/pgr-recorre-da-decisao-que-anulou-a-condenacao-de-marcelo-odebrecht\/\"},\"wordCount\":296,\"commentCount\":0,\"publisher\":{\"@id\":\"https:\/\/jornalfatosenoticias.com.br\/#organization\"},\"image\":{\"@id\":\"https:\/\/jornalfatosenoticias.com.br\/index.php\/2024\/06\/05\/pgr-recorre-da-decisao-que-anulou-a-condenacao-de-marcelo-odebrecht\/#primaryimage\"},\"thumbnailUrl\":\"https:\/\/jornalfatosenoticias.com.br\/wp-content\/uploads\/2024\/06\/Marcelo-Odebrecht.jpg\",\"keywords\":[\"condena\u00e7\u00e3o\",\"justi\u00e7a\",\"Lava Jato\",\"Marcelo Odebrecht\",\"PGR\",\"STF\"],\"articleSection\":[\"Geral\"],\"inLanguage\":\"pt-BR\",\"potentialAction\":[{\"@type\":\"CommentAction\",\"name\":\"Comment\",\"target\":[\"https:\/\/jornalfatosenoticias.com.br\/index.php\/2024\/06\/05\/pgr-recorre-da-decisao-que-anulou-a-condenacao-de-marcelo-odebrecht\/#respond\"]}]},{\"@type\":\"WebPage\",\"@id\":\"https:\/\/jornalfatosenoticias.com.br\/index.php\/2024\/06\/05\/pgr-recorre-da-decisao-que-anulou-a-condenacao-de-marcelo-odebrecht\/\",\"url\":\"https:\/\/jornalfatosenoticias.com.br\/index.php\/2024\/06\/05\/pgr-recorre-da-decisao-que-anulou-a-condenacao-de-marcelo-odebrecht\/\",\"name\":\"PGR recorre da decis\u00e3o que anulou a condena\u00e7\u00e3o de Marcelo Odebrecht - Jornal Fatos e Not\u00edcias\",\"isPartOf\":{\"@id\":\"https:\/\/jornalfatosenoticias.com.br\/#website\"},\"primaryImageOfPage\":{\"@id\":\"https:\/\/jornalfatosenoticias.com.br\/index.php\/2024\/06\/05\/pgr-recorre-da-decisao-que-anulou-a-condenacao-de-marcelo-odebrecht\/#primaryimage\"},\"image\":{\"@id\":\"https:\/\/jornalfatosenoticias.com.br\/index.php\/2024\/06\/05\/pgr-recorre-da-decisao-que-anulou-a-condenacao-de-marcelo-odebrecht\/#primaryimage\"},\"thumbnailUrl\":\"https:\/\/jornalfatosenoticias.com.br\/wp-content\/uploads\/2024\/06\/Marcelo-Odebrecht.jpg\",\"datePublished\":\"2024-06-05T13:47:39+00:00\",\"dateModified\":\"2024-06-05T13:47:40+00:00\",\"breadcrumb\":{\"@id\":\"https:\/\/jornalfatosenoticias.com.br\/index.php\/2024\/06\/05\/pgr-recorre-da-decisao-que-anulou-a-condenacao-de-marcelo-odebrecht\/#breadcrumb\"},\"inLanguage\":\"pt-BR\",\"potentialAction\":[{\"@type\":\"ReadAction\",\"target\":[\"https:\/\/jornalfatosenoticias.com.br\/index.php\/2024\/06\/05\/pgr-recorre-da-decisao-que-anulou-a-condenacao-de-marcelo-odebrecht\/\"]}]},{\"@type\":\"ImageObject\",\"inLanguage\":\"pt-BR\",\"@id\":\"https:\/\/jornalfatosenoticias.com.br\/index.php\/2024\/06\/05\/pgr-recorre-da-decisao-que-anulou-a-condenacao-de-marcelo-odebrecht\/#primaryimage\",\"url\":\"https:\/\/jornalfatosenoticias.com.br\/wp-content\/uploads\/2024\/06\/Marcelo-Odebrecht.jpg\",\"contentUrl\":\"https:\/\/jornalfatosenoticias.com.br\/wp-content\/uploads\/2024\/06\/Marcelo-Odebrecht.jpg\",\"width\":1000,\"height\":552},{\"@type\":\"BreadcrumbList\",\"@id\":\"https:\/\/jornalfatosenoticias.com.br\/index.php\/2024\/06\/05\/pgr-recorre-da-decisao-que-anulou-a-condenacao-de-marcelo-odebrecht\/#breadcrumb\",\"itemListElement\":[{\"@type\":\"ListItem\",\"position\":1,\"name\":\"In\u00edcio\",\"item\":\"https:\/\/jornalfatosenoticias.com.br\/\"},{\"@type\":\"ListItem\",\"position\":2,\"name\":\"PGR recorre da decis\u00e3o que anulou a condena\u00e7\u00e3o de Marcelo Odebrecht\"}]},{\"@type\":\"WebSite\",\"@id\":\"https:\/\/jornalfatosenoticias.com.br\/#website\",\"url\":\"https:\/\/jornalfatosenoticias.com.br\/\",\"name\":\"Jornal Fatos e Not\u00edcias\",\"description\":\"Not\u00edcias em geral\",\"publisher\":{\"@id\":\"https:\/\/jornalfatosenoticias.com.br\/#organization\"},\"potentialAction\":[{\"@type\":\"SearchAction\",\"target\":{\"@type\":\"EntryPoint\",\"urlTemplate\":\"https:\/\/jornalfatosenoticias.com.br\/?s={search_term_string}\"},\"query-input\":{\"@type\":\"PropertyValueSpecification\",\"valueRequired\":true,\"valueName\":\"search_term_string\"}}],\"inLanguage\":\"pt-BR\"},{\"@type\":\"Organization\",\"@id\":\"https:\/\/jornalfatosenoticias.com.br\/#organization\",\"name\":\"Jornal Fatos e Not\u00edcias\",\"url\":\"https:\/\/jornalfatosenoticias.com.br\/\",\"logo\":{\"@type\":\"ImageObject\",\"inLanguage\":\"pt-BR\",\"@id\":\"https:\/\/jornalfatosenoticias.com.br\/#\/schema\/logo\/image\/\",\"url\":\"https:\/\/jornalfatosenoticias.com.br\/wp-content\/uploads\/2020\/02\/logo120.png\",\"contentUrl\":\"https:\/\/jornalfatosenoticias.com.br\/wp-content\/uploads\/2020\/02\/logo120.png\",\"width\":1227,\"height\":120,\"caption\":\"Jornal Fatos e Not\u00edcias\"},\"image\":{\"@id\":\"https:\/\/jornalfatosenoticias.com.br\/#\/schema\/logo\/image\/\"}},{\"@type\":\"Person\",\"@id\":\"https:\/\/jornalfatosenoticias.com.br\/#\/schema\/person\/d63837fa13ac8666eb9e74e0985d6f81\",\"name\":\"Luzimara Fernandes\",\"image\":{\"@type\":\"ImageObject\",\"inLanguage\":\"pt-BR\",\"@id\":\"https:\/\/jornalfatosenoticias.com.br\/#\/schema\/person\/image\/\",\"url\":\"https:\/\/jornalfatosenoticias.com.br\/wp-content\/uploads\/2025\/05\/EU_portal.jpg\",\"contentUrl\":\"https:\/\/jornalfatosenoticias.com.br\/wp-content\/uploads\/2025\/05\/EU_portal.jpg\",\"caption\":\"Luzimara Fernandes\"},\"description\":\"Jornalista MTB 2358-ES\",\"sameAs\":[\"https:\/\/jornalfatosenoticias.com.br\"],\"url\":\"https:\/\/jornalfatosenoticias.com.br\/index.php\/author\/luzimara\/\"}]}<\/script>\n<!-- \/ Yoast SEO plugin. -->","yoast_head_json":{"title":"PGR recorre da decis\u00e3o que anulou a condena\u00e7\u00e3o de Marcelo Odebrecht - Jornal Fatos e Not\u00edcias","robots":{"index":"index","follow":"follow","max-snippet":"max-snippet:-1","max-image-preview":"max-image-preview:large","max-video-preview":"max-video-preview:-1"},"canonical":"https:\/\/jornalfatosenoticias.com.br\/index.php\/2024\/06\/05\/pgr-recorre-da-decisao-que-anulou-a-condenacao-de-marcelo-odebrecht\/","og_locale":"pt_BR","og_type":"article","og_title":"PGR recorre da decis\u00e3o que anulou a condena\u00e7\u00e3o de Marcelo Odebrecht - Jornal Fatos e Not\u00edcias","og_description":"A Procuradoria-Geral da Rep\u00fablica (PGR) recorreu, nesta ter\u00e7a-feira (4), da decis\u00e3o que anulou todos os processos e investiga\u00e7\u00f5es da opera\u00e7\u00e3o Lava Jato contra o empres\u00e1rio Marcelo Odebrecht. A ordem favor\u00e1vel ao executivo foi concedida pelo ministro Dias Toffoli, do Supremo Tribunal Federal (STF), em 21 de maio. O procurador-geral da Rep\u00fablica, Paulo Gonet, pede que [&hellip;]","og_url":"https:\/\/jornalfatosenoticias.com.br\/index.php\/2024\/06\/05\/pgr-recorre-da-decisao-que-anulou-a-condenacao-de-marcelo-odebrecht\/","og_site_name":"Jornal Fatos e Not\u00edcias","article_published_time":"2024-06-05T13:47:39+00:00","article_modified_time":"2024-06-05T13:47:40+00:00","og_image":[{"width":1000,"height":552,"url":"https:\/\/jornalfatosenoticias.com.br\/wp-content\/uploads\/2024\/06\/Marcelo-Odebrecht.jpg","type":"image\/jpeg"}],"author":"Luzimara Fernandes","twitter_card":"summary_large_image","twitter_misc":{"Escrito por":"Luzimara Fernandes","Est. tempo de leitura":"1 minuto"},"schema":{"@context":"https:\/\/schema.org","@graph":[{"@type":"Article","@id":"https:\/\/jornalfatosenoticias.com.br\/index.php\/2024\/06\/05\/pgr-recorre-da-decisao-que-anulou-a-condenacao-de-marcelo-odebrecht\/#article","isPartOf":{"@id":"https:\/\/jornalfatosenoticias.com.br\/index.php\/2024\/06\/05\/pgr-recorre-da-decisao-que-anulou-a-condenacao-de-marcelo-odebrecht\/"},"author":{"name":"Luzimara Fernandes","@id":"https:\/\/jornalfatosenoticias.com.br\/#\/schema\/person\/d63837fa13ac8666eb9e74e0985d6f81"},"headline":"PGR recorre da decis\u00e3o que anulou a condena\u00e7\u00e3o de Marcelo Odebrecht","datePublished":"2024-06-05T13:47:39+00:00","dateModified":"2024-06-05T13:47:40+00:00","mainEntityOfPage":{"@id":"https:\/\/jornalfatosenoticias.com.br\/index.php\/2024\/06\/05\/pgr-recorre-da-decisao-que-anulou-a-condenacao-de-marcelo-odebrecht\/"},"wordCount":296,"commentCount":0,"publisher":{"@id":"https:\/\/jornalfatosenoticias.com.br\/#organization"},"image":{"@id":"https:\/\/jornalfatosenoticias.com.br\/index.php\/2024\/06\/05\/pgr-recorre-da-decisao-que-anulou-a-condenacao-de-marcelo-odebrecht\/#primaryimage"},"thumbnailUrl":"https:\/\/jornalfatosenoticias.com.br\/wp-content\/uploads\/2024\/06\/Marcelo-Odebrecht.jpg","keywords":["condena\u00e7\u00e3o","justi\u00e7a","Lava Jato","Marcelo Odebrecht","PGR","STF"],"articleSection":["Geral"],"inLanguage":"pt-BR","potentialAction":[{"@type":"CommentAction","name":"Comment","target":["https:\/\/jornalfatosenoticias.com.br\/index.php\/2024\/06\/05\/pgr-recorre-da-decisao-que-anulou-a-condenacao-de-marcelo-odebrecht\/#respond"]}]},{"@type":"WebPage","@id":"https:\/\/jornalfatosenoticias.com.br\/index.php\/2024\/06\/05\/pgr-recorre-da-decisao-que-anulou-a-condenacao-de-marcelo-odebrecht\/","url":"https:\/\/jornalfatosenoticias.com.br\/index.php\/2024\/06\/05\/pgr-recorre-da-decisao-que-anulou-a-condenacao-de-marcelo-odebrecht\/","name":"PGR recorre da decis\u00e3o que anulou a condena\u00e7\u00e3o de Marcelo Odebrecht - Jornal Fatos e Not\u00edcias","isPartOf":{"@id":"https:\/\/jornalfatosenoticias.com.br\/#website"},"primaryImageOfPage":{"@id":"https:\/\/jornalfatosenoticias.com.br\/index.php\/2024\/06\/05\/pgr-recorre-da-decisao-que-anulou-a-condenacao-de-marcelo-odebrecht\/#primaryimage"},"image":{"@id":"https:\/\/jornalfatosenoticias.com.br\/index.php\/2024\/06\/05\/pgr-recorre-da-decisao-que-anulou-a-condenacao-de-marcelo-odebrecht\/#primaryimage"},"thumbnailUrl":"https:\/\/jornalfatosenoticias.com.br\/wp-content\/uploads\/2024\/06\/Marcelo-Odebrecht.jpg","datePublished":"2024-06-05T13:47:39+00:00","dateModified":"2024-06-05T13:47:40+00:00","breadcrumb":{"@id":"https:\/\/jornalfatosenoticias.com.br\/index.php\/2024\/06\/05\/pgr-recorre-da-decisao-que-anulou-a-condenacao-de-marcelo-odebrecht\/#breadcrumb"},"inLanguage":"pt-BR","potentialAction":[{"@type":"ReadAction","target":["https:\/\/jornalfatosenoticias.com.br\/index.php\/2024\/06\/05\/pgr-recorre-da-decisao-que-anulou-a-condenacao-de-marcelo-odebrecht\/"]}]},{"@type":"ImageObject","inLanguage":"pt-BR","@id":"https:\/\/jornalfatosenoticias.com.br\/index.php\/2024\/06\/05\/pgr-recorre-da-decisao-que-anulou-a-condenacao-de-marcelo-odebrecht\/#primaryimage","url":"https:\/\/jornalfatosenoticias.com.br\/wp-content\/uploads\/2024\/06\/Marcelo-Odebrecht.jpg","contentUrl":"https:\/\/jornalfatosenoticias.com.br\/wp-content\/uploads\/2024\/06\/Marcelo-Odebrecht.jpg","width":1000,"height":552},{"@type":"BreadcrumbList","@id":"https:\/\/jornalfatosenoticias.com.br\/index.php\/2024\/06\/05\/pgr-recorre-da-decisao-que-anulou-a-condenacao-de-marcelo-odebrecht\/#breadcrumb","itemListElement":[{"@type":"ListItem","position":1,"name":"In\u00edcio","item":"https:\/\/jornalfatosenoticias.com.br\/"},{"@type":"ListItem","position":2,"name":"PGR recorre da decis\u00e3o que anulou a condena\u00e7\u00e3o de Marcelo Odebrecht"}]},{"@type":"WebSite","@id":"https:\/\/jornalfatosenoticias.com.br\/#website","url":"https:\/\/jornalfatosenoticias.com.br\/","name":"Jornal Fatos e Not\u00edcias","description":"Not\u00edcias em geral","publisher":{"@id":"https:\/\/jornalfatosenoticias.com.br\/#organization"},"potentialAction":[{"@type":"SearchAction","target":{"@type":"EntryPoint","urlTemplate":"https:\/\/jornalfatosenoticias.com.br\/?s={search_term_string}"},"query-input":{"@type":"PropertyValueSpecification","valueRequired":true,"valueName":"search_term_string"}}],"inLanguage":"pt-BR"},{"@type":"Organization","@id":"https:\/\/jornalfatosenoticias.com.br\/#organization","name":"Jornal Fatos e Not\u00edcias","url":"https:\/\/jornalfatosenoticias.com.br\/","logo":{"@type":"ImageObject","inLanguage":"pt-BR","@id":"https:\/\/jornalfatosenoticias.com.br\/#\/schema\/logo\/image\/","url":"https:\/\/jornalfatosenoticias.com.br\/wp-content\/uploads\/2020\/02\/logo120.png","contentUrl":"https:\/\/jornalfatosenoticias.com.br\/wp-content\/uploads\/2020\/02\/logo120.png","width":1227,"height":120,"caption":"Jornal Fatos e Not\u00edcias"},"image":{"@id":"https:\/\/jornalfatosenoticias.com.br\/#\/schema\/logo\/image\/"}},{"@type":"Person","@id":"https:\/\/jornalfatosenoticias.com.br\/#\/schema\/person\/d63837fa13ac8666eb9e74e0985d6f81","name":"Luzimara Fernandes","image":{"@type":"ImageObject","inLanguage":"pt-BR","@id":"https:\/\/jornalfatosenoticias.com.br\/#\/schema\/person\/image\/","url":"https:\/\/jornalfatosenoticias.com.br\/wp-content\/uploads\/2025\/05\/EU_portal.jpg","contentUrl":"https:\/\/jornalfatosenoticias.com.br\/wp-content\/uploads\/2025\/05\/EU_portal.jpg","caption":"Luzimara Fernandes"},"description":"Jornalista MTB 2358-ES","sameAs":["https:\/\/jornalfatosenoticias.com.br"],"url":"https:\/\/jornalfatosenoticias.com.br\/index.php\/author\/luzimara\/"}]}},"cc_featured_image_caption":{"caption_text":"(Foto: CNN Brasil) ","source_text":"","source_url":""},"jetpack_featured_media_url":"https:\/\/jornalfatosenoticias.com.br\/wp-content\/uploads\/2024\/06\/Marcelo-Odebrecht.jpg","_links":{"self":[{"href":"https:\/\/jornalfatosenoticias.com.br\/index.php\/wp-json\/wp\/v2\/posts\/51759","targetHints":{"allow":["GET"]}}],"collection":[{"href":"https:\/\/jornalfatosenoticias.com.br\/index.php\/wp-json\/wp\/v2\/posts"}],"about":[{"href":"https:\/\/jornalfatosenoticias.com.br\/index.php\/wp-json\/wp\/v2\/types\/post"}],"author":[{"embeddable":true,"href":"https:\/\/jornalfatosenoticias.com.br\/index.php\/wp-json\/wp\/v2\/users\/2"}],"replies":[{"embeddable":true,"href":"https:\/\/jornalfatosenoticias.com.br\/index.php\/wp-json\/wp\/v2\/comments?post=51759"}],"version-history":[{"count":0,"href":"https:\/\/jornalfatosenoticias.com.br\/index.php\/wp-json\/wp\/v2\/posts\/51759\/revisions"}],"wp:featuredmedia":[{"embeddable":true,"href":"https:\/\/jornalfatosenoticias.com.br\/index.php\/wp-json\/wp\/v2\/media\/51760"}],"wp:attachment":[{"href":"https:\/\/jornalfatosenoticias.com.br\/index.php\/wp-json\/wp\/v2\/media?parent=51759"}],"wp:term":[{"taxonomy":"category","embeddable":true,"href":"https:\/\/jornalfatosenoticias.com.br\/index.php\/wp-json\/wp\/v2\/categories?post=51759"},{"taxonomy":"post_tag","embeddable":true,"href":"https:\/\/jornalfatosenoticias.com.br\/index.php\/wp-json\/wp\/v2\/tags?post=51759"}],"curies":[{"name":"wp","href":"https:\/\/api.w.org\/{rel}","templated":true}]}}