{"id":51762,"date":"2024-06-05T10:56:51","date_gmt":"2024-06-05T13:56:51","guid":{"rendered":"https:\/\/jornalfatosenoticias.com.br\/?p=51762"},"modified":"2024-06-05T10:56:52","modified_gmt":"2024-06-05T13:56:52","slug":"real-tem-a-sua-maior-desvalorizacao-nos-ultimos-12-meses","status":"publish","type":"post","link":"https:\/\/jornalfatosenoticias.com.br\/index.php\/2024\/06\/05\/real-tem-a-sua-maior-desvalorizacao-nos-ultimos-12-meses\/","title":{"rendered":"Real tem a sua maior desvaloriza\u00e7\u00e3o nos \u00faltimos 12 meses"},"content":{"rendered":"\n<div class=\"wp-block-image\"><figure class=\"aligncenter size-large\"><img loading=\"lazy\" decoding=\"async\" width=\"1024\" height=\"100\" src=\"https:\/\/jornalfatosenoticias.com.br\/wp-content\/uploads\/2020\/02\/banner_ferramentas-1024x100.jpg\" alt=\"\" class=\"wp-image-1258\" srcset=\"https:\/\/jornalfatosenoticias.com.br\/wp-content\/uploads\/2020\/02\/banner_ferramentas-1024x100.jpg 1024w, https:\/\/jornalfatosenoticias.com.br\/wp-content\/uploads\/2020\/02\/banner_ferramentas-300x29.jpg 300w, https:\/\/jornalfatosenoticias.com.br\/wp-content\/uploads\/2020\/02\/banner_ferramentas-768x75.jpg 768w, https:\/\/jornalfatosenoticias.com.br\/wp-content\/uploads\/2020\/02\/banner_ferramentas.jpg 1227w\" sizes=\"auto, (max-width: 1024px) 100vw, 1024px\" \/><\/figure><\/div>\n\n\n\n<p>A expectativa dos estrategistas cambiais para o real em um horizonte de 12 meses foi rebaixada para o n\u00edvel mais fraco em um ano, de acordo com pesquisa da Reuters, indicando que sua recente queda pode se tornar uma tend\u00eancia de longo prazo.<br>A moeda brasileira tem perdido terreno desde o in\u00edcio de 2024, impactada por crescentes preocupa\u00e7\u00f5es fiscais e pela diminui\u00e7\u00e3o dos fluxos especulativos devido \u00e0 redu\u00e7\u00e3o dos spreads entre as taxas de juros do Brasil e dos Estados Unidos.<\/p>\n\n\n\n<div class=\"wp-block-image\"><figure class=\"aligncenter size-large is-resized\"><img loading=\"lazy\" decoding=\"async\" src=\"https:\/\/jornalfatosenoticias.com.br\/wp-content\/uploads\/2023\/08\/BKR-1024x1021.jpg\" alt=\"\" class=\"wp-image-44494\" width=\"335\" height=\"334\" srcset=\"https:\/\/jornalfatosenoticias.com.br\/wp-content\/uploads\/2023\/08\/BKR-1024x1021.jpg 1024w, https:\/\/jornalfatosenoticias.com.br\/wp-content\/uploads\/2023\/08\/BKR-300x300.jpg 300w, https:\/\/jornalfatosenoticias.com.br\/wp-content\/uploads\/2023\/08\/BKR-150x150.jpg 150w, https:\/\/jornalfatosenoticias.com.br\/wp-content\/uploads\/2023\/08\/BKR-768x766.jpg 768w, https:\/\/jornalfatosenoticias.com.br\/wp-content\/uploads\/2023\/08\/BKR.jpg 1080w\" sizes=\"auto, (max-width: 335px) 100vw, 335px\" \/><\/figure><\/div>\n\n\n\n<p>Segundo a pesquisa, a expectativa \u00e9 que o real seja negociado a R$ 5,05 por d\u00f3lar em um ano, conforme a mediana das previs\u00f5es de 31 estrategistas entrevistados de 31 de maio a 4 de junho. As proje\u00e7\u00f5es variaram de R$ 4,70 a R$ 5,29 por d\u00f3lar. Essa estimativa \u00e9 a mais fraca desde a proje\u00e7\u00e3o de R$ 5,14 por d\u00f3lar em junho de 2023, evidenciando a continuidade da piora na percep\u00e7\u00e3o em rela\u00e7\u00e3o \u00e0 moeda desde abril.<\/p>\n\n\n\n<div class=\"wp-block-image\"><figure class=\"aligncenter size-large is-resized\"><img loading=\"lazy\" decoding=\"async\" src=\"https:\/\/jornalfatosenoticias.com.br\/wp-content\/uploads\/2022\/02\/Precisao-Contabilidade-1024x724.jpg\" alt=\"\" class=\"wp-image-28088\" width=\"368\" height=\"260\"\/><\/figure><\/div>\n\n\n\n<blockquote class=\"wp-block-quote is-layout-flow wp-block-quote-is-layout-flow\"><p><span class=\"has-inline-color has-luminous-vivid-orange-color\">O Real ainda est\u00e1 sujeito a movimentos de volatilidade enquanto a incerteza fiscal local persistir em um contexto no qual o Fed n\u00e3o est\u00e1 pr\u00f3ximo de iniciar um ciclo de afrouxamento monet\u00e1rio\u201d, afirmaram analistas do Rabobank em um relat\u00f3rio. \u201cAl\u00e9m disso, os calend\u00e1rios fiscal e eleitoral locais, e uma menor entrada marginal de d\u00f3lares do com\u00e9rcio exterior este ano, adicionam for\u00e7as de desvaloriza\u00e7\u00e3o ao real, especialmente no primeiro semestre de 2024\u201d.<\/span><\/p><\/blockquote>\n\n\n\n<div class=\"wp-block-image\"><figure class=\"aligncenter size-large is-resized\"><img loading=\"lazy\" decoding=\"async\" src=\"https:\/\/jornalfatosenoticias.com.br\/wp-content\/uploads\/2020\/02\/nova-logo-Marquetti.jpg\" alt=\"\" class=\"wp-image-22331\" width=\"337\" height=\"226\" srcset=\"https:\/\/jornalfatosenoticias.com.br\/wp-content\/uploads\/2020\/02\/nova-logo-Marquetti.jpg 643w, https:\/\/jornalfatosenoticias.com.br\/wp-content\/uploads\/2020\/02\/nova-logo-Marquetti-300x202.jpg 300w\" sizes=\"auto, (max-width: 337px) 100vw, 337px\" \/><\/figure><\/div>\n\n\n\n<p>Embora o Banco Central tenha realizado um corte modesto na taxa b\u00e1sica de juros Selic no m\u00eas passado, o movimento n\u00e3o foi suficiente para aliviar as preocupa\u00e7\u00f5es com a redu\u00e7\u00e3o dos diferenciais de juros, dado que o Federal Reserve mant\u00e9m as taxas de juros nos Estados Unidos.<\/p>\n\n\n\n<div class=\"wp-block-image\"><figure class=\"aligncenter size-large is-resized\"><img loading=\"lazy\" decoding=\"async\" src=\"https:\/\/jornalfatosenoticias.com.br\/wp-content\/uploads\/2023\/03\/logo-Panper_portal.jpg\" alt=\"\" class=\"wp-image-40208\" width=\"355\" height=\"246\" srcset=\"https:\/\/jornalfatosenoticias.com.br\/wp-content\/uploads\/2023\/03\/logo-Panper_portal.jpg 400w, https:\/\/jornalfatosenoticias.com.br\/wp-content\/uploads\/2023\/03\/logo-Panper_portal-300x208.jpg 300w\" sizes=\"auto, (max-width: 355px) 100vw, 355px\" \/><\/figure><\/div>\n\n\n\n<p><strong><em>Fonte: <a href=\"https:\/\/terrabrasilnoticias.com\/2024\/06\/crise-real-tem-a-sua-maior-desvalorizacao-nos-ultimos-12-meses\/\">Terra Brasil Not\u00edcias<\/a><\/em><\/strong><\/p>\n","protected":false},"excerpt":{"rendered":"<p>A expectativa dos estrategistas cambiais para o real em um horizonte de 12 meses foi rebaixada para o n\u00edvel mais fraco em um ano, de acordo com pesquisa da Reuters, indicando que sua recente queda pode se tornar uma tend\u00eancia de longo prazo.A moeda brasileira tem perdido terreno desde o in\u00edcio de 2024, impactada por [&hellip;]<\/p>\n","protected":false},"author":2,"featured_media":51763,"comment_status":"open","ping_status":"open","sticky":false,"template":"","format":"standard","meta":{"footnotes":""},"categories":[9],"tags":[12236,23701,23702,4164,20239,9776],"class_list":["post-51762","post","type-post","status-publish","format-standard","has-post-thumbnail","hentry","category-economia","tag-bc","tag-desvalorizacao-do-real","tag-moeda-brasileira","tag-real","tag-taxa-de-juros","tag-taxa-selic"],"yoast_head":"<!-- This site is optimized with the Yoast SEO plugin v26.5 - https:\/\/yoast.com\/wordpress\/plugins\/seo\/ -->\n<title>Real tem a sua maior desvaloriza\u00e7\u00e3o nos \u00faltimos 12 meses - Jornal Fatos e Not\u00edcias<\/title>\n<meta name=\"robots\" content=\"index, follow, max-snippet:-1, max-image-preview:large, max-video-preview:-1\" \/>\n<link rel=\"canonical\" href=\"https:\/\/jornalfatosenoticias.com.br\/index.php\/2024\/06\/05\/real-tem-a-sua-maior-desvalorizacao-nos-ultimos-12-meses\/\" \/>\n<meta property=\"og:locale\" content=\"pt_BR\" \/>\n<meta property=\"og:type\" content=\"article\" \/>\n<meta property=\"og:title\" content=\"Real tem a sua maior desvaloriza\u00e7\u00e3o nos \u00faltimos 12 meses - Jornal Fatos e Not\u00edcias\" \/>\n<meta property=\"og:description\" content=\"A expectativa dos estrategistas cambiais para o real em um horizonte de 12 meses foi rebaixada para o n\u00edvel mais fraco em um ano, de acordo com pesquisa da Reuters, indicando que sua recente queda pode se tornar uma tend\u00eancia de longo prazo.A moeda brasileira tem perdido terreno desde o in\u00edcio de 2024, impactada por [&hellip;]\" \/>\n<meta property=\"og:url\" content=\"https:\/\/jornalfatosenoticias.com.br\/index.php\/2024\/06\/05\/real-tem-a-sua-maior-desvalorizacao-nos-ultimos-12-meses\/\" \/>\n<meta property=\"og:site_name\" content=\"Jornal Fatos e Not\u00edcias\" \/>\n<meta property=\"article:published_time\" content=\"2024-06-05T13:56:51+00:00\" \/>\n<meta property=\"article:modified_time\" content=\"2024-06-05T13:56:52+00:00\" \/>\n<meta property=\"og:image\" content=\"https:\/\/jornalfatosenoticias.com.br\/wp-content\/uploads\/2024\/06\/desvalorizacao-Real_gettyimages.jpg\" \/>\n\t<meta property=\"og:image:width\" content=\"612\" \/>\n\t<meta property=\"og:image:height\" content=\"408\" \/>\n\t<meta property=\"og:image:type\" content=\"image\/jpeg\" \/>\n<meta name=\"author\" content=\"Luzimara Fernandes\" \/>\n<meta name=\"twitter:card\" content=\"summary_large_image\" \/>\n<meta name=\"twitter:label1\" content=\"Escrito por\" \/>\n\t<meta name=\"twitter:data1\" content=\"Luzimara Fernandes\" \/>\n\t<meta name=\"twitter:label2\" content=\"Est. tempo de leitura\" \/>\n\t<meta name=\"twitter:data2\" content=\"1 minuto\" \/>\n<script type=\"application\/ld+json\" class=\"yoast-schema-graph\">{\"@context\":\"https:\/\/schema.org\",\"@graph\":[{\"@type\":\"Article\",\"@id\":\"https:\/\/jornalfatosenoticias.com.br\/index.php\/2024\/06\/05\/real-tem-a-sua-maior-desvalorizacao-nos-ultimos-12-meses\/#article\",\"isPartOf\":{\"@id\":\"https:\/\/jornalfatosenoticias.com.br\/index.php\/2024\/06\/05\/real-tem-a-sua-maior-desvalorizacao-nos-ultimos-12-meses\/\"},\"author\":{\"name\":\"Luzimara Fernandes\",\"@id\":\"https:\/\/jornalfatosenoticias.com.br\/#\/schema\/person\/d63837fa13ac8666eb9e74e0985d6f81\"},\"headline\":\"Real tem a sua maior desvaloriza\u00e7\u00e3o nos \u00faltimos 12 meses\",\"datePublished\":\"2024-06-05T13:56:51+00:00\",\"dateModified\":\"2024-06-05T13:56:52+00:00\",\"mainEntityOfPage\":{\"@id\":\"https:\/\/jornalfatosenoticias.com.br\/index.php\/2024\/06\/05\/real-tem-a-sua-maior-desvalorizacao-nos-ultimos-12-meses\/\"},\"wordCount\":307,\"commentCount\":0,\"publisher\":{\"@id\":\"https:\/\/jornalfatosenoticias.com.br\/#organization\"},\"image\":{\"@id\":\"https:\/\/jornalfatosenoticias.com.br\/index.php\/2024\/06\/05\/real-tem-a-sua-maior-desvalorizacao-nos-ultimos-12-meses\/#primaryimage\"},\"thumbnailUrl\":\"https:\/\/jornalfatosenoticias.com.br\/wp-content\/uploads\/2024\/06\/desvalorizacao-Real_gettyimages.jpg\",\"keywords\":[\"BC\",\"desvaloriza\u00e7\u00e3o do Real\",\"moeda brasileira\",\"Real\",\"taxa de juros\",\"Taxa Selic\"],\"articleSection\":[\"Economia\"],\"inLanguage\":\"pt-BR\",\"potentialAction\":[{\"@type\":\"CommentAction\",\"name\":\"Comment\",\"target\":[\"https:\/\/jornalfatosenoticias.com.br\/index.php\/2024\/06\/05\/real-tem-a-sua-maior-desvalorizacao-nos-ultimos-12-meses\/#respond\"]}]},{\"@type\":\"WebPage\",\"@id\":\"https:\/\/jornalfatosenoticias.com.br\/index.php\/2024\/06\/05\/real-tem-a-sua-maior-desvalorizacao-nos-ultimos-12-meses\/\",\"url\":\"https:\/\/jornalfatosenoticias.com.br\/index.php\/2024\/06\/05\/real-tem-a-sua-maior-desvalorizacao-nos-ultimos-12-meses\/\",\"name\":\"Real tem a sua maior desvaloriza\u00e7\u00e3o nos \u00faltimos 12 meses - Jornal Fatos e Not\u00edcias\",\"isPartOf\":{\"@id\":\"https:\/\/jornalfatosenoticias.com.br\/#website\"},\"primaryImageOfPage\":{\"@id\":\"https:\/\/jornalfatosenoticias.com.br\/index.php\/2024\/06\/05\/real-tem-a-sua-maior-desvalorizacao-nos-ultimos-12-meses\/#primaryimage\"},\"image\":{\"@id\":\"https:\/\/jornalfatosenoticias.com.br\/index.php\/2024\/06\/05\/real-tem-a-sua-maior-desvalorizacao-nos-ultimos-12-meses\/#primaryimage\"},\"thumbnailUrl\":\"https:\/\/jornalfatosenoticias.com.br\/wp-content\/uploads\/2024\/06\/desvalorizacao-Real_gettyimages.jpg\",\"datePublished\":\"2024-06-05T13:56:51+00:00\",\"dateModified\":\"2024-06-05T13:56:52+00:00\",\"breadcrumb\":{\"@id\":\"https:\/\/jornalfatosenoticias.com.br\/index.php\/2024\/06\/05\/real-tem-a-sua-maior-desvalorizacao-nos-ultimos-12-meses\/#breadcrumb\"},\"inLanguage\":\"pt-BR\",\"potentialAction\":[{\"@type\":\"ReadAction\",\"target\":[\"https:\/\/jornalfatosenoticias.com.br\/index.php\/2024\/06\/05\/real-tem-a-sua-maior-desvalorizacao-nos-ultimos-12-meses\/\"]}]},{\"@type\":\"ImageObject\",\"inLanguage\":\"pt-BR\",\"@id\":\"https:\/\/jornalfatosenoticias.com.br\/index.php\/2024\/06\/05\/real-tem-a-sua-maior-desvalorizacao-nos-ultimos-12-meses\/#primaryimage\",\"url\":\"https:\/\/jornalfatosenoticias.com.br\/wp-content\/uploads\/2024\/06\/desvalorizacao-Real_gettyimages.jpg\",\"contentUrl\":\"https:\/\/jornalfatosenoticias.com.br\/wp-content\/uploads\/2024\/06\/desvalorizacao-Real_gettyimages.jpg\",\"width\":612,\"height\":408,\"caption\":\"Brazilian reais cash bills and flag of Brazil (economy, finance, business, inflation, crisis)\"},{\"@type\":\"BreadcrumbList\",\"@id\":\"https:\/\/jornalfatosenoticias.com.br\/index.php\/2024\/06\/05\/real-tem-a-sua-maior-desvalorizacao-nos-ultimos-12-meses\/#breadcrumb\",\"itemListElement\":[{\"@type\":\"ListItem\",\"position\":1,\"name\":\"In\u00edcio\",\"item\":\"https:\/\/jornalfatosenoticias.com.br\/\"},{\"@type\":\"ListItem\",\"position\":2,\"name\":\"Real tem a sua maior desvaloriza\u00e7\u00e3o nos \u00faltimos 12 meses\"}]},{\"@type\":\"WebSite\",\"@id\":\"https:\/\/jornalfatosenoticias.com.br\/#website\",\"url\":\"https:\/\/jornalfatosenoticias.com.br\/\",\"name\":\"Jornal Fatos e Not\u00edcias\",\"description\":\"Not\u00edcias em geral\",\"publisher\":{\"@id\":\"https:\/\/jornalfatosenoticias.com.br\/#organization\"},\"potentialAction\":[{\"@type\":\"SearchAction\",\"target\":{\"@type\":\"EntryPoint\",\"urlTemplate\":\"https:\/\/jornalfatosenoticias.com.br\/?s={search_term_string}\"},\"query-input\":{\"@type\":\"PropertyValueSpecification\",\"valueRequired\":true,\"valueName\":\"search_term_string\"}}],\"inLanguage\":\"pt-BR\"},{\"@type\":\"Organization\",\"@id\":\"https:\/\/jornalfatosenoticias.com.br\/#organization\",\"name\":\"Jornal Fatos e Not\u00edcias\",\"url\":\"https:\/\/jornalfatosenoticias.com.br\/\",\"logo\":{\"@type\":\"ImageObject\",\"inLanguage\":\"pt-BR\",\"@id\":\"https:\/\/jornalfatosenoticias.com.br\/#\/schema\/logo\/image\/\",\"url\":\"https:\/\/jornalfatosenoticias.com.br\/wp-content\/uploads\/2020\/02\/logo120.png\",\"contentUrl\":\"https:\/\/jornalfatosenoticias.com.br\/wp-content\/uploads\/2020\/02\/logo120.png\",\"width\":1227,\"height\":120,\"caption\":\"Jornal Fatos e Not\u00edcias\"},\"image\":{\"@id\":\"https:\/\/jornalfatosenoticias.com.br\/#\/schema\/logo\/image\/\"}},{\"@type\":\"Person\",\"@id\":\"https:\/\/jornalfatosenoticias.com.br\/#\/schema\/person\/d63837fa13ac8666eb9e74e0985d6f81\",\"name\":\"Luzimara Fernandes\",\"image\":{\"@type\":\"ImageObject\",\"inLanguage\":\"pt-BR\",\"@id\":\"https:\/\/jornalfatosenoticias.com.br\/#\/schema\/person\/image\/\",\"url\":\"https:\/\/jornalfatosenoticias.com.br\/wp-content\/uploads\/2025\/05\/EU_portal.jpg\",\"contentUrl\":\"https:\/\/jornalfatosenoticias.com.br\/wp-content\/uploads\/2025\/05\/EU_portal.jpg\",\"caption\":\"Luzimara Fernandes\"},\"description\":\"Jornalista MTB 2358-ES\",\"sameAs\":[\"https:\/\/jornalfatosenoticias.com.br\"],\"url\":\"https:\/\/jornalfatosenoticias.com.br\/index.php\/author\/luzimara\/\"}]}<\/script>\n<!-- \/ Yoast SEO plugin. -->","yoast_head_json":{"title":"Real tem a sua maior desvaloriza\u00e7\u00e3o nos \u00faltimos 12 meses - Jornal Fatos e Not\u00edcias","robots":{"index":"index","follow":"follow","max-snippet":"max-snippet:-1","max-image-preview":"max-image-preview:large","max-video-preview":"max-video-preview:-1"},"canonical":"https:\/\/jornalfatosenoticias.com.br\/index.php\/2024\/06\/05\/real-tem-a-sua-maior-desvalorizacao-nos-ultimos-12-meses\/","og_locale":"pt_BR","og_type":"article","og_title":"Real tem a sua maior desvaloriza\u00e7\u00e3o nos \u00faltimos 12 meses - Jornal Fatos e Not\u00edcias","og_description":"A expectativa dos estrategistas cambiais para o real em um horizonte de 12 meses foi rebaixada para o n\u00edvel mais fraco em um ano, de acordo com pesquisa da Reuters, indicando que sua recente queda pode se tornar uma tend\u00eancia de longo prazo.A moeda brasileira tem perdido terreno desde o in\u00edcio de 2024, impactada por [&hellip;]","og_url":"https:\/\/jornalfatosenoticias.com.br\/index.php\/2024\/06\/05\/real-tem-a-sua-maior-desvalorizacao-nos-ultimos-12-meses\/","og_site_name":"Jornal Fatos e Not\u00edcias","article_published_time":"2024-06-05T13:56:51+00:00","article_modified_time":"2024-06-05T13:56:52+00:00","og_image":[{"width":612,"height":408,"url":"https:\/\/jornalfatosenoticias.com.br\/wp-content\/uploads\/2024\/06\/desvalorizacao-Real_gettyimages.jpg","type":"image\/jpeg"}],"author":"Luzimara Fernandes","twitter_card":"summary_large_image","twitter_misc":{"Escrito por":"Luzimara Fernandes","Est. tempo de leitura":"1 minuto"},"schema":{"@context":"https:\/\/schema.org","@graph":[{"@type":"Article","@id":"https:\/\/jornalfatosenoticias.com.br\/index.php\/2024\/06\/05\/real-tem-a-sua-maior-desvalorizacao-nos-ultimos-12-meses\/#article","isPartOf":{"@id":"https:\/\/jornalfatosenoticias.com.br\/index.php\/2024\/06\/05\/real-tem-a-sua-maior-desvalorizacao-nos-ultimos-12-meses\/"},"author":{"name":"Luzimara Fernandes","@id":"https:\/\/jornalfatosenoticias.com.br\/#\/schema\/person\/d63837fa13ac8666eb9e74e0985d6f81"},"headline":"Real tem a sua maior desvaloriza\u00e7\u00e3o nos \u00faltimos 12 meses","datePublished":"2024-06-05T13:56:51+00:00","dateModified":"2024-06-05T13:56:52+00:00","mainEntityOfPage":{"@id":"https:\/\/jornalfatosenoticias.com.br\/index.php\/2024\/06\/05\/real-tem-a-sua-maior-desvalorizacao-nos-ultimos-12-meses\/"},"wordCount":307,"commentCount":0,"publisher":{"@id":"https:\/\/jornalfatosenoticias.com.br\/#organization"},"image":{"@id":"https:\/\/jornalfatosenoticias.com.br\/index.php\/2024\/06\/05\/real-tem-a-sua-maior-desvalorizacao-nos-ultimos-12-meses\/#primaryimage"},"thumbnailUrl":"https:\/\/jornalfatosenoticias.com.br\/wp-content\/uploads\/2024\/06\/desvalorizacao-Real_gettyimages.jpg","keywords":["BC","desvaloriza\u00e7\u00e3o do Real","moeda brasileira","Real","taxa de juros","Taxa Selic"],"articleSection":["Economia"],"inLanguage":"pt-BR","potentialAction":[{"@type":"CommentAction","name":"Comment","target":["https:\/\/jornalfatosenoticias.com.br\/index.php\/2024\/06\/05\/real-tem-a-sua-maior-desvalorizacao-nos-ultimos-12-meses\/#respond"]}]},{"@type":"WebPage","@id":"https:\/\/jornalfatosenoticias.com.br\/index.php\/2024\/06\/05\/real-tem-a-sua-maior-desvalorizacao-nos-ultimos-12-meses\/","url":"https:\/\/jornalfatosenoticias.com.br\/index.php\/2024\/06\/05\/real-tem-a-sua-maior-desvalorizacao-nos-ultimos-12-meses\/","name":"Real tem a sua maior desvaloriza\u00e7\u00e3o nos \u00faltimos 12 meses - Jornal Fatos e Not\u00edcias","isPartOf":{"@id":"https:\/\/jornalfatosenoticias.com.br\/#website"},"primaryImageOfPage":{"@id":"https:\/\/jornalfatosenoticias.com.br\/index.php\/2024\/06\/05\/real-tem-a-sua-maior-desvalorizacao-nos-ultimos-12-meses\/#primaryimage"},"image":{"@id":"https:\/\/jornalfatosenoticias.com.br\/index.php\/2024\/06\/05\/real-tem-a-sua-maior-desvalorizacao-nos-ultimos-12-meses\/#primaryimage"},"thumbnailUrl":"https:\/\/jornalfatosenoticias.com.br\/wp-content\/uploads\/2024\/06\/desvalorizacao-Real_gettyimages.jpg","datePublished":"2024-06-05T13:56:51+00:00","dateModified":"2024-06-05T13:56:52+00:00","breadcrumb":{"@id":"https:\/\/jornalfatosenoticias.com.br\/index.php\/2024\/06\/05\/real-tem-a-sua-maior-desvalorizacao-nos-ultimos-12-meses\/#breadcrumb"},"inLanguage":"pt-BR","potentialAction":[{"@type":"ReadAction","target":["https:\/\/jornalfatosenoticias.com.br\/index.php\/2024\/06\/05\/real-tem-a-sua-maior-desvalorizacao-nos-ultimos-12-meses\/"]}]},{"@type":"ImageObject","inLanguage":"pt-BR","@id":"https:\/\/jornalfatosenoticias.com.br\/index.php\/2024\/06\/05\/real-tem-a-sua-maior-desvalorizacao-nos-ultimos-12-meses\/#primaryimage","url":"https:\/\/jornalfatosenoticias.com.br\/wp-content\/uploads\/2024\/06\/desvalorizacao-Real_gettyimages.jpg","contentUrl":"https:\/\/jornalfatosenoticias.com.br\/wp-content\/uploads\/2024\/06\/desvalorizacao-Real_gettyimages.jpg","width":612,"height":408,"caption":"Brazilian reais cash bills and flag of Brazil (economy, finance, business, inflation, crisis)"},{"@type":"BreadcrumbList","@id":"https:\/\/jornalfatosenoticias.com.br\/index.php\/2024\/06\/05\/real-tem-a-sua-maior-desvalorizacao-nos-ultimos-12-meses\/#breadcrumb","itemListElement":[{"@type":"ListItem","position":1,"name":"In\u00edcio","item":"https:\/\/jornalfatosenoticias.com.br\/"},{"@type":"ListItem","position":2,"name":"Real tem a sua maior desvaloriza\u00e7\u00e3o nos \u00faltimos 12 meses"}]},{"@type":"WebSite","@id":"https:\/\/jornalfatosenoticias.com.br\/#website","url":"https:\/\/jornalfatosenoticias.com.br\/","name":"Jornal Fatos e Not\u00edcias","description":"Not\u00edcias em geral","publisher":{"@id":"https:\/\/jornalfatosenoticias.com.br\/#organization"},"potentialAction":[{"@type":"SearchAction","target":{"@type":"EntryPoint","urlTemplate":"https:\/\/jornalfatosenoticias.com.br\/?s={search_term_string}"},"query-input":{"@type":"PropertyValueSpecification","valueRequired":true,"valueName":"search_term_string"}}],"inLanguage":"pt-BR"},{"@type":"Organization","@id":"https:\/\/jornalfatosenoticias.com.br\/#organization","name":"Jornal Fatos e Not\u00edcias","url":"https:\/\/jornalfatosenoticias.com.br\/","logo":{"@type":"ImageObject","inLanguage":"pt-BR","@id":"https:\/\/jornalfatosenoticias.com.br\/#\/schema\/logo\/image\/","url":"https:\/\/jornalfatosenoticias.com.br\/wp-content\/uploads\/2020\/02\/logo120.png","contentUrl":"https:\/\/jornalfatosenoticias.com.br\/wp-content\/uploads\/2020\/02\/logo120.png","width":1227,"height":120,"caption":"Jornal Fatos e Not\u00edcias"},"image":{"@id":"https:\/\/jornalfatosenoticias.com.br\/#\/schema\/logo\/image\/"}},{"@type":"Person","@id":"https:\/\/jornalfatosenoticias.com.br\/#\/schema\/person\/d63837fa13ac8666eb9e74e0985d6f81","name":"Luzimara Fernandes","image":{"@type":"ImageObject","inLanguage":"pt-BR","@id":"https:\/\/jornalfatosenoticias.com.br\/#\/schema\/person\/image\/","url":"https:\/\/jornalfatosenoticias.com.br\/wp-content\/uploads\/2025\/05\/EU_portal.jpg","contentUrl":"https:\/\/jornalfatosenoticias.com.br\/wp-content\/uploads\/2025\/05\/EU_portal.jpg","caption":"Luzimara Fernandes"},"description":"Jornalista MTB 2358-ES","sameAs":["https:\/\/jornalfatosenoticias.com.br"],"url":"https:\/\/jornalfatosenoticias.com.br\/index.php\/author\/luzimara\/"}]}},"cc_featured_image_caption":{"caption_text":"(Foto: Getty Images) ","source_text":"","source_url":""},"jetpack_featured_media_url":"https:\/\/jornalfatosenoticias.com.br\/wp-content\/uploads\/2024\/06\/desvalorizacao-Real_gettyimages.jpg","_links":{"self":[{"href":"https:\/\/jornalfatosenoticias.com.br\/index.php\/wp-json\/wp\/v2\/posts\/51762","targetHints":{"allow":["GET"]}}],"collection":[{"href":"https:\/\/jornalfatosenoticias.com.br\/index.php\/wp-json\/wp\/v2\/posts"}],"about":[{"href":"https:\/\/jornalfatosenoticias.com.br\/index.php\/wp-json\/wp\/v2\/types\/post"}],"author":[{"embeddable":true,"href":"https:\/\/jornalfatosenoticias.com.br\/index.php\/wp-json\/wp\/v2\/users\/2"}],"replies":[{"embeddable":true,"href":"https:\/\/jornalfatosenoticias.com.br\/index.php\/wp-json\/wp\/v2\/comments?post=51762"}],"version-history":[{"count":0,"href":"https:\/\/jornalfatosenoticias.com.br\/index.php\/wp-json\/wp\/v2\/posts\/51762\/revisions"}],"wp:featuredmedia":[{"embeddable":true,"href":"https:\/\/jornalfatosenoticias.com.br\/index.php\/wp-json\/wp\/v2\/media\/51763"}],"wp:attachment":[{"href":"https:\/\/jornalfatosenoticias.com.br\/index.php\/wp-json\/wp\/v2\/media?parent=51762"}],"wp:term":[{"taxonomy":"category","embeddable":true,"href":"https:\/\/jornalfatosenoticias.com.br\/index.php\/wp-json\/wp\/v2\/categories?post=51762"},{"taxonomy":"post_tag","embeddable":true,"href":"https:\/\/jornalfatosenoticias.com.br\/index.php\/wp-json\/wp\/v2\/tags?post=51762"}],"curies":[{"name":"wp","href":"https:\/\/api.w.org\/{rel}","templated":true}]}}