{"id":51808,"date":"2024-06-10T09:17:12","date_gmt":"2024-06-10T12:17:12","guid":{"rendered":"https:\/\/jornalfatosenoticias.com.br\/?p=51808"},"modified":"2024-06-10T09:17:13","modified_gmt":"2024-06-10T12:17:13","slug":"lente-mais-fina-do-mundo-foca-a-luz-usando-efeitos-quanticos","status":"publish","type":"post","link":"https:\/\/jornalfatosenoticias.com.br\/index.php\/2024\/06\/10\/lente-mais-fina-do-mundo-foca-a-luz-usando-efeitos-quanticos\/","title":{"rendered":"Lente mais fina do mundo foca a luz usando efeitos qu\u00e2nticos"},"content":{"rendered":"\n<div class=\"wp-block-image\"><figure class=\"aligncenter size-large is-resized\"><img loading=\"lazy\" decoding=\"async\" src=\"https:\/\/jornalfatosenoticias.com.br\/wp-content\/uploads\/2023\/09\/vetorvix1024_1.jpg\" alt=\"\" class=\"wp-image-44868\" width=\"528\" height=\"140\" srcset=\"https:\/\/jornalfatosenoticias.com.br\/wp-content\/uploads\/2023\/09\/vetorvix1024_1.jpg 1024w, https:\/\/jornalfatosenoticias.com.br\/wp-content\/uploads\/2023\/09\/vetorvix1024_1-300x80.jpg 300w, https:\/\/jornalfatosenoticias.com.br\/wp-content\/uploads\/2023\/09\/vetorvix1024_1-768x205.jpg 768w\" sizes=\"auto, (max-width: 528px) 100vw, 528px\" \/><\/figure><\/div>\n\n\n\n<p>As lentes normais de vidro dependem da sua forma para curvar e focar a luz, mas as <a href=\"https:\/\/www.inovacaotecnologica.com.br\/pesquisar.php?keyword=%22lente%20plana%22\">lentes planas<\/a>, ou\u00a0<a href=\"https:\/\/www.inovacaotecnologica.com.br\/pesquisar.php?keyword=metalente\">metalentes<\/a>, v\u00eam aos poucos substituindo os pesados e grossos aparatos \u00f3pticos por membranas muito finas. Ludovica Guarneri e colegas das universidades de Amsterd\u00e3 (Pa\u00edses Baixos) e Stanford (EUA) criaram agora a lente mais fina j\u00e1 fabricada, t\u00e3o fina que ela n\u00e3o lida com os f\u00f3tons da luz, que t\u00eam comprimentos de onda longos, mas com quasipart\u00edculas chamadas <a href=\"https:\/\/www.inovacaotecnologica.com.br\/pesquisar.php?keyword=excitons\">\u00e9xcitons<\/a>.<br>Usando uma \u00fanica camada at\u00f4mica de um material chamado <a href=\"https:\/\/www.inovacaotecnologica.com.br\/pesquisar.php?keyword=%22dissulfeto%20de%20tungst%C3%AAnio%22\">dissulfeto de tungst\u00eanio<\/a> (WS\u2082), eles constru\u00edram uma lente plana com meio mil\u00edmetro de di\u00e2metro, mas com apenas 0,0000006 mil\u00edmetro, ou 0,6 nan\u00f4metro, de espessura. Isso a torna a lente mais fina da Terra.<\/p>\n\n\n\n<div class=\"wp-block-image\"><figure class=\"aligncenter size-large is-resized\"><img loading=\"lazy\" decoding=\"async\" src=\"https:\/\/jornalfatosenoticias.com.br\/wp-content\/uploads\/2023\/08\/BKR-1024x1021.jpg\" alt=\"\" class=\"wp-image-44494\" width=\"292\" height=\"291\" srcset=\"https:\/\/jornalfatosenoticias.com.br\/wp-content\/uploads\/2023\/08\/BKR-1024x1021.jpg 1024w, https:\/\/jornalfatosenoticias.com.br\/wp-content\/uploads\/2023\/08\/BKR-300x300.jpg 300w, https:\/\/jornalfatosenoticias.com.br\/wp-content\/uploads\/2023\/08\/BKR-150x150.jpg 150w, https:\/\/jornalfatosenoticias.com.br\/wp-content\/uploads\/2023\/08\/BKR-768x766.jpg 768w, https:\/\/jornalfatosenoticias.com.br\/wp-content\/uploads\/2023\/08\/BKR.jpg 1080w\" sizes=\"auto, (max-width: 292px) 100vw, 292px\" \/><\/figure><\/div>\n\n\n\n<p>Em vez de depender de um formato curvo, a lente \u00e9 feita de an\u00e9is conc\u00eantricos e espa\u00e7ados de WS\u2082. Essa estrutura \u00e9 chamada <a href=\"https:\/\/www.inovacaotecnologica.com.br\/pesquisar.php?keyword=%22lentes%20de%20Fresnel%22\">lente de Fresnel<\/a>, focando a luz usando a difra\u00e7\u00e3o, em vez da refra\u00e7\u00e3o da luz. O tamanho e a dist\u00e2ncia entre os an\u00e9is (em compara\u00e7\u00e3o com o comprimento de onda da luz) determinam a dist\u00e2ncia focal da lente. O prot\u00f3tipo constru\u00eddo pela equipe foca a luz vermelha a 1mm da lente.<\/p>\n\n\n\n<div class=\"wp-block-image\"><figure class=\"aligncenter size-large is-resized\"><img loading=\"lazy\" decoding=\"async\" src=\"https:\/\/jornalfatosenoticias.com.br\/wp-content\/uploads\/2023\/12\/pegoretti-logo-pdf-1024x389.jpg\" alt=\"\" class=\"wp-image-47536\" width=\"514\" height=\"195\" srcset=\"https:\/\/jornalfatosenoticias.com.br\/wp-content\/uploads\/2023\/12\/pegoretti-logo-pdf-1024x389.jpg 1024w, https:\/\/jornalfatosenoticias.com.br\/wp-content\/uploads\/2023\/12\/pegoretti-logo-pdf-300x114.jpg 300w, https:\/\/jornalfatosenoticias.com.br\/wp-content\/uploads\/2023\/12\/pegoretti-logo-pdf-768x291.jpg 768w, https:\/\/jornalfatosenoticias.com.br\/wp-content\/uploads\/2023\/12\/pegoretti-logo-pdf.jpg 1120w\" sizes=\"auto, (max-width: 514px) 100vw, 514px\" \/><\/figure><\/div>\n\n\n\n<p><strong><span class=\"has-inline-color has-black-color\">Focando a luz com efeitos qu\u00e2nticos<br><\/span><\/strong>Uma caracter\u00edstica \u00fanica desta lente \u00e9 que sua efici\u00eancia de foco depende de efeitos qu\u00e2nticos no WS\u2082. Esses efeitos permitem que o material absorva e reemita luz com efici\u00eancia em comprimentos de onda espec\u00edficos, dando \u00e0 lente a capacidade de funcionar melhor nesses comprimentos de onda.<\/p>\n\n\n\n<div class=\"wp-block-image\"><figure class=\"aligncenter size-large is-resized\"><img loading=\"lazy\" decoding=\"async\" src=\"https:\/\/jornalfatosenoticias.com.br\/wp-content\/uploads\/2023\/08\/ITH.jpeg\" alt=\"\" class=\"wp-image-44638\" width=\"317\" height=\"258\" srcset=\"https:\/\/jornalfatosenoticias.com.br\/wp-content\/uploads\/2023\/08\/ITH.jpeg 800w, https:\/\/jornalfatosenoticias.com.br\/wp-content\/uploads\/2023\/08\/ITH-300x244.jpeg 300w, https:\/\/jornalfatosenoticias.com.br\/wp-content\/uploads\/2023\/08\/ITH-768x624.jpeg 768w\" sizes=\"auto, (max-width: 317px) 100vw, 317px\" \/><\/figure><\/div>\n\n\n\n<p>Primeiro, o material absorve a luz enviando um el\u00e9tron para um n\u00edvel de energia mais alto. Devido \u00e0 estrutura ultrafina do material, o el\u00e9tron (negativo) e a lacuna (carga positiva) que ele deixa na rede at\u00f4mica permanecem unidos pela atra\u00e7\u00e3o eletrost\u00e1tica entre eles, formando o que \u00e9 conhecido como um \u00e9xciton. Esses \u00e9xcitons desaparecem rapidamente quando o el\u00e9tron e a lacuna se fundem, reemitindo o f\u00f3ton. \u00c9 esta luz reemitida que \u00e9 a respons\u00e1vel pela efici\u00eancia da lente. Embora o efeito ocorra em temperatura ambiente, essas lentes ultrafinas s\u00e3o ainda mais eficientes quando resfriadas, o que ocorre porque os \u00e9xcitons funcionam melhor em temperaturas mais baixas.<\/p>\n\n\n\n<div class=\"wp-block-image\"><figure class=\"aligncenter size-large is-resized\"><img loading=\"lazy\" decoding=\"async\" src=\"https:\/\/jornalfatosenoticias.com.br\/wp-content\/uploads\/2020\/02\/logo-Rapuzel-1024x571.jpg\" alt=\"\" class=\"wp-image-42808\" width=\"370\" height=\"206\" srcset=\"https:\/\/jornalfatosenoticias.com.br\/wp-content\/uploads\/2020\/02\/logo-Rapuzel-1024x571.jpg 1024w, https:\/\/jornalfatosenoticias.com.br\/wp-content\/uploads\/2020\/02\/logo-Rapuzel-300x167.jpg 300w, https:\/\/jornalfatosenoticias.com.br\/wp-content\/uploads\/2020\/02\/logo-Rapuzel-768x428.jpg 768w, https:\/\/jornalfatosenoticias.com.br\/wp-content\/uploads\/2020\/02\/logo-Rapuzel-1536x856.jpg 1536w, https:\/\/jornalfatosenoticias.com.br\/wp-content\/uploads\/2020\/02\/logo-Rapuzel.jpg 1600w\" sizes=\"auto, (max-width: 370px) 100vw, 370px\" \/><\/figure><\/div>\n\n\n\n<p><strong><span class=\"has-inline-color has-black-color\">Realidade aumentada<br><\/span><\/strong>Outra caracter\u00edstica exclusiva da lente ultrafina \u00e9 que, embora parte da luz que passa por ela forme um ponto focal brilhante, a maior parte da luz passa sem ser afetada. Embora isto possa parecer uma desvantagem, na verdade abre novas portas para uso em tecnologias promissoras.<\/p>\n\n\n\n<div class=\"wp-block-image\"><figure class=\"aligncenter size-large is-resized\"><img loading=\"lazy\" decoding=\"async\" src=\"https:\/\/jornalfatosenoticias.com.br\/wp-content\/uploads\/2022\/02\/Precisao-Contabilidade-1024x724.jpg\" alt=\"\" class=\"wp-image-28088\" width=\"381\" height=\"269\"\/><\/figure><\/div>\n\n\n\n<blockquote class=\"wp-block-quote is-layout-flow wp-block-quote-is-layout-flow\"><p><span class=\"has-inline-color has-luminous-vivid-orange-color\">A lente pode ser usada em aplica\u00e7\u00f5es onde a vis\u00e3o atrav\u00e9s da lente n\u00e3o deve ser perturbada, mas uma pequena parte da luz pode ser aproveitada para coletar informa\u00e7\u00f5es. Isso a torna perfeita para \u00f3culos vest\u00edveis, como no caso da realidade aumentada&#8221;, disse o professor Jorik van de Groep.<\/span><\/p><\/blockquote>\n\n\n\n<div class=\"wp-block-image\"><figure class=\"aligncenter size-large is-resized\"><img loading=\"lazy\" decoding=\"async\" src=\"https:\/\/jornalfatosenoticias.com.br\/wp-content\/uploads\/2020\/02\/CONTROL-CS.jpg\" alt=\"\" class=\"wp-image-44991\" width=\"298\" height=\"357\" srcset=\"https:\/\/jornalfatosenoticias.com.br\/wp-content\/uploads\/2020\/02\/CONTROL-CS.jpg 834w, https:\/\/jornalfatosenoticias.com.br\/wp-content\/uploads\/2020\/02\/CONTROL-CS-250x300.jpg 250w, https:\/\/jornalfatosenoticias.com.br\/wp-content\/uploads\/2020\/02\/CONTROL-CS-768x921.jpg 768w\" sizes=\"auto, (max-width: 298px) 100vw, 298px\" \/><\/figure><\/div>\n\n\n\n<p>Os pesquisadores agora pretendem projetar e testar revestimentos \u00f3pticos mais complexos e multifuncionais, cuja fun\u00e7\u00e3o (como focar a luz) possa ser ajustada eletricamente em tempo de voo. <\/p>\n\n\n\n<blockquote class=\"wp-block-quote is-layout-flow wp-block-quote-is-layout-flow\"><p><span class=\"has-inline-color has-luminous-vivid-orange-color\">Os \u00e9xcitons s\u00e3o muito sens\u00edveis \u00e0 densidade de carga do material e, portanto, podemos alterar o \u00edndice de refra\u00e7\u00e3o do material aplicando uma voltagem,&#8221; disse Van de Groep, destacando que &#8220;o futuro dos materiais excit\u00f4nicos \u00e9 brilhante!&#8221;.<\/span><\/p><\/blockquote>\n\n\n\n<div class=\"wp-block-image\"><figure class=\"aligncenter size-large is-resized\"><img loading=\"lazy\" decoding=\"async\" src=\"https:\/\/jornalfatosenoticias.com.br\/wp-content\/uploads\/2023\/03\/nova-logo-Marquetti.jpg\" alt=\"\" class=\"wp-image-40207\" width=\"332\" height=\"223\" srcset=\"https:\/\/jornalfatosenoticias.com.br\/wp-content\/uploads\/2023\/03\/nova-logo-Marquetti.jpg 643w, https:\/\/jornalfatosenoticias.com.br\/wp-content\/uploads\/2023\/03\/nova-logo-Marquetti-300x202.jpg 300w\" sizes=\"auto, (max-width: 332px) 100vw, 332px\" \/><\/figure><\/div>\n\n\n\n<p><strong><em>Fonte: <a href=\"https:\/\/www.inovacaotecnologica.com.br\/noticias\/noticia.php?artigo=lente-mais-fina-mundo-foca-luz-usando-efeitos-quanticos&amp;id=010165240604\">Inova\u00e7\u00e3o Tecnol\u00f3gica<\/a><\/em><\/strong><\/p>\n","protected":false},"excerpt":{"rendered":"<p>As lentes normais de vidro dependem da sua forma para curvar e focar a luz, mas as lentes planas, ou\u00a0metalentes, v\u00eam aos poucos substituindo os pesados e grossos aparatos \u00f3pticos por membranas muito finas. Ludovica Guarneri e colegas das universidades de Amsterd\u00e3 (Pa\u00edses Baixos) e Stanford (EUA) criaram agora a lente mais fina j\u00e1 fabricada, [&hellip;]<\/p>\n","protected":false},"author":2,"featured_media":51809,"comment_status":"open","ping_status":"open","sticky":false,"template":"","format":"standard","meta":{"footnotes":""},"categories":[3],"tags":[23719,23718,23717,2887],"class_list":["post-51808","post","type-post","status-publish","format-standard","has-post-thumbnail","hentry","category-tecnologia","tag-efeitos-quanticos","tag-lente","tag-lente-fina","tag-luz"],"yoast_head":"<!-- This site is optimized with the Yoast SEO plugin v26.5 - https:\/\/yoast.com\/wordpress\/plugins\/seo\/ -->\n<title>Lente mais fina do mundo foca a luz usando efeitos qu\u00e2nticos - Jornal Fatos e Not\u00edcias<\/title>\n<meta name=\"robots\" content=\"index, follow, max-snippet:-1, max-image-preview:large, max-video-preview:-1\" \/>\n<link rel=\"canonical\" href=\"https:\/\/jornalfatosenoticias.com.br\/index.php\/2024\/06\/10\/lente-mais-fina-do-mundo-foca-a-luz-usando-efeitos-quanticos\/\" \/>\n<meta property=\"og:locale\" content=\"pt_BR\" \/>\n<meta property=\"og:type\" content=\"article\" \/>\n<meta property=\"og:title\" content=\"Lente mais fina do mundo foca a luz usando efeitos qu\u00e2nticos - Jornal Fatos e Not\u00edcias\" \/>\n<meta property=\"og:description\" content=\"As lentes normais de vidro dependem da sua forma para curvar e focar a luz, mas as lentes planas, ou\u00a0metalentes, v\u00eam aos poucos substituindo os pesados e grossos aparatos \u00f3pticos por membranas muito finas. Ludovica Guarneri e colegas das universidades de Amsterd\u00e3 (Pa\u00edses Baixos) e Stanford (EUA) criaram agora a lente mais fina j\u00e1 fabricada, [&hellip;]\" \/>\n<meta property=\"og:url\" content=\"https:\/\/jornalfatosenoticias.com.br\/index.php\/2024\/06\/10\/lente-mais-fina-do-mundo-foca-a-luz-usando-efeitos-quanticos\/\" \/>\n<meta property=\"og:site_name\" content=\"Jornal Fatos e Not\u00edcias\" \/>\n<meta property=\"article:published_time\" content=\"2024-06-10T12:17:12+00:00\" \/>\n<meta property=\"article:modified_time\" content=\"2024-06-10T12:17:13+00:00\" \/>\n<meta property=\"og:image\" content=\"https:\/\/jornalfatosenoticias.com.br\/wp-content\/uploads\/2024\/06\/Lente-mais-fina-do-mundo_Freepik.jpg\" \/>\n\t<meta property=\"og:image:width\" content=\"740\" \/>\n\t<meta property=\"og:image:height\" content=\"493\" \/>\n\t<meta property=\"og:image:type\" content=\"image\/jpeg\" \/>\n<meta name=\"author\" content=\"Luzimara Fernandes\" \/>\n<meta name=\"twitter:card\" content=\"summary_large_image\" \/>\n<meta name=\"twitter:label1\" content=\"Escrito por\" \/>\n\t<meta name=\"twitter:data1\" content=\"Luzimara Fernandes\" \/>\n\t<meta name=\"twitter:label2\" content=\"Est. tempo de leitura\" \/>\n\t<meta name=\"twitter:data2\" content=\"3 minutos\" \/>\n<script type=\"application\/ld+json\" class=\"yoast-schema-graph\">{\"@context\":\"https:\/\/schema.org\",\"@graph\":[{\"@type\":\"Article\",\"@id\":\"https:\/\/jornalfatosenoticias.com.br\/index.php\/2024\/06\/10\/lente-mais-fina-do-mundo-foca-a-luz-usando-efeitos-quanticos\/#article\",\"isPartOf\":{\"@id\":\"https:\/\/jornalfatosenoticias.com.br\/index.php\/2024\/06\/10\/lente-mais-fina-do-mundo-foca-a-luz-usando-efeitos-quanticos\/\"},\"author\":{\"name\":\"Luzimara Fernandes\",\"@id\":\"https:\/\/jornalfatosenoticias.com.br\/#\/schema\/person\/d63837fa13ac8666eb9e74e0985d6f81\"},\"headline\":\"Lente mais fina do mundo foca a luz usando efeitos qu\u00e2nticos\",\"datePublished\":\"2024-06-10T12:17:12+00:00\",\"dateModified\":\"2024-06-10T12:17:13+00:00\",\"mainEntityOfPage\":{\"@id\":\"https:\/\/jornalfatosenoticias.com.br\/index.php\/2024\/06\/10\/lente-mais-fina-do-mundo-foca-a-luz-usando-efeitos-quanticos\/\"},\"wordCount\":571,\"commentCount\":0,\"publisher\":{\"@id\":\"https:\/\/jornalfatosenoticias.com.br\/#organization\"},\"image\":{\"@id\":\"https:\/\/jornalfatosenoticias.com.br\/index.php\/2024\/06\/10\/lente-mais-fina-do-mundo-foca-a-luz-usando-efeitos-quanticos\/#primaryimage\"},\"thumbnailUrl\":\"https:\/\/jornalfatosenoticias.com.br\/wp-content\/uploads\/2024\/06\/Lente-mais-fina-do-mundo_Freepik.jpg\",\"keywords\":[\"efeitos qu\u00e2nticos\",\"lente\",\"lente fina\",\"luz\"],\"articleSection\":[\"Tecnologia &amp; Inova\u00e7\u00e3o\"],\"inLanguage\":\"pt-BR\",\"potentialAction\":[{\"@type\":\"CommentAction\",\"name\":\"Comment\",\"target\":[\"https:\/\/jornalfatosenoticias.com.br\/index.php\/2024\/06\/10\/lente-mais-fina-do-mundo-foca-a-luz-usando-efeitos-quanticos\/#respond\"]}]},{\"@type\":\"WebPage\",\"@id\":\"https:\/\/jornalfatosenoticias.com.br\/index.php\/2024\/06\/10\/lente-mais-fina-do-mundo-foca-a-luz-usando-efeitos-quanticos\/\",\"url\":\"https:\/\/jornalfatosenoticias.com.br\/index.php\/2024\/06\/10\/lente-mais-fina-do-mundo-foca-a-luz-usando-efeitos-quanticos\/\",\"name\":\"Lente mais fina do mundo foca a luz usando efeitos qu\u00e2nticos - Jornal Fatos e Not\u00edcias\",\"isPartOf\":{\"@id\":\"https:\/\/jornalfatosenoticias.com.br\/#website\"},\"primaryImageOfPage\":{\"@id\":\"https:\/\/jornalfatosenoticias.com.br\/index.php\/2024\/06\/10\/lente-mais-fina-do-mundo-foca-a-luz-usando-efeitos-quanticos\/#primaryimage\"},\"image\":{\"@id\":\"https:\/\/jornalfatosenoticias.com.br\/index.php\/2024\/06\/10\/lente-mais-fina-do-mundo-foca-a-luz-usando-efeitos-quanticos\/#primaryimage\"},\"thumbnailUrl\":\"https:\/\/jornalfatosenoticias.com.br\/wp-content\/uploads\/2024\/06\/Lente-mais-fina-do-mundo_Freepik.jpg\",\"datePublished\":\"2024-06-10T12:17:12+00:00\",\"dateModified\":\"2024-06-10T12:17:13+00:00\",\"breadcrumb\":{\"@id\":\"https:\/\/jornalfatosenoticias.com.br\/index.php\/2024\/06\/10\/lente-mais-fina-do-mundo-foca-a-luz-usando-efeitos-quanticos\/#breadcrumb\"},\"inLanguage\":\"pt-BR\",\"potentialAction\":[{\"@type\":\"ReadAction\",\"target\":[\"https:\/\/jornalfatosenoticias.com.br\/index.php\/2024\/06\/10\/lente-mais-fina-do-mundo-foca-a-luz-usando-efeitos-quanticos\/\"]}]},{\"@type\":\"ImageObject\",\"inLanguage\":\"pt-BR\",\"@id\":\"https:\/\/jornalfatosenoticias.com.br\/index.php\/2024\/06\/10\/lente-mais-fina-do-mundo-foca-a-luz-usando-efeitos-quanticos\/#primaryimage\",\"url\":\"https:\/\/jornalfatosenoticias.com.br\/wp-content\/uploads\/2024\/06\/Lente-mais-fina-do-mundo_Freepik.jpg\",\"contentUrl\":\"https:\/\/jornalfatosenoticias.com.br\/wp-content\/uploads\/2024\/06\/Lente-mais-fina-do-mundo_Freepik.jpg\",\"width\":740,\"height\":493},{\"@type\":\"BreadcrumbList\",\"@id\":\"https:\/\/jornalfatosenoticias.com.br\/index.php\/2024\/06\/10\/lente-mais-fina-do-mundo-foca-a-luz-usando-efeitos-quanticos\/#breadcrumb\",\"itemListElement\":[{\"@type\":\"ListItem\",\"position\":1,\"name\":\"In\u00edcio\",\"item\":\"https:\/\/jornalfatosenoticias.com.br\/\"},{\"@type\":\"ListItem\",\"position\":2,\"name\":\"Lente mais fina do mundo foca a luz usando efeitos qu\u00e2nticos\"}]},{\"@type\":\"WebSite\",\"@id\":\"https:\/\/jornalfatosenoticias.com.br\/#website\",\"url\":\"https:\/\/jornalfatosenoticias.com.br\/\",\"name\":\"Jornal Fatos e Not\u00edcias\",\"description\":\"Not\u00edcias em geral\",\"publisher\":{\"@id\":\"https:\/\/jornalfatosenoticias.com.br\/#organization\"},\"potentialAction\":[{\"@type\":\"SearchAction\",\"target\":{\"@type\":\"EntryPoint\",\"urlTemplate\":\"https:\/\/jornalfatosenoticias.com.br\/?s={search_term_string}\"},\"query-input\":{\"@type\":\"PropertyValueSpecification\",\"valueRequired\":true,\"valueName\":\"search_term_string\"}}],\"inLanguage\":\"pt-BR\"},{\"@type\":\"Organization\",\"@id\":\"https:\/\/jornalfatosenoticias.com.br\/#organization\",\"name\":\"Jornal Fatos e Not\u00edcias\",\"url\":\"https:\/\/jornalfatosenoticias.com.br\/\",\"logo\":{\"@type\":\"ImageObject\",\"inLanguage\":\"pt-BR\",\"@id\":\"https:\/\/jornalfatosenoticias.com.br\/#\/schema\/logo\/image\/\",\"url\":\"https:\/\/jornalfatosenoticias.com.br\/wp-content\/uploads\/2020\/02\/logo120.png\",\"contentUrl\":\"https:\/\/jornalfatosenoticias.com.br\/wp-content\/uploads\/2020\/02\/logo120.png\",\"width\":1227,\"height\":120,\"caption\":\"Jornal Fatos e Not\u00edcias\"},\"image\":{\"@id\":\"https:\/\/jornalfatosenoticias.com.br\/#\/schema\/logo\/image\/\"}},{\"@type\":\"Person\",\"@id\":\"https:\/\/jornalfatosenoticias.com.br\/#\/schema\/person\/d63837fa13ac8666eb9e74e0985d6f81\",\"name\":\"Luzimara Fernandes\",\"image\":{\"@type\":\"ImageObject\",\"inLanguage\":\"pt-BR\",\"@id\":\"https:\/\/jornalfatosenoticias.com.br\/#\/schema\/person\/image\/\",\"url\":\"https:\/\/jornalfatosenoticias.com.br\/wp-content\/uploads\/2025\/05\/EU_portal.jpg\",\"contentUrl\":\"https:\/\/jornalfatosenoticias.com.br\/wp-content\/uploads\/2025\/05\/EU_portal.jpg\",\"caption\":\"Luzimara Fernandes\"},\"description\":\"Jornalista MTB 2358-ES\",\"sameAs\":[\"https:\/\/jornalfatosenoticias.com.br\"],\"url\":\"https:\/\/jornalfatosenoticias.com.br\/index.php\/author\/luzimara\/\"}]}<\/script>\n<!-- \/ Yoast SEO plugin. -->","yoast_head_json":{"title":"Lente mais fina do mundo foca a luz usando efeitos qu\u00e2nticos - Jornal Fatos e Not\u00edcias","robots":{"index":"index","follow":"follow","max-snippet":"max-snippet:-1","max-image-preview":"max-image-preview:large","max-video-preview":"max-video-preview:-1"},"canonical":"https:\/\/jornalfatosenoticias.com.br\/index.php\/2024\/06\/10\/lente-mais-fina-do-mundo-foca-a-luz-usando-efeitos-quanticos\/","og_locale":"pt_BR","og_type":"article","og_title":"Lente mais fina do mundo foca a luz usando efeitos qu\u00e2nticos - Jornal Fatos e Not\u00edcias","og_description":"As lentes normais de vidro dependem da sua forma para curvar e focar a luz, mas as lentes planas, ou\u00a0metalentes, v\u00eam aos poucos substituindo os pesados e grossos aparatos \u00f3pticos por membranas muito finas. Ludovica Guarneri e colegas das universidades de Amsterd\u00e3 (Pa\u00edses Baixos) e Stanford (EUA) criaram agora a lente mais fina j\u00e1 fabricada, [&hellip;]","og_url":"https:\/\/jornalfatosenoticias.com.br\/index.php\/2024\/06\/10\/lente-mais-fina-do-mundo-foca-a-luz-usando-efeitos-quanticos\/","og_site_name":"Jornal Fatos e Not\u00edcias","article_published_time":"2024-06-10T12:17:12+00:00","article_modified_time":"2024-06-10T12:17:13+00:00","og_image":[{"width":740,"height":493,"url":"https:\/\/jornalfatosenoticias.com.br\/wp-content\/uploads\/2024\/06\/Lente-mais-fina-do-mundo_Freepik.jpg","type":"image\/jpeg"}],"author":"Luzimara Fernandes","twitter_card":"summary_large_image","twitter_misc":{"Escrito por":"Luzimara Fernandes","Est. tempo de leitura":"3 minutos"},"schema":{"@context":"https:\/\/schema.org","@graph":[{"@type":"Article","@id":"https:\/\/jornalfatosenoticias.com.br\/index.php\/2024\/06\/10\/lente-mais-fina-do-mundo-foca-a-luz-usando-efeitos-quanticos\/#article","isPartOf":{"@id":"https:\/\/jornalfatosenoticias.com.br\/index.php\/2024\/06\/10\/lente-mais-fina-do-mundo-foca-a-luz-usando-efeitos-quanticos\/"},"author":{"name":"Luzimara Fernandes","@id":"https:\/\/jornalfatosenoticias.com.br\/#\/schema\/person\/d63837fa13ac8666eb9e74e0985d6f81"},"headline":"Lente mais fina do mundo foca a luz usando efeitos qu\u00e2nticos","datePublished":"2024-06-10T12:17:12+00:00","dateModified":"2024-06-10T12:17:13+00:00","mainEntityOfPage":{"@id":"https:\/\/jornalfatosenoticias.com.br\/index.php\/2024\/06\/10\/lente-mais-fina-do-mundo-foca-a-luz-usando-efeitos-quanticos\/"},"wordCount":571,"commentCount":0,"publisher":{"@id":"https:\/\/jornalfatosenoticias.com.br\/#organization"},"image":{"@id":"https:\/\/jornalfatosenoticias.com.br\/index.php\/2024\/06\/10\/lente-mais-fina-do-mundo-foca-a-luz-usando-efeitos-quanticos\/#primaryimage"},"thumbnailUrl":"https:\/\/jornalfatosenoticias.com.br\/wp-content\/uploads\/2024\/06\/Lente-mais-fina-do-mundo_Freepik.jpg","keywords":["efeitos qu\u00e2nticos","lente","lente fina","luz"],"articleSection":["Tecnologia &amp; Inova\u00e7\u00e3o"],"inLanguage":"pt-BR","potentialAction":[{"@type":"CommentAction","name":"Comment","target":["https:\/\/jornalfatosenoticias.com.br\/index.php\/2024\/06\/10\/lente-mais-fina-do-mundo-foca-a-luz-usando-efeitos-quanticos\/#respond"]}]},{"@type":"WebPage","@id":"https:\/\/jornalfatosenoticias.com.br\/index.php\/2024\/06\/10\/lente-mais-fina-do-mundo-foca-a-luz-usando-efeitos-quanticos\/","url":"https:\/\/jornalfatosenoticias.com.br\/index.php\/2024\/06\/10\/lente-mais-fina-do-mundo-foca-a-luz-usando-efeitos-quanticos\/","name":"Lente mais fina do mundo foca a luz usando efeitos qu\u00e2nticos - Jornal Fatos e Not\u00edcias","isPartOf":{"@id":"https:\/\/jornalfatosenoticias.com.br\/#website"},"primaryImageOfPage":{"@id":"https:\/\/jornalfatosenoticias.com.br\/index.php\/2024\/06\/10\/lente-mais-fina-do-mundo-foca-a-luz-usando-efeitos-quanticos\/#primaryimage"},"image":{"@id":"https:\/\/jornalfatosenoticias.com.br\/index.php\/2024\/06\/10\/lente-mais-fina-do-mundo-foca-a-luz-usando-efeitos-quanticos\/#primaryimage"},"thumbnailUrl":"https:\/\/jornalfatosenoticias.com.br\/wp-content\/uploads\/2024\/06\/Lente-mais-fina-do-mundo_Freepik.jpg","datePublished":"2024-06-10T12:17:12+00:00","dateModified":"2024-06-10T12:17:13+00:00","breadcrumb":{"@id":"https:\/\/jornalfatosenoticias.com.br\/index.php\/2024\/06\/10\/lente-mais-fina-do-mundo-foca-a-luz-usando-efeitos-quanticos\/#breadcrumb"},"inLanguage":"pt-BR","potentialAction":[{"@type":"ReadAction","target":["https:\/\/jornalfatosenoticias.com.br\/index.php\/2024\/06\/10\/lente-mais-fina-do-mundo-foca-a-luz-usando-efeitos-quanticos\/"]}]},{"@type":"ImageObject","inLanguage":"pt-BR","@id":"https:\/\/jornalfatosenoticias.com.br\/index.php\/2024\/06\/10\/lente-mais-fina-do-mundo-foca-a-luz-usando-efeitos-quanticos\/#primaryimage","url":"https:\/\/jornalfatosenoticias.com.br\/wp-content\/uploads\/2024\/06\/Lente-mais-fina-do-mundo_Freepik.jpg","contentUrl":"https:\/\/jornalfatosenoticias.com.br\/wp-content\/uploads\/2024\/06\/Lente-mais-fina-do-mundo_Freepik.jpg","width":740,"height":493},{"@type":"BreadcrumbList","@id":"https:\/\/jornalfatosenoticias.com.br\/index.php\/2024\/06\/10\/lente-mais-fina-do-mundo-foca-a-luz-usando-efeitos-quanticos\/#breadcrumb","itemListElement":[{"@type":"ListItem","position":1,"name":"In\u00edcio","item":"https:\/\/jornalfatosenoticias.com.br\/"},{"@type":"ListItem","position":2,"name":"Lente mais fina do mundo foca a luz usando efeitos qu\u00e2nticos"}]},{"@type":"WebSite","@id":"https:\/\/jornalfatosenoticias.com.br\/#website","url":"https:\/\/jornalfatosenoticias.com.br\/","name":"Jornal Fatos e Not\u00edcias","description":"Not\u00edcias em geral","publisher":{"@id":"https:\/\/jornalfatosenoticias.com.br\/#organization"},"potentialAction":[{"@type":"SearchAction","target":{"@type":"EntryPoint","urlTemplate":"https:\/\/jornalfatosenoticias.com.br\/?s={search_term_string}"},"query-input":{"@type":"PropertyValueSpecification","valueRequired":true,"valueName":"search_term_string"}}],"inLanguage":"pt-BR"},{"@type":"Organization","@id":"https:\/\/jornalfatosenoticias.com.br\/#organization","name":"Jornal Fatos e Not\u00edcias","url":"https:\/\/jornalfatosenoticias.com.br\/","logo":{"@type":"ImageObject","inLanguage":"pt-BR","@id":"https:\/\/jornalfatosenoticias.com.br\/#\/schema\/logo\/image\/","url":"https:\/\/jornalfatosenoticias.com.br\/wp-content\/uploads\/2020\/02\/logo120.png","contentUrl":"https:\/\/jornalfatosenoticias.com.br\/wp-content\/uploads\/2020\/02\/logo120.png","width":1227,"height":120,"caption":"Jornal Fatos e Not\u00edcias"},"image":{"@id":"https:\/\/jornalfatosenoticias.com.br\/#\/schema\/logo\/image\/"}},{"@type":"Person","@id":"https:\/\/jornalfatosenoticias.com.br\/#\/schema\/person\/d63837fa13ac8666eb9e74e0985d6f81","name":"Luzimara Fernandes","image":{"@type":"ImageObject","inLanguage":"pt-BR","@id":"https:\/\/jornalfatosenoticias.com.br\/#\/schema\/person\/image\/","url":"https:\/\/jornalfatosenoticias.com.br\/wp-content\/uploads\/2025\/05\/EU_portal.jpg","contentUrl":"https:\/\/jornalfatosenoticias.com.br\/wp-content\/uploads\/2025\/05\/EU_portal.jpg","caption":"Luzimara Fernandes"},"description":"Jornalista MTB 2358-ES","sameAs":["https:\/\/jornalfatosenoticias.com.br"],"url":"https:\/\/jornalfatosenoticias.com.br\/index.php\/author\/luzimara\/"}]}},"cc_featured_image_caption":{"caption_text":"(Foto: Freepik) ","source_text":"","source_url":""},"jetpack_featured_media_url":"https:\/\/jornalfatosenoticias.com.br\/wp-content\/uploads\/2024\/06\/Lente-mais-fina-do-mundo_Freepik.jpg","_links":{"self":[{"href":"https:\/\/jornalfatosenoticias.com.br\/index.php\/wp-json\/wp\/v2\/posts\/51808","targetHints":{"allow":["GET"]}}],"collection":[{"href":"https:\/\/jornalfatosenoticias.com.br\/index.php\/wp-json\/wp\/v2\/posts"}],"about":[{"href":"https:\/\/jornalfatosenoticias.com.br\/index.php\/wp-json\/wp\/v2\/types\/post"}],"author":[{"embeddable":true,"href":"https:\/\/jornalfatosenoticias.com.br\/index.php\/wp-json\/wp\/v2\/users\/2"}],"replies":[{"embeddable":true,"href":"https:\/\/jornalfatosenoticias.com.br\/index.php\/wp-json\/wp\/v2\/comments?post=51808"}],"version-history":[{"count":0,"href":"https:\/\/jornalfatosenoticias.com.br\/index.php\/wp-json\/wp\/v2\/posts\/51808\/revisions"}],"wp:featuredmedia":[{"embeddable":true,"href":"https:\/\/jornalfatosenoticias.com.br\/index.php\/wp-json\/wp\/v2\/media\/51809"}],"wp:attachment":[{"href":"https:\/\/jornalfatosenoticias.com.br\/index.php\/wp-json\/wp\/v2\/media?parent=51808"}],"wp:term":[{"taxonomy":"category","embeddable":true,"href":"https:\/\/jornalfatosenoticias.com.br\/index.php\/wp-json\/wp\/v2\/categories?post=51808"},{"taxonomy":"post_tag","embeddable":true,"href":"https:\/\/jornalfatosenoticias.com.br\/index.php\/wp-json\/wp\/v2\/tags?post=51808"}],"curies":[{"name":"wp","href":"https:\/\/api.w.org\/{rel}","templated":true}]}}