{"id":51818,"date":"2024-06-10T09:50:25","date_gmt":"2024-06-10T12:50:25","guid":{"rendered":"https:\/\/jornalfatosenoticias.com.br\/?p=51818"},"modified":"2024-06-10T09:50:25","modified_gmt":"2024-06-10T12:50:25","slug":"novo-curativo-inteligente-esteriliza-e-cura-feridas-sozinho","status":"publish","type":"post","link":"https:\/\/jornalfatosenoticias.com.br\/index.php\/2024\/06\/10\/novo-curativo-inteligente-esteriliza-e-cura-feridas-sozinho\/","title":{"rendered":"Novo curativo inteligente esteriliza e cura feridas sozinho"},"content":{"rendered":"\n<p><em><span class=\"has-inline-color has-black-color\">Novidade suporta monitoramento remoto e fornece tratamento com raios de luz e eletricidade<\/span><\/em><\/p>\n\n\n\n<p><span class=\"has-inline-color has-black-color\">Por <strong><a href=\"https:\/\/olhardigital.com.br\/author\/da-redacao-4\/\">Gabriel S\u00e9rvio<\/a>\u00a0<\/strong><\/span><\/p>\n\n\n\n<div class=\"wp-block-image\"><figure class=\"aligncenter size-large\"><img loading=\"lazy\" decoding=\"async\" width=\"729\" height=\"90\" src=\"https:\/\/jornalfatosenoticias.com.br\/wp-content\/uploads\/2020\/02\/Logo_Mizu.png\" alt=\"\" class=\"wp-image-1441\" srcset=\"https:\/\/jornalfatosenoticias.com.br\/wp-content\/uploads\/2020\/02\/Logo_Mizu.png 729w, https:\/\/jornalfatosenoticias.com.br\/wp-content\/uploads\/2020\/02\/Logo_Mizu-300x37.png 300w\" sizes=\"auto, (max-width: 729px) 100vw, 729px\" \/><\/figure><\/div>\n\n\n\n<p>Um curativo de nova gera\u00e7\u00e3o que cura feridas sozinho, envia dados aos <a href=\"https:\/\/olhardigital.com.br\/tag\/medicos\/\"><strong>m\u00e9dicos<\/strong><\/a>\u00a0e diminui\u00a0<a href=\"https:\/\/olhardigital.com.br\/tag\/cicatrizes\/\"><strong>cicatrizes<\/strong><\/a> usando uma combina\u00e7\u00e3o de raios de luz e eletricidade. Esta \u00e9 a \u00faltima novidade em desenvolvimento por pesquisadores da Universidade de Southampton, Inglaterra. As bandagens de alta tecnologia prometem aposentar o uso de gaze e \u201cband-aid\u201d nos hospitais do futuro. Os curativos inteligentes fazem parte da categoria dos dispositivos vest\u00edveis. Cada unidade possui componentes eletr\u00f4nicos flex\u00edveis. O circuito remov\u00edvel fica dentro da bandagem e pode ser reutilizado em novos curativos.<br>Prot\u00f3tipos j\u00e1 foram apresentados em confer\u00eancias m\u00e9dicas e podem detectar como uma ferida est\u00e1 cicatrizando e transmitir a informa\u00e7\u00e3o sem fio ao m\u00e9dico. O plano \u00e9 conseguir tamb\u00e9m administrar tratamentos remotamente. A novidade provavelmente n\u00e3o seria necess\u00e1ria para um simples corte ou arranh\u00e3o, mas poderia salvar vidas em caso de feridas mais graves.<\/p>\n\n\n\n<div class=\"wp-block-image\"><figure class=\"aligncenter size-large\"><img loading=\"lazy\" decoding=\"async\" width=\"300\" height=\"250\" src=\"https:\/\/jornalfatosenoticias.com.br\/wp-content\/uploads\/2020\/02\/Banner-2.png\" alt=\"\" class=\"wp-image-43787\"\/><\/figure><\/div>\n\n\n\n<p>Pesquisadores da Universidade de Southampton utilizam min\u00fasculas luzes LED nos curativos para emitir luz ultravioleta-C, esterilizando a ferida \u00e0 medida que cicatriza. Por ora, a inven\u00e7\u00e3o est\u00e1 em fase inicial de testes em laborat\u00f3rio. Uma equipe de cientistas da Universidade da Pensilv\u00e2nia e Rutgers tamb\u00e9m est\u00e3o testando uma vers\u00e3o do curativo em animais que pode detectar infec\u00e7\u00f5es e administrar eletroterapia \u2014 uma descarga de eletricidade que acelera a cicatriza\u00e7\u00e3o. Estudos mostram que a estimula\u00e7\u00e3o el\u00e9trica pode aumentar a migra\u00e7\u00e3o de c\u00e9lulas imunol\u00f3gicas para matar germes e remover c\u00e9lulas mortas no local de uma ferida.<\/p>\n\n\n\n<div class=\"wp-block-image\"><figure class=\"aligncenter size-large is-resized\"><img loading=\"lazy\" decoding=\"async\" src=\"https:\/\/jornalfatosenoticias.com.br\/wp-content\/uploads\/2023\/12\/pegoretti-logo-pdf-1024x389.jpg\" alt=\"\" class=\"wp-image-47536\" width=\"504\" height=\"191\" srcset=\"https:\/\/jornalfatosenoticias.com.br\/wp-content\/uploads\/2023\/12\/pegoretti-logo-pdf-1024x389.jpg 1024w, https:\/\/jornalfatosenoticias.com.br\/wp-content\/uploads\/2023\/12\/pegoretti-logo-pdf-300x114.jpg 300w, https:\/\/jornalfatosenoticias.com.br\/wp-content\/uploads\/2023\/12\/pegoretti-logo-pdf-768x291.jpg 768w, https:\/\/jornalfatosenoticias.com.br\/wp-content\/uploads\/2023\/12\/pegoretti-logo-pdf.jpg 1120w\" sizes=\"auto, (max-width: 504px) 100vw, 504px\" \/><\/figure><\/div>\n\n\n\n<p>\u00c9 poss\u00edvel que eventualmente o novo curativo tamb\u00e9m consiga administrar antibi\u00f3ticos, que podem ser armazenados em uma pequena c\u00e1psula ou hidrogel. Em caso de infec\u00e7\u00e3o, um m\u00e9dico pode solicitar remotamente a abertura de uma v\u00e1lvula e a aplica\u00e7\u00e3o direta do medicamento na ferida, por exemplo.<br>\u201c\u00c9 uma \u00e1rea muito quente atualmente\u201d, diz Guillermo Ameer, engenheiro biom\u00e9dico e professor da Northwestern University, ao <strong><a href=\"https:\/\/www.wsj.com\/tech\/biotech\/smart-bandages-wound-healing-32a2\" target=\"_blank\" rel=\"noreferrer noopener\">The Wall Street Journal<\/a><\/strong>. <\/p>\n\n\n\n<div class=\"wp-block-image\"><figure class=\"aligncenter size-large is-resized\"><img loading=\"lazy\" decoding=\"async\" src=\"https:\/\/jornalfatosenoticias.com.br\/wp-content\/uploads\/2020\/02\/logo_esteio.jpg\" alt=\"\" class=\"wp-image-1214\" width=\"359\" height=\"299\"\/><\/figure><\/div>\n\n\n\n<blockquote class=\"wp-block-quote is-layout-flow wp-block-quote-is-layout-flow\"><p><span class=\"has-inline-color has-luminous-vivid-orange-color\">Quando come\u00e7amos nesta \u00e1rea, h\u00e1 cinco anos, havia muito poucas pessoas olhando para bandagens inteligentes. Agora temos muitos colegas, n\u00e3o s\u00f3 nos Estados Unidos, mas tamb\u00e9m na China e na Europa\u201d.<\/span><\/p><\/blockquote>\n\n\n\n<div class=\"wp-block-image\"><figure class=\"aligncenter size-large is-resized\"><img loading=\"lazy\" decoding=\"async\" src=\"https:\/\/jornalfatosenoticias.com.br\/wp-content\/uploads\/2023\/03\/nova-logo-Marquetti.jpg\" alt=\"\" class=\"wp-image-40207\" width=\"330\" height=\"221\" srcset=\"https:\/\/jornalfatosenoticias.com.br\/wp-content\/uploads\/2023\/03\/nova-logo-Marquetti.jpg 643w, https:\/\/jornalfatosenoticias.com.br\/wp-content\/uploads\/2023\/03\/nova-logo-Marquetti-300x202.jpg 300w\" sizes=\"auto, (max-width: 330px) 100vw, 330px\" \/><\/figure><\/div>\n\n\n\n<p><em>\u201cVoc\u00ea poderia ter centros de sa\u00fade que monitorassem esses dispositivos e contatassem os pacientes quando houvesse um problema\u201d, acrescentou o Dr. William Tettelbach, especialista em tratamento de feridas e presidente da American Professional Wound Care Association.<\/em><\/p>\n\n\n\n<p><strong><em>Fonte: <a href=\"https:\/\/olhardigital.com.br\/2024\/05\/30\/medicina-e-saude\/novo-curativo-inteligente-esteriliza-e-cura-feridas-sozinho-veja\/\">Olhar Digital<\/a><\/em><\/strong><\/p>\n","protected":false},"excerpt":{"rendered":"<p>Novidade suporta monitoramento remoto e fornece tratamento com raios de luz e eletricidade Por Gabriel S\u00e9rvio\u00a0 Um curativo de nova gera\u00e7\u00e3o que cura feridas sozinho, envia dados aos m\u00e9dicos\u00a0e diminui\u00a0cicatrizes usando uma combina\u00e7\u00e3o de raios de luz e eletricidade. Esta \u00e9 a \u00faltima novidade em desenvolvimento por pesquisadores da Universidade de Southampton, Inglaterra. As bandagens [&hellip;]<\/p>\n","protected":false},"author":2,"featured_media":51820,"comment_status":"open","ping_status":"open","sticky":false,"template":"","format":"standard","meta":{"footnotes":""},"categories":[11],"tags":[],"class_list":["post-51818","post","type-post","status-publish","format-standard","has-post-thumbnail","hentry","category-saude"],"yoast_head":"<!-- This site is optimized with the Yoast SEO plugin v26.5 - https:\/\/yoast.com\/wordpress\/plugins\/seo\/ -->\n<title>Novo curativo inteligente esteriliza e cura feridas sozinho - Jornal Fatos e Not\u00edcias<\/title>\n<meta name=\"robots\" content=\"index, follow, max-snippet:-1, max-image-preview:large, max-video-preview:-1\" \/>\n<link rel=\"canonical\" href=\"https:\/\/jornalfatosenoticias.com.br\/index.php\/2024\/06\/10\/novo-curativo-inteligente-esteriliza-e-cura-feridas-sozinho\/\" \/>\n<meta property=\"og:locale\" content=\"pt_BR\" \/>\n<meta property=\"og:type\" content=\"article\" \/>\n<meta property=\"og:title\" content=\"Novo curativo inteligente esteriliza e cura feridas sozinho - Jornal Fatos e Not\u00edcias\" \/>\n<meta property=\"og:description\" content=\"Novidade suporta monitoramento remoto e fornece tratamento com raios de luz e eletricidade Por Gabriel S\u00e9rvio\u00a0 Um curativo de nova gera\u00e7\u00e3o que cura feridas sozinho, envia dados aos m\u00e9dicos\u00a0e diminui\u00a0cicatrizes usando uma combina\u00e7\u00e3o de raios de luz e eletricidade. Esta \u00e9 a \u00faltima novidade em desenvolvimento por pesquisadores da Universidade de Southampton, Inglaterra. As bandagens [&hellip;]\" \/>\n<meta property=\"og:url\" content=\"https:\/\/jornalfatosenoticias.com.br\/index.php\/2024\/06\/10\/novo-curativo-inteligente-esteriliza-e-cura-feridas-sozinho\/\" \/>\n<meta property=\"og:site_name\" content=\"Jornal Fatos e Not\u00edcias\" \/>\n<meta property=\"article:published_time\" content=\"2024-06-10T12:50:25+00:00\" \/>\n<meta property=\"og:image\" content=\"https:\/\/jornalfatosenoticias.com.br\/wp-content\/uploads\/2024\/06\/curativo-inteligente_Pinterest.jpg\" \/>\n\t<meta property=\"og:image:width\" content=\"519\" \/>\n\t<meta property=\"og:image:height\" content=\"304\" \/>\n\t<meta property=\"og:image:type\" content=\"image\/jpeg\" \/>\n<meta name=\"author\" content=\"Luzimara Fernandes\" \/>\n<meta name=\"twitter:card\" content=\"summary_large_image\" \/>\n<meta name=\"twitter:label1\" content=\"Escrito por\" \/>\n\t<meta name=\"twitter:data1\" content=\"Luzimara Fernandes\" \/>\n\t<meta name=\"twitter:label2\" content=\"Est. tempo de leitura\" \/>\n\t<meta name=\"twitter:data2\" content=\"2 minutos\" \/>\n<script type=\"application\/ld+json\" class=\"yoast-schema-graph\">{\"@context\":\"https:\/\/schema.org\",\"@graph\":[{\"@type\":\"Article\",\"@id\":\"https:\/\/jornalfatosenoticias.com.br\/index.php\/2024\/06\/10\/novo-curativo-inteligente-esteriliza-e-cura-feridas-sozinho\/#article\",\"isPartOf\":{\"@id\":\"https:\/\/jornalfatosenoticias.com.br\/index.php\/2024\/06\/10\/novo-curativo-inteligente-esteriliza-e-cura-feridas-sozinho\/\"},\"author\":{\"name\":\"Luzimara Fernandes\",\"@id\":\"https:\/\/jornalfatosenoticias.com.br\/#\/schema\/person\/d63837fa13ac8666eb9e74e0985d6f81\"},\"headline\":\"Novo curativo inteligente esteriliza e cura feridas sozinho\",\"datePublished\":\"2024-06-10T12:50:25+00:00\",\"mainEntityOfPage\":{\"@id\":\"https:\/\/jornalfatosenoticias.com.br\/index.php\/2024\/06\/10\/novo-curativo-inteligente-esteriliza-e-cura-feridas-sozinho\/\"},\"wordCount\":432,\"commentCount\":0,\"publisher\":{\"@id\":\"https:\/\/jornalfatosenoticias.com.br\/#organization\"},\"image\":{\"@id\":\"https:\/\/jornalfatosenoticias.com.br\/index.php\/2024\/06\/10\/novo-curativo-inteligente-esteriliza-e-cura-feridas-sozinho\/#primaryimage\"},\"thumbnailUrl\":\"https:\/\/jornalfatosenoticias.com.br\/wp-content\/uploads\/2024\/06\/curativo-inteligente_Pinterest.jpg\",\"articleSection\":[\"Sa\u00fade\"],\"inLanguage\":\"pt-BR\",\"potentialAction\":[{\"@type\":\"CommentAction\",\"name\":\"Comment\",\"target\":[\"https:\/\/jornalfatosenoticias.com.br\/index.php\/2024\/06\/10\/novo-curativo-inteligente-esteriliza-e-cura-feridas-sozinho\/#respond\"]}]},{\"@type\":\"WebPage\",\"@id\":\"https:\/\/jornalfatosenoticias.com.br\/index.php\/2024\/06\/10\/novo-curativo-inteligente-esteriliza-e-cura-feridas-sozinho\/\",\"url\":\"https:\/\/jornalfatosenoticias.com.br\/index.php\/2024\/06\/10\/novo-curativo-inteligente-esteriliza-e-cura-feridas-sozinho\/\",\"name\":\"Novo curativo inteligente esteriliza e cura feridas sozinho - Jornal Fatos e Not\u00edcias\",\"isPartOf\":{\"@id\":\"https:\/\/jornalfatosenoticias.com.br\/#website\"},\"primaryImageOfPage\":{\"@id\":\"https:\/\/jornalfatosenoticias.com.br\/index.php\/2024\/06\/10\/novo-curativo-inteligente-esteriliza-e-cura-feridas-sozinho\/#primaryimage\"},\"image\":{\"@id\":\"https:\/\/jornalfatosenoticias.com.br\/index.php\/2024\/06\/10\/novo-curativo-inteligente-esteriliza-e-cura-feridas-sozinho\/#primaryimage\"},\"thumbnailUrl\":\"https:\/\/jornalfatosenoticias.com.br\/wp-content\/uploads\/2024\/06\/curativo-inteligente_Pinterest.jpg\",\"datePublished\":\"2024-06-10T12:50:25+00:00\",\"breadcrumb\":{\"@id\":\"https:\/\/jornalfatosenoticias.com.br\/index.php\/2024\/06\/10\/novo-curativo-inteligente-esteriliza-e-cura-feridas-sozinho\/#breadcrumb\"},\"inLanguage\":\"pt-BR\",\"potentialAction\":[{\"@type\":\"ReadAction\",\"target\":[\"https:\/\/jornalfatosenoticias.com.br\/index.php\/2024\/06\/10\/novo-curativo-inteligente-esteriliza-e-cura-feridas-sozinho\/\"]}]},{\"@type\":\"ImageObject\",\"inLanguage\":\"pt-BR\",\"@id\":\"https:\/\/jornalfatosenoticias.com.br\/index.php\/2024\/06\/10\/novo-curativo-inteligente-esteriliza-e-cura-feridas-sozinho\/#primaryimage\",\"url\":\"https:\/\/jornalfatosenoticias.com.br\/wp-content\/uploads\/2024\/06\/curativo-inteligente_Pinterest.jpg\",\"contentUrl\":\"https:\/\/jornalfatosenoticias.com.br\/wp-content\/uploads\/2024\/06\/curativo-inteligente_Pinterest.jpg\",\"width\":519,\"height\":304},{\"@type\":\"BreadcrumbList\",\"@id\":\"https:\/\/jornalfatosenoticias.com.br\/index.php\/2024\/06\/10\/novo-curativo-inteligente-esteriliza-e-cura-feridas-sozinho\/#breadcrumb\",\"itemListElement\":[{\"@type\":\"ListItem\",\"position\":1,\"name\":\"In\u00edcio\",\"item\":\"https:\/\/jornalfatosenoticias.com.br\/\"},{\"@type\":\"ListItem\",\"position\":2,\"name\":\"Novo curativo inteligente esteriliza e cura feridas sozinho\"}]},{\"@type\":\"WebSite\",\"@id\":\"https:\/\/jornalfatosenoticias.com.br\/#website\",\"url\":\"https:\/\/jornalfatosenoticias.com.br\/\",\"name\":\"Jornal Fatos e Not\u00edcias\",\"description\":\"Not\u00edcias em geral\",\"publisher\":{\"@id\":\"https:\/\/jornalfatosenoticias.com.br\/#organization\"},\"potentialAction\":[{\"@type\":\"SearchAction\",\"target\":{\"@type\":\"EntryPoint\",\"urlTemplate\":\"https:\/\/jornalfatosenoticias.com.br\/?s={search_term_string}\"},\"query-input\":{\"@type\":\"PropertyValueSpecification\",\"valueRequired\":true,\"valueName\":\"search_term_string\"}}],\"inLanguage\":\"pt-BR\"},{\"@type\":\"Organization\",\"@id\":\"https:\/\/jornalfatosenoticias.com.br\/#organization\",\"name\":\"Jornal Fatos e Not\u00edcias\",\"url\":\"https:\/\/jornalfatosenoticias.com.br\/\",\"logo\":{\"@type\":\"ImageObject\",\"inLanguage\":\"pt-BR\",\"@id\":\"https:\/\/jornalfatosenoticias.com.br\/#\/schema\/logo\/image\/\",\"url\":\"https:\/\/jornalfatosenoticias.com.br\/wp-content\/uploads\/2020\/02\/logo120.png\",\"contentUrl\":\"https:\/\/jornalfatosenoticias.com.br\/wp-content\/uploads\/2020\/02\/logo120.png\",\"width\":1227,\"height\":120,\"caption\":\"Jornal Fatos e Not\u00edcias\"},\"image\":{\"@id\":\"https:\/\/jornalfatosenoticias.com.br\/#\/schema\/logo\/image\/\"}},{\"@type\":\"Person\",\"@id\":\"https:\/\/jornalfatosenoticias.com.br\/#\/schema\/person\/d63837fa13ac8666eb9e74e0985d6f81\",\"name\":\"Luzimara Fernandes\",\"image\":{\"@type\":\"ImageObject\",\"inLanguage\":\"pt-BR\",\"@id\":\"https:\/\/jornalfatosenoticias.com.br\/#\/schema\/person\/image\/\",\"url\":\"https:\/\/jornalfatosenoticias.com.br\/wp-content\/uploads\/2025\/05\/EU_portal.jpg\",\"contentUrl\":\"https:\/\/jornalfatosenoticias.com.br\/wp-content\/uploads\/2025\/05\/EU_portal.jpg\",\"caption\":\"Luzimara Fernandes\"},\"description\":\"Jornalista MTB 2358-ES\",\"sameAs\":[\"https:\/\/jornalfatosenoticias.com.br\"],\"url\":\"https:\/\/jornalfatosenoticias.com.br\/index.php\/author\/luzimara\/\"}]}<\/script>\n<!-- \/ Yoast SEO plugin. -->","yoast_head_json":{"title":"Novo curativo inteligente esteriliza e cura feridas sozinho - Jornal Fatos e Not\u00edcias","robots":{"index":"index","follow":"follow","max-snippet":"max-snippet:-1","max-image-preview":"max-image-preview:large","max-video-preview":"max-video-preview:-1"},"canonical":"https:\/\/jornalfatosenoticias.com.br\/index.php\/2024\/06\/10\/novo-curativo-inteligente-esteriliza-e-cura-feridas-sozinho\/","og_locale":"pt_BR","og_type":"article","og_title":"Novo curativo inteligente esteriliza e cura feridas sozinho - Jornal Fatos e Not\u00edcias","og_description":"Novidade suporta monitoramento remoto e fornece tratamento com raios de luz e eletricidade Por Gabriel S\u00e9rvio\u00a0 Um curativo de nova gera\u00e7\u00e3o que cura feridas sozinho, envia dados aos m\u00e9dicos\u00a0e diminui\u00a0cicatrizes usando uma combina\u00e7\u00e3o de raios de luz e eletricidade. Esta \u00e9 a \u00faltima novidade em desenvolvimento por pesquisadores da Universidade de Southampton, Inglaterra. As bandagens [&hellip;]","og_url":"https:\/\/jornalfatosenoticias.com.br\/index.php\/2024\/06\/10\/novo-curativo-inteligente-esteriliza-e-cura-feridas-sozinho\/","og_site_name":"Jornal Fatos e Not\u00edcias","article_published_time":"2024-06-10T12:50:25+00:00","og_image":[{"width":519,"height":304,"url":"https:\/\/jornalfatosenoticias.com.br\/wp-content\/uploads\/2024\/06\/curativo-inteligente_Pinterest.jpg","type":"image\/jpeg"}],"author":"Luzimara Fernandes","twitter_card":"summary_large_image","twitter_misc":{"Escrito por":"Luzimara Fernandes","Est. tempo de leitura":"2 minutos"},"schema":{"@context":"https:\/\/schema.org","@graph":[{"@type":"Article","@id":"https:\/\/jornalfatosenoticias.com.br\/index.php\/2024\/06\/10\/novo-curativo-inteligente-esteriliza-e-cura-feridas-sozinho\/#article","isPartOf":{"@id":"https:\/\/jornalfatosenoticias.com.br\/index.php\/2024\/06\/10\/novo-curativo-inteligente-esteriliza-e-cura-feridas-sozinho\/"},"author":{"name":"Luzimara Fernandes","@id":"https:\/\/jornalfatosenoticias.com.br\/#\/schema\/person\/d63837fa13ac8666eb9e74e0985d6f81"},"headline":"Novo curativo inteligente esteriliza e cura feridas sozinho","datePublished":"2024-06-10T12:50:25+00:00","mainEntityOfPage":{"@id":"https:\/\/jornalfatosenoticias.com.br\/index.php\/2024\/06\/10\/novo-curativo-inteligente-esteriliza-e-cura-feridas-sozinho\/"},"wordCount":432,"commentCount":0,"publisher":{"@id":"https:\/\/jornalfatosenoticias.com.br\/#organization"},"image":{"@id":"https:\/\/jornalfatosenoticias.com.br\/index.php\/2024\/06\/10\/novo-curativo-inteligente-esteriliza-e-cura-feridas-sozinho\/#primaryimage"},"thumbnailUrl":"https:\/\/jornalfatosenoticias.com.br\/wp-content\/uploads\/2024\/06\/curativo-inteligente_Pinterest.jpg","articleSection":["Sa\u00fade"],"inLanguage":"pt-BR","potentialAction":[{"@type":"CommentAction","name":"Comment","target":["https:\/\/jornalfatosenoticias.com.br\/index.php\/2024\/06\/10\/novo-curativo-inteligente-esteriliza-e-cura-feridas-sozinho\/#respond"]}]},{"@type":"WebPage","@id":"https:\/\/jornalfatosenoticias.com.br\/index.php\/2024\/06\/10\/novo-curativo-inteligente-esteriliza-e-cura-feridas-sozinho\/","url":"https:\/\/jornalfatosenoticias.com.br\/index.php\/2024\/06\/10\/novo-curativo-inteligente-esteriliza-e-cura-feridas-sozinho\/","name":"Novo curativo inteligente esteriliza e cura feridas sozinho - Jornal Fatos e Not\u00edcias","isPartOf":{"@id":"https:\/\/jornalfatosenoticias.com.br\/#website"},"primaryImageOfPage":{"@id":"https:\/\/jornalfatosenoticias.com.br\/index.php\/2024\/06\/10\/novo-curativo-inteligente-esteriliza-e-cura-feridas-sozinho\/#primaryimage"},"image":{"@id":"https:\/\/jornalfatosenoticias.com.br\/index.php\/2024\/06\/10\/novo-curativo-inteligente-esteriliza-e-cura-feridas-sozinho\/#primaryimage"},"thumbnailUrl":"https:\/\/jornalfatosenoticias.com.br\/wp-content\/uploads\/2024\/06\/curativo-inteligente_Pinterest.jpg","datePublished":"2024-06-10T12:50:25+00:00","breadcrumb":{"@id":"https:\/\/jornalfatosenoticias.com.br\/index.php\/2024\/06\/10\/novo-curativo-inteligente-esteriliza-e-cura-feridas-sozinho\/#breadcrumb"},"inLanguage":"pt-BR","potentialAction":[{"@type":"ReadAction","target":["https:\/\/jornalfatosenoticias.com.br\/index.php\/2024\/06\/10\/novo-curativo-inteligente-esteriliza-e-cura-feridas-sozinho\/"]}]},{"@type":"ImageObject","inLanguage":"pt-BR","@id":"https:\/\/jornalfatosenoticias.com.br\/index.php\/2024\/06\/10\/novo-curativo-inteligente-esteriliza-e-cura-feridas-sozinho\/#primaryimage","url":"https:\/\/jornalfatosenoticias.com.br\/wp-content\/uploads\/2024\/06\/curativo-inteligente_Pinterest.jpg","contentUrl":"https:\/\/jornalfatosenoticias.com.br\/wp-content\/uploads\/2024\/06\/curativo-inteligente_Pinterest.jpg","width":519,"height":304},{"@type":"BreadcrumbList","@id":"https:\/\/jornalfatosenoticias.com.br\/index.php\/2024\/06\/10\/novo-curativo-inteligente-esteriliza-e-cura-feridas-sozinho\/#breadcrumb","itemListElement":[{"@type":"ListItem","position":1,"name":"In\u00edcio","item":"https:\/\/jornalfatosenoticias.com.br\/"},{"@type":"ListItem","position":2,"name":"Novo curativo inteligente esteriliza e cura feridas sozinho"}]},{"@type":"WebSite","@id":"https:\/\/jornalfatosenoticias.com.br\/#website","url":"https:\/\/jornalfatosenoticias.com.br\/","name":"Jornal Fatos e Not\u00edcias","description":"Not\u00edcias em geral","publisher":{"@id":"https:\/\/jornalfatosenoticias.com.br\/#organization"},"potentialAction":[{"@type":"SearchAction","target":{"@type":"EntryPoint","urlTemplate":"https:\/\/jornalfatosenoticias.com.br\/?s={search_term_string}"},"query-input":{"@type":"PropertyValueSpecification","valueRequired":true,"valueName":"search_term_string"}}],"inLanguage":"pt-BR"},{"@type":"Organization","@id":"https:\/\/jornalfatosenoticias.com.br\/#organization","name":"Jornal Fatos e Not\u00edcias","url":"https:\/\/jornalfatosenoticias.com.br\/","logo":{"@type":"ImageObject","inLanguage":"pt-BR","@id":"https:\/\/jornalfatosenoticias.com.br\/#\/schema\/logo\/image\/","url":"https:\/\/jornalfatosenoticias.com.br\/wp-content\/uploads\/2020\/02\/logo120.png","contentUrl":"https:\/\/jornalfatosenoticias.com.br\/wp-content\/uploads\/2020\/02\/logo120.png","width":1227,"height":120,"caption":"Jornal Fatos e Not\u00edcias"},"image":{"@id":"https:\/\/jornalfatosenoticias.com.br\/#\/schema\/logo\/image\/"}},{"@type":"Person","@id":"https:\/\/jornalfatosenoticias.com.br\/#\/schema\/person\/d63837fa13ac8666eb9e74e0985d6f81","name":"Luzimara Fernandes","image":{"@type":"ImageObject","inLanguage":"pt-BR","@id":"https:\/\/jornalfatosenoticias.com.br\/#\/schema\/person\/image\/","url":"https:\/\/jornalfatosenoticias.com.br\/wp-content\/uploads\/2025\/05\/EU_portal.jpg","contentUrl":"https:\/\/jornalfatosenoticias.com.br\/wp-content\/uploads\/2025\/05\/EU_portal.jpg","caption":"Luzimara Fernandes"},"description":"Jornalista MTB 2358-ES","sameAs":["https:\/\/jornalfatosenoticias.com.br"],"url":"https:\/\/jornalfatosenoticias.com.br\/index.php\/author\/luzimara\/"}]}},"cc_featured_image_caption":{"caption_text":"(Foto: Pinterest) ","source_text":"","source_url":""},"jetpack_featured_media_url":"https:\/\/jornalfatosenoticias.com.br\/wp-content\/uploads\/2024\/06\/curativo-inteligente_Pinterest.jpg","_links":{"self":[{"href":"https:\/\/jornalfatosenoticias.com.br\/index.php\/wp-json\/wp\/v2\/posts\/51818","targetHints":{"allow":["GET"]}}],"collection":[{"href":"https:\/\/jornalfatosenoticias.com.br\/index.php\/wp-json\/wp\/v2\/posts"}],"about":[{"href":"https:\/\/jornalfatosenoticias.com.br\/index.php\/wp-json\/wp\/v2\/types\/post"}],"author":[{"embeddable":true,"href":"https:\/\/jornalfatosenoticias.com.br\/index.php\/wp-json\/wp\/v2\/users\/2"}],"replies":[{"embeddable":true,"href":"https:\/\/jornalfatosenoticias.com.br\/index.php\/wp-json\/wp\/v2\/comments?post=51818"}],"version-history":[{"count":0,"href":"https:\/\/jornalfatosenoticias.com.br\/index.php\/wp-json\/wp\/v2\/posts\/51818\/revisions"}],"wp:featuredmedia":[{"embeddable":true,"href":"https:\/\/jornalfatosenoticias.com.br\/index.php\/wp-json\/wp\/v2\/media\/51820"}],"wp:attachment":[{"href":"https:\/\/jornalfatosenoticias.com.br\/index.php\/wp-json\/wp\/v2\/media?parent=51818"}],"wp:term":[{"taxonomy":"category","embeddable":true,"href":"https:\/\/jornalfatosenoticias.com.br\/index.php\/wp-json\/wp\/v2\/categories?post=51818"},{"taxonomy":"post_tag","embeddable":true,"href":"https:\/\/jornalfatosenoticias.com.br\/index.php\/wp-json\/wp\/v2\/tags?post=51818"}],"curies":[{"name":"wp","href":"https:\/\/api.w.org\/{rel}","templated":true}]}}