{"id":51855,"date":"2024-06-11T10:19:14","date_gmt":"2024-06-11T13:19:14","guid":{"rendered":"https:\/\/jornalfatosenoticias.com.br\/?p=51855"},"modified":"2024-06-11T10:19:15","modified_gmt":"2024-06-11T13:19:15","slug":"projeto-de-biblioteca-cria-uma-floresta-de-livros-em-sao-paulo","status":"publish","type":"post","link":"https:\/\/jornalfatosenoticias.com.br\/index.php\/2024\/06\/11\/projeto-de-biblioteca-cria-uma-floresta-de-livros-em-sao-paulo\/","title":{"rendered":"Projeto de biblioteca cria uma floresta de livros em S\u00e3o Paulo"},"content":{"rendered":"\n<p><em><span class=\"has-inline-color has-black-color\">Escola na capital paulista ganhou um espa\u00e7o de 470 metros quadrados que estimula a leitura e imagina\u00e7\u00e3o dos alunos<\/span><\/em><\/p>\n\n\n\n<p><span class=\"has-inline-color has-black-color\">Por <strong><a href=\"https:\/\/ciclovivo.com.br\/author\/natasha-olsen\/\">Natasha Olsen<\/a><\/strong><\/span><\/p>\n\n\n\n<div class=\"wp-block-image\"><figure class=\"aligncenter size-large\"><img loading=\"lazy\" decoding=\"async\" width=\"729\" height=\"90\" src=\"https:\/\/jornalfatosenoticias.com.br\/wp-content\/uploads\/2020\/02\/Logo_Mizu.png\" alt=\"\" class=\"wp-image-1441\" srcset=\"https:\/\/jornalfatosenoticias.com.br\/wp-content\/uploads\/2020\/02\/Logo_Mizu.png 729w, https:\/\/jornalfatosenoticias.com.br\/wp-content\/uploads\/2020\/02\/Logo_Mizu-300x37.png 300w\" sizes=\"auto, (max-width: 729px) 100vw, 729px\" \/><\/figure><\/div>\n\n\n\n<p>Uma floresta de livros. Esta foi a ideia que deu origem ao projeto da <a href=\"https:\/\/ciclovivo.com.br\/arq-urb\/arquitetura\/potes-de-sorvete-viram-paredes-de-biblioteca-comunitaria\/\" target=\"_blank\" rel=\"noreferrer noopener\">biblioteca<\/a> da Graded School, escola bil\u00edngue localizada em S\u00e3o Paulo. O est\u00fadio de arquitetura brasileiro MAB3 e a Z\u00e9nite Arquitetura &amp; Constru\u00e7\u00e3o se uniram para construir, em 2023, uma \u00e1rea de 470 metros quadrados em um pr\u00e9dio de 1961. A biblioteca tem espa\u00e7os confort\u00e1veis, l\u00fadicos e ergonomicamente projetados para abrigar o vasto acervo f\u00edsico de livros.<\/p>\n\n\n\n<blockquote class=\"wp-block-quote is-layout-flow wp-block-quote-is-layout-flow\"><p><span class=\"has-inline-color has-luminous-vivid-orange-color\">Nosso trabalho se concentra no bem-estar de professores, pais e alunos\u201d, disse a fundadora da Z\u00e9nite, Giselle Benedetti. \u201cQueremos inspirar e promover experi\u00eancias encantadoras, ressignificar espa\u00e7os e realizar sonhos\u201d.<\/span><\/p><\/blockquote>\n\n\n\n<div class=\"wp-block-image\"><figure class=\"aligncenter size-large is-resized\"><img loading=\"lazy\" decoding=\"async\" src=\"https:\/\/jornalfatosenoticias.com.br\/wp-content\/uploads\/2023\/03\/logo-Panper_portal.jpg\" alt=\"\" class=\"wp-image-40208\" width=\"345\" height=\"239\" srcset=\"https:\/\/jornalfatosenoticias.com.br\/wp-content\/uploads\/2023\/03\/logo-Panper_portal.jpg 400w, https:\/\/jornalfatosenoticias.com.br\/wp-content\/uploads\/2023\/03\/logo-Panper_portal-300x208.jpg 300w\" sizes=\"auto, (max-width: 345px) 100vw, 345px\" \/><\/figure><\/div>\n\n\n\n<p>As estantes curvas de madeira natural s\u00e3o divididas por grandes colunas brancas em forma de \u201c\u00e1rvore\u201d com folhas de papel suspensas. Um dos destaques da obra \u00e9 a utiliza\u00e7\u00e3o de <a href=\"https:\/\/ciclovivo.com.br\/arq-urb\/design\/com-arte-e-upcycling-catadores-transformam-moveis-descartados\/\" target=\"_blank\" rel=\"noreferrer noopener\">marcenaria<\/a> que, al\u00e9m de guardar livros, tamb\u00e9m desempenha um papel fundamental como elemento decorativo integrado na concep\u00e7\u00e3o do projeto. <\/p>\n\n\n\n<div class=\"wp-block-image\"><figure class=\"aligncenter size-large\"><img loading=\"lazy\" decoding=\"async\" width=\"1000\" height=\"666\" src=\"https:\/\/jornalfatosenoticias.com.br\/wp-content\/uploads\/2024\/06\/biblioteca-graded-school-ciclovivo.jpeg\" alt=\"\" class=\"wp-image-51856\" srcset=\"https:\/\/jornalfatosenoticias.com.br\/wp-content\/uploads\/2024\/06\/biblioteca-graded-school-ciclovivo.jpeg 1000w, https:\/\/jornalfatosenoticias.com.br\/wp-content\/uploads\/2024\/06\/biblioteca-graded-school-ciclovivo-300x200.jpeg 300w, https:\/\/jornalfatosenoticias.com.br\/wp-content\/uploads\/2024\/06\/biblioteca-graded-school-ciclovivo-768x511.jpeg 768w\" sizes=\"auto, (max-width: 1000px) 100vw, 1000px\" \/><figcaption><em><span class=\"has-inline-color has-black-color\">(Foto: CicloVivo\/Reprodu\u00e7\u00e3o)<\/span><\/em><\/figcaption><\/figure><\/div>\n\n\n\n<p>Uma mesa de circula\u00e7\u00e3o curva fica na entrada da biblioteca e leva a uma sala de confer\u00eancias envidra\u00e7ada. No centro, um conjunto de degraus arredondados transforma-se num pequeno anfiteatro para conta\u00e7\u00e3o de hist\u00f3rias e aulas.<\/p>\n\n\n\n<div class=\"wp-block-image\"><figure class=\"aligncenter size-large\"><img loading=\"lazy\" decoding=\"async\" width=\"300\" height=\"250\" src=\"https:\/\/jornalfatosenoticias.com.br\/wp-content\/uploads\/2020\/02\/Banner-2.png\" alt=\"\" class=\"wp-image-43787\"\/><\/figure><\/div>\n\n\n\n<p>Antes do anfiteatro est\u00e1 uma \u00e1rea de escalada com uma plataforma de leitura elevada repleta de almofadas rodeada por uma rede que se torna um ref\u00fagio casual e relaxante. Embaixo, um espa\u00e7o cheio de brinquedos permite que os alunos soltem ainda mais a imagina\u00e7\u00e3o.<\/p>\n\n\n\n<div class=\"wp-block-image\"><figure class=\"aligncenter size-large is-resized\"><img loading=\"lazy\" decoding=\"async\" src=\"https:\/\/jornalfatosenoticias.com.br\/wp-content\/uploads\/2020\/02\/logo-Rapuzel-1024x571.jpg\" alt=\"\" class=\"wp-image-42808\" width=\"350\" height=\"195\" srcset=\"https:\/\/jornalfatosenoticias.com.br\/wp-content\/uploads\/2020\/02\/logo-Rapuzel-1024x571.jpg 1024w, https:\/\/jornalfatosenoticias.com.br\/wp-content\/uploads\/2020\/02\/logo-Rapuzel-300x167.jpg 300w, https:\/\/jornalfatosenoticias.com.br\/wp-content\/uploads\/2020\/02\/logo-Rapuzel-768x428.jpg 768w, https:\/\/jornalfatosenoticias.com.br\/wp-content\/uploads\/2020\/02\/logo-Rapuzel-1536x856.jpg 1536w, https:\/\/jornalfatosenoticias.com.br\/wp-content\/uploads\/2020\/02\/logo-Rapuzel.jpg 1600w\" sizes=\"auto, (max-width: 350px) 100vw, 350px\" \/><\/figure><\/div>\n\n\n\n<p>Segundo os idealizadores do projeto, o design \u201crelaciona-se com o contexto de aprendizagem e rela\u00e7\u00f5es sociais dos alunos, ao mesmo tempo que refor\u00e7a a import\u00e2ncia da <a href=\"https:\/\/ciclovivo.com.br\/fique-ligado\/e-books\/colecao-de-livros-apresenta-fauna-do-pantanal-para-criancas\/\" target=\"_blank\" rel=\"noreferrer noopener\">leitura<\/a> em todo o processo de forma\u00e7\u00e3o intelectual e relacionamento social em um ambiente convidativo e l\u00fadico\u201d.<\/p>\n\n\n\n<div class=\"wp-block-image\"><figure class=\"aligncenter size-large is-resized\"><img loading=\"lazy\" decoding=\"async\" src=\"https:\/\/jornalfatosenoticias.com.br\/wp-content\/uploads\/2023\/08\/BKR-1024x1021.jpg\" alt=\"\" class=\"wp-image-44494\" width=\"328\" height=\"327\" srcset=\"https:\/\/jornalfatosenoticias.com.br\/wp-content\/uploads\/2023\/08\/BKR-1024x1021.jpg 1024w, https:\/\/jornalfatosenoticias.com.br\/wp-content\/uploads\/2023\/08\/BKR-300x300.jpg 300w, https:\/\/jornalfatosenoticias.com.br\/wp-content\/uploads\/2023\/08\/BKR-150x150.jpg 150w, https:\/\/jornalfatosenoticias.com.br\/wp-content\/uploads\/2023\/08\/BKR-768x766.jpg 768w, https:\/\/jornalfatosenoticias.com.br\/wp-content\/uploads\/2023\/08\/BKR.jpg 1080w\" sizes=\"auto, (max-width: 328px) 100vw, 328px\" \/><\/figure><\/div>\n\n\n\n<p>No outro extremo da biblioteca fica uma sala de aula com mesas curvas e uma grande janela inclinada. Os assentos t\u00eam v\u00e1rias propostas, de bancos almofadados a pufes escarlates, passando por ref\u00fagios escondidos em estantes de livros, e criam uma atmosfera acolhedora para os alunos.<\/p>\n\n\n\n<div class=\"wp-block-image\"><figure class=\"aligncenter size-large is-resized\"><img loading=\"lazy\" decoding=\"async\" src=\"https:\/\/jornalfatosenoticias.com.br\/wp-content\/uploads\/2022\/02\/Precisao-Contabilidade-1024x724.jpg\" alt=\"\" class=\"wp-image-28088\" width=\"372\" height=\"263\"\/><\/figure><\/div>\n\n\n\n<p>A designer de ilumina\u00e7\u00e3o <a href=\"https:\/\/www.studioreginabruni.com\/videos\" target=\"_blank\" rel=\"noreferrer noopener\">Regina Bruni<\/a> trouxe luzes embutidas com drywall cortado que formam uma copa de \u00e1rvore org\u00e2nica acima dos livros. Para completar, um teto de fibra \u00f3ptica cria a ilus\u00e3o de um c\u00e9u estrelado. Abaixo da \u201cfloresta\u201d de livros est\u00e1 o piso de vinil impresso para parecer madeira. Ele d\u00e1 continuidade ao tema do espa\u00e7o, ao mesmo tempo que oferece durabilidade, f\u00e1cil manuten\u00e7\u00e3o e praticidade para a biblioteca que recebe muitas pessoas todos os dias.<\/p>\n\n\n\n<div class=\"wp-block-image\"><figure class=\"aligncenter size-large is-resized\"><img loading=\"lazy\" decoding=\"async\" src=\"https:\/\/jornalfatosenoticias.com.br\/wp-content\/uploads\/2020\/02\/CONTROL-CS.jpg\" alt=\"\" class=\"wp-image-44991\" width=\"300\" height=\"359\" srcset=\"https:\/\/jornalfatosenoticias.com.br\/wp-content\/uploads\/2020\/02\/CONTROL-CS.jpg 834w, https:\/\/jornalfatosenoticias.com.br\/wp-content\/uploads\/2020\/02\/CONTROL-CS-250x300.jpg 250w, https:\/\/jornalfatosenoticias.com.br\/wp-content\/uploads\/2020\/02\/CONTROL-CS-768x921.jpg 768w\" sizes=\"auto, (max-width: 300px) 100vw, 300px\" \/><\/figure><\/div>\n\n\n\n<p>Estantes em forma de onda fluem ao longo da parede externa sob uma fileira de janelas e uma \u00e1rvore plantada na \u00e1rea interna acrescenta vegeta\u00e7\u00e3o ao espa\u00e7o. O paisagismo interno recebeu aten\u00e7\u00e3o especial com a implanta\u00e7\u00e3o de canteiros em formatos org\u00e2nicos em harmonia com o verde da \u00e1rea externa, repleto de toldos e floreiras did\u00e1ticas.<\/p>\n\n\n\n<div class=\"wp-block-image\"><figure class=\"aligncenter size-large is-resized\"><img loading=\"lazy\" decoding=\"async\" src=\"https:\/\/jornalfatosenoticias.com.br\/wp-content\/uploads\/2023\/09\/vetorvix1024_1.jpg\" alt=\"\" class=\"wp-image-44868\" width=\"546\" height=\"145\" srcset=\"https:\/\/jornalfatosenoticias.com.br\/wp-content\/uploads\/2023\/09\/vetorvix1024_1.jpg 1024w, https:\/\/jornalfatosenoticias.com.br\/wp-content\/uploads\/2023\/09\/vetorvix1024_1-300x80.jpg 300w, https:\/\/jornalfatosenoticias.com.br\/wp-content\/uploads\/2023\/09\/vetorvix1024_1-768x205.jpg 768w\" sizes=\"auto, (max-width: 546px) 100vw, 546px\" \/><\/figure><\/div>\n\n\n\n<p><strong><em>Fonte: <a href=\"https:\/\/ciclovivo.com.br\/arq-urb\/arquitetura\/projeto-de-biblioteca-cria-uma-floresta-de-livros-em-sao-paulo\/\">CicloVivo<\/a><\/em><\/strong><\/p>\n","protected":false},"excerpt":{"rendered":"<p>Escola na capital paulista ganhou um espa\u00e7o de 470 metros quadrados que estimula a leitura e imagina\u00e7\u00e3o dos alunos Por Natasha Olsen Uma floresta de livros. Esta foi a ideia que deu origem ao projeto da biblioteca da Graded School, escola bil\u00edngue localizada em S\u00e3o Paulo. O est\u00fadio de arquitetura brasileiro MAB3 e a Z\u00e9nite [&hellip;]<\/p>\n","protected":false},"author":2,"featured_media":51857,"comment_status":"open","ping_status":"open","sticky":false,"template":"","format":"standard","meta":{"footnotes":""},"categories":[744],"tags":[4012,23733,410,22292],"class_list":["post-51855","post","type-post","status-publish","format-standard","has-post-thumbnail","hentry","category-arq-urbanismo","tag-biblioteca","tag-biblioteca-de-madeira","tag-escola","tag-inspiracao-na-natureza"],"yoast_head":"<!-- This site is optimized with the Yoast SEO plugin v26.5 - https:\/\/yoast.com\/wordpress\/plugins\/seo\/ -->\n<title>Projeto de biblioteca cria uma floresta de livros em S\u00e3o Paulo - Jornal Fatos e Not\u00edcias<\/title>\n<meta name=\"robots\" content=\"index, follow, max-snippet:-1, max-image-preview:large, max-video-preview:-1\" \/>\n<link rel=\"canonical\" href=\"https:\/\/jornalfatosenoticias.com.br\/index.php\/2024\/06\/11\/projeto-de-biblioteca-cria-uma-floresta-de-livros-em-sao-paulo\/\" \/>\n<meta property=\"og:locale\" content=\"pt_BR\" \/>\n<meta property=\"og:type\" content=\"article\" \/>\n<meta property=\"og:title\" content=\"Projeto de biblioteca cria uma floresta de livros em S\u00e3o Paulo - Jornal Fatos e Not\u00edcias\" \/>\n<meta property=\"og:description\" content=\"Escola na capital paulista ganhou um espa\u00e7o de 470 metros quadrados que estimula a leitura e imagina\u00e7\u00e3o dos alunos Por Natasha Olsen Uma floresta de livros. Esta foi a ideia que deu origem ao projeto da biblioteca da Graded School, escola bil\u00edngue localizada em S\u00e3o Paulo. O est\u00fadio de arquitetura brasileiro MAB3 e a Z\u00e9nite [&hellip;]\" \/>\n<meta property=\"og:url\" content=\"https:\/\/jornalfatosenoticias.com.br\/index.php\/2024\/06\/11\/projeto-de-biblioteca-cria-uma-floresta-de-livros-em-sao-paulo\/\" \/>\n<meta property=\"og:site_name\" content=\"Jornal Fatos e Not\u00edcias\" \/>\n<meta property=\"article:published_time\" content=\"2024-06-11T13:19:14+00:00\" \/>\n<meta property=\"article:modified_time\" content=\"2024-06-11T13:19:15+00:00\" \/>\n<meta property=\"og:image\" content=\"https:\/\/jornalfatosenoticias.com.br\/wp-content\/uploads\/2024\/06\/biblioteca-graded-school-ciclovivo1.jpg\" \/>\n\t<meta property=\"og:image:width\" content=\"1000\" \/>\n\t<meta property=\"og:image:height\" content=\"666\" \/>\n\t<meta property=\"og:image:type\" content=\"image\/jpeg\" \/>\n<meta name=\"author\" content=\"Luzimara Fernandes\" \/>\n<meta name=\"twitter:card\" content=\"summary_large_image\" \/>\n<meta name=\"twitter:label1\" content=\"Escrito por\" \/>\n\t<meta name=\"twitter:data1\" content=\"Luzimara Fernandes\" \/>\n\t<meta name=\"twitter:label2\" content=\"Est. tempo de leitura\" \/>\n\t<meta name=\"twitter:data2\" content=\"3 minutos\" \/>\n<script type=\"application\/ld+json\" class=\"yoast-schema-graph\">{\"@context\":\"https:\/\/schema.org\",\"@graph\":[{\"@type\":\"Article\",\"@id\":\"https:\/\/jornalfatosenoticias.com.br\/index.php\/2024\/06\/11\/projeto-de-biblioteca-cria-uma-floresta-de-livros-em-sao-paulo\/#article\",\"isPartOf\":{\"@id\":\"https:\/\/jornalfatosenoticias.com.br\/index.php\/2024\/06\/11\/projeto-de-biblioteca-cria-uma-floresta-de-livros-em-sao-paulo\/\"},\"author\":{\"name\":\"Luzimara Fernandes\",\"@id\":\"https:\/\/jornalfatosenoticias.com.br\/#\/schema\/person\/d63837fa13ac8666eb9e74e0985d6f81\"},\"headline\":\"Projeto de biblioteca cria uma floresta de livros em S\u00e3o Paulo\",\"datePublished\":\"2024-06-11T13:19:14+00:00\",\"dateModified\":\"2024-06-11T13:19:15+00:00\",\"mainEntityOfPage\":{\"@id\":\"https:\/\/jornalfatosenoticias.com.br\/index.php\/2024\/06\/11\/projeto-de-biblioteca-cria-uma-floresta-de-livros-em-sao-paulo\/\"},\"wordCount\":531,\"commentCount\":0,\"publisher\":{\"@id\":\"https:\/\/jornalfatosenoticias.com.br\/#organization\"},\"image\":{\"@id\":\"https:\/\/jornalfatosenoticias.com.br\/index.php\/2024\/06\/11\/projeto-de-biblioteca-cria-uma-floresta-de-livros-em-sao-paulo\/#primaryimage\"},\"thumbnailUrl\":\"https:\/\/jornalfatosenoticias.com.br\/wp-content\/uploads\/2024\/06\/biblioteca-graded-school-ciclovivo1.jpg\",\"keywords\":[\"biblioteca\",\"biblioteca de madeira\",\"escola\",\"inspira\u00e7\u00e3o na natureza\"],\"articleSection\":[\"Arq &amp; Urb\"],\"inLanguage\":\"pt-BR\",\"potentialAction\":[{\"@type\":\"CommentAction\",\"name\":\"Comment\",\"target\":[\"https:\/\/jornalfatosenoticias.com.br\/index.php\/2024\/06\/11\/projeto-de-biblioteca-cria-uma-floresta-de-livros-em-sao-paulo\/#respond\"]}]},{\"@type\":\"WebPage\",\"@id\":\"https:\/\/jornalfatosenoticias.com.br\/index.php\/2024\/06\/11\/projeto-de-biblioteca-cria-uma-floresta-de-livros-em-sao-paulo\/\",\"url\":\"https:\/\/jornalfatosenoticias.com.br\/index.php\/2024\/06\/11\/projeto-de-biblioteca-cria-uma-floresta-de-livros-em-sao-paulo\/\",\"name\":\"Projeto de biblioteca cria uma floresta de livros em S\u00e3o Paulo - Jornal Fatos e Not\u00edcias\",\"isPartOf\":{\"@id\":\"https:\/\/jornalfatosenoticias.com.br\/#website\"},\"primaryImageOfPage\":{\"@id\":\"https:\/\/jornalfatosenoticias.com.br\/index.php\/2024\/06\/11\/projeto-de-biblioteca-cria-uma-floresta-de-livros-em-sao-paulo\/#primaryimage\"},\"image\":{\"@id\":\"https:\/\/jornalfatosenoticias.com.br\/index.php\/2024\/06\/11\/projeto-de-biblioteca-cria-uma-floresta-de-livros-em-sao-paulo\/#primaryimage\"},\"thumbnailUrl\":\"https:\/\/jornalfatosenoticias.com.br\/wp-content\/uploads\/2024\/06\/biblioteca-graded-school-ciclovivo1.jpg\",\"datePublished\":\"2024-06-11T13:19:14+00:00\",\"dateModified\":\"2024-06-11T13:19:15+00:00\",\"breadcrumb\":{\"@id\":\"https:\/\/jornalfatosenoticias.com.br\/index.php\/2024\/06\/11\/projeto-de-biblioteca-cria-uma-floresta-de-livros-em-sao-paulo\/#breadcrumb\"},\"inLanguage\":\"pt-BR\",\"potentialAction\":[{\"@type\":\"ReadAction\",\"target\":[\"https:\/\/jornalfatosenoticias.com.br\/index.php\/2024\/06\/11\/projeto-de-biblioteca-cria-uma-floresta-de-livros-em-sao-paulo\/\"]}]},{\"@type\":\"ImageObject\",\"inLanguage\":\"pt-BR\",\"@id\":\"https:\/\/jornalfatosenoticias.com.br\/index.php\/2024\/06\/11\/projeto-de-biblioteca-cria-uma-floresta-de-livros-em-sao-paulo\/#primaryimage\",\"url\":\"https:\/\/jornalfatosenoticias.com.br\/wp-content\/uploads\/2024\/06\/biblioteca-graded-school-ciclovivo1.jpg\",\"contentUrl\":\"https:\/\/jornalfatosenoticias.com.br\/wp-content\/uploads\/2024\/06\/biblioteca-graded-school-ciclovivo1.jpg\",\"width\":1000,\"height\":666},{\"@type\":\"BreadcrumbList\",\"@id\":\"https:\/\/jornalfatosenoticias.com.br\/index.php\/2024\/06\/11\/projeto-de-biblioteca-cria-uma-floresta-de-livros-em-sao-paulo\/#breadcrumb\",\"itemListElement\":[{\"@type\":\"ListItem\",\"position\":1,\"name\":\"In\u00edcio\",\"item\":\"https:\/\/jornalfatosenoticias.com.br\/\"},{\"@type\":\"ListItem\",\"position\":2,\"name\":\"Projeto de biblioteca cria uma floresta de livros em S\u00e3o Paulo\"}]},{\"@type\":\"WebSite\",\"@id\":\"https:\/\/jornalfatosenoticias.com.br\/#website\",\"url\":\"https:\/\/jornalfatosenoticias.com.br\/\",\"name\":\"Jornal Fatos e Not\u00edcias\",\"description\":\"Not\u00edcias em geral\",\"publisher\":{\"@id\":\"https:\/\/jornalfatosenoticias.com.br\/#organization\"},\"potentialAction\":[{\"@type\":\"SearchAction\",\"target\":{\"@type\":\"EntryPoint\",\"urlTemplate\":\"https:\/\/jornalfatosenoticias.com.br\/?s={search_term_string}\"},\"query-input\":{\"@type\":\"PropertyValueSpecification\",\"valueRequired\":true,\"valueName\":\"search_term_string\"}}],\"inLanguage\":\"pt-BR\"},{\"@type\":\"Organization\",\"@id\":\"https:\/\/jornalfatosenoticias.com.br\/#organization\",\"name\":\"Jornal Fatos e Not\u00edcias\",\"url\":\"https:\/\/jornalfatosenoticias.com.br\/\",\"logo\":{\"@type\":\"ImageObject\",\"inLanguage\":\"pt-BR\",\"@id\":\"https:\/\/jornalfatosenoticias.com.br\/#\/schema\/logo\/image\/\",\"url\":\"https:\/\/jornalfatosenoticias.com.br\/wp-content\/uploads\/2020\/02\/logo120.png\",\"contentUrl\":\"https:\/\/jornalfatosenoticias.com.br\/wp-content\/uploads\/2020\/02\/logo120.png\",\"width\":1227,\"height\":120,\"caption\":\"Jornal Fatos e Not\u00edcias\"},\"image\":{\"@id\":\"https:\/\/jornalfatosenoticias.com.br\/#\/schema\/logo\/image\/\"}},{\"@type\":\"Person\",\"@id\":\"https:\/\/jornalfatosenoticias.com.br\/#\/schema\/person\/d63837fa13ac8666eb9e74e0985d6f81\",\"name\":\"Luzimara Fernandes\",\"image\":{\"@type\":\"ImageObject\",\"inLanguage\":\"pt-BR\",\"@id\":\"https:\/\/jornalfatosenoticias.com.br\/#\/schema\/person\/image\/\",\"url\":\"https:\/\/jornalfatosenoticias.com.br\/wp-content\/uploads\/2025\/05\/EU_portal.jpg\",\"contentUrl\":\"https:\/\/jornalfatosenoticias.com.br\/wp-content\/uploads\/2025\/05\/EU_portal.jpg\",\"caption\":\"Luzimara Fernandes\"},\"description\":\"Jornalista MTB 2358-ES\",\"sameAs\":[\"https:\/\/jornalfatosenoticias.com.br\"],\"url\":\"https:\/\/jornalfatosenoticias.com.br\/index.php\/author\/luzimara\/\"}]}<\/script>\n<!-- \/ Yoast SEO plugin. -->","yoast_head_json":{"title":"Projeto de biblioteca cria uma floresta de livros em S\u00e3o Paulo - Jornal Fatos e Not\u00edcias","robots":{"index":"index","follow":"follow","max-snippet":"max-snippet:-1","max-image-preview":"max-image-preview:large","max-video-preview":"max-video-preview:-1"},"canonical":"https:\/\/jornalfatosenoticias.com.br\/index.php\/2024\/06\/11\/projeto-de-biblioteca-cria-uma-floresta-de-livros-em-sao-paulo\/","og_locale":"pt_BR","og_type":"article","og_title":"Projeto de biblioteca cria uma floresta de livros em S\u00e3o Paulo - Jornal Fatos e Not\u00edcias","og_description":"Escola na capital paulista ganhou um espa\u00e7o de 470 metros quadrados que estimula a leitura e imagina\u00e7\u00e3o dos alunos Por Natasha Olsen Uma floresta de livros. Esta foi a ideia que deu origem ao projeto da biblioteca da Graded School, escola bil\u00edngue localizada em S\u00e3o Paulo. O est\u00fadio de arquitetura brasileiro MAB3 e a Z\u00e9nite [&hellip;]","og_url":"https:\/\/jornalfatosenoticias.com.br\/index.php\/2024\/06\/11\/projeto-de-biblioteca-cria-uma-floresta-de-livros-em-sao-paulo\/","og_site_name":"Jornal Fatos e Not\u00edcias","article_published_time":"2024-06-11T13:19:14+00:00","article_modified_time":"2024-06-11T13:19:15+00:00","og_image":[{"width":1000,"height":666,"url":"https:\/\/jornalfatosenoticias.com.br\/wp-content\/uploads\/2024\/06\/biblioteca-graded-school-ciclovivo1.jpg","type":"image\/jpeg"}],"author":"Luzimara Fernandes","twitter_card":"summary_large_image","twitter_misc":{"Escrito por":"Luzimara Fernandes","Est. tempo de leitura":"3 minutos"},"schema":{"@context":"https:\/\/schema.org","@graph":[{"@type":"Article","@id":"https:\/\/jornalfatosenoticias.com.br\/index.php\/2024\/06\/11\/projeto-de-biblioteca-cria-uma-floresta-de-livros-em-sao-paulo\/#article","isPartOf":{"@id":"https:\/\/jornalfatosenoticias.com.br\/index.php\/2024\/06\/11\/projeto-de-biblioteca-cria-uma-floresta-de-livros-em-sao-paulo\/"},"author":{"name":"Luzimara Fernandes","@id":"https:\/\/jornalfatosenoticias.com.br\/#\/schema\/person\/d63837fa13ac8666eb9e74e0985d6f81"},"headline":"Projeto de biblioteca cria uma floresta de livros em S\u00e3o Paulo","datePublished":"2024-06-11T13:19:14+00:00","dateModified":"2024-06-11T13:19:15+00:00","mainEntityOfPage":{"@id":"https:\/\/jornalfatosenoticias.com.br\/index.php\/2024\/06\/11\/projeto-de-biblioteca-cria-uma-floresta-de-livros-em-sao-paulo\/"},"wordCount":531,"commentCount":0,"publisher":{"@id":"https:\/\/jornalfatosenoticias.com.br\/#organization"},"image":{"@id":"https:\/\/jornalfatosenoticias.com.br\/index.php\/2024\/06\/11\/projeto-de-biblioteca-cria-uma-floresta-de-livros-em-sao-paulo\/#primaryimage"},"thumbnailUrl":"https:\/\/jornalfatosenoticias.com.br\/wp-content\/uploads\/2024\/06\/biblioteca-graded-school-ciclovivo1.jpg","keywords":["biblioteca","biblioteca de madeira","escola","inspira\u00e7\u00e3o na natureza"],"articleSection":["Arq &amp; Urb"],"inLanguage":"pt-BR","potentialAction":[{"@type":"CommentAction","name":"Comment","target":["https:\/\/jornalfatosenoticias.com.br\/index.php\/2024\/06\/11\/projeto-de-biblioteca-cria-uma-floresta-de-livros-em-sao-paulo\/#respond"]}]},{"@type":"WebPage","@id":"https:\/\/jornalfatosenoticias.com.br\/index.php\/2024\/06\/11\/projeto-de-biblioteca-cria-uma-floresta-de-livros-em-sao-paulo\/","url":"https:\/\/jornalfatosenoticias.com.br\/index.php\/2024\/06\/11\/projeto-de-biblioteca-cria-uma-floresta-de-livros-em-sao-paulo\/","name":"Projeto de biblioteca cria uma floresta de livros em S\u00e3o Paulo - Jornal Fatos e Not\u00edcias","isPartOf":{"@id":"https:\/\/jornalfatosenoticias.com.br\/#website"},"primaryImageOfPage":{"@id":"https:\/\/jornalfatosenoticias.com.br\/index.php\/2024\/06\/11\/projeto-de-biblioteca-cria-uma-floresta-de-livros-em-sao-paulo\/#primaryimage"},"image":{"@id":"https:\/\/jornalfatosenoticias.com.br\/index.php\/2024\/06\/11\/projeto-de-biblioteca-cria-uma-floresta-de-livros-em-sao-paulo\/#primaryimage"},"thumbnailUrl":"https:\/\/jornalfatosenoticias.com.br\/wp-content\/uploads\/2024\/06\/biblioteca-graded-school-ciclovivo1.jpg","datePublished":"2024-06-11T13:19:14+00:00","dateModified":"2024-06-11T13:19:15+00:00","breadcrumb":{"@id":"https:\/\/jornalfatosenoticias.com.br\/index.php\/2024\/06\/11\/projeto-de-biblioteca-cria-uma-floresta-de-livros-em-sao-paulo\/#breadcrumb"},"inLanguage":"pt-BR","potentialAction":[{"@type":"ReadAction","target":["https:\/\/jornalfatosenoticias.com.br\/index.php\/2024\/06\/11\/projeto-de-biblioteca-cria-uma-floresta-de-livros-em-sao-paulo\/"]}]},{"@type":"ImageObject","inLanguage":"pt-BR","@id":"https:\/\/jornalfatosenoticias.com.br\/index.php\/2024\/06\/11\/projeto-de-biblioteca-cria-uma-floresta-de-livros-em-sao-paulo\/#primaryimage","url":"https:\/\/jornalfatosenoticias.com.br\/wp-content\/uploads\/2024\/06\/biblioteca-graded-school-ciclovivo1.jpg","contentUrl":"https:\/\/jornalfatosenoticias.com.br\/wp-content\/uploads\/2024\/06\/biblioteca-graded-school-ciclovivo1.jpg","width":1000,"height":666},{"@type":"BreadcrumbList","@id":"https:\/\/jornalfatosenoticias.com.br\/index.php\/2024\/06\/11\/projeto-de-biblioteca-cria-uma-floresta-de-livros-em-sao-paulo\/#breadcrumb","itemListElement":[{"@type":"ListItem","position":1,"name":"In\u00edcio","item":"https:\/\/jornalfatosenoticias.com.br\/"},{"@type":"ListItem","position":2,"name":"Projeto de biblioteca cria uma floresta de livros em S\u00e3o Paulo"}]},{"@type":"WebSite","@id":"https:\/\/jornalfatosenoticias.com.br\/#website","url":"https:\/\/jornalfatosenoticias.com.br\/","name":"Jornal Fatos e Not\u00edcias","description":"Not\u00edcias em geral","publisher":{"@id":"https:\/\/jornalfatosenoticias.com.br\/#organization"},"potentialAction":[{"@type":"SearchAction","target":{"@type":"EntryPoint","urlTemplate":"https:\/\/jornalfatosenoticias.com.br\/?s={search_term_string}"},"query-input":{"@type":"PropertyValueSpecification","valueRequired":true,"valueName":"search_term_string"}}],"inLanguage":"pt-BR"},{"@type":"Organization","@id":"https:\/\/jornalfatosenoticias.com.br\/#organization","name":"Jornal Fatos e Not\u00edcias","url":"https:\/\/jornalfatosenoticias.com.br\/","logo":{"@type":"ImageObject","inLanguage":"pt-BR","@id":"https:\/\/jornalfatosenoticias.com.br\/#\/schema\/logo\/image\/","url":"https:\/\/jornalfatosenoticias.com.br\/wp-content\/uploads\/2020\/02\/logo120.png","contentUrl":"https:\/\/jornalfatosenoticias.com.br\/wp-content\/uploads\/2020\/02\/logo120.png","width":1227,"height":120,"caption":"Jornal Fatos e Not\u00edcias"},"image":{"@id":"https:\/\/jornalfatosenoticias.com.br\/#\/schema\/logo\/image\/"}},{"@type":"Person","@id":"https:\/\/jornalfatosenoticias.com.br\/#\/schema\/person\/d63837fa13ac8666eb9e74e0985d6f81","name":"Luzimara Fernandes","image":{"@type":"ImageObject","inLanguage":"pt-BR","@id":"https:\/\/jornalfatosenoticias.com.br\/#\/schema\/person\/image\/","url":"https:\/\/jornalfatosenoticias.com.br\/wp-content\/uploads\/2025\/05\/EU_portal.jpg","contentUrl":"https:\/\/jornalfatosenoticias.com.br\/wp-content\/uploads\/2025\/05\/EU_portal.jpg","caption":"Luzimara Fernandes"},"description":"Jornalista MTB 2358-ES","sameAs":["https:\/\/jornalfatosenoticias.com.br"],"url":"https:\/\/jornalfatosenoticias.com.br\/index.php\/author\/luzimara\/"}]}},"cc_featured_image_caption":{"caption_text":"(Foto: CicloVivo\/Reprodu\u00e7\u00e3o) ","source_text":"","source_url":""},"jetpack_featured_media_url":"https:\/\/jornalfatosenoticias.com.br\/wp-content\/uploads\/2024\/06\/biblioteca-graded-school-ciclovivo1.jpg","_links":{"self":[{"href":"https:\/\/jornalfatosenoticias.com.br\/index.php\/wp-json\/wp\/v2\/posts\/51855","targetHints":{"allow":["GET"]}}],"collection":[{"href":"https:\/\/jornalfatosenoticias.com.br\/index.php\/wp-json\/wp\/v2\/posts"}],"about":[{"href":"https:\/\/jornalfatosenoticias.com.br\/index.php\/wp-json\/wp\/v2\/types\/post"}],"author":[{"embeddable":true,"href":"https:\/\/jornalfatosenoticias.com.br\/index.php\/wp-json\/wp\/v2\/users\/2"}],"replies":[{"embeddable":true,"href":"https:\/\/jornalfatosenoticias.com.br\/index.php\/wp-json\/wp\/v2\/comments?post=51855"}],"version-history":[{"count":0,"href":"https:\/\/jornalfatosenoticias.com.br\/index.php\/wp-json\/wp\/v2\/posts\/51855\/revisions"}],"wp:featuredmedia":[{"embeddable":true,"href":"https:\/\/jornalfatosenoticias.com.br\/index.php\/wp-json\/wp\/v2\/media\/51857"}],"wp:attachment":[{"href":"https:\/\/jornalfatosenoticias.com.br\/index.php\/wp-json\/wp\/v2\/media?parent=51855"}],"wp:term":[{"taxonomy":"category","embeddable":true,"href":"https:\/\/jornalfatosenoticias.com.br\/index.php\/wp-json\/wp\/v2\/categories?post=51855"},{"taxonomy":"post_tag","embeddable":true,"href":"https:\/\/jornalfatosenoticias.com.br\/index.php\/wp-json\/wp\/v2\/tags?post=51855"}],"curies":[{"name":"wp","href":"https:\/\/api.w.org\/{rel}","templated":true}]}}