{"id":51875,"date":"2024-06-11T14:15:45","date_gmt":"2024-06-11T17:15:45","guid":{"rendered":"https:\/\/jornalfatosenoticias.com.br\/?p=51875"},"modified":"2024-06-11T14:16:15","modified_gmt":"2024-06-11T17:16:15","slug":"argentina-analisara-individualmente-cada-pedido-de-asilo-de-investigados-pelo-8-1","status":"publish","type":"post","link":"https:\/\/jornalfatosenoticias.com.br\/index.php\/2024\/06\/11\/argentina-analisara-individualmente-cada-pedido-de-asilo-de-investigados-pelo-8-1\/","title":{"rendered":"Argentina analisar\u00e1 individualmente cada pedido de asilo de investigados pelo 8\/1&nbsp;"},"content":{"rendered":"\n<p><em><span class=\"has-inline-color has-black-color\">Porta-voz da presid\u00eancia argentina, Manuel Adorni<\/span><\/em><\/p>\n\n\n\n<p><span class=\"has-inline-color has-black-color\">Por <strong><a href=\"https:\/\/www.gazetadopovo.com.br\/autor\/diogenes-freire-feitosa\/\">Di\u00f3genes Freire Feitosa<\/a><\/strong><\/span><\/p>\n\n\n\n<div class=\"wp-block-image\"><figure class=\"aligncenter size-large is-resized\"><img loading=\"lazy\" decoding=\"async\" src=\"https:\/\/jornalfatosenoticias.com.br\/wp-content\/uploads\/2023\/09\/vetorvix1024_1.jpg\" alt=\"\" class=\"wp-image-44868\" width=\"501\" height=\"133\" srcset=\"https:\/\/jornalfatosenoticias.com.br\/wp-content\/uploads\/2023\/09\/vetorvix1024_1.jpg 1024w, https:\/\/jornalfatosenoticias.com.br\/wp-content\/uploads\/2023\/09\/vetorvix1024_1-300x80.jpg 300w, https:\/\/jornalfatosenoticias.com.br\/wp-content\/uploads\/2023\/09\/vetorvix1024_1-768x205.jpg 768w\" sizes=\"auto, (max-width: 501px) 100vw, 501px\" \/><\/figure><\/div>\n\n\n\n<p>O porta-voz do governo da Argentina, Manuel Adorni, disse que os pedidos de asilo formulados por supostos envolvidos nos atos do dia 8 de Janeiro, em Bras\u00edlia, ser\u00e3o analisados individualmente. A declara\u00e7\u00e3o foi dada durante entrevista coletiva concedida pelo porta-voz, nesta segunda-feira (10). Na ocasi\u00e3o, Adorni foi questionado por um rep\u00f3rter da CNN Brasil se o governo argentino daria ref\u00fagio aos acusados. De acordo com o jornal Clar\u00edn, entre 60 e 100 investigados pediram asilo pol\u00edtico ao governo argentino.<\/p>\n\n\n\n<blockquote class=\"wp-block-quote is-layout-flow wp-block-quote-is-layout-flow\"><p><span class=\"has-inline-color has-luminous-vivid-orange-color\">Escapa a n\u00f3s essa decis\u00e3o, entendo que [para a concess\u00e3o de ref\u00fagio] precisam ser cumpridas determinadas condi\u00e7\u00f5es, que se ver\u00e1 em cada caso se s\u00e3o cumpridas ou n\u00e3o e se isso \u00e9 fact\u00edvel [\u2026] Se efetivamente houver na Argentina criminosos no sentido que voc\u00ea [rep\u00f3rter da CNN] menciona, o caminho legal correspondente ser\u00e1 seguido\u201d, disse Adorni.<\/span><\/p><\/blockquote>\n\n\n\n<div class=\"wp-block-image\"><figure class=\"aligncenter size-large is-resized\"><img loading=\"lazy\" decoding=\"async\" src=\"https:\/\/jornalfatosenoticias.com.br\/wp-content\/uploads\/2023\/03\/nova-logo-Marquetti.jpg\" alt=\"\" class=\"wp-image-40207\" width=\"319\" height=\"214\" srcset=\"https:\/\/jornalfatosenoticias.com.br\/wp-content\/uploads\/2023\/03\/nova-logo-Marquetti.jpg 643w, https:\/\/jornalfatosenoticias.com.br\/wp-content\/uploads\/2023\/03\/nova-logo-Marquetti-300x202.jpg 300w\" sizes=\"auto, (max-width: 319px) 100vw, 319px\" \/><\/figure><\/div>\n\n\n\n<p>Segundo o jornal Clar\u00edn, os pedidos de asilo teriam sido apresentados depois que esses suspeitos souberam que a Justi\u00e7a brasileira iria solicitar sua captura internacional. De acordo com o jornal argentino, o Brasil enviou, por meio de sua embaixada em Buenos Aires, uma lista com nomes de 143 procurados pela Justi\u00e7a brasileira pelo 8 de janeiro e pediu ao governo Milei que informasse quantas delas est\u00e3o no pa\u00eds, provavelmente para que depois seja solicitada a extradi\u00e7\u00e3o delas.&nbsp;<\/p>\n\n\n\n<div class=\"wp-block-image\"><figure class=\"aligncenter size-large is-resized\"><img loading=\"lazy\" decoding=\"async\" src=\"https:\/\/jornalfatosenoticias.com.br\/wp-content\/uploads\/2020\/02\/logo_esteio.jpg\" alt=\"\" class=\"wp-image-1214\" width=\"309\" height=\"257\"\/><\/figure><\/div>\n\n\n\n<blockquote class=\"wp-block-quote is-layout-flow wp-block-quote-is-layout-flow\"><p><span class=\"has-inline-color has-luminous-vivid-orange-color\">Antecipadamente ou previamente n\u00e3o \u00e9 poss\u00edvel tomar nenhuma decis\u00e3o al\u00e9m de nos apegarmos especificamente ao que a lei e quest\u00f5es internacionais em termos de seguran\u00e7a determinam [\u2026] A Argentina vai fazer tudo o que a lei indica que deve fazer e se isso significa passar informa\u00e7\u00e3o, far\u00e1 isso, claro\u201d, disse Adorni sobre a solicita\u00e7\u00e3o do governo brasileiro.<\/span><\/p><\/blockquote>\n\n\n\n<div class=\"wp-block-image\"><figure class=\"aligncenter size-large is-resized\"><img loading=\"lazy\" decoding=\"async\" src=\"https:\/\/jornalfatosenoticias.com.br\/wp-content\/uploads\/2023\/03\/logo-Panper_portal.jpg\" alt=\"\" class=\"wp-image-40208\" width=\"299\" height=\"207\" srcset=\"https:\/\/jornalfatosenoticias.com.br\/wp-content\/uploads\/2023\/03\/logo-Panper_portal.jpg 400w, https:\/\/jornalfatosenoticias.com.br\/wp-content\/uploads\/2023\/03\/logo-Panper_portal-300x208.jpg 300w\" sizes=\"auto, (max-width: 299px) 100vw, 299px\" \/><\/figure><\/div>\n\n\n\n<p>No s\u00e1bado (8), a ministra de Seguran\u00e7a da Argentina, Patricia Bullrich, afirmou que n\u00e3o tem informa\u00e7\u00f5es sobre os brasileiros considerados foragidos por suposta participa\u00e7\u00e3o nos atos de 8 de janeiro de 2023. Na semana passada, a Pol\u00edcia Federal deflagrou uma nova fase da Opera\u00e7\u00e3o Lesa P\u00e1tria e apontou que mais de 60 brasileiros teriam fugido para o pa\u00eds vizinho para evitar puni\u00e7\u00f5es.&nbsp;<\/p>\n\n\n\n<div class=\"wp-block-image\"><figure class=\"aligncenter size-large\"><img loading=\"lazy\" decoding=\"async\" width=\"300\" height=\"250\" src=\"https:\/\/jornalfatosenoticias.com.br\/wp-content\/uploads\/2020\/02\/Banner-2.png\" alt=\"\" class=\"wp-image-43787\"\/><\/figure><\/div>\n\n\n\n<p><strong><em>Fonte: <a href=\"https:\/\/www.gazetadopovo.com.br\/vida-e-cidadania\/argentina-analisara-individualmente-cada-pedido-de-asilo-de-investigados-pelo-8-1\/\">Gazeta do Povo<\/a><\/em><\/strong><\/p>\n","protected":false},"excerpt":{"rendered":"<p>Porta-voz da presid\u00eancia argentina, Manuel Adorni Por Di\u00f3genes Freire Feitosa O porta-voz do governo da Argentina, Manuel Adorni, disse que os pedidos de asilo formulados por supostos envolvidos nos atos do dia 8 de Janeiro, em Bras\u00edlia, ser\u00e3o analisados individualmente. A declara\u00e7\u00e3o foi dada durante entrevista coletiva concedida pelo porta-voz, nesta segunda-feira (10). Na ocasi\u00e3o, [&hellip;]<\/p>\n","protected":false},"author":2,"featured_media":51876,"comment_status":"open","ping_status":"open","sticky":false,"template":"","format":"standard","meta":{"footnotes":""},"categories":[41],"tags":[18055,5995,23741,23742,23740],"class_list":["post-51875","post","type-post","status-publish","format-standard","has-post-thumbnail","hentry","category-internacional","tag-8-de-janeiro","tag-argentina","tag-manuel-adorni","tag-operacao-lesa-patria","tag-pedidos-de-asilo"],"yoast_head":"<!-- This site is optimized with the Yoast SEO plugin v26.5 - https:\/\/yoast.com\/wordpress\/plugins\/seo\/ -->\n<title>Argentina analisar\u00e1 individualmente cada pedido de asilo de investigados pelo 8\/1&nbsp; - Jornal Fatos e Not\u00edcias<\/title>\n<meta name=\"robots\" content=\"index, follow, max-snippet:-1, max-image-preview:large, max-video-preview:-1\" \/>\n<link rel=\"canonical\" href=\"https:\/\/jornalfatosenoticias.com.br\/index.php\/2024\/06\/11\/argentina-analisara-individualmente-cada-pedido-de-asilo-de-investigados-pelo-8-1\/\" \/>\n<meta property=\"og:locale\" content=\"pt_BR\" \/>\n<meta property=\"og:type\" content=\"article\" \/>\n<meta property=\"og:title\" content=\"Argentina analisar\u00e1 individualmente cada pedido de asilo de investigados pelo 8\/1&nbsp; - Jornal Fatos e Not\u00edcias\" \/>\n<meta property=\"og:description\" content=\"Porta-voz da presid\u00eancia argentina, Manuel Adorni Por Di\u00f3genes Freire Feitosa O porta-voz do governo da Argentina, Manuel Adorni, disse que os pedidos de asilo formulados por supostos envolvidos nos atos do dia 8 de Janeiro, em Bras\u00edlia, ser\u00e3o analisados individualmente. A declara\u00e7\u00e3o foi dada durante entrevista coletiva concedida pelo porta-voz, nesta segunda-feira (10). Na ocasi\u00e3o, [&hellip;]\" \/>\n<meta property=\"og:url\" content=\"https:\/\/jornalfatosenoticias.com.br\/index.php\/2024\/06\/11\/argentina-analisara-individualmente-cada-pedido-de-asilo-de-investigados-pelo-8-1\/\" \/>\n<meta property=\"og:site_name\" content=\"Jornal Fatos e Not\u00edcias\" \/>\n<meta property=\"article:published_time\" content=\"2024-06-11T17:15:45+00:00\" \/>\n<meta property=\"article:modified_time\" content=\"2024-06-11T17:16:15+00:00\" \/>\n<meta property=\"og:image\" content=\"https:\/\/jornalfatosenoticias.com.br\/wp-content\/uploads\/2024\/06\/Manuel-Adorni_gettyimages.jpg\" \/>\n\t<meta property=\"og:image:width\" content=\"612\" \/>\n\t<meta property=\"og:image:height\" content=\"408\" \/>\n\t<meta property=\"og:image:type\" content=\"image\/jpeg\" \/>\n<meta name=\"author\" content=\"Luzimara Fernandes\" \/>\n<meta name=\"twitter:card\" content=\"summary_large_image\" \/>\n<meta name=\"twitter:label1\" content=\"Escrito por\" \/>\n\t<meta name=\"twitter:data1\" content=\"Luzimara Fernandes\" \/>\n\t<meta name=\"twitter:label2\" content=\"Est. tempo de leitura\" \/>\n\t<meta name=\"twitter:data2\" content=\"2 minutos\" \/>\n<script type=\"application\/ld+json\" class=\"yoast-schema-graph\">{\"@context\":\"https:\/\/schema.org\",\"@graph\":[{\"@type\":\"Article\",\"@id\":\"https:\/\/jornalfatosenoticias.com.br\/index.php\/2024\/06\/11\/argentina-analisara-individualmente-cada-pedido-de-asilo-de-investigados-pelo-8-1\/#article\",\"isPartOf\":{\"@id\":\"https:\/\/jornalfatosenoticias.com.br\/index.php\/2024\/06\/11\/argentina-analisara-individualmente-cada-pedido-de-asilo-de-investigados-pelo-8-1\/\"},\"author\":{\"name\":\"Luzimara Fernandes\",\"@id\":\"https:\/\/jornalfatosenoticias.com.br\/#\/schema\/person\/d63837fa13ac8666eb9e74e0985d6f81\"},\"headline\":\"Argentina analisar\u00e1 individualmente cada pedido de asilo de investigados pelo 8\/1&nbsp;\",\"datePublished\":\"2024-06-11T17:15:45+00:00\",\"dateModified\":\"2024-06-11T17:16:15+00:00\",\"mainEntityOfPage\":{\"@id\":\"https:\/\/jornalfatosenoticias.com.br\/index.php\/2024\/06\/11\/argentina-analisara-individualmente-cada-pedido-de-asilo-de-investigados-pelo-8-1\/\"},\"wordCount\":387,\"commentCount\":0,\"publisher\":{\"@id\":\"https:\/\/jornalfatosenoticias.com.br\/#organization\"},\"image\":{\"@id\":\"https:\/\/jornalfatosenoticias.com.br\/index.php\/2024\/06\/11\/argentina-analisara-individualmente-cada-pedido-de-asilo-de-investigados-pelo-8-1\/#primaryimage\"},\"thumbnailUrl\":\"https:\/\/jornalfatosenoticias.com.br\/wp-content\/uploads\/2024\/06\/Manuel-Adorni_gettyimages.jpg\",\"keywords\":[\"8 de janeiro\",\"Argentina\",\"Manuel Adorni\",\"Opera\u00e7\u00e3o Lesa P\u00e1tria\",\"pedidos de asilo\"],\"articleSection\":[\"Internacional\"],\"inLanguage\":\"pt-BR\",\"potentialAction\":[{\"@type\":\"CommentAction\",\"name\":\"Comment\",\"target\":[\"https:\/\/jornalfatosenoticias.com.br\/index.php\/2024\/06\/11\/argentina-analisara-individualmente-cada-pedido-de-asilo-de-investigados-pelo-8-1\/#respond\"]}]},{\"@type\":\"WebPage\",\"@id\":\"https:\/\/jornalfatosenoticias.com.br\/index.php\/2024\/06\/11\/argentina-analisara-individualmente-cada-pedido-de-asilo-de-investigados-pelo-8-1\/\",\"url\":\"https:\/\/jornalfatosenoticias.com.br\/index.php\/2024\/06\/11\/argentina-analisara-individualmente-cada-pedido-de-asilo-de-investigados-pelo-8-1\/\",\"name\":\"Argentina analisar\u00e1 individualmente cada pedido de asilo de investigados pelo 8\/1&nbsp; - Jornal Fatos e Not\u00edcias\",\"isPartOf\":{\"@id\":\"https:\/\/jornalfatosenoticias.com.br\/#website\"},\"primaryImageOfPage\":{\"@id\":\"https:\/\/jornalfatosenoticias.com.br\/index.php\/2024\/06\/11\/argentina-analisara-individualmente-cada-pedido-de-asilo-de-investigados-pelo-8-1\/#primaryimage\"},\"image\":{\"@id\":\"https:\/\/jornalfatosenoticias.com.br\/index.php\/2024\/06\/11\/argentina-analisara-individualmente-cada-pedido-de-asilo-de-investigados-pelo-8-1\/#primaryimage\"},\"thumbnailUrl\":\"https:\/\/jornalfatosenoticias.com.br\/wp-content\/uploads\/2024\/06\/Manuel-Adorni_gettyimages.jpg\",\"datePublished\":\"2024-06-11T17:15:45+00:00\",\"dateModified\":\"2024-06-11T17:16:15+00:00\",\"breadcrumb\":{\"@id\":\"https:\/\/jornalfatosenoticias.com.br\/index.php\/2024\/06\/11\/argentina-analisara-individualmente-cada-pedido-de-asilo-de-investigados-pelo-8-1\/#breadcrumb\"},\"inLanguage\":\"pt-BR\",\"potentialAction\":[{\"@type\":\"ReadAction\",\"target\":[\"https:\/\/jornalfatosenoticias.com.br\/index.php\/2024\/06\/11\/argentina-analisara-individualmente-cada-pedido-de-asilo-de-investigados-pelo-8-1\/\"]}]},{\"@type\":\"ImageObject\",\"inLanguage\":\"pt-BR\",\"@id\":\"https:\/\/jornalfatosenoticias.com.br\/index.php\/2024\/06\/11\/argentina-analisara-individualmente-cada-pedido-de-asilo-de-investigados-pelo-8-1\/#primaryimage\",\"url\":\"https:\/\/jornalfatosenoticias.com.br\/wp-content\/uploads\/2024\/06\/Manuel-Adorni_gettyimages.jpg\",\"contentUrl\":\"https:\/\/jornalfatosenoticias.com.br\/wp-content\/uploads\/2024\/06\/Manuel-Adorni_gettyimages.jpg\",\"width\":612,\"height\":408,\"caption\":\"Argentina's presidential spokesman Manuel Adorni delivers a press conference at Casa Rosada presidential palace in Buenos Aires on December 11, 2023. Argentina's President Javier Milei took office Sunday with a stark warning to citizens to brace themselves for painful austerity measures as he seeks to cut spending and curb triple-digit inflation, all with empty coffers. (Photo by Luis ROBAYO \/ AFP) (Photo by LUIS ROBAYO\/AFP via Getty Images)\"},{\"@type\":\"BreadcrumbList\",\"@id\":\"https:\/\/jornalfatosenoticias.com.br\/index.php\/2024\/06\/11\/argentina-analisara-individualmente-cada-pedido-de-asilo-de-investigados-pelo-8-1\/#breadcrumb\",\"itemListElement\":[{\"@type\":\"ListItem\",\"position\":1,\"name\":\"In\u00edcio\",\"item\":\"https:\/\/jornalfatosenoticias.com.br\/\"},{\"@type\":\"ListItem\",\"position\":2,\"name\":\"Argentina analisar\u00e1 individualmente cada pedido de asilo de investigados pelo 8\/1&nbsp;\"}]},{\"@type\":\"WebSite\",\"@id\":\"https:\/\/jornalfatosenoticias.com.br\/#website\",\"url\":\"https:\/\/jornalfatosenoticias.com.br\/\",\"name\":\"Jornal Fatos e Not\u00edcias\",\"description\":\"Not\u00edcias em geral\",\"publisher\":{\"@id\":\"https:\/\/jornalfatosenoticias.com.br\/#organization\"},\"potentialAction\":[{\"@type\":\"SearchAction\",\"target\":{\"@type\":\"EntryPoint\",\"urlTemplate\":\"https:\/\/jornalfatosenoticias.com.br\/?s={search_term_string}\"},\"query-input\":{\"@type\":\"PropertyValueSpecification\",\"valueRequired\":true,\"valueName\":\"search_term_string\"}}],\"inLanguage\":\"pt-BR\"},{\"@type\":\"Organization\",\"@id\":\"https:\/\/jornalfatosenoticias.com.br\/#organization\",\"name\":\"Jornal Fatos e Not\u00edcias\",\"url\":\"https:\/\/jornalfatosenoticias.com.br\/\",\"logo\":{\"@type\":\"ImageObject\",\"inLanguage\":\"pt-BR\",\"@id\":\"https:\/\/jornalfatosenoticias.com.br\/#\/schema\/logo\/image\/\",\"url\":\"https:\/\/jornalfatosenoticias.com.br\/wp-content\/uploads\/2020\/02\/logo120.png\",\"contentUrl\":\"https:\/\/jornalfatosenoticias.com.br\/wp-content\/uploads\/2020\/02\/logo120.png\",\"width\":1227,\"height\":120,\"caption\":\"Jornal Fatos e Not\u00edcias\"},\"image\":{\"@id\":\"https:\/\/jornalfatosenoticias.com.br\/#\/schema\/logo\/image\/\"}},{\"@type\":\"Person\",\"@id\":\"https:\/\/jornalfatosenoticias.com.br\/#\/schema\/person\/d63837fa13ac8666eb9e74e0985d6f81\",\"name\":\"Luzimara Fernandes\",\"image\":{\"@type\":\"ImageObject\",\"inLanguage\":\"pt-BR\",\"@id\":\"https:\/\/jornalfatosenoticias.com.br\/#\/schema\/person\/image\/\",\"url\":\"https:\/\/jornalfatosenoticias.com.br\/wp-content\/uploads\/2025\/05\/EU_portal.jpg\",\"contentUrl\":\"https:\/\/jornalfatosenoticias.com.br\/wp-content\/uploads\/2025\/05\/EU_portal.jpg\",\"caption\":\"Luzimara Fernandes\"},\"description\":\"Jornalista MTB 2358-ES\",\"sameAs\":[\"https:\/\/jornalfatosenoticias.com.br\"],\"url\":\"https:\/\/jornalfatosenoticias.com.br\/index.php\/author\/luzimara\/\"}]}<\/script>\n<!-- \/ Yoast SEO plugin. -->","yoast_head_json":{"title":"Argentina analisar\u00e1 individualmente cada pedido de asilo de investigados pelo 8\/1&nbsp; - Jornal Fatos e Not\u00edcias","robots":{"index":"index","follow":"follow","max-snippet":"max-snippet:-1","max-image-preview":"max-image-preview:large","max-video-preview":"max-video-preview:-1"},"canonical":"https:\/\/jornalfatosenoticias.com.br\/index.php\/2024\/06\/11\/argentina-analisara-individualmente-cada-pedido-de-asilo-de-investigados-pelo-8-1\/","og_locale":"pt_BR","og_type":"article","og_title":"Argentina analisar\u00e1 individualmente cada pedido de asilo de investigados pelo 8\/1&nbsp; - Jornal Fatos e Not\u00edcias","og_description":"Porta-voz da presid\u00eancia argentina, Manuel Adorni Por Di\u00f3genes Freire Feitosa O porta-voz do governo da Argentina, Manuel Adorni, disse que os pedidos de asilo formulados por supostos envolvidos nos atos do dia 8 de Janeiro, em Bras\u00edlia, ser\u00e3o analisados individualmente. A declara\u00e7\u00e3o foi dada durante entrevista coletiva concedida pelo porta-voz, nesta segunda-feira (10). Na ocasi\u00e3o, [&hellip;]","og_url":"https:\/\/jornalfatosenoticias.com.br\/index.php\/2024\/06\/11\/argentina-analisara-individualmente-cada-pedido-de-asilo-de-investigados-pelo-8-1\/","og_site_name":"Jornal Fatos e Not\u00edcias","article_published_time":"2024-06-11T17:15:45+00:00","article_modified_time":"2024-06-11T17:16:15+00:00","og_image":[{"width":612,"height":408,"url":"https:\/\/jornalfatosenoticias.com.br\/wp-content\/uploads\/2024\/06\/Manuel-Adorni_gettyimages.jpg","type":"image\/jpeg"}],"author":"Luzimara Fernandes","twitter_card":"summary_large_image","twitter_misc":{"Escrito por":"Luzimara Fernandes","Est. tempo de leitura":"2 minutos"},"schema":{"@context":"https:\/\/schema.org","@graph":[{"@type":"Article","@id":"https:\/\/jornalfatosenoticias.com.br\/index.php\/2024\/06\/11\/argentina-analisara-individualmente-cada-pedido-de-asilo-de-investigados-pelo-8-1\/#article","isPartOf":{"@id":"https:\/\/jornalfatosenoticias.com.br\/index.php\/2024\/06\/11\/argentina-analisara-individualmente-cada-pedido-de-asilo-de-investigados-pelo-8-1\/"},"author":{"name":"Luzimara Fernandes","@id":"https:\/\/jornalfatosenoticias.com.br\/#\/schema\/person\/d63837fa13ac8666eb9e74e0985d6f81"},"headline":"Argentina analisar\u00e1 individualmente cada pedido de asilo de investigados pelo 8\/1&nbsp;","datePublished":"2024-06-11T17:15:45+00:00","dateModified":"2024-06-11T17:16:15+00:00","mainEntityOfPage":{"@id":"https:\/\/jornalfatosenoticias.com.br\/index.php\/2024\/06\/11\/argentina-analisara-individualmente-cada-pedido-de-asilo-de-investigados-pelo-8-1\/"},"wordCount":387,"commentCount":0,"publisher":{"@id":"https:\/\/jornalfatosenoticias.com.br\/#organization"},"image":{"@id":"https:\/\/jornalfatosenoticias.com.br\/index.php\/2024\/06\/11\/argentina-analisara-individualmente-cada-pedido-de-asilo-de-investigados-pelo-8-1\/#primaryimage"},"thumbnailUrl":"https:\/\/jornalfatosenoticias.com.br\/wp-content\/uploads\/2024\/06\/Manuel-Adorni_gettyimages.jpg","keywords":["8 de janeiro","Argentina","Manuel Adorni","Opera\u00e7\u00e3o Lesa P\u00e1tria","pedidos de asilo"],"articleSection":["Internacional"],"inLanguage":"pt-BR","potentialAction":[{"@type":"CommentAction","name":"Comment","target":["https:\/\/jornalfatosenoticias.com.br\/index.php\/2024\/06\/11\/argentina-analisara-individualmente-cada-pedido-de-asilo-de-investigados-pelo-8-1\/#respond"]}]},{"@type":"WebPage","@id":"https:\/\/jornalfatosenoticias.com.br\/index.php\/2024\/06\/11\/argentina-analisara-individualmente-cada-pedido-de-asilo-de-investigados-pelo-8-1\/","url":"https:\/\/jornalfatosenoticias.com.br\/index.php\/2024\/06\/11\/argentina-analisara-individualmente-cada-pedido-de-asilo-de-investigados-pelo-8-1\/","name":"Argentina analisar\u00e1 individualmente cada pedido de asilo de investigados pelo 8\/1&nbsp; - Jornal Fatos e Not\u00edcias","isPartOf":{"@id":"https:\/\/jornalfatosenoticias.com.br\/#website"},"primaryImageOfPage":{"@id":"https:\/\/jornalfatosenoticias.com.br\/index.php\/2024\/06\/11\/argentina-analisara-individualmente-cada-pedido-de-asilo-de-investigados-pelo-8-1\/#primaryimage"},"image":{"@id":"https:\/\/jornalfatosenoticias.com.br\/index.php\/2024\/06\/11\/argentina-analisara-individualmente-cada-pedido-de-asilo-de-investigados-pelo-8-1\/#primaryimage"},"thumbnailUrl":"https:\/\/jornalfatosenoticias.com.br\/wp-content\/uploads\/2024\/06\/Manuel-Adorni_gettyimages.jpg","datePublished":"2024-06-11T17:15:45+00:00","dateModified":"2024-06-11T17:16:15+00:00","breadcrumb":{"@id":"https:\/\/jornalfatosenoticias.com.br\/index.php\/2024\/06\/11\/argentina-analisara-individualmente-cada-pedido-de-asilo-de-investigados-pelo-8-1\/#breadcrumb"},"inLanguage":"pt-BR","potentialAction":[{"@type":"ReadAction","target":["https:\/\/jornalfatosenoticias.com.br\/index.php\/2024\/06\/11\/argentina-analisara-individualmente-cada-pedido-de-asilo-de-investigados-pelo-8-1\/"]}]},{"@type":"ImageObject","inLanguage":"pt-BR","@id":"https:\/\/jornalfatosenoticias.com.br\/index.php\/2024\/06\/11\/argentina-analisara-individualmente-cada-pedido-de-asilo-de-investigados-pelo-8-1\/#primaryimage","url":"https:\/\/jornalfatosenoticias.com.br\/wp-content\/uploads\/2024\/06\/Manuel-Adorni_gettyimages.jpg","contentUrl":"https:\/\/jornalfatosenoticias.com.br\/wp-content\/uploads\/2024\/06\/Manuel-Adorni_gettyimages.jpg","width":612,"height":408,"caption":"Argentina's presidential spokesman Manuel Adorni delivers a press conference at Casa Rosada presidential palace in Buenos Aires on December 11, 2023. Argentina's President Javier Milei took office Sunday with a stark warning to citizens to brace themselves for painful austerity measures as he seeks to cut spending and curb triple-digit inflation, all with empty coffers. (Photo by Luis ROBAYO \/ AFP) (Photo by LUIS ROBAYO\/AFP via Getty Images)"},{"@type":"BreadcrumbList","@id":"https:\/\/jornalfatosenoticias.com.br\/index.php\/2024\/06\/11\/argentina-analisara-individualmente-cada-pedido-de-asilo-de-investigados-pelo-8-1\/#breadcrumb","itemListElement":[{"@type":"ListItem","position":1,"name":"In\u00edcio","item":"https:\/\/jornalfatosenoticias.com.br\/"},{"@type":"ListItem","position":2,"name":"Argentina analisar\u00e1 individualmente cada pedido de asilo de investigados pelo 8\/1&nbsp;"}]},{"@type":"WebSite","@id":"https:\/\/jornalfatosenoticias.com.br\/#website","url":"https:\/\/jornalfatosenoticias.com.br\/","name":"Jornal Fatos e Not\u00edcias","description":"Not\u00edcias em geral","publisher":{"@id":"https:\/\/jornalfatosenoticias.com.br\/#organization"},"potentialAction":[{"@type":"SearchAction","target":{"@type":"EntryPoint","urlTemplate":"https:\/\/jornalfatosenoticias.com.br\/?s={search_term_string}"},"query-input":{"@type":"PropertyValueSpecification","valueRequired":true,"valueName":"search_term_string"}}],"inLanguage":"pt-BR"},{"@type":"Organization","@id":"https:\/\/jornalfatosenoticias.com.br\/#organization","name":"Jornal Fatos e Not\u00edcias","url":"https:\/\/jornalfatosenoticias.com.br\/","logo":{"@type":"ImageObject","inLanguage":"pt-BR","@id":"https:\/\/jornalfatosenoticias.com.br\/#\/schema\/logo\/image\/","url":"https:\/\/jornalfatosenoticias.com.br\/wp-content\/uploads\/2020\/02\/logo120.png","contentUrl":"https:\/\/jornalfatosenoticias.com.br\/wp-content\/uploads\/2020\/02\/logo120.png","width":1227,"height":120,"caption":"Jornal Fatos e Not\u00edcias"},"image":{"@id":"https:\/\/jornalfatosenoticias.com.br\/#\/schema\/logo\/image\/"}},{"@type":"Person","@id":"https:\/\/jornalfatosenoticias.com.br\/#\/schema\/person\/d63837fa13ac8666eb9e74e0985d6f81","name":"Luzimara Fernandes","image":{"@type":"ImageObject","inLanguage":"pt-BR","@id":"https:\/\/jornalfatosenoticias.com.br\/#\/schema\/person\/image\/","url":"https:\/\/jornalfatosenoticias.com.br\/wp-content\/uploads\/2025\/05\/EU_portal.jpg","contentUrl":"https:\/\/jornalfatosenoticias.com.br\/wp-content\/uploads\/2025\/05\/EU_portal.jpg","caption":"Luzimara Fernandes"},"description":"Jornalista MTB 2358-ES","sameAs":["https:\/\/jornalfatosenoticias.com.br"],"url":"https:\/\/jornalfatosenoticias.com.br\/index.php\/author\/luzimara\/"}]}},"cc_featured_image_caption":{"caption_text":"(Foto: Getty Images) ","source_text":"","source_url":""},"jetpack_featured_media_url":"https:\/\/jornalfatosenoticias.com.br\/wp-content\/uploads\/2024\/06\/Manuel-Adorni_gettyimages.jpg","_links":{"self":[{"href":"https:\/\/jornalfatosenoticias.com.br\/index.php\/wp-json\/wp\/v2\/posts\/51875","targetHints":{"allow":["GET"]}}],"collection":[{"href":"https:\/\/jornalfatosenoticias.com.br\/index.php\/wp-json\/wp\/v2\/posts"}],"about":[{"href":"https:\/\/jornalfatosenoticias.com.br\/index.php\/wp-json\/wp\/v2\/types\/post"}],"author":[{"embeddable":true,"href":"https:\/\/jornalfatosenoticias.com.br\/index.php\/wp-json\/wp\/v2\/users\/2"}],"replies":[{"embeddable":true,"href":"https:\/\/jornalfatosenoticias.com.br\/index.php\/wp-json\/wp\/v2\/comments?post=51875"}],"version-history":[{"count":0,"href":"https:\/\/jornalfatosenoticias.com.br\/index.php\/wp-json\/wp\/v2\/posts\/51875\/revisions"}],"wp:featuredmedia":[{"embeddable":true,"href":"https:\/\/jornalfatosenoticias.com.br\/index.php\/wp-json\/wp\/v2\/media\/51876"}],"wp:attachment":[{"href":"https:\/\/jornalfatosenoticias.com.br\/index.php\/wp-json\/wp\/v2\/media?parent=51875"}],"wp:term":[{"taxonomy":"category","embeddable":true,"href":"https:\/\/jornalfatosenoticias.com.br\/index.php\/wp-json\/wp\/v2\/categories?post=51875"},{"taxonomy":"post_tag","embeddable":true,"href":"https:\/\/jornalfatosenoticias.com.br\/index.php\/wp-json\/wp\/v2\/tags?post=51875"}],"curies":[{"name":"wp","href":"https:\/\/api.w.org\/{rel}","templated":true}]}}