{"id":51895,"date":"2024-06-12T08:50:20","date_gmt":"2024-06-12T11:50:20","guid":{"rendered":"https:\/\/jornalfatosenoticias.com.br\/?p=51895"},"modified":"2024-06-12T08:50:22","modified_gmt":"2024-06-12T11:50:22","slug":"cristaos-norte-coreanos-sao-torturados-e-enviados-a-campos-de-prisao-por-expressarem-a-fe","status":"publish","type":"post","link":"https:\/\/jornalfatosenoticias.com.br\/index.php\/2024\/06\/12\/cristaos-norte-coreanos-sao-torturados-e-enviados-a-campos-de-prisao-por-expressarem-a-fe\/","title":{"rendered":"Crist\u00e3os norte-coreanos s\u00e3o torturados e enviados a campos de pris\u00e3o por expressarem a f\u00e9"},"content":{"rendered":"\n<p><em><span class=\"has-inline-color has-black-color\">A Coreia do Norte \u00e9 comandada pela ditadura paranoica de Kim Jong-un<\/span><\/em><\/p>\n\n\n\n<p><span class=\"has-inline-color has-black-color\">Por <strong><a href=\"https:\/\/www.gazetadopovo.com.br\/autor\/isabella-de-paula\/\">Isabella de Paula<\/a><\/strong><\/span><\/p>\n\n\n\n<div class=\"wp-block-image\"><figure class=\"aligncenter size-large\"><img decoding=\"async\" src=\"https:\/\/jornalfatosenoticias.com.br\/wp-content\/uploads\/2020\/02\/barao-das-carnes-300x164-1.jpg\" alt=\"\" class=\"wp-image-34339\"\/><\/figure><\/div>\n\n\n\n<p>Pelo menos 10 norte-coreanos que fugiram da ditadura paranoica de Kim Jong-un foram encontrados na China e levados de volta ao seu pa\u00eds de origem ap\u00f3s expressarem sua f\u00e9. Eles faziam parte de um grupo com aproximadamente 200 refugiados. Ap\u00f3s terem contato com crist\u00e3os no territ\u00f3rio chin\u00eas, foram descobertos e obrigados a voltar para a Coreia do Norte, onde foram enviados para campos de presos pol\u00edticos, um m\u00e9todo comum do regime comunista para torturar dissidentes.<br>O motivo das den\u00fancias contra os refugiados foi que eles leram a b\u00edblia ao terem contato com a f\u00e9 crist\u00e3, algo que \u00e9 combatido tanto pelo regime de Pequim como de Pyongyang. Uma fonte an\u00f4nima relatou \u00e0 ONG Portas Abertas, que acompanha a situa\u00e7\u00e3o de crist\u00e3os pelo mundo, que os refugiados foram detidos e investigados sob tortura durante tr\u00eas meses antes de serem enviados aos campos de pris\u00e3o.<\/p>\n\n\n\n<div class=\"wp-block-image\"><figure class=\"aligncenter size-large is-resized\"><img loading=\"lazy\" decoding=\"async\" src=\"https:\/\/jornalfatosenoticias.com.br\/wp-content\/uploads\/2023\/08\/BKR-1024x1021.jpg\" alt=\"\" class=\"wp-image-44494\" width=\"300\" height=\"299\" srcset=\"https:\/\/jornalfatosenoticias.com.br\/wp-content\/uploads\/2023\/08\/BKR-1024x1021.jpg 1024w, https:\/\/jornalfatosenoticias.com.br\/wp-content\/uploads\/2023\/08\/BKR-300x300.jpg 300w, https:\/\/jornalfatosenoticias.com.br\/wp-content\/uploads\/2023\/08\/BKR-150x150.jpg 150w, https:\/\/jornalfatosenoticias.com.br\/wp-content\/uploads\/2023\/08\/BKR-768x766.jpg 768w, https:\/\/jornalfatosenoticias.com.br\/wp-content\/uploads\/2023\/08\/BKR.jpg 1080w\" sizes=\"auto, (max-width: 300px) 100vw, 300px\" \/><\/figure><\/div>\n\n\n\n<p><em>\u201cCrist\u00e3os s\u00e3o considerados espi\u00f5es em busca de informa\u00e7\u00f5es das autoridades norte-coreanas. Por isso, s\u00e3o alvos de persegui\u00e7\u00e3o extrema. Uma das principais tarefas dos investigadores \u00e9 descobrir se o interrogado foi a alguma igreja, leu a B\u00edblia ou encontrou outros crist\u00e3os na China\u201d, contou um parceiro local da organiza\u00e7\u00e3o.<br><\/em>Segundo a fonte, quando se identifica que o refugiado \u00e9 um crist\u00e3o, as puni\u00e7\u00f5es costumam ser mais graves. <\/p>\n\n\n\n<div class=\"wp-block-image\"><figure class=\"aligncenter size-large is-resized\"><img loading=\"lazy\" decoding=\"async\" src=\"https:\/\/jornalfatosenoticias.com.br\/wp-content\/uploads\/2022\/02\/Precisao-Contabilidade-1024x724.jpg\" alt=\"\" class=\"wp-image-28088\" width=\"354\" height=\"250\"\/><\/figure><\/div>\n\n\n\n<blockquote class=\"wp-block-quote is-layout-flow wp-block-quote-is-layout-flow\"><p><span class=\"has-inline-color has-luminous-vivid-orange-color\">Fui presa na China por participar de um encontro secreto de mulheres crist\u00e3s norte-coreanas. Sabia que teria que mentir, dizer que eu n\u00e3o era crist\u00e3 e que estava ali por acidente. Eu seria severamente torturada e provavelmente me enviariam para um campo de pris\u00e3o sem qualquer possibilidade de sair de l\u00e1. E, de fato, fui enviada para um acampamento de reeduca\u00e7\u00e3o por tr\u00eas anos\u201d, contou uma v\u00edtima da ditadura paranoica de Jong-un.<\/span><\/p><\/blockquote>\n\n\n\n<div class=\"wp-block-image\"><figure class=\"aligncenter size-large\"><img loading=\"lazy\" decoding=\"async\" width=\"300\" height=\"250\" src=\"https:\/\/jornalfatosenoticias.com.br\/wp-content\/uploads\/2020\/02\/Banner-2.png\" alt=\"\" class=\"wp-image-43787\"\/><\/figure><\/div>\n\n\n\n<p>A crist\u00e3 sobreviveu dois anos em um campo de pris\u00e3o e conseguiu fugir para a China novamente. A ditadura de Kim nomeou esses locais como &#8220;campos de reeduca\u00e7\u00e3o&#8221;, dando a ideia de que s\u00e3o locais que os presos passam por uma doutrina\u00e7\u00e3o de acordo com as regras impostas pelo regime comunista.<\/p>\n\n\n\n<div class=\"wp-block-image\"><figure class=\"aligncenter size-large is-resized\"><img loading=\"lazy\" decoding=\"async\" src=\"https:\/\/jornalfatosenoticias.com.br\/wp-content\/uploads\/2023\/09\/vetorvix1024_1.jpg\" alt=\"\" class=\"wp-image-44868\" width=\"528\" height=\"140\" srcset=\"https:\/\/jornalfatosenoticias.com.br\/wp-content\/uploads\/2023\/09\/vetorvix1024_1.jpg 1024w, https:\/\/jornalfatosenoticias.com.br\/wp-content\/uploads\/2023\/09\/vetorvix1024_1-300x80.jpg 300w, https:\/\/jornalfatosenoticias.com.br\/wp-content\/uploads\/2023\/09\/vetorvix1024_1-768x205.jpg 768w\" sizes=\"auto, (max-width: 528px) 100vw, 528px\" \/><\/figure><\/div>\n\n\n\n<p>Em fevereiro, o ditador da Coreia do Norte, Kim Jong-un, reabriu um campo de pris\u00e3o que estava fechado desde a d\u00e9cada de 1980. O local, conhecido como Campo 17, \u00e9 o destino de cr\u00edticos do regime, que s\u00e3o obrigados a trabalhos for\u00e7ados e uma &#8220;reeduca\u00e7\u00e3o ideol\u00f3gica&#8221;, conforme contou uma testemunha ao jornal sul-coreano <em>Daily NK Reports<\/em>, naquela ocasi\u00e3o.<\/p>\n\n\n\n<div class=\"wp-block-image\"><figure class=\"aligncenter size-large\"><img loading=\"lazy\" decoding=\"async\" width=\"300\" height=\"250\" src=\"https:\/\/jornalfatosenoticias.com.br\/wp-content\/uploads\/2022\/02\/FERRARI_MAQUINAS-E-FERRAMENTAS2.jpg\" alt=\"\" class=\"wp-image-27860\"\/><\/figure><\/div>\n\n\n\n<p>O <em>Daily NK<\/em> revelou, por meio de fontes an\u00f4nimas, que a Coreia do Norte opera nove campos grandes de pris\u00e3o. Segundo investiga\u00e7\u00f5es feitas nos \u00faltimos anos por organiza\u00e7\u00f5es que investigam a situa\u00e7\u00e3o de direitos humanos no mundo, os detidos sobrevivem com pequenas por\u00e7\u00f5es de comida e, com frequ\u00eancia, sob condi\u00e7\u00e3o de maus-tratos nesses locais. Al\u00e9m disso, s\u00e3o expostos a situa\u00e7\u00f5es de trabalho perigosas e punidos com crueldade.<\/p>\n\n\n\n<div class=\"wp-block-image\"><figure class=\"aligncenter size-large is-resized\"><img loading=\"lazy\" decoding=\"async\" src=\"https:\/\/jornalfatosenoticias.com.br\/wp-content\/uploads\/2023\/03\/logo-Panper_portal.jpg\" alt=\"\" class=\"wp-image-40208\" width=\"334\" height=\"231\" srcset=\"https:\/\/jornalfatosenoticias.com.br\/wp-content\/uploads\/2023\/03\/logo-Panper_portal.jpg 400w, https:\/\/jornalfatosenoticias.com.br\/wp-content\/uploads\/2023\/03\/logo-Panper_portal-300x208.jpg 300w\" sizes=\"auto, (max-width: 334px) 100vw, 334px\" \/><\/figure><\/div>\n\n\n\n<p>A Coreia do Norte, que se mant\u00e9m nos \u00faltimos anos em primeiro lugar na Lista Mundial de Persegui\u00e7\u00e3o Religiosa da ONG Portas Abertas, tamb\u00e9m opera campos descritos pelo Estado como \u201czona de controle absoluto\u201d, onde os prisioneiros passam o resto da vida. Os que seguem para esses campos s\u00e3o considerados inimigos &#8220;incorrig\u00edveis&#8221; pelo Estado e trabalham at\u00e9 a morte.<\/p>\n\n\n\n<div class=\"wp-block-image\"><figure class=\"aligncenter size-large is-resized\"><img loading=\"lazy\" decoding=\"async\" src=\"https:\/\/jornalfatosenoticias.com.br\/wp-content\/uploads\/2020\/02\/logo-Rapuzel-1024x571.jpg\" alt=\"\" class=\"wp-image-42808\" width=\"363\" height=\"202\" srcset=\"https:\/\/jornalfatosenoticias.com.br\/wp-content\/uploads\/2020\/02\/logo-Rapuzel-1024x571.jpg 1024w, https:\/\/jornalfatosenoticias.com.br\/wp-content\/uploads\/2020\/02\/logo-Rapuzel-300x167.jpg 300w, https:\/\/jornalfatosenoticias.com.br\/wp-content\/uploads\/2020\/02\/logo-Rapuzel-768x428.jpg 768w, https:\/\/jornalfatosenoticias.com.br\/wp-content\/uploads\/2020\/02\/logo-Rapuzel-1536x856.jpg 1536w, https:\/\/jornalfatosenoticias.com.br\/wp-content\/uploads\/2020\/02\/logo-Rapuzel.jpg 1600w\" sizes=\"auto, (max-width: 363px) 100vw, 363px\" \/><\/figure><\/div>\n\n\n\n<p><strong><em>Fonte: <a href=\"https:\/\/www.gazetadopovo.com.br\/mundo\/cristaos-norte-coreanos-sao-torturados-e-enviados-a-campos-de-prisao-por-expressarem-a-fe\/\">Gazeta do Povo<\/a><\/em><\/strong><\/p>\n","protected":false},"excerpt":{"rendered":"<p>A Coreia do Norte \u00e9 comandada pela ditadura paranoica de Kim Jong-un Por Isabella de Paula Pelo menos 10 norte-coreanos que fugiram da ditadura paranoica de Kim Jong-un foram encontrados na China e levados de volta ao seu pa\u00eds de origem ap\u00f3s expressarem sua f\u00e9. Eles faziam parte de um grupo com aproximadamente 200 refugiados. [&hellip;]<\/p>\n","protected":false},"author":2,"featured_media":51896,"comment_status":"open","ping_status":"open","sticky":false,"template":"","format":"standard","meta":{"footnotes":""},"categories":[21140],"tags":[3168,23750,85,11204,1619,1244],"class_list":["post-51895","post","type-post","status-publish","format-standard","has-post-thumbnail","hentry","category-religiao","tag-biblia","tag-campos-de-prisao","tag-china","tag-coreia-do-norte","tag-cristianismo","tag-ditadura"],"yoast_head":"<!-- This site is optimized with the Yoast SEO plugin v26.5 - https:\/\/yoast.com\/wordpress\/plugins\/seo\/ -->\n<title>Crist\u00e3os norte-coreanos s\u00e3o torturados e enviados a campos de pris\u00e3o por expressarem a f\u00e9 - Jornal Fatos e Not\u00edcias<\/title>\n<meta name=\"robots\" content=\"index, follow, max-snippet:-1, max-image-preview:large, max-video-preview:-1\" \/>\n<link rel=\"canonical\" href=\"https:\/\/jornalfatosenoticias.com.br\/index.php\/2024\/06\/12\/cristaos-norte-coreanos-sao-torturados-e-enviados-a-campos-de-prisao-por-expressarem-a-fe\/\" \/>\n<meta property=\"og:locale\" content=\"pt_BR\" \/>\n<meta property=\"og:type\" content=\"article\" \/>\n<meta property=\"og:title\" content=\"Crist\u00e3os norte-coreanos s\u00e3o torturados e enviados a campos de pris\u00e3o por expressarem a f\u00e9 - Jornal Fatos e Not\u00edcias\" \/>\n<meta property=\"og:description\" content=\"A Coreia do Norte \u00e9 comandada pela ditadura paranoica de Kim Jong-un Por Isabella de Paula Pelo menos 10 norte-coreanos que fugiram da ditadura paranoica de Kim Jong-un foram encontrados na China e levados de volta ao seu pa\u00eds de origem ap\u00f3s expressarem sua f\u00e9. Eles faziam parte de um grupo com aproximadamente 200 refugiados. [&hellip;]\" \/>\n<meta property=\"og:url\" content=\"https:\/\/jornalfatosenoticias.com.br\/index.php\/2024\/06\/12\/cristaos-norte-coreanos-sao-torturados-e-enviados-a-campos-de-prisao-por-expressarem-a-fe\/\" \/>\n<meta property=\"og:site_name\" content=\"Jornal Fatos e Not\u00edcias\" \/>\n<meta property=\"article:published_time\" content=\"2024-06-12T11:50:20+00:00\" \/>\n<meta property=\"article:modified_time\" content=\"2024-06-12T11:50:22+00:00\" \/>\n<meta property=\"og:image\" content=\"https:\/\/jornalfatosenoticias.com.br\/wp-content\/uploads\/2024\/06\/Kim-Jong-un_gettyimages.jpg\" \/>\n\t<meta property=\"og:image:width\" content=\"612\" \/>\n\t<meta property=\"og:image:height\" content=\"473\" \/>\n\t<meta property=\"og:image:type\" content=\"image\/jpeg\" \/>\n<meta name=\"author\" content=\"Luzimara Fernandes\" \/>\n<meta name=\"twitter:card\" content=\"summary_large_image\" \/>\n<meta name=\"twitter:label1\" content=\"Escrito por\" \/>\n\t<meta name=\"twitter:data1\" content=\"Luzimara Fernandes\" \/>\n\t<meta name=\"twitter:label2\" content=\"Est. tempo de leitura\" \/>\n\t<meta name=\"twitter:data2\" content=\"3 minutos\" \/>\n<script type=\"application\/ld+json\" class=\"yoast-schema-graph\">{\"@context\":\"https:\/\/schema.org\",\"@graph\":[{\"@type\":\"Article\",\"@id\":\"https:\/\/jornalfatosenoticias.com.br\/index.php\/2024\/06\/12\/cristaos-norte-coreanos-sao-torturados-e-enviados-a-campos-de-prisao-por-expressarem-a-fe\/#article\",\"isPartOf\":{\"@id\":\"https:\/\/jornalfatosenoticias.com.br\/index.php\/2024\/06\/12\/cristaos-norte-coreanos-sao-torturados-e-enviados-a-campos-de-prisao-por-expressarem-a-fe\/\"},\"author\":{\"name\":\"Luzimara Fernandes\",\"@id\":\"https:\/\/jornalfatosenoticias.com.br\/#\/schema\/person\/d63837fa13ac8666eb9e74e0985d6f81\"},\"headline\":\"Crist\u00e3os norte-coreanos s\u00e3o torturados e enviados a campos de pris\u00e3o por expressarem a f\u00e9\",\"datePublished\":\"2024-06-12T11:50:20+00:00\",\"dateModified\":\"2024-06-12T11:50:22+00:00\",\"mainEntityOfPage\":{\"@id\":\"https:\/\/jornalfatosenoticias.com.br\/index.php\/2024\/06\/12\/cristaos-norte-coreanos-sao-torturados-e-enviados-a-campos-de-prisao-por-expressarem-a-fe\/\"},\"wordCount\":603,\"commentCount\":0,\"publisher\":{\"@id\":\"https:\/\/jornalfatosenoticias.com.br\/#organization\"},\"image\":{\"@id\":\"https:\/\/jornalfatosenoticias.com.br\/index.php\/2024\/06\/12\/cristaos-norte-coreanos-sao-torturados-e-enviados-a-campos-de-prisao-por-expressarem-a-fe\/#primaryimage\"},\"thumbnailUrl\":\"https:\/\/jornalfatosenoticias.com.br\/wp-content\/uploads\/2024\/06\/Kim-Jong-un_gettyimages.jpg\",\"keywords\":[\"B\u00edblia\",\"campos de pris\u00e3o\",\"china\",\"Coreia do Norte\",\"cristianismo\",\"ditadura\"],\"articleSection\":[\"Religi\u00e3o\"],\"inLanguage\":\"pt-BR\",\"potentialAction\":[{\"@type\":\"CommentAction\",\"name\":\"Comment\",\"target\":[\"https:\/\/jornalfatosenoticias.com.br\/index.php\/2024\/06\/12\/cristaos-norte-coreanos-sao-torturados-e-enviados-a-campos-de-prisao-por-expressarem-a-fe\/#respond\"]}]},{\"@type\":\"WebPage\",\"@id\":\"https:\/\/jornalfatosenoticias.com.br\/index.php\/2024\/06\/12\/cristaos-norte-coreanos-sao-torturados-e-enviados-a-campos-de-prisao-por-expressarem-a-fe\/\",\"url\":\"https:\/\/jornalfatosenoticias.com.br\/index.php\/2024\/06\/12\/cristaos-norte-coreanos-sao-torturados-e-enviados-a-campos-de-prisao-por-expressarem-a-fe\/\",\"name\":\"Crist\u00e3os norte-coreanos s\u00e3o torturados e enviados a campos de pris\u00e3o por expressarem a f\u00e9 - Jornal Fatos e Not\u00edcias\",\"isPartOf\":{\"@id\":\"https:\/\/jornalfatosenoticias.com.br\/#website\"},\"primaryImageOfPage\":{\"@id\":\"https:\/\/jornalfatosenoticias.com.br\/index.php\/2024\/06\/12\/cristaos-norte-coreanos-sao-torturados-e-enviados-a-campos-de-prisao-por-expressarem-a-fe\/#primaryimage\"},\"image\":{\"@id\":\"https:\/\/jornalfatosenoticias.com.br\/index.php\/2024\/06\/12\/cristaos-norte-coreanos-sao-torturados-e-enviados-a-campos-de-prisao-por-expressarem-a-fe\/#primaryimage\"},\"thumbnailUrl\":\"https:\/\/jornalfatosenoticias.com.br\/wp-content\/uploads\/2024\/06\/Kim-Jong-un_gettyimages.jpg\",\"datePublished\":\"2024-06-12T11:50:20+00:00\",\"dateModified\":\"2024-06-12T11:50:22+00:00\",\"breadcrumb\":{\"@id\":\"https:\/\/jornalfatosenoticias.com.br\/index.php\/2024\/06\/12\/cristaos-norte-coreanos-sao-torturados-e-enviados-a-campos-de-prisao-por-expressarem-a-fe\/#breadcrumb\"},\"inLanguage\":\"pt-BR\",\"potentialAction\":[{\"@type\":\"ReadAction\",\"target\":[\"https:\/\/jornalfatosenoticias.com.br\/index.php\/2024\/06\/12\/cristaos-norte-coreanos-sao-torturados-e-enviados-a-campos-de-prisao-por-expressarem-a-fe\/\"]}]},{\"@type\":\"ImageObject\",\"inLanguage\":\"pt-BR\",\"@id\":\"https:\/\/jornalfatosenoticias.com.br\/index.php\/2024\/06\/12\/cristaos-norte-coreanos-sao-torturados-e-enviados-a-campos-de-prisao-por-expressarem-a-fe\/#primaryimage\",\"url\":\"https:\/\/jornalfatosenoticias.com.br\/wp-content\/uploads\/2024\/06\/Kim-Jong-un_gettyimages.jpg\",\"contentUrl\":\"https:\/\/jornalfatosenoticias.com.br\/wp-content\/uploads\/2024\/06\/Kim-Jong-un_gettyimages.jpg\",\"width\":612,\"height\":473,\"caption\":\"VLADIVOSTOK, RUSSIA - APRIL, 25 (RUSSIA OUT) North Korean Leader Kim Jong-un speaks during the Russia - North Korea Summit on April 25, 2019 in Vladivostok, Russia. North Korean Leader Kim Jong-un is visiting Russia for the first time. (Photo by Mikhail Svetlov\/Getty Images)\"},{\"@type\":\"BreadcrumbList\",\"@id\":\"https:\/\/jornalfatosenoticias.com.br\/index.php\/2024\/06\/12\/cristaos-norte-coreanos-sao-torturados-e-enviados-a-campos-de-prisao-por-expressarem-a-fe\/#breadcrumb\",\"itemListElement\":[{\"@type\":\"ListItem\",\"position\":1,\"name\":\"In\u00edcio\",\"item\":\"https:\/\/jornalfatosenoticias.com.br\/\"},{\"@type\":\"ListItem\",\"position\":2,\"name\":\"Crist\u00e3os norte-coreanos s\u00e3o torturados e enviados a campos de pris\u00e3o por expressarem a f\u00e9\"}]},{\"@type\":\"WebSite\",\"@id\":\"https:\/\/jornalfatosenoticias.com.br\/#website\",\"url\":\"https:\/\/jornalfatosenoticias.com.br\/\",\"name\":\"Jornal Fatos e Not\u00edcias\",\"description\":\"Not\u00edcias em geral\",\"publisher\":{\"@id\":\"https:\/\/jornalfatosenoticias.com.br\/#organization\"},\"potentialAction\":[{\"@type\":\"SearchAction\",\"target\":{\"@type\":\"EntryPoint\",\"urlTemplate\":\"https:\/\/jornalfatosenoticias.com.br\/?s={search_term_string}\"},\"query-input\":{\"@type\":\"PropertyValueSpecification\",\"valueRequired\":true,\"valueName\":\"search_term_string\"}}],\"inLanguage\":\"pt-BR\"},{\"@type\":\"Organization\",\"@id\":\"https:\/\/jornalfatosenoticias.com.br\/#organization\",\"name\":\"Jornal Fatos e Not\u00edcias\",\"url\":\"https:\/\/jornalfatosenoticias.com.br\/\",\"logo\":{\"@type\":\"ImageObject\",\"inLanguage\":\"pt-BR\",\"@id\":\"https:\/\/jornalfatosenoticias.com.br\/#\/schema\/logo\/image\/\",\"url\":\"https:\/\/jornalfatosenoticias.com.br\/wp-content\/uploads\/2020\/02\/logo120.png\",\"contentUrl\":\"https:\/\/jornalfatosenoticias.com.br\/wp-content\/uploads\/2020\/02\/logo120.png\",\"width\":1227,\"height\":120,\"caption\":\"Jornal Fatos e Not\u00edcias\"},\"image\":{\"@id\":\"https:\/\/jornalfatosenoticias.com.br\/#\/schema\/logo\/image\/\"}},{\"@type\":\"Person\",\"@id\":\"https:\/\/jornalfatosenoticias.com.br\/#\/schema\/person\/d63837fa13ac8666eb9e74e0985d6f81\",\"name\":\"Luzimara Fernandes\",\"image\":{\"@type\":\"ImageObject\",\"inLanguage\":\"pt-BR\",\"@id\":\"https:\/\/jornalfatosenoticias.com.br\/#\/schema\/person\/image\/\",\"url\":\"https:\/\/jornalfatosenoticias.com.br\/wp-content\/uploads\/2025\/05\/EU_portal.jpg\",\"contentUrl\":\"https:\/\/jornalfatosenoticias.com.br\/wp-content\/uploads\/2025\/05\/EU_portal.jpg\",\"caption\":\"Luzimara Fernandes\"},\"description\":\"Jornalista MTB 2358-ES\",\"sameAs\":[\"https:\/\/jornalfatosenoticias.com.br\"],\"url\":\"https:\/\/jornalfatosenoticias.com.br\/index.php\/author\/luzimara\/\"}]}<\/script>\n<!-- \/ Yoast SEO plugin. -->","yoast_head_json":{"title":"Crist\u00e3os norte-coreanos s\u00e3o torturados e enviados a campos de pris\u00e3o por expressarem a f\u00e9 - Jornal Fatos e Not\u00edcias","robots":{"index":"index","follow":"follow","max-snippet":"max-snippet:-1","max-image-preview":"max-image-preview:large","max-video-preview":"max-video-preview:-1"},"canonical":"https:\/\/jornalfatosenoticias.com.br\/index.php\/2024\/06\/12\/cristaos-norte-coreanos-sao-torturados-e-enviados-a-campos-de-prisao-por-expressarem-a-fe\/","og_locale":"pt_BR","og_type":"article","og_title":"Crist\u00e3os norte-coreanos s\u00e3o torturados e enviados a campos de pris\u00e3o por expressarem a f\u00e9 - Jornal Fatos e Not\u00edcias","og_description":"A Coreia do Norte \u00e9 comandada pela ditadura paranoica de Kim Jong-un Por Isabella de Paula Pelo menos 10 norte-coreanos que fugiram da ditadura paranoica de Kim Jong-un foram encontrados na China e levados de volta ao seu pa\u00eds de origem ap\u00f3s expressarem sua f\u00e9. Eles faziam parte de um grupo com aproximadamente 200 refugiados. [&hellip;]","og_url":"https:\/\/jornalfatosenoticias.com.br\/index.php\/2024\/06\/12\/cristaos-norte-coreanos-sao-torturados-e-enviados-a-campos-de-prisao-por-expressarem-a-fe\/","og_site_name":"Jornal Fatos e Not\u00edcias","article_published_time":"2024-06-12T11:50:20+00:00","article_modified_time":"2024-06-12T11:50:22+00:00","og_image":[{"width":612,"height":473,"url":"https:\/\/jornalfatosenoticias.com.br\/wp-content\/uploads\/2024\/06\/Kim-Jong-un_gettyimages.jpg","type":"image\/jpeg"}],"author":"Luzimara Fernandes","twitter_card":"summary_large_image","twitter_misc":{"Escrito por":"Luzimara Fernandes","Est. tempo de leitura":"3 minutos"},"schema":{"@context":"https:\/\/schema.org","@graph":[{"@type":"Article","@id":"https:\/\/jornalfatosenoticias.com.br\/index.php\/2024\/06\/12\/cristaos-norte-coreanos-sao-torturados-e-enviados-a-campos-de-prisao-por-expressarem-a-fe\/#article","isPartOf":{"@id":"https:\/\/jornalfatosenoticias.com.br\/index.php\/2024\/06\/12\/cristaos-norte-coreanos-sao-torturados-e-enviados-a-campos-de-prisao-por-expressarem-a-fe\/"},"author":{"name":"Luzimara Fernandes","@id":"https:\/\/jornalfatosenoticias.com.br\/#\/schema\/person\/d63837fa13ac8666eb9e74e0985d6f81"},"headline":"Crist\u00e3os norte-coreanos s\u00e3o torturados e enviados a campos de pris\u00e3o por expressarem a f\u00e9","datePublished":"2024-06-12T11:50:20+00:00","dateModified":"2024-06-12T11:50:22+00:00","mainEntityOfPage":{"@id":"https:\/\/jornalfatosenoticias.com.br\/index.php\/2024\/06\/12\/cristaos-norte-coreanos-sao-torturados-e-enviados-a-campos-de-prisao-por-expressarem-a-fe\/"},"wordCount":603,"commentCount":0,"publisher":{"@id":"https:\/\/jornalfatosenoticias.com.br\/#organization"},"image":{"@id":"https:\/\/jornalfatosenoticias.com.br\/index.php\/2024\/06\/12\/cristaos-norte-coreanos-sao-torturados-e-enviados-a-campos-de-prisao-por-expressarem-a-fe\/#primaryimage"},"thumbnailUrl":"https:\/\/jornalfatosenoticias.com.br\/wp-content\/uploads\/2024\/06\/Kim-Jong-un_gettyimages.jpg","keywords":["B\u00edblia","campos de pris\u00e3o","china","Coreia do Norte","cristianismo","ditadura"],"articleSection":["Religi\u00e3o"],"inLanguage":"pt-BR","potentialAction":[{"@type":"CommentAction","name":"Comment","target":["https:\/\/jornalfatosenoticias.com.br\/index.php\/2024\/06\/12\/cristaos-norte-coreanos-sao-torturados-e-enviados-a-campos-de-prisao-por-expressarem-a-fe\/#respond"]}]},{"@type":"WebPage","@id":"https:\/\/jornalfatosenoticias.com.br\/index.php\/2024\/06\/12\/cristaos-norte-coreanos-sao-torturados-e-enviados-a-campos-de-prisao-por-expressarem-a-fe\/","url":"https:\/\/jornalfatosenoticias.com.br\/index.php\/2024\/06\/12\/cristaos-norte-coreanos-sao-torturados-e-enviados-a-campos-de-prisao-por-expressarem-a-fe\/","name":"Crist\u00e3os norte-coreanos s\u00e3o torturados e enviados a campos de pris\u00e3o por expressarem a f\u00e9 - Jornal Fatos e Not\u00edcias","isPartOf":{"@id":"https:\/\/jornalfatosenoticias.com.br\/#website"},"primaryImageOfPage":{"@id":"https:\/\/jornalfatosenoticias.com.br\/index.php\/2024\/06\/12\/cristaos-norte-coreanos-sao-torturados-e-enviados-a-campos-de-prisao-por-expressarem-a-fe\/#primaryimage"},"image":{"@id":"https:\/\/jornalfatosenoticias.com.br\/index.php\/2024\/06\/12\/cristaos-norte-coreanos-sao-torturados-e-enviados-a-campos-de-prisao-por-expressarem-a-fe\/#primaryimage"},"thumbnailUrl":"https:\/\/jornalfatosenoticias.com.br\/wp-content\/uploads\/2024\/06\/Kim-Jong-un_gettyimages.jpg","datePublished":"2024-06-12T11:50:20+00:00","dateModified":"2024-06-12T11:50:22+00:00","breadcrumb":{"@id":"https:\/\/jornalfatosenoticias.com.br\/index.php\/2024\/06\/12\/cristaos-norte-coreanos-sao-torturados-e-enviados-a-campos-de-prisao-por-expressarem-a-fe\/#breadcrumb"},"inLanguage":"pt-BR","potentialAction":[{"@type":"ReadAction","target":["https:\/\/jornalfatosenoticias.com.br\/index.php\/2024\/06\/12\/cristaos-norte-coreanos-sao-torturados-e-enviados-a-campos-de-prisao-por-expressarem-a-fe\/"]}]},{"@type":"ImageObject","inLanguage":"pt-BR","@id":"https:\/\/jornalfatosenoticias.com.br\/index.php\/2024\/06\/12\/cristaos-norte-coreanos-sao-torturados-e-enviados-a-campos-de-prisao-por-expressarem-a-fe\/#primaryimage","url":"https:\/\/jornalfatosenoticias.com.br\/wp-content\/uploads\/2024\/06\/Kim-Jong-un_gettyimages.jpg","contentUrl":"https:\/\/jornalfatosenoticias.com.br\/wp-content\/uploads\/2024\/06\/Kim-Jong-un_gettyimages.jpg","width":612,"height":473,"caption":"VLADIVOSTOK, RUSSIA - APRIL, 25 (RUSSIA OUT) North Korean Leader Kim Jong-un speaks during the Russia - North Korea Summit on April 25, 2019 in Vladivostok, Russia. North Korean Leader Kim Jong-un is visiting Russia for the first time. (Photo by Mikhail Svetlov\/Getty Images)"},{"@type":"BreadcrumbList","@id":"https:\/\/jornalfatosenoticias.com.br\/index.php\/2024\/06\/12\/cristaos-norte-coreanos-sao-torturados-e-enviados-a-campos-de-prisao-por-expressarem-a-fe\/#breadcrumb","itemListElement":[{"@type":"ListItem","position":1,"name":"In\u00edcio","item":"https:\/\/jornalfatosenoticias.com.br\/"},{"@type":"ListItem","position":2,"name":"Crist\u00e3os norte-coreanos s\u00e3o torturados e enviados a campos de pris\u00e3o por expressarem a f\u00e9"}]},{"@type":"WebSite","@id":"https:\/\/jornalfatosenoticias.com.br\/#website","url":"https:\/\/jornalfatosenoticias.com.br\/","name":"Jornal Fatos e Not\u00edcias","description":"Not\u00edcias em geral","publisher":{"@id":"https:\/\/jornalfatosenoticias.com.br\/#organization"},"potentialAction":[{"@type":"SearchAction","target":{"@type":"EntryPoint","urlTemplate":"https:\/\/jornalfatosenoticias.com.br\/?s={search_term_string}"},"query-input":{"@type":"PropertyValueSpecification","valueRequired":true,"valueName":"search_term_string"}}],"inLanguage":"pt-BR"},{"@type":"Organization","@id":"https:\/\/jornalfatosenoticias.com.br\/#organization","name":"Jornal Fatos e Not\u00edcias","url":"https:\/\/jornalfatosenoticias.com.br\/","logo":{"@type":"ImageObject","inLanguage":"pt-BR","@id":"https:\/\/jornalfatosenoticias.com.br\/#\/schema\/logo\/image\/","url":"https:\/\/jornalfatosenoticias.com.br\/wp-content\/uploads\/2020\/02\/logo120.png","contentUrl":"https:\/\/jornalfatosenoticias.com.br\/wp-content\/uploads\/2020\/02\/logo120.png","width":1227,"height":120,"caption":"Jornal Fatos e Not\u00edcias"},"image":{"@id":"https:\/\/jornalfatosenoticias.com.br\/#\/schema\/logo\/image\/"}},{"@type":"Person","@id":"https:\/\/jornalfatosenoticias.com.br\/#\/schema\/person\/d63837fa13ac8666eb9e74e0985d6f81","name":"Luzimara Fernandes","image":{"@type":"ImageObject","inLanguage":"pt-BR","@id":"https:\/\/jornalfatosenoticias.com.br\/#\/schema\/person\/image\/","url":"https:\/\/jornalfatosenoticias.com.br\/wp-content\/uploads\/2025\/05\/EU_portal.jpg","contentUrl":"https:\/\/jornalfatosenoticias.com.br\/wp-content\/uploads\/2025\/05\/EU_portal.jpg","caption":"Luzimara Fernandes"},"description":"Jornalista MTB 2358-ES","sameAs":["https:\/\/jornalfatosenoticias.com.br"],"url":"https:\/\/jornalfatosenoticias.com.br\/index.php\/author\/luzimara\/"}]}},"cc_featured_image_caption":{"caption_text":"(Foto: Getty Images) ","source_text":"","source_url":""},"jetpack_featured_media_url":"https:\/\/jornalfatosenoticias.com.br\/wp-content\/uploads\/2024\/06\/Kim-Jong-un_gettyimages.jpg","_links":{"self":[{"href":"https:\/\/jornalfatosenoticias.com.br\/index.php\/wp-json\/wp\/v2\/posts\/51895","targetHints":{"allow":["GET"]}}],"collection":[{"href":"https:\/\/jornalfatosenoticias.com.br\/index.php\/wp-json\/wp\/v2\/posts"}],"about":[{"href":"https:\/\/jornalfatosenoticias.com.br\/index.php\/wp-json\/wp\/v2\/types\/post"}],"author":[{"embeddable":true,"href":"https:\/\/jornalfatosenoticias.com.br\/index.php\/wp-json\/wp\/v2\/users\/2"}],"replies":[{"embeddable":true,"href":"https:\/\/jornalfatosenoticias.com.br\/index.php\/wp-json\/wp\/v2\/comments?post=51895"}],"version-history":[{"count":0,"href":"https:\/\/jornalfatosenoticias.com.br\/index.php\/wp-json\/wp\/v2\/posts\/51895\/revisions"}],"wp:featuredmedia":[{"embeddable":true,"href":"https:\/\/jornalfatosenoticias.com.br\/index.php\/wp-json\/wp\/v2\/media\/51896"}],"wp:attachment":[{"href":"https:\/\/jornalfatosenoticias.com.br\/index.php\/wp-json\/wp\/v2\/media?parent=51895"}],"wp:term":[{"taxonomy":"category","embeddable":true,"href":"https:\/\/jornalfatosenoticias.com.br\/index.php\/wp-json\/wp\/v2\/categories?post=51895"},{"taxonomy":"post_tag","embeddable":true,"href":"https:\/\/jornalfatosenoticias.com.br\/index.php\/wp-json\/wp\/v2\/tags?post=51895"}],"curies":[{"name":"wp","href":"https:\/\/api.w.org\/{rel}","templated":true}]}}