{"id":51911,"date":"2024-06-12T09:29:00","date_gmt":"2024-06-12T12:29:00","guid":{"rendered":"https:\/\/jornalfatosenoticias.com.br\/?p=51911"},"modified":"2024-06-12T09:29:02","modified_gmt":"2024-06-12T12:29:02","slug":"menor-beija-flor-do-brasil-ganha-nome-especial","status":"publish","type":"post","link":"https:\/\/jornalfatosenoticias.com.br\/index.php\/2024\/06\/12\/menor-beija-flor-do-brasil-ganha-nome-especial\/","title":{"rendered":"Menor beija-flor do Brasil ganha nome especial"},"content":{"rendered":"\n<p><em><span class=\"has-inline-color has-black-color\">O topetinho-vermelho \u00e9 o menor beija-flor entre todas as esp\u00e9cies encontradas no Brasil<\/span><\/em><\/p>\n\n\n\n<p><span class=\"has-inline-color has-black-color\">Por <strong>V\u00edtor Guerra<\/strong><\/span><\/p>\n\n\n\n<div class=\"wp-block-image\"><figure class=\"aligncenter size-large\"><img loading=\"lazy\" decoding=\"async\" width=\"729\" height=\"90\" src=\"https:\/\/jornalfatosenoticias.com.br\/wp-content\/uploads\/2020\/02\/Logo_Mizu.png\" alt=\"\" class=\"wp-image-1441\" srcset=\"https:\/\/jornalfatosenoticias.com.br\/wp-content\/uploads\/2020\/02\/Logo_Mizu.png 729w, https:\/\/jornalfatosenoticias.com.br\/wp-content\/uploads\/2020\/02\/Logo_Mizu-300x37.png 300w\" sizes=\"auto, (max-width: 729px) 100vw, 729px\" \/><\/figure><\/div>\n\n\n\n<p>Conhe\u00e7a o \u201ctopetinho-vermelho\u201d, o menor beija-flor do Brasil. Ele est\u00e1 entre as 16 esp\u00e9cies brasileiras e ganhou esse nome por causa da colora\u00e7\u00e3o de suas penas. O nome cient\u00edfico dele \u00e9 <em>Lophornis magnificus<\/em>. O topetinho-vermelho mede apenas 6,8cm (quase do tamanho de um dedo mindinho) e pesa 3g. Diferente do macho, que apresenta o topete vermelho e penas coloridas pr\u00f3ximas ao pesco\u00e7o, a f\u00eamea e o filhote n\u00e3o possuem o topete vermelho e o leque no pesco\u00e7o.<br>Segundo o Comit\u00ea Brasileiro de Registros Ornitol\u00f3gicos, o topetinho \u00e9 encontrado exclusivamente no Brasil, de Pernambuco, Alagoas e Bahia ao Rio Grande do Sul, em dire\u00e7\u00e3o oeste at\u00e9 Goi\u00e1s e Mato Grosso. H\u00e1 pesquisas recentes que mostram que o animal tamb\u00e9m j\u00e1 foi visto no Tocantins. O menor dos menores tamb\u00e9m \u00e9 um dos mais bonitos. O topetinho geralmente \u00e9 visto em ch\u00e1caras, jardins e bordas de florestas.<\/p>\n\n\n\n<div class=\"wp-block-image\"><figure class=\"aligncenter size-large is-resized\"><img loading=\"lazy\" decoding=\"async\" src=\"https:\/\/jornalfatosenoticias.com.br\/wp-content\/uploads\/2023\/08\/BKR-1024x1021.jpg\" alt=\"\" class=\"wp-image-44494\" width=\"311\" height=\"310\" srcset=\"https:\/\/jornalfatosenoticias.com.br\/wp-content\/uploads\/2023\/08\/BKR-1024x1021.jpg 1024w, https:\/\/jornalfatosenoticias.com.br\/wp-content\/uploads\/2023\/08\/BKR-300x300.jpg 300w, https:\/\/jornalfatosenoticias.com.br\/wp-content\/uploads\/2023\/08\/BKR-150x150.jpg 150w, https:\/\/jornalfatosenoticias.com.br\/wp-content\/uploads\/2023\/08\/BKR-768x766.jpg 768w, https:\/\/jornalfatosenoticias.com.br\/wp-content\/uploads\/2023\/08\/BKR.jpg 1080w\" sizes=\"auto, (max-width: 311px) 100vw, 311px\" \/><\/figure><\/div>\n\n\n\n<p>O leque com penas brancas e verdes no pesco\u00e7o identifica os machos, enquanto as f\u00eameas t\u00eam uma barriga branca e a garganta pontilhada, sem a crista. E o topetinho-vermelho do <em>Lophornis magnificus<\/em> n\u00e3o est\u00e1 a\u00ed \u00e0 toa. Na \u00e9poca de reprodu\u00e7\u00e3o, o macho corteja a f\u00eamea arrepiando o topete e expandindo as laterais do pesco\u00e7o. O movimento \u00e9 seguido de um lento voo bem em frente a f\u00eamea, que permanece parada enquanto gira o corpo lentamente.<\/p>\n\n\n\n<div class=\"wp-block-image\"><figure class=\"aligncenter size-large is-resized\"><img loading=\"lazy\" decoding=\"async\" src=\"https:\/\/jornalfatosenoticias.com.br\/wp-content\/uploads\/2020\/02\/logo-Rapuzel-1024x571.jpg\" alt=\"\" class=\"wp-image-42808\" width=\"366\" height=\"204\" srcset=\"https:\/\/jornalfatosenoticias.com.br\/wp-content\/uploads\/2020\/02\/logo-Rapuzel-1024x571.jpg 1024w, https:\/\/jornalfatosenoticias.com.br\/wp-content\/uploads\/2020\/02\/logo-Rapuzel-300x167.jpg 300w, https:\/\/jornalfatosenoticias.com.br\/wp-content\/uploads\/2020\/02\/logo-Rapuzel-768x428.jpg 768w, https:\/\/jornalfatosenoticias.com.br\/wp-content\/uploads\/2020\/02\/logo-Rapuzel-1536x856.jpg 1536w, https:\/\/jornalfatosenoticias.com.br\/wp-content\/uploads\/2020\/02\/logo-Rapuzel.jpg 1600w\" sizes=\"auto, (max-width: 366px) 100vw, 366px\" \/><\/figure><\/div>\n\n\n\n<p>Essas aves s\u00e3o impressionantes e podem ser consideradas m\u00e1quinas de voar. O cora\u00e7\u00e3o de um beija-flor equivale de 1,9 a 2,5% do peso corporal, que varia entre 2,4 a 5g. O cora\u00e7\u00e3o de um ser humano, por exemplo, equivale a apenas 0,5% do peso total do nosso corpo. Segundo pesquisas, o cora\u00e7\u00e3o dos beija-flores movimenta o sangue 100 vezes mais r\u00e1pido do que o do homem. H\u00e1 registro de frequ\u00eancia card\u00edacas de at\u00e9 1260 batimentos por minutos. E nem mesmo quando est\u00e1 em repouso esse bichinho descansa. Dados mostram que a frequ\u00eancia respirat\u00f3ria de um beija-flor em repouso chega a 260 inspira\u00e7\u00f5es por minuto.<\/p>\n\n\n\n<div class=\"wp-block-image\"><figure class=\"aligncenter size-large is-resized\"><img loading=\"lazy\" decoding=\"async\" src=\"https:\/\/jornalfatosenoticias.com.br\/wp-content\/uploads\/2020\/02\/CONTROL-CS.jpg\" alt=\"\" class=\"wp-image-44991\" width=\"297\" height=\"356\" srcset=\"https:\/\/jornalfatosenoticias.com.br\/wp-content\/uploads\/2020\/02\/CONTROL-CS.jpg 834w, https:\/\/jornalfatosenoticias.com.br\/wp-content\/uploads\/2020\/02\/CONTROL-CS-250x300.jpg 250w, https:\/\/jornalfatosenoticias.com.br\/wp-content\/uploads\/2020\/02\/CONTROL-CS-768x921.jpg 768w\" sizes=\"auto, (max-width: 297px) 100vw, 297px\" \/><\/figure><\/div>\n\n\n\n<p><strong><span class=\"has-inline-color has-vivid-green-cyan-color\">Diferentes culturas, diferentes significados<br><\/span><\/strong>Os beija-flores possuem diferentes significados nas mais diversas culturas. Uma das lendas mais famosas \u00e9 a da civiliza\u00e7\u00e3o Maia. Segundo a lenda, ap\u00f3s criarem todas as coisas encontradas na Terra, os deuses se esqueceram de algo essencial: um ser que tinha fun\u00e7\u00e3o de transportar desejos e pensamentos de um lugar para o outro.<\/p>\n\n\n\n<div class=\"wp-block-image\"><figure class=\"aligncenter size-large\"><img loading=\"lazy\" decoding=\"async\" width=\"300\" height=\"250\" src=\"https:\/\/jornalfatosenoticias.com.br\/wp-content\/uploads\/2022\/02\/FERRARI_MAQUINAS-E-FERRAMENTAS2.jpg\" alt=\"\" class=\"wp-image-27860\"\/><\/figure><\/div>\n\n\n\n<p>Como j\u00e1 n\u00e3o tinham mais milho ou argila, materiais usados na cria\u00e7\u00e3o de todos os outros seres, usaram um pequeno peda\u00e7o de jade, que esculpiram no formato de uma flecha. Mais tarde, o material explodiu, voando com alta velocidade e se transformando em um beija-flor. Os guaranis tamb\u00e9m possuem um significado especial para a ave. Segundo a lenda, o beija-flor \u00e9 respons\u00e1vel por elevar ao c\u00e9u as almas que descansam em flores.<\/p>\n\n\n\n<div class=\"wp-block-image\"><figure class=\"aligncenter size-large is-resized\"><img loading=\"lazy\" decoding=\"async\" src=\"https:\/\/jornalfatosenoticias.com.br\/wp-content\/uploads\/2023\/09\/vetorvix1024_1.jpg\" alt=\"\" class=\"wp-image-44868\" width=\"516\" height=\"137\" srcset=\"https:\/\/jornalfatosenoticias.com.br\/wp-content\/uploads\/2023\/09\/vetorvix1024_1.jpg 1024w, https:\/\/jornalfatosenoticias.com.br\/wp-content\/uploads\/2023\/09\/vetorvix1024_1-300x80.jpg 300w, https:\/\/jornalfatosenoticias.com.br\/wp-content\/uploads\/2023\/09\/vetorvix1024_1-768x205.jpg 768w\" sizes=\"auto, (max-width: 516px) 100vw, 516px\" \/><\/figure><\/div>\n\n\n\n<p><strong><span class=\"has-inline-color has-vivid-green-cyan-color\">Observa\u00e7\u00e3o de beija-flores no Brasil<br><\/span><\/strong>O Brasil \u00e9 um dos pa\u00edses que mais atraem pesquisadores, fot\u00f3grafos e entusiastas da ave. No Esp\u00edrito Santo, regi\u00e3o sudeste do Pa\u00eds, fica localizado o <strong><a href=\"http:\/\/antigo.inma.gov.br\/parque-do-museu\/\" target=\"_blank\" rel=\"noreferrer noopener\">Museu<\/a><\/strong> de Biologia Professor Mello Leit\u00e3o, um ponto privilegiado para observa\u00e7\u00e3o de beija-flores. O museu disp\u00f5e de diversas garrafas abastecidas com \u00e1gua e a\u00e7\u00facar, onde \u00e9 poss\u00edvel encontrar milhares de esp\u00e9cies.<\/p>\n\n\n\n<div class=\"wp-block-image\"><figure class=\"aligncenter size-large is-resized\"><img loading=\"lazy\" decoding=\"async\" src=\"https:\/\/jornalfatosenoticias.com.br\/wp-content\/uploads\/2023\/12\/pegoretti-logo-pdf-1024x389.jpg\" alt=\"\" class=\"wp-image-47536\" width=\"480\" height=\"182\" srcset=\"https:\/\/jornalfatosenoticias.com.br\/wp-content\/uploads\/2023\/12\/pegoretti-logo-pdf-1024x389.jpg 1024w, https:\/\/jornalfatosenoticias.com.br\/wp-content\/uploads\/2023\/12\/pegoretti-logo-pdf-300x114.jpg 300w, https:\/\/jornalfatosenoticias.com.br\/wp-content\/uploads\/2023\/12\/pegoretti-logo-pdf-768x291.jpg 768w, https:\/\/jornalfatosenoticias.com.br\/wp-content\/uploads\/2023\/12\/pegoretti-logo-pdf.jpg 1120w\" sizes=\"auto, (max-width: 480px) 100vw, 480px\" \/><\/figure><\/div>\n\n\n\n<h3 class=\"wp-block-heading\"><span class=\"has-inline-color has-vivid-green-cyan-color\">Olha que esp\u00e9cie mais linda!<\/span><\/h3>\n\n\n\n<figure class=\"wp-block-embed-youtube wp-block-embed is-type-video is-provider-youtube wp-embed-aspect-16-9 wp-has-aspect-ratio\"><div class=\"wp-block-embed__wrapper\">\n<iframe loading=\"lazy\" title=\"Beija-flor Topetinho-vermelho\" width=\"660\" height=\"371\" src=\"https:\/\/www.youtube.com\/embed\/H8ZCKKriUck?feature=oembed\" frameborder=\"0\" allow=\"accelerometer; autoplay; clipboard-write; encrypted-media; gyroscope; picture-in-picture; web-share\" referrerpolicy=\"strict-origin-when-cross-origin\" allowfullscreen><\/iframe>\n<\/div><\/figure>\n\n\n\n<p><strong><em>Fonte: <a href=\"https:\/\/www.sonoticiaboa.com.br\/2024\/06\/02\/topetinho-vermelho-menor-beija-flor-do-brasil-ganha-nome-especial-veja-mais\">S\u00f3 Not\u00edcia Boa<\/a><\/em><\/strong><\/p>\n","protected":false},"excerpt":{"rendered":"<p>O topetinho-vermelho \u00e9 o menor beija-flor entre todas as esp\u00e9cies encontradas no Brasil Por V\u00edtor Guerra Conhe\u00e7a o \u201ctopetinho-vermelho\u201d, o menor beija-flor do Brasil. Ele est\u00e1 entre as 16 esp\u00e9cies brasileiras e ganhou esse nome por causa da colora\u00e7\u00e3o de suas penas. O nome cient\u00edfico dele \u00e9 Lophornis magnificus. O topetinho-vermelho mede apenas 6,8cm (quase [&hellip;]<\/p>\n","protected":false},"author":2,"featured_media":51912,"comment_status":"open","ping_status":"open","sticky":false,"template":"","format":"standard","meta":{"footnotes":""},"categories":[8],"tags":[4851,597,23761,23760],"class_list":["post-51911","post","type-post","status-publish","format-standard","has-post-thumbnail","hentry","category-meio-ambiente","tag-beija-flor","tag-brasil","tag-menor-beija-flor-do-brasil","tag-topetinho-vermelho"],"yoast_head":"<!-- This site is optimized with the Yoast SEO plugin v26.5 - https:\/\/yoast.com\/wordpress\/plugins\/seo\/ -->\n<title>Menor beija-flor do Brasil ganha nome especial - Jornal Fatos e Not\u00edcias<\/title>\n<meta name=\"robots\" content=\"index, follow, max-snippet:-1, max-image-preview:large, max-video-preview:-1\" \/>\n<link rel=\"canonical\" href=\"https:\/\/jornalfatosenoticias.com.br\/index.php\/2024\/06\/12\/menor-beija-flor-do-brasil-ganha-nome-especial\/\" \/>\n<meta property=\"og:locale\" content=\"pt_BR\" \/>\n<meta property=\"og:type\" content=\"article\" \/>\n<meta property=\"og:title\" content=\"Menor beija-flor do Brasil ganha nome especial - Jornal Fatos e Not\u00edcias\" \/>\n<meta property=\"og:description\" content=\"O topetinho-vermelho \u00e9 o menor beija-flor entre todas as esp\u00e9cies encontradas no Brasil Por V\u00edtor Guerra Conhe\u00e7a o \u201ctopetinho-vermelho\u201d, o menor beija-flor do Brasil. Ele est\u00e1 entre as 16 esp\u00e9cies brasileiras e ganhou esse nome por causa da colora\u00e7\u00e3o de suas penas. O nome cient\u00edfico dele \u00e9 Lophornis magnificus. O topetinho-vermelho mede apenas 6,8cm (quase [&hellip;]\" \/>\n<meta property=\"og:url\" content=\"https:\/\/jornalfatosenoticias.com.br\/index.php\/2024\/06\/12\/menor-beija-flor-do-brasil-ganha-nome-especial\/\" \/>\n<meta property=\"og:site_name\" content=\"Jornal Fatos e Not\u00edcias\" \/>\n<meta property=\"article:published_time\" content=\"2024-06-12T12:29:00+00:00\" \/>\n<meta property=\"article:modified_time\" content=\"2024-06-12T12:29:02+00:00\" \/>\n<meta property=\"og:image\" content=\"https:\/\/jornalfatosenoticias.com.br\/wp-content\/uploads\/2024\/06\/beija-flor-topetinho-vermelho_istock.jpg\" \/>\n\t<meta property=\"og:image:width\" content=\"612\" \/>\n\t<meta property=\"og:image:height\" content=\"408\" \/>\n\t<meta property=\"og:image:type\" content=\"image\/jpeg\" \/>\n<meta name=\"author\" content=\"Luzimara Fernandes\" \/>\n<meta name=\"twitter:card\" content=\"summary_large_image\" \/>\n<meta name=\"twitter:label1\" content=\"Escrito por\" \/>\n\t<meta name=\"twitter:data1\" content=\"Luzimara Fernandes\" \/>\n\t<meta name=\"twitter:label2\" content=\"Est. tempo de leitura\" \/>\n\t<meta name=\"twitter:data2\" content=\"3 minutos\" \/>\n<script type=\"application\/ld+json\" class=\"yoast-schema-graph\">{\"@context\":\"https:\/\/schema.org\",\"@graph\":[{\"@type\":\"Article\",\"@id\":\"https:\/\/jornalfatosenoticias.com.br\/index.php\/2024\/06\/12\/menor-beija-flor-do-brasil-ganha-nome-especial\/#article\",\"isPartOf\":{\"@id\":\"https:\/\/jornalfatosenoticias.com.br\/index.php\/2024\/06\/12\/menor-beija-flor-do-brasil-ganha-nome-especial\/\"},\"author\":{\"name\":\"Luzimara Fernandes\",\"@id\":\"https:\/\/jornalfatosenoticias.com.br\/#\/schema\/person\/d63837fa13ac8666eb9e74e0985d6f81\"},\"headline\":\"Menor beija-flor do Brasil ganha nome especial\",\"datePublished\":\"2024-06-12T12:29:00+00:00\",\"dateModified\":\"2024-06-12T12:29:02+00:00\",\"mainEntityOfPage\":{\"@id\":\"https:\/\/jornalfatosenoticias.com.br\/index.php\/2024\/06\/12\/menor-beija-flor-do-brasil-ganha-nome-especial\/\"},\"wordCount\":618,\"commentCount\":0,\"publisher\":{\"@id\":\"https:\/\/jornalfatosenoticias.com.br\/#organization\"},\"image\":{\"@id\":\"https:\/\/jornalfatosenoticias.com.br\/index.php\/2024\/06\/12\/menor-beija-flor-do-brasil-ganha-nome-especial\/#primaryimage\"},\"thumbnailUrl\":\"https:\/\/jornalfatosenoticias.com.br\/wp-content\/uploads\/2024\/06\/beija-flor-topetinho-vermelho_istock.jpg\",\"keywords\":[\"beija-flor\",\"Brasil\",\"menor beija-flor do Brasil\",\"topetinho-vermelho\"],\"articleSection\":[\"Meio ambiente\"],\"inLanguage\":\"pt-BR\",\"potentialAction\":[{\"@type\":\"CommentAction\",\"name\":\"Comment\",\"target\":[\"https:\/\/jornalfatosenoticias.com.br\/index.php\/2024\/06\/12\/menor-beija-flor-do-brasil-ganha-nome-especial\/#respond\"]}]},{\"@type\":\"WebPage\",\"@id\":\"https:\/\/jornalfatosenoticias.com.br\/index.php\/2024\/06\/12\/menor-beija-flor-do-brasil-ganha-nome-especial\/\",\"url\":\"https:\/\/jornalfatosenoticias.com.br\/index.php\/2024\/06\/12\/menor-beija-flor-do-brasil-ganha-nome-especial\/\",\"name\":\"Menor beija-flor do Brasil ganha nome especial - Jornal Fatos e Not\u00edcias\",\"isPartOf\":{\"@id\":\"https:\/\/jornalfatosenoticias.com.br\/#website\"},\"primaryImageOfPage\":{\"@id\":\"https:\/\/jornalfatosenoticias.com.br\/index.php\/2024\/06\/12\/menor-beija-flor-do-brasil-ganha-nome-especial\/#primaryimage\"},\"image\":{\"@id\":\"https:\/\/jornalfatosenoticias.com.br\/index.php\/2024\/06\/12\/menor-beija-flor-do-brasil-ganha-nome-especial\/#primaryimage\"},\"thumbnailUrl\":\"https:\/\/jornalfatosenoticias.com.br\/wp-content\/uploads\/2024\/06\/beija-flor-topetinho-vermelho_istock.jpg\",\"datePublished\":\"2024-06-12T12:29:00+00:00\",\"dateModified\":\"2024-06-12T12:29:02+00:00\",\"breadcrumb\":{\"@id\":\"https:\/\/jornalfatosenoticias.com.br\/index.php\/2024\/06\/12\/menor-beija-flor-do-brasil-ganha-nome-especial\/#breadcrumb\"},\"inLanguage\":\"pt-BR\",\"potentialAction\":[{\"@type\":\"ReadAction\",\"target\":[\"https:\/\/jornalfatosenoticias.com.br\/index.php\/2024\/06\/12\/menor-beija-flor-do-brasil-ganha-nome-especial\/\"]}]},{\"@type\":\"ImageObject\",\"inLanguage\":\"pt-BR\",\"@id\":\"https:\/\/jornalfatosenoticias.com.br\/index.php\/2024\/06\/12\/menor-beija-flor-do-brasil-ganha-nome-especial\/#primaryimage\",\"url\":\"https:\/\/jornalfatosenoticias.com.br\/wp-content\/uploads\/2024\/06\/beija-flor-topetinho-vermelho_istock.jpg\",\"contentUrl\":\"https:\/\/jornalfatosenoticias.com.br\/wp-content\/uploads\/2024\/06\/beija-flor-topetinho-vermelho_istock.jpg\",\"width\":612,\"height\":408,\"caption\":\"colored bird that comes filled sonhtsem, wildlife, and unique birds\"},{\"@type\":\"BreadcrumbList\",\"@id\":\"https:\/\/jornalfatosenoticias.com.br\/index.php\/2024\/06\/12\/menor-beija-flor-do-brasil-ganha-nome-especial\/#breadcrumb\",\"itemListElement\":[{\"@type\":\"ListItem\",\"position\":1,\"name\":\"In\u00edcio\",\"item\":\"https:\/\/jornalfatosenoticias.com.br\/\"},{\"@type\":\"ListItem\",\"position\":2,\"name\":\"Menor beija-flor do Brasil ganha nome especial\"}]},{\"@type\":\"WebSite\",\"@id\":\"https:\/\/jornalfatosenoticias.com.br\/#website\",\"url\":\"https:\/\/jornalfatosenoticias.com.br\/\",\"name\":\"Jornal Fatos e Not\u00edcias\",\"description\":\"Not\u00edcias em geral\",\"publisher\":{\"@id\":\"https:\/\/jornalfatosenoticias.com.br\/#organization\"},\"potentialAction\":[{\"@type\":\"SearchAction\",\"target\":{\"@type\":\"EntryPoint\",\"urlTemplate\":\"https:\/\/jornalfatosenoticias.com.br\/?s={search_term_string}\"},\"query-input\":{\"@type\":\"PropertyValueSpecification\",\"valueRequired\":true,\"valueName\":\"search_term_string\"}}],\"inLanguage\":\"pt-BR\"},{\"@type\":\"Organization\",\"@id\":\"https:\/\/jornalfatosenoticias.com.br\/#organization\",\"name\":\"Jornal Fatos e Not\u00edcias\",\"url\":\"https:\/\/jornalfatosenoticias.com.br\/\",\"logo\":{\"@type\":\"ImageObject\",\"inLanguage\":\"pt-BR\",\"@id\":\"https:\/\/jornalfatosenoticias.com.br\/#\/schema\/logo\/image\/\",\"url\":\"https:\/\/jornalfatosenoticias.com.br\/wp-content\/uploads\/2020\/02\/logo120.png\",\"contentUrl\":\"https:\/\/jornalfatosenoticias.com.br\/wp-content\/uploads\/2020\/02\/logo120.png\",\"width\":1227,\"height\":120,\"caption\":\"Jornal Fatos e Not\u00edcias\"},\"image\":{\"@id\":\"https:\/\/jornalfatosenoticias.com.br\/#\/schema\/logo\/image\/\"}},{\"@type\":\"Person\",\"@id\":\"https:\/\/jornalfatosenoticias.com.br\/#\/schema\/person\/d63837fa13ac8666eb9e74e0985d6f81\",\"name\":\"Luzimara Fernandes\",\"image\":{\"@type\":\"ImageObject\",\"inLanguage\":\"pt-BR\",\"@id\":\"https:\/\/jornalfatosenoticias.com.br\/#\/schema\/person\/image\/\",\"url\":\"https:\/\/jornalfatosenoticias.com.br\/wp-content\/uploads\/2025\/05\/EU_portal.jpg\",\"contentUrl\":\"https:\/\/jornalfatosenoticias.com.br\/wp-content\/uploads\/2025\/05\/EU_portal.jpg\",\"caption\":\"Luzimara Fernandes\"},\"description\":\"Jornalista MTB 2358-ES\",\"sameAs\":[\"https:\/\/jornalfatosenoticias.com.br\"],\"url\":\"https:\/\/jornalfatosenoticias.com.br\/index.php\/author\/luzimara\/\"}]}<\/script>\n<!-- \/ Yoast SEO plugin. -->","yoast_head_json":{"title":"Menor beija-flor do Brasil ganha nome especial - Jornal Fatos e Not\u00edcias","robots":{"index":"index","follow":"follow","max-snippet":"max-snippet:-1","max-image-preview":"max-image-preview:large","max-video-preview":"max-video-preview:-1"},"canonical":"https:\/\/jornalfatosenoticias.com.br\/index.php\/2024\/06\/12\/menor-beija-flor-do-brasil-ganha-nome-especial\/","og_locale":"pt_BR","og_type":"article","og_title":"Menor beija-flor do Brasil ganha nome especial - Jornal Fatos e Not\u00edcias","og_description":"O topetinho-vermelho \u00e9 o menor beija-flor entre todas as esp\u00e9cies encontradas no Brasil Por V\u00edtor Guerra Conhe\u00e7a o \u201ctopetinho-vermelho\u201d, o menor beija-flor do Brasil. Ele est\u00e1 entre as 16 esp\u00e9cies brasileiras e ganhou esse nome por causa da colora\u00e7\u00e3o de suas penas. O nome cient\u00edfico dele \u00e9 Lophornis magnificus. O topetinho-vermelho mede apenas 6,8cm (quase [&hellip;]","og_url":"https:\/\/jornalfatosenoticias.com.br\/index.php\/2024\/06\/12\/menor-beija-flor-do-brasil-ganha-nome-especial\/","og_site_name":"Jornal Fatos e Not\u00edcias","article_published_time":"2024-06-12T12:29:00+00:00","article_modified_time":"2024-06-12T12:29:02+00:00","og_image":[{"width":612,"height":408,"url":"https:\/\/jornalfatosenoticias.com.br\/wp-content\/uploads\/2024\/06\/beija-flor-topetinho-vermelho_istock.jpg","type":"image\/jpeg"}],"author":"Luzimara Fernandes","twitter_card":"summary_large_image","twitter_misc":{"Escrito por":"Luzimara Fernandes","Est. tempo de leitura":"3 minutos"},"schema":{"@context":"https:\/\/schema.org","@graph":[{"@type":"Article","@id":"https:\/\/jornalfatosenoticias.com.br\/index.php\/2024\/06\/12\/menor-beija-flor-do-brasil-ganha-nome-especial\/#article","isPartOf":{"@id":"https:\/\/jornalfatosenoticias.com.br\/index.php\/2024\/06\/12\/menor-beija-flor-do-brasil-ganha-nome-especial\/"},"author":{"name":"Luzimara Fernandes","@id":"https:\/\/jornalfatosenoticias.com.br\/#\/schema\/person\/d63837fa13ac8666eb9e74e0985d6f81"},"headline":"Menor beija-flor do Brasil ganha nome especial","datePublished":"2024-06-12T12:29:00+00:00","dateModified":"2024-06-12T12:29:02+00:00","mainEntityOfPage":{"@id":"https:\/\/jornalfatosenoticias.com.br\/index.php\/2024\/06\/12\/menor-beija-flor-do-brasil-ganha-nome-especial\/"},"wordCount":618,"commentCount":0,"publisher":{"@id":"https:\/\/jornalfatosenoticias.com.br\/#organization"},"image":{"@id":"https:\/\/jornalfatosenoticias.com.br\/index.php\/2024\/06\/12\/menor-beija-flor-do-brasil-ganha-nome-especial\/#primaryimage"},"thumbnailUrl":"https:\/\/jornalfatosenoticias.com.br\/wp-content\/uploads\/2024\/06\/beija-flor-topetinho-vermelho_istock.jpg","keywords":["beija-flor","Brasil","menor beija-flor do Brasil","topetinho-vermelho"],"articleSection":["Meio ambiente"],"inLanguage":"pt-BR","potentialAction":[{"@type":"CommentAction","name":"Comment","target":["https:\/\/jornalfatosenoticias.com.br\/index.php\/2024\/06\/12\/menor-beija-flor-do-brasil-ganha-nome-especial\/#respond"]}]},{"@type":"WebPage","@id":"https:\/\/jornalfatosenoticias.com.br\/index.php\/2024\/06\/12\/menor-beija-flor-do-brasil-ganha-nome-especial\/","url":"https:\/\/jornalfatosenoticias.com.br\/index.php\/2024\/06\/12\/menor-beija-flor-do-brasil-ganha-nome-especial\/","name":"Menor beija-flor do Brasil ganha nome especial - Jornal Fatos e Not\u00edcias","isPartOf":{"@id":"https:\/\/jornalfatosenoticias.com.br\/#website"},"primaryImageOfPage":{"@id":"https:\/\/jornalfatosenoticias.com.br\/index.php\/2024\/06\/12\/menor-beija-flor-do-brasil-ganha-nome-especial\/#primaryimage"},"image":{"@id":"https:\/\/jornalfatosenoticias.com.br\/index.php\/2024\/06\/12\/menor-beija-flor-do-brasil-ganha-nome-especial\/#primaryimage"},"thumbnailUrl":"https:\/\/jornalfatosenoticias.com.br\/wp-content\/uploads\/2024\/06\/beija-flor-topetinho-vermelho_istock.jpg","datePublished":"2024-06-12T12:29:00+00:00","dateModified":"2024-06-12T12:29:02+00:00","breadcrumb":{"@id":"https:\/\/jornalfatosenoticias.com.br\/index.php\/2024\/06\/12\/menor-beija-flor-do-brasil-ganha-nome-especial\/#breadcrumb"},"inLanguage":"pt-BR","potentialAction":[{"@type":"ReadAction","target":["https:\/\/jornalfatosenoticias.com.br\/index.php\/2024\/06\/12\/menor-beija-flor-do-brasil-ganha-nome-especial\/"]}]},{"@type":"ImageObject","inLanguage":"pt-BR","@id":"https:\/\/jornalfatosenoticias.com.br\/index.php\/2024\/06\/12\/menor-beija-flor-do-brasil-ganha-nome-especial\/#primaryimage","url":"https:\/\/jornalfatosenoticias.com.br\/wp-content\/uploads\/2024\/06\/beija-flor-topetinho-vermelho_istock.jpg","contentUrl":"https:\/\/jornalfatosenoticias.com.br\/wp-content\/uploads\/2024\/06\/beija-flor-topetinho-vermelho_istock.jpg","width":612,"height":408,"caption":"colored bird that comes filled sonhtsem, wildlife, and unique birds"},{"@type":"BreadcrumbList","@id":"https:\/\/jornalfatosenoticias.com.br\/index.php\/2024\/06\/12\/menor-beija-flor-do-brasil-ganha-nome-especial\/#breadcrumb","itemListElement":[{"@type":"ListItem","position":1,"name":"In\u00edcio","item":"https:\/\/jornalfatosenoticias.com.br\/"},{"@type":"ListItem","position":2,"name":"Menor beija-flor do Brasil ganha nome especial"}]},{"@type":"WebSite","@id":"https:\/\/jornalfatosenoticias.com.br\/#website","url":"https:\/\/jornalfatosenoticias.com.br\/","name":"Jornal Fatos e Not\u00edcias","description":"Not\u00edcias em geral","publisher":{"@id":"https:\/\/jornalfatosenoticias.com.br\/#organization"},"potentialAction":[{"@type":"SearchAction","target":{"@type":"EntryPoint","urlTemplate":"https:\/\/jornalfatosenoticias.com.br\/?s={search_term_string}"},"query-input":{"@type":"PropertyValueSpecification","valueRequired":true,"valueName":"search_term_string"}}],"inLanguage":"pt-BR"},{"@type":"Organization","@id":"https:\/\/jornalfatosenoticias.com.br\/#organization","name":"Jornal Fatos e Not\u00edcias","url":"https:\/\/jornalfatosenoticias.com.br\/","logo":{"@type":"ImageObject","inLanguage":"pt-BR","@id":"https:\/\/jornalfatosenoticias.com.br\/#\/schema\/logo\/image\/","url":"https:\/\/jornalfatosenoticias.com.br\/wp-content\/uploads\/2020\/02\/logo120.png","contentUrl":"https:\/\/jornalfatosenoticias.com.br\/wp-content\/uploads\/2020\/02\/logo120.png","width":1227,"height":120,"caption":"Jornal Fatos e Not\u00edcias"},"image":{"@id":"https:\/\/jornalfatosenoticias.com.br\/#\/schema\/logo\/image\/"}},{"@type":"Person","@id":"https:\/\/jornalfatosenoticias.com.br\/#\/schema\/person\/d63837fa13ac8666eb9e74e0985d6f81","name":"Luzimara Fernandes","image":{"@type":"ImageObject","inLanguage":"pt-BR","@id":"https:\/\/jornalfatosenoticias.com.br\/#\/schema\/person\/image\/","url":"https:\/\/jornalfatosenoticias.com.br\/wp-content\/uploads\/2025\/05\/EU_portal.jpg","contentUrl":"https:\/\/jornalfatosenoticias.com.br\/wp-content\/uploads\/2025\/05\/EU_portal.jpg","caption":"Luzimara Fernandes"},"description":"Jornalista MTB 2358-ES","sameAs":["https:\/\/jornalfatosenoticias.com.br"],"url":"https:\/\/jornalfatosenoticias.com.br\/index.php\/author\/luzimara\/"}]}},"cc_featured_image_caption":{"caption_text":"(Foto: iStock) \r\n","source_text":"","source_url":""},"jetpack_featured_media_url":"https:\/\/jornalfatosenoticias.com.br\/wp-content\/uploads\/2024\/06\/beija-flor-topetinho-vermelho_istock.jpg","_links":{"self":[{"href":"https:\/\/jornalfatosenoticias.com.br\/index.php\/wp-json\/wp\/v2\/posts\/51911","targetHints":{"allow":["GET"]}}],"collection":[{"href":"https:\/\/jornalfatosenoticias.com.br\/index.php\/wp-json\/wp\/v2\/posts"}],"about":[{"href":"https:\/\/jornalfatosenoticias.com.br\/index.php\/wp-json\/wp\/v2\/types\/post"}],"author":[{"embeddable":true,"href":"https:\/\/jornalfatosenoticias.com.br\/index.php\/wp-json\/wp\/v2\/users\/2"}],"replies":[{"embeddable":true,"href":"https:\/\/jornalfatosenoticias.com.br\/index.php\/wp-json\/wp\/v2\/comments?post=51911"}],"version-history":[{"count":0,"href":"https:\/\/jornalfatosenoticias.com.br\/index.php\/wp-json\/wp\/v2\/posts\/51911\/revisions"}],"wp:featuredmedia":[{"embeddable":true,"href":"https:\/\/jornalfatosenoticias.com.br\/index.php\/wp-json\/wp\/v2\/media\/51912"}],"wp:attachment":[{"href":"https:\/\/jornalfatosenoticias.com.br\/index.php\/wp-json\/wp\/v2\/media?parent=51911"}],"wp:term":[{"taxonomy":"category","embeddable":true,"href":"https:\/\/jornalfatosenoticias.com.br\/index.php\/wp-json\/wp\/v2\/categories?post=51911"},{"taxonomy":"post_tag","embeddable":true,"href":"https:\/\/jornalfatosenoticias.com.br\/index.php\/wp-json\/wp\/v2\/tags?post=51911"}],"curies":[{"name":"wp","href":"https:\/\/api.w.org\/{rel}","templated":true}]}}