{"id":51915,"date":"2024-06-12T09:43:57","date_gmt":"2024-06-12T12:43:57","guid":{"rendered":"https:\/\/jornalfatosenoticias.com.br\/?p=51915"},"modified":"2024-06-12T09:44:00","modified_gmt":"2024-06-12T12:44:00","slug":"caldo-de-cana-e-usado-para-produzir-energia-eletrica","status":"publish","type":"post","link":"https:\/\/jornalfatosenoticias.com.br\/index.php\/2024\/06\/12\/caldo-de-cana-e-usado-para-produzir-energia-eletrica\/","title":{"rendered":"Caldo de cana \u00e9 usado para produzir energia el\u00e9trica"},"content":{"rendered":"\n<p><em><span class=\"has-inline-color has-black-color\">Processo n\u00e3o requer a transforma\u00e7\u00e3o do caldo in natura em etanol \u2014 saiba como a pesquisa contribuir\u00e1 com a gera\u00e7\u00e3o de energia limpa<\/span><\/em><\/p>\n\n\n\n<p><span class=\"has-inline-color has-black-color\">Por <strong>J\u00falio Bernardes\/Jornal da USP<\/strong><\/span><\/p>\n\n\n\n<div class=\"wp-block-image\"><figure class=\"aligncenter size-large is-resized\"><img loading=\"lazy\" decoding=\"async\" src=\"https:\/\/jornalfatosenoticias.com.br\/wp-content\/uploads\/2023\/09\/vetorvix1024_1.jpg\" alt=\"\" class=\"wp-image-44868\" width=\"543\" height=\"144\" srcset=\"https:\/\/jornalfatosenoticias.com.br\/wp-content\/uploads\/2023\/09\/vetorvix1024_1.jpg 1024w, https:\/\/jornalfatosenoticias.com.br\/wp-content\/uploads\/2023\/09\/vetorvix1024_1-300x80.jpg 300w, https:\/\/jornalfatosenoticias.com.br\/wp-content\/uploads\/2023\/09\/vetorvix1024_1-768x205.jpg 768w\" sizes=\"auto, (max-width: 543px) 100vw, 543px\" \/><\/figure><\/div>\n\n\n\n<p>Pesquisadores do Instituto de Pesquisas Energ\u00e9ticas e Nucleares (Ipen), \u00f3rg\u00e3o associado \u00e0 USP, testaram o uso de caldo de cana para gerar energia el\u00e9trica em c\u00e9lulas a combust\u00edvel. O processo dispensa a transforma\u00e7\u00e3o do caldo in natura em etanol, feita nas usinas de \u00e1lcool, impedindo a forma\u00e7\u00e3o de res\u00edduos nocivos ao meio ambiente. Ap\u00f3s o \u00eaxito dos experimentos em laborat\u00f3rio, os cientistas v\u00e3o desenvolver a aplica\u00e7\u00e3o da t\u00e9cnica em escala industrial.<\/p>\n\n\n\n<blockquote class=\"wp-block-quote is-layout-flow wp-block-quote-is-layout-flow\"><p><span class=\"has-inline-color has-luminous-vivid-orange-color\">A c\u00e9lula a combust\u00edvel tem o mesmo princ\u00edpio de funcionamento de uma pilha. A diferen\u00e7a \u00e9 que o <a href=\"https:\/\/ciclovivo.com.br\/planeta\/energia\/minas-gerais-vai-produzir-biocombustivel-de-macauba\/\" target=\"_blank\" rel=\"noreferrer noopener\">combust\u00edvel<\/a> serve como reagente para ser consumido e gerar eletricidade\u201d, explica o pesquisador do Ipen, Almir Oliveira Neto, que coordenou a pesquisa. \u201cNa c\u00e9lula, h\u00e1 dois eletrodos, o \u00e2nodo, onde o combust\u00edvel \u00e9 oxidado, e o c\u00e1todo, onde o oxig\u00eanio da oxida\u00e7\u00e3o \u00e9 reduzido. Eles s\u00e3o conectados por uma membrana que atua como eletr\u00f3lito, conduzindo eletricidade, formando um sistema que fornece energia el\u00e9trica\u201d.<\/span><\/p><\/blockquote>\n\n\n\n<div class=\"wp-block-image\"><figure class=\"aligncenter size-large is-resized\"><img loading=\"lazy\" decoding=\"async\" src=\"https:\/\/jornalfatosenoticias.com.br\/wp-content\/uploads\/2023\/08\/BKR-1024x1021.jpg\" alt=\"\" class=\"wp-image-44494\" width=\"295\" height=\"294\" srcset=\"https:\/\/jornalfatosenoticias.com.br\/wp-content\/uploads\/2023\/08\/BKR-1024x1021.jpg 1024w, https:\/\/jornalfatosenoticias.com.br\/wp-content\/uploads\/2023\/08\/BKR-300x300.jpg 300w, https:\/\/jornalfatosenoticias.com.br\/wp-content\/uploads\/2023\/08\/BKR-150x150.jpg 150w, https:\/\/jornalfatosenoticias.com.br\/wp-content\/uploads\/2023\/08\/BKR-768x766.jpg 768w, https:\/\/jornalfatosenoticias.com.br\/wp-content\/uploads\/2023\/08\/BKR.jpg 1080w\" sizes=\"auto, (max-width: 295px) 100vw, 295px\" \/><\/figure><\/div>\n\n\n\n<p>\u201cNo dispositivo que foi desenvolvido na pesquisa, a oxida\u00e7\u00e3o do caldo de cana acontece no \u00e2nodo e a redu\u00e7\u00e3o de oxig\u00eanio no catodo. O objetivo do experimento era obter energia da biomassa com o m\u00ednimo impacto ambiental poss\u00edvel. Para isso, utilizou-se o caldo de cana em uma c\u00e9lula a combust\u00edvel para gerar <a href=\"https:\/\/ciclovivo.com.br\/fique-ligado\/e-books\/turma-da-monica-ensina-sobre-reciclagem-de-lampadas-fluorescentes\/\" target=\"_blank\" rel=\"noreferrer noopener\">energia<\/a> el\u00e9trica\u201d, diz o pesquisador. <\/p>\n\n\n\n<div class=\"wp-block-image\"><figure class=\"aligncenter size-large is-resized\"><img loading=\"lazy\" decoding=\"async\" src=\"https:\/\/jornalfatosenoticias.com.br\/wp-content\/uploads\/2022\/02\/Precisao-Contabilidade-1024x724.jpg\" alt=\"\" class=\"wp-image-28088\" width=\"378\" height=\"267\"\/><\/figure><\/div>\n\n\n\n<blockquote class=\"wp-block-quote is-layout-flow wp-block-quote-is-layout-flow\"><p><span class=\"has-inline-color has-luminous-vivid-orange-color\">O uso do caldo de cana direto evita a forma\u00e7\u00e3o de vinha\u00e7a, um res\u00edduo ambientalmente perigoso decorrente da produ\u00e7\u00e3o de etanol, contribuindo, assim, para a preserva\u00e7\u00e3o do meio ambiente\u201d.<\/span><\/p><\/blockquote>\n\n\n\n<div class=\"wp-block-image\"><figure class=\"aligncenter size-large is-resized\"><img loading=\"lazy\" decoding=\"async\" src=\"https:\/\/jornalfatosenoticias.com.br\/wp-content\/uploads\/2020\/02\/CONTROL-CS.jpg\" alt=\"\" class=\"wp-image-44991\" width=\"268\" height=\"321\" srcset=\"https:\/\/jornalfatosenoticias.com.br\/wp-content\/uploads\/2020\/02\/CONTROL-CS.jpg 834w, https:\/\/jornalfatosenoticias.com.br\/wp-content\/uploads\/2020\/02\/CONTROL-CS-250x300.jpg 250w, https:\/\/jornalfatosenoticias.com.br\/wp-content\/uploads\/2020\/02\/CONTROL-CS-768x921.jpg 768w\" sizes=\"auto, (max-width: 268px) 100vw, 268px\" \/><\/figure><\/div>\n\n\n\n<p>Segundo Oliveira Neto, a c\u00e9lula a combust\u00edvel pode usar o caldo obtido diretamente pela moagem da cana, como o vendido nas feiras livres. \u201cNo entanto, \u00e9 preciso uma padroniza\u00e7\u00e3o, pois ele pode apresentar varia\u00e7\u00f5es em decorr\u00eancia da safra de cana\u201d, observa. \u201cNo nosso trabalho, produzimos um caldo de cana sint\u00e9tico a fim de poder comparar os resultados, mas o caldo de cana in natura foi empregado numa pesquisa anterior\u201d.<\/p>\n\n\n\n<div class=\"wp-block-image\"><figure class=\"aligncenter size-large\"><img loading=\"lazy\" decoding=\"async\" width=\"1000\" height=\"525\" src=\"https:\/\/jornalfatosenoticias.com.br\/wp-content\/uploads\/2024\/06\/caldo-cana-energia.jpg\" alt=\"\" class=\"wp-image-51916\" srcset=\"https:\/\/jornalfatosenoticias.com.br\/wp-content\/uploads\/2024\/06\/caldo-cana-energia.jpg 1000w, https:\/\/jornalfatosenoticias.com.br\/wp-content\/uploads\/2024\/06\/caldo-cana-energia-300x158.jpg 300w, https:\/\/jornalfatosenoticias.com.br\/wp-content\/uploads\/2024\/06\/caldo-cana-energia-768x403.jpg 768w\" sizes=\"auto, (max-width: 1000px) 100vw, 1000px\" \/><figcaption><em><span class=\"has-inline-color has-black-color\">C\u00e9lula a combust\u00edvel tem o mesmo princ\u00edpio de funcionamento de uma pilha, a diferen\u00e7a \u00e9 que o combust\u00edvel serve como reagente para ser consumido e gerar eletricidade (Imagem: Cedida pelos pesquisadores)<\/span><\/em><\/figcaption><\/figure><\/div>\n\n\n\n<p><strong><span class=\"has-inline-color has-black-color\">Sem res\u00edduos ambientais<br><\/span><\/strong>Bruno Villardi, um dos pesquisadores envolvidos no projeto, explica como funciona uma c\u00e9lula a combust\u00edvel e de que forma a pesquisa contribuir\u00e1 com a gera\u00e7\u00e3o de energia limpa. \u201cTanto a oxida\u00e7\u00e3o do \u00e1lcool quanto a do caldo de cana ocorrem de forma parcial, ou seja, a rea\u00e7\u00e3o n\u00e3o tem aproveitamento total em rela\u00e7\u00e3o ao n\u00famero de el\u00e9trons\u201d, ressalta o cientista. <\/p>\n\n\n\n<div class=\"wp-block-image\"><figure class=\"aligncenter size-large\"><img loading=\"lazy\" decoding=\"async\" width=\"300\" height=\"250\" src=\"https:\/\/jornalfatosenoticias.com.br\/wp-content\/uploads\/2022\/02\/FERRARI_MAQUINAS-E-FERRAMENTAS2.jpg\" alt=\"\" class=\"wp-image-27860\"\/><\/figure><\/div>\n\n\n\n<blockquote class=\"wp-block-quote is-layout-flow wp-block-quote-is-layout-flow\"><p><span class=\"has-inline-color has-luminous-vivid-orange-color\">O uso direto do caldo de cana, por\u00e9m, tem a vantagem de n\u00e3o gerar res\u00edduos ambientais, e al\u00e9m da gera\u00e7\u00e3o de energia pode ser direcionado a fabrica\u00e7\u00e3o de produtos de maior valor agregado, como os \u00e1cidos gluc\u00f4nico, sac\u00e1rico, l\u00e1tico, levul\u00ednico e furfural, que t\u00eam diversas aplica\u00e7\u00f5es nas ind\u00fastrias aliment\u00edcia, de cosm\u00e9ticos, farmac\u00eautica e de pol\u00edmeros\u201d.<\/span><\/p><\/blockquote>\n\n\n\n<div class=\"wp-block-image\"><figure class=\"aligncenter size-large is-resized\"><img loading=\"lazy\" decoding=\"async\" src=\"https:\/\/jornalfatosenoticias.com.br\/wp-content\/uploads\/2023\/08\/ITH.jpeg\" alt=\"\" class=\"wp-image-44638\" width=\"307\" height=\"249\" srcset=\"https:\/\/jornalfatosenoticias.com.br\/wp-content\/uploads\/2023\/08\/ITH.jpeg 800w, https:\/\/jornalfatosenoticias.com.br\/wp-content\/uploads\/2023\/08\/ITH-300x244.jpeg 300w, https:\/\/jornalfatosenoticias.com.br\/wp-content\/uploads\/2023\/08\/ITH-768x624.jpeg 768w\" sizes=\"auto, (max-width: 307px) 100vw, 307px\" \/><\/figure><\/div>\n\n\n\n<p>Oliveira Neto destaca que o prot\u00f3tipo da <a href=\"https:\/\/ciclovivo.com.br\/inovacao\/tecnologia\/usando-ureia-cientistas-criam-celula-de-combustivel-potente-e-acessivel\/\" target=\"_blank\" rel=\"noreferrer noopener\">c\u00e9lula a combust\u00edvel<\/a> desenvolvido na pesquisa permite o aumento de escala em laborat\u00f3rio. \u201cPara se observar o desempenho com maiores quantidades de caldo de cana e energia ser\u00e3o necess\u00e1rios o aumento da \u00e1rea dos eletrodos, e desenvolvimento e amplia\u00e7\u00e3o de escala\u201d, planeja. \u201cAl\u00e9m disso, ser\u00e1 preciso um maior montante de recursos p\u00fablicos e privados para a concretiza\u00e7\u00e3o do objetivo final, o uso do dispositivo em escala industrial\u201d.<\/p>\n\n\n\n<figure class=\"wp-block-embed-youtube wp-block-embed is-type-video is-provider-youtube wp-embed-aspect-16-9 wp-has-aspect-ratio\"><div class=\"wp-block-embed__wrapper\">\n<iframe loading=\"lazy\" title=\"Explicando uma c\u00e9lula combust\u00edvel \u26fd\ufe0f\" width=\"660\" height=\"371\" src=\"https:\/\/www.youtube.com\/embed\/L9rFzZyn28w?feature=oembed\" frameborder=\"0\" allow=\"accelerometer; autoplay; clipboard-write; encrypted-media; gyroscope; picture-in-picture; web-share\" referrerpolicy=\"strict-origin-when-cross-origin\" allowfullscreen><\/iframe>\n<\/div><\/figure>\n\n\n\n<p>O estudo teve a participa\u00e7\u00e3o dos pesquisadores Bruno Villardi e J\u00falio Nadenha, doutores formados pelo Programa de Tecnologia Nuclear e Materiais da USP e do Ipen; Vict\u00f3ria Maia, doutoranda do programa; e dos p\u00f3s-doutorandos Priscila Zambiazi e Rodrigo Souza, do Centro de C\u00e9lulas a Combust\u00edvel e Hidrog\u00eanio do Ipen. A pesquisa teve a supervis\u00e3o de Almir Oliveira Neto, orientador credenciado no Programa de Tecnologia Nuclear e Materiais da USP e do Ipen, onde Souza atua como coorientador.<\/p>\n\n\n\n<div class=\"wp-block-image\"><figure class=\"aligncenter size-large is-resized\"><img loading=\"lazy\" decoding=\"async\" src=\"https:\/\/jornalfatosenoticias.com.br\/wp-content\/uploads\/2023\/03\/logo-Panper_portal.jpg\" alt=\"\" class=\"wp-image-40208\" width=\"318\" height=\"220\" srcset=\"https:\/\/jornalfatosenoticias.com.br\/wp-content\/uploads\/2023\/03\/logo-Panper_portal.jpg 400w, https:\/\/jornalfatosenoticias.com.br\/wp-content\/uploads\/2023\/03\/logo-Panper_portal-300x208.jpg 300w\" sizes=\"auto, (max-width: 318px) 100vw, 318px\" \/><\/figure><\/div>\n\n\n\n<p>Os resultados do trabalho s\u00e3o apresentados nos artigos\u00a0<a href=\"https:\/\/rvq.sbq.org.br\/pdf\/RVq081222-a1\" target=\"_blank\" rel=\"noreferrer noopener\"><em>Desempenho Eletrocatal\u00edtico de Pd\/C e Pt\/C para Gera\u00e7\u00e3o de Energia a partir do Extrato de Cana-de-A\u00e7\u00facar em C\u00e9lula a Combust\u00edvel de L\u00edquido Direto<\/em><\/a>, publicado na\u00a0<em>Revista Virtual de Qu\u00edmica<\/em>, e\u00a0<a href=\"https:\/\/link.springer.com\/article\/10.1007\/s12355-024-01391-3\" target=\"_blank\" rel=\"noreferrer noopener\"><em>Optimizing PtSn Composition in Direct Sugarcane Extract Fuel Cells: A Sustainable Bioenergy Solution<\/em><\/a>, que saiu na edi\u00e7\u00e3o on-line da revista cient\u00edfica\u00a0<em>SugarTech<\/em>\u00a0em mar\u00e7o.<\/p>\n\n\n\n<div class=\"wp-block-image\"><figure class=\"aligncenter size-large is-resized\"><img loading=\"lazy\" decoding=\"async\" src=\"https:\/\/jornalfatosenoticias.com.br\/wp-content\/uploads\/2020\/02\/logo-Rapuzel-1024x571.jpg\" alt=\"\" class=\"wp-image-42808\" width=\"370\" height=\"206\" srcset=\"https:\/\/jornalfatosenoticias.com.br\/wp-content\/uploads\/2020\/02\/logo-Rapuzel-1024x571.jpg 1024w, https:\/\/jornalfatosenoticias.com.br\/wp-content\/uploads\/2020\/02\/logo-Rapuzel-300x167.jpg 300w, https:\/\/jornalfatosenoticias.com.br\/wp-content\/uploads\/2020\/02\/logo-Rapuzel-768x428.jpg 768w, https:\/\/jornalfatosenoticias.com.br\/wp-content\/uploads\/2020\/02\/logo-Rapuzel-1536x856.jpg 1536w, https:\/\/jornalfatosenoticias.com.br\/wp-content\/uploads\/2020\/02\/logo-Rapuzel.jpg 1600w\" sizes=\"auto, (max-width: 370px) 100vw, 370px\" \/><\/figure><\/div>\n\n\n\n<p><strong><em>Fonte: <a href=\"https:\/\/ciclovivo.com.br\/planeta\/energia\/caldo-de-cana-e-usado-para-produzir-energia-eletrica\/\">CicloVivo<\/a><\/em><\/strong><\/p>\n","protected":false},"excerpt":{"rendered":"<p>Processo n\u00e3o requer a transforma\u00e7\u00e3o do caldo in natura em etanol \u2014 saiba como a pesquisa contribuir\u00e1 com a gera\u00e7\u00e3o de energia limpa Por J\u00falio Bernardes\/Jornal da USP Pesquisadores do Instituto de Pesquisas Energ\u00e9ticas e Nucleares (Ipen), \u00f3rg\u00e3o associado \u00e0 USP, testaram o uso de caldo de cana para gerar energia el\u00e9trica em c\u00e9lulas a [&hellip;]<\/p>\n","protected":false},"author":2,"featured_media":51917,"comment_status":"open","ping_status":"open","sticky":false,"template":"","format":"standard","meta":{"footnotes":""},"categories":[3],"tags":[23762,1577,1094],"class_list":["post-51915","post","type-post","status-publish","format-standard","has-post-thumbnail","hentry","category-tecnologia","tag-caldo-de-cana","tag-energia-eletrica","tag-energia-limpa"],"yoast_head":"<!-- This site is optimized with the Yoast SEO plugin v26.5 - https:\/\/yoast.com\/wordpress\/plugins\/seo\/ -->\n<title>Caldo de cana \u00e9 usado para produzir energia el\u00e9trica - Jornal Fatos e Not\u00edcias<\/title>\n<meta name=\"robots\" content=\"index, follow, max-snippet:-1, max-image-preview:large, max-video-preview:-1\" \/>\n<link rel=\"canonical\" href=\"https:\/\/jornalfatosenoticias.com.br\/index.php\/2024\/06\/12\/caldo-de-cana-e-usado-para-produzir-energia-eletrica\/\" \/>\n<meta property=\"og:locale\" content=\"pt_BR\" \/>\n<meta property=\"og:type\" content=\"article\" \/>\n<meta property=\"og:title\" content=\"Caldo de cana \u00e9 usado para produzir energia el\u00e9trica - Jornal Fatos e Not\u00edcias\" \/>\n<meta property=\"og:description\" content=\"Processo n\u00e3o requer a transforma\u00e7\u00e3o do caldo in natura em etanol \u2014 saiba como a pesquisa contribuir\u00e1 com a gera\u00e7\u00e3o de energia limpa Por J\u00falio Bernardes\/Jornal da USP Pesquisadores do Instituto de Pesquisas Energ\u00e9ticas e Nucleares (Ipen), \u00f3rg\u00e3o associado \u00e0 USP, testaram o uso de caldo de cana para gerar energia el\u00e9trica em c\u00e9lulas a [&hellip;]\" \/>\n<meta property=\"og:url\" content=\"https:\/\/jornalfatosenoticias.com.br\/index.php\/2024\/06\/12\/caldo-de-cana-e-usado-para-produzir-energia-eletrica\/\" \/>\n<meta property=\"og:site_name\" content=\"Jornal Fatos e Not\u00edcias\" \/>\n<meta property=\"article:published_time\" content=\"2024-06-12T12:43:57+00:00\" \/>\n<meta property=\"article:modified_time\" content=\"2024-06-12T12:44:00+00:00\" \/>\n<meta property=\"og:image\" content=\"https:\/\/jornalfatosenoticias.com.br\/wp-content\/uploads\/2024\/06\/caldo-cana.jpg\" \/>\n\t<meta property=\"og:image:width\" content=\"1000\" \/>\n\t<meta property=\"og:image:height\" content=\"500\" \/>\n\t<meta property=\"og:image:type\" content=\"image\/jpeg\" \/>\n<meta name=\"author\" content=\"Luzimara Fernandes\" \/>\n<meta name=\"twitter:card\" content=\"summary_large_image\" \/>\n<meta name=\"twitter:label1\" content=\"Escrito por\" \/>\n\t<meta name=\"twitter:data1\" content=\"Luzimara Fernandes\" \/>\n\t<meta name=\"twitter:label2\" content=\"Est. tempo de leitura\" \/>\n\t<meta name=\"twitter:data2\" content=\"4 minutos\" \/>\n<script type=\"application\/ld+json\" class=\"yoast-schema-graph\">{\"@context\":\"https:\/\/schema.org\",\"@graph\":[{\"@type\":\"Article\",\"@id\":\"https:\/\/jornalfatosenoticias.com.br\/index.php\/2024\/06\/12\/caldo-de-cana-e-usado-para-produzir-energia-eletrica\/#article\",\"isPartOf\":{\"@id\":\"https:\/\/jornalfatosenoticias.com.br\/index.php\/2024\/06\/12\/caldo-de-cana-e-usado-para-produzir-energia-eletrica\/\"},\"author\":{\"name\":\"Luzimara Fernandes\",\"@id\":\"https:\/\/jornalfatosenoticias.com.br\/#\/schema\/person\/d63837fa13ac8666eb9e74e0985d6f81\"},\"headline\":\"Caldo de cana \u00e9 usado para produzir energia el\u00e9trica\",\"datePublished\":\"2024-06-12T12:43:57+00:00\",\"dateModified\":\"2024-06-12T12:44:00+00:00\",\"mainEntityOfPage\":{\"@id\":\"https:\/\/jornalfatosenoticias.com.br\/index.php\/2024\/06\/12\/caldo-de-cana-e-usado-para-produzir-energia-eletrica\/\"},\"wordCount\":845,\"commentCount\":0,\"publisher\":{\"@id\":\"https:\/\/jornalfatosenoticias.com.br\/#organization\"},\"image\":{\"@id\":\"https:\/\/jornalfatosenoticias.com.br\/index.php\/2024\/06\/12\/caldo-de-cana-e-usado-para-produzir-energia-eletrica\/#primaryimage\"},\"thumbnailUrl\":\"https:\/\/jornalfatosenoticias.com.br\/wp-content\/uploads\/2024\/06\/caldo-cana.jpg\",\"keywords\":[\"caldo de cana\",\"energia el\u00e9trica\",\"energia limpa\"],\"articleSection\":[\"Tecnologia &amp; Inova\u00e7\u00e3o\"],\"inLanguage\":\"pt-BR\",\"potentialAction\":[{\"@type\":\"CommentAction\",\"name\":\"Comment\",\"target\":[\"https:\/\/jornalfatosenoticias.com.br\/index.php\/2024\/06\/12\/caldo-de-cana-e-usado-para-produzir-energia-eletrica\/#respond\"]}]},{\"@type\":\"WebPage\",\"@id\":\"https:\/\/jornalfatosenoticias.com.br\/index.php\/2024\/06\/12\/caldo-de-cana-e-usado-para-produzir-energia-eletrica\/\",\"url\":\"https:\/\/jornalfatosenoticias.com.br\/index.php\/2024\/06\/12\/caldo-de-cana-e-usado-para-produzir-energia-eletrica\/\",\"name\":\"Caldo de cana \u00e9 usado para produzir energia el\u00e9trica - Jornal Fatos e Not\u00edcias\",\"isPartOf\":{\"@id\":\"https:\/\/jornalfatosenoticias.com.br\/#website\"},\"primaryImageOfPage\":{\"@id\":\"https:\/\/jornalfatosenoticias.com.br\/index.php\/2024\/06\/12\/caldo-de-cana-e-usado-para-produzir-energia-eletrica\/#primaryimage\"},\"image\":{\"@id\":\"https:\/\/jornalfatosenoticias.com.br\/index.php\/2024\/06\/12\/caldo-de-cana-e-usado-para-produzir-energia-eletrica\/#primaryimage\"},\"thumbnailUrl\":\"https:\/\/jornalfatosenoticias.com.br\/wp-content\/uploads\/2024\/06\/caldo-cana.jpg\",\"datePublished\":\"2024-06-12T12:43:57+00:00\",\"dateModified\":\"2024-06-12T12:44:00+00:00\",\"breadcrumb\":{\"@id\":\"https:\/\/jornalfatosenoticias.com.br\/index.php\/2024\/06\/12\/caldo-de-cana-e-usado-para-produzir-energia-eletrica\/#breadcrumb\"},\"inLanguage\":\"pt-BR\",\"potentialAction\":[{\"@type\":\"ReadAction\",\"target\":[\"https:\/\/jornalfatosenoticias.com.br\/index.php\/2024\/06\/12\/caldo-de-cana-e-usado-para-produzir-energia-eletrica\/\"]}]},{\"@type\":\"ImageObject\",\"inLanguage\":\"pt-BR\",\"@id\":\"https:\/\/jornalfatosenoticias.com.br\/index.php\/2024\/06\/12\/caldo-de-cana-e-usado-para-produzir-energia-eletrica\/#primaryimage\",\"url\":\"https:\/\/jornalfatosenoticias.com.br\/wp-content\/uploads\/2024\/06\/caldo-cana.jpg\",\"contentUrl\":\"https:\/\/jornalfatosenoticias.com.br\/wp-content\/uploads\/2024\/06\/caldo-cana.jpg\",\"width\":1000,\"height\":500},{\"@type\":\"BreadcrumbList\",\"@id\":\"https:\/\/jornalfatosenoticias.com.br\/index.php\/2024\/06\/12\/caldo-de-cana-e-usado-para-produzir-energia-eletrica\/#breadcrumb\",\"itemListElement\":[{\"@type\":\"ListItem\",\"position\":1,\"name\":\"In\u00edcio\",\"item\":\"https:\/\/jornalfatosenoticias.com.br\/\"},{\"@type\":\"ListItem\",\"position\":2,\"name\":\"Caldo de cana \u00e9 usado para produzir energia el\u00e9trica\"}]},{\"@type\":\"WebSite\",\"@id\":\"https:\/\/jornalfatosenoticias.com.br\/#website\",\"url\":\"https:\/\/jornalfatosenoticias.com.br\/\",\"name\":\"Jornal Fatos e Not\u00edcias\",\"description\":\"Not\u00edcias em geral\",\"publisher\":{\"@id\":\"https:\/\/jornalfatosenoticias.com.br\/#organization\"},\"potentialAction\":[{\"@type\":\"SearchAction\",\"target\":{\"@type\":\"EntryPoint\",\"urlTemplate\":\"https:\/\/jornalfatosenoticias.com.br\/?s={search_term_string}\"},\"query-input\":{\"@type\":\"PropertyValueSpecification\",\"valueRequired\":true,\"valueName\":\"search_term_string\"}}],\"inLanguage\":\"pt-BR\"},{\"@type\":\"Organization\",\"@id\":\"https:\/\/jornalfatosenoticias.com.br\/#organization\",\"name\":\"Jornal Fatos e Not\u00edcias\",\"url\":\"https:\/\/jornalfatosenoticias.com.br\/\",\"logo\":{\"@type\":\"ImageObject\",\"inLanguage\":\"pt-BR\",\"@id\":\"https:\/\/jornalfatosenoticias.com.br\/#\/schema\/logo\/image\/\",\"url\":\"https:\/\/jornalfatosenoticias.com.br\/wp-content\/uploads\/2020\/02\/logo120.png\",\"contentUrl\":\"https:\/\/jornalfatosenoticias.com.br\/wp-content\/uploads\/2020\/02\/logo120.png\",\"width\":1227,\"height\":120,\"caption\":\"Jornal Fatos e Not\u00edcias\"},\"image\":{\"@id\":\"https:\/\/jornalfatosenoticias.com.br\/#\/schema\/logo\/image\/\"}},{\"@type\":\"Person\",\"@id\":\"https:\/\/jornalfatosenoticias.com.br\/#\/schema\/person\/d63837fa13ac8666eb9e74e0985d6f81\",\"name\":\"Luzimara Fernandes\",\"image\":{\"@type\":\"ImageObject\",\"inLanguage\":\"pt-BR\",\"@id\":\"https:\/\/jornalfatosenoticias.com.br\/#\/schema\/person\/image\/\",\"url\":\"https:\/\/jornalfatosenoticias.com.br\/wp-content\/uploads\/2025\/05\/EU_portal.jpg\",\"contentUrl\":\"https:\/\/jornalfatosenoticias.com.br\/wp-content\/uploads\/2025\/05\/EU_portal.jpg\",\"caption\":\"Luzimara Fernandes\"},\"description\":\"Jornalista MTB 2358-ES\",\"sameAs\":[\"https:\/\/jornalfatosenoticias.com.br\"],\"url\":\"https:\/\/jornalfatosenoticias.com.br\/index.php\/author\/luzimara\/\"}]}<\/script>\n<!-- \/ Yoast SEO plugin. -->","yoast_head_json":{"title":"Caldo de cana \u00e9 usado para produzir energia el\u00e9trica - Jornal Fatos e Not\u00edcias","robots":{"index":"index","follow":"follow","max-snippet":"max-snippet:-1","max-image-preview":"max-image-preview:large","max-video-preview":"max-video-preview:-1"},"canonical":"https:\/\/jornalfatosenoticias.com.br\/index.php\/2024\/06\/12\/caldo-de-cana-e-usado-para-produzir-energia-eletrica\/","og_locale":"pt_BR","og_type":"article","og_title":"Caldo de cana \u00e9 usado para produzir energia el\u00e9trica - Jornal Fatos e Not\u00edcias","og_description":"Processo n\u00e3o requer a transforma\u00e7\u00e3o do caldo in natura em etanol \u2014 saiba como a pesquisa contribuir\u00e1 com a gera\u00e7\u00e3o de energia limpa Por J\u00falio Bernardes\/Jornal da USP Pesquisadores do Instituto de Pesquisas Energ\u00e9ticas e Nucleares (Ipen), \u00f3rg\u00e3o associado \u00e0 USP, testaram o uso de caldo de cana para gerar energia el\u00e9trica em c\u00e9lulas a [&hellip;]","og_url":"https:\/\/jornalfatosenoticias.com.br\/index.php\/2024\/06\/12\/caldo-de-cana-e-usado-para-produzir-energia-eletrica\/","og_site_name":"Jornal Fatos e Not\u00edcias","article_published_time":"2024-06-12T12:43:57+00:00","article_modified_time":"2024-06-12T12:44:00+00:00","og_image":[{"width":1000,"height":500,"url":"https:\/\/jornalfatosenoticias.com.br\/wp-content\/uploads\/2024\/06\/caldo-cana.jpg","type":"image\/jpeg"}],"author":"Luzimara Fernandes","twitter_card":"summary_large_image","twitter_misc":{"Escrito por":"Luzimara Fernandes","Est. tempo de leitura":"4 minutos"},"schema":{"@context":"https:\/\/schema.org","@graph":[{"@type":"Article","@id":"https:\/\/jornalfatosenoticias.com.br\/index.php\/2024\/06\/12\/caldo-de-cana-e-usado-para-produzir-energia-eletrica\/#article","isPartOf":{"@id":"https:\/\/jornalfatosenoticias.com.br\/index.php\/2024\/06\/12\/caldo-de-cana-e-usado-para-produzir-energia-eletrica\/"},"author":{"name":"Luzimara Fernandes","@id":"https:\/\/jornalfatosenoticias.com.br\/#\/schema\/person\/d63837fa13ac8666eb9e74e0985d6f81"},"headline":"Caldo de cana \u00e9 usado para produzir energia el\u00e9trica","datePublished":"2024-06-12T12:43:57+00:00","dateModified":"2024-06-12T12:44:00+00:00","mainEntityOfPage":{"@id":"https:\/\/jornalfatosenoticias.com.br\/index.php\/2024\/06\/12\/caldo-de-cana-e-usado-para-produzir-energia-eletrica\/"},"wordCount":845,"commentCount":0,"publisher":{"@id":"https:\/\/jornalfatosenoticias.com.br\/#organization"},"image":{"@id":"https:\/\/jornalfatosenoticias.com.br\/index.php\/2024\/06\/12\/caldo-de-cana-e-usado-para-produzir-energia-eletrica\/#primaryimage"},"thumbnailUrl":"https:\/\/jornalfatosenoticias.com.br\/wp-content\/uploads\/2024\/06\/caldo-cana.jpg","keywords":["caldo de cana","energia el\u00e9trica","energia limpa"],"articleSection":["Tecnologia &amp; Inova\u00e7\u00e3o"],"inLanguage":"pt-BR","potentialAction":[{"@type":"CommentAction","name":"Comment","target":["https:\/\/jornalfatosenoticias.com.br\/index.php\/2024\/06\/12\/caldo-de-cana-e-usado-para-produzir-energia-eletrica\/#respond"]}]},{"@type":"WebPage","@id":"https:\/\/jornalfatosenoticias.com.br\/index.php\/2024\/06\/12\/caldo-de-cana-e-usado-para-produzir-energia-eletrica\/","url":"https:\/\/jornalfatosenoticias.com.br\/index.php\/2024\/06\/12\/caldo-de-cana-e-usado-para-produzir-energia-eletrica\/","name":"Caldo de cana \u00e9 usado para produzir energia el\u00e9trica - Jornal Fatos e Not\u00edcias","isPartOf":{"@id":"https:\/\/jornalfatosenoticias.com.br\/#website"},"primaryImageOfPage":{"@id":"https:\/\/jornalfatosenoticias.com.br\/index.php\/2024\/06\/12\/caldo-de-cana-e-usado-para-produzir-energia-eletrica\/#primaryimage"},"image":{"@id":"https:\/\/jornalfatosenoticias.com.br\/index.php\/2024\/06\/12\/caldo-de-cana-e-usado-para-produzir-energia-eletrica\/#primaryimage"},"thumbnailUrl":"https:\/\/jornalfatosenoticias.com.br\/wp-content\/uploads\/2024\/06\/caldo-cana.jpg","datePublished":"2024-06-12T12:43:57+00:00","dateModified":"2024-06-12T12:44:00+00:00","breadcrumb":{"@id":"https:\/\/jornalfatosenoticias.com.br\/index.php\/2024\/06\/12\/caldo-de-cana-e-usado-para-produzir-energia-eletrica\/#breadcrumb"},"inLanguage":"pt-BR","potentialAction":[{"@type":"ReadAction","target":["https:\/\/jornalfatosenoticias.com.br\/index.php\/2024\/06\/12\/caldo-de-cana-e-usado-para-produzir-energia-eletrica\/"]}]},{"@type":"ImageObject","inLanguage":"pt-BR","@id":"https:\/\/jornalfatosenoticias.com.br\/index.php\/2024\/06\/12\/caldo-de-cana-e-usado-para-produzir-energia-eletrica\/#primaryimage","url":"https:\/\/jornalfatosenoticias.com.br\/wp-content\/uploads\/2024\/06\/caldo-cana.jpg","contentUrl":"https:\/\/jornalfatosenoticias.com.br\/wp-content\/uploads\/2024\/06\/caldo-cana.jpg","width":1000,"height":500},{"@type":"BreadcrumbList","@id":"https:\/\/jornalfatosenoticias.com.br\/index.php\/2024\/06\/12\/caldo-de-cana-e-usado-para-produzir-energia-eletrica\/#breadcrumb","itemListElement":[{"@type":"ListItem","position":1,"name":"In\u00edcio","item":"https:\/\/jornalfatosenoticias.com.br\/"},{"@type":"ListItem","position":2,"name":"Caldo de cana \u00e9 usado para produzir energia el\u00e9trica"}]},{"@type":"WebSite","@id":"https:\/\/jornalfatosenoticias.com.br\/#website","url":"https:\/\/jornalfatosenoticias.com.br\/","name":"Jornal Fatos e Not\u00edcias","description":"Not\u00edcias em geral","publisher":{"@id":"https:\/\/jornalfatosenoticias.com.br\/#organization"},"potentialAction":[{"@type":"SearchAction","target":{"@type":"EntryPoint","urlTemplate":"https:\/\/jornalfatosenoticias.com.br\/?s={search_term_string}"},"query-input":{"@type":"PropertyValueSpecification","valueRequired":true,"valueName":"search_term_string"}}],"inLanguage":"pt-BR"},{"@type":"Organization","@id":"https:\/\/jornalfatosenoticias.com.br\/#organization","name":"Jornal Fatos e Not\u00edcias","url":"https:\/\/jornalfatosenoticias.com.br\/","logo":{"@type":"ImageObject","inLanguage":"pt-BR","@id":"https:\/\/jornalfatosenoticias.com.br\/#\/schema\/logo\/image\/","url":"https:\/\/jornalfatosenoticias.com.br\/wp-content\/uploads\/2020\/02\/logo120.png","contentUrl":"https:\/\/jornalfatosenoticias.com.br\/wp-content\/uploads\/2020\/02\/logo120.png","width":1227,"height":120,"caption":"Jornal Fatos e Not\u00edcias"},"image":{"@id":"https:\/\/jornalfatosenoticias.com.br\/#\/schema\/logo\/image\/"}},{"@type":"Person","@id":"https:\/\/jornalfatosenoticias.com.br\/#\/schema\/person\/d63837fa13ac8666eb9e74e0985d6f81","name":"Luzimara Fernandes","image":{"@type":"ImageObject","inLanguage":"pt-BR","@id":"https:\/\/jornalfatosenoticias.com.br\/#\/schema\/person\/image\/","url":"https:\/\/jornalfatosenoticias.com.br\/wp-content\/uploads\/2025\/05\/EU_portal.jpg","contentUrl":"https:\/\/jornalfatosenoticias.com.br\/wp-content\/uploads\/2025\/05\/EU_portal.jpg","caption":"Luzimara Fernandes"},"description":"Jornalista MTB 2358-ES","sameAs":["https:\/\/jornalfatosenoticias.com.br"],"url":"https:\/\/jornalfatosenoticias.com.br\/index.php\/author\/luzimara\/"}]}},"cc_featured_image_caption":{"caption_text":"(Foto: Reprodu\u00e7\u00e3o\/CicloVivo) ","source_text":"","source_url":""},"jetpack_featured_media_url":"https:\/\/jornalfatosenoticias.com.br\/wp-content\/uploads\/2024\/06\/caldo-cana.jpg","_links":{"self":[{"href":"https:\/\/jornalfatosenoticias.com.br\/index.php\/wp-json\/wp\/v2\/posts\/51915","targetHints":{"allow":["GET"]}}],"collection":[{"href":"https:\/\/jornalfatosenoticias.com.br\/index.php\/wp-json\/wp\/v2\/posts"}],"about":[{"href":"https:\/\/jornalfatosenoticias.com.br\/index.php\/wp-json\/wp\/v2\/types\/post"}],"author":[{"embeddable":true,"href":"https:\/\/jornalfatosenoticias.com.br\/index.php\/wp-json\/wp\/v2\/users\/2"}],"replies":[{"embeddable":true,"href":"https:\/\/jornalfatosenoticias.com.br\/index.php\/wp-json\/wp\/v2\/comments?post=51915"}],"version-history":[{"count":0,"href":"https:\/\/jornalfatosenoticias.com.br\/index.php\/wp-json\/wp\/v2\/posts\/51915\/revisions"}],"wp:featuredmedia":[{"embeddable":true,"href":"https:\/\/jornalfatosenoticias.com.br\/index.php\/wp-json\/wp\/v2\/media\/51917"}],"wp:attachment":[{"href":"https:\/\/jornalfatosenoticias.com.br\/index.php\/wp-json\/wp\/v2\/media?parent=51915"}],"wp:term":[{"taxonomy":"category","embeddable":true,"href":"https:\/\/jornalfatosenoticias.com.br\/index.php\/wp-json\/wp\/v2\/categories?post=51915"},{"taxonomy":"post_tag","embeddable":true,"href":"https:\/\/jornalfatosenoticias.com.br\/index.php\/wp-json\/wp\/v2\/tags?post=51915"}],"curies":[{"name":"wp","href":"https:\/\/api.w.org\/{rel}","templated":true}]}}