{"id":51920,"date":"2024-06-12T10:28:55","date_gmt":"2024-06-12T13:28:55","guid":{"rendered":"https:\/\/jornalfatosenoticias.com.br\/?p=51920"},"modified":"2024-06-12T10:28:57","modified_gmt":"2024-06-12T13:28:57","slug":"leilao-do-arroz-foi-fiasco-anunciado-governo-lula-ignorou-todos-os-alertas","status":"publish","type":"post","link":"https:\/\/jornalfatosenoticias.com.br\/index.php\/2024\/06\/12\/leilao-do-arroz-foi-fiasco-anunciado-governo-lula-ignorou-todos-os-alertas\/","title":{"rendered":"Leil\u00e3o do arroz foi fiasco anunciado: governo Lula ignorou todos os alertas"},"content":{"rendered":"\n<p><em><span class=\"has-inline-color has-black-color\">Compras de arroz dispararam em maio por temor de desabastecimento<\/span><\/em><\/p>\n\n\n\n<p><span class=\"has-inline-color has-black-color\">Por <strong><a href=\"https:\/\/www.gazetadopovo.com.br\/autor\/marcos-tosi\/\">Marcos Tosi<\/a><\/strong><\/span><\/p>\n\n\n\n<div class=\"wp-block-image\"><figure class=\"aligncenter size-large\"><img loading=\"lazy\" decoding=\"async\" width=\"729\" height=\"90\" src=\"https:\/\/jornalfatosenoticias.com.br\/wp-content\/uploads\/2020\/02\/Logo_Mizu.png\" alt=\"\" class=\"wp-image-1441\" srcset=\"https:\/\/jornalfatosenoticias.com.br\/wp-content\/uploads\/2020\/02\/Logo_Mizu.png 729w, https:\/\/jornalfatosenoticias.com.br\/wp-content\/uploads\/2020\/02\/Logo_Mizu-300x37.png 300w\" sizes=\"auto, (max-width: 729px) 100vw, 729px\" \/><\/figure><\/div>\n\n\n\n<p>Apenas dez dias depois do in\u00edcio das inunda\u00e7\u00f5es no Rio Grande do Sul, quando o cavalo caramelo ainda aguardava resgate em cima de um telhado na cidade de Canoas, em 7 de maio, o governo Lula anunciou que iria intervir no mercado e comprar um milh\u00e3o de toneladas de arroz.<br>Toda a interven\u00e7\u00e3o foi feita a partir de um \u201cachismo\u201d do petista Luiz In\u00e1cio Lula da Silva. Naquele mesmo dia 7, ele afirmou: \u201cCom as chuvas, acho que n\u00f3s atrasamos de vez a colheita do Rio Grande do Sul. Portanto, se for o caso, para equilibrar a produ\u00e7\u00e3o, a gente vai ter de importar arroz&#8221;.<br>Era o in\u00edcio da cr\u00f4nica de um fiasco anunciado. Nos dias e semanas seguintes, de nada adiantaram todos os alertas de que praticamente a totalidade da colheita ga\u00facha de arroz, que abastece 70% do consumo nacional, estava segura, o que afastava qualquer risco de desabastecimento. A sucess\u00e3o de erros, amadorismo e suspeitas de desvios e favorecimentos culminou com a anula\u00e7\u00e3o do leil\u00e3o nesta ter\u00e7a-feira (11).<\/p>\n\n\n\n<div class=\"wp-block-image\"><figure class=\"aligncenter size-large is-resized\"><img loading=\"lazy\" decoding=\"async\" src=\"https:\/\/jornalfatosenoticias.com.br\/wp-content\/uploads\/2023\/03\/nova-logo-Marquetti.jpg\" alt=\"\" class=\"wp-image-40207\" width=\"324\" height=\"217\" srcset=\"https:\/\/jornalfatosenoticias.com.br\/wp-content\/uploads\/2023\/03\/nova-logo-Marquetti.jpg 643w, https:\/\/jornalfatosenoticias.com.br\/wp-content\/uploads\/2023\/03\/nova-logo-Marquetti-300x202.jpg 300w\" sizes=\"auto, (max-width: 324px) 100vw, 324px\" \/><\/figure><\/div>\n\n\n\n<p><strong><span class=\"has-inline-color has-luminous-vivid-orange-color\">Governo Lula ignorou apelos do RS contra importa\u00e7\u00e3o de arroz<br><\/span><\/strong>Logo quando o governo come\u00e7ou a falar em importa\u00e7\u00e3o estatal com pre\u00e7os subsidiados, entidades ga\u00fachas ligadas \u00e0 produ\u00e7\u00e3o arrozeira emitiram uma nota \u00e0 sociedade brasileira assegurando que o impacto das chuvas tinha reduzido em apenas 1,24% a colheita do cereal, que atingiu 7,15 milh\u00f5es de toneladas, \u201cinexistindo risco de desabastecimento de arroz ao mercado consumidor\u201d.<\/p>\n\n\n\n<div class=\"wp-block-image\"><figure class=\"aligncenter size-large is-resized\"><img loading=\"lazy\" decoding=\"async\" src=\"https:\/\/jornalfatosenoticias.com.br\/wp-content\/uploads\/2023\/03\/logo-Panper_portal.jpg\" alt=\"\" class=\"wp-image-40208\" width=\"334\" height=\"231\" srcset=\"https:\/\/jornalfatosenoticias.com.br\/wp-content\/uploads\/2023\/03\/logo-Panper_portal.jpg 400w, https:\/\/jornalfatosenoticias.com.br\/wp-content\/uploads\/2023\/03\/logo-Panper_portal-300x208.jpg 300w\" sizes=\"auto, (max-width: 334px) 100vw, 334px\" \/><\/figure><\/div>\n\n\n\n<p>A poss\u00edvel diminui\u00e7\u00e3o da disponibilidade do produto em fun\u00e7\u00e3o das perdas pela enchente seria \u201cinevitavelmente compensada pelo incremento da importa\u00e7\u00e3o e perda de competitividade do arroz brasileiro no mercado externo\u201d. Inundar o mercado dom\u00e9stico com arroz de fora, subsidiado, seria, al\u00e9m de desperd\u00edcio de dinheiro p\u00fablico, um desincentivo para a cadeia produtiva do cereal. O ex-ministro da Agricultura Ant\u00f4nio Cabrera foi taxativo:<\/p>\n\n\n\n<div class=\"wp-block-image\"><figure class=\"aligncenter size-large is-resized\"><img loading=\"lazy\" decoding=\"async\" src=\"https:\/\/jornalfatosenoticias.com.br\/wp-content\/uploads\/2020\/02\/logo_esteio.jpg\" alt=\"\" class=\"wp-image-1214\" width=\"352\" height=\"293\"\/><\/figure><\/div>\n\n\n\n<blockquote class=\"wp-block-quote is-layout-flow wp-block-quote-is-layout-flow\"><p><span class=\"has-inline-color has-luminous-vivid-orange-color\">Quem vai plantar arroz para a pr\u00f3xima safra, sabendo que o governo tem esse estoque de produtos e vai colocar no mercado de uma forma subsidiada e com pre\u00e7o artificial? Isso, sim, pode gerar uma grande crise de abastecimento de arroz no mercado nacional no pr\u00f3ximo ano\u201d, alertou.<\/span><\/p><\/blockquote>\n\n\n\n<div class=\"wp-block-image\"><figure class=\"aligncenter size-large\"><img decoding=\"async\" src=\"https:\/\/jornalfatosenoticias.com.br\/wp-content\/uploads\/2020\/02\/barao-das-carnes-300x164-1.jpg\" alt=\"\" class=\"wp-image-34339\"\/><\/figure><\/div>\n\n\n\n<p><strong><span class=\"has-inline-color has-luminous-vivid-orange-color\">Alarme e corrida aos supermercados<br><\/span><\/strong>Nada, contudo, demoveu o governo Lula da determina\u00e7\u00e3o de gastar R$ 7 bilh\u00f5es em arroz importado, subsidiado e rotulado com a marca do governo federal. Subindo o tom para justificar a medida populista, Lula afirmou em 10 de maio, durante visita a Alagoas, que estava \u201cp*** da vida com os pre\u00e7os do arroz\u201d. \u201cO povo pobre n\u00e3o pode pagar R$ 33 num pacote de 5kg de arroz\u201d, esbravejou.<br>Simultaneamente \u00e0 fala de Lula, o governo publicava naquele dia a Medida Provis\u00f3ria 1217\/2024, que autorizava a Companhia Nacional de Abastecimento (Conab) a importar at\u00e9 um milh\u00e3o de toneladas de arroz beneficiado tipo 1, agulhinha.<\/p>\n\n\n\n<div class=\"wp-block-image\"><figure class=\"aligncenter size-large is-resized\"><img loading=\"lazy\" decoding=\"async\" src=\"https:\/\/jornalfatosenoticias.com.br\/wp-content\/uploads\/2023\/08\/BKR-1024x1021.jpg\" alt=\"\" class=\"wp-image-44494\" width=\"333\" height=\"332\" srcset=\"https:\/\/jornalfatosenoticias.com.br\/wp-content\/uploads\/2023\/08\/BKR-1024x1021.jpg 1024w, https:\/\/jornalfatosenoticias.com.br\/wp-content\/uploads\/2023\/08\/BKR-300x300.jpg 300w, https:\/\/jornalfatosenoticias.com.br\/wp-content\/uploads\/2023\/08\/BKR-150x150.jpg 150w, https:\/\/jornalfatosenoticias.com.br\/wp-content\/uploads\/2023\/08\/BKR-768x766.jpg 768w, https:\/\/jornalfatosenoticias.com.br\/wp-content\/uploads\/2023\/08\/BKR.jpg 1080w\" sizes=\"auto, (max-width: 333px) 100vw, 333px\" \/><\/figure><\/div>\n\n\n\n<p>Em vez de atuar para tranquilizar a popula\u00e7\u00e3o, Lula e seus ministros, com o an\u00fancio da urg\u00eancia da importa\u00e7\u00e3o e repetidas declara\u00e7\u00f5es alarmantes sobre os pre\u00e7os do cereal, contribu\u00edram para provocar uma corrida aos supermercados. A situa\u00e7\u00e3o levou a Associa\u00e7\u00e3o Brasileira dos Supermercados (Abras) a vir a p\u00fablico desmentir o risco de desabastecimento e pedir para as pessoas n\u00e3o estocarem, para n\u00e3o desequilibrar a demanda e a oferta. As vendas de arroz em maio, normalmente na faixa de 900 mil toneladas, saltaram para cerca de 1,5 milh\u00e3o de toneladas.<\/p>\n\n\n\n<div class=\"wp-block-image\"><figure class=\"aligncenter size-large is-resized\"><img loading=\"lazy\" decoding=\"async\" src=\"https:\/\/jornalfatosenoticias.com.br\/wp-content\/uploads\/2020\/02\/CONTROL-CS.jpg\" alt=\"\" class=\"wp-image-44991\" width=\"304\" height=\"364\" srcset=\"https:\/\/jornalfatosenoticias.com.br\/wp-content\/uploads\/2020\/02\/CONTROL-CS.jpg 834w, https:\/\/jornalfatosenoticias.com.br\/wp-content\/uploads\/2020\/02\/CONTROL-CS-250x300.jpg 250w, https:\/\/jornalfatosenoticias.com.br\/wp-content\/uploads\/2020\/02\/CONTROL-CS-768x921.jpg 768w\" sizes=\"auto, (max-width: 304px) 100vw, 304px\" \/><\/figure><\/div>\n\n\n\n<p>A estocagem de arroz nos domic\u00edlios, somada \u00e0 entrada de grandes volumes importados pelo governo, poderia causar \u201cuma paradeira e desemprego na ind\u00fastria nacional\u201d, alertou \u00e0 Gazeta do Povo o consultor de commodities agr\u00edcolas Vlamir Brandalizze.<\/p>\n\n\n\n<div class=\"wp-block-image\"><figure class=\"aligncenter size-large is-resized\"><img loading=\"lazy\" decoding=\"async\" src=\"https:\/\/jornalfatosenoticias.com.br\/wp-content\/uploads\/2022\/02\/Precisao-Contabilidade-1024x724.jpg\" alt=\"\" class=\"wp-image-28088\" width=\"392\" height=\"277\"\/><\/figure><\/div>\n\n\n\n<blockquote class=\"wp-block-quote is-layout-flow wp-block-quote-is-layout-flow\"><p><span class=\"has-inline-color has-luminous-vivid-orange-color\">O arroz vai entrar numa hora em que o mercado vai estar muito fraco. O mercado brasileiro tem uma das maiores concorr\u00eancias entre empresas, \u00e9 muito aberto e eficiente. Se fizer uma avalia\u00e7\u00e3o, nos \u00faltimos tr\u00eas a quatro anos o nosso arroz sempre foi o mais barato do mundo. \u00c9 um erro estrat\u00e9gico grande, vai tirar dinheiro da sa\u00fade e da educa\u00e7\u00e3o para favorecer os &#8216;amigos do rei&#8217;\u201d, disse Brandalizze.<\/span><\/p><\/blockquote>\n\n\n\n<div class=\"wp-block-image\"><figure class=\"aligncenter size-large is-resized\"><img loading=\"lazy\" decoding=\"async\" src=\"https:\/\/jornalfatosenoticias.com.br\/wp-content\/uploads\/2023\/12\/pegoretti-logo-pdf-1024x389.jpg\" alt=\"\" class=\"wp-image-47536\" width=\"514\" height=\"195\" srcset=\"https:\/\/jornalfatosenoticias.com.br\/wp-content\/uploads\/2023\/12\/pegoretti-logo-pdf-1024x389.jpg 1024w, https:\/\/jornalfatosenoticias.com.br\/wp-content\/uploads\/2023\/12\/pegoretti-logo-pdf-300x114.jpg 300w, https:\/\/jornalfatosenoticias.com.br\/wp-content\/uploads\/2023\/12\/pegoretti-logo-pdf-768x291.jpg 768w, https:\/\/jornalfatosenoticias.com.br\/wp-content\/uploads\/2023\/12\/pegoretti-logo-pdf.jpg 1120w\" sizes=\"auto, (max-width: 514px) 100vw, 514px\" \/><\/figure><\/div>\n\n\n\n<p><strong><span class=\"has-inline-color has-luminous-vivid-orange-color\">Primeiro leil\u00e3o cancelado: governo culpou vizinhos do Mercosul<br><\/span><\/strong>O primeiro leil\u00e3o da Conab, para importar 104 mil toneladas de arroz, n\u00e3o saiu na data anunciada, 21 de maio. \u00c0s v\u00e9speras do preg\u00e3o, a Conab cancelou a compra alegando que os pa\u00edses do Mercosul tinham elevado os pre\u00e7os do arroz em at\u00e9 30% ap\u00f3s o Brasil anunciar a importa\u00e7\u00e3o. Em rea\u00e7\u00e3o, o Minist\u00e9rio da Agricultura zerou a al\u00edquota de importa\u00e7\u00e3o de fora do bloco, que era de 10,8% para o gr\u00e3o beneficiado e polido.<\/p>\n\n\n\n<div class=\"wp-block-image\"><figure class=\"aligncenter size-large is-resized\"><img loading=\"lazy\" decoding=\"async\" src=\"https:\/\/jornalfatosenoticias.com.br\/wp-content\/uploads\/2020\/02\/logo-Rapuzel-1024x571.jpg\" alt=\"\" class=\"wp-image-42808\" width=\"377\" height=\"210\" srcset=\"https:\/\/jornalfatosenoticias.com.br\/wp-content\/uploads\/2020\/02\/logo-Rapuzel-1024x571.jpg 1024w, https:\/\/jornalfatosenoticias.com.br\/wp-content\/uploads\/2020\/02\/logo-Rapuzel-300x167.jpg 300w, https:\/\/jornalfatosenoticias.com.br\/wp-content\/uploads\/2020\/02\/logo-Rapuzel-768x428.jpg 768w, https:\/\/jornalfatosenoticias.com.br\/wp-content\/uploads\/2020\/02\/logo-Rapuzel-1536x856.jpg 1536w, https:\/\/jornalfatosenoticias.com.br\/wp-content\/uploads\/2020\/02\/logo-Rapuzel.jpg 1600w\" sizes=\"auto, (max-width: 377px) 100vw, 377px\" \/><\/figure><\/div>\n\n\n\n<p>\u00c0s v\u00e9speras da segunda tentativa de leil\u00e3o, o Partido Novo chegou a conseguir decis\u00e3o suspensiva no Tribunal Regional Federal da 4\u00aa Regi\u00e3o, que, contudo, foi cassada horas depois pelo presidente da corte. Ap\u00f3s bater o martelo para aquisi\u00e7\u00e3o de 263 mil toneladas, os diretores da Conab comemoraram terem vencido oito batalhas nos tribunais, inclusive contra a Confedera\u00e7\u00e3o Nacional da Agricultura e Pecu\u00e1ria (CNA).<\/p>\n\n\n\n<div class=\"wp-block-image\"><figure class=\"aligncenter size-large\"><img loading=\"lazy\" decoding=\"async\" width=\"300\" height=\"250\" src=\"https:\/\/jornalfatosenoticias.com.br\/wp-content\/uploads\/2020\/02\/Banner-2.png\" alt=\"\" class=\"wp-image-43787\"\/><\/figure><\/div>\n\n\n\n<blockquote class=\"wp-block-quote is-layout-flow wp-block-quote-is-layout-flow\"><p><span class=\"has-inline-color has-luminous-vivid-orange-color\">Avaliamos que foi um sucesso esse primeiro leil\u00e3o. Enquanto for preciso baratear o pre\u00e7o para os consumidores, n\u00f3s vamos estar realizando os leil\u00f5es\u201d, afirmou o presidente da Conab, Edegar Pretto.<\/span><\/p><\/blockquote>\n\n\n\n<div class=\"wp-block-image\"><figure class=\"aligncenter size-large is-resized\"><img loading=\"lazy\" decoding=\"async\" src=\"https:\/\/jornalfatosenoticias.com.br\/wp-content\/uploads\/2023\/08\/ITH.jpeg\" alt=\"\" class=\"wp-image-44638\" width=\"313\" height=\"254\" srcset=\"https:\/\/jornalfatosenoticias.com.br\/wp-content\/uploads\/2023\/08\/ITH.jpeg 800w, https:\/\/jornalfatosenoticias.com.br\/wp-content\/uploads\/2023\/08\/ITH-300x244.jpeg 300w, https:\/\/jornalfatosenoticias.com.br\/wp-content\/uploads\/2023\/08\/ITH-768x624.jpeg 768w\" sizes=\"auto, (max-width: 313px) 100vw, 313px\" \/><\/figure><\/div>\n\n\n\n<p><strong><span class=\"has-inline-color has-luminous-vivid-orange-color\">Enxurrada de suspeitas motiva pedido de CPI do &#8220;Arrozgate&#8221;<br><\/span><\/strong>Horas depois da realiza\u00e7\u00e3o do certame, contudo, come\u00e7aram a vir \u00e0 tona a falta de habilita\u00e7\u00e3o t\u00e9cnica e experi\u00eancia das empresas vencedoras \u2014 mercearia, locadora de carros e f\u00e1brica de sorvetes \u2014 assim como suspeitas de favorecimento a um ex-assessor do secret\u00e1rio de Pol\u00edtica Agr\u00edcola do Minist\u00e9rio da Agricultura, Neri Geller, que foi ministro da pasta no governo de Dilma Rousseff. As irregularidades levaram o deputado federal Luciano Zucco (PL-RS) a colher assinaturas para cria\u00e7\u00e3o de uma CPI do &#8220;Arrozgate&#8221;.<\/p>\n\n\n\n<div class=\"wp-block-image\"><figure class=\"aligncenter size-large\"><img loading=\"lazy\" decoding=\"async\" width=\"300\" height=\"250\" src=\"https:\/\/jornalfatosenoticias.com.br\/wp-content\/uploads\/2022\/02\/FERRARI_MAQUINAS-E-FERRAMENTAS2.jpg\" alt=\"\" class=\"wp-image-27860\"\/><\/figure><\/div>\n\n\n\n<p>Das quatro empresas que venceram o leil\u00e3o, tr\u00eas foram representadas pela Bolsa de Mercadorias de Mato Grosso (BMT) e pela Foco Corretora de Gr\u00e3os, empresas criadas em maio do ano passado por Robson Fran\u00e7a, ex-assessor de Geller na C\u00e2mara Federal. As corretoras intermediaram a comercializa\u00e7\u00e3o de 44% do volume de arroz negociado (116 mil toneladas), no valor de R$ 580 milh\u00f5es. Fran\u00e7a tamb\u00e9m \u00e9 s\u00f3cio do filho de Geller em outra empresa, a GF Business, consultoria criada em agosto de 2023. O diretor de Opera\u00e7\u00f5es e Abastecimento da Conab, Thiago dos Santos, que coordenou o leil\u00e3o, tamb\u00e9m foi assessor parlamentar do mandato de Neri Geller, tendo atuado ao lado de Fran\u00e7a no gabinete.<\/p>\n\n\n\n<div class=\"wp-block-image\"><figure class=\"aligncenter size-large\"><img loading=\"lazy\" decoding=\"async\" width=\"960\" height=\"540\" src=\"https:\/\/jornalfatosenoticias.com.br\/wp-content\/uploads\/2024\/06\/neri-geller.jpg\" alt=\"\" class=\"wp-image-51921\" srcset=\"https:\/\/jornalfatosenoticias.com.br\/wp-content\/uploads\/2024\/06\/neri-geller.jpg 960w, https:\/\/jornalfatosenoticias.com.br\/wp-content\/uploads\/2024\/06\/neri-geller-300x169.jpg 300w, https:\/\/jornalfatosenoticias.com.br\/wp-content\/uploads\/2024\/06\/neri-geller-768x432.jpg 768w\" sizes=\"auto, (max-width: 960px) 100vw, 960px\" \/><figcaption><em><span class=\"has-inline-color has-black-color\">Neri Geller perdeu o cargo de secret\u00e1rio de Pol\u00edtica Agr\u00edcola por suspeita de favorecimento de ex-assessor no leil\u00e3o da Conab (Foto: Marcelo Andrade\/Arquivo Gazeta do Povo)<\/span><\/em><\/figcaption><\/figure><\/div>\n\n\n\n<p><strong><span class=\"has-inline-color has-luminous-vivid-orange-color\">Pressionado, Geller &#8220;entregou&#8221; o cargo<br><\/span><\/strong>Cobrado a dar explica\u00e7\u00f5es, Neri Geller negou ter atuado para favorecer o ex-assessor, e afirmou desconhecer que ele estivesse participando da disputa. A situa\u00e7\u00e3o de Geller ficou insustent\u00e1vel. \u201cO secret\u00e1rio Neri Geller colocou o cargo \u00e0 disposi\u00e7\u00e3o e aceitei a demiss\u00e3o\u201d, anunciou o ministro Carlos F\u00e1varo. Mas Geller apresentou outra vers\u00e3o. \u201cN\u00e3o pedi demiss\u00e3o\u201d, afirmou em entrevista ao jornal O Globo. Mais cedo, o Globo Rural divulgou prints de uma troca de e-mails sobre a exonera\u00e7\u00e3o. Em uma das mensagens, Geller pede que o documento seja retificado para n\u00e3o ser publicado com a justificativa \u201ca pedido\u201d. A decis\u00e3o ainda n\u00e3o foi publicada no Di\u00e1rio Oficial da Uni\u00e3o (DOU).<\/p>\n\n\n\n<div class=\"wp-block-image\"><figure class=\"aligncenter size-large is-resized\"><img loading=\"lazy\" decoding=\"async\" src=\"https:\/\/jornalfatosenoticias.com.br\/wp-content\/uploads\/2023\/09\/vetorvix1024_1.jpg\" alt=\"\" class=\"wp-image-44868\" width=\"550\" height=\"146\" srcset=\"https:\/\/jornalfatosenoticias.com.br\/wp-content\/uploads\/2023\/09\/vetorvix1024_1.jpg 1024w, https:\/\/jornalfatosenoticias.com.br\/wp-content\/uploads\/2023\/09\/vetorvix1024_1-300x80.jpg 300w, https:\/\/jornalfatosenoticias.com.br\/wp-content\/uploads\/2023\/09\/vetorvix1024_1-768x205.jpg 768w\" sizes=\"auto, (max-width: 550px) 100vw, 550px\" \/><\/figure><\/div>\n\n\n\n<p>Oficialmente, a justificativa para a anula\u00e7\u00e3o do leil\u00e3o da Conab foi a falta de comprova\u00e7\u00e3o de capacidade t\u00e9cnica e financeira das empresas para honrar os compromissos de operar R$ 1,3 bilh\u00e3o em recursos p\u00fablicos.\u00a0A Conab tinha dado 24h para os vencedores apresentarem suas garantias, mas nem esperou o prazo terminar para anular o preg\u00e3o.<\/p>\n\n\n\n<div class=\"wp-block-image\"><figure class=\"aligncenter size-large is-resized\"><img loading=\"lazy\" decoding=\"async\" src=\"https:\/\/jornalfatosenoticias.com.br\/wp-content\/uploads\/2023\/03\/nova-logo-Marquetti.jpg\" alt=\"\" class=\"wp-image-40207\" width=\"357\" height=\"240\" srcset=\"https:\/\/jornalfatosenoticias.com.br\/wp-content\/uploads\/2023\/03\/nova-logo-Marquetti.jpg 643w, https:\/\/jornalfatosenoticias.com.br\/wp-content\/uploads\/2023\/03\/nova-logo-Marquetti-300x202.jpg 300w\" sizes=\"auto, (max-width: 357px) 100vw, 357px\" \/><\/figure><\/div>\n\n\n\n<p>Reportagem do jornal Zero Hora mostrou que duas das quatro empresas que arremataram lotes do certame tinham restri\u00e7\u00f5es no Registro e Rastreamento da Atua\u00e7\u00e3o dos Intervenientes Aduaneiros (Radar), sistema da Receita Federal que emite habilita\u00e7\u00f5es para opera\u00e7\u00e3o no com\u00e9rcio exterior. Na pr\u00e1tica, a ASR Loca\u00e7\u00e3o de Ve\u00edculos e M\u00e1quinas, de Bras\u00edlia, e a Wisley A de Souza Ltda, cujo nome de fantasia \u00e9 Queijo Minas, de Macap\u00e1 (AP), n\u00e3o estavam habilitadas para importar bens no valor de dezenas de milh\u00f5es de reais. Para mudar de enquadramento na Receita, as empresas teriam de demonstrar ter dinheiro dispon\u00edvel em contas banc\u00e1rias ou aplica\u00e7\u00f5es.<\/p>\n\n\n\n<div class=\"wp-block-image\"><figure class=\"aligncenter size-large\"><img decoding=\"async\" src=\"https:\/\/jornalfatosenoticias.com.br\/wp-content\/uploads\/2020\/02\/barao-das-carnes-300x164-1.jpg\" alt=\"\" class=\"wp-image-34339\"\/><\/figure><\/div>\n\n\n\n<p>Ao g1, a Wisley A de Souza Ltda afirmou que tem &#8220;mais de 17 anos de experi\u00eancia no com\u00e9rcio atacadista, na armazenagem e na distribui\u00e7\u00e3o de produtos aliment\u00edcios&#8221; e que &#8220;teve um faturamento de mais de R$ 60 milh\u00f5es em 2023&#8221;. J\u00e1 Crispiniano Espindola Wanderley, dono da locadora de ve\u00edculos ASR, disse ao portal que a empresa tem &#8220;experi\u00eancia em participar de leil\u00f5es do governo federal atrav\u00e9s da bolsa, fomos ganhadores do leil\u00e3o realizado pela Conab em dezembro do ano passado&#8221;.<\/p>\n\n\n\n<div class=\"wp-block-image\"><figure class=\"aligncenter size-large is-resized\"><img loading=\"lazy\" decoding=\"async\" src=\"https:\/\/jornalfatosenoticias.com.br\/wp-content\/uploads\/2020\/02\/logo_esteio.jpg\" alt=\"\" class=\"wp-image-1214\" width=\"370\" height=\"308\"\/><\/figure><\/div>\n\n\n\n<p><strong><span class=\"has-inline-color has-luminous-vivid-orange-color\">Governo insiste em fazer novo leil\u00e3o de arroz<br><\/span><\/strong>A Queijo Minas, que importaria 147 mil toneladas de arroz pelo valor de R$ 736 milh\u00f5es, tinha at\u00e9 poucos dias antes do leil\u00e3o capital social de apenas 80 mil reais. Outro vencedor do preg\u00e3o, Crispiniano Esp\u00edndola Wanderley, dono da ARS Locadora de Ve\u00edculos, segundo o jornal Folha de S. Paulo j\u00e1 admitiu \u00e0 Justi\u00e7a ter pago propina de R$ 350 mil para conseguir contrato com a Secretaria de Transportes do Distrito Federal.<\/p>\n\n\n\n<div class=\"wp-block-image\"><figure class=\"aligncenter size-large is-resized\"><img loading=\"lazy\" decoding=\"async\" src=\"https:\/\/jornalfatosenoticias.com.br\/wp-content\/uploads\/2022\/02\/Precisao-Contabilidade-1024x724.jpg\" alt=\"\" class=\"wp-image-28088\" width=\"378\" height=\"267\"\/><\/figure><\/div>\n\n\n\n<p>Nem os protestos dos agricultores ga\u00fachos, nem tamanha sucess\u00e3o de amadorismos e irregularidades dissuadiram o governo Lula de seguir com a ideia de intervir no mercado de arroz. <\/p>\n\n\n\n<blockquote class=\"wp-block-quote is-layout-flow wp-block-quote-is-layout-flow\"><p><span class=\"has-inline-color has-luminous-vivid-orange-color\">Lula participou dessa decis\u00e3o de anular e realizar um novo leil\u00e3o, mais aperfei\u00e7oado&#8221;, disse Paulo Teixeira, ministro do Desenvolvimento Agr\u00e1rio.<\/span><\/p><\/blockquote>\n\n\n\n<p><strong><em>Fonte: <a href=\"https:\/\/www.gazetadopovo.com.br\/agronegocio\/leilao-do-arroz-foi-fiasco-anunciado-governo-lula-ignorou-todos-os-alertas\/\">Gazeta do Povo<\/a><\/em><\/strong><\/p>\n","protected":false},"excerpt":{"rendered":"<p>Compras de arroz dispararam em maio por temor de desabastecimento Por Marcos Tosi Apenas dez dias depois do in\u00edcio das inunda\u00e7\u00f5es no Rio Grande do Sul, quando o cavalo caramelo ainda aguardava resgate em cima de um telhado na cidade de Canoas, em 7 de maio, o governo Lula anunciou que iria intervir no mercado [&hellip;]<\/p>\n","protected":false},"author":2,"featured_media":51922,"comment_status":"open","ping_status":"open","sticky":false,"template":"","format":"standard","meta":{"footnotes":""},"categories":[5],"tags":[3646,23764,597,20166,1013,860,1111,6750,7580,23763,23699,23697,1404,4684,8465,23696],"class_list":["post-51920","post","type-post","status-publish","format-standard","has-post-thumbnail","hentry","category-geral","tag-arroz","tag-arrozgate","tag-brasil","tag-carlos-favaro","tag-consumo","tag-governo-federal","tag-graos","tag-importacao","tag-lula","tag-neri-geller","tag-partido-novo","tag-paulo-teixeira","tag-receita-federal","tag-rio-grande-do-sul","tag-safra","tag-supermercados"],"yoast_head":"<!-- This site is optimized with the Yoast SEO plugin v26.5 - https:\/\/yoast.com\/wordpress\/plugins\/seo\/ -->\n<title>Leil\u00e3o do arroz foi fiasco anunciado: governo Lula ignorou todos os alertas - Jornal Fatos e Not\u00edcias<\/title>\n<meta name=\"robots\" content=\"index, follow, max-snippet:-1, max-image-preview:large, max-video-preview:-1\" \/>\n<link rel=\"canonical\" href=\"https:\/\/jornalfatosenoticias.com.br\/index.php\/2024\/06\/12\/leilao-do-arroz-foi-fiasco-anunciado-governo-lula-ignorou-todos-os-alertas\/\" \/>\n<meta property=\"og:locale\" content=\"pt_BR\" \/>\n<meta property=\"og:type\" content=\"article\" \/>\n<meta property=\"og:title\" content=\"Leil\u00e3o do arroz foi fiasco anunciado: governo Lula ignorou todos os alertas - Jornal Fatos e Not\u00edcias\" \/>\n<meta property=\"og:description\" content=\"Compras de arroz dispararam em maio por temor de desabastecimento Por Marcos Tosi Apenas dez dias depois do in\u00edcio das inunda\u00e7\u00f5es no Rio Grande do Sul, quando o cavalo caramelo ainda aguardava resgate em cima de um telhado na cidade de Canoas, em 7 de maio, o governo Lula anunciou que iria intervir no mercado [&hellip;]\" \/>\n<meta property=\"og:url\" content=\"https:\/\/jornalfatosenoticias.com.br\/index.php\/2024\/06\/12\/leilao-do-arroz-foi-fiasco-anunciado-governo-lula-ignorou-todos-os-alertas\/\" \/>\n<meta property=\"og:site_name\" content=\"Jornal Fatos e Not\u00edcias\" \/>\n<meta property=\"article:published_time\" content=\"2024-06-12T13:28:55+00:00\" \/>\n<meta property=\"article:modified_time\" content=\"2024-06-12T13:28:57+00:00\" \/>\n<meta property=\"og:image\" content=\"https:\/\/jornalfatosenoticias.com.br\/wp-content\/uploads\/2024\/06\/arroz-supermercado_istock.jpg\" \/>\n\t<meta property=\"og:image:width\" content=\"612\" \/>\n\t<meta property=\"og:image:height\" content=\"408\" \/>\n\t<meta property=\"og:image:type\" content=\"image\/jpeg\" \/>\n<meta name=\"author\" content=\"Luzimara Fernandes\" \/>\n<meta name=\"twitter:card\" content=\"summary_large_image\" \/>\n<meta name=\"twitter:label1\" content=\"Escrito por\" \/>\n\t<meta name=\"twitter:data1\" content=\"Luzimara Fernandes\" \/>\n\t<meta name=\"twitter:label2\" content=\"Est. tempo de leitura\" \/>\n\t<meta name=\"twitter:data2\" content=\"8 minutos\" \/>\n<script type=\"application\/ld+json\" class=\"yoast-schema-graph\">{\"@context\":\"https:\/\/schema.org\",\"@graph\":[{\"@type\":\"Article\",\"@id\":\"https:\/\/jornalfatosenoticias.com.br\/index.php\/2024\/06\/12\/leilao-do-arroz-foi-fiasco-anunciado-governo-lula-ignorou-todos-os-alertas\/#article\",\"isPartOf\":{\"@id\":\"https:\/\/jornalfatosenoticias.com.br\/index.php\/2024\/06\/12\/leilao-do-arroz-foi-fiasco-anunciado-governo-lula-ignorou-todos-os-alertas\/\"},\"author\":{\"name\":\"Luzimara Fernandes\",\"@id\":\"https:\/\/jornalfatosenoticias.com.br\/#\/schema\/person\/d63837fa13ac8666eb9e74e0985d6f81\"},\"headline\":\"Leil\u00e3o do arroz foi fiasco anunciado: governo Lula ignorou todos os alertas\",\"datePublished\":\"2024-06-12T13:28:55+00:00\",\"dateModified\":\"2024-06-12T13:28:57+00:00\",\"mainEntityOfPage\":{\"@id\":\"https:\/\/jornalfatosenoticias.com.br\/index.php\/2024\/06\/12\/leilao-do-arroz-foi-fiasco-anunciado-governo-lula-ignorou-todos-os-alertas\/\"},\"wordCount\":1693,\"commentCount\":0,\"publisher\":{\"@id\":\"https:\/\/jornalfatosenoticias.com.br\/#organization\"},\"image\":{\"@id\":\"https:\/\/jornalfatosenoticias.com.br\/index.php\/2024\/06\/12\/leilao-do-arroz-foi-fiasco-anunciado-governo-lula-ignorou-todos-os-alertas\/#primaryimage\"},\"thumbnailUrl\":\"https:\/\/jornalfatosenoticias.com.br\/wp-content\/uploads\/2024\/06\/arroz-supermercado_istock.jpg\",\"keywords\":[\"arroz\",\"Arrozgate\",\"Brasil\",\"Carlos F\u00e1varo\",\"consumo\",\"governo federal\",\"gr\u00e3os\",\"importa\u00e7\u00e3o\",\"Lula\",\"Neri Geller\",\"Partido Novo\",\"Paulo Teixeira\",\"Receita Federal\",\"Rio Grande do Sul\",\"safra\",\"supermercados\"],\"articleSection\":[\"Geral\"],\"inLanguage\":\"pt-BR\",\"potentialAction\":[{\"@type\":\"CommentAction\",\"name\":\"Comment\",\"target\":[\"https:\/\/jornalfatosenoticias.com.br\/index.php\/2024\/06\/12\/leilao-do-arroz-foi-fiasco-anunciado-governo-lula-ignorou-todos-os-alertas\/#respond\"]}]},{\"@type\":\"WebPage\",\"@id\":\"https:\/\/jornalfatosenoticias.com.br\/index.php\/2024\/06\/12\/leilao-do-arroz-foi-fiasco-anunciado-governo-lula-ignorou-todos-os-alertas\/\",\"url\":\"https:\/\/jornalfatosenoticias.com.br\/index.php\/2024\/06\/12\/leilao-do-arroz-foi-fiasco-anunciado-governo-lula-ignorou-todos-os-alertas\/\",\"name\":\"Leil\u00e3o do arroz foi fiasco anunciado: governo Lula ignorou todos os alertas - Jornal Fatos e Not\u00edcias\",\"isPartOf\":{\"@id\":\"https:\/\/jornalfatosenoticias.com.br\/#website\"},\"primaryImageOfPage\":{\"@id\":\"https:\/\/jornalfatosenoticias.com.br\/index.php\/2024\/06\/12\/leilao-do-arroz-foi-fiasco-anunciado-governo-lula-ignorou-todos-os-alertas\/#primaryimage\"},\"image\":{\"@id\":\"https:\/\/jornalfatosenoticias.com.br\/index.php\/2024\/06\/12\/leilao-do-arroz-foi-fiasco-anunciado-governo-lula-ignorou-todos-os-alertas\/#primaryimage\"},\"thumbnailUrl\":\"https:\/\/jornalfatosenoticias.com.br\/wp-content\/uploads\/2024\/06\/arroz-supermercado_istock.jpg\",\"datePublished\":\"2024-06-12T13:28:55+00:00\",\"dateModified\":\"2024-06-12T13:28:57+00:00\",\"breadcrumb\":{\"@id\":\"https:\/\/jornalfatosenoticias.com.br\/index.php\/2024\/06\/12\/leilao-do-arroz-foi-fiasco-anunciado-governo-lula-ignorou-todos-os-alertas\/#breadcrumb\"},\"inLanguage\":\"pt-BR\",\"potentialAction\":[{\"@type\":\"ReadAction\",\"target\":[\"https:\/\/jornalfatosenoticias.com.br\/index.php\/2024\/06\/12\/leilao-do-arroz-foi-fiasco-anunciado-governo-lula-ignorou-todos-os-alertas\/\"]}]},{\"@type\":\"ImageObject\",\"inLanguage\":\"pt-BR\",\"@id\":\"https:\/\/jornalfatosenoticias.com.br\/index.php\/2024\/06\/12\/leilao-do-arroz-foi-fiasco-anunciado-governo-lula-ignorou-todos-os-alertas\/#primaryimage\",\"url\":\"https:\/\/jornalfatosenoticias.com.br\/wp-content\/uploads\/2024\/06\/arroz-supermercado_istock.jpg\",\"contentUrl\":\"https:\/\/jornalfatosenoticias.com.br\/wp-content\/uploads\/2024\/06\/arroz-supermercado_istock.jpg\",\"width\":612,\"height\":408,\"caption\":\"Rice shelves in Supermarket store blurred background\"},{\"@type\":\"BreadcrumbList\",\"@id\":\"https:\/\/jornalfatosenoticias.com.br\/index.php\/2024\/06\/12\/leilao-do-arroz-foi-fiasco-anunciado-governo-lula-ignorou-todos-os-alertas\/#breadcrumb\",\"itemListElement\":[{\"@type\":\"ListItem\",\"position\":1,\"name\":\"In\u00edcio\",\"item\":\"https:\/\/jornalfatosenoticias.com.br\/\"},{\"@type\":\"ListItem\",\"position\":2,\"name\":\"Leil\u00e3o do arroz foi fiasco anunciado: governo Lula ignorou todos os alertas\"}]},{\"@type\":\"WebSite\",\"@id\":\"https:\/\/jornalfatosenoticias.com.br\/#website\",\"url\":\"https:\/\/jornalfatosenoticias.com.br\/\",\"name\":\"Jornal Fatos e Not\u00edcias\",\"description\":\"Not\u00edcias em geral\",\"publisher\":{\"@id\":\"https:\/\/jornalfatosenoticias.com.br\/#organization\"},\"potentialAction\":[{\"@type\":\"SearchAction\",\"target\":{\"@type\":\"EntryPoint\",\"urlTemplate\":\"https:\/\/jornalfatosenoticias.com.br\/?s={search_term_string}\"},\"query-input\":{\"@type\":\"PropertyValueSpecification\",\"valueRequired\":true,\"valueName\":\"search_term_string\"}}],\"inLanguage\":\"pt-BR\"},{\"@type\":\"Organization\",\"@id\":\"https:\/\/jornalfatosenoticias.com.br\/#organization\",\"name\":\"Jornal Fatos e Not\u00edcias\",\"url\":\"https:\/\/jornalfatosenoticias.com.br\/\",\"logo\":{\"@type\":\"ImageObject\",\"inLanguage\":\"pt-BR\",\"@id\":\"https:\/\/jornalfatosenoticias.com.br\/#\/schema\/logo\/image\/\",\"url\":\"https:\/\/jornalfatosenoticias.com.br\/wp-content\/uploads\/2020\/02\/logo120.png\",\"contentUrl\":\"https:\/\/jornalfatosenoticias.com.br\/wp-content\/uploads\/2020\/02\/logo120.png\",\"width\":1227,\"height\":120,\"caption\":\"Jornal Fatos e Not\u00edcias\"},\"image\":{\"@id\":\"https:\/\/jornalfatosenoticias.com.br\/#\/schema\/logo\/image\/\"}},{\"@type\":\"Person\",\"@id\":\"https:\/\/jornalfatosenoticias.com.br\/#\/schema\/person\/d63837fa13ac8666eb9e74e0985d6f81\",\"name\":\"Luzimara Fernandes\",\"image\":{\"@type\":\"ImageObject\",\"inLanguage\":\"pt-BR\",\"@id\":\"https:\/\/jornalfatosenoticias.com.br\/#\/schema\/person\/image\/\",\"url\":\"https:\/\/jornalfatosenoticias.com.br\/wp-content\/uploads\/2025\/05\/EU_portal.jpg\",\"contentUrl\":\"https:\/\/jornalfatosenoticias.com.br\/wp-content\/uploads\/2025\/05\/EU_portal.jpg\",\"caption\":\"Luzimara Fernandes\"},\"description\":\"Jornalista MTB 2358-ES\",\"sameAs\":[\"https:\/\/jornalfatosenoticias.com.br\"],\"url\":\"https:\/\/jornalfatosenoticias.com.br\/index.php\/author\/luzimara\/\"}]}<\/script>\n<!-- \/ Yoast SEO plugin. -->","yoast_head_json":{"title":"Leil\u00e3o do arroz foi fiasco anunciado: governo Lula ignorou todos os alertas - Jornal Fatos e Not\u00edcias","robots":{"index":"index","follow":"follow","max-snippet":"max-snippet:-1","max-image-preview":"max-image-preview:large","max-video-preview":"max-video-preview:-1"},"canonical":"https:\/\/jornalfatosenoticias.com.br\/index.php\/2024\/06\/12\/leilao-do-arroz-foi-fiasco-anunciado-governo-lula-ignorou-todos-os-alertas\/","og_locale":"pt_BR","og_type":"article","og_title":"Leil\u00e3o do arroz foi fiasco anunciado: governo Lula ignorou todos os alertas - Jornal Fatos e Not\u00edcias","og_description":"Compras de arroz dispararam em maio por temor de desabastecimento Por Marcos Tosi Apenas dez dias depois do in\u00edcio das inunda\u00e7\u00f5es no Rio Grande do Sul, quando o cavalo caramelo ainda aguardava resgate em cima de um telhado na cidade de Canoas, em 7 de maio, o governo Lula anunciou que iria intervir no mercado [&hellip;]","og_url":"https:\/\/jornalfatosenoticias.com.br\/index.php\/2024\/06\/12\/leilao-do-arroz-foi-fiasco-anunciado-governo-lula-ignorou-todos-os-alertas\/","og_site_name":"Jornal Fatos e Not\u00edcias","article_published_time":"2024-06-12T13:28:55+00:00","article_modified_time":"2024-06-12T13:28:57+00:00","og_image":[{"width":612,"height":408,"url":"https:\/\/jornalfatosenoticias.com.br\/wp-content\/uploads\/2024\/06\/arroz-supermercado_istock.jpg","type":"image\/jpeg"}],"author":"Luzimara Fernandes","twitter_card":"summary_large_image","twitter_misc":{"Escrito por":"Luzimara Fernandes","Est. tempo de leitura":"8 minutos"},"schema":{"@context":"https:\/\/schema.org","@graph":[{"@type":"Article","@id":"https:\/\/jornalfatosenoticias.com.br\/index.php\/2024\/06\/12\/leilao-do-arroz-foi-fiasco-anunciado-governo-lula-ignorou-todos-os-alertas\/#article","isPartOf":{"@id":"https:\/\/jornalfatosenoticias.com.br\/index.php\/2024\/06\/12\/leilao-do-arroz-foi-fiasco-anunciado-governo-lula-ignorou-todos-os-alertas\/"},"author":{"name":"Luzimara Fernandes","@id":"https:\/\/jornalfatosenoticias.com.br\/#\/schema\/person\/d63837fa13ac8666eb9e74e0985d6f81"},"headline":"Leil\u00e3o do arroz foi fiasco anunciado: governo Lula ignorou todos os alertas","datePublished":"2024-06-12T13:28:55+00:00","dateModified":"2024-06-12T13:28:57+00:00","mainEntityOfPage":{"@id":"https:\/\/jornalfatosenoticias.com.br\/index.php\/2024\/06\/12\/leilao-do-arroz-foi-fiasco-anunciado-governo-lula-ignorou-todos-os-alertas\/"},"wordCount":1693,"commentCount":0,"publisher":{"@id":"https:\/\/jornalfatosenoticias.com.br\/#organization"},"image":{"@id":"https:\/\/jornalfatosenoticias.com.br\/index.php\/2024\/06\/12\/leilao-do-arroz-foi-fiasco-anunciado-governo-lula-ignorou-todos-os-alertas\/#primaryimage"},"thumbnailUrl":"https:\/\/jornalfatosenoticias.com.br\/wp-content\/uploads\/2024\/06\/arroz-supermercado_istock.jpg","keywords":["arroz","Arrozgate","Brasil","Carlos F\u00e1varo","consumo","governo federal","gr\u00e3os","importa\u00e7\u00e3o","Lula","Neri Geller","Partido Novo","Paulo Teixeira","Receita Federal","Rio Grande do Sul","safra","supermercados"],"articleSection":["Geral"],"inLanguage":"pt-BR","potentialAction":[{"@type":"CommentAction","name":"Comment","target":["https:\/\/jornalfatosenoticias.com.br\/index.php\/2024\/06\/12\/leilao-do-arroz-foi-fiasco-anunciado-governo-lula-ignorou-todos-os-alertas\/#respond"]}]},{"@type":"WebPage","@id":"https:\/\/jornalfatosenoticias.com.br\/index.php\/2024\/06\/12\/leilao-do-arroz-foi-fiasco-anunciado-governo-lula-ignorou-todos-os-alertas\/","url":"https:\/\/jornalfatosenoticias.com.br\/index.php\/2024\/06\/12\/leilao-do-arroz-foi-fiasco-anunciado-governo-lula-ignorou-todos-os-alertas\/","name":"Leil\u00e3o do arroz foi fiasco anunciado: governo Lula ignorou todos os alertas - Jornal Fatos e Not\u00edcias","isPartOf":{"@id":"https:\/\/jornalfatosenoticias.com.br\/#website"},"primaryImageOfPage":{"@id":"https:\/\/jornalfatosenoticias.com.br\/index.php\/2024\/06\/12\/leilao-do-arroz-foi-fiasco-anunciado-governo-lula-ignorou-todos-os-alertas\/#primaryimage"},"image":{"@id":"https:\/\/jornalfatosenoticias.com.br\/index.php\/2024\/06\/12\/leilao-do-arroz-foi-fiasco-anunciado-governo-lula-ignorou-todos-os-alertas\/#primaryimage"},"thumbnailUrl":"https:\/\/jornalfatosenoticias.com.br\/wp-content\/uploads\/2024\/06\/arroz-supermercado_istock.jpg","datePublished":"2024-06-12T13:28:55+00:00","dateModified":"2024-06-12T13:28:57+00:00","breadcrumb":{"@id":"https:\/\/jornalfatosenoticias.com.br\/index.php\/2024\/06\/12\/leilao-do-arroz-foi-fiasco-anunciado-governo-lula-ignorou-todos-os-alertas\/#breadcrumb"},"inLanguage":"pt-BR","potentialAction":[{"@type":"ReadAction","target":["https:\/\/jornalfatosenoticias.com.br\/index.php\/2024\/06\/12\/leilao-do-arroz-foi-fiasco-anunciado-governo-lula-ignorou-todos-os-alertas\/"]}]},{"@type":"ImageObject","inLanguage":"pt-BR","@id":"https:\/\/jornalfatosenoticias.com.br\/index.php\/2024\/06\/12\/leilao-do-arroz-foi-fiasco-anunciado-governo-lula-ignorou-todos-os-alertas\/#primaryimage","url":"https:\/\/jornalfatosenoticias.com.br\/wp-content\/uploads\/2024\/06\/arroz-supermercado_istock.jpg","contentUrl":"https:\/\/jornalfatosenoticias.com.br\/wp-content\/uploads\/2024\/06\/arroz-supermercado_istock.jpg","width":612,"height":408,"caption":"Rice shelves in Supermarket store blurred background"},{"@type":"BreadcrumbList","@id":"https:\/\/jornalfatosenoticias.com.br\/index.php\/2024\/06\/12\/leilao-do-arroz-foi-fiasco-anunciado-governo-lula-ignorou-todos-os-alertas\/#breadcrumb","itemListElement":[{"@type":"ListItem","position":1,"name":"In\u00edcio","item":"https:\/\/jornalfatosenoticias.com.br\/"},{"@type":"ListItem","position":2,"name":"Leil\u00e3o do arroz foi fiasco anunciado: governo Lula ignorou todos os alertas"}]},{"@type":"WebSite","@id":"https:\/\/jornalfatosenoticias.com.br\/#website","url":"https:\/\/jornalfatosenoticias.com.br\/","name":"Jornal Fatos e Not\u00edcias","description":"Not\u00edcias em geral","publisher":{"@id":"https:\/\/jornalfatosenoticias.com.br\/#organization"},"potentialAction":[{"@type":"SearchAction","target":{"@type":"EntryPoint","urlTemplate":"https:\/\/jornalfatosenoticias.com.br\/?s={search_term_string}"},"query-input":{"@type":"PropertyValueSpecification","valueRequired":true,"valueName":"search_term_string"}}],"inLanguage":"pt-BR"},{"@type":"Organization","@id":"https:\/\/jornalfatosenoticias.com.br\/#organization","name":"Jornal Fatos e Not\u00edcias","url":"https:\/\/jornalfatosenoticias.com.br\/","logo":{"@type":"ImageObject","inLanguage":"pt-BR","@id":"https:\/\/jornalfatosenoticias.com.br\/#\/schema\/logo\/image\/","url":"https:\/\/jornalfatosenoticias.com.br\/wp-content\/uploads\/2020\/02\/logo120.png","contentUrl":"https:\/\/jornalfatosenoticias.com.br\/wp-content\/uploads\/2020\/02\/logo120.png","width":1227,"height":120,"caption":"Jornal Fatos e Not\u00edcias"},"image":{"@id":"https:\/\/jornalfatosenoticias.com.br\/#\/schema\/logo\/image\/"}},{"@type":"Person","@id":"https:\/\/jornalfatosenoticias.com.br\/#\/schema\/person\/d63837fa13ac8666eb9e74e0985d6f81","name":"Luzimara Fernandes","image":{"@type":"ImageObject","inLanguage":"pt-BR","@id":"https:\/\/jornalfatosenoticias.com.br\/#\/schema\/person\/image\/","url":"https:\/\/jornalfatosenoticias.com.br\/wp-content\/uploads\/2025\/05\/EU_portal.jpg","contentUrl":"https:\/\/jornalfatosenoticias.com.br\/wp-content\/uploads\/2025\/05\/EU_portal.jpg","caption":"Luzimara Fernandes"},"description":"Jornalista MTB 2358-ES","sameAs":["https:\/\/jornalfatosenoticias.com.br"],"url":"https:\/\/jornalfatosenoticias.com.br\/index.php\/author\/luzimara\/"}]}},"cc_featured_image_caption":{"caption_text":"(Foto: iStock) ","source_text":"","source_url":""},"jetpack_featured_media_url":"https:\/\/jornalfatosenoticias.com.br\/wp-content\/uploads\/2024\/06\/arroz-supermercado_istock.jpg","_links":{"self":[{"href":"https:\/\/jornalfatosenoticias.com.br\/index.php\/wp-json\/wp\/v2\/posts\/51920","targetHints":{"allow":["GET"]}}],"collection":[{"href":"https:\/\/jornalfatosenoticias.com.br\/index.php\/wp-json\/wp\/v2\/posts"}],"about":[{"href":"https:\/\/jornalfatosenoticias.com.br\/index.php\/wp-json\/wp\/v2\/types\/post"}],"author":[{"embeddable":true,"href":"https:\/\/jornalfatosenoticias.com.br\/index.php\/wp-json\/wp\/v2\/users\/2"}],"replies":[{"embeddable":true,"href":"https:\/\/jornalfatosenoticias.com.br\/index.php\/wp-json\/wp\/v2\/comments?post=51920"}],"version-history":[{"count":0,"href":"https:\/\/jornalfatosenoticias.com.br\/index.php\/wp-json\/wp\/v2\/posts\/51920\/revisions"}],"wp:featuredmedia":[{"embeddable":true,"href":"https:\/\/jornalfatosenoticias.com.br\/index.php\/wp-json\/wp\/v2\/media\/51922"}],"wp:attachment":[{"href":"https:\/\/jornalfatosenoticias.com.br\/index.php\/wp-json\/wp\/v2\/media?parent=51920"}],"wp:term":[{"taxonomy":"category","embeddable":true,"href":"https:\/\/jornalfatosenoticias.com.br\/index.php\/wp-json\/wp\/v2\/categories?post=51920"},{"taxonomy":"post_tag","embeddable":true,"href":"https:\/\/jornalfatosenoticias.com.br\/index.php\/wp-json\/wp\/v2\/tags?post=51920"}],"curies":[{"name":"wp","href":"https:\/\/api.w.org\/{rel}","templated":true}]}}