{"id":51924,"date":"2024-06-12T11:06:26","date_gmt":"2024-06-12T14:06:26","guid":{"rendered":"https:\/\/jornalfatosenoticias.com.br\/?p=51924"},"modified":"2024-06-12T11:06:27","modified_gmt":"2024-06-12T14:06:27","slug":"governo-armou-uma-bomba-relogio-nas-contas-do-pais-e-lula-resiste-a-desarma-la","status":"publish","type":"post","link":"https:\/\/jornalfatosenoticias.com.br\/index.php\/2024\/06\/12\/governo-armou-uma-bomba-relogio-nas-contas-do-pais-e-lula-resiste-a-desarma-la\/","title":{"rendered":"Governo armou uma bomba-rel\u00f3gio nas contas do Pa\u00eds, e Lula resiste a desarm\u00e1-la"},"content":{"rendered":"\n<p><em><span class=\"has-inline-color has-black-color\">Apesar de alertas vindos de dentro do pr\u00f3prio governo, presidente Lula j\u00e1 demonstrou n\u00e3o estar preocupado com o controle das contas p\u00fablicas<\/span><\/em><\/p>\n\n\n\n<p><span class=\"has-inline-color has-black-color\">Por <strong><a href=\"https:\/\/www.gazetadopovo.com.br\/autor\/celio-yano\/\">C\u00e9lio Yano<\/a><\/strong><\/span><\/p>\n\n\n\n<div class=\"wp-block-image\"><figure class=\"aligncenter size-large\"><img loading=\"lazy\" decoding=\"async\" width=\"729\" height=\"90\" src=\"https:\/\/jornalfatosenoticias.com.br\/wp-content\/uploads\/2020\/02\/Logo_Mizu.png\" alt=\"\" class=\"wp-image-1441\" srcset=\"https:\/\/jornalfatosenoticias.com.br\/wp-content\/uploads\/2020\/02\/Logo_Mizu.png 729w, https:\/\/jornalfatosenoticias.com.br\/wp-content\/uploads\/2020\/02\/Logo_Mizu-300x37.png 300w\" sizes=\"auto, (max-width: 729px) 100vw, 729px\" \/><\/figure><\/div>\n\n\n\n<p>Medidas tomadas no atual governo criaram uma situa\u00e7\u00e3o que, caso mantida, pode levar o pa\u00eds a uma crise fiscal, inviabilizar a capacidade de investimento e elevar o endividamento p\u00fablico. Apesar disso, propostas internas para reverter o quadro t\u00eam sido interditadas por Luiz In\u00e1cio Lula da Silva (PT). Uma nova tentativa de convenc\u00ea-lo a desarmar a bomba-rel\u00f3gio das contas p\u00fablicas ser\u00e1 feita pelo ministro da Fazenda, Fernando Haddad.<br>Nesta ter\u00e7a-feira (11), Haddad anunciou que pretende levar a Lula alternativas para conter gastos do governo, entre as quais estaria um freio para despesas com sa\u00fade e educa\u00e7\u00e3o. A medida seria um aceno ao mercado, que, preocupado com o quadro fiscal, tem jogado para cima o d\u00f3lar e os juros futuros.<br>\u201cPor ocasi\u00e3o da discuss\u00e3o do Or\u00e7amento, n\u00f3s vamos levar algumas propostas para o presidente, que pode aceitar ou n\u00e3o, dependendo da avalia\u00e7\u00e3o que ele fizer\u201d, disse Haddad. O ministro, por\u00e9m, n\u00e3o falou em mexer nas regras da Previd\u00eancia e benef\u00edcios assistenciais, que juntos respondem por mais da metade dos gastos da Uni\u00e3o.<\/p>\n\n\n\n<div class=\"wp-block-image\"><figure class=\"aligncenter size-large is-resized\"><img loading=\"lazy\" decoding=\"async\" src=\"https:\/\/jornalfatosenoticias.com.br\/wp-content\/uploads\/2022\/02\/Precisao-Contabilidade-1024x724.jpg\" alt=\"\" class=\"wp-image-28088\" width=\"366\" height=\"259\"\/><\/figure><\/div>\n\n\n\n<p>Uma discuss\u00e3o semelhante levantada h\u00e1 pouco mais de um m\u00eas pela ministra do Planejamento e Or\u00e7amento, Simone Tebet, foi logo repreendida por outros ministros e pelo partido de Lula. V\u00e1rios analistas veem com desconfian\u00e7a a sustentabilidade do arcabou\u00e7o fiscal institu\u00eddo no ano passado em substitui\u00e7\u00e3o \u00e0 regra do teto de gastos. Isso porque, ao permitir um crescimento desproporcional das despesas, a nova regra pode estrangular o espa\u00e7o para investimentos e gastos discricion\u00e1rios.<\/p>\n\n\n\n<div class=\"wp-block-image\"><figure class=\"aligncenter size-large is-resized\"><img loading=\"lazy\" decoding=\"async\" src=\"https:\/\/jornalfatosenoticias.com.br\/wp-content\/uploads\/2023\/08\/BKR-1024x1021.jpg\" alt=\"\" class=\"wp-image-44494\" width=\"331\" height=\"330\" srcset=\"https:\/\/jornalfatosenoticias.com.br\/wp-content\/uploads\/2023\/08\/BKR-1024x1021.jpg 1024w, https:\/\/jornalfatosenoticias.com.br\/wp-content\/uploads\/2023\/08\/BKR-300x300.jpg 300w, https:\/\/jornalfatosenoticias.com.br\/wp-content\/uploads\/2023\/08\/BKR-150x150.jpg 150w, https:\/\/jornalfatosenoticias.com.br\/wp-content\/uploads\/2023\/08\/BKR-768x766.jpg 768w, https:\/\/jornalfatosenoticias.com.br\/wp-content\/uploads\/2023\/08\/BKR.jpg 1080w\" sizes=\"auto, (max-width: 331px) 100vw, 331px\" \/><\/figure><\/div>\n\n\n\n<p>Uma das iniciativas de Lula que contribuem para o aperto nas contas \u00e9 a pol\u00edtica de valoriza\u00e7\u00e3o real do sal\u00e1rio m\u00ednimo, retomada pelo petista logo em seu primeiro ano de mandato. Embora contribua, em certa medida, para aumentar o dinheiro em circula\u00e7\u00e3o e estimular o consumo, a iniciativa, na outra ponta, faz disparar o gasto da Uni\u00e3o com a Previd\u00eancia, j\u00e1 que 60% das aposentadorias e pens\u00f5es pagas pelo Instituto Nacional da Seguridade Social (INSS) s\u00e3o vinculados ao sal\u00e1rio m\u00ednimo.<\/p>\n\n\n\n<div class=\"wp-block-image\"><figure class=\"aligncenter size-large\"><img decoding=\"async\" src=\"https:\/\/jornalfatosenoticias.com.br\/wp-content\/uploads\/2020\/02\/barao-das-carnes-300x164-1.jpg\" alt=\"\" class=\"wp-image-34339\"\/><\/figure><\/div>\n\n\n\n<p>Tamb\u00e9m est\u00e3o atrelados ao valor de refer\u00eancia desembolsos como o Benef\u00edcio de Presta\u00e7\u00e3o Continuada (BPC), o abono salarial e o seguro-desemprego. At\u00e9 2022, a legisla\u00e7\u00e3o determinava que o sal\u00e1rio m\u00ednimo acompanhasse a infla\u00e7\u00e3o. A Lei 14.663\/2023 estabeleceu que o piso salarial nacional ser\u00e1 reajustado anualmente em porcentual equivalente \u00e0 infla\u00e7\u00e3o mais o crescimento real do Produto Interno Bruto (PIB) do segundo ano anterior ao vigente.<\/p>\n\n\n\n<div class=\"wp-block-image\"><figure class=\"aligncenter size-large is-resized\"><img loading=\"lazy\" decoding=\"async\" src=\"https:\/\/jornalfatosenoticias.com.br\/wp-content\/uploads\/2020\/02\/logo_esteio.jpg\" alt=\"\" class=\"wp-image-1214\" width=\"341\" height=\"284\"\/><\/figure><\/div>\n\n\n\n<p>O economista Marcos Mendes, pesquisador associado do Insper, calculou que essa nova pol\u00edtica, sozinha, far\u00e1 a despesa da Previd\u00eancia ficar R$ 16,4 bilh\u00f5es mais cara do que se os benef\u00edcios fossem corrigidos anualmente pela infla\u00e7\u00e3o. O BPC, por sua vez, custar\u00e1 R$ 4,5 bilh\u00f5es a mais, em seus c\u00e1lculos.<\/p>\n\n\n\n<div class=\"wp-block-image\"><figure class=\"aligncenter size-large is-resized\"><img loading=\"lazy\" decoding=\"async\" src=\"https:\/\/jornalfatosenoticias.com.br\/wp-content\/uploads\/2023\/12\/pegoretti-logo-pdf-1024x389.jpg\" alt=\"\" class=\"wp-image-47536\" width=\"477\" height=\"181\" srcset=\"https:\/\/jornalfatosenoticias.com.br\/wp-content\/uploads\/2023\/12\/pegoretti-logo-pdf-1024x389.jpg 1024w, https:\/\/jornalfatosenoticias.com.br\/wp-content\/uploads\/2023\/12\/pegoretti-logo-pdf-300x114.jpg 300w, https:\/\/jornalfatosenoticias.com.br\/wp-content\/uploads\/2023\/12\/pegoretti-logo-pdf-768x291.jpg 768w, https:\/\/jornalfatosenoticias.com.br\/wp-content\/uploads\/2023\/12\/pegoretti-logo-pdf.jpg 1120w\" sizes=\"auto, (max-width: 477px) 100vw, 477px\" \/><\/figure><\/div>\n\n\n\n<p><strong><span class=\"has-inline-color has-black-color\">Governo Lula retomou obrigatoriedade de despesas m\u00ednimas com educa\u00e7\u00e3o e sa\u00fade<br><\/span><\/strong>Em outra frente, ao acabar com a regra do teto de gastos, com a chamada PEC da Transi\u00e7\u00e3o, ainda no fim de 2022, o governo Lula retomou a obrigatoriedade de gastos m\u00ednimos em sa\u00fade e educa\u00e7\u00e3o, que haviam sido suspensos. Os pisos constitucionais para as duas \u00e1reas est\u00e3o indexados \u00e0 arrecada\u00e7\u00e3o federal: a educa\u00e7\u00e3o deve receber 18% da receita l\u00edquida de impostos (RLI) e a sa\u00fade, 15% da receita corrente l\u00edquida (RCL). A retomada das exig\u00eancias gerou dor de cabe\u00e7a j\u00e1 em 2023 para o ministro Fernando Haddad, que fez o que p\u00f4de para driblar a regra.<\/p>\n\n\n\n<div class=\"wp-block-image\"><figure class=\"aligncenter size-large\"><img loading=\"lazy\" decoding=\"async\" width=\"300\" height=\"250\" src=\"https:\/\/jornalfatosenoticias.com.br\/wp-content\/uploads\/2020\/02\/Banner-2.png\" alt=\"\" class=\"wp-image-43787\"\/><\/figure><\/div>\n\n\n\n<p>Em artigo publicado na <em>&#8220;Folha de S.Paulo&#8221;,<\/em> Mendes define as vincula\u00e7\u00f5es de despesas como causa central do desequil\u00edbrio fiscal cr\u00f4nico. \u201cUma das medidas essenciais para tirar o governo da rota do endividamento insustent\u00e1vel \u00e9 a revis\u00e3o das vincula\u00e7\u00f5es de despesas ao\u00a0sal\u00e1rio m\u00ednimo ou ao crescimento da receita\u201d, escreveu.<\/p>\n\n\n\n<div class=\"wp-block-image\"><figure class=\"aligncenter size-large is-resized\"><img loading=\"lazy\" decoding=\"async\" src=\"https:\/\/jornalfatosenoticias.com.br\/wp-content\/uploads\/2020\/02\/nova-logo-Marquetti.jpg\" alt=\"\" class=\"wp-image-22331\" width=\"344\" height=\"231\" srcset=\"https:\/\/jornalfatosenoticias.com.br\/wp-content\/uploads\/2020\/02\/nova-logo-Marquetti.jpg 643w, https:\/\/jornalfatosenoticias.com.br\/wp-content\/uploads\/2020\/02\/nova-logo-Marquetti-300x202.jpg 300w\" sizes=\"auto, (max-width: 344px) 100vw, 344px\" \/><\/figure><\/div>\n\n\n\n<p>\u00c9 nessa frente que Haddad indicou que vai atuar para convencer Lula. O ministro, no entanto, n\u00e3o revelou que regra de corre\u00e7\u00e3o das despesas pretende apresentar. Somente com a sa\u00fade, a despesa or\u00e7ada em 2024 ser\u00e1 R$ 59,6 bilh\u00f5es maior do que seria se o gasto m\u00ednimo de 2022, \u00faltimo ano da regra anterior, tivesse sido corrigido apenas pela infla\u00e7\u00e3o, nas contas do economista. No caso da educa\u00e7\u00e3o, o gasto j\u00e1 superava o m\u00ednimo legal, de modo que n\u00e3o \u00e9 poss\u00edvel afirmar se a vincula\u00e7\u00e3o tem impacto direto na despesa.<\/p>\n\n\n\n<div class=\"wp-block-image\"><figure class=\"aligncenter size-large is-resized\"><img loading=\"lazy\" decoding=\"async\" src=\"https:\/\/jornalfatosenoticias.com.br\/wp-content\/uploads\/2023\/08\/ITH.jpeg\" alt=\"\" class=\"wp-image-44638\" width=\"340\" height=\"276\" srcset=\"https:\/\/jornalfatosenoticias.com.br\/wp-content\/uploads\/2023\/08\/ITH.jpeg 800w, https:\/\/jornalfatosenoticias.com.br\/wp-content\/uploads\/2023\/08\/ITH-300x244.jpeg 300w, https:\/\/jornalfatosenoticias.com.br\/wp-content\/uploads\/2023\/08\/ITH-768x624.jpeg 768w\" sizes=\"auto, (max-width: 340px) 100vw, 340px\" \/><\/figure><\/div>\n\n\n\n<p><strong><span class=\"has-inline-color has-black-color\">Arcabou\u00e7o indexou emendas parlamentares, e heran\u00e7as de gest\u00f5es anteriores pioram quadro<br><\/span><\/strong>Para agravar o quadro, o novo arcabou\u00e7o fiscal tamb\u00e9m indexou o valor de emendas parlamentares de execu\u00e7\u00e3o obrigat\u00f3ria \u00e0 arrecada\u00e7\u00e3o. As emendas de bancada voltaram a corresponder a 1% da RCL, e as emendas individuais tiveram aumento de 1,2% para 2% da RCL.<\/p>\n\n\n\n<div class=\"wp-block-image\"><figure class=\"aligncenter size-large is-resized\"><img loading=\"lazy\" decoding=\"async\" src=\"https:\/\/jornalfatosenoticias.com.br\/wp-content\/uploads\/2020\/02\/logo-Rapuzel-1024x571.jpg\" alt=\"\" class=\"wp-image-42808\" width=\"373\" height=\"208\" srcset=\"https:\/\/jornalfatosenoticias.com.br\/wp-content\/uploads\/2020\/02\/logo-Rapuzel-1024x571.jpg 1024w, https:\/\/jornalfatosenoticias.com.br\/wp-content\/uploads\/2020\/02\/logo-Rapuzel-300x167.jpg 300w, https:\/\/jornalfatosenoticias.com.br\/wp-content\/uploads\/2020\/02\/logo-Rapuzel-768x428.jpg 768w, https:\/\/jornalfatosenoticias.com.br\/wp-content\/uploads\/2020\/02\/logo-Rapuzel-1536x856.jpg 1536w, https:\/\/jornalfatosenoticias.com.br\/wp-content\/uploads\/2020\/02\/logo-Rapuzel.jpg 1600w\" sizes=\"auto, (max-width: 373px) 100vw, 373px\" \/><\/figure><\/div>\n\n\n\n<p>O valor or\u00e7ado para essas emendas em 2024 \u00e9 R$ 14,5 bilh\u00f5es superior ao que estaria destinado caso a corre\u00e7\u00e3o fosse feita pela infla\u00e7\u00e3o a partir do executado em 2022. Outras vincula\u00e7\u00f5es herdadas de gest\u00f5es anteriores contribuem para engessar ainda mais o Or\u00e7amento. At\u00e9 2020, por exemplo, o governo federal desembolsava 10% do montante aportado por estados e munic\u00edpios no Fundo de Manuten\u00e7\u00e3o e Desenvolvimento da Educa\u00e7\u00e3o B\u00e1sica e de Valoriza\u00e7\u00e3o dos Profissionais da Educa\u00e7\u00e3o (Fundeb).<\/p>\n\n\n\n<div class=\"wp-block-image\"><figure class=\"aligncenter size-large\"><img loading=\"lazy\" decoding=\"async\" width=\"300\" height=\"250\" src=\"https:\/\/jornalfatosenoticias.com.br\/wp-content\/uploads\/2022\/02\/FERRARI_MAQUINAS-E-FERRAMENTAS2.jpg\" alt=\"\" class=\"wp-image-27860\"\/><\/figure><\/div>\n\n\n\n<p>A Emenda Constitucional 108\/2020 determina que esse porcentual cres\u00e7a gradualmente at\u00e9 23% \u2013 para 2024, est\u00e1 em 19%. Caso vigorasse o porcentual anterior, a despesa federal com o Fundeb seria R$ 22,3 bilh\u00f5es menor que o valor or\u00e7ado neste ano. Outra despesa vinculada \u00e0 RCL \u00e9 a o aporte anual ao Fundo Constitucional do Distrito Federal (FCDF). Criado em 2002, caso o gasto fosse corrigido pela infla\u00e7\u00e3o em vez de pela varia\u00e7\u00e3o de receita, a despesa em 2024 seria R$ 14,4 bilh\u00f5es menor que a or\u00e7ada para o ano.<\/p>\n\n\n\n<div class=\"wp-block-image\"><figure class=\"aligncenter size-large is-resized\"><img loading=\"lazy\" decoding=\"async\" src=\"https:\/\/jornalfatosenoticias.com.br\/wp-content\/uploads\/2023\/03\/logo-Panper_portal.jpg\" alt=\"\" class=\"wp-image-40208\" width=\"344\" height=\"238\" srcset=\"https:\/\/jornalfatosenoticias.com.br\/wp-content\/uploads\/2023\/03\/logo-Panper_portal.jpg 400w, https:\/\/jornalfatosenoticias.com.br\/wp-content\/uploads\/2023\/03\/logo-Panper_portal-300x208.jpg 300w\" sizes=\"auto, (max-width: 344px) 100vw, 344px\" \/><\/figure><\/div>\n\n\n\n<p>Somando todos os valores, a despesa em 2024 poderia estar R$ 131,6 bilh\u00f5es mais baixa sem as indexa\u00e7\u00f5es. \u201cIsso faria com que o d\u00e9ficit prim\u00e1rio previsto [pelo governo] de R$ 9,3 bilh\u00f5es se transformasse em um super\u00e1vit de R$ 122,3 bilh\u00f5es\u201d, ressalta Mendes.<\/p>\n\n\n\n<div class=\"wp-block-image\"><figure class=\"aligncenter size-large is-resized\"><img loading=\"lazy\" decoding=\"async\" src=\"https:\/\/jornalfatosenoticias.com.br\/wp-content\/uploads\/2020\/02\/logo_esteio.jpg\" alt=\"\" class=\"wp-image-1214\" width=\"347\" height=\"289\"\/><\/figure><\/div>\n\n\n\n<p>A cifra equivaleria a uma varia\u00e7\u00e3o positiva de 1,1% do Produto Interno Bruto (PIB). Em vez disso, o governo projeta resultado prim\u00e1rio neutro para 2024. Para 2025, diante do cen\u00e1rio, acabou rebaixando a meta fiscal de super\u00e1vit de 0,5% do PIB para novo resultado neutro e agora projeta super\u00e1vit apenas em 2026, \u00faltimo ano do atual mandato de Lula.<\/p>\n\n\n\n<div class=\"wp-block-image\"><figure class=\"aligncenter size-large is-resized\"><img loading=\"lazy\" decoding=\"async\" src=\"https:\/\/jornalfatosenoticias.com.br\/wp-content\/uploads\/2023\/09\/vetorvix1024_1.jpg\" alt=\"\" class=\"wp-image-44868\" width=\"535\" height=\"142\" srcset=\"https:\/\/jornalfatosenoticias.com.br\/wp-content\/uploads\/2023\/09\/vetorvix1024_1.jpg 1024w, https:\/\/jornalfatosenoticias.com.br\/wp-content\/uploads\/2023\/09\/vetorvix1024_1-300x80.jpg 300w, https:\/\/jornalfatosenoticias.com.br\/wp-content\/uploads\/2023\/09\/vetorvix1024_1-768x205.jpg 768w\" sizes=\"auto, (max-width: 535px) 100vw, 535px\" \/><\/figure><\/div>\n\n\n\n<p><strong><span class=\"has-inline-color has-black-color\">Estrangulamento de espa\u00e7o para gastos p\u00f5e arcabou\u00e7o fiscal em xeque<br><\/span><\/strong>Se a situa\u00e7\u00e3o se mantiver, o arcabou\u00e7o fiscal institu\u00eddo pelo governo Lula j\u00e1 tem os dias contados. A regra depende da eleva\u00e7\u00e3o de receita para acomodar o crescimento de despesas \u2014 os gastos podem crescer, em termos reais, entre 0,6% e 2,5%. S\u00f3 que, com as vincula\u00e7\u00f5es, no momento em que a arrecada\u00e7\u00e3o sobe, os custos indexados tamb\u00e9m aumentam, comprimindo o espa\u00e7o para as demais despesas.<\/p>\n\n\n\n<div class=\"wp-block-image\"><figure class=\"aligncenter size-large is-resized\"><img loading=\"lazy\" decoding=\"async\" src=\"https:\/\/jornalfatosenoticias.com.br\/wp-content\/uploads\/2020\/02\/CONTROL-CS.jpg\" alt=\"\" class=\"wp-image-44991\" width=\"286\" height=\"343\" srcset=\"https:\/\/jornalfatosenoticias.com.br\/wp-content\/uploads\/2020\/02\/CONTROL-CS.jpg 834w, https:\/\/jornalfatosenoticias.com.br\/wp-content\/uploads\/2020\/02\/CONTROL-CS-250x300.jpg 250w, https:\/\/jornalfatosenoticias.com.br\/wp-content\/uploads\/2020\/02\/CONTROL-CS-768x921.jpg 768w\" sizes=\"auto, (max-width: 286px) 100vw, 286px\" \/><\/figure><\/div>\n\n\n\n<p>No ritmo atual, somente os pisos de sa\u00fade e educa\u00e7\u00e3o atingir\u00e3o 112% das despesas discricion\u00e1rias at\u00e9 2028, segundo levantamento feito pelo jornal &#8220;O Estado de S. Paulo&#8221; a partir de proje\u00e7\u00f5es do Minist\u00e9rio do Planejamento e Or\u00e7amento e dados do Projeto de Lei de Diretrizes Or\u00e7ament\u00e1rias (PLDO). O eventual descumprimento das metas de resultado prim\u00e1rio contribuiria para elevar a d\u00edvida p\u00fablica em rela\u00e7\u00e3o ao PIB, tanto em raz\u00e3o do d\u00e9ficit fiscal quanto da limita\u00e7\u00e3o do crescimento da economia em raz\u00e3o da falta de investimentos.<\/p>\n\n\n\n<div class=\"wp-block-image\"><figure class=\"aligncenter size-large is-resized\"><img loading=\"lazy\" decoding=\"async\" src=\"https:\/\/jornalfatosenoticias.com.br\/wp-content\/uploads\/2023\/03\/nova-logo-Marquetti.jpg\" alt=\"\" class=\"wp-image-40207\" width=\"331\" height=\"222\" srcset=\"https:\/\/jornalfatosenoticias.com.br\/wp-content\/uploads\/2023\/03\/nova-logo-Marquetti.jpg 643w, https:\/\/jornalfatosenoticias.com.br\/wp-content\/uploads\/2023\/03\/nova-logo-Marquetti-300x202.jpg 300w\" sizes=\"auto, (max-width: 331px) 100vw, 331px\" \/><\/figure><\/div>\n\n\n\n<p>A perda cada vez maior da credibilidade do arcabou\u00e7o fiscal faz ainda com que o mercado exija juros crescentes nos t\u00edtulos p\u00fablicos, o que gera um ciclo vicioso que dificulta ainda mais o movimento da economia em raz\u00e3o da menor circula\u00e7\u00e3o de dinheiro e de investimento em capital produtivo. O mercado j\u00e1 precifica esse cen\u00e1rio. A proje\u00e7\u00e3o mediana de analistas consultados pelo Banco Central para a taxa Selic ao fim do ano saltou de 9,63% para 10,25% nas \u00faltimas quatro semanas.<\/p>\n\n\n\n<div class=\"wp-block-image\"><figure class=\"aligncenter size-large is-resized\"><img loading=\"lazy\" decoding=\"async\" src=\"https:\/\/jornalfatosenoticias.com.br\/wp-content\/uploads\/2022\/02\/Precisao-Contabilidade-1024x724.jpg\" alt=\"\" class=\"wp-image-28088\" width=\"376\" height=\"266\"\/><\/figure><\/div>\n\n\n\n<blockquote class=\"wp-block-quote is-layout-flow wp-block-quote-is-layout-flow\"><p><span class=\"has-inline-color has-luminous-vivid-orange-color\">N\u00e3o est\u00e1 claro totalmente como a economia vai reagir a uma pol\u00edtica fiscal expansionista e um Banco Central contracionista\u201d, diz S\u00e9rgio Vale, economista chefe da MB Associados. Para ele, os riscos de impacto negativo crescem para 2025 em raz\u00e3o da pol\u00edtica monet\u00e1ria. \u201cSe o governo n\u00e3o encontrar um rumo diferente do atual, corre o risco de entregar taxas de crescimento cadentes em cada um dos anos de seu governo\u201d, acrescenta.<\/span><\/p><\/blockquote>\n\n\n\n<div class=\"wp-block-image\"><figure class=\"aligncenter size-large is-resized\"><img loading=\"lazy\" decoding=\"async\" src=\"https:\/\/jornalfatosenoticias.com.br\/wp-content\/uploads\/2023\/12\/pegoretti-logo-pdf-1024x389.jpg\" alt=\"\" class=\"wp-image-47536\" width=\"475\" height=\"180\" srcset=\"https:\/\/jornalfatosenoticias.com.br\/wp-content\/uploads\/2023\/12\/pegoretti-logo-pdf-1024x389.jpg 1024w, https:\/\/jornalfatosenoticias.com.br\/wp-content\/uploads\/2023\/12\/pegoretti-logo-pdf-300x114.jpg 300w, https:\/\/jornalfatosenoticias.com.br\/wp-content\/uploads\/2023\/12\/pegoretti-logo-pdf-768x291.jpg 768w, https:\/\/jornalfatosenoticias.com.br\/wp-content\/uploads\/2023\/12\/pegoretti-logo-pdf.jpg 1120w\" sizes=\"auto, (max-width: 475px) 100vw, 475px\" \/><\/figure><\/div>\n\n\n\n<p><strong><span class=\"has-inline-color has-black-color\">Propostas de ajuste das contas p\u00fablicas surgidas no pr\u00f3prio governo foram recha\u00e7adas<br><\/span><\/strong>No m\u00eas passado, a ministra Simone Tebet chegou a ventilar a ideia de desvincular do sal\u00e1rio m\u00ednimo o piso de aposentadorias, BPC, seguro-desemprego e abono salarial. Ela tamb\u00e9m mencionou em entrevista a incorpora\u00e7\u00e3o do Fundeb (fundo da educa\u00e7\u00e3o b\u00e1sica) ao limite m\u00ednimo de gastos em educa\u00e7\u00e3o, o que permitiria economizar recursos reduzindo-se outras despesas na \u00e1rea.<\/p>\n\n\n\n<div class=\"wp-block-image\"><figure class=\"aligncenter size-large is-resized\"><img loading=\"lazy\" decoding=\"async\" src=\"https:\/\/jornalfatosenoticias.com.br\/wp-content\/uploads\/2023\/08\/BKR-1024x1021.jpg\" alt=\"\" class=\"wp-image-44494\" width=\"288\" height=\"287\" srcset=\"https:\/\/jornalfatosenoticias.com.br\/wp-content\/uploads\/2023\/08\/BKR-1024x1021.jpg 1024w, https:\/\/jornalfatosenoticias.com.br\/wp-content\/uploads\/2023\/08\/BKR-300x300.jpg 300w, https:\/\/jornalfatosenoticias.com.br\/wp-content\/uploads\/2023\/08\/BKR-150x150.jpg 150w, https:\/\/jornalfatosenoticias.com.br\/wp-content\/uploads\/2023\/08\/BKR-768x766.jpg 768w, https:\/\/jornalfatosenoticias.com.br\/wp-content\/uploads\/2023\/08\/BKR.jpg 1080w\" sizes=\"auto, (max-width: 288px) 100vw, 288px\" \/><\/figure><\/div>\n\n\n\n<p>Embora n\u00e3o tenha dado qualquer declara\u00e7\u00e3o p\u00fablica sobre a ideia, Lula n\u00e3o teria dado aval \u00e0 iniciativa, a julgar por manifesta\u00e7\u00f5es de aliados que s\u00e3o tidos como porta-vozes informais \u2014 caso da presidente nacional do PT, Gleisi Hoffmann, que foi \u00e0s redes sociais criticar a proposta.<\/p>\n\n\n\n<div class=\"wp-block-image\"><figure class=\"aligncenter size-large\"><img loading=\"lazy\" decoding=\"async\" width=\"729\" height=\"90\" src=\"https:\/\/jornalfatosenoticias.com.br\/wp-content\/uploads\/2020\/02\/Logo_Mizu.png\" alt=\"\" class=\"wp-image-1441\" srcset=\"https:\/\/jornalfatosenoticias.com.br\/wp-content\/uploads\/2020\/02\/Logo_Mizu.png 729w, https:\/\/jornalfatosenoticias.com.br\/wp-content\/uploads\/2020\/02\/Logo_Mizu-300x37.png 300w\" sizes=\"auto, (max-width: 729px) 100vw, 729px\" \/><\/figure><\/div>\n\n\n\n<p>\u201cDesvincular a Previd\u00eancia do sal\u00e1rio m\u00ednimo e incluir o Fundeb na conta do piso da Educa\u00e7\u00e3o s\u00e3o ideias muito ruins, que contrariam o programa de governo eleito em 2022\u201d, escreveu a deputada no X. \u201cSe adotadas, iriam prejudicar diretamente milh\u00f5es de aposentados e alunos de escolas p\u00fablicas, a popula\u00e7\u00e3o que precisa ser protegida pela a\u00e7\u00e3o do Estado, a\u00e7\u00f5es estas garantidas na nossa Constitui\u00e7\u00e3o. \u00c9 no m\u00ednimo preocupante que sejam defendidas pela ministra Simone Tebet. Responsabilidade fiscal n\u00e3o tem nada a ver com injusti\u00e7a social\u201d, acrescentou.<\/p>\n\n\n\n<div class=\"wp-block-image\"><figure class=\"aligncenter size-large is-resized\"><img loading=\"lazy\" decoding=\"async\" src=\"https:\/\/jornalfatosenoticias.com.br\/wp-content\/uploads\/2023\/03\/logo-Panper_portal.jpg\" alt=\"\" class=\"wp-image-40208\" width=\"349\" height=\"242\" srcset=\"https:\/\/jornalfatosenoticias.com.br\/wp-content\/uploads\/2023\/03\/logo-Panper_portal.jpg 400w, https:\/\/jornalfatosenoticias.com.br\/wp-content\/uploads\/2023\/03\/logo-Panper_portal-300x208.jpg 300w\" sizes=\"auto, (max-width: 349px) 100vw, 349px\" \/><\/figure><\/div>\n\n\n\n<p>A agenda tamb\u00e9m foi alvo de cr\u00edticas de outros integrantes do governo. \u201cSou totalmente contra essa proposta, que acho absurda\u201d, disse o ministro do Trabalho, Luiz Marinho, ao \u201cEstad\u00e3o\u201d.\u00a0\u201cSe \u00e9 para apresentar uma proposta dessas, vamos logo acabar com a pol\u00edtica de valoriza\u00e7\u00e3o permanente do sal\u00e1rio m\u00ednimo\u201d.<\/p>\n\n\n\n<div class=\"wp-block-image\"><figure class=\"aligncenter size-large\"><img loading=\"lazy\" decoding=\"async\" width=\"300\" height=\"250\" src=\"https:\/\/jornalfatosenoticias.com.br\/wp-content\/uploads\/2020\/02\/Banner-2.png\" alt=\"\" class=\"wp-image-43787\"\/><\/figure><\/div>\n\n\n\n<p>Para o ministro da Previd\u00eancia, Carlos Lupi (PDT), a sugest\u00e3o apresentada por Tebet n\u00e3o tem como prosperar. \u201cIsso \u00e9 tirar renda da parte mais pobre da popula\u00e7\u00e3o\u201d, afirmou Lupi \u00e0 mesma publica\u00e7\u00e3o. \u201cLutarei contra\u201d.<\/p>\n\n\n\n<div class=\"wp-block-image\"><figure class=\"aligncenter size-large is-resized\"><img loading=\"lazy\" decoding=\"async\" src=\"https:\/\/jornalfatosenoticias.com.br\/wp-content\/uploads\/2023\/08\/ITH.jpeg\" alt=\"\" class=\"wp-image-44638\" width=\"327\" height=\"266\" srcset=\"https:\/\/jornalfatosenoticias.com.br\/wp-content\/uploads\/2023\/08\/ITH.jpeg 800w, https:\/\/jornalfatosenoticias.com.br\/wp-content\/uploads\/2023\/08\/ITH-300x244.jpeg 300w, https:\/\/jornalfatosenoticias.com.br\/wp-content\/uploads\/2023\/08\/ITH-768x624.jpeg 768w\" sizes=\"auto, (max-width: 327px) 100vw, 327px\" \/><\/figure><\/div>\n\n\n\n<p>Em entrevista ao jornal \u201c<em>O Estado de S.Paulo<\/em>\u201d, dias depois, Haddad interditou o debate ao afirmar desconhecer a proposta e faltar espa\u00e7o para discuti-la. O pr\u00f3prio ministro da Fazenda, no entanto, havia compartilhado, dias antes, um artigo do economista Br\u00e1ulio Borges, da Funda\u00e7\u00e3o Get\u00falio Vargas (FGV), que, entre outras medidas, recomenda justamente a desvincula\u00e7\u00e3o de sal\u00e1rio m\u00ednimo e benef\u00edcios.<\/p>\n\n\n\n<div class=\"wp-block-image\"><figure class=\"aligncenter size-large is-resized\"><img loading=\"lazy\" decoding=\"async\" src=\"https:\/\/jornalfatosenoticias.com.br\/wp-content\/uploads\/2020\/02\/logo-Rapuzel-1024x571.jpg\" alt=\"\" class=\"wp-image-42808\" width=\"368\" height=\"205\" srcset=\"https:\/\/jornalfatosenoticias.com.br\/wp-content\/uploads\/2020\/02\/logo-Rapuzel-1024x571.jpg 1024w, https:\/\/jornalfatosenoticias.com.br\/wp-content\/uploads\/2020\/02\/logo-Rapuzel-300x167.jpg 300w, https:\/\/jornalfatosenoticias.com.br\/wp-content\/uploads\/2020\/02\/logo-Rapuzel-768x428.jpg 768w, https:\/\/jornalfatosenoticias.com.br\/wp-content\/uploads\/2020\/02\/logo-Rapuzel-1536x856.jpg 1536w, https:\/\/jornalfatosenoticias.com.br\/wp-content\/uploads\/2020\/02\/logo-Rapuzel.jpg 1600w\" sizes=\"auto, (max-width: 368px) 100vw, 368px\" \/><\/figure><\/div>\n\n\n\n<p>No in\u00edcio de abril, a presidente nacional do PT j\u00e1 havia reagido negativamente tamb\u00e9m a um relat\u00f3rio do Tesouro Nacional que apontou uma economia de R$ 131 bilh\u00f5es at\u00e9 2033 com uma eventual mudan\u00e7a na regra de corre\u00e7\u00e3o dos pisos constitucionais para sa\u00fade e educa\u00e7\u00e3o.<\/p>\n\n\n\n<div class=\"wp-block-image\"><figure class=\"aligncenter size-large is-resized\"><img loading=\"lazy\" decoding=\"async\" src=\"https:\/\/jornalfatosenoticias.com.br\/wp-content\/uploads\/2023\/08\/BKR-1024x1021.jpg\" alt=\"\" class=\"wp-image-44494\" width=\"300\" height=\"299\" srcset=\"https:\/\/jornalfatosenoticias.com.br\/wp-content\/uploads\/2023\/08\/BKR-1024x1021.jpg 1024w, https:\/\/jornalfatosenoticias.com.br\/wp-content\/uploads\/2023\/08\/BKR-300x300.jpg 300w, https:\/\/jornalfatosenoticias.com.br\/wp-content\/uploads\/2023\/08\/BKR-150x150.jpg 150w, https:\/\/jornalfatosenoticias.com.br\/wp-content\/uploads\/2023\/08\/BKR-768x766.jpg 768w, https:\/\/jornalfatosenoticias.com.br\/wp-content\/uploads\/2023\/08\/BKR.jpg 1080w\" sizes=\"auto, (max-width: 300px) 100vw, 300px\" \/><\/figure><\/div>\n\n\n\n<p>A necessidade de limitar os gastos com as \u00e1reas j\u00e1 havia sido defendida pelo secret\u00e1rio do Tesouro, Rog\u00e9rio Ceron, ainda no in\u00edcio de 2023. \u201cEntendemos que h\u00e1 crit\u00e9rios que podem ser melhores que a mera indexa\u00e7\u00e3o [em rela\u00e7\u00e3o \u00e0s receitas]\u201d, disse o secret\u00e1rio, \u00e0 \u00e9poca.<\/p>\n\n\n\n<div class=\"wp-block-image\"><figure class=\"aligncenter size-large is-resized\"><img loading=\"lazy\" decoding=\"async\" src=\"https:\/\/jornalfatosenoticias.com.br\/wp-content\/uploads\/2023\/12\/pegoretti-logo-pdf-1024x389.jpg\" alt=\"\" class=\"wp-image-47536\" width=\"514\" height=\"195\" srcset=\"https:\/\/jornalfatosenoticias.com.br\/wp-content\/uploads\/2023\/12\/pegoretti-logo-pdf-1024x389.jpg 1024w, https:\/\/jornalfatosenoticias.com.br\/wp-content\/uploads\/2023\/12\/pegoretti-logo-pdf-300x114.jpg 300w, https:\/\/jornalfatosenoticias.com.br\/wp-content\/uploads\/2023\/12\/pegoretti-logo-pdf-768x291.jpg 768w, https:\/\/jornalfatosenoticias.com.br\/wp-content\/uploads\/2023\/12\/pegoretti-logo-pdf.jpg 1120w\" sizes=\"auto, (max-width: 514px) 100vw, 514px\" \/><\/figure><\/div>\n\n\n\n<p>\u201cRecuar nesses avan\u00e7os, como vimos ontem [7 de abril] na imprensa com base em \u2018estudo\u2019 da \u00e1rea econ\u00f4mica, n\u00e3o seria uma op\u00e7\u00e3o v\u00e1lida nem justa para financiar outras \u00e1reas de governo, todas elas importantes\u201d, escreveu Gleisi no X.<br>No dia 14 de maio, ela voltou a criticar uma poss\u00edvel altera\u00e7\u00e3o na atual regra. \u201cVolta a circular na m\u00eddia a ideia totalmente equivocada de rever os pisos constitucionais da Sa\u00fade e Educa\u00e7\u00e3o. Querem tirar de dois setores em que o Pa\u00eds vem avan\u00e7ando, corrigindo uma d\u00edvida hist\u00f3rica com a popula\u00e7\u00e3o, com o falso pretexto de que seria necess\u00e1rio para financiar outras a\u00e7\u00f5es\u201d, postou. \u201cQue tal cortar na conta dos juros exorbitantes que o governo tem de pagar? Felizmente, o ministro Haddad j\u00e1 disse que os \u2018estudos\u2019 sobre revis\u00e3o dos pisos \u2018n\u00e3o prosperaram\u2019 e enfrentariam resist\u00eancias tamb\u00e9m no Congresso\u201d, concluiu.<\/p>\n\n\n\n<div class=\"wp-block-image\"><figure class=\"aligncenter size-large is-resized\"><img loading=\"lazy\" decoding=\"async\" src=\"https:\/\/jornalfatosenoticias.com.br\/wp-content\/uploads\/2020\/02\/CONTROL-CS.jpg\" alt=\"\" class=\"wp-image-44991\" width=\"295\" height=\"353\" srcset=\"https:\/\/jornalfatosenoticias.com.br\/wp-content\/uploads\/2020\/02\/CONTROL-CS.jpg 834w, https:\/\/jornalfatosenoticias.com.br\/wp-content\/uploads\/2020\/02\/CONTROL-CS-250x300.jpg 250w, https:\/\/jornalfatosenoticias.com.br\/wp-content\/uploads\/2020\/02\/CONTROL-CS-768x921.jpg 768w\" sizes=\"auto, (max-width: 295px) 100vw, 295px\" \/><\/figure><\/div>\n\n\n\n<p>V\u00e1rios analistas de contas p\u00fablicas ouvidos pela Gazeta do Povo s\u00e3o favor\u00e1veis a uma revis\u00e3o na regra dos pisos de gastos. Para Alessandra Ribeiro, da Tend\u00eancias Consultoria, a medida poderia ajudar o governo a equilibrar o resultado prim\u00e1rio em conjunto com as iniciativas que buscam elevar a arrecada\u00e7\u00e3o. \u201cO grande problema \u00e9 que n\u00e3o temos mais gordura para queimar nas despesas discricion\u00e1rias e cortar as obrigat\u00f3rias parece realmente dif\u00edcil\u201d, disse. \u201cMas voc\u00ea pode reduzir o ritmo de alta\u201d.<\/p>\n\n\n\n<div class=\"wp-block-image\"><figure class=\"aligncenter size-large\"><img decoding=\"async\" src=\"https:\/\/jornalfatosenoticias.com.br\/wp-content\/uploads\/2020\/02\/barao-das-carnes-300x164-1.jpg\" alt=\"\" class=\"wp-image-34339\"\/><\/figure><\/div>\n\n\n\n<p>Tiago Sbardelotto, da XP Investimentos, destaca que a regra dos pisos deve elevar os gastos justamente em raz\u00e3o da busca da Fazenda por mais fontes de arrecada\u00e7\u00e3o. \u201cSe a receita como um todo crescer mais do que 2,5%, que \u00e9 o limite imposto pela nova regra fiscal, essas despesas v\u00e3o pressionar as demais, reduzindo o espa\u00e7o para gastos discricion\u00e1rios dentro do novo teto\u201d, explica.<\/p>\n\n\n\n<div class=\"wp-block-image\"><figure class=\"aligncenter size-large is-resized\"><img loading=\"lazy\" decoding=\"async\" src=\"https:\/\/jornalfatosenoticias.com.br\/wp-content\/uploads\/2020\/02\/logo_esteio.jpg\" alt=\"\" class=\"wp-image-1214\" width=\"340\" height=\"283\"\/><\/figure><\/div>\n\n\n\n<p><strong><span class=\"has-inline-color has-black-color\">Lula demonstra n\u00e3o estar preocupado em cumprir metas para contas p\u00fablicas<br><\/span><\/strong>Ao comentar a pol\u00edtica fiscal de seu governo, Lula em mais de uma ocasi\u00e3o demonstrou n\u00e3o estar muito preocupado em cumprir as metas estabelecidas por sua pr\u00f3pria equipe econ\u00f4mica. Em outubro do ano passado, ele disse que \u201cdificilmente\u201d se alcan\u00e7aria o resultado prim\u00e1rio zero em 2024. \u201cAt\u00e9 porque eu n\u00e3o quero fazer cortes em investimentos\u201d, justificou. \u201cEu n\u00e3o vou estabelecer uma meta fiscal que me obrigue a come\u00e7ar o ano fazendo um corte de bilh\u00f5es nas obras\u201d.<\/p>\n\n\n\n<div class=\"wp-block-image\"><figure class=\"aligncenter size-large is-resized\"><img loading=\"lazy\" decoding=\"async\" src=\"https:\/\/jornalfatosenoticias.com.br\/wp-content\/uploads\/2023\/03\/nova-logo-Marquetti.jpg\" alt=\"\" class=\"wp-image-40207\" width=\"316\" height=\"212\" srcset=\"https:\/\/jornalfatosenoticias.com.br\/wp-content\/uploads\/2023\/03\/nova-logo-Marquetti.jpg 643w, https:\/\/jornalfatosenoticias.com.br\/wp-content\/uploads\/2023\/03\/nova-logo-Marquetti-300x202.jpg 300w\" sizes=\"auto, (max-width: 316px) 100vw, 316px\" \/><\/figure><\/div>\n\n\n\n<p>Em maio, Lula afirmou que fica \u201cirritado\u201d com o debate p\u00fablico sobre a meta fiscal, indicando que dificilmente daria aval a medidas de austeridade que afetem pol\u00edticas sociais. \u201cO que eu n\u00e3o posso \u00e9 ficar com o sistema financeiro todo santo dia s\u00f3 olhando o d\u00e9ficit fiscal e n\u00e3o olha o d\u00e9ficit social. Olha as pessoas que est\u00e3o desempregadas, que est\u00e3o dormindo na rua e que est\u00e3o passando fome. Pare de olhar s\u00f3 para o seu cofre, para a sua conta banc\u00e1ria. Olhe para o povo\u201d, declarou.<\/p>\n\n\n\n<div class=\"wp-block-image\"><figure class=\"aligncenter size-large is-resized\"><img loading=\"lazy\" decoding=\"async\" src=\"https:\/\/jornalfatosenoticias.com.br\/wp-content\/uploads\/2023\/09\/vetorvix1024_1.jpg\" alt=\"\" class=\"wp-image-44868\" width=\"535\" height=\"142\" srcset=\"https:\/\/jornalfatosenoticias.com.br\/wp-content\/uploads\/2023\/09\/vetorvix1024_1.jpg 1024w, https:\/\/jornalfatosenoticias.com.br\/wp-content\/uploads\/2023\/09\/vetorvix1024_1-300x80.jpg 300w, https:\/\/jornalfatosenoticias.com.br\/wp-content\/uploads\/2023\/09\/vetorvix1024_1-768x205.jpg 768w\" sizes=\"auto, (max-width: 535px) 100vw, 535px\" \/><\/figure><\/div>\n\n\n\n<p><strong><em>Fonte: <a href=\"https:\/\/www.gazetadopovo.com.br\/economia\/governo-armou-uma-bomba-relogio-nas-contas-do-pais-e-lula-resiste-a-desarma-la\/?ref=escolhas-do-editor\">Gazeta do Povo<\/a><\/em><\/strong><\/p>\n","protected":false},"excerpt":{"rendered":"<p>Apesar de alertas vindos de dentro do pr\u00f3prio governo, presidente Lula j\u00e1 demonstrou n\u00e3o estar preocupado com o controle das contas p\u00fablicas Por C\u00e9lio Yano Medidas tomadas no atual governo criaram uma situa\u00e7\u00e3o que, caso mantida, pode levar o pa\u00eds a uma crise fiscal, inviabilizar a capacidade de investimento e elevar o endividamento p\u00fablico. Apesar [&hellip;]<\/p>\n","protected":false},"author":2,"featured_media":51925,"comment_status":"open","ping_status":"open","sticky":false,"template":"","format":"standard","meta":{"footnotes":""},"categories":[9],"tags":[489,240,345,18155,7651,13869,860,8257,4182,7580,17302,278,13186,12860,17304,21091,9776,23765],"class_list":["post-51924","post","type-post","status-publish","format-standard","has-post-thumbnail","hentry","category-economia","tag-banco-central","tag-economia","tag-educacao","tag-fernando-haddad","tag-fundeb","tag-gleisi-hoffmann","tag-governo-federal","tag-impostos","tag-inflacao","tag-lula","tag-pec-da-transicao","tag-pib","tag-pt","tag-reforma-da-previdencia","tag-salario-minimo","tag-simone-tebet","tag-taxa-selic","tag-vontas-publicas"],"yoast_head":"<!-- This site is optimized with the Yoast SEO plugin v26.5 - https:\/\/yoast.com\/wordpress\/plugins\/seo\/ -->\n<title>Governo armou uma bomba-rel\u00f3gio nas contas do Pa\u00eds, e Lula resiste a desarm\u00e1-la - Jornal Fatos e Not\u00edcias<\/title>\n<meta name=\"robots\" content=\"index, follow, max-snippet:-1, max-image-preview:large, max-video-preview:-1\" \/>\n<link rel=\"canonical\" href=\"https:\/\/jornalfatosenoticias.com.br\/index.php\/2024\/06\/12\/governo-armou-uma-bomba-relogio-nas-contas-do-pais-e-lula-resiste-a-desarma-la\/\" \/>\n<meta property=\"og:locale\" content=\"pt_BR\" \/>\n<meta property=\"og:type\" content=\"article\" \/>\n<meta property=\"og:title\" content=\"Governo armou uma bomba-rel\u00f3gio nas contas do Pa\u00eds, e Lula resiste a desarm\u00e1-la - Jornal Fatos e Not\u00edcias\" \/>\n<meta property=\"og:description\" content=\"Apesar de alertas vindos de dentro do pr\u00f3prio governo, presidente Lula j\u00e1 demonstrou n\u00e3o estar preocupado com o controle das contas p\u00fablicas Por C\u00e9lio Yano Medidas tomadas no atual governo criaram uma situa\u00e7\u00e3o que, caso mantida, pode levar o pa\u00eds a uma crise fiscal, inviabilizar a capacidade de investimento e elevar o endividamento p\u00fablico. Apesar [&hellip;]\" \/>\n<meta property=\"og:url\" content=\"https:\/\/jornalfatosenoticias.com.br\/index.php\/2024\/06\/12\/governo-armou-uma-bomba-relogio-nas-contas-do-pais-e-lula-resiste-a-desarma-la\/\" \/>\n<meta property=\"og:site_name\" content=\"Jornal Fatos e Not\u00edcias\" \/>\n<meta property=\"article:published_time\" content=\"2024-06-12T14:06:26+00:00\" \/>\n<meta property=\"article:modified_time\" content=\"2024-06-12T14:06:27+00:00\" \/>\n<meta property=\"og:image\" content=\"https:\/\/jornalfatosenoticias.com.br\/wp-content\/uploads\/2024\/06\/molusco_gettyimages.jpg\" \/>\n\t<meta property=\"og:image:width\" content=\"612\" \/>\n\t<meta property=\"og:image:height\" content=\"408\" \/>\n\t<meta property=\"og:image:type\" content=\"image\/jpeg\" \/>\n<meta name=\"author\" content=\"Luzimara Fernandes\" \/>\n<meta name=\"twitter:card\" content=\"summary_large_image\" \/>\n<meta name=\"twitter:label1\" content=\"Escrito por\" \/>\n\t<meta name=\"twitter:data1\" content=\"Luzimara Fernandes\" \/>\n\t<meta name=\"twitter:label2\" content=\"Est. tempo de leitura\" \/>\n\t<meta name=\"twitter:data2\" content=\"12 minutos\" \/>\n<script type=\"application\/ld+json\" class=\"yoast-schema-graph\">{\"@context\":\"https:\/\/schema.org\",\"@graph\":[{\"@type\":\"Article\",\"@id\":\"https:\/\/jornalfatosenoticias.com.br\/index.php\/2024\/06\/12\/governo-armou-uma-bomba-relogio-nas-contas-do-pais-e-lula-resiste-a-desarma-la\/#article\",\"isPartOf\":{\"@id\":\"https:\/\/jornalfatosenoticias.com.br\/index.php\/2024\/06\/12\/governo-armou-uma-bomba-relogio-nas-contas-do-pais-e-lula-resiste-a-desarma-la\/\"},\"author\":{\"name\":\"Luzimara Fernandes\",\"@id\":\"https:\/\/jornalfatosenoticias.com.br\/#\/schema\/person\/d63837fa13ac8666eb9e74e0985d6f81\"},\"headline\":\"Governo armou uma bomba-rel\u00f3gio nas contas do Pa\u00eds, e Lula resiste a desarm\u00e1-la\",\"datePublished\":\"2024-06-12T14:06:26+00:00\",\"dateModified\":\"2024-06-12T14:06:27+00:00\",\"mainEntityOfPage\":{\"@id\":\"https:\/\/jornalfatosenoticias.com.br\/index.php\/2024\/06\/12\/governo-armou-uma-bomba-relogio-nas-contas-do-pais-e-lula-resiste-a-desarma-la\/\"},\"wordCount\":2483,\"commentCount\":0,\"publisher\":{\"@id\":\"https:\/\/jornalfatosenoticias.com.br\/#organization\"},\"image\":{\"@id\":\"https:\/\/jornalfatosenoticias.com.br\/index.php\/2024\/06\/12\/governo-armou-uma-bomba-relogio-nas-contas-do-pais-e-lula-resiste-a-desarma-la\/#primaryimage\"},\"thumbnailUrl\":\"https:\/\/jornalfatosenoticias.com.br\/wp-content\/uploads\/2024\/06\/molusco_gettyimages.jpg\",\"keywords\":[\"Banco Central\",\"economia\",\"educa\u00e7\u00e3o\",\"Fernando Haddad\",\"Fundeb\",\"Gleisi Hoffmann\",\"governo federal\",\"impostos\",\"infla\u00e7\u00e3o\",\"Lula\",\"PEC da Transi\u00e7\u00e3o\",\"PIB\",\"PT\",\"Reforma da Previd\u00eancia\",\"sal\u00e1rio m\u00ednimo\",\"Simone Tebet\",\"Taxa Selic\",\"vontas p\u00fablicas\"],\"articleSection\":[\"Economia\"],\"inLanguage\":\"pt-BR\",\"potentialAction\":[{\"@type\":\"CommentAction\",\"name\":\"Comment\",\"target\":[\"https:\/\/jornalfatosenoticias.com.br\/index.php\/2024\/06\/12\/governo-armou-uma-bomba-relogio-nas-contas-do-pais-e-lula-resiste-a-desarma-la\/#respond\"]}]},{\"@type\":\"WebPage\",\"@id\":\"https:\/\/jornalfatosenoticias.com.br\/index.php\/2024\/06\/12\/governo-armou-uma-bomba-relogio-nas-contas-do-pais-e-lula-resiste-a-desarma-la\/\",\"url\":\"https:\/\/jornalfatosenoticias.com.br\/index.php\/2024\/06\/12\/governo-armou-uma-bomba-relogio-nas-contas-do-pais-e-lula-resiste-a-desarma-la\/\",\"name\":\"Governo armou uma bomba-rel\u00f3gio nas contas do Pa\u00eds, e Lula resiste a desarm\u00e1-la - Jornal Fatos e Not\u00edcias\",\"isPartOf\":{\"@id\":\"https:\/\/jornalfatosenoticias.com.br\/#website\"},\"primaryImageOfPage\":{\"@id\":\"https:\/\/jornalfatosenoticias.com.br\/index.php\/2024\/06\/12\/governo-armou-uma-bomba-relogio-nas-contas-do-pais-e-lula-resiste-a-desarma-la\/#primaryimage\"},\"image\":{\"@id\":\"https:\/\/jornalfatosenoticias.com.br\/index.php\/2024\/06\/12\/governo-armou-uma-bomba-relogio-nas-contas-do-pais-e-lula-resiste-a-desarma-la\/#primaryimage\"},\"thumbnailUrl\":\"https:\/\/jornalfatosenoticias.com.br\/wp-content\/uploads\/2024\/06\/molusco_gettyimages.jpg\",\"datePublished\":\"2024-06-12T14:06:26+00:00\",\"dateModified\":\"2024-06-12T14:06:27+00:00\",\"breadcrumb\":{\"@id\":\"https:\/\/jornalfatosenoticias.com.br\/index.php\/2024\/06\/12\/governo-armou-uma-bomba-relogio-nas-contas-do-pais-e-lula-resiste-a-desarma-la\/#breadcrumb\"},\"inLanguage\":\"pt-BR\",\"potentialAction\":[{\"@type\":\"ReadAction\",\"target\":[\"https:\/\/jornalfatosenoticias.com.br\/index.php\/2024\/06\/12\/governo-armou-uma-bomba-relogio-nas-contas-do-pais-e-lula-resiste-a-desarma-la\/\"]}]},{\"@type\":\"ImageObject\",\"inLanguage\":\"pt-BR\",\"@id\":\"https:\/\/jornalfatosenoticias.com.br\/index.php\/2024\/06\/12\/governo-armou-uma-bomba-relogio-nas-contas-do-pais-e-lula-resiste-a-desarma-la\/#primaryimage\",\"url\":\"https:\/\/jornalfatosenoticias.com.br\/wp-content\/uploads\/2024\/06\/molusco_gettyimages.jpg\",\"contentUrl\":\"https:\/\/jornalfatosenoticias.com.br\/wp-content\/uploads\/2024\/06\/molusco_gettyimages.jpg\",\"width\":612,\"height\":408,\"caption\":\"RIO DE JANEIRO, BRAZIL - APRIL 02: President of Brazil Luis In\u00e1cio Lula Da Silva smiles during the inauguration of the Institute of Pure and Applied Mathematics (Instituto de Matem\u00e1tica Pura e Aplicada) on April 02, 2024 in Rio de Janeiro, Brazil. (Photo by Buda Mendes\/Getty Images)\"},{\"@type\":\"BreadcrumbList\",\"@id\":\"https:\/\/jornalfatosenoticias.com.br\/index.php\/2024\/06\/12\/governo-armou-uma-bomba-relogio-nas-contas-do-pais-e-lula-resiste-a-desarma-la\/#breadcrumb\",\"itemListElement\":[{\"@type\":\"ListItem\",\"position\":1,\"name\":\"In\u00edcio\",\"item\":\"https:\/\/jornalfatosenoticias.com.br\/\"},{\"@type\":\"ListItem\",\"position\":2,\"name\":\"Governo armou uma bomba-rel\u00f3gio nas contas do Pa\u00eds, e Lula resiste a desarm\u00e1-la\"}]},{\"@type\":\"WebSite\",\"@id\":\"https:\/\/jornalfatosenoticias.com.br\/#website\",\"url\":\"https:\/\/jornalfatosenoticias.com.br\/\",\"name\":\"Jornal Fatos e Not\u00edcias\",\"description\":\"Not\u00edcias em geral\",\"publisher\":{\"@id\":\"https:\/\/jornalfatosenoticias.com.br\/#organization\"},\"potentialAction\":[{\"@type\":\"SearchAction\",\"target\":{\"@type\":\"EntryPoint\",\"urlTemplate\":\"https:\/\/jornalfatosenoticias.com.br\/?s={search_term_string}\"},\"query-input\":{\"@type\":\"PropertyValueSpecification\",\"valueRequired\":true,\"valueName\":\"search_term_string\"}}],\"inLanguage\":\"pt-BR\"},{\"@type\":\"Organization\",\"@id\":\"https:\/\/jornalfatosenoticias.com.br\/#organization\",\"name\":\"Jornal Fatos e Not\u00edcias\",\"url\":\"https:\/\/jornalfatosenoticias.com.br\/\",\"logo\":{\"@type\":\"ImageObject\",\"inLanguage\":\"pt-BR\",\"@id\":\"https:\/\/jornalfatosenoticias.com.br\/#\/schema\/logo\/image\/\",\"url\":\"https:\/\/jornalfatosenoticias.com.br\/wp-content\/uploads\/2020\/02\/logo120.png\",\"contentUrl\":\"https:\/\/jornalfatosenoticias.com.br\/wp-content\/uploads\/2020\/02\/logo120.png\",\"width\":1227,\"height\":120,\"caption\":\"Jornal Fatos e Not\u00edcias\"},\"image\":{\"@id\":\"https:\/\/jornalfatosenoticias.com.br\/#\/schema\/logo\/image\/\"}},{\"@type\":\"Person\",\"@id\":\"https:\/\/jornalfatosenoticias.com.br\/#\/schema\/person\/d63837fa13ac8666eb9e74e0985d6f81\",\"name\":\"Luzimara Fernandes\",\"image\":{\"@type\":\"ImageObject\",\"inLanguage\":\"pt-BR\",\"@id\":\"https:\/\/jornalfatosenoticias.com.br\/#\/schema\/person\/image\/\",\"url\":\"https:\/\/jornalfatosenoticias.com.br\/wp-content\/uploads\/2025\/05\/EU_portal.jpg\",\"contentUrl\":\"https:\/\/jornalfatosenoticias.com.br\/wp-content\/uploads\/2025\/05\/EU_portal.jpg\",\"caption\":\"Luzimara Fernandes\"},\"description\":\"Jornalista MTB 2358-ES\",\"sameAs\":[\"https:\/\/jornalfatosenoticias.com.br\"],\"url\":\"https:\/\/jornalfatosenoticias.com.br\/index.php\/author\/luzimara\/\"}]}<\/script>\n<!-- \/ Yoast SEO plugin. -->","yoast_head_json":{"title":"Governo armou uma bomba-rel\u00f3gio nas contas do Pa\u00eds, e Lula resiste a desarm\u00e1-la - Jornal Fatos e Not\u00edcias","robots":{"index":"index","follow":"follow","max-snippet":"max-snippet:-1","max-image-preview":"max-image-preview:large","max-video-preview":"max-video-preview:-1"},"canonical":"https:\/\/jornalfatosenoticias.com.br\/index.php\/2024\/06\/12\/governo-armou-uma-bomba-relogio-nas-contas-do-pais-e-lula-resiste-a-desarma-la\/","og_locale":"pt_BR","og_type":"article","og_title":"Governo armou uma bomba-rel\u00f3gio nas contas do Pa\u00eds, e Lula resiste a desarm\u00e1-la - Jornal Fatos e Not\u00edcias","og_description":"Apesar de alertas vindos de dentro do pr\u00f3prio governo, presidente Lula j\u00e1 demonstrou n\u00e3o estar preocupado com o controle das contas p\u00fablicas Por C\u00e9lio Yano Medidas tomadas no atual governo criaram uma situa\u00e7\u00e3o que, caso mantida, pode levar o pa\u00eds a uma crise fiscal, inviabilizar a capacidade de investimento e elevar o endividamento p\u00fablico. Apesar [&hellip;]","og_url":"https:\/\/jornalfatosenoticias.com.br\/index.php\/2024\/06\/12\/governo-armou-uma-bomba-relogio-nas-contas-do-pais-e-lula-resiste-a-desarma-la\/","og_site_name":"Jornal Fatos e Not\u00edcias","article_published_time":"2024-06-12T14:06:26+00:00","article_modified_time":"2024-06-12T14:06:27+00:00","og_image":[{"width":612,"height":408,"url":"https:\/\/jornalfatosenoticias.com.br\/wp-content\/uploads\/2024\/06\/molusco_gettyimages.jpg","type":"image\/jpeg"}],"author":"Luzimara Fernandes","twitter_card":"summary_large_image","twitter_misc":{"Escrito por":"Luzimara Fernandes","Est. tempo de leitura":"12 minutos"},"schema":{"@context":"https:\/\/schema.org","@graph":[{"@type":"Article","@id":"https:\/\/jornalfatosenoticias.com.br\/index.php\/2024\/06\/12\/governo-armou-uma-bomba-relogio-nas-contas-do-pais-e-lula-resiste-a-desarma-la\/#article","isPartOf":{"@id":"https:\/\/jornalfatosenoticias.com.br\/index.php\/2024\/06\/12\/governo-armou-uma-bomba-relogio-nas-contas-do-pais-e-lula-resiste-a-desarma-la\/"},"author":{"name":"Luzimara Fernandes","@id":"https:\/\/jornalfatosenoticias.com.br\/#\/schema\/person\/d63837fa13ac8666eb9e74e0985d6f81"},"headline":"Governo armou uma bomba-rel\u00f3gio nas contas do Pa\u00eds, e Lula resiste a desarm\u00e1-la","datePublished":"2024-06-12T14:06:26+00:00","dateModified":"2024-06-12T14:06:27+00:00","mainEntityOfPage":{"@id":"https:\/\/jornalfatosenoticias.com.br\/index.php\/2024\/06\/12\/governo-armou-uma-bomba-relogio-nas-contas-do-pais-e-lula-resiste-a-desarma-la\/"},"wordCount":2483,"commentCount":0,"publisher":{"@id":"https:\/\/jornalfatosenoticias.com.br\/#organization"},"image":{"@id":"https:\/\/jornalfatosenoticias.com.br\/index.php\/2024\/06\/12\/governo-armou-uma-bomba-relogio-nas-contas-do-pais-e-lula-resiste-a-desarma-la\/#primaryimage"},"thumbnailUrl":"https:\/\/jornalfatosenoticias.com.br\/wp-content\/uploads\/2024\/06\/molusco_gettyimages.jpg","keywords":["Banco Central","economia","educa\u00e7\u00e3o","Fernando Haddad","Fundeb","Gleisi Hoffmann","governo federal","impostos","infla\u00e7\u00e3o","Lula","PEC da Transi\u00e7\u00e3o","PIB","PT","Reforma da Previd\u00eancia","sal\u00e1rio m\u00ednimo","Simone Tebet","Taxa Selic","vontas p\u00fablicas"],"articleSection":["Economia"],"inLanguage":"pt-BR","potentialAction":[{"@type":"CommentAction","name":"Comment","target":["https:\/\/jornalfatosenoticias.com.br\/index.php\/2024\/06\/12\/governo-armou-uma-bomba-relogio-nas-contas-do-pais-e-lula-resiste-a-desarma-la\/#respond"]}]},{"@type":"WebPage","@id":"https:\/\/jornalfatosenoticias.com.br\/index.php\/2024\/06\/12\/governo-armou-uma-bomba-relogio-nas-contas-do-pais-e-lula-resiste-a-desarma-la\/","url":"https:\/\/jornalfatosenoticias.com.br\/index.php\/2024\/06\/12\/governo-armou-uma-bomba-relogio-nas-contas-do-pais-e-lula-resiste-a-desarma-la\/","name":"Governo armou uma bomba-rel\u00f3gio nas contas do Pa\u00eds, e Lula resiste a desarm\u00e1-la - Jornal Fatos e Not\u00edcias","isPartOf":{"@id":"https:\/\/jornalfatosenoticias.com.br\/#website"},"primaryImageOfPage":{"@id":"https:\/\/jornalfatosenoticias.com.br\/index.php\/2024\/06\/12\/governo-armou-uma-bomba-relogio-nas-contas-do-pais-e-lula-resiste-a-desarma-la\/#primaryimage"},"image":{"@id":"https:\/\/jornalfatosenoticias.com.br\/index.php\/2024\/06\/12\/governo-armou-uma-bomba-relogio-nas-contas-do-pais-e-lula-resiste-a-desarma-la\/#primaryimage"},"thumbnailUrl":"https:\/\/jornalfatosenoticias.com.br\/wp-content\/uploads\/2024\/06\/molusco_gettyimages.jpg","datePublished":"2024-06-12T14:06:26+00:00","dateModified":"2024-06-12T14:06:27+00:00","breadcrumb":{"@id":"https:\/\/jornalfatosenoticias.com.br\/index.php\/2024\/06\/12\/governo-armou-uma-bomba-relogio-nas-contas-do-pais-e-lula-resiste-a-desarma-la\/#breadcrumb"},"inLanguage":"pt-BR","potentialAction":[{"@type":"ReadAction","target":["https:\/\/jornalfatosenoticias.com.br\/index.php\/2024\/06\/12\/governo-armou-uma-bomba-relogio-nas-contas-do-pais-e-lula-resiste-a-desarma-la\/"]}]},{"@type":"ImageObject","inLanguage":"pt-BR","@id":"https:\/\/jornalfatosenoticias.com.br\/index.php\/2024\/06\/12\/governo-armou-uma-bomba-relogio-nas-contas-do-pais-e-lula-resiste-a-desarma-la\/#primaryimage","url":"https:\/\/jornalfatosenoticias.com.br\/wp-content\/uploads\/2024\/06\/molusco_gettyimages.jpg","contentUrl":"https:\/\/jornalfatosenoticias.com.br\/wp-content\/uploads\/2024\/06\/molusco_gettyimages.jpg","width":612,"height":408,"caption":"RIO DE JANEIRO, BRAZIL - APRIL 02: President of Brazil Luis In\u00e1cio Lula Da Silva smiles during the inauguration of the Institute of Pure and Applied Mathematics (Instituto de Matem\u00e1tica Pura e Aplicada) on April 02, 2024 in Rio de Janeiro, Brazil. (Photo by Buda Mendes\/Getty Images)"},{"@type":"BreadcrumbList","@id":"https:\/\/jornalfatosenoticias.com.br\/index.php\/2024\/06\/12\/governo-armou-uma-bomba-relogio-nas-contas-do-pais-e-lula-resiste-a-desarma-la\/#breadcrumb","itemListElement":[{"@type":"ListItem","position":1,"name":"In\u00edcio","item":"https:\/\/jornalfatosenoticias.com.br\/"},{"@type":"ListItem","position":2,"name":"Governo armou uma bomba-rel\u00f3gio nas contas do Pa\u00eds, e Lula resiste a desarm\u00e1-la"}]},{"@type":"WebSite","@id":"https:\/\/jornalfatosenoticias.com.br\/#website","url":"https:\/\/jornalfatosenoticias.com.br\/","name":"Jornal Fatos e Not\u00edcias","description":"Not\u00edcias em geral","publisher":{"@id":"https:\/\/jornalfatosenoticias.com.br\/#organization"},"potentialAction":[{"@type":"SearchAction","target":{"@type":"EntryPoint","urlTemplate":"https:\/\/jornalfatosenoticias.com.br\/?s={search_term_string}"},"query-input":{"@type":"PropertyValueSpecification","valueRequired":true,"valueName":"search_term_string"}}],"inLanguage":"pt-BR"},{"@type":"Organization","@id":"https:\/\/jornalfatosenoticias.com.br\/#organization","name":"Jornal Fatos e Not\u00edcias","url":"https:\/\/jornalfatosenoticias.com.br\/","logo":{"@type":"ImageObject","inLanguage":"pt-BR","@id":"https:\/\/jornalfatosenoticias.com.br\/#\/schema\/logo\/image\/","url":"https:\/\/jornalfatosenoticias.com.br\/wp-content\/uploads\/2020\/02\/logo120.png","contentUrl":"https:\/\/jornalfatosenoticias.com.br\/wp-content\/uploads\/2020\/02\/logo120.png","width":1227,"height":120,"caption":"Jornal Fatos e Not\u00edcias"},"image":{"@id":"https:\/\/jornalfatosenoticias.com.br\/#\/schema\/logo\/image\/"}},{"@type":"Person","@id":"https:\/\/jornalfatosenoticias.com.br\/#\/schema\/person\/d63837fa13ac8666eb9e74e0985d6f81","name":"Luzimara Fernandes","image":{"@type":"ImageObject","inLanguage":"pt-BR","@id":"https:\/\/jornalfatosenoticias.com.br\/#\/schema\/person\/image\/","url":"https:\/\/jornalfatosenoticias.com.br\/wp-content\/uploads\/2025\/05\/EU_portal.jpg","contentUrl":"https:\/\/jornalfatosenoticias.com.br\/wp-content\/uploads\/2025\/05\/EU_portal.jpg","caption":"Luzimara Fernandes"},"description":"Jornalista MTB 2358-ES","sameAs":["https:\/\/jornalfatosenoticias.com.br"],"url":"https:\/\/jornalfatosenoticias.com.br\/index.php\/author\/luzimara\/"}]}},"cc_featured_image_caption":{"caption_text":"(Foto: Getty Images) ","source_text":"","source_url":""},"jetpack_featured_media_url":"https:\/\/jornalfatosenoticias.com.br\/wp-content\/uploads\/2024\/06\/molusco_gettyimages.jpg","_links":{"self":[{"href":"https:\/\/jornalfatosenoticias.com.br\/index.php\/wp-json\/wp\/v2\/posts\/51924","targetHints":{"allow":["GET"]}}],"collection":[{"href":"https:\/\/jornalfatosenoticias.com.br\/index.php\/wp-json\/wp\/v2\/posts"}],"about":[{"href":"https:\/\/jornalfatosenoticias.com.br\/index.php\/wp-json\/wp\/v2\/types\/post"}],"author":[{"embeddable":true,"href":"https:\/\/jornalfatosenoticias.com.br\/index.php\/wp-json\/wp\/v2\/users\/2"}],"replies":[{"embeddable":true,"href":"https:\/\/jornalfatosenoticias.com.br\/index.php\/wp-json\/wp\/v2\/comments?post=51924"}],"version-history":[{"count":0,"href":"https:\/\/jornalfatosenoticias.com.br\/index.php\/wp-json\/wp\/v2\/posts\/51924\/revisions"}],"wp:featuredmedia":[{"embeddable":true,"href":"https:\/\/jornalfatosenoticias.com.br\/index.php\/wp-json\/wp\/v2\/media\/51925"}],"wp:attachment":[{"href":"https:\/\/jornalfatosenoticias.com.br\/index.php\/wp-json\/wp\/v2\/media?parent=51924"}],"wp:term":[{"taxonomy":"category","embeddable":true,"href":"https:\/\/jornalfatosenoticias.com.br\/index.php\/wp-json\/wp\/v2\/categories?post=51924"},{"taxonomy":"post_tag","embeddable":true,"href":"https:\/\/jornalfatosenoticias.com.br\/index.php\/wp-json\/wp\/v2\/tags?post=51924"}],"curies":[{"name":"wp","href":"https:\/\/api.w.org\/{rel}","templated":true}]}}