{"id":51927,"date":"2024-06-12T11:18:39","date_gmt":"2024-06-12T14:18:39","guid":{"rendered":"https:\/\/jornalfatosenoticias.com.br\/?p=51927"},"modified":"2024-06-12T11:18:41","modified_gmt":"2024-06-12T14:18:41","slug":"estamos-vivendo-um-desgoverno-dispara-presidente-da-cna-que-se-recusa-a-falar-com-lula","status":"publish","type":"post","link":"https:\/\/jornalfatosenoticias.com.br\/index.php\/2024\/06\/12\/estamos-vivendo-um-desgoverno-dispara-presidente-da-cna-que-se-recusa-a-falar-com-lula\/","title":{"rendered":"\u201cEstamos vivendo um desgoverno\u201d, dispara presidente da CNA que se recusa a falar com Lula"},"content":{"rendered":"\n<p><em><span class=\"has-inline-color has-black-color\">Presidente da entidade, Jo\u00e3o Martins, criticou o governo e cobrou mais trabalho do Congresso contra o governo<\/span><\/em><\/p>\n\n\n\n<p><span class=\"has-inline-color has-black-color\">Por <strong><a href=\"https:\/\/www.gazetadopovo.com.br\/autor\/guilherme-grandi\/\">Guilherme Grandi<\/a><\/strong><\/span><\/p>\n\n\n\n<div class=\"wp-block-image\"><figure class=\"aligncenter size-large\"><img loading=\"lazy\" decoding=\"async\" width=\"729\" height=\"90\" src=\"https:\/\/jornalfatosenoticias.com.br\/wp-content\/uploads\/2020\/02\/Logo_Mizu.png\" alt=\"\" class=\"wp-image-1441\" srcset=\"https:\/\/jornalfatosenoticias.com.br\/wp-content\/uploads\/2020\/02\/Logo_Mizu.png 729w, https:\/\/jornalfatosenoticias.com.br\/wp-content\/uploads\/2020\/02\/Logo_Mizu-300x37.png 300w\" sizes=\"auto, (max-width: 729px) 100vw, 729px\" \/><\/figure><\/div>\n\n\n\n<p>O presidente da Confedera\u00e7\u00e3o Nacional da Agricultura e Pecu\u00e1ria do Brasil, Jo\u00e3o Martins, disse na ter\u00e7a (11) que chegou a ser convidado para conversar com Luiz In\u00e1cio Lula da Silva (PT) sobre a agora derrubada medida provis\u00f3ria que restringia a compensa\u00e7\u00e3o de cr\u00e9ditos do PIS\/Cofins. Ele, no entanto, recusou o encontro pedido pelo pr\u00f3prio Lula, segundo informou o secret\u00e1rio-executivo do Minist\u00e9rio da Fazenda, Dario Durigan. Martins disse que n\u00e3o quis \u2014 e n\u00e3o quer \u2014 se encontrar com o petista.<\/p>\n\n\n\n<blockquote class=\"wp-block-quote is-layout-flow wp-block-quote-is-layout-flow\"><p><span class=\"has-inline-color has-luminous-vivid-orange-color\">Eu n\u00e3o quero falar com o Lula. Eu me recuso a falar com Lula, porque n\u00f3s estamos vivendo um desgoverno\u201d, disparou em entrevista ao UOL.<\/span><\/p><\/blockquote>\n\n\n\n<div class=\"wp-block-image\"><figure class=\"aligncenter size-large\"><img loading=\"lazy\" decoding=\"async\" width=\"300\" height=\"250\" src=\"https:\/\/jornalfatosenoticias.com.br\/wp-content\/uploads\/2022\/02\/FERRARI_MAQUINAS-E-FERRAMENTAS2.jpg\" alt=\"\" class=\"wp-image-27860\"\/><\/figure><\/div>\n\n\n\n<p>Jo\u00e3o Martins cobrou o Legislativo a tomar alguma provid\u00eancia contra o governo, afirmando que \u201cest\u00e1 na hora da gente dizer que o Pa\u00eds precisa de um plano para poder se desenvolver. O Pa\u00eds n\u00e3o pode ficar \u00e0 merc\u00ea do momento que o agro vai bem, o Pa\u00eds vai bem\u201d. Para ele, \u00e9 preciso \u201cdarmos um basta nesse governo\u201d.<\/p>\n\n\n\n<div class=\"wp-block-image\"><figure class=\"aligncenter size-large is-resized\"><img loading=\"lazy\" decoding=\"async\" src=\"https:\/\/jornalfatosenoticias.com.br\/wp-content\/uploads\/2023\/03\/logo-Panper_portal.jpg\" alt=\"\" class=\"wp-image-40208\" width=\"345\" height=\"239\" srcset=\"https:\/\/jornalfatosenoticias.com.br\/wp-content\/uploads\/2023\/03\/logo-Panper_portal.jpg 400w, https:\/\/jornalfatosenoticias.com.br\/wp-content\/uploads\/2023\/03\/logo-Panper_portal-300x208.jpg 300w\" sizes=\"auto, (max-width: 345px) 100vw, 345px\" \/><\/figure><\/div>\n\n\n\n<p>As declara\u00e7\u00f5es ocorreram pouco antes do presidente do Senado, Rodrigo Pacheco (PSD-MG), devolver ao governo a medida provis\u00f3ria imposta pelo ministro Fernando Haddad, da Fazenda, para compensar a desonera\u00e7\u00e3o da folha de pagamentos. A expectativa do Planalto era arrecadar at\u00e9 R$ 29 bilh\u00f5es com a tributa\u00e7\u00e3o que impactaria toda a cadeia produtiva, principalmente alimentos e combust\u00edveis.<\/p>\n\n\n\n<div class=\"wp-block-image\"><figure class=\"aligncenter size-large\"><img loading=\"lazy\" decoding=\"async\" width=\"300\" height=\"250\" src=\"https:\/\/jornalfatosenoticias.com.br\/wp-content\/uploads\/2020\/02\/Banner-2.png\" alt=\"\" class=\"wp-image-43787\"\/><\/figure><\/div>\n\n\n\n<p>A devolu\u00e7\u00e3o da medida provis\u00f3ria foi negociada ao longo de todo o dia e com o consenso do governo atrav\u00e9s do l\u00edder de Lula na casa, o senador Jaques Wagner (PT-BA), que estava ao lado de Pacheco durante o an\u00fancio. Pouco depois, Haddad reconheceu que a equipe econ\u00f4mica n\u00e3o tem um plano B para compensar a desonera\u00e7\u00e3o da folha. \u201cN\u00f3s n\u00e3o temos [plano B]. E N\u00f3s estamos preocupados porque identificamos fraudes nas compensa\u00e7\u00f5es de PIS\/Cofins.<\/p>\n\n\n\n<div class=\"wp-block-image\"><figure class=\"aligncenter size-large is-resized\"><img loading=\"lazy\" decoding=\"async\" src=\"https:\/\/jornalfatosenoticias.com.br\/wp-content\/uploads\/2023\/08\/ITH.jpeg\" alt=\"\" class=\"wp-image-44638\" width=\"316\" height=\"256\" srcset=\"https:\/\/jornalfatosenoticias.com.br\/wp-content\/uploads\/2023\/08\/ITH.jpeg 800w, https:\/\/jornalfatosenoticias.com.br\/wp-content\/uploads\/2023\/08\/ITH-300x244.jpeg 300w, https:\/\/jornalfatosenoticias.com.br\/wp-content\/uploads\/2023\/08\/ITH-768x624.jpeg 768w\" sizes=\"auto, (max-width: 316px) 100vw, 316px\" \/><\/figure><\/div>\n\n\n\n<p> Vamos ter que construir uma alternativa para combate \u00e0s fraudes\u201d, comentou.<br>A interlocutores, Pacheco disse que conversou com o presidente da C\u00e2mara dos Deputados, Arthur Lira (PP-AL), para tentar encontrar uma alternativa de fonte de recursos para compensar os tributos que deixam de ser arrecadados pelos 17 setores da economia beneficiados pela medida. Apenas neste ano, a desonera\u00e7\u00e3o custar\u00e1 R$ 26,3 bilh\u00f5es aos cofres p\u00fablicos.<\/p>\n\n\n\n<div class=\"wp-block-image\"><figure class=\"aligncenter size-large is-resized\"><img loading=\"lazy\" decoding=\"async\" src=\"https:\/\/jornalfatosenoticias.com.br\/wp-content\/uploads\/2020\/02\/logo-Rapuzel-1024x571.jpg\" alt=\"\" class=\"wp-image-42808\" width=\"377\" height=\"210\" srcset=\"https:\/\/jornalfatosenoticias.com.br\/wp-content\/uploads\/2020\/02\/logo-Rapuzel-1024x571.jpg 1024w, https:\/\/jornalfatosenoticias.com.br\/wp-content\/uploads\/2020\/02\/logo-Rapuzel-300x167.jpg 300w, https:\/\/jornalfatosenoticias.com.br\/wp-content\/uploads\/2020\/02\/logo-Rapuzel-768x428.jpg 768w, https:\/\/jornalfatosenoticias.com.br\/wp-content\/uploads\/2020\/02\/logo-Rapuzel-1536x856.jpg 1536w, https:\/\/jornalfatosenoticias.com.br\/wp-content\/uploads\/2020\/02\/logo-Rapuzel.jpg 1600w\" sizes=\"auto, (max-width: 377px) 100vw, 377px\" \/><\/figure><\/div>\n\n\n\n<p><strong><em>Fonte: <a href=\"https:\/\/www.gazetadopovo.com.br\/republica\/cna-dispara-lula-estamos-vivendo-desgoverno\/?ref=mais-lidas\">Gazeta do Povo<\/a><\/em><\/strong><\/p>\n","protected":false},"excerpt":{"rendered":"<p>Presidente da entidade, Jo\u00e3o Martins, criticou o governo e cobrou mais trabalho do Congresso contra o governo Por Guilherme Grandi O presidente da Confedera\u00e7\u00e3o Nacional da Agricultura e Pecu\u00e1ria do Brasil, Jo\u00e3o Martins, disse na ter\u00e7a (11) que chegou a ser convidado para conversar com Luiz In\u00e1cio Lula da Silva (PT) sobre a agora derrubada [&hellip;]<\/p>\n","protected":false},"author":2,"featured_media":51928,"comment_status":"open","ping_status":"open","sticky":false,"template":"","format":"standard","meta":{"footnotes":""},"categories":[10],"tags":[70,20305,7580,8611],"class_list":["post-51927","post","type-post","status-publish","format-standard","has-post-thumbnail","hentry","category-politica","tag-alimentos","tag-cna","tag-lula","tag-tributacao"],"yoast_head":"<!-- This site is optimized with the Yoast SEO plugin v26.5 - https:\/\/yoast.com\/wordpress\/plugins\/seo\/ -->\n<title>\u201cEstamos vivendo um desgoverno\u201d, dispara presidente da CNA que se recusa a falar com Lula - Jornal Fatos e Not\u00edcias<\/title>\n<meta name=\"robots\" content=\"index, follow, max-snippet:-1, max-image-preview:large, max-video-preview:-1\" \/>\n<link rel=\"canonical\" href=\"https:\/\/jornalfatosenoticias.com.br\/index.php\/2024\/06\/12\/estamos-vivendo-um-desgoverno-dispara-presidente-da-cna-que-se-recusa-a-falar-com-lula\/\" \/>\n<meta property=\"og:locale\" content=\"pt_BR\" \/>\n<meta property=\"og:type\" content=\"article\" \/>\n<meta property=\"og:title\" content=\"\u201cEstamos vivendo um desgoverno\u201d, dispara presidente da CNA que se recusa a falar com Lula - Jornal Fatos e Not\u00edcias\" \/>\n<meta property=\"og:description\" content=\"Presidente da entidade, Jo\u00e3o Martins, criticou o governo e cobrou mais trabalho do Congresso contra o governo Por Guilherme Grandi O presidente da Confedera\u00e7\u00e3o Nacional da Agricultura e Pecu\u00e1ria do Brasil, Jo\u00e3o Martins, disse na ter\u00e7a (11) que chegou a ser convidado para conversar com Luiz In\u00e1cio Lula da Silva (PT) sobre a agora derrubada [&hellip;]\" \/>\n<meta property=\"og:url\" content=\"https:\/\/jornalfatosenoticias.com.br\/index.php\/2024\/06\/12\/estamos-vivendo-um-desgoverno-dispara-presidente-da-cna-que-se-recusa-a-falar-com-lula\/\" \/>\n<meta property=\"og:site_name\" content=\"Jornal Fatos e Not\u00edcias\" \/>\n<meta property=\"article:published_time\" content=\"2024-06-12T14:18:39+00:00\" \/>\n<meta property=\"article:modified_time\" content=\"2024-06-12T14:18:41+00:00\" \/>\n<meta property=\"og:image\" content=\"https:\/\/jornalfatosenoticias.com.br\/wp-content\/uploads\/2024\/06\/joao-martins-da-silva-junior-presidente-da-cna.jpg\" \/>\n\t<meta property=\"og:image:width\" content=\"615\" \/>\n\t<meta property=\"og:image:height\" content=\"300\" \/>\n\t<meta property=\"og:image:type\" content=\"image\/jpeg\" \/>\n<meta name=\"author\" content=\"Luzimara Fernandes\" \/>\n<meta name=\"twitter:card\" content=\"summary_large_image\" \/>\n<meta name=\"twitter:label1\" content=\"Escrito por\" \/>\n\t<meta name=\"twitter:data1\" content=\"Luzimara Fernandes\" \/>\n\t<meta name=\"twitter:label2\" content=\"Est. tempo de leitura\" \/>\n\t<meta name=\"twitter:data2\" content=\"2 minutos\" \/>\n<script type=\"application\/ld+json\" class=\"yoast-schema-graph\">{\"@context\":\"https:\/\/schema.org\",\"@graph\":[{\"@type\":\"Article\",\"@id\":\"https:\/\/jornalfatosenoticias.com.br\/index.php\/2024\/06\/12\/estamos-vivendo-um-desgoverno-dispara-presidente-da-cna-que-se-recusa-a-falar-com-lula\/#article\",\"isPartOf\":{\"@id\":\"https:\/\/jornalfatosenoticias.com.br\/index.php\/2024\/06\/12\/estamos-vivendo-um-desgoverno-dispara-presidente-da-cna-que-se-recusa-a-falar-com-lula\/\"},\"author\":{\"name\":\"Luzimara Fernandes\",\"@id\":\"https:\/\/jornalfatosenoticias.com.br\/#\/schema\/person\/d63837fa13ac8666eb9e74e0985d6f81\"},\"headline\":\"\u201cEstamos vivendo um desgoverno\u201d, dispara presidente da CNA que se recusa a falar com Lula\",\"datePublished\":\"2024-06-12T14:18:39+00:00\",\"dateModified\":\"2024-06-12T14:18:41+00:00\",\"mainEntityOfPage\":{\"@id\":\"https:\/\/jornalfatosenoticias.com.br\/index.php\/2024\/06\/12\/estamos-vivendo-um-desgoverno-dispara-presidente-da-cna-que-se-recusa-a-falar-com-lula\/\"},\"wordCount\":436,\"commentCount\":0,\"publisher\":{\"@id\":\"https:\/\/jornalfatosenoticias.com.br\/#organization\"},\"image\":{\"@id\":\"https:\/\/jornalfatosenoticias.com.br\/index.php\/2024\/06\/12\/estamos-vivendo-um-desgoverno-dispara-presidente-da-cna-que-se-recusa-a-falar-com-lula\/#primaryimage\"},\"thumbnailUrl\":\"https:\/\/jornalfatosenoticias.com.br\/wp-content\/uploads\/2024\/06\/joao-martins-da-silva-junior-presidente-da-cna.jpg\",\"keywords\":[\"alimentos\",\"CNA\",\"Lula\",\"tributa\u00e7\u00e3o\"],\"articleSection\":[\"Pol\u00edtica\"],\"inLanguage\":\"pt-BR\",\"potentialAction\":[{\"@type\":\"CommentAction\",\"name\":\"Comment\",\"target\":[\"https:\/\/jornalfatosenoticias.com.br\/index.php\/2024\/06\/12\/estamos-vivendo-um-desgoverno-dispara-presidente-da-cna-que-se-recusa-a-falar-com-lula\/#respond\"]}]},{\"@type\":\"WebPage\",\"@id\":\"https:\/\/jornalfatosenoticias.com.br\/index.php\/2024\/06\/12\/estamos-vivendo-um-desgoverno-dispara-presidente-da-cna-que-se-recusa-a-falar-com-lula\/\",\"url\":\"https:\/\/jornalfatosenoticias.com.br\/index.php\/2024\/06\/12\/estamos-vivendo-um-desgoverno-dispara-presidente-da-cna-que-se-recusa-a-falar-com-lula\/\",\"name\":\"\u201cEstamos vivendo um desgoverno\u201d, dispara presidente da CNA que se recusa a falar com Lula - Jornal Fatos e Not\u00edcias\",\"isPartOf\":{\"@id\":\"https:\/\/jornalfatosenoticias.com.br\/#website\"},\"primaryImageOfPage\":{\"@id\":\"https:\/\/jornalfatosenoticias.com.br\/index.php\/2024\/06\/12\/estamos-vivendo-um-desgoverno-dispara-presidente-da-cna-que-se-recusa-a-falar-com-lula\/#primaryimage\"},\"image\":{\"@id\":\"https:\/\/jornalfatosenoticias.com.br\/index.php\/2024\/06\/12\/estamos-vivendo-um-desgoverno-dispara-presidente-da-cna-que-se-recusa-a-falar-com-lula\/#primaryimage\"},\"thumbnailUrl\":\"https:\/\/jornalfatosenoticias.com.br\/wp-content\/uploads\/2024\/06\/joao-martins-da-silva-junior-presidente-da-cna.jpg\",\"datePublished\":\"2024-06-12T14:18:39+00:00\",\"dateModified\":\"2024-06-12T14:18:41+00:00\",\"breadcrumb\":{\"@id\":\"https:\/\/jornalfatosenoticias.com.br\/index.php\/2024\/06\/12\/estamos-vivendo-um-desgoverno-dispara-presidente-da-cna-que-se-recusa-a-falar-com-lula\/#breadcrumb\"},\"inLanguage\":\"pt-BR\",\"potentialAction\":[{\"@type\":\"ReadAction\",\"target\":[\"https:\/\/jornalfatosenoticias.com.br\/index.php\/2024\/06\/12\/estamos-vivendo-um-desgoverno-dispara-presidente-da-cna-que-se-recusa-a-falar-com-lula\/\"]}]},{\"@type\":\"ImageObject\",\"inLanguage\":\"pt-BR\",\"@id\":\"https:\/\/jornalfatosenoticias.com.br\/index.php\/2024\/06\/12\/estamos-vivendo-um-desgoverno-dispara-presidente-da-cna-que-se-recusa-a-falar-com-lula\/#primaryimage\",\"url\":\"https:\/\/jornalfatosenoticias.com.br\/wp-content\/uploads\/2024\/06\/joao-martins-da-silva-junior-presidente-da-cna.jpg\",\"contentUrl\":\"https:\/\/jornalfatosenoticias.com.br\/wp-content\/uploads\/2024\/06\/joao-martins-da-silva-junior-presidente-da-cna.jpg\",\"width\":615,\"height\":300},{\"@type\":\"BreadcrumbList\",\"@id\":\"https:\/\/jornalfatosenoticias.com.br\/index.php\/2024\/06\/12\/estamos-vivendo-um-desgoverno-dispara-presidente-da-cna-que-se-recusa-a-falar-com-lula\/#breadcrumb\",\"itemListElement\":[{\"@type\":\"ListItem\",\"position\":1,\"name\":\"In\u00edcio\",\"item\":\"https:\/\/jornalfatosenoticias.com.br\/\"},{\"@type\":\"ListItem\",\"position\":2,\"name\":\"\u201cEstamos vivendo um desgoverno\u201d, dispara presidente da CNA que se recusa a falar com Lula\"}]},{\"@type\":\"WebSite\",\"@id\":\"https:\/\/jornalfatosenoticias.com.br\/#website\",\"url\":\"https:\/\/jornalfatosenoticias.com.br\/\",\"name\":\"Jornal Fatos e Not\u00edcias\",\"description\":\"Not\u00edcias em geral\",\"publisher\":{\"@id\":\"https:\/\/jornalfatosenoticias.com.br\/#organization\"},\"potentialAction\":[{\"@type\":\"SearchAction\",\"target\":{\"@type\":\"EntryPoint\",\"urlTemplate\":\"https:\/\/jornalfatosenoticias.com.br\/?s={search_term_string}\"},\"query-input\":{\"@type\":\"PropertyValueSpecification\",\"valueRequired\":true,\"valueName\":\"search_term_string\"}}],\"inLanguage\":\"pt-BR\"},{\"@type\":\"Organization\",\"@id\":\"https:\/\/jornalfatosenoticias.com.br\/#organization\",\"name\":\"Jornal Fatos e Not\u00edcias\",\"url\":\"https:\/\/jornalfatosenoticias.com.br\/\",\"logo\":{\"@type\":\"ImageObject\",\"inLanguage\":\"pt-BR\",\"@id\":\"https:\/\/jornalfatosenoticias.com.br\/#\/schema\/logo\/image\/\",\"url\":\"https:\/\/jornalfatosenoticias.com.br\/wp-content\/uploads\/2020\/02\/logo120.png\",\"contentUrl\":\"https:\/\/jornalfatosenoticias.com.br\/wp-content\/uploads\/2020\/02\/logo120.png\",\"width\":1227,\"height\":120,\"caption\":\"Jornal Fatos e Not\u00edcias\"},\"image\":{\"@id\":\"https:\/\/jornalfatosenoticias.com.br\/#\/schema\/logo\/image\/\"}},{\"@type\":\"Person\",\"@id\":\"https:\/\/jornalfatosenoticias.com.br\/#\/schema\/person\/d63837fa13ac8666eb9e74e0985d6f81\",\"name\":\"Luzimara Fernandes\",\"image\":{\"@type\":\"ImageObject\",\"inLanguage\":\"pt-BR\",\"@id\":\"https:\/\/jornalfatosenoticias.com.br\/#\/schema\/person\/image\/\",\"url\":\"https:\/\/jornalfatosenoticias.com.br\/wp-content\/uploads\/2025\/05\/EU_portal.jpg\",\"contentUrl\":\"https:\/\/jornalfatosenoticias.com.br\/wp-content\/uploads\/2025\/05\/EU_portal.jpg\",\"caption\":\"Luzimara Fernandes\"},\"description\":\"Jornalista MTB 2358-ES\",\"sameAs\":[\"https:\/\/jornalfatosenoticias.com.br\"],\"url\":\"https:\/\/jornalfatosenoticias.com.br\/index.php\/author\/luzimara\/\"}]}<\/script>\n<!-- \/ Yoast SEO plugin. -->","yoast_head_json":{"title":"\u201cEstamos vivendo um desgoverno\u201d, dispara presidente da CNA que se recusa a falar com Lula - Jornal Fatos e Not\u00edcias","robots":{"index":"index","follow":"follow","max-snippet":"max-snippet:-1","max-image-preview":"max-image-preview:large","max-video-preview":"max-video-preview:-1"},"canonical":"https:\/\/jornalfatosenoticias.com.br\/index.php\/2024\/06\/12\/estamos-vivendo-um-desgoverno-dispara-presidente-da-cna-que-se-recusa-a-falar-com-lula\/","og_locale":"pt_BR","og_type":"article","og_title":"\u201cEstamos vivendo um desgoverno\u201d, dispara presidente da CNA que se recusa a falar com Lula - Jornal Fatos e Not\u00edcias","og_description":"Presidente da entidade, Jo\u00e3o Martins, criticou o governo e cobrou mais trabalho do Congresso contra o governo Por Guilherme Grandi O presidente da Confedera\u00e7\u00e3o Nacional da Agricultura e Pecu\u00e1ria do Brasil, Jo\u00e3o Martins, disse na ter\u00e7a (11) que chegou a ser convidado para conversar com Luiz In\u00e1cio Lula da Silva (PT) sobre a agora derrubada [&hellip;]","og_url":"https:\/\/jornalfatosenoticias.com.br\/index.php\/2024\/06\/12\/estamos-vivendo-um-desgoverno-dispara-presidente-da-cna-que-se-recusa-a-falar-com-lula\/","og_site_name":"Jornal Fatos e Not\u00edcias","article_published_time":"2024-06-12T14:18:39+00:00","article_modified_time":"2024-06-12T14:18:41+00:00","og_image":[{"width":615,"height":300,"url":"https:\/\/jornalfatosenoticias.com.br\/wp-content\/uploads\/2024\/06\/joao-martins-da-silva-junior-presidente-da-cna.jpg","type":"image\/jpeg"}],"author":"Luzimara Fernandes","twitter_card":"summary_large_image","twitter_misc":{"Escrito por":"Luzimara Fernandes","Est. tempo de leitura":"2 minutos"},"schema":{"@context":"https:\/\/schema.org","@graph":[{"@type":"Article","@id":"https:\/\/jornalfatosenoticias.com.br\/index.php\/2024\/06\/12\/estamos-vivendo-um-desgoverno-dispara-presidente-da-cna-que-se-recusa-a-falar-com-lula\/#article","isPartOf":{"@id":"https:\/\/jornalfatosenoticias.com.br\/index.php\/2024\/06\/12\/estamos-vivendo-um-desgoverno-dispara-presidente-da-cna-que-se-recusa-a-falar-com-lula\/"},"author":{"name":"Luzimara Fernandes","@id":"https:\/\/jornalfatosenoticias.com.br\/#\/schema\/person\/d63837fa13ac8666eb9e74e0985d6f81"},"headline":"\u201cEstamos vivendo um desgoverno\u201d, dispara presidente da CNA que se recusa a falar com Lula","datePublished":"2024-06-12T14:18:39+00:00","dateModified":"2024-06-12T14:18:41+00:00","mainEntityOfPage":{"@id":"https:\/\/jornalfatosenoticias.com.br\/index.php\/2024\/06\/12\/estamos-vivendo-um-desgoverno-dispara-presidente-da-cna-que-se-recusa-a-falar-com-lula\/"},"wordCount":436,"commentCount":0,"publisher":{"@id":"https:\/\/jornalfatosenoticias.com.br\/#organization"},"image":{"@id":"https:\/\/jornalfatosenoticias.com.br\/index.php\/2024\/06\/12\/estamos-vivendo-um-desgoverno-dispara-presidente-da-cna-que-se-recusa-a-falar-com-lula\/#primaryimage"},"thumbnailUrl":"https:\/\/jornalfatosenoticias.com.br\/wp-content\/uploads\/2024\/06\/joao-martins-da-silva-junior-presidente-da-cna.jpg","keywords":["alimentos","CNA","Lula","tributa\u00e7\u00e3o"],"articleSection":["Pol\u00edtica"],"inLanguage":"pt-BR","potentialAction":[{"@type":"CommentAction","name":"Comment","target":["https:\/\/jornalfatosenoticias.com.br\/index.php\/2024\/06\/12\/estamos-vivendo-um-desgoverno-dispara-presidente-da-cna-que-se-recusa-a-falar-com-lula\/#respond"]}]},{"@type":"WebPage","@id":"https:\/\/jornalfatosenoticias.com.br\/index.php\/2024\/06\/12\/estamos-vivendo-um-desgoverno-dispara-presidente-da-cna-que-se-recusa-a-falar-com-lula\/","url":"https:\/\/jornalfatosenoticias.com.br\/index.php\/2024\/06\/12\/estamos-vivendo-um-desgoverno-dispara-presidente-da-cna-que-se-recusa-a-falar-com-lula\/","name":"\u201cEstamos vivendo um desgoverno\u201d, dispara presidente da CNA que se recusa a falar com Lula - Jornal Fatos e Not\u00edcias","isPartOf":{"@id":"https:\/\/jornalfatosenoticias.com.br\/#website"},"primaryImageOfPage":{"@id":"https:\/\/jornalfatosenoticias.com.br\/index.php\/2024\/06\/12\/estamos-vivendo-um-desgoverno-dispara-presidente-da-cna-que-se-recusa-a-falar-com-lula\/#primaryimage"},"image":{"@id":"https:\/\/jornalfatosenoticias.com.br\/index.php\/2024\/06\/12\/estamos-vivendo-um-desgoverno-dispara-presidente-da-cna-que-se-recusa-a-falar-com-lula\/#primaryimage"},"thumbnailUrl":"https:\/\/jornalfatosenoticias.com.br\/wp-content\/uploads\/2024\/06\/joao-martins-da-silva-junior-presidente-da-cna.jpg","datePublished":"2024-06-12T14:18:39+00:00","dateModified":"2024-06-12T14:18:41+00:00","breadcrumb":{"@id":"https:\/\/jornalfatosenoticias.com.br\/index.php\/2024\/06\/12\/estamos-vivendo-um-desgoverno-dispara-presidente-da-cna-que-se-recusa-a-falar-com-lula\/#breadcrumb"},"inLanguage":"pt-BR","potentialAction":[{"@type":"ReadAction","target":["https:\/\/jornalfatosenoticias.com.br\/index.php\/2024\/06\/12\/estamos-vivendo-um-desgoverno-dispara-presidente-da-cna-que-se-recusa-a-falar-com-lula\/"]}]},{"@type":"ImageObject","inLanguage":"pt-BR","@id":"https:\/\/jornalfatosenoticias.com.br\/index.php\/2024\/06\/12\/estamos-vivendo-um-desgoverno-dispara-presidente-da-cna-que-se-recusa-a-falar-com-lula\/#primaryimage","url":"https:\/\/jornalfatosenoticias.com.br\/wp-content\/uploads\/2024\/06\/joao-martins-da-silva-junior-presidente-da-cna.jpg","contentUrl":"https:\/\/jornalfatosenoticias.com.br\/wp-content\/uploads\/2024\/06\/joao-martins-da-silva-junior-presidente-da-cna.jpg","width":615,"height":300},{"@type":"BreadcrumbList","@id":"https:\/\/jornalfatosenoticias.com.br\/index.php\/2024\/06\/12\/estamos-vivendo-um-desgoverno-dispara-presidente-da-cna-que-se-recusa-a-falar-com-lula\/#breadcrumb","itemListElement":[{"@type":"ListItem","position":1,"name":"In\u00edcio","item":"https:\/\/jornalfatosenoticias.com.br\/"},{"@type":"ListItem","position":2,"name":"\u201cEstamos vivendo um desgoverno\u201d, dispara presidente da CNA que se recusa a falar com Lula"}]},{"@type":"WebSite","@id":"https:\/\/jornalfatosenoticias.com.br\/#website","url":"https:\/\/jornalfatosenoticias.com.br\/","name":"Jornal Fatos e Not\u00edcias","description":"Not\u00edcias em geral","publisher":{"@id":"https:\/\/jornalfatosenoticias.com.br\/#organization"},"potentialAction":[{"@type":"SearchAction","target":{"@type":"EntryPoint","urlTemplate":"https:\/\/jornalfatosenoticias.com.br\/?s={search_term_string}"},"query-input":{"@type":"PropertyValueSpecification","valueRequired":true,"valueName":"search_term_string"}}],"inLanguage":"pt-BR"},{"@type":"Organization","@id":"https:\/\/jornalfatosenoticias.com.br\/#organization","name":"Jornal Fatos e Not\u00edcias","url":"https:\/\/jornalfatosenoticias.com.br\/","logo":{"@type":"ImageObject","inLanguage":"pt-BR","@id":"https:\/\/jornalfatosenoticias.com.br\/#\/schema\/logo\/image\/","url":"https:\/\/jornalfatosenoticias.com.br\/wp-content\/uploads\/2020\/02\/logo120.png","contentUrl":"https:\/\/jornalfatosenoticias.com.br\/wp-content\/uploads\/2020\/02\/logo120.png","width":1227,"height":120,"caption":"Jornal Fatos e Not\u00edcias"},"image":{"@id":"https:\/\/jornalfatosenoticias.com.br\/#\/schema\/logo\/image\/"}},{"@type":"Person","@id":"https:\/\/jornalfatosenoticias.com.br\/#\/schema\/person\/d63837fa13ac8666eb9e74e0985d6f81","name":"Luzimara Fernandes","image":{"@type":"ImageObject","inLanguage":"pt-BR","@id":"https:\/\/jornalfatosenoticias.com.br\/#\/schema\/person\/image\/","url":"https:\/\/jornalfatosenoticias.com.br\/wp-content\/uploads\/2025\/05\/EU_portal.jpg","contentUrl":"https:\/\/jornalfatosenoticias.com.br\/wp-content\/uploads\/2025\/05\/EU_portal.jpg","caption":"Luzimara Fernandes"},"description":"Jornalista MTB 2358-ES","sameAs":["https:\/\/jornalfatosenoticias.com.br"],"url":"https:\/\/jornalfatosenoticias.com.br\/index.php\/author\/luzimara\/"}]}},"cc_featured_image_caption":{"caption_text":"(Foto: Divulga\u00e7\u00e3o\/CNA) ","source_text":"","source_url":""},"jetpack_featured_media_url":"https:\/\/jornalfatosenoticias.com.br\/wp-content\/uploads\/2024\/06\/joao-martins-da-silva-junior-presidente-da-cna.jpg","_links":{"self":[{"href":"https:\/\/jornalfatosenoticias.com.br\/index.php\/wp-json\/wp\/v2\/posts\/51927","targetHints":{"allow":["GET"]}}],"collection":[{"href":"https:\/\/jornalfatosenoticias.com.br\/index.php\/wp-json\/wp\/v2\/posts"}],"about":[{"href":"https:\/\/jornalfatosenoticias.com.br\/index.php\/wp-json\/wp\/v2\/types\/post"}],"author":[{"embeddable":true,"href":"https:\/\/jornalfatosenoticias.com.br\/index.php\/wp-json\/wp\/v2\/users\/2"}],"replies":[{"embeddable":true,"href":"https:\/\/jornalfatosenoticias.com.br\/index.php\/wp-json\/wp\/v2\/comments?post=51927"}],"version-history":[{"count":0,"href":"https:\/\/jornalfatosenoticias.com.br\/index.php\/wp-json\/wp\/v2\/posts\/51927\/revisions"}],"wp:featuredmedia":[{"embeddable":true,"href":"https:\/\/jornalfatosenoticias.com.br\/index.php\/wp-json\/wp\/v2\/media\/51928"}],"wp:attachment":[{"href":"https:\/\/jornalfatosenoticias.com.br\/index.php\/wp-json\/wp\/v2\/media?parent=51927"}],"wp:term":[{"taxonomy":"category","embeddable":true,"href":"https:\/\/jornalfatosenoticias.com.br\/index.php\/wp-json\/wp\/v2\/categories?post=51927"},{"taxonomy":"post_tag","embeddable":true,"href":"https:\/\/jornalfatosenoticias.com.br\/index.php\/wp-json\/wp\/v2\/tags?post=51927"}],"curies":[{"name":"wp","href":"https:\/\/api.w.org\/{rel}","templated":true}]}}