{"id":51933,"date":"2024-06-13T15:17:44","date_gmt":"2024-06-13T18:17:44","guid":{"rendered":"https:\/\/jornalfatosenoticias.com.br\/?p=51933"},"modified":"2024-06-13T15:17:45","modified_gmt":"2024-06-13T18:17:45","slug":"os-desafios-do-aluno-neurodivergente-em-sala-de-aula","status":"publish","type":"post","link":"https:\/\/jornalfatosenoticias.com.br\/index.php\/2024\/06\/13\/os-desafios-do-aluno-neurodivergente-em-sala-de-aula\/","title":{"rendered":"Os desafios do aluno neurodivergente em sala de aula"},"content":{"rendered":"\n<div class=\"wp-block-image\"><figure class=\"aligncenter size-large\"><img loading=\"lazy\" decoding=\"async\" width=\"729\" height=\"90\" src=\"https:\/\/jornalfatosenoticias.com.br\/wp-content\/uploads\/2020\/02\/Logo_Mizu.png\" alt=\"\" class=\"wp-image-1441\" srcset=\"https:\/\/jornalfatosenoticias.com.br\/wp-content\/uploads\/2020\/02\/Logo_Mizu.png 729w, https:\/\/jornalfatosenoticias.com.br\/wp-content\/uploads\/2020\/02\/Logo_Mizu-300x37.png 300w\" sizes=\"auto, (max-width: 729px) 100vw, 729px\" \/><\/figure><\/div>\n\n\n\n<p>O termo \u201cneurodivergente\u201d no campo educacional \u00e9 historicamente novo tendo sido oficialmente registrado em 1988 pela soci\u00f3loga australiana Judy Singer como sin\u00f4nimo de biodiversidade neurol\u00f3gica, por\u00e9m a neurodiversidade j\u00e1 faz parte do cotidiano das escolas em todo Brasil sendo questionada pelos pioneiros da educa\u00e7\u00e3o desde o final do s\u00e9culo XIX. Para promover uma educa\u00e7\u00e3o inclusiva, o professor precisa conhecer as caracter\u00edsticas da neurodiversidade.<br>Um aluno neurodivergente \u00e9 aquele cujo c\u00e9rebro funciona de forma diferente do que \u00e9 considerado neurologicamente t\u00edpico. Isso pode incluir uma ampla variedade de condi\u00e7\u00f5es, como autismo, transtorno do d\u00e9ficit de aten\u00e7\u00e3o e hiperatividade (TDAH), dislexia, s\u00edndrome de Tourette, s\u00edndrome de Asperger, entre outras. Com o avan\u00e7o da ci\u00eancia, hoje se tem pesquisas que indicam que o c\u00e9rebro humano funciona de maneira diferente para cada indiv\u00edduo. Ao identificar as formas at\u00edpicas do neurodesenvolvimento, os profissionais da neuroci\u00eancia chegaram ao conceito de neurodiversidade, que promove a ideia de que todos os indiv\u00edduos s\u00e3o diferentes, inclusive em seu funcionamento neurocognitivo.<\/p>\n\n\n\n<div class=\"wp-block-image\"><figure class=\"aligncenter size-large is-resized\"><img loading=\"lazy\" decoding=\"async\" src=\"https:\/\/jornalfatosenoticias.com.br\/wp-content\/uploads\/2023\/08\/BKR-1024x1021.jpg\" alt=\"\" class=\"wp-image-44494\" width=\"285\" height=\"284\" srcset=\"https:\/\/jornalfatosenoticias.com.br\/wp-content\/uploads\/2023\/08\/BKR-1024x1021.jpg 1024w, https:\/\/jornalfatosenoticias.com.br\/wp-content\/uploads\/2023\/08\/BKR-300x300.jpg 300w, https:\/\/jornalfatosenoticias.com.br\/wp-content\/uploads\/2023\/08\/BKR-150x150.jpg 150w, https:\/\/jornalfatosenoticias.com.br\/wp-content\/uploads\/2023\/08\/BKR-768x766.jpg 768w, https:\/\/jornalfatosenoticias.com.br\/wp-content\/uploads\/2023\/08\/BKR.jpg 1080w\" sizes=\"auto, (max-width: 285px) 100vw, 285px\" \/><\/figure><\/div>\n\n\n\n<p>A inclus\u00e3o dos alunos neurodivergentes nas escolas apresenta grandes desafios, tanto para os pr\u00f3prios alunos como para os professores e o pr\u00f3prio sistema educacional em geral. Muitos alunos t\u00eam diferentes maneiras de pensar, aprender e processar informa\u00e7\u00f5es e essas diferen\u00e7as s\u00e3o t\u00e3o naturais quanto a diversidade biol\u00f3gica encontrada em outras esp\u00e9cies.<\/p>\n\n\n\n<div class=\"wp-block-image\"><figure class=\"aligncenter size-large is-resized\"><img loading=\"lazy\" decoding=\"async\" src=\"https:\/\/jornalfatosenoticias.com.br\/wp-content\/uploads\/2023\/09\/vetorvix1024_1.jpg\" alt=\"\" class=\"wp-image-44868\" width=\"524\" height=\"139\" srcset=\"https:\/\/jornalfatosenoticias.com.br\/wp-content\/uploads\/2023\/09\/vetorvix1024_1.jpg 1024w, https:\/\/jornalfatosenoticias.com.br\/wp-content\/uploads\/2023\/09\/vetorvix1024_1-300x80.jpg 300w, https:\/\/jornalfatosenoticias.com.br\/wp-content\/uploads\/2023\/09\/vetorvix1024_1-768x205.jpg 768w\" sizes=\"auto, (max-width: 524px) 100vw, 524px\" \/><\/figure><\/div>\n\n\n\n<p>A inclus\u00e3o da crian\u00e7a neurodivergente deve estar muito al\u00e9m da sua presen\u00e7a na sala de aula; deve almejar, sobretudo, a aprendizagem e o desenvolvimento das habilidades e potencialidades, superando as dificuldades. A aprendizagem dos alunos n\u00e3o \u00e9 f\u00e1cil, contudo fica evidente que, com dedica\u00e7\u00e3o, recursos e estrat\u00e9gias, os alunos podem alcan\u00e7ar uma aprendizagem mais independente e com qualidade.<\/p>\n\n\n\n<div class=\"wp-block-image\"><figure class=\"aligncenter size-large is-resized\"><img loading=\"lazy\" decoding=\"async\" src=\"https:\/\/jornalfatosenoticias.com.br\/wp-content\/uploads\/2020\/02\/logo-Rapuzel-1024x571.jpg\" alt=\"\" class=\"wp-image-42808\" width=\"364\" height=\"203\" srcset=\"https:\/\/jornalfatosenoticias.com.br\/wp-content\/uploads\/2020\/02\/logo-Rapuzel-1024x571.jpg 1024w, https:\/\/jornalfatosenoticias.com.br\/wp-content\/uploads\/2020\/02\/logo-Rapuzel-300x167.jpg 300w, https:\/\/jornalfatosenoticias.com.br\/wp-content\/uploads\/2020\/02\/logo-Rapuzel-768x428.jpg 768w, https:\/\/jornalfatosenoticias.com.br\/wp-content\/uploads\/2020\/02\/logo-Rapuzel-1536x856.jpg 1536w, https:\/\/jornalfatosenoticias.com.br\/wp-content\/uploads\/2020\/02\/logo-Rapuzel.jpg 1600w\" sizes=\"auto, (max-width: 364px) 100vw, 364px\" \/><\/figure><\/div>\n\n\n\n<p><strong><span class=\"has-inline-color has-vivid-purple-color\">Capacita\u00e7\u00e3o dos professores: <\/span><\/strong>percebe-se, que \u00e9 imprescind\u00edvel que o professor busque a forma\u00e7\u00e3o continuada, procurando, assim, preencher essa lacuna existente em sua forma\u00e7\u00e3o inicial, para estar apto \u00e0s diversas situa\u00e7\u00f5es que necessitam entender \u00e0 neurobiologia do seu aluno. A neurodiversidade \u00e9 uma forma de descrever e comprovar que nossos c\u00e9rebros s\u00e3o diferentes uns dos outros, e isso n\u00e3o \u00e9 algo ruim.<\/p>\n\n\n\n<div class=\"wp-block-image\"><figure class=\"aligncenter size-large\"><img loading=\"lazy\" decoding=\"async\" width=\"300\" height=\"250\" src=\"https:\/\/jornalfatosenoticias.com.br\/wp-content\/uploads\/2020\/02\/Banner-2.png\" alt=\"\" class=\"wp-image-43787\"\/><\/figure><\/div>\n\n\n\n<p><strong><span class=\"has-inline-color has-vivid-purple-color\">Realizar adapta\u00e7\u00f5es no ambiente:<\/span><\/strong> como organizar a rotina, procurar diminuir as altera\u00e7\u00f5es do ambiente da sala de aula, de forma a acomodar as diferentes necessidades, de maneira que os alunos neurodivergentes sintam-se acolhidos. \u00c9 um passo importante para entender melhor suas caracter\u00edsticas e saber que n\u00e3o existe uma padroniza\u00e7\u00e3o quando falamos de seres humanos. Com tais estrat\u00e9gias os desafios dos alunos neurodivergentes ter\u00e3o um impacto menor.<\/p>\n\n\n\n<div class=\"wp-block-image\"><figure class=\"aligncenter size-large is-resized\"><img loading=\"lazy\" decoding=\"async\" src=\"https:\/\/jornalfatosenoticias.com.br\/wp-content\/uploads\/2023\/03\/nova-logo-Marquetti.jpg\" alt=\"\" class=\"wp-image-40207\" width=\"320\" height=\"215\" srcset=\"https:\/\/jornalfatosenoticias.com.br\/wp-content\/uploads\/2023\/03\/nova-logo-Marquetti.jpg 643w, https:\/\/jornalfatosenoticias.com.br\/wp-content\/uploads\/2023\/03\/nova-logo-Marquetti-300x202.jpg 300w\" sizes=\"auto, (max-width: 320px) 100vw, 320px\" \/><\/figure><\/div>\n\n\n\n<p>A import\u00e2ncia dos professores e demais profissionais da educa\u00e7\u00e3o conhecerem os princ\u00edpios e os alicerces que sustentam a inclus\u00e3o dos alunos neurodivergentes minimiza as pr\u00e1ticas excludentes, quebrando barreiras da aprendizagem, enfrentando os desafios e aproveitando ao m\u00e1ximo suas habilidades que s\u00e3o \u00fanicas; eliminando o preconceito e explorando esses potenciais em vez de focar apenas nas limita\u00e7\u00f5es ou desafios que algumas condi\u00e7\u00f5es neurol\u00f3gicas podem apresentar.<\/p>\n\n\n\n<div class=\"wp-block-image\"><figure class=\"aligncenter size-large\"><img loading=\"lazy\" decoding=\"async\" width=\"300\" height=\"250\" src=\"https:\/\/jornalfatosenoticias.com.br\/wp-content\/uploads\/2022\/02\/FERRARI_MAQUINAS-E-FERRAMENTAS2.jpg\" alt=\"\" class=\"wp-image-27860\"\/><\/figure><\/div>\n\n\n\n<p>Assim, os alunos neurodivergentes devem ser reconhecidos e respeitados, sem discrimina\u00e7\u00e3o ou estigmatiza\u00e7\u00e3o. Essa mudan\u00e7a de vis\u00e3o nos \u00faltimos anos vem alterando a maneira como a neurodiversidade cada vez mais est\u00e1 centrada no sistema educacional trazendo uma maior aceita\u00e7\u00e3o para as fam\u00edlias, e, embora seja verdade que ainda h\u00e1 um longo caminho a percorrer e a modificar os preconceitos que a sociedade tem de todas as pessoas neurodivergentes. \u00c9 importante reconhecer que somos todos neurodiversos justamente porque, embora perten\u00e7amos \u00e0 mesma esp\u00e9cie, n\u00e3o h\u00e1 dois c\u00e9rebros iguais. Os demais alunos ganham em conviver com a neurodiversidade, eles ser\u00e3o adultos que enxergar\u00e3o isso com naturalidade, promovendo um conjunto de atividades.<\/p>\n\n\n\n<div class=\"wp-block-image\"><figure class=\"aligncenter size-large is-resized\"><img loading=\"lazy\" decoding=\"async\" src=\"https:\/\/jornalfatosenoticias.com.br\/wp-content\/uploads\/2020\/02\/CONTROL-CS.jpg\" alt=\"\" class=\"wp-image-44991\" width=\"305\" height=\"365\" srcset=\"https:\/\/jornalfatosenoticias.com.br\/wp-content\/uploads\/2020\/02\/CONTROL-CS.jpg 834w, https:\/\/jornalfatosenoticias.com.br\/wp-content\/uploads\/2020\/02\/CONTROL-CS-250x300.jpg 250w, https:\/\/jornalfatosenoticias.com.br\/wp-content\/uploads\/2020\/02\/CONTROL-CS-768x921.jpg 768w\" sizes=\"auto, (max-width: 305px) 100vw, 305px\" \/><\/figure><\/div>\n\n\n\n<p>A inclus\u00e3o escolar \u00e9 o pilar de uma sociedade mais justa e igualit\u00e1ria. Com o objetivo de atingir uma aprendizagem por meio da intera\u00e7\u00e3o, dando a oportunidade de todos de manipular diferentes materiais, entre outros recursos, destacado em sala de aula, favorecendo oportunidade a todos de participarem das diferentes metodologias de ensino e aprendizagem junto com alunos neurodivergentes e aprendendo e compreendendo as dificuldades do pr\u00f3ximo. <\/p>\n\n\n\n<div class=\"wp-block-image\"><figure class=\"aligncenter size-large is-resized\"><img loading=\"lazy\" decoding=\"async\" src=\"https:\/\/jornalfatosenoticias.com.br\/wp-content\/uploads\/2023\/12\/pegoretti-logo-pdf-1024x389.jpg\" alt=\"\" class=\"wp-image-47536\" width=\"475\" height=\"180\" srcset=\"https:\/\/jornalfatosenoticias.com.br\/wp-content\/uploads\/2023\/12\/pegoretti-logo-pdf-1024x389.jpg 1024w, https:\/\/jornalfatosenoticias.com.br\/wp-content\/uploads\/2023\/12\/pegoretti-logo-pdf-300x114.jpg 300w, https:\/\/jornalfatosenoticias.com.br\/wp-content\/uploads\/2023\/12\/pegoretti-logo-pdf-768x291.jpg 768w, https:\/\/jornalfatosenoticias.com.br\/wp-content\/uploads\/2023\/12\/pegoretti-logo-pdf.jpg 1120w\" sizes=\"auto, (max-width: 475px) 100vw, 475px\" \/><\/figure><\/div>\n\n\n\n<p>\u00c9 necess\u00e1rio que em todas as \u00e1reas sociais de representatividade envolvidas na educa\u00e7\u00e3o dos alunos neurodivergentes os respons\u00e1veis lutem para que exista coer\u00eancia em termos de objetivos e procedimentos educativos, ao mesmo tempo em que definam os n\u00edveis de estrutura e previsibilidade social e educacional que s\u00e3o essenciais para que o desenvolvimento ocorra com atitudes positivas.<\/p>\n","protected":false},"excerpt":{"rendered":"<p>O termo \u201cneurodivergente\u201d no campo educacional \u00e9 historicamente novo tendo sido oficialmente registrado em 1988 pela soci\u00f3loga australiana Judy Singer como sin\u00f4nimo de biodiversidade neurol\u00f3gica, por\u00e9m a neurodiversidade j\u00e1 faz parte do cotidiano das escolas em todo Brasil sendo questionada pelos pioneiros da educa\u00e7\u00e3o desde o final do s\u00e9culo XIX. Para promover uma educa\u00e7\u00e3o inclusiva, [&hellip;]<\/p>\n","protected":false},"author":35,"featured_media":51934,"comment_status":"open","ping_status":"open","sticky":false,"template":"","format":"standard","meta":{"footnotes":""},"categories":[7],"tags":[23767,23768,345,23769,7326],"class_list":["post-51933","post","type-post","status-publish","format-standard","has-post-thumbnail","hentry","category-educacao","tag-aluno-neurodivergente","tag-biodiversidade-neurologica","tag-educacao","tag-neurodiversidade","tag-sala-de-aula"],"yoast_head":"<!-- This site is optimized with the Yoast SEO plugin v26.5 - https:\/\/yoast.com\/wordpress\/plugins\/seo\/ -->\n<title>Os desafios do aluno neurodivergente em sala de aula - Jornal Fatos e Not\u00edcias<\/title>\n<meta name=\"robots\" content=\"index, follow, max-snippet:-1, max-image-preview:large, max-video-preview:-1\" \/>\n<link rel=\"canonical\" href=\"https:\/\/jornalfatosenoticias.com.br\/index.php\/2024\/06\/13\/os-desafios-do-aluno-neurodivergente-em-sala-de-aula\/\" \/>\n<meta property=\"og:locale\" content=\"pt_BR\" \/>\n<meta property=\"og:type\" content=\"article\" \/>\n<meta property=\"og:title\" content=\"Os desafios do aluno neurodivergente em sala de aula - Jornal Fatos e Not\u00edcias\" \/>\n<meta property=\"og:description\" content=\"O termo \u201cneurodivergente\u201d no campo educacional \u00e9 historicamente novo tendo sido oficialmente registrado em 1988 pela soci\u00f3loga australiana Judy Singer como sin\u00f4nimo de biodiversidade neurol\u00f3gica, por\u00e9m a neurodiversidade j\u00e1 faz parte do cotidiano das escolas em todo Brasil sendo questionada pelos pioneiros da educa\u00e7\u00e3o desde o final do s\u00e9culo XIX. Para promover uma educa\u00e7\u00e3o inclusiva, [&hellip;]\" \/>\n<meta property=\"og:url\" content=\"https:\/\/jornalfatosenoticias.com.br\/index.php\/2024\/06\/13\/os-desafios-do-aluno-neurodivergente-em-sala-de-aula\/\" \/>\n<meta property=\"og:site_name\" content=\"Jornal Fatos e Not\u00edcias\" \/>\n<meta property=\"article:published_time\" content=\"2024-06-13T18:17:44+00:00\" \/>\n<meta property=\"article:modified_time\" content=\"2024-06-13T18:17:45+00:00\" \/>\n<meta property=\"og:image\" content=\"https:\/\/jornalfatosenoticias.com.br\/wp-content\/uploads\/2024\/06\/neurodivergente_Adobe-Stock.jpg\" \/>\n\t<meta property=\"og:image:width\" content=\"1000\" \/>\n\t<meta property=\"og:image:height\" content=\"594\" \/>\n\t<meta property=\"og:image:type\" content=\"image\/jpeg\" \/>\n<meta name=\"author\" content=\"L\u00e9ia Flauzina\" \/>\n<meta name=\"twitter:card\" content=\"summary_large_image\" \/>\n<meta name=\"twitter:label1\" content=\"Escrito por\" \/>\n\t<meta name=\"twitter:data1\" content=\"L\u00e9ia Flauzina\" \/>\n\t<meta name=\"twitter:label2\" content=\"Est. tempo de leitura\" \/>\n\t<meta name=\"twitter:data2\" content=\"4 minutos\" \/>\n<script type=\"application\/ld+json\" class=\"yoast-schema-graph\">{\"@context\":\"https:\/\/schema.org\",\"@graph\":[{\"@type\":\"Article\",\"@id\":\"https:\/\/jornalfatosenoticias.com.br\/index.php\/2024\/06\/13\/os-desafios-do-aluno-neurodivergente-em-sala-de-aula\/#article\",\"isPartOf\":{\"@id\":\"https:\/\/jornalfatosenoticias.com.br\/index.php\/2024\/06\/13\/os-desafios-do-aluno-neurodivergente-em-sala-de-aula\/\"},\"author\":{\"name\":\"L\u00e9ia Flauzina\",\"@id\":\"https:\/\/jornalfatosenoticias.com.br\/#\/schema\/person\/4a992c9d5e2ea219b74162b89d96b273\"},\"headline\":\"Os desafios do aluno neurodivergente em sala de aula\",\"datePublished\":\"2024-06-13T18:17:44+00:00\",\"dateModified\":\"2024-06-13T18:17:45+00:00\",\"mainEntityOfPage\":{\"@id\":\"https:\/\/jornalfatosenoticias.com.br\/index.php\/2024\/06\/13\/os-desafios-do-aluno-neurodivergente-em-sala-de-aula\/\"},\"wordCount\":776,\"commentCount\":0,\"publisher\":{\"@id\":\"https:\/\/jornalfatosenoticias.com.br\/#organization\"},\"image\":{\"@id\":\"https:\/\/jornalfatosenoticias.com.br\/index.php\/2024\/06\/13\/os-desafios-do-aluno-neurodivergente-em-sala-de-aula\/#primaryimage\"},\"thumbnailUrl\":\"https:\/\/jornalfatosenoticias.com.br\/wp-content\/uploads\/2024\/06\/neurodivergente_Adobe-Stock.jpg\",\"keywords\":[\"aluno neurodivergente\",\"biodiversidade neurol\u00f3gica\",\"educa\u00e7\u00e3o\",\"neurodiversidade\",\"sala de aula\"],\"articleSection\":[\"Educa\u00e7\u00e3o\"],\"inLanguage\":\"pt-BR\",\"potentialAction\":[{\"@type\":\"CommentAction\",\"name\":\"Comment\",\"target\":[\"https:\/\/jornalfatosenoticias.com.br\/index.php\/2024\/06\/13\/os-desafios-do-aluno-neurodivergente-em-sala-de-aula\/#respond\"]}]},{\"@type\":\"WebPage\",\"@id\":\"https:\/\/jornalfatosenoticias.com.br\/index.php\/2024\/06\/13\/os-desafios-do-aluno-neurodivergente-em-sala-de-aula\/\",\"url\":\"https:\/\/jornalfatosenoticias.com.br\/index.php\/2024\/06\/13\/os-desafios-do-aluno-neurodivergente-em-sala-de-aula\/\",\"name\":\"Os desafios do aluno neurodivergente em sala de aula - Jornal Fatos e Not\u00edcias\",\"isPartOf\":{\"@id\":\"https:\/\/jornalfatosenoticias.com.br\/#website\"},\"primaryImageOfPage\":{\"@id\":\"https:\/\/jornalfatosenoticias.com.br\/index.php\/2024\/06\/13\/os-desafios-do-aluno-neurodivergente-em-sala-de-aula\/#primaryimage\"},\"image\":{\"@id\":\"https:\/\/jornalfatosenoticias.com.br\/index.php\/2024\/06\/13\/os-desafios-do-aluno-neurodivergente-em-sala-de-aula\/#primaryimage\"},\"thumbnailUrl\":\"https:\/\/jornalfatosenoticias.com.br\/wp-content\/uploads\/2024\/06\/neurodivergente_Adobe-Stock.jpg\",\"datePublished\":\"2024-06-13T18:17:44+00:00\",\"dateModified\":\"2024-06-13T18:17:45+00:00\",\"breadcrumb\":{\"@id\":\"https:\/\/jornalfatosenoticias.com.br\/index.php\/2024\/06\/13\/os-desafios-do-aluno-neurodivergente-em-sala-de-aula\/#breadcrumb\"},\"inLanguage\":\"pt-BR\",\"potentialAction\":[{\"@type\":\"ReadAction\",\"target\":[\"https:\/\/jornalfatosenoticias.com.br\/index.php\/2024\/06\/13\/os-desafios-do-aluno-neurodivergente-em-sala-de-aula\/\"]}]},{\"@type\":\"ImageObject\",\"inLanguage\":\"pt-BR\",\"@id\":\"https:\/\/jornalfatosenoticias.com.br\/index.php\/2024\/06\/13\/os-desafios-do-aluno-neurodivergente-em-sala-de-aula\/#primaryimage\",\"url\":\"https:\/\/jornalfatosenoticias.com.br\/wp-content\/uploads\/2024\/06\/neurodivergente_Adobe-Stock.jpg\",\"contentUrl\":\"https:\/\/jornalfatosenoticias.com.br\/wp-content\/uploads\/2024\/06\/neurodivergente_Adobe-Stock.jpg\",\"width\":1000,\"height\":594},{\"@type\":\"BreadcrumbList\",\"@id\":\"https:\/\/jornalfatosenoticias.com.br\/index.php\/2024\/06\/13\/os-desafios-do-aluno-neurodivergente-em-sala-de-aula\/#breadcrumb\",\"itemListElement\":[{\"@type\":\"ListItem\",\"position\":1,\"name\":\"In\u00edcio\",\"item\":\"https:\/\/jornalfatosenoticias.com.br\/\"},{\"@type\":\"ListItem\",\"position\":2,\"name\":\"Os desafios do aluno neurodivergente em sala de aula\"}]},{\"@type\":\"WebSite\",\"@id\":\"https:\/\/jornalfatosenoticias.com.br\/#website\",\"url\":\"https:\/\/jornalfatosenoticias.com.br\/\",\"name\":\"Jornal Fatos e Not\u00edcias\",\"description\":\"Not\u00edcias em geral\",\"publisher\":{\"@id\":\"https:\/\/jornalfatosenoticias.com.br\/#organization\"},\"potentialAction\":[{\"@type\":\"SearchAction\",\"target\":{\"@type\":\"EntryPoint\",\"urlTemplate\":\"https:\/\/jornalfatosenoticias.com.br\/?s={search_term_string}\"},\"query-input\":{\"@type\":\"PropertyValueSpecification\",\"valueRequired\":true,\"valueName\":\"search_term_string\"}}],\"inLanguage\":\"pt-BR\"},{\"@type\":\"Organization\",\"@id\":\"https:\/\/jornalfatosenoticias.com.br\/#organization\",\"name\":\"Jornal Fatos e Not\u00edcias\",\"url\":\"https:\/\/jornalfatosenoticias.com.br\/\",\"logo\":{\"@type\":\"ImageObject\",\"inLanguage\":\"pt-BR\",\"@id\":\"https:\/\/jornalfatosenoticias.com.br\/#\/schema\/logo\/image\/\",\"url\":\"https:\/\/jornalfatosenoticias.com.br\/wp-content\/uploads\/2020\/02\/logo120.png\",\"contentUrl\":\"https:\/\/jornalfatosenoticias.com.br\/wp-content\/uploads\/2020\/02\/logo120.png\",\"width\":1227,\"height\":120,\"caption\":\"Jornal Fatos e Not\u00edcias\"},\"image\":{\"@id\":\"https:\/\/jornalfatosenoticias.com.br\/#\/schema\/logo\/image\/\"}},{\"@type\":\"Person\",\"@id\":\"https:\/\/jornalfatosenoticias.com.br\/#\/schema\/person\/4a992c9d5e2ea219b74162b89d96b273\",\"name\":\"L\u00e9ia Flauzina\",\"image\":{\"@type\":\"ImageObject\",\"inLanguage\":\"pt-BR\",\"@id\":\"https:\/\/jornalfatosenoticias.com.br\/#\/schema\/person\/image\/\",\"url\":\"https:\/\/jornalfatosenoticias.com.br\/wp-content\/uploads\/2024\/02\/Leia_Flauzina-removebg-preview-150x150.png\",\"contentUrl\":\"https:\/\/jornalfatosenoticias.com.br\/wp-content\/uploads\/2024\/02\/Leia_Flauzina-removebg-preview-150x150.png\",\"caption\":\"L\u00e9ia Flauzina\"},\"description\":\"Psicopedagoga, Neuropsicopedagoga, Especialista em Autismo, Neuroci\u00eancia, Aprendizagem e Mestre em Educa\u00e7\u00e3o, Escritora, Palestrante e Neuroterapeuta\",\"url\":\"https:\/\/jornalfatosenoticias.com.br\/index.php\/author\/leia-flauzina\/\"}]}<\/script>\n<!-- \/ Yoast SEO plugin. -->","yoast_head_json":{"title":"Os desafios do aluno neurodivergente em sala de aula - Jornal Fatos e Not\u00edcias","robots":{"index":"index","follow":"follow","max-snippet":"max-snippet:-1","max-image-preview":"max-image-preview:large","max-video-preview":"max-video-preview:-1"},"canonical":"https:\/\/jornalfatosenoticias.com.br\/index.php\/2024\/06\/13\/os-desafios-do-aluno-neurodivergente-em-sala-de-aula\/","og_locale":"pt_BR","og_type":"article","og_title":"Os desafios do aluno neurodivergente em sala de aula - Jornal Fatos e Not\u00edcias","og_description":"O termo \u201cneurodivergente\u201d no campo educacional \u00e9 historicamente novo tendo sido oficialmente registrado em 1988 pela soci\u00f3loga australiana Judy Singer como sin\u00f4nimo de biodiversidade neurol\u00f3gica, por\u00e9m a neurodiversidade j\u00e1 faz parte do cotidiano das escolas em todo Brasil sendo questionada pelos pioneiros da educa\u00e7\u00e3o desde o final do s\u00e9culo XIX. Para promover uma educa\u00e7\u00e3o inclusiva, [&hellip;]","og_url":"https:\/\/jornalfatosenoticias.com.br\/index.php\/2024\/06\/13\/os-desafios-do-aluno-neurodivergente-em-sala-de-aula\/","og_site_name":"Jornal Fatos e Not\u00edcias","article_published_time":"2024-06-13T18:17:44+00:00","article_modified_time":"2024-06-13T18:17:45+00:00","og_image":[{"width":1000,"height":594,"url":"https:\/\/jornalfatosenoticias.com.br\/wp-content\/uploads\/2024\/06\/neurodivergente_Adobe-Stock.jpg","type":"image\/jpeg"}],"author":"L\u00e9ia Flauzina","twitter_card":"summary_large_image","twitter_misc":{"Escrito por":"L\u00e9ia Flauzina","Est. tempo de leitura":"4 minutos"},"schema":{"@context":"https:\/\/schema.org","@graph":[{"@type":"Article","@id":"https:\/\/jornalfatosenoticias.com.br\/index.php\/2024\/06\/13\/os-desafios-do-aluno-neurodivergente-em-sala-de-aula\/#article","isPartOf":{"@id":"https:\/\/jornalfatosenoticias.com.br\/index.php\/2024\/06\/13\/os-desafios-do-aluno-neurodivergente-em-sala-de-aula\/"},"author":{"name":"L\u00e9ia Flauzina","@id":"https:\/\/jornalfatosenoticias.com.br\/#\/schema\/person\/4a992c9d5e2ea219b74162b89d96b273"},"headline":"Os desafios do aluno neurodivergente em sala de aula","datePublished":"2024-06-13T18:17:44+00:00","dateModified":"2024-06-13T18:17:45+00:00","mainEntityOfPage":{"@id":"https:\/\/jornalfatosenoticias.com.br\/index.php\/2024\/06\/13\/os-desafios-do-aluno-neurodivergente-em-sala-de-aula\/"},"wordCount":776,"commentCount":0,"publisher":{"@id":"https:\/\/jornalfatosenoticias.com.br\/#organization"},"image":{"@id":"https:\/\/jornalfatosenoticias.com.br\/index.php\/2024\/06\/13\/os-desafios-do-aluno-neurodivergente-em-sala-de-aula\/#primaryimage"},"thumbnailUrl":"https:\/\/jornalfatosenoticias.com.br\/wp-content\/uploads\/2024\/06\/neurodivergente_Adobe-Stock.jpg","keywords":["aluno neurodivergente","biodiversidade neurol\u00f3gica","educa\u00e7\u00e3o","neurodiversidade","sala de aula"],"articleSection":["Educa\u00e7\u00e3o"],"inLanguage":"pt-BR","potentialAction":[{"@type":"CommentAction","name":"Comment","target":["https:\/\/jornalfatosenoticias.com.br\/index.php\/2024\/06\/13\/os-desafios-do-aluno-neurodivergente-em-sala-de-aula\/#respond"]}]},{"@type":"WebPage","@id":"https:\/\/jornalfatosenoticias.com.br\/index.php\/2024\/06\/13\/os-desafios-do-aluno-neurodivergente-em-sala-de-aula\/","url":"https:\/\/jornalfatosenoticias.com.br\/index.php\/2024\/06\/13\/os-desafios-do-aluno-neurodivergente-em-sala-de-aula\/","name":"Os desafios do aluno neurodivergente em sala de aula - Jornal Fatos e Not\u00edcias","isPartOf":{"@id":"https:\/\/jornalfatosenoticias.com.br\/#website"},"primaryImageOfPage":{"@id":"https:\/\/jornalfatosenoticias.com.br\/index.php\/2024\/06\/13\/os-desafios-do-aluno-neurodivergente-em-sala-de-aula\/#primaryimage"},"image":{"@id":"https:\/\/jornalfatosenoticias.com.br\/index.php\/2024\/06\/13\/os-desafios-do-aluno-neurodivergente-em-sala-de-aula\/#primaryimage"},"thumbnailUrl":"https:\/\/jornalfatosenoticias.com.br\/wp-content\/uploads\/2024\/06\/neurodivergente_Adobe-Stock.jpg","datePublished":"2024-06-13T18:17:44+00:00","dateModified":"2024-06-13T18:17:45+00:00","breadcrumb":{"@id":"https:\/\/jornalfatosenoticias.com.br\/index.php\/2024\/06\/13\/os-desafios-do-aluno-neurodivergente-em-sala-de-aula\/#breadcrumb"},"inLanguage":"pt-BR","potentialAction":[{"@type":"ReadAction","target":["https:\/\/jornalfatosenoticias.com.br\/index.php\/2024\/06\/13\/os-desafios-do-aluno-neurodivergente-em-sala-de-aula\/"]}]},{"@type":"ImageObject","inLanguage":"pt-BR","@id":"https:\/\/jornalfatosenoticias.com.br\/index.php\/2024\/06\/13\/os-desafios-do-aluno-neurodivergente-em-sala-de-aula\/#primaryimage","url":"https:\/\/jornalfatosenoticias.com.br\/wp-content\/uploads\/2024\/06\/neurodivergente_Adobe-Stock.jpg","contentUrl":"https:\/\/jornalfatosenoticias.com.br\/wp-content\/uploads\/2024\/06\/neurodivergente_Adobe-Stock.jpg","width":1000,"height":594},{"@type":"BreadcrumbList","@id":"https:\/\/jornalfatosenoticias.com.br\/index.php\/2024\/06\/13\/os-desafios-do-aluno-neurodivergente-em-sala-de-aula\/#breadcrumb","itemListElement":[{"@type":"ListItem","position":1,"name":"In\u00edcio","item":"https:\/\/jornalfatosenoticias.com.br\/"},{"@type":"ListItem","position":2,"name":"Os desafios do aluno neurodivergente em sala de aula"}]},{"@type":"WebSite","@id":"https:\/\/jornalfatosenoticias.com.br\/#website","url":"https:\/\/jornalfatosenoticias.com.br\/","name":"Jornal Fatos e Not\u00edcias","description":"Not\u00edcias em geral","publisher":{"@id":"https:\/\/jornalfatosenoticias.com.br\/#organization"},"potentialAction":[{"@type":"SearchAction","target":{"@type":"EntryPoint","urlTemplate":"https:\/\/jornalfatosenoticias.com.br\/?s={search_term_string}"},"query-input":{"@type":"PropertyValueSpecification","valueRequired":true,"valueName":"search_term_string"}}],"inLanguage":"pt-BR"},{"@type":"Organization","@id":"https:\/\/jornalfatosenoticias.com.br\/#organization","name":"Jornal Fatos e Not\u00edcias","url":"https:\/\/jornalfatosenoticias.com.br\/","logo":{"@type":"ImageObject","inLanguage":"pt-BR","@id":"https:\/\/jornalfatosenoticias.com.br\/#\/schema\/logo\/image\/","url":"https:\/\/jornalfatosenoticias.com.br\/wp-content\/uploads\/2020\/02\/logo120.png","contentUrl":"https:\/\/jornalfatosenoticias.com.br\/wp-content\/uploads\/2020\/02\/logo120.png","width":1227,"height":120,"caption":"Jornal Fatos e Not\u00edcias"},"image":{"@id":"https:\/\/jornalfatosenoticias.com.br\/#\/schema\/logo\/image\/"}},{"@type":"Person","@id":"https:\/\/jornalfatosenoticias.com.br\/#\/schema\/person\/4a992c9d5e2ea219b74162b89d96b273","name":"L\u00e9ia Flauzina","image":{"@type":"ImageObject","inLanguage":"pt-BR","@id":"https:\/\/jornalfatosenoticias.com.br\/#\/schema\/person\/image\/","url":"https:\/\/jornalfatosenoticias.com.br\/wp-content\/uploads\/2024\/02\/Leia_Flauzina-removebg-preview-150x150.png","contentUrl":"https:\/\/jornalfatosenoticias.com.br\/wp-content\/uploads\/2024\/02\/Leia_Flauzina-removebg-preview-150x150.png","caption":"L\u00e9ia Flauzina"},"description":"Psicopedagoga, Neuropsicopedagoga, Especialista em Autismo, Neuroci\u00eancia, Aprendizagem e Mestre em Educa\u00e7\u00e3o, Escritora, Palestrante e Neuroterapeuta","url":"https:\/\/jornalfatosenoticias.com.br\/index.php\/author\/leia-flauzina\/"}]}},"cc_featured_image_caption":{"caption_text":"(Foto: Adobe Stock) ","source_text":"","source_url":""},"jetpack_featured_media_url":"https:\/\/jornalfatosenoticias.com.br\/wp-content\/uploads\/2024\/06\/neurodivergente_Adobe-Stock.jpg","_links":{"self":[{"href":"https:\/\/jornalfatosenoticias.com.br\/index.php\/wp-json\/wp\/v2\/posts\/51933","targetHints":{"allow":["GET"]}}],"collection":[{"href":"https:\/\/jornalfatosenoticias.com.br\/index.php\/wp-json\/wp\/v2\/posts"}],"about":[{"href":"https:\/\/jornalfatosenoticias.com.br\/index.php\/wp-json\/wp\/v2\/types\/post"}],"author":[{"embeddable":true,"href":"https:\/\/jornalfatosenoticias.com.br\/index.php\/wp-json\/wp\/v2\/users\/35"}],"replies":[{"embeddable":true,"href":"https:\/\/jornalfatosenoticias.com.br\/index.php\/wp-json\/wp\/v2\/comments?post=51933"}],"version-history":[{"count":0,"href":"https:\/\/jornalfatosenoticias.com.br\/index.php\/wp-json\/wp\/v2\/posts\/51933\/revisions"}],"wp:featuredmedia":[{"embeddable":true,"href":"https:\/\/jornalfatosenoticias.com.br\/index.php\/wp-json\/wp\/v2\/media\/51934"}],"wp:attachment":[{"href":"https:\/\/jornalfatosenoticias.com.br\/index.php\/wp-json\/wp\/v2\/media?parent=51933"}],"wp:term":[{"taxonomy":"category","embeddable":true,"href":"https:\/\/jornalfatosenoticias.com.br\/index.php\/wp-json\/wp\/v2\/categories?post=51933"},{"taxonomy":"post_tag","embeddable":true,"href":"https:\/\/jornalfatosenoticias.com.br\/index.php\/wp-json\/wp\/v2\/tags?post=51933"}],"curies":[{"name":"wp","href":"https:\/\/api.w.org\/{rel}","templated":true}]}}