{"id":51939,"date":"2024-06-13T15:44:04","date_gmt":"2024-06-13T18:44:04","guid":{"rendered":"https:\/\/jornalfatosenoticias.com.br\/?p=51939"},"modified":"2024-06-13T15:44:07","modified_gmt":"2024-06-13T18:44:07","slug":"crianca-hoje-crianca-amanha","status":"publish","type":"post","link":"https:\/\/jornalfatosenoticias.com.br\/index.php\/2024\/06\/13\/crianca-hoje-crianca-amanha\/","title":{"rendered":"Crian\u00e7a hoje, Crian\u00e7a amanh\u00e3"},"content":{"rendered":"\n<p><em><span class=\"has-inline-color has-black-color\">Esta crian\u00e7a de hoje, a que, preferencialmente, desliza o dedinho, talvez apresente dificuldades de aprendizagem escolar e social<\/span><\/em><\/p>\n\n\n\n<p><strong><span class=\"has-inline-color has-black-color\">Texto publicado na Edi\u00e7\u00e3o 325, em novembro de 2019<\/span><\/strong><\/p>\n\n\n\n<div class=\"wp-block-image\"><figure class=\"aligncenter size-large\"><img loading=\"lazy\" decoding=\"async\" width=\"729\" height=\"90\" src=\"https:\/\/jornalfatosenoticias.com.br\/wp-content\/uploads\/2020\/02\/Logo_Mizu.png\" alt=\"\" class=\"wp-image-1441\" srcset=\"https:\/\/jornalfatosenoticias.com.br\/wp-content\/uploads\/2020\/02\/Logo_Mizu.png 729w, https:\/\/jornalfatosenoticias.com.br\/wp-content\/uploads\/2020\/02\/Logo_Mizu-300x37.png 300w\" sizes=\"auto, (max-width: 729px) 100vw, 729px\" \/><\/figure><\/div>\n\n\n\n<p>O que estamos fazendo hoje para que a crian\u00e7a usufrua de uma plenitude de desenvolvimento de capacidades biossocioafetivas civilizat\u00f3rias, hoje e amanh\u00e3? Quem \u00e9 a crian\u00e7a de hoje? Quem ser\u00e1 a crian\u00e7a de amanh\u00e3?<br>Facilmente, desenhamos na nossa mente estes pequenos e pequenininhos, antes mesmo da aquisi\u00e7\u00e3o da linguagem e da marcha, teclando, mexendo em celulares e computadores. E, ca\u00edmos na ilus\u00e3o de pensar que s\u00e3o muito inteligentes, sabem mais que os adultos, principalmente, os de duas gera\u00e7\u00f5es acima deles. Mas, o dedinho que desliza numa telinha n\u00e3o denota bom desenvolvimento cognitivo. Neste momento do desenvolvimento, no lugar de deslizar a ponta do dedinho, ele deveria estar treinando a preens\u00e3o dos objetos na oposi\u00e7\u00e3o do polegar ao indicador. Desta aprendizagem psicomotora, depender\u00e1 a destreza do l\u00e1pis para a escrita, do bisturi para a cirurgia que salva a vida, do pincel para a arte de pintar.<\/p>\n\n\n\n<div class=\"wp-block-image\"><figure class=\"aligncenter size-large is-resized\"><img loading=\"lazy\" decoding=\"async\" src=\"https:\/\/jornalfatosenoticias.com.br\/wp-content\/uploads\/2023\/08\/ITH.jpeg\" alt=\"\" class=\"wp-image-44638\" width=\"277\" height=\"225\" srcset=\"https:\/\/jornalfatosenoticias.com.br\/wp-content\/uploads\/2023\/08\/ITH.jpeg 800w, https:\/\/jornalfatosenoticias.com.br\/wp-content\/uploads\/2023\/08\/ITH-300x244.jpeg 300w, https:\/\/jornalfatosenoticias.com.br\/wp-content\/uploads\/2023\/08\/ITH-768x624.jpeg 768w\" sizes=\"auto, (max-width: 277px) 100vw, 277px\" \/><\/figure><\/div>\n\n\n\n<p>Esta crian\u00e7a de hoje, a que, preferencialmente, desliza o dedinho, talvez apresente dificuldades de aprendizagem escolar e social. Social? Sim. O isolamento produzido pelo dedinho deslizante num tempo de aprender a seguir as primeiras regras sociais, sendo a primeira e principal a do \u201cpode\u201d e \u201cn\u00e3o pode\u201d fazer com o outro, o protoc\u00f3digo da \u00c9tica e da Cidadania, ser\u00e1 um retardamento ou obstru\u00e7\u00e3o desta fundamental aprendizagem. Este processo de aquisi\u00e7\u00e3o vai se tornando cada vez mais complexo, partindo sempre da experi\u00eancia, posto que, a inf\u00e2ncia \u00e9 regida pelo racioc\u00ednio concreto que segue a l\u00f3gica, tamb\u00e9m concreta neste per\u00edodo.<\/p>\n\n\n\n<div class=\"wp-block-image\"><figure class=\"aligncenter size-large\"><img loading=\"lazy\" decoding=\"async\" width=\"740\" height=\"493\" src=\"https:\/\/jornalfatosenoticias.com.br\/wp-content\/uploads\/2024\/06\/crianca3_freepik.jpg\" alt=\"\" class=\"wp-image-51940\" srcset=\"https:\/\/jornalfatosenoticias.com.br\/wp-content\/uploads\/2024\/06\/crianca3_freepik.jpg 740w, https:\/\/jornalfatosenoticias.com.br\/wp-content\/uploads\/2024\/06\/crianca3_freepik-300x200.jpg 300w\" sizes=\"auto, (max-width: 740px) 100vw, 740px\" \/><figcaption><em><span class=\"has-inline-color has-black-color\">(Foto: Freepik)<\/span><\/em><\/figcaption><\/figure><\/div>\n\n\n\n<p>A necessidade de cuidado que nossos filhotes t\u00eam, pela incompletude de v\u00e1rias estruturas cerebrais e suas fun\u00e7\u00f5es correspondentes, faz com que haja a prem\u00eancia de um adulto que pratique, qualitativamente, este cuidado. Incapazes de sobreviver com independ\u00eancia, nascemos com duas fomes: a da nutri\u00e7\u00e3o e a do afeto. S\u00e3o os dois alimentos que garantem nossa perman\u00eancia como seres vivos. A humanicidade ser\u00e1 conferida pelo aprendizado da empatia que permitir\u00e1 o respeito ao corol\u00e1rio das leis. E, se n\u00e3o nos tornamos humanos, nos transformamos em seres subanimais porque usamos nossa intelig\u00eancia para a perversidade com os outros. <\/p>\n\n\n\n<div class=\"wp-block-image\"><figure class=\"aligncenter size-large is-resized\"><img loading=\"lazy\" decoding=\"async\" src=\"https:\/\/jornalfatosenoticias.com.br\/wp-content\/uploads\/2020\/02\/logo_esteio.jpg\" alt=\"\" class=\"wp-image-1214\" width=\"342\" height=\"285\"\/><\/figure><\/div>\n\n\n\n<p>Durante a inf\u00e2ncia, a presen\u00e7a funcional da m\u00e3e, v\u00ednculo visceral, \u00e9 fundamental. A boa maternagem alimenta o beb\u00ea de nutriente e de afeto\/cuidado. A paternidade, fun\u00e7\u00e3o tamb\u00e9m fundamental, tem como principal fun\u00e7\u00e3o a introdu\u00e7\u00e3o da terceira pessoa na rela\u00e7\u00e3o inicial da d\u00edade m\u00e3e-beb\u00ea, trazendo a Lei. \u00c9 o pai que, em busca da recupera\u00e7\u00e3o de sua parceira, promover\u00e1 o primeiro passo do beb\u00ea no sentido do crescimento psicol\u00f3gico, no sentido da autonomia.<\/p>\n\n\n\n<div class=\"wp-block-image\"><figure class=\"aligncenter size-large is-resized\"><img loading=\"lazy\" decoding=\"async\" src=\"https:\/\/jornalfatosenoticias.com.br\/wp-content\/uploads\/2023\/08\/BKR-1024x1021.jpg\" alt=\"\" class=\"wp-image-44494\" width=\"263\" height=\"262\" srcset=\"https:\/\/jornalfatosenoticias.com.br\/wp-content\/uploads\/2023\/08\/BKR-1024x1021.jpg 1024w, https:\/\/jornalfatosenoticias.com.br\/wp-content\/uploads\/2023\/08\/BKR-300x300.jpg 300w, https:\/\/jornalfatosenoticias.com.br\/wp-content\/uploads\/2023\/08\/BKR-150x150.jpg 150w, https:\/\/jornalfatosenoticias.com.br\/wp-content\/uploads\/2023\/08\/BKR-768x766.jpg 768w, https:\/\/jornalfatosenoticias.com.br\/wp-content\/uploads\/2023\/08\/BKR.jpg 1080w\" sizes=\"auto, (max-width: 263px) 100vw, 263px\" \/><\/figure><\/div>\n\n\n\n<p>Teoricamente, de maneira bem simplificada, este \u00e9 o cen\u00e1rio b\u00e1sico, necess\u00e1rio ao desenvolvimento saud\u00e1vel da crian\u00e7a. Mas, a realidade nem sempre segue estas recomenda\u00e7\u00f5es de promo\u00e7\u00e3o de sa\u00fade. S\u00e3o milh\u00f5es de crian\u00e7as que carecem deste padr\u00e3o de sa\u00fade biopsicossocial.<\/p>\n\n\n\n<div class=\"wp-block-image\"><figure class=\"aligncenter size-large\"><img decoding=\"async\" src=\"https:\/\/jornalfatosenoticias.com.br\/wp-content\/uploads\/2020\/02\/barao-das-carnes-300x164-1.jpg\" alt=\"\" class=\"wp-image-34339\"\/><\/figure><\/div>\n\n\n\n<p>Ocorre que, neste ponto, ficamos diante da crian\u00e7a de amanh\u00e3. Ou melhor, da crian\u00e7a que ser\u00e1 consequ\u00eancia da crian\u00e7a de hoje que, adulto, n\u00e3o ter\u00e1 a fun\u00e7\u00e3o materna ou paterna bem estruturada porquanto, n\u00e3o fez parte de sua experi\u00eancia de inf\u00e2ncia. Ou seja, n\u00e3o \u00e9 portador de um modelo saud\u00e1vel para servir de par\u00e2metro nesta rodada de pap\u00e9is familiares.<\/p>\n\n\n\n<div class=\"wp-block-image\"><figure class=\"aligncenter size-large is-resized\"><img loading=\"lazy\" decoding=\"async\" src=\"https:\/\/jornalfatosenoticias.com.br\/wp-content\/uploads\/2022\/02\/Precisao-Contabilidade-1024x724.jpg\" alt=\"\" class=\"wp-image-28088\" width=\"365\" height=\"258\"\/><\/figure><\/div>\n\n\n\n<p>Precisamos respeitar o processo de desenvolvimento em suas necessidades para proporcionar o mais pleno resultado poss\u00edvel. Mas, ocorre que, temos falhado neste ponto. Falhado como fam\u00edlia, como sociedade, como Estado. N\u00e3o estou me referindo apenas ao dedinho deslizante. Refiro-me \u00e0 desobedi\u00eancia \u00e0s garantias de prote\u00e7\u00e3o absoluta da crian\u00e7a escrita na nossa Carta Magna.<br>Inaugurando hoje esta Coluna, muito honrada com a oportunidade, comprometo-me a trazer as diversas situa\u00e7\u00f5es de viola\u00e7\u00e3o de Direitos que tem sido imposta \u00e0s crian\u00e7as de hoje, que interrompem de maneira devastadora o desenvolvimento normal e saud\u00e1vel dos pequenos e das pequenas. <\/p>\n\n\n\n<div class=\"wp-block-image\"><figure class=\"aligncenter size-large is-resized\"><img loading=\"lazy\" decoding=\"async\" src=\"https:\/\/jornalfatosenoticias.com.br\/wp-content\/uploads\/2020\/02\/CONTROL-CS.jpg\" alt=\"\" class=\"wp-image-44991\" width=\"319\" height=\"382\" srcset=\"https:\/\/jornalfatosenoticias.com.br\/wp-content\/uploads\/2020\/02\/CONTROL-CS.jpg 834w, https:\/\/jornalfatosenoticias.com.br\/wp-content\/uploads\/2020\/02\/CONTROL-CS-250x300.jpg 250w, https:\/\/jornalfatosenoticias.com.br\/wp-content\/uploads\/2020\/02\/CONTROL-CS-768x921.jpg 768w\" sizes=\"auto, (max-width: 319px) 100vw, 319px\" \/><\/figure><\/div>\n\n\n\n<p>Come\u00e7aremos pelo sofisma que tem ocorrido, sistematicamente, quando uma m\u00e3e faz uma den\u00fancia de abuso sexual incestuoso ou de viol\u00eancia dom\u00e9stica. Ou ainda, quando uma m\u00e3e, por obriga\u00e7\u00e3o denunciava o n\u00e3o pagamento da pens\u00e3o aliment\u00edcia da crian\u00e7a ou o comportamento de neglig\u00eancia incluindo o uso de \u00e1lcool e drogas pelo genitor. Estas situa\u00e7\u00f5es de zelo materno t\u00eam sido recebidas pelos Operadores de Justi\u00e7a como o ind\u00edcio indiscut\u00edvel de aliena\u00e7\u00e3o parental da m\u00e3e. Este termo foi criado por um m\u00e9dico americano que fez apologia expl\u00edcita em seus livros da pedofilia. Ele escreve: \u201cas atividades sexuais entre adultos e crian\u00e7as fazem parte do repert\u00f3rio natural da sexualidade humana, uma pr\u00e1tica positiva para a procria\u00e7\u00e3o, porque a pedofilia estimula sexualmente a crian\u00e7a, torna-a muito sexualizada, fazendo-a ansiar pelas experi\u00eancias sexuais que redundar\u00e3o num aumento da procria\u00e7\u00e3o\u201d. Isto est\u00e1 escrito por ele, R. Gardner, nas p\u00e1ginas 24 e 25 de seu livro True and False Accusations of child Sex Abuse (Verdadeiras e falsas acusa\u00e7\u00f5es de abuso sexual infantil, em tradu\u00e7\u00e3o livre). Oportunamente traremos as posi\u00e7\u00f5es deste autor que \u201cfundamenta\u201d a lei da aliena\u00e7\u00e3o parental. Ali\u00e1s, somos o \u00fanico Pa\u00eds a ter uma lei baseada neste termo que n\u00e3o foi considerado cient\u00edfico pela Academia e nem pelas Associa\u00e7\u00f5es M\u00e9dicas e de Psicologia.<\/p>\n\n\n\n<div class=\"wp-block-image\"><figure class=\"aligncenter size-large\"><img loading=\"lazy\" decoding=\"async\" width=\"996\" height=\"498\" src=\"https:\/\/jornalfatosenoticias.com.br\/wp-content\/uploads\/2024\/06\/crianca2_freepik.jpg\" alt=\"\" class=\"wp-image-51941\" srcset=\"https:\/\/jornalfatosenoticias.com.br\/wp-content\/uploads\/2024\/06\/crianca2_freepik.jpg 996w, https:\/\/jornalfatosenoticias.com.br\/wp-content\/uploads\/2024\/06\/crianca2_freepik-300x150.jpg 300w, https:\/\/jornalfatosenoticias.com.br\/wp-content\/uploads\/2024\/06\/crianca2_freepik-768x384.jpg 768w\" sizes=\"auto, (max-width: 996px) 100vw, 996px\" \/><figcaption><em><span class=\"has-inline-color has-black-color\">(Foto: Freepik)<\/span><\/em><\/figcaption><\/figure><\/div>\n\n\n\n<p>O Sofisma dogm\u00e1tico se aloja no Silogismo que, aproveitando-se da dif\u00edcil comprova\u00e7\u00e3o do abuso sexual de crian\u00e7a e adolescente, tem como terceira premissa: logo, \u00e9 aliena\u00e7\u00e3o parental da m\u00e3e. Esta foi uma instru\u00e7\u00e3o dada pelo pr\u00f3prio Gardner que orienta os pais que s\u00e3o denunciados por abuso sexual contra seus filhos. Esta \u00e9 a maior ocorr\u00eancia deste crime, o abuso intrafamiliar chega a n\u00fameros que variam nos estudos entre 75% e 85% da totalidade. <\/p>\n\n\n\n<div class=\"wp-block-image\"><figure class=\"aligncenter size-large\"><img loading=\"lazy\" decoding=\"async\" width=\"300\" height=\"250\" src=\"https:\/\/jornalfatosenoticias.com.br\/wp-content\/uploads\/2022\/02\/FERRARI_MAQUINAS-E-FERRAMENTAS2.jpg\" alt=\"\" class=\"wp-image-27860\"\/><\/figure><\/div>\n\n\n\n<p>A \u201cconclus\u00e3o\u201d de aliena\u00e7\u00e3o parental tem uma celeridade \u00edmpar na nossa Justi\u00e7a. A crian\u00e7a \u00e9 retirada do conv\u00edvio com a m\u00e3e, e \u00e9 entregue em cenas dantescas de busca e apreens\u00e3o com a participa\u00e7\u00e3o de policiais militares armados ao genitor suspeito do abuso. Esta verdadeira pris\u00e3o para a crian\u00e7a, com choro, desespero, ang\u00fastia, gritos, inaugura o afastamento total ou parcial da m\u00e3e, que passa a ser vista e tratada como elemento de alta periculosidade, sendo proibida de estar com o filho ou filha, sem a vigil\u00e2ncia de uma terceira pessoa que cerceia toda a liberdade relacional da crian\u00e7a e da m\u00e3e. <\/p>\n\n\n\n<div class=\"wp-block-image\"><figure class=\"aligncenter size-large\"><img loading=\"lazy\" decoding=\"async\" width=\"300\" height=\"250\" src=\"https:\/\/jornalfatosenoticias.com.br\/wp-content\/uploads\/2020\/02\/Banner-2.png\" alt=\"\" class=\"wp-image-43787\"\/><\/figure><\/div>\n\n\n\n<p>A Priva\u00e7\u00e3o Materna est\u00e1 instalada. Crian\u00e7as de 1\u00aa Inf\u00e2ncia s\u00e3o privadas dos cuidados maternos t\u00e3o essenciais nesta etapa de seu desenvolvimento para sua Sa\u00fade Mental, como apontam as pesquisas de te\u00f3ricos.<br>Estamos repetindo a tortura experimentada nos campos de concentra\u00e7\u00e3o do Holocausto. Como naquele comportamento que embasou as atrocidades daqueles anos, uma lei ampara tamb\u00e9m este comportamento de perversidade da invisibilidade de crian\u00e7as e mulheres, no obscurantismo do Segredo de Justi\u00e7a.<br>Voltaremos ao assunto.<\/p>\n\n\n\n<div class=\"wp-block-image\"><figure class=\"aligncenter size-large is-resized\"><img loading=\"lazy\" decoding=\"async\" src=\"https:\/\/jornalfatosenoticias.com.br\/wp-content\/uploads\/2023\/09\/vetorvix1024_1.jpg\" alt=\"\" class=\"wp-image-44868\" width=\"543\" height=\"144\" srcset=\"https:\/\/jornalfatosenoticias.com.br\/wp-content\/uploads\/2023\/09\/vetorvix1024_1.jpg 1024w, https:\/\/jornalfatosenoticias.com.br\/wp-content\/uploads\/2023\/09\/vetorvix1024_1-300x80.jpg 300w, https:\/\/jornalfatosenoticias.com.br\/wp-content\/uploads\/2023\/09\/vetorvix1024_1-768x205.jpg 768w\" sizes=\"auto, (max-width: 543px) 100vw, 543px\" \/><\/figure><\/div>\n","protected":false},"excerpt":{"rendered":"<p>Esta crian\u00e7a de hoje, a que, preferencialmente, desliza o dedinho, talvez apresente dificuldades de aprendizagem escolar e social Texto publicado na Edi\u00e7\u00e3o 325, em novembro de 2019 O que estamos fazendo hoje para que a crian\u00e7a usufrua de uma plenitude de desenvolvimento de capacidades biossocioafetivas civilizat\u00f3rias, hoje e amanh\u00e3? Quem \u00e9 a crian\u00e7a de hoje? [&hellip;]<\/p>\n","protected":false},"author":8,"featured_media":51942,"comment_status":"open","ping_status":"open","sticky":false,"template":"","format":"standard","meta":{"footnotes":""},"categories":[2522],"tags":[23772,23773,5341,1042,2607],"class_list":["post-51939","post","type-post","status-publish","format-standard","has-post-thumbnail","hentry","category-comportamento","tag-abuso-sexual-de-crianca-e-adolescente","tag-aprendizagem-psicomotora","tag-desenvolvimento-cognitivo","tag-desenvolvimento-infantil","tag-infancia"],"yoast_head":"<!-- This site is optimized with the Yoast SEO plugin v26.5 - https:\/\/yoast.com\/wordpress\/plugins\/seo\/ -->\n<title>Crian\u00e7a hoje, Crian\u00e7a amanh\u00e3 - Jornal Fatos e Not\u00edcias<\/title>\n<meta name=\"robots\" content=\"index, follow, max-snippet:-1, max-image-preview:large, max-video-preview:-1\" \/>\n<link rel=\"canonical\" href=\"https:\/\/jornalfatosenoticias.com.br\/index.php\/2024\/06\/13\/crianca-hoje-crianca-amanha\/\" \/>\n<meta property=\"og:locale\" content=\"pt_BR\" \/>\n<meta property=\"og:type\" content=\"article\" \/>\n<meta property=\"og:title\" content=\"Crian\u00e7a hoje, Crian\u00e7a amanh\u00e3 - Jornal Fatos e Not\u00edcias\" \/>\n<meta property=\"og:description\" content=\"Esta crian\u00e7a de hoje, a que, preferencialmente, desliza o dedinho, talvez apresente dificuldades de aprendizagem escolar e social Texto publicado na Edi\u00e7\u00e3o 325, em novembro de 2019 O que estamos fazendo hoje para que a crian\u00e7a usufrua de uma plenitude de desenvolvimento de capacidades biossocioafetivas civilizat\u00f3rias, hoje e amanh\u00e3? Quem \u00e9 a crian\u00e7a de hoje? [&hellip;]\" \/>\n<meta property=\"og:url\" content=\"https:\/\/jornalfatosenoticias.com.br\/index.php\/2024\/06\/13\/crianca-hoje-crianca-amanha\/\" \/>\n<meta property=\"og:site_name\" content=\"Jornal Fatos e Not\u00edcias\" \/>\n<meta property=\"article:published_time\" content=\"2024-06-13T18:44:04+00:00\" \/>\n<meta property=\"article:modified_time\" content=\"2024-06-13T18:44:07+00:00\" \/>\n<meta property=\"og:image\" content=\"https:\/\/jornalfatosenoticias.com.br\/wp-content\/uploads\/2024\/06\/crianca-e-celular1_freepik.jpg\" \/>\n\t<meta property=\"og:image:width\" content=\"996\" \/>\n\t<meta property=\"og:image:height\" content=\"558\" \/>\n\t<meta property=\"og:image:type\" content=\"image\/jpeg\" \/>\n<meta name=\"author\" content=\"Ana Maria Iencarelli\" \/>\n<meta name=\"twitter:card\" content=\"summary_large_image\" \/>\n<meta name=\"twitter:label1\" content=\"Escrito por\" \/>\n\t<meta name=\"twitter:data1\" content=\"Ana Maria Iencarelli\" \/>\n\t<meta name=\"twitter:label2\" content=\"Est. tempo de leitura\" \/>\n\t<meta name=\"twitter:data2\" content=\"6 minutos\" \/>\n<script type=\"application\/ld+json\" class=\"yoast-schema-graph\">{\"@context\":\"https:\/\/schema.org\",\"@graph\":[{\"@type\":\"Article\",\"@id\":\"https:\/\/jornalfatosenoticias.com.br\/index.php\/2024\/06\/13\/crianca-hoje-crianca-amanha\/#article\",\"isPartOf\":{\"@id\":\"https:\/\/jornalfatosenoticias.com.br\/index.php\/2024\/06\/13\/crianca-hoje-crianca-amanha\/\"},\"author\":{\"name\":\"Ana Maria Iencarelli\",\"@id\":\"https:\/\/jornalfatosenoticias.com.br\/#\/schema\/person\/c33fcf5fb02d729d3fec92c6737a22d1\"},\"headline\":\"Crian\u00e7a hoje, Crian\u00e7a amanh\u00e3\",\"datePublished\":\"2024-06-13T18:44:04+00:00\",\"dateModified\":\"2024-06-13T18:44:07+00:00\",\"mainEntityOfPage\":{\"@id\":\"https:\/\/jornalfatosenoticias.com.br\/index.php\/2024\/06\/13\/crianca-hoje-crianca-amanha\/\"},\"wordCount\":1242,\"commentCount\":0,\"publisher\":{\"@id\":\"https:\/\/jornalfatosenoticias.com.br\/#organization\"},\"image\":{\"@id\":\"https:\/\/jornalfatosenoticias.com.br\/index.php\/2024\/06\/13\/crianca-hoje-crianca-amanha\/#primaryimage\"},\"thumbnailUrl\":\"https:\/\/jornalfatosenoticias.com.br\/wp-content\/uploads\/2024\/06\/crianca-e-celular1_freepik.jpg\",\"keywords\":[\"abuso sexual de crian\u00e7a e adolescente\",\"aprendizagem psicomotora\",\"desenvolvimento cognitivo\",\"desenvolvimento infantil\",\"inf\u00e2ncia\"],\"articleSection\":[\"Comportamento &amp; Equil\u00edbrio\"],\"inLanguage\":\"pt-BR\",\"potentialAction\":[{\"@type\":\"CommentAction\",\"name\":\"Comment\",\"target\":[\"https:\/\/jornalfatosenoticias.com.br\/index.php\/2024\/06\/13\/crianca-hoje-crianca-amanha\/#respond\"]}]},{\"@type\":\"WebPage\",\"@id\":\"https:\/\/jornalfatosenoticias.com.br\/index.php\/2024\/06\/13\/crianca-hoje-crianca-amanha\/\",\"url\":\"https:\/\/jornalfatosenoticias.com.br\/index.php\/2024\/06\/13\/crianca-hoje-crianca-amanha\/\",\"name\":\"Crian\u00e7a hoje, Crian\u00e7a amanh\u00e3 - Jornal Fatos e Not\u00edcias\",\"isPartOf\":{\"@id\":\"https:\/\/jornalfatosenoticias.com.br\/#website\"},\"primaryImageOfPage\":{\"@id\":\"https:\/\/jornalfatosenoticias.com.br\/index.php\/2024\/06\/13\/crianca-hoje-crianca-amanha\/#primaryimage\"},\"image\":{\"@id\":\"https:\/\/jornalfatosenoticias.com.br\/index.php\/2024\/06\/13\/crianca-hoje-crianca-amanha\/#primaryimage\"},\"thumbnailUrl\":\"https:\/\/jornalfatosenoticias.com.br\/wp-content\/uploads\/2024\/06\/crianca-e-celular1_freepik.jpg\",\"datePublished\":\"2024-06-13T18:44:04+00:00\",\"dateModified\":\"2024-06-13T18:44:07+00:00\",\"breadcrumb\":{\"@id\":\"https:\/\/jornalfatosenoticias.com.br\/index.php\/2024\/06\/13\/crianca-hoje-crianca-amanha\/#breadcrumb\"},\"inLanguage\":\"pt-BR\",\"potentialAction\":[{\"@type\":\"ReadAction\",\"target\":[\"https:\/\/jornalfatosenoticias.com.br\/index.php\/2024\/06\/13\/crianca-hoje-crianca-amanha\/\"]}]},{\"@type\":\"ImageObject\",\"inLanguage\":\"pt-BR\",\"@id\":\"https:\/\/jornalfatosenoticias.com.br\/index.php\/2024\/06\/13\/crianca-hoje-crianca-amanha\/#primaryimage\",\"url\":\"https:\/\/jornalfatosenoticias.com.br\/wp-content\/uploads\/2024\/06\/crianca-e-celular1_freepik.jpg\",\"contentUrl\":\"https:\/\/jornalfatosenoticias.com.br\/wp-content\/uploads\/2024\/06\/crianca-e-celular1_freepik.jpg\",\"width\":996,\"height\":558},{\"@type\":\"BreadcrumbList\",\"@id\":\"https:\/\/jornalfatosenoticias.com.br\/index.php\/2024\/06\/13\/crianca-hoje-crianca-amanha\/#breadcrumb\",\"itemListElement\":[{\"@type\":\"ListItem\",\"position\":1,\"name\":\"In\u00edcio\",\"item\":\"https:\/\/jornalfatosenoticias.com.br\/\"},{\"@type\":\"ListItem\",\"position\":2,\"name\":\"Crian\u00e7a hoje, Crian\u00e7a amanh\u00e3\"}]},{\"@type\":\"WebSite\",\"@id\":\"https:\/\/jornalfatosenoticias.com.br\/#website\",\"url\":\"https:\/\/jornalfatosenoticias.com.br\/\",\"name\":\"Jornal Fatos e Not\u00edcias\",\"description\":\"Not\u00edcias em geral\",\"publisher\":{\"@id\":\"https:\/\/jornalfatosenoticias.com.br\/#organization\"},\"potentialAction\":[{\"@type\":\"SearchAction\",\"target\":{\"@type\":\"EntryPoint\",\"urlTemplate\":\"https:\/\/jornalfatosenoticias.com.br\/?s={search_term_string}\"},\"query-input\":{\"@type\":\"PropertyValueSpecification\",\"valueRequired\":true,\"valueName\":\"search_term_string\"}}],\"inLanguage\":\"pt-BR\"},{\"@type\":\"Organization\",\"@id\":\"https:\/\/jornalfatosenoticias.com.br\/#organization\",\"name\":\"Jornal Fatos e Not\u00edcias\",\"url\":\"https:\/\/jornalfatosenoticias.com.br\/\",\"logo\":{\"@type\":\"ImageObject\",\"inLanguage\":\"pt-BR\",\"@id\":\"https:\/\/jornalfatosenoticias.com.br\/#\/schema\/logo\/image\/\",\"url\":\"https:\/\/jornalfatosenoticias.com.br\/wp-content\/uploads\/2020\/02\/logo120.png\",\"contentUrl\":\"https:\/\/jornalfatosenoticias.com.br\/wp-content\/uploads\/2020\/02\/logo120.png\",\"width\":1227,\"height\":120,\"caption\":\"Jornal Fatos e Not\u00edcias\"},\"image\":{\"@id\":\"https:\/\/jornalfatosenoticias.com.br\/#\/schema\/logo\/image\/\"}},{\"@type\":\"Person\",\"@id\":\"https:\/\/jornalfatosenoticias.com.br\/#\/schema\/person\/c33fcf5fb02d729d3fec92c6737a22d1\",\"name\":\"Ana Maria Iencarelli\",\"image\":{\"@type\":\"ImageObject\",\"inLanguage\":\"pt-BR\",\"@id\":\"https:\/\/jornalfatosenoticias.com.br\/#\/schema\/person\/image\/\",\"url\":\"https:\/\/jornalfatosenoticias.com.br\/wp-content\/uploads\/2020\/02\/Ana-Maria-Iencarelli-1-150x150.jpg\",\"contentUrl\":\"https:\/\/jornalfatosenoticias.com.br\/wp-content\/uploads\/2020\/02\/Ana-Maria-Iencarelli-1-150x150.jpg\",\"caption\":\"Ana Maria Iencarelli\"},\"description\":\"Psicanalista Cl\u00ednica, especializada no atendimento a Crian\u00e7as e Adolescentes. Presidente da ONG Vozes de Anjos.\",\"url\":\"https:\/\/jornalfatosenoticias.com.br\/index.php\/author\/anamaria\/\"}]}<\/script>\n<!-- \/ Yoast SEO plugin. -->","yoast_head_json":{"title":"Crian\u00e7a hoje, Crian\u00e7a amanh\u00e3 - Jornal Fatos e Not\u00edcias","robots":{"index":"index","follow":"follow","max-snippet":"max-snippet:-1","max-image-preview":"max-image-preview:large","max-video-preview":"max-video-preview:-1"},"canonical":"https:\/\/jornalfatosenoticias.com.br\/index.php\/2024\/06\/13\/crianca-hoje-crianca-amanha\/","og_locale":"pt_BR","og_type":"article","og_title":"Crian\u00e7a hoje, Crian\u00e7a amanh\u00e3 - Jornal Fatos e Not\u00edcias","og_description":"Esta crian\u00e7a de hoje, a que, preferencialmente, desliza o dedinho, talvez apresente dificuldades de aprendizagem escolar e social Texto publicado na Edi\u00e7\u00e3o 325, em novembro de 2019 O que estamos fazendo hoje para que a crian\u00e7a usufrua de uma plenitude de desenvolvimento de capacidades biossocioafetivas civilizat\u00f3rias, hoje e amanh\u00e3? Quem \u00e9 a crian\u00e7a de hoje? [&hellip;]","og_url":"https:\/\/jornalfatosenoticias.com.br\/index.php\/2024\/06\/13\/crianca-hoje-crianca-amanha\/","og_site_name":"Jornal Fatos e Not\u00edcias","article_published_time":"2024-06-13T18:44:04+00:00","article_modified_time":"2024-06-13T18:44:07+00:00","og_image":[{"width":996,"height":558,"url":"https:\/\/jornalfatosenoticias.com.br\/wp-content\/uploads\/2024\/06\/crianca-e-celular1_freepik.jpg","type":"image\/jpeg"}],"author":"Ana Maria Iencarelli","twitter_card":"summary_large_image","twitter_misc":{"Escrito por":"Ana Maria Iencarelli","Est. tempo de leitura":"6 minutos"},"schema":{"@context":"https:\/\/schema.org","@graph":[{"@type":"Article","@id":"https:\/\/jornalfatosenoticias.com.br\/index.php\/2024\/06\/13\/crianca-hoje-crianca-amanha\/#article","isPartOf":{"@id":"https:\/\/jornalfatosenoticias.com.br\/index.php\/2024\/06\/13\/crianca-hoje-crianca-amanha\/"},"author":{"name":"Ana Maria Iencarelli","@id":"https:\/\/jornalfatosenoticias.com.br\/#\/schema\/person\/c33fcf5fb02d729d3fec92c6737a22d1"},"headline":"Crian\u00e7a hoje, Crian\u00e7a amanh\u00e3","datePublished":"2024-06-13T18:44:04+00:00","dateModified":"2024-06-13T18:44:07+00:00","mainEntityOfPage":{"@id":"https:\/\/jornalfatosenoticias.com.br\/index.php\/2024\/06\/13\/crianca-hoje-crianca-amanha\/"},"wordCount":1242,"commentCount":0,"publisher":{"@id":"https:\/\/jornalfatosenoticias.com.br\/#organization"},"image":{"@id":"https:\/\/jornalfatosenoticias.com.br\/index.php\/2024\/06\/13\/crianca-hoje-crianca-amanha\/#primaryimage"},"thumbnailUrl":"https:\/\/jornalfatosenoticias.com.br\/wp-content\/uploads\/2024\/06\/crianca-e-celular1_freepik.jpg","keywords":["abuso sexual de crian\u00e7a e adolescente","aprendizagem psicomotora","desenvolvimento cognitivo","desenvolvimento infantil","inf\u00e2ncia"],"articleSection":["Comportamento &amp; Equil\u00edbrio"],"inLanguage":"pt-BR","potentialAction":[{"@type":"CommentAction","name":"Comment","target":["https:\/\/jornalfatosenoticias.com.br\/index.php\/2024\/06\/13\/crianca-hoje-crianca-amanha\/#respond"]}]},{"@type":"WebPage","@id":"https:\/\/jornalfatosenoticias.com.br\/index.php\/2024\/06\/13\/crianca-hoje-crianca-amanha\/","url":"https:\/\/jornalfatosenoticias.com.br\/index.php\/2024\/06\/13\/crianca-hoje-crianca-amanha\/","name":"Crian\u00e7a hoje, Crian\u00e7a amanh\u00e3 - Jornal Fatos e Not\u00edcias","isPartOf":{"@id":"https:\/\/jornalfatosenoticias.com.br\/#website"},"primaryImageOfPage":{"@id":"https:\/\/jornalfatosenoticias.com.br\/index.php\/2024\/06\/13\/crianca-hoje-crianca-amanha\/#primaryimage"},"image":{"@id":"https:\/\/jornalfatosenoticias.com.br\/index.php\/2024\/06\/13\/crianca-hoje-crianca-amanha\/#primaryimage"},"thumbnailUrl":"https:\/\/jornalfatosenoticias.com.br\/wp-content\/uploads\/2024\/06\/crianca-e-celular1_freepik.jpg","datePublished":"2024-06-13T18:44:04+00:00","dateModified":"2024-06-13T18:44:07+00:00","breadcrumb":{"@id":"https:\/\/jornalfatosenoticias.com.br\/index.php\/2024\/06\/13\/crianca-hoje-crianca-amanha\/#breadcrumb"},"inLanguage":"pt-BR","potentialAction":[{"@type":"ReadAction","target":["https:\/\/jornalfatosenoticias.com.br\/index.php\/2024\/06\/13\/crianca-hoje-crianca-amanha\/"]}]},{"@type":"ImageObject","inLanguage":"pt-BR","@id":"https:\/\/jornalfatosenoticias.com.br\/index.php\/2024\/06\/13\/crianca-hoje-crianca-amanha\/#primaryimage","url":"https:\/\/jornalfatosenoticias.com.br\/wp-content\/uploads\/2024\/06\/crianca-e-celular1_freepik.jpg","contentUrl":"https:\/\/jornalfatosenoticias.com.br\/wp-content\/uploads\/2024\/06\/crianca-e-celular1_freepik.jpg","width":996,"height":558},{"@type":"BreadcrumbList","@id":"https:\/\/jornalfatosenoticias.com.br\/index.php\/2024\/06\/13\/crianca-hoje-crianca-amanha\/#breadcrumb","itemListElement":[{"@type":"ListItem","position":1,"name":"In\u00edcio","item":"https:\/\/jornalfatosenoticias.com.br\/"},{"@type":"ListItem","position":2,"name":"Crian\u00e7a hoje, Crian\u00e7a amanh\u00e3"}]},{"@type":"WebSite","@id":"https:\/\/jornalfatosenoticias.com.br\/#website","url":"https:\/\/jornalfatosenoticias.com.br\/","name":"Jornal Fatos e Not\u00edcias","description":"Not\u00edcias em geral","publisher":{"@id":"https:\/\/jornalfatosenoticias.com.br\/#organization"},"potentialAction":[{"@type":"SearchAction","target":{"@type":"EntryPoint","urlTemplate":"https:\/\/jornalfatosenoticias.com.br\/?s={search_term_string}"},"query-input":{"@type":"PropertyValueSpecification","valueRequired":true,"valueName":"search_term_string"}}],"inLanguage":"pt-BR"},{"@type":"Organization","@id":"https:\/\/jornalfatosenoticias.com.br\/#organization","name":"Jornal Fatos e Not\u00edcias","url":"https:\/\/jornalfatosenoticias.com.br\/","logo":{"@type":"ImageObject","inLanguage":"pt-BR","@id":"https:\/\/jornalfatosenoticias.com.br\/#\/schema\/logo\/image\/","url":"https:\/\/jornalfatosenoticias.com.br\/wp-content\/uploads\/2020\/02\/logo120.png","contentUrl":"https:\/\/jornalfatosenoticias.com.br\/wp-content\/uploads\/2020\/02\/logo120.png","width":1227,"height":120,"caption":"Jornal Fatos e Not\u00edcias"},"image":{"@id":"https:\/\/jornalfatosenoticias.com.br\/#\/schema\/logo\/image\/"}},{"@type":"Person","@id":"https:\/\/jornalfatosenoticias.com.br\/#\/schema\/person\/c33fcf5fb02d729d3fec92c6737a22d1","name":"Ana Maria Iencarelli","image":{"@type":"ImageObject","inLanguage":"pt-BR","@id":"https:\/\/jornalfatosenoticias.com.br\/#\/schema\/person\/image\/","url":"https:\/\/jornalfatosenoticias.com.br\/wp-content\/uploads\/2020\/02\/Ana-Maria-Iencarelli-1-150x150.jpg","contentUrl":"https:\/\/jornalfatosenoticias.com.br\/wp-content\/uploads\/2020\/02\/Ana-Maria-Iencarelli-1-150x150.jpg","caption":"Ana Maria Iencarelli"},"description":"Psicanalista Cl\u00ednica, especializada no atendimento a Crian\u00e7as e Adolescentes. Presidente da ONG Vozes de Anjos.","url":"https:\/\/jornalfatosenoticias.com.br\/index.php\/author\/anamaria\/"}]}},"cc_featured_image_caption":{"caption_text":"(Foto: Freepik) ","source_text":"","source_url":""},"jetpack_featured_media_url":"https:\/\/jornalfatosenoticias.com.br\/wp-content\/uploads\/2024\/06\/crianca-e-celular1_freepik.jpg","_links":{"self":[{"href":"https:\/\/jornalfatosenoticias.com.br\/index.php\/wp-json\/wp\/v2\/posts\/51939","targetHints":{"allow":["GET"]}}],"collection":[{"href":"https:\/\/jornalfatosenoticias.com.br\/index.php\/wp-json\/wp\/v2\/posts"}],"about":[{"href":"https:\/\/jornalfatosenoticias.com.br\/index.php\/wp-json\/wp\/v2\/types\/post"}],"author":[{"embeddable":true,"href":"https:\/\/jornalfatosenoticias.com.br\/index.php\/wp-json\/wp\/v2\/users\/8"}],"replies":[{"embeddable":true,"href":"https:\/\/jornalfatosenoticias.com.br\/index.php\/wp-json\/wp\/v2\/comments?post=51939"}],"version-history":[{"count":0,"href":"https:\/\/jornalfatosenoticias.com.br\/index.php\/wp-json\/wp\/v2\/posts\/51939\/revisions"}],"wp:featuredmedia":[{"embeddable":true,"href":"https:\/\/jornalfatosenoticias.com.br\/index.php\/wp-json\/wp\/v2\/media\/51942"}],"wp:attachment":[{"href":"https:\/\/jornalfatosenoticias.com.br\/index.php\/wp-json\/wp\/v2\/media?parent=51939"}],"wp:term":[{"taxonomy":"category","embeddable":true,"href":"https:\/\/jornalfatosenoticias.com.br\/index.php\/wp-json\/wp\/v2\/categories?post=51939"},{"taxonomy":"post_tag","embeddable":true,"href":"https:\/\/jornalfatosenoticias.com.br\/index.php\/wp-json\/wp\/v2\/tags?post=51939"}],"curies":[{"name":"wp","href":"https:\/\/api.w.org\/{rel}","templated":true}]}}