{"id":51960,"date":"2024-06-13T16:50:23","date_gmt":"2024-06-13T19:50:23","guid":{"rendered":"https:\/\/jornalfatosenoticias.com.br\/?p=51960"},"modified":"2024-06-13T16:50:59","modified_gmt":"2024-06-13T19:50:59","slug":"a-semana-no-brasil-e-no-mundo-policia-federal-indicia-ministro-das-comunicacoes-por-corrupcao-em-obras-da-codevasf","status":"publish","type":"post","link":"https:\/\/jornalfatosenoticias.com.br\/index.php\/2024\/06\/13\/a-semana-no-brasil-e-no-mundo-policia-federal-indicia-ministro-das-comunicacoes-por-corrupcao-em-obras-da-codevasf\/","title":{"rendered":"A Semana no Brasil e no Mundo \u2014 Pol\u00edcia Federal indicia ministro das Comunica\u00e7\u00f5es por corrup\u00e7\u00e3o em obras da Codevasf"},"content":{"rendered":"\n<div class=\"wp-block-image\"><figure class=\"aligncenter size-large\"><img loading=\"lazy\" decoding=\"async\" width=\"729\" height=\"90\" src=\"https:\/\/jornalfatosenoticias.com.br\/wp-content\/uploads\/2020\/02\/Logo_Mizu.png\" alt=\"\" class=\"wp-image-1441\" srcset=\"https:\/\/jornalfatosenoticias.com.br\/wp-content\/uploads\/2020\/02\/Logo_Mizu.png 729w, https:\/\/jornalfatosenoticias.com.br\/wp-content\/uploads\/2020\/02\/Logo_Mizu-300x37.png 300w\" sizes=\"auto, (max-width: 729px) 100vw, 729px\" \/><\/figure><\/div>\n\n\n\n<p>A Pol\u00edcia Federal concluiu que o ministro das Comunica\u00e7\u00f5es, Juscelino Filho (Uni\u00e3o Brasil-MA), integra uma organiza\u00e7\u00e3o criminosa e cometeu corrup\u00e7\u00e3o passiva em desvios de recursos destinados a obras de pavimenta\u00e7\u00e3o financiadas pela Codevasf, segundo informa\u00e7\u00f5es da Folha de S.Paulo. Juscelino Filho foi indiciado sob suspeita de organiza\u00e7\u00e3o criminosa, lavagem de dinheiro e corrup\u00e7\u00e3o passiva. At\u00e9 o momento, o ministro n\u00e3o se pronunciou sobre as acusa\u00e7\u00f5es.<br>As suspeitas giram em torno de irregularidades em obras realizadas em Vitorino Freire (MA), cidade governada por Luanna Rezende, irm\u00e3 do ministro, e financiadas por emendas parlamentares indicadas por Juscelino durante seu mandato como deputado federal. Um relat\u00f3rio da Controladoria-Geral da Uni\u00e3o (CGU) revela que uma dessas obras beneficiou propriedades da fam\u00edlia do ministro.<\/p>\n\n\n\n<div class=\"wp-block-image\"><figure class=\"aligncenter size-large\"><img loading=\"lazy\" decoding=\"async\" width=\"300\" height=\"250\" src=\"https:\/\/jornalfatosenoticias.com.br\/wp-content\/uploads\/2022\/02\/FERRARI_MAQUINAS-E-FERRAMENTAS2.jpg\" alt=\"\" class=\"wp-image-27860\"\/><\/figure><\/div>\n\n\n\n<p>O caso foi encaminhado ao ministro Fl\u00e1vio Dino, relator do inqu\u00e9rito no Supremo Tribunal Federal (STF). A investiga\u00e7\u00e3o teve in\u00edcio para apurar desvios em obras da Codevasf, especialmente aquelas executadas pela empresa Construservice. Segundo a PF, o empres\u00e1rio Eduardo Jos\u00e9 Barros Costa, conhecido como Eduardo DP, \u00e9 o s\u00f3cio oculto dessa empresa.<\/p>\n\n\n\n<div class=\"wp-block-image\"><figure class=\"aligncenter size-large is-resized\"><img loading=\"lazy\" decoding=\"async\" src=\"https:\/\/jornalfatosenoticias.com.br\/wp-content\/uploads\/2022\/02\/Precisao-Contabilidade-1024x724.jpg\" alt=\"\" class=\"wp-image-28088\" width=\"334\" height=\"236\"\/><\/figure><\/div>\n\n\n\n<p>Juscelino Filho passou a ser investigado ap\u00f3s a PF encontrar mensagens entre ele e Eduardo DP no celular do empres\u00e1rio, apreendido na primeira fase da opera\u00e7\u00e3o Odoacro. As mensagens refor\u00e7am a \u201catua\u00e7\u00e3o criminosa de Juscelino Filho\u201d e indicam que sua fun\u00e7\u00e3o na organiza\u00e7\u00e3o criminosa era conhecida por todos os membros do grupo liderado por Eduardo DP.<\/p>\n\n\n\n<div class=\"wp-block-image\"><figure class=\"aligncenter size-large is-resized\"><img loading=\"lazy\" decoding=\"async\" src=\"https:\/\/jornalfatosenoticias.com.br\/wp-content\/uploads\/2020\/02\/CONTROL-CS.jpg\" alt=\"\" class=\"wp-image-44991\" width=\"309\" height=\"369\"\/><\/figure><\/div>\n\n\n\n<p>O relat\u00f3rio da PF destaca a rela\u00e7\u00e3o criminosa entre Juscelino Filho e Eduardo DP, envolvendo um suposto desvio ou uso indevido de pelo menos R$ 835,8 mil. Durante a apura\u00e7\u00e3o, a PF identificou tr\u00eas caminhos usados para desviar valores de contratos da Codevasf para o ministro: pavimenta\u00e7\u00e3o de estradas beneficiando propriedades do ministro, pagamentos a terceiros e a contrata\u00e7\u00e3o de uma empresa suspeita de pertencer ao pr\u00f3prio Juscelino.<\/p>\n\n\n\n<div class=\"wp-block-image\"><figure class=\"aligncenter size-large is-resized\"><img loading=\"lazy\" decoding=\"async\" src=\"https:\/\/jornalfatosenoticias.com.br\/wp-content\/uploads\/2023\/08\/ITH.jpeg\" alt=\"\" class=\"wp-image-44638\" width=\"285\" height=\"231\" srcset=\"https:\/\/jornalfatosenoticias.com.br\/wp-content\/uploads\/2023\/08\/ITH.jpeg 800w, https:\/\/jornalfatosenoticias.com.br\/wp-content\/uploads\/2023\/08\/ITH-300x244.jpeg 300w, https:\/\/jornalfatosenoticias.com.br\/wp-content\/uploads\/2023\/08\/ITH-768x624.jpeg 768w\" sizes=\"auto, (max-width: 285px) 100vw, 285px\" \/><\/figure><\/div>\n\n\n\n<p>A empresa envolvida, segundo a PF, \u00e9 a Arco, que realizou obras de recupera\u00e7\u00e3o de estradas de terra que d\u00e3o acesso \u00e0 fazenda do ministro. Posteriormente, Juscelino direcionou outra emenda para um contrato da Construservice, asfaltando vias do munic\u00edpio, incluindo a mesma estrada que leva ao im\u00f3vel rural da fam\u00edlia Rezende. Os investigadores tamb\u00e9m encontraram transa\u00e7\u00f5es entre a Arco e Eduardo DP.<\/p>\n\n\n\n<div class=\"wp-block-image\"><figure class=\"aligncenter size-large is-resized\"><img loading=\"lazy\" decoding=\"async\" src=\"https:\/\/jornalfatosenoticias.com.br\/wp-content\/uploads\/2023\/08\/BKR-1024x1021.jpg\" alt=\"\" class=\"wp-image-44494\" width=\"293\" height=\"292\" srcset=\"https:\/\/jornalfatosenoticias.com.br\/wp-content\/uploads\/2023\/08\/BKR-1024x1021.jpg 1024w, https:\/\/jornalfatosenoticias.com.br\/wp-content\/uploads\/2023\/08\/BKR-300x300.jpg 300w, https:\/\/jornalfatosenoticias.com.br\/wp-content\/uploads\/2023\/08\/BKR-150x150.jpg 150w, https:\/\/jornalfatosenoticias.com.br\/wp-content\/uploads\/2023\/08\/BKR-768x766.jpg 768w, https:\/\/jornalfatosenoticias.com.br\/wp-content\/uploads\/2023\/08\/BKR.jpg 1080w\" sizes=\"auto, (max-width: 293px) 100vw, 293px\" \/><\/figure><\/div>\n\n\n\n<p>Luanna Rezende, irm\u00e3 do ministro, foi alvo de busca e apreens\u00e3o em setembro de 2023 durante a investiga\u00e7\u00e3o. Embora a PF tenha solicitado busca contra Juscelino, o ent\u00e3o relator do caso, ministro Lu\u00eds Roberto Barroso, negou o pedido. No entanto, os bens do ministro foram bloqueados. O inqu\u00e9rito est\u00e1 agora sob a relatoria de Fl\u00e1vio Dino no STF, ap\u00f3s ele receber os processos do acervo de Rosa Weber. A ministra, agora aposentada, herdou o caso de Barroso quando ele se tornou presidente do STF. Eduardo DP, s\u00f3cio oculto da Construservice, j\u00e1 foi alvo de opera\u00e7\u00f5es da Pol\u00edcia Civil do Maranh\u00e3o e est\u00e1 sendo investigado pela PF por suposta lavagem de dinheiro atrav\u00e9s de verbas desviadas de contratos fraudulentos.<\/p>\n\n\n\n<div class=\"wp-block-image\"><figure class=\"aligncenter size-large is-resized\"><img loading=\"lazy\" decoding=\"async\" src=\"https:\/\/jornalfatosenoticias.com.br\/wp-content\/uploads\/2023\/03\/nova-logo-Marquetti.jpg\" alt=\"\" class=\"wp-image-40207\" width=\"347\" height=\"233\" srcset=\"https:\/\/jornalfatosenoticias.com.br\/wp-content\/uploads\/2023\/03\/nova-logo-Marquetti.jpg 643w, https:\/\/jornalfatosenoticias.com.br\/wp-content\/uploads\/2023\/03\/nova-logo-Marquetti-300x202.jpg 300w\" sizes=\"auto, (max-width: 347px) 100vw, 347px\" \/><\/figure><\/div>\n\n\n\n<p>A investiga\u00e7\u00e3o se concentrou em obras financiadas pela Codevasf, a Companhia de Desenvolvimento dos Vales do S\u00e3o Francisco e do Parna\u00edba, estatal entregue ao centr\u00e3o durante o governo Bolsonaro e mantida sob essa gest\u00e3o no governo de Lula. Em julho de 2022, a Pol\u00edcia Federal prendeu Eduardo DP na primeira fase da opera\u00e7\u00e3o Odoacro e acessou seu celular, onde encontraram di\u00e1logos com Juscelino. O empres\u00e1rio foi posteriormente libertado. A segunda fase da opera\u00e7\u00e3o Odoacro, deflagrada em outubro do mesmo ano, focou em Julimar Alves da Silva Filho, um fiscal da Codevasf, afastado do \u00f3rg\u00e3o sob suspeita de ter recebido R$ 250 mil em propina da Construservice.<\/p>\n\n\n\n<div class=\"wp-block-image\"><figure class=\"aligncenter size-large is-resized\"><img loading=\"lazy\" decoding=\"async\" src=\"https:\/\/jornalfatosenoticias.com.br\/wp-content\/uploads\/2020\/02\/logo_esteio.jpg\" alt=\"\" class=\"wp-image-1214\" width=\"353\" height=\"294\"\/><\/figure><\/div>\n\n\n\n<p>De acordo com a PF, Julimar era um \u201ctent\u00e1culo\u201d do ministro Juscelino Filho dentro da Codevasf, envolvido nos desvios. A pol\u00edcia afirma que tanto Juscelino Filho quanto Eduardo DP possu\u00edam conex\u00f5es dentro da estatal para gerir e desviar recursos. <strong>(Fonte: Hora Bras\u00edlia)<\/strong><\/p>\n\n\n\n<hr class=\"wp-block-separator\"\/>\n\n\n\n<h3 class=\"wp-block-heading\"><span class=\"has-inline-color has-black-color\">Lula cobra agilidade em novo leil\u00e3o de importa\u00e7\u00e3o de arroz<\/span><\/h3>\n\n\n\n<div class=\"wp-block-image\"><figure class=\"aligncenter size-large\"><img loading=\"lazy\" decoding=\"async\" width=\"612\" height=\"408\" src=\"https:\/\/jornalfatosenoticias.com.br\/wp-content\/uploads\/2024\/06\/arroz-supermercado_istock-1.jpg\" alt=\"\" class=\"wp-image-51968\" srcset=\"https:\/\/jornalfatosenoticias.com.br\/wp-content\/uploads\/2024\/06\/arroz-supermercado_istock-1.jpg 612w, https:\/\/jornalfatosenoticias.com.br\/wp-content\/uploads\/2024\/06\/arroz-supermercado_istock-1-300x200.jpg 300w\" sizes=\"auto, (max-width: 612px) 100vw, 612px\" \/><figcaption><em><span class=\"has-inline-color has-black-color\">(Foto: iStock)<\/span><\/em><\/figcaption><\/figure><\/div>\n\n\n\n<p>Ap\u00f3s anular o primeiro certame por suspeitas de irregularidades, Lula pediu agilidade aos ministros na elabora\u00e7\u00e3o do edital para um novo leil\u00e3o de importa\u00e7\u00e3o de arroz. O pedido foi feito pelo petista aos ministros Carlos F\u00e1varo (Agricultura), Paulo Teixeira (Desenvolvimento Agr\u00e1rio) e Jorge Messias (AGU) durante uma reuni\u00e3o nesta ter\u00e7a-feira (11) no Pal\u00e1cio do Planalto.<\/p>\n\n\n\n<div class=\"wp-block-image\"><figure class=\"aligncenter size-large is-resized\"><img loading=\"lazy\" decoding=\"async\" src=\"https:\/\/jornalfatosenoticias.com.br\/wp-content\/uploads\/2020\/02\/logo-Rapuzel-1024x571.jpg\" alt=\"\" class=\"wp-image-42808\" width=\"345\" height=\"192\" srcset=\"https:\/\/jornalfatosenoticias.com.br\/wp-content\/uploads\/2020\/02\/logo-Rapuzel-1024x571.jpg 1024w, https:\/\/jornalfatosenoticias.com.br\/wp-content\/uploads\/2020\/02\/logo-Rapuzel-300x167.jpg 300w, https:\/\/jornalfatosenoticias.com.br\/wp-content\/uploads\/2020\/02\/logo-Rapuzel-768x428.jpg 768w, https:\/\/jornalfatosenoticias.com.br\/wp-content\/uploads\/2020\/02\/logo-Rapuzel-1536x856.jpg 1536w, https:\/\/jornalfatosenoticias.com.br\/wp-content\/uploads\/2020\/02\/logo-Rapuzel.jpg 1600w\" sizes=\"auto, (max-width: 345px) 100vw, 345px\" \/><\/figure><\/div>\n\n\n\n<p>Durante o encontro, o presidente decidiu anular o primeiro leil\u00e3o, no qual houve um lance para 263,3 mil toneladas de arroz, de um total de 300 mil toneladas previstas no edital. Lula solicitou que a Advocacia-Geral da Uni\u00e3o (AGU) e a Controladoria-Geral da Uni\u00e3o (CGU) auxiliem a Companhia Nacional de Abastecimento (Conab) na elabora\u00e7\u00e3o do novo edital. Segundo fontes do governo, a previs\u00e3o \u00e9 que o novo edital seja divulgado j\u00e1 na pr\u00f3xima semana e que, assim como o primeiro, preveja a importa\u00e7\u00e3o de 300 mil toneladas de arroz. <strong>(Fonte: Hora Bras\u00edlia)<\/strong><\/p>\n\n\n\n<div class=\"wp-block-image\"><figure class=\"aligncenter size-large is-resized\"><img loading=\"lazy\" decoding=\"async\" src=\"https:\/\/jornalfatosenoticias.com.br\/wp-content\/uploads\/2023\/03\/logo-Panper_portal.jpg\" alt=\"\" class=\"wp-image-40208\" width=\"322\" height=\"223\" srcset=\"https:\/\/jornalfatosenoticias.com.br\/wp-content\/uploads\/2023\/03\/logo-Panper_portal.jpg 400w, https:\/\/jornalfatosenoticias.com.br\/wp-content\/uploads\/2023\/03\/logo-Panper_portal-300x208.jpg 300w\" sizes=\"auto, (max-width: 322px) 100vw, 322px\" \/><\/figure><\/div>\n\n\n\n<hr class=\"wp-block-separator\"\/>\n\n\n\n<h3 class=\"wp-block-heading\"><span class=\"has-inline-color has-black-color\">\u201cExiste um ar de vi@dag3m no Vaticano\u201d, diz Papa Francisco em reuni\u00e3o na Universidade Salesiana, em Roma<\/span><\/h3>\n\n\n\n<div class=\"wp-block-image\"><figure class=\"aligncenter size-large\"><img loading=\"lazy\" decoding=\"async\" width=\"612\" height=\"408\" src=\"https:\/\/jornalfatosenoticias.com.br\/wp-content\/uploads\/2024\/06\/Papa-Francisco_gettyimages.jpg\" alt=\"\" class=\"wp-image-51966\" srcset=\"https:\/\/jornalfatosenoticias.com.br\/wp-content\/uploads\/2024\/06\/Papa-Francisco_gettyimages.jpg 612w, https:\/\/jornalfatosenoticias.com.br\/wp-content\/uploads\/2024\/06\/Papa-Francisco_gettyimages-300x200.jpg 300w\" sizes=\"auto, (max-width: 612px) 100vw, 612px\" \/><figcaption><em><span class=\"has-inline-color has-black-color\">(Foto: Getty Images)<\/span><\/em><\/figcaption><\/figure><\/div>\n\n\n\n<p>Na \u00faltima ter\u00e7a-feira (11), o Papa Francisco voltou a usar o termo \u201cviadagem\u201d (\u201cfrociaggine\u201d, em italiano) durante uma reuni\u00e3o na Universidade Salesiana, em Roma. A informa\u00e7\u00e3o foi divulgada pela ag\u00eancia de not\u00edcias italiana Ansa. Este termo j\u00e1 havia sido utilizado pelo pont\u00edfice no m\u00eas passado, causando grande repercuss\u00e3o e levando-o a pedir desculpas posteriormente.<\/p>\n\n\n\n<div class=\"wp-block-image\"><figure class=\"aligncenter size-large is-resized\"><img loading=\"lazy\" decoding=\"async\" src=\"https:\/\/jornalfatosenoticias.com.br\/wp-content\/uploads\/2023\/12\/pegoretti-logo-pdf-1024x389.jpg\" alt=\"\" class=\"wp-image-47536\" width=\"504\" height=\"191\" srcset=\"https:\/\/jornalfatosenoticias.com.br\/wp-content\/uploads\/2023\/12\/pegoretti-logo-pdf-1024x389.jpg 1024w, https:\/\/jornalfatosenoticias.com.br\/wp-content\/uploads\/2023\/12\/pegoretti-logo-pdf-300x114.jpg 300w, https:\/\/jornalfatosenoticias.com.br\/wp-content\/uploads\/2023\/12\/pegoretti-logo-pdf-768x291.jpg 768w, https:\/\/jornalfatosenoticias.com.br\/wp-content\/uploads\/2023\/12\/pegoretti-logo-pdf.jpg 1120w\" sizes=\"auto, (max-width: 504px) 100vw, 504px\" \/><\/figure><\/div>\n\n\n\n<p>Durante a reuni\u00e3o com cerca de 160 sacerdotes de Roma, o Papa Francisco afirmou que \u201cexiste um ar de viadagem no Vaticano\u201d. Em nota emitida ao fim do encontro, o Vaticano esclareceu que Francisco \u201cfalou sobre o perigo das ideologias na Igreja e voltou ao tema da admiss\u00e3o de pessoas com tend\u00eancias homossexuais nos semin\u00e1rios, reiterando a necessidade de acolh\u00ea-los e acompanh\u00e1-los na Igreja, seguindo a indica\u00e7\u00e3o prudente do Dicast\u00e9rio para o Clero quanto \u00e0 sua entrada no semin\u00e1rio\u201d. <strong>(Fonte: Hora Bras\u00edlia)<\/strong><\/p>\n\n\n\n<div class=\"wp-block-image\"><figure class=\"aligncenter size-large\"><img decoding=\"async\" src=\"https:\/\/jornalfatosenoticias.com.br\/wp-content\/uploads\/2020\/02\/barao-das-carnes-300x164-1.jpg\" alt=\"\" class=\"wp-image-34339\"\/><\/figure><\/div>\n\n\n\n<hr class=\"wp-block-separator\"\/>\n\n\n\n<h3 class=\"wp-block-heading\"><span class=\"has-inline-color has-black-color\">D\u00f3lar tem forte alta ap\u00f3s declara\u00e7\u00f5es de Lula sobre economia<\/span><\/h3>\n\n\n\n<div class=\"wp-block-image\"><figure class=\"aligncenter size-large\"><img loading=\"lazy\" decoding=\"async\" width=\"612\" height=\"407\" src=\"https:\/\/jornalfatosenoticias.com.br\/wp-content\/uploads\/2024\/06\/lula-dolar_gettyimages.jpg\" alt=\"\" class=\"wp-image-51965\" srcset=\"https:\/\/jornalfatosenoticias.com.br\/wp-content\/uploads\/2024\/06\/lula-dolar_gettyimages.jpg 612w, https:\/\/jornalfatosenoticias.com.br\/wp-content\/uploads\/2024\/06\/lula-dolar_gettyimages-300x200.jpg 300w\" sizes=\"auto, (max-width: 612px) 100vw, 612px\" \/><figcaption><em><span class=\"has-inline-color has-black-color\">(Foto: Getty Images)<\/span><\/em><\/figcaption><\/figure><\/div>\n\n\n\n<p>O d\u00f3lar passou a operar em forte alta no fim da manh\u00e3 desta quarta-feira (12), ap\u00f3s Luiz In\u00e1cio Lula da Silva (PT) afirmar que n\u00e3o consegue discutir economia sem \u201ccolocar a quest\u00e3o social na ordem do dia\u201d, durante evento no Rio de Janeiro. Lula tamb\u00e9m destacou que o \u201cmercado [financeiro] n\u00e3o \u00e9 uma entidade abstrata, apartada da pol\u00edtica e da sociedade\u201d.<\/p>\n\n\n\n<div class=\"wp-block-image\"><figure class=\"aligncenter size-large is-resized\"><img loading=\"lazy\" decoding=\"async\" src=\"https:\/\/jornalfatosenoticias.com.br\/wp-content\/uploads\/2023\/09\/vetorvix1024_1.jpg\" alt=\"\" class=\"wp-image-44868\" width=\"528\" height=\"140\" srcset=\"https:\/\/jornalfatosenoticias.com.br\/wp-content\/uploads\/2023\/09\/vetorvix1024_1.jpg 1024w, https:\/\/jornalfatosenoticias.com.br\/wp-content\/uploads\/2023\/09\/vetorvix1024_1-300x80.jpg 300w, https:\/\/jornalfatosenoticias.com.br\/wp-content\/uploads\/2023\/09\/vetorvix1024_1-768x205.jpg 768w\" sizes=\"auto, (max-width: 528px) 100vw, 528px\" \/><\/figure><\/div>\n\n\n\n<p>\u00c0s 11h35, o d\u00f3lar registrava alta de 0,79%, cotado a R$ 5,4027, atingindo R$ 5,4286 na m\u00e1xima do dia. A moeda norte-americana havia fechado a \u00faltima ter\u00e7a-feira (11), em alta de 0,07%, a R$ 5,3605, acumulando ganhos semanais de 0,68%. No mesmo hor\u00e1rio, o Ibovespa ca\u00eda 1,07%, aos 120.337 pontos. Na ter\u00e7a-feira, o principal \u00edndice da bolsa brasileira fechou em alta de 0,73%, aos 121.635 pontos. O dia come\u00e7ou tranquilo no mercado financeiro ap\u00f3s dados de infla\u00e7\u00e3o dos Estados Unidos indicarem estabilidade nos pre\u00e7os em maio, contrariando a expectativa de uma leve alta de 0,01%. Em abril, a infla\u00e7\u00e3o havia crescido 0,03%.<\/p>\n\n\n\n<div class=\"wp-block-image\"><figure class=\"aligncenter size-large\"><img loading=\"lazy\" decoding=\"async\" width=\"300\" height=\"250\" src=\"https:\/\/jornalfatosenoticias.com.br\/wp-content\/uploads\/2020\/02\/Banner-2.png\" alt=\"\" class=\"wp-image-43787\"\/><\/figure><\/div>\n\n\n\n<p>Essa estabilidade aumentou as expectativas de que o Federal Reserve (Fed, o Banco Central norte-americano) mantenha as taxas de juros entre 5,25% e 5,50%. Apesar da vis\u00e3o mais positiva em rela\u00e7\u00e3o aos EUA, o mercado brasileiro reverteu o sinal do d\u00f3lar ap\u00f3s o discurso de Lula, que defendeu a ideia de que a economia n\u00e3o pode estar separada do social.<\/p>\n\n\n\n<div class=\"wp-block-image\"><figure class=\"aligncenter size-large is-resized\"><img loading=\"lazy\" decoding=\"async\" src=\"https:\/\/jornalfatosenoticias.com.br\/wp-content\/uploads\/2023\/03\/nova-logo-Marquetti.jpg\" alt=\"\" class=\"wp-image-40207\" width=\"365\" height=\"245\" srcset=\"https:\/\/jornalfatosenoticias.com.br\/wp-content\/uploads\/2023\/03\/nova-logo-Marquetti.jpg 643w, https:\/\/jornalfatosenoticias.com.br\/wp-content\/uploads\/2023\/03\/nova-logo-Marquetti-300x202.jpg 300w\" sizes=\"auto, (max-width: 365px) 100vw, 365px\" \/><\/figure><\/div>\n\n\n\n<p>\u201cTodos os debates que se fazem tratando de economia, a gente fala de um monte de coisa, mas me parece que os problemas sociais n\u00e3o existem\u201d, afirmou. \u201cEles existem. Est\u00e3o nos nossos calcanhares, est\u00e3o nas nossas portas, est\u00e3o nas ruas\u201d.<\/p>\n\n\n\n<div class=\"wp-block-image\"><figure class=\"aligncenter size-large is-resized\"><img loading=\"lazy\" decoding=\"async\" src=\"https:\/\/jornalfatosenoticias.com.br\/wp-content\/uploads\/2022\/02\/Precisao-Contabilidade-1024x724.jpg\" alt=\"\" class=\"wp-image-28088\" width=\"383\" height=\"270\"\/><\/figure><\/div>\n\n\n\n<p>As declara\u00e7\u00f5es ocorrem em um momento em que o governo est\u00e1 sendo pressionado pelo mercado a cortar gastos. O governo petista, enfrentando dificuldades para zerar o d\u00e9ficit fiscal, afirmou que trabalha para equilibrar as contas p\u00fablicas sem comprometer o investimento.<\/p>\n\n\n\n<div class=\"wp-block-image\"><figure class=\"aligncenter size-large\"><img loading=\"lazy\" decoding=\"async\" width=\"300\" height=\"250\" src=\"https:\/\/jornalfatosenoticias.com.br\/wp-content\/uploads\/2022\/02\/FERRARI_MAQUINAS-E-FERRAMENTAS2.jpg\" alt=\"\" class=\"wp-image-27860\"\/><\/figure><\/div>\n\n\n\n<p>\u201cEstamos arrumando a casa e colocando as contas p\u00fablicas em ordem para assegurar o equil\u00edbrio fiscal\u201d, afirmou Lula. \u201cO aumento da arrecada\u00e7\u00e3o e a queda da taxa de juros permitir\u00e3o a redu\u00e7\u00e3o do d\u00e9ficit sem comprometer a capacidade de investimento p\u00fablico\u201d. Em abril, a arrecada\u00e7\u00e3o do governo federal atingiu R$ 228,9 bilh\u00f5es, o maior valor para o m\u00eas em 30 anos, segundo a Receita Federal. <strong>(Fonte: Hora Bras\u00edlia)<\/strong><\/p>\n\n\n\n<div class=\"wp-block-image\"><figure class=\"aligncenter size-large is-resized\"><img loading=\"lazy\" decoding=\"async\" src=\"https:\/\/jornalfatosenoticias.com.br\/wp-content\/uploads\/2023\/08\/ITH.jpeg\" alt=\"\" class=\"wp-image-44638\" width=\"350\" height=\"284\" srcset=\"https:\/\/jornalfatosenoticias.com.br\/wp-content\/uploads\/2023\/08\/ITH.jpeg 800w, https:\/\/jornalfatosenoticias.com.br\/wp-content\/uploads\/2023\/08\/ITH-300x244.jpeg 300w, https:\/\/jornalfatosenoticias.com.br\/wp-content\/uploads\/2023\/08\/ITH-768x624.jpeg 768w\" sizes=\"auto, (max-width: 350px) 100vw, 350px\" \/><\/figure><\/div>\n\n\n\n<hr class=\"wp-block-separator\"\/>\n\n\n\n<h3 class=\"wp-block-heading\"><span class=\"has-inline-color has-black-color\">Instituto Lula usa WhatsApp para mobilizar 100 mil militantes em campanhas pr\u00f3-Lula, revela Estad\u00e3o<\/span><\/h3>\n\n\n\n<div class=\"wp-block-image\"><figure class=\"aligncenter size-large\"><img loading=\"lazy\" decoding=\"async\" width=\"780\" height=\"470\" src=\"https:\/\/jornalfatosenoticias.com.br\/wp-content\/uploads\/2024\/06\/instituto-lula-1.jpg\" alt=\"\" class=\"wp-image-51964\" srcset=\"https:\/\/jornalfatosenoticias.com.br\/wp-content\/uploads\/2024\/06\/instituto-lula-1.jpg 780w, https:\/\/jornalfatosenoticias.com.br\/wp-content\/uploads\/2024\/06\/instituto-lula-1-300x181.jpg 300w, https:\/\/jornalfatosenoticias.com.br\/wp-content\/uploads\/2024\/06\/instituto-lula-1-768x463.jpg 768w\" sizes=\"auto, (max-width: 780px) 100vw, 780px\" \/><figcaption><em><span class=\"has-inline-color has-black-color\">(Foto: Ricardo Stuckert\/Instituto Lula)<\/span><\/em><\/figcaption><\/figure><\/div>\n\n\n\n<p>O Instituto Lula, investigado pela Opera\u00e7\u00e3o Lava Jato, utilizou um ex\u00e9rcito de aproximadamente 100 mil militantes para disseminar mensagens pr\u00f3-Lula (PT) e anti-Bolsonaro (PL) pelo WhatsApp durante a campanha eleitoral de 2022, conforme revelado pelo jornal Estad\u00e3o. De acordo com o jornal, diversos grupos no aplicativo continuam a ser usados pela milit\u00e2ncia petista ap\u00f3s a vit\u00f3ria de Lula, promovendo informa\u00e7\u00f5es pr\u00f3-governo e desinforma\u00e7\u00e3o. O chamado \u201cgabinete da ousadia\u201d do PT influencia a comunica\u00e7\u00e3o do governo nas redes sociais.<\/p>\n\n\n\n<div class=\"wp-block-image\"><figure class=\"aligncenter size-large is-resized\"><img loading=\"lazy\" decoding=\"async\" src=\"https:\/\/jornalfatosenoticias.com.br\/wp-content\/uploads\/2023\/08\/BKR-1024x1021.jpg\" alt=\"\" class=\"wp-image-44494\" width=\"306\" height=\"305\" srcset=\"https:\/\/jornalfatosenoticias.com.br\/wp-content\/uploads\/2023\/08\/BKR-1024x1021.jpg 1024w, https:\/\/jornalfatosenoticias.com.br\/wp-content\/uploads\/2023\/08\/BKR-300x300.jpg 300w, https:\/\/jornalfatosenoticias.com.br\/wp-content\/uploads\/2023\/08\/BKR-150x150.jpg 150w, https:\/\/jornalfatosenoticias.com.br\/wp-content\/uploads\/2023\/08\/BKR-768x766.jpg 768w, https:\/\/jornalfatosenoticias.com.br\/wp-content\/uploads\/2023\/08\/BKR.jpg 1080w\" sizes=\"auto, (max-width: 306px) 100vw, 306px\" \/><\/figure><\/div>\n\n\n\n<p>A opera\u00e7\u00e3o, idealizada pelo ex-presidente do instituto e ex-sindicalista Paulo Okamotto, contou com a colabora\u00e7\u00e3o de estrategistas da equipe do senador americano Bernie Sanders e foi coordenada por Ana Fl\u00e1via Marques, diretora do Instituto Lula e respons\u00e1vel pela campanha Lula Livre de 2018 a 2021. Okamotto afirma que a entidade \u00e9 \u201capartid\u00e1ria\u201d e n\u00e3o participou da elei\u00e7\u00e3o presidencial.<br>Denominado \u201cprograma de volunt\u00e1rios\u201d, o projeto interagia com a campanha oficial na sele\u00e7\u00e3o de temas e abordagens para o conte\u00fado divulgado. <\/p>\n\n\n\n<div class=\"wp-block-image\"><figure class=\"aligncenter size-large is-resized\"><img loading=\"lazy\" decoding=\"async\" src=\"https:\/\/jornalfatosenoticias.com.br\/wp-content\/uploads\/2020\/02\/CONTROL-CS.jpg\" alt=\"\" class=\"wp-image-44991\" width=\"335\" height=\"401\" srcset=\"https:\/\/jornalfatosenoticias.com.br\/wp-content\/uploads\/2020\/02\/CONTROL-CS.jpg 834w, https:\/\/jornalfatosenoticias.com.br\/wp-content\/uploads\/2020\/02\/CONTROL-CS-250x300.jpg 250w, https:\/\/jornalfatosenoticias.com.br\/wp-content\/uploads\/2020\/02\/CONTROL-CS-768x921.jpg 768w\" sizes=\"auto, (max-width: 335px) 100vw, 335px\" \/><\/figure><\/div>\n\n\n\n<p>Conhecidos entre os militantes como \u201cZap do Lula\u201d, \u201cTime Lula\u201d, \u201cEvang\u00e9licos com Lula\u201d e \u201cCa\u00e7adores de Fake News\u201d, esses grupos eram acess\u00edveis pelo site oficial de Lula (lula.com.br). Em 2022, um dos principais objetivos era conquistar o apoio dos evang\u00e9licos, que majoritariamente apoiavam Bolsonaro.<\/p>\n\n\n\n<div class=\"wp-block-image\"><figure class=\"aligncenter size-large is-resized\"><img loading=\"lazy\" decoding=\"async\" src=\"https:\/\/jornalfatosenoticias.com.br\/wp-content\/uploads\/2023\/12\/pegoretti-logo-pdf-1024x389.jpg\" alt=\"\" class=\"wp-image-47536\" width=\"490\" height=\"186\" srcset=\"https:\/\/jornalfatosenoticias.com.br\/wp-content\/uploads\/2023\/12\/pegoretti-logo-pdf-1024x389.jpg 1024w, https:\/\/jornalfatosenoticias.com.br\/wp-content\/uploads\/2023\/12\/pegoretti-logo-pdf-300x114.jpg 300w, https:\/\/jornalfatosenoticias.com.br\/wp-content\/uploads\/2023\/12\/pegoretti-logo-pdf-768x291.jpg 768w, https:\/\/jornalfatosenoticias.com.br\/wp-content\/uploads\/2023\/12\/pegoretti-logo-pdf.jpg 1120w\" sizes=\"auto, (max-width: 490px) 100vw, 490px\" \/><\/figure><\/div>\n\n\n\n<p>Segundo o Estad\u00e3o, pe\u00e7as como o \u201cEvangelho segundo Bolsonaro\u201d \u2014 v\u00eddeos curtos comparando declara\u00e7\u00f5es do ex-presidente a passagens b\u00edblicas \u2014 foram amplamente compartilhadas. Frases como \u201cBolsonaro: o governo do \u00f3dio, da corrup\u00e7\u00e3o e da mentira\u201d acompanhavam os v\u00eddeos.<\/p>\n\n\n\n<div class=\"wp-block-image\"><figure class=\"aligncenter size-large is-resized\"><img loading=\"lazy\" decoding=\"async\" src=\"https:\/\/jornalfatosenoticias.com.br\/wp-content\/uploads\/2023\/03\/logo-Panper_portal.jpg\" alt=\"\" class=\"wp-image-40208\" width=\"358\" height=\"248\" srcset=\"https:\/\/jornalfatosenoticias.com.br\/wp-content\/uploads\/2023\/03\/logo-Panper_portal.jpg 400w, https:\/\/jornalfatosenoticias.com.br\/wp-content\/uploads\/2023\/03\/logo-Panper_portal-300x208.jpg 300w\" sizes=\"auto, (max-width: 358px) 100vw, 358px\" \/><\/figure><\/div>\n\n\n\n<p>Al\u00e9m de promover o governo, os grupos de WhatsApp do Instituto Lula organizam mutir\u00f5es para denunciar postagens de perfis pol\u00edticos de direita e atacam a imprensa. Reportagens que desagradam s\u00e3o rotuladas como \u201ccampanha sistem\u00e1tica contra o governo\u201d ou \u201cinforma\u00e7\u00f5es n\u00e3o confirmadas\u201d. H\u00e1 tamb\u00e9m recomenda\u00e7\u00f5es para seguir canais como o Plant\u00e3o Brasil, no YouTube, do influenciador Thiago dos Reis, conhecido por espalhar fake news pr\u00f3-governo.<\/p>\n\n\n\n<div class=\"wp-block-image\"><figure class=\"aligncenter size-large is-resized\"><img loading=\"lazy\" decoding=\"async\" src=\"https:\/\/jornalfatosenoticias.com.br\/wp-content\/uploads\/2020\/02\/logo_esteio.jpg\" alt=\"\" class=\"wp-image-1214\" width=\"348\" height=\"290\"\/><\/figure><\/div>\n\n\n\n<blockquote class=\"wp-block-quote is-layout-flow wp-block-quote-is-layout-flow\"><p><span class=\"has-inline-color has-luminous-vivid-orange-color\">Uma militante declarou: \u201cN\u00f3s da esquerda temos que parar de seguir tantas regras para enfrentar os fascistas\u201d. Outro militante comentou: \u201cMuitas pessoas que se dizem de esquerda n\u00e3o d\u00e3o \u2018ibope\u2019 para o pr\u00f3prio conte\u00fado, preferem dar audi\u00eancia para certos tipos de canais de direita, como CNN, Estad\u00e3o, Antagonista, Metr\u00f3poles, entre outros canais lixo\u201d.<\/span><\/p><\/blockquote>\n\n\n\n<div class=\"wp-block-image\"><figure class=\"aligncenter size-large is-resized\"><img loading=\"lazy\" decoding=\"async\" src=\"https:\/\/jornalfatosenoticias.com.br\/wp-content\/uploads\/2023\/09\/vetorvix1024_1.jpg\" alt=\"\" class=\"wp-image-44868\" width=\"505\" height=\"134\" srcset=\"https:\/\/jornalfatosenoticias.com.br\/wp-content\/uploads\/2023\/09\/vetorvix1024_1.jpg 1024w, https:\/\/jornalfatosenoticias.com.br\/wp-content\/uploads\/2023\/09\/vetorvix1024_1-300x80.jpg 300w, https:\/\/jornalfatosenoticias.com.br\/wp-content\/uploads\/2023\/09\/vetorvix1024_1-768x205.jpg 768w\" sizes=\"auto, (max-width: 505px) 100vw, 505px\" \/><\/figure><\/div>\n\n\n\n<p>O ministro Alexandre de Moraes, do Supremo Tribunal Federal (STF), prorrogou pela d\u00e9cima primeira vez o inqu\u00e9rito das mil\u00edcias digitais, que investiga a exist\u00eancia e financiamento de mil\u00edcias digitais \u2018antidemocr\u00e1ticas\u2019. A investiga\u00e7\u00e3o, instaurada em julho de 2021, ter\u00e1 mais 180 dias para ser conclu\u00edda. Moraes justificou a prorroga\u00e7\u00e3o pela necessidade de continuar as dilig\u00eancias pendentes. Resta saber se o ministro incluir\u00e1 as den\u00fancias sobre o \u2018ex\u00e9rcito do zap\u2019 do Instituto Lula nas investiga\u00e7\u00f5es.<\/p>\n\n\n\n<div class=\"wp-block-image\"><figure class=\"aligncenter size-large is-resized\"><img loading=\"lazy\" decoding=\"async\" src=\"https:\/\/jornalfatosenoticias.com.br\/wp-content\/uploads\/2020\/02\/logo-Rapuzel-1024x571.jpg\" alt=\"\" class=\"wp-image-42808\" width=\"361\" height=\"201\" srcset=\"https:\/\/jornalfatosenoticias.com.br\/wp-content\/uploads\/2020\/02\/logo-Rapuzel-1024x571.jpg 1024w, https:\/\/jornalfatosenoticias.com.br\/wp-content\/uploads\/2020\/02\/logo-Rapuzel-300x167.jpg 300w, https:\/\/jornalfatosenoticias.com.br\/wp-content\/uploads\/2020\/02\/logo-Rapuzel-768x428.jpg 768w, https:\/\/jornalfatosenoticias.com.br\/wp-content\/uploads\/2020\/02\/logo-Rapuzel-1536x856.jpg 1536w, https:\/\/jornalfatosenoticias.com.br\/wp-content\/uploads\/2020\/02\/logo-Rapuzel.jpg 1600w\" sizes=\"auto, (max-width: 361px) 100vw, 361px\" \/><\/figure><\/div>\n\n\n\n<p><em><span class=\"has-inline-color has-black-color\">Brasil 247, \u00d3pera Mundi, F\u00f3rum e O Cafezinho est\u00e3o entre os blogs lulistas que receberam verbas de publicidade federal durante o governos passados do PT. Em 2014 e 2015, respectivamente, o Brasil 247 recebeu R$ 1.474.438 e R$ 2.232.486; \u00d3pera Mundi, R$ 684.150 e R$ 1.287.189; F\u00f3rum, R$ 99.761 e R$ 448.162; e O Cafezinho, R$ 55.094 em 2015.<\/span><\/em> <strong>(Fonte: Hora Bras\u00edlia)<\/strong><\/p>\n\n\n\n<hr class=\"wp-block-separator\"\/>\n\n\n\n<h3 class=\"wp-block-heading\"><span class=\"has-inline-color has-black-color\">Partidos pol\u00edticos s\u00e3o extintos pelo TSE de El Salvador por falta de apoio popular<\/span><\/h3>\n\n\n\n<div class=\"wp-block-image\"><figure class=\"aligncenter size-large\"><img loading=\"lazy\" decoding=\"async\" width=\"612\" height=\"408\" src=\"https:\/\/jornalfatosenoticias.com.br\/wp-content\/uploads\/2024\/06\/Buekele-partidos_gettyimages.jpg\" alt=\"\" class=\"wp-image-51962\" srcset=\"https:\/\/jornalfatosenoticias.com.br\/wp-content\/uploads\/2024\/06\/Buekele-partidos_gettyimages.jpg 612w, https:\/\/jornalfatosenoticias.com.br\/wp-content\/uploads\/2024\/06\/Buekele-partidos_gettyimages-300x200.jpg 300w\" sizes=\"auto, (max-width: 612px) 100vw, 612px\" \/><figcaption><em><span class=\"has-inline-color has-black-color\">(Foto: Getty Images)<\/span><\/em><\/figcaption><\/figure><\/div>\n\n\n\n<p><span class=\"has-inline-color has-black-color\">Por <strong>Carlos Correia<\/strong><br><\/span>O Tribunal Supremo Eleitoral (TSE) de El Salvador anunciou o fechamento de dois partidos pol\u00edticos devido \u00e0 falta de apoio popular: o Nosso Tempo (de orienta\u00e7\u00e3o mais \u00e0 direita) e o Mudan\u00e7a Democr\u00e1tica (de esquerda). O TSE explicou que os dois partidos n\u00e3o conseguiram atingir o n\u00famero de votos exigido pela Lei Nacional dos Partidos Pol\u00edticos nas \u00faltimas elei\u00e7\u00f5es presidenciais e legislativas, o que motivou a decis\u00e3o.<\/p>\n\n\n\n<div class=\"wp-block-image\"><figure class=\"aligncenter size-large\"><img decoding=\"async\" src=\"https:\/\/jornalfatosenoticias.com.br\/wp-content\/uploads\/2020\/02\/barao-das-carnes-300x164-1.jpg\" alt=\"\" class=\"wp-image-34339\"\/><\/figure><\/div>\n\n\n\n<p>Segundo a legisla\u00e7\u00e3o, a anula\u00e7\u00e3o de um partido ocorre \u201cquando um partido pol\u00edtico n\u00e3o obt\u00e9m 50 mil votos v\u00e1lidos a seu favor\u201d e n\u00e3o alcan\u00e7a ao menos uma cadeira na Assembleia Legislativa. Nas elei\u00e7\u00f5es legislativas, o partido Nosso Tempo recebeu 41.060 votos, representando 1,32% dos votos v\u00e1lidos, enquanto Mudan\u00e7a Democr\u00e1tica obteve 12.165 votos, equivalentes a 0,39%. Nenhum dos dois partidos conseguiu conquistar assentos na nova legislatura que come\u00e7ou em 1\u00ba de maio e vai at\u00e9 30 de abril de 2027. Essa nova legislatura \u00e9 dominada por aliados de Nayib Bukele, que foi reeleito presidente.<\/p>\n\n\n\n<div class=\"wp-block-image\"><figure class=\"aligncenter size-large is-resized\"><img loading=\"lazy\" decoding=\"async\" src=\"https:\/\/jornalfatosenoticias.com.br\/wp-content\/uploads\/2020\/02\/CONTROL-CS.jpg\" alt=\"\" class=\"wp-image-44991\" width=\"326\" height=\"391\" srcset=\"https:\/\/jornalfatosenoticias.com.br\/wp-content\/uploads\/2020\/02\/CONTROL-CS.jpg 834w, https:\/\/jornalfatosenoticias.com.br\/wp-content\/uploads\/2020\/02\/CONTROL-CS-250x300.jpg 250w, https:\/\/jornalfatosenoticias.com.br\/wp-content\/uploads\/2020\/02\/CONTROL-CS-768x921.jpg 768w\" sizes=\"auto, (max-width: 326px) 100vw, 326px\" \/><\/figure><\/div>\n\n\n\n<p>O partido Novas Ideias, ao qual Bukele pertence, recebeu 2,2 milh\u00f5es de votos e obteve 54 das 60 cadeiras, em conjunto com seus aliados, o Partido da Concerta\u00e7\u00e3o Nacional (PCN) e o Partido Democrata Crist\u00e3o (PDC), que, juntos, conseguiram tr\u00eas cadeiras. A Alian\u00e7a Republicana Nacionalista de direita (Arena) conquistou dois assentos na Assembleia, enquanto o partido VAMOS conseguiu eleger um deputado. J\u00e1 a Frente Farabundo Mart\u00ed de Liberta\u00e7\u00e3o Nacional (FMLN), de esquerda, que governou El Salvador entre 2009 e 2019, n\u00e3o obteve nenhuma cadeira.<\/p>\n\n\n\n<div class=\"wp-block-image\"><figure class=\"aligncenter size-large\"><img loading=\"lazy\" decoding=\"async\" width=\"729\" height=\"90\" src=\"https:\/\/jornalfatosenoticias.com.br\/wp-content\/uploads\/2020\/02\/Logo_Mizu.png\" alt=\"\" class=\"wp-image-1441\" srcset=\"https:\/\/jornalfatosenoticias.com.br\/wp-content\/uploads\/2020\/02\/Logo_Mizu.png 729w, https:\/\/jornalfatosenoticias.com.br\/wp-content\/uploads\/2020\/02\/Logo_Mizu-300x37.png 300w\" sizes=\"auto, (max-width: 729px) 100vw, 729px\" \/><\/figure><\/div>\n\n\n\n<p>Andy Failer, presidente do partido Nosso Tempo, criticou a decis\u00e3o do Tribunal Supremo Eleitoral nas redes sociais, classificando-a como \u201cuma resolu\u00e7\u00e3o infeliz\u201d. \u201cO Tribunal Supremo Eleitoral nos notificou da resolu\u00e7\u00e3o final com a qual, infelizmente, decidiram cancelar Nosso Tempo\u201d, afirmou Failer. <strong>(Conex\u00e3o Pol\u00edtica)<\/strong><\/p>\n\n\n\n<div class=\"wp-block-image\"><figure class=\"aligncenter size-large\"><img loading=\"lazy\" decoding=\"async\" width=\"300\" height=\"250\" src=\"https:\/\/jornalfatosenoticias.com.br\/wp-content\/uploads\/2020\/02\/Banner-2.png\" alt=\"\" class=\"wp-image-43787\"\/><\/figure><\/div>\n\n\n\n<hr class=\"wp-block-separator\"\/>\n\n\n\n<h3 class=\"wp-block-heading\"><span class=\"has-inline-color has-black-color\">Dois mil membros de gangues s\u00e3o transferidos para megapres\u00eddio em El Salvador<\/span><\/h3>\n\n\n\n<div class=\"wp-block-image\"><figure class=\"aligncenter size-large\"><img loading=\"lazy\" decoding=\"async\" width=\"1000\" height=\"594\" src=\"https:\/\/jornalfatosenoticias.com.br\/wp-content\/uploads\/2024\/06\/gangues-El-Salvador.jpeg\" alt=\"\" class=\"wp-image-51961\" srcset=\"https:\/\/jornalfatosenoticias.com.br\/wp-content\/uploads\/2024\/06\/gangues-El-Salvador.jpeg 1000w, https:\/\/jornalfatosenoticias.com.br\/wp-content\/uploads\/2024\/06\/gangues-El-Salvador-300x178.jpeg 300w, https:\/\/jornalfatosenoticias.com.br\/wp-content\/uploads\/2024\/06\/gangues-El-Salvador-768x456.jpeg 768w\" sizes=\"auto, (max-width: 1000px) 100vw, 1000px\" \/><figcaption><em><span class=\"has-inline-color has-black-color\">(Foto: Reprodu\u00e7\u00e3o)<\/span><\/em><\/figcaption><\/figure><\/div>\n\n\n\n<p><span class=\"has-inline-color has-black-color\">Por <strong>Carlos Correia<\/strong><br><\/span>O governo de El Salvador transferiu nesta semana mais de dois mil prisioneiros ligados a gangues criminosas para o Centro de Confinamento do Terrorismo (Cecot), um megapres\u00eddio constru\u00eddo sob a gest\u00e3o do presidente Nayib Bukele, que se tornou um s\u00edmbolo da luta contra o crime organizado no pa\u00eds. \u201cTransferimos mais de dois mil membros de gangues das pris\u00f5es de Izalco (oeste), Ciudad Barrios (leste) e San Vicente (sudeste) para o Cecot\u201d, anunciou Bukele em seu perfil na rede social X.<\/p>\n\n\n\n<div class=\"wp-block-image\"><figure class=\"aligncenter size-large\"><img loading=\"lazy\" decoding=\"async\" width=\"300\" height=\"250\" src=\"https:\/\/jornalfatosenoticias.com.br\/wp-content\/uploads\/2022\/02\/FERRARI_MAQUINAS-E-FERRAMENTAS2.jpg\" alt=\"\" class=\"wp-image-27860\"\/><\/figure><\/div>\n\n\n\n<p>O Cecot, considerado o maior pres\u00eddio das Am\u00e9ricas, tem capacidade para abrigar at\u00e9 40 mil detentos e \u00e9 destinado exclusivamente a membros de organiza\u00e7\u00f5es criminosas, conforme informa\u00e7\u00f5es do Minist\u00e9rio da Infraestrutura. O n\u00famero oficial de presos no Cecot, divulgado pelo governo em fevereiro, indica que h\u00e1 12.500 membros de gangues detidos no local, a maioria ligada \u00e0s fac\u00e7\u00f5es Mara Salvatrucha (MS-13) e Barrio 18.<\/p>\n\n\n\n<div class=\"wp-block-image\"><figure class=\"aligncenter size-large is-resized\"><img loading=\"lazy\" decoding=\"async\" src=\"https:\/\/jornalfatosenoticias.com.br\/wp-content\/uploads\/2023\/09\/vetorvix1024_1.jpg\" alt=\"\" class=\"wp-image-44868\" width=\"554\" height=\"147\" srcset=\"https:\/\/jornalfatosenoticias.com.br\/wp-content\/uploads\/2023\/09\/vetorvix1024_1.jpg 1024w, https:\/\/jornalfatosenoticias.com.br\/wp-content\/uploads\/2023\/09\/vetorvix1024_1-300x80.jpg 300w, https:\/\/jornalfatosenoticias.com.br\/wp-content\/uploads\/2023\/09\/vetorvix1024_1-768x205.jpg 768w\" sizes=\"auto, (max-width: 554px) 100vw, 554px\" \/><\/figure><\/div>\n\n\n\n<p>Esses criminosos est\u00e3o detidos sob um regime de exce\u00e7\u00e3o, iniciado em 2022 pela gest\u00e3o de Nayib Bukele, que resultou na remo\u00e7\u00e3o de milhares de criminosos das ruas de El Salvador e aumentou significativamente o apoio popular ao presidente. Apesar da popularidade da medida entre os cidad\u00e3os, organiza\u00e7\u00f5es de direitos humanos criticam a falta de transpar\u00eancia do governo sobre o funcionamento do pres\u00eddio. Jornalistas e familiares dos detentos n\u00e3o t\u00eam acesso ao local.<\/p>\n\n\n\n<div class=\"wp-block-image\"><figure class=\"aligncenter size-large is-resized\"><img loading=\"lazy\" decoding=\"async\" src=\"https:\/\/jornalfatosenoticias.com.br\/wp-content\/uploads\/2023\/08\/BKR-1024x1021.jpg\" alt=\"\" class=\"wp-image-44494\" width=\"310\" height=\"309\" srcset=\"https:\/\/jornalfatosenoticias.com.br\/wp-content\/uploads\/2023\/08\/BKR-1024x1021.jpg 1024w, https:\/\/jornalfatosenoticias.com.br\/wp-content\/uploads\/2023\/08\/BKR-300x300.jpg 300w, https:\/\/jornalfatosenoticias.com.br\/wp-content\/uploads\/2023\/08\/BKR-150x150.jpg 150w, https:\/\/jornalfatosenoticias.com.br\/wp-content\/uploads\/2023\/08\/BKR-768x766.jpg 768w, https:\/\/jornalfatosenoticias.com.br\/wp-content\/uploads\/2023\/08\/BKR.jpg 1080w\" sizes=\"auto, (max-width: 310px) 100vw, 310px\" \/><\/figure><\/div>\n\n\n\n<p>Essas organiza\u00e7\u00f5es tamb\u00e9m acusam El Salvador de violar os padr\u00f5es de encarceramento estabelecidos pela ONU em 2005, conhecidos como Regras M\u00ednimas para o Tratamento de Detentos. <strong>(Conex\u00e3o Pol\u00edtica)<\/strong><\/p>\n\n\n\n<hr class=\"wp-block-separator\"\/>\n","protected":false},"excerpt":{"rendered":"<p>A Pol\u00edcia Federal concluiu que o ministro das Comunica\u00e7\u00f5es, Juscelino Filho (Uni\u00e3o Brasil-MA), integra uma organiza\u00e7\u00e3o criminosa e cometeu corrup\u00e7\u00e3o passiva em desvios de recursos destinados a obras de pavimenta\u00e7\u00e3o financiadas pela Codevasf, segundo informa\u00e7\u00f5es da Folha de S.Paulo. Juscelino Filho foi indiciado sob suspeita de organiza\u00e7\u00e3o criminosa, lavagem de dinheiro e corrup\u00e7\u00e3o passiva. At\u00e9 [&hellip;]<\/p>\n","protected":false},"author":3,"featured_media":51969,"comment_status":"open","ping_status":"open","sticky":false,"template":"","format":"standard","meta":{"footnotes":""},"categories":[10],"tags":[3646,23779,23778,20904,20536,7580,23780,23782,23781,20905,19846,4684],"class_list":["post-51960","post","type-post","status-publish","format-standard","has-post-thumbnail","hentry","category-politica","tag-arroz","tag-blogs-lulistas","tag-cecot","tag-el-salvador","tag-gangues","tag-lula","tag-megapresidio","tag-milicias-de-lula","tag-milicias-digitais","tag-nayib-bukele","tag-papa-francisco","tag-rio-grande-do-sul"],"yoast_head":"<!-- This site is optimized with the Yoast SEO plugin v26.5 - https:\/\/yoast.com\/wordpress\/plugins\/seo\/ -->\n<title>A Semana no Brasil e no Mundo \u2014 Pol\u00edcia Federal indicia ministro das Comunica\u00e7\u00f5es por corrup\u00e7\u00e3o em obras da Codevasf - Jornal Fatos e Not\u00edcias<\/title>\n<meta name=\"robots\" content=\"index, follow, max-snippet:-1, max-image-preview:large, max-video-preview:-1\" \/>\n<link rel=\"canonical\" href=\"https:\/\/jornalfatosenoticias.com.br\/index.php\/2024\/06\/13\/a-semana-no-brasil-e-no-mundo-policia-federal-indicia-ministro-das-comunicacoes-por-corrupcao-em-obras-da-codevasf\/\" \/>\n<meta property=\"og:locale\" content=\"pt_BR\" \/>\n<meta property=\"og:type\" content=\"article\" \/>\n<meta property=\"og:title\" content=\"A Semana no Brasil e no Mundo \u2014 Pol\u00edcia Federal indicia ministro das Comunica\u00e7\u00f5es por corrup\u00e7\u00e3o em obras da Codevasf - Jornal Fatos e Not\u00edcias\" \/>\n<meta property=\"og:description\" content=\"A Pol\u00edcia Federal concluiu que o ministro das Comunica\u00e7\u00f5es, Juscelino Filho (Uni\u00e3o Brasil-MA), integra uma organiza\u00e7\u00e3o criminosa e cometeu corrup\u00e7\u00e3o passiva em desvios de recursos destinados a obras de pavimenta\u00e7\u00e3o financiadas pela Codevasf, segundo informa\u00e7\u00f5es da Folha de S.Paulo. Juscelino Filho foi indiciado sob suspeita de organiza\u00e7\u00e3o criminosa, lavagem de dinheiro e corrup\u00e7\u00e3o passiva. At\u00e9 [&hellip;]\" \/>\n<meta property=\"og:url\" content=\"https:\/\/jornalfatosenoticias.com.br\/index.php\/2024\/06\/13\/a-semana-no-brasil-e-no-mundo-policia-federal-indicia-ministro-das-comunicacoes-por-corrupcao-em-obras-da-codevasf\/\" \/>\n<meta property=\"og:site_name\" content=\"Jornal Fatos e Not\u00edcias\" \/>\n<meta property=\"article:published_time\" content=\"2024-06-13T19:50:23+00:00\" \/>\n<meta property=\"article:modified_time\" content=\"2024-06-13T19:50:59+00:00\" \/>\n<meta property=\"og:image\" content=\"https:\/\/jornalfatosenoticias.com.br\/wp-content\/uploads\/2024\/06\/lula-e-juscelino.jpg\" \/>\n\t<meta property=\"og:image:width\" content=\"780\" \/>\n\t<meta property=\"og:image:height\" content=\"470\" \/>\n\t<meta property=\"og:image:type\" content=\"image\/jpeg\" \/>\n<meta name=\"author\" content=\"Haroldo Filho\" \/>\n<meta name=\"twitter:card\" content=\"summary_large_image\" \/>\n<meta name=\"twitter:label1\" content=\"Escrito por\" \/>\n\t<meta name=\"twitter:data1\" content=\"Haroldo Filho\" \/>\n\t<meta name=\"twitter:label2\" content=\"Est. tempo de leitura\" \/>\n\t<meta name=\"twitter:data2\" content=\"13 minutos\" \/>\n<script type=\"application\/ld+json\" class=\"yoast-schema-graph\">{\"@context\":\"https:\/\/schema.org\",\"@graph\":[{\"@type\":\"Article\",\"@id\":\"https:\/\/jornalfatosenoticias.com.br\/index.php\/2024\/06\/13\/a-semana-no-brasil-e-no-mundo-policia-federal-indicia-ministro-das-comunicacoes-por-corrupcao-em-obras-da-codevasf\/#article\",\"isPartOf\":{\"@id\":\"https:\/\/jornalfatosenoticias.com.br\/index.php\/2024\/06\/13\/a-semana-no-brasil-e-no-mundo-policia-federal-indicia-ministro-das-comunicacoes-por-corrupcao-em-obras-da-codevasf\/\"},\"author\":{\"name\":\"Haroldo Filho\",\"@id\":\"https:\/\/jornalfatosenoticias.com.br\/#\/schema\/person\/05c46cc25b42a5c27e004fb0fa6b4965\"},\"headline\":\"A Semana no Brasil e no Mundo \u2014 Pol\u00edcia Federal indicia ministro das Comunica\u00e7\u00f5es por corrup\u00e7\u00e3o em obras da Codevasf\",\"datePublished\":\"2024-06-13T19:50:23+00:00\",\"dateModified\":\"2024-06-13T19:50:59+00:00\",\"mainEntityOfPage\":{\"@id\":\"https:\/\/jornalfatosenoticias.com.br\/index.php\/2024\/06\/13\/a-semana-no-brasil-e-no-mundo-policia-federal-indicia-ministro-das-comunicacoes-por-corrupcao-em-obras-da-codevasf\/\"},\"wordCount\":2639,\"commentCount\":0,\"publisher\":{\"@id\":\"https:\/\/jornalfatosenoticias.com.br\/#organization\"},\"image\":{\"@id\":\"https:\/\/jornalfatosenoticias.com.br\/index.php\/2024\/06\/13\/a-semana-no-brasil-e-no-mundo-policia-federal-indicia-ministro-das-comunicacoes-por-corrupcao-em-obras-da-codevasf\/#primaryimage\"},\"thumbnailUrl\":\"https:\/\/jornalfatosenoticias.com.br\/wp-content\/uploads\/2024\/06\/lula-e-juscelino.jpg\",\"keywords\":[\"arroz\",\"blogs lulistas\",\"Cecot\",\"El Salvador\",\"gangues\",\"Lula\",\"megapres\u00eddio\",\"mil\u00edcias de Lula\",\"mil\u00edcias digitais\",\"Nayib Bukele\",\"papa Francisco\",\"Rio Grande do Sul\"],\"articleSection\":[\"Pol\u00edtica\"],\"inLanguage\":\"pt-BR\",\"potentialAction\":[{\"@type\":\"CommentAction\",\"name\":\"Comment\",\"target\":[\"https:\/\/jornalfatosenoticias.com.br\/index.php\/2024\/06\/13\/a-semana-no-brasil-e-no-mundo-policia-federal-indicia-ministro-das-comunicacoes-por-corrupcao-em-obras-da-codevasf\/#respond\"]}]},{\"@type\":\"WebPage\",\"@id\":\"https:\/\/jornalfatosenoticias.com.br\/index.php\/2024\/06\/13\/a-semana-no-brasil-e-no-mundo-policia-federal-indicia-ministro-das-comunicacoes-por-corrupcao-em-obras-da-codevasf\/\",\"url\":\"https:\/\/jornalfatosenoticias.com.br\/index.php\/2024\/06\/13\/a-semana-no-brasil-e-no-mundo-policia-federal-indicia-ministro-das-comunicacoes-por-corrupcao-em-obras-da-codevasf\/\",\"name\":\"A Semana no Brasil e no Mundo \u2014 Pol\u00edcia Federal indicia ministro das Comunica\u00e7\u00f5es por corrup\u00e7\u00e3o em obras da Codevasf - Jornal Fatos e Not\u00edcias\",\"isPartOf\":{\"@id\":\"https:\/\/jornalfatosenoticias.com.br\/#website\"},\"primaryImageOfPage\":{\"@id\":\"https:\/\/jornalfatosenoticias.com.br\/index.php\/2024\/06\/13\/a-semana-no-brasil-e-no-mundo-policia-federal-indicia-ministro-das-comunicacoes-por-corrupcao-em-obras-da-codevasf\/#primaryimage\"},\"image\":{\"@id\":\"https:\/\/jornalfatosenoticias.com.br\/index.php\/2024\/06\/13\/a-semana-no-brasil-e-no-mundo-policia-federal-indicia-ministro-das-comunicacoes-por-corrupcao-em-obras-da-codevasf\/#primaryimage\"},\"thumbnailUrl\":\"https:\/\/jornalfatosenoticias.com.br\/wp-content\/uploads\/2024\/06\/lula-e-juscelino.jpg\",\"datePublished\":\"2024-06-13T19:50:23+00:00\",\"dateModified\":\"2024-06-13T19:50:59+00:00\",\"breadcrumb\":{\"@id\":\"https:\/\/jornalfatosenoticias.com.br\/index.php\/2024\/06\/13\/a-semana-no-brasil-e-no-mundo-policia-federal-indicia-ministro-das-comunicacoes-por-corrupcao-em-obras-da-codevasf\/#breadcrumb\"},\"inLanguage\":\"pt-BR\",\"potentialAction\":[{\"@type\":\"ReadAction\",\"target\":[\"https:\/\/jornalfatosenoticias.com.br\/index.php\/2024\/06\/13\/a-semana-no-brasil-e-no-mundo-policia-federal-indicia-ministro-das-comunicacoes-por-corrupcao-em-obras-da-codevasf\/\"]}]},{\"@type\":\"ImageObject\",\"inLanguage\":\"pt-BR\",\"@id\":\"https:\/\/jornalfatosenoticias.com.br\/index.php\/2024\/06\/13\/a-semana-no-brasil-e-no-mundo-policia-federal-indicia-ministro-das-comunicacoes-por-corrupcao-em-obras-da-codevasf\/#primaryimage\",\"url\":\"https:\/\/jornalfatosenoticias.com.br\/wp-content\/uploads\/2024\/06\/lula-e-juscelino.jpg\",\"contentUrl\":\"https:\/\/jornalfatosenoticias.com.br\/wp-content\/uploads\/2024\/06\/lula-e-juscelino.jpg\",\"width\":780,\"height\":470},{\"@type\":\"BreadcrumbList\",\"@id\":\"https:\/\/jornalfatosenoticias.com.br\/index.php\/2024\/06\/13\/a-semana-no-brasil-e-no-mundo-policia-federal-indicia-ministro-das-comunicacoes-por-corrupcao-em-obras-da-codevasf\/#breadcrumb\",\"itemListElement\":[{\"@type\":\"ListItem\",\"position\":1,\"name\":\"In\u00edcio\",\"item\":\"https:\/\/jornalfatosenoticias.com.br\/\"},{\"@type\":\"ListItem\",\"position\":2,\"name\":\"A Semana no Brasil e no Mundo \u2014 Pol\u00edcia Federal indicia ministro das Comunica\u00e7\u00f5es por corrup\u00e7\u00e3o em obras da Codevasf\"}]},{\"@type\":\"WebSite\",\"@id\":\"https:\/\/jornalfatosenoticias.com.br\/#website\",\"url\":\"https:\/\/jornalfatosenoticias.com.br\/\",\"name\":\"Jornal Fatos e Not\u00edcias\",\"description\":\"Not\u00edcias em geral\",\"publisher\":{\"@id\":\"https:\/\/jornalfatosenoticias.com.br\/#organization\"},\"potentialAction\":[{\"@type\":\"SearchAction\",\"target\":{\"@type\":\"EntryPoint\",\"urlTemplate\":\"https:\/\/jornalfatosenoticias.com.br\/?s={search_term_string}\"},\"query-input\":{\"@type\":\"PropertyValueSpecification\",\"valueRequired\":true,\"valueName\":\"search_term_string\"}}],\"inLanguage\":\"pt-BR\"},{\"@type\":\"Organization\",\"@id\":\"https:\/\/jornalfatosenoticias.com.br\/#organization\",\"name\":\"Jornal Fatos e Not\u00edcias\",\"url\":\"https:\/\/jornalfatosenoticias.com.br\/\",\"logo\":{\"@type\":\"ImageObject\",\"inLanguage\":\"pt-BR\",\"@id\":\"https:\/\/jornalfatosenoticias.com.br\/#\/schema\/logo\/image\/\",\"url\":\"https:\/\/jornalfatosenoticias.com.br\/wp-content\/uploads\/2020\/02\/logo120.png\",\"contentUrl\":\"https:\/\/jornalfatosenoticias.com.br\/wp-content\/uploads\/2020\/02\/logo120.png\",\"width\":1227,\"height\":120,\"caption\":\"Jornal Fatos e Not\u00edcias\"},\"image\":{\"@id\":\"https:\/\/jornalfatosenoticias.com.br\/#\/schema\/logo\/image\/\"}},{\"@type\":\"Person\",\"@id\":\"https:\/\/jornalfatosenoticias.com.br\/#\/schema\/person\/05c46cc25b42a5c27e004fb0fa6b4965\",\"name\":\"Haroldo Filho\",\"image\":{\"@type\":\"ImageObject\",\"inLanguage\":\"pt-BR\",\"@id\":\"https:\/\/jornalfatosenoticias.com.br\/#\/schema\/person\/image\/\",\"url\":\"https:\/\/jornalfatosenoticias.com.br\/wp-content\/uploads\/2025\/08\/WhatsApp-Image-2025-08-18-at-15.30.28-150x150.jpeg\",\"contentUrl\":\"https:\/\/jornalfatosenoticias.com.br\/wp-content\/uploads\/2025\/08\/WhatsApp-Image-2025-08-18-at-15.30.28-150x150.jpeg\",\"caption\":\"Haroldo Filho\"},\"description\":\"Jornalista \u2013 DRT: 0003818\/ES Coordenador-geral da ONG Educar para Crescer\",\"url\":\"https:\/\/jornalfatosenoticias.com.br\/index.php\/author\/haroldo\/\"}]}<\/script>\n<!-- \/ Yoast SEO plugin. -->","yoast_head_json":{"title":"A Semana no Brasil e no Mundo \u2014 Pol\u00edcia Federal indicia ministro das Comunica\u00e7\u00f5es por corrup\u00e7\u00e3o em obras da Codevasf - Jornal Fatos e Not\u00edcias","robots":{"index":"index","follow":"follow","max-snippet":"max-snippet:-1","max-image-preview":"max-image-preview:large","max-video-preview":"max-video-preview:-1"},"canonical":"https:\/\/jornalfatosenoticias.com.br\/index.php\/2024\/06\/13\/a-semana-no-brasil-e-no-mundo-policia-federal-indicia-ministro-das-comunicacoes-por-corrupcao-em-obras-da-codevasf\/","og_locale":"pt_BR","og_type":"article","og_title":"A Semana no Brasil e no Mundo \u2014 Pol\u00edcia Federal indicia ministro das Comunica\u00e7\u00f5es por corrup\u00e7\u00e3o em obras da Codevasf - Jornal Fatos e Not\u00edcias","og_description":"A Pol\u00edcia Federal concluiu que o ministro das Comunica\u00e7\u00f5es, Juscelino Filho (Uni\u00e3o Brasil-MA), integra uma organiza\u00e7\u00e3o criminosa e cometeu corrup\u00e7\u00e3o passiva em desvios de recursos destinados a obras de pavimenta\u00e7\u00e3o financiadas pela Codevasf, segundo informa\u00e7\u00f5es da Folha de S.Paulo. Juscelino Filho foi indiciado sob suspeita de organiza\u00e7\u00e3o criminosa, lavagem de dinheiro e corrup\u00e7\u00e3o passiva. At\u00e9 [&hellip;]","og_url":"https:\/\/jornalfatosenoticias.com.br\/index.php\/2024\/06\/13\/a-semana-no-brasil-e-no-mundo-policia-federal-indicia-ministro-das-comunicacoes-por-corrupcao-em-obras-da-codevasf\/","og_site_name":"Jornal Fatos e Not\u00edcias","article_published_time":"2024-06-13T19:50:23+00:00","article_modified_time":"2024-06-13T19:50:59+00:00","og_image":[{"width":780,"height":470,"url":"https:\/\/jornalfatosenoticias.com.br\/wp-content\/uploads\/2024\/06\/lula-e-juscelino.jpg","type":"image\/jpeg"}],"author":"Haroldo Filho","twitter_card":"summary_large_image","twitter_misc":{"Escrito por":"Haroldo Filho","Est. tempo de leitura":"13 minutos"},"schema":{"@context":"https:\/\/schema.org","@graph":[{"@type":"Article","@id":"https:\/\/jornalfatosenoticias.com.br\/index.php\/2024\/06\/13\/a-semana-no-brasil-e-no-mundo-policia-federal-indicia-ministro-das-comunicacoes-por-corrupcao-em-obras-da-codevasf\/#article","isPartOf":{"@id":"https:\/\/jornalfatosenoticias.com.br\/index.php\/2024\/06\/13\/a-semana-no-brasil-e-no-mundo-policia-federal-indicia-ministro-das-comunicacoes-por-corrupcao-em-obras-da-codevasf\/"},"author":{"name":"Haroldo Filho","@id":"https:\/\/jornalfatosenoticias.com.br\/#\/schema\/person\/05c46cc25b42a5c27e004fb0fa6b4965"},"headline":"A Semana no Brasil e no Mundo \u2014 Pol\u00edcia Federal indicia ministro das Comunica\u00e7\u00f5es por corrup\u00e7\u00e3o em obras da Codevasf","datePublished":"2024-06-13T19:50:23+00:00","dateModified":"2024-06-13T19:50:59+00:00","mainEntityOfPage":{"@id":"https:\/\/jornalfatosenoticias.com.br\/index.php\/2024\/06\/13\/a-semana-no-brasil-e-no-mundo-policia-federal-indicia-ministro-das-comunicacoes-por-corrupcao-em-obras-da-codevasf\/"},"wordCount":2639,"commentCount":0,"publisher":{"@id":"https:\/\/jornalfatosenoticias.com.br\/#organization"},"image":{"@id":"https:\/\/jornalfatosenoticias.com.br\/index.php\/2024\/06\/13\/a-semana-no-brasil-e-no-mundo-policia-federal-indicia-ministro-das-comunicacoes-por-corrupcao-em-obras-da-codevasf\/#primaryimage"},"thumbnailUrl":"https:\/\/jornalfatosenoticias.com.br\/wp-content\/uploads\/2024\/06\/lula-e-juscelino.jpg","keywords":["arroz","blogs lulistas","Cecot","El Salvador","gangues","Lula","megapres\u00eddio","mil\u00edcias de Lula","mil\u00edcias digitais","Nayib Bukele","papa Francisco","Rio Grande do Sul"],"articleSection":["Pol\u00edtica"],"inLanguage":"pt-BR","potentialAction":[{"@type":"CommentAction","name":"Comment","target":["https:\/\/jornalfatosenoticias.com.br\/index.php\/2024\/06\/13\/a-semana-no-brasil-e-no-mundo-policia-federal-indicia-ministro-das-comunicacoes-por-corrupcao-em-obras-da-codevasf\/#respond"]}]},{"@type":"WebPage","@id":"https:\/\/jornalfatosenoticias.com.br\/index.php\/2024\/06\/13\/a-semana-no-brasil-e-no-mundo-policia-federal-indicia-ministro-das-comunicacoes-por-corrupcao-em-obras-da-codevasf\/","url":"https:\/\/jornalfatosenoticias.com.br\/index.php\/2024\/06\/13\/a-semana-no-brasil-e-no-mundo-policia-federal-indicia-ministro-das-comunicacoes-por-corrupcao-em-obras-da-codevasf\/","name":"A Semana no Brasil e no Mundo \u2014 Pol\u00edcia Federal indicia ministro das Comunica\u00e7\u00f5es por corrup\u00e7\u00e3o em obras da Codevasf - Jornal Fatos e Not\u00edcias","isPartOf":{"@id":"https:\/\/jornalfatosenoticias.com.br\/#website"},"primaryImageOfPage":{"@id":"https:\/\/jornalfatosenoticias.com.br\/index.php\/2024\/06\/13\/a-semana-no-brasil-e-no-mundo-policia-federal-indicia-ministro-das-comunicacoes-por-corrupcao-em-obras-da-codevasf\/#primaryimage"},"image":{"@id":"https:\/\/jornalfatosenoticias.com.br\/index.php\/2024\/06\/13\/a-semana-no-brasil-e-no-mundo-policia-federal-indicia-ministro-das-comunicacoes-por-corrupcao-em-obras-da-codevasf\/#primaryimage"},"thumbnailUrl":"https:\/\/jornalfatosenoticias.com.br\/wp-content\/uploads\/2024\/06\/lula-e-juscelino.jpg","datePublished":"2024-06-13T19:50:23+00:00","dateModified":"2024-06-13T19:50:59+00:00","breadcrumb":{"@id":"https:\/\/jornalfatosenoticias.com.br\/index.php\/2024\/06\/13\/a-semana-no-brasil-e-no-mundo-policia-federal-indicia-ministro-das-comunicacoes-por-corrupcao-em-obras-da-codevasf\/#breadcrumb"},"inLanguage":"pt-BR","potentialAction":[{"@type":"ReadAction","target":["https:\/\/jornalfatosenoticias.com.br\/index.php\/2024\/06\/13\/a-semana-no-brasil-e-no-mundo-policia-federal-indicia-ministro-das-comunicacoes-por-corrupcao-em-obras-da-codevasf\/"]}]},{"@type":"ImageObject","inLanguage":"pt-BR","@id":"https:\/\/jornalfatosenoticias.com.br\/index.php\/2024\/06\/13\/a-semana-no-brasil-e-no-mundo-policia-federal-indicia-ministro-das-comunicacoes-por-corrupcao-em-obras-da-codevasf\/#primaryimage","url":"https:\/\/jornalfatosenoticias.com.br\/wp-content\/uploads\/2024\/06\/lula-e-juscelino.jpg","contentUrl":"https:\/\/jornalfatosenoticias.com.br\/wp-content\/uploads\/2024\/06\/lula-e-juscelino.jpg","width":780,"height":470},{"@type":"BreadcrumbList","@id":"https:\/\/jornalfatosenoticias.com.br\/index.php\/2024\/06\/13\/a-semana-no-brasil-e-no-mundo-policia-federal-indicia-ministro-das-comunicacoes-por-corrupcao-em-obras-da-codevasf\/#breadcrumb","itemListElement":[{"@type":"ListItem","position":1,"name":"In\u00edcio","item":"https:\/\/jornalfatosenoticias.com.br\/"},{"@type":"ListItem","position":2,"name":"A Semana no Brasil e no Mundo \u2014 Pol\u00edcia Federal indicia ministro das Comunica\u00e7\u00f5es por corrup\u00e7\u00e3o em obras da Codevasf"}]},{"@type":"WebSite","@id":"https:\/\/jornalfatosenoticias.com.br\/#website","url":"https:\/\/jornalfatosenoticias.com.br\/","name":"Jornal Fatos e Not\u00edcias","description":"Not\u00edcias em geral","publisher":{"@id":"https:\/\/jornalfatosenoticias.com.br\/#organization"},"potentialAction":[{"@type":"SearchAction","target":{"@type":"EntryPoint","urlTemplate":"https:\/\/jornalfatosenoticias.com.br\/?s={search_term_string}"},"query-input":{"@type":"PropertyValueSpecification","valueRequired":true,"valueName":"search_term_string"}}],"inLanguage":"pt-BR"},{"@type":"Organization","@id":"https:\/\/jornalfatosenoticias.com.br\/#organization","name":"Jornal Fatos e Not\u00edcias","url":"https:\/\/jornalfatosenoticias.com.br\/","logo":{"@type":"ImageObject","inLanguage":"pt-BR","@id":"https:\/\/jornalfatosenoticias.com.br\/#\/schema\/logo\/image\/","url":"https:\/\/jornalfatosenoticias.com.br\/wp-content\/uploads\/2020\/02\/logo120.png","contentUrl":"https:\/\/jornalfatosenoticias.com.br\/wp-content\/uploads\/2020\/02\/logo120.png","width":1227,"height":120,"caption":"Jornal Fatos e Not\u00edcias"},"image":{"@id":"https:\/\/jornalfatosenoticias.com.br\/#\/schema\/logo\/image\/"}},{"@type":"Person","@id":"https:\/\/jornalfatosenoticias.com.br\/#\/schema\/person\/05c46cc25b42a5c27e004fb0fa6b4965","name":"Haroldo Filho","image":{"@type":"ImageObject","inLanguage":"pt-BR","@id":"https:\/\/jornalfatosenoticias.com.br\/#\/schema\/person\/image\/","url":"https:\/\/jornalfatosenoticias.com.br\/wp-content\/uploads\/2025\/08\/WhatsApp-Image-2025-08-18-at-15.30.28-150x150.jpeg","contentUrl":"https:\/\/jornalfatosenoticias.com.br\/wp-content\/uploads\/2025\/08\/WhatsApp-Image-2025-08-18-at-15.30.28-150x150.jpeg","caption":"Haroldo Filho"},"description":"Jornalista \u2013 DRT: 0003818\/ES Coordenador-geral da ONG Educar para Crescer","url":"https:\/\/jornalfatosenoticias.com.br\/index.php\/author\/haroldo\/"}]}},"cc_featured_image_caption":{"caption_text":"(Foto: Reprodu\u00e7\u00e3o\/Di\u00e1rio do Poder) ","source_text":"","source_url":""},"jetpack_featured_media_url":"https:\/\/jornalfatosenoticias.com.br\/wp-content\/uploads\/2024\/06\/lula-e-juscelino.jpg","_links":{"self":[{"href":"https:\/\/jornalfatosenoticias.com.br\/index.php\/wp-json\/wp\/v2\/posts\/51960","targetHints":{"allow":["GET"]}}],"collection":[{"href":"https:\/\/jornalfatosenoticias.com.br\/index.php\/wp-json\/wp\/v2\/posts"}],"about":[{"href":"https:\/\/jornalfatosenoticias.com.br\/index.php\/wp-json\/wp\/v2\/types\/post"}],"author":[{"embeddable":true,"href":"https:\/\/jornalfatosenoticias.com.br\/index.php\/wp-json\/wp\/v2\/users\/3"}],"replies":[{"embeddable":true,"href":"https:\/\/jornalfatosenoticias.com.br\/index.php\/wp-json\/wp\/v2\/comments?post=51960"}],"version-history":[{"count":0,"href":"https:\/\/jornalfatosenoticias.com.br\/index.php\/wp-json\/wp\/v2\/posts\/51960\/revisions"}],"wp:featuredmedia":[{"embeddable":true,"href":"https:\/\/jornalfatosenoticias.com.br\/index.php\/wp-json\/wp\/v2\/media\/51969"}],"wp:attachment":[{"href":"https:\/\/jornalfatosenoticias.com.br\/index.php\/wp-json\/wp\/v2\/media?parent=51960"}],"wp:term":[{"taxonomy":"category","embeddable":true,"href":"https:\/\/jornalfatosenoticias.com.br\/index.php\/wp-json\/wp\/v2\/categories?post=51960"},{"taxonomy":"post_tag","embeddable":true,"href":"https:\/\/jornalfatosenoticias.com.br\/index.php\/wp-json\/wp\/v2\/tags?post=51960"}],"curies":[{"name":"wp","href":"https:\/\/api.w.org\/{rel}","templated":true}]}}