{"id":51981,"date":"2024-06-14T09:26:18","date_gmt":"2024-06-14T12:26:18","guid":{"rendered":"https:\/\/jornalfatosenoticias.com.br\/?p=51981"},"modified":"2024-06-14T09:26:20","modified_gmt":"2024-06-14T12:26:20","slug":"estado-de-sp-cria-prova-de-recuperacao-semestral-obrigatoria-para-alunos-com-nota-baixa","status":"publish","type":"post","link":"https:\/\/jornalfatosenoticias.com.br\/index.php\/2024\/06\/14\/estado-de-sp-cria-prova-de-recuperacao-semestral-obrigatoria-para-alunos-com-nota-baixa\/","title":{"rendered":"Estado de SP cria prova de recupera\u00e7\u00e3o semestral obrigat\u00f3ria para alunos com nota baixa"},"content":{"rendered":"\n<p><em><span class=\"has-inline-color has-black-color\">Proposta \u00e9 voltada para estudantes do ensino fundamental e do ensino m\u00e9dio; primeira prova de recupera\u00e7\u00e3o ser\u00e1 aplicada em 5 de agosto<\/span><\/em><\/p>\n\n\n\n<p><span class=\"has-inline-color has-black-color\">Por <strong>Marcela Coelho<\/strong><\/span><\/p>\n\n\n\n<div class=\"wp-block-image\"><figure class=\"aligncenter size-large\"><img loading=\"lazy\" decoding=\"async\" width=\"729\" height=\"90\" src=\"https:\/\/jornalfatosenoticias.com.br\/wp-content\/uploads\/2020\/02\/Logo_Mizu.png\" alt=\"\" class=\"wp-image-1441\" srcset=\"https:\/\/jornalfatosenoticias.com.br\/wp-content\/uploads\/2020\/02\/Logo_Mizu.png 729w, https:\/\/jornalfatosenoticias.com.br\/wp-content\/uploads\/2020\/02\/Logo_Mizu-300x37.png 300w\" sizes=\"auto, (max-width: 729px) 100vw, 729px\" \/><\/figure><\/div>\n\n\n\n<p>A rede estadual de ensino de S\u00e3o Paulo criou uma prova de recupera\u00e7\u00e3o semestral para alunos que tiverem baixo rendimento. A <a href=\"https:\/\/doe.sp.gov.br\/executivo\/secretaria-da-educacao\/resolucao-seduc-n-42-de-5-de-junho-de-2024-2024060511221220360362\" target=\"_blank\" rel=\"noreferrer noopener\">resolu\u00e7\u00e3o que criou a medida<\/a> foi publicada no Di\u00e1rio Oficial e a proposta j\u00e1 come\u00e7a a valer a partir deste ano. O refor\u00e7o ser\u00e1 voltado para alunos do 5\u00ba ao 9\u00ba ano do ensino fundamental e das tr\u00eas s\u00e9ries do ensino m\u00e9dio.<br>Os estudantes que obtiverem m\u00e9dia dos dois bimestres anteriores abaixo de 5 em quaisquer disciplinas dever\u00e3o obrigatoriamente fazer a prova de recupera\u00e7\u00e3o do semestre. A nova nota substituir\u00e1 a menor entre os dois bimestres anteriores. Antes, a recupera\u00e7\u00e3o s\u00f3 era feita ap\u00f3s o fim do ano letivo. <\/p>\n\n\n\n<div class=\"wp-block-image\"><figure class=\"aligncenter size-large\"><img loading=\"lazy\" decoding=\"async\" width=\"300\" height=\"250\" src=\"https:\/\/jornalfatosenoticias.com.br\/wp-content\/uploads\/2020\/02\/Banner-2.png\" alt=\"\" class=\"wp-image-43787\"\/><\/figure><\/div>\n\n\n\n<p>A nova proposta de recupera\u00e7\u00e3o prev\u00ea que, por at\u00e9 duas semanas, todos os alunos ter\u00e3o aulas focadas em conte\u00fados que tiveram mais dificuldade na Prova Paulista, que \u00e9 a avalia\u00e7\u00e3o bimestral da Secretaria da Educa\u00e7\u00e3o do Estado de S\u00e3o Paulo (Seduc-SP). Ao final desse per\u00edodo, no entanto, somente os estudantes que tiveram m\u00e9dia abaixo de cinco nos dois \u00faltimos bimestres far\u00e3o a prova.<\/p>\n\n\n\n<div class=\"wp-block-image\"><figure class=\"aligncenter size-large is-resized\"><img loading=\"lazy\" decoding=\"async\" src=\"https:\/\/jornalfatosenoticias.com.br\/wp-content\/uploads\/2020\/02\/logo-Rapuzel-1024x571.jpg\" alt=\"\" class=\"wp-image-42808\" width=\"359\" height=\"200\" srcset=\"https:\/\/jornalfatosenoticias.com.br\/wp-content\/uploads\/2020\/02\/logo-Rapuzel-1024x571.jpg 1024w, https:\/\/jornalfatosenoticias.com.br\/wp-content\/uploads\/2020\/02\/logo-Rapuzel-300x167.jpg 300w, https:\/\/jornalfatosenoticias.com.br\/wp-content\/uploads\/2020\/02\/logo-Rapuzel-768x428.jpg 768w, https:\/\/jornalfatosenoticias.com.br\/wp-content\/uploads\/2020\/02\/logo-Rapuzel-1536x856.jpg 1536w, https:\/\/jornalfatosenoticias.com.br\/wp-content\/uploads\/2020\/02\/logo-Rapuzel.jpg 1600w\" sizes=\"auto, (max-width: 359px) 100vw, 359px\" \/><\/figure><\/div>\n\n\n\n<p>Segundo a secretaria, o per\u00edodo de revis\u00e3o dos conte\u00fados acontecer\u00e1 entre 1\u00ba e 5 de julho, \u00faltima semana antes das f\u00e9rias do meio do ano, e depois entre 29 de julho a 2 de agosto. J\u00e1 a primeira prova de recupera\u00e7\u00e3o ser\u00e1 aplicada no dia 5 de agosto.<\/p>\n\n\n\n<div class=\"wp-block-image\"><figure class=\"aligncenter size-large is-resized\"><img loading=\"lazy\" decoding=\"async\" src=\"https:\/\/jornalfatosenoticias.com.br\/wp-content\/uploads\/2022\/02\/Precisao-Contabilidade-1024x724.jpg\" alt=\"\" class=\"wp-image-28088\" width=\"359\" height=\"254\"\/><\/figure><\/div>\n\n\n\n<blockquote class=\"wp-block-quote is-layout-flow wp-block-quote-is-layout-flow\"><p><span class=\"has-inline-color has-luminous-vivid-orange-color\">O objetivo dessas a\u00e7\u00f5es \u00e9 que os alunos tenham um diagn\u00f3stico r\u00e1pido das suas dificuldades e que os professores estabele\u00e7am, com todo o apoio da Seduc-SP, um conjunto de atividades para que os estudantes se recuperem e possam seguir o ano letivo mais apropriados dos conte\u00fados das mat\u00e9rias&#8221;, disse o secret\u00e1rio da Educa\u00e7\u00e3o, Renato Feder.<\/span><\/p><\/blockquote>\n\n\n\n<div class=\"wp-block-image\"><figure class=\"aligncenter size-large is-resized\"><img loading=\"lazy\" decoding=\"async\" src=\"https:\/\/jornalfatosenoticias.com.br\/wp-content\/uploads\/2023\/03\/logo-Panper_portal.jpg\" alt=\"\" class=\"wp-image-40208\" width=\"342\" height=\"237\" srcset=\"https:\/\/jornalfatosenoticias.com.br\/wp-content\/uploads\/2023\/03\/logo-Panper_portal.jpg 400w, https:\/\/jornalfatosenoticias.com.br\/wp-content\/uploads\/2023\/03\/logo-Panper_portal-300x208.jpg 300w\" sizes=\"auto, (max-width: 342px) 100vw, 342px\" \/><\/figure><\/div>\n\n\n\n<p><strong><span class=\"has-inline-color has-black-color\">Professor tutor e aluno monitor<br><\/span><\/strong>A resolu\u00e7\u00e3o tamb\u00e9m estabelece a cria\u00e7\u00e3o de um professor-tutor para alunos de 1\u00ba e 3\u00ba anos do Ensino Fundamental, que \u00e9 o ciclo de alfabetiza\u00e7\u00e3o. O professor tutor ser\u00e1 um segundo docente em sala de aula para ajudar estudantes com defasagens. Esse profissional estar\u00e1 presente tr\u00eas vezes por semana, sendo duas nas aulas de portugu\u00eas e uma na de matem\u00e1tica.<\/p>\n\n\n\n<div class=\"wp-block-image\"><figure class=\"aligncenter size-large is-resized\"><img loading=\"lazy\" decoding=\"async\" src=\"https:\/\/jornalfatosenoticias.com.br\/wp-content\/uploads\/2023\/03\/nova-logo-Marquetti.jpg\" alt=\"\" class=\"wp-image-40207\" width=\"357\" height=\"240\" srcset=\"https:\/\/jornalfatosenoticias.com.br\/wp-content\/uploads\/2023\/03\/nova-logo-Marquetti.jpg 643w, https:\/\/jornalfatosenoticias.com.br\/wp-content\/uploads\/2023\/03\/nova-logo-Marquetti-300x202.jpg 300w\" sizes=\"auto, (max-width: 357px) 100vw, 357px\" \/><\/figure><\/div>\n\n\n\n<p>Escolas com mais de 20% dos alunos do 2\u00ba ano no n\u00edvel pr\u00e9-leitor dever\u00e3o receber obrigatoriamente um professor tutor. Todas as outras escolas de anos iniciais tamb\u00e9m poder\u00e3o aderir. De acordo com a pasta, essa a\u00e7\u00e3o tem um custo estimado de R$ 82 milh\u00f5es por ano.<\/p>\n\n\n\n<div class=\"wp-block-image\"><figure class=\"aligncenter size-large is-resized\"><img loading=\"lazy\" decoding=\"async\" src=\"https:\/\/jornalfatosenoticias.com.br\/wp-content\/uploads\/2020\/02\/logo_esteio.jpg\" alt=\"\" class=\"wp-image-1214\" width=\"327\" height=\"273\"\/><\/figure><\/div>\n\n\n\n<p>No ano que vem, durante o per\u00edodo de recupera\u00e7\u00e3o e aprofundamento das aprendizagens, as turmas do ensino m\u00e9dio ainda poder\u00e3o ter alunos monitores, sob acompanhamento de um professor, para ajudar estudantes com baixo desempenho.<\/p>\n\n\n\n<div class=\"wp-block-image\"><figure class=\"aligncenter size-large is-resized\"><img loading=\"lazy\" decoding=\"async\" src=\"https:\/\/jornalfatosenoticias.com.br\/wp-content\/uploads\/2023\/08\/ITH.jpeg\" alt=\"\" class=\"wp-image-44638\" width=\"323\" height=\"262\" srcset=\"https:\/\/jornalfatosenoticias.com.br\/wp-content\/uploads\/2023\/08\/ITH.jpeg 800w, https:\/\/jornalfatosenoticias.com.br\/wp-content\/uploads\/2023\/08\/ITH-300x244.jpeg 300w, https:\/\/jornalfatosenoticias.com.br\/wp-content\/uploads\/2023\/08\/ITH-768x624.jpeg 768w\" sizes=\"auto, (max-width: 323px) 100vw, 323px\" \/><\/figure><\/div>\n\n\n\n<p>Um <a href=\"https:\/\/www.al.sp.gov.br\/spl\/2024\/05\/Propositura\/1000553237_1000693698_Propositura.pdf\" target=\"_blank\" rel=\"noreferrer noopener\">projeto de lei foi encaminhado \u00e0\u00a0Assembleia Legislativa do Estado de S\u00e3o Paulo (Alesp)<\/a>, que prev\u00ea que estudantes do ensino m\u00e9dio se tornem monitores. Esses alunos receber\u00e3o uma bolsa-monitoria, com valor previsto de R$ 400 mensais, conforme a secretaria. Se aprovado, esse programa entrar\u00e1 em vigor em 2025.<\/p>\n\n\n\n<p><strong><em>Fonte: <a href=\"https:\/\/www.terra.com.br\/noticias\/educacao\/estado-de-sp-cria-prova-de-recuperacao-semestral-obrigatoria-para-alunos-com-nota-baixa,eacc996015f8bd3d8831be8e8095cb5334bbxcwk.html\">Terra<\/a><\/em><\/strong><\/p>\n","protected":false},"excerpt":{"rendered":"<p>Proposta \u00e9 voltada para estudantes do ensino fundamental e do ensino m\u00e9dio; primeira prova de recupera\u00e7\u00e3o ser\u00e1 aplicada em 5 de agosto Por Marcela Coelho A rede estadual de ensino de S\u00e3o Paulo criou uma prova de recupera\u00e7\u00e3o semestral para alunos que tiverem baixo rendimento. A resolu\u00e7\u00e3o que criou a medida foi publicada no Di\u00e1rio [&hellip;]<\/p>\n","protected":false},"author":2,"featured_media":51982,"comment_status":"open","ping_status":"open","sticky":false,"template":"","format":"standard","meta":{"footnotes":""},"categories":[7],"tags":[2203,9651,3459,23789,10165,305],"class_list":["post-51981","post","type-post","status-publish","format-standard","has-post-thumbnail","hentry","category-educacao","tag-ensino-fundamental","tag-ensino-medio","tag-recuperacao","tag-rede-estadual-de-ensino-de-sao-paulo","tag-reforco-escolar","tag-sao-paulo"],"yoast_head":"<!-- This site is optimized with the Yoast SEO plugin v26.5 - https:\/\/yoast.com\/wordpress\/plugins\/seo\/ -->\n<title>Estado de SP cria prova de recupera\u00e7\u00e3o semestral obrigat\u00f3ria para alunos com nota baixa - Jornal Fatos e Not\u00edcias<\/title>\n<meta name=\"robots\" content=\"index, follow, max-snippet:-1, max-image-preview:large, max-video-preview:-1\" \/>\n<link rel=\"canonical\" href=\"https:\/\/jornalfatosenoticias.com.br\/index.php\/2024\/06\/14\/estado-de-sp-cria-prova-de-recuperacao-semestral-obrigatoria-para-alunos-com-nota-baixa\/\" \/>\n<meta property=\"og:locale\" content=\"pt_BR\" \/>\n<meta property=\"og:type\" content=\"article\" \/>\n<meta property=\"og:title\" content=\"Estado de SP cria prova de recupera\u00e7\u00e3o semestral obrigat\u00f3ria para alunos com nota baixa - Jornal Fatos e Not\u00edcias\" \/>\n<meta property=\"og:description\" content=\"Proposta \u00e9 voltada para estudantes do ensino fundamental e do ensino m\u00e9dio; primeira prova de recupera\u00e7\u00e3o ser\u00e1 aplicada em 5 de agosto Por Marcela Coelho A rede estadual de ensino de S\u00e3o Paulo criou uma prova de recupera\u00e7\u00e3o semestral para alunos que tiverem baixo rendimento. A resolu\u00e7\u00e3o que criou a medida foi publicada no Di\u00e1rio [&hellip;]\" \/>\n<meta property=\"og:url\" content=\"https:\/\/jornalfatosenoticias.com.br\/index.php\/2024\/06\/14\/estado-de-sp-cria-prova-de-recuperacao-semestral-obrigatoria-para-alunos-com-nota-baixa\/\" \/>\n<meta property=\"og:site_name\" content=\"Jornal Fatos e Not\u00edcias\" \/>\n<meta property=\"article:published_time\" content=\"2024-06-14T12:26:18+00:00\" \/>\n<meta property=\"article:modified_time\" content=\"2024-06-14T12:26:20+00:00\" \/>\n<meta property=\"og:image\" content=\"https:\/\/jornalfatosenoticias.com.br\/wp-content\/uploads\/2024\/06\/prova-de-recuperacao-SP_freepik.jpg\" \/>\n\t<meta property=\"og:image:width\" content=\"996\" \/>\n\t<meta property=\"og:image:height\" content=\"560\" \/>\n\t<meta property=\"og:image:type\" content=\"image\/jpeg\" \/>\n<meta name=\"author\" content=\"Luzimara Fernandes\" \/>\n<meta name=\"twitter:card\" content=\"summary_large_image\" \/>\n<meta name=\"twitter:label1\" content=\"Escrito por\" \/>\n\t<meta name=\"twitter:data1\" content=\"Luzimara Fernandes\" \/>\n\t<meta name=\"twitter:label2\" content=\"Est. tempo de leitura\" \/>\n\t<meta name=\"twitter:data2\" content=\"3 minutos\" \/>\n<script type=\"application\/ld+json\" class=\"yoast-schema-graph\">{\"@context\":\"https:\/\/schema.org\",\"@graph\":[{\"@type\":\"Article\",\"@id\":\"https:\/\/jornalfatosenoticias.com.br\/index.php\/2024\/06\/14\/estado-de-sp-cria-prova-de-recuperacao-semestral-obrigatoria-para-alunos-com-nota-baixa\/#article\",\"isPartOf\":{\"@id\":\"https:\/\/jornalfatosenoticias.com.br\/index.php\/2024\/06\/14\/estado-de-sp-cria-prova-de-recuperacao-semestral-obrigatoria-para-alunos-com-nota-baixa\/\"},\"author\":{\"name\":\"Luzimara Fernandes\",\"@id\":\"https:\/\/jornalfatosenoticias.com.br\/#\/schema\/person\/d63837fa13ac8666eb9e74e0985d6f81\"},\"headline\":\"Estado de SP cria prova de recupera\u00e7\u00e3o semestral obrigat\u00f3ria para alunos com nota baixa\",\"datePublished\":\"2024-06-14T12:26:18+00:00\",\"dateModified\":\"2024-06-14T12:26:20+00:00\",\"mainEntityOfPage\":{\"@id\":\"https:\/\/jornalfatosenoticias.com.br\/index.php\/2024\/06\/14\/estado-de-sp-cria-prova-de-recuperacao-semestral-obrigatoria-para-alunos-com-nota-baixa\/\"},\"wordCount\":551,\"commentCount\":0,\"publisher\":{\"@id\":\"https:\/\/jornalfatosenoticias.com.br\/#organization\"},\"image\":{\"@id\":\"https:\/\/jornalfatosenoticias.com.br\/index.php\/2024\/06\/14\/estado-de-sp-cria-prova-de-recuperacao-semestral-obrigatoria-para-alunos-com-nota-baixa\/#primaryimage\"},\"thumbnailUrl\":\"https:\/\/jornalfatosenoticias.com.br\/wp-content\/uploads\/2024\/06\/prova-de-recuperacao-SP_freepik.jpg\",\"keywords\":[\"ensino fundamental\",\"ensino m\u00e9dio\",\"recupera\u00e7\u00e3o\",\"rede estadual de ensino de S\u00e3o Paulo\",\"refor\u00e7o escolar\",\"S\u00e3o Paulo\"],\"articleSection\":[\"Educa\u00e7\u00e3o\"],\"inLanguage\":\"pt-BR\",\"potentialAction\":[{\"@type\":\"CommentAction\",\"name\":\"Comment\",\"target\":[\"https:\/\/jornalfatosenoticias.com.br\/index.php\/2024\/06\/14\/estado-de-sp-cria-prova-de-recuperacao-semestral-obrigatoria-para-alunos-com-nota-baixa\/#respond\"]}]},{\"@type\":\"WebPage\",\"@id\":\"https:\/\/jornalfatosenoticias.com.br\/index.php\/2024\/06\/14\/estado-de-sp-cria-prova-de-recuperacao-semestral-obrigatoria-para-alunos-com-nota-baixa\/\",\"url\":\"https:\/\/jornalfatosenoticias.com.br\/index.php\/2024\/06\/14\/estado-de-sp-cria-prova-de-recuperacao-semestral-obrigatoria-para-alunos-com-nota-baixa\/\",\"name\":\"Estado de SP cria prova de recupera\u00e7\u00e3o semestral obrigat\u00f3ria para alunos com nota baixa - Jornal Fatos e Not\u00edcias\",\"isPartOf\":{\"@id\":\"https:\/\/jornalfatosenoticias.com.br\/#website\"},\"primaryImageOfPage\":{\"@id\":\"https:\/\/jornalfatosenoticias.com.br\/index.php\/2024\/06\/14\/estado-de-sp-cria-prova-de-recuperacao-semestral-obrigatoria-para-alunos-com-nota-baixa\/#primaryimage\"},\"image\":{\"@id\":\"https:\/\/jornalfatosenoticias.com.br\/index.php\/2024\/06\/14\/estado-de-sp-cria-prova-de-recuperacao-semestral-obrigatoria-para-alunos-com-nota-baixa\/#primaryimage\"},\"thumbnailUrl\":\"https:\/\/jornalfatosenoticias.com.br\/wp-content\/uploads\/2024\/06\/prova-de-recuperacao-SP_freepik.jpg\",\"datePublished\":\"2024-06-14T12:26:18+00:00\",\"dateModified\":\"2024-06-14T12:26:20+00:00\",\"breadcrumb\":{\"@id\":\"https:\/\/jornalfatosenoticias.com.br\/index.php\/2024\/06\/14\/estado-de-sp-cria-prova-de-recuperacao-semestral-obrigatoria-para-alunos-com-nota-baixa\/#breadcrumb\"},\"inLanguage\":\"pt-BR\",\"potentialAction\":[{\"@type\":\"ReadAction\",\"target\":[\"https:\/\/jornalfatosenoticias.com.br\/index.php\/2024\/06\/14\/estado-de-sp-cria-prova-de-recuperacao-semestral-obrigatoria-para-alunos-com-nota-baixa\/\"]}]},{\"@type\":\"ImageObject\",\"inLanguage\":\"pt-BR\",\"@id\":\"https:\/\/jornalfatosenoticias.com.br\/index.php\/2024\/06\/14\/estado-de-sp-cria-prova-de-recuperacao-semestral-obrigatoria-para-alunos-com-nota-baixa\/#primaryimage\",\"url\":\"https:\/\/jornalfatosenoticias.com.br\/wp-content\/uploads\/2024\/06\/prova-de-recuperacao-SP_freepik.jpg\",\"contentUrl\":\"https:\/\/jornalfatosenoticias.com.br\/wp-content\/uploads\/2024\/06\/prova-de-recuperacao-SP_freepik.jpg\",\"width\":996,\"height\":560},{\"@type\":\"BreadcrumbList\",\"@id\":\"https:\/\/jornalfatosenoticias.com.br\/index.php\/2024\/06\/14\/estado-de-sp-cria-prova-de-recuperacao-semestral-obrigatoria-para-alunos-com-nota-baixa\/#breadcrumb\",\"itemListElement\":[{\"@type\":\"ListItem\",\"position\":1,\"name\":\"In\u00edcio\",\"item\":\"https:\/\/jornalfatosenoticias.com.br\/\"},{\"@type\":\"ListItem\",\"position\":2,\"name\":\"Estado de SP cria prova de recupera\u00e7\u00e3o semestral obrigat\u00f3ria para alunos com nota baixa\"}]},{\"@type\":\"WebSite\",\"@id\":\"https:\/\/jornalfatosenoticias.com.br\/#website\",\"url\":\"https:\/\/jornalfatosenoticias.com.br\/\",\"name\":\"Jornal Fatos e Not\u00edcias\",\"description\":\"Not\u00edcias em geral\",\"publisher\":{\"@id\":\"https:\/\/jornalfatosenoticias.com.br\/#organization\"},\"potentialAction\":[{\"@type\":\"SearchAction\",\"target\":{\"@type\":\"EntryPoint\",\"urlTemplate\":\"https:\/\/jornalfatosenoticias.com.br\/?s={search_term_string}\"},\"query-input\":{\"@type\":\"PropertyValueSpecification\",\"valueRequired\":true,\"valueName\":\"search_term_string\"}}],\"inLanguage\":\"pt-BR\"},{\"@type\":\"Organization\",\"@id\":\"https:\/\/jornalfatosenoticias.com.br\/#organization\",\"name\":\"Jornal Fatos e Not\u00edcias\",\"url\":\"https:\/\/jornalfatosenoticias.com.br\/\",\"logo\":{\"@type\":\"ImageObject\",\"inLanguage\":\"pt-BR\",\"@id\":\"https:\/\/jornalfatosenoticias.com.br\/#\/schema\/logo\/image\/\",\"url\":\"https:\/\/jornalfatosenoticias.com.br\/wp-content\/uploads\/2020\/02\/logo120.png\",\"contentUrl\":\"https:\/\/jornalfatosenoticias.com.br\/wp-content\/uploads\/2020\/02\/logo120.png\",\"width\":1227,\"height\":120,\"caption\":\"Jornal Fatos e Not\u00edcias\"},\"image\":{\"@id\":\"https:\/\/jornalfatosenoticias.com.br\/#\/schema\/logo\/image\/\"}},{\"@type\":\"Person\",\"@id\":\"https:\/\/jornalfatosenoticias.com.br\/#\/schema\/person\/d63837fa13ac8666eb9e74e0985d6f81\",\"name\":\"Luzimara Fernandes\",\"image\":{\"@type\":\"ImageObject\",\"inLanguage\":\"pt-BR\",\"@id\":\"https:\/\/jornalfatosenoticias.com.br\/#\/schema\/person\/image\/\",\"url\":\"https:\/\/jornalfatosenoticias.com.br\/wp-content\/uploads\/2025\/05\/EU_portal.jpg\",\"contentUrl\":\"https:\/\/jornalfatosenoticias.com.br\/wp-content\/uploads\/2025\/05\/EU_portal.jpg\",\"caption\":\"Luzimara Fernandes\"},\"description\":\"Jornalista MTB 2358-ES\",\"sameAs\":[\"https:\/\/jornalfatosenoticias.com.br\"],\"url\":\"https:\/\/jornalfatosenoticias.com.br\/index.php\/author\/luzimara\/\"}]}<\/script>\n<!-- \/ Yoast SEO plugin. -->","yoast_head_json":{"title":"Estado de SP cria prova de recupera\u00e7\u00e3o semestral obrigat\u00f3ria para alunos com nota baixa - Jornal Fatos e Not\u00edcias","robots":{"index":"index","follow":"follow","max-snippet":"max-snippet:-1","max-image-preview":"max-image-preview:large","max-video-preview":"max-video-preview:-1"},"canonical":"https:\/\/jornalfatosenoticias.com.br\/index.php\/2024\/06\/14\/estado-de-sp-cria-prova-de-recuperacao-semestral-obrigatoria-para-alunos-com-nota-baixa\/","og_locale":"pt_BR","og_type":"article","og_title":"Estado de SP cria prova de recupera\u00e7\u00e3o semestral obrigat\u00f3ria para alunos com nota baixa - Jornal Fatos e Not\u00edcias","og_description":"Proposta \u00e9 voltada para estudantes do ensino fundamental e do ensino m\u00e9dio; primeira prova de recupera\u00e7\u00e3o ser\u00e1 aplicada em 5 de agosto Por Marcela Coelho A rede estadual de ensino de S\u00e3o Paulo criou uma prova de recupera\u00e7\u00e3o semestral para alunos que tiverem baixo rendimento. A resolu\u00e7\u00e3o que criou a medida foi publicada no Di\u00e1rio [&hellip;]","og_url":"https:\/\/jornalfatosenoticias.com.br\/index.php\/2024\/06\/14\/estado-de-sp-cria-prova-de-recuperacao-semestral-obrigatoria-para-alunos-com-nota-baixa\/","og_site_name":"Jornal Fatos e Not\u00edcias","article_published_time":"2024-06-14T12:26:18+00:00","article_modified_time":"2024-06-14T12:26:20+00:00","og_image":[{"width":996,"height":560,"url":"https:\/\/jornalfatosenoticias.com.br\/wp-content\/uploads\/2024\/06\/prova-de-recuperacao-SP_freepik.jpg","type":"image\/jpeg"}],"author":"Luzimara Fernandes","twitter_card":"summary_large_image","twitter_misc":{"Escrito por":"Luzimara Fernandes","Est. tempo de leitura":"3 minutos"},"schema":{"@context":"https:\/\/schema.org","@graph":[{"@type":"Article","@id":"https:\/\/jornalfatosenoticias.com.br\/index.php\/2024\/06\/14\/estado-de-sp-cria-prova-de-recuperacao-semestral-obrigatoria-para-alunos-com-nota-baixa\/#article","isPartOf":{"@id":"https:\/\/jornalfatosenoticias.com.br\/index.php\/2024\/06\/14\/estado-de-sp-cria-prova-de-recuperacao-semestral-obrigatoria-para-alunos-com-nota-baixa\/"},"author":{"name":"Luzimara Fernandes","@id":"https:\/\/jornalfatosenoticias.com.br\/#\/schema\/person\/d63837fa13ac8666eb9e74e0985d6f81"},"headline":"Estado de SP cria prova de recupera\u00e7\u00e3o semestral obrigat\u00f3ria para alunos com nota baixa","datePublished":"2024-06-14T12:26:18+00:00","dateModified":"2024-06-14T12:26:20+00:00","mainEntityOfPage":{"@id":"https:\/\/jornalfatosenoticias.com.br\/index.php\/2024\/06\/14\/estado-de-sp-cria-prova-de-recuperacao-semestral-obrigatoria-para-alunos-com-nota-baixa\/"},"wordCount":551,"commentCount":0,"publisher":{"@id":"https:\/\/jornalfatosenoticias.com.br\/#organization"},"image":{"@id":"https:\/\/jornalfatosenoticias.com.br\/index.php\/2024\/06\/14\/estado-de-sp-cria-prova-de-recuperacao-semestral-obrigatoria-para-alunos-com-nota-baixa\/#primaryimage"},"thumbnailUrl":"https:\/\/jornalfatosenoticias.com.br\/wp-content\/uploads\/2024\/06\/prova-de-recuperacao-SP_freepik.jpg","keywords":["ensino fundamental","ensino m\u00e9dio","recupera\u00e7\u00e3o","rede estadual de ensino de S\u00e3o Paulo","refor\u00e7o escolar","S\u00e3o Paulo"],"articleSection":["Educa\u00e7\u00e3o"],"inLanguage":"pt-BR","potentialAction":[{"@type":"CommentAction","name":"Comment","target":["https:\/\/jornalfatosenoticias.com.br\/index.php\/2024\/06\/14\/estado-de-sp-cria-prova-de-recuperacao-semestral-obrigatoria-para-alunos-com-nota-baixa\/#respond"]}]},{"@type":"WebPage","@id":"https:\/\/jornalfatosenoticias.com.br\/index.php\/2024\/06\/14\/estado-de-sp-cria-prova-de-recuperacao-semestral-obrigatoria-para-alunos-com-nota-baixa\/","url":"https:\/\/jornalfatosenoticias.com.br\/index.php\/2024\/06\/14\/estado-de-sp-cria-prova-de-recuperacao-semestral-obrigatoria-para-alunos-com-nota-baixa\/","name":"Estado de SP cria prova de recupera\u00e7\u00e3o semestral obrigat\u00f3ria para alunos com nota baixa - Jornal Fatos e Not\u00edcias","isPartOf":{"@id":"https:\/\/jornalfatosenoticias.com.br\/#website"},"primaryImageOfPage":{"@id":"https:\/\/jornalfatosenoticias.com.br\/index.php\/2024\/06\/14\/estado-de-sp-cria-prova-de-recuperacao-semestral-obrigatoria-para-alunos-com-nota-baixa\/#primaryimage"},"image":{"@id":"https:\/\/jornalfatosenoticias.com.br\/index.php\/2024\/06\/14\/estado-de-sp-cria-prova-de-recuperacao-semestral-obrigatoria-para-alunos-com-nota-baixa\/#primaryimage"},"thumbnailUrl":"https:\/\/jornalfatosenoticias.com.br\/wp-content\/uploads\/2024\/06\/prova-de-recuperacao-SP_freepik.jpg","datePublished":"2024-06-14T12:26:18+00:00","dateModified":"2024-06-14T12:26:20+00:00","breadcrumb":{"@id":"https:\/\/jornalfatosenoticias.com.br\/index.php\/2024\/06\/14\/estado-de-sp-cria-prova-de-recuperacao-semestral-obrigatoria-para-alunos-com-nota-baixa\/#breadcrumb"},"inLanguage":"pt-BR","potentialAction":[{"@type":"ReadAction","target":["https:\/\/jornalfatosenoticias.com.br\/index.php\/2024\/06\/14\/estado-de-sp-cria-prova-de-recuperacao-semestral-obrigatoria-para-alunos-com-nota-baixa\/"]}]},{"@type":"ImageObject","inLanguage":"pt-BR","@id":"https:\/\/jornalfatosenoticias.com.br\/index.php\/2024\/06\/14\/estado-de-sp-cria-prova-de-recuperacao-semestral-obrigatoria-para-alunos-com-nota-baixa\/#primaryimage","url":"https:\/\/jornalfatosenoticias.com.br\/wp-content\/uploads\/2024\/06\/prova-de-recuperacao-SP_freepik.jpg","contentUrl":"https:\/\/jornalfatosenoticias.com.br\/wp-content\/uploads\/2024\/06\/prova-de-recuperacao-SP_freepik.jpg","width":996,"height":560},{"@type":"BreadcrumbList","@id":"https:\/\/jornalfatosenoticias.com.br\/index.php\/2024\/06\/14\/estado-de-sp-cria-prova-de-recuperacao-semestral-obrigatoria-para-alunos-com-nota-baixa\/#breadcrumb","itemListElement":[{"@type":"ListItem","position":1,"name":"In\u00edcio","item":"https:\/\/jornalfatosenoticias.com.br\/"},{"@type":"ListItem","position":2,"name":"Estado de SP cria prova de recupera\u00e7\u00e3o semestral obrigat\u00f3ria para alunos com nota baixa"}]},{"@type":"WebSite","@id":"https:\/\/jornalfatosenoticias.com.br\/#website","url":"https:\/\/jornalfatosenoticias.com.br\/","name":"Jornal Fatos e Not\u00edcias","description":"Not\u00edcias em geral","publisher":{"@id":"https:\/\/jornalfatosenoticias.com.br\/#organization"},"potentialAction":[{"@type":"SearchAction","target":{"@type":"EntryPoint","urlTemplate":"https:\/\/jornalfatosenoticias.com.br\/?s={search_term_string}"},"query-input":{"@type":"PropertyValueSpecification","valueRequired":true,"valueName":"search_term_string"}}],"inLanguage":"pt-BR"},{"@type":"Organization","@id":"https:\/\/jornalfatosenoticias.com.br\/#organization","name":"Jornal Fatos e Not\u00edcias","url":"https:\/\/jornalfatosenoticias.com.br\/","logo":{"@type":"ImageObject","inLanguage":"pt-BR","@id":"https:\/\/jornalfatosenoticias.com.br\/#\/schema\/logo\/image\/","url":"https:\/\/jornalfatosenoticias.com.br\/wp-content\/uploads\/2020\/02\/logo120.png","contentUrl":"https:\/\/jornalfatosenoticias.com.br\/wp-content\/uploads\/2020\/02\/logo120.png","width":1227,"height":120,"caption":"Jornal Fatos e Not\u00edcias"},"image":{"@id":"https:\/\/jornalfatosenoticias.com.br\/#\/schema\/logo\/image\/"}},{"@type":"Person","@id":"https:\/\/jornalfatosenoticias.com.br\/#\/schema\/person\/d63837fa13ac8666eb9e74e0985d6f81","name":"Luzimara Fernandes","image":{"@type":"ImageObject","inLanguage":"pt-BR","@id":"https:\/\/jornalfatosenoticias.com.br\/#\/schema\/person\/image\/","url":"https:\/\/jornalfatosenoticias.com.br\/wp-content\/uploads\/2025\/05\/EU_portal.jpg","contentUrl":"https:\/\/jornalfatosenoticias.com.br\/wp-content\/uploads\/2025\/05\/EU_portal.jpg","caption":"Luzimara Fernandes"},"description":"Jornalista MTB 2358-ES","sameAs":["https:\/\/jornalfatosenoticias.com.br"],"url":"https:\/\/jornalfatosenoticias.com.br\/index.php\/author\/luzimara\/"}]}},"cc_featured_image_caption":{"caption_text":"(Foto: Freepik) ","source_text":"","source_url":""},"jetpack_featured_media_url":"https:\/\/jornalfatosenoticias.com.br\/wp-content\/uploads\/2024\/06\/prova-de-recuperacao-SP_freepik.jpg","_links":{"self":[{"href":"https:\/\/jornalfatosenoticias.com.br\/index.php\/wp-json\/wp\/v2\/posts\/51981","targetHints":{"allow":["GET"]}}],"collection":[{"href":"https:\/\/jornalfatosenoticias.com.br\/index.php\/wp-json\/wp\/v2\/posts"}],"about":[{"href":"https:\/\/jornalfatosenoticias.com.br\/index.php\/wp-json\/wp\/v2\/types\/post"}],"author":[{"embeddable":true,"href":"https:\/\/jornalfatosenoticias.com.br\/index.php\/wp-json\/wp\/v2\/users\/2"}],"replies":[{"embeddable":true,"href":"https:\/\/jornalfatosenoticias.com.br\/index.php\/wp-json\/wp\/v2\/comments?post=51981"}],"version-history":[{"count":0,"href":"https:\/\/jornalfatosenoticias.com.br\/index.php\/wp-json\/wp\/v2\/posts\/51981\/revisions"}],"wp:featuredmedia":[{"embeddable":true,"href":"https:\/\/jornalfatosenoticias.com.br\/index.php\/wp-json\/wp\/v2\/media\/51982"}],"wp:attachment":[{"href":"https:\/\/jornalfatosenoticias.com.br\/index.php\/wp-json\/wp\/v2\/media?parent=51981"}],"wp:term":[{"taxonomy":"category","embeddable":true,"href":"https:\/\/jornalfatosenoticias.com.br\/index.php\/wp-json\/wp\/v2\/categories?post=51981"},{"taxonomy":"post_tag","embeddable":true,"href":"https:\/\/jornalfatosenoticias.com.br\/index.php\/wp-json\/wp\/v2\/tags?post=51981"}],"curies":[{"name":"wp","href":"https:\/\/api.w.org\/{rel}","templated":true}]}}