{"id":51996,"date":"2024-06-14T11:19:53","date_gmt":"2024-06-14T14:19:53","guid":{"rendered":"https:\/\/jornalfatosenoticias.com.br\/?p=51996"},"modified":"2024-06-14T11:19:55","modified_gmt":"2024-06-14T14:19:55","slug":"classicos-infantis-retornam-no-aniversario-de-55-anos-da-tv-cultura","status":"publish","type":"post","link":"https:\/\/jornalfatosenoticias.com.br\/index.php\/2024\/06\/14\/classicos-infantis-retornam-no-aniversario-de-55-anos-da-tv-cultura\/","title":{"rendered":"Cl\u00e1ssicos infantis retornam no anivers\u00e1rio de 55 anos da TV Cultura"},"content":{"rendered":"\n<p><em><span class=\"has-inline-color has-black-color\">\u201cCastelo R\u00e1-Tim-Bum\u201d e \u201cMundo da Lua\u201d est\u00e3o entre os programas ic\u00f4nicos que voltam ao ar no anivers\u00e1rio de 55 anos da emissora<\/span><\/em><\/p>\n\n\n\n<div class=\"wp-block-image\"><figure class=\"aligncenter size-large\"><img loading=\"lazy\" decoding=\"async\" width=\"729\" height=\"90\" src=\"https:\/\/jornalfatosenoticias.com.br\/wp-content\/uploads\/2020\/02\/Logo_Mizu.png\" alt=\"\" class=\"wp-image-1441\" srcset=\"https:\/\/jornalfatosenoticias.com.br\/wp-content\/uploads\/2020\/02\/Logo_Mizu.png 729w, https:\/\/jornalfatosenoticias.com.br\/wp-content\/uploads\/2020\/02\/Logo_Mizu-300x37.png 300w\" sizes=\"auto, (max-width: 729px) 100vw, 729px\" \/><\/figure><\/div>\n\n\n\n<p>Em comemora\u00e7\u00e3o aos<mark>\u00a055 anos da TV Cultura,<\/mark>\u00a0que ser\u00e3o celebrados no pr\u00f3ximo s\u00e1bado, 15, os cl\u00e1ssicos infantis que deixaram uma marca na inf\u00e2ncia de muitos brasileiros retornar\u00e3o \u00e0 programa\u00e7\u00e3o.\u00a0<mark>A grade especial estar\u00e1 dispon\u00edvel a partir da pr\u00f3xima segunda-feira, 17.<\/mark><br>Conforme repercutido pelo site da emissora, os programas que ser\u00e3o reexibidos incluem: \u201c<a href=\"https:\/\/aventurasnahistoria.uol.com.br\/noticias\/historia-hoje\/tv-cultura-pode-transformar-castelo-ra-tim-bum-em-filme.phtml\" rel=\"noreferrer noopener\" target=\"_blank\">Castelo R\u00e1-Tim-Bum<\/a>\u201d, \u201cMundo da Lua\u201d, \u201cConfiss\u00f5es de Adolescente\u201d e \u201cO Mundo de Beakman\u201d.<br>Por tr\u00eas meses, os espectadores ter\u00e3o acesso a conte\u00fados cl\u00e1ssicos da emissora, totalmente\u00a0<mark>digitalizados e aprimorados utilizando recursos de intelig\u00eancia artificial.<\/mark> Assim, programas ic\u00f4nicos foram restaurados, apresentando qualidade de som e imagem compar\u00e1veis aos melhores conte\u00fados gravados em 4K e 16:9.<\/p>\n\n\n\n<div class=\"wp-block-image\"><figure class=\"aligncenter size-large\"><img loading=\"lazy\" decoding=\"async\" width=\"300\" height=\"250\" src=\"https:\/\/jornalfatosenoticias.com.br\/wp-content\/uploads\/2020\/02\/Banner-2.png\" alt=\"\" class=\"wp-image-43787\"\/><\/figure><\/div>\n\n\n\n<blockquote class=\"wp-block-quote is-layout-flow wp-block-quote-is-layout-flow\"><p><span class=\"has-inline-color has-luminous-vivid-orange-color\">Essa \u00e9 uma forma n\u00e3o s\u00f3 de presentear o p\u00fablico, mas tamb\u00e9m de homenagear todos os artistas e t\u00e9cnicos envolvidos nessas produ\u00e7\u00f5es, profissionais que escreveram seus nomes na hist\u00f3ria da emissora nesses 55 anos&#8221;, explicou En\u00e9as Pereira, vice-presidente da TV Cultura.<\/span><\/p><\/blockquote>\n\n\n\n<div class=\"wp-block-image\"><figure class=\"aligncenter size-large is-resized\"><img loading=\"lazy\" decoding=\"async\" src=\"https:\/\/jornalfatosenoticias.com.br\/wp-content\/uploads\/2020\/02\/logo-Rapuzel-1024x571.jpg\" alt=\"\" class=\"wp-image-42808\" width=\"370\" height=\"206\" srcset=\"https:\/\/jornalfatosenoticias.com.br\/wp-content\/uploads\/2020\/02\/logo-Rapuzel-1024x571.jpg 1024w, https:\/\/jornalfatosenoticias.com.br\/wp-content\/uploads\/2020\/02\/logo-Rapuzel-300x167.jpg 300w, https:\/\/jornalfatosenoticias.com.br\/wp-content\/uploads\/2020\/02\/logo-Rapuzel-768x428.jpg 768w, https:\/\/jornalfatosenoticias.com.br\/wp-content\/uploads\/2020\/02\/logo-Rapuzel-1536x856.jpg 1536w, https:\/\/jornalfatosenoticias.com.br\/wp-content\/uploads\/2020\/02\/logo-Rapuzel.jpg 1600w\" sizes=\"auto, (max-width: 370px) 100vw, 370px\" \/><\/figure><\/div>\n\n\n\n<p><strong><span class=\"has-inline-color has-black-color\"><span style=\"text-decoration: underline;\">Programa\u00e7\u00e3o<br><\/span><\/span><\/strong>Cl\u00e1ssicos infantis ser\u00e3o exibidos de segunda a sexta-feira, a partir das 19h.\u00a0<mark>Confira abaixo a programa\u00e7\u00e3o completa:<\/mark><\/p>\n\n\n\n<ul class=\"wp-block-list\"><li><strong>\u201cO Mundo de Beakman\u201d<\/strong> <strong>\u2014<\/strong> segunda a sexta-feira, \u00e0s 19h<\/li><li><strong>\u201cConfiss\u00f5es de Adolescente\u201d \u2014<\/strong> segunda-feira, \u00e0s 19h30<\/li><li><strong>\u201cMundo da Lua\u201d \u2014<\/strong> ter\u00e7a-feira, \u00e0s 19h30<\/li><li><strong>\u201cAs Aventuras de Tintim\u201d \u2014<\/strong> quinta-feira, \u00e0s 19h30<\/li><li><strong>\u201c<a href=\"https:\/\/aventurasnahistoria.uol.com.br\/noticias\/historia-hoje\/nostalgia-personagens-do-castelo-ra-tim-bum-participarao-de-especial-de-natal-da-tv-cultura.phtml\" rel=\"noreferrer noopener\" target=\"_blank\">Castelo R\u00e1-Tim-Bum<\/a>\u201d \u2014<\/strong> sexta-feira, \u00e0s 19h30<\/li><\/ul>\n\n\n\n<div class=\"wp-block-image\"><figure class=\"aligncenter size-large is-resized\"><img loading=\"lazy\" decoding=\"async\" src=\"https:\/\/jornalfatosenoticias.com.br\/wp-content\/uploads\/2023\/03\/logo-Panper_portal.jpg\" alt=\"\" class=\"wp-image-40208\" width=\"335\" height=\"232\" srcset=\"https:\/\/jornalfatosenoticias.com.br\/wp-content\/uploads\/2023\/03\/logo-Panper_portal.jpg 400w, https:\/\/jornalfatosenoticias.com.br\/wp-content\/uploads\/2023\/03\/logo-Panper_portal-300x208.jpg 300w\" sizes=\"auto, (max-width: 335px) 100vw, 335px\" \/><\/figure><\/div>\n\n\n\n<p><strong><em>Fonte: <a href=\"https:\/\/aventurasnahistoria.uol.com.br\/noticias\/historia-hoje\/classicos-infantis-retornam-no-aniversario-de-55-anos-da-tv-cultura-confira.phtml\">Aventuras na Hist\u00f3ria<\/a><\/em><\/strong><\/p>\n","protected":false},"excerpt":{"rendered":"<p>\u201cCastelo R\u00e1-Tim-Bum\u201d e \u201cMundo da Lua\u201d est\u00e3o entre os programas ic\u00f4nicos que voltam ao ar no anivers\u00e1rio de 55 anos da emissora Em comemora\u00e7\u00e3o aos\u00a055 anos da TV Cultura,\u00a0que ser\u00e3o celebrados no pr\u00f3ximo s\u00e1bado, 15, os cl\u00e1ssicos infantis que deixaram uma marca na inf\u00e2ncia de muitos brasileiros retornar\u00e3o \u00e0 programa\u00e7\u00e3o.\u00a0A grade especial estar\u00e1 dispon\u00edvel a [&hellip;]<\/p>\n","protected":false},"author":2,"featured_media":51997,"comment_status":"open","ping_status":"open","sticky":false,"template":"","format":"standard","meta":{"footnotes":""},"categories":[4],"tags":[3353,23795,16264,16268,23797,23793,23796,23798,23794,9902],"class_list":["post-51996","post","type-post","status-publish","format-standard","has-post-thumbnail","hentry","category-cultura","tag-aniversario","tag-as-aventuras-de-tintim","tag-castelo-ra-tim-bum","tag-comemoracao","tag-confissoes-de-adolescente","tag-emissora","tag-mundo-da-lua","tag-o-mundo-de-beakman","tag-programas-infantis","tag-tv-cultura"],"yoast_head":"<!-- This site is optimized with the Yoast SEO plugin v26.5 - https:\/\/yoast.com\/wordpress\/plugins\/seo\/ -->\n<title>Cl\u00e1ssicos infantis retornam no anivers\u00e1rio de 55 anos da TV Cultura - Jornal Fatos e Not\u00edcias<\/title>\n<meta name=\"robots\" content=\"index, follow, max-snippet:-1, max-image-preview:large, max-video-preview:-1\" \/>\n<link rel=\"canonical\" href=\"https:\/\/jornalfatosenoticias.com.br\/index.php\/2024\/06\/14\/classicos-infantis-retornam-no-aniversario-de-55-anos-da-tv-cultura\/\" \/>\n<meta property=\"og:locale\" content=\"pt_BR\" \/>\n<meta property=\"og:type\" content=\"article\" \/>\n<meta property=\"og:title\" content=\"Cl\u00e1ssicos infantis retornam no anivers\u00e1rio de 55 anos da TV Cultura - Jornal Fatos e Not\u00edcias\" \/>\n<meta property=\"og:description\" content=\"\u201cCastelo R\u00e1-Tim-Bum\u201d e \u201cMundo da Lua\u201d est\u00e3o entre os programas ic\u00f4nicos que voltam ao ar no anivers\u00e1rio de 55 anos da emissora Em comemora\u00e7\u00e3o aos\u00a055 anos da TV Cultura,\u00a0que ser\u00e3o celebrados no pr\u00f3ximo s\u00e1bado, 15, os cl\u00e1ssicos infantis que deixaram uma marca na inf\u00e2ncia de muitos brasileiros retornar\u00e3o \u00e0 programa\u00e7\u00e3o.\u00a0A grade especial estar\u00e1 dispon\u00edvel a [&hellip;]\" \/>\n<meta property=\"og:url\" content=\"https:\/\/jornalfatosenoticias.com.br\/index.php\/2024\/06\/14\/classicos-infantis-retornam-no-aniversario-de-55-anos-da-tv-cultura\/\" \/>\n<meta property=\"og:site_name\" content=\"Jornal Fatos e Not\u00edcias\" \/>\n<meta property=\"article:published_time\" content=\"2024-06-14T14:19:53+00:00\" \/>\n<meta property=\"article:modified_time\" content=\"2024-06-14T14:19:55+00:00\" \/>\n<meta property=\"og:image\" content=\"https:\/\/jornalfatosenoticias.com.br\/wp-content\/uploads\/2024\/06\/Castelo-ra-tim-bum.jpg\" \/>\n\t<meta property=\"og:image:width\" content=\"800\" \/>\n\t<meta property=\"og:image:height\" content=\"450\" \/>\n\t<meta property=\"og:image:type\" content=\"image\/jpeg\" \/>\n<meta name=\"author\" content=\"Luzimara Fernandes\" \/>\n<meta name=\"twitter:card\" content=\"summary_large_image\" \/>\n<meta name=\"twitter:label1\" content=\"Escrito por\" \/>\n\t<meta name=\"twitter:data1\" content=\"Luzimara Fernandes\" \/>\n\t<meta name=\"twitter:label2\" content=\"Est. tempo de leitura\" \/>\n\t<meta name=\"twitter:data2\" content=\"1 minuto\" \/>\n<script type=\"application\/ld+json\" class=\"yoast-schema-graph\">{\"@context\":\"https:\/\/schema.org\",\"@graph\":[{\"@type\":\"Article\",\"@id\":\"https:\/\/jornalfatosenoticias.com.br\/index.php\/2024\/06\/14\/classicos-infantis-retornam-no-aniversario-de-55-anos-da-tv-cultura\/#article\",\"isPartOf\":{\"@id\":\"https:\/\/jornalfatosenoticias.com.br\/index.php\/2024\/06\/14\/classicos-infantis-retornam-no-aniversario-de-55-anos-da-tv-cultura\/\"},\"author\":{\"name\":\"Luzimara Fernandes\",\"@id\":\"https:\/\/jornalfatosenoticias.com.br\/#\/schema\/person\/d63837fa13ac8666eb9e74e0985d6f81\"},\"headline\":\"Cl\u00e1ssicos infantis retornam no anivers\u00e1rio de 55 anos da TV Cultura\",\"datePublished\":\"2024-06-14T14:19:53+00:00\",\"dateModified\":\"2024-06-14T14:19:55+00:00\",\"mainEntityOfPage\":{\"@id\":\"https:\/\/jornalfatosenoticias.com.br\/index.php\/2024\/06\/14\/classicos-infantis-retornam-no-aniversario-de-55-anos-da-tv-cultura\/\"},\"wordCount\":269,\"commentCount\":0,\"publisher\":{\"@id\":\"https:\/\/jornalfatosenoticias.com.br\/#organization\"},\"image\":{\"@id\":\"https:\/\/jornalfatosenoticias.com.br\/index.php\/2024\/06\/14\/classicos-infantis-retornam-no-aniversario-de-55-anos-da-tv-cultura\/#primaryimage\"},\"thumbnailUrl\":\"https:\/\/jornalfatosenoticias.com.br\/wp-content\/uploads\/2024\/06\/Castelo-ra-tim-bum.jpg\",\"keywords\":[\"anivers\u00e1rio\",\"As Aventuras de Tintim\",\"Castelo R\u00e1-Tim-Bum\",\"comemora\u00e7\u00e3o\",\"Confiss\u00f5es de Adolescente\",\"emissora\",\"Mundo da Lua\",\"O Mundo de Beakman\",\"programas infantis\",\"TV Cultura\"],\"articleSection\":[\"Cultura\"],\"inLanguage\":\"pt-BR\",\"potentialAction\":[{\"@type\":\"CommentAction\",\"name\":\"Comment\",\"target\":[\"https:\/\/jornalfatosenoticias.com.br\/index.php\/2024\/06\/14\/classicos-infantis-retornam-no-aniversario-de-55-anos-da-tv-cultura\/#respond\"]}]},{\"@type\":\"WebPage\",\"@id\":\"https:\/\/jornalfatosenoticias.com.br\/index.php\/2024\/06\/14\/classicos-infantis-retornam-no-aniversario-de-55-anos-da-tv-cultura\/\",\"url\":\"https:\/\/jornalfatosenoticias.com.br\/index.php\/2024\/06\/14\/classicos-infantis-retornam-no-aniversario-de-55-anos-da-tv-cultura\/\",\"name\":\"Cl\u00e1ssicos infantis retornam no anivers\u00e1rio de 55 anos da TV Cultura - Jornal Fatos e Not\u00edcias\",\"isPartOf\":{\"@id\":\"https:\/\/jornalfatosenoticias.com.br\/#website\"},\"primaryImageOfPage\":{\"@id\":\"https:\/\/jornalfatosenoticias.com.br\/index.php\/2024\/06\/14\/classicos-infantis-retornam-no-aniversario-de-55-anos-da-tv-cultura\/#primaryimage\"},\"image\":{\"@id\":\"https:\/\/jornalfatosenoticias.com.br\/index.php\/2024\/06\/14\/classicos-infantis-retornam-no-aniversario-de-55-anos-da-tv-cultura\/#primaryimage\"},\"thumbnailUrl\":\"https:\/\/jornalfatosenoticias.com.br\/wp-content\/uploads\/2024\/06\/Castelo-ra-tim-bum.jpg\",\"datePublished\":\"2024-06-14T14:19:53+00:00\",\"dateModified\":\"2024-06-14T14:19:55+00:00\",\"breadcrumb\":{\"@id\":\"https:\/\/jornalfatosenoticias.com.br\/index.php\/2024\/06\/14\/classicos-infantis-retornam-no-aniversario-de-55-anos-da-tv-cultura\/#breadcrumb\"},\"inLanguage\":\"pt-BR\",\"potentialAction\":[{\"@type\":\"ReadAction\",\"target\":[\"https:\/\/jornalfatosenoticias.com.br\/index.php\/2024\/06\/14\/classicos-infantis-retornam-no-aniversario-de-55-anos-da-tv-cultura\/\"]}]},{\"@type\":\"ImageObject\",\"inLanguage\":\"pt-BR\",\"@id\":\"https:\/\/jornalfatosenoticias.com.br\/index.php\/2024\/06\/14\/classicos-infantis-retornam-no-aniversario-de-55-anos-da-tv-cultura\/#primaryimage\",\"url\":\"https:\/\/jornalfatosenoticias.com.br\/wp-content\/uploads\/2024\/06\/Castelo-ra-tim-bum.jpg\",\"contentUrl\":\"https:\/\/jornalfatosenoticias.com.br\/wp-content\/uploads\/2024\/06\/Castelo-ra-tim-bum.jpg\",\"width\":800,\"height\":450},{\"@type\":\"BreadcrumbList\",\"@id\":\"https:\/\/jornalfatosenoticias.com.br\/index.php\/2024\/06\/14\/classicos-infantis-retornam-no-aniversario-de-55-anos-da-tv-cultura\/#breadcrumb\",\"itemListElement\":[{\"@type\":\"ListItem\",\"position\":1,\"name\":\"In\u00edcio\",\"item\":\"https:\/\/jornalfatosenoticias.com.br\/\"},{\"@type\":\"ListItem\",\"position\":2,\"name\":\"Cl\u00e1ssicos infantis retornam no anivers\u00e1rio de 55 anos da TV Cultura\"}]},{\"@type\":\"WebSite\",\"@id\":\"https:\/\/jornalfatosenoticias.com.br\/#website\",\"url\":\"https:\/\/jornalfatosenoticias.com.br\/\",\"name\":\"Jornal Fatos e Not\u00edcias\",\"description\":\"Not\u00edcias em geral\",\"publisher\":{\"@id\":\"https:\/\/jornalfatosenoticias.com.br\/#organization\"},\"potentialAction\":[{\"@type\":\"SearchAction\",\"target\":{\"@type\":\"EntryPoint\",\"urlTemplate\":\"https:\/\/jornalfatosenoticias.com.br\/?s={search_term_string}\"},\"query-input\":{\"@type\":\"PropertyValueSpecification\",\"valueRequired\":true,\"valueName\":\"search_term_string\"}}],\"inLanguage\":\"pt-BR\"},{\"@type\":\"Organization\",\"@id\":\"https:\/\/jornalfatosenoticias.com.br\/#organization\",\"name\":\"Jornal Fatos e Not\u00edcias\",\"url\":\"https:\/\/jornalfatosenoticias.com.br\/\",\"logo\":{\"@type\":\"ImageObject\",\"inLanguage\":\"pt-BR\",\"@id\":\"https:\/\/jornalfatosenoticias.com.br\/#\/schema\/logo\/image\/\",\"url\":\"https:\/\/jornalfatosenoticias.com.br\/wp-content\/uploads\/2020\/02\/logo120.png\",\"contentUrl\":\"https:\/\/jornalfatosenoticias.com.br\/wp-content\/uploads\/2020\/02\/logo120.png\",\"width\":1227,\"height\":120,\"caption\":\"Jornal Fatos e Not\u00edcias\"},\"image\":{\"@id\":\"https:\/\/jornalfatosenoticias.com.br\/#\/schema\/logo\/image\/\"}},{\"@type\":\"Person\",\"@id\":\"https:\/\/jornalfatosenoticias.com.br\/#\/schema\/person\/d63837fa13ac8666eb9e74e0985d6f81\",\"name\":\"Luzimara Fernandes\",\"image\":{\"@type\":\"ImageObject\",\"inLanguage\":\"pt-BR\",\"@id\":\"https:\/\/jornalfatosenoticias.com.br\/#\/schema\/person\/image\/\",\"url\":\"https:\/\/jornalfatosenoticias.com.br\/wp-content\/uploads\/2025\/05\/EU_portal.jpg\",\"contentUrl\":\"https:\/\/jornalfatosenoticias.com.br\/wp-content\/uploads\/2025\/05\/EU_portal.jpg\",\"caption\":\"Luzimara Fernandes\"},\"description\":\"Jornalista MTB 2358-ES\",\"sameAs\":[\"https:\/\/jornalfatosenoticias.com.br\"],\"url\":\"https:\/\/jornalfatosenoticias.com.br\/index.php\/author\/luzimara\/\"}]}<\/script>\n<!-- \/ Yoast SEO plugin. -->","yoast_head_json":{"title":"Cl\u00e1ssicos infantis retornam no anivers\u00e1rio de 55 anos da TV Cultura - Jornal Fatos e Not\u00edcias","robots":{"index":"index","follow":"follow","max-snippet":"max-snippet:-1","max-image-preview":"max-image-preview:large","max-video-preview":"max-video-preview:-1"},"canonical":"https:\/\/jornalfatosenoticias.com.br\/index.php\/2024\/06\/14\/classicos-infantis-retornam-no-aniversario-de-55-anos-da-tv-cultura\/","og_locale":"pt_BR","og_type":"article","og_title":"Cl\u00e1ssicos infantis retornam no anivers\u00e1rio de 55 anos da TV Cultura - Jornal Fatos e Not\u00edcias","og_description":"\u201cCastelo R\u00e1-Tim-Bum\u201d e \u201cMundo da Lua\u201d est\u00e3o entre os programas ic\u00f4nicos que voltam ao ar no anivers\u00e1rio de 55 anos da emissora Em comemora\u00e7\u00e3o aos\u00a055 anos da TV Cultura,\u00a0que ser\u00e3o celebrados no pr\u00f3ximo s\u00e1bado, 15, os cl\u00e1ssicos infantis que deixaram uma marca na inf\u00e2ncia de muitos brasileiros retornar\u00e3o \u00e0 programa\u00e7\u00e3o.\u00a0A grade especial estar\u00e1 dispon\u00edvel a [&hellip;]","og_url":"https:\/\/jornalfatosenoticias.com.br\/index.php\/2024\/06\/14\/classicos-infantis-retornam-no-aniversario-de-55-anos-da-tv-cultura\/","og_site_name":"Jornal Fatos e Not\u00edcias","article_published_time":"2024-06-14T14:19:53+00:00","article_modified_time":"2024-06-14T14:19:55+00:00","og_image":[{"width":800,"height":450,"url":"https:\/\/jornalfatosenoticias.com.br\/wp-content\/uploads\/2024\/06\/Castelo-ra-tim-bum.jpg","type":"image\/jpeg"}],"author":"Luzimara Fernandes","twitter_card":"summary_large_image","twitter_misc":{"Escrito por":"Luzimara Fernandes","Est. tempo de leitura":"1 minuto"},"schema":{"@context":"https:\/\/schema.org","@graph":[{"@type":"Article","@id":"https:\/\/jornalfatosenoticias.com.br\/index.php\/2024\/06\/14\/classicos-infantis-retornam-no-aniversario-de-55-anos-da-tv-cultura\/#article","isPartOf":{"@id":"https:\/\/jornalfatosenoticias.com.br\/index.php\/2024\/06\/14\/classicos-infantis-retornam-no-aniversario-de-55-anos-da-tv-cultura\/"},"author":{"name":"Luzimara Fernandes","@id":"https:\/\/jornalfatosenoticias.com.br\/#\/schema\/person\/d63837fa13ac8666eb9e74e0985d6f81"},"headline":"Cl\u00e1ssicos infantis retornam no anivers\u00e1rio de 55 anos da TV Cultura","datePublished":"2024-06-14T14:19:53+00:00","dateModified":"2024-06-14T14:19:55+00:00","mainEntityOfPage":{"@id":"https:\/\/jornalfatosenoticias.com.br\/index.php\/2024\/06\/14\/classicos-infantis-retornam-no-aniversario-de-55-anos-da-tv-cultura\/"},"wordCount":269,"commentCount":0,"publisher":{"@id":"https:\/\/jornalfatosenoticias.com.br\/#organization"},"image":{"@id":"https:\/\/jornalfatosenoticias.com.br\/index.php\/2024\/06\/14\/classicos-infantis-retornam-no-aniversario-de-55-anos-da-tv-cultura\/#primaryimage"},"thumbnailUrl":"https:\/\/jornalfatosenoticias.com.br\/wp-content\/uploads\/2024\/06\/Castelo-ra-tim-bum.jpg","keywords":["anivers\u00e1rio","As Aventuras de Tintim","Castelo R\u00e1-Tim-Bum","comemora\u00e7\u00e3o","Confiss\u00f5es de Adolescente","emissora","Mundo da Lua","O Mundo de Beakman","programas infantis","TV Cultura"],"articleSection":["Cultura"],"inLanguage":"pt-BR","potentialAction":[{"@type":"CommentAction","name":"Comment","target":["https:\/\/jornalfatosenoticias.com.br\/index.php\/2024\/06\/14\/classicos-infantis-retornam-no-aniversario-de-55-anos-da-tv-cultura\/#respond"]}]},{"@type":"WebPage","@id":"https:\/\/jornalfatosenoticias.com.br\/index.php\/2024\/06\/14\/classicos-infantis-retornam-no-aniversario-de-55-anos-da-tv-cultura\/","url":"https:\/\/jornalfatosenoticias.com.br\/index.php\/2024\/06\/14\/classicos-infantis-retornam-no-aniversario-de-55-anos-da-tv-cultura\/","name":"Cl\u00e1ssicos infantis retornam no anivers\u00e1rio de 55 anos da TV Cultura - Jornal Fatos e Not\u00edcias","isPartOf":{"@id":"https:\/\/jornalfatosenoticias.com.br\/#website"},"primaryImageOfPage":{"@id":"https:\/\/jornalfatosenoticias.com.br\/index.php\/2024\/06\/14\/classicos-infantis-retornam-no-aniversario-de-55-anos-da-tv-cultura\/#primaryimage"},"image":{"@id":"https:\/\/jornalfatosenoticias.com.br\/index.php\/2024\/06\/14\/classicos-infantis-retornam-no-aniversario-de-55-anos-da-tv-cultura\/#primaryimage"},"thumbnailUrl":"https:\/\/jornalfatosenoticias.com.br\/wp-content\/uploads\/2024\/06\/Castelo-ra-tim-bum.jpg","datePublished":"2024-06-14T14:19:53+00:00","dateModified":"2024-06-14T14:19:55+00:00","breadcrumb":{"@id":"https:\/\/jornalfatosenoticias.com.br\/index.php\/2024\/06\/14\/classicos-infantis-retornam-no-aniversario-de-55-anos-da-tv-cultura\/#breadcrumb"},"inLanguage":"pt-BR","potentialAction":[{"@type":"ReadAction","target":["https:\/\/jornalfatosenoticias.com.br\/index.php\/2024\/06\/14\/classicos-infantis-retornam-no-aniversario-de-55-anos-da-tv-cultura\/"]}]},{"@type":"ImageObject","inLanguage":"pt-BR","@id":"https:\/\/jornalfatosenoticias.com.br\/index.php\/2024\/06\/14\/classicos-infantis-retornam-no-aniversario-de-55-anos-da-tv-cultura\/#primaryimage","url":"https:\/\/jornalfatosenoticias.com.br\/wp-content\/uploads\/2024\/06\/Castelo-ra-tim-bum.jpg","contentUrl":"https:\/\/jornalfatosenoticias.com.br\/wp-content\/uploads\/2024\/06\/Castelo-ra-tim-bum.jpg","width":800,"height":450},{"@type":"BreadcrumbList","@id":"https:\/\/jornalfatosenoticias.com.br\/index.php\/2024\/06\/14\/classicos-infantis-retornam-no-aniversario-de-55-anos-da-tv-cultura\/#breadcrumb","itemListElement":[{"@type":"ListItem","position":1,"name":"In\u00edcio","item":"https:\/\/jornalfatosenoticias.com.br\/"},{"@type":"ListItem","position":2,"name":"Cl\u00e1ssicos infantis retornam no anivers\u00e1rio de 55 anos da TV Cultura"}]},{"@type":"WebSite","@id":"https:\/\/jornalfatosenoticias.com.br\/#website","url":"https:\/\/jornalfatosenoticias.com.br\/","name":"Jornal Fatos e Not\u00edcias","description":"Not\u00edcias em geral","publisher":{"@id":"https:\/\/jornalfatosenoticias.com.br\/#organization"},"potentialAction":[{"@type":"SearchAction","target":{"@type":"EntryPoint","urlTemplate":"https:\/\/jornalfatosenoticias.com.br\/?s={search_term_string}"},"query-input":{"@type":"PropertyValueSpecification","valueRequired":true,"valueName":"search_term_string"}}],"inLanguage":"pt-BR"},{"@type":"Organization","@id":"https:\/\/jornalfatosenoticias.com.br\/#organization","name":"Jornal Fatos e Not\u00edcias","url":"https:\/\/jornalfatosenoticias.com.br\/","logo":{"@type":"ImageObject","inLanguage":"pt-BR","@id":"https:\/\/jornalfatosenoticias.com.br\/#\/schema\/logo\/image\/","url":"https:\/\/jornalfatosenoticias.com.br\/wp-content\/uploads\/2020\/02\/logo120.png","contentUrl":"https:\/\/jornalfatosenoticias.com.br\/wp-content\/uploads\/2020\/02\/logo120.png","width":1227,"height":120,"caption":"Jornal Fatos e Not\u00edcias"},"image":{"@id":"https:\/\/jornalfatosenoticias.com.br\/#\/schema\/logo\/image\/"}},{"@type":"Person","@id":"https:\/\/jornalfatosenoticias.com.br\/#\/schema\/person\/d63837fa13ac8666eb9e74e0985d6f81","name":"Luzimara Fernandes","image":{"@type":"ImageObject","inLanguage":"pt-BR","@id":"https:\/\/jornalfatosenoticias.com.br\/#\/schema\/person\/image\/","url":"https:\/\/jornalfatosenoticias.com.br\/wp-content\/uploads\/2025\/05\/EU_portal.jpg","contentUrl":"https:\/\/jornalfatosenoticias.com.br\/wp-content\/uploads\/2025\/05\/EU_portal.jpg","caption":"Luzimara Fernandes"},"description":"Jornalista MTB 2358-ES","sameAs":["https:\/\/jornalfatosenoticias.com.br"],"url":"https:\/\/jornalfatosenoticias.com.br\/index.php\/author\/luzimara\/"}]}},"cc_featured_image_caption":{"caption_text":"(Foto: Divulga\u00e7\u00e3o\/TV Cultura) ","source_text":"","source_url":""},"jetpack_featured_media_url":"https:\/\/jornalfatosenoticias.com.br\/wp-content\/uploads\/2024\/06\/Castelo-ra-tim-bum.jpg","_links":{"self":[{"href":"https:\/\/jornalfatosenoticias.com.br\/index.php\/wp-json\/wp\/v2\/posts\/51996","targetHints":{"allow":["GET"]}}],"collection":[{"href":"https:\/\/jornalfatosenoticias.com.br\/index.php\/wp-json\/wp\/v2\/posts"}],"about":[{"href":"https:\/\/jornalfatosenoticias.com.br\/index.php\/wp-json\/wp\/v2\/types\/post"}],"author":[{"embeddable":true,"href":"https:\/\/jornalfatosenoticias.com.br\/index.php\/wp-json\/wp\/v2\/users\/2"}],"replies":[{"embeddable":true,"href":"https:\/\/jornalfatosenoticias.com.br\/index.php\/wp-json\/wp\/v2\/comments?post=51996"}],"version-history":[{"count":0,"href":"https:\/\/jornalfatosenoticias.com.br\/index.php\/wp-json\/wp\/v2\/posts\/51996\/revisions"}],"wp:featuredmedia":[{"embeddable":true,"href":"https:\/\/jornalfatosenoticias.com.br\/index.php\/wp-json\/wp\/v2\/media\/51997"}],"wp:attachment":[{"href":"https:\/\/jornalfatosenoticias.com.br\/index.php\/wp-json\/wp\/v2\/media?parent=51996"}],"wp:term":[{"taxonomy":"category","embeddable":true,"href":"https:\/\/jornalfatosenoticias.com.br\/index.php\/wp-json\/wp\/v2\/categories?post=51996"},{"taxonomy":"post_tag","embeddable":true,"href":"https:\/\/jornalfatosenoticias.com.br\/index.php\/wp-json\/wp\/v2\/tags?post=51996"}],"curies":[{"name":"wp","href":"https:\/\/api.w.org\/{rel}","templated":true}]}}