{"id":51999,"date":"2024-06-14T11:51:10","date_gmt":"2024-06-14T14:51:10","guid":{"rendered":"https:\/\/jornalfatosenoticias.com.br\/?p=51999"},"modified":"2024-06-14T11:51:12","modified_gmt":"2024-06-14T14:51:12","slug":"jupara-especie-semeadora-em-risco-de-extincao","status":"publish","type":"post","link":"https:\/\/jornalfatosenoticias.com.br\/index.php\/2024\/06\/14\/jupara-especie-semeadora-em-risco-de-extincao\/","title":{"rendered":"Jupar\u00e1, esp\u00e9cie semeadora em risco de extin\u00e7\u00e3o"},"content":{"rendered":"\n<p><em><span class=\"has-inline-color has-black-color\">Al\u00e9m de fofo, este macaco-da-noite \u00e9 semeador de cacau<\/span><\/em><\/p>\n\n\n\n<p><span class=\"has-inline-color has-black-color\">Por <strong>Deise Aur<\/strong><\/span><\/p>\n\n\n\n<div class=\"wp-block-image\"><figure class=\"aligncenter size-large is-resized\"><img loading=\"lazy\" decoding=\"async\" src=\"https:\/\/jornalfatosenoticias.com.br\/wp-content\/uploads\/2023\/09\/vetorvix1024_1.jpg\" alt=\"\" class=\"wp-image-44868\" width=\"528\" height=\"140\" srcset=\"https:\/\/jornalfatosenoticias.com.br\/wp-content\/uploads\/2023\/09\/vetorvix1024_1.jpg 1024w, https:\/\/jornalfatosenoticias.com.br\/wp-content\/uploads\/2023\/09\/vetorvix1024_1-300x80.jpg 300w, https:\/\/jornalfatosenoticias.com.br\/wp-content\/uploads\/2023\/09\/vetorvix1024_1-768x205.jpg 768w\" sizes=\"auto, (max-width: 528px) 100vw, 528px\" \/><\/figure><\/div>\n\n\n\n<p>Voc\u00ea j\u00e1 ouviu falar do <strong>jupar\u00e1<\/strong>? Este animal tamb\u00e9m conhecido como <strong>macaco-da-noite <\/strong>\u00e9 o <em>Potus flavus<\/em>. Essa fofura de animal, apesar da denomina\u00e7\u00e3o \u201cmacaco-da-noite\u201d, <a href=\"http:\/\/portalamazonia.com\/opiniao\/luciana-frazao\/conheca-o-curioso-e-amigavel-macaco-da-noite-ou-jupara-especie-potus-flavus?fbclid=IwAR1V-Dv7kM-zI_2dduKsbK0phtLiOV_qDaji6Q7fYg6vtmRRWzYweF1-cWU\">n\u00e3o \u00e9 um primata<\/a>. Seu nome se deve aos h\u00e1bitos noturno e arbor\u00edcola da esp\u00e9cie, que frequenta florestas fechadas e com copas de \u00e1rvores entre 20 e 30 m de altura.<br>O jupar\u00e1 \u00e9 um animal da fam\u00edlia <em>Procyonidae<\/em>, <strong>a mesma dos quatis e dos guaxinins<\/strong> e \u00e9 muito parecido com o <a href=\"https:\/\/www.greenme.com.br\/informarse\/animais\/7059-lemure-como-vive-e-simbolismo-espiritual\/\">l\u00eamure<\/a>. Ele \u00e9 um mam\u00edfero de pequeno porte, com tamanho m\u00e9dio de 58 cm de comprimento de corpo e 48 cm de cauda pre\u00eansil, ou seja, uma cauda que serve para esse animal se pendurar e manter a estabilidade nos galhos das \u00e1rvores, como um quinto membro do corpo.<\/p>\n\n\n\n<div class=\"wp-block-image\"><figure class=\"aligncenter size-large\"><img loading=\"lazy\" decoding=\"async\" width=\"300\" height=\"250\" src=\"https:\/\/jornalfatosenoticias.com.br\/wp-content\/uploads\/2022\/02\/FERRARI_MAQUINAS-E-FERRAMENTAS2.jpg\" alt=\"\" class=\"wp-image-27860\"\/><\/figure><\/div>\n\n\n\n<p>Basicamente, o jupar\u00e1 \u00e9 frug\u00edvoro, quer dizer, se alimenta de frutos, mas pode ocasionalmente se alimentar de insetos e pequenos vertebrados. Ele tamb\u00e9m se alimenta de n\u00e9ctar e mel, para isso o animal utiliza sua l\u00edngua longa e flex\u00edvel. Esse h\u00e1bito alimentar lhe rendeu um outro nome curioso, pelo qual ele tamb\u00e9m \u00e9 conhecido: o urso-do-mel.<\/p>\n\n\n\n<div class=\"wp-block-image\"><figure class=\"aligncenter size-large is-resized\"><img loading=\"lazy\" decoding=\"async\" src=\"https:\/\/jornalfatosenoticias.com.br\/wp-content\/uploads\/2020\/02\/logo-Rapuzel-1024x571.jpg\" alt=\"\" class=\"wp-image-42808\" width=\"327\" height=\"182\" srcset=\"https:\/\/jornalfatosenoticias.com.br\/wp-content\/uploads\/2020\/02\/logo-Rapuzel-1024x571.jpg 1024w, https:\/\/jornalfatosenoticias.com.br\/wp-content\/uploads\/2020\/02\/logo-Rapuzel-300x167.jpg 300w, https:\/\/jornalfatosenoticias.com.br\/wp-content\/uploads\/2020\/02\/logo-Rapuzel-768x428.jpg 768w, https:\/\/jornalfatosenoticias.com.br\/wp-content\/uploads\/2020\/02\/logo-Rapuzel-1536x856.jpg 1536w, https:\/\/jornalfatosenoticias.com.br\/wp-content\/uploads\/2020\/02\/logo-Rapuzel.jpg 1600w\" sizes=\"auto, (max-width: 327px) 100vw, 327px\" \/><\/figure><\/div>\n\n\n\n<p><span class=\"has-inline-color has-vivid-green-cyan-color\"><strong>Veja neste v\u00eddeo o jupar\u00e1 se alimentando de uma jaca na regi\u00e3o da <a href=\"https:\/\/www.greenme.com.br\/informarse\/animais-em-extincao\/72223-fofura-este-macaco-da-noite-e-o-jupara-especie-semeadora-de-cacau-em-risco-de-extincao\/#\">Mata do Passarinho<\/a>, entre Minas Gerais e Bahia<\/strong><\/span><\/p>\n\n\n\n<figure class=\"wp-block-embed-youtube wp-block-embed is-type-video is-provider-youtube wp-embed-aspect-16-9 wp-has-aspect-ratio\"><div class=\"wp-block-embed__wrapper\">\n<iframe loading=\"lazy\" title=\"Jupar\u00e1 na Mata do Passarinho\" width=\"660\" height=\"371\" src=\"https:\/\/www.youtube.com\/embed\/SecuCQnlahk?feature=oembed\" frameborder=\"0\" allow=\"accelerometer; autoplay; clipboard-write; encrypted-media; gyroscope; picture-in-picture; web-share\" referrerpolicy=\"strict-origin-when-cross-origin\" allowfullscreen><\/iframe>\n<\/div><\/figure>\n\n\n\n<p>Estes animais ocorrem nas Am\u00e9ricas do Norte e Central. No Brasil, o jupar\u00e1 vive mais intensivamente na regi\u00e3o da Amaz\u00f4nia, por\u00e9m pode ser encontrado na Mata Atl\u00e2ntica litor\u00e2nea do leste do Brasil. Um dos perigos que o jupar\u00e1 vem sofrendo em seu habitat \u00e9 a <strong>a\u00e7\u00e3o de\u00a0<\/strong><a href=\"https:\/\/www.greenme.com.br\/informarse\/animais\/73873-trafico-de-animais-um-crime-perverso-sustentado-por-voce\/\">traficantes de animais silvestres<\/a>, que capturam esse animal para comercializ\u00e1-lo como pet.<\/p>\n\n\n\n<div class=\"wp-block-image\"><figure class=\"aligncenter size-large is-resized\"><img loading=\"lazy\" decoding=\"async\" src=\"https:\/\/jornalfatosenoticias.com.br\/wp-content\/uploads\/2020\/02\/CONTROL-CS.jpg\" alt=\"\" class=\"wp-image-44991\" width=\"277\" height=\"332\" srcset=\"https:\/\/jornalfatosenoticias.com.br\/wp-content\/uploads\/2020\/02\/CONTROL-CS.jpg 834w, https:\/\/jornalfatosenoticias.com.br\/wp-content\/uploads\/2020\/02\/CONTROL-CS-250x300.jpg 250w, https:\/\/jornalfatosenoticias.com.br\/wp-content\/uploads\/2020\/02\/CONTROL-CS-768x921.jpg 768w\" sizes=\"auto, (max-width: 277px) 100vw, 277px\" \/><\/figure><\/div>\n\n\n\n<p><strong><span class=\"has-inline-color has-vivid-green-cyan-color\">Comportamento<br><\/span><\/strong>O jupar\u00e1 costuma ter um comportamento solit\u00e1rio, mas tamb\u00e9m pode ser encontrado em grupos de at\u00e9 quatro indiv\u00edduos, principalmente quando est\u00e3o se alimentando. Sua procria\u00e7\u00e3o varia entre um e dois filhotes por gesta\u00e7\u00e3o e os nascimentos costumam ocorrer no ver\u00e3o, com intervalo de um a dois anos entre uma gesta\u00e7\u00e3o e outra.<\/p>\n\n\n\n<div class=\"wp-block-image\"><figure class=\"aligncenter size-large is-resized\"><img loading=\"lazy\" decoding=\"async\" src=\"https:\/\/jornalfatosenoticias.com.br\/wp-content\/uploads\/2023\/08\/ITH.jpeg\" alt=\"\" class=\"wp-image-44638\" width=\"303\" height=\"246\" srcset=\"https:\/\/jornalfatosenoticias.com.br\/wp-content\/uploads\/2023\/08\/ITH.jpeg 800w, https:\/\/jornalfatosenoticias.com.br\/wp-content\/uploads\/2023\/08\/ITH-300x244.jpeg 300w, https:\/\/jornalfatosenoticias.com.br\/wp-content\/uploads\/2023\/08\/ITH-768x624.jpeg 768w\" sizes=\"auto, (max-width: 303px) 100vw, 303px\" \/><\/figure><\/div>\n\n\n\n<p>A dura\u00e7\u00e3o da gesta\u00e7\u00e3o \u00e9 de 98 e 120 dias e, ao nascerem, os filhotes podem pesar entre 150 e 200 gramas, abrindo os olhos entre o 7\u00ba e o 19\u00ba dias e se alimentando de comida s\u00f3lida a partir de sete semanas, quando j\u00e1 come\u00e7am a se pendurar com a cauda nas \u00e1rvores.<\/p>\n\n\n\n<div class=\"wp-block-image\"><figure class=\"aligncenter size-large is-resized\"><img loading=\"lazy\" decoding=\"async\" src=\"https:\/\/jornalfatosenoticias.com.br\/wp-content\/uploads\/2020\/02\/nova-logo-Marquetti.jpg\" alt=\"\" class=\"wp-image-22331\" width=\"304\" height=\"204\" srcset=\"https:\/\/jornalfatosenoticias.com.br\/wp-content\/uploads\/2020\/02\/nova-logo-Marquetti.jpg 643w, https:\/\/jornalfatosenoticias.com.br\/wp-content\/uploads\/2020\/02\/nova-logo-Marquetti-300x202.jpg 300w\" sizes=\"auto, (max-width: 304px) 100vw, 304px\" \/><\/figure><\/div>\n\n\n\n<p>O macho da esp\u00e9cie adquire a capacidade de reproduzir com a idade de um ano e seis meses, em contrapartida, isso s\u00f3 ocorre na f\u00eamea quando ela est\u00e1 com dois anos de idade. Em cativeiro o jupar\u00e1 pode alcan\u00e7ar at\u00e9 cerca de 24 anos, embora haja quem diga que esta esp\u00e9cie pode viver at\u00e9 40 anos. <\/p>\n\n\n\n<div class=\"wp-block-image\"><figure class=\"aligncenter size-large is-resized\"><img loading=\"lazy\" decoding=\"async\" src=\"https:\/\/jornalfatosenoticias.com.br\/wp-content\/uploads\/2023\/12\/pegoretti-logo-pdf-1024x389.jpg\" alt=\"\" class=\"wp-image-47536\" width=\"435\" height=\"165\" srcset=\"https:\/\/jornalfatosenoticias.com.br\/wp-content\/uploads\/2023\/12\/pegoretti-logo-pdf-1024x389.jpg 1024w, https:\/\/jornalfatosenoticias.com.br\/wp-content\/uploads\/2023\/12\/pegoretti-logo-pdf-300x114.jpg 300w, https:\/\/jornalfatosenoticias.com.br\/wp-content\/uploads\/2023\/12\/pegoretti-logo-pdf-768x291.jpg 768w, https:\/\/jornalfatosenoticias.com.br\/wp-content\/uploads\/2023\/12\/pegoretti-logo-pdf.jpg 1120w\" sizes=\"auto, (max-width: 435px) 100vw, 435px\" \/><\/figure><\/div>\n\n\n\n<p>O jupar\u00e1 aprecia se alimentar do <a href=\"https:\/\/www.greenme.com.br\/consumir\/consumo-consciente\/8711-cacau-desmatamento-exploracao\/\">cacau<\/a> e por isso acaba espalhando as sementes desse fruto para outros locais, sendo assim, este animal desempenha o importante papel de \u201csemeador de cacau\u201d.<\/p>\n\n\n\n<div class=\"wp-block-image\"><figure class=\"aligncenter size-large is-resized\"><img loading=\"lazy\" decoding=\"async\" src=\"https:\/\/jornalfatosenoticias.com.br\/wp-content\/uploads\/2020\/02\/logo_esteio.jpg\" alt=\"\" class=\"wp-image-1214\" width=\"338\" height=\"282\"\/><\/figure><\/div>\n\n\n\n<p><strong><em>Fonte: <a href=\"https:\/\/www.greenme.com.br\/informarse\/animais-em-extincao\/72223-fofura-este-macaco-da-noite-e-o-jupara-especie-semeadora-de-cacau-em-risco-de-extincao\/\">GreenMe<\/a><\/em><\/strong><\/p>\n","protected":false},"excerpt":{"rendered":"<p>Al\u00e9m de fofo, este macaco-da-noite \u00e9 semeador de cacau Por Deise Aur Voc\u00ea j\u00e1 ouviu falar do jupar\u00e1? Este animal tamb\u00e9m conhecido como macaco-da-noite \u00e9 o Potus flavus. Essa fofura de animal, apesar da denomina\u00e7\u00e3o \u201cmacaco-da-noite\u201d, n\u00e3o \u00e9 um primata. Seu nome se deve aos h\u00e1bitos noturno e arbor\u00edcola da esp\u00e9cie, que frequenta florestas fechadas [&hellip;]<\/p>\n","protected":false},"author":2,"featured_media":52001,"comment_status":"open","ping_status":"open","sticky":false,"template":"","format":"standard","meta":{"footnotes":""},"categories":[8],"tags":[123,2858,10753,10752,23799],"class_list":["post-51999","post","type-post","status-publish","format-standard","has-post-thumbnail","hentry","category-meio-ambiente","tag-amazonia","tag-fauna","tag-jupara","tag-macaco-da-noite","tag-potus-flavus"],"yoast_head":"<!-- This site is optimized with the Yoast SEO plugin v26.5 - https:\/\/yoast.com\/wordpress\/plugins\/seo\/ -->\n<title>Jupar\u00e1, esp\u00e9cie semeadora em risco de extin\u00e7\u00e3o - Jornal Fatos e Not\u00edcias<\/title>\n<meta name=\"robots\" content=\"index, follow, max-snippet:-1, max-image-preview:large, max-video-preview:-1\" \/>\n<link rel=\"canonical\" href=\"https:\/\/jornalfatosenoticias.com.br\/index.php\/2024\/06\/14\/jupara-especie-semeadora-em-risco-de-extincao\/\" \/>\n<meta property=\"og:locale\" content=\"pt_BR\" \/>\n<meta property=\"og:type\" content=\"article\" \/>\n<meta property=\"og:title\" content=\"Jupar\u00e1, esp\u00e9cie semeadora em risco de extin\u00e7\u00e3o - Jornal Fatos e Not\u00edcias\" \/>\n<meta property=\"og:description\" content=\"Al\u00e9m de fofo, este macaco-da-noite \u00e9 semeador de cacau Por Deise Aur Voc\u00ea j\u00e1 ouviu falar do jupar\u00e1? Este animal tamb\u00e9m conhecido como macaco-da-noite \u00e9 o Potus flavus. Essa fofura de animal, apesar da denomina\u00e7\u00e3o \u201cmacaco-da-noite\u201d, n\u00e3o \u00e9 um primata. Seu nome se deve aos h\u00e1bitos noturno e arbor\u00edcola da esp\u00e9cie, que frequenta florestas fechadas [&hellip;]\" \/>\n<meta property=\"og:url\" content=\"https:\/\/jornalfatosenoticias.com.br\/index.php\/2024\/06\/14\/jupara-especie-semeadora-em-risco-de-extincao\/\" \/>\n<meta property=\"og:site_name\" content=\"Jornal Fatos e Not\u00edcias\" \/>\n<meta property=\"article:published_time\" content=\"2024-06-14T14:51:10+00:00\" \/>\n<meta property=\"article:modified_time\" content=\"2024-06-14T14:51:12+00:00\" \/>\n<meta property=\"og:image\" content=\"https:\/\/jornalfatosenoticias.com.br\/wp-content\/uploads\/2024\/06\/jupara_Pinterest.jpg\" \/>\n\t<meta property=\"og:image:width\" content=\"564\" \/>\n\t<meta property=\"og:image:height\" content=\"423\" \/>\n\t<meta property=\"og:image:type\" content=\"image\/jpeg\" \/>\n<meta name=\"author\" content=\"Luzimara Fernandes\" \/>\n<meta name=\"twitter:card\" content=\"summary_large_image\" \/>\n<meta name=\"twitter:label1\" content=\"Escrito por\" \/>\n\t<meta name=\"twitter:data1\" content=\"Luzimara Fernandes\" \/>\n\t<meta name=\"twitter:label2\" content=\"Est. tempo de leitura\" \/>\n\t<meta name=\"twitter:data2\" content=\"3 minutos\" \/>\n<script type=\"application\/ld+json\" class=\"yoast-schema-graph\">{\"@context\":\"https:\/\/schema.org\",\"@graph\":[{\"@type\":\"Article\",\"@id\":\"https:\/\/jornalfatosenoticias.com.br\/index.php\/2024\/06\/14\/jupara-especie-semeadora-em-risco-de-extincao\/#article\",\"isPartOf\":{\"@id\":\"https:\/\/jornalfatosenoticias.com.br\/index.php\/2024\/06\/14\/jupara-especie-semeadora-em-risco-de-extincao\/\"},\"author\":{\"name\":\"Luzimara Fernandes\",\"@id\":\"https:\/\/jornalfatosenoticias.com.br\/#\/schema\/person\/d63837fa13ac8666eb9e74e0985d6f81\"},\"headline\":\"Jupar\u00e1, esp\u00e9cie semeadora em risco de extin\u00e7\u00e3o\",\"datePublished\":\"2024-06-14T14:51:10+00:00\",\"dateModified\":\"2024-06-14T14:51:12+00:00\",\"mainEntityOfPage\":{\"@id\":\"https:\/\/jornalfatosenoticias.com.br\/index.php\/2024\/06\/14\/jupara-especie-semeadora-em-risco-de-extincao\/\"},\"wordCount\":531,\"commentCount\":0,\"publisher\":{\"@id\":\"https:\/\/jornalfatosenoticias.com.br\/#organization\"},\"image\":{\"@id\":\"https:\/\/jornalfatosenoticias.com.br\/index.php\/2024\/06\/14\/jupara-especie-semeadora-em-risco-de-extincao\/#primaryimage\"},\"thumbnailUrl\":\"https:\/\/jornalfatosenoticias.com.br\/wp-content\/uploads\/2024\/06\/jupara_Pinterest.jpg\",\"keywords\":[\"amaz\u00f4nia\",\"fauna\",\"jupar\u00e1\",\"macaco-da-noite\",\"Potus flavus\"],\"articleSection\":[\"Meio ambiente\"],\"inLanguage\":\"pt-BR\",\"potentialAction\":[{\"@type\":\"CommentAction\",\"name\":\"Comment\",\"target\":[\"https:\/\/jornalfatosenoticias.com.br\/index.php\/2024\/06\/14\/jupara-especie-semeadora-em-risco-de-extincao\/#respond\"]}]},{\"@type\":\"WebPage\",\"@id\":\"https:\/\/jornalfatosenoticias.com.br\/index.php\/2024\/06\/14\/jupara-especie-semeadora-em-risco-de-extincao\/\",\"url\":\"https:\/\/jornalfatosenoticias.com.br\/index.php\/2024\/06\/14\/jupara-especie-semeadora-em-risco-de-extincao\/\",\"name\":\"Jupar\u00e1, esp\u00e9cie semeadora em risco de extin\u00e7\u00e3o - Jornal Fatos e Not\u00edcias\",\"isPartOf\":{\"@id\":\"https:\/\/jornalfatosenoticias.com.br\/#website\"},\"primaryImageOfPage\":{\"@id\":\"https:\/\/jornalfatosenoticias.com.br\/index.php\/2024\/06\/14\/jupara-especie-semeadora-em-risco-de-extincao\/#primaryimage\"},\"image\":{\"@id\":\"https:\/\/jornalfatosenoticias.com.br\/index.php\/2024\/06\/14\/jupara-especie-semeadora-em-risco-de-extincao\/#primaryimage\"},\"thumbnailUrl\":\"https:\/\/jornalfatosenoticias.com.br\/wp-content\/uploads\/2024\/06\/jupara_Pinterest.jpg\",\"datePublished\":\"2024-06-14T14:51:10+00:00\",\"dateModified\":\"2024-06-14T14:51:12+00:00\",\"breadcrumb\":{\"@id\":\"https:\/\/jornalfatosenoticias.com.br\/index.php\/2024\/06\/14\/jupara-especie-semeadora-em-risco-de-extincao\/#breadcrumb\"},\"inLanguage\":\"pt-BR\",\"potentialAction\":[{\"@type\":\"ReadAction\",\"target\":[\"https:\/\/jornalfatosenoticias.com.br\/index.php\/2024\/06\/14\/jupara-especie-semeadora-em-risco-de-extincao\/\"]}]},{\"@type\":\"ImageObject\",\"inLanguage\":\"pt-BR\",\"@id\":\"https:\/\/jornalfatosenoticias.com.br\/index.php\/2024\/06\/14\/jupara-especie-semeadora-em-risco-de-extincao\/#primaryimage\",\"url\":\"https:\/\/jornalfatosenoticias.com.br\/wp-content\/uploads\/2024\/06\/jupara_Pinterest.jpg\",\"contentUrl\":\"https:\/\/jornalfatosenoticias.com.br\/wp-content\/uploads\/2024\/06\/jupara_Pinterest.jpg\",\"width\":564,\"height\":423},{\"@type\":\"BreadcrumbList\",\"@id\":\"https:\/\/jornalfatosenoticias.com.br\/index.php\/2024\/06\/14\/jupara-especie-semeadora-em-risco-de-extincao\/#breadcrumb\",\"itemListElement\":[{\"@type\":\"ListItem\",\"position\":1,\"name\":\"In\u00edcio\",\"item\":\"https:\/\/jornalfatosenoticias.com.br\/\"},{\"@type\":\"ListItem\",\"position\":2,\"name\":\"Jupar\u00e1, esp\u00e9cie semeadora em risco de extin\u00e7\u00e3o\"}]},{\"@type\":\"WebSite\",\"@id\":\"https:\/\/jornalfatosenoticias.com.br\/#website\",\"url\":\"https:\/\/jornalfatosenoticias.com.br\/\",\"name\":\"Jornal Fatos e Not\u00edcias\",\"description\":\"Not\u00edcias em geral\",\"publisher\":{\"@id\":\"https:\/\/jornalfatosenoticias.com.br\/#organization\"},\"potentialAction\":[{\"@type\":\"SearchAction\",\"target\":{\"@type\":\"EntryPoint\",\"urlTemplate\":\"https:\/\/jornalfatosenoticias.com.br\/?s={search_term_string}\"},\"query-input\":{\"@type\":\"PropertyValueSpecification\",\"valueRequired\":true,\"valueName\":\"search_term_string\"}}],\"inLanguage\":\"pt-BR\"},{\"@type\":\"Organization\",\"@id\":\"https:\/\/jornalfatosenoticias.com.br\/#organization\",\"name\":\"Jornal Fatos e Not\u00edcias\",\"url\":\"https:\/\/jornalfatosenoticias.com.br\/\",\"logo\":{\"@type\":\"ImageObject\",\"inLanguage\":\"pt-BR\",\"@id\":\"https:\/\/jornalfatosenoticias.com.br\/#\/schema\/logo\/image\/\",\"url\":\"https:\/\/jornalfatosenoticias.com.br\/wp-content\/uploads\/2020\/02\/logo120.png\",\"contentUrl\":\"https:\/\/jornalfatosenoticias.com.br\/wp-content\/uploads\/2020\/02\/logo120.png\",\"width\":1227,\"height\":120,\"caption\":\"Jornal Fatos e Not\u00edcias\"},\"image\":{\"@id\":\"https:\/\/jornalfatosenoticias.com.br\/#\/schema\/logo\/image\/\"}},{\"@type\":\"Person\",\"@id\":\"https:\/\/jornalfatosenoticias.com.br\/#\/schema\/person\/d63837fa13ac8666eb9e74e0985d6f81\",\"name\":\"Luzimara Fernandes\",\"image\":{\"@type\":\"ImageObject\",\"inLanguage\":\"pt-BR\",\"@id\":\"https:\/\/jornalfatosenoticias.com.br\/#\/schema\/person\/image\/\",\"url\":\"https:\/\/jornalfatosenoticias.com.br\/wp-content\/uploads\/2025\/05\/EU_portal.jpg\",\"contentUrl\":\"https:\/\/jornalfatosenoticias.com.br\/wp-content\/uploads\/2025\/05\/EU_portal.jpg\",\"caption\":\"Luzimara Fernandes\"},\"description\":\"Jornalista MTB 2358-ES\",\"sameAs\":[\"https:\/\/jornalfatosenoticias.com.br\"],\"url\":\"https:\/\/jornalfatosenoticias.com.br\/index.php\/author\/luzimara\/\"}]}<\/script>\n<!-- \/ Yoast SEO plugin. -->","yoast_head_json":{"title":"Jupar\u00e1, esp\u00e9cie semeadora em risco de extin\u00e7\u00e3o - Jornal Fatos e Not\u00edcias","robots":{"index":"index","follow":"follow","max-snippet":"max-snippet:-1","max-image-preview":"max-image-preview:large","max-video-preview":"max-video-preview:-1"},"canonical":"https:\/\/jornalfatosenoticias.com.br\/index.php\/2024\/06\/14\/jupara-especie-semeadora-em-risco-de-extincao\/","og_locale":"pt_BR","og_type":"article","og_title":"Jupar\u00e1, esp\u00e9cie semeadora em risco de extin\u00e7\u00e3o - Jornal Fatos e Not\u00edcias","og_description":"Al\u00e9m de fofo, este macaco-da-noite \u00e9 semeador de cacau Por Deise Aur Voc\u00ea j\u00e1 ouviu falar do jupar\u00e1? Este animal tamb\u00e9m conhecido como macaco-da-noite \u00e9 o Potus flavus. Essa fofura de animal, apesar da denomina\u00e7\u00e3o \u201cmacaco-da-noite\u201d, n\u00e3o \u00e9 um primata. Seu nome se deve aos h\u00e1bitos noturno e arbor\u00edcola da esp\u00e9cie, que frequenta florestas fechadas [&hellip;]","og_url":"https:\/\/jornalfatosenoticias.com.br\/index.php\/2024\/06\/14\/jupara-especie-semeadora-em-risco-de-extincao\/","og_site_name":"Jornal Fatos e Not\u00edcias","article_published_time":"2024-06-14T14:51:10+00:00","article_modified_time":"2024-06-14T14:51:12+00:00","og_image":[{"width":564,"height":423,"url":"https:\/\/jornalfatosenoticias.com.br\/wp-content\/uploads\/2024\/06\/jupara_Pinterest.jpg","type":"image\/jpeg"}],"author":"Luzimara Fernandes","twitter_card":"summary_large_image","twitter_misc":{"Escrito por":"Luzimara Fernandes","Est. tempo de leitura":"3 minutos"},"schema":{"@context":"https:\/\/schema.org","@graph":[{"@type":"Article","@id":"https:\/\/jornalfatosenoticias.com.br\/index.php\/2024\/06\/14\/jupara-especie-semeadora-em-risco-de-extincao\/#article","isPartOf":{"@id":"https:\/\/jornalfatosenoticias.com.br\/index.php\/2024\/06\/14\/jupara-especie-semeadora-em-risco-de-extincao\/"},"author":{"name":"Luzimara Fernandes","@id":"https:\/\/jornalfatosenoticias.com.br\/#\/schema\/person\/d63837fa13ac8666eb9e74e0985d6f81"},"headline":"Jupar\u00e1, esp\u00e9cie semeadora em risco de extin\u00e7\u00e3o","datePublished":"2024-06-14T14:51:10+00:00","dateModified":"2024-06-14T14:51:12+00:00","mainEntityOfPage":{"@id":"https:\/\/jornalfatosenoticias.com.br\/index.php\/2024\/06\/14\/jupara-especie-semeadora-em-risco-de-extincao\/"},"wordCount":531,"commentCount":0,"publisher":{"@id":"https:\/\/jornalfatosenoticias.com.br\/#organization"},"image":{"@id":"https:\/\/jornalfatosenoticias.com.br\/index.php\/2024\/06\/14\/jupara-especie-semeadora-em-risco-de-extincao\/#primaryimage"},"thumbnailUrl":"https:\/\/jornalfatosenoticias.com.br\/wp-content\/uploads\/2024\/06\/jupara_Pinterest.jpg","keywords":["amaz\u00f4nia","fauna","jupar\u00e1","macaco-da-noite","Potus flavus"],"articleSection":["Meio ambiente"],"inLanguage":"pt-BR","potentialAction":[{"@type":"CommentAction","name":"Comment","target":["https:\/\/jornalfatosenoticias.com.br\/index.php\/2024\/06\/14\/jupara-especie-semeadora-em-risco-de-extincao\/#respond"]}]},{"@type":"WebPage","@id":"https:\/\/jornalfatosenoticias.com.br\/index.php\/2024\/06\/14\/jupara-especie-semeadora-em-risco-de-extincao\/","url":"https:\/\/jornalfatosenoticias.com.br\/index.php\/2024\/06\/14\/jupara-especie-semeadora-em-risco-de-extincao\/","name":"Jupar\u00e1, esp\u00e9cie semeadora em risco de extin\u00e7\u00e3o - Jornal Fatos e Not\u00edcias","isPartOf":{"@id":"https:\/\/jornalfatosenoticias.com.br\/#website"},"primaryImageOfPage":{"@id":"https:\/\/jornalfatosenoticias.com.br\/index.php\/2024\/06\/14\/jupara-especie-semeadora-em-risco-de-extincao\/#primaryimage"},"image":{"@id":"https:\/\/jornalfatosenoticias.com.br\/index.php\/2024\/06\/14\/jupara-especie-semeadora-em-risco-de-extincao\/#primaryimage"},"thumbnailUrl":"https:\/\/jornalfatosenoticias.com.br\/wp-content\/uploads\/2024\/06\/jupara_Pinterest.jpg","datePublished":"2024-06-14T14:51:10+00:00","dateModified":"2024-06-14T14:51:12+00:00","breadcrumb":{"@id":"https:\/\/jornalfatosenoticias.com.br\/index.php\/2024\/06\/14\/jupara-especie-semeadora-em-risco-de-extincao\/#breadcrumb"},"inLanguage":"pt-BR","potentialAction":[{"@type":"ReadAction","target":["https:\/\/jornalfatosenoticias.com.br\/index.php\/2024\/06\/14\/jupara-especie-semeadora-em-risco-de-extincao\/"]}]},{"@type":"ImageObject","inLanguage":"pt-BR","@id":"https:\/\/jornalfatosenoticias.com.br\/index.php\/2024\/06\/14\/jupara-especie-semeadora-em-risco-de-extincao\/#primaryimage","url":"https:\/\/jornalfatosenoticias.com.br\/wp-content\/uploads\/2024\/06\/jupara_Pinterest.jpg","contentUrl":"https:\/\/jornalfatosenoticias.com.br\/wp-content\/uploads\/2024\/06\/jupara_Pinterest.jpg","width":564,"height":423},{"@type":"BreadcrumbList","@id":"https:\/\/jornalfatosenoticias.com.br\/index.php\/2024\/06\/14\/jupara-especie-semeadora-em-risco-de-extincao\/#breadcrumb","itemListElement":[{"@type":"ListItem","position":1,"name":"In\u00edcio","item":"https:\/\/jornalfatosenoticias.com.br\/"},{"@type":"ListItem","position":2,"name":"Jupar\u00e1, esp\u00e9cie semeadora em risco de extin\u00e7\u00e3o"}]},{"@type":"WebSite","@id":"https:\/\/jornalfatosenoticias.com.br\/#website","url":"https:\/\/jornalfatosenoticias.com.br\/","name":"Jornal Fatos e Not\u00edcias","description":"Not\u00edcias em geral","publisher":{"@id":"https:\/\/jornalfatosenoticias.com.br\/#organization"},"potentialAction":[{"@type":"SearchAction","target":{"@type":"EntryPoint","urlTemplate":"https:\/\/jornalfatosenoticias.com.br\/?s={search_term_string}"},"query-input":{"@type":"PropertyValueSpecification","valueRequired":true,"valueName":"search_term_string"}}],"inLanguage":"pt-BR"},{"@type":"Organization","@id":"https:\/\/jornalfatosenoticias.com.br\/#organization","name":"Jornal Fatos e Not\u00edcias","url":"https:\/\/jornalfatosenoticias.com.br\/","logo":{"@type":"ImageObject","inLanguage":"pt-BR","@id":"https:\/\/jornalfatosenoticias.com.br\/#\/schema\/logo\/image\/","url":"https:\/\/jornalfatosenoticias.com.br\/wp-content\/uploads\/2020\/02\/logo120.png","contentUrl":"https:\/\/jornalfatosenoticias.com.br\/wp-content\/uploads\/2020\/02\/logo120.png","width":1227,"height":120,"caption":"Jornal Fatos e Not\u00edcias"},"image":{"@id":"https:\/\/jornalfatosenoticias.com.br\/#\/schema\/logo\/image\/"}},{"@type":"Person","@id":"https:\/\/jornalfatosenoticias.com.br\/#\/schema\/person\/d63837fa13ac8666eb9e74e0985d6f81","name":"Luzimara Fernandes","image":{"@type":"ImageObject","inLanguage":"pt-BR","@id":"https:\/\/jornalfatosenoticias.com.br\/#\/schema\/person\/image\/","url":"https:\/\/jornalfatosenoticias.com.br\/wp-content\/uploads\/2025\/05\/EU_portal.jpg","contentUrl":"https:\/\/jornalfatosenoticias.com.br\/wp-content\/uploads\/2025\/05\/EU_portal.jpg","caption":"Luzimara Fernandes"},"description":"Jornalista MTB 2358-ES","sameAs":["https:\/\/jornalfatosenoticias.com.br"],"url":"https:\/\/jornalfatosenoticias.com.br\/index.php\/author\/luzimara\/"}]}},"cc_featured_image_caption":{"caption_text":"(Foto: Pinterest) ","source_text":"","source_url":""},"jetpack_featured_media_url":"https:\/\/jornalfatosenoticias.com.br\/wp-content\/uploads\/2024\/06\/jupara_Pinterest.jpg","_links":{"self":[{"href":"https:\/\/jornalfatosenoticias.com.br\/index.php\/wp-json\/wp\/v2\/posts\/51999","targetHints":{"allow":["GET"]}}],"collection":[{"href":"https:\/\/jornalfatosenoticias.com.br\/index.php\/wp-json\/wp\/v2\/posts"}],"about":[{"href":"https:\/\/jornalfatosenoticias.com.br\/index.php\/wp-json\/wp\/v2\/types\/post"}],"author":[{"embeddable":true,"href":"https:\/\/jornalfatosenoticias.com.br\/index.php\/wp-json\/wp\/v2\/users\/2"}],"replies":[{"embeddable":true,"href":"https:\/\/jornalfatosenoticias.com.br\/index.php\/wp-json\/wp\/v2\/comments?post=51999"}],"version-history":[{"count":0,"href":"https:\/\/jornalfatosenoticias.com.br\/index.php\/wp-json\/wp\/v2\/posts\/51999\/revisions"}],"wp:featuredmedia":[{"embeddable":true,"href":"https:\/\/jornalfatosenoticias.com.br\/index.php\/wp-json\/wp\/v2\/media\/52001"}],"wp:attachment":[{"href":"https:\/\/jornalfatosenoticias.com.br\/index.php\/wp-json\/wp\/v2\/media?parent=51999"}],"wp:term":[{"taxonomy":"category","embeddable":true,"href":"https:\/\/jornalfatosenoticias.com.br\/index.php\/wp-json\/wp\/v2\/categories?post=51999"},{"taxonomy":"post_tag","embeddable":true,"href":"https:\/\/jornalfatosenoticias.com.br\/index.php\/wp-json\/wp\/v2\/tags?post=51999"}],"curies":[{"name":"wp","href":"https:\/\/api.w.org\/{rel}","templated":true}]}}