{"id":5200,"date":"2020-06-02T15:11:12","date_gmt":"2020-06-02T18:11:12","guid":{"rendered":"https:\/\/jornalfatosenoticias.com.br\/?p=5200"},"modified":"2020-06-02T15:11:17","modified_gmt":"2020-06-02T18:11:17","slug":"desaparecimento-da-camada-de-ozonio-causou-extincao-em-massa-na-terra","status":"publish","type":"post","link":"https:\/\/jornalfatosenoticias.com.br\/index.php\/2020\/06\/02\/desaparecimento-da-camada-de-ozonio-causou-extincao-em-massa-na-terra\/","title":{"rendered":"Desaparecimento da camada de oz\u00f4nio causou extin\u00e7\u00e3o em massa na Terra"},"content":{"rendered":"\n<h6 class=\"wp-block-heading\"><em>Nem meteoro, nem erup\u00e7\u00e3o vulc\u00e2nica massiva: fortes tempestades causadas pelo aquecimento global destru\u00edram a camada de oz\u00f4nio no fim do per\u00edodo devoniano, h\u00e1 359 milh\u00f5es de anos<\/em><\/h6>\n\n\n\n<p>Se voc\u00ea est\u00e1 achando o ano de 2020 complicado, imagine ter vivido no fim do per\u00edodo devoniano, 359 milh\u00f5es de anos atr\u00e1s. N\u00e3o fazia nem 12 milh\u00f5es de anos que tinha rolado uma extin\u00e7\u00e3o em massa, quando erup\u00e7\u00f5es vulc\u00e2nicas mataram a maioria dos corais e muitas criaturas marinhas sem casca. O clima estava uma loucura, variando entre congelamentos e efeito estufa. Peixes sa\u00edam da \u00e1gua e samambaias avan\u00e7avam em terra. A\u00ed aconteceu outra vez.<br>Cerca de 19% de todas as fam\u00edlias e 50% de todos os g\u00eaneros foram varridos do planeta ao fim do devoniano, e os pesquisadores tinham muitas teorias para tentar explicar como e porque isso aconteceu. A resposta finalmente veio atrav\u00e9s de esporos de plantas preservados em antigos sedimentos de lagos do leste da Groenl\u00e2ndia.<br>O culpado: uma s\u00fabita remo\u00e7\u00e3o da camada protetora de oz\u00f4nio do planeta, que exp\u00f4s a vida da superf\u00edcie a uma explos\u00e3o de radia\u00e7\u00e3o ultravioleta (UV). Assim que o evento de extin\u00e7\u00e3o come\u00e7ou, os esporos ficaram deformados e escuros (muta\u00e7\u00f5es causadas pelos raios UV), indicando danos ao DNA, como explica um artigo publicado na Science Advances.<br>At\u00e9 pouco tempo, os cientistas achavam que havia apenas duas maneiras de acabar com a vida na Terra (isso sem contar a pr\u00f3pria a\u00e7\u00e3o humana): uma pancada de um asteroide ou erup\u00e7\u00f5es vulc\u00e2nicas maci\u00e7as. Mas h\u00e1 dois anos, pesquisadores encontraram evid\u00eancias de que na pior extin\u00e7\u00e3o da Terra (o final do permiano, 252 milh\u00f5es de anos atr\u00e1s), vulc\u00f5es elevaram dep\u00f3sitos de sal da Sib\u00e9ria at\u00e9 a estratosfera, onde eles poderiam ter alimentado rea\u00e7\u00f5es qu\u00edmicas que destru\u00edram a camada de oz\u00f4nio e esterilizaram florestas inteiras.<br>Agora, os esporos do final do devoniano mostraram que, mesmo sem erup\u00e7\u00f5es, um clima quente pode esgotar a camada de oz\u00f4nio. &#8220;Com evid\u00eancias t\u00e3o fortes, as pessoas repensaram outros eventos de extin\u00e7\u00e3o em massa&#8221;, explica a paleobi\u00f3loga Lauren Sallan, da Universidade da Pensilv\u00e2nia.<br>Foi o trabalho de Sallan que revelou quando a extin\u00e7\u00e3o do devoniano tinha sido poderosa, destruindo muitas plantas e vertebrados, incluindo a maioria dos tetr\u00e1podes &#8211; os peixes de quatro patas que come\u00e7aram a desenvolver dedos das m\u00e3os e dos p\u00e9s. Apenas os tetr\u00e1podes de cinco dedos sobreviveram. &#8220;Isso redefine nossa pr\u00f3pria evolu\u00e7\u00e3o&#8221;, afirma John Marshall, palinologista da Universidade de Southampton e um dos coautores do estudo.<\/p>\n\n\n\n<figure class=\"wp-block-image size-large\"><img loading=\"lazy\" decoding=\"async\" width=\"1000\" height=\"708\" src=\"https:\/\/jornalfatosenoticias.com.br\/wp-content\/uploads\/2020\/06\/tetrapodes.jpg\" alt=\"\" class=\"wp-image-5201\" srcset=\"https:\/\/jornalfatosenoticias.com.br\/wp-content\/uploads\/2020\/06\/tetrapodes.jpg 1000w, https:\/\/jornalfatosenoticias.com.br\/wp-content\/uploads\/2020\/06\/tetrapodes-300x212.jpg 300w, https:\/\/jornalfatosenoticias.com.br\/wp-content\/uploads\/2020\/06\/tetrapodes-768x544.jpg 768w\" sizes=\"auto, (max-width: 1000px) 100vw, 1000px\" \/><figcaption><em>Tetr\u00e1podes do per\u00edodo devoniano (Ilustra\u00e7\u00e3o: Maggie Newman)<\/em><\/figcaption><\/figure>\n\n\n\n<p>O que faltava ao fim do devoniano era uma causa. N\u00e3o havia evid\u00eancias de atividades vulc\u00e2nicas ou de impacto gigante de um meteoro. &#8220;Algo estava realmente estragado com o clima naquela \u00e9poca&#8221;, diz Sallan. \u00c0 medida que o clima esquentava ap\u00f3s a \u00faltima era glacial do devoniano, os lagos se formaram e se encheram de sedimentos que lentamente se transformaram em lama petrificada, registrando as condi\u00e7\u00f5es antes e durante a extin\u00e7\u00e3o.<br>Nesse cen\u00e1rio, os pesquisadores conseguiram coletar esporos fossilizados. Os esporos s\u00e3o um f\u00f3ssil comum por causa do seu revestimento resistente, mas s\u00e3o vulner\u00e1veis \u00e2\u20ac\u2039\u00e2\u20ac\u2039\u00e0 radia\u00e7\u00e3o UV, como os humanos &#8211; eles podem at\u00e9 desenvolver um &#8220;bronzeado&#8221;. O dano que os cientistas observaram nas amostras \u00e9 consistente com esse tipo de exposi\u00e7\u00e3o.<br>O estudo indica que o clima quente provocou tempestades mais poderosas, que por sua vez injetaram uma mistura de \u00e1gua e sais na estratosfera, destruindo o oz\u00f4nio. Como os raios UV mataram as florestas, o escoamento de nutrientes para o mar poderia ter causado a prolifera\u00e7\u00e3o de pl\u00e2ncton e algas, produzindo mais sais destruidores de oz\u00f4nio em um feedback descontrolado.<br>O que aconteceu no devoniano pode ser considerado um press\u00e1gio do que poderia acontecer no mundo hoje, no qual o aquecimento do clima causa tempestades mais poderosas &#8211; que \u00e0s vezes &#8220;ultrapassam&#8221; a troposfera e injetam umidade na estratosfera seca e fria. N\u00e3o faz muito tempo, &#8220;condi\u00e7\u00f5es atmosf\u00e9ricas incomuns&#8221; para o Hemisf\u00e9rio Norte, segundo a Ag\u00eancia Espacial Europeia (ESA), abriram um buraco na camada de oz\u00f4nio na regi\u00e3o, que felizmente fechou-se semanas depois.<\/p>\n\n\n\n<p><strong><em>Fonte:<a href=\"https:\/\/olhardigital.com.br\/noticia\/desaparecimento-da-camada-de-ozonio-causou-extincao-em-massa-na-terra\/101428\"> Olhar Digital<\/a><\/em><\/strong><\/p>\n","protected":false},"excerpt":{"rendered":"<p>Nem meteoro, nem erup\u00e7\u00e3o vulc\u00e2nica massiva: fortes tempestades causadas pelo aquecimento global destru\u00edram a camada de oz\u00f4nio no fim do per\u00edodo devoniano, h\u00e1 359 milh\u00f5es de anos Se voc\u00ea est\u00e1 achando o ano de 2020 complicado, imagine ter vivido no fim do per\u00edodo devoniano, 359 milh\u00f5es de anos atr\u00e1s. N\u00e3o fazia nem 12 milh\u00f5es de [&hellip;]<\/p>\n","protected":false},"author":2,"featured_media":5202,"comment_status":"open","ping_status":"open","sticky":false,"template":"","format":"standard","meta":{"footnotes":""},"categories":[2],"tags":[2445,166,219,1614,94],"class_list":["post-5200","post","type-post","status-publish","format-standard","has-post-thumbnail","hentry","category-ciencia","tag-biologia","tag-ciencia","tag-extincao","tag-fosseis","tag-terra"],"yoast_head":"<!-- This site is optimized with the Yoast SEO plugin v26.5 - https:\/\/yoast.com\/wordpress\/plugins\/seo\/ -->\n<title>Desaparecimento da camada de oz\u00f4nio causou extin\u00e7\u00e3o em massa na Terra - Jornal Fatos e Not\u00edcias<\/title>\n<meta name=\"robots\" content=\"index, follow, max-snippet:-1, max-image-preview:large, max-video-preview:-1\" \/>\n<link rel=\"canonical\" href=\"https:\/\/jornalfatosenoticias.com.br\/index.php\/2020\/06\/02\/desaparecimento-da-camada-de-ozonio-causou-extincao-em-massa-na-terra\/\" \/>\n<meta property=\"og:locale\" content=\"pt_BR\" \/>\n<meta property=\"og:type\" content=\"article\" \/>\n<meta property=\"og:title\" content=\"Desaparecimento da camada de oz\u00f4nio causou extin\u00e7\u00e3o em massa na Terra - Jornal Fatos e Not\u00edcias\" \/>\n<meta property=\"og:description\" content=\"Nem meteoro, nem erup\u00e7\u00e3o vulc\u00e2nica massiva: fortes tempestades causadas pelo aquecimento global destru\u00edram a camada de oz\u00f4nio no fim do per\u00edodo devoniano, h\u00e1 359 milh\u00f5es de anos Se voc\u00ea est\u00e1 achando o ano de 2020 complicado, imagine ter vivido no fim do per\u00edodo devoniano, 359 milh\u00f5es de anos atr\u00e1s. N\u00e3o fazia nem 12 milh\u00f5es de [&hellip;]\" \/>\n<meta property=\"og:url\" content=\"https:\/\/jornalfatosenoticias.com.br\/index.php\/2020\/06\/02\/desaparecimento-da-camada-de-ozonio-causou-extincao-em-massa-na-terra\/\" \/>\n<meta property=\"og:site_name\" content=\"Jornal Fatos e Not\u00edcias\" \/>\n<meta property=\"article:published_time\" content=\"2020-06-02T18:11:12+00:00\" \/>\n<meta property=\"article:modified_time\" content=\"2020-06-02T18:11:17+00:00\" \/>\n<meta property=\"og:image\" content=\"https:\/\/jornalfatosenoticias.com.br\/wp-content\/uploads\/2020\/06\/devoniano.jpg\" \/>\n\t<meta property=\"og:image:width\" content=\"1000\" \/>\n\t<meta property=\"og:image:height\" content=\"562\" \/>\n\t<meta property=\"og:image:type\" content=\"image\/jpeg\" \/>\n<meta name=\"author\" content=\"Luzimara Fernandes\" \/>\n<meta name=\"twitter:card\" content=\"summary_large_image\" \/>\n<meta name=\"twitter:label1\" content=\"Escrito por\" \/>\n\t<meta name=\"twitter:data1\" content=\"Luzimara Fernandes\" \/>\n\t<meta name=\"twitter:label2\" content=\"Est. tempo de leitura\" \/>\n\t<meta name=\"twitter:data2\" content=\"4 minutos\" \/>\n<script type=\"application\/ld+json\" class=\"yoast-schema-graph\">{\"@context\":\"https:\/\/schema.org\",\"@graph\":[{\"@type\":\"Article\",\"@id\":\"https:\/\/jornalfatosenoticias.com.br\/index.php\/2020\/06\/02\/desaparecimento-da-camada-de-ozonio-causou-extincao-em-massa-na-terra\/#article\",\"isPartOf\":{\"@id\":\"https:\/\/jornalfatosenoticias.com.br\/index.php\/2020\/06\/02\/desaparecimento-da-camada-de-ozonio-causou-extincao-em-massa-na-terra\/\"},\"author\":{\"name\":\"Luzimara Fernandes\",\"@id\":\"https:\/\/jornalfatosenoticias.com.br\/#\/schema\/person\/d63837fa13ac8666eb9e74e0985d6f81\"},\"headline\":\"Desaparecimento da camada de oz\u00f4nio causou extin\u00e7\u00e3o em massa na Terra\",\"datePublished\":\"2020-06-02T18:11:12+00:00\",\"dateModified\":\"2020-06-02T18:11:17+00:00\",\"mainEntityOfPage\":{\"@id\":\"https:\/\/jornalfatosenoticias.com.br\/index.php\/2020\/06\/02\/desaparecimento-da-camada-de-ozonio-causou-extincao-em-massa-na-terra\/\"},\"wordCount\":761,\"commentCount\":0,\"publisher\":{\"@id\":\"https:\/\/jornalfatosenoticias.com.br\/#organization\"},\"image\":{\"@id\":\"https:\/\/jornalfatosenoticias.com.br\/index.php\/2020\/06\/02\/desaparecimento-da-camada-de-ozonio-causou-extincao-em-massa-na-terra\/#primaryimage\"},\"thumbnailUrl\":\"https:\/\/jornalfatosenoticias.com.br\/wp-content\/uploads\/2020\/06\/devoniano.jpg\",\"keywords\":[\"biologia\",\"ci\u00eancia\",\"extin\u00e7\u00e3o\",\"f\u00f3sseis\",\"Terra\"],\"articleSection\":[\"Ci\u00eancia\"],\"inLanguage\":\"pt-BR\",\"potentialAction\":[{\"@type\":\"CommentAction\",\"name\":\"Comment\",\"target\":[\"https:\/\/jornalfatosenoticias.com.br\/index.php\/2020\/06\/02\/desaparecimento-da-camada-de-ozonio-causou-extincao-em-massa-na-terra\/#respond\"]}]},{\"@type\":\"WebPage\",\"@id\":\"https:\/\/jornalfatosenoticias.com.br\/index.php\/2020\/06\/02\/desaparecimento-da-camada-de-ozonio-causou-extincao-em-massa-na-terra\/\",\"url\":\"https:\/\/jornalfatosenoticias.com.br\/index.php\/2020\/06\/02\/desaparecimento-da-camada-de-ozonio-causou-extincao-em-massa-na-terra\/\",\"name\":\"Desaparecimento da camada de oz\u00f4nio causou extin\u00e7\u00e3o em massa na Terra - Jornal Fatos e Not\u00edcias\",\"isPartOf\":{\"@id\":\"https:\/\/jornalfatosenoticias.com.br\/#website\"},\"primaryImageOfPage\":{\"@id\":\"https:\/\/jornalfatosenoticias.com.br\/index.php\/2020\/06\/02\/desaparecimento-da-camada-de-ozonio-causou-extincao-em-massa-na-terra\/#primaryimage\"},\"image\":{\"@id\":\"https:\/\/jornalfatosenoticias.com.br\/index.php\/2020\/06\/02\/desaparecimento-da-camada-de-ozonio-causou-extincao-em-massa-na-terra\/#primaryimage\"},\"thumbnailUrl\":\"https:\/\/jornalfatosenoticias.com.br\/wp-content\/uploads\/2020\/06\/devoniano.jpg\",\"datePublished\":\"2020-06-02T18:11:12+00:00\",\"dateModified\":\"2020-06-02T18:11:17+00:00\",\"breadcrumb\":{\"@id\":\"https:\/\/jornalfatosenoticias.com.br\/index.php\/2020\/06\/02\/desaparecimento-da-camada-de-ozonio-causou-extincao-em-massa-na-terra\/#breadcrumb\"},\"inLanguage\":\"pt-BR\",\"potentialAction\":[{\"@type\":\"ReadAction\",\"target\":[\"https:\/\/jornalfatosenoticias.com.br\/index.php\/2020\/06\/02\/desaparecimento-da-camada-de-ozonio-causou-extincao-em-massa-na-terra\/\"]}]},{\"@type\":\"ImageObject\",\"inLanguage\":\"pt-BR\",\"@id\":\"https:\/\/jornalfatosenoticias.com.br\/index.php\/2020\/06\/02\/desaparecimento-da-camada-de-ozonio-causou-extincao-em-massa-na-terra\/#primaryimage\",\"url\":\"https:\/\/jornalfatosenoticias.com.br\/wp-content\/uploads\/2020\/06\/devoniano.jpg\",\"contentUrl\":\"https:\/\/jornalfatosenoticias.com.br\/wp-content\/uploads\/2020\/06\/devoniano.jpg\",\"width\":1000,\"height\":562},{\"@type\":\"BreadcrumbList\",\"@id\":\"https:\/\/jornalfatosenoticias.com.br\/index.php\/2020\/06\/02\/desaparecimento-da-camada-de-ozonio-causou-extincao-em-massa-na-terra\/#breadcrumb\",\"itemListElement\":[{\"@type\":\"ListItem\",\"position\":1,\"name\":\"In\u00edcio\",\"item\":\"https:\/\/jornalfatosenoticias.com.br\/\"},{\"@type\":\"ListItem\",\"position\":2,\"name\":\"Desaparecimento da camada de oz\u00f4nio causou extin\u00e7\u00e3o em massa na Terra\"}]},{\"@type\":\"WebSite\",\"@id\":\"https:\/\/jornalfatosenoticias.com.br\/#website\",\"url\":\"https:\/\/jornalfatosenoticias.com.br\/\",\"name\":\"Jornal Fatos e Not\u00edcias\",\"description\":\"Not\u00edcias em geral\",\"publisher\":{\"@id\":\"https:\/\/jornalfatosenoticias.com.br\/#organization\"},\"potentialAction\":[{\"@type\":\"SearchAction\",\"target\":{\"@type\":\"EntryPoint\",\"urlTemplate\":\"https:\/\/jornalfatosenoticias.com.br\/?s={search_term_string}\"},\"query-input\":{\"@type\":\"PropertyValueSpecification\",\"valueRequired\":true,\"valueName\":\"search_term_string\"}}],\"inLanguage\":\"pt-BR\"},{\"@type\":\"Organization\",\"@id\":\"https:\/\/jornalfatosenoticias.com.br\/#organization\",\"name\":\"Jornal Fatos e Not\u00edcias\",\"url\":\"https:\/\/jornalfatosenoticias.com.br\/\",\"logo\":{\"@type\":\"ImageObject\",\"inLanguage\":\"pt-BR\",\"@id\":\"https:\/\/jornalfatosenoticias.com.br\/#\/schema\/logo\/image\/\",\"url\":\"https:\/\/jornalfatosenoticias.com.br\/wp-content\/uploads\/2020\/02\/logo120.png\",\"contentUrl\":\"https:\/\/jornalfatosenoticias.com.br\/wp-content\/uploads\/2020\/02\/logo120.png\",\"width\":1227,\"height\":120,\"caption\":\"Jornal Fatos e Not\u00edcias\"},\"image\":{\"@id\":\"https:\/\/jornalfatosenoticias.com.br\/#\/schema\/logo\/image\/\"}},{\"@type\":\"Person\",\"@id\":\"https:\/\/jornalfatosenoticias.com.br\/#\/schema\/person\/d63837fa13ac8666eb9e74e0985d6f81\",\"name\":\"Luzimara Fernandes\",\"image\":{\"@type\":\"ImageObject\",\"inLanguage\":\"pt-BR\",\"@id\":\"https:\/\/jornalfatosenoticias.com.br\/#\/schema\/person\/image\/\",\"url\":\"https:\/\/jornalfatosenoticias.com.br\/wp-content\/uploads\/2025\/05\/EU_portal.jpg\",\"contentUrl\":\"https:\/\/jornalfatosenoticias.com.br\/wp-content\/uploads\/2025\/05\/EU_portal.jpg\",\"caption\":\"Luzimara Fernandes\"},\"description\":\"Jornalista MTB 2358-ES\",\"sameAs\":[\"https:\/\/jornalfatosenoticias.com.br\"],\"url\":\"https:\/\/jornalfatosenoticias.com.br\/index.php\/author\/luzimara\/\"}]}<\/script>\n<!-- \/ Yoast SEO plugin. -->","yoast_head_json":{"title":"Desaparecimento da camada de oz\u00f4nio causou extin\u00e7\u00e3o em massa na Terra - Jornal Fatos e Not\u00edcias","robots":{"index":"index","follow":"follow","max-snippet":"max-snippet:-1","max-image-preview":"max-image-preview:large","max-video-preview":"max-video-preview:-1"},"canonical":"https:\/\/jornalfatosenoticias.com.br\/index.php\/2020\/06\/02\/desaparecimento-da-camada-de-ozonio-causou-extincao-em-massa-na-terra\/","og_locale":"pt_BR","og_type":"article","og_title":"Desaparecimento da camada de oz\u00f4nio causou extin\u00e7\u00e3o em massa na Terra - Jornal Fatos e Not\u00edcias","og_description":"Nem meteoro, nem erup\u00e7\u00e3o vulc\u00e2nica massiva: fortes tempestades causadas pelo aquecimento global destru\u00edram a camada de oz\u00f4nio no fim do per\u00edodo devoniano, h\u00e1 359 milh\u00f5es de anos Se voc\u00ea est\u00e1 achando o ano de 2020 complicado, imagine ter vivido no fim do per\u00edodo devoniano, 359 milh\u00f5es de anos atr\u00e1s. N\u00e3o fazia nem 12 milh\u00f5es de [&hellip;]","og_url":"https:\/\/jornalfatosenoticias.com.br\/index.php\/2020\/06\/02\/desaparecimento-da-camada-de-ozonio-causou-extincao-em-massa-na-terra\/","og_site_name":"Jornal Fatos e Not\u00edcias","article_published_time":"2020-06-02T18:11:12+00:00","article_modified_time":"2020-06-02T18:11:17+00:00","og_image":[{"width":1000,"height":562,"url":"https:\/\/jornalfatosenoticias.com.br\/wp-content\/uploads\/2020\/06\/devoniano.jpg","type":"image\/jpeg"}],"author":"Luzimara Fernandes","twitter_card":"summary_large_image","twitter_misc":{"Escrito por":"Luzimara Fernandes","Est. tempo de leitura":"4 minutos"},"schema":{"@context":"https:\/\/schema.org","@graph":[{"@type":"Article","@id":"https:\/\/jornalfatosenoticias.com.br\/index.php\/2020\/06\/02\/desaparecimento-da-camada-de-ozonio-causou-extincao-em-massa-na-terra\/#article","isPartOf":{"@id":"https:\/\/jornalfatosenoticias.com.br\/index.php\/2020\/06\/02\/desaparecimento-da-camada-de-ozonio-causou-extincao-em-massa-na-terra\/"},"author":{"name":"Luzimara Fernandes","@id":"https:\/\/jornalfatosenoticias.com.br\/#\/schema\/person\/d63837fa13ac8666eb9e74e0985d6f81"},"headline":"Desaparecimento da camada de oz\u00f4nio causou extin\u00e7\u00e3o em massa na Terra","datePublished":"2020-06-02T18:11:12+00:00","dateModified":"2020-06-02T18:11:17+00:00","mainEntityOfPage":{"@id":"https:\/\/jornalfatosenoticias.com.br\/index.php\/2020\/06\/02\/desaparecimento-da-camada-de-ozonio-causou-extincao-em-massa-na-terra\/"},"wordCount":761,"commentCount":0,"publisher":{"@id":"https:\/\/jornalfatosenoticias.com.br\/#organization"},"image":{"@id":"https:\/\/jornalfatosenoticias.com.br\/index.php\/2020\/06\/02\/desaparecimento-da-camada-de-ozonio-causou-extincao-em-massa-na-terra\/#primaryimage"},"thumbnailUrl":"https:\/\/jornalfatosenoticias.com.br\/wp-content\/uploads\/2020\/06\/devoniano.jpg","keywords":["biologia","ci\u00eancia","extin\u00e7\u00e3o","f\u00f3sseis","Terra"],"articleSection":["Ci\u00eancia"],"inLanguage":"pt-BR","potentialAction":[{"@type":"CommentAction","name":"Comment","target":["https:\/\/jornalfatosenoticias.com.br\/index.php\/2020\/06\/02\/desaparecimento-da-camada-de-ozonio-causou-extincao-em-massa-na-terra\/#respond"]}]},{"@type":"WebPage","@id":"https:\/\/jornalfatosenoticias.com.br\/index.php\/2020\/06\/02\/desaparecimento-da-camada-de-ozonio-causou-extincao-em-massa-na-terra\/","url":"https:\/\/jornalfatosenoticias.com.br\/index.php\/2020\/06\/02\/desaparecimento-da-camada-de-ozonio-causou-extincao-em-massa-na-terra\/","name":"Desaparecimento da camada de oz\u00f4nio causou extin\u00e7\u00e3o em massa na Terra - Jornal Fatos e Not\u00edcias","isPartOf":{"@id":"https:\/\/jornalfatosenoticias.com.br\/#website"},"primaryImageOfPage":{"@id":"https:\/\/jornalfatosenoticias.com.br\/index.php\/2020\/06\/02\/desaparecimento-da-camada-de-ozonio-causou-extincao-em-massa-na-terra\/#primaryimage"},"image":{"@id":"https:\/\/jornalfatosenoticias.com.br\/index.php\/2020\/06\/02\/desaparecimento-da-camada-de-ozonio-causou-extincao-em-massa-na-terra\/#primaryimage"},"thumbnailUrl":"https:\/\/jornalfatosenoticias.com.br\/wp-content\/uploads\/2020\/06\/devoniano.jpg","datePublished":"2020-06-02T18:11:12+00:00","dateModified":"2020-06-02T18:11:17+00:00","breadcrumb":{"@id":"https:\/\/jornalfatosenoticias.com.br\/index.php\/2020\/06\/02\/desaparecimento-da-camada-de-ozonio-causou-extincao-em-massa-na-terra\/#breadcrumb"},"inLanguage":"pt-BR","potentialAction":[{"@type":"ReadAction","target":["https:\/\/jornalfatosenoticias.com.br\/index.php\/2020\/06\/02\/desaparecimento-da-camada-de-ozonio-causou-extincao-em-massa-na-terra\/"]}]},{"@type":"ImageObject","inLanguage":"pt-BR","@id":"https:\/\/jornalfatosenoticias.com.br\/index.php\/2020\/06\/02\/desaparecimento-da-camada-de-ozonio-causou-extincao-em-massa-na-terra\/#primaryimage","url":"https:\/\/jornalfatosenoticias.com.br\/wp-content\/uploads\/2020\/06\/devoniano.jpg","contentUrl":"https:\/\/jornalfatosenoticias.com.br\/wp-content\/uploads\/2020\/06\/devoniano.jpg","width":1000,"height":562},{"@type":"BreadcrumbList","@id":"https:\/\/jornalfatosenoticias.com.br\/index.php\/2020\/06\/02\/desaparecimento-da-camada-de-ozonio-causou-extincao-em-massa-na-terra\/#breadcrumb","itemListElement":[{"@type":"ListItem","position":1,"name":"In\u00edcio","item":"https:\/\/jornalfatosenoticias.com.br\/"},{"@type":"ListItem","position":2,"name":"Desaparecimento da camada de oz\u00f4nio causou extin\u00e7\u00e3o em massa na Terra"}]},{"@type":"WebSite","@id":"https:\/\/jornalfatosenoticias.com.br\/#website","url":"https:\/\/jornalfatosenoticias.com.br\/","name":"Jornal Fatos e Not\u00edcias","description":"Not\u00edcias em geral","publisher":{"@id":"https:\/\/jornalfatosenoticias.com.br\/#organization"},"potentialAction":[{"@type":"SearchAction","target":{"@type":"EntryPoint","urlTemplate":"https:\/\/jornalfatosenoticias.com.br\/?s={search_term_string}"},"query-input":{"@type":"PropertyValueSpecification","valueRequired":true,"valueName":"search_term_string"}}],"inLanguage":"pt-BR"},{"@type":"Organization","@id":"https:\/\/jornalfatosenoticias.com.br\/#organization","name":"Jornal Fatos e Not\u00edcias","url":"https:\/\/jornalfatosenoticias.com.br\/","logo":{"@type":"ImageObject","inLanguage":"pt-BR","@id":"https:\/\/jornalfatosenoticias.com.br\/#\/schema\/logo\/image\/","url":"https:\/\/jornalfatosenoticias.com.br\/wp-content\/uploads\/2020\/02\/logo120.png","contentUrl":"https:\/\/jornalfatosenoticias.com.br\/wp-content\/uploads\/2020\/02\/logo120.png","width":1227,"height":120,"caption":"Jornal Fatos e Not\u00edcias"},"image":{"@id":"https:\/\/jornalfatosenoticias.com.br\/#\/schema\/logo\/image\/"}},{"@type":"Person","@id":"https:\/\/jornalfatosenoticias.com.br\/#\/schema\/person\/d63837fa13ac8666eb9e74e0985d6f81","name":"Luzimara Fernandes","image":{"@type":"ImageObject","inLanguage":"pt-BR","@id":"https:\/\/jornalfatosenoticias.com.br\/#\/schema\/person\/image\/","url":"https:\/\/jornalfatosenoticias.com.br\/wp-content\/uploads\/2025\/05\/EU_portal.jpg","contentUrl":"https:\/\/jornalfatosenoticias.com.br\/wp-content\/uploads\/2025\/05\/EU_portal.jpg","caption":"Luzimara Fernandes"},"description":"Jornalista MTB 2358-ES","sameAs":["https:\/\/jornalfatosenoticias.com.br"],"url":"https:\/\/jornalfatosenoticias.com.br\/index.php\/author\/luzimara\/"}]}},"cc_featured_image_caption":{"caption_text":"(Mikhail Shekhanov\/Ukhta Local Mus)","source_text":"","source_url":""},"jetpack_featured_media_url":"https:\/\/jornalfatosenoticias.com.br\/wp-content\/uploads\/2020\/06\/devoniano.jpg","_links":{"self":[{"href":"https:\/\/jornalfatosenoticias.com.br\/index.php\/wp-json\/wp\/v2\/posts\/5200","targetHints":{"allow":["GET"]}}],"collection":[{"href":"https:\/\/jornalfatosenoticias.com.br\/index.php\/wp-json\/wp\/v2\/posts"}],"about":[{"href":"https:\/\/jornalfatosenoticias.com.br\/index.php\/wp-json\/wp\/v2\/types\/post"}],"author":[{"embeddable":true,"href":"https:\/\/jornalfatosenoticias.com.br\/index.php\/wp-json\/wp\/v2\/users\/2"}],"replies":[{"embeddable":true,"href":"https:\/\/jornalfatosenoticias.com.br\/index.php\/wp-json\/wp\/v2\/comments?post=5200"}],"version-history":[{"count":0,"href":"https:\/\/jornalfatosenoticias.com.br\/index.php\/wp-json\/wp\/v2\/posts\/5200\/revisions"}],"wp:featuredmedia":[{"embeddable":true,"href":"https:\/\/jornalfatosenoticias.com.br\/index.php\/wp-json\/wp\/v2\/media\/5202"}],"wp:attachment":[{"href":"https:\/\/jornalfatosenoticias.com.br\/index.php\/wp-json\/wp\/v2\/media?parent=5200"}],"wp:term":[{"taxonomy":"category","embeddable":true,"href":"https:\/\/jornalfatosenoticias.com.br\/index.php\/wp-json\/wp\/v2\/categories?post=5200"},{"taxonomy":"post_tag","embeddable":true,"href":"https:\/\/jornalfatosenoticias.com.br\/index.php\/wp-json\/wp\/v2\/tags?post=5200"}],"curies":[{"name":"wp","href":"https:\/\/api.w.org\/{rel}","templated":true}]}}