{"id":52032,"date":"2024-06-17T11:18:19","date_gmt":"2024-06-17T14:18:19","guid":{"rendered":"https:\/\/jornalfatosenoticias.com.br\/?p=52032"},"modified":"2024-06-17T11:18:20","modified_gmt":"2024-06-17T14:18:20","slug":"lula-diz-que-brasil-tem-estabilidade-de-sobra-para-o-investidor-os-fatos-mostram-o-oposto","status":"publish","type":"post","link":"https:\/\/jornalfatosenoticias.com.br\/index.php\/2024\/06\/17\/lula-diz-que-brasil-tem-estabilidade-de-sobra-para-o-investidor-os-fatos-mostram-o-oposto\/","title":{"rendered":"Lula diz que Brasil tem estabilidade de sobra para o investidor. Os fatos mostram o oposto"},"content":{"rendered":"\n<p><em><span class=\"has-inline-color has-black-color\">Pesquisa revela novos \u00edndices elevados de reprova\u00e7\u00e3o em setores do governo Lula<\/span><\/em><\/p>\n\n\n\n<p><span class=\"has-inline-color has-black-color\">Por <strong><a href=\"https:\/\/www.gazetadopovo.com.br\/autor\/rose-amantea\/\" rel=\"nofollow\">Rose Amant\u00e9a<\/a><\/strong><\/span><\/p>\n\n\n\n<div class=\"wp-block-image\"><figure class=\"aligncenter size-large\"><img loading=\"lazy\" decoding=\"async\" width=\"729\" height=\"90\" src=\"https:\/\/jornalfatosenoticias.com.br\/wp-content\/uploads\/2020\/02\/Logo_Mizu.png\" alt=\"\" class=\"wp-image-1441\" srcset=\"https:\/\/jornalfatosenoticias.com.br\/wp-content\/uploads\/2020\/02\/Logo_Mizu.png 729w, https:\/\/jornalfatosenoticias.com.br\/wp-content\/uploads\/2020\/02\/Logo_Mizu-300x37.png 300w\" sizes=\"auto, (max-width: 729px) 100vw, 729px\" \/><\/figure><\/div>\n\n\n\n<p>No auge de uma crise pol\u00edtica e de incertezas sobre o futuro do ministro Fernando Haddad \u00e0 frente da Fazenda, Luiz In\u00e1cio Lula da Silva (PT) disse que o Brasil tem &#8220;estabilidade de sobra&#8221; para atrair investimentos. &#8220;O Brasil merece ser digno da confian\u00e7a. Sempre digo que a coisa mais importante para o investidor \u00e9 a estabilidade. E isso o Brasil tem de sobra para oferecer&#8221;, assegurou, na quarta-feira (12), a uma plateia de empres\u00e1rios brasileiros e \u00e1rabes presentes no FII Priority Summit, encontro organizado pelo principal fundo da Ar\u00e1bia Saudita, no Rio de Janeiro.<br>Logo ap\u00f3s o discurso, em que Lula tamb\u00e9m enfatizou o foco do governo no aumento da arrecada\u00e7\u00e3o e n\u00e3o fez men\u00e7\u00e3o a corte de gastos, o d\u00f3lar alcan\u00e7aria sua maior cota\u00e7\u00e3o do ano, de R$ 5,42. O Ibovespa \u2014 principal term\u00f4metro da B3, a Bolsa brasileira \u2014 fecharia o dia em queda, abaixo dos 120 mil pontos. O epis\u00f3dio ilustra um dos aspectos que desmentem a afirma\u00e7\u00e3o do petista sobre a tal estabilidade para investir no Brasil. Mas n\u00e3o \u00e9 o \u00fanico.<\/p>\n\n\n\n<div class=\"wp-block-image\"><figure class=\"aligncenter size-large is-resized\"><img loading=\"lazy\" decoding=\"async\" src=\"https:\/\/jornalfatosenoticias.com.br\/wp-content\/uploads\/2022\/02\/Precisao-Contabilidade-1024x724.jpg\" alt=\"\" class=\"wp-image-28088\" width=\"341\" height=\"241\"\/><\/figure><\/div>\n\n\n\n<p>Empres\u00e1rios e investidores, un\u00e2nimes em eleger a seguran\u00e7a jur\u00eddica como premissa b\u00e1sica das decis\u00f5es de investimentos, reclamam frequentemente de atitudes do governo ou dos tribunais do pa\u00eds em evidente desrespeito \u00e0 Constitui\u00e7\u00e3o e disposi\u00e7\u00f5es legais. A taxa de investimento \u2014 que mede quanto dinheiro \u00e9 destinado a m\u00e1quinas, equipamentos e constru\u00e7\u00e3o \u2014 \u00e9 baixa. Correspondeu a apenas 16,9% do PIB no acumulado de 12 meses at\u00e9 mar\u00e7o, pouco acima da observada entre 2016 e 2019, quando oscilou entre 14% e 16% do PIB, os n\u00edveis mais baixos desde o in\u00edcio do s\u00e9culo.<\/p>\n\n\n\n<div class=\"wp-block-image\"><figure class=\"aligncenter size-large is-resized\"><img loading=\"lazy\" decoding=\"async\" src=\"https:\/\/jornalfatosenoticias.com.br\/wp-content\/uploads\/2023\/03\/nova-logo-Marquetti.jpg\" alt=\"\" class=\"wp-image-40207\" width=\"380\" height=\"255\" srcset=\"https:\/\/jornalfatosenoticias.com.br\/wp-content\/uploads\/2023\/03\/nova-logo-Marquetti.jpg 643w, https:\/\/jornalfatosenoticias.com.br\/wp-content\/uploads\/2023\/03\/nova-logo-Marquetti-300x202.jpg 300w\" sizes=\"auto, (max-width: 380px) 100vw, 380px\" \/><\/figure><\/div>\n\n\n\n<p>Desde que assumiu, o governo tem demonstrado forte vi\u00e9s intervencionista, tentando influenciar o rumo de empresas privadas, postura que afasta o capital privado. Usualmente recorre a um Judici\u00e1rio aliado, que tem se destacado por aumentar a inseguran\u00e7a jur\u00eddica, sobretudo em quest\u00f5es tribut\u00e1rias. Ministros de Lula costumam pregar a revis\u00e3o ou revoga\u00e7\u00e3o de reformas relevantes dos \u00faltimos anos e buscam privilegiar sindicatos ao regular setores econ\u00f4micos. A revers\u00e3o de privatiza\u00e7\u00f5es aprovadas pelo Congresso em gest\u00f5es anteriores \u00e9 express\u00e3o corrente nos discurso do presidente e seus aliados \u2014 como a deputada Gleisi Hoffmann, que comanda o PT.<\/p>\n\n\n\n<div class=\"wp-block-image\"><figure class=\"aligncenter size-large is-resized\"><img loading=\"lazy\" decoding=\"async\" src=\"https:\/\/jornalfatosenoticias.com.br\/wp-content\/uploads\/2020\/02\/logo-Rapuzel-1024x571.jpg\" alt=\"\" class=\"wp-image-42808\" width=\"316\" height=\"176\" srcset=\"https:\/\/jornalfatosenoticias.com.br\/wp-content\/uploads\/2020\/02\/logo-Rapuzel-1024x571.jpg 1024w, https:\/\/jornalfatosenoticias.com.br\/wp-content\/uploads\/2020\/02\/logo-Rapuzel-300x167.jpg 300w, https:\/\/jornalfatosenoticias.com.br\/wp-content\/uploads\/2020\/02\/logo-Rapuzel-768x428.jpg 768w, https:\/\/jornalfatosenoticias.com.br\/wp-content\/uploads\/2020\/02\/logo-Rapuzel-1536x856.jpg 1536w, https:\/\/jornalfatosenoticias.com.br\/wp-content\/uploads\/2020\/02\/logo-Rapuzel.jpg 1600w\" sizes=\"auto, (max-width: 316px) 100vw, 316px\" \/><\/figure><\/div>\n\n\n\n<p>Governo e aliados atacam a autonomia do Banco Central e interditam mesmo os mais t\u00edmidos debates sobre conten\u00e7\u00e3o de gastos. Empres\u00e1rios s\u00e3o surpreendidos com a vig\u00eancia imediata de medidas arrecadat\u00f3rias que drenam o caixa das empresas. <strong>Confira a seguir algumas das atitudes que ilustram a instabilidade econ\u00f4mica do Pa\u00eds.<\/strong><\/p>\n\n\n\n<div class=\"wp-block-image\"><figure class=\"aligncenter size-large is-resized\"><img loading=\"lazy\" decoding=\"async\" src=\"https:\/\/jornalfatosenoticias.com.br\/wp-content\/uploads\/2020\/02\/logo_esteio.jpg\" alt=\"\" class=\"wp-image-1214\" width=\"346\" height=\"288\"\/><\/figure><\/div>\n\n\n\n<p><strong><span class=\"has-inline-color has-black-color\">Revis\u00e3o da reforma trabalhista<br><\/span><\/strong>O ministro do Trabalho, Luiz Marinho, falou diversas vezes em reverter pontos da reforma trabalhista, aprovada em 2017, no governo Michel Temer (MDB). A reforma buscou privilegiar as negocia\u00e7\u00f5es diretas entre empregadores e funcion\u00e1rios e inibir uma ind\u00fastria de a\u00e7\u00f5es trabalhistas que sobrecarregava empresas e Poder Judici\u00e1rio. O governo petista, em sentido oposto, tenta refor\u00e7ar as amarras do Estado sobre as rela\u00e7\u00f5es de trabalho e restabelecer o financiamento compuls\u00f3rio dos sindicatos pelos trabalhadores.<\/p>\n\n\n\n<div class=\"wp-block-image\"><figure class=\"aligncenter size-large is-resized\"><img loading=\"lazy\" decoding=\"async\" src=\"https:\/\/jornalfatosenoticias.com.br\/wp-content\/uploads\/2023\/08\/BKR-1024x1021.jpg\" alt=\"\" class=\"wp-image-44494\" width=\"307\" height=\"306\" srcset=\"https:\/\/jornalfatosenoticias.com.br\/wp-content\/uploads\/2023\/08\/BKR-1024x1021.jpg 1024w, https:\/\/jornalfatosenoticias.com.br\/wp-content\/uploads\/2023\/08\/BKR-300x300.jpg 300w, https:\/\/jornalfatosenoticias.com.br\/wp-content\/uploads\/2023\/08\/BKR-150x150.jpg 150w, https:\/\/jornalfatosenoticias.com.br\/wp-content\/uploads\/2023\/08\/BKR-768x766.jpg 768w, https:\/\/jornalfatosenoticias.com.br\/wp-content\/uploads\/2023\/08\/BKR.jpg 1080w\" sizes=\"auto, (max-width: 307px) 100vw, 307px\" \/><\/figure><\/div>\n\n\n\n<p><strong><span class=\"has-inline-color has-black-color\">Revis\u00e3o da reforma da Previd\u00eancia<br><\/span><\/strong>Desde o primeiro ano do governo Lula, enquanto a equipe econ\u00f4mica do governo tentava aprovar meios de incrementar a arrecada\u00e7\u00e3o para zerar o d\u00e9ficit das contas p\u00fablicas, o ministro Carlos Lupi, da Previd\u00eancia, acenava com a possibilidade de enviar ao Congresso uma proposta de revis\u00e3o de regras da reforma previdenci\u00e1ria.<\/p>\n\n\n\n<div class=\"wp-block-image\"><figure class=\"aligncenter size-large is-resized\"><img loading=\"lazy\" decoding=\"async\" src=\"https:\/\/jornalfatosenoticias.com.br\/wp-content\/uploads\/2023\/12\/pegoretti-logo-pdf-1024x389.jpg\" alt=\"\" class=\"wp-image-47536\" width=\"498\" height=\"189\" srcset=\"https:\/\/jornalfatosenoticias.com.br\/wp-content\/uploads\/2023\/12\/pegoretti-logo-pdf-1024x389.jpg 1024w, https:\/\/jornalfatosenoticias.com.br\/wp-content\/uploads\/2023\/12\/pegoretti-logo-pdf-300x114.jpg 300w, https:\/\/jornalfatosenoticias.com.br\/wp-content\/uploads\/2023\/12\/pegoretti-logo-pdf-768x291.jpg 768w, https:\/\/jornalfatosenoticias.com.br\/wp-content\/uploads\/2023\/12\/pegoretti-logo-pdf.jpg 1120w\" sizes=\"auto, (max-width: 498px) 100vw, 498px\" \/><\/figure><\/div>\n\n\n\n<p>Lupi, que ao assumir o cargo criticou a reforma pelo que chamou de &#8220;absurdos&#8221;, voltou \u00e0 carga, mais tarde pedindo &#8220;sensibilidade&#8221; ao Congresso para discutir uma eventual revis\u00e3o da reforma no in\u00edcio de 2024. Um dos pontos criticados foi a pens\u00e3o por morte: ele defende um aumento no valor do benef\u00edcio. Em sentido aposto, especialistas defendem uma nova reforma para conter a explos\u00e3o do d\u00e9ficit em fun\u00e7\u00e3o de medidas populistas do governo, como a corre\u00e7\u00e3o de benef\u00edcios acima da infla\u00e7\u00e3o.<\/p>\n\n\n\n<div class=\"wp-block-image\"><figure class=\"aligncenter size-large\"><img decoding=\"async\" src=\"https:\/\/jornalfatosenoticias.com.br\/wp-content\/uploads\/2020\/02\/barao-das-carnes-300x164-1.jpg\" alt=\"\" class=\"wp-image-34339\"\/><\/figure><\/div>\n\n\n\n<p><strong><span class=\"has-inline-color has-black-color\">Medida Provis\u00f3ria 1.202<br><\/span><\/strong>No apagar das luzes de 2023, o governo editou, em edi\u00e7\u00e3o especial do Di\u00e1rio Oficial da Uni\u00e3o (DOU), a Medida Provis\u00f3ria 1202, prevendo o fim da desonera\u00e7\u00e3o da folha de pagamento de 17 setores intensivos em m\u00e3o de obra. A prorroga\u00e7\u00e3o da desonera\u00e7\u00e3o havia sido aprovada pelo Congresso em novembro. Lula vetou a iniciativa e os parlamentares derrubaram o veto.<\/p>\n\n\n\n<div class=\"wp-block-image\"><figure class=\"aligncenter size-large is-resized\"><img loading=\"lazy\" decoding=\"async\" src=\"https:\/\/jornalfatosenoticias.com.br\/wp-content\/uploads\/2023\/09\/vetorvix1024_1.jpg\" alt=\"\" class=\"wp-image-44868\" width=\"535\" height=\"142\" srcset=\"https:\/\/jornalfatosenoticias.com.br\/wp-content\/uploads\/2023\/09\/vetorvix1024_1.jpg 1024w, https:\/\/jornalfatosenoticias.com.br\/wp-content\/uploads\/2023\/09\/vetorvix1024_1-300x80.jpg 300w, https:\/\/jornalfatosenoticias.com.br\/wp-content\/uploads\/2023\/09\/vetorvix1024_1-768x205.jpg 768w\" sizes=\"auto, (max-width: 535px) 100vw, 535px\" \/><\/figure><\/div>\n\n\n\n<p>Com a edi\u00e7\u00e3o da MP, o fim da desonera\u00e7\u00e3o seria imediata, mas o governo estipulou o prazo de 90 dias para que as empresas se programassem para pagar os novos valores. Houve um acordo com o Legislativo, mas o governo recorreu ao Supremo Tribunal Federal (STF), onde o ministro Cristiano Zanin concedeu liminar obrigando os parlamentares a encontrar uma forma de compensa\u00e7\u00e3o \u00e0 ren\u00fancia de receita.<\/p>\n\n\n\n<div class=\"wp-block-image\"><figure class=\"aligncenter size-large\"><img loading=\"lazy\" decoding=\"async\" width=\"300\" height=\"250\" src=\"https:\/\/jornalfatosenoticias.com.br\/wp-content\/uploads\/2022\/02\/FERRARI_MAQUINAS-E-FERRAMENTAS2.jpg\" alt=\"\" class=\"wp-image-27860\"\/><\/figure><\/div>\n\n\n\n<p><strong><span class=\"has-inline-color has-black-color\">Medida Provis\u00f3ria 1.227<br><\/span><\/strong>Para resolver o impasse gerado com a MP 1202, o governo editou outra medida para compensar a desonera\u00e7\u00e3o da folha dos setores. A MP limitou o abatimento dos cr\u00e9ditos de PIS\/Cofins pelas empresas. A rea\u00e7\u00e3o dos setores produtivos e do Legislativo foi estrondosa e a MP foi devolvida pelo presidente do Senado, Rodrigo Pacheco, gerando uma crise que desgastou o ministro Fernando Haddad, da Fazenda. O imbr\u00f3glio ainda persiste. Governo e Congresso t\u00eam pouco mais de 40 dias para achar uma solu\u00e7\u00e3o consiga somar ao Or\u00e7amento da Uni\u00e3o os R$ 26 bilh\u00f5es referentes \u00e0 desonera\u00e7\u00e3o.<\/p>\n\n\n\n<div class=\"wp-block-image\"><figure class=\"aligncenter size-large is-resized\"><img loading=\"lazy\" decoding=\"async\" src=\"https:\/\/jornalfatosenoticias.com.br\/wp-content\/uploads\/2023\/03\/logo-Panper_portal.jpg\" alt=\"\" class=\"wp-image-40208\" width=\"354\" height=\"245\" srcset=\"https:\/\/jornalfatosenoticias.com.br\/wp-content\/uploads\/2023\/03\/logo-Panper_portal.jpg 400w, https:\/\/jornalfatosenoticias.com.br\/wp-content\/uploads\/2023\/03\/logo-Panper_portal-300x208.jpg 300w\" sizes=\"auto, (max-width: 354px) 100vw, 354px\" \/><\/figure><\/div>\n\n\n\n<p><strong><span class=\"has-inline-color has-black-color\">Quebra da &#8220;coisa julgada&#8221; pelo STF<br><\/span><\/strong>Em fevereiro deste ano, o Supremo Tribunal Federal mudou senten\u00e7as transitadas em julgado sobre o recolhimento da Contribui\u00e7\u00e3o Social sobre o Lucro L\u00edquido (CSLL). As empresas n\u00e3o vinham recolhendo a CSLL por terem decis\u00e3o judicial definitiva a seu favor. Com a quebra da chamada \u201ccoisa julgada\u201d, o STF obrigou as empresas a recolherem o tributo retroativamente desde 2007.<\/p>\n\n\n\n<div class=\"wp-block-image\"><figure class=\"aligncenter size-large\"><img loading=\"lazy\" decoding=\"async\" width=\"300\" height=\"250\" src=\"https:\/\/jornalfatosenoticias.com.br\/wp-content\/uploads\/2020\/02\/Banner-2.png\" alt=\"\" class=\"wp-image-43787\"\/><\/figure><\/div>\n\n\n\n<p><strong><span class=\"has-inline-color has-black-color\">Revis\u00e3o da privatiza\u00e7\u00e3o da Eletrobras<br><\/span><\/strong>Desde a campanha presidencial, Lula prometeu rever o processo de privatiza\u00e7\u00e3o, defendendo uma retomada do protagonismo que as estatais tiveram nos governos do PT. A Eletrobras deixou de ser controlada pela Uni\u00e3o em junho de 2022, no governo de Jair Bolsonaro (PL).<\/p>\n\n\n\n<div class=\"wp-block-image\"><figure class=\"aligncenter size-large is-resized\"><img loading=\"lazy\" decoding=\"async\" src=\"https:\/\/jornalfatosenoticias.com.br\/wp-content\/uploads\/2020\/02\/CONTROL-CS.jpg\" alt=\"\" class=\"wp-image-44991\" width=\"331\" height=\"397\" srcset=\"https:\/\/jornalfatosenoticias.com.br\/wp-content\/uploads\/2020\/02\/CONTROL-CS.jpg 834w, https:\/\/jornalfatosenoticias.com.br\/wp-content\/uploads\/2020\/02\/CONTROL-CS-250x300.jpg 250w, https:\/\/jornalfatosenoticias.com.br\/wp-content\/uploads\/2020\/02\/CONTROL-CS-768x921.jpg 768w\" sizes=\"auto, (max-width: 331px) 100vw, 331px\" \/><\/figure><\/div>\n\n\n\n<p>A empresa, respons\u00e1vel por 23% da capacidade de gera\u00e7\u00e3o de energia do pa\u00eds, deixou de ter controle estatal ap\u00f3s um hist\u00f3rico de preju\u00edzos, inefici\u00eancia e epis\u00f3dios de corrup\u00e7\u00e3o nos governos petistas anteriores. Em maio de 2023, a Advocacia Geral da Uni\u00e3o (AGU) protocolou uma a\u00e7\u00e3o no Supremo Tribunal Federal (STF) para derrubar pontos da privatiza\u00e7\u00e3o da Eletrobras. A A\u00e7\u00e3o Direta de Inconstitucionalidade (ADI), tamb\u00e9m assinada por Lula (PT), pedia a suspens\u00e3o da regra que determina que qualquer acionista da empresa tenha no m\u00e1ximo 10% do poder de voto nas assembleias. A Uni\u00e3o possui 42,6% das a\u00e7\u00f5es.<\/p>\n\n\n\n<div class=\"wp-block-image\"><figure class=\"aligncenter size-large is-resized\"><img loading=\"lazy\" decoding=\"async\" src=\"https:\/\/jornalfatosenoticias.com.br\/wp-content\/uploads\/2020\/02\/logo-Rapuzel-1024x571.jpg\" alt=\"\" class=\"wp-image-42808\" width=\"400\" height=\"223\" srcset=\"https:\/\/jornalfatosenoticias.com.br\/wp-content\/uploads\/2020\/02\/logo-Rapuzel-1024x571.jpg 1024w, https:\/\/jornalfatosenoticias.com.br\/wp-content\/uploads\/2020\/02\/logo-Rapuzel-300x167.jpg 300w, https:\/\/jornalfatosenoticias.com.br\/wp-content\/uploads\/2020\/02\/logo-Rapuzel-768x428.jpg 768w, https:\/\/jornalfatosenoticias.com.br\/wp-content\/uploads\/2020\/02\/logo-Rapuzel-1536x856.jpg 1536w, https:\/\/jornalfatosenoticias.com.br\/wp-content\/uploads\/2020\/02\/logo-Rapuzel.jpg 1600w\" sizes=\"auto, (max-width: 400px) 100vw, 400px\" \/><\/figure><\/div>\n\n\n\n<p>Nesta quinta-feira (13) a deputada e presidente do PT, Gleisi Hoffmann, declarou apoio \u00e0 greve dos empregados da Eletrobras e disse que a empresa tem de voltar a &#8220;ser do povo&#8221;. A greve, que come\u00e7ou na segunda-feira (10) em protesto contra a proposta de readequa\u00e7\u00e3o dos sal\u00e1rios feita pela empresa, tem ades\u00e3o de 80% dos trabalhadores.<\/p>\n\n\n\n<div class=\"wp-block-image\"><figure class=\"aligncenter size-large is-resized\"><img loading=\"lazy\" decoding=\"async\" src=\"https:\/\/jornalfatosenoticias.com.br\/wp-content\/uploads\/2023\/08\/BKR-1024x1021.jpg\" alt=\"\" class=\"wp-image-44494\" width=\"312\" height=\"311\" srcset=\"https:\/\/jornalfatosenoticias.com.br\/wp-content\/uploads\/2023\/08\/BKR-1024x1021.jpg 1024w, https:\/\/jornalfatosenoticias.com.br\/wp-content\/uploads\/2023\/08\/BKR-300x300.jpg 300w, https:\/\/jornalfatosenoticias.com.br\/wp-content\/uploads\/2023\/08\/BKR-150x150.jpg 150w, https:\/\/jornalfatosenoticias.com.br\/wp-content\/uploads\/2023\/08\/BKR-768x766.jpg 768w, https:\/\/jornalfatosenoticias.com.br\/wp-content\/uploads\/2023\/08\/BKR.jpg 1080w\" sizes=\"auto, (max-width: 312px) 100vw, 312px\" \/><\/figure><\/div>\n\n\n\n<p><strong><span class=\"has-inline-color has-black-color\">Interfer\u00eancia na Vale<br><\/span><\/strong>Lula buscou insistentemente alternativas para aumentar seu poder de influ\u00eancia na segunda maior empresa do pa\u00eds. Ap\u00f3s tentativa fracassada de emplacar o ex-ministro da fazenda Guido Mantega (PT) na presid\u00eancia da companhia, sob den\u00fancias de press\u00f5es por meio do ministro das Minas e Energia, Alexandre Silveira, o conselho de administra\u00e7\u00e3o da mineradora decidiu prorrogar o mandato do atual CEO, Eduardo Bartolomeo, que se encerraria em maio, para 31 de dezembro.<\/p>\n\n\n\n<div class=\"wp-block-image\"><figure class=\"aligncenter size-large is-resized\"><img loading=\"lazy\" decoding=\"async\" src=\"https:\/\/jornalfatosenoticias.com.br\/wp-content\/uploads\/2023\/03\/nova-logo-Marquetti.jpg\" alt=\"\" class=\"wp-image-40207\" width=\"313\" height=\"210\" srcset=\"https:\/\/jornalfatosenoticias.com.br\/wp-content\/uploads\/2023\/03\/nova-logo-Marquetti.jpg 643w, https:\/\/jornalfatosenoticias.com.br\/wp-content\/uploads\/2023\/03\/nova-logo-Marquetti-300x202.jpg 300w\" sizes=\"auto, (max-width: 313px) 100vw, 313px\" \/><\/figure><\/div>\n\n\n\n<p>Discreto e pouco atento a interlocu\u00e7\u00f5es pol\u00edticas, Bartolomeo nunca contou com simpatia do Planalto. Uma consultoria foi contratada para auxiliar o conselho da Vale na escolha do pr\u00f3ximo presidente. Lula j\u00e1 explicitou sua convic\u00e7\u00e3o de que as empresas devem seguir a orienta\u00e7\u00e3o do governo em suas decis\u00f5es. O mandat\u00e1rio afirmou, em maio deste ano, que a Vale, privatizada h\u00e1 30 anos, &#8220;n\u00e3o \u00e9 dona do Brasil&#8221; e que, assim como todas as empresas brasileiras, deve estar alinhada com o pensamento de desenvolvimento do governo.<\/p>\n\n\n\n<div class=\"wp-block-image\"><figure class=\"aligncenter size-large is-resized\"><img loading=\"lazy\" decoding=\"async\" src=\"https:\/\/jornalfatosenoticias.com.br\/wp-content\/uploads\/2022\/02\/Precisao-Contabilidade-1024x724.jpg\" alt=\"\" class=\"wp-image-28088\" width=\"337\" height=\"238\"\/><\/figure><\/div>\n\n\n\n<p>&#8220;A Vale n\u00e3o pode pensar que ela \u00e9 dona do Brasil, n\u00e3o pode pensar que ela pode mais do que o Brasil. Ent\u00e3o o que n\u00f3s queremos \u00e9 o seguinte: empresas brasileiras precisam estar de acordo com aquilo que \u00e9 o pensamento de desenvolvimento do governo brasileiro. \u00c9 isso que n\u00f3s queremos&#8221;, afirmou.<\/p>\n\n\n\n<div class=\"wp-block-image\"><figure class=\"aligncenter size-large is-resized\"><img loading=\"lazy\" decoding=\"async\" src=\"https:\/\/jornalfatosenoticias.com.br\/wp-content\/uploads\/2023\/12\/pegoretti-logo-pdf-1024x389.jpg\" alt=\"\" class=\"wp-image-47536\" width=\"427\" height=\"162\" srcset=\"https:\/\/jornalfatosenoticias.com.br\/wp-content\/uploads\/2023\/12\/pegoretti-logo-pdf-1024x389.jpg 1024w, https:\/\/jornalfatosenoticias.com.br\/wp-content\/uploads\/2023\/12\/pegoretti-logo-pdf-300x114.jpg 300w, https:\/\/jornalfatosenoticias.com.br\/wp-content\/uploads\/2023\/12\/pegoretti-logo-pdf-768x291.jpg 768w, https:\/\/jornalfatosenoticias.com.br\/wp-content\/uploads\/2023\/12\/pegoretti-logo-pdf.jpg 1120w\" sizes=\"auto, (max-width: 427px) 100vw, 427px\" \/><\/figure><\/div>\n\n\n\n<p><strong><span class=\"has-inline-color has-black-color\">Ministros e aliados de Lula em empresas privadas<br><\/span><\/strong>Al\u00e9m de tentar emplacar o presidente da Vale, o governo Lula indicou ministros e aliados para conselhos de administra\u00e7\u00e3o de empresas privadas. Fez isso por meio do BNDES, que \u00e9 s\u00f3cio de muitas empresas. Em um dos casos, o banco de fomento violou suas pr\u00f3prias normas ao indicar Carlos Lupi, ministro da Previd\u00eancia, para o conselho da metal\u00fargica Tupy. A pol\u00edtica do banco veda a indica\u00e7\u00e3o de dirigentes partid\u00e1rios, mesmo licenciados.<\/p>\n\n\n\n<div class=\"wp-block-image\"><figure class=\"aligncenter size-large is-resized\"><img loading=\"lazy\" decoding=\"async\" src=\"https:\/\/jornalfatosenoticias.com.br\/wp-content\/uploads\/2020\/02\/logo_esteio.jpg\" alt=\"\" class=\"wp-image-1214\" width=\"338\" height=\"282\"\/><\/figure><\/div>\n\n\n\n<p>Os conselhos s\u00e3o alvo constante de aparelhamento e indica\u00e7\u00f5es pol\u00edticas, em especial nas gest\u00f5es petistas. A indica\u00e7\u00e3o funciona normalmente como b\u00f4nus para complementa\u00e7\u00e3o de sal\u00e1rios de ministros e aliados. Com o BNDES sob o comando de Aloizio Mercadante, as diretrizes de indica\u00e7\u00f5es se alinham \u00e0 estrat\u00e9gia do governo de ter maior influ\u00eancia e poder de decis\u00e3o nas empresas, ampliando o papel do banco e do Estado na economia.<\/p>\n\n\n\n<div class=\"wp-block-image\"><figure class=\"aligncenter size-large\"><img decoding=\"async\" src=\"https:\/\/jornalfatosenoticias.com.br\/wp-content\/uploads\/2020\/02\/barao-das-carnes-300x164-1.jpg\" alt=\"\" class=\"wp-image-34339\"\/><\/figure><\/div>\n\n\n\n<p><strong><span class=\"has-inline-color has-black-color\">Interfer\u00eancia no Banco Central<br><\/span><\/strong>Lula e aliados iniciaram a gest\u00e3o tecendo cr\u00edticas \u00e0 atua\u00e7\u00e3o da autoridade monet\u00e1ria, em especial a manuten\u00e7\u00e3o da taxa de juros (Selic), ent\u00e3o fixada em 13,75%. O petista chegou classificar o patamar dos juros como uma &#8220;vergonha&#8221;, chamou a autonomia do BC de &#8220;bobagem&#8221; e sinalizou que pode rever a independ\u00eancia da institui\u00e7\u00e3o ap\u00f3s o fim do mandato do atual presidente, Roberto Campos Neto, em 31 de dezembro.<\/p>\n\n\n\n<div class=\"wp-block-image\"><figure class=\"aligncenter size-large is-resized\"><img loading=\"lazy\" decoding=\"async\" src=\"https:\/\/jornalfatosenoticias.com.br\/wp-content\/uploads\/2020\/02\/CONTROL-CS.jpg\" alt=\"\" class=\"wp-image-44991\" width=\"302\" height=\"362\" srcset=\"https:\/\/jornalfatosenoticias.com.br\/wp-content\/uploads\/2020\/02\/CONTROL-CS.jpg 834w, https:\/\/jornalfatosenoticias.com.br\/wp-content\/uploads\/2020\/02\/CONTROL-CS-250x300.jpg 250w, https:\/\/jornalfatosenoticias.com.br\/wp-content\/uploads\/2020\/02\/CONTROL-CS-768x921.jpg 768w\" sizes=\"auto, (max-width: 302px) 100vw, 302px\" \/><\/figure><\/div>\n\n\n\n<p>Apesar dos ataques frequentes, Campos Neto defendeu a autonomia t\u00e9cnica para manter a infla\u00e7\u00e3o dentro da meta, e o BC iniciou a queda dos juros somente em setembro de 2023. A partir de ent\u00e3o houve quedas sucessivas de 0,5 ponto percentual na taxa, mas o ritmo de cortes foi reduzido na \u00faltima reuni\u00e3o do Comit\u00ea de Pol\u00edtica Monet\u00e1ria (Copom), em fun\u00e7\u00e3o da piora fiscal, da tend\u00eancia de aumento da infla\u00e7\u00e3o e das incertezas externas. Novas cr\u00edticas vieram, especialmente por parte de Gleisi Hoffmann. O mercado teme a volta da maior interfer\u00eancia do governo no BC com o sucessor de Campos Neto, que ser\u00e1 indicado por Lula. O atual diretor de Pol\u00edtica Monet\u00e1ria, Gabriel Gal\u00edpolo, \u00e9 o mais cotado para o cargo.<\/p>\n\n\n\n<div class=\"wp-block-image\"><figure class=\"aligncenter size-large is-resized\"><img loading=\"lazy\" decoding=\"async\" src=\"https:\/\/jornalfatosenoticias.com.br\/wp-content\/uploads\/2023\/09\/vetorvix1024_1.jpg\" alt=\"\" class=\"wp-image-44868\" width=\"554\" height=\"147\" srcset=\"https:\/\/jornalfatosenoticias.com.br\/wp-content\/uploads\/2023\/09\/vetorvix1024_1.jpg 1024w, https:\/\/jornalfatosenoticias.com.br\/wp-content\/uploads\/2023\/09\/vetorvix1024_1-300x80.jpg 300w, https:\/\/jornalfatosenoticias.com.br\/wp-content\/uploads\/2023\/09\/vetorvix1024_1-768x205.jpg 768w\" sizes=\"auto, (max-width: 554px) 100vw, 554px\" \/><\/figure><\/div>\n\n\n\n<p><strong><em>Fonte: <a href=\"https:\/\/www.gazetadopovo.com.br\/economia\/lula-estabilidade-investimentos\/\">Gazeta do Povo<\/a><\/em><\/strong><\/p>\n","protected":false},"excerpt":{"rendered":"<p>Pesquisa revela novos \u00edndices elevados de reprova\u00e7\u00e3o em setores do governo Lula Por Rose Amant\u00e9a No auge de uma crise pol\u00edtica e de incertezas sobre o futuro do ministro Fernando Haddad \u00e0 frente da Fazenda, Luiz In\u00e1cio Lula da Silva (PT) disse que o Brasil tem &#8220;estabilidade de sobra&#8221; para atrair investimentos. &#8220;O Brasil merece [&hellip;]<\/p>\n","protected":false},"author":2,"featured_media":52033,"comment_status":"open","ping_status":"open","sticky":false,"template":"","format":"standard","meta":{"footnotes":""},"categories":[9],"tags":[23811,23813,23812,18462,240,3898,2539,18155,826,13869,17635,4182,946,17895,22050,7580,3553,6826,5241,12860,20010,289,15014,8580,17304,1033,245],"class_list":["post-52032","post","type-post","status-publish","format-standard","has-post-thumbnail","hentry","category-economia","tag-carlos-lupi","tag-contas-publicas-corrupcao","tag-crise-politica","tag-cristiano-zanin","tag-economia","tag-eletrobras","tag-energia","tag-fernando-haddad","tag-gestao","tag-gleisi-hoffmann","tag-ibovespa","tag-inflacao","tag-investimentos","tag-judiciario","tag-luiz-marinho","tag-lula","tag-mercado","tag-presidente","tag-privatizacao","tag-reforma-da-previdencia","tag-reforma-trabalhista","tag-rio-de-janeiro","tag-roberto-campos-neto","tag-rodrigo-pacheco","tag-salario-minimo","tag-seguranca","tag-trabalho"],"yoast_head":"<!-- This site is optimized with the Yoast SEO plugin v26.5 - https:\/\/yoast.com\/wordpress\/plugins\/seo\/ -->\n<title>Lula diz que Brasil tem estabilidade de sobra para o investidor. Os fatos mostram o oposto - Jornal Fatos e Not\u00edcias<\/title>\n<meta name=\"robots\" content=\"index, follow, max-snippet:-1, max-image-preview:large, max-video-preview:-1\" \/>\n<link rel=\"canonical\" href=\"https:\/\/jornalfatosenoticias.com.br\/index.php\/2024\/06\/17\/lula-diz-que-brasil-tem-estabilidade-de-sobra-para-o-investidor-os-fatos-mostram-o-oposto\/\" \/>\n<meta property=\"og:locale\" content=\"pt_BR\" \/>\n<meta property=\"og:type\" content=\"article\" \/>\n<meta property=\"og:title\" content=\"Lula diz que Brasil tem estabilidade de sobra para o investidor. Os fatos mostram o oposto - Jornal Fatos e Not\u00edcias\" \/>\n<meta property=\"og:description\" content=\"Pesquisa revela novos \u00edndices elevados de reprova\u00e7\u00e3o em setores do governo Lula Por Rose Amant\u00e9a No auge de uma crise pol\u00edtica e de incertezas sobre o futuro do ministro Fernando Haddad \u00e0 frente da Fazenda, Luiz In\u00e1cio Lula da Silva (PT) disse que o Brasil tem &#8220;estabilidade de sobra&#8221; para atrair investimentos. &#8220;O Brasil merece [&hellip;]\" \/>\n<meta property=\"og:url\" content=\"https:\/\/jornalfatosenoticias.com.br\/index.php\/2024\/06\/17\/lula-diz-que-brasil-tem-estabilidade-de-sobra-para-o-investidor-os-fatos-mostram-o-oposto\/\" \/>\n<meta property=\"og:site_name\" content=\"Jornal Fatos e Not\u00edcias\" \/>\n<meta property=\"article:published_time\" content=\"2024-06-17T14:18:19+00:00\" \/>\n<meta property=\"article:modified_time\" content=\"2024-06-17T14:18:20+00:00\" \/>\n<meta property=\"og:image\" content=\"https:\/\/jornalfatosenoticias.com.br\/wp-content\/uploads\/2024\/06\/lula_gettyimages.jpg\" \/>\n\t<meta property=\"og:image:width\" content=\"612\" \/>\n\t<meta property=\"og:image:height\" content=\"408\" \/>\n\t<meta property=\"og:image:type\" content=\"image\/jpeg\" \/>\n<meta name=\"author\" content=\"Luzimara Fernandes\" \/>\n<meta name=\"twitter:card\" content=\"summary_large_image\" \/>\n<meta name=\"twitter:label1\" content=\"Escrito por\" \/>\n\t<meta name=\"twitter:data1\" content=\"Luzimara Fernandes\" \/>\n\t<meta name=\"twitter:label2\" content=\"Est. tempo de leitura\" \/>\n\t<meta name=\"twitter:data2\" content=\"9 minutos\" \/>\n<script type=\"application\/ld+json\" class=\"yoast-schema-graph\">{\"@context\":\"https:\/\/schema.org\",\"@graph\":[{\"@type\":\"Article\",\"@id\":\"https:\/\/jornalfatosenoticias.com.br\/index.php\/2024\/06\/17\/lula-diz-que-brasil-tem-estabilidade-de-sobra-para-o-investidor-os-fatos-mostram-o-oposto\/#article\",\"isPartOf\":{\"@id\":\"https:\/\/jornalfatosenoticias.com.br\/index.php\/2024\/06\/17\/lula-diz-que-brasil-tem-estabilidade-de-sobra-para-o-investidor-os-fatos-mostram-o-oposto\/\"},\"author\":{\"name\":\"Luzimara Fernandes\",\"@id\":\"https:\/\/jornalfatosenoticias.com.br\/#\/schema\/person\/d63837fa13ac8666eb9e74e0985d6f81\"},\"headline\":\"Lula diz que Brasil tem estabilidade de sobra para o investidor. Os fatos mostram o oposto\",\"datePublished\":\"2024-06-17T14:18:19+00:00\",\"dateModified\":\"2024-06-17T14:18:20+00:00\",\"mainEntityOfPage\":{\"@id\":\"https:\/\/jornalfatosenoticias.com.br\/index.php\/2024\/06\/17\/lula-diz-que-brasil-tem-estabilidade-de-sobra-para-o-investidor-os-fatos-mostram-o-oposto\/\"},\"wordCount\":1845,\"commentCount\":0,\"publisher\":{\"@id\":\"https:\/\/jornalfatosenoticias.com.br\/#organization\"},\"image\":{\"@id\":\"https:\/\/jornalfatosenoticias.com.br\/index.php\/2024\/06\/17\/lula-diz-que-brasil-tem-estabilidade-de-sobra-para-o-investidor-os-fatos-mostram-o-oposto\/#primaryimage\"},\"thumbnailUrl\":\"https:\/\/jornalfatosenoticias.com.br\/wp-content\/uploads\/2024\/06\/lula_gettyimages.jpg\",\"keywords\":[\"Carlos Lupi\",\"contas p\u00fablicas corrup\u00e7\u00e3o\",\"crise pol\u00edtica\",\"Cristiano Zanin\",\"economia\",\"Eletrobras\",\"energia\",\"Fernando Haddad\",\"gest\u00e3o\",\"Gleisi Hoffmann\",\"Ibovespa\",\"infla\u00e7\u00e3o\",\"investimentos\",\"Judici\u00e1rio\",\"Luiz Marinho\",\"Lula\",\"mercado\",\"presidente\",\"privatiza\u00e7\u00e3o\",\"Reforma da Previd\u00eancia\",\"reforma trabalhista\",\"Rio de Janeiro\",\"Roberto Campos Neto\",\"Rodrigo Pacheco\",\"sal\u00e1rio m\u00ednimo\",\"seguran\u00e7a\",\"trabalho\"],\"articleSection\":[\"Economia\"],\"inLanguage\":\"pt-BR\",\"potentialAction\":[{\"@type\":\"CommentAction\",\"name\":\"Comment\",\"target\":[\"https:\/\/jornalfatosenoticias.com.br\/index.php\/2024\/06\/17\/lula-diz-que-brasil-tem-estabilidade-de-sobra-para-o-investidor-os-fatos-mostram-o-oposto\/#respond\"]}]},{\"@type\":\"WebPage\",\"@id\":\"https:\/\/jornalfatosenoticias.com.br\/index.php\/2024\/06\/17\/lula-diz-que-brasil-tem-estabilidade-de-sobra-para-o-investidor-os-fatos-mostram-o-oposto\/\",\"url\":\"https:\/\/jornalfatosenoticias.com.br\/index.php\/2024\/06\/17\/lula-diz-que-brasil-tem-estabilidade-de-sobra-para-o-investidor-os-fatos-mostram-o-oposto\/\",\"name\":\"Lula diz que Brasil tem estabilidade de sobra para o investidor. Os fatos mostram o oposto - Jornal Fatos e Not\u00edcias\",\"isPartOf\":{\"@id\":\"https:\/\/jornalfatosenoticias.com.br\/#website\"},\"primaryImageOfPage\":{\"@id\":\"https:\/\/jornalfatosenoticias.com.br\/index.php\/2024\/06\/17\/lula-diz-que-brasil-tem-estabilidade-de-sobra-para-o-investidor-os-fatos-mostram-o-oposto\/#primaryimage\"},\"image\":{\"@id\":\"https:\/\/jornalfatosenoticias.com.br\/index.php\/2024\/06\/17\/lula-diz-que-brasil-tem-estabilidade-de-sobra-para-o-investidor-os-fatos-mostram-o-oposto\/#primaryimage\"},\"thumbnailUrl\":\"https:\/\/jornalfatosenoticias.com.br\/wp-content\/uploads\/2024\/06\/lula_gettyimages.jpg\",\"datePublished\":\"2024-06-17T14:18:19+00:00\",\"dateModified\":\"2024-06-17T14:18:20+00:00\",\"breadcrumb\":{\"@id\":\"https:\/\/jornalfatosenoticias.com.br\/index.php\/2024\/06\/17\/lula-diz-que-brasil-tem-estabilidade-de-sobra-para-o-investidor-os-fatos-mostram-o-oposto\/#breadcrumb\"},\"inLanguage\":\"pt-BR\",\"potentialAction\":[{\"@type\":\"ReadAction\",\"target\":[\"https:\/\/jornalfatosenoticias.com.br\/index.php\/2024\/06\/17\/lula-diz-que-brasil-tem-estabilidade-de-sobra-para-o-investidor-os-fatos-mostram-o-oposto\/\"]}]},{\"@type\":\"ImageObject\",\"inLanguage\":\"pt-BR\",\"@id\":\"https:\/\/jornalfatosenoticias.com.br\/index.php\/2024\/06\/17\/lula-diz-que-brasil-tem-estabilidade-de-sobra-para-o-investidor-os-fatos-mostram-o-oposto\/#primaryimage\",\"url\":\"https:\/\/jornalfatosenoticias.com.br\/wp-content\/uploads\/2024\/06\/lula_gettyimages.jpg\",\"contentUrl\":\"https:\/\/jornalfatosenoticias.com.br\/wp-content\/uploads\/2024\/06\/lula_gettyimages.jpg\",\"width\":612,\"height\":408,\"caption\":\"RIO DE JANEIRO, BRAZIL - JUNE 11: President of Brazil Luis In\u00e1cio Lula Da Silva speaks during the award ceremony of the 18th Brazilian Mathematic Olympic of public schools on June 11, 2024 in Rio de Janeiro, Brazil. (Photo by Buda Mendes\/Getty Images)\"},{\"@type\":\"BreadcrumbList\",\"@id\":\"https:\/\/jornalfatosenoticias.com.br\/index.php\/2024\/06\/17\/lula-diz-que-brasil-tem-estabilidade-de-sobra-para-o-investidor-os-fatos-mostram-o-oposto\/#breadcrumb\",\"itemListElement\":[{\"@type\":\"ListItem\",\"position\":1,\"name\":\"In\u00edcio\",\"item\":\"https:\/\/jornalfatosenoticias.com.br\/\"},{\"@type\":\"ListItem\",\"position\":2,\"name\":\"Lula diz que Brasil tem estabilidade de sobra para o investidor. Os fatos mostram o oposto\"}]},{\"@type\":\"WebSite\",\"@id\":\"https:\/\/jornalfatosenoticias.com.br\/#website\",\"url\":\"https:\/\/jornalfatosenoticias.com.br\/\",\"name\":\"Jornal Fatos e Not\u00edcias\",\"description\":\"Not\u00edcias em geral\",\"publisher\":{\"@id\":\"https:\/\/jornalfatosenoticias.com.br\/#organization\"},\"potentialAction\":[{\"@type\":\"SearchAction\",\"target\":{\"@type\":\"EntryPoint\",\"urlTemplate\":\"https:\/\/jornalfatosenoticias.com.br\/?s={search_term_string}\"},\"query-input\":{\"@type\":\"PropertyValueSpecification\",\"valueRequired\":true,\"valueName\":\"search_term_string\"}}],\"inLanguage\":\"pt-BR\"},{\"@type\":\"Organization\",\"@id\":\"https:\/\/jornalfatosenoticias.com.br\/#organization\",\"name\":\"Jornal Fatos e Not\u00edcias\",\"url\":\"https:\/\/jornalfatosenoticias.com.br\/\",\"logo\":{\"@type\":\"ImageObject\",\"inLanguage\":\"pt-BR\",\"@id\":\"https:\/\/jornalfatosenoticias.com.br\/#\/schema\/logo\/image\/\",\"url\":\"https:\/\/jornalfatosenoticias.com.br\/wp-content\/uploads\/2020\/02\/logo120.png\",\"contentUrl\":\"https:\/\/jornalfatosenoticias.com.br\/wp-content\/uploads\/2020\/02\/logo120.png\",\"width\":1227,\"height\":120,\"caption\":\"Jornal Fatos e Not\u00edcias\"},\"image\":{\"@id\":\"https:\/\/jornalfatosenoticias.com.br\/#\/schema\/logo\/image\/\"}},{\"@type\":\"Person\",\"@id\":\"https:\/\/jornalfatosenoticias.com.br\/#\/schema\/person\/d63837fa13ac8666eb9e74e0985d6f81\",\"name\":\"Luzimara Fernandes\",\"image\":{\"@type\":\"ImageObject\",\"inLanguage\":\"pt-BR\",\"@id\":\"https:\/\/jornalfatosenoticias.com.br\/#\/schema\/person\/image\/\",\"url\":\"https:\/\/jornalfatosenoticias.com.br\/wp-content\/uploads\/2025\/05\/EU_portal.jpg\",\"contentUrl\":\"https:\/\/jornalfatosenoticias.com.br\/wp-content\/uploads\/2025\/05\/EU_portal.jpg\",\"caption\":\"Luzimara Fernandes\"},\"description\":\"Jornalista MTB 2358-ES\",\"sameAs\":[\"https:\/\/jornalfatosenoticias.com.br\"],\"url\":\"https:\/\/jornalfatosenoticias.com.br\/index.php\/author\/luzimara\/\"}]}<\/script>\n<!-- \/ Yoast SEO plugin. -->","yoast_head_json":{"title":"Lula diz que Brasil tem estabilidade de sobra para o investidor. Os fatos mostram o oposto - Jornal Fatos e Not\u00edcias","robots":{"index":"index","follow":"follow","max-snippet":"max-snippet:-1","max-image-preview":"max-image-preview:large","max-video-preview":"max-video-preview:-1"},"canonical":"https:\/\/jornalfatosenoticias.com.br\/index.php\/2024\/06\/17\/lula-diz-que-brasil-tem-estabilidade-de-sobra-para-o-investidor-os-fatos-mostram-o-oposto\/","og_locale":"pt_BR","og_type":"article","og_title":"Lula diz que Brasil tem estabilidade de sobra para o investidor. Os fatos mostram o oposto - Jornal Fatos e Not\u00edcias","og_description":"Pesquisa revela novos \u00edndices elevados de reprova\u00e7\u00e3o em setores do governo Lula Por Rose Amant\u00e9a No auge de uma crise pol\u00edtica e de incertezas sobre o futuro do ministro Fernando Haddad \u00e0 frente da Fazenda, Luiz In\u00e1cio Lula da Silva (PT) disse que o Brasil tem &#8220;estabilidade de sobra&#8221; para atrair investimentos. &#8220;O Brasil merece [&hellip;]","og_url":"https:\/\/jornalfatosenoticias.com.br\/index.php\/2024\/06\/17\/lula-diz-que-brasil-tem-estabilidade-de-sobra-para-o-investidor-os-fatos-mostram-o-oposto\/","og_site_name":"Jornal Fatos e Not\u00edcias","article_published_time":"2024-06-17T14:18:19+00:00","article_modified_time":"2024-06-17T14:18:20+00:00","og_image":[{"width":612,"height":408,"url":"https:\/\/jornalfatosenoticias.com.br\/wp-content\/uploads\/2024\/06\/lula_gettyimages.jpg","type":"image\/jpeg"}],"author":"Luzimara Fernandes","twitter_card":"summary_large_image","twitter_misc":{"Escrito por":"Luzimara Fernandes","Est. tempo de leitura":"9 minutos"},"schema":{"@context":"https:\/\/schema.org","@graph":[{"@type":"Article","@id":"https:\/\/jornalfatosenoticias.com.br\/index.php\/2024\/06\/17\/lula-diz-que-brasil-tem-estabilidade-de-sobra-para-o-investidor-os-fatos-mostram-o-oposto\/#article","isPartOf":{"@id":"https:\/\/jornalfatosenoticias.com.br\/index.php\/2024\/06\/17\/lula-diz-que-brasil-tem-estabilidade-de-sobra-para-o-investidor-os-fatos-mostram-o-oposto\/"},"author":{"name":"Luzimara Fernandes","@id":"https:\/\/jornalfatosenoticias.com.br\/#\/schema\/person\/d63837fa13ac8666eb9e74e0985d6f81"},"headline":"Lula diz que Brasil tem estabilidade de sobra para o investidor. Os fatos mostram o oposto","datePublished":"2024-06-17T14:18:19+00:00","dateModified":"2024-06-17T14:18:20+00:00","mainEntityOfPage":{"@id":"https:\/\/jornalfatosenoticias.com.br\/index.php\/2024\/06\/17\/lula-diz-que-brasil-tem-estabilidade-de-sobra-para-o-investidor-os-fatos-mostram-o-oposto\/"},"wordCount":1845,"commentCount":0,"publisher":{"@id":"https:\/\/jornalfatosenoticias.com.br\/#organization"},"image":{"@id":"https:\/\/jornalfatosenoticias.com.br\/index.php\/2024\/06\/17\/lula-diz-que-brasil-tem-estabilidade-de-sobra-para-o-investidor-os-fatos-mostram-o-oposto\/#primaryimage"},"thumbnailUrl":"https:\/\/jornalfatosenoticias.com.br\/wp-content\/uploads\/2024\/06\/lula_gettyimages.jpg","keywords":["Carlos Lupi","contas p\u00fablicas corrup\u00e7\u00e3o","crise pol\u00edtica","Cristiano Zanin","economia","Eletrobras","energia","Fernando Haddad","gest\u00e3o","Gleisi Hoffmann","Ibovespa","infla\u00e7\u00e3o","investimentos","Judici\u00e1rio","Luiz Marinho","Lula","mercado","presidente","privatiza\u00e7\u00e3o","Reforma da Previd\u00eancia","reforma trabalhista","Rio de Janeiro","Roberto Campos Neto","Rodrigo Pacheco","sal\u00e1rio m\u00ednimo","seguran\u00e7a","trabalho"],"articleSection":["Economia"],"inLanguage":"pt-BR","potentialAction":[{"@type":"CommentAction","name":"Comment","target":["https:\/\/jornalfatosenoticias.com.br\/index.php\/2024\/06\/17\/lula-diz-que-brasil-tem-estabilidade-de-sobra-para-o-investidor-os-fatos-mostram-o-oposto\/#respond"]}]},{"@type":"WebPage","@id":"https:\/\/jornalfatosenoticias.com.br\/index.php\/2024\/06\/17\/lula-diz-que-brasil-tem-estabilidade-de-sobra-para-o-investidor-os-fatos-mostram-o-oposto\/","url":"https:\/\/jornalfatosenoticias.com.br\/index.php\/2024\/06\/17\/lula-diz-que-brasil-tem-estabilidade-de-sobra-para-o-investidor-os-fatos-mostram-o-oposto\/","name":"Lula diz que Brasil tem estabilidade de sobra para o investidor. Os fatos mostram o oposto - Jornal Fatos e Not\u00edcias","isPartOf":{"@id":"https:\/\/jornalfatosenoticias.com.br\/#website"},"primaryImageOfPage":{"@id":"https:\/\/jornalfatosenoticias.com.br\/index.php\/2024\/06\/17\/lula-diz-que-brasil-tem-estabilidade-de-sobra-para-o-investidor-os-fatos-mostram-o-oposto\/#primaryimage"},"image":{"@id":"https:\/\/jornalfatosenoticias.com.br\/index.php\/2024\/06\/17\/lula-diz-que-brasil-tem-estabilidade-de-sobra-para-o-investidor-os-fatos-mostram-o-oposto\/#primaryimage"},"thumbnailUrl":"https:\/\/jornalfatosenoticias.com.br\/wp-content\/uploads\/2024\/06\/lula_gettyimages.jpg","datePublished":"2024-06-17T14:18:19+00:00","dateModified":"2024-06-17T14:18:20+00:00","breadcrumb":{"@id":"https:\/\/jornalfatosenoticias.com.br\/index.php\/2024\/06\/17\/lula-diz-que-brasil-tem-estabilidade-de-sobra-para-o-investidor-os-fatos-mostram-o-oposto\/#breadcrumb"},"inLanguage":"pt-BR","potentialAction":[{"@type":"ReadAction","target":["https:\/\/jornalfatosenoticias.com.br\/index.php\/2024\/06\/17\/lula-diz-que-brasil-tem-estabilidade-de-sobra-para-o-investidor-os-fatos-mostram-o-oposto\/"]}]},{"@type":"ImageObject","inLanguage":"pt-BR","@id":"https:\/\/jornalfatosenoticias.com.br\/index.php\/2024\/06\/17\/lula-diz-que-brasil-tem-estabilidade-de-sobra-para-o-investidor-os-fatos-mostram-o-oposto\/#primaryimage","url":"https:\/\/jornalfatosenoticias.com.br\/wp-content\/uploads\/2024\/06\/lula_gettyimages.jpg","contentUrl":"https:\/\/jornalfatosenoticias.com.br\/wp-content\/uploads\/2024\/06\/lula_gettyimages.jpg","width":612,"height":408,"caption":"RIO DE JANEIRO, BRAZIL - JUNE 11: President of Brazil Luis In\u00e1cio Lula Da Silva speaks during the award ceremony of the 18th Brazilian Mathematic Olympic of public schools on June 11, 2024 in Rio de Janeiro, Brazil. (Photo by Buda Mendes\/Getty Images)"},{"@type":"BreadcrumbList","@id":"https:\/\/jornalfatosenoticias.com.br\/index.php\/2024\/06\/17\/lula-diz-que-brasil-tem-estabilidade-de-sobra-para-o-investidor-os-fatos-mostram-o-oposto\/#breadcrumb","itemListElement":[{"@type":"ListItem","position":1,"name":"In\u00edcio","item":"https:\/\/jornalfatosenoticias.com.br\/"},{"@type":"ListItem","position":2,"name":"Lula diz que Brasil tem estabilidade de sobra para o investidor. Os fatos mostram o oposto"}]},{"@type":"WebSite","@id":"https:\/\/jornalfatosenoticias.com.br\/#website","url":"https:\/\/jornalfatosenoticias.com.br\/","name":"Jornal Fatos e Not\u00edcias","description":"Not\u00edcias em geral","publisher":{"@id":"https:\/\/jornalfatosenoticias.com.br\/#organization"},"potentialAction":[{"@type":"SearchAction","target":{"@type":"EntryPoint","urlTemplate":"https:\/\/jornalfatosenoticias.com.br\/?s={search_term_string}"},"query-input":{"@type":"PropertyValueSpecification","valueRequired":true,"valueName":"search_term_string"}}],"inLanguage":"pt-BR"},{"@type":"Organization","@id":"https:\/\/jornalfatosenoticias.com.br\/#organization","name":"Jornal Fatos e Not\u00edcias","url":"https:\/\/jornalfatosenoticias.com.br\/","logo":{"@type":"ImageObject","inLanguage":"pt-BR","@id":"https:\/\/jornalfatosenoticias.com.br\/#\/schema\/logo\/image\/","url":"https:\/\/jornalfatosenoticias.com.br\/wp-content\/uploads\/2020\/02\/logo120.png","contentUrl":"https:\/\/jornalfatosenoticias.com.br\/wp-content\/uploads\/2020\/02\/logo120.png","width":1227,"height":120,"caption":"Jornal Fatos e Not\u00edcias"},"image":{"@id":"https:\/\/jornalfatosenoticias.com.br\/#\/schema\/logo\/image\/"}},{"@type":"Person","@id":"https:\/\/jornalfatosenoticias.com.br\/#\/schema\/person\/d63837fa13ac8666eb9e74e0985d6f81","name":"Luzimara Fernandes","image":{"@type":"ImageObject","inLanguage":"pt-BR","@id":"https:\/\/jornalfatosenoticias.com.br\/#\/schema\/person\/image\/","url":"https:\/\/jornalfatosenoticias.com.br\/wp-content\/uploads\/2025\/05\/EU_portal.jpg","contentUrl":"https:\/\/jornalfatosenoticias.com.br\/wp-content\/uploads\/2025\/05\/EU_portal.jpg","caption":"Luzimara Fernandes"},"description":"Jornalista MTB 2358-ES","sameAs":["https:\/\/jornalfatosenoticias.com.br"],"url":"https:\/\/jornalfatosenoticias.com.br\/index.php\/author\/luzimara\/"}]}},"cc_featured_image_caption":{"caption_text":"(Foto: Getty Images) ","source_text":"","source_url":""},"jetpack_featured_media_url":"https:\/\/jornalfatosenoticias.com.br\/wp-content\/uploads\/2024\/06\/lula_gettyimages.jpg","_links":{"self":[{"href":"https:\/\/jornalfatosenoticias.com.br\/index.php\/wp-json\/wp\/v2\/posts\/52032","targetHints":{"allow":["GET"]}}],"collection":[{"href":"https:\/\/jornalfatosenoticias.com.br\/index.php\/wp-json\/wp\/v2\/posts"}],"about":[{"href":"https:\/\/jornalfatosenoticias.com.br\/index.php\/wp-json\/wp\/v2\/types\/post"}],"author":[{"embeddable":true,"href":"https:\/\/jornalfatosenoticias.com.br\/index.php\/wp-json\/wp\/v2\/users\/2"}],"replies":[{"embeddable":true,"href":"https:\/\/jornalfatosenoticias.com.br\/index.php\/wp-json\/wp\/v2\/comments?post=52032"}],"version-history":[{"count":0,"href":"https:\/\/jornalfatosenoticias.com.br\/index.php\/wp-json\/wp\/v2\/posts\/52032\/revisions"}],"wp:featuredmedia":[{"embeddable":true,"href":"https:\/\/jornalfatosenoticias.com.br\/index.php\/wp-json\/wp\/v2\/media\/52033"}],"wp:attachment":[{"href":"https:\/\/jornalfatosenoticias.com.br\/index.php\/wp-json\/wp\/v2\/media?parent=52032"}],"wp:term":[{"taxonomy":"category","embeddable":true,"href":"https:\/\/jornalfatosenoticias.com.br\/index.php\/wp-json\/wp\/v2\/categories?post=52032"},{"taxonomy":"post_tag","embeddable":true,"href":"https:\/\/jornalfatosenoticias.com.br\/index.php\/wp-json\/wp\/v2\/tags?post=52032"}],"curies":[{"name":"wp","href":"https:\/\/api.w.org\/{rel}","templated":true}]}}