{"id":52035,"date":"2024-06-18T09:43:04","date_gmt":"2024-06-18T12:43:04","guid":{"rendered":"https:\/\/jornalfatosenoticias.com.br\/?p=52035"},"modified":"2024-06-18T09:43:05","modified_gmt":"2024-06-18T12:43:05","slug":"comeca-o-inverno-2024-vai-fazer-mais-calor-ou-mais-frio","status":"publish","type":"post","link":"https:\/\/jornalfatosenoticias.com.br\/index.php\/2024\/06\/18\/comeca-o-inverno-2024-vai-fazer-mais-calor-ou-mais-frio\/","title":{"rendered":"Come\u00e7a o inverno 2024: vai fazer mais calor ou mais frio?"},"content":{"rendered":"\n<p><em><span class=\"has-inline-color has-black-color\">Com a chegada do fen\u00f4meno La Ni\u00f1a, inverno de 2024 ter\u00e1 tempo mais seco no Sul e no Sudeste do Brasil<\/span><\/em><\/p>\n\n\n\n<p><span class=\"has-inline-color has-black-color\">Por <strong><a href=\"https:\/\/gizmodo.uol.com.br\/author\/isabela-oliveira\/\">Isabela Oliveira<\/a><\/strong><\/span><\/p>\n\n\n\n<div class=\"wp-block-image\"><figure class=\"aligncenter size-large is-resized\"><img loading=\"lazy\" decoding=\"async\" src=\"https:\/\/jornalfatosenoticias.com.br\/wp-content\/uploads\/2023\/09\/vetorvix1024_1.jpg\" alt=\"\" class=\"wp-image-44868\" width=\"543\" height=\"144\" srcset=\"https:\/\/jornalfatosenoticias.com.br\/wp-content\/uploads\/2023\/09\/vetorvix1024_1.jpg 1024w, https:\/\/jornalfatosenoticias.com.br\/wp-content\/uploads\/2023\/09\/vetorvix1024_1-300x80.jpg 300w, https:\/\/jornalfatosenoticias.com.br\/wp-content\/uploads\/2023\/09\/vetorvix1024_1-768x205.jpg 768w\" sizes=\"auto, (max-width: 543px) 100vw, 543px\" \/><\/figure><\/div>\n\n\n\n<p>Nesta sexta-feira (21), \u00e0s 17h51, come\u00e7a o inverno 2024 no <a href=\"https:\/\/gizmodo.uol.com.br\/nao-e-so-no-brasil-mapa-mostra-os-paises-que-tem-sus\/\">Brasil<\/a>. A esta\u00e7\u00e3o continua at\u00e9 22 de setembro e ter\u00e1 temperaturas acima do previsto, de acordo com o Climatempo. No entanto, com o fim do El Ni\u00f1o e o in\u00edcio do La Ni\u00f1a, o esperado \u00e9 que o per\u00edodo seja de menos chuvas em rela\u00e7\u00e3o ao<a href=\"https:\/\/gizmodo.uol.com.br\/inverno-do-el-nino-como-o-clima-sera-afetado-a-partir-desta-semana\/\">\u00a0ano passado<\/a>. Embora sejam esperadas poss\u00edveis ondas de calor entre agosto e setembro, a previs\u00e3o n\u00e3o \u00e9 de calor intenso. Haver\u00e1, sim, dias de frio.<br>O La Ni\u00f1a deve come\u00e7ar oficialmente entre os meses de julho e agosto, quando alguns efeitos poder\u00e3o come\u00e7ar a ser sentidos. Na faixa litor\u00e2nea entre o Rio Grande do Norte e o Esp\u00edrito Santo, o aquecimento do oceano Atl\u00e2ntico tende a diminuir. Enquanto isso, o Atl\u00e2ntico subtropical deve aquecer lentamente, sobretudo perto da costa entre Santa Catarina e o Rio de Janeiro, devido ao escoamento de ar quente do interior do Pa\u00eds.<\/p>\n\n\n\n<div class=\"wp-block-image\"><figure class=\"aligncenter size-large is-resized\"><img loading=\"lazy\" decoding=\"async\" src=\"https:\/\/jornalfatosenoticias.com.br\/wp-content\/uploads\/2020\/02\/CONTROL-CS.jpg\" alt=\"\" class=\"wp-image-44991\" width=\"357\" height=\"428\" srcset=\"https:\/\/jornalfatosenoticias.com.br\/wp-content\/uploads\/2020\/02\/CONTROL-CS.jpg 834w, https:\/\/jornalfatosenoticias.com.br\/wp-content\/uploads\/2020\/02\/CONTROL-CS-250x300.jpg 250w, https:\/\/jornalfatosenoticias.com.br\/wp-content\/uploads\/2020\/02\/CONTROL-CS-768x921.jpg 768w\" sizes=\"auto, (max-width: 357px) 100vw, 357px\" \/><\/figure><\/div>\n\n\n\n<p>Historicamente, no Brasil, os anos de La Ni\u00f1a trazem temperaturas mais baixas e chuvas acima da m\u00e9dia em \u00e1reas das regi\u00f5es Norte e Nordeste. J\u00e1 no Centro-Oeste e no Sul do Brasil, o contr\u00e1rio \u00e9 v\u00e1lido, e as regi\u00f5es Centro-Oeste e Sudeste podem esperar condi\u00e7\u00f5es de seca, com aus\u00eancia de umidade no ar.<br>Mas, segundo o <em>Meteored,<\/em> as regi\u00f5es Sudeste, Centro-Oeste e sul da regi\u00e3o Norte, e em especial o Centro-Oeste, devem come\u00e7ar a esta\u00e7\u00e3o com temperaturas de 2 a 4\u00b0C acima da m\u00e9dia. Embora o Nordeste tenha precipita\u00e7\u00e3o acumulada acima da m\u00e9dia, a chuva se concentrar\u00e1 mais no extremo norte e no leste da regi\u00e3o. Enquanto isso, no Norte, julho e agosto podem ter chuvas abaixo do esperado.<\/p>\n\n\n\n<div class=\"wp-block-image\"><figure class=\"aligncenter size-large is-resized\"><img loading=\"lazy\" decoding=\"async\" src=\"https:\/\/jornalfatosenoticias.com.br\/wp-content\/uploads\/2023\/08\/ITH.jpeg\" alt=\"\" class=\"wp-image-44638\" width=\"330\" height=\"268\" srcset=\"https:\/\/jornalfatosenoticias.com.br\/wp-content\/uploads\/2023\/08\/ITH.jpeg 800w, https:\/\/jornalfatosenoticias.com.br\/wp-content\/uploads\/2023\/08\/ITH-300x244.jpeg 300w, https:\/\/jornalfatosenoticias.com.br\/wp-content\/uploads\/2023\/08\/ITH-768x624.jpeg 768w\" sizes=\"auto, (max-width: 330px) 100vw, 330px\" \/><\/figure><\/div>\n\n\n\n<p><span class=\"has-inline-color has-vivid-cyan-blue-color\"><strong>Tempo mais seco no Sul e no Sudeste neste inverno 2024<br><\/strong><\/span>No Sudeste, o sul e leste de S\u00e3o Paulo, Rio de Janeiro, sul do Esp\u00edrito Santo e a Zona da Mata Mineira podem enfrentar momentos de frio polar em julho. Contudo, no geral, a previs\u00e3o \u00e9 de tempo seco, principalmente no interior de SP e em Minas Gerais \u2014 sobretudo em julho e agosto.<\/p>\n\n\n\n<div class=\"wp-block-image\"><figure class=\"aligncenter size-large\"><img loading=\"lazy\" decoding=\"async\" width=\"300\" height=\"250\" src=\"https:\/\/jornalfatosenoticias.com.br\/wp-content\/uploads\/2020\/02\/Banner-2.png\" alt=\"\" class=\"wp-image-43787\"\/><\/figure><\/div>\n\n\n\n<p>No ES, a infiltra\u00e7\u00e3o mar\u00edtima pode resultar em chuvas fracas, assim como no leste de MG. Nos litorais do Rio e de S\u00e3o Paulo, as chuvas ser\u00e3o menos frequentes, mas podem ser mais volumosas. Em setembro, as chuvas ser\u00e3o abaixo da m\u00e9dia na Grande SP, Grande Rio e Grande BH. As temperaturas tamb\u00e9m estar\u00e3o ligeiramente acima da m\u00e9dia em \u00e1reas dos tr\u00eas estados, bem como no litoral do Esp\u00edrito Santo. No interior do ES, as madrugadas podem ser frias. A Serra da Mantiqueira deve ter geadas frequentes por conta de bloqueios atmosf\u00e9ricos. O m\u00eas ser\u00e1 o mais propenso a ondas de calor.<\/p>\n\n\n\n<div class=\"wp-block-image\"><figure class=\"aligncenter size-large is-resized\"><img loading=\"lazy\" decoding=\"async\" src=\"https:\/\/jornalfatosenoticias.com.br\/wp-content\/uploads\/2023\/12\/pegoretti-logo-pdf-1024x389.jpg\" alt=\"\" class=\"wp-image-47536\" width=\"472\" height=\"179\" srcset=\"https:\/\/jornalfatosenoticias.com.br\/wp-content\/uploads\/2023\/12\/pegoretti-logo-pdf-1024x389.jpg 1024w, https:\/\/jornalfatosenoticias.com.br\/wp-content\/uploads\/2023\/12\/pegoretti-logo-pdf-300x114.jpg 300w, https:\/\/jornalfatosenoticias.com.br\/wp-content\/uploads\/2023\/12\/pegoretti-logo-pdf-768x291.jpg 768w, https:\/\/jornalfatosenoticias.com.br\/wp-content\/uploads\/2023\/12\/pegoretti-logo-pdf.jpg 1120w\" sizes=\"auto, (max-width: 472px) 100vw, 472px\" \/><\/figure><\/div>\n\n\n\n<p>J\u00e1 no Sul, no in\u00edcio do inverno, bloqueios frequentes ocasionar\u00e3o chuvas volumosas no Rio Grande do Sul \u2014 com destaque para o sul e o leste. Por\u00e9m, elas ter\u00e3o cada vez menos frequ\u00eancia conforme a intensifica\u00e7\u00e3o do La Ni\u00f1a. \u00c1reas do oeste e norte do Paran\u00e1 devem ter maior d\u00e9ficit de chuvas. A precipita\u00e7\u00e3o tamb\u00e9m fica um pouco abaixo da m\u00e9dia no oeste de Santa Catarina.<\/p>\n\n\n\n<div class=\"wp-block-image\"><figure class=\"aligncenter size-large is-resized\"><img loading=\"lazy\" decoding=\"async\" src=\"https:\/\/jornalfatosenoticias.com.br\/wp-content\/uploads\/2023\/03\/nova-logo-Marquetti.jpg\" alt=\"\" class=\"wp-image-40207\" width=\"362\" height=\"243\" srcset=\"https:\/\/jornalfatosenoticias.com.br\/wp-content\/uploads\/2023\/03\/nova-logo-Marquetti.jpg 643w, https:\/\/jornalfatosenoticias.com.br\/wp-content\/uploads\/2023\/03\/nova-logo-Marquetti-300x202.jpg 300w\" sizes=\"auto, (max-width: 362px) 100vw, 362px\" \/><\/figure><\/div>\n\n\n\n<p>Entre agosto e setembro, o deslocamento oce\u00e2nico trar\u00e1 frentes frias, especialmente em \u00e1reas do sul e do oeste do Rio Grande do Sul, que ter\u00e1 temperaturas um pouco abaixo da m\u00e9dia e ar frio polar.<br>Entretanto, o Paran\u00e1 e Santa Catarina enfrentar\u00e3o picos de temperatura acima da m\u00e9dia hist\u00f3rica \u2014 em especial o norte do PR. Mesmo assim, o inverno de 2024 ainda ter\u00e1 mais dias de frio do que no ano passado. \u00c1reas mais altas de RS e SC tamb\u00e9m podem ver mais neve este ano.<\/p>\n\n\n\n<div class=\"wp-block-image\"><figure class=\"aligncenter size-large\"><img loading=\"lazy\" decoding=\"async\" width=\"300\" height=\"250\" src=\"https:\/\/jornalfatosenoticias.com.br\/wp-content\/uploads\/2022\/02\/FERRARI_MAQUINAS-E-FERRAMENTAS2.jpg\" alt=\"\" class=\"wp-image-27860\"\/><\/figure><\/div>\n\n\n\n<p><strong><em>Fonte: <a href=\"https:\/\/gizmodo.uol.com.br\/comeca-o-inverno-2024-vai-fazer-mais-calor-ou-mais-frio\/\">Giz Brasil<\/a><\/em><\/strong><\/p>\n","protected":false},"excerpt":{"rendered":"<p>Com a chegada do fen\u00f4meno La Ni\u00f1a, inverno de 2024 ter\u00e1 tempo mais seco no Sul e no Sudeste do Brasil Por Isabela Oliveira Nesta sexta-feira (21), \u00e0s 17h51, come\u00e7a o inverno 2024 no Brasil. A esta\u00e7\u00e3o continua at\u00e9 22 de setembro e ter\u00e1 temperaturas acima do previsto, de acordo com o Climatempo. No entanto, [&hellip;]<\/p>\n","protected":false},"author":2,"featured_media":52036,"comment_status":"open","ping_status":"open","sticky":false,"template":"","format":"standard","meta":{"footnotes":""},"categories":[5],"tags":[368,72,21448,2877,3453,13412],"class_list":["post-52035","post","type-post","status-publish","format-standard","has-post-thumbnail","hentry","category-geral","tag-calor","tag-clima","tag-el-nino","tag-frio","tag-inverno","tag-la-nina"],"yoast_head":"<!-- This site is optimized with the Yoast SEO plugin v26.5 - https:\/\/yoast.com\/wordpress\/plugins\/seo\/ -->\n<title>Come\u00e7a o inverno 2024: vai fazer mais calor ou mais frio? - Jornal Fatos e Not\u00edcias<\/title>\n<meta name=\"robots\" content=\"index, follow, max-snippet:-1, max-image-preview:large, max-video-preview:-1\" \/>\n<link rel=\"canonical\" href=\"https:\/\/jornalfatosenoticias.com.br\/index.php\/2024\/06\/18\/comeca-o-inverno-2024-vai-fazer-mais-calor-ou-mais-frio\/\" \/>\n<meta property=\"og:locale\" content=\"pt_BR\" \/>\n<meta property=\"og:type\" content=\"article\" \/>\n<meta property=\"og:title\" content=\"Come\u00e7a o inverno 2024: vai fazer mais calor ou mais frio? - Jornal Fatos e Not\u00edcias\" \/>\n<meta property=\"og:description\" content=\"Com a chegada do fen\u00f4meno La Ni\u00f1a, inverno de 2024 ter\u00e1 tempo mais seco no Sul e no Sudeste do Brasil Por Isabela Oliveira Nesta sexta-feira (21), \u00e0s 17h51, come\u00e7a o inverno 2024 no Brasil. A esta\u00e7\u00e3o continua at\u00e9 22 de setembro e ter\u00e1 temperaturas acima do previsto, de acordo com o Climatempo. No entanto, [&hellip;]\" \/>\n<meta property=\"og:url\" content=\"https:\/\/jornalfatosenoticias.com.br\/index.php\/2024\/06\/18\/comeca-o-inverno-2024-vai-fazer-mais-calor-ou-mais-frio\/\" \/>\n<meta property=\"og:site_name\" content=\"Jornal Fatos e Not\u00edcias\" \/>\n<meta property=\"article:published_time\" content=\"2024-06-18T12:43:04+00:00\" \/>\n<meta property=\"article:modified_time\" content=\"2024-06-18T12:43:05+00:00\" \/>\n<meta property=\"og:image\" content=\"https:\/\/jornalfatosenoticias.com.br\/wp-content\/uploads\/2024\/06\/inverno-Brasil_istock.jpg\" \/>\n\t<meta property=\"og:image:width\" content=\"612\" \/>\n\t<meta property=\"og:image:height\" content=\"408\" \/>\n\t<meta property=\"og:image:type\" content=\"image\/jpeg\" \/>\n<meta name=\"author\" content=\"Luzimara Fernandes\" \/>\n<meta name=\"twitter:card\" content=\"summary_large_image\" \/>\n<meta name=\"twitter:label1\" content=\"Escrito por\" \/>\n\t<meta name=\"twitter:data1\" content=\"Luzimara Fernandes\" \/>\n\t<meta name=\"twitter:label2\" content=\"Est. tempo de leitura\" \/>\n\t<meta name=\"twitter:data2\" content=\"3 minutos\" \/>\n<script type=\"application\/ld+json\" class=\"yoast-schema-graph\">{\"@context\":\"https:\/\/schema.org\",\"@graph\":[{\"@type\":\"Article\",\"@id\":\"https:\/\/jornalfatosenoticias.com.br\/index.php\/2024\/06\/18\/comeca-o-inverno-2024-vai-fazer-mais-calor-ou-mais-frio\/#article\",\"isPartOf\":{\"@id\":\"https:\/\/jornalfatosenoticias.com.br\/index.php\/2024\/06\/18\/comeca-o-inverno-2024-vai-fazer-mais-calor-ou-mais-frio\/\"},\"author\":{\"name\":\"Luzimara Fernandes\",\"@id\":\"https:\/\/jornalfatosenoticias.com.br\/#\/schema\/person\/d63837fa13ac8666eb9e74e0985d6f81\"},\"headline\":\"Come\u00e7a o inverno 2024: vai fazer mais calor ou mais frio?\",\"datePublished\":\"2024-06-18T12:43:04+00:00\",\"dateModified\":\"2024-06-18T12:43:05+00:00\",\"mainEntityOfPage\":{\"@id\":\"https:\/\/jornalfatosenoticias.com.br\/index.php\/2024\/06\/18\/comeca-o-inverno-2024-vai-fazer-mais-calor-ou-mais-frio\/\"},\"wordCount\":686,\"commentCount\":0,\"publisher\":{\"@id\":\"https:\/\/jornalfatosenoticias.com.br\/#organization\"},\"image\":{\"@id\":\"https:\/\/jornalfatosenoticias.com.br\/index.php\/2024\/06\/18\/comeca-o-inverno-2024-vai-fazer-mais-calor-ou-mais-frio\/#primaryimage\"},\"thumbnailUrl\":\"https:\/\/jornalfatosenoticias.com.br\/wp-content\/uploads\/2024\/06\/inverno-Brasil_istock.jpg\",\"keywords\":[\"calor\",\"clima\",\"El Ni\u00f1o\",\"frio\",\"inverno\",\"La Ni\u00f1a\"],\"articleSection\":[\"Geral\"],\"inLanguage\":\"pt-BR\",\"potentialAction\":[{\"@type\":\"CommentAction\",\"name\":\"Comment\",\"target\":[\"https:\/\/jornalfatosenoticias.com.br\/index.php\/2024\/06\/18\/comeca-o-inverno-2024-vai-fazer-mais-calor-ou-mais-frio\/#respond\"]}]},{\"@type\":\"WebPage\",\"@id\":\"https:\/\/jornalfatosenoticias.com.br\/index.php\/2024\/06\/18\/comeca-o-inverno-2024-vai-fazer-mais-calor-ou-mais-frio\/\",\"url\":\"https:\/\/jornalfatosenoticias.com.br\/index.php\/2024\/06\/18\/comeca-o-inverno-2024-vai-fazer-mais-calor-ou-mais-frio\/\",\"name\":\"Come\u00e7a o inverno 2024: vai fazer mais calor ou mais frio? - Jornal Fatos e Not\u00edcias\",\"isPartOf\":{\"@id\":\"https:\/\/jornalfatosenoticias.com.br\/#website\"},\"primaryImageOfPage\":{\"@id\":\"https:\/\/jornalfatosenoticias.com.br\/index.php\/2024\/06\/18\/comeca-o-inverno-2024-vai-fazer-mais-calor-ou-mais-frio\/#primaryimage\"},\"image\":{\"@id\":\"https:\/\/jornalfatosenoticias.com.br\/index.php\/2024\/06\/18\/comeca-o-inverno-2024-vai-fazer-mais-calor-ou-mais-frio\/#primaryimage\"},\"thumbnailUrl\":\"https:\/\/jornalfatosenoticias.com.br\/wp-content\/uploads\/2024\/06\/inverno-Brasil_istock.jpg\",\"datePublished\":\"2024-06-18T12:43:04+00:00\",\"dateModified\":\"2024-06-18T12:43:05+00:00\",\"breadcrumb\":{\"@id\":\"https:\/\/jornalfatosenoticias.com.br\/index.php\/2024\/06\/18\/comeca-o-inverno-2024-vai-fazer-mais-calor-ou-mais-frio\/#breadcrumb\"},\"inLanguage\":\"pt-BR\",\"potentialAction\":[{\"@type\":\"ReadAction\",\"target\":[\"https:\/\/jornalfatosenoticias.com.br\/index.php\/2024\/06\/18\/comeca-o-inverno-2024-vai-fazer-mais-calor-ou-mais-frio\/\"]}]},{\"@type\":\"ImageObject\",\"inLanguage\":\"pt-BR\",\"@id\":\"https:\/\/jornalfatosenoticias.com.br\/index.php\/2024\/06\/18\/comeca-o-inverno-2024-vai-fazer-mais-calor-ou-mais-frio\/#primaryimage\",\"url\":\"https:\/\/jornalfatosenoticias.com.br\/wp-content\/uploads\/2024\/06\/inverno-Brasil_istock.jpg\",\"contentUrl\":\"https:\/\/jornalfatosenoticias.com.br\/wp-content\/uploads\/2024\/06\/inverno-Brasil_istock.jpg\",\"width\":612,\"height\":408,\"caption\":\"Sunset at Bataguassu, Mato Grosso do Sul, MS, Brazil.\"},{\"@type\":\"BreadcrumbList\",\"@id\":\"https:\/\/jornalfatosenoticias.com.br\/index.php\/2024\/06\/18\/comeca-o-inverno-2024-vai-fazer-mais-calor-ou-mais-frio\/#breadcrumb\",\"itemListElement\":[{\"@type\":\"ListItem\",\"position\":1,\"name\":\"In\u00edcio\",\"item\":\"https:\/\/jornalfatosenoticias.com.br\/\"},{\"@type\":\"ListItem\",\"position\":2,\"name\":\"Come\u00e7a o inverno 2024: vai fazer mais calor ou mais frio?\"}]},{\"@type\":\"WebSite\",\"@id\":\"https:\/\/jornalfatosenoticias.com.br\/#website\",\"url\":\"https:\/\/jornalfatosenoticias.com.br\/\",\"name\":\"Jornal Fatos e Not\u00edcias\",\"description\":\"Not\u00edcias em geral\",\"publisher\":{\"@id\":\"https:\/\/jornalfatosenoticias.com.br\/#organization\"},\"potentialAction\":[{\"@type\":\"SearchAction\",\"target\":{\"@type\":\"EntryPoint\",\"urlTemplate\":\"https:\/\/jornalfatosenoticias.com.br\/?s={search_term_string}\"},\"query-input\":{\"@type\":\"PropertyValueSpecification\",\"valueRequired\":true,\"valueName\":\"search_term_string\"}}],\"inLanguage\":\"pt-BR\"},{\"@type\":\"Organization\",\"@id\":\"https:\/\/jornalfatosenoticias.com.br\/#organization\",\"name\":\"Jornal Fatos e Not\u00edcias\",\"url\":\"https:\/\/jornalfatosenoticias.com.br\/\",\"logo\":{\"@type\":\"ImageObject\",\"inLanguage\":\"pt-BR\",\"@id\":\"https:\/\/jornalfatosenoticias.com.br\/#\/schema\/logo\/image\/\",\"url\":\"https:\/\/jornalfatosenoticias.com.br\/wp-content\/uploads\/2020\/02\/logo120.png\",\"contentUrl\":\"https:\/\/jornalfatosenoticias.com.br\/wp-content\/uploads\/2020\/02\/logo120.png\",\"width\":1227,\"height\":120,\"caption\":\"Jornal Fatos e Not\u00edcias\"},\"image\":{\"@id\":\"https:\/\/jornalfatosenoticias.com.br\/#\/schema\/logo\/image\/\"}},{\"@type\":\"Person\",\"@id\":\"https:\/\/jornalfatosenoticias.com.br\/#\/schema\/person\/d63837fa13ac8666eb9e74e0985d6f81\",\"name\":\"Luzimara Fernandes\",\"image\":{\"@type\":\"ImageObject\",\"inLanguage\":\"pt-BR\",\"@id\":\"https:\/\/jornalfatosenoticias.com.br\/#\/schema\/person\/image\/\",\"url\":\"https:\/\/jornalfatosenoticias.com.br\/wp-content\/uploads\/2025\/05\/EU_portal.jpg\",\"contentUrl\":\"https:\/\/jornalfatosenoticias.com.br\/wp-content\/uploads\/2025\/05\/EU_portal.jpg\",\"caption\":\"Luzimara Fernandes\"},\"description\":\"Jornalista MTB 2358-ES\",\"sameAs\":[\"https:\/\/jornalfatosenoticias.com.br\"],\"url\":\"https:\/\/jornalfatosenoticias.com.br\/index.php\/author\/luzimara\/\"}]}<\/script>\n<!-- \/ Yoast SEO plugin. -->","yoast_head_json":{"title":"Come\u00e7a o inverno 2024: vai fazer mais calor ou mais frio? - Jornal Fatos e Not\u00edcias","robots":{"index":"index","follow":"follow","max-snippet":"max-snippet:-1","max-image-preview":"max-image-preview:large","max-video-preview":"max-video-preview:-1"},"canonical":"https:\/\/jornalfatosenoticias.com.br\/index.php\/2024\/06\/18\/comeca-o-inverno-2024-vai-fazer-mais-calor-ou-mais-frio\/","og_locale":"pt_BR","og_type":"article","og_title":"Come\u00e7a o inverno 2024: vai fazer mais calor ou mais frio? - Jornal Fatos e Not\u00edcias","og_description":"Com a chegada do fen\u00f4meno La Ni\u00f1a, inverno de 2024 ter\u00e1 tempo mais seco no Sul e no Sudeste do Brasil Por Isabela Oliveira Nesta sexta-feira (21), \u00e0s 17h51, come\u00e7a o inverno 2024 no Brasil. A esta\u00e7\u00e3o continua at\u00e9 22 de setembro e ter\u00e1 temperaturas acima do previsto, de acordo com o Climatempo. No entanto, [&hellip;]","og_url":"https:\/\/jornalfatosenoticias.com.br\/index.php\/2024\/06\/18\/comeca-o-inverno-2024-vai-fazer-mais-calor-ou-mais-frio\/","og_site_name":"Jornal Fatos e Not\u00edcias","article_published_time":"2024-06-18T12:43:04+00:00","article_modified_time":"2024-06-18T12:43:05+00:00","og_image":[{"width":612,"height":408,"url":"https:\/\/jornalfatosenoticias.com.br\/wp-content\/uploads\/2024\/06\/inverno-Brasil_istock.jpg","type":"image\/jpeg"}],"author":"Luzimara Fernandes","twitter_card":"summary_large_image","twitter_misc":{"Escrito por":"Luzimara Fernandes","Est. tempo de leitura":"3 minutos"},"schema":{"@context":"https:\/\/schema.org","@graph":[{"@type":"Article","@id":"https:\/\/jornalfatosenoticias.com.br\/index.php\/2024\/06\/18\/comeca-o-inverno-2024-vai-fazer-mais-calor-ou-mais-frio\/#article","isPartOf":{"@id":"https:\/\/jornalfatosenoticias.com.br\/index.php\/2024\/06\/18\/comeca-o-inverno-2024-vai-fazer-mais-calor-ou-mais-frio\/"},"author":{"name":"Luzimara Fernandes","@id":"https:\/\/jornalfatosenoticias.com.br\/#\/schema\/person\/d63837fa13ac8666eb9e74e0985d6f81"},"headline":"Come\u00e7a o inverno 2024: vai fazer mais calor ou mais frio?","datePublished":"2024-06-18T12:43:04+00:00","dateModified":"2024-06-18T12:43:05+00:00","mainEntityOfPage":{"@id":"https:\/\/jornalfatosenoticias.com.br\/index.php\/2024\/06\/18\/comeca-o-inverno-2024-vai-fazer-mais-calor-ou-mais-frio\/"},"wordCount":686,"commentCount":0,"publisher":{"@id":"https:\/\/jornalfatosenoticias.com.br\/#organization"},"image":{"@id":"https:\/\/jornalfatosenoticias.com.br\/index.php\/2024\/06\/18\/comeca-o-inverno-2024-vai-fazer-mais-calor-ou-mais-frio\/#primaryimage"},"thumbnailUrl":"https:\/\/jornalfatosenoticias.com.br\/wp-content\/uploads\/2024\/06\/inverno-Brasil_istock.jpg","keywords":["calor","clima","El Ni\u00f1o","frio","inverno","La Ni\u00f1a"],"articleSection":["Geral"],"inLanguage":"pt-BR","potentialAction":[{"@type":"CommentAction","name":"Comment","target":["https:\/\/jornalfatosenoticias.com.br\/index.php\/2024\/06\/18\/comeca-o-inverno-2024-vai-fazer-mais-calor-ou-mais-frio\/#respond"]}]},{"@type":"WebPage","@id":"https:\/\/jornalfatosenoticias.com.br\/index.php\/2024\/06\/18\/comeca-o-inverno-2024-vai-fazer-mais-calor-ou-mais-frio\/","url":"https:\/\/jornalfatosenoticias.com.br\/index.php\/2024\/06\/18\/comeca-o-inverno-2024-vai-fazer-mais-calor-ou-mais-frio\/","name":"Come\u00e7a o inverno 2024: vai fazer mais calor ou mais frio? - Jornal Fatos e Not\u00edcias","isPartOf":{"@id":"https:\/\/jornalfatosenoticias.com.br\/#website"},"primaryImageOfPage":{"@id":"https:\/\/jornalfatosenoticias.com.br\/index.php\/2024\/06\/18\/comeca-o-inverno-2024-vai-fazer-mais-calor-ou-mais-frio\/#primaryimage"},"image":{"@id":"https:\/\/jornalfatosenoticias.com.br\/index.php\/2024\/06\/18\/comeca-o-inverno-2024-vai-fazer-mais-calor-ou-mais-frio\/#primaryimage"},"thumbnailUrl":"https:\/\/jornalfatosenoticias.com.br\/wp-content\/uploads\/2024\/06\/inverno-Brasil_istock.jpg","datePublished":"2024-06-18T12:43:04+00:00","dateModified":"2024-06-18T12:43:05+00:00","breadcrumb":{"@id":"https:\/\/jornalfatosenoticias.com.br\/index.php\/2024\/06\/18\/comeca-o-inverno-2024-vai-fazer-mais-calor-ou-mais-frio\/#breadcrumb"},"inLanguage":"pt-BR","potentialAction":[{"@type":"ReadAction","target":["https:\/\/jornalfatosenoticias.com.br\/index.php\/2024\/06\/18\/comeca-o-inverno-2024-vai-fazer-mais-calor-ou-mais-frio\/"]}]},{"@type":"ImageObject","inLanguage":"pt-BR","@id":"https:\/\/jornalfatosenoticias.com.br\/index.php\/2024\/06\/18\/comeca-o-inverno-2024-vai-fazer-mais-calor-ou-mais-frio\/#primaryimage","url":"https:\/\/jornalfatosenoticias.com.br\/wp-content\/uploads\/2024\/06\/inverno-Brasil_istock.jpg","contentUrl":"https:\/\/jornalfatosenoticias.com.br\/wp-content\/uploads\/2024\/06\/inverno-Brasil_istock.jpg","width":612,"height":408,"caption":"Sunset at Bataguassu, Mato Grosso do Sul, MS, Brazil."},{"@type":"BreadcrumbList","@id":"https:\/\/jornalfatosenoticias.com.br\/index.php\/2024\/06\/18\/comeca-o-inverno-2024-vai-fazer-mais-calor-ou-mais-frio\/#breadcrumb","itemListElement":[{"@type":"ListItem","position":1,"name":"In\u00edcio","item":"https:\/\/jornalfatosenoticias.com.br\/"},{"@type":"ListItem","position":2,"name":"Come\u00e7a o inverno 2024: vai fazer mais calor ou mais frio?"}]},{"@type":"WebSite","@id":"https:\/\/jornalfatosenoticias.com.br\/#website","url":"https:\/\/jornalfatosenoticias.com.br\/","name":"Jornal Fatos e Not\u00edcias","description":"Not\u00edcias em geral","publisher":{"@id":"https:\/\/jornalfatosenoticias.com.br\/#organization"},"potentialAction":[{"@type":"SearchAction","target":{"@type":"EntryPoint","urlTemplate":"https:\/\/jornalfatosenoticias.com.br\/?s={search_term_string}"},"query-input":{"@type":"PropertyValueSpecification","valueRequired":true,"valueName":"search_term_string"}}],"inLanguage":"pt-BR"},{"@type":"Organization","@id":"https:\/\/jornalfatosenoticias.com.br\/#organization","name":"Jornal Fatos e Not\u00edcias","url":"https:\/\/jornalfatosenoticias.com.br\/","logo":{"@type":"ImageObject","inLanguage":"pt-BR","@id":"https:\/\/jornalfatosenoticias.com.br\/#\/schema\/logo\/image\/","url":"https:\/\/jornalfatosenoticias.com.br\/wp-content\/uploads\/2020\/02\/logo120.png","contentUrl":"https:\/\/jornalfatosenoticias.com.br\/wp-content\/uploads\/2020\/02\/logo120.png","width":1227,"height":120,"caption":"Jornal Fatos e Not\u00edcias"},"image":{"@id":"https:\/\/jornalfatosenoticias.com.br\/#\/schema\/logo\/image\/"}},{"@type":"Person","@id":"https:\/\/jornalfatosenoticias.com.br\/#\/schema\/person\/d63837fa13ac8666eb9e74e0985d6f81","name":"Luzimara Fernandes","image":{"@type":"ImageObject","inLanguage":"pt-BR","@id":"https:\/\/jornalfatosenoticias.com.br\/#\/schema\/person\/image\/","url":"https:\/\/jornalfatosenoticias.com.br\/wp-content\/uploads\/2025\/05\/EU_portal.jpg","contentUrl":"https:\/\/jornalfatosenoticias.com.br\/wp-content\/uploads\/2025\/05\/EU_portal.jpg","caption":"Luzimara Fernandes"},"description":"Jornalista MTB 2358-ES","sameAs":["https:\/\/jornalfatosenoticias.com.br"],"url":"https:\/\/jornalfatosenoticias.com.br\/index.php\/author\/luzimara\/"}]}},"cc_featured_image_caption":{"caption_text":"(Foto: iStock) ","source_text":"","source_url":""},"jetpack_featured_media_url":"https:\/\/jornalfatosenoticias.com.br\/wp-content\/uploads\/2024\/06\/inverno-Brasil_istock.jpg","_links":{"self":[{"href":"https:\/\/jornalfatosenoticias.com.br\/index.php\/wp-json\/wp\/v2\/posts\/52035","targetHints":{"allow":["GET"]}}],"collection":[{"href":"https:\/\/jornalfatosenoticias.com.br\/index.php\/wp-json\/wp\/v2\/posts"}],"about":[{"href":"https:\/\/jornalfatosenoticias.com.br\/index.php\/wp-json\/wp\/v2\/types\/post"}],"author":[{"embeddable":true,"href":"https:\/\/jornalfatosenoticias.com.br\/index.php\/wp-json\/wp\/v2\/users\/2"}],"replies":[{"embeddable":true,"href":"https:\/\/jornalfatosenoticias.com.br\/index.php\/wp-json\/wp\/v2\/comments?post=52035"}],"version-history":[{"count":0,"href":"https:\/\/jornalfatosenoticias.com.br\/index.php\/wp-json\/wp\/v2\/posts\/52035\/revisions"}],"wp:featuredmedia":[{"embeddable":true,"href":"https:\/\/jornalfatosenoticias.com.br\/index.php\/wp-json\/wp\/v2\/media\/52036"}],"wp:attachment":[{"href":"https:\/\/jornalfatosenoticias.com.br\/index.php\/wp-json\/wp\/v2\/media?parent=52035"}],"wp:term":[{"taxonomy":"category","embeddable":true,"href":"https:\/\/jornalfatosenoticias.com.br\/index.php\/wp-json\/wp\/v2\/categories?post=52035"},{"taxonomy":"post_tag","embeddable":true,"href":"https:\/\/jornalfatosenoticias.com.br\/index.php\/wp-json\/wp\/v2\/tags?post=52035"}],"curies":[{"name":"wp","href":"https:\/\/api.w.org\/{rel}","templated":true}]}}