{"id":52076,"date":"2024-06-19T08:47:21","date_gmt":"2024-06-19T11:47:21","guid":{"rendered":"https:\/\/jornalfatosenoticias.com.br\/?p=52076"},"modified":"2024-06-19T13:22:38","modified_gmt":"2024-06-19T16:22:38","slug":"55-anos-tv-cultura-exibe-estreia-de-agnaldo-rayol-no-festa-baile","status":"publish","type":"post","link":"https:\/\/jornalfatosenoticias.com.br\/index.php\/2024\/06\/19\/55-anos-tv-cultura-exibe-estreia-de-agnaldo-rayol-no-festa-baile\/","title":{"rendered":"55 anos: TV Cultura exibe estreia de Agnaldo Rayol no Festa Baile"},"content":{"rendered":"\n<p><span class=\"has-inline-color has-black-color\"><em>Hebe Camargo, Raul Gil, Agnaldo Tim\u00f3teo e outros nomes tamb\u00e9m participam do programa gravado na d\u00e9cada de 80<\/em><\/span><\/p>\n\n\n\n<div class=\"wp-block-image\"><figure class=\"aligncenter size-large\"><a href=\"https:\/\/panper.com.br\/\"><img loading=\"lazy\" decoding=\"async\" width=\"1024\" height=\"111\" src=\"https:\/\/jornalfatosenoticias.com.br\/wp-content\/uploads\/2020\/02\/WhatsApp-Image-2022-09-23-at-12.09.18-1024x111.jpeg\" alt=\"\" class=\"wp-image-34527\" srcset=\"https:\/\/jornalfatosenoticias.com.br\/wp-content\/uploads\/2020\/02\/WhatsApp-Image-2022-09-23-at-12.09.18-1024x111.jpeg 1024w, https:\/\/jornalfatosenoticias.com.br\/wp-content\/uploads\/2020\/02\/WhatsApp-Image-2022-09-23-at-12.09.18-300x32.jpeg 300w, https:\/\/jornalfatosenoticias.com.br\/wp-content\/uploads\/2020\/02\/WhatsApp-Image-2022-09-23-at-12.09.18-768x83.jpeg 768w, https:\/\/jornalfatosenoticias.com.br\/wp-content\/uploads\/2020\/02\/WhatsApp-Image-2022-09-23-at-12.09.18.jpeg 1121w\" sizes=\"auto, (max-width: 1024px) 100vw, 1024px\" \/><\/a><\/figure><\/div>\n\n\n\n<p>Como parte da <strong><strong>programa\u00e7\u00e3o que celebra os 55 anos da TV Cultura<\/strong>,<\/strong> vai ao ar, nesta quinta-feira (21), a edi\u00e7\u00e3o do Festa Baile com a estreia do apresentador Agnaldo Rayol ao lado de Branca Ribeiro. Gravado em 1982, o programa ser\u00e1 exibido a partir da meia-noite (de quinta para sexta-feira), e recebeu nomes como <strong>Ayrton e Lolita Rodrigues, Hebe Camargo, Raul Gil e Agnaldo Tim\u00f3teo.<\/strong><br>Festa Baile foi sucesso de p\u00fablico e reunia telespectadores para assistir apresenta\u00e7\u00f5es de cl\u00e1ssicos da m\u00fasica brasileira, no sal\u00e3o do clube Piratininga, em S\u00e3o Paulo. Ainda participam da exibi\u00e7\u00e3o a Orquestra de Silvio Mazzuca, Trio Irakitan, Z\u00e9 Ketti, Nelson Gon\u00e7alves e Altemar Dutra.<\/p>\n\n\n\n<div class=\"wp-block-image\"><figure class=\"aligncenter size-large\"><a href=\"https:\/\/cesconetto.com.br\/\"><img loading=\"lazy\" decoding=\"async\" width=\"300\" height=\"250\" src=\"https:\/\/jornalfatosenoticias.com.br\/wp-content\/uploads\/2020\/02\/Banner-2.png\" alt=\"\" class=\"wp-image-43787\"\/><\/a><\/figure><\/div>\n\n\n\n<p>Em clima de festa, os artistas e o p\u00fablico celebram a chegada de Agnaldo Rayol, que canta uma sele\u00e7\u00e3o de m\u00fasicas, acompanhado pela Orquestra de Silvio Mazzuca: A Praia (Jovan Wetter \u2014 Bruno Silva), Margarida (J. P. Lintz, vers\u00e3o de Fred Jorge) e O Princ\u00edpio e o Fim (Allan Barri\u00e8re, vers\u00e3o Nazareno de Brito).<\/p>\n\n\n\n<div class=\"wp-block-image\"><figure class=\"aligncenter size-large is-resized\"><a href=\"https:\/\/www.instagram.com\/restaurantepegoretti\/\"><img loading=\"lazy\" decoding=\"async\" src=\"https:\/\/jornalfatosenoticias.com.br\/wp-content\/uploads\/2023\/12\/pegoretti-logo-pdf-1024x389.jpg\" alt=\"\" class=\"wp-image-47536\" width=\"493\" height=\"187\" srcset=\"https:\/\/jornalfatosenoticias.com.br\/wp-content\/uploads\/2023\/12\/pegoretti-logo-pdf-1024x389.jpg 1024w, https:\/\/jornalfatosenoticias.com.br\/wp-content\/uploads\/2023\/12\/pegoretti-logo-pdf-300x114.jpg 300w, https:\/\/jornalfatosenoticias.com.br\/wp-content\/uploads\/2023\/12\/pegoretti-logo-pdf-768x291.jpg 768w, https:\/\/jornalfatosenoticias.com.br\/wp-content\/uploads\/2023\/12\/pegoretti-logo-pdf.jpg 1120w\" sizes=\"auto, (max-width: 493px) 100vw, 493px\" \/><\/a><\/figure><\/div>\n\n\n\n<p><strong><em>Fonte: <a href=\"https:\/\/cultura.uol.com.br\/entretenimento\/noticias\/2024\/06\/18\/10672_55-anos-tv-cultura-exibe-estreia-de-agnaldo-rayol-no-festa-baile.html\">TV Cultura<\/a><\/em><\/strong><\/p>\n","protected":false},"excerpt":{"rendered":"<p>Hebe Camargo, Raul Gil, Agnaldo Tim\u00f3teo e outros nomes tamb\u00e9m participam do programa gravado na d\u00e9cada de 80 Como parte da programa\u00e7\u00e3o que celebra os 55 anos da TV Cultura, vai ao ar, nesta quinta-feira (21), a edi\u00e7\u00e3o do Festa Baile com a estreia do apresentador Agnaldo Rayol ao lado de Branca Ribeiro. Gravado em [&hellip;]<\/p>\n","protected":false},"author":2,"featured_media":52077,"comment_status":"open","ping_status":"open","sticky":false,"template":"","format":"standard","meta":{"footnotes":""},"categories":[4],"tags":[23828,23827,1616,5773],"class_list":["post-52076","post","type-post","status-publish","format-standard","has-post-thumbnail","hentry","category-cultura","tag-55-anos-da-tv-cultura","tag-aniversario-tv-cultura","tag-celebracao","tag-programacao"],"yoast_head":"<!-- This site is optimized with the Yoast SEO plugin v26.5 - https:\/\/yoast.com\/wordpress\/plugins\/seo\/ -->\n<title>55 anos: TV Cultura exibe estreia de Agnaldo Rayol no Festa Baile - Jornal Fatos e Not\u00edcias<\/title>\n<meta name=\"robots\" content=\"index, follow, max-snippet:-1, max-image-preview:large, max-video-preview:-1\" \/>\n<link rel=\"canonical\" href=\"https:\/\/jornalfatosenoticias.com.br\/index.php\/2024\/06\/19\/55-anos-tv-cultura-exibe-estreia-de-agnaldo-rayol-no-festa-baile\/\" \/>\n<meta property=\"og:locale\" content=\"pt_BR\" \/>\n<meta property=\"og:type\" content=\"article\" \/>\n<meta property=\"og:title\" content=\"55 anos: TV Cultura exibe estreia de Agnaldo Rayol no Festa Baile - Jornal Fatos e Not\u00edcias\" \/>\n<meta property=\"og:description\" content=\"Hebe Camargo, Raul Gil, Agnaldo Tim\u00f3teo e outros nomes tamb\u00e9m participam do programa gravado na d\u00e9cada de 80 Como parte da programa\u00e7\u00e3o que celebra os 55 anos da TV Cultura, vai ao ar, nesta quinta-feira (21), a edi\u00e7\u00e3o do Festa Baile com a estreia do apresentador Agnaldo Rayol ao lado de Branca Ribeiro. Gravado em [&hellip;]\" \/>\n<meta property=\"og:url\" content=\"https:\/\/jornalfatosenoticias.com.br\/index.php\/2024\/06\/19\/55-anos-tv-cultura-exibe-estreia-de-agnaldo-rayol-no-festa-baile\/\" \/>\n<meta property=\"og:site_name\" content=\"Jornal Fatos e Not\u00edcias\" \/>\n<meta property=\"article:published_time\" content=\"2024-06-19T11:47:21+00:00\" \/>\n<meta property=\"article:modified_time\" content=\"2024-06-19T16:22:38+00:00\" \/>\n<meta property=\"og:image\" content=\"https:\/\/jornalfatosenoticias.com.br\/wp-content\/uploads\/2024\/06\/aniversario-TV-Cultura.jpg\" \/>\n\t<meta property=\"og:image:width\" content=\"766\" \/>\n\t<meta property=\"og:image:height\" content=\"514\" \/>\n\t<meta property=\"og:image:type\" content=\"image\/jpeg\" \/>\n<meta name=\"author\" content=\"Luzimara Fernandes\" \/>\n<meta name=\"twitter:card\" content=\"summary_large_image\" \/>\n<meta name=\"twitter:label1\" content=\"Escrito por\" \/>\n\t<meta name=\"twitter:data1\" content=\"Luzimara Fernandes\" \/>\n\t<meta name=\"twitter:label2\" content=\"Est. tempo de leitura\" \/>\n\t<meta name=\"twitter:data2\" content=\"1 minuto\" \/>\n<script type=\"application\/ld+json\" class=\"yoast-schema-graph\">{\"@context\":\"https:\/\/schema.org\",\"@graph\":[{\"@type\":\"Article\",\"@id\":\"https:\/\/jornalfatosenoticias.com.br\/index.php\/2024\/06\/19\/55-anos-tv-cultura-exibe-estreia-de-agnaldo-rayol-no-festa-baile\/#article\",\"isPartOf\":{\"@id\":\"https:\/\/jornalfatosenoticias.com.br\/index.php\/2024\/06\/19\/55-anos-tv-cultura-exibe-estreia-de-agnaldo-rayol-no-festa-baile\/\"},\"author\":{\"name\":\"Luzimara Fernandes\",\"@id\":\"https:\/\/jornalfatosenoticias.com.br\/#\/schema\/person\/d63837fa13ac8666eb9e74e0985d6f81\"},\"headline\":\"55 anos: TV Cultura exibe estreia de Agnaldo Rayol no Festa Baile\",\"datePublished\":\"2024-06-19T11:47:21+00:00\",\"dateModified\":\"2024-06-19T16:22:38+00:00\",\"mainEntityOfPage\":{\"@id\":\"https:\/\/jornalfatosenoticias.com.br\/index.php\/2024\/06\/19\/55-anos-tv-cultura-exibe-estreia-de-agnaldo-rayol-no-festa-baile\/\"},\"wordCount\":210,\"commentCount\":0,\"publisher\":{\"@id\":\"https:\/\/jornalfatosenoticias.com.br\/#organization\"},\"image\":{\"@id\":\"https:\/\/jornalfatosenoticias.com.br\/index.php\/2024\/06\/19\/55-anos-tv-cultura-exibe-estreia-de-agnaldo-rayol-no-festa-baile\/#primaryimage\"},\"thumbnailUrl\":\"https:\/\/jornalfatosenoticias.com.br\/wp-content\/uploads\/2024\/06\/aniversario-TV-Cultura.jpg\",\"keywords\":[\"55 anos da TV Cultura\",\"anivers\u00e1rio TV Cultura\",\"celebra\u00e7\u00e3o\",\"programa\u00e7\u00e3o\"],\"articleSection\":[\"Cultura\"],\"inLanguage\":\"pt-BR\",\"potentialAction\":[{\"@type\":\"CommentAction\",\"name\":\"Comment\",\"target\":[\"https:\/\/jornalfatosenoticias.com.br\/index.php\/2024\/06\/19\/55-anos-tv-cultura-exibe-estreia-de-agnaldo-rayol-no-festa-baile\/#respond\"]}]},{\"@type\":\"WebPage\",\"@id\":\"https:\/\/jornalfatosenoticias.com.br\/index.php\/2024\/06\/19\/55-anos-tv-cultura-exibe-estreia-de-agnaldo-rayol-no-festa-baile\/\",\"url\":\"https:\/\/jornalfatosenoticias.com.br\/index.php\/2024\/06\/19\/55-anos-tv-cultura-exibe-estreia-de-agnaldo-rayol-no-festa-baile\/\",\"name\":\"55 anos: TV Cultura exibe estreia de Agnaldo Rayol no Festa Baile - Jornal Fatos e Not\u00edcias\",\"isPartOf\":{\"@id\":\"https:\/\/jornalfatosenoticias.com.br\/#website\"},\"primaryImageOfPage\":{\"@id\":\"https:\/\/jornalfatosenoticias.com.br\/index.php\/2024\/06\/19\/55-anos-tv-cultura-exibe-estreia-de-agnaldo-rayol-no-festa-baile\/#primaryimage\"},\"image\":{\"@id\":\"https:\/\/jornalfatosenoticias.com.br\/index.php\/2024\/06\/19\/55-anos-tv-cultura-exibe-estreia-de-agnaldo-rayol-no-festa-baile\/#primaryimage\"},\"thumbnailUrl\":\"https:\/\/jornalfatosenoticias.com.br\/wp-content\/uploads\/2024\/06\/aniversario-TV-Cultura.jpg\",\"datePublished\":\"2024-06-19T11:47:21+00:00\",\"dateModified\":\"2024-06-19T16:22:38+00:00\",\"breadcrumb\":{\"@id\":\"https:\/\/jornalfatosenoticias.com.br\/index.php\/2024\/06\/19\/55-anos-tv-cultura-exibe-estreia-de-agnaldo-rayol-no-festa-baile\/#breadcrumb\"},\"inLanguage\":\"pt-BR\",\"potentialAction\":[{\"@type\":\"ReadAction\",\"target\":[\"https:\/\/jornalfatosenoticias.com.br\/index.php\/2024\/06\/19\/55-anos-tv-cultura-exibe-estreia-de-agnaldo-rayol-no-festa-baile\/\"]}]},{\"@type\":\"ImageObject\",\"inLanguage\":\"pt-BR\",\"@id\":\"https:\/\/jornalfatosenoticias.com.br\/index.php\/2024\/06\/19\/55-anos-tv-cultura-exibe-estreia-de-agnaldo-rayol-no-festa-baile\/#primaryimage\",\"url\":\"https:\/\/jornalfatosenoticias.com.br\/wp-content\/uploads\/2024\/06\/aniversario-TV-Cultura.jpg\",\"contentUrl\":\"https:\/\/jornalfatosenoticias.com.br\/wp-content\/uploads\/2024\/06\/aniversario-TV-Cultura.jpg\",\"width\":766,\"height\":514},{\"@type\":\"BreadcrumbList\",\"@id\":\"https:\/\/jornalfatosenoticias.com.br\/index.php\/2024\/06\/19\/55-anos-tv-cultura-exibe-estreia-de-agnaldo-rayol-no-festa-baile\/#breadcrumb\",\"itemListElement\":[{\"@type\":\"ListItem\",\"position\":1,\"name\":\"In\u00edcio\",\"item\":\"https:\/\/jornalfatosenoticias.com.br\/\"},{\"@type\":\"ListItem\",\"position\":2,\"name\":\"55 anos: TV Cultura exibe estreia de Agnaldo Rayol no Festa Baile\"}]},{\"@type\":\"WebSite\",\"@id\":\"https:\/\/jornalfatosenoticias.com.br\/#website\",\"url\":\"https:\/\/jornalfatosenoticias.com.br\/\",\"name\":\"Jornal Fatos e Not\u00edcias\",\"description\":\"Not\u00edcias em geral\",\"publisher\":{\"@id\":\"https:\/\/jornalfatosenoticias.com.br\/#organization\"},\"potentialAction\":[{\"@type\":\"SearchAction\",\"target\":{\"@type\":\"EntryPoint\",\"urlTemplate\":\"https:\/\/jornalfatosenoticias.com.br\/?s={search_term_string}\"},\"query-input\":{\"@type\":\"PropertyValueSpecification\",\"valueRequired\":true,\"valueName\":\"search_term_string\"}}],\"inLanguage\":\"pt-BR\"},{\"@type\":\"Organization\",\"@id\":\"https:\/\/jornalfatosenoticias.com.br\/#organization\",\"name\":\"Jornal Fatos e Not\u00edcias\",\"url\":\"https:\/\/jornalfatosenoticias.com.br\/\",\"logo\":{\"@type\":\"ImageObject\",\"inLanguage\":\"pt-BR\",\"@id\":\"https:\/\/jornalfatosenoticias.com.br\/#\/schema\/logo\/image\/\",\"url\":\"https:\/\/jornalfatosenoticias.com.br\/wp-content\/uploads\/2020\/02\/logo120.png\",\"contentUrl\":\"https:\/\/jornalfatosenoticias.com.br\/wp-content\/uploads\/2020\/02\/logo120.png\",\"width\":1227,\"height\":120,\"caption\":\"Jornal Fatos e Not\u00edcias\"},\"image\":{\"@id\":\"https:\/\/jornalfatosenoticias.com.br\/#\/schema\/logo\/image\/\"}},{\"@type\":\"Person\",\"@id\":\"https:\/\/jornalfatosenoticias.com.br\/#\/schema\/person\/d63837fa13ac8666eb9e74e0985d6f81\",\"name\":\"Luzimara Fernandes\",\"image\":{\"@type\":\"ImageObject\",\"inLanguage\":\"pt-BR\",\"@id\":\"https:\/\/jornalfatosenoticias.com.br\/#\/schema\/person\/image\/\",\"url\":\"https:\/\/jornalfatosenoticias.com.br\/wp-content\/uploads\/2025\/05\/EU_portal.jpg\",\"contentUrl\":\"https:\/\/jornalfatosenoticias.com.br\/wp-content\/uploads\/2025\/05\/EU_portal.jpg\",\"caption\":\"Luzimara Fernandes\"},\"description\":\"Jornalista MTB 2358-ES\",\"sameAs\":[\"https:\/\/jornalfatosenoticias.com.br\"],\"url\":\"https:\/\/jornalfatosenoticias.com.br\/index.php\/author\/luzimara\/\"}]}<\/script>\n<!-- \/ Yoast SEO plugin. -->","yoast_head_json":{"title":"55 anos: TV Cultura exibe estreia de Agnaldo Rayol no Festa Baile - Jornal Fatos e Not\u00edcias","robots":{"index":"index","follow":"follow","max-snippet":"max-snippet:-1","max-image-preview":"max-image-preview:large","max-video-preview":"max-video-preview:-1"},"canonical":"https:\/\/jornalfatosenoticias.com.br\/index.php\/2024\/06\/19\/55-anos-tv-cultura-exibe-estreia-de-agnaldo-rayol-no-festa-baile\/","og_locale":"pt_BR","og_type":"article","og_title":"55 anos: TV Cultura exibe estreia de Agnaldo Rayol no Festa Baile - Jornal Fatos e Not\u00edcias","og_description":"Hebe Camargo, Raul Gil, Agnaldo Tim\u00f3teo e outros nomes tamb\u00e9m participam do programa gravado na d\u00e9cada de 80 Como parte da programa\u00e7\u00e3o que celebra os 55 anos da TV Cultura, vai ao ar, nesta quinta-feira (21), a edi\u00e7\u00e3o do Festa Baile com a estreia do apresentador Agnaldo Rayol ao lado de Branca Ribeiro. Gravado em [&hellip;]","og_url":"https:\/\/jornalfatosenoticias.com.br\/index.php\/2024\/06\/19\/55-anos-tv-cultura-exibe-estreia-de-agnaldo-rayol-no-festa-baile\/","og_site_name":"Jornal Fatos e Not\u00edcias","article_published_time":"2024-06-19T11:47:21+00:00","article_modified_time":"2024-06-19T16:22:38+00:00","og_image":[{"width":766,"height":514,"url":"https:\/\/jornalfatosenoticias.com.br\/wp-content\/uploads\/2024\/06\/aniversario-TV-Cultura.jpg","type":"image\/jpeg"}],"author":"Luzimara Fernandes","twitter_card":"summary_large_image","twitter_misc":{"Escrito por":"Luzimara Fernandes","Est. tempo de leitura":"1 minuto"},"schema":{"@context":"https:\/\/schema.org","@graph":[{"@type":"Article","@id":"https:\/\/jornalfatosenoticias.com.br\/index.php\/2024\/06\/19\/55-anos-tv-cultura-exibe-estreia-de-agnaldo-rayol-no-festa-baile\/#article","isPartOf":{"@id":"https:\/\/jornalfatosenoticias.com.br\/index.php\/2024\/06\/19\/55-anos-tv-cultura-exibe-estreia-de-agnaldo-rayol-no-festa-baile\/"},"author":{"name":"Luzimara Fernandes","@id":"https:\/\/jornalfatosenoticias.com.br\/#\/schema\/person\/d63837fa13ac8666eb9e74e0985d6f81"},"headline":"55 anos: TV Cultura exibe estreia de Agnaldo Rayol no Festa Baile","datePublished":"2024-06-19T11:47:21+00:00","dateModified":"2024-06-19T16:22:38+00:00","mainEntityOfPage":{"@id":"https:\/\/jornalfatosenoticias.com.br\/index.php\/2024\/06\/19\/55-anos-tv-cultura-exibe-estreia-de-agnaldo-rayol-no-festa-baile\/"},"wordCount":210,"commentCount":0,"publisher":{"@id":"https:\/\/jornalfatosenoticias.com.br\/#organization"},"image":{"@id":"https:\/\/jornalfatosenoticias.com.br\/index.php\/2024\/06\/19\/55-anos-tv-cultura-exibe-estreia-de-agnaldo-rayol-no-festa-baile\/#primaryimage"},"thumbnailUrl":"https:\/\/jornalfatosenoticias.com.br\/wp-content\/uploads\/2024\/06\/aniversario-TV-Cultura.jpg","keywords":["55 anos da TV Cultura","anivers\u00e1rio TV Cultura","celebra\u00e7\u00e3o","programa\u00e7\u00e3o"],"articleSection":["Cultura"],"inLanguage":"pt-BR","potentialAction":[{"@type":"CommentAction","name":"Comment","target":["https:\/\/jornalfatosenoticias.com.br\/index.php\/2024\/06\/19\/55-anos-tv-cultura-exibe-estreia-de-agnaldo-rayol-no-festa-baile\/#respond"]}]},{"@type":"WebPage","@id":"https:\/\/jornalfatosenoticias.com.br\/index.php\/2024\/06\/19\/55-anos-tv-cultura-exibe-estreia-de-agnaldo-rayol-no-festa-baile\/","url":"https:\/\/jornalfatosenoticias.com.br\/index.php\/2024\/06\/19\/55-anos-tv-cultura-exibe-estreia-de-agnaldo-rayol-no-festa-baile\/","name":"55 anos: TV Cultura exibe estreia de Agnaldo Rayol no Festa Baile - Jornal Fatos e Not\u00edcias","isPartOf":{"@id":"https:\/\/jornalfatosenoticias.com.br\/#website"},"primaryImageOfPage":{"@id":"https:\/\/jornalfatosenoticias.com.br\/index.php\/2024\/06\/19\/55-anos-tv-cultura-exibe-estreia-de-agnaldo-rayol-no-festa-baile\/#primaryimage"},"image":{"@id":"https:\/\/jornalfatosenoticias.com.br\/index.php\/2024\/06\/19\/55-anos-tv-cultura-exibe-estreia-de-agnaldo-rayol-no-festa-baile\/#primaryimage"},"thumbnailUrl":"https:\/\/jornalfatosenoticias.com.br\/wp-content\/uploads\/2024\/06\/aniversario-TV-Cultura.jpg","datePublished":"2024-06-19T11:47:21+00:00","dateModified":"2024-06-19T16:22:38+00:00","breadcrumb":{"@id":"https:\/\/jornalfatosenoticias.com.br\/index.php\/2024\/06\/19\/55-anos-tv-cultura-exibe-estreia-de-agnaldo-rayol-no-festa-baile\/#breadcrumb"},"inLanguage":"pt-BR","potentialAction":[{"@type":"ReadAction","target":["https:\/\/jornalfatosenoticias.com.br\/index.php\/2024\/06\/19\/55-anos-tv-cultura-exibe-estreia-de-agnaldo-rayol-no-festa-baile\/"]}]},{"@type":"ImageObject","inLanguage":"pt-BR","@id":"https:\/\/jornalfatosenoticias.com.br\/index.php\/2024\/06\/19\/55-anos-tv-cultura-exibe-estreia-de-agnaldo-rayol-no-festa-baile\/#primaryimage","url":"https:\/\/jornalfatosenoticias.com.br\/wp-content\/uploads\/2024\/06\/aniversario-TV-Cultura.jpg","contentUrl":"https:\/\/jornalfatosenoticias.com.br\/wp-content\/uploads\/2024\/06\/aniversario-TV-Cultura.jpg","width":766,"height":514},{"@type":"BreadcrumbList","@id":"https:\/\/jornalfatosenoticias.com.br\/index.php\/2024\/06\/19\/55-anos-tv-cultura-exibe-estreia-de-agnaldo-rayol-no-festa-baile\/#breadcrumb","itemListElement":[{"@type":"ListItem","position":1,"name":"In\u00edcio","item":"https:\/\/jornalfatosenoticias.com.br\/"},{"@type":"ListItem","position":2,"name":"55 anos: TV Cultura exibe estreia de Agnaldo Rayol no Festa Baile"}]},{"@type":"WebSite","@id":"https:\/\/jornalfatosenoticias.com.br\/#website","url":"https:\/\/jornalfatosenoticias.com.br\/","name":"Jornal Fatos e Not\u00edcias","description":"Not\u00edcias em geral","publisher":{"@id":"https:\/\/jornalfatosenoticias.com.br\/#organization"},"potentialAction":[{"@type":"SearchAction","target":{"@type":"EntryPoint","urlTemplate":"https:\/\/jornalfatosenoticias.com.br\/?s={search_term_string}"},"query-input":{"@type":"PropertyValueSpecification","valueRequired":true,"valueName":"search_term_string"}}],"inLanguage":"pt-BR"},{"@type":"Organization","@id":"https:\/\/jornalfatosenoticias.com.br\/#organization","name":"Jornal Fatos e Not\u00edcias","url":"https:\/\/jornalfatosenoticias.com.br\/","logo":{"@type":"ImageObject","inLanguage":"pt-BR","@id":"https:\/\/jornalfatosenoticias.com.br\/#\/schema\/logo\/image\/","url":"https:\/\/jornalfatosenoticias.com.br\/wp-content\/uploads\/2020\/02\/logo120.png","contentUrl":"https:\/\/jornalfatosenoticias.com.br\/wp-content\/uploads\/2020\/02\/logo120.png","width":1227,"height":120,"caption":"Jornal Fatos e Not\u00edcias"},"image":{"@id":"https:\/\/jornalfatosenoticias.com.br\/#\/schema\/logo\/image\/"}},{"@type":"Person","@id":"https:\/\/jornalfatosenoticias.com.br\/#\/schema\/person\/d63837fa13ac8666eb9e74e0985d6f81","name":"Luzimara Fernandes","image":{"@type":"ImageObject","inLanguage":"pt-BR","@id":"https:\/\/jornalfatosenoticias.com.br\/#\/schema\/person\/image\/","url":"https:\/\/jornalfatosenoticias.com.br\/wp-content\/uploads\/2025\/05\/EU_portal.jpg","contentUrl":"https:\/\/jornalfatosenoticias.com.br\/wp-content\/uploads\/2025\/05\/EU_portal.jpg","caption":"Luzimara Fernandes"},"description":"Jornalista MTB 2358-ES","sameAs":["https:\/\/jornalfatosenoticias.com.br"],"url":"https:\/\/jornalfatosenoticias.com.br\/index.php\/author\/luzimara\/"}]}},"cc_featured_image_caption":{"caption_text":"(Foto: Acervo TV Cultura)","source_text":"","source_url":""},"jetpack_featured_media_url":"https:\/\/jornalfatosenoticias.com.br\/wp-content\/uploads\/2024\/06\/aniversario-TV-Cultura.jpg","_links":{"self":[{"href":"https:\/\/jornalfatosenoticias.com.br\/index.php\/wp-json\/wp\/v2\/posts\/52076","targetHints":{"allow":["GET"]}}],"collection":[{"href":"https:\/\/jornalfatosenoticias.com.br\/index.php\/wp-json\/wp\/v2\/posts"}],"about":[{"href":"https:\/\/jornalfatosenoticias.com.br\/index.php\/wp-json\/wp\/v2\/types\/post"}],"author":[{"embeddable":true,"href":"https:\/\/jornalfatosenoticias.com.br\/index.php\/wp-json\/wp\/v2\/users\/2"}],"replies":[{"embeddable":true,"href":"https:\/\/jornalfatosenoticias.com.br\/index.php\/wp-json\/wp\/v2\/comments?post=52076"}],"version-history":[{"count":0,"href":"https:\/\/jornalfatosenoticias.com.br\/index.php\/wp-json\/wp\/v2\/posts\/52076\/revisions"}],"wp:featuredmedia":[{"embeddable":true,"href":"https:\/\/jornalfatosenoticias.com.br\/index.php\/wp-json\/wp\/v2\/media\/52077"}],"wp:attachment":[{"href":"https:\/\/jornalfatosenoticias.com.br\/index.php\/wp-json\/wp\/v2\/media?parent=52076"}],"wp:term":[{"taxonomy":"category","embeddable":true,"href":"https:\/\/jornalfatosenoticias.com.br\/index.php\/wp-json\/wp\/v2\/categories?post=52076"},{"taxonomy":"post_tag","embeddable":true,"href":"https:\/\/jornalfatosenoticias.com.br\/index.php\/wp-json\/wp\/v2\/tags?post=52076"}],"curies":[{"name":"wp","href":"https:\/\/api.w.org\/{rel}","templated":true}]}}