{"id":52079,"date":"2024-06-19T09:03:45","date_gmt":"2024-06-19T12:03:45","guid":{"rendered":"https:\/\/jornalfatosenoticias.com.br\/?p=52079"},"modified":"2024-06-19T13:29:01","modified_gmt":"2024-06-19T16:29:01","slug":"mais-da-metade-dos-alunos-tem-baixo-nivel-de-criatividade-no-brasil-diz-pesquisa","status":"publish","type":"post","link":"https:\/\/jornalfatosenoticias.com.br\/index.php\/2024\/06\/19\/mais-da-metade-dos-alunos-tem-baixo-nivel-de-criatividade-no-brasil-diz-pesquisa\/","title":{"rendered":"Mais da metade dos alunos tem baixo n\u00edvel de criatividade no Brasil, diz pesquisa"},"content":{"rendered":"\n<p><em><span class=\"has-inline-color has-black-color\">Brasil est\u00e1 entre os \u00faltimos em ranking internacional de criatividade entre estudantes de 15 anos, segundo dado da OCDE<\/span><\/em><\/p>\n\n\n\n<div class=\"wp-block-image\"><figure class=\"aligncenter size-large\"><a href=\"https:\/\/mizu.com.br\/\"><img loading=\"lazy\" decoding=\"async\" width=\"729\" height=\"90\" src=\"https:\/\/jornalfatosenoticias.com.br\/wp-content\/uploads\/2020\/02\/Logo_Mizu.png\" alt=\"\" class=\"wp-image-1441\" srcset=\"https:\/\/jornalfatosenoticias.com.br\/wp-content\/uploads\/2020\/02\/Logo_Mizu.png 729w, https:\/\/jornalfatosenoticias.com.br\/wp-content\/uploads\/2020\/02\/Logo_Mizu-300x37.png 300w\" sizes=\"auto, (max-width: 729px) 100vw, 729px\" \/><\/a><\/figure><\/div>\n\n\n\n<p>Mais da metade dos estudantes brasileiros de 15 anos apresentou um baixo n\u00edvel de criatividade na resolu\u00e7\u00e3o de problemas sociais e cient\u00edficos. O dado foi divulgado nesta ter\u00e7a-feira (18), pela Organiza\u00e7\u00e3o para a Coopera\u00e7\u00e3o e Desenvolvimento Econ\u00f4mico (OCDE), que avaliou 56 pa\u00edses, e o Brasil ficou em 44\u00ba lugar.<br>Essa foi a primeira vez em que a avalia\u00e7\u00e3o internacional de educa\u00e7\u00e3o incluiu quest\u00f5es para medir a criatividade dos alunos. No Brasil, 54,3% apresentaram baixo n\u00edvel de criatividade. A avalia\u00e7\u00e3o tamb\u00e9m \u00e9 conhecida como Pisa, sigla em ingl\u00eas para &#8220;Programa Internacional de Avalia\u00e7\u00e3o de Estudantes&#8221;. Ela \u00e9 considerada uma das mais importantes do mundo, porque mede os conhecimentos de matem\u00e1tica e leitura dos alunos de escolas p\u00fablicas e particulares.<\/p>\n\n\n\n<div class=\"wp-block-image\"><figure class=\"aligncenter size-large is-resized\"><a href=\"https:\/\/www.ithbrasil.com.br\/\"><img loading=\"lazy\" decoding=\"async\" src=\"https:\/\/jornalfatosenoticias.com.br\/wp-content\/uploads\/2023\/08\/ITH.jpeg\" alt=\"\" class=\"wp-image-44638\" width=\"320\" height=\"260\" srcset=\"https:\/\/jornalfatosenoticias.com.br\/wp-content\/uploads\/2023\/08\/ITH.jpeg 800w, https:\/\/jornalfatosenoticias.com.br\/wp-content\/uploads\/2023\/08\/ITH-300x244.jpeg 300w, https:\/\/jornalfatosenoticias.com.br\/wp-content\/uploads\/2023\/08\/ITH-768x624.jpeg 768w\" sizes=\"auto, (max-width: 320px) 100vw, 320px\" \/><\/a><\/figure><\/div>\n\n\n\n<p>O Pisa deste ano tamb\u00e9m mostrou as habilidades dos jovens em identificar figuras geom\u00e9tricas e interpreta\u00e7\u00e3o de textos mais longos. A prova de 2022 come\u00e7ou a avaliar tamb\u00e9m a criatividade dos participantes, que precisaram sugerir solu\u00e7\u00f5es originais para uma situa\u00e7\u00e3o-problema. Tamb\u00e9m foi classificada a capacidade de usar a escrita e a arte para pensar em novas ideias, e se eles t\u00eam imagina\u00e7\u00e3o para criar hist\u00f3rias fora do padr\u00e3o. O Brasil ficou na 44\u00aa posi\u00e7\u00e3o entre os 56 membros da OCDE e parceiros, atr\u00e1s do Uruguai, Col\u00f4mbia e Peru.<\/p>\n\n\n\n<div class=\"wp-block-image\"><figure class=\"aligncenter size-large\"><a href=\"https:\/\/www.instagram.com\/baraodascarnes.es\/\"><img decoding=\"async\" src=\"https:\/\/jornalfatosenoticias.com.br\/wp-content\/uploads\/2020\/02\/barao-das-carnes-300x164-1.jpg\" alt=\"\" class=\"wp-image-34339\"\/><\/a><\/figure><\/div>\n\n\n\n<p><strong><span class=\"has-inline-color has-black-color\">Desempenho do Brasil<br><\/span><\/strong>Em uma escala de 0 a 60, o Brasil somou 23 pontos, 10 abaixo da m\u00e9dia da OCDE. A diferen\u00e7a entre os alunos brasileiros mais pobres (19 pontos) e os mais privilegiados (30 pontos) foi de 11 pontos. A \u00e1rea de criatividade do Pisa com menor pontua\u00e7\u00e3o no Brasil foi a de resolu\u00e7\u00e3o de problemas cient\u00edficos.<\/p>\n\n\n\n<div class=\"wp-block-image\"><figure class=\"aligncenter size-large is-resized\"><a href=\"https:\/\/www.facebook.com\/postobkr\/?locale=pt_BR\"><img loading=\"lazy\" decoding=\"async\" src=\"https:\/\/jornalfatosenoticias.com.br\/wp-content\/uploads\/2023\/08\/BKR-1024x1021.jpg\" alt=\"\" class=\"wp-image-44494\" width=\"284\" height=\"283\" srcset=\"https:\/\/jornalfatosenoticias.com.br\/wp-content\/uploads\/2023\/08\/BKR-1024x1021.jpg 1024w, https:\/\/jornalfatosenoticias.com.br\/wp-content\/uploads\/2023\/08\/BKR-300x300.jpg 300w, https:\/\/jornalfatosenoticias.com.br\/wp-content\/uploads\/2023\/08\/BKR-150x150.jpg 150w, https:\/\/jornalfatosenoticias.com.br\/wp-content\/uploads\/2023\/08\/BKR-768x766.jpg 768w, https:\/\/jornalfatosenoticias.com.br\/wp-content\/uploads\/2023\/08\/BKR.jpg 1080w\" sizes=\"auto, (max-width: 284px) 100vw, 284px\" \/><\/a><\/figure><\/div>\n\n\n\n<p>Abaixo do Brasil, ficaram Ar\u00e1bia Saudita, Panam\u00e1, El Salvador, Tail\u00e2ndia, Bulg\u00e1ria, Jord\u00e2nia, Maced\u00f4nia do Norte, Indon\u00e9sia, Rep\u00fablica Dominicana, Marrocos, Uzbequist\u00e3o, Filipinas e Alb\u00e2nia. Ao todo, 54,3% dos alunos brasileiros ficaram entre os n\u00edveis 1 e 2 de criatividade, os mais baixos do Pisa. Isso significa que eles conseguem fazer apenas desenhos isolados e simples, de assuntos ligados ao cotidiano. Eles tamb\u00e9m apresentam ideias \u00f3bvias e t\u00eam dificuldade de propor mais de uma solu\u00e7\u00e3o para um problema, segundo a pesquisa.<\/p>\n\n\n\n<div class=\"wp-block-image\"><figure class=\"aligncenter size-large is-resized\"><a href=\"https:\/\/www.instagram.com\/rapuzeljastro\/\"><img loading=\"lazy\" decoding=\"async\" src=\"https:\/\/jornalfatosenoticias.com.br\/wp-content\/uploads\/2020\/02\/logo-Rapuzel-1024x571.jpg\" alt=\"\" class=\"wp-image-42808\" width=\"363\" height=\"202\" srcset=\"https:\/\/jornalfatosenoticias.com.br\/wp-content\/uploads\/2020\/02\/logo-Rapuzel-1024x571.jpg 1024w, https:\/\/jornalfatosenoticias.com.br\/wp-content\/uploads\/2020\/02\/logo-Rapuzel-300x167.jpg 300w, https:\/\/jornalfatosenoticias.com.br\/wp-content\/uploads\/2020\/02\/logo-Rapuzel-768x428.jpg 768w, https:\/\/jornalfatosenoticias.com.br\/wp-content\/uploads\/2020\/02\/logo-Rapuzel-1536x856.jpg 1536w, https:\/\/jornalfatosenoticias.com.br\/wp-content\/uploads\/2020\/02\/logo-Rapuzel.jpg 1600w\" sizes=\"auto, (max-width: 363px) 100vw, 363px\" \/><\/a><\/figure><\/div>\n\n\n\n<p><strong><span class=\"has-inline-color has-black-color\">Crit\u00e9rios<br><\/span><\/strong>Os alunos responderam 30 quest\u00f5es de criatividade, para avaliar a express\u00e3o escrita e art\u00edstica, al\u00e9m da habilidade de resolver problemas sociais e cient\u00edficos. Um exemplo dos crit\u00e9rios de corre\u00e7\u00e3o foi a quest\u00e3o que pedia que o aluno criasse tr\u00eas t\u00edtulos para a imagem de um grande livro em um jardim.<\/p>\n\n\n\n<div class=\"wp-block-image\"><figure class=\"aligncenter size-large\"><a href=\"https:\/\/cesconetto.com.br\/\"><img loading=\"lazy\" decoding=\"async\" width=\"300\" height=\"250\" src=\"https:\/\/jornalfatosenoticias.com.br\/wp-content\/uploads\/2020\/02\/Banner-2.png\" alt=\"\" class=\"wp-image-43787\"\/><\/a><\/figure><\/div>\n\n\n\n<p>Um aluno de n\u00edvel 1 ou 2 daria respostas mais literais, como \u201cO livro grande\u201d, \u201cO livro gigante\u201d e \u201cUm livro gigante no campo\u201d. J\u00e1 um aluno mais criativo, de n\u00edvel mais alto, teria respostas como \u201cA \u00e1rvore solit\u00e1ria\u201d, \u201cA hist\u00f3ria perfeita\u201d e \u201cA trilha escrita\u201d.<\/p>\n\n\n\n<div class=\"wp-block-image\"><figure class=\"aligncenter size-large is-resized\"><a href=\"https:\/\/www.facebook.com\/vetor.vix\/\"><img loading=\"lazy\" decoding=\"async\" src=\"https:\/\/jornalfatosenoticias.com.br\/wp-content\/uploads\/2023\/09\/vetorvix1024_1.jpg\" alt=\"\" class=\"wp-image-44868\" width=\"513\" height=\"136\" srcset=\"https:\/\/jornalfatosenoticias.com.br\/wp-content\/uploads\/2023\/09\/vetorvix1024_1.jpg 1024w, https:\/\/jornalfatosenoticias.com.br\/wp-content\/uploads\/2023\/09\/vetorvix1024_1-300x80.jpg 300w, https:\/\/jornalfatosenoticias.com.br\/wp-content\/uploads\/2023\/09\/vetorvix1024_1-768x205.jpg 768w\" sizes=\"auto, (max-width: 513px) 100vw, 513px\" \/><\/a><\/figure><\/div>\n\n\n\n<p><strong><span class=\"has-inline-color has-black-color\">Pa\u00edses no top 10<br><\/span><\/strong>1. Singapura (41 pontos)<br>2. Coreia do Sul (38 pontos)<br>3. Canad\u00e1 (38 pontos)<br>4. Austr\u00e1lia (37 pontos)<br>5. Nova Zel\u00e2ndia (36 pontos)<br>6. Est\u00f4nia (36 pontos)<br>7. Finl\u00e2ndia (36 pontos)<br>8. Dinamarca (35 pontos)<br>9. Let\u00f4nia (35 pontos)<br>10. B\u00e9lgica (35 pontos)<\/p>\n\n\n\n<div class=\"wp-block-image\"><figure class=\"aligncenter size-large is-resized\"><img loading=\"lazy\" decoding=\"async\" src=\"https:\/\/jornalfatosenoticias.com.br\/wp-content\/uploads\/2022\/02\/Precisao-Contabilidade-1024x724.jpg\" alt=\"\" class=\"wp-image-28088\" width=\"355\" height=\"251\"\/><\/figure><\/div>\n\n\n\n<p>Segundo a OCDE, em todos os pa\u00edses, os alunos com maior condi\u00e7\u00f5es socioecon\u00f4micas tiveram o melhor desempenho em pensamento criativo do que aqueles com menos condi\u00e7\u00f5es. A diferen\u00e7a foi de 9,5 pontos, em m\u00e9dia. As meninas foram mais criativas do que os meninos no Pisa. 31% delas e 23% deles atingiram o n\u00edvel 5 de profici\u00eancia, n\u00edvel considerado alto. Os alunos que participam de atividades como artes, teatro e escrita criativa ao menos uma vez por semana tamb\u00e9m tiveram um desempenho melhor.<\/p>\n\n\n\n<div class=\"wp-block-image\"><figure class=\"aligncenter size-large is-resized\"><a href=\"https:\/\/hotelmarquetti.com.br\/\"><img loading=\"lazy\" decoding=\"async\" src=\"https:\/\/jornalfatosenoticias.com.br\/wp-content\/uploads\/2020\/02\/nova-logo-Marquetti.jpg\" alt=\"\" class=\"wp-image-22331\" width=\"342\" height=\"229\" srcset=\"https:\/\/jornalfatosenoticias.com.br\/wp-content\/uploads\/2020\/02\/nova-logo-Marquetti.jpg 643w, https:\/\/jornalfatosenoticias.com.br\/wp-content\/uploads\/2020\/02\/nova-logo-Marquetti-300x202.jpg 300w\" sizes=\"auto, (max-width: 342px) 100vw, 342px\" \/><\/a><\/figure><\/div>\n\n\n\n<p>Ainda segundo a OCDE, o incentivo dos professores, a valoriza\u00e7\u00e3o da criatividade pelas escolas tamb\u00e9m s\u00e3o elementos fundamentais para os alunos.<\/p>\n\n\n\n<p><strong><em>Fonte: <a href=\"https:\/\/www.terra.com.br\/noticias\/educacao\/mais-da-metade-dos-alunos-tem-baixo-nivel-de-criatividade-no-brasil-diz-pesquisa,65b212f37ff9b20946a856c90a6770efngteiqbk.html\">Terra<\/a><\/em><\/strong><\/p>\n","protected":false},"excerpt":{"rendered":"<p>Brasil est\u00e1 entre os \u00faltimos em ranking internacional de criatividade entre estudantes de 15 anos, segundo dado da OCDE Mais da metade dos estudantes brasileiros de 15 anos apresentou um baixo n\u00edvel de criatividade na resolu\u00e7\u00e3o de problemas sociais e cient\u00edficos. O dado foi divulgado nesta ter\u00e7a-feira (18), pela Organiza\u00e7\u00e3o para a Coopera\u00e7\u00e3o e Desenvolvimento [&hellip;]<\/p>\n","protected":false},"author":2,"featured_media":52080,"comment_status":"open","ping_status":"open","sticky":false,"template":"","format":"standard","meta":{"footnotes":""},"categories":[7],"tags":[649,23830,597,413,115,23829],"class_list":["post-52079","post","type-post","status-publish","format-standard","has-post-thumbnail","hentry","category-educacao","tag-alunos","tag-baixo-nivel-de-criatividade","tag-brasil","tag-ocde","tag-pesquisa","tag-ranking-internacional-de-criatividade"],"yoast_head":"<!-- This site is optimized with the Yoast SEO plugin v26.5 - https:\/\/yoast.com\/wordpress\/plugins\/seo\/ -->\n<title>Mais da metade dos alunos tem baixo n\u00edvel de criatividade no Brasil, diz pesquisa - Jornal Fatos e Not\u00edcias<\/title>\n<meta name=\"robots\" content=\"index, follow, max-snippet:-1, max-image-preview:large, max-video-preview:-1\" \/>\n<link rel=\"canonical\" href=\"https:\/\/jornalfatosenoticias.com.br\/index.php\/2024\/06\/19\/mais-da-metade-dos-alunos-tem-baixo-nivel-de-criatividade-no-brasil-diz-pesquisa\/\" \/>\n<meta property=\"og:locale\" content=\"pt_BR\" \/>\n<meta property=\"og:type\" content=\"article\" \/>\n<meta property=\"og:title\" content=\"Mais da metade dos alunos tem baixo n\u00edvel de criatividade no Brasil, diz pesquisa - Jornal Fatos e Not\u00edcias\" \/>\n<meta property=\"og:description\" content=\"Brasil est\u00e1 entre os \u00faltimos em ranking internacional de criatividade entre estudantes de 15 anos, segundo dado da OCDE Mais da metade dos estudantes brasileiros de 15 anos apresentou um baixo n\u00edvel de criatividade na resolu\u00e7\u00e3o de problemas sociais e cient\u00edficos. O dado foi divulgado nesta ter\u00e7a-feira (18), pela Organiza\u00e7\u00e3o para a Coopera\u00e7\u00e3o e Desenvolvimento [&hellip;]\" \/>\n<meta property=\"og:url\" content=\"https:\/\/jornalfatosenoticias.com.br\/index.php\/2024\/06\/19\/mais-da-metade-dos-alunos-tem-baixo-nivel-de-criatividade-no-brasil-diz-pesquisa\/\" \/>\n<meta property=\"og:site_name\" content=\"Jornal Fatos e Not\u00edcias\" \/>\n<meta property=\"article:published_time\" content=\"2024-06-19T12:03:45+00:00\" \/>\n<meta property=\"article:modified_time\" content=\"2024-06-19T16:29:01+00:00\" \/>\n<meta property=\"og:image\" content=\"https:\/\/jornalfatosenoticias.com.br\/wp-content\/uploads\/2024\/06\/baixo-nivel-de-criatividade_gettyimages.jpg\" \/>\n\t<meta property=\"og:image:width\" content=\"612\" \/>\n\t<meta property=\"og:image:height\" content=\"408\" \/>\n\t<meta property=\"og:image:type\" content=\"image\/jpeg\" \/>\n<meta name=\"author\" content=\"Luzimara Fernandes\" \/>\n<meta name=\"twitter:card\" content=\"summary_large_image\" \/>\n<meta name=\"twitter:label1\" content=\"Escrito por\" \/>\n\t<meta name=\"twitter:data1\" content=\"Luzimara Fernandes\" \/>\n\t<meta name=\"twitter:label2\" content=\"Est. tempo de leitura\" \/>\n\t<meta name=\"twitter:data2\" content=\"3 minutos\" \/>\n<script type=\"application\/ld+json\" class=\"yoast-schema-graph\">{\"@context\":\"https:\/\/schema.org\",\"@graph\":[{\"@type\":\"Article\",\"@id\":\"https:\/\/jornalfatosenoticias.com.br\/index.php\/2024\/06\/19\/mais-da-metade-dos-alunos-tem-baixo-nivel-de-criatividade-no-brasil-diz-pesquisa\/#article\",\"isPartOf\":{\"@id\":\"https:\/\/jornalfatosenoticias.com.br\/index.php\/2024\/06\/19\/mais-da-metade-dos-alunos-tem-baixo-nivel-de-criatividade-no-brasil-diz-pesquisa\/\"},\"author\":{\"name\":\"Luzimara Fernandes\",\"@id\":\"https:\/\/jornalfatosenoticias.com.br\/#\/schema\/person\/d63837fa13ac8666eb9e74e0985d6f81\"},\"headline\":\"Mais da metade dos alunos tem baixo n\u00edvel de criatividade no Brasil, diz pesquisa\",\"datePublished\":\"2024-06-19T12:03:45+00:00\",\"dateModified\":\"2024-06-19T16:29:01+00:00\",\"mainEntityOfPage\":{\"@id\":\"https:\/\/jornalfatosenoticias.com.br\/index.php\/2024\/06\/19\/mais-da-metade-dos-alunos-tem-baixo-nivel-de-criatividade-no-brasil-diz-pesquisa\/\"},\"wordCount\":664,\"commentCount\":0,\"publisher\":{\"@id\":\"https:\/\/jornalfatosenoticias.com.br\/#organization\"},\"image\":{\"@id\":\"https:\/\/jornalfatosenoticias.com.br\/index.php\/2024\/06\/19\/mais-da-metade-dos-alunos-tem-baixo-nivel-de-criatividade-no-brasil-diz-pesquisa\/#primaryimage\"},\"thumbnailUrl\":\"https:\/\/jornalfatosenoticias.com.br\/wp-content\/uploads\/2024\/06\/baixo-nivel-de-criatividade_gettyimages.jpg\",\"keywords\":[\"alunos\",\"baixo n\u00edvel de criatividade\",\"Brasil\",\"OCDE\",\"pesquisa\",\"ranking internacional de criatividade\"],\"articleSection\":[\"Educa\u00e7\u00e3o\"],\"inLanguage\":\"pt-BR\",\"potentialAction\":[{\"@type\":\"CommentAction\",\"name\":\"Comment\",\"target\":[\"https:\/\/jornalfatosenoticias.com.br\/index.php\/2024\/06\/19\/mais-da-metade-dos-alunos-tem-baixo-nivel-de-criatividade-no-brasil-diz-pesquisa\/#respond\"]}]},{\"@type\":\"WebPage\",\"@id\":\"https:\/\/jornalfatosenoticias.com.br\/index.php\/2024\/06\/19\/mais-da-metade-dos-alunos-tem-baixo-nivel-de-criatividade-no-brasil-diz-pesquisa\/\",\"url\":\"https:\/\/jornalfatosenoticias.com.br\/index.php\/2024\/06\/19\/mais-da-metade-dos-alunos-tem-baixo-nivel-de-criatividade-no-brasil-diz-pesquisa\/\",\"name\":\"Mais da metade dos alunos tem baixo n\u00edvel de criatividade no Brasil, diz pesquisa - Jornal Fatos e Not\u00edcias\",\"isPartOf\":{\"@id\":\"https:\/\/jornalfatosenoticias.com.br\/#website\"},\"primaryImageOfPage\":{\"@id\":\"https:\/\/jornalfatosenoticias.com.br\/index.php\/2024\/06\/19\/mais-da-metade-dos-alunos-tem-baixo-nivel-de-criatividade-no-brasil-diz-pesquisa\/#primaryimage\"},\"image\":{\"@id\":\"https:\/\/jornalfatosenoticias.com.br\/index.php\/2024\/06\/19\/mais-da-metade-dos-alunos-tem-baixo-nivel-de-criatividade-no-brasil-diz-pesquisa\/#primaryimage\"},\"thumbnailUrl\":\"https:\/\/jornalfatosenoticias.com.br\/wp-content\/uploads\/2024\/06\/baixo-nivel-de-criatividade_gettyimages.jpg\",\"datePublished\":\"2024-06-19T12:03:45+00:00\",\"dateModified\":\"2024-06-19T16:29:01+00:00\",\"breadcrumb\":{\"@id\":\"https:\/\/jornalfatosenoticias.com.br\/index.php\/2024\/06\/19\/mais-da-metade-dos-alunos-tem-baixo-nivel-de-criatividade-no-brasil-diz-pesquisa\/#breadcrumb\"},\"inLanguage\":\"pt-BR\",\"potentialAction\":[{\"@type\":\"ReadAction\",\"target\":[\"https:\/\/jornalfatosenoticias.com.br\/index.php\/2024\/06\/19\/mais-da-metade-dos-alunos-tem-baixo-nivel-de-criatividade-no-brasil-diz-pesquisa\/\"]}]},{\"@type\":\"ImageObject\",\"inLanguage\":\"pt-BR\",\"@id\":\"https:\/\/jornalfatosenoticias.com.br\/index.php\/2024\/06\/19\/mais-da-metade-dos-alunos-tem-baixo-nivel-de-criatividade-no-brasil-diz-pesquisa\/#primaryimage\",\"url\":\"https:\/\/jornalfatosenoticias.com.br\/wp-content\/uploads\/2024\/06\/baixo-nivel-de-criatividade_gettyimages.jpg\",\"contentUrl\":\"https:\/\/jornalfatosenoticias.com.br\/wp-content\/uploads\/2024\/06\/baixo-nivel-de-criatividade_gettyimages.jpg\",\"width\":612,\"height\":408,\"caption\":\"Elementary school student series.\"},{\"@type\":\"BreadcrumbList\",\"@id\":\"https:\/\/jornalfatosenoticias.com.br\/index.php\/2024\/06\/19\/mais-da-metade-dos-alunos-tem-baixo-nivel-de-criatividade-no-brasil-diz-pesquisa\/#breadcrumb\",\"itemListElement\":[{\"@type\":\"ListItem\",\"position\":1,\"name\":\"In\u00edcio\",\"item\":\"https:\/\/jornalfatosenoticias.com.br\/\"},{\"@type\":\"ListItem\",\"position\":2,\"name\":\"Mais da metade dos alunos tem baixo n\u00edvel de criatividade no Brasil, diz pesquisa\"}]},{\"@type\":\"WebSite\",\"@id\":\"https:\/\/jornalfatosenoticias.com.br\/#website\",\"url\":\"https:\/\/jornalfatosenoticias.com.br\/\",\"name\":\"Jornal Fatos e Not\u00edcias\",\"description\":\"Not\u00edcias em geral\",\"publisher\":{\"@id\":\"https:\/\/jornalfatosenoticias.com.br\/#organization\"},\"potentialAction\":[{\"@type\":\"SearchAction\",\"target\":{\"@type\":\"EntryPoint\",\"urlTemplate\":\"https:\/\/jornalfatosenoticias.com.br\/?s={search_term_string}\"},\"query-input\":{\"@type\":\"PropertyValueSpecification\",\"valueRequired\":true,\"valueName\":\"search_term_string\"}}],\"inLanguage\":\"pt-BR\"},{\"@type\":\"Organization\",\"@id\":\"https:\/\/jornalfatosenoticias.com.br\/#organization\",\"name\":\"Jornal Fatos e Not\u00edcias\",\"url\":\"https:\/\/jornalfatosenoticias.com.br\/\",\"logo\":{\"@type\":\"ImageObject\",\"inLanguage\":\"pt-BR\",\"@id\":\"https:\/\/jornalfatosenoticias.com.br\/#\/schema\/logo\/image\/\",\"url\":\"https:\/\/jornalfatosenoticias.com.br\/wp-content\/uploads\/2020\/02\/logo120.png\",\"contentUrl\":\"https:\/\/jornalfatosenoticias.com.br\/wp-content\/uploads\/2020\/02\/logo120.png\",\"width\":1227,\"height\":120,\"caption\":\"Jornal Fatos e Not\u00edcias\"},\"image\":{\"@id\":\"https:\/\/jornalfatosenoticias.com.br\/#\/schema\/logo\/image\/\"}},{\"@type\":\"Person\",\"@id\":\"https:\/\/jornalfatosenoticias.com.br\/#\/schema\/person\/d63837fa13ac8666eb9e74e0985d6f81\",\"name\":\"Luzimara Fernandes\",\"image\":{\"@type\":\"ImageObject\",\"inLanguage\":\"pt-BR\",\"@id\":\"https:\/\/jornalfatosenoticias.com.br\/#\/schema\/person\/image\/\",\"url\":\"https:\/\/jornalfatosenoticias.com.br\/wp-content\/uploads\/2025\/05\/EU_portal.jpg\",\"contentUrl\":\"https:\/\/jornalfatosenoticias.com.br\/wp-content\/uploads\/2025\/05\/EU_portal.jpg\",\"caption\":\"Luzimara Fernandes\"},\"description\":\"Jornalista MTB 2358-ES\",\"sameAs\":[\"https:\/\/jornalfatosenoticias.com.br\"],\"url\":\"https:\/\/jornalfatosenoticias.com.br\/index.php\/author\/luzimara\/\"}]}<\/script>\n<!-- \/ Yoast SEO plugin. -->","yoast_head_json":{"title":"Mais da metade dos alunos tem baixo n\u00edvel de criatividade no Brasil, diz pesquisa - Jornal Fatos e Not\u00edcias","robots":{"index":"index","follow":"follow","max-snippet":"max-snippet:-1","max-image-preview":"max-image-preview:large","max-video-preview":"max-video-preview:-1"},"canonical":"https:\/\/jornalfatosenoticias.com.br\/index.php\/2024\/06\/19\/mais-da-metade-dos-alunos-tem-baixo-nivel-de-criatividade-no-brasil-diz-pesquisa\/","og_locale":"pt_BR","og_type":"article","og_title":"Mais da metade dos alunos tem baixo n\u00edvel de criatividade no Brasil, diz pesquisa - Jornal Fatos e Not\u00edcias","og_description":"Brasil est\u00e1 entre os \u00faltimos em ranking internacional de criatividade entre estudantes de 15 anos, segundo dado da OCDE Mais da metade dos estudantes brasileiros de 15 anos apresentou um baixo n\u00edvel de criatividade na resolu\u00e7\u00e3o de problemas sociais e cient\u00edficos. O dado foi divulgado nesta ter\u00e7a-feira (18), pela Organiza\u00e7\u00e3o para a Coopera\u00e7\u00e3o e Desenvolvimento [&hellip;]","og_url":"https:\/\/jornalfatosenoticias.com.br\/index.php\/2024\/06\/19\/mais-da-metade-dos-alunos-tem-baixo-nivel-de-criatividade-no-brasil-diz-pesquisa\/","og_site_name":"Jornal Fatos e Not\u00edcias","article_published_time":"2024-06-19T12:03:45+00:00","article_modified_time":"2024-06-19T16:29:01+00:00","og_image":[{"width":612,"height":408,"url":"https:\/\/jornalfatosenoticias.com.br\/wp-content\/uploads\/2024\/06\/baixo-nivel-de-criatividade_gettyimages.jpg","type":"image\/jpeg"}],"author":"Luzimara Fernandes","twitter_card":"summary_large_image","twitter_misc":{"Escrito por":"Luzimara Fernandes","Est. tempo de leitura":"3 minutos"},"schema":{"@context":"https:\/\/schema.org","@graph":[{"@type":"Article","@id":"https:\/\/jornalfatosenoticias.com.br\/index.php\/2024\/06\/19\/mais-da-metade-dos-alunos-tem-baixo-nivel-de-criatividade-no-brasil-diz-pesquisa\/#article","isPartOf":{"@id":"https:\/\/jornalfatosenoticias.com.br\/index.php\/2024\/06\/19\/mais-da-metade-dos-alunos-tem-baixo-nivel-de-criatividade-no-brasil-diz-pesquisa\/"},"author":{"name":"Luzimara Fernandes","@id":"https:\/\/jornalfatosenoticias.com.br\/#\/schema\/person\/d63837fa13ac8666eb9e74e0985d6f81"},"headline":"Mais da metade dos alunos tem baixo n\u00edvel de criatividade no Brasil, diz pesquisa","datePublished":"2024-06-19T12:03:45+00:00","dateModified":"2024-06-19T16:29:01+00:00","mainEntityOfPage":{"@id":"https:\/\/jornalfatosenoticias.com.br\/index.php\/2024\/06\/19\/mais-da-metade-dos-alunos-tem-baixo-nivel-de-criatividade-no-brasil-diz-pesquisa\/"},"wordCount":664,"commentCount":0,"publisher":{"@id":"https:\/\/jornalfatosenoticias.com.br\/#organization"},"image":{"@id":"https:\/\/jornalfatosenoticias.com.br\/index.php\/2024\/06\/19\/mais-da-metade-dos-alunos-tem-baixo-nivel-de-criatividade-no-brasil-diz-pesquisa\/#primaryimage"},"thumbnailUrl":"https:\/\/jornalfatosenoticias.com.br\/wp-content\/uploads\/2024\/06\/baixo-nivel-de-criatividade_gettyimages.jpg","keywords":["alunos","baixo n\u00edvel de criatividade","Brasil","OCDE","pesquisa","ranking internacional de criatividade"],"articleSection":["Educa\u00e7\u00e3o"],"inLanguage":"pt-BR","potentialAction":[{"@type":"CommentAction","name":"Comment","target":["https:\/\/jornalfatosenoticias.com.br\/index.php\/2024\/06\/19\/mais-da-metade-dos-alunos-tem-baixo-nivel-de-criatividade-no-brasil-diz-pesquisa\/#respond"]}]},{"@type":"WebPage","@id":"https:\/\/jornalfatosenoticias.com.br\/index.php\/2024\/06\/19\/mais-da-metade-dos-alunos-tem-baixo-nivel-de-criatividade-no-brasil-diz-pesquisa\/","url":"https:\/\/jornalfatosenoticias.com.br\/index.php\/2024\/06\/19\/mais-da-metade-dos-alunos-tem-baixo-nivel-de-criatividade-no-brasil-diz-pesquisa\/","name":"Mais da metade dos alunos tem baixo n\u00edvel de criatividade no Brasil, diz pesquisa - Jornal Fatos e Not\u00edcias","isPartOf":{"@id":"https:\/\/jornalfatosenoticias.com.br\/#website"},"primaryImageOfPage":{"@id":"https:\/\/jornalfatosenoticias.com.br\/index.php\/2024\/06\/19\/mais-da-metade-dos-alunos-tem-baixo-nivel-de-criatividade-no-brasil-diz-pesquisa\/#primaryimage"},"image":{"@id":"https:\/\/jornalfatosenoticias.com.br\/index.php\/2024\/06\/19\/mais-da-metade-dos-alunos-tem-baixo-nivel-de-criatividade-no-brasil-diz-pesquisa\/#primaryimage"},"thumbnailUrl":"https:\/\/jornalfatosenoticias.com.br\/wp-content\/uploads\/2024\/06\/baixo-nivel-de-criatividade_gettyimages.jpg","datePublished":"2024-06-19T12:03:45+00:00","dateModified":"2024-06-19T16:29:01+00:00","breadcrumb":{"@id":"https:\/\/jornalfatosenoticias.com.br\/index.php\/2024\/06\/19\/mais-da-metade-dos-alunos-tem-baixo-nivel-de-criatividade-no-brasil-diz-pesquisa\/#breadcrumb"},"inLanguage":"pt-BR","potentialAction":[{"@type":"ReadAction","target":["https:\/\/jornalfatosenoticias.com.br\/index.php\/2024\/06\/19\/mais-da-metade-dos-alunos-tem-baixo-nivel-de-criatividade-no-brasil-diz-pesquisa\/"]}]},{"@type":"ImageObject","inLanguage":"pt-BR","@id":"https:\/\/jornalfatosenoticias.com.br\/index.php\/2024\/06\/19\/mais-da-metade-dos-alunos-tem-baixo-nivel-de-criatividade-no-brasil-diz-pesquisa\/#primaryimage","url":"https:\/\/jornalfatosenoticias.com.br\/wp-content\/uploads\/2024\/06\/baixo-nivel-de-criatividade_gettyimages.jpg","contentUrl":"https:\/\/jornalfatosenoticias.com.br\/wp-content\/uploads\/2024\/06\/baixo-nivel-de-criatividade_gettyimages.jpg","width":612,"height":408,"caption":"Elementary school student series."},{"@type":"BreadcrumbList","@id":"https:\/\/jornalfatosenoticias.com.br\/index.php\/2024\/06\/19\/mais-da-metade-dos-alunos-tem-baixo-nivel-de-criatividade-no-brasil-diz-pesquisa\/#breadcrumb","itemListElement":[{"@type":"ListItem","position":1,"name":"In\u00edcio","item":"https:\/\/jornalfatosenoticias.com.br\/"},{"@type":"ListItem","position":2,"name":"Mais da metade dos alunos tem baixo n\u00edvel de criatividade no Brasil, diz pesquisa"}]},{"@type":"WebSite","@id":"https:\/\/jornalfatosenoticias.com.br\/#website","url":"https:\/\/jornalfatosenoticias.com.br\/","name":"Jornal Fatos e Not\u00edcias","description":"Not\u00edcias em geral","publisher":{"@id":"https:\/\/jornalfatosenoticias.com.br\/#organization"},"potentialAction":[{"@type":"SearchAction","target":{"@type":"EntryPoint","urlTemplate":"https:\/\/jornalfatosenoticias.com.br\/?s={search_term_string}"},"query-input":{"@type":"PropertyValueSpecification","valueRequired":true,"valueName":"search_term_string"}}],"inLanguage":"pt-BR"},{"@type":"Organization","@id":"https:\/\/jornalfatosenoticias.com.br\/#organization","name":"Jornal Fatos e Not\u00edcias","url":"https:\/\/jornalfatosenoticias.com.br\/","logo":{"@type":"ImageObject","inLanguage":"pt-BR","@id":"https:\/\/jornalfatosenoticias.com.br\/#\/schema\/logo\/image\/","url":"https:\/\/jornalfatosenoticias.com.br\/wp-content\/uploads\/2020\/02\/logo120.png","contentUrl":"https:\/\/jornalfatosenoticias.com.br\/wp-content\/uploads\/2020\/02\/logo120.png","width":1227,"height":120,"caption":"Jornal Fatos e Not\u00edcias"},"image":{"@id":"https:\/\/jornalfatosenoticias.com.br\/#\/schema\/logo\/image\/"}},{"@type":"Person","@id":"https:\/\/jornalfatosenoticias.com.br\/#\/schema\/person\/d63837fa13ac8666eb9e74e0985d6f81","name":"Luzimara Fernandes","image":{"@type":"ImageObject","inLanguage":"pt-BR","@id":"https:\/\/jornalfatosenoticias.com.br\/#\/schema\/person\/image\/","url":"https:\/\/jornalfatosenoticias.com.br\/wp-content\/uploads\/2025\/05\/EU_portal.jpg","contentUrl":"https:\/\/jornalfatosenoticias.com.br\/wp-content\/uploads\/2025\/05\/EU_portal.jpg","caption":"Luzimara Fernandes"},"description":"Jornalista MTB 2358-ES","sameAs":["https:\/\/jornalfatosenoticias.com.br"],"url":"https:\/\/jornalfatosenoticias.com.br\/index.php\/author\/luzimara\/"}]}},"cc_featured_image_caption":{"caption_text":"(Foto: Getty Images)","source_text":"","source_url":""},"jetpack_featured_media_url":"https:\/\/jornalfatosenoticias.com.br\/wp-content\/uploads\/2024\/06\/baixo-nivel-de-criatividade_gettyimages.jpg","_links":{"self":[{"href":"https:\/\/jornalfatosenoticias.com.br\/index.php\/wp-json\/wp\/v2\/posts\/52079","targetHints":{"allow":["GET"]}}],"collection":[{"href":"https:\/\/jornalfatosenoticias.com.br\/index.php\/wp-json\/wp\/v2\/posts"}],"about":[{"href":"https:\/\/jornalfatosenoticias.com.br\/index.php\/wp-json\/wp\/v2\/types\/post"}],"author":[{"embeddable":true,"href":"https:\/\/jornalfatosenoticias.com.br\/index.php\/wp-json\/wp\/v2\/users\/2"}],"replies":[{"embeddable":true,"href":"https:\/\/jornalfatosenoticias.com.br\/index.php\/wp-json\/wp\/v2\/comments?post=52079"}],"version-history":[{"count":0,"href":"https:\/\/jornalfatosenoticias.com.br\/index.php\/wp-json\/wp\/v2\/posts\/52079\/revisions"}],"wp:featuredmedia":[{"embeddable":true,"href":"https:\/\/jornalfatosenoticias.com.br\/index.php\/wp-json\/wp\/v2\/media\/52080"}],"wp:attachment":[{"href":"https:\/\/jornalfatosenoticias.com.br\/index.php\/wp-json\/wp\/v2\/media?parent=52079"}],"wp:term":[{"taxonomy":"category","embeddable":true,"href":"https:\/\/jornalfatosenoticias.com.br\/index.php\/wp-json\/wp\/v2\/categories?post=52079"},{"taxonomy":"post_tag","embeddable":true,"href":"https:\/\/jornalfatosenoticias.com.br\/index.php\/wp-json\/wp\/v2\/tags?post=52079"}],"curies":[{"name":"wp","href":"https:\/\/api.w.org\/{rel}","templated":true}]}}