{"id":5210,"date":"2020-06-03T09:47:48","date_gmt":"2020-06-03T12:47:48","guid":{"rendered":"https:\/\/jornalfatosenoticias.com.br\/?p=5210"},"modified":"2020-06-03T09:47:53","modified_gmt":"2020-06-03T12:47:53","slug":"flamengo-renova-com-jorge-jesus-ate-junho-de-21-por-4-milhoes-de-euros","status":"publish","type":"post","link":"https:\/\/jornalfatosenoticias.com.br\/index.php\/2020\/06\/03\/flamengo-renova-com-jorge-jesus-ate-junho-de-21-por-4-milhoes-de-euros\/","title":{"rendered":"Flamengo renova com Jorge Jesus at\u00e9 junho de 21 por 4 milh\u00f5es de euros"},"content":{"rendered":"\n<h6 class=\"wp-block-heading\"><em>T\u00e9cnico inclui cl\u00e1usula para ser liberado se houver proposta da Europa<\/em><\/h6>\n\n\n\n<p>Jorge Jesus continua no Flamengo at\u00e9 junho de 2021. A novela da renova\u00e7\u00e3o do contrato do treinador com o clube terminou em final em feliz nesta ter\u00e7a-feira (2). O primeiro sinal veio do vice-presidente do futebol rubro-negro carioca, Marcos Braz, que publicou na conta pessoal dele no Twitter, \u00e0s 17h31, uma bandeira de Portugal, pa\u00eds de origem do Mister.<br>O contrato de Jesus expiraria no dia 19 deste m\u00eas. O t\u00e9cnico chegou ao Brasil em junho do ano passado, conquistando praticamente tudo o que disputou. Foram cinco t\u00edtulos \u2013 Copa Libertadores da Am\u00e9rica e Campeonato Brasileiro, em 2019, e Recopa, Supercopa do Brasil e Ta\u00e7a Guanabara, em 2020, e apenas quatro derrotas em 51 jogos, com 38 vit\u00f3rias e nove empates.<\/p>\n\n\n\n<figure class=\"wp-block-image size-large\"><img loading=\"lazy\" decoding=\"async\" width=\"1000\" height=\"665\" src=\"https:\/\/jornalfatosenoticias.com.br\/wp-content\/uploads\/2020\/06\/jorge-jesus.jpg\" alt=\"\" class=\"wp-image-5211\" srcset=\"https:\/\/jornalfatosenoticias.com.br\/wp-content\/uploads\/2020\/06\/jorge-jesus.jpg 1000w, https:\/\/jornalfatosenoticias.com.br\/wp-content\/uploads\/2020\/06\/jorge-jesus-300x200.jpg 300w, https:\/\/jornalfatosenoticias.com.br\/wp-content\/uploads\/2020\/06\/jorge-jesus-768x511.jpg 768w\" sizes=\"auto, (max-width: 1000px) 100vw, 1000px\" \/><figcaption><em>Jorge Jesus ter\u00e1 sal\u00e1rio de 4 milh\u00f5es de euros (Foto: Alexandre Vidal\/Flamengo\/Direitos Reservados)<\/em><\/figcaption><\/figure>\n\n\n\n<p>O novo contrato do Mister traz a possibilidade de ele deixar o Flamengo, caso surja proposta de um clube europeu. \u201cEle est\u00e1 sempre de olho no Velho Continente, o sonho dele \u00e9 voltar para l\u00e1. Mais um ano \u00e9 bom para o time, porque \u00e9 quase o mesmo elenco campe\u00e3o de 2019\u201d, analisa M\u00e1rio Silva, comentarista da R\u00e1dio Nacional.<br>O treinador dever\u00e1 receber aproximadamente quatro milh\u00f5es de euros (cerca de R$ 23 milh\u00f5es), al\u00e9m de outras premia\u00e7\u00f5es. Neste primeiro ano de Flamengo, Jesus faturou algo em torno de R$ 15 milh\u00f5es.<\/p>\n\n\n\n<p><em><strong>Fonte: <a href=\"https:\/\/agenciabrasil.ebc.com.br\/esportes\/noticia\/2020-06\/flamengo-renova-com-jorge-jesus-ate-junho-de-21-por-4-milhoes-de-euros\">Ag\u00eancia Brasil<\/a><\/strong><\/em><\/p>\n","protected":false},"excerpt":{"rendered":"<p>T\u00e9cnico inclui cl\u00e1usula para ser liberado se houver proposta da Europa Jorge Jesus continua no Flamengo at\u00e9 junho de 2021. A novela da renova\u00e7\u00e3o do contrato do treinador com o clube terminou em final em feliz nesta ter\u00e7a-feira (2). O primeiro sinal veio do vice-presidente do futebol rubro-negro carioca, Marcos Braz, que publicou na conta [&hellip;]<\/p>\n","protected":false},"author":2,"featured_media":5212,"comment_status":"open","ping_status":"open","sticky":false,"template":"","format":"standard","meta":{"footnotes":""},"categories":[12],"tags":[43,2689,632,3119],"class_list":["post-5210","post","type-post","status-publish","format-standard","has-post-thumbnail","hentry","category-esportes","tag-esportes","tag-flamengo","tag-futebol","tag-jorge-jesus"],"yoast_head":"<!-- This site is optimized with the Yoast SEO plugin v26.5 - https:\/\/yoast.com\/wordpress\/plugins\/seo\/ -->\n<title>Flamengo renova com Jorge Jesus at\u00e9 junho de 21 por 4 milh\u00f5es de euros - Jornal Fatos e Not\u00edcias<\/title>\n<meta name=\"robots\" content=\"index, follow, max-snippet:-1, max-image-preview:large, max-video-preview:-1\" \/>\n<link rel=\"canonical\" href=\"https:\/\/jornalfatosenoticias.com.br\/index.php\/2020\/06\/03\/flamengo-renova-com-jorge-jesus-ate-junho-de-21-por-4-milhoes-de-euros\/\" \/>\n<meta property=\"og:locale\" content=\"pt_BR\" \/>\n<meta property=\"og:type\" content=\"article\" \/>\n<meta property=\"og:title\" content=\"Flamengo renova com Jorge Jesus at\u00e9 junho de 21 por 4 milh\u00f5es de euros - Jornal Fatos e Not\u00edcias\" \/>\n<meta property=\"og:description\" content=\"T\u00e9cnico inclui cl\u00e1usula para ser liberado se houver proposta da Europa Jorge Jesus continua no Flamengo at\u00e9 junho de 2021. A novela da renova\u00e7\u00e3o do contrato do treinador com o clube terminou em final em feliz nesta ter\u00e7a-feira (2). O primeiro sinal veio do vice-presidente do futebol rubro-negro carioca, Marcos Braz, que publicou na conta [&hellip;]\" \/>\n<meta property=\"og:url\" content=\"https:\/\/jornalfatosenoticias.com.br\/index.php\/2020\/06\/03\/flamengo-renova-com-jorge-jesus-ate-junho-de-21-por-4-milhoes-de-euros\/\" \/>\n<meta property=\"og:site_name\" content=\"Jornal Fatos e Not\u00edcias\" \/>\n<meta property=\"article:published_time\" content=\"2020-06-03T12:47:48+00:00\" \/>\n<meta property=\"article:modified_time\" content=\"2020-06-03T12:47:53+00:00\" \/>\n<meta property=\"og:image\" content=\"https:\/\/jornalfatosenoticias.com.br\/wp-content\/uploads\/2020\/06\/jorge_jesus_renovou_com_o_flamengo_ate_junho_de_2021.jpg\" \/>\n\t<meta property=\"og:image:width\" content=\"1000\" \/>\n\t<meta property=\"og:image:height\" content=\"598\" \/>\n\t<meta property=\"og:image:type\" content=\"image\/jpeg\" \/>\n<meta name=\"author\" content=\"Luzimara Fernandes\" \/>\n<meta name=\"twitter:card\" content=\"summary_large_image\" \/>\n<meta name=\"twitter:label1\" content=\"Escrito por\" \/>\n\t<meta name=\"twitter:data1\" content=\"Luzimara Fernandes\" \/>\n\t<meta name=\"twitter:label2\" content=\"Est. tempo de leitura\" \/>\n\t<meta name=\"twitter:data2\" content=\"1 minuto\" \/>\n<script type=\"application\/ld+json\" class=\"yoast-schema-graph\">{\"@context\":\"https:\/\/schema.org\",\"@graph\":[{\"@type\":\"Article\",\"@id\":\"https:\/\/jornalfatosenoticias.com.br\/index.php\/2020\/06\/03\/flamengo-renova-com-jorge-jesus-ate-junho-de-21-por-4-milhoes-de-euros\/#article\",\"isPartOf\":{\"@id\":\"https:\/\/jornalfatosenoticias.com.br\/index.php\/2020\/06\/03\/flamengo-renova-com-jorge-jesus-ate-junho-de-21-por-4-milhoes-de-euros\/\"},\"author\":{\"name\":\"Luzimara Fernandes\",\"@id\":\"https:\/\/jornalfatosenoticias.com.br\/#\/schema\/person\/d63837fa13ac8666eb9e74e0985d6f81\"},\"headline\":\"Flamengo renova com Jorge Jesus at\u00e9 junho de 21 por 4 milh\u00f5es de euros\",\"datePublished\":\"2020-06-03T12:47:48+00:00\",\"dateModified\":\"2020-06-03T12:47:53+00:00\",\"mainEntityOfPage\":{\"@id\":\"https:\/\/jornalfatosenoticias.com.br\/index.php\/2020\/06\/03\/flamengo-renova-com-jorge-jesus-ate-junho-de-21-por-4-milhoes-de-euros\/\"},\"wordCount\":261,\"commentCount\":0,\"publisher\":{\"@id\":\"https:\/\/jornalfatosenoticias.com.br\/#organization\"},\"image\":{\"@id\":\"https:\/\/jornalfatosenoticias.com.br\/index.php\/2020\/06\/03\/flamengo-renova-com-jorge-jesus-ate-junho-de-21-por-4-milhoes-de-euros\/#primaryimage\"},\"thumbnailUrl\":\"https:\/\/jornalfatosenoticias.com.br\/wp-content\/uploads\/2020\/06\/jorge_jesus_renovou_com_o_flamengo_ate_junho_de_2021.jpg\",\"keywords\":[\"esportes\",\"Flamengo\",\"futebol\",\"Jorge Jesus\"],\"articleSection\":[\"Esportes\"],\"inLanguage\":\"pt-BR\",\"potentialAction\":[{\"@type\":\"CommentAction\",\"name\":\"Comment\",\"target\":[\"https:\/\/jornalfatosenoticias.com.br\/index.php\/2020\/06\/03\/flamengo-renova-com-jorge-jesus-ate-junho-de-21-por-4-milhoes-de-euros\/#respond\"]}]},{\"@type\":\"WebPage\",\"@id\":\"https:\/\/jornalfatosenoticias.com.br\/index.php\/2020\/06\/03\/flamengo-renova-com-jorge-jesus-ate-junho-de-21-por-4-milhoes-de-euros\/\",\"url\":\"https:\/\/jornalfatosenoticias.com.br\/index.php\/2020\/06\/03\/flamengo-renova-com-jorge-jesus-ate-junho-de-21-por-4-milhoes-de-euros\/\",\"name\":\"Flamengo renova com Jorge Jesus at\u00e9 junho de 21 por 4 milh\u00f5es de euros - Jornal Fatos e Not\u00edcias\",\"isPartOf\":{\"@id\":\"https:\/\/jornalfatosenoticias.com.br\/#website\"},\"primaryImageOfPage\":{\"@id\":\"https:\/\/jornalfatosenoticias.com.br\/index.php\/2020\/06\/03\/flamengo-renova-com-jorge-jesus-ate-junho-de-21-por-4-milhoes-de-euros\/#primaryimage\"},\"image\":{\"@id\":\"https:\/\/jornalfatosenoticias.com.br\/index.php\/2020\/06\/03\/flamengo-renova-com-jorge-jesus-ate-junho-de-21-por-4-milhoes-de-euros\/#primaryimage\"},\"thumbnailUrl\":\"https:\/\/jornalfatosenoticias.com.br\/wp-content\/uploads\/2020\/06\/jorge_jesus_renovou_com_o_flamengo_ate_junho_de_2021.jpg\",\"datePublished\":\"2020-06-03T12:47:48+00:00\",\"dateModified\":\"2020-06-03T12:47:53+00:00\",\"breadcrumb\":{\"@id\":\"https:\/\/jornalfatosenoticias.com.br\/index.php\/2020\/06\/03\/flamengo-renova-com-jorge-jesus-ate-junho-de-21-por-4-milhoes-de-euros\/#breadcrumb\"},\"inLanguage\":\"pt-BR\",\"potentialAction\":[{\"@type\":\"ReadAction\",\"target\":[\"https:\/\/jornalfatosenoticias.com.br\/index.php\/2020\/06\/03\/flamengo-renova-com-jorge-jesus-ate-junho-de-21-por-4-milhoes-de-euros\/\"]}]},{\"@type\":\"ImageObject\",\"inLanguage\":\"pt-BR\",\"@id\":\"https:\/\/jornalfatosenoticias.com.br\/index.php\/2020\/06\/03\/flamengo-renova-com-jorge-jesus-ate-junho-de-21-por-4-milhoes-de-euros\/#primaryimage\",\"url\":\"https:\/\/jornalfatosenoticias.com.br\/wp-content\/uploads\/2020\/06\/jorge_jesus_renovou_com_o_flamengo_ate_junho_de_2021.jpg\",\"contentUrl\":\"https:\/\/jornalfatosenoticias.com.br\/wp-content\/uploads\/2020\/06\/jorge_jesus_renovou_com_o_flamengo_ate_junho_de_2021.jpg\",\"width\":1000,\"height\":598},{\"@type\":\"BreadcrumbList\",\"@id\":\"https:\/\/jornalfatosenoticias.com.br\/index.php\/2020\/06\/03\/flamengo-renova-com-jorge-jesus-ate-junho-de-21-por-4-milhoes-de-euros\/#breadcrumb\",\"itemListElement\":[{\"@type\":\"ListItem\",\"position\":1,\"name\":\"In\u00edcio\",\"item\":\"https:\/\/jornalfatosenoticias.com.br\/\"},{\"@type\":\"ListItem\",\"position\":2,\"name\":\"Flamengo renova com Jorge Jesus at\u00e9 junho de 21 por 4 milh\u00f5es de euros\"}]},{\"@type\":\"WebSite\",\"@id\":\"https:\/\/jornalfatosenoticias.com.br\/#website\",\"url\":\"https:\/\/jornalfatosenoticias.com.br\/\",\"name\":\"Jornal Fatos e Not\u00edcias\",\"description\":\"Not\u00edcias em geral\",\"publisher\":{\"@id\":\"https:\/\/jornalfatosenoticias.com.br\/#organization\"},\"potentialAction\":[{\"@type\":\"SearchAction\",\"target\":{\"@type\":\"EntryPoint\",\"urlTemplate\":\"https:\/\/jornalfatosenoticias.com.br\/?s={search_term_string}\"},\"query-input\":{\"@type\":\"PropertyValueSpecification\",\"valueRequired\":true,\"valueName\":\"search_term_string\"}}],\"inLanguage\":\"pt-BR\"},{\"@type\":\"Organization\",\"@id\":\"https:\/\/jornalfatosenoticias.com.br\/#organization\",\"name\":\"Jornal Fatos e Not\u00edcias\",\"url\":\"https:\/\/jornalfatosenoticias.com.br\/\",\"logo\":{\"@type\":\"ImageObject\",\"inLanguage\":\"pt-BR\",\"@id\":\"https:\/\/jornalfatosenoticias.com.br\/#\/schema\/logo\/image\/\",\"url\":\"https:\/\/jornalfatosenoticias.com.br\/wp-content\/uploads\/2020\/02\/logo120.png\",\"contentUrl\":\"https:\/\/jornalfatosenoticias.com.br\/wp-content\/uploads\/2020\/02\/logo120.png\",\"width\":1227,\"height\":120,\"caption\":\"Jornal Fatos e Not\u00edcias\"},\"image\":{\"@id\":\"https:\/\/jornalfatosenoticias.com.br\/#\/schema\/logo\/image\/\"}},{\"@type\":\"Person\",\"@id\":\"https:\/\/jornalfatosenoticias.com.br\/#\/schema\/person\/d63837fa13ac8666eb9e74e0985d6f81\",\"name\":\"Luzimara Fernandes\",\"image\":{\"@type\":\"ImageObject\",\"inLanguage\":\"pt-BR\",\"@id\":\"https:\/\/jornalfatosenoticias.com.br\/#\/schema\/person\/image\/\",\"url\":\"https:\/\/jornalfatosenoticias.com.br\/wp-content\/uploads\/2025\/05\/EU_portal.jpg\",\"contentUrl\":\"https:\/\/jornalfatosenoticias.com.br\/wp-content\/uploads\/2025\/05\/EU_portal.jpg\",\"caption\":\"Luzimara Fernandes\"},\"description\":\"Jornalista MTB 2358-ES\",\"sameAs\":[\"https:\/\/jornalfatosenoticias.com.br\"],\"url\":\"https:\/\/jornalfatosenoticias.com.br\/index.php\/author\/luzimara\/\"}]}<\/script>\n<!-- \/ Yoast SEO plugin. -->","yoast_head_json":{"title":"Flamengo renova com Jorge Jesus at\u00e9 junho de 21 por 4 milh\u00f5es de euros - Jornal Fatos e Not\u00edcias","robots":{"index":"index","follow":"follow","max-snippet":"max-snippet:-1","max-image-preview":"max-image-preview:large","max-video-preview":"max-video-preview:-1"},"canonical":"https:\/\/jornalfatosenoticias.com.br\/index.php\/2020\/06\/03\/flamengo-renova-com-jorge-jesus-ate-junho-de-21-por-4-milhoes-de-euros\/","og_locale":"pt_BR","og_type":"article","og_title":"Flamengo renova com Jorge Jesus at\u00e9 junho de 21 por 4 milh\u00f5es de euros - Jornal Fatos e Not\u00edcias","og_description":"T\u00e9cnico inclui cl\u00e1usula para ser liberado se houver proposta da Europa Jorge Jesus continua no Flamengo at\u00e9 junho de 2021. A novela da renova\u00e7\u00e3o do contrato do treinador com o clube terminou em final em feliz nesta ter\u00e7a-feira (2). O primeiro sinal veio do vice-presidente do futebol rubro-negro carioca, Marcos Braz, que publicou na conta [&hellip;]","og_url":"https:\/\/jornalfatosenoticias.com.br\/index.php\/2020\/06\/03\/flamengo-renova-com-jorge-jesus-ate-junho-de-21-por-4-milhoes-de-euros\/","og_site_name":"Jornal Fatos e Not\u00edcias","article_published_time":"2020-06-03T12:47:48+00:00","article_modified_time":"2020-06-03T12:47:53+00:00","og_image":[{"width":1000,"height":598,"url":"https:\/\/jornalfatosenoticias.com.br\/wp-content\/uploads\/2020\/06\/jorge_jesus_renovou_com_o_flamengo_ate_junho_de_2021.jpg","type":"image\/jpeg"}],"author":"Luzimara Fernandes","twitter_card":"summary_large_image","twitter_misc":{"Escrito por":"Luzimara Fernandes","Est. tempo de leitura":"1 minuto"},"schema":{"@context":"https:\/\/schema.org","@graph":[{"@type":"Article","@id":"https:\/\/jornalfatosenoticias.com.br\/index.php\/2020\/06\/03\/flamengo-renova-com-jorge-jesus-ate-junho-de-21-por-4-milhoes-de-euros\/#article","isPartOf":{"@id":"https:\/\/jornalfatosenoticias.com.br\/index.php\/2020\/06\/03\/flamengo-renova-com-jorge-jesus-ate-junho-de-21-por-4-milhoes-de-euros\/"},"author":{"name":"Luzimara Fernandes","@id":"https:\/\/jornalfatosenoticias.com.br\/#\/schema\/person\/d63837fa13ac8666eb9e74e0985d6f81"},"headline":"Flamengo renova com Jorge Jesus at\u00e9 junho de 21 por 4 milh\u00f5es de euros","datePublished":"2020-06-03T12:47:48+00:00","dateModified":"2020-06-03T12:47:53+00:00","mainEntityOfPage":{"@id":"https:\/\/jornalfatosenoticias.com.br\/index.php\/2020\/06\/03\/flamengo-renova-com-jorge-jesus-ate-junho-de-21-por-4-milhoes-de-euros\/"},"wordCount":261,"commentCount":0,"publisher":{"@id":"https:\/\/jornalfatosenoticias.com.br\/#organization"},"image":{"@id":"https:\/\/jornalfatosenoticias.com.br\/index.php\/2020\/06\/03\/flamengo-renova-com-jorge-jesus-ate-junho-de-21-por-4-milhoes-de-euros\/#primaryimage"},"thumbnailUrl":"https:\/\/jornalfatosenoticias.com.br\/wp-content\/uploads\/2020\/06\/jorge_jesus_renovou_com_o_flamengo_ate_junho_de_2021.jpg","keywords":["esportes","Flamengo","futebol","Jorge Jesus"],"articleSection":["Esportes"],"inLanguage":"pt-BR","potentialAction":[{"@type":"CommentAction","name":"Comment","target":["https:\/\/jornalfatosenoticias.com.br\/index.php\/2020\/06\/03\/flamengo-renova-com-jorge-jesus-ate-junho-de-21-por-4-milhoes-de-euros\/#respond"]}]},{"@type":"WebPage","@id":"https:\/\/jornalfatosenoticias.com.br\/index.php\/2020\/06\/03\/flamengo-renova-com-jorge-jesus-ate-junho-de-21-por-4-milhoes-de-euros\/","url":"https:\/\/jornalfatosenoticias.com.br\/index.php\/2020\/06\/03\/flamengo-renova-com-jorge-jesus-ate-junho-de-21-por-4-milhoes-de-euros\/","name":"Flamengo renova com Jorge Jesus at\u00e9 junho de 21 por 4 milh\u00f5es de euros - Jornal Fatos e Not\u00edcias","isPartOf":{"@id":"https:\/\/jornalfatosenoticias.com.br\/#website"},"primaryImageOfPage":{"@id":"https:\/\/jornalfatosenoticias.com.br\/index.php\/2020\/06\/03\/flamengo-renova-com-jorge-jesus-ate-junho-de-21-por-4-milhoes-de-euros\/#primaryimage"},"image":{"@id":"https:\/\/jornalfatosenoticias.com.br\/index.php\/2020\/06\/03\/flamengo-renova-com-jorge-jesus-ate-junho-de-21-por-4-milhoes-de-euros\/#primaryimage"},"thumbnailUrl":"https:\/\/jornalfatosenoticias.com.br\/wp-content\/uploads\/2020\/06\/jorge_jesus_renovou_com_o_flamengo_ate_junho_de_2021.jpg","datePublished":"2020-06-03T12:47:48+00:00","dateModified":"2020-06-03T12:47:53+00:00","breadcrumb":{"@id":"https:\/\/jornalfatosenoticias.com.br\/index.php\/2020\/06\/03\/flamengo-renova-com-jorge-jesus-ate-junho-de-21-por-4-milhoes-de-euros\/#breadcrumb"},"inLanguage":"pt-BR","potentialAction":[{"@type":"ReadAction","target":["https:\/\/jornalfatosenoticias.com.br\/index.php\/2020\/06\/03\/flamengo-renova-com-jorge-jesus-ate-junho-de-21-por-4-milhoes-de-euros\/"]}]},{"@type":"ImageObject","inLanguage":"pt-BR","@id":"https:\/\/jornalfatosenoticias.com.br\/index.php\/2020\/06\/03\/flamengo-renova-com-jorge-jesus-ate-junho-de-21-por-4-milhoes-de-euros\/#primaryimage","url":"https:\/\/jornalfatosenoticias.com.br\/wp-content\/uploads\/2020\/06\/jorge_jesus_renovou_com_o_flamengo_ate_junho_de_2021.jpg","contentUrl":"https:\/\/jornalfatosenoticias.com.br\/wp-content\/uploads\/2020\/06\/jorge_jesus_renovou_com_o_flamengo_ate_junho_de_2021.jpg","width":1000,"height":598},{"@type":"BreadcrumbList","@id":"https:\/\/jornalfatosenoticias.com.br\/index.php\/2020\/06\/03\/flamengo-renova-com-jorge-jesus-ate-junho-de-21-por-4-milhoes-de-euros\/#breadcrumb","itemListElement":[{"@type":"ListItem","position":1,"name":"In\u00edcio","item":"https:\/\/jornalfatosenoticias.com.br\/"},{"@type":"ListItem","position":2,"name":"Flamengo renova com Jorge Jesus at\u00e9 junho de 21 por 4 milh\u00f5es de euros"}]},{"@type":"WebSite","@id":"https:\/\/jornalfatosenoticias.com.br\/#website","url":"https:\/\/jornalfatosenoticias.com.br\/","name":"Jornal Fatos e Not\u00edcias","description":"Not\u00edcias em geral","publisher":{"@id":"https:\/\/jornalfatosenoticias.com.br\/#organization"},"potentialAction":[{"@type":"SearchAction","target":{"@type":"EntryPoint","urlTemplate":"https:\/\/jornalfatosenoticias.com.br\/?s={search_term_string}"},"query-input":{"@type":"PropertyValueSpecification","valueRequired":true,"valueName":"search_term_string"}}],"inLanguage":"pt-BR"},{"@type":"Organization","@id":"https:\/\/jornalfatosenoticias.com.br\/#organization","name":"Jornal Fatos e Not\u00edcias","url":"https:\/\/jornalfatosenoticias.com.br\/","logo":{"@type":"ImageObject","inLanguage":"pt-BR","@id":"https:\/\/jornalfatosenoticias.com.br\/#\/schema\/logo\/image\/","url":"https:\/\/jornalfatosenoticias.com.br\/wp-content\/uploads\/2020\/02\/logo120.png","contentUrl":"https:\/\/jornalfatosenoticias.com.br\/wp-content\/uploads\/2020\/02\/logo120.png","width":1227,"height":120,"caption":"Jornal Fatos e Not\u00edcias"},"image":{"@id":"https:\/\/jornalfatosenoticias.com.br\/#\/schema\/logo\/image\/"}},{"@type":"Person","@id":"https:\/\/jornalfatosenoticias.com.br\/#\/schema\/person\/d63837fa13ac8666eb9e74e0985d6f81","name":"Luzimara Fernandes","image":{"@type":"ImageObject","inLanguage":"pt-BR","@id":"https:\/\/jornalfatosenoticias.com.br\/#\/schema\/person\/image\/","url":"https:\/\/jornalfatosenoticias.com.br\/wp-content\/uploads\/2025\/05\/EU_portal.jpg","contentUrl":"https:\/\/jornalfatosenoticias.com.br\/wp-content\/uploads\/2025\/05\/EU_portal.jpg","caption":"Luzimara Fernandes"},"description":"Jornalista MTB 2358-ES","sameAs":["https:\/\/jornalfatosenoticias.com.br"],"url":"https:\/\/jornalfatosenoticias.com.br\/index.php\/author\/luzimara\/"}]}},"cc_featured_image_caption":{"caption_text":"T\u00e9cnico Jorge Jesus ","source_text":"","source_url":""},"jetpack_featured_media_url":"https:\/\/jornalfatosenoticias.com.br\/wp-content\/uploads\/2020\/06\/jorge_jesus_renovou_com_o_flamengo_ate_junho_de_2021.jpg","_links":{"self":[{"href":"https:\/\/jornalfatosenoticias.com.br\/index.php\/wp-json\/wp\/v2\/posts\/5210","targetHints":{"allow":["GET"]}}],"collection":[{"href":"https:\/\/jornalfatosenoticias.com.br\/index.php\/wp-json\/wp\/v2\/posts"}],"about":[{"href":"https:\/\/jornalfatosenoticias.com.br\/index.php\/wp-json\/wp\/v2\/types\/post"}],"author":[{"embeddable":true,"href":"https:\/\/jornalfatosenoticias.com.br\/index.php\/wp-json\/wp\/v2\/users\/2"}],"replies":[{"embeddable":true,"href":"https:\/\/jornalfatosenoticias.com.br\/index.php\/wp-json\/wp\/v2\/comments?post=5210"}],"version-history":[{"count":0,"href":"https:\/\/jornalfatosenoticias.com.br\/index.php\/wp-json\/wp\/v2\/posts\/5210\/revisions"}],"wp:featuredmedia":[{"embeddable":true,"href":"https:\/\/jornalfatosenoticias.com.br\/index.php\/wp-json\/wp\/v2\/media\/5212"}],"wp:attachment":[{"href":"https:\/\/jornalfatosenoticias.com.br\/index.php\/wp-json\/wp\/v2\/media?parent=5210"}],"wp:term":[{"taxonomy":"category","embeddable":true,"href":"https:\/\/jornalfatosenoticias.com.br\/index.php\/wp-json\/wp\/v2\/categories?post=5210"},{"taxonomy":"post_tag","embeddable":true,"href":"https:\/\/jornalfatosenoticias.com.br\/index.php\/wp-json\/wp\/v2\/tags?post=5210"}],"curies":[{"name":"wp","href":"https:\/\/api.w.org\/{rel}","templated":true}]}}