{"id":52100,"date":"2024-06-19T11:13:49","date_gmt":"2024-06-19T14:13:49","guid":{"rendered":"https:\/\/jornalfatosenoticias.com.br\/?p=52100"},"modified":"2024-06-19T14:02:05","modified_gmt":"2024-06-19T17:02:05","slug":"oposicao-articula-derrubada-do-decreto-que-criou-ministerio-da-verdade-de-lula","status":"publish","type":"post","link":"https:\/\/jornalfatosenoticias.com.br\/index.php\/2024\/06\/19\/oposicao-articula-derrubada-do-decreto-que-criou-ministerio-da-verdade-de-lula\/","title":{"rendered":"Oposi\u00e7\u00e3o articula derrubada do decreto que criou \u201cMinist\u00e9rio da Verdade\u201d de Lula"},"content":{"rendered":"\n<p><em><span class=\"has-inline-color has-black-color\">Deputados querem acabar com \u201cMinist\u00e9rio da Verdade\u201d de Lula. \u00d3rg\u00e3o \u00e9 vinculado \u00e0 AGU<\/span><\/em><\/p>\n\n\n\n<p><span class=\"has-inline-color has-black-color\">Por <strong><a href=\"https:\/\/www.gazetadopovo.com.br\/autor\/aline-rechmann\/\">Aline Rechmann<\/a><\/strong><\/span><\/p>\n\n\n\n<div class=\"wp-block-image\"><figure class=\"aligncenter size-large\"><a href=\"https:\/\/mizu.com.br\/\"><img loading=\"lazy\" decoding=\"async\" width=\"729\" height=\"90\" src=\"https:\/\/jornalfatosenoticias.com.br\/wp-content\/uploads\/2020\/02\/Logo_Mizu.png\" alt=\"\" class=\"wp-image-1441\" srcset=\"https:\/\/jornalfatosenoticias.com.br\/wp-content\/uploads\/2020\/02\/Logo_Mizu.png 729w, https:\/\/jornalfatosenoticias.com.br\/wp-content\/uploads\/2020\/02\/Logo_Mizu-300x37.png 300w\" sizes=\"auto, (max-width: 729px) 100vw, 729px\" \/><\/a><\/figure><\/div>\n\n\n\n<p>A oposi\u00e7\u00e3o est\u00e1 se articulando para avan\u00e7ar com um projeto que pretende acabar com a Procuradoria Nacional da Uni\u00e3o de Defesa da Democracia (PNDD), chamada por seus cr\u00edticos de &#8220;Minist\u00e9rio da Verdade&#8221; do governo de Luiz In\u00e1cio Lula da Silva (PT). A proposta entrou na pauta da Comiss\u00e3o de Constitui\u00e7\u00e3o e Justi\u00e7a (CCJ) da C\u00e2mara dos Deputados na semana passada, ap\u00f3s ficar parada por quase um ano e meio, e recebeu a relatoria do deputado Paulo Bilynskyj (PL-SP).<br>O projeto de decreto legislativo (PDL) 4\/2023, de autoria do deputado Mendon\u00e7a Filho (Uni\u00e3o -PE) e do ex-deputado Deltan Dallagnol (Podemos\/PR), prop\u00f5e sustar o decreto presidencial que criou o \u00f3rg\u00e3o, atualmente chefiado por Karina Nath\u00e9rcia Lopes e que est\u00e1 sob o guarda-chuva da Advocacia-Geral da Uni\u00e3o (AGU).<\/p>\n\n\n\n<div class=\"wp-block-image\"><figure class=\"aligncenter size-large is-resized\"><a href=\"https:\/\/www.controlsystems.com.br\/\"><img loading=\"lazy\" decoding=\"async\" src=\"https:\/\/jornalfatosenoticias.com.br\/wp-content\/uploads\/2020\/02\/CONTROL-CS.jpg\" alt=\"\" class=\"wp-image-44991\" width=\"305\" height=\"366\" srcset=\"https:\/\/jornalfatosenoticias.com.br\/wp-content\/uploads\/2020\/02\/CONTROL-CS.jpg 834w, https:\/\/jornalfatosenoticias.com.br\/wp-content\/uploads\/2020\/02\/CONTROL-CS-250x300.jpg 250w, https:\/\/jornalfatosenoticias.com.br\/wp-content\/uploads\/2020\/02\/CONTROL-CS-768x921.jpg 768w\" sizes=\"auto, (max-width: 305px) 100vw, 305px\" \/><\/a><\/figure><\/div>\n\n\n\n<p>A justificativa do governo para a cria\u00e7\u00e3o da procuradoria era \u201crepresentar a Uni\u00e3o, judicial e extrajudicialmente, em demandas e procedimentos para resposta e enfrentamento \u00e0 desinforma\u00e7\u00e3o sobre pol\u00edticas p\u00fablicas\u201d. Um dos casos mais recentes de atua\u00e7\u00e3o da Procuradoria foi o pedido extrajudicial para que as redes sociais TikTok, X (antigo Twitter) e Kwai removessem postagens com suposta \u201cdesinforma\u00e7\u00e3o\u201d sobre a entrega de cestas b\u00e1sicas em meio \u00e0 trag\u00e9dia das cheias no Rio Grande do Sul.<\/p>\n\n\n\n<div class=\"wp-block-image\"><figure class=\"aligncenter size-large is-resized\"><a href=\"https:\/\/panper.com.br\/\"><img loading=\"lazy\" decoding=\"async\" src=\"https:\/\/jornalfatosenoticias.com.br\/wp-content\/uploads\/2023\/03\/logo-Panper_portal.jpg\" alt=\"\" class=\"wp-image-40208\" width=\"322\" height=\"223\" srcset=\"https:\/\/jornalfatosenoticias.com.br\/wp-content\/uploads\/2023\/03\/logo-Panper_portal.jpg 400w, https:\/\/jornalfatosenoticias.com.br\/wp-content\/uploads\/2023\/03\/logo-Panper_portal-300x208.jpg 300w\" sizes=\"auto, (max-width: 322px) 100vw, 322px\" \/><\/a><\/figure><\/div>\n\n\n\n<p>O \u00f3rg\u00e3o tamb\u00e9m j\u00e1 moveu processos em casos como o que envolvia a associa\u00e7\u00e3o do ex-ministro da Justi\u00e7a e Seguran\u00e7a P\u00fablica, Fl\u00e1vio Dino, ao crime organizado e sobre o transplante de \u00f3rg\u00e3os feito pelo apresentador Faust\u00e3o. Desde a publica\u00e7\u00e3o do decreto, deputados de oposi\u00e7\u00e3o t\u00eam apresentado propostas para sustar a cria\u00e7\u00e3o do \u00f3rg\u00e3o. Para eles, a procuradoria&nbsp;pode servir de fundamento para a &#8220;instrumentaliza\u00e7\u00e3o da censura&#8221; daqueles que fazem oposi\u00e7\u00e3o ao governo.<\/p>\n\n\n\n<div class=\"wp-block-image\"><figure class=\"aligncenter size-large is-resized\"><img loading=\"lazy\" decoding=\"async\" src=\"https:\/\/jornalfatosenoticias.com.br\/wp-content\/uploads\/2022\/02\/Precisao-Contabilidade-1024x724.jpg\" alt=\"\" class=\"wp-image-28088\" width=\"338\" height=\"239\"\/><\/figure><\/div>\n\n\n\n<blockquote class=\"wp-block-quote is-layout-flow wp-block-quote-is-layout-flow\"><p><span class=\"has-inline-color has-luminous-vivid-orange-color\">O presidente da Rep\u00fablica ultrapassou seus poderes regulamentares ao legislar sobre fake news, pois a Constitui\u00e7\u00e3o garante a livre express\u00e3o e pro\u00edbe a censura pol\u00edtica, ideol\u00f3gica e art\u00edstica. Al\u00e9m disso, a no\u00e7\u00e3o de desinforma\u00e7\u00e3o \u00e9 ideologicamente male\u00e1vel e deve ser discutida mais amplamente, n\u00e3o restrita \u00e0s diretrizes do Poder Executivo\u201d, diz a justificativa do PDL 4\/2023.<\/span><\/p><\/blockquote>\n\n\n\n<div class=\"wp-block-image\"><figure class=\"aligncenter size-large is-resized\"><a href=\"https:\/\/www.instagram.com\/restaurantepegoretti\/\"><img loading=\"lazy\" decoding=\"async\" src=\"https:\/\/jornalfatosenoticias.com.br\/wp-content\/uploads\/2023\/12\/pegoretti-logo-pdf-1024x389.jpg\" alt=\"\" class=\"wp-image-47536\" width=\"496\" height=\"188\" srcset=\"https:\/\/jornalfatosenoticias.com.br\/wp-content\/uploads\/2023\/12\/pegoretti-logo-pdf-1024x389.jpg 1024w, https:\/\/jornalfatosenoticias.com.br\/wp-content\/uploads\/2023\/12\/pegoretti-logo-pdf-300x114.jpg 300w, https:\/\/jornalfatosenoticias.com.br\/wp-content\/uploads\/2023\/12\/pegoretti-logo-pdf-768x291.jpg 768w, https:\/\/jornalfatosenoticias.com.br\/wp-content\/uploads\/2023\/12\/pegoretti-logo-pdf.jpg 1120w\" sizes=\"auto, (max-width: 496px) 100vw, 496px\" \/><\/a><\/figure><\/div>\n\n\n\n<p>A proposta come\u00e7ou a andar s\u00f3 depois da mudan\u00e7a da presid\u00eancia da CCJ para as m\u00e3os do Partido Liberal (PL). Durante o ano passado, quando o colegiado era comandado pelo pelo deputado Rui Falc\u00e3o (PT-SP), a mat\u00e9ria sequer teve um relator designado para emitir parecer sobre o tema.<\/p>\n\n\n\n<div class=\"wp-block-image\"><figure class=\"aligncenter size-large\"><a href=\"https:\/\/cesconetto.com.br\/\"><img loading=\"lazy\" decoding=\"async\" width=\"300\" height=\"250\" src=\"https:\/\/jornalfatosenoticias.com.br\/wp-content\/uploads\/2020\/02\/Banner-2.png\" alt=\"\" class=\"wp-image-43787\"\/><\/a><\/figure><\/div>\n\n\n\n<p>O projeto precisa passar pela an\u00e1lise da CCJ e do plen\u00e1rio da C\u00e2mara dos Deputados para depois seguir para o Senado, e como a suspens\u00e3o \u00e9 solicitada por meio de projeto de decreto legislativo (PDL), n\u00e3o precisa de san\u00e7\u00e3o do presidente. Ou seja, basta que a C\u00e2mara e o Senado aprovem a proposta para que ela seja promulgada e passe a valer. H\u00e1 ainda outros seis projetos de teor semelhante tramitando junto com o PDL 4\/2023.<\/p>\n\n\n\n<div class=\"wp-block-image\"><figure class=\"aligncenter size-large is-resized\"><a href=\"https:\/\/www.instagram.com\/rapuzeljastro\/\"><img loading=\"lazy\" decoding=\"async\" src=\"https:\/\/jornalfatosenoticias.com.br\/wp-content\/uploads\/2020\/02\/logo-Rapuzel-1024x571.jpg\" alt=\"\" class=\"wp-image-42808\" width=\"363\" height=\"202\" srcset=\"https:\/\/jornalfatosenoticias.com.br\/wp-content\/uploads\/2020\/02\/logo-Rapuzel-1024x571.jpg 1024w, https:\/\/jornalfatosenoticias.com.br\/wp-content\/uploads\/2020\/02\/logo-Rapuzel-300x167.jpg 300w, https:\/\/jornalfatosenoticias.com.br\/wp-content\/uploads\/2020\/02\/logo-Rapuzel-768x428.jpg 768w, https:\/\/jornalfatosenoticias.com.br\/wp-content\/uploads\/2020\/02\/logo-Rapuzel-1536x856.jpg 1536w, https:\/\/jornalfatosenoticias.com.br\/wp-content\/uploads\/2020\/02\/logo-Rapuzel.jpg 1600w\" sizes=\"auto, (max-width: 363px) 100vw, 363px\" \/><\/a><\/figure><\/div>\n\n\n\n<p><strong><span class=\"has-inline-color has-black-color\">Oposi\u00e7\u00e3o diz que procuradoria amea\u00e7a liberdade de express\u00e3o<br><\/span><\/strong>No final de mar\u00e7o, quando a Procuradoria Nacional da Uni\u00e3o de Defesa da Democracia teve uma troca no comando, o advogado-geral da Uni\u00e3o, Jorge Messias, defendeu a atua\u00e7\u00e3o do \u00f3rg\u00e3o.&nbsp;<\/p>\n\n\n\n<blockquote class=\"wp-block-quote is-layout-flow wp-block-quote-is-layout-flow\"><p><span class=\"has-inline-color has-luminous-vivid-orange-color\">Em pouco tempo de exist\u00eancia a PNDD j\u00e1 provou, por meio de uma atua\u00e7\u00e3o muito criteriosa, mas tamb\u00e9m muito firme, sua import\u00e2ncia para preservar as pol\u00edticas p\u00fablicas prejudicadas pela desinforma\u00e7\u00e3o, bem como para coibir os que tentam minar a legitimidade das institui\u00e7\u00f5es democr\u00e1ticas. Tenho certeza de que seguiremos dando uma contribui\u00e7\u00e3o fundamental para a consolida\u00e7\u00e3o de um sistema nacional de defesa da democracia\u201d, afirma.<\/span><\/p><\/blockquote>\n\n\n\n<div class=\"wp-block-image\"><figure class=\"aligncenter size-large\"><a href=\"http:\/\/www.ferrarimaquinas.com.br\/\"><img loading=\"lazy\" decoding=\"async\" width=\"300\" height=\"250\" src=\"https:\/\/jornalfatosenoticias.com.br\/wp-content\/uploads\/2022\/02\/FERRARI_MAQUINAS-E-FERRAMENTAS2.jpg\" alt=\"\" class=\"wp-image-27860\"\/><\/a><\/figure><\/div>\n\n\n\n<p>Contudo, os deputados da oposi\u00e7\u00e3o veem a procuradoria como inconstitucional, argumentando que sua atua\u00e7\u00e3o fere a liberdade de express\u00e3o, al\u00e9m de usurpar a compet\u00eancia do legislativo de criar ou extinguir \u00f3rg\u00e3os no \u00e2mbito da administra\u00e7\u00e3o p\u00fablica.&nbsp;O argumento \u00e9 refor\u00e7ado pelo advogado constitucionalista Andr\u00e9 Marsiglia, que afirma que a cria\u00e7\u00e3o do \u00f3rg\u00e3o por meio de decreto presidencial \u00e9 inconstitucional.<\/p>\n\n\n\n<div class=\"wp-block-image\"><figure class=\"aligncenter size-large is-resized\"><a href=\"https:\/\/www.facebook.com\/Esteio-Churrascaria-Barbecue-103643461220402\/\"><img loading=\"lazy\" decoding=\"async\" src=\"https:\/\/jornalfatosenoticias.com.br\/wp-content\/uploads\/2020\/02\/logo_esteio.jpg\" alt=\"\" class=\"wp-image-1214\" width=\"342\" height=\"285\"\/><\/a><\/figure><\/div>\n\n\n\n<blockquote class=\"wp-block-quote is-layout-flow wp-block-quote-is-layout-flow\"><p><span class=\"has-inline-color has-luminous-vivid-orange-color\">A fiscaliza\u00e7\u00e3o de discursos il\u00edcitos n\u00e3o cabe ao Executivo, portanto, a cria\u00e7\u00e3o de um \u00f3rg\u00e3o com tal prerrogativa precisa ser feita pelo legislativo, com debate p\u00fabico. O PDL \u00e9 a medida adequada para assegurar que as fun\u00e7\u00f5es do legislativo n\u00e3o sejam violadas\u201d, pontuou Marsiglia. &nbsp;<\/span><\/p><\/blockquote>\n\n\n\n<div class=\"wp-block-image\"><figure class=\"aligncenter size-large is-resized\"><a href=\"https:\/\/hotelmarquetti.com.br\/\"><img loading=\"lazy\" decoding=\"async\" src=\"https:\/\/jornalfatosenoticias.com.br\/wp-content\/uploads\/2023\/03\/nova-logo-Marquetti.jpg\" alt=\"\" class=\"wp-image-40207\" width=\"328\" height=\"220\" srcset=\"https:\/\/jornalfatosenoticias.com.br\/wp-content\/uploads\/2023\/03\/nova-logo-Marquetti.jpg 643w, https:\/\/jornalfatosenoticias.com.br\/wp-content\/uploads\/2023\/03\/nova-logo-Marquetti-300x202.jpg 300w\" sizes=\"auto, (max-width: 328px) 100vw, 328px\" \/><\/a><\/figure><\/div>\n\n\n\n<p><strong><span class=\"has-inline-color has-black-color\">Discursos cr\u00edticos, questionamentos e funcionamento do governo s\u00e3o alvo do \u201cMinist\u00e9rio da Verdade\u201d de Lula&nbsp;<br><\/span><\/strong>O \u201cMinist\u00e9rio da Verdade\u201d de Lula tem sido acionado nos casos em que o governo \u00e9 questionado em sua atua\u00e7\u00e3o. Al\u00e9m disso, discursos contra o governo tamb\u00e9m est\u00e3o no radar do \u00f3rg\u00e3o.<\/p>\n\n\n\n<blockquote class=\"wp-block-quote is-layout-flow wp-block-quote-is-layout-flow\"><p><span class=\"has-inline-color has-luminous-vivid-orange-color\">Na pr\u00e1tica, a procuradoria tem fiscalizado discursos cr\u00edticos ao governo. Sendo a AGU, onde est\u00e1 a procuradoria, um \u00f3rg\u00e3o de defesa do Estado, seu uso em prol de governos \u00e9 um desvio de finalidade pass\u00edvel de imputar responsabiliza\u00e7\u00e3o ao governo\u201d, disse o advogado constitucionalista, Andr\u00e9 Marsiglia.&nbsp;<\/span><\/p><\/blockquote>\n\n\n\n<div class=\"wp-block-image\"><figure class=\"aligncenter size-large is-resized\"><a href=\"https:\/\/www.facebook.com\/postobkr\/?locale=pt_BR\"><img loading=\"lazy\" decoding=\"async\" src=\"https:\/\/jornalfatosenoticias.com.br\/wp-content\/uploads\/2023\/08\/BKR-1024x1021.jpg\" alt=\"\" class=\"wp-image-44494\" width=\"286\" height=\"285\" srcset=\"https:\/\/jornalfatosenoticias.com.br\/wp-content\/uploads\/2023\/08\/BKR-1024x1021.jpg 1024w, https:\/\/jornalfatosenoticias.com.br\/wp-content\/uploads\/2023\/08\/BKR-300x300.jpg 300w, https:\/\/jornalfatosenoticias.com.br\/wp-content\/uploads\/2023\/08\/BKR-150x150.jpg 150w, https:\/\/jornalfatosenoticias.com.br\/wp-content\/uploads\/2023\/08\/BKR-768x766.jpg 768w, https:\/\/jornalfatosenoticias.com.br\/wp-content\/uploads\/2023\/08\/BKR.jpg 1080w\" sizes=\"auto, (max-width: 286px) 100vw, 286px\" \/><\/a><\/figure><\/div>\n\n\n\n<p>Um exemplo da atua\u00e7\u00e3o do \u00f3rg\u00e3o foi verificado quando o apresentador Faust\u00e3o passou por um transplante de rim. Na oportunidade, internautas questionaram a rapidez com que o procedimento foi realizado, mas condi\u00e7\u00f5es de sa\u00fade do apresentador justificavam o transplante e foram explicadas ao p\u00fablico. No entanto, a&nbsp;AGU determinou que procuradoria identificasse e punisse quem supostamente tivesse disseminado informa\u00e7\u00f5es mentirosas sobre o caso. &nbsp;<\/p>\n\n\n\n<div class=\"wp-block-image\"><figure class=\"aligncenter size-large\"><a href=\"https:\/\/www.instagram.com\/baraodascarnes.es\/\"><img decoding=\"async\" src=\"https:\/\/jornalfatosenoticias.com.br\/wp-content\/uploads\/2020\/02\/barao-das-carnes-300x164-1.jpg\" alt=\"\" class=\"wp-image-34339\"\/><\/a><\/figure><\/div>\n\n\n\n<p>De acordo com a AGU, a a\u00e7\u00e3o teve o objetivo de proteger a imagem do programa p\u00fablico de transplantes de \u00f3rg\u00e3os, tecidos e c\u00e9lulas, que \u00e9 considerado o maior do mundo, segundo o Minist\u00e9rio da Sa\u00fade, mas passou a ser alvo de questionamentos e descr\u00e9dito com a repercuss\u00e3o do caso do apresentador.<\/p>\n\n\n\n<div class=\"wp-block-image\"><figure class=\"aligncenter size-large is-resized\"><a href=\"https:\/\/www.ithbrasil.com.br\/\"><img loading=\"lazy\" decoding=\"async\" src=\"https:\/\/jornalfatosenoticias.com.br\/wp-content\/uploads\/2023\/08\/ITH.jpeg\" alt=\"\" class=\"wp-image-44638\" width=\"291\" height=\"236\" srcset=\"https:\/\/jornalfatosenoticias.com.br\/wp-content\/uploads\/2023\/08\/ITH.jpeg 800w, https:\/\/jornalfatosenoticias.com.br\/wp-content\/uploads\/2023\/08\/ITH-300x244.jpeg 300w, https:\/\/jornalfatosenoticias.com.br\/wp-content\/uploads\/2023\/08\/ITH-768x624.jpeg 768w\" sizes=\"auto, (max-width: 291px) 100vw, 291px\" \/><\/a><\/figure><\/div>\n\n\n\n<p>Diante da trag\u00e9dia causada pelas chuvas no Rio Grande do Sul e o esfor\u00e7o do governo para &#8220;combater a desinforma\u00e7\u00e3o&#8221; sobre a\u00e7\u00f5es dos \u00f3rg\u00e3os p\u00fablicos, a Procuradoria Nacional da Uni\u00e3o de Defesa da Democracia (PNDD), foi definida como unidade central para \u201catuar preventivamente, evitando que ocorram preju\u00edzos no enfrentamento da calamidade em decorr\u00eancia de casos de desinforma\u00e7\u00e3o\u201d.&nbsp;<\/p>\n\n\n\n<div class=\"wp-block-image\"><figure class=\"aligncenter size-large\"><a href=\"http:\/\/www.ferrarimaquinas.com.br\/\"><img loading=\"lazy\" decoding=\"async\" width=\"300\" height=\"250\" src=\"https:\/\/jornalfatosenoticias.com.br\/wp-content\/uploads\/2022\/02\/FERRARI_MAQUINAS-E-FERRAMENTAS2.jpg\" alt=\"\" class=\"wp-image-27860\"\/><\/a><\/figure><\/div>\n\n\n\n<p>Foi neste contexto que a AGU, por meio da procuradoria, solicitou extrajudicialmente a remo\u00e7\u00e3o de postagens com suposta \u201cdesinforma\u00e7\u00e3o\u201d sobre a entrega de cestas b\u00e1sicas no estado. Mat\u00e9ria da Gazeta do Povo mostrou que juristas avaliaram a medida como &#8220;ilegal&#8221;, afirmando que as notifica\u00e7\u00f5es extrajudiciais constituem, em ess\u00eancia, amea\u00e7a de processo para pedir o cumprimento volunt\u00e1rio de uma obriga\u00e7\u00e3o.<\/p>\n\n\n\n<div class=\"wp-block-image\"><figure class=\"aligncenter size-large is-resized\"><a href=\"https:\/\/www.facebook.com\/vetor.vix\/\"><img loading=\"lazy\" decoding=\"async\" src=\"https:\/\/jornalfatosenoticias.com.br\/wp-content\/uploads\/2023\/09\/vetorvix1024_1.jpg\" alt=\"\" class=\"wp-image-44868\" width=\"550\" height=\"146\" srcset=\"https:\/\/jornalfatosenoticias.com.br\/wp-content\/uploads\/2023\/09\/vetorvix1024_1.jpg 1024w, https:\/\/jornalfatosenoticias.com.br\/wp-content\/uploads\/2023\/09\/vetorvix1024_1-300x80.jpg 300w, https:\/\/jornalfatosenoticias.com.br\/wp-content\/uploads\/2023\/09\/vetorvix1024_1-768x205.jpg 768w\" sizes=\"auto, (max-width: 550px) 100vw, 550px\" \/><\/a><\/figure><\/div>\n\n\n\n<p><span class=\"has-inline-color has-black-color\"><strong>Como \u00e9 a atua\u00e7\u00e3o do &#8220;Minist\u00e9rio da Verdade&#8221; do governo Lula<br><\/strong><\/span>Em seu site oficial, a AGU informa que a Procuradoria de Defesa da Democracia pode ser solicitada a atuar mediante requerimento que dever\u00e1 indicar o interesse da Uni\u00e3o no caso e a comprova\u00e7\u00e3o de dano efetivo ou de potencialidade de dano.<\/p>\n\n\n\n<div class=\"wp-block-image\"><figure class=\"aligncenter size-large is-resized\"><a href=\"https:\/\/www.controlsystems.com.br\/\"><img loading=\"lazy\" decoding=\"async\" src=\"https:\/\/jornalfatosenoticias.com.br\/wp-content\/uploads\/2020\/02\/CONTROL-CS.jpg\" alt=\"\" class=\"wp-image-44991\" width=\"288\" height=\"346\" srcset=\"https:\/\/jornalfatosenoticias.com.br\/wp-content\/uploads\/2020\/02\/CONTROL-CS.jpg 834w, https:\/\/jornalfatosenoticias.com.br\/wp-content\/uploads\/2020\/02\/CONTROL-CS-250x300.jpg 250w, https:\/\/jornalfatosenoticias.com.br\/wp-content\/uploads\/2020\/02\/CONTROL-CS-768x921.jpg 768w\" sizes=\"auto, (max-width: 288px) 100vw, 288px\" \/><\/a><\/figure><\/div>\n\n\n\n<p>A partir do requerimento \u00e9 feita uma an\u00e1lise para verificar o cumprimento dos requisitos previstos no regulamento criado pelo governo com a colabora\u00e7\u00e3o de um grupo de trabalho formado por cerca de 80 representantes da sociedade civil, de institui\u00e7\u00f5es, da comunidade cient\u00edfica e acad\u00eamica.<\/p>\n\n\n\n<div class=\"wp-block-image\"><figure class=\"aligncenter size-large is-resized\"><a href=\"https:\/\/panper.com.br\/\"><img loading=\"lazy\" decoding=\"async\" src=\"https:\/\/jornalfatosenoticias.com.br\/wp-content\/uploads\/2023\/03\/logo-Panper_portal.jpg\" alt=\"\" class=\"wp-image-40208\" width=\"336\" height=\"233\" srcset=\"https:\/\/jornalfatosenoticias.com.br\/wp-content\/uploads\/2023\/03\/logo-Panper_portal.jpg 400w, https:\/\/jornalfatosenoticias.com.br\/wp-content\/uploads\/2023\/03\/logo-Panper_portal-300x208.jpg 300w\" sizes=\"auto, (max-width: 336px) 100vw, 336px\" \/><\/a><\/figure><\/div>\n\n\n\n<p>Nos casos envolvendo desinforma\u00e7\u00e3o, a an\u00e1lise busca verificar se &#8220;o conte\u00fado envolve pol\u00edtica p\u00fablica ou agente p\u00fablico, bem como o impacto negativo causado pela dissemina\u00e7\u00e3o intencional da informa\u00e7\u00e3o falsa&#8221;. Em resposta \u00e0 Gazeta do Povo, o \u00f3rg\u00e3o informou que j\u00e1 recebeu 383 pedidos de representa\u00e7\u00e3o judicial de agentes p\u00fablicos, dos quais 313 foram deferidos e resultaram em alguma atua\u00e7\u00e3o. <\/p>\n\n\n\n<div class=\"wp-block-image\"><figure class=\"aligncenter size-large\"><a href=\"https:\/\/www.instagram.com\/baraodascarnes.es\/\"><img decoding=\"async\" src=\"https:\/\/jornalfatosenoticias.com.br\/wp-content\/uploads\/2020\/02\/barao-das-carnes-300x164-1.jpg\" alt=\"\" class=\"wp-image-34339\"\/><\/a><\/figure><\/div>\n\n\n\n<p>O tipo de atua\u00e7\u00e3o, no entanto, n\u00e3o foi esclarecido pelo \u00f3rg\u00e3o at\u00e9 o fechamento desta mat\u00e9ria. Al\u00e9m disso, 93 requerimentos de atua\u00e7\u00e3o foram formulados com base em supostas desinforma\u00e7\u00f5es. Destes \u00faltimos, 53 requerimentos foram indeferidos, 28 foram deferidos e nove ainda est\u00e3o sob an\u00e1lise.<\/p>\n\n\n\n<p><em><strong>Fonte: <a href=\"https:\/\/www.gazetadopovo.com.br\/republica\/oposicao-articula-derrubada-do-decreto-que-criou-ministerio-da-verdade-de-lula\/?ref=foi-manchete\">Gazeta do Povo<\/a><\/strong><\/em><\/p>\n","protected":false},"excerpt":{"rendered":"<p>Deputados querem acabar com \u201cMinist\u00e9rio da Verdade\u201d de Lula. \u00d3rg\u00e3o \u00e9 vinculado \u00e0 AGU Por Aline Rechmann A oposi\u00e7\u00e3o est\u00e1 se articulando para avan\u00e7ar com um projeto que pretende acabar com a Procuradoria Nacional da Uni\u00e3o de Defesa da Democracia (PNDD), chamada por seus cr\u00edticos de &#8220;Minist\u00e9rio da Verdade&#8221; do governo de Luiz In\u00e1cio Lula [&hellip;]<\/p>\n","protected":false},"author":2,"featured_media":52101,"comment_status":"open","ping_status":"open","sticky":false,"template":"","format":"standard","meta":{"footnotes":""},"categories":[10],"tags":[8175,982,2879,23466,19511,23844,732,23469,16935,7580,23845],"class_list":["post-52100","post","type-post","status-publish","format-standard","has-post-thumbnail","hentry","category-politica","tag-agu","tag-camara-dos-deputados","tag-ccj","tag-comissao-de-constituicao","tag-deltan-dallagnol","tag-desinformacao","tag-fake-news","tag-justica-e-cidadania","tag-liberdade-de-expressao","tag-lula","tag-ministerio-da-verdade"],"yoast_head":"<!-- This site is optimized with the Yoast SEO plugin v26.5 - https:\/\/yoast.com\/wordpress\/plugins\/seo\/ -->\n<title>Oposi\u00e7\u00e3o articula derrubada do decreto que criou \u201cMinist\u00e9rio da Verdade\u201d de Lula - Jornal Fatos e Not\u00edcias<\/title>\n<meta name=\"robots\" content=\"index, follow, max-snippet:-1, max-image-preview:large, max-video-preview:-1\" \/>\n<link rel=\"canonical\" href=\"https:\/\/jornalfatosenoticias.com.br\/index.php\/2024\/06\/19\/oposicao-articula-derrubada-do-decreto-que-criou-ministerio-da-verdade-de-lula\/\" \/>\n<meta property=\"og:locale\" content=\"pt_BR\" \/>\n<meta property=\"og:type\" content=\"article\" \/>\n<meta property=\"og:title\" content=\"Oposi\u00e7\u00e3o articula derrubada do decreto que criou \u201cMinist\u00e9rio da Verdade\u201d de Lula - Jornal Fatos e Not\u00edcias\" \/>\n<meta property=\"og:description\" content=\"Deputados querem acabar com \u201cMinist\u00e9rio da Verdade\u201d de Lula. \u00d3rg\u00e3o \u00e9 vinculado \u00e0 AGU Por Aline Rechmann A oposi\u00e7\u00e3o est\u00e1 se articulando para avan\u00e7ar com um projeto que pretende acabar com a Procuradoria Nacional da Uni\u00e3o de Defesa da Democracia (PNDD), chamada por seus cr\u00edticos de &#8220;Minist\u00e9rio da Verdade&#8221; do governo de Luiz In\u00e1cio Lula [&hellip;]\" \/>\n<meta property=\"og:url\" content=\"https:\/\/jornalfatosenoticias.com.br\/index.php\/2024\/06\/19\/oposicao-articula-derrubada-do-decreto-que-criou-ministerio-da-verdade-de-lula\/\" \/>\n<meta property=\"og:site_name\" content=\"Jornal Fatos e Not\u00edcias\" \/>\n<meta property=\"article:published_time\" content=\"2024-06-19T14:13:49+00:00\" \/>\n<meta property=\"article:modified_time\" content=\"2024-06-19T17:02:05+00:00\" \/>\n<meta property=\"og:image\" content=\"https:\/\/jornalfatosenoticias.com.br\/wp-content\/uploads\/2024\/06\/AGU.jpg\" \/>\n\t<meta property=\"og:image:width\" content=\"1000\" \/>\n\t<meta property=\"og:image:height\" content=\"561\" \/>\n\t<meta property=\"og:image:type\" content=\"image\/jpeg\" \/>\n<meta name=\"author\" content=\"Luzimara Fernandes\" \/>\n<meta name=\"twitter:card\" content=\"summary_large_image\" \/>\n<meta name=\"twitter:label1\" content=\"Escrito por\" \/>\n\t<meta name=\"twitter:data1\" content=\"Luzimara Fernandes\" \/>\n\t<meta name=\"twitter:label2\" content=\"Est. tempo de leitura\" \/>\n\t<meta name=\"twitter:data2\" content=\"7 minutos\" \/>\n<script type=\"application\/ld+json\" class=\"yoast-schema-graph\">{\"@context\":\"https:\/\/schema.org\",\"@graph\":[{\"@type\":\"Article\",\"@id\":\"https:\/\/jornalfatosenoticias.com.br\/index.php\/2024\/06\/19\/oposicao-articula-derrubada-do-decreto-que-criou-ministerio-da-verdade-de-lula\/#article\",\"isPartOf\":{\"@id\":\"https:\/\/jornalfatosenoticias.com.br\/index.php\/2024\/06\/19\/oposicao-articula-derrubada-do-decreto-que-criou-ministerio-da-verdade-de-lula\/\"},\"author\":{\"name\":\"Luzimara Fernandes\",\"@id\":\"https:\/\/jornalfatosenoticias.com.br\/#\/schema\/person\/d63837fa13ac8666eb9e74e0985d6f81\"},\"headline\":\"Oposi\u00e7\u00e3o articula derrubada do decreto que criou \u201cMinist\u00e9rio da Verdade\u201d de Lula\",\"datePublished\":\"2024-06-19T14:13:49+00:00\",\"dateModified\":\"2024-06-19T17:02:05+00:00\",\"mainEntityOfPage\":{\"@id\":\"https:\/\/jornalfatosenoticias.com.br\/index.php\/2024\/06\/19\/oposicao-articula-derrubada-do-decreto-que-criou-ministerio-da-verdade-de-lula\/\"},\"wordCount\":1386,\"commentCount\":0,\"publisher\":{\"@id\":\"https:\/\/jornalfatosenoticias.com.br\/#organization\"},\"image\":{\"@id\":\"https:\/\/jornalfatosenoticias.com.br\/index.php\/2024\/06\/19\/oposicao-articula-derrubada-do-decreto-que-criou-ministerio-da-verdade-de-lula\/#primaryimage\"},\"thumbnailUrl\":\"https:\/\/jornalfatosenoticias.com.br\/wp-content\/uploads\/2024\/06\/AGU.jpg\",\"keywords\":[\"AGU\",\"C\u00e2mara dos Deputados\",\"CCJ\",\"Comiss\u00e3o de Constitui\u00e7\u00e3o\",\"Deltan Dallagnol\",\"desinforma\u00e7\u00e3o\",\"fake news\",\"Justi\u00e7a e Cidadania\",\"liberdade de express\u00e3o\",\"Lula\",\"Minist\u00e9rio da Verdade\"],\"articleSection\":[\"Pol\u00edtica\"],\"inLanguage\":\"pt-BR\",\"potentialAction\":[{\"@type\":\"CommentAction\",\"name\":\"Comment\",\"target\":[\"https:\/\/jornalfatosenoticias.com.br\/index.php\/2024\/06\/19\/oposicao-articula-derrubada-do-decreto-que-criou-ministerio-da-verdade-de-lula\/#respond\"]}]},{\"@type\":\"WebPage\",\"@id\":\"https:\/\/jornalfatosenoticias.com.br\/index.php\/2024\/06\/19\/oposicao-articula-derrubada-do-decreto-que-criou-ministerio-da-verdade-de-lula\/\",\"url\":\"https:\/\/jornalfatosenoticias.com.br\/index.php\/2024\/06\/19\/oposicao-articula-derrubada-do-decreto-que-criou-ministerio-da-verdade-de-lula\/\",\"name\":\"Oposi\u00e7\u00e3o articula derrubada do decreto que criou \u201cMinist\u00e9rio da Verdade\u201d de Lula - Jornal Fatos e Not\u00edcias\",\"isPartOf\":{\"@id\":\"https:\/\/jornalfatosenoticias.com.br\/#website\"},\"primaryImageOfPage\":{\"@id\":\"https:\/\/jornalfatosenoticias.com.br\/index.php\/2024\/06\/19\/oposicao-articula-derrubada-do-decreto-que-criou-ministerio-da-verdade-de-lula\/#primaryimage\"},\"image\":{\"@id\":\"https:\/\/jornalfatosenoticias.com.br\/index.php\/2024\/06\/19\/oposicao-articula-derrubada-do-decreto-que-criou-ministerio-da-verdade-de-lula\/#primaryimage\"},\"thumbnailUrl\":\"https:\/\/jornalfatosenoticias.com.br\/wp-content\/uploads\/2024\/06\/AGU.jpg\",\"datePublished\":\"2024-06-19T14:13:49+00:00\",\"dateModified\":\"2024-06-19T17:02:05+00:00\",\"breadcrumb\":{\"@id\":\"https:\/\/jornalfatosenoticias.com.br\/index.php\/2024\/06\/19\/oposicao-articula-derrubada-do-decreto-que-criou-ministerio-da-verdade-de-lula\/#breadcrumb\"},\"inLanguage\":\"pt-BR\",\"potentialAction\":[{\"@type\":\"ReadAction\",\"target\":[\"https:\/\/jornalfatosenoticias.com.br\/index.php\/2024\/06\/19\/oposicao-articula-derrubada-do-decreto-que-criou-ministerio-da-verdade-de-lula\/\"]}]},{\"@type\":\"ImageObject\",\"inLanguage\":\"pt-BR\",\"@id\":\"https:\/\/jornalfatosenoticias.com.br\/index.php\/2024\/06\/19\/oposicao-articula-derrubada-do-decreto-que-criou-ministerio-da-verdade-de-lula\/#primaryimage\",\"url\":\"https:\/\/jornalfatosenoticias.com.br\/wp-content\/uploads\/2024\/06\/AGU.jpg\",\"contentUrl\":\"https:\/\/jornalfatosenoticias.com.br\/wp-content\/uploads\/2024\/06\/AGU.jpg\",\"width\":1000,\"height\":561},{\"@type\":\"BreadcrumbList\",\"@id\":\"https:\/\/jornalfatosenoticias.com.br\/index.php\/2024\/06\/19\/oposicao-articula-derrubada-do-decreto-que-criou-ministerio-da-verdade-de-lula\/#breadcrumb\",\"itemListElement\":[{\"@type\":\"ListItem\",\"position\":1,\"name\":\"In\u00edcio\",\"item\":\"https:\/\/jornalfatosenoticias.com.br\/\"},{\"@type\":\"ListItem\",\"position\":2,\"name\":\"Oposi\u00e7\u00e3o articula derrubada do decreto que criou \u201cMinist\u00e9rio da Verdade\u201d de Lula\"}]},{\"@type\":\"WebSite\",\"@id\":\"https:\/\/jornalfatosenoticias.com.br\/#website\",\"url\":\"https:\/\/jornalfatosenoticias.com.br\/\",\"name\":\"Jornal Fatos e Not\u00edcias\",\"description\":\"Not\u00edcias em geral\",\"publisher\":{\"@id\":\"https:\/\/jornalfatosenoticias.com.br\/#organization\"},\"potentialAction\":[{\"@type\":\"SearchAction\",\"target\":{\"@type\":\"EntryPoint\",\"urlTemplate\":\"https:\/\/jornalfatosenoticias.com.br\/?s={search_term_string}\"},\"query-input\":{\"@type\":\"PropertyValueSpecification\",\"valueRequired\":true,\"valueName\":\"search_term_string\"}}],\"inLanguage\":\"pt-BR\"},{\"@type\":\"Organization\",\"@id\":\"https:\/\/jornalfatosenoticias.com.br\/#organization\",\"name\":\"Jornal Fatos e Not\u00edcias\",\"url\":\"https:\/\/jornalfatosenoticias.com.br\/\",\"logo\":{\"@type\":\"ImageObject\",\"inLanguage\":\"pt-BR\",\"@id\":\"https:\/\/jornalfatosenoticias.com.br\/#\/schema\/logo\/image\/\",\"url\":\"https:\/\/jornalfatosenoticias.com.br\/wp-content\/uploads\/2020\/02\/logo120.png\",\"contentUrl\":\"https:\/\/jornalfatosenoticias.com.br\/wp-content\/uploads\/2020\/02\/logo120.png\",\"width\":1227,\"height\":120,\"caption\":\"Jornal Fatos e Not\u00edcias\"},\"image\":{\"@id\":\"https:\/\/jornalfatosenoticias.com.br\/#\/schema\/logo\/image\/\"}},{\"@type\":\"Person\",\"@id\":\"https:\/\/jornalfatosenoticias.com.br\/#\/schema\/person\/d63837fa13ac8666eb9e74e0985d6f81\",\"name\":\"Luzimara Fernandes\",\"image\":{\"@type\":\"ImageObject\",\"inLanguage\":\"pt-BR\",\"@id\":\"https:\/\/jornalfatosenoticias.com.br\/#\/schema\/person\/image\/\",\"url\":\"https:\/\/jornalfatosenoticias.com.br\/wp-content\/uploads\/2025\/05\/EU_portal.jpg\",\"contentUrl\":\"https:\/\/jornalfatosenoticias.com.br\/wp-content\/uploads\/2025\/05\/EU_portal.jpg\",\"caption\":\"Luzimara Fernandes\"},\"description\":\"Jornalista MTB 2358-ES\",\"sameAs\":[\"https:\/\/jornalfatosenoticias.com.br\"],\"url\":\"https:\/\/jornalfatosenoticias.com.br\/index.php\/author\/luzimara\/\"}]}<\/script>\n<!-- \/ Yoast SEO plugin. -->","yoast_head_json":{"title":"Oposi\u00e7\u00e3o articula derrubada do decreto que criou \u201cMinist\u00e9rio da Verdade\u201d de Lula - Jornal Fatos e Not\u00edcias","robots":{"index":"index","follow":"follow","max-snippet":"max-snippet:-1","max-image-preview":"max-image-preview:large","max-video-preview":"max-video-preview:-1"},"canonical":"https:\/\/jornalfatosenoticias.com.br\/index.php\/2024\/06\/19\/oposicao-articula-derrubada-do-decreto-que-criou-ministerio-da-verdade-de-lula\/","og_locale":"pt_BR","og_type":"article","og_title":"Oposi\u00e7\u00e3o articula derrubada do decreto que criou \u201cMinist\u00e9rio da Verdade\u201d de Lula - Jornal Fatos e Not\u00edcias","og_description":"Deputados querem acabar com \u201cMinist\u00e9rio da Verdade\u201d de Lula. \u00d3rg\u00e3o \u00e9 vinculado \u00e0 AGU Por Aline Rechmann A oposi\u00e7\u00e3o est\u00e1 se articulando para avan\u00e7ar com um projeto que pretende acabar com a Procuradoria Nacional da Uni\u00e3o de Defesa da Democracia (PNDD), chamada por seus cr\u00edticos de &#8220;Minist\u00e9rio da Verdade&#8221; do governo de Luiz In\u00e1cio Lula [&hellip;]","og_url":"https:\/\/jornalfatosenoticias.com.br\/index.php\/2024\/06\/19\/oposicao-articula-derrubada-do-decreto-que-criou-ministerio-da-verdade-de-lula\/","og_site_name":"Jornal Fatos e Not\u00edcias","article_published_time":"2024-06-19T14:13:49+00:00","article_modified_time":"2024-06-19T17:02:05+00:00","og_image":[{"width":1000,"height":561,"url":"https:\/\/jornalfatosenoticias.com.br\/wp-content\/uploads\/2024\/06\/AGU.jpg","type":"image\/jpeg"}],"author":"Luzimara Fernandes","twitter_card":"summary_large_image","twitter_misc":{"Escrito por":"Luzimara Fernandes","Est. tempo de leitura":"7 minutos"},"schema":{"@context":"https:\/\/schema.org","@graph":[{"@type":"Article","@id":"https:\/\/jornalfatosenoticias.com.br\/index.php\/2024\/06\/19\/oposicao-articula-derrubada-do-decreto-que-criou-ministerio-da-verdade-de-lula\/#article","isPartOf":{"@id":"https:\/\/jornalfatosenoticias.com.br\/index.php\/2024\/06\/19\/oposicao-articula-derrubada-do-decreto-que-criou-ministerio-da-verdade-de-lula\/"},"author":{"name":"Luzimara Fernandes","@id":"https:\/\/jornalfatosenoticias.com.br\/#\/schema\/person\/d63837fa13ac8666eb9e74e0985d6f81"},"headline":"Oposi\u00e7\u00e3o articula derrubada do decreto que criou \u201cMinist\u00e9rio da Verdade\u201d de Lula","datePublished":"2024-06-19T14:13:49+00:00","dateModified":"2024-06-19T17:02:05+00:00","mainEntityOfPage":{"@id":"https:\/\/jornalfatosenoticias.com.br\/index.php\/2024\/06\/19\/oposicao-articula-derrubada-do-decreto-que-criou-ministerio-da-verdade-de-lula\/"},"wordCount":1386,"commentCount":0,"publisher":{"@id":"https:\/\/jornalfatosenoticias.com.br\/#organization"},"image":{"@id":"https:\/\/jornalfatosenoticias.com.br\/index.php\/2024\/06\/19\/oposicao-articula-derrubada-do-decreto-que-criou-ministerio-da-verdade-de-lula\/#primaryimage"},"thumbnailUrl":"https:\/\/jornalfatosenoticias.com.br\/wp-content\/uploads\/2024\/06\/AGU.jpg","keywords":["AGU","C\u00e2mara dos Deputados","CCJ","Comiss\u00e3o de Constitui\u00e7\u00e3o","Deltan Dallagnol","desinforma\u00e7\u00e3o","fake news","Justi\u00e7a e Cidadania","liberdade de express\u00e3o","Lula","Minist\u00e9rio da Verdade"],"articleSection":["Pol\u00edtica"],"inLanguage":"pt-BR","potentialAction":[{"@type":"CommentAction","name":"Comment","target":["https:\/\/jornalfatosenoticias.com.br\/index.php\/2024\/06\/19\/oposicao-articula-derrubada-do-decreto-que-criou-ministerio-da-verdade-de-lula\/#respond"]}]},{"@type":"WebPage","@id":"https:\/\/jornalfatosenoticias.com.br\/index.php\/2024\/06\/19\/oposicao-articula-derrubada-do-decreto-que-criou-ministerio-da-verdade-de-lula\/","url":"https:\/\/jornalfatosenoticias.com.br\/index.php\/2024\/06\/19\/oposicao-articula-derrubada-do-decreto-que-criou-ministerio-da-verdade-de-lula\/","name":"Oposi\u00e7\u00e3o articula derrubada do decreto que criou \u201cMinist\u00e9rio da Verdade\u201d de Lula - Jornal Fatos e Not\u00edcias","isPartOf":{"@id":"https:\/\/jornalfatosenoticias.com.br\/#website"},"primaryImageOfPage":{"@id":"https:\/\/jornalfatosenoticias.com.br\/index.php\/2024\/06\/19\/oposicao-articula-derrubada-do-decreto-que-criou-ministerio-da-verdade-de-lula\/#primaryimage"},"image":{"@id":"https:\/\/jornalfatosenoticias.com.br\/index.php\/2024\/06\/19\/oposicao-articula-derrubada-do-decreto-que-criou-ministerio-da-verdade-de-lula\/#primaryimage"},"thumbnailUrl":"https:\/\/jornalfatosenoticias.com.br\/wp-content\/uploads\/2024\/06\/AGU.jpg","datePublished":"2024-06-19T14:13:49+00:00","dateModified":"2024-06-19T17:02:05+00:00","breadcrumb":{"@id":"https:\/\/jornalfatosenoticias.com.br\/index.php\/2024\/06\/19\/oposicao-articula-derrubada-do-decreto-que-criou-ministerio-da-verdade-de-lula\/#breadcrumb"},"inLanguage":"pt-BR","potentialAction":[{"@type":"ReadAction","target":["https:\/\/jornalfatosenoticias.com.br\/index.php\/2024\/06\/19\/oposicao-articula-derrubada-do-decreto-que-criou-ministerio-da-verdade-de-lula\/"]}]},{"@type":"ImageObject","inLanguage":"pt-BR","@id":"https:\/\/jornalfatosenoticias.com.br\/index.php\/2024\/06\/19\/oposicao-articula-derrubada-do-decreto-que-criou-ministerio-da-verdade-de-lula\/#primaryimage","url":"https:\/\/jornalfatosenoticias.com.br\/wp-content\/uploads\/2024\/06\/AGU.jpg","contentUrl":"https:\/\/jornalfatosenoticias.com.br\/wp-content\/uploads\/2024\/06\/AGU.jpg","width":1000,"height":561},{"@type":"BreadcrumbList","@id":"https:\/\/jornalfatosenoticias.com.br\/index.php\/2024\/06\/19\/oposicao-articula-derrubada-do-decreto-que-criou-ministerio-da-verdade-de-lula\/#breadcrumb","itemListElement":[{"@type":"ListItem","position":1,"name":"In\u00edcio","item":"https:\/\/jornalfatosenoticias.com.br\/"},{"@type":"ListItem","position":2,"name":"Oposi\u00e7\u00e3o articula derrubada do decreto que criou \u201cMinist\u00e9rio da Verdade\u201d de Lula"}]},{"@type":"WebSite","@id":"https:\/\/jornalfatosenoticias.com.br\/#website","url":"https:\/\/jornalfatosenoticias.com.br\/","name":"Jornal Fatos e Not\u00edcias","description":"Not\u00edcias em geral","publisher":{"@id":"https:\/\/jornalfatosenoticias.com.br\/#organization"},"potentialAction":[{"@type":"SearchAction","target":{"@type":"EntryPoint","urlTemplate":"https:\/\/jornalfatosenoticias.com.br\/?s={search_term_string}"},"query-input":{"@type":"PropertyValueSpecification","valueRequired":true,"valueName":"search_term_string"}}],"inLanguage":"pt-BR"},{"@type":"Organization","@id":"https:\/\/jornalfatosenoticias.com.br\/#organization","name":"Jornal Fatos e Not\u00edcias","url":"https:\/\/jornalfatosenoticias.com.br\/","logo":{"@type":"ImageObject","inLanguage":"pt-BR","@id":"https:\/\/jornalfatosenoticias.com.br\/#\/schema\/logo\/image\/","url":"https:\/\/jornalfatosenoticias.com.br\/wp-content\/uploads\/2020\/02\/logo120.png","contentUrl":"https:\/\/jornalfatosenoticias.com.br\/wp-content\/uploads\/2020\/02\/logo120.png","width":1227,"height":120,"caption":"Jornal Fatos e Not\u00edcias"},"image":{"@id":"https:\/\/jornalfatosenoticias.com.br\/#\/schema\/logo\/image\/"}},{"@type":"Person","@id":"https:\/\/jornalfatosenoticias.com.br\/#\/schema\/person\/d63837fa13ac8666eb9e74e0985d6f81","name":"Luzimara Fernandes","image":{"@type":"ImageObject","inLanguage":"pt-BR","@id":"https:\/\/jornalfatosenoticias.com.br\/#\/schema\/person\/image\/","url":"https:\/\/jornalfatosenoticias.com.br\/wp-content\/uploads\/2025\/05\/EU_portal.jpg","contentUrl":"https:\/\/jornalfatosenoticias.com.br\/wp-content\/uploads\/2025\/05\/EU_portal.jpg","caption":"Luzimara Fernandes"},"description":"Jornalista MTB 2358-ES","sameAs":["https:\/\/jornalfatosenoticias.com.br"],"url":"https:\/\/jornalfatosenoticias.com.br\/index.php\/author\/luzimara\/"}]}},"cc_featured_image_caption":{"caption_text":"(Foto: Rafa Neddermeyer\/Ag\u00eancia Brasil) ","source_text":"","source_url":""},"jetpack_featured_media_url":"https:\/\/jornalfatosenoticias.com.br\/wp-content\/uploads\/2024\/06\/AGU.jpg","_links":{"self":[{"href":"https:\/\/jornalfatosenoticias.com.br\/index.php\/wp-json\/wp\/v2\/posts\/52100","targetHints":{"allow":["GET"]}}],"collection":[{"href":"https:\/\/jornalfatosenoticias.com.br\/index.php\/wp-json\/wp\/v2\/posts"}],"about":[{"href":"https:\/\/jornalfatosenoticias.com.br\/index.php\/wp-json\/wp\/v2\/types\/post"}],"author":[{"embeddable":true,"href":"https:\/\/jornalfatosenoticias.com.br\/index.php\/wp-json\/wp\/v2\/users\/2"}],"replies":[{"embeddable":true,"href":"https:\/\/jornalfatosenoticias.com.br\/index.php\/wp-json\/wp\/v2\/comments?post=52100"}],"version-history":[{"count":0,"href":"https:\/\/jornalfatosenoticias.com.br\/index.php\/wp-json\/wp\/v2\/posts\/52100\/revisions"}],"wp:featuredmedia":[{"embeddable":true,"href":"https:\/\/jornalfatosenoticias.com.br\/index.php\/wp-json\/wp\/v2\/media\/52101"}],"wp:attachment":[{"href":"https:\/\/jornalfatosenoticias.com.br\/index.php\/wp-json\/wp\/v2\/media?parent=52100"}],"wp:term":[{"taxonomy":"category","embeddable":true,"href":"https:\/\/jornalfatosenoticias.com.br\/index.php\/wp-json\/wp\/v2\/categories?post=52100"},{"taxonomy":"post_tag","embeddable":true,"href":"https:\/\/jornalfatosenoticias.com.br\/index.php\/wp-json\/wp\/v2\/tags?post=52100"}],"curies":[{"name":"wp","href":"https:\/\/api.w.org\/{rel}","templated":true}]}}