{"id":52131,"date":"2024-06-20T14:22:05","date_gmt":"2024-06-20T17:22:05","guid":{"rendered":"https:\/\/jornalfatosenoticias.com.br\/?p=52131"},"modified":"2024-06-20T14:22:06","modified_gmt":"2024-06-20T17:22:06","slug":"flexibilidade-e-modularidade-em-espacos-comerciais-inovacao-e-eficiencia-no-design-de-lojas-e-escritorios","status":"publish","type":"post","link":"https:\/\/jornalfatosenoticias.com.br\/index.php\/2024\/06\/20\/flexibilidade-e-modularidade-em-espacos-comerciais-inovacao-e-eficiencia-no-design-de-lojas-e-escritorios\/","title":{"rendered":"Flexibilidade e modularidade em espa\u00e7os comerciais: inova\u00e7\u00e3o e efici\u00eancia no design de lojas e escrit\u00f3rios"},"content":{"rendered":"\n<p><em><span class=\"has-inline-color has-black-color\">Sof\u00e1s modulares para interiores flex\u00edveis, brincando com a geometria<\/span><\/em><\/p>\n\n\n\n<p><span class=\"has-inline-color has-black-color\">Por <strong>Elaine Carminati<\/strong><\/span><\/p>\n\n\n\n<div class=\"wp-block-image\"><figure class=\"aligncenter size-large\"><a href=\"https:\/\/panper.com.br\/\"><img loading=\"lazy\" decoding=\"async\" width=\"1024\" height=\"111\" src=\"https:\/\/jornalfatosenoticias.com.br\/wp-content\/uploads\/2020\/02\/WhatsApp-Image-2022-09-23-at-12.09.18-1024x111.jpeg\" alt=\"\" class=\"wp-image-34527\" srcset=\"https:\/\/jornalfatosenoticias.com.br\/wp-content\/uploads\/2020\/02\/WhatsApp-Image-2022-09-23-at-12.09.18-1024x111.jpeg 1024w, https:\/\/jornalfatosenoticias.com.br\/wp-content\/uploads\/2020\/02\/WhatsApp-Image-2022-09-23-at-12.09.18-300x32.jpeg 300w, https:\/\/jornalfatosenoticias.com.br\/wp-content\/uploads\/2020\/02\/WhatsApp-Image-2022-09-23-at-12.09.18-768x83.jpeg 768w, https:\/\/jornalfatosenoticias.com.br\/wp-content\/uploads\/2020\/02\/WhatsApp-Image-2022-09-23-at-12.09.18.jpeg 1121w\" sizes=\"auto, (max-width: 1024px) 100vw, 1024px\" \/><\/a><\/figure><\/div>\n\n\n\n<div class=\"wp-block-image is-style-rounded\"><figure class=\"alignleft size-large\"><img loading=\"lazy\" decoding=\"async\" width=\"90\" height=\"119\" src=\"https:\/\/jornalfatosenoticias.com.br\/wp-content\/uploads\/2024\/05\/Elaine_Carminati_Portal-removebg-preview.png\" alt=\"\" class=\"wp-image-51078\"\/><\/figure><\/div>\n\n\n\n<p>A din\u00e2mica do mercado atual exige que os espa\u00e7os comerciais sejam adapt\u00e1veis e capazes de evoluir com rapidez. A flexibilidade e modularidade no design de lojas e escrit\u00f3rios est\u00e3o se tornando essenciais para atender \u00e0s mudan\u00e7as nas demandas dos consumidores e funcion\u00e1rios. Este artigo explora as vantagens dos designs flex\u00edveis e modulares, oferece exemplos de espa\u00e7os que podem ser facilmente reconfigurados e destaca as tend\u00eancias em m\u00f3veis modulares e multifuncionais.<\/p>\n\n\n\n<h3 class=\"wp-block-heading\"><span class=\"has-inline-color has-vivid-purple-color\">Vantagens de designs flex\u00edveis e modulares<\/span><\/h3>\n\n\n\n<ol class=\"wp-block-list\"><li><strong><span class=\"has-inline-color has-black-color\">Adapta\u00e7\u00e3o r\u00e1pida \u00e0s mudan\u00e7as<br><\/span>\u2022 Evolu\u00e7\u00e3o das necessidades:<\/strong> em um mercado em constante mudan\u00e7a, a capacidade de adapta\u00e7\u00e3o \u00e9 crucial. Espa\u00e7os modulares permitem que lojas e escrit\u00f3rios reconfigurem seu layout rapidamente para se alinhar a novas estrat\u00e9gias de neg\u00f3cio ou tend\u00eancias de mercado.<br><strong>\u2022 Redu\u00e7\u00e3o de custos:<\/strong> a reconfigura\u00e7\u00e3o de espa\u00e7os modulares \u00e9 menos dispendiosa em compara\u00e7\u00e3o com reformas completas. Isso reduz os custos de constru\u00e7\u00e3o e minimiza o tempo de inatividade.<\/li><\/ol>\n\n\n\n<div class=\"wp-block-image\"><figure class=\"aligncenter size-large is-resized\"><a href=\"https:\/\/hotelmarquetti.com.br\/\"><img loading=\"lazy\" decoding=\"async\" src=\"https:\/\/jornalfatosenoticias.com.br\/wp-content\/uploads\/2023\/03\/nova-logo-Marquetti.jpg\" alt=\"\" class=\"wp-image-40207\" width=\"304\" height=\"204\" srcset=\"https:\/\/jornalfatosenoticias.com.br\/wp-content\/uploads\/2023\/03\/nova-logo-Marquetti.jpg 643w, https:\/\/jornalfatosenoticias.com.br\/wp-content\/uploads\/2023\/03\/nova-logo-Marquetti-300x202.jpg 300w\" sizes=\"auto, (max-width: 304px) 100vw, 304px\" \/><\/a><\/figure><\/div>\n\n\n\n<p><strong><span class=\"has-inline-color has-black-color\">2. Otimiza\u00e7\u00e3o do espa\u00e7o<br><\/span>\u2022 Maximiza\u00e7\u00e3o da utiliza\u00e7\u00e3o:<\/strong> com designs modulares, cada cent\u00edmetro do espa\u00e7o pode ser utilizado de forma eficiente. M\u00f3dulos podem ser rearranjados para acomodar diferentes atividades, desde reuni\u00f5es at\u00e9 apresenta\u00e7\u00f5es de produtos.<br><strong>\u2022 Versatilidade de uso:<\/strong> um espa\u00e7o flex\u00edvel pode servir a m\u00faltiplos prop\u00f3sitos. Por exemplo, uma \u00e1rea de vendas pode ser transformada em uma \u00e1rea de eventos ou um espa\u00e7o de coworking conforme necess\u00e1rio.<\/p>\n\n\n\n<div class=\"wp-block-image\"><figure class=\"aligncenter size-large is-resized\"><a href=\"https:\/\/www.ithbrasil.com.br\/\"><img loading=\"lazy\" decoding=\"async\" src=\"https:\/\/jornalfatosenoticias.com.br\/wp-content\/uploads\/2023\/08\/ITH.jpeg\" alt=\"\" class=\"wp-image-44638\" width=\"280\" height=\"227\" srcset=\"https:\/\/jornalfatosenoticias.com.br\/wp-content\/uploads\/2023\/08\/ITH.jpeg 800w, https:\/\/jornalfatosenoticias.com.br\/wp-content\/uploads\/2023\/08\/ITH-300x244.jpeg 300w, https:\/\/jornalfatosenoticias.com.br\/wp-content\/uploads\/2023\/08\/ITH-768x624.jpeg 768w\" sizes=\"auto, (max-width: 280px) 100vw, 280px\" \/><\/a><\/figure><\/div>\n\n\n\n<p><strong><span class=\"has-inline-color has-black-color\">3.<\/span><\/strong> <strong><span class=\"has-inline-color has-black-color\">Sustentabilidade e efici\u00eancia<br><\/span>\u2022 Redu\u00e7\u00e3o de desperd\u00edcio:<\/strong> espa\u00e7os modulares promovem a sustentabilidade ao reduzir o desperd\u00edcio de materiais de constru\u00e7\u00e3o. Os componentes podem ser reutilizados e reconfigurados in\u00fameras vezes.<br><strong>\u2022 Efici\u00eancia energ\u00e9tica:<\/strong> a modularidade pode incluir sistemas de energia eficientes, como ilumina\u00e7\u00e3o e climatiza\u00e7\u00e3o, que se adaptam \u00e0s mudan\u00e7as no layout.<\/p>\n\n\n\n<div class=\"wp-block-image\"><figure class=\"aligncenter size-large is-resized\"><a href=\"https:\/\/www.instagram.com\/restaurantepegoretti\/\"><img loading=\"lazy\" decoding=\"async\" src=\"https:\/\/jornalfatosenoticias.com.br\/wp-content\/uploads\/2023\/12\/pegoretti-logo-pdf-1024x389.jpg\" alt=\"\" class=\"wp-image-47536\" width=\"477\" height=\"181\" srcset=\"https:\/\/jornalfatosenoticias.com.br\/wp-content\/uploads\/2023\/12\/pegoretti-logo-pdf-1024x389.jpg 1024w, https:\/\/jornalfatosenoticias.com.br\/wp-content\/uploads\/2023\/12\/pegoretti-logo-pdf-300x114.jpg 300w, https:\/\/jornalfatosenoticias.com.br\/wp-content\/uploads\/2023\/12\/pegoretti-logo-pdf-768x291.jpg 768w, https:\/\/jornalfatosenoticias.com.br\/wp-content\/uploads\/2023\/12\/pegoretti-logo-pdf.jpg 1120w\" sizes=\"auto, (max-width: 477px) 100vw, 477px\" \/><\/a><\/figure><\/div>\n\n\n\n<h3 class=\"wp-block-heading\"><span class=\"has-inline-color has-vivid-purple-color\">Exemplos de espa\u00e7os facilmente reconfigurados<\/span><\/h3>\n\n\n\n<div class=\"wp-block-image\"><figure class=\"aligncenter size-large\"><img loading=\"lazy\" decoding=\"async\" width=\"900\" height=\"600\" src=\"https:\/\/jornalfatosenoticias.com.br\/wp-content\/uploads\/2024\/06\/espacos-comerciais3.jpg\" alt=\"\" class=\"wp-image-52132\" srcset=\"https:\/\/jornalfatosenoticias.com.br\/wp-content\/uploads\/2024\/06\/espacos-comerciais3.jpg 900w, https:\/\/jornalfatosenoticias.com.br\/wp-content\/uploads\/2024\/06\/espacos-comerciais3-300x200.jpg 300w, https:\/\/jornalfatosenoticias.com.br\/wp-content\/uploads\/2024\/06\/espacos-comerciais3-768x512.jpg 768w\" sizes=\"auto, (max-width: 900px) 100vw, 900px\" \/><figcaption><em><span class=\"has-inline-color has-black-color\">M\u00f3dulos plug-and-play (Foto: Reprodu\u00e7\u00e3o)<\/span><\/em><\/figcaption><\/figure><\/div>\n\n\n\n<ol class=\"wp-block-list\"><li><strong><span class=\"has-inline-color has-black-color\">Lojas pop-up e varejo tempor\u00e1rio<br><\/span>\u2022 Movimenta\u00e7\u00e3o r\u00e1pida: <\/strong>lojas pop-up s\u00e3o um exemplo perfeito de flexibilidade. Esses espa\u00e7os tempor\u00e1rios podem ser montados e desmontados rapidamente, permitindo que marcas testem novos mercados ou promovam produtos sazonais.<br><strong>\u2022 Design adapt\u00e1vel:<\/strong> usando prateleiras e displays modulares, essas lojas podem ajustar seu layout para destacar diferentes produtos conforme necess\u00e1rio.<\/li><\/ol>\n\n\n\n<div class=\"wp-block-image\"><figure class=\"aligncenter size-large\"><img decoding=\"async\" src=\"https:\/\/jornalfatosenoticias.com.br\/wp-content\/uploads\/2020\/02\/barao-das-carnes-300x164-1.jpg\" alt=\"\" class=\"wp-image-34339\"\/><\/figure><\/div>\n\n\n\n<p><strong><span class=\"has-inline-color has-black-color\">2. Escrit\u00f3rios de coworking<br><\/span>\u2022 Ambientes vers\u00e1teis:<\/strong> escrit\u00f3rios de coworking s\u00e3o projetados para serem altamente adapt\u00e1veis. Salas podem ser reconfiguradas para atender a diversas necessidades, desde \u00e1reas de trabalho abertas at\u00e9 salas de reuni\u00e3o privadas.<br><strong>\u2022 M\u00f3veis modulares:<\/strong> m\u00f3veis ajust\u00e1veis e modulares permitem que os usu\u00e1rios personalizem seu espa\u00e7o de trabalho de acordo com suas prefer\u00eancias e necessidades di\u00e1rias.<\/p>\n\n\n\n<div class=\"wp-block-image\"><figure class=\"aligncenter size-large\"><a href=\"https:\/\/mizu.com.br\/\"><img loading=\"lazy\" decoding=\"async\" width=\"729\" height=\"90\" src=\"https:\/\/jornalfatosenoticias.com.br\/wp-content\/uploads\/2020\/02\/Logo_Mizu.png\" alt=\"\" class=\"wp-image-1441\" srcset=\"https:\/\/jornalfatosenoticias.com.br\/wp-content\/uploads\/2020\/02\/Logo_Mizu.png 729w, https:\/\/jornalfatosenoticias.com.br\/wp-content\/uploads\/2020\/02\/Logo_Mizu-300x37.png 300w\" sizes=\"auto, (max-width: 729px) 100vw, 729px\" \/><\/a><\/figure><\/div>\n\n\n\n<h3 class=\"wp-block-heading\"><span class=\"has-inline-color has-vivid-purple-color\">Tend\u00eancias em m\u00f3veis modulares e multifuncionais<\/span><\/h3>\n\n\n\n<div class=\"wp-block-image\"><figure class=\"aligncenter size-large\"><img loading=\"lazy\" decoding=\"async\" width=\"564\" height=\"787\" src=\"https:\/\/jornalfatosenoticias.com.br\/wp-content\/uploads\/2024\/06\/espacos-comerciais2.jpg\" alt=\"\" class=\"wp-image-52133\" srcset=\"https:\/\/jornalfatosenoticias.com.br\/wp-content\/uploads\/2024\/06\/espacos-comerciais2.jpg 564w, https:\/\/jornalfatosenoticias.com.br\/wp-content\/uploads\/2024\/06\/espacos-comerciais2-215x300.jpg 215w\" sizes=\"auto, (max-width: 564px) 100vw, 564px\" \/><figcaption><em><span class=\"has-inline-color has-black-color\">Mesa modular (Foto: Reprodu\u00e7\u00e3o)<\/span><\/em><\/figcaption><\/figure><\/div>\n\n\n\n<ol class=\"wp-block-list\"><li><strong><span class=\"has-inline-color has-black-color\">M\u00f3veis reconfigur\u00e1veis<br><\/span>\u2022 Sof\u00e1s modulares:<\/strong> sof\u00e1s que podem ser rearranjados em v\u00e1rias configura\u00e7\u00f5es s\u00e3o ideais para espa\u00e7os de conviv\u00eancia e espera em ambientes comerciais.<br><strong>\u2022 Estantes ajust\u00e1veis:<\/strong> prateleiras e estantes que podem ser movidas e reconfiguradas permitem a personaliza\u00e7\u00e3o do espa\u00e7o de exibi\u00e7\u00e3o de produtos.<\/li><\/ol>\n\n\n\n<div class=\"wp-block-image\"><figure class=\"aligncenter size-large\"><a href=\"https:\/\/cesconetto.com.br\/\"><img loading=\"lazy\" decoding=\"async\" width=\"300\" height=\"250\" src=\"https:\/\/jornalfatosenoticias.com.br\/wp-content\/uploads\/2020\/02\/Banner-2.png\" alt=\"\" class=\"wp-image-43787\"\/><\/a><\/figure><\/div>\n\n\n\n<p><strong><span class=\"has-inline-color has-black-color\">2. M\u00f3veis multifuncionais<br><\/span>\u2022 Mesas transform\u00e1veis:<\/strong> mesas que podem ser ajustadas em altura ou que se expandem para diferentes usos s\u00e3o populares em escrit\u00f3rios modernos.<br><strong>\u2022 Assentos combinados: <\/strong>bancos que podem se transformar em mesas ou que t\u00eam armazenamento embutido s\u00e3o exemplos de m\u00f3veis que oferecem m\u00faltiplas fun\u00e7\u00f5es em um \u00fanico item.<\/p>\n\n\n\n<div class=\"wp-block-image\"><figure class=\"aligncenter size-large is-resized\"><a href=\"https:\/\/www.controlsystems.com.br\/\"><img loading=\"lazy\" decoding=\"async\" src=\"https:\/\/jornalfatosenoticias.com.br\/wp-content\/uploads\/2020\/02\/CONTROL-CS.jpg\" alt=\"\" class=\"wp-image-44991\" width=\"282\" height=\"338\" srcset=\"https:\/\/jornalfatosenoticias.com.br\/wp-content\/uploads\/2020\/02\/CONTROL-CS.jpg 834w, https:\/\/jornalfatosenoticias.com.br\/wp-content\/uploads\/2020\/02\/CONTROL-CS-250x300.jpg 250w, https:\/\/jornalfatosenoticias.com.br\/wp-content\/uploads\/2020\/02\/CONTROL-CS-768x921.jpg 768w\" sizes=\"auto, (max-width: 282px) 100vw, 282px\" \/><\/a><\/figure><\/div>\n\n\n\n<p><strong><span class=\"has-inline-color has-black-color\">3.<\/span><\/strong> <strong><span class=\"has-inline-color has-black-color\">Tecnologia integrada<br><\/span>\u2022 M\u00f3veis inteligentes: <\/strong>m\u00f3veis com integra\u00e7\u00e3o tecnol\u00f3gica, como carregadores sem fio embutidos ou sistemas de ilumina\u00e7\u00e3o inteligente, est\u00e3o ganhando popularidade.<br><strong>\u2022 Solu\u00e7\u00f5es plug-and-play: <\/strong>m\u00f3dulos que podem ser facilmente conectados e desconectados, permitindo uma reconfigura\u00e7\u00e3o r\u00e1pida e eficiente, s\u00e3o tend\u00eancias em crescimento.<\/p>\n\n\n\n<div class=\"wp-block-image\"><figure class=\"aligncenter size-large\"><a href=\"http:\/\/www.ferrarimaquinas.com.br\/\"><img loading=\"lazy\" decoding=\"async\" width=\"300\" height=\"250\" src=\"https:\/\/jornalfatosenoticias.com.br\/wp-content\/uploads\/2022\/02\/FERRARI_MAQUINAS-E-FERRAMENTAS2.jpg\" alt=\"\" class=\"wp-image-27860\"\/><\/a><\/figure><\/div>\n\n\n\n<p><strong><span class=\"has-inline-color has-black-color\">Elaine Carminati<br><\/span><\/strong><em><span class=\"has-inline-color has-black-color\">Arquiteta urbanista especializada em energia renov\u00e1vel e sustentabilidade<br>Instagram: @elainecarminati.arq<\/span><\/em><\/p>\n","protected":false},"excerpt":{"rendered":"<p>Sof\u00e1s modulares para interiores flex\u00edveis, brincando com a geometria Por Elaine Carminati A din\u00e2mica do mercado atual exige que os espa\u00e7os comerciais sejam adapt\u00e1veis e capazes de evoluir com rapidez. A flexibilidade e modularidade no design de lojas e escrit\u00f3rios est\u00e3o se tornando essenciais para atender \u00e0s mudan\u00e7as nas demandas dos consumidores e funcion\u00e1rios. Este [&hellip;]<\/p>\n","protected":false},"author":2,"featured_media":52134,"comment_status":"open","ping_status":"open","sticky":false,"template":"","format":"standard","meta":{"footnotes":""},"categories":[744],"tags":[795,23857,23858,911,23856],"class_list":["post-52131","post","type-post","status-publish","format-standard","has-post-thumbnail","hentry","category-arq-urbanismo","tag-design","tag-escritorios","tag-espacos-comerciais","tag-inovacao","tag-modularidade"],"yoast_head":"<!-- This site is optimized with the Yoast SEO plugin v26.5 - https:\/\/yoast.com\/wordpress\/plugins\/seo\/ -->\n<title>Flexibilidade e modularidade em espa\u00e7os comerciais: inova\u00e7\u00e3o e efici\u00eancia no design de lojas e escrit\u00f3rios - Jornal Fatos e Not\u00edcias<\/title>\n<meta name=\"robots\" content=\"index, follow, max-snippet:-1, max-image-preview:large, max-video-preview:-1\" \/>\n<link rel=\"canonical\" href=\"https:\/\/jornalfatosenoticias.com.br\/index.php\/2024\/06\/20\/flexibilidade-e-modularidade-em-espacos-comerciais-inovacao-e-eficiencia-no-design-de-lojas-e-escritorios\/\" \/>\n<meta property=\"og:locale\" content=\"pt_BR\" \/>\n<meta property=\"og:type\" content=\"article\" \/>\n<meta property=\"og:title\" content=\"Flexibilidade e modularidade em espa\u00e7os comerciais: inova\u00e7\u00e3o e efici\u00eancia no design de lojas e escrit\u00f3rios - Jornal Fatos e Not\u00edcias\" \/>\n<meta property=\"og:description\" content=\"Sof\u00e1s modulares para interiores flex\u00edveis, brincando com a geometria Por Elaine Carminati A din\u00e2mica do mercado atual exige que os espa\u00e7os comerciais sejam adapt\u00e1veis e capazes de evoluir com rapidez. A flexibilidade e modularidade no design de lojas e escrit\u00f3rios est\u00e3o se tornando essenciais para atender \u00e0s mudan\u00e7as nas demandas dos consumidores e funcion\u00e1rios. Este [&hellip;]\" \/>\n<meta property=\"og:url\" content=\"https:\/\/jornalfatosenoticias.com.br\/index.php\/2024\/06\/20\/flexibilidade-e-modularidade-em-espacos-comerciais-inovacao-e-eficiencia-no-design-de-lojas-e-escritorios\/\" \/>\n<meta property=\"og:site_name\" content=\"Jornal Fatos e Not\u00edcias\" \/>\n<meta property=\"article:published_time\" content=\"2024-06-20T17:22:05+00:00\" \/>\n<meta property=\"article:modified_time\" content=\"2024-06-20T17:22:06+00:00\" \/>\n<meta property=\"og:image\" content=\"https:\/\/jornalfatosenoticias.com.br\/wp-content\/uploads\/2024\/06\/espacos-comerciais.png\" \/>\n\t<meta property=\"og:image:width\" content=\"629\" \/>\n\t<meta property=\"og:image:height\" content=\"359\" \/>\n\t<meta property=\"og:image:type\" content=\"image\/png\" \/>\n<meta name=\"author\" content=\"Luzimara Fernandes\" \/>\n<meta name=\"twitter:card\" content=\"summary_large_image\" \/>\n<meta name=\"twitter:label1\" content=\"Escrito por\" \/>\n\t<meta name=\"twitter:data1\" content=\"Luzimara Fernandes\" \/>\n\t<meta name=\"twitter:label2\" content=\"Est. tempo de leitura\" \/>\n\t<meta name=\"twitter:data2\" content=\"3 minutos\" \/>\n<script type=\"application\/ld+json\" class=\"yoast-schema-graph\">{\"@context\":\"https:\/\/schema.org\",\"@graph\":[{\"@type\":\"Article\",\"@id\":\"https:\/\/jornalfatosenoticias.com.br\/index.php\/2024\/06\/20\/flexibilidade-e-modularidade-em-espacos-comerciais-inovacao-e-eficiencia-no-design-de-lojas-e-escritorios\/#article\",\"isPartOf\":{\"@id\":\"https:\/\/jornalfatosenoticias.com.br\/index.php\/2024\/06\/20\/flexibilidade-e-modularidade-em-espacos-comerciais-inovacao-e-eficiencia-no-design-de-lojas-e-escritorios\/\"},\"author\":{\"name\":\"Luzimara Fernandes\",\"@id\":\"https:\/\/jornalfatosenoticias.com.br\/#\/schema\/person\/d63837fa13ac8666eb9e74e0985d6f81\"},\"headline\":\"Flexibilidade e modularidade em espa\u00e7os comerciais: inova\u00e7\u00e3o e efici\u00eancia no design de lojas e escrit\u00f3rios\",\"datePublished\":\"2024-06-20T17:22:05+00:00\",\"dateModified\":\"2024-06-20T17:22:06+00:00\",\"mainEntityOfPage\":{\"@id\":\"https:\/\/jornalfatosenoticias.com.br\/index.php\/2024\/06\/20\/flexibilidade-e-modularidade-em-espacos-comerciais-inovacao-e-eficiencia-no-design-de-lojas-e-escritorios\/\"},\"wordCount\":681,\"commentCount\":0,\"publisher\":{\"@id\":\"https:\/\/jornalfatosenoticias.com.br\/#organization\"},\"image\":{\"@id\":\"https:\/\/jornalfatosenoticias.com.br\/index.php\/2024\/06\/20\/flexibilidade-e-modularidade-em-espacos-comerciais-inovacao-e-eficiencia-no-design-de-lojas-e-escritorios\/#primaryimage\"},\"thumbnailUrl\":\"https:\/\/jornalfatosenoticias.com.br\/wp-content\/uploads\/2024\/06\/espacos-comerciais.png\",\"keywords\":[\"design\",\"escrit\u00f3rios\",\"espa\u00e7os comerciais\",\"inova\u00e7\u00e3o\",\"modularidade\"],\"articleSection\":[\"Arq &amp; Urb\"],\"inLanguage\":\"pt-BR\",\"potentialAction\":[{\"@type\":\"CommentAction\",\"name\":\"Comment\",\"target\":[\"https:\/\/jornalfatosenoticias.com.br\/index.php\/2024\/06\/20\/flexibilidade-e-modularidade-em-espacos-comerciais-inovacao-e-eficiencia-no-design-de-lojas-e-escritorios\/#respond\"]}]},{\"@type\":\"WebPage\",\"@id\":\"https:\/\/jornalfatosenoticias.com.br\/index.php\/2024\/06\/20\/flexibilidade-e-modularidade-em-espacos-comerciais-inovacao-e-eficiencia-no-design-de-lojas-e-escritorios\/\",\"url\":\"https:\/\/jornalfatosenoticias.com.br\/index.php\/2024\/06\/20\/flexibilidade-e-modularidade-em-espacos-comerciais-inovacao-e-eficiencia-no-design-de-lojas-e-escritorios\/\",\"name\":\"Flexibilidade e modularidade em espa\u00e7os comerciais: inova\u00e7\u00e3o e efici\u00eancia no design de lojas e escrit\u00f3rios - Jornal Fatos e Not\u00edcias\",\"isPartOf\":{\"@id\":\"https:\/\/jornalfatosenoticias.com.br\/#website\"},\"primaryImageOfPage\":{\"@id\":\"https:\/\/jornalfatosenoticias.com.br\/index.php\/2024\/06\/20\/flexibilidade-e-modularidade-em-espacos-comerciais-inovacao-e-eficiencia-no-design-de-lojas-e-escritorios\/#primaryimage\"},\"image\":{\"@id\":\"https:\/\/jornalfatosenoticias.com.br\/index.php\/2024\/06\/20\/flexibilidade-e-modularidade-em-espacos-comerciais-inovacao-e-eficiencia-no-design-de-lojas-e-escritorios\/#primaryimage\"},\"thumbnailUrl\":\"https:\/\/jornalfatosenoticias.com.br\/wp-content\/uploads\/2024\/06\/espacos-comerciais.png\",\"datePublished\":\"2024-06-20T17:22:05+00:00\",\"dateModified\":\"2024-06-20T17:22:06+00:00\",\"breadcrumb\":{\"@id\":\"https:\/\/jornalfatosenoticias.com.br\/index.php\/2024\/06\/20\/flexibilidade-e-modularidade-em-espacos-comerciais-inovacao-e-eficiencia-no-design-de-lojas-e-escritorios\/#breadcrumb\"},\"inLanguage\":\"pt-BR\",\"potentialAction\":[{\"@type\":\"ReadAction\",\"target\":[\"https:\/\/jornalfatosenoticias.com.br\/index.php\/2024\/06\/20\/flexibilidade-e-modularidade-em-espacos-comerciais-inovacao-e-eficiencia-no-design-de-lojas-e-escritorios\/\"]}]},{\"@type\":\"ImageObject\",\"inLanguage\":\"pt-BR\",\"@id\":\"https:\/\/jornalfatosenoticias.com.br\/index.php\/2024\/06\/20\/flexibilidade-e-modularidade-em-espacos-comerciais-inovacao-e-eficiencia-no-design-de-lojas-e-escritorios\/#primaryimage\",\"url\":\"https:\/\/jornalfatosenoticias.com.br\/wp-content\/uploads\/2024\/06\/espacos-comerciais.png\",\"contentUrl\":\"https:\/\/jornalfatosenoticias.com.br\/wp-content\/uploads\/2024\/06\/espacos-comerciais.png\",\"width\":629,\"height\":359},{\"@type\":\"BreadcrumbList\",\"@id\":\"https:\/\/jornalfatosenoticias.com.br\/index.php\/2024\/06\/20\/flexibilidade-e-modularidade-em-espacos-comerciais-inovacao-e-eficiencia-no-design-de-lojas-e-escritorios\/#breadcrumb\",\"itemListElement\":[{\"@type\":\"ListItem\",\"position\":1,\"name\":\"In\u00edcio\",\"item\":\"https:\/\/jornalfatosenoticias.com.br\/\"},{\"@type\":\"ListItem\",\"position\":2,\"name\":\"Flexibilidade e modularidade em espa\u00e7os comerciais: inova\u00e7\u00e3o e efici\u00eancia no design de lojas e escrit\u00f3rios\"}]},{\"@type\":\"WebSite\",\"@id\":\"https:\/\/jornalfatosenoticias.com.br\/#website\",\"url\":\"https:\/\/jornalfatosenoticias.com.br\/\",\"name\":\"Jornal Fatos e Not\u00edcias\",\"description\":\"Not\u00edcias em geral\",\"publisher\":{\"@id\":\"https:\/\/jornalfatosenoticias.com.br\/#organization\"},\"potentialAction\":[{\"@type\":\"SearchAction\",\"target\":{\"@type\":\"EntryPoint\",\"urlTemplate\":\"https:\/\/jornalfatosenoticias.com.br\/?s={search_term_string}\"},\"query-input\":{\"@type\":\"PropertyValueSpecification\",\"valueRequired\":true,\"valueName\":\"search_term_string\"}}],\"inLanguage\":\"pt-BR\"},{\"@type\":\"Organization\",\"@id\":\"https:\/\/jornalfatosenoticias.com.br\/#organization\",\"name\":\"Jornal Fatos e Not\u00edcias\",\"url\":\"https:\/\/jornalfatosenoticias.com.br\/\",\"logo\":{\"@type\":\"ImageObject\",\"inLanguage\":\"pt-BR\",\"@id\":\"https:\/\/jornalfatosenoticias.com.br\/#\/schema\/logo\/image\/\",\"url\":\"https:\/\/jornalfatosenoticias.com.br\/wp-content\/uploads\/2020\/02\/logo120.png\",\"contentUrl\":\"https:\/\/jornalfatosenoticias.com.br\/wp-content\/uploads\/2020\/02\/logo120.png\",\"width\":1227,\"height\":120,\"caption\":\"Jornal Fatos e Not\u00edcias\"},\"image\":{\"@id\":\"https:\/\/jornalfatosenoticias.com.br\/#\/schema\/logo\/image\/\"}},{\"@type\":\"Person\",\"@id\":\"https:\/\/jornalfatosenoticias.com.br\/#\/schema\/person\/d63837fa13ac8666eb9e74e0985d6f81\",\"name\":\"Luzimara Fernandes\",\"image\":{\"@type\":\"ImageObject\",\"inLanguage\":\"pt-BR\",\"@id\":\"https:\/\/jornalfatosenoticias.com.br\/#\/schema\/person\/image\/\",\"url\":\"https:\/\/jornalfatosenoticias.com.br\/wp-content\/uploads\/2025\/05\/EU_portal.jpg\",\"contentUrl\":\"https:\/\/jornalfatosenoticias.com.br\/wp-content\/uploads\/2025\/05\/EU_portal.jpg\",\"caption\":\"Luzimara Fernandes\"},\"description\":\"Jornalista MTB 2358-ES\",\"sameAs\":[\"https:\/\/jornalfatosenoticias.com.br\"],\"url\":\"https:\/\/jornalfatosenoticias.com.br\/index.php\/author\/luzimara\/\"}]}<\/script>\n<!-- \/ Yoast SEO plugin. -->","yoast_head_json":{"title":"Flexibilidade e modularidade em espa\u00e7os comerciais: inova\u00e7\u00e3o e efici\u00eancia no design de lojas e escrit\u00f3rios - Jornal Fatos e Not\u00edcias","robots":{"index":"index","follow":"follow","max-snippet":"max-snippet:-1","max-image-preview":"max-image-preview:large","max-video-preview":"max-video-preview:-1"},"canonical":"https:\/\/jornalfatosenoticias.com.br\/index.php\/2024\/06\/20\/flexibilidade-e-modularidade-em-espacos-comerciais-inovacao-e-eficiencia-no-design-de-lojas-e-escritorios\/","og_locale":"pt_BR","og_type":"article","og_title":"Flexibilidade e modularidade em espa\u00e7os comerciais: inova\u00e7\u00e3o e efici\u00eancia no design de lojas e escrit\u00f3rios - Jornal Fatos e Not\u00edcias","og_description":"Sof\u00e1s modulares para interiores flex\u00edveis, brincando com a geometria Por Elaine Carminati A din\u00e2mica do mercado atual exige que os espa\u00e7os comerciais sejam adapt\u00e1veis e capazes de evoluir com rapidez. A flexibilidade e modularidade no design de lojas e escrit\u00f3rios est\u00e3o se tornando essenciais para atender \u00e0s mudan\u00e7as nas demandas dos consumidores e funcion\u00e1rios. Este [&hellip;]","og_url":"https:\/\/jornalfatosenoticias.com.br\/index.php\/2024\/06\/20\/flexibilidade-e-modularidade-em-espacos-comerciais-inovacao-e-eficiencia-no-design-de-lojas-e-escritorios\/","og_site_name":"Jornal Fatos e Not\u00edcias","article_published_time":"2024-06-20T17:22:05+00:00","article_modified_time":"2024-06-20T17:22:06+00:00","og_image":[{"width":629,"height":359,"url":"https:\/\/jornalfatosenoticias.com.br\/wp-content\/uploads\/2024\/06\/espacos-comerciais.png","type":"image\/png"}],"author":"Luzimara Fernandes","twitter_card":"summary_large_image","twitter_misc":{"Escrito por":"Luzimara Fernandes","Est. tempo de leitura":"3 minutos"},"schema":{"@context":"https:\/\/schema.org","@graph":[{"@type":"Article","@id":"https:\/\/jornalfatosenoticias.com.br\/index.php\/2024\/06\/20\/flexibilidade-e-modularidade-em-espacos-comerciais-inovacao-e-eficiencia-no-design-de-lojas-e-escritorios\/#article","isPartOf":{"@id":"https:\/\/jornalfatosenoticias.com.br\/index.php\/2024\/06\/20\/flexibilidade-e-modularidade-em-espacos-comerciais-inovacao-e-eficiencia-no-design-de-lojas-e-escritorios\/"},"author":{"name":"Luzimara Fernandes","@id":"https:\/\/jornalfatosenoticias.com.br\/#\/schema\/person\/d63837fa13ac8666eb9e74e0985d6f81"},"headline":"Flexibilidade e modularidade em espa\u00e7os comerciais: inova\u00e7\u00e3o e efici\u00eancia no design de lojas e escrit\u00f3rios","datePublished":"2024-06-20T17:22:05+00:00","dateModified":"2024-06-20T17:22:06+00:00","mainEntityOfPage":{"@id":"https:\/\/jornalfatosenoticias.com.br\/index.php\/2024\/06\/20\/flexibilidade-e-modularidade-em-espacos-comerciais-inovacao-e-eficiencia-no-design-de-lojas-e-escritorios\/"},"wordCount":681,"commentCount":0,"publisher":{"@id":"https:\/\/jornalfatosenoticias.com.br\/#organization"},"image":{"@id":"https:\/\/jornalfatosenoticias.com.br\/index.php\/2024\/06\/20\/flexibilidade-e-modularidade-em-espacos-comerciais-inovacao-e-eficiencia-no-design-de-lojas-e-escritorios\/#primaryimage"},"thumbnailUrl":"https:\/\/jornalfatosenoticias.com.br\/wp-content\/uploads\/2024\/06\/espacos-comerciais.png","keywords":["design","escrit\u00f3rios","espa\u00e7os comerciais","inova\u00e7\u00e3o","modularidade"],"articleSection":["Arq &amp; Urb"],"inLanguage":"pt-BR","potentialAction":[{"@type":"CommentAction","name":"Comment","target":["https:\/\/jornalfatosenoticias.com.br\/index.php\/2024\/06\/20\/flexibilidade-e-modularidade-em-espacos-comerciais-inovacao-e-eficiencia-no-design-de-lojas-e-escritorios\/#respond"]}]},{"@type":"WebPage","@id":"https:\/\/jornalfatosenoticias.com.br\/index.php\/2024\/06\/20\/flexibilidade-e-modularidade-em-espacos-comerciais-inovacao-e-eficiencia-no-design-de-lojas-e-escritorios\/","url":"https:\/\/jornalfatosenoticias.com.br\/index.php\/2024\/06\/20\/flexibilidade-e-modularidade-em-espacos-comerciais-inovacao-e-eficiencia-no-design-de-lojas-e-escritorios\/","name":"Flexibilidade e modularidade em espa\u00e7os comerciais: inova\u00e7\u00e3o e efici\u00eancia no design de lojas e escrit\u00f3rios - Jornal Fatos e Not\u00edcias","isPartOf":{"@id":"https:\/\/jornalfatosenoticias.com.br\/#website"},"primaryImageOfPage":{"@id":"https:\/\/jornalfatosenoticias.com.br\/index.php\/2024\/06\/20\/flexibilidade-e-modularidade-em-espacos-comerciais-inovacao-e-eficiencia-no-design-de-lojas-e-escritorios\/#primaryimage"},"image":{"@id":"https:\/\/jornalfatosenoticias.com.br\/index.php\/2024\/06\/20\/flexibilidade-e-modularidade-em-espacos-comerciais-inovacao-e-eficiencia-no-design-de-lojas-e-escritorios\/#primaryimage"},"thumbnailUrl":"https:\/\/jornalfatosenoticias.com.br\/wp-content\/uploads\/2024\/06\/espacos-comerciais.png","datePublished":"2024-06-20T17:22:05+00:00","dateModified":"2024-06-20T17:22:06+00:00","breadcrumb":{"@id":"https:\/\/jornalfatosenoticias.com.br\/index.php\/2024\/06\/20\/flexibilidade-e-modularidade-em-espacos-comerciais-inovacao-e-eficiencia-no-design-de-lojas-e-escritorios\/#breadcrumb"},"inLanguage":"pt-BR","potentialAction":[{"@type":"ReadAction","target":["https:\/\/jornalfatosenoticias.com.br\/index.php\/2024\/06\/20\/flexibilidade-e-modularidade-em-espacos-comerciais-inovacao-e-eficiencia-no-design-de-lojas-e-escritorios\/"]}]},{"@type":"ImageObject","inLanguage":"pt-BR","@id":"https:\/\/jornalfatosenoticias.com.br\/index.php\/2024\/06\/20\/flexibilidade-e-modularidade-em-espacos-comerciais-inovacao-e-eficiencia-no-design-de-lojas-e-escritorios\/#primaryimage","url":"https:\/\/jornalfatosenoticias.com.br\/wp-content\/uploads\/2024\/06\/espacos-comerciais.png","contentUrl":"https:\/\/jornalfatosenoticias.com.br\/wp-content\/uploads\/2024\/06\/espacos-comerciais.png","width":629,"height":359},{"@type":"BreadcrumbList","@id":"https:\/\/jornalfatosenoticias.com.br\/index.php\/2024\/06\/20\/flexibilidade-e-modularidade-em-espacos-comerciais-inovacao-e-eficiencia-no-design-de-lojas-e-escritorios\/#breadcrumb","itemListElement":[{"@type":"ListItem","position":1,"name":"In\u00edcio","item":"https:\/\/jornalfatosenoticias.com.br\/"},{"@type":"ListItem","position":2,"name":"Flexibilidade e modularidade em espa\u00e7os comerciais: inova\u00e7\u00e3o e efici\u00eancia no design de lojas e escrit\u00f3rios"}]},{"@type":"WebSite","@id":"https:\/\/jornalfatosenoticias.com.br\/#website","url":"https:\/\/jornalfatosenoticias.com.br\/","name":"Jornal Fatos e Not\u00edcias","description":"Not\u00edcias em geral","publisher":{"@id":"https:\/\/jornalfatosenoticias.com.br\/#organization"},"potentialAction":[{"@type":"SearchAction","target":{"@type":"EntryPoint","urlTemplate":"https:\/\/jornalfatosenoticias.com.br\/?s={search_term_string}"},"query-input":{"@type":"PropertyValueSpecification","valueRequired":true,"valueName":"search_term_string"}}],"inLanguage":"pt-BR"},{"@type":"Organization","@id":"https:\/\/jornalfatosenoticias.com.br\/#organization","name":"Jornal Fatos e Not\u00edcias","url":"https:\/\/jornalfatosenoticias.com.br\/","logo":{"@type":"ImageObject","inLanguage":"pt-BR","@id":"https:\/\/jornalfatosenoticias.com.br\/#\/schema\/logo\/image\/","url":"https:\/\/jornalfatosenoticias.com.br\/wp-content\/uploads\/2020\/02\/logo120.png","contentUrl":"https:\/\/jornalfatosenoticias.com.br\/wp-content\/uploads\/2020\/02\/logo120.png","width":1227,"height":120,"caption":"Jornal Fatos e Not\u00edcias"},"image":{"@id":"https:\/\/jornalfatosenoticias.com.br\/#\/schema\/logo\/image\/"}},{"@type":"Person","@id":"https:\/\/jornalfatosenoticias.com.br\/#\/schema\/person\/d63837fa13ac8666eb9e74e0985d6f81","name":"Luzimara Fernandes","image":{"@type":"ImageObject","inLanguage":"pt-BR","@id":"https:\/\/jornalfatosenoticias.com.br\/#\/schema\/person\/image\/","url":"https:\/\/jornalfatosenoticias.com.br\/wp-content\/uploads\/2025\/05\/EU_portal.jpg","contentUrl":"https:\/\/jornalfatosenoticias.com.br\/wp-content\/uploads\/2025\/05\/EU_portal.jpg","caption":"Luzimara Fernandes"},"description":"Jornalista MTB 2358-ES","sameAs":["https:\/\/jornalfatosenoticias.com.br"],"url":"https:\/\/jornalfatosenoticias.com.br\/index.php\/author\/luzimara\/"}]}},"cc_featured_image_caption":{"caption_text":"(Foto: Reprodu\u00e7\u00e3o)","source_text":"","source_url":""},"jetpack_featured_media_url":"https:\/\/jornalfatosenoticias.com.br\/wp-content\/uploads\/2024\/06\/espacos-comerciais.png","_links":{"self":[{"href":"https:\/\/jornalfatosenoticias.com.br\/index.php\/wp-json\/wp\/v2\/posts\/52131","targetHints":{"allow":["GET"]}}],"collection":[{"href":"https:\/\/jornalfatosenoticias.com.br\/index.php\/wp-json\/wp\/v2\/posts"}],"about":[{"href":"https:\/\/jornalfatosenoticias.com.br\/index.php\/wp-json\/wp\/v2\/types\/post"}],"author":[{"embeddable":true,"href":"https:\/\/jornalfatosenoticias.com.br\/index.php\/wp-json\/wp\/v2\/users\/2"}],"replies":[{"embeddable":true,"href":"https:\/\/jornalfatosenoticias.com.br\/index.php\/wp-json\/wp\/v2\/comments?post=52131"}],"version-history":[{"count":0,"href":"https:\/\/jornalfatosenoticias.com.br\/index.php\/wp-json\/wp\/v2\/posts\/52131\/revisions"}],"wp:featuredmedia":[{"embeddable":true,"href":"https:\/\/jornalfatosenoticias.com.br\/index.php\/wp-json\/wp\/v2\/media\/52134"}],"wp:attachment":[{"href":"https:\/\/jornalfatosenoticias.com.br\/index.php\/wp-json\/wp\/v2\/media?parent=52131"}],"wp:term":[{"taxonomy":"category","embeddable":true,"href":"https:\/\/jornalfatosenoticias.com.br\/index.php\/wp-json\/wp\/v2\/categories?post=52131"},{"taxonomy":"post_tag","embeddable":true,"href":"https:\/\/jornalfatosenoticias.com.br\/index.php\/wp-json\/wp\/v2\/tags?post=52131"}],"curies":[{"name":"wp","href":"https:\/\/api.w.org\/{rel}","templated":true}]}}