{"id":52150,"date":"2024-06-20T15:30:46","date_gmt":"2024-06-20T18:30:46","guid":{"rendered":"https:\/\/jornalfatosenoticias.com.br\/?p=52150"},"modified":"2024-06-20T15:30:47","modified_gmt":"2024-06-20T18:30:47","slug":"governo-lula-piora-numeros-genocidas-mas-se-safa-de-ira-ambientalista","status":"publish","type":"post","link":"https:\/\/jornalfatosenoticias.com.br\/index.php\/2024\/06\/20\/governo-lula-piora-numeros-genocidas-mas-se-safa-de-ira-ambientalista\/","title":{"rendered":"Governo Lula piora n\u00fameros \u201cgenocidas\u201d, mas se safa de ira ambientalista"},"content":{"rendered":"\n<p><em><span class=\"has-inline-color has-black-color\">Marina Silva, ministra do Meio Ambiente, e Lula<\/span><\/em><\/p>\n\n\n\n<p><span class=\"has-inline-color has-black-color\">Por <strong><a href=\"https:\/\/www.gazetadopovo.com.br\/autor\/leonardo-desideri\/\">Leonardo Desideri<\/a><\/strong><\/span><\/p>\n\n\n\n<div class=\"wp-block-image\"><figure class=\"aligncenter size-large\"><a href=\"https:\/\/mizu.com.br\/\"><img loading=\"lazy\" decoding=\"async\" width=\"729\" height=\"90\" src=\"https:\/\/jornalfatosenoticias.com.br\/wp-content\/uploads\/2020\/02\/Logo_Mizu.png\" alt=\"\" class=\"wp-image-1441\" srcset=\"https:\/\/jornalfatosenoticias.com.br\/wp-content\/uploads\/2020\/02\/Logo_Mizu.png 729w, https:\/\/jornalfatosenoticias.com.br\/wp-content\/uploads\/2020\/02\/Logo_Mizu-300x37.png 300w\" sizes=\"auto, (max-width: 729px) 100vw, 729px\" \/><\/a><\/figure><\/div>\n\n\n\n<p>O governo Lula vem obtendo consistentemente n\u00fameros semelhantes ou piores que os do governo Bolsonaro em quantidade de queimadas em florestas e em quest\u00f5es sanit\u00e1rias relacionadas a ind\u00edgenas. O mau desempenho n\u00e3o \u00e9 acompanhado, contudo, da intensa rea\u00e7\u00e3o de ONGs, pol\u00edticos e celebridades nacionais e internacionais militantes dessas causas que marcou a gest\u00e3o anterior.<br>Especialmente nos anos de 2020 e 2021, ep\u00edtetos como &#8220;genocida&#8221; e &#8220;Nero da Amaz\u00f4nia&#8221; foram usados contra o ex-presidente Jair Bolsonaro e Ricardo Salles, seu ministro do Meio Ambiente, por diversas figuras p\u00fablicas, ambientalistas e celebridades internacionais que criticavam de forma veemente suas a\u00e7\u00f5es para a Amaz\u00f4nia e o Pantanal e suas pol\u00edticas voltadas a ind\u00edgenas.<\/p>\n\n\n\n<div class=\"wp-block-image\"><figure class=\"aligncenter size-large is-resized\"><img loading=\"lazy\" decoding=\"async\" src=\"https:\/\/jornalfatosenoticias.com.br\/wp-content\/uploads\/2022\/02\/Precisao-Contabilidade-1024x724.jpg\" alt=\"\" class=\"wp-image-28088\" width=\"344\" height=\"243\"\/><\/figure><\/div>\n\n\n\n<p>Artistas como Caetano Veloso, Let\u00edcia Sabatella, Leonardo DiCaprio, Wagner Moura e Mark Ruffalo assinaram manifestos, participaram de protestos e campanhas e fizeram diversas postagens cr\u00edticas \u00e0s pol\u00edticas do governo que supostamente estavam marcando um divisor de \u00e1guas negativo para a Amaz\u00f4nia e os direitos dos povos ind\u00edgenas.<\/p>\n\n\n\n<div class=\"wp-block-image\"><figure class=\"aligncenter size-large is-resized\"><a href=\"https:\/\/www.instagram.com\/rapuzeljastro\/\"><img loading=\"lazy\" decoding=\"async\" src=\"https:\/\/jornalfatosenoticias.com.br\/wp-content\/uploads\/2020\/02\/logo-Rapuzel-1024x571.jpg\" alt=\"\" class=\"wp-image-42808\" width=\"371\" height=\"207\" srcset=\"https:\/\/jornalfatosenoticias.com.br\/wp-content\/uploads\/2020\/02\/logo-Rapuzel-1024x571.jpg 1024w, https:\/\/jornalfatosenoticias.com.br\/wp-content\/uploads\/2020\/02\/logo-Rapuzel-300x167.jpg 300w, https:\/\/jornalfatosenoticias.com.br\/wp-content\/uploads\/2020\/02\/logo-Rapuzel-768x428.jpg 768w, https:\/\/jornalfatosenoticias.com.br\/wp-content\/uploads\/2020\/02\/logo-Rapuzel-1536x856.jpg 1536w, https:\/\/jornalfatosenoticias.com.br\/wp-content\/uploads\/2020\/02\/logo-Rapuzel.jpg 1600w\" sizes=\"auto, (max-width: 371px) 100vw, 371px\" \/><\/a><\/figure><\/div>\n\n\n\n<p>No come\u00e7o do governo Lula, a promessa foi um tratamento de choque para sanar o problema. At\u00e9 o momento, o desempenho \u00e9 parecido e, em muitos aspectos, pior. Em rela\u00e7\u00e3o \u00e0 quest\u00e3o ind\u00edgena, como mostrou recentemente a Gazeta do Povo, o governo tem ocultado dados sobre os \u00f3bitos de yanomamis, mas informa\u00e7\u00f5es j\u00e1 divulgadas de 2023 revelam que Lula e seus ministros n\u00e3o conseguiram aplacar a hist\u00f3rica tend\u00eancia de crescimento nas mortes, frequentemente atribu\u00edda ao aumento do garimpo, dos casos de mal\u00e1ria e da desnutri\u00e7\u00e3o. Mais do que isso, o atual Executivo teve n\u00fameros piores que os do anterior. Em 2023, houve um aumento de 5,8% nas mortes em rela\u00e7\u00e3o a 2022 na terra yanomami.<\/p>\n\n\n\n<div class=\"wp-block-image\"><figure class=\"aligncenter size-large\"><a href=\"https:\/\/cesconetto.com.br\/\"><img loading=\"lazy\" decoding=\"async\" width=\"300\" height=\"250\" src=\"https:\/\/jornalfatosenoticias.com.br\/wp-content\/uploads\/2020\/02\/Banner-2.png\" alt=\"\" class=\"wp-image-43787\"\/><\/a><\/figure><\/div>\n\n\n\n<p>Quanto \u00e0s queimadas, os n\u00fameros tamb\u00e9m n\u00e3o t\u00eam sido favor\u00e1veis para Lula. De janeiro a maio de 2024, por exemplo, o Brasil teve 23.506 queimadas, o maior n\u00famero de sua hist\u00f3ria para esse per\u00edodo do ano, superando com folga o pior ano sob o governo Bolsonaro, 2019, quando ocorreram 17.703 queimadas de janeiro a maio, de acordo com dados do Instituto Nacional de Pesquisas Espaciais (Inpe).<\/p>\n\n\n\n<div class=\"wp-block-image\"><figure class=\"aligncenter size-large is-resized\"><a href=\"https:\/\/www.facebook.com\/Esteio-Churrascaria-Barbecue-103643461220402\/\"><img loading=\"lazy\" decoding=\"async\" src=\"https:\/\/jornalfatosenoticias.com.br\/wp-content\/uploads\/2020\/02\/logo_esteio.jpg\" alt=\"\" class=\"wp-image-1214\" width=\"352\" height=\"293\"\/><\/a><\/figure><\/div>\n\n\n\n<p>O ano ainda n\u00e3o chegou \u00e0 metade, mas a quantidade de queimadas no Pantanal brasileiro de 2024 j\u00e1 \u00e9, em n\u00fameros absolutos, a segunda maior dos \u00faltimos 15 anos. O \u00edndice s\u00f3 est\u00e1 atr\u00e1s, at\u00e9 o momento, da maior alta da hist\u00f3ria, ocorrida em 2020, mas a tend\u00eancia \u00e9 que os n\u00fameros deste ano superem o recorde. O m\u00eas de junho, ainda longe de terminar, j\u00e1 \u00e9 o pior de toda a s\u00e9rie hist\u00f3rica registrada.<\/p>\n\n\n\n<div class=\"wp-block-image\"><figure class=\"aligncenter size-large\"><a href=\"http:\/\/www.ferrarimaquinas.com.br\/\"><img loading=\"lazy\" decoding=\"async\" width=\"300\" height=\"250\" src=\"https:\/\/jornalfatosenoticias.com.br\/wp-content\/uploads\/2022\/02\/FERRARI_MAQUINAS-E-FERRAMENTAS2.jpg\" alt=\"\" class=\"wp-image-27860\"\/><\/a><\/figure><\/div>\n\n\n\n<p>Em 2023, embora os n\u00fameros n\u00e3o tenham sido t\u00e3o altos quanto os de 2024, tampouco foram muito melhores que os de anos anteriores. Na Amaz\u00f4nia, por exemplo, o ano passado teve mais queimadas que os anos de 2021 e 2022.<br>A principal causa que tem sido propalada pela esquerda para o caso do Pantanal \u2014 a seca \u2014 n\u00e3o \u00e9 falsa, e j\u00e1 foi apontada pela Gazeta do Povo em outras ocasi\u00f5es. Trata-se de um problema sazonal, que em alguns anos imp\u00f5e mais desafios do que em outros, como no caso de 2020 e no deste ano. Os personagens implac\u00e1veis com Bolsonaro quatro anos atr\u00e1s, contudo, t\u00eam se mantido calados em 2024.<\/p>\n\n\n\n<div class=\"wp-block-image\"><figure class=\"aligncenter size-large is-resized\"><a href=\"https:\/\/hotelmarquetti.com.br\/\"><img loading=\"lazy\" decoding=\"async\" src=\"https:\/\/jornalfatosenoticias.com.br\/wp-content\/uploads\/2023\/03\/nova-logo-Marquetti.jpg\" alt=\"\" class=\"wp-image-40207\" width=\"343\" height=\"230\" srcset=\"https:\/\/jornalfatosenoticias.com.br\/wp-content\/uploads\/2023\/03\/nova-logo-Marquetti.jpg 643w, https:\/\/jornalfatosenoticias.com.br\/wp-content\/uploads\/2023\/03\/nova-logo-Marquetti-300x202.jpg 300w\" sizes=\"auto, (max-width: 343px) 100vw, 343px\" \/><\/a><\/figure><\/div>\n\n\n\n<p>Para o cientista pol\u00edtico Adriano Cerqueira, professor do Ibmec-BH e da Universidade Federal de Ouro Preto (Ufop), a milit\u00e2ncia pol\u00edtica e o enviesamento impedem uma defesa honesta e coerente das pautas sobre meio ambiente e a quest\u00e3o ind\u00edgena. &#8220;H\u00e1 um processo de coopta\u00e7\u00e3o pol\u00edtica que faz com que eles evitem fazer den\u00fancias contra o governo do qual eles fazem parte&#8221;, observa.<\/p>\n\n\n\n<div class=\"wp-block-image\"><figure class=\"aligncenter size-large is-resized\"><a href=\"https:\/\/panper.com.br\/\"><img loading=\"lazy\" decoding=\"async\" src=\"https:\/\/jornalfatosenoticias.com.br\/wp-content\/uploads\/2023\/03\/logo-Panper_portal.jpg\" alt=\"\" class=\"wp-image-40208\" width=\"370\" height=\"256\" srcset=\"https:\/\/jornalfatosenoticias.com.br\/wp-content\/uploads\/2023\/03\/logo-Panper_portal.jpg 400w, https:\/\/jornalfatosenoticias.com.br\/wp-content\/uploads\/2023\/03\/logo-Panper_portal-300x208.jpg 300w\" sizes=\"auto, (max-width: 370px) 100vw, 370px\" \/><\/a><\/figure><\/div>\n\n\n\n<p>Na segunda-feira (17), a atual ministra do Meio Ambiente, Marina Silva, pediu a Lula mais recursos para enfrentar o problema. Historicamente vinculada a essas pautas, Marina foi a figura escolhida no in\u00edcio do governo por Lula para entregar de forma imediata uma aura de prote\u00e7\u00e3o ao meio ambiente que atendia a certo p\u00fablico \u2014 mas at\u00e9 isso tende a estar com os dias contados diante da persist\u00eancia dos resultados negativos.<\/p>\n\n\n\n<div class=\"wp-block-image\"><figure class=\"aligncenter size-large is-resized\"><a href=\"https:\/\/www.facebook.com\/postobkr\/?locale=pt_BR\"><img loading=\"lazy\" decoding=\"async\" src=\"https:\/\/jornalfatosenoticias.com.br\/wp-content\/uploads\/2023\/08\/BKR-1024x1021.jpg\" alt=\"\" class=\"wp-image-44494\" width=\"310\" height=\"309\" srcset=\"https:\/\/jornalfatosenoticias.com.br\/wp-content\/uploads\/2023\/08\/BKR-1024x1021.jpg 1024w, https:\/\/jornalfatosenoticias.com.br\/wp-content\/uploads\/2023\/08\/BKR-300x300.jpg 300w, https:\/\/jornalfatosenoticias.com.br\/wp-content\/uploads\/2023\/08\/BKR-150x150.jpg 150w, https:\/\/jornalfatosenoticias.com.br\/wp-content\/uploads\/2023\/08\/BKR-768x766.jpg 768w, https:\/\/jornalfatosenoticias.com.br\/wp-content\/uploads\/2023\/08\/BKR.jpg 1080w\" sizes=\"auto, (max-width: 310px) 100vw, 310px\" \/><\/a><\/figure><\/div>\n\n\n\n<blockquote class=\"wp-block-quote is-layout-flow wp-block-quote-is-layout-flow\"><p><span class=\"has-inline-color has-luminous-vivid-orange-color\">Marina Silva, que, ao que tudo indica, se resignou ao papel secund\u00e1rio de sat\u00e9lite do caudilho vermelho, v\u00ea seu prest\u00edgio desidratar velozmente, a n\u00e3o ser em bols\u00f5es lacradores incorrig\u00edveis de ONGs mercen\u00e1rias e na cabecinha vazia de alguns astros e estrelas do mundo do entretenimento&#8221;, afirma o cientista pol\u00edtico Paulo Kramer.<\/span><\/p><\/blockquote>\n\n\n\n<div class=\"wp-block-image\"><figure class=\"aligncenter size-large is-resized\"><a href=\"https:\/\/www.instagram.com\/restaurantepegoretti\/\"><img loading=\"lazy\" decoding=\"async\" src=\"https:\/\/jornalfatosenoticias.com.br\/wp-content\/uploads\/2023\/12\/pegoretti-logo-pdf-1024x389.jpg\" alt=\"\" class=\"wp-image-47536\" width=\"496\" height=\"188\" srcset=\"https:\/\/jornalfatosenoticias.com.br\/wp-content\/uploads\/2023\/12\/pegoretti-logo-pdf-1024x389.jpg 1024w, https:\/\/jornalfatosenoticias.com.br\/wp-content\/uploads\/2023\/12\/pegoretti-logo-pdf-300x114.jpg 300w, https:\/\/jornalfatosenoticias.com.br\/wp-content\/uploads\/2023\/12\/pegoretti-logo-pdf-768x291.jpg 768w, https:\/\/jornalfatosenoticias.com.br\/wp-content\/uploads\/2023\/12\/pegoretti-logo-pdf.jpg 1120w\" sizes=\"auto, (max-width: 496px) 100vw, 496px\" \/><\/a><\/figure><\/div>\n\n\n\n<p><strong><span class=\"has-inline-color has-vivid-green-cyan-color\">Relembre momentos em que ambientalistas fizeram den\u00fancias contra o governo Bolsonaro<br><\/span><\/strong>Ao longo do governo Bolsonaro, diversas figuras p\u00fablicas, ambientalistas e celebridades internacionais criticaram de forma veemente suas a\u00e7\u00f5es no campo do meio ambiente e das pol\u00edticas voltadas a ind\u00edgenas. No in\u00edcio de 2020, mais de mil artistas brasileiros, incluindo Caetano Veloso e Chico Buarque, assinaram uma carta publicada no jornal brit\u00e2nico <em>The Guardian<\/em>, denunciando, entre outras coisas, as pol\u00edticas do governo que supostamente estariam colocando em risco a floresta amaz\u00f4nica e os direitos dos povos ind\u00edgenas.<\/p>\n\n\n\n<div class=\"wp-block-image\"><figure class=\"aligncenter size-large is-resized\"><a href=\"https:\/\/www.ithbrasil.com.br\/\"><img loading=\"lazy\" decoding=\"async\" src=\"https:\/\/jornalfatosenoticias.com.br\/wp-content\/uploads\/2023\/08\/ITH.jpeg\" alt=\"\" class=\"wp-image-44638\" width=\"331\" height=\"269\" srcset=\"https:\/\/jornalfatosenoticias.com.br\/wp-content\/uploads\/2023\/08\/ITH.jpeg 800w, https:\/\/jornalfatosenoticias.com.br\/wp-content\/uploads\/2023\/08\/ITH-300x244.jpeg 300w, https:\/\/jornalfatosenoticias.com.br\/wp-content\/uploads\/2023\/08\/ITH-768x624.jpeg 768w\" sizes=\"auto, (max-width: 331px) 100vw, 331px\" \/><\/a><\/figure><\/div>\n\n\n\n<p>Em 2020, v\u00e1rios artistas assinaram uma carta em defesa do Pantanal, criticando a pol\u00edtica ambiental do governo Bolsonaro e destacando a necessidade de proteger o bioma, que estava sofrendo com inc\u00eandios. Entre os artistas estavam os atores Luc\u00e9lia Santos, Marcos Palmeira, Thiago Lacerda, Let\u00edcia Sabatella e Dira Paes, e os cantores Renato Braz, Tet\u00ea Esp\u00edndola, Almir Sater e Vera e Zuleika. Nenhum deles se manifestou sobre os inc\u00eandios de junho de 2024, que s\u00e3o, por enquanto, 80% maiores que os de junho de 2020.<\/p>\n\n\n\n<div class=\"wp-block-image\"><figure class=\"aligncenter size-large\"><a href=\"https:\/\/www.instagram.com\/baraodascarnes.es\/\"><img decoding=\"async\" src=\"https:\/\/jornalfatosenoticias.com.br\/wp-content\/uploads\/2020\/02\/barao-das-carnes-300x164-1.jpg\" alt=\"\" class=\"wp-image-34339\"\/><\/a><\/figure><\/div>\n\n\n\n<p>Bolsonaro tamb\u00e9m foi alvo de algumas den\u00fancias no Tribunal Penal Internacional, como uma protocolada pela ONG austr\u00edaca All Rise e outra pelo cacique Raoni Metuktire, ambas em 2021, acusando o presidente de crimes ambientais e de promover pol\u00edticas que amea\u00e7am as comunidades ind\u00edgenas.<br>Em mar\u00e7o de 2022, o &#8220;Ato pela Terra&#8221; reuniu diversos artistas e organiza\u00e7\u00f5es em Bras\u00edlia para denunciar o que chamaram de &#8220;Pacote da Destrui\u00e7\u00e3o&#8221;, um conjunto de projetos de lei encampados por parte da direita que, segundo os cr\u00edticos, enfraqueceriam a legisla\u00e7\u00e3o ambiental brasileira e as pol\u00edticas para ind\u00edgenas. Entre os participantes estavam personalidades como Caetano Veloso, Bruno Gagliasso, Let\u00edcia Sabatella, Seu Jorge, Criolo e Emicida.<\/p>\n\n\n\n<div class=\"wp-block-image\"><figure class=\"aligncenter size-large is-resized\"><a href=\"https:\/\/www.facebook.com\/vetor.vix\/\"><img loading=\"lazy\" decoding=\"async\" src=\"https:\/\/jornalfatosenoticias.com.br\/wp-content\/uploads\/2023\/09\/vetorvix1024_1.jpg\" alt=\"\" class=\"wp-image-44868\" width=\"524\" height=\"139\" srcset=\"https:\/\/jornalfatosenoticias.com.br\/wp-content\/uploads\/2023\/09\/vetorvix1024_1.jpg 1024w, https:\/\/jornalfatosenoticias.com.br\/wp-content\/uploads\/2023\/09\/vetorvix1024_1-300x80.jpg 300w, https:\/\/jornalfatosenoticias.com.br\/wp-content\/uploads\/2023\/09\/vetorvix1024_1-768x205.jpg 768w\" sizes=\"auto, (max-width: 524px) 100vw, 524px\" \/><\/a><\/figure><\/div>\n\n\n\n<p>Em setembro de 2022, um grupo de artistas brasileiros, liderado por Wagner Moura, lan\u00e7ou uma m\u00fasica chamada &#8220;Hino ao Inomin\u00e1vel&#8221;, criticando o presidente Bolsonaro e denunciando suas pol\u00edticas ambientais e de direitos humanos.<\/p>\n\n\n\n<div class=\"wp-block-image\"><figure class=\"aligncenter size-large is-resized\"><a href=\"https:\/\/www.facebook.com\/Esteio-Churrascaria-Barbecue-103643461220402\/\"><img loading=\"lazy\" decoding=\"async\" src=\"https:\/\/jornalfatosenoticias.com.br\/wp-content\/uploads\/2020\/02\/logo_esteio.jpg\" alt=\"\" class=\"wp-image-1214\" width=\"318\" height=\"265\"\/><\/a><\/figure><\/div>\n\n\n\n<p>Celebridades internacionais como Leonardo DiCaprio e Mark Ruffalo tamb\u00e9m manifestaram preocupa\u00e7\u00e3o com o desmatamento e a minera\u00e7\u00e3o em terras ind\u00edgenas no Brasil em diversas ocasi\u00f5es. Em 2019, por exemplo, quando as queimadas na Amaz\u00f4nia ganharam destaque mundial, DiCaprio criticou o governo brasileiro, apontando que a falta de pol\u00edticas ambientais estava contribuindo para a degrada\u00e7\u00e3o do bioma. Em maio de 2021, o ator usou suas redes sociais para condenar a expans\u00e3o do garimpo em \u00e1reas protegidas no Brasil, argumentando que essas atividades amea\u00e7am a biodiversidade e os direitos das popula\u00e7\u00f5es ind\u00edgenas.<\/p>\n\n\n\n<div class=\"wp-block-image\"><figure class=\"aligncenter size-large is-resized\"><a href=\"https:\/\/www.controlsystems.com.br\/\"><img loading=\"lazy\" decoding=\"async\" src=\"https:\/\/jornalfatosenoticias.com.br\/wp-content\/uploads\/2020\/02\/CONTROL-CS.jpg\" alt=\"\" class=\"wp-image-44991\" width=\"288\" height=\"345\" srcset=\"https:\/\/jornalfatosenoticias.com.br\/wp-content\/uploads\/2020\/02\/CONTROL-CS.jpg 834w, https:\/\/jornalfatosenoticias.com.br\/wp-content\/uploads\/2020\/02\/CONTROL-CS-250x300.jpg 250w, https:\/\/jornalfatosenoticias.com.br\/wp-content\/uploads\/2020\/02\/CONTROL-CS-768x921.jpg 768w\" sizes=\"auto, (max-width: 288px) 100vw, 288px\" \/><\/a><\/figure><\/div>\n\n\n\n<p><strong><em>Fonte: <a href=\"https:\/\/www.gazetadopovo.com.br\/vida-e-cidadania\/lula-piora-numeros-queimadas-indigena-genocida-ira-ambientalista\/\">Gazeta do Povo<\/a><\/em><\/strong><\/p>\n","protected":false},"excerpt":{"rendered":"<p>Marina Silva, ministra do Meio Ambiente, e Lula Por Leonardo Desideri O governo Lula vem obtendo consistentemente n\u00fameros semelhantes ou piores que os do governo Bolsonaro em quantidade de queimadas em florestas e em quest\u00f5es sanit\u00e1rias relacionadas a ind\u00edgenas. O mau desempenho n\u00e3o \u00e9 acompanhado, contudo, da intensa rea\u00e7\u00e3o de ONGs, pol\u00edticos e celebridades nacionais [&hellip;]<\/p>\n","protected":false},"author":3,"featured_media":52151,"comment_status":"open","ping_status":"open","sticky":false,"template":"","format":"standard","meta":{"footnotes":""},"categories":[10],"tags":[123,239,18062,1844,1795,7580,17819,945,775,3463,9727],"class_list":["post-52150","post","type-post","status-publish","format-standard","has-post-thumbnail","hentry","category-politica","tag-amazonia","tag-bolsonaro","tag-celebridades","tag-desmatamento","tag-jair-bolsonaro","tag-lula","tag-marina-silva","tag-meio-ambiente","tag-ong","tag-queimadas","tag-ricardo-salles"],"yoast_head":"<!-- This site is optimized with the Yoast SEO plugin v26.5 - https:\/\/yoast.com\/wordpress\/plugins\/seo\/ -->\n<title>Governo Lula piora n\u00fameros \u201cgenocidas\u201d, mas se safa de ira ambientalista - Jornal Fatos e Not\u00edcias<\/title>\n<meta name=\"robots\" content=\"index, follow, max-snippet:-1, max-image-preview:large, max-video-preview:-1\" \/>\n<link rel=\"canonical\" href=\"https:\/\/jornalfatosenoticias.com.br\/index.php\/2024\/06\/20\/governo-lula-piora-numeros-genocidas-mas-se-safa-de-ira-ambientalista\/\" \/>\n<meta property=\"og:locale\" content=\"pt_BR\" \/>\n<meta property=\"og:type\" content=\"article\" \/>\n<meta property=\"og:title\" content=\"Governo Lula piora n\u00fameros \u201cgenocidas\u201d, mas se safa de ira ambientalista - Jornal Fatos e Not\u00edcias\" \/>\n<meta property=\"og:description\" content=\"Marina Silva, ministra do Meio Ambiente, e Lula Por Leonardo Desideri O governo Lula vem obtendo consistentemente n\u00fameros semelhantes ou piores que os do governo Bolsonaro em quantidade de queimadas em florestas e em quest\u00f5es sanit\u00e1rias relacionadas a ind\u00edgenas. O mau desempenho n\u00e3o \u00e9 acompanhado, contudo, da intensa rea\u00e7\u00e3o de ONGs, pol\u00edticos e celebridades nacionais [&hellip;]\" \/>\n<meta property=\"og:url\" content=\"https:\/\/jornalfatosenoticias.com.br\/index.php\/2024\/06\/20\/governo-lula-piora-numeros-genocidas-mas-se-safa-de-ira-ambientalista\/\" \/>\n<meta property=\"og:site_name\" content=\"Jornal Fatos e Not\u00edcias\" \/>\n<meta property=\"article:published_time\" content=\"2024-06-20T18:30:46+00:00\" \/>\n<meta property=\"article:modified_time\" content=\"2024-06-20T18:30:47+00:00\" \/>\n<meta property=\"og:image\" content=\"https:\/\/jornalfatosenoticias.com.br\/wp-content\/uploads\/2024\/06\/lula-marina-silva.jpeg\" \/>\n\t<meta property=\"og:image:width\" content=\"960\" \/>\n\t<meta property=\"og:image:height\" content=\"540\" \/>\n\t<meta property=\"og:image:type\" content=\"image\/jpeg\" \/>\n<meta name=\"author\" content=\"Haroldo Filho\" \/>\n<meta name=\"twitter:card\" content=\"summary_large_image\" \/>\n<meta name=\"twitter:label1\" content=\"Escrito por\" \/>\n\t<meta name=\"twitter:data1\" content=\"Haroldo Filho\" \/>\n\t<meta name=\"twitter:label2\" content=\"Est. tempo de leitura\" \/>\n\t<meta name=\"twitter:data2\" content=\"6 minutos\" \/>\n<script type=\"application\/ld+json\" class=\"yoast-schema-graph\">{\"@context\":\"https:\/\/schema.org\",\"@graph\":[{\"@type\":\"Article\",\"@id\":\"https:\/\/jornalfatosenoticias.com.br\/index.php\/2024\/06\/20\/governo-lula-piora-numeros-genocidas-mas-se-safa-de-ira-ambientalista\/#article\",\"isPartOf\":{\"@id\":\"https:\/\/jornalfatosenoticias.com.br\/index.php\/2024\/06\/20\/governo-lula-piora-numeros-genocidas-mas-se-safa-de-ira-ambientalista\/\"},\"author\":{\"name\":\"Haroldo Filho\",\"@id\":\"https:\/\/jornalfatosenoticias.com.br\/#\/schema\/person\/05c46cc25b42a5c27e004fb0fa6b4965\"},\"headline\":\"Governo Lula piora n\u00fameros \u201cgenocidas\u201d, mas se safa de ira ambientalista\",\"datePublished\":\"2024-06-20T18:30:46+00:00\",\"dateModified\":\"2024-06-20T18:30:47+00:00\",\"mainEntityOfPage\":{\"@id\":\"https:\/\/jornalfatosenoticias.com.br\/index.php\/2024\/06\/20\/governo-lula-piora-numeros-genocidas-mas-se-safa-de-ira-ambientalista\/\"},\"wordCount\":1225,\"commentCount\":0,\"publisher\":{\"@id\":\"https:\/\/jornalfatosenoticias.com.br\/#organization\"},\"image\":{\"@id\":\"https:\/\/jornalfatosenoticias.com.br\/index.php\/2024\/06\/20\/governo-lula-piora-numeros-genocidas-mas-se-safa-de-ira-ambientalista\/#primaryimage\"},\"thumbnailUrl\":\"https:\/\/jornalfatosenoticias.com.br\/wp-content\/uploads\/2024\/06\/lula-marina-silva.jpeg\",\"keywords\":[\"amaz\u00f4nia\",\"Bolsonaro\",\"celebridades\",\"desmatamento\",\"Jair Bolsonaro\",\"Lula\",\"Marina Silva\",\"meio ambiente\",\"ONG\",\"queimadas\",\"Ricardo Salles\"],\"articleSection\":[\"Pol\u00edtica\"],\"inLanguage\":\"pt-BR\",\"potentialAction\":[{\"@type\":\"CommentAction\",\"name\":\"Comment\",\"target\":[\"https:\/\/jornalfatosenoticias.com.br\/index.php\/2024\/06\/20\/governo-lula-piora-numeros-genocidas-mas-se-safa-de-ira-ambientalista\/#respond\"]}]},{\"@type\":\"WebPage\",\"@id\":\"https:\/\/jornalfatosenoticias.com.br\/index.php\/2024\/06\/20\/governo-lula-piora-numeros-genocidas-mas-se-safa-de-ira-ambientalista\/\",\"url\":\"https:\/\/jornalfatosenoticias.com.br\/index.php\/2024\/06\/20\/governo-lula-piora-numeros-genocidas-mas-se-safa-de-ira-ambientalista\/\",\"name\":\"Governo Lula piora n\u00fameros \u201cgenocidas\u201d, mas se safa de ira ambientalista - Jornal Fatos e Not\u00edcias\",\"isPartOf\":{\"@id\":\"https:\/\/jornalfatosenoticias.com.br\/#website\"},\"primaryImageOfPage\":{\"@id\":\"https:\/\/jornalfatosenoticias.com.br\/index.php\/2024\/06\/20\/governo-lula-piora-numeros-genocidas-mas-se-safa-de-ira-ambientalista\/#primaryimage\"},\"image\":{\"@id\":\"https:\/\/jornalfatosenoticias.com.br\/index.php\/2024\/06\/20\/governo-lula-piora-numeros-genocidas-mas-se-safa-de-ira-ambientalista\/#primaryimage\"},\"thumbnailUrl\":\"https:\/\/jornalfatosenoticias.com.br\/wp-content\/uploads\/2024\/06\/lula-marina-silva.jpeg\",\"datePublished\":\"2024-06-20T18:30:46+00:00\",\"dateModified\":\"2024-06-20T18:30:47+00:00\",\"breadcrumb\":{\"@id\":\"https:\/\/jornalfatosenoticias.com.br\/index.php\/2024\/06\/20\/governo-lula-piora-numeros-genocidas-mas-se-safa-de-ira-ambientalista\/#breadcrumb\"},\"inLanguage\":\"pt-BR\",\"potentialAction\":[{\"@type\":\"ReadAction\",\"target\":[\"https:\/\/jornalfatosenoticias.com.br\/index.php\/2024\/06\/20\/governo-lula-piora-numeros-genocidas-mas-se-safa-de-ira-ambientalista\/\"]}]},{\"@type\":\"ImageObject\",\"inLanguage\":\"pt-BR\",\"@id\":\"https:\/\/jornalfatosenoticias.com.br\/index.php\/2024\/06\/20\/governo-lula-piora-numeros-genocidas-mas-se-safa-de-ira-ambientalista\/#primaryimage\",\"url\":\"https:\/\/jornalfatosenoticias.com.br\/wp-content\/uploads\/2024\/06\/lula-marina-silva.jpeg\",\"contentUrl\":\"https:\/\/jornalfatosenoticias.com.br\/wp-content\/uploads\/2024\/06\/lula-marina-silva.jpeg\",\"width\":960,\"height\":540},{\"@type\":\"BreadcrumbList\",\"@id\":\"https:\/\/jornalfatosenoticias.com.br\/index.php\/2024\/06\/20\/governo-lula-piora-numeros-genocidas-mas-se-safa-de-ira-ambientalista\/#breadcrumb\",\"itemListElement\":[{\"@type\":\"ListItem\",\"position\":1,\"name\":\"In\u00edcio\",\"item\":\"https:\/\/jornalfatosenoticias.com.br\/\"},{\"@type\":\"ListItem\",\"position\":2,\"name\":\"Governo Lula piora n\u00fameros \u201cgenocidas\u201d, mas se safa de ira ambientalista\"}]},{\"@type\":\"WebSite\",\"@id\":\"https:\/\/jornalfatosenoticias.com.br\/#website\",\"url\":\"https:\/\/jornalfatosenoticias.com.br\/\",\"name\":\"Jornal Fatos e Not\u00edcias\",\"description\":\"Not\u00edcias em geral\",\"publisher\":{\"@id\":\"https:\/\/jornalfatosenoticias.com.br\/#organization\"},\"potentialAction\":[{\"@type\":\"SearchAction\",\"target\":{\"@type\":\"EntryPoint\",\"urlTemplate\":\"https:\/\/jornalfatosenoticias.com.br\/?s={search_term_string}\"},\"query-input\":{\"@type\":\"PropertyValueSpecification\",\"valueRequired\":true,\"valueName\":\"search_term_string\"}}],\"inLanguage\":\"pt-BR\"},{\"@type\":\"Organization\",\"@id\":\"https:\/\/jornalfatosenoticias.com.br\/#organization\",\"name\":\"Jornal Fatos e Not\u00edcias\",\"url\":\"https:\/\/jornalfatosenoticias.com.br\/\",\"logo\":{\"@type\":\"ImageObject\",\"inLanguage\":\"pt-BR\",\"@id\":\"https:\/\/jornalfatosenoticias.com.br\/#\/schema\/logo\/image\/\",\"url\":\"https:\/\/jornalfatosenoticias.com.br\/wp-content\/uploads\/2020\/02\/logo120.png\",\"contentUrl\":\"https:\/\/jornalfatosenoticias.com.br\/wp-content\/uploads\/2020\/02\/logo120.png\",\"width\":1227,\"height\":120,\"caption\":\"Jornal Fatos e Not\u00edcias\"},\"image\":{\"@id\":\"https:\/\/jornalfatosenoticias.com.br\/#\/schema\/logo\/image\/\"}},{\"@type\":\"Person\",\"@id\":\"https:\/\/jornalfatosenoticias.com.br\/#\/schema\/person\/05c46cc25b42a5c27e004fb0fa6b4965\",\"name\":\"Haroldo Filho\",\"image\":{\"@type\":\"ImageObject\",\"inLanguage\":\"pt-BR\",\"@id\":\"https:\/\/jornalfatosenoticias.com.br\/#\/schema\/person\/image\/\",\"url\":\"https:\/\/jornalfatosenoticias.com.br\/wp-content\/uploads\/2025\/08\/WhatsApp-Image-2025-08-18-at-15.30.28-150x150.jpeg\",\"contentUrl\":\"https:\/\/jornalfatosenoticias.com.br\/wp-content\/uploads\/2025\/08\/WhatsApp-Image-2025-08-18-at-15.30.28-150x150.jpeg\",\"caption\":\"Haroldo Filho\"},\"description\":\"Jornalista \u2013 DRT: 0003818\/ES Coordenador-geral da ONG Educar para Crescer\",\"url\":\"https:\/\/jornalfatosenoticias.com.br\/index.php\/author\/haroldo\/\"}]}<\/script>\n<!-- \/ Yoast SEO plugin. -->","yoast_head_json":{"title":"Governo Lula piora n\u00fameros \u201cgenocidas\u201d, mas se safa de ira ambientalista - Jornal Fatos e Not\u00edcias","robots":{"index":"index","follow":"follow","max-snippet":"max-snippet:-1","max-image-preview":"max-image-preview:large","max-video-preview":"max-video-preview:-1"},"canonical":"https:\/\/jornalfatosenoticias.com.br\/index.php\/2024\/06\/20\/governo-lula-piora-numeros-genocidas-mas-se-safa-de-ira-ambientalista\/","og_locale":"pt_BR","og_type":"article","og_title":"Governo Lula piora n\u00fameros \u201cgenocidas\u201d, mas se safa de ira ambientalista - Jornal Fatos e Not\u00edcias","og_description":"Marina Silva, ministra do Meio Ambiente, e Lula Por Leonardo Desideri O governo Lula vem obtendo consistentemente n\u00fameros semelhantes ou piores que os do governo Bolsonaro em quantidade de queimadas em florestas e em quest\u00f5es sanit\u00e1rias relacionadas a ind\u00edgenas. O mau desempenho n\u00e3o \u00e9 acompanhado, contudo, da intensa rea\u00e7\u00e3o de ONGs, pol\u00edticos e celebridades nacionais [&hellip;]","og_url":"https:\/\/jornalfatosenoticias.com.br\/index.php\/2024\/06\/20\/governo-lula-piora-numeros-genocidas-mas-se-safa-de-ira-ambientalista\/","og_site_name":"Jornal Fatos e Not\u00edcias","article_published_time":"2024-06-20T18:30:46+00:00","article_modified_time":"2024-06-20T18:30:47+00:00","og_image":[{"width":960,"height":540,"url":"https:\/\/jornalfatosenoticias.com.br\/wp-content\/uploads\/2024\/06\/lula-marina-silva.jpeg","type":"image\/jpeg"}],"author":"Haroldo Filho","twitter_card":"summary_large_image","twitter_misc":{"Escrito por":"Haroldo Filho","Est. tempo de leitura":"6 minutos"},"schema":{"@context":"https:\/\/schema.org","@graph":[{"@type":"Article","@id":"https:\/\/jornalfatosenoticias.com.br\/index.php\/2024\/06\/20\/governo-lula-piora-numeros-genocidas-mas-se-safa-de-ira-ambientalista\/#article","isPartOf":{"@id":"https:\/\/jornalfatosenoticias.com.br\/index.php\/2024\/06\/20\/governo-lula-piora-numeros-genocidas-mas-se-safa-de-ira-ambientalista\/"},"author":{"name":"Haroldo Filho","@id":"https:\/\/jornalfatosenoticias.com.br\/#\/schema\/person\/05c46cc25b42a5c27e004fb0fa6b4965"},"headline":"Governo Lula piora n\u00fameros \u201cgenocidas\u201d, mas se safa de ira ambientalista","datePublished":"2024-06-20T18:30:46+00:00","dateModified":"2024-06-20T18:30:47+00:00","mainEntityOfPage":{"@id":"https:\/\/jornalfatosenoticias.com.br\/index.php\/2024\/06\/20\/governo-lula-piora-numeros-genocidas-mas-se-safa-de-ira-ambientalista\/"},"wordCount":1225,"commentCount":0,"publisher":{"@id":"https:\/\/jornalfatosenoticias.com.br\/#organization"},"image":{"@id":"https:\/\/jornalfatosenoticias.com.br\/index.php\/2024\/06\/20\/governo-lula-piora-numeros-genocidas-mas-se-safa-de-ira-ambientalista\/#primaryimage"},"thumbnailUrl":"https:\/\/jornalfatosenoticias.com.br\/wp-content\/uploads\/2024\/06\/lula-marina-silva.jpeg","keywords":["amaz\u00f4nia","Bolsonaro","celebridades","desmatamento","Jair Bolsonaro","Lula","Marina Silva","meio ambiente","ONG","queimadas","Ricardo Salles"],"articleSection":["Pol\u00edtica"],"inLanguage":"pt-BR","potentialAction":[{"@type":"CommentAction","name":"Comment","target":["https:\/\/jornalfatosenoticias.com.br\/index.php\/2024\/06\/20\/governo-lula-piora-numeros-genocidas-mas-se-safa-de-ira-ambientalista\/#respond"]}]},{"@type":"WebPage","@id":"https:\/\/jornalfatosenoticias.com.br\/index.php\/2024\/06\/20\/governo-lula-piora-numeros-genocidas-mas-se-safa-de-ira-ambientalista\/","url":"https:\/\/jornalfatosenoticias.com.br\/index.php\/2024\/06\/20\/governo-lula-piora-numeros-genocidas-mas-se-safa-de-ira-ambientalista\/","name":"Governo Lula piora n\u00fameros \u201cgenocidas\u201d, mas se safa de ira ambientalista - Jornal Fatos e Not\u00edcias","isPartOf":{"@id":"https:\/\/jornalfatosenoticias.com.br\/#website"},"primaryImageOfPage":{"@id":"https:\/\/jornalfatosenoticias.com.br\/index.php\/2024\/06\/20\/governo-lula-piora-numeros-genocidas-mas-se-safa-de-ira-ambientalista\/#primaryimage"},"image":{"@id":"https:\/\/jornalfatosenoticias.com.br\/index.php\/2024\/06\/20\/governo-lula-piora-numeros-genocidas-mas-se-safa-de-ira-ambientalista\/#primaryimage"},"thumbnailUrl":"https:\/\/jornalfatosenoticias.com.br\/wp-content\/uploads\/2024\/06\/lula-marina-silva.jpeg","datePublished":"2024-06-20T18:30:46+00:00","dateModified":"2024-06-20T18:30:47+00:00","breadcrumb":{"@id":"https:\/\/jornalfatosenoticias.com.br\/index.php\/2024\/06\/20\/governo-lula-piora-numeros-genocidas-mas-se-safa-de-ira-ambientalista\/#breadcrumb"},"inLanguage":"pt-BR","potentialAction":[{"@type":"ReadAction","target":["https:\/\/jornalfatosenoticias.com.br\/index.php\/2024\/06\/20\/governo-lula-piora-numeros-genocidas-mas-se-safa-de-ira-ambientalista\/"]}]},{"@type":"ImageObject","inLanguage":"pt-BR","@id":"https:\/\/jornalfatosenoticias.com.br\/index.php\/2024\/06\/20\/governo-lula-piora-numeros-genocidas-mas-se-safa-de-ira-ambientalista\/#primaryimage","url":"https:\/\/jornalfatosenoticias.com.br\/wp-content\/uploads\/2024\/06\/lula-marina-silva.jpeg","contentUrl":"https:\/\/jornalfatosenoticias.com.br\/wp-content\/uploads\/2024\/06\/lula-marina-silva.jpeg","width":960,"height":540},{"@type":"BreadcrumbList","@id":"https:\/\/jornalfatosenoticias.com.br\/index.php\/2024\/06\/20\/governo-lula-piora-numeros-genocidas-mas-se-safa-de-ira-ambientalista\/#breadcrumb","itemListElement":[{"@type":"ListItem","position":1,"name":"In\u00edcio","item":"https:\/\/jornalfatosenoticias.com.br\/"},{"@type":"ListItem","position":2,"name":"Governo Lula piora n\u00fameros \u201cgenocidas\u201d, mas se safa de ira ambientalista"}]},{"@type":"WebSite","@id":"https:\/\/jornalfatosenoticias.com.br\/#website","url":"https:\/\/jornalfatosenoticias.com.br\/","name":"Jornal Fatos e Not\u00edcias","description":"Not\u00edcias em geral","publisher":{"@id":"https:\/\/jornalfatosenoticias.com.br\/#organization"},"potentialAction":[{"@type":"SearchAction","target":{"@type":"EntryPoint","urlTemplate":"https:\/\/jornalfatosenoticias.com.br\/?s={search_term_string}"},"query-input":{"@type":"PropertyValueSpecification","valueRequired":true,"valueName":"search_term_string"}}],"inLanguage":"pt-BR"},{"@type":"Organization","@id":"https:\/\/jornalfatosenoticias.com.br\/#organization","name":"Jornal Fatos e Not\u00edcias","url":"https:\/\/jornalfatosenoticias.com.br\/","logo":{"@type":"ImageObject","inLanguage":"pt-BR","@id":"https:\/\/jornalfatosenoticias.com.br\/#\/schema\/logo\/image\/","url":"https:\/\/jornalfatosenoticias.com.br\/wp-content\/uploads\/2020\/02\/logo120.png","contentUrl":"https:\/\/jornalfatosenoticias.com.br\/wp-content\/uploads\/2020\/02\/logo120.png","width":1227,"height":120,"caption":"Jornal Fatos e Not\u00edcias"},"image":{"@id":"https:\/\/jornalfatosenoticias.com.br\/#\/schema\/logo\/image\/"}},{"@type":"Person","@id":"https:\/\/jornalfatosenoticias.com.br\/#\/schema\/person\/05c46cc25b42a5c27e004fb0fa6b4965","name":"Haroldo Filho","image":{"@type":"ImageObject","inLanguage":"pt-BR","@id":"https:\/\/jornalfatosenoticias.com.br\/#\/schema\/person\/image\/","url":"https:\/\/jornalfatosenoticias.com.br\/wp-content\/uploads\/2025\/08\/WhatsApp-Image-2025-08-18-at-15.30.28-150x150.jpeg","contentUrl":"https:\/\/jornalfatosenoticias.com.br\/wp-content\/uploads\/2025\/08\/WhatsApp-Image-2025-08-18-at-15.30.28-150x150.jpeg","caption":"Haroldo Filho"},"description":"Jornalista \u2013 DRT: 0003818\/ES Coordenador-geral da ONG Educar para Crescer","url":"https:\/\/jornalfatosenoticias.com.br\/index.php\/author\/haroldo\/"}]}},"cc_featured_image_caption":{"caption_text":"(Foto: Ricardo Stuckert\/PR) ","source_text":"","source_url":""},"jetpack_featured_media_url":"https:\/\/jornalfatosenoticias.com.br\/wp-content\/uploads\/2024\/06\/lula-marina-silva.jpeg","_links":{"self":[{"href":"https:\/\/jornalfatosenoticias.com.br\/index.php\/wp-json\/wp\/v2\/posts\/52150","targetHints":{"allow":["GET"]}}],"collection":[{"href":"https:\/\/jornalfatosenoticias.com.br\/index.php\/wp-json\/wp\/v2\/posts"}],"about":[{"href":"https:\/\/jornalfatosenoticias.com.br\/index.php\/wp-json\/wp\/v2\/types\/post"}],"author":[{"embeddable":true,"href":"https:\/\/jornalfatosenoticias.com.br\/index.php\/wp-json\/wp\/v2\/users\/3"}],"replies":[{"embeddable":true,"href":"https:\/\/jornalfatosenoticias.com.br\/index.php\/wp-json\/wp\/v2\/comments?post=52150"}],"version-history":[{"count":0,"href":"https:\/\/jornalfatosenoticias.com.br\/index.php\/wp-json\/wp\/v2\/posts\/52150\/revisions"}],"wp:featuredmedia":[{"embeddable":true,"href":"https:\/\/jornalfatosenoticias.com.br\/index.php\/wp-json\/wp\/v2\/media\/52151"}],"wp:attachment":[{"href":"https:\/\/jornalfatosenoticias.com.br\/index.php\/wp-json\/wp\/v2\/media?parent=52150"}],"wp:term":[{"taxonomy":"category","embeddable":true,"href":"https:\/\/jornalfatosenoticias.com.br\/index.php\/wp-json\/wp\/v2\/categories?post=52150"},{"taxonomy":"post_tag","embeddable":true,"href":"https:\/\/jornalfatosenoticias.com.br\/index.php\/wp-json\/wp\/v2\/tags?post=52150"}],"curies":[{"name":"wp","href":"https:\/\/api.w.org\/{rel}","templated":true}]}}