{"id":52179,"date":"2024-06-24T09:58:52","date_gmt":"2024-06-24T12:58:52","guid":{"rendered":"https:\/\/jornalfatosenoticias.com.br\/?p=52179"},"modified":"2024-06-24T10:30:42","modified_gmt":"2024-06-24T13:30:42","slug":"veja-o-significado-por-tras-dos-simbolos-da-festa-junina","status":"publish","type":"post","link":"https:\/\/jornalfatosenoticias.com.br\/index.php\/2024\/06\/24\/veja-o-significado-por-tras-dos-simbolos-da-festa-junina\/","title":{"rendered":"Veja o significado por tr\u00e1s dos s\u00edmbolos da festa junina"},"content":{"rendered":"\n<p><em><span class=\"has-inline-color has-black-color\">Uma das celebra\u00e7\u00f5es mais populares do Brasil, a festa junina possui origem pag\u00e3o e significados para seus s\u00edmbolos<\/span><\/em><\/p>\n\n\n\n<p><span class=\"has-inline-color has-black-color\">Por <strong><a href=\"https:\/\/aventurasnahistoria.uol.com.br\/autor\/fabio-previdelli\/\">F\u00e1bio Previdelli<\/a><\/strong><\/span><\/p>\n\n\n\n<div class=\"wp-block-image\"><figure class=\"aligncenter size-large is-resized\"><a href=\"https:\/\/www.facebook.com\/vetor.vix\/\"><img loading=\"lazy\" decoding=\"async\" src=\"https:\/\/jornalfatosenoticias.com.br\/wp-content\/uploads\/2023\/09\/vetorvix1024_1.jpg\" alt=\"\" class=\"wp-image-44868\" width=\"539\" height=\"143\" srcset=\"https:\/\/jornalfatosenoticias.com.br\/wp-content\/uploads\/2023\/09\/vetorvix1024_1.jpg 1024w, https:\/\/jornalfatosenoticias.com.br\/wp-content\/uploads\/2023\/09\/vetorvix1024_1-300x80.jpg 300w, https:\/\/jornalfatosenoticias.com.br\/wp-content\/uploads\/2023\/09\/vetorvix1024_1-768x205.jpg 768w\" sizes=\"auto, (max-width: 539px) 100vw, 539px\" \/><\/a><\/figure><\/div>\n\n\n\n<p>A&nbsp;<mark>Festa Junina<\/mark>&nbsp;\u00e9 uma das celebra\u00e7\u00f5es mais populares e adoradas pelos brasileiros. Mas as comemora\u00e7\u00f5es que realizamos hoje em dia nada se parece com suas ra\u00edzes. Isso porque, se nos dias atuais a festa \u00e9 ligada ao catolicismo, suas&nbsp;<a href=\"https:\/\/aventurasnahistoria.uol.com.br\/noticias\/almanaque\/o-arraia-dos-deuses-a-curiosa-origem-das-festas-juninas.phtml\" rel=\"noreferrer noopener\" target=\"_blank\">origens s\u00e3o de festivais pag\u00e3os<\/a>.<\/p>\n\n\n\n<blockquote class=\"wp-block-quote is-layout-flow wp-block-quote-is-layout-flow\"><p><span class=\"has-inline-color has-luminous-vivid-orange-color\">No caso da&nbsp;<mark>Festa Junina<\/mark>, descobrimos que est\u00e3o relacionadas a festividades pag\u00e3s realizadas na Europa durante a&nbsp;<mark>Idade M\u00e9dia<\/mark>, na passagem da primavera para o ver\u00e3o, momento chamado de solst\u00edcio de ver\u00e3o (que acontece nessa regi\u00e3o em junho)&#8221;, disse&nbsp;<strong>Maur\u00edcio Saliba<\/strong>, professor de Sociologia da Universidade Est\u00e1cio, em entrevista ao Aventuras em junho de 2022.<\/span><\/p><\/blockquote>\n\n\n\n<div class=\"wp-block-image\"><figure class=\"aligncenter size-large\"><a href=\"https:\/\/cesconetto.com.br\/\"><img loading=\"lazy\" decoding=\"async\" width=\"300\" height=\"250\" src=\"https:\/\/jornalfatosenoticias.com.br\/wp-content\/uploads\/2020\/02\/Banner-2.png\" alt=\"\" class=\"wp-image-43787\"\/><\/a><\/figure><\/div>\n\n\n\n<p>O significado da&nbsp;<mark>Festa Junina<\/mark> tamb\u00e9m mudou ao longo dos anos, assim como sua forma de ser celebrada, continua o docente. &#8220;Elas tinham por objetivo afastar os maus esp\u00edritos ou pragas que afetassem as lavouras. Celebrava-se o tempo de plantar e pedia-se prote\u00e7\u00e3o aos deuses para as colheitas&#8221;.<\/p>\n\n\n\n<div class=\"wp-block-image\"><figure class=\"aligncenter size-large is-resized\"><a href=\"https:\/\/www.instagram.com\/restaurantepegoretti\/\"><img loading=\"lazy\" decoding=\"async\" src=\"https:\/\/jornalfatosenoticias.com.br\/wp-content\/uploads\/2023\/12\/pegoretti-logo-pdf-1024x389.jpg\" alt=\"\" class=\"wp-image-47536\" width=\"435\" height=\"165\" srcset=\"https:\/\/jornalfatosenoticias.com.br\/wp-content\/uploads\/2023\/12\/pegoretti-logo-pdf-1024x389.jpg 1024w, https:\/\/jornalfatosenoticias.com.br\/wp-content\/uploads\/2023\/12\/pegoretti-logo-pdf-300x114.jpg 300w, https:\/\/jornalfatosenoticias.com.br\/wp-content\/uploads\/2023\/12\/pegoretti-logo-pdf-768x291.jpg 768w, https:\/\/jornalfatosenoticias.com.br\/wp-content\/uploads\/2023\/12\/pegoretti-logo-pdf.jpg 1120w\" sizes=\"auto, (max-width: 435px) 100vw, 435px\" \/><\/a><\/figure><\/div>\n\n\n\n<p>A&nbsp;<mark>Festa Junina<\/mark>&nbsp;como conhecemos atualmente s\u00f3 foi remodelada quando a&nbsp;<mark>Igreja Cat\u00f3lica<\/mark>&nbsp;come\u00e7ou seu processo de cristianiza\u00e7\u00e3o \u2014 onde se comemora e festeja as imagens dos tr\u00eas santos do m\u00eas:&nbsp;<mark>Santo Ant\u00f4nio, S\u00e3o Jo\u00e3o e S\u00e3o Pedro<\/mark>.<br>Mas, hist\u00f3ria \u00e0 parte, voc\u00ea sabe o que significam os s\u00edmbolos das bandeirinhas, bal\u00e3o e da famosa fogueira de <mark>S\u00e3o Jo\u00e3o<\/mark>? Um bom arrai\u00e1 n\u00e3o pode deixar de ter as famosas&nbsp;<mark>bandeirinhas juninas<\/mark>. Poucos sabem, mas o s\u00edmbolo surgiu por conta dos j\u00e1 citados tr\u00eas santos do m\u00eas:&nbsp;<mark>Santo Ant\u00f4nio, S\u00e3o Jo\u00e3o e S\u00e3o Pedro<\/mark>.<\/p>\n\n\n\n<div class=\"wp-block-image\"><figure class=\"aligncenter size-large\"><a href=\"http:\/\/www.ferrarimaquinas.com.br\/\"><img loading=\"lazy\" decoding=\"async\" width=\"300\" height=\"250\" src=\"https:\/\/jornalfatosenoticias.com.br\/wp-content\/uploads\/2022\/02\/FERRARI_MAQUINAS-E-FERRAMENTAS2.jpg\" alt=\"\" class=\"wp-image-27860\"\/><\/a><\/figure><\/div>\n\n\n\n<p>Acontece que, durante as&nbsp;<mark>Festas Juninas<\/mark>, a imagem dos tr\u00eas santos eram gravadas em grandes bandeiras coloridas. Segundo explica mat\u00e9ria da Ag\u00eancia Brasil, as bandeiras com as imagens dos santos costumavam ser lavadas \u2014 cerim\u00f4nia chamada de&nbsp;<mark>lavagem dos santos<\/mark> \u2014 e essa \u00e1gua era usada para molhar as pessoas, como um s\u00edmbolo de purifica\u00e7\u00e3o.<\/p>\n\n\n\n<div class=\"wp-block-image\"><figure class=\"aligncenter size-large is-resized\"><a href=\"https:\/\/hotelmarquetti.com.br\/\"><img loading=\"lazy\" decoding=\"async\" src=\"https:\/\/jornalfatosenoticias.com.br\/wp-content\/uploads\/2023\/03\/nova-logo-Marquetti.jpg\" alt=\"\" class=\"wp-image-40207\" width=\"321\" height=\"215\" srcset=\"https:\/\/jornalfatosenoticias.com.br\/wp-content\/uploads\/2023\/03\/nova-logo-Marquetti.jpg 643w, https:\/\/jornalfatosenoticias.com.br\/wp-content\/uploads\/2023\/03\/nova-logo-Marquetti-300x202.jpg 300w\" sizes=\"auto, (max-width: 321px) 100vw, 321px\" \/><\/a><\/figure><\/div>\n\n\n\n<p>Atualmente, as&nbsp;<mark>bandeirinhas<\/mark> diminu\u00edram de tamanho \u2014 embora as bandeiras grandes ainda fa\u00e7am parte de celebra\u00e7\u00f5es em diversas partes do Pa\u00eds \u2014mas continuam levando \u00e0s&nbsp;<mark>Festas Juninas<\/mark> a alus\u00e3o a esse ritual. Outro s\u00edmbolo marcante nas&nbsp;<mark>Festas Juninas<\/mark>&nbsp;\u00e9 a tradicional&nbsp;<mark>fogueira<\/mark>, que tamb\u00e9m possui uma hist\u00f3ria para l\u00e1 de interessante. Afinal, para os crist\u00e3os, ela representa o nascimento de&nbsp;<mark>S\u00e3o Jo\u00e3o Batista<\/mark>.<\/p>\n\n\n\n<div class=\"wp-block-image\"><figure class=\"aligncenter size-large is-resized\"><a href=\"https:\/\/www.controlsystems.com.br\/\"><img loading=\"lazy\" decoding=\"async\" src=\"https:\/\/jornalfatosenoticias.com.br\/wp-content\/uploads\/2020\/02\/CONTROL-CS.jpg\" alt=\"\" class=\"wp-image-44991\" width=\"289\" height=\"346\" srcset=\"https:\/\/jornalfatosenoticias.com.br\/wp-content\/uploads\/2020\/02\/CONTROL-CS.jpg 834w, https:\/\/jornalfatosenoticias.com.br\/wp-content\/uploads\/2020\/02\/CONTROL-CS-250x300.jpg 250w, https:\/\/jornalfatosenoticias.com.br\/wp-content\/uploads\/2020\/02\/CONTROL-CS-768x921.jpg 768w\" sizes=\"auto, (max-width: 289px) 100vw, 289px\" \/><\/a><\/figure><\/div>\n\n\n\n<p>Tudo porque quando estava prestes a dar \u00e0 luz,&nbsp;<mark>Santa Isabel<\/mark>&nbsp;teria feito uma fogueira para avisar&nbsp;<mark>Maria<\/mark>&nbsp;que precisaria de ajuda no parto. J\u00e1 nas ra\u00edzes da comemora\u00e7\u00e3o, a fogueira tamb\u00e9m possui a &#8216;fama&#8217; de servir para&nbsp;<mark>proteger as pessoas dos maus esp\u00edritos<\/mark>.<\/p>\n\n\n\n<div class=\"wp-block-image\"><figure class=\"aligncenter size-large is-resized\"><a href=\"https:\/\/www.facebook.com\/Esteio-Churrascaria-Barbecue-103643461220402\/\"><img loading=\"lazy\" decoding=\"async\" src=\"https:\/\/jornalfatosenoticias.com.br\/wp-content\/uploads\/2020\/02\/logo_esteio.jpg\" alt=\"\" class=\"wp-image-1214\" width=\"334\" height=\"278\"\/><\/a><\/figure><\/div>\n\n\n\n<p>Os&nbsp;<mark>bal\u00f5es<\/mark>, por sua vez, seriam uma forma de comunica\u00e7\u00e3o para alertar as pessoas sobre o in\u00edcio do arraial. Apesar de sua tradi\u00e7\u00e3o, por\u00e9m, \u00e9 importante ressaltar que, hoje em dia, existem leis que pro\u00edbem a pr\u00e1tica. Al\u00e9m do objeto ser perigoso para quem o manuseia, o&nbsp;<mark>bal\u00e3o<\/mark> ainda pode ser respons\u00e1vel por inc\u00eandios de grandes propor\u00e7\u00f5es.<\/p>\n\n\n\n<div class=\"wp-block-image\"><figure class=\"aligncenter size-large is-resized\"><a href=\"https:\/\/www.facebook.com\/postobkr\/?locale=pt_BR\"><img loading=\"lazy\" decoding=\"async\" src=\"https:\/\/jornalfatosenoticias.com.br\/wp-content\/uploads\/2023\/08\/BKR-1024x1021.jpg\" alt=\"\" class=\"wp-image-44494\" width=\"290\" height=\"289\" srcset=\"https:\/\/jornalfatosenoticias.com.br\/wp-content\/uploads\/2023\/08\/BKR-1024x1021.jpg 1024w, https:\/\/jornalfatosenoticias.com.br\/wp-content\/uploads\/2023\/08\/BKR-300x300.jpg 300w, https:\/\/jornalfatosenoticias.com.br\/wp-content\/uploads\/2023\/08\/BKR-150x150.jpg 150w, https:\/\/jornalfatosenoticias.com.br\/wp-content\/uploads\/2023\/08\/BKR-768x766.jpg 768w, https:\/\/jornalfatosenoticias.com.br\/wp-content\/uploads\/2023\/08\/BKR.jpg 1080w\" sizes=\"auto, (max-width: 290px) 100vw, 290px\" \/><\/a><\/figure><\/div>\n\n\n\n<p>Por fim, recorda o Mundo Educa\u00e7\u00e3o, os&nbsp;<mark>fogos de artif\u00edcio<\/mark>&nbsp;seriam usados como uma forma de espantar n\u00e3o s\u00f3 os maus esp\u00edritos, como tamb\u00e9m de distanciar as pessoas de sentimentos ruins. E a&nbsp;<mark>quadrilha<\/mark> seria uma forma de agradecer pelas boas colheitas.<\/p>\n\n\n\n<p><strong><em>Fonte: <a href=\"https:\/\/aventurasnahistoria.uol.com.br\/noticias\/almanaque\/bandeirinha-balao-e-fogueira-os-significados-por-tras-dos-simbolos-juninos.phtml\">Aventuras na Hist\u00f3ria<\/a><\/em><\/strong><\/p>\n","protected":false},"excerpt":{"rendered":"<p>Uma das celebra\u00e7\u00f5es mais populares do Brasil, a festa junina possui origem pag\u00e3o e significados para seus s\u00edmbolos Por F\u00e1bio Previdelli A&nbsp;Festa Junina&nbsp;\u00e9 uma das celebra\u00e7\u00f5es mais populares e adoradas pelos brasileiros. Mas as comemora\u00e7\u00f5es que realizamos hoje em dia nada se parece com suas ra\u00edzes. Isso porque, se nos dias atuais a festa \u00e9 [&hellip;]<\/p>\n","protected":false},"author":2,"featured_media":52180,"comment_status":"open","ping_status":"open","sticky":false,"template":"","format":"standard","meta":{"footnotes":""},"categories":[4],"tags":[],"class_list":["post-52179","post","type-post","status-publish","format-standard","has-post-thumbnail","hentry","category-cultura"],"yoast_head":"<!-- This site is optimized with the Yoast SEO plugin v26.5 - https:\/\/yoast.com\/wordpress\/plugins\/seo\/ -->\n<title>Veja o significado por tr\u00e1s dos s\u00edmbolos da festa junina - Jornal Fatos e Not\u00edcias<\/title>\n<meta name=\"robots\" content=\"index, follow, max-snippet:-1, max-image-preview:large, max-video-preview:-1\" \/>\n<link rel=\"canonical\" href=\"https:\/\/jornalfatosenoticias.com.br\/index.php\/2024\/06\/24\/veja-o-significado-por-tras-dos-simbolos-da-festa-junina\/\" \/>\n<meta property=\"og:locale\" content=\"pt_BR\" \/>\n<meta property=\"og:type\" content=\"article\" \/>\n<meta property=\"og:title\" content=\"Veja o significado por tr\u00e1s dos s\u00edmbolos da festa junina - Jornal Fatos e Not\u00edcias\" \/>\n<meta property=\"og:description\" content=\"Uma das celebra\u00e7\u00f5es mais populares do Brasil, a festa junina possui origem pag\u00e3o e significados para seus s\u00edmbolos Por F\u00e1bio Previdelli A&nbsp;Festa Junina&nbsp;\u00e9 uma das celebra\u00e7\u00f5es mais populares e adoradas pelos brasileiros. Mas as comemora\u00e7\u00f5es que realizamos hoje em dia nada se parece com suas ra\u00edzes. Isso porque, se nos dias atuais a festa \u00e9 [&hellip;]\" \/>\n<meta property=\"og:url\" content=\"https:\/\/jornalfatosenoticias.com.br\/index.php\/2024\/06\/24\/veja-o-significado-por-tras-dos-simbolos-da-festa-junina\/\" \/>\n<meta property=\"og:site_name\" content=\"Jornal Fatos e Not\u00edcias\" \/>\n<meta property=\"article:published_time\" content=\"2024-06-24T12:58:52+00:00\" \/>\n<meta property=\"article:modified_time\" content=\"2024-06-24T13:30:42+00:00\" \/>\n<meta property=\"og:image\" content=\"https:\/\/jornalfatosenoticias.com.br\/wp-content\/uploads\/2024\/06\/festa-junina-bandeirinhas_istock.jpg\" \/>\n\t<meta property=\"og:image:width\" content=\"612\" \/>\n\t<meta property=\"og:image:height\" content=\"408\" \/>\n\t<meta property=\"og:image:type\" content=\"image\/jpeg\" \/>\n<meta name=\"author\" content=\"Luzimara Fernandes\" \/>\n<meta name=\"twitter:card\" content=\"summary_large_image\" \/>\n<meta name=\"twitter:label1\" content=\"Escrito por\" \/>\n\t<meta name=\"twitter:data1\" content=\"Luzimara Fernandes\" \/>\n\t<meta name=\"twitter:label2\" content=\"Est. tempo de leitura\" \/>\n\t<meta name=\"twitter:data2\" content=\"3 minutos\" \/>\n<script type=\"application\/ld+json\" class=\"yoast-schema-graph\">{\"@context\":\"https:\/\/schema.org\",\"@graph\":[{\"@type\":\"Article\",\"@id\":\"https:\/\/jornalfatosenoticias.com.br\/index.php\/2024\/06\/24\/veja-o-significado-por-tras-dos-simbolos-da-festa-junina\/#article\",\"isPartOf\":{\"@id\":\"https:\/\/jornalfatosenoticias.com.br\/index.php\/2024\/06\/24\/veja-o-significado-por-tras-dos-simbolos-da-festa-junina\/\"},\"author\":{\"name\":\"Luzimara Fernandes\",\"@id\":\"https:\/\/jornalfatosenoticias.com.br\/#\/schema\/person\/d63837fa13ac8666eb9e74e0985d6f81\"},\"headline\":\"Veja o significado por tr\u00e1s dos s\u00edmbolos da festa junina\",\"datePublished\":\"2024-06-24T12:58:52+00:00\",\"dateModified\":\"2024-06-24T13:30:42+00:00\",\"mainEntityOfPage\":{\"@id\":\"https:\/\/jornalfatosenoticias.com.br\/index.php\/2024\/06\/24\/veja-o-significado-por-tras-dos-simbolos-da-festa-junina\/\"},\"wordCount\":642,\"commentCount\":0,\"publisher\":{\"@id\":\"https:\/\/jornalfatosenoticias.com.br\/#organization\"},\"image\":{\"@id\":\"https:\/\/jornalfatosenoticias.com.br\/index.php\/2024\/06\/24\/veja-o-significado-por-tras-dos-simbolos-da-festa-junina\/#primaryimage\"},\"thumbnailUrl\":\"https:\/\/jornalfatosenoticias.com.br\/wp-content\/uploads\/2024\/06\/festa-junina-bandeirinhas_istock.jpg\",\"articleSection\":[\"Cultura\"],\"inLanguage\":\"pt-BR\",\"potentialAction\":[{\"@type\":\"CommentAction\",\"name\":\"Comment\",\"target\":[\"https:\/\/jornalfatosenoticias.com.br\/index.php\/2024\/06\/24\/veja-o-significado-por-tras-dos-simbolos-da-festa-junina\/#respond\"]}]},{\"@type\":\"WebPage\",\"@id\":\"https:\/\/jornalfatosenoticias.com.br\/index.php\/2024\/06\/24\/veja-o-significado-por-tras-dos-simbolos-da-festa-junina\/\",\"url\":\"https:\/\/jornalfatosenoticias.com.br\/index.php\/2024\/06\/24\/veja-o-significado-por-tras-dos-simbolos-da-festa-junina\/\",\"name\":\"Veja o significado por tr\u00e1s dos s\u00edmbolos da festa junina - Jornal Fatos e Not\u00edcias\",\"isPartOf\":{\"@id\":\"https:\/\/jornalfatosenoticias.com.br\/#website\"},\"primaryImageOfPage\":{\"@id\":\"https:\/\/jornalfatosenoticias.com.br\/index.php\/2024\/06\/24\/veja-o-significado-por-tras-dos-simbolos-da-festa-junina\/#primaryimage\"},\"image\":{\"@id\":\"https:\/\/jornalfatosenoticias.com.br\/index.php\/2024\/06\/24\/veja-o-significado-por-tras-dos-simbolos-da-festa-junina\/#primaryimage\"},\"thumbnailUrl\":\"https:\/\/jornalfatosenoticias.com.br\/wp-content\/uploads\/2024\/06\/festa-junina-bandeirinhas_istock.jpg\",\"datePublished\":\"2024-06-24T12:58:52+00:00\",\"dateModified\":\"2024-06-24T13:30:42+00:00\",\"breadcrumb\":{\"@id\":\"https:\/\/jornalfatosenoticias.com.br\/index.php\/2024\/06\/24\/veja-o-significado-por-tras-dos-simbolos-da-festa-junina\/#breadcrumb\"},\"inLanguage\":\"pt-BR\",\"potentialAction\":[{\"@type\":\"ReadAction\",\"target\":[\"https:\/\/jornalfatosenoticias.com.br\/index.php\/2024\/06\/24\/veja-o-significado-por-tras-dos-simbolos-da-festa-junina\/\"]}]},{\"@type\":\"ImageObject\",\"inLanguage\":\"pt-BR\",\"@id\":\"https:\/\/jornalfatosenoticias.com.br\/index.php\/2024\/06\/24\/veja-o-significado-por-tras-dos-simbolos-da-festa-junina\/#primaryimage\",\"url\":\"https:\/\/jornalfatosenoticias.com.br\/wp-content\/uploads\/2024\/06\/festa-junina-bandeirinhas_istock.jpg\",\"contentUrl\":\"https:\/\/jornalfatosenoticias.com.br\/wp-content\/uploads\/2024\/06\/festa-junina-bandeirinhas_istock.jpg\",\"width\":612,\"height\":408,\"caption\":\"Colorful flags and decorative balloon for the Saint John party, which takes place in June in northeastern Brazil\"},{\"@type\":\"BreadcrumbList\",\"@id\":\"https:\/\/jornalfatosenoticias.com.br\/index.php\/2024\/06\/24\/veja-o-significado-por-tras-dos-simbolos-da-festa-junina\/#breadcrumb\",\"itemListElement\":[{\"@type\":\"ListItem\",\"position\":1,\"name\":\"In\u00edcio\",\"item\":\"https:\/\/jornalfatosenoticias.com.br\/\"},{\"@type\":\"ListItem\",\"position\":2,\"name\":\"Veja o significado por tr\u00e1s dos s\u00edmbolos da festa junina\"}]},{\"@type\":\"WebSite\",\"@id\":\"https:\/\/jornalfatosenoticias.com.br\/#website\",\"url\":\"https:\/\/jornalfatosenoticias.com.br\/\",\"name\":\"Jornal Fatos e Not\u00edcias\",\"description\":\"Not\u00edcias em geral\",\"publisher\":{\"@id\":\"https:\/\/jornalfatosenoticias.com.br\/#organization\"},\"potentialAction\":[{\"@type\":\"SearchAction\",\"target\":{\"@type\":\"EntryPoint\",\"urlTemplate\":\"https:\/\/jornalfatosenoticias.com.br\/?s={search_term_string}\"},\"query-input\":{\"@type\":\"PropertyValueSpecification\",\"valueRequired\":true,\"valueName\":\"search_term_string\"}}],\"inLanguage\":\"pt-BR\"},{\"@type\":\"Organization\",\"@id\":\"https:\/\/jornalfatosenoticias.com.br\/#organization\",\"name\":\"Jornal Fatos e Not\u00edcias\",\"url\":\"https:\/\/jornalfatosenoticias.com.br\/\",\"logo\":{\"@type\":\"ImageObject\",\"inLanguage\":\"pt-BR\",\"@id\":\"https:\/\/jornalfatosenoticias.com.br\/#\/schema\/logo\/image\/\",\"url\":\"https:\/\/jornalfatosenoticias.com.br\/wp-content\/uploads\/2020\/02\/logo120.png\",\"contentUrl\":\"https:\/\/jornalfatosenoticias.com.br\/wp-content\/uploads\/2020\/02\/logo120.png\",\"width\":1227,\"height\":120,\"caption\":\"Jornal Fatos e Not\u00edcias\"},\"image\":{\"@id\":\"https:\/\/jornalfatosenoticias.com.br\/#\/schema\/logo\/image\/\"}},{\"@type\":\"Person\",\"@id\":\"https:\/\/jornalfatosenoticias.com.br\/#\/schema\/person\/d63837fa13ac8666eb9e74e0985d6f81\",\"name\":\"Luzimara Fernandes\",\"image\":{\"@type\":\"ImageObject\",\"inLanguage\":\"pt-BR\",\"@id\":\"https:\/\/jornalfatosenoticias.com.br\/#\/schema\/person\/image\/\",\"url\":\"https:\/\/jornalfatosenoticias.com.br\/wp-content\/uploads\/2025\/05\/EU_portal.jpg\",\"contentUrl\":\"https:\/\/jornalfatosenoticias.com.br\/wp-content\/uploads\/2025\/05\/EU_portal.jpg\",\"caption\":\"Luzimara Fernandes\"},\"description\":\"Jornalista MTB 2358-ES\",\"sameAs\":[\"https:\/\/jornalfatosenoticias.com.br\"],\"url\":\"https:\/\/jornalfatosenoticias.com.br\/index.php\/author\/luzimara\/\"}]}<\/script>\n<!-- \/ Yoast SEO plugin. -->","yoast_head_json":{"title":"Veja o significado por tr\u00e1s dos s\u00edmbolos da festa junina - Jornal Fatos e Not\u00edcias","robots":{"index":"index","follow":"follow","max-snippet":"max-snippet:-1","max-image-preview":"max-image-preview:large","max-video-preview":"max-video-preview:-1"},"canonical":"https:\/\/jornalfatosenoticias.com.br\/index.php\/2024\/06\/24\/veja-o-significado-por-tras-dos-simbolos-da-festa-junina\/","og_locale":"pt_BR","og_type":"article","og_title":"Veja o significado por tr\u00e1s dos s\u00edmbolos da festa junina - Jornal Fatos e Not\u00edcias","og_description":"Uma das celebra\u00e7\u00f5es mais populares do Brasil, a festa junina possui origem pag\u00e3o e significados para seus s\u00edmbolos Por F\u00e1bio Previdelli A&nbsp;Festa Junina&nbsp;\u00e9 uma das celebra\u00e7\u00f5es mais populares e adoradas pelos brasileiros. Mas as comemora\u00e7\u00f5es que realizamos hoje em dia nada se parece com suas ra\u00edzes. Isso porque, se nos dias atuais a festa \u00e9 [&hellip;]","og_url":"https:\/\/jornalfatosenoticias.com.br\/index.php\/2024\/06\/24\/veja-o-significado-por-tras-dos-simbolos-da-festa-junina\/","og_site_name":"Jornal Fatos e Not\u00edcias","article_published_time":"2024-06-24T12:58:52+00:00","article_modified_time":"2024-06-24T13:30:42+00:00","og_image":[{"width":612,"height":408,"url":"https:\/\/jornalfatosenoticias.com.br\/wp-content\/uploads\/2024\/06\/festa-junina-bandeirinhas_istock.jpg","type":"image\/jpeg"}],"author":"Luzimara Fernandes","twitter_card":"summary_large_image","twitter_misc":{"Escrito por":"Luzimara Fernandes","Est. tempo de leitura":"3 minutos"},"schema":{"@context":"https:\/\/schema.org","@graph":[{"@type":"Article","@id":"https:\/\/jornalfatosenoticias.com.br\/index.php\/2024\/06\/24\/veja-o-significado-por-tras-dos-simbolos-da-festa-junina\/#article","isPartOf":{"@id":"https:\/\/jornalfatosenoticias.com.br\/index.php\/2024\/06\/24\/veja-o-significado-por-tras-dos-simbolos-da-festa-junina\/"},"author":{"name":"Luzimara Fernandes","@id":"https:\/\/jornalfatosenoticias.com.br\/#\/schema\/person\/d63837fa13ac8666eb9e74e0985d6f81"},"headline":"Veja o significado por tr\u00e1s dos s\u00edmbolos da festa junina","datePublished":"2024-06-24T12:58:52+00:00","dateModified":"2024-06-24T13:30:42+00:00","mainEntityOfPage":{"@id":"https:\/\/jornalfatosenoticias.com.br\/index.php\/2024\/06\/24\/veja-o-significado-por-tras-dos-simbolos-da-festa-junina\/"},"wordCount":642,"commentCount":0,"publisher":{"@id":"https:\/\/jornalfatosenoticias.com.br\/#organization"},"image":{"@id":"https:\/\/jornalfatosenoticias.com.br\/index.php\/2024\/06\/24\/veja-o-significado-por-tras-dos-simbolos-da-festa-junina\/#primaryimage"},"thumbnailUrl":"https:\/\/jornalfatosenoticias.com.br\/wp-content\/uploads\/2024\/06\/festa-junina-bandeirinhas_istock.jpg","articleSection":["Cultura"],"inLanguage":"pt-BR","potentialAction":[{"@type":"CommentAction","name":"Comment","target":["https:\/\/jornalfatosenoticias.com.br\/index.php\/2024\/06\/24\/veja-o-significado-por-tras-dos-simbolos-da-festa-junina\/#respond"]}]},{"@type":"WebPage","@id":"https:\/\/jornalfatosenoticias.com.br\/index.php\/2024\/06\/24\/veja-o-significado-por-tras-dos-simbolos-da-festa-junina\/","url":"https:\/\/jornalfatosenoticias.com.br\/index.php\/2024\/06\/24\/veja-o-significado-por-tras-dos-simbolos-da-festa-junina\/","name":"Veja o significado por tr\u00e1s dos s\u00edmbolos da festa junina - Jornal Fatos e Not\u00edcias","isPartOf":{"@id":"https:\/\/jornalfatosenoticias.com.br\/#website"},"primaryImageOfPage":{"@id":"https:\/\/jornalfatosenoticias.com.br\/index.php\/2024\/06\/24\/veja-o-significado-por-tras-dos-simbolos-da-festa-junina\/#primaryimage"},"image":{"@id":"https:\/\/jornalfatosenoticias.com.br\/index.php\/2024\/06\/24\/veja-o-significado-por-tras-dos-simbolos-da-festa-junina\/#primaryimage"},"thumbnailUrl":"https:\/\/jornalfatosenoticias.com.br\/wp-content\/uploads\/2024\/06\/festa-junina-bandeirinhas_istock.jpg","datePublished":"2024-06-24T12:58:52+00:00","dateModified":"2024-06-24T13:30:42+00:00","breadcrumb":{"@id":"https:\/\/jornalfatosenoticias.com.br\/index.php\/2024\/06\/24\/veja-o-significado-por-tras-dos-simbolos-da-festa-junina\/#breadcrumb"},"inLanguage":"pt-BR","potentialAction":[{"@type":"ReadAction","target":["https:\/\/jornalfatosenoticias.com.br\/index.php\/2024\/06\/24\/veja-o-significado-por-tras-dos-simbolos-da-festa-junina\/"]}]},{"@type":"ImageObject","inLanguage":"pt-BR","@id":"https:\/\/jornalfatosenoticias.com.br\/index.php\/2024\/06\/24\/veja-o-significado-por-tras-dos-simbolos-da-festa-junina\/#primaryimage","url":"https:\/\/jornalfatosenoticias.com.br\/wp-content\/uploads\/2024\/06\/festa-junina-bandeirinhas_istock.jpg","contentUrl":"https:\/\/jornalfatosenoticias.com.br\/wp-content\/uploads\/2024\/06\/festa-junina-bandeirinhas_istock.jpg","width":612,"height":408,"caption":"Colorful flags and decorative balloon for the Saint John party, which takes place in June in northeastern Brazil"},{"@type":"BreadcrumbList","@id":"https:\/\/jornalfatosenoticias.com.br\/index.php\/2024\/06\/24\/veja-o-significado-por-tras-dos-simbolos-da-festa-junina\/#breadcrumb","itemListElement":[{"@type":"ListItem","position":1,"name":"In\u00edcio","item":"https:\/\/jornalfatosenoticias.com.br\/"},{"@type":"ListItem","position":2,"name":"Veja o significado por tr\u00e1s dos s\u00edmbolos da festa junina"}]},{"@type":"WebSite","@id":"https:\/\/jornalfatosenoticias.com.br\/#website","url":"https:\/\/jornalfatosenoticias.com.br\/","name":"Jornal Fatos e Not\u00edcias","description":"Not\u00edcias em geral","publisher":{"@id":"https:\/\/jornalfatosenoticias.com.br\/#organization"},"potentialAction":[{"@type":"SearchAction","target":{"@type":"EntryPoint","urlTemplate":"https:\/\/jornalfatosenoticias.com.br\/?s={search_term_string}"},"query-input":{"@type":"PropertyValueSpecification","valueRequired":true,"valueName":"search_term_string"}}],"inLanguage":"pt-BR"},{"@type":"Organization","@id":"https:\/\/jornalfatosenoticias.com.br\/#organization","name":"Jornal Fatos e Not\u00edcias","url":"https:\/\/jornalfatosenoticias.com.br\/","logo":{"@type":"ImageObject","inLanguage":"pt-BR","@id":"https:\/\/jornalfatosenoticias.com.br\/#\/schema\/logo\/image\/","url":"https:\/\/jornalfatosenoticias.com.br\/wp-content\/uploads\/2020\/02\/logo120.png","contentUrl":"https:\/\/jornalfatosenoticias.com.br\/wp-content\/uploads\/2020\/02\/logo120.png","width":1227,"height":120,"caption":"Jornal Fatos e Not\u00edcias"},"image":{"@id":"https:\/\/jornalfatosenoticias.com.br\/#\/schema\/logo\/image\/"}},{"@type":"Person","@id":"https:\/\/jornalfatosenoticias.com.br\/#\/schema\/person\/d63837fa13ac8666eb9e74e0985d6f81","name":"Luzimara Fernandes","image":{"@type":"ImageObject","inLanguage":"pt-BR","@id":"https:\/\/jornalfatosenoticias.com.br\/#\/schema\/person\/image\/","url":"https:\/\/jornalfatosenoticias.com.br\/wp-content\/uploads\/2025\/05\/EU_portal.jpg","contentUrl":"https:\/\/jornalfatosenoticias.com.br\/wp-content\/uploads\/2025\/05\/EU_portal.jpg","caption":"Luzimara Fernandes"},"description":"Jornalista MTB 2358-ES","sameAs":["https:\/\/jornalfatosenoticias.com.br"],"url":"https:\/\/jornalfatosenoticias.com.br\/index.php\/author\/luzimara\/"}]}},"cc_featured_image_caption":{"caption_text":"(Foto: iStock) ","source_text":"","source_url":""},"jetpack_featured_media_url":"https:\/\/jornalfatosenoticias.com.br\/wp-content\/uploads\/2024\/06\/festa-junina-bandeirinhas_istock.jpg","_links":{"self":[{"href":"https:\/\/jornalfatosenoticias.com.br\/index.php\/wp-json\/wp\/v2\/posts\/52179","targetHints":{"allow":["GET"]}}],"collection":[{"href":"https:\/\/jornalfatosenoticias.com.br\/index.php\/wp-json\/wp\/v2\/posts"}],"about":[{"href":"https:\/\/jornalfatosenoticias.com.br\/index.php\/wp-json\/wp\/v2\/types\/post"}],"author":[{"embeddable":true,"href":"https:\/\/jornalfatosenoticias.com.br\/index.php\/wp-json\/wp\/v2\/users\/2"}],"replies":[{"embeddable":true,"href":"https:\/\/jornalfatosenoticias.com.br\/index.php\/wp-json\/wp\/v2\/comments?post=52179"}],"version-history":[{"count":0,"href":"https:\/\/jornalfatosenoticias.com.br\/index.php\/wp-json\/wp\/v2\/posts\/52179\/revisions"}],"wp:featuredmedia":[{"embeddable":true,"href":"https:\/\/jornalfatosenoticias.com.br\/index.php\/wp-json\/wp\/v2\/media\/52180"}],"wp:attachment":[{"href":"https:\/\/jornalfatosenoticias.com.br\/index.php\/wp-json\/wp\/v2\/media?parent=52179"}],"wp:term":[{"taxonomy":"category","embeddable":true,"href":"https:\/\/jornalfatosenoticias.com.br\/index.php\/wp-json\/wp\/v2\/categories?post=52179"},{"taxonomy":"post_tag","embeddable":true,"href":"https:\/\/jornalfatosenoticias.com.br\/index.php\/wp-json\/wp\/v2\/tags?post=52179"}],"curies":[{"name":"wp","href":"https:\/\/api.w.org\/{rel}","templated":true}]}}