{"id":52213,"date":"2024-06-25T09:03:19","date_gmt":"2024-06-25T12:03:19","guid":{"rendered":"https:\/\/jornalfatosenoticias.com.br\/?p=52213"},"modified":"2024-06-25T09:03:20","modified_gmt":"2024-06-25T12:03:20","slug":"colegio-militar-de-manaus-esta-entre-as-finalistas-de-melhores-escolas-do-mundo","status":"publish","type":"post","link":"https:\/\/jornalfatosenoticias.com.br\/index.php\/2024\/06\/25\/colegio-militar-de-manaus-esta-entre-as-finalistas-de-melhores-escolas-do-mundo\/","title":{"rendered":"Col\u00e9gio Militar de Manaus est\u00e1 entre as finalistas de melhores escolas do mundo"},"content":{"rendered":"\n<div class=\"wp-block-image\"><figure class=\"aligncenter size-large\"><a href=\"https:\/\/panper.com.br\/\"><img loading=\"lazy\" decoding=\"async\" width=\"1024\" height=\"111\" src=\"https:\/\/jornalfatosenoticias.com.br\/wp-content\/uploads\/2020\/02\/WhatsApp-Image-2022-09-23-at-12.09.18-1024x111.jpeg\" alt=\"\" class=\"wp-image-34527\" srcset=\"https:\/\/jornalfatosenoticias.com.br\/wp-content\/uploads\/2020\/02\/WhatsApp-Image-2022-09-23-at-12.09.18-1024x111.jpeg 1024w, https:\/\/jornalfatosenoticias.com.br\/wp-content\/uploads\/2020\/02\/WhatsApp-Image-2022-09-23-at-12.09.18-300x32.jpeg 300w, https:\/\/jornalfatosenoticias.com.br\/wp-content\/uploads\/2020\/02\/WhatsApp-Image-2022-09-23-at-12.09.18-768x83.jpeg 768w, https:\/\/jornalfatosenoticias.com.br\/wp-content\/uploads\/2020\/02\/WhatsApp-Image-2022-09-23-at-12.09.18.jpeg 1121w\" sizes=\"auto, (max-width: 1024px) 100vw, 1024px\" \/><\/a><\/figure><\/div>\n\n\n\n<p>O <strong>Col\u00e9gio Militar de Manaus<\/strong> (CMM), juntamente com outros tr\u00eas col\u00e9gios p\u00fablicos do Brasil, alcan\u00e7ou a final do <strong>Pr\u00eamio Melhores Escolas do Mundo 2024<\/strong> (World\u2019s Best School Prizes). Este pr\u00eamio, que tem 50 escolas concorrentes em diversas categorias, premia o vencedor de cada categoria com R$ 50 mil. O CMM est\u00e1 na disputa na categoria Inova\u00e7\u00e3o.<br>A nomea\u00e7\u00e3o do CMM para este pr\u00eamio \u00e9 resultado de sua inovadora iniciativa de educa\u00e7\u00e3o a dist\u00e2ncia, que visa superar principalmente desafios geogr\u00e1ficos e log\u00edsticos. A escola oferece educa\u00e7\u00e3o a \u00e1reas remotas onde residem filhos de militares em miss\u00e3o no exterior. O programa de ensino a dist\u00e2ncia do col\u00e9gio tem como objetivo principal estimular o pensamento cr\u00edtico e o empreendedorismo sustent\u00e1vel. Este projeto j\u00e1 foi reconhecido anteriormente com o <strong>Pr\u00eamio de Inova\u00e7\u00e3o Digital.<\/strong><\/p>\n\n\n\n<div class=\"wp-block-image\"><figure class=\"aligncenter size-large\"><a href=\"https:\/\/cesconetto.com.br\/\"><img loading=\"lazy\" decoding=\"async\" width=\"300\" height=\"250\" src=\"https:\/\/jornalfatosenoticias.com.br\/wp-content\/uploads\/2020\/02\/Banner-2.png\" alt=\"\" class=\"wp-image-43787\"\/><\/a><\/figure><\/div>\n\n\n\n<p>O programa de ensino a dist\u00e2ncia do CMM foi iniciado em 2002, com a finalidade de proporcionar educa\u00e7\u00e3o b\u00e1sica de qualidade aos filhos e dependentes de militares das For\u00e7as Armadas que est\u00e3o servindo no exterior e em \u00e1reas de dif\u00edcil acesso na regi\u00e3o amaz\u00f4nica e fronteiras. Atualmente, este programa atende mais de 500 alunos em 47 pa\u00edses. O Pr\u00eamio Melhores Escolas do Mundo \u00e9 uma iniciativa que reconhece projetos educacionais que impactam positivamente a vida dos estudantes de forma criativa.<\/p>\n\n\n\n<div class=\"wp-block-image\"><figure class=\"aligncenter size-large is-resized\"><a href=\"https:\/\/www.instagram.com\/rapuzeljastro\/\"><img loading=\"lazy\" decoding=\"async\" src=\"https:\/\/jornalfatosenoticias.com.br\/wp-content\/uploads\/2020\/02\/logo-Rapuzel-1024x571.jpg\" alt=\"\" class=\"wp-image-42808\" width=\"343\" height=\"191\" srcset=\"https:\/\/jornalfatosenoticias.com.br\/wp-content\/uploads\/2020\/02\/logo-Rapuzel-1024x571.jpg 1024w, https:\/\/jornalfatosenoticias.com.br\/wp-content\/uploads\/2020\/02\/logo-Rapuzel-300x167.jpg 300w, https:\/\/jornalfatosenoticias.com.br\/wp-content\/uploads\/2020\/02\/logo-Rapuzel-768x428.jpg 768w, https:\/\/jornalfatosenoticias.com.br\/wp-content\/uploads\/2020\/02\/logo-Rapuzel-1536x856.jpg 1536w, https:\/\/jornalfatosenoticias.com.br\/wp-content\/uploads\/2020\/02\/logo-Rapuzel.jpg 1600w\" sizes=\"auto, (max-width: 343px) 100vw, 343px\" \/><\/a><\/figure><\/div>\n\n\n\n<p><strong><em>Fonte: <a href=\"https:\/\/terrabrasilnoticias.com\/2024\/06\/tapa-na-cara-do-mec-colegio-militar-de-manaus-esta-entre-as-finalistas-de-melhores-escolas-do-mundo\/\">Terra Brasil Not\u00edcias<\/a><\/em><\/strong><\/p>\n","protected":false},"excerpt":{"rendered":"<p>O Col\u00e9gio Militar de Manaus (CMM), juntamente com outros tr\u00eas col\u00e9gios p\u00fablicos do Brasil, alcan\u00e7ou a final do Pr\u00eamio Melhores Escolas do Mundo 2024 (World\u2019s Best School Prizes). Este pr\u00eamio, que tem 50 escolas concorrentes em diversas categorias, premia o vencedor de cada categoria com R$ 50 mil. O CMM est\u00e1 na disputa na categoria [&hellip;]<\/p>\n","protected":false},"author":2,"featured_media":52214,"comment_status":"open","ping_status":"open","sticky":false,"template":"","format":"standard","meta":{"footnotes":""},"categories":[7],"tags":[597,23881,23880,1272,23882],"class_list":["post-52213","post","type-post","status-publish","format-standard","has-post-thumbnail","hentry","category-educacao","tag-brasil","tag-colegio-militar-de-manaus","tag-colegios-publicos-do-brasil","tag-ensino-a-distancia","tag-premio-melhores-escolas-do-mundo-2024"],"yoast_head":"<!-- This site is optimized with the Yoast SEO plugin v26.5 - https:\/\/yoast.com\/wordpress\/plugins\/seo\/ -->\n<title>Col\u00e9gio Militar de Manaus est\u00e1 entre as finalistas de melhores escolas do mundo - Jornal Fatos e Not\u00edcias<\/title>\n<meta name=\"robots\" content=\"index, follow, max-snippet:-1, max-image-preview:large, max-video-preview:-1\" \/>\n<link rel=\"canonical\" href=\"https:\/\/jornalfatosenoticias.com.br\/index.php\/2024\/06\/25\/colegio-militar-de-manaus-esta-entre-as-finalistas-de-melhores-escolas-do-mundo\/\" \/>\n<meta property=\"og:locale\" content=\"pt_BR\" \/>\n<meta property=\"og:type\" content=\"article\" \/>\n<meta property=\"og:title\" content=\"Col\u00e9gio Militar de Manaus est\u00e1 entre as finalistas de melhores escolas do mundo - Jornal Fatos e Not\u00edcias\" \/>\n<meta property=\"og:description\" content=\"O Col\u00e9gio Militar de Manaus (CMM), juntamente com outros tr\u00eas col\u00e9gios p\u00fablicos do Brasil, alcan\u00e7ou a final do Pr\u00eamio Melhores Escolas do Mundo 2024 (World\u2019s Best School Prizes). Este pr\u00eamio, que tem 50 escolas concorrentes em diversas categorias, premia o vencedor de cada categoria com R$ 50 mil. O CMM est\u00e1 na disputa na categoria [&hellip;]\" \/>\n<meta property=\"og:url\" content=\"https:\/\/jornalfatosenoticias.com.br\/index.php\/2024\/06\/25\/colegio-militar-de-manaus-esta-entre-as-finalistas-de-melhores-escolas-do-mundo\/\" \/>\n<meta property=\"og:site_name\" content=\"Jornal Fatos e Not\u00edcias\" \/>\n<meta property=\"article:published_time\" content=\"2024-06-25T12:03:19+00:00\" \/>\n<meta property=\"article:modified_time\" content=\"2024-06-25T12:03:20+00:00\" \/>\n<meta property=\"og:image\" content=\"https:\/\/jornalfatosenoticias.com.br\/wp-content\/uploads\/2024\/06\/colegio-militar_AM.jpg\" \/>\n\t<meta property=\"og:image:width\" content=\"1000\" \/>\n\t<meta property=\"og:image:height\" content=\"500\" \/>\n\t<meta property=\"og:image:type\" content=\"image\/jpeg\" \/>\n<meta name=\"author\" content=\"Luzimara Fernandes\" \/>\n<meta name=\"twitter:card\" content=\"summary_large_image\" \/>\n<meta name=\"twitter:label1\" content=\"Escrito por\" \/>\n\t<meta name=\"twitter:data1\" content=\"Luzimara Fernandes\" \/>\n\t<meta name=\"twitter:label2\" content=\"Est. tempo de leitura\" \/>\n\t<meta name=\"twitter:data2\" content=\"1 minuto\" \/>\n<script type=\"application\/ld+json\" class=\"yoast-schema-graph\">{\"@context\":\"https:\/\/schema.org\",\"@graph\":[{\"@type\":\"Article\",\"@id\":\"https:\/\/jornalfatosenoticias.com.br\/index.php\/2024\/06\/25\/colegio-militar-de-manaus-esta-entre-as-finalistas-de-melhores-escolas-do-mundo\/#article\",\"isPartOf\":{\"@id\":\"https:\/\/jornalfatosenoticias.com.br\/index.php\/2024\/06\/25\/colegio-militar-de-manaus-esta-entre-as-finalistas-de-melhores-escolas-do-mundo\/\"},\"author\":{\"name\":\"Luzimara Fernandes\",\"@id\":\"https:\/\/jornalfatosenoticias.com.br\/#\/schema\/person\/d63837fa13ac8666eb9e74e0985d6f81\"},\"headline\":\"Col\u00e9gio Militar de Manaus est\u00e1 entre as finalistas de melhores escolas do mundo\",\"datePublished\":\"2024-06-25T12:03:19+00:00\",\"dateModified\":\"2024-06-25T12:03:20+00:00\",\"mainEntityOfPage\":{\"@id\":\"https:\/\/jornalfatosenoticias.com.br\/index.php\/2024\/06\/25\/colegio-militar-de-manaus-esta-entre-as-finalistas-de-melhores-escolas-do-mundo\/\"},\"wordCount\":253,\"commentCount\":0,\"publisher\":{\"@id\":\"https:\/\/jornalfatosenoticias.com.br\/#organization\"},\"image\":{\"@id\":\"https:\/\/jornalfatosenoticias.com.br\/index.php\/2024\/06\/25\/colegio-militar-de-manaus-esta-entre-as-finalistas-de-melhores-escolas-do-mundo\/#primaryimage\"},\"thumbnailUrl\":\"https:\/\/jornalfatosenoticias.com.br\/wp-content\/uploads\/2024\/06\/colegio-militar_AM.jpg\",\"keywords\":[\"Brasil\",\"Col\u00e9gio Militar de Manaus\",\"col\u00e9gios p\u00fablicos do Brasil\",\"ensino a dist\u00e2ncia\",\"Pr\u00eamio Melhores Escolas do Mundo 2024\"],\"articleSection\":[\"Educa\u00e7\u00e3o\"],\"inLanguage\":\"pt-BR\",\"potentialAction\":[{\"@type\":\"CommentAction\",\"name\":\"Comment\",\"target\":[\"https:\/\/jornalfatosenoticias.com.br\/index.php\/2024\/06\/25\/colegio-militar-de-manaus-esta-entre-as-finalistas-de-melhores-escolas-do-mundo\/#respond\"]}]},{\"@type\":\"WebPage\",\"@id\":\"https:\/\/jornalfatosenoticias.com.br\/index.php\/2024\/06\/25\/colegio-militar-de-manaus-esta-entre-as-finalistas-de-melhores-escolas-do-mundo\/\",\"url\":\"https:\/\/jornalfatosenoticias.com.br\/index.php\/2024\/06\/25\/colegio-militar-de-manaus-esta-entre-as-finalistas-de-melhores-escolas-do-mundo\/\",\"name\":\"Col\u00e9gio Militar de Manaus est\u00e1 entre as finalistas de melhores escolas do mundo - Jornal Fatos e Not\u00edcias\",\"isPartOf\":{\"@id\":\"https:\/\/jornalfatosenoticias.com.br\/#website\"},\"primaryImageOfPage\":{\"@id\":\"https:\/\/jornalfatosenoticias.com.br\/index.php\/2024\/06\/25\/colegio-militar-de-manaus-esta-entre-as-finalistas-de-melhores-escolas-do-mundo\/#primaryimage\"},\"image\":{\"@id\":\"https:\/\/jornalfatosenoticias.com.br\/index.php\/2024\/06\/25\/colegio-militar-de-manaus-esta-entre-as-finalistas-de-melhores-escolas-do-mundo\/#primaryimage\"},\"thumbnailUrl\":\"https:\/\/jornalfatosenoticias.com.br\/wp-content\/uploads\/2024\/06\/colegio-militar_AM.jpg\",\"datePublished\":\"2024-06-25T12:03:19+00:00\",\"dateModified\":\"2024-06-25T12:03:20+00:00\",\"breadcrumb\":{\"@id\":\"https:\/\/jornalfatosenoticias.com.br\/index.php\/2024\/06\/25\/colegio-militar-de-manaus-esta-entre-as-finalistas-de-melhores-escolas-do-mundo\/#breadcrumb\"},\"inLanguage\":\"pt-BR\",\"potentialAction\":[{\"@type\":\"ReadAction\",\"target\":[\"https:\/\/jornalfatosenoticias.com.br\/index.php\/2024\/06\/25\/colegio-militar-de-manaus-esta-entre-as-finalistas-de-melhores-escolas-do-mundo\/\"]}]},{\"@type\":\"ImageObject\",\"inLanguage\":\"pt-BR\",\"@id\":\"https:\/\/jornalfatosenoticias.com.br\/index.php\/2024\/06\/25\/colegio-militar-de-manaus-esta-entre-as-finalistas-de-melhores-escolas-do-mundo\/#primaryimage\",\"url\":\"https:\/\/jornalfatosenoticias.com.br\/wp-content\/uploads\/2024\/06\/colegio-militar_AM.jpg\",\"contentUrl\":\"https:\/\/jornalfatosenoticias.com.br\/wp-content\/uploads\/2024\/06\/colegio-militar_AM.jpg\",\"width\":1000,\"height\":500},{\"@type\":\"BreadcrumbList\",\"@id\":\"https:\/\/jornalfatosenoticias.com.br\/index.php\/2024\/06\/25\/colegio-militar-de-manaus-esta-entre-as-finalistas-de-melhores-escolas-do-mundo\/#breadcrumb\",\"itemListElement\":[{\"@type\":\"ListItem\",\"position\":1,\"name\":\"In\u00edcio\",\"item\":\"https:\/\/jornalfatosenoticias.com.br\/\"},{\"@type\":\"ListItem\",\"position\":2,\"name\":\"Col\u00e9gio Militar de Manaus est\u00e1 entre as finalistas de melhores escolas do mundo\"}]},{\"@type\":\"WebSite\",\"@id\":\"https:\/\/jornalfatosenoticias.com.br\/#website\",\"url\":\"https:\/\/jornalfatosenoticias.com.br\/\",\"name\":\"Jornal Fatos e Not\u00edcias\",\"description\":\"Not\u00edcias em geral\",\"publisher\":{\"@id\":\"https:\/\/jornalfatosenoticias.com.br\/#organization\"},\"potentialAction\":[{\"@type\":\"SearchAction\",\"target\":{\"@type\":\"EntryPoint\",\"urlTemplate\":\"https:\/\/jornalfatosenoticias.com.br\/?s={search_term_string}\"},\"query-input\":{\"@type\":\"PropertyValueSpecification\",\"valueRequired\":true,\"valueName\":\"search_term_string\"}}],\"inLanguage\":\"pt-BR\"},{\"@type\":\"Organization\",\"@id\":\"https:\/\/jornalfatosenoticias.com.br\/#organization\",\"name\":\"Jornal Fatos e Not\u00edcias\",\"url\":\"https:\/\/jornalfatosenoticias.com.br\/\",\"logo\":{\"@type\":\"ImageObject\",\"inLanguage\":\"pt-BR\",\"@id\":\"https:\/\/jornalfatosenoticias.com.br\/#\/schema\/logo\/image\/\",\"url\":\"https:\/\/jornalfatosenoticias.com.br\/wp-content\/uploads\/2020\/02\/logo120.png\",\"contentUrl\":\"https:\/\/jornalfatosenoticias.com.br\/wp-content\/uploads\/2020\/02\/logo120.png\",\"width\":1227,\"height\":120,\"caption\":\"Jornal Fatos e Not\u00edcias\"},\"image\":{\"@id\":\"https:\/\/jornalfatosenoticias.com.br\/#\/schema\/logo\/image\/\"}},{\"@type\":\"Person\",\"@id\":\"https:\/\/jornalfatosenoticias.com.br\/#\/schema\/person\/d63837fa13ac8666eb9e74e0985d6f81\",\"name\":\"Luzimara Fernandes\",\"image\":{\"@type\":\"ImageObject\",\"inLanguage\":\"pt-BR\",\"@id\":\"https:\/\/jornalfatosenoticias.com.br\/#\/schema\/person\/image\/\",\"url\":\"https:\/\/jornalfatosenoticias.com.br\/wp-content\/uploads\/2025\/05\/EU_portal.jpg\",\"contentUrl\":\"https:\/\/jornalfatosenoticias.com.br\/wp-content\/uploads\/2025\/05\/EU_portal.jpg\",\"caption\":\"Luzimara Fernandes\"},\"description\":\"Jornalista MTB 2358-ES\",\"sameAs\":[\"https:\/\/jornalfatosenoticias.com.br\"],\"url\":\"https:\/\/jornalfatosenoticias.com.br\/index.php\/author\/luzimara\/\"}]}<\/script>\n<!-- \/ Yoast SEO plugin. -->","yoast_head_json":{"title":"Col\u00e9gio Militar de Manaus est\u00e1 entre as finalistas de melhores escolas do mundo - Jornal Fatos e Not\u00edcias","robots":{"index":"index","follow":"follow","max-snippet":"max-snippet:-1","max-image-preview":"max-image-preview:large","max-video-preview":"max-video-preview:-1"},"canonical":"https:\/\/jornalfatosenoticias.com.br\/index.php\/2024\/06\/25\/colegio-militar-de-manaus-esta-entre-as-finalistas-de-melhores-escolas-do-mundo\/","og_locale":"pt_BR","og_type":"article","og_title":"Col\u00e9gio Militar de Manaus est\u00e1 entre as finalistas de melhores escolas do mundo - Jornal Fatos e Not\u00edcias","og_description":"O Col\u00e9gio Militar de Manaus (CMM), juntamente com outros tr\u00eas col\u00e9gios p\u00fablicos do Brasil, alcan\u00e7ou a final do Pr\u00eamio Melhores Escolas do Mundo 2024 (World\u2019s Best School Prizes). Este pr\u00eamio, que tem 50 escolas concorrentes em diversas categorias, premia o vencedor de cada categoria com R$ 50 mil. O CMM est\u00e1 na disputa na categoria [&hellip;]","og_url":"https:\/\/jornalfatosenoticias.com.br\/index.php\/2024\/06\/25\/colegio-militar-de-manaus-esta-entre-as-finalistas-de-melhores-escolas-do-mundo\/","og_site_name":"Jornal Fatos e Not\u00edcias","article_published_time":"2024-06-25T12:03:19+00:00","article_modified_time":"2024-06-25T12:03:20+00:00","og_image":[{"width":1000,"height":500,"url":"https:\/\/jornalfatosenoticias.com.br\/wp-content\/uploads\/2024\/06\/colegio-militar_AM.jpg","type":"image\/jpeg"}],"author":"Luzimara Fernandes","twitter_card":"summary_large_image","twitter_misc":{"Escrito por":"Luzimara Fernandes","Est. tempo de leitura":"1 minuto"},"schema":{"@context":"https:\/\/schema.org","@graph":[{"@type":"Article","@id":"https:\/\/jornalfatosenoticias.com.br\/index.php\/2024\/06\/25\/colegio-militar-de-manaus-esta-entre-as-finalistas-de-melhores-escolas-do-mundo\/#article","isPartOf":{"@id":"https:\/\/jornalfatosenoticias.com.br\/index.php\/2024\/06\/25\/colegio-militar-de-manaus-esta-entre-as-finalistas-de-melhores-escolas-do-mundo\/"},"author":{"name":"Luzimara Fernandes","@id":"https:\/\/jornalfatosenoticias.com.br\/#\/schema\/person\/d63837fa13ac8666eb9e74e0985d6f81"},"headline":"Col\u00e9gio Militar de Manaus est\u00e1 entre as finalistas de melhores escolas do mundo","datePublished":"2024-06-25T12:03:19+00:00","dateModified":"2024-06-25T12:03:20+00:00","mainEntityOfPage":{"@id":"https:\/\/jornalfatosenoticias.com.br\/index.php\/2024\/06\/25\/colegio-militar-de-manaus-esta-entre-as-finalistas-de-melhores-escolas-do-mundo\/"},"wordCount":253,"commentCount":0,"publisher":{"@id":"https:\/\/jornalfatosenoticias.com.br\/#organization"},"image":{"@id":"https:\/\/jornalfatosenoticias.com.br\/index.php\/2024\/06\/25\/colegio-militar-de-manaus-esta-entre-as-finalistas-de-melhores-escolas-do-mundo\/#primaryimage"},"thumbnailUrl":"https:\/\/jornalfatosenoticias.com.br\/wp-content\/uploads\/2024\/06\/colegio-militar_AM.jpg","keywords":["Brasil","Col\u00e9gio Militar de Manaus","col\u00e9gios p\u00fablicos do Brasil","ensino a dist\u00e2ncia","Pr\u00eamio Melhores Escolas do Mundo 2024"],"articleSection":["Educa\u00e7\u00e3o"],"inLanguage":"pt-BR","potentialAction":[{"@type":"CommentAction","name":"Comment","target":["https:\/\/jornalfatosenoticias.com.br\/index.php\/2024\/06\/25\/colegio-militar-de-manaus-esta-entre-as-finalistas-de-melhores-escolas-do-mundo\/#respond"]}]},{"@type":"WebPage","@id":"https:\/\/jornalfatosenoticias.com.br\/index.php\/2024\/06\/25\/colegio-militar-de-manaus-esta-entre-as-finalistas-de-melhores-escolas-do-mundo\/","url":"https:\/\/jornalfatosenoticias.com.br\/index.php\/2024\/06\/25\/colegio-militar-de-manaus-esta-entre-as-finalistas-de-melhores-escolas-do-mundo\/","name":"Col\u00e9gio Militar de Manaus est\u00e1 entre as finalistas de melhores escolas do mundo - Jornal Fatos e Not\u00edcias","isPartOf":{"@id":"https:\/\/jornalfatosenoticias.com.br\/#website"},"primaryImageOfPage":{"@id":"https:\/\/jornalfatosenoticias.com.br\/index.php\/2024\/06\/25\/colegio-militar-de-manaus-esta-entre-as-finalistas-de-melhores-escolas-do-mundo\/#primaryimage"},"image":{"@id":"https:\/\/jornalfatosenoticias.com.br\/index.php\/2024\/06\/25\/colegio-militar-de-manaus-esta-entre-as-finalistas-de-melhores-escolas-do-mundo\/#primaryimage"},"thumbnailUrl":"https:\/\/jornalfatosenoticias.com.br\/wp-content\/uploads\/2024\/06\/colegio-militar_AM.jpg","datePublished":"2024-06-25T12:03:19+00:00","dateModified":"2024-06-25T12:03:20+00:00","breadcrumb":{"@id":"https:\/\/jornalfatosenoticias.com.br\/index.php\/2024\/06\/25\/colegio-militar-de-manaus-esta-entre-as-finalistas-de-melhores-escolas-do-mundo\/#breadcrumb"},"inLanguage":"pt-BR","potentialAction":[{"@type":"ReadAction","target":["https:\/\/jornalfatosenoticias.com.br\/index.php\/2024\/06\/25\/colegio-militar-de-manaus-esta-entre-as-finalistas-de-melhores-escolas-do-mundo\/"]}]},{"@type":"ImageObject","inLanguage":"pt-BR","@id":"https:\/\/jornalfatosenoticias.com.br\/index.php\/2024\/06\/25\/colegio-militar-de-manaus-esta-entre-as-finalistas-de-melhores-escolas-do-mundo\/#primaryimage","url":"https:\/\/jornalfatosenoticias.com.br\/wp-content\/uploads\/2024\/06\/colegio-militar_AM.jpg","contentUrl":"https:\/\/jornalfatosenoticias.com.br\/wp-content\/uploads\/2024\/06\/colegio-militar_AM.jpg","width":1000,"height":500},{"@type":"BreadcrumbList","@id":"https:\/\/jornalfatosenoticias.com.br\/index.php\/2024\/06\/25\/colegio-militar-de-manaus-esta-entre-as-finalistas-de-melhores-escolas-do-mundo\/#breadcrumb","itemListElement":[{"@type":"ListItem","position":1,"name":"In\u00edcio","item":"https:\/\/jornalfatosenoticias.com.br\/"},{"@type":"ListItem","position":2,"name":"Col\u00e9gio Militar de Manaus est\u00e1 entre as finalistas de melhores escolas do mundo"}]},{"@type":"WebSite","@id":"https:\/\/jornalfatosenoticias.com.br\/#website","url":"https:\/\/jornalfatosenoticias.com.br\/","name":"Jornal Fatos e Not\u00edcias","description":"Not\u00edcias em geral","publisher":{"@id":"https:\/\/jornalfatosenoticias.com.br\/#organization"},"potentialAction":[{"@type":"SearchAction","target":{"@type":"EntryPoint","urlTemplate":"https:\/\/jornalfatosenoticias.com.br\/?s={search_term_string}"},"query-input":{"@type":"PropertyValueSpecification","valueRequired":true,"valueName":"search_term_string"}}],"inLanguage":"pt-BR"},{"@type":"Organization","@id":"https:\/\/jornalfatosenoticias.com.br\/#organization","name":"Jornal Fatos e Not\u00edcias","url":"https:\/\/jornalfatosenoticias.com.br\/","logo":{"@type":"ImageObject","inLanguage":"pt-BR","@id":"https:\/\/jornalfatosenoticias.com.br\/#\/schema\/logo\/image\/","url":"https:\/\/jornalfatosenoticias.com.br\/wp-content\/uploads\/2020\/02\/logo120.png","contentUrl":"https:\/\/jornalfatosenoticias.com.br\/wp-content\/uploads\/2020\/02\/logo120.png","width":1227,"height":120,"caption":"Jornal Fatos e Not\u00edcias"},"image":{"@id":"https:\/\/jornalfatosenoticias.com.br\/#\/schema\/logo\/image\/"}},{"@type":"Person","@id":"https:\/\/jornalfatosenoticias.com.br\/#\/schema\/person\/d63837fa13ac8666eb9e74e0985d6f81","name":"Luzimara Fernandes","image":{"@type":"ImageObject","inLanguage":"pt-BR","@id":"https:\/\/jornalfatosenoticias.com.br\/#\/schema\/person\/image\/","url":"https:\/\/jornalfatosenoticias.com.br\/wp-content\/uploads\/2025\/05\/EU_portal.jpg","contentUrl":"https:\/\/jornalfatosenoticias.com.br\/wp-content\/uploads\/2025\/05\/EU_portal.jpg","caption":"Luzimara Fernandes"},"description":"Jornalista MTB 2358-ES","sameAs":["https:\/\/jornalfatosenoticias.com.br"],"url":"https:\/\/jornalfatosenoticias.com.br\/index.php\/author\/luzimara\/"}]}},"cc_featured_image_caption":{"caption_text":"(Foto: Reprodu\u00e7\u00e3o\/CMM) ","source_text":"","source_url":""},"jetpack_featured_media_url":"https:\/\/jornalfatosenoticias.com.br\/wp-content\/uploads\/2024\/06\/colegio-militar_AM.jpg","_links":{"self":[{"href":"https:\/\/jornalfatosenoticias.com.br\/index.php\/wp-json\/wp\/v2\/posts\/52213","targetHints":{"allow":["GET"]}}],"collection":[{"href":"https:\/\/jornalfatosenoticias.com.br\/index.php\/wp-json\/wp\/v2\/posts"}],"about":[{"href":"https:\/\/jornalfatosenoticias.com.br\/index.php\/wp-json\/wp\/v2\/types\/post"}],"author":[{"embeddable":true,"href":"https:\/\/jornalfatosenoticias.com.br\/index.php\/wp-json\/wp\/v2\/users\/2"}],"replies":[{"embeddable":true,"href":"https:\/\/jornalfatosenoticias.com.br\/index.php\/wp-json\/wp\/v2\/comments?post=52213"}],"version-history":[{"count":0,"href":"https:\/\/jornalfatosenoticias.com.br\/index.php\/wp-json\/wp\/v2\/posts\/52213\/revisions"}],"wp:featuredmedia":[{"embeddable":true,"href":"https:\/\/jornalfatosenoticias.com.br\/index.php\/wp-json\/wp\/v2\/media\/52214"}],"wp:attachment":[{"href":"https:\/\/jornalfatosenoticias.com.br\/index.php\/wp-json\/wp\/v2\/media?parent=52213"}],"wp:term":[{"taxonomy":"category","embeddable":true,"href":"https:\/\/jornalfatosenoticias.com.br\/index.php\/wp-json\/wp\/v2\/categories?post=52213"},{"taxonomy":"post_tag","embeddable":true,"href":"https:\/\/jornalfatosenoticias.com.br\/index.php\/wp-json\/wp\/v2\/tags?post=52213"}],"curies":[{"name":"wp","href":"https:\/\/api.w.org\/{rel}","templated":true}]}}