{"id":52229,"date":"2024-06-25T11:06:00","date_gmt":"2024-06-25T14:06:00","guid":{"rendered":"https:\/\/jornalfatosenoticias.com.br\/?p=52229"},"modified":"2024-06-25T11:06:02","modified_gmt":"2024-06-25T14:06:02","slug":"gatilho-genetico-para-obesidade-e-identificado-em-novo-estudo","status":"publish","type":"post","link":"https:\/\/jornalfatosenoticias.com.br\/index.php\/2024\/06\/25\/gatilho-genetico-para-obesidade-e-identificado-em-novo-estudo\/","title":{"rendered":"Gatilho gen\u00e9tico para obesidade \u00e9 identificado em novo estudo"},"content":{"rendered":"\n<p><em><span class=\"has-inline-color has-black-color\">Estudo revela que muta\u00e7\u00e3o gen\u00e9tica est\u00e1 associada ao aumento de peso em indiv\u00edduos, criando novas possibilidades de tratamento para obesidade<\/span><\/em><\/p>\n\n\n\n<p><span class=\"has-inline-color has-black-color\">Por <strong><a href=\"https:\/\/olhardigital.com.br\/author\/ana-figueiredo\/\">Ana Luiza Figueiredo<\/a><\/strong><\/span><\/p>\n\n\n\n<div class=\"wp-block-image\"><figure class=\"aligncenter size-large is-resized\"><a href=\"https:\/\/www.instagram.com\/restaurantepegoretti\/\"><img loading=\"lazy\" decoding=\"async\" src=\"https:\/\/jornalfatosenoticias.com.br\/wp-content\/uploads\/2023\/12\/pegoretti-logo-pdf-1024x389.jpg\" alt=\"\" class=\"wp-image-47536\" width=\"467\" height=\"177\" srcset=\"https:\/\/jornalfatosenoticias.com.br\/wp-content\/uploads\/2023\/12\/pegoretti-logo-pdf-1024x389.jpg 1024w, https:\/\/jornalfatosenoticias.com.br\/wp-content\/uploads\/2023\/12\/pegoretti-logo-pdf-300x114.jpg 300w, https:\/\/jornalfatosenoticias.com.br\/wp-content\/uploads\/2023\/12\/pegoretti-logo-pdf-768x291.jpg 768w, https:\/\/jornalfatosenoticias.com.br\/wp-content\/uploads\/2023\/12\/pegoretti-logo-pdf.jpg 1120w\" sizes=\"auto, (max-width: 467px) 100vw, 467px\" \/><\/a><\/figure><\/div>\n\n\n\n<p>Pesquisadores da Universidade de Exeter revelaram uma descoberta promissora que pode revolucionar o tratamento da\u00a0<a href=\"https:\/\/olhardigital.com.br\/tag\/obesidade\/\"><strong>obesidade<\/strong><\/a>. Um estudo recente identificou uma muta\u00e7\u00e3o\u00a0<a href=\"https:\/\/olhardigital.com.br\/tag\/genetica\/\"><strong>gen\u00e9tica<\/strong><\/a> espec\u00edfica, ligada ao gene SMIM1, que est\u00e1 diretamente associada ao ganho de peso em homens e mulheres.<br>Publicado na renomada revista Med, o estudo utilizou dados do UK Biobank para analisar como a muta\u00e7\u00e3o afeta o metabolismo, descobrindo que portadores da muta\u00e7\u00e3o podem pesar at\u00e9 4,6 quilogramas a mais, dependendo do sexo. Essa descoberta n\u00e3o apenas lan\u00e7a luz sobre as complexas causas da obesidade, mas tamb\u00e9m oferece novas perspectivas para o tratamento personalizado da condi\u00e7\u00e3o.<\/p>\n\n\n\n<div class=\"wp-block-image\"><figure class=\"aligncenter size-large is-resized\"><a href=\"https:\/\/www.instagram.com\/rapuzeljastro\/\"><img loading=\"lazy\" decoding=\"async\" src=\"https:\/\/jornalfatosenoticias.com.br\/wp-content\/uploads\/2020\/02\/logo-Rapuzel-1024x571.jpg\" alt=\"\" class=\"wp-image-42808\" width=\"393\" height=\"219\" srcset=\"https:\/\/jornalfatosenoticias.com.br\/wp-content\/uploads\/2020\/02\/logo-Rapuzel-1024x571.jpg 1024w, https:\/\/jornalfatosenoticias.com.br\/wp-content\/uploads\/2020\/02\/logo-Rapuzel-300x167.jpg 300w, https:\/\/jornalfatosenoticias.com.br\/wp-content\/uploads\/2020\/02\/logo-Rapuzel-768x428.jpg 768w, https:\/\/jornalfatosenoticias.com.br\/wp-content\/uploads\/2020\/02\/logo-Rapuzel-1536x856.jpg 1536w, https:\/\/jornalfatosenoticias.com.br\/wp-content\/uploads\/2020\/02\/logo-Rapuzel.jpg 1600w\" sizes=\"auto, (max-width: 393px) 100vw, 393px\" \/><\/a><\/figure><\/div>\n\n\n\n<p>O Dr. Philipp Scherer, da Universidade de Texas Southwestern Medical Center, elogiou o estudo \u00e0 CNN por identificar uma muta\u00e7\u00e3o gen\u00e9tica espec\u00edfica associada \u00e0 obesidade, destacando seu potencial para pesquisas adicionais sobre op\u00e7\u00f5es de <strong><a href=\"https:\/\/olhardigital.com.br\/tag\/tratamento\/\">tratamento<\/a>.<\/strong><\/p>\n\n\n\n<div class=\"wp-block-image\"><figure class=\"aligncenter size-large is-resized\"><a href=\"https:\/\/www.facebook.com\/Esteio-Churrascaria-Barbecue-103643461220402\/\"><img loading=\"lazy\" decoding=\"async\" src=\"https:\/\/jornalfatosenoticias.com.br\/wp-content\/uploads\/2020\/02\/logo_esteio.jpg\" alt=\"\" class=\"wp-image-1214\" width=\"331\" height=\"276\"\/><\/a><\/figure><\/div>\n\n\n\n<blockquote class=\"wp-block-quote is-layout-flow wp-block-quote-is-layout-flow\"><p><span class=\"has-inline-color has-luminous-vivid-orange-color\">\u00c9 um estudo empolgante porque coloca um novo gene no mapa. \u00c9 um gene real, ao inv\u00e9s de apenas um locus gen\u00f4mico com uma muta\u00e7\u00e3o em algum lugar que n\u00e3o entendemos\u2026 Acreditamos que estamos olhando para um gene aqui que podemos estudar mais a fundo\u201d, explica Dr. Philipp Scherer, da Universidade de Texas Southwestern Medical Center.<\/span><\/p><\/blockquote>\n\n\n\n<div class=\"wp-block-image\"><figure class=\"aligncenter size-large is-resized\"><a href=\"https:\/\/hotelmarquetti.com.br\/\"><img loading=\"lazy\" decoding=\"async\" src=\"https:\/\/jornalfatosenoticias.com.br\/wp-content\/uploads\/2023\/03\/nova-logo-Marquetti.jpg\" alt=\"\" class=\"wp-image-40207\" width=\"353\" height=\"237\" srcset=\"https:\/\/jornalfatosenoticias.com.br\/wp-content\/uploads\/2023\/03\/nova-logo-Marquetti.jpg 643w, https:\/\/jornalfatosenoticias.com.br\/wp-content\/uploads\/2023\/03\/nova-logo-Marquetti-300x202.jpg 300w\" sizes=\"auto, (max-width: 353px) 100vw, 353px\" \/><\/a><\/figure><\/div>\n\n\n\n<p>O Instituto Nacional de Diabetes e Doen\u00e7as Digestivas e Renais destaca a natureza multifacetada da obesidade, influenciada por escolhas de estilo de vida, gen\u00e9tica e fatores ambientais. Enquanto a pesquisa gen\u00e9tica avan\u00e7a, o Dr. Scherer recomendou medicamentos GLP-1 como a abordagem atual mais eficaz para o tratamento m\u00e9dico da obesidade, alertando contra estrat\u00e9gias extremas de <strong><a href=\"https:\/\/olhardigital.com.br\/tag\/dieta\/\">dieta<\/a>.<\/strong><\/p>\n\n\n\n<div class=\"wp-block-image\"><figure class=\"aligncenter size-large is-resized\"><a href=\"https:\/\/www.facebook.com\/postobkr\/?locale=pt_BR\"><img loading=\"lazy\" decoding=\"async\" src=\"https:\/\/jornalfatosenoticias.com.br\/wp-content\/uploads\/2023\/08\/BKR-1024x1021.jpg\" alt=\"\" class=\"wp-image-44494\" width=\"310\" height=\"309\" srcset=\"https:\/\/jornalfatosenoticias.com.br\/wp-content\/uploads\/2023\/08\/BKR-1024x1021.jpg 1024w, https:\/\/jornalfatosenoticias.com.br\/wp-content\/uploads\/2023\/08\/BKR-300x300.jpg 300w, https:\/\/jornalfatosenoticias.com.br\/wp-content\/uploads\/2023\/08\/BKR-150x150.jpg 150w, https:\/\/jornalfatosenoticias.com.br\/wp-content\/uploads\/2023\/08\/BKR-768x766.jpg 768w, https:\/\/jornalfatosenoticias.com.br\/wp-content\/uploads\/2023\/08\/BKR.jpg 1080w\" sizes=\"auto, (max-width: 310px) 100vw, 310px\" \/><\/a><\/figure><\/div>\n\n\n\n<p>O Dr. Frontini sugeriu que indiv\u00edduos com a muta\u00e7\u00e3o SMIM1 poderiam potencialmente se beneficiar de medicamentos para tireoide, um tratamento comum para disfun\u00e7\u00e3o tireoidiana. Pesquisas futuras visam explorar essa possibilidade por meio de ensaios cl\u00ednicos randomizados, visando melhorar a qualidade de vida com uma abordagem de tratamento acess\u00edvel e segura.<\/p>\n\n\n\n<div class=\"wp-block-image\"><figure class=\"aligncenter size-large\"><a href=\"https:\/\/www.instagram.com\/baraodascarnes.es\/\"><img decoding=\"async\" src=\"https:\/\/jornalfatosenoticias.com.br\/wp-content\/uploads\/2020\/02\/barao-das-carnes-300x164-1.jpg\" alt=\"\" class=\"wp-image-34339\"\/><\/a><\/figure><\/div>\n\n\n\n<p><strong><em>Fonte: <a href=\"https:\/\/olhardigital.com.br\/2024\/06\/23\/medicina-e-saude\/gatilho-genetico-para-obesidade-e-identificado-em-novo-estudo\/\">Olhar Digital<\/a><\/em><\/strong><\/p>\n","protected":false},"excerpt":{"rendered":"<p>Estudo revela que muta\u00e7\u00e3o gen\u00e9tica est\u00e1 associada ao aumento de peso em indiv\u00edduos, criando novas possibilidades de tratamento para obesidade Por Ana Luiza Figueiredo Pesquisadores da Universidade de Exeter revelaram uma descoberta promissora que pode revolucionar o tratamento da\u00a0obesidade. Um estudo recente identificou uma muta\u00e7\u00e3o\u00a0gen\u00e9tica espec\u00edfica, ligada ao gene SMIM1, que est\u00e1 diretamente associada ao [&hellip;]<\/p>\n","protected":false},"author":2,"featured_media":52230,"comment_status":"open","ping_status":"open","sticky":false,"template":"","format":"standard","meta":{"footnotes":""},"categories":[11],"tags":[714,4204,3204,2865,634],"class_list":["post-52229","post","type-post","status-publish","format-standard","has-post-thumbnail","hentry","category-saude","tag-estudo","tag-gatilho","tag-genetica","tag-mutacao-genetica","tag-obesidade"],"yoast_head":"<!-- This site is optimized with the Yoast SEO plugin v26.5 - https:\/\/yoast.com\/wordpress\/plugins\/seo\/ -->\n<title>Gatilho gen\u00e9tico para obesidade \u00e9 identificado em novo estudo - Jornal Fatos e Not\u00edcias<\/title>\n<meta name=\"robots\" content=\"index, follow, max-snippet:-1, max-image-preview:large, max-video-preview:-1\" \/>\n<link rel=\"canonical\" href=\"https:\/\/jornalfatosenoticias.com.br\/index.php\/2024\/06\/25\/gatilho-genetico-para-obesidade-e-identificado-em-novo-estudo\/\" \/>\n<meta property=\"og:locale\" content=\"pt_BR\" \/>\n<meta property=\"og:type\" content=\"article\" \/>\n<meta property=\"og:title\" content=\"Gatilho gen\u00e9tico para obesidade \u00e9 identificado em novo estudo - Jornal Fatos e Not\u00edcias\" \/>\n<meta property=\"og:description\" content=\"Estudo revela que muta\u00e7\u00e3o gen\u00e9tica est\u00e1 associada ao aumento de peso em indiv\u00edduos, criando novas possibilidades de tratamento para obesidade Por Ana Luiza Figueiredo Pesquisadores da Universidade de Exeter revelaram uma descoberta promissora que pode revolucionar o tratamento da\u00a0obesidade. Um estudo recente identificou uma muta\u00e7\u00e3o\u00a0gen\u00e9tica espec\u00edfica, ligada ao gene SMIM1, que est\u00e1 diretamente associada ao [&hellip;]\" \/>\n<meta property=\"og:url\" content=\"https:\/\/jornalfatosenoticias.com.br\/index.php\/2024\/06\/25\/gatilho-genetico-para-obesidade-e-identificado-em-novo-estudo\/\" \/>\n<meta property=\"og:site_name\" content=\"Jornal Fatos e Not\u00edcias\" \/>\n<meta property=\"article:published_time\" content=\"2024-06-25T14:06:00+00:00\" \/>\n<meta property=\"article:modified_time\" content=\"2024-06-25T14:06:02+00:00\" \/>\n<meta property=\"og:image\" content=\"https:\/\/jornalfatosenoticias.com.br\/wp-content\/uploads\/2024\/06\/obesidade_freepik.jpg\" \/>\n\t<meta property=\"og:image:width\" content=\"740\" \/>\n\t<meta property=\"og:image:height\" content=\"493\" \/>\n\t<meta property=\"og:image:type\" content=\"image\/jpeg\" \/>\n<meta name=\"author\" content=\"Luzimara Fernandes\" \/>\n<meta name=\"twitter:card\" content=\"summary_large_image\" \/>\n<meta name=\"twitter:label1\" content=\"Escrito por\" \/>\n\t<meta name=\"twitter:data1\" content=\"Luzimara Fernandes\" \/>\n\t<meta name=\"twitter:label2\" content=\"Est. tempo de leitura\" \/>\n\t<meta name=\"twitter:data2\" content=\"2 minutos\" \/>\n<script type=\"application\/ld+json\" class=\"yoast-schema-graph\">{\"@context\":\"https:\/\/schema.org\",\"@graph\":[{\"@type\":\"Article\",\"@id\":\"https:\/\/jornalfatosenoticias.com.br\/index.php\/2024\/06\/25\/gatilho-genetico-para-obesidade-e-identificado-em-novo-estudo\/#article\",\"isPartOf\":{\"@id\":\"https:\/\/jornalfatosenoticias.com.br\/index.php\/2024\/06\/25\/gatilho-genetico-para-obesidade-e-identificado-em-novo-estudo\/\"},\"author\":{\"name\":\"Luzimara Fernandes\",\"@id\":\"https:\/\/jornalfatosenoticias.com.br\/#\/schema\/person\/d63837fa13ac8666eb9e74e0985d6f81\"},\"headline\":\"Gatilho gen\u00e9tico para obesidade \u00e9 identificado em novo estudo\",\"datePublished\":\"2024-06-25T14:06:00+00:00\",\"dateModified\":\"2024-06-25T14:06:02+00:00\",\"mainEntityOfPage\":{\"@id\":\"https:\/\/jornalfatosenoticias.com.br\/index.php\/2024\/06\/25\/gatilho-genetico-para-obesidade-e-identificado-em-novo-estudo\/\"},\"wordCount\":357,\"commentCount\":0,\"publisher\":{\"@id\":\"https:\/\/jornalfatosenoticias.com.br\/#organization\"},\"image\":{\"@id\":\"https:\/\/jornalfatosenoticias.com.br\/index.php\/2024\/06\/25\/gatilho-genetico-para-obesidade-e-identificado-em-novo-estudo\/#primaryimage\"},\"thumbnailUrl\":\"https:\/\/jornalfatosenoticias.com.br\/wp-content\/uploads\/2024\/06\/obesidade_freepik.jpg\",\"keywords\":[\"Estudo\",\"gatilho\",\"gen\u00e9tica\",\"muta\u00e7\u00e3o gen\u00e9tica\",\"obesidade\"],\"articleSection\":[\"Sa\u00fade\"],\"inLanguage\":\"pt-BR\",\"potentialAction\":[{\"@type\":\"CommentAction\",\"name\":\"Comment\",\"target\":[\"https:\/\/jornalfatosenoticias.com.br\/index.php\/2024\/06\/25\/gatilho-genetico-para-obesidade-e-identificado-em-novo-estudo\/#respond\"]}]},{\"@type\":\"WebPage\",\"@id\":\"https:\/\/jornalfatosenoticias.com.br\/index.php\/2024\/06\/25\/gatilho-genetico-para-obesidade-e-identificado-em-novo-estudo\/\",\"url\":\"https:\/\/jornalfatosenoticias.com.br\/index.php\/2024\/06\/25\/gatilho-genetico-para-obesidade-e-identificado-em-novo-estudo\/\",\"name\":\"Gatilho gen\u00e9tico para obesidade \u00e9 identificado em novo estudo - Jornal Fatos e Not\u00edcias\",\"isPartOf\":{\"@id\":\"https:\/\/jornalfatosenoticias.com.br\/#website\"},\"primaryImageOfPage\":{\"@id\":\"https:\/\/jornalfatosenoticias.com.br\/index.php\/2024\/06\/25\/gatilho-genetico-para-obesidade-e-identificado-em-novo-estudo\/#primaryimage\"},\"image\":{\"@id\":\"https:\/\/jornalfatosenoticias.com.br\/index.php\/2024\/06\/25\/gatilho-genetico-para-obesidade-e-identificado-em-novo-estudo\/#primaryimage\"},\"thumbnailUrl\":\"https:\/\/jornalfatosenoticias.com.br\/wp-content\/uploads\/2024\/06\/obesidade_freepik.jpg\",\"datePublished\":\"2024-06-25T14:06:00+00:00\",\"dateModified\":\"2024-06-25T14:06:02+00:00\",\"breadcrumb\":{\"@id\":\"https:\/\/jornalfatosenoticias.com.br\/index.php\/2024\/06\/25\/gatilho-genetico-para-obesidade-e-identificado-em-novo-estudo\/#breadcrumb\"},\"inLanguage\":\"pt-BR\",\"potentialAction\":[{\"@type\":\"ReadAction\",\"target\":[\"https:\/\/jornalfatosenoticias.com.br\/index.php\/2024\/06\/25\/gatilho-genetico-para-obesidade-e-identificado-em-novo-estudo\/\"]}]},{\"@type\":\"ImageObject\",\"inLanguage\":\"pt-BR\",\"@id\":\"https:\/\/jornalfatosenoticias.com.br\/index.php\/2024\/06\/25\/gatilho-genetico-para-obesidade-e-identificado-em-novo-estudo\/#primaryimage\",\"url\":\"https:\/\/jornalfatosenoticias.com.br\/wp-content\/uploads\/2024\/06\/obesidade_freepik.jpg\",\"contentUrl\":\"https:\/\/jornalfatosenoticias.com.br\/wp-content\/uploads\/2024\/06\/obesidade_freepik.jpg\",\"width\":740,\"height\":493},{\"@type\":\"BreadcrumbList\",\"@id\":\"https:\/\/jornalfatosenoticias.com.br\/index.php\/2024\/06\/25\/gatilho-genetico-para-obesidade-e-identificado-em-novo-estudo\/#breadcrumb\",\"itemListElement\":[{\"@type\":\"ListItem\",\"position\":1,\"name\":\"In\u00edcio\",\"item\":\"https:\/\/jornalfatosenoticias.com.br\/\"},{\"@type\":\"ListItem\",\"position\":2,\"name\":\"Gatilho gen\u00e9tico para obesidade \u00e9 identificado em novo estudo\"}]},{\"@type\":\"WebSite\",\"@id\":\"https:\/\/jornalfatosenoticias.com.br\/#website\",\"url\":\"https:\/\/jornalfatosenoticias.com.br\/\",\"name\":\"Jornal Fatos e Not\u00edcias\",\"description\":\"Not\u00edcias em geral\",\"publisher\":{\"@id\":\"https:\/\/jornalfatosenoticias.com.br\/#organization\"},\"potentialAction\":[{\"@type\":\"SearchAction\",\"target\":{\"@type\":\"EntryPoint\",\"urlTemplate\":\"https:\/\/jornalfatosenoticias.com.br\/?s={search_term_string}\"},\"query-input\":{\"@type\":\"PropertyValueSpecification\",\"valueRequired\":true,\"valueName\":\"search_term_string\"}}],\"inLanguage\":\"pt-BR\"},{\"@type\":\"Organization\",\"@id\":\"https:\/\/jornalfatosenoticias.com.br\/#organization\",\"name\":\"Jornal Fatos e Not\u00edcias\",\"url\":\"https:\/\/jornalfatosenoticias.com.br\/\",\"logo\":{\"@type\":\"ImageObject\",\"inLanguage\":\"pt-BR\",\"@id\":\"https:\/\/jornalfatosenoticias.com.br\/#\/schema\/logo\/image\/\",\"url\":\"https:\/\/jornalfatosenoticias.com.br\/wp-content\/uploads\/2020\/02\/logo120.png\",\"contentUrl\":\"https:\/\/jornalfatosenoticias.com.br\/wp-content\/uploads\/2020\/02\/logo120.png\",\"width\":1227,\"height\":120,\"caption\":\"Jornal Fatos e Not\u00edcias\"},\"image\":{\"@id\":\"https:\/\/jornalfatosenoticias.com.br\/#\/schema\/logo\/image\/\"}},{\"@type\":\"Person\",\"@id\":\"https:\/\/jornalfatosenoticias.com.br\/#\/schema\/person\/d63837fa13ac8666eb9e74e0985d6f81\",\"name\":\"Luzimara Fernandes\",\"image\":{\"@type\":\"ImageObject\",\"inLanguage\":\"pt-BR\",\"@id\":\"https:\/\/jornalfatosenoticias.com.br\/#\/schema\/person\/image\/\",\"url\":\"https:\/\/jornalfatosenoticias.com.br\/wp-content\/uploads\/2025\/05\/EU_portal.jpg\",\"contentUrl\":\"https:\/\/jornalfatosenoticias.com.br\/wp-content\/uploads\/2025\/05\/EU_portal.jpg\",\"caption\":\"Luzimara Fernandes\"},\"description\":\"Jornalista MTB 2358-ES\",\"sameAs\":[\"https:\/\/jornalfatosenoticias.com.br\"],\"url\":\"https:\/\/jornalfatosenoticias.com.br\/index.php\/author\/luzimara\/\"}]}<\/script>\n<!-- \/ Yoast SEO plugin. -->","yoast_head_json":{"title":"Gatilho gen\u00e9tico para obesidade \u00e9 identificado em novo estudo - Jornal Fatos e Not\u00edcias","robots":{"index":"index","follow":"follow","max-snippet":"max-snippet:-1","max-image-preview":"max-image-preview:large","max-video-preview":"max-video-preview:-1"},"canonical":"https:\/\/jornalfatosenoticias.com.br\/index.php\/2024\/06\/25\/gatilho-genetico-para-obesidade-e-identificado-em-novo-estudo\/","og_locale":"pt_BR","og_type":"article","og_title":"Gatilho gen\u00e9tico para obesidade \u00e9 identificado em novo estudo - Jornal Fatos e Not\u00edcias","og_description":"Estudo revela que muta\u00e7\u00e3o gen\u00e9tica est\u00e1 associada ao aumento de peso em indiv\u00edduos, criando novas possibilidades de tratamento para obesidade Por Ana Luiza Figueiredo Pesquisadores da Universidade de Exeter revelaram uma descoberta promissora que pode revolucionar o tratamento da\u00a0obesidade. Um estudo recente identificou uma muta\u00e7\u00e3o\u00a0gen\u00e9tica espec\u00edfica, ligada ao gene SMIM1, que est\u00e1 diretamente associada ao [&hellip;]","og_url":"https:\/\/jornalfatosenoticias.com.br\/index.php\/2024\/06\/25\/gatilho-genetico-para-obesidade-e-identificado-em-novo-estudo\/","og_site_name":"Jornal Fatos e Not\u00edcias","article_published_time":"2024-06-25T14:06:00+00:00","article_modified_time":"2024-06-25T14:06:02+00:00","og_image":[{"width":740,"height":493,"url":"https:\/\/jornalfatosenoticias.com.br\/wp-content\/uploads\/2024\/06\/obesidade_freepik.jpg","type":"image\/jpeg"}],"author":"Luzimara Fernandes","twitter_card":"summary_large_image","twitter_misc":{"Escrito por":"Luzimara Fernandes","Est. tempo de leitura":"2 minutos"},"schema":{"@context":"https:\/\/schema.org","@graph":[{"@type":"Article","@id":"https:\/\/jornalfatosenoticias.com.br\/index.php\/2024\/06\/25\/gatilho-genetico-para-obesidade-e-identificado-em-novo-estudo\/#article","isPartOf":{"@id":"https:\/\/jornalfatosenoticias.com.br\/index.php\/2024\/06\/25\/gatilho-genetico-para-obesidade-e-identificado-em-novo-estudo\/"},"author":{"name":"Luzimara Fernandes","@id":"https:\/\/jornalfatosenoticias.com.br\/#\/schema\/person\/d63837fa13ac8666eb9e74e0985d6f81"},"headline":"Gatilho gen\u00e9tico para obesidade \u00e9 identificado em novo estudo","datePublished":"2024-06-25T14:06:00+00:00","dateModified":"2024-06-25T14:06:02+00:00","mainEntityOfPage":{"@id":"https:\/\/jornalfatosenoticias.com.br\/index.php\/2024\/06\/25\/gatilho-genetico-para-obesidade-e-identificado-em-novo-estudo\/"},"wordCount":357,"commentCount":0,"publisher":{"@id":"https:\/\/jornalfatosenoticias.com.br\/#organization"},"image":{"@id":"https:\/\/jornalfatosenoticias.com.br\/index.php\/2024\/06\/25\/gatilho-genetico-para-obesidade-e-identificado-em-novo-estudo\/#primaryimage"},"thumbnailUrl":"https:\/\/jornalfatosenoticias.com.br\/wp-content\/uploads\/2024\/06\/obesidade_freepik.jpg","keywords":["Estudo","gatilho","gen\u00e9tica","muta\u00e7\u00e3o gen\u00e9tica","obesidade"],"articleSection":["Sa\u00fade"],"inLanguage":"pt-BR","potentialAction":[{"@type":"CommentAction","name":"Comment","target":["https:\/\/jornalfatosenoticias.com.br\/index.php\/2024\/06\/25\/gatilho-genetico-para-obesidade-e-identificado-em-novo-estudo\/#respond"]}]},{"@type":"WebPage","@id":"https:\/\/jornalfatosenoticias.com.br\/index.php\/2024\/06\/25\/gatilho-genetico-para-obesidade-e-identificado-em-novo-estudo\/","url":"https:\/\/jornalfatosenoticias.com.br\/index.php\/2024\/06\/25\/gatilho-genetico-para-obesidade-e-identificado-em-novo-estudo\/","name":"Gatilho gen\u00e9tico para obesidade \u00e9 identificado em novo estudo - Jornal Fatos e Not\u00edcias","isPartOf":{"@id":"https:\/\/jornalfatosenoticias.com.br\/#website"},"primaryImageOfPage":{"@id":"https:\/\/jornalfatosenoticias.com.br\/index.php\/2024\/06\/25\/gatilho-genetico-para-obesidade-e-identificado-em-novo-estudo\/#primaryimage"},"image":{"@id":"https:\/\/jornalfatosenoticias.com.br\/index.php\/2024\/06\/25\/gatilho-genetico-para-obesidade-e-identificado-em-novo-estudo\/#primaryimage"},"thumbnailUrl":"https:\/\/jornalfatosenoticias.com.br\/wp-content\/uploads\/2024\/06\/obesidade_freepik.jpg","datePublished":"2024-06-25T14:06:00+00:00","dateModified":"2024-06-25T14:06:02+00:00","breadcrumb":{"@id":"https:\/\/jornalfatosenoticias.com.br\/index.php\/2024\/06\/25\/gatilho-genetico-para-obesidade-e-identificado-em-novo-estudo\/#breadcrumb"},"inLanguage":"pt-BR","potentialAction":[{"@type":"ReadAction","target":["https:\/\/jornalfatosenoticias.com.br\/index.php\/2024\/06\/25\/gatilho-genetico-para-obesidade-e-identificado-em-novo-estudo\/"]}]},{"@type":"ImageObject","inLanguage":"pt-BR","@id":"https:\/\/jornalfatosenoticias.com.br\/index.php\/2024\/06\/25\/gatilho-genetico-para-obesidade-e-identificado-em-novo-estudo\/#primaryimage","url":"https:\/\/jornalfatosenoticias.com.br\/wp-content\/uploads\/2024\/06\/obesidade_freepik.jpg","contentUrl":"https:\/\/jornalfatosenoticias.com.br\/wp-content\/uploads\/2024\/06\/obesidade_freepik.jpg","width":740,"height":493},{"@type":"BreadcrumbList","@id":"https:\/\/jornalfatosenoticias.com.br\/index.php\/2024\/06\/25\/gatilho-genetico-para-obesidade-e-identificado-em-novo-estudo\/#breadcrumb","itemListElement":[{"@type":"ListItem","position":1,"name":"In\u00edcio","item":"https:\/\/jornalfatosenoticias.com.br\/"},{"@type":"ListItem","position":2,"name":"Gatilho gen\u00e9tico para obesidade \u00e9 identificado em novo estudo"}]},{"@type":"WebSite","@id":"https:\/\/jornalfatosenoticias.com.br\/#website","url":"https:\/\/jornalfatosenoticias.com.br\/","name":"Jornal Fatos e Not\u00edcias","description":"Not\u00edcias em geral","publisher":{"@id":"https:\/\/jornalfatosenoticias.com.br\/#organization"},"potentialAction":[{"@type":"SearchAction","target":{"@type":"EntryPoint","urlTemplate":"https:\/\/jornalfatosenoticias.com.br\/?s={search_term_string}"},"query-input":{"@type":"PropertyValueSpecification","valueRequired":true,"valueName":"search_term_string"}}],"inLanguage":"pt-BR"},{"@type":"Organization","@id":"https:\/\/jornalfatosenoticias.com.br\/#organization","name":"Jornal Fatos e Not\u00edcias","url":"https:\/\/jornalfatosenoticias.com.br\/","logo":{"@type":"ImageObject","inLanguage":"pt-BR","@id":"https:\/\/jornalfatosenoticias.com.br\/#\/schema\/logo\/image\/","url":"https:\/\/jornalfatosenoticias.com.br\/wp-content\/uploads\/2020\/02\/logo120.png","contentUrl":"https:\/\/jornalfatosenoticias.com.br\/wp-content\/uploads\/2020\/02\/logo120.png","width":1227,"height":120,"caption":"Jornal Fatos e Not\u00edcias"},"image":{"@id":"https:\/\/jornalfatosenoticias.com.br\/#\/schema\/logo\/image\/"}},{"@type":"Person","@id":"https:\/\/jornalfatosenoticias.com.br\/#\/schema\/person\/d63837fa13ac8666eb9e74e0985d6f81","name":"Luzimara Fernandes","image":{"@type":"ImageObject","inLanguage":"pt-BR","@id":"https:\/\/jornalfatosenoticias.com.br\/#\/schema\/person\/image\/","url":"https:\/\/jornalfatosenoticias.com.br\/wp-content\/uploads\/2025\/05\/EU_portal.jpg","contentUrl":"https:\/\/jornalfatosenoticias.com.br\/wp-content\/uploads\/2025\/05\/EU_portal.jpg","caption":"Luzimara Fernandes"},"description":"Jornalista MTB 2358-ES","sameAs":["https:\/\/jornalfatosenoticias.com.br"],"url":"https:\/\/jornalfatosenoticias.com.br\/index.php\/author\/luzimara\/"}]}},"cc_featured_image_caption":{"caption_text":"(Foto: Freepik) ","source_text":"","source_url":""},"jetpack_featured_media_url":"https:\/\/jornalfatosenoticias.com.br\/wp-content\/uploads\/2024\/06\/obesidade_freepik.jpg","_links":{"self":[{"href":"https:\/\/jornalfatosenoticias.com.br\/index.php\/wp-json\/wp\/v2\/posts\/52229","targetHints":{"allow":["GET"]}}],"collection":[{"href":"https:\/\/jornalfatosenoticias.com.br\/index.php\/wp-json\/wp\/v2\/posts"}],"about":[{"href":"https:\/\/jornalfatosenoticias.com.br\/index.php\/wp-json\/wp\/v2\/types\/post"}],"author":[{"embeddable":true,"href":"https:\/\/jornalfatosenoticias.com.br\/index.php\/wp-json\/wp\/v2\/users\/2"}],"replies":[{"embeddable":true,"href":"https:\/\/jornalfatosenoticias.com.br\/index.php\/wp-json\/wp\/v2\/comments?post=52229"}],"version-history":[{"count":0,"href":"https:\/\/jornalfatosenoticias.com.br\/index.php\/wp-json\/wp\/v2\/posts\/52229\/revisions"}],"wp:featuredmedia":[{"embeddable":true,"href":"https:\/\/jornalfatosenoticias.com.br\/index.php\/wp-json\/wp\/v2\/media\/52230"}],"wp:attachment":[{"href":"https:\/\/jornalfatosenoticias.com.br\/index.php\/wp-json\/wp\/v2\/media?parent=52229"}],"wp:term":[{"taxonomy":"category","embeddable":true,"href":"https:\/\/jornalfatosenoticias.com.br\/index.php\/wp-json\/wp\/v2\/categories?post=52229"},{"taxonomy":"post_tag","embeddable":true,"href":"https:\/\/jornalfatosenoticias.com.br\/index.php\/wp-json\/wp\/v2\/tags?post=52229"}],"curies":[{"name":"wp","href":"https:\/\/api.w.org\/{rel}","templated":true}]}}