{"id":52233,"date":"2024-06-25T11:55:08","date_gmt":"2024-06-25T14:55:08","guid":{"rendered":"https:\/\/jornalfatosenoticias.com.br\/?p=52233"},"modified":"2024-06-25T11:55:09","modified_gmt":"2024-06-25T14:55:09","slug":"argentina-faz-pacto-com-el-salvador-para-usar-modelo-de-guerra-as-gangues","status":"publish","type":"post","link":"https:\/\/jornalfatosenoticias.com.br\/index.php\/2024\/06\/25\/argentina-faz-pacto-com-el-salvador-para-usar-modelo-de-guerra-as-gangues\/","title":{"rendered":"Argentina faz pacto com El Salvador para usar modelo de guerra \u00e0s gangues"},"content":{"rendered":"\n<p><em><span class=\"has-inline-color has-black-color\">Ministra da Seguran\u00e7a da Argentina, Patricia Bullrich e Nayib Bukele, presidente de El Salvador<\/span><\/em><\/p>\n\n\n\n<div class=\"wp-block-image\"><figure class=\"aligncenter size-large\"><a href=\"https:\/\/mizu.com.br\/\"><img loading=\"lazy\" decoding=\"async\" width=\"729\" height=\"90\" src=\"https:\/\/jornalfatosenoticias.com.br\/wp-content\/uploads\/2020\/02\/Logo_Mizu.png\" alt=\"\" class=\"wp-image-1441\" srcset=\"https:\/\/jornalfatosenoticias.com.br\/wp-content\/uploads\/2020\/02\/Logo_Mizu.png 729w, https:\/\/jornalfatosenoticias.com.br\/wp-content\/uploads\/2020\/02\/Logo_Mizu-300x37.png 300w\" sizes=\"auto, (max-width: 729px) 100vw, 729px\" \/><\/a><\/figure><\/div>\n\n\n\n<p>Os ministros da Seguran\u00e7a da <a href=\"https:\/\/www.epochtimes.com.br\/focus\/argentina\" target=\"_blank\" rel=\"noreferrer noopener\">Argentina<\/a>,\u00a0<a href=\"https:\/\/www.epochtimes.com.br\/focus\/patricia-bullrich\" target=\"_blank\" rel=\"noreferrer noopener\">Patricia Bullrich<\/a>, e de\u00a0<a href=\"https:\/\/www.epochtimes.com.br\/focus\/el-salvador\" target=\"_blank\" rel=\"noreferrer noopener\">El Salvador<\/a>,\u00a0<a href=\"https:\/\/www.epochtimes.com.br\/focus\/gustavo-villatoro\" target=\"_blank\" rel=\"noreferrer noopener\">Gustavo Villatoro<\/a>, anunciaram um pacto para refor\u00e7ar a coopera\u00e7\u00e3o entre os pa\u00edses no <a href=\"https:\/\/www.epochtimes.com.br\/focus\/combate-ao-crime\" target=\"_blank\" rel=\"noreferrer noopener\">combate ao crime<\/a> organizado. Ambos se comprometeram a desenvolver estrat\u00e9gias e ferramentas para enfrentar grupos criminosos, incluindo a cria\u00e7\u00e3o de um \u201claborat\u00f3rio de pol\u00edticas de seguran\u00e7a\u201d compartilhado entre os dois pa\u00edses e outras na\u00e7\u00f5es interessadas.<br>Durante a visita de quatro dias de Bullrich a El Salvador, ela tamb\u00e9m visitou uma megapris\u00e3o inaugurada em 2022, com capacidade para cerca de 40 mil presos. O acordo foi finalizado na ter\u00e7a-feira, ap\u00f3s um encontro entre Bullrich e o presidente Nayib Bukele na sede do governo. A constru\u00e7\u00e3o dessa megapris\u00e3o foi a resposta do governo salvadorenho a uma onda de viol\u00eancia em 2022, quando 87 pessoas foram assassinadas em apenas dois dias.<\/p>\n\n\n\n<div class=\"wp-block-image\"><figure class=\"aligncenter size-large is-resized\"><img loading=\"lazy\" decoding=\"async\" src=\"https:\/\/jornalfatosenoticias.com.br\/wp-content\/uploads\/2022\/02\/Precisao-Contabilidade-1024x724.jpg\" alt=\"\" class=\"wp-image-28088\" width=\"314\" height=\"222\"\/><\/figure><\/div>\n\n\n\n<blockquote class=\"wp-block-quote is-layout-flow wp-block-quote-is-layout-flow\"><p><span class=\"has-inline-color has-luminous-vivid-orange-color\">Seguindo as orienta\u00e7\u00f5es dos l\u00edderes de El Salvador e da Argentina, nosso presidente Nayib Bukele e o presidente Javier Milei, assinamos, juntamente com a ministra Patricia Bullrich, um acordo de trabalho entre os dois pa\u00edses, com o firme compromisso de fortalecer a luta contra o <a href=\"https:\/\/www.epochtimes.com.br\/focus\/crime-organizado\" target=\"_blank\" rel=\"noreferrer noopener\">crime organizado<\/a>\u201d, disse Villatoro em suas redes sociais.<\/span><\/p><\/blockquote>\n\n\n\n<div class=\"wp-block-image\"><figure class=\"aligncenter size-large is-resized\"><a href=\"https:\/\/www.controlsystems.com.br\/\"><img loading=\"lazy\" decoding=\"async\" src=\"https:\/\/jornalfatosenoticias.com.br\/wp-content\/uploads\/2020\/02\/CONTROL-CS.jpg\" alt=\"\" class=\"wp-image-44991\" width=\"310\" height=\"371\" srcset=\"https:\/\/jornalfatosenoticias.com.br\/wp-content\/uploads\/2020\/02\/CONTROL-CS.jpg 834w, https:\/\/jornalfatosenoticias.com.br\/wp-content\/uploads\/2020\/02\/CONTROL-CS-250x300.jpg 250w, https:\/\/jornalfatosenoticias.com.br\/wp-content\/uploads\/2020\/02\/CONTROL-CS-768x921.jpg 768w\" sizes=\"auto, (max-width: 310px) 100vw, 310px\" \/><\/a><\/figure><\/div>\n\n\n\n<p>Bullrich demonstrou interesse pelo processo implementado em El Salvador para reduzir a criminalidade, enfatizando a import\u00e2ncia de mudan\u00e7as legislativas e determina\u00e7\u00e3o pol\u00edtica para fortalecer a <a href=\"https:\/\/www.epochtimes.com.br\/focus\/seguranca-publica\" target=\"_blank\" rel=\"noreferrer noopener\">seguran\u00e7a p\u00fablica<\/a>. Segundo um comunicado do Minist\u00e9rio de Seguran\u00e7a da Argentina, o pa\u00eds tem interesse nas iniciativas do governo de El Salvador, como o Plano Cero Ocio.<\/p>\n\n\n\n<div class=\"wp-block-image\"><figure class=\"aligncenter size-large\"><img loading=\"lazy\" decoding=\"async\" width=\"300\" height=\"250\" src=\"https:\/\/jornalfatosenoticias.com.br\/wp-content\/uploads\/2022\/02\/FERRARI_MAQUINAS-E-FERRAMENTAS2.jpg\" alt=\"\" class=\"wp-image-27860\"\/><\/figure><\/div>\n\n\n\n<p>Este plano inclui uma \u201cestrat\u00e9gia penitenci\u00e1ria\u201d na qual os presos em fase de confian\u00e7a participam de trabalhos comunit\u00e1rios, como a limpeza de praias, reparos em escolas e mobili\u00e1rio, apoio a hospitais da rede p\u00fablica de sa\u00fade, melhorias na infraestrutura policial, constru\u00e7\u00e3o de moradias para fam\u00edlias de baixa renda, entre outras atividades.<\/p>\n\n\n\n<div class=\"wp-block-image\"><figure class=\"aligncenter size-large is-resized\"><a href=\"https:\/\/panper.com.br\/\"><img loading=\"lazy\" decoding=\"async\" src=\"https:\/\/jornalfatosenoticias.com.br\/wp-content\/uploads\/2023\/03\/logo-Panper_portal.jpg\" alt=\"\" class=\"wp-image-40208\" width=\"358\" height=\"248\" srcset=\"https:\/\/jornalfatosenoticias.com.br\/wp-content\/uploads\/2023\/03\/logo-Panper_portal.jpg 400w, https:\/\/jornalfatosenoticias.com.br\/wp-content\/uploads\/2023\/03\/logo-Panper_portal-300x208.jpg 300w\" sizes=\"auto, (max-width: 358px) 100vw, 358px\" \/><\/a><\/figure><\/div>\n\n\n\n<p>O modelo de seguran\u00e7a implementado por Bukele, caracterizado pela repress\u00e3o rigorosa ao crime, elevou significativamente os \u00edndices de aprova\u00e7\u00e3o do presidente. Esse exemplo tem influenciado a ado\u00e7\u00e3o de medidas semelhantes no Equador, Peru e Honduras, incluindo a constru\u00e7\u00e3o de novas pris\u00f5es para enfrentar a viol\u00eancia ligada ao crime organizado.<\/p>\n\n\n\n<div class=\"wp-block-image\"><figure class=\"aligncenter size-large is-resized\"><a href=\"https:\/\/hotelmarquetti.com.br\/\"><img loading=\"lazy\" decoding=\"async\" src=\"https:\/\/jornalfatosenoticias.com.br\/wp-content\/uploads\/2023\/03\/nova-logo-Marquetti.jpg\" alt=\"\" class=\"wp-image-40207\" width=\"303\" height=\"203\" srcset=\"https:\/\/jornalfatosenoticias.com.br\/wp-content\/uploads\/2023\/03\/nova-logo-Marquetti.jpg 643w, https:\/\/jornalfatosenoticias.com.br\/wp-content\/uploads\/2023\/03\/nova-logo-Marquetti-300x202.jpg 300w\" sizes=\"auto, (max-width: 303px) 100vw, 303px\" \/><\/a><\/figure><\/div>\n\n\n\n<p>O governo de Bukele tomou medidas en\u00e9rgicas para conter a viol\u00eancia, incluindo a deten\u00e7\u00e3o de 70 mil criminosos acusados de associa\u00e7\u00e3o a gangues. Al\u00e9m disso, houve mudan\u00e7as na lideran\u00e7a judicial, com a substitui\u00e7\u00e3o de ju\u00edzes da Suprema Corte por indiv\u00edduos alinhados com as pol\u00edticas de seguran\u00e7a do governo. Aos ser acusado por pol\u00edticos de esquerda de ter transformado o pa\u00eds num Estado policial, o presidente salvadorenho questionou:<\/p>\n\n\n\n<div class=\"wp-block-image\"><figure class=\"aligncenter size-large\"><a href=\"https:\/\/cesconetto.com.br\/\"><img loading=\"lazy\" decoding=\"async\" width=\"300\" height=\"250\" src=\"https:\/\/jornalfatosenoticias.com.br\/wp-content\/uploads\/2020\/02\/Banner-2.png\" alt=\"\" class=\"wp-image-43787\"\/><\/a><\/figure><\/div>\n\n\n\n<blockquote class=\"wp-block-quote is-layout-flow wp-block-quote-is-layout-flow\"><p><span class=\"has-inline-color has-luminous-vivid-orange-color\">De que lado eles est\u00e3o? Das pessoas honestas ou dos criminosos?\u201d.<\/span><\/p><\/blockquote>\n\n\n\n<div class=\"wp-block-image\"><figure class=\"aligncenter size-large is-resized\"><a href=\"ttps:\/\/www.facebook.com\/vetor.vix\/\"><img loading=\"lazy\" decoding=\"async\" src=\"https:\/\/jornalfatosenoticias.com.br\/wp-content\/uploads\/2023\/09\/vetorvix1024_1.jpg\" alt=\"\" class=\"wp-image-44868\" width=\"539\" height=\"143\" srcset=\"https:\/\/jornalfatosenoticias.com.br\/wp-content\/uploads\/2023\/09\/vetorvix1024_1.jpg 1024w, https:\/\/jornalfatosenoticias.com.br\/wp-content\/uploads\/2023\/09\/vetorvix1024_1-300x80.jpg 300w, https:\/\/jornalfatosenoticias.com.br\/wp-content\/uploads\/2023\/09\/vetorvix1024_1-768x205.jpg 768w\" sizes=\"auto, (max-width: 539px) 100vw, 539px\" \/><\/a><\/figure><\/div>\n\n\n\n<p><strong><em>Fonte: <a href=\"https:\/\/www.epochtimes.com.br\/mundo\/argentina-faz-pacto-com-el-salvador-para-usar-modelo-de-guerra-as-gangues-199077.html\">Epoch Times Brasil<\/a><\/em><\/strong><\/p>\n","protected":false},"excerpt":{"rendered":"<p>Ministra da Seguran\u00e7a da Argentina, Patricia Bullrich e Nayib Bukele, presidente de El Salvador Os ministros da Seguran\u00e7a da Argentina,\u00a0Patricia Bullrich, e de\u00a0El Salvador,\u00a0Gustavo Villatoro, anunciaram um pacto para refor\u00e7ar a coopera\u00e7\u00e3o entre os pa\u00edses no combate ao crime organizado. Ambos se comprometeram a desenvolver estrat\u00e9gias e ferramentas para enfrentar grupos criminosos, incluindo a cria\u00e7\u00e3o [&hellip;]<\/p>\n","protected":false},"author":2,"featured_media":52234,"comment_status":"open","ping_status":"open","sticky":false,"template":"","format":"standard","meta":{"footnotes":""},"categories":[41],"tags":[5995,4100,20904,23891,20905,23890],"class_list":["post-52233","post","type-post","status-publish","format-standard","has-post-thumbnail","hentry","category-internacional","tag-argentina","tag-criminalidade","tag-el-salvador","tag-guerra-as-gangues","tag-nayib-bukele","tag-patricia-bullrich"],"yoast_head":"<!-- This site is optimized with the Yoast SEO plugin v26.5 - https:\/\/yoast.com\/wordpress\/plugins\/seo\/ -->\n<title>Argentina faz pacto com El Salvador para usar modelo de guerra \u00e0s gangues - Jornal Fatos e Not\u00edcias<\/title>\n<meta name=\"robots\" content=\"index, follow, max-snippet:-1, max-image-preview:large, max-video-preview:-1\" \/>\n<link rel=\"canonical\" href=\"https:\/\/jornalfatosenoticias.com.br\/index.php\/2024\/06\/25\/argentina-faz-pacto-com-el-salvador-para-usar-modelo-de-guerra-as-gangues\/\" \/>\n<meta property=\"og:locale\" content=\"pt_BR\" \/>\n<meta property=\"og:type\" content=\"article\" \/>\n<meta property=\"og:title\" content=\"Argentina faz pacto com El Salvador para usar modelo de guerra \u00e0s gangues - Jornal Fatos e Not\u00edcias\" \/>\n<meta property=\"og:description\" content=\"Ministra da Seguran\u00e7a da Argentina, Patricia Bullrich e Nayib Bukele, presidente de El Salvador Os ministros da Seguran\u00e7a da Argentina,\u00a0Patricia Bullrich, e de\u00a0El Salvador,\u00a0Gustavo Villatoro, anunciaram um pacto para refor\u00e7ar a coopera\u00e7\u00e3o entre os pa\u00edses no combate ao crime organizado. Ambos se comprometeram a desenvolver estrat\u00e9gias e ferramentas para enfrentar grupos criminosos, incluindo a cria\u00e7\u00e3o [&hellip;]\" \/>\n<meta property=\"og:url\" content=\"https:\/\/jornalfatosenoticias.com.br\/index.php\/2024\/06\/25\/argentina-faz-pacto-com-el-salvador-para-usar-modelo-de-guerra-as-gangues\/\" \/>\n<meta property=\"og:site_name\" content=\"Jornal Fatos e Not\u00edcias\" \/>\n<meta property=\"article:published_time\" content=\"2024-06-25T14:55:08+00:00\" \/>\n<meta property=\"article:modified_time\" content=\"2024-06-25T14:55:09+00:00\" \/>\n<meta property=\"og:image\" content=\"https:\/\/jornalfatosenoticias.com.br\/wp-content\/uploads\/2024\/06\/bukele-bullrich.jpg\" \/>\n\t<meta property=\"og:image:width\" content=\"960\" \/>\n\t<meta property=\"og:image:height\" content=\"640\" \/>\n\t<meta property=\"og:image:type\" content=\"image\/jpeg\" \/>\n<meta name=\"author\" content=\"Luzimara Fernandes\" \/>\n<meta name=\"twitter:card\" content=\"summary_large_image\" \/>\n<meta name=\"twitter:label1\" content=\"Escrito por\" \/>\n\t<meta name=\"twitter:data1\" content=\"Luzimara Fernandes\" \/>\n\t<meta name=\"twitter:label2\" content=\"Est. tempo de leitura\" \/>\n\t<meta name=\"twitter:data2\" content=\"2 minutos\" \/>\n<script type=\"application\/ld+json\" class=\"yoast-schema-graph\">{\"@context\":\"https:\/\/schema.org\",\"@graph\":[{\"@type\":\"Article\",\"@id\":\"https:\/\/jornalfatosenoticias.com.br\/index.php\/2024\/06\/25\/argentina-faz-pacto-com-el-salvador-para-usar-modelo-de-guerra-as-gangues\/#article\",\"isPartOf\":{\"@id\":\"https:\/\/jornalfatosenoticias.com.br\/index.php\/2024\/06\/25\/argentina-faz-pacto-com-el-salvador-para-usar-modelo-de-guerra-as-gangues\/\"},\"author\":{\"name\":\"Luzimara Fernandes\",\"@id\":\"https:\/\/jornalfatosenoticias.com.br\/#\/schema\/person\/d63837fa13ac8666eb9e74e0985d6f81\"},\"headline\":\"Argentina faz pacto com El Salvador para usar modelo de guerra \u00e0s gangues\",\"datePublished\":\"2024-06-25T14:55:08+00:00\",\"dateModified\":\"2024-06-25T14:55:09+00:00\",\"mainEntityOfPage\":{\"@id\":\"https:\/\/jornalfatosenoticias.com.br\/index.php\/2024\/06\/25\/argentina-faz-pacto-com-el-salvador-para-usar-modelo-de-guerra-as-gangues\/\"},\"wordCount\":504,\"commentCount\":0,\"publisher\":{\"@id\":\"https:\/\/jornalfatosenoticias.com.br\/#organization\"},\"image\":{\"@id\":\"https:\/\/jornalfatosenoticias.com.br\/index.php\/2024\/06\/25\/argentina-faz-pacto-com-el-salvador-para-usar-modelo-de-guerra-as-gangues\/#primaryimage\"},\"thumbnailUrl\":\"https:\/\/jornalfatosenoticias.com.br\/wp-content\/uploads\/2024\/06\/bukele-bullrich.jpg\",\"keywords\":[\"Argentina\",\"criminalidade\",\"El Salvador\",\"guerra \u00e0s gangues\",\"Nayib Bukele\",\"Patricia Bullrich\"],\"articleSection\":[\"Internacional\"],\"inLanguage\":\"pt-BR\",\"potentialAction\":[{\"@type\":\"CommentAction\",\"name\":\"Comment\",\"target\":[\"https:\/\/jornalfatosenoticias.com.br\/index.php\/2024\/06\/25\/argentina-faz-pacto-com-el-salvador-para-usar-modelo-de-guerra-as-gangues\/#respond\"]}]},{\"@type\":\"WebPage\",\"@id\":\"https:\/\/jornalfatosenoticias.com.br\/index.php\/2024\/06\/25\/argentina-faz-pacto-com-el-salvador-para-usar-modelo-de-guerra-as-gangues\/\",\"url\":\"https:\/\/jornalfatosenoticias.com.br\/index.php\/2024\/06\/25\/argentina-faz-pacto-com-el-salvador-para-usar-modelo-de-guerra-as-gangues\/\",\"name\":\"Argentina faz pacto com El Salvador para usar modelo de guerra \u00e0s gangues - Jornal Fatos e Not\u00edcias\",\"isPartOf\":{\"@id\":\"https:\/\/jornalfatosenoticias.com.br\/#website\"},\"primaryImageOfPage\":{\"@id\":\"https:\/\/jornalfatosenoticias.com.br\/index.php\/2024\/06\/25\/argentina-faz-pacto-com-el-salvador-para-usar-modelo-de-guerra-as-gangues\/#primaryimage\"},\"image\":{\"@id\":\"https:\/\/jornalfatosenoticias.com.br\/index.php\/2024\/06\/25\/argentina-faz-pacto-com-el-salvador-para-usar-modelo-de-guerra-as-gangues\/#primaryimage\"},\"thumbnailUrl\":\"https:\/\/jornalfatosenoticias.com.br\/wp-content\/uploads\/2024\/06\/bukele-bullrich.jpg\",\"datePublished\":\"2024-06-25T14:55:08+00:00\",\"dateModified\":\"2024-06-25T14:55:09+00:00\",\"breadcrumb\":{\"@id\":\"https:\/\/jornalfatosenoticias.com.br\/index.php\/2024\/06\/25\/argentina-faz-pacto-com-el-salvador-para-usar-modelo-de-guerra-as-gangues\/#breadcrumb\"},\"inLanguage\":\"pt-BR\",\"potentialAction\":[{\"@type\":\"ReadAction\",\"target\":[\"https:\/\/jornalfatosenoticias.com.br\/index.php\/2024\/06\/25\/argentina-faz-pacto-com-el-salvador-para-usar-modelo-de-guerra-as-gangues\/\"]}]},{\"@type\":\"ImageObject\",\"inLanguage\":\"pt-BR\",\"@id\":\"https:\/\/jornalfatosenoticias.com.br\/index.php\/2024\/06\/25\/argentina-faz-pacto-com-el-salvador-para-usar-modelo-de-guerra-as-gangues\/#primaryimage\",\"url\":\"https:\/\/jornalfatosenoticias.com.br\/wp-content\/uploads\/2024\/06\/bukele-bullrich.jpg\",\"contentUrl\":\"https:\/\/jornalfatosenoticias.com.br\/wp-content\/uploads\/2024\/06\/bukele-bullrich.jpg\",\"width\":960,\"height\":640},{\"@type\":\"BreadcrumbList\",\"@id\":\"https:\/\/jornalfatosenoticias.com.br\/index.php\/2024\/06\/25\/argentina-faz-pacto-com-el-salvador-para-usar-modelo-de-guerra-as-gangues\/#breadcrumb\",\"itemListElement\":[{\"@type\":\"ListItem\",\"position\":1,\"name\":\"In\u00edcio\",\"item\":\"https:\/\/jornalfatosenoticias.com.br\/\"},{\"@type\":\"ListItem\",\"position\":2,\"name\":\"Argentina faz pacto com El Salvador para usar modelo de guerra \u00e0s gangues\"}]},{\"@type\":\"WebSite\",\"@id\":\"https:\/\/jornalfatosenoticias.com.br\/#website\",\"url\":\"https:\/\/jornalfatosenoticias.com.br\/\",\"name\":\"Jornal Fatos e Not\u00edcias\",\"description\":\"Not\u00edcias em geral\",\"publisher\":{\"@id\":\"https:\/\/jornalfatosenoticias.com.br\/#organization\"},\"potentialAction\":[{\"@type\":\"SearchAction\",\"target\":{\"@type\":\"EntryPoint\",\"urlTemplate\":\"https:\/\/jornalfatosenoticias.com.br\/?s={search_term_string}\"},\"query-input\":{\"@type\":\"PropertyValueSpecification\",\"valueRequired\":true,\"valueName\":\"search_term_string\"}}],\"inLanguage\":\"pt-BR\"},{\"@type\":\"Organization\",\"@id\":\"https:\/\/jornalfatosenoticias.com.br\/#organization\",\"name\":\"Jornal Fatos e Not\u00edcias\",\"url\":\"https:\/\/jornalfatosenoticias.com.br\/\",\"logo\":{\"@type\":\"ImageObject\",\"inLanguage\":\"pt-BR\",\"@id\":\"https:\/\/jornalfatosenoticias.com.br\/#\/schema\/logo\/image\/\",\"url\":\"https:\/\/jornalfatosenoticias.com.br\/wp-content\/uploads\/2020\/02\/logo120.png\",\"contentUrl\":\"https:\/\/jornalfatosenoticias.com.br\/wp-content\/uploads\/2020\/02\/logo120.png\",\"width\":1227,\"height\":120,\"caption\":\"Jornal Fatos e Not\u00edcias\"},\"image\":{\"@id\":\"https:\/\/jornalfatosenoticias.com.br\/#\/schema\/logo\/image\/\"}},{\"@type\":\"Person\",\"@id\":\"https:\/\/jornalfatosenoticias.com.br\/#\/schema\/person\/d63837fa13ac8666eb9e74e0985d6f81\",\"name\":\"Luzimara Fernandes\",\"image\":{\"@type\":\"ImageObject\",\"inLanguage\":\"pt-BR\",\"@id\":\"https:\/\/jornalfatosenoticias.com.br\/#\/schema\/person\/image\/\",\"url\":\"https:\/\/jornalfatosenoticias.com.br\/wp-content\/uploads\/2025\/05\/EU_portal.jpg\",\"contentUrl\":\"https:\/\/jornalfatosenoticias.com.br\/wp-content\/uploads\/2025\/05\/EU_portal.jpg\",\"caption\":\"Luzimara Fernandes\"},\"description\":\"Jornalista MTB 2358-ES\",\"sameAs\":[\"https:\/\/jornalfatosenoticias.com.br\"],\"url\":\"https:\/\/jornalfatosenoticias.com.br\/index.php\/author\/luzimara\/\"}]}<\/script>\n<!-- \/ Yoast SEO plugin. -->","yoast_head_json":{"title":"Argentina faz pacto com El Salvador para usar modelo de guerra \u00e0s gangues - Jornal Fatos e Not\u00edcias","robots":{"index":"index","follow":"follow","max-snippet":"max-snippet:-1","max-image-preview":"max-image-preview:large","max-video-preview":"max-video-preview:-1"},"canonical":"https:\/\/jornalfatosenoticias.com.br\/index.php\/2024\/06\/25\/argentina-faz-pacto-com-el-salvador-para-usar-modelo-de-guerra-as-gangues\/","og_locale":"pt_BR","og_type":"article","og_title":"Argentina faz pacto com El Salvador para usar modelo de guerra \u00e0s gangues - Jornal Fatos e Not\u00edcias","og_description":"Ministra da Seguran\u00e7a da Argentina, Patricia Bullrich e Nayib Bukele, presidente de El Salvador Os ministros da Seguran\u00e7a da Argentina,\u00a0Patricia Bullrich, e de\u00a0El Salvador,\u00a0Gustavo Villatoro, anunciaram um pacto para refor\u00e7ar a coopera\u00e7\u00e3o entre os pa\u00edses no combate ao crime organizado. Ambos se comprometeram a desenvolver estrat\u00e9gias e ferramentas para enfrentar grupos criminosos, incluindo a cria\u00e7\u00e3o [&hellip;]","og_url":"https:\/\/jornalfatosenoticias.com.br\/index.php\/2024\/06\/25\/argentina-faz-pacto-com-el-salvador-para-usar-modelo-de-guerra-as-gangues\/","og_site_name":"Jornal Fatos e Not\u00edcias","article_published_time":"2024-06-25T14:55:08+00:00","article_modified_time":"2024-06-25T14:55:09+00:00","og_image":[{"width":960,"height":640,"url":"https:\/\/jornalfatosenoticias.com.br\/wp-content\/uploads\/2024\/06\/bukele-bullrich.jpg","type":"image\/jpeg"}],"author":"Luzimara Fernandes","twitter_card":"summary_large_image","twitter_misc":{"Escrito por":"Luzimara Fernandes","Est. tempo de leitura":"2 minutos"},"schema":{"@context":"https:\/\/schema.org","@graph":[{"@type":"Article","@id":"https:\/\/jornalfatosenoticias.com.br\/index.php\/2024\/06\/25\/argentina-faz-pacto-com-el-salvador-para-usar-modelo-de-guerra-as-gangues\/#article","isPartOf":{"@id":"https:\/\/jornalfatosenoticias.com.br\/index.php\/2024\/06\/25\/argentina-faz-pacto-com-el-salvador-para-usar-modelo-de-guerra-as-gangues\/"},"author":{"name":"Luzimara Fernandes","@id":"https:\/\/jornalfatosenoticias.com.br\/#\/schema\/person\/d63837fa13ac8666eb9e74e0985d6f81"},"headline":"Argentina faz pacto com El Salvador para usar modelo de guerra \u00e0s gangues","datePublished":"2024-06-25T14:55:08+00:00","dateModified":"2024-06-25T14:55:09+00:00","mainEntityOfPage":{"@id":"https:\/\/jornalfatosenoticias.com.br\/index.php\/2024\/06\/25\/argentina-faz-pacto-com-el-salvador-para-usar-modelo-de-guerra-as-gangues\/"},"wordCount":504,"commentCount":0,"publisher":{"@id":"https:\/\/jornalfatosenoticias.com.br\/#organization"},"image":{"@id":"https:\/\/jornalfatosenoticias.com.br\/index.php\/2024\/06\/25\/argentina-faz-pacto-com-el-salvador-para-usar-modelo-de-guerra-as-gangues\/#primaryimage"},"thumbnailUrl":"https:\/\/jornalfatosenoticias.com.br\/wp-content\/uploads\/2024\/06\/bukele-bullrich.jpg","keywords":["Argentina","criminalidade","El Salvador","guerra \u00e0s gangues","Nayib Bukele","Patricia Bullrich"],"articleSection":["Internacional"],"inLanguage":"pt-BR","potentialAction":[{"@type":"CommentAction","name":"Comment","target":["https:\/\/jornalfatosenoticias.com.br\/index.php\/2024\/06\/25\/argentina-faz-pacto-com-el-salvador-para-usar-modelo-de-guerra-as-gangues\/#respond"]}]},{"@type":"WebPage","@id":"https:\/\/jornalfatosenoticias.com.br\/index.php\/2024\/06\/25\/argentina-faz-pacto-com-el-salvador-para-usar-modelo-de-guerra-as-gangues\/","url":"https:\/\/jornalfatosenoticias.com.br\/index.php\/2024\/06\/25\/argentina-faz-pacto-com-el-salvador-para-usar-modelo-de-guerra-as-gangues\/","name":"Argentina faz pacto com El Salvador para usar modelo de guerra \u00e0s gangues - Jornal Fatos e Not\u00edcias","isPartOf":{"@id":"https:\/\/jornalfatosenoticias.com.br\/#website"},"primaryImageOfPage":{"@id":"https:\/\/jornalfatosenoticias.com.br\/index.php\/2024\/06\/25\/argentina-faz-pacto-com-el-salvador-para-usar-modelo-de-guerra-as-gangues\/#primaryimage"},"image":{"@id":"https:\/\/jornalfatosenoticias.com.br\/index.php\/2024\/06\/25\/argentina-faz-pacto-com-el-salvador-para-usar-modelo-de-guerra-as-gangues\/#primaryimage"},"thumbnailUrl":"https:\/\/jornalfatosenoticias.com.br\/wp-content\/uploads\/2024\/06\/bukele-bullrich.jpg","datePublished":"2024-06-25T14:55:08+00:00","dateModified":"2024-06-25T14:55:09+00:00","breadcrumb":{"@id":"https:\/\/jornalfatosenoticias.com.br\/index.php\/2024\/06\/25\/argentina-faz-pacto-com-el-salvador-para-usar-modelo-de-guerra-as-gangues\/#breadcrumb"},"inLanguage":"pt-BR","potentialAction":[{"@type":"ReadAction","target":["https:\/\/jornalfatosenoticias.com.br\/index.php\/2024\/06\/25\/argentina-faz-pacto-com-el-salvador-para-usar-modelo-de-guerra-as-gangues\/"]}]},{"@type":"ImageObject","inLanguage":"pt-BR","@id":"https:\/\/jornalfatosenoticias.com.br\/index.php\/2024\/06\/25\/argentina-faz-pacto-com-el-salvador-para-usar-modelo-de-guerra-as-gangues\/#primaryimage","url":"https:\/\/jornalfatosenoticias.com.br\/wp-content\/uploads\/2024\/06\/bukele-bullrich.jpg","contentUrl":"https:\/\/jornalfatosenoticias.com.br\/wp-content\/uploads\/2024\/06\/bukele-bullrich.jpg","width":960,"height":640},{"@type":"BreadcrumbList","@id":"https:\/\/jornalfatosenoticias.com.br\/index.php\/2024\/06\/25\/argentina-faz-pacto-com-el-salvador-para-usar-modelo-de-guerra-as-gangues\/#breadcrumb","itemListElement":[{"@type":"ListItem","position":1,"name":"In\u00edcio","item":"https:\/\/jornalfatosenoticias.com.br\/"},{"@type":"ListItem","position":2,"name":"Argentina faz pacto com El Salvador para usar modelo de guerra \u00e0s gangues"}]},{"@type":"WebSite","@id":"https:\/\/jornalfatosenoticias.com.br\/#website","url":"https:\/\/jornalfatosenoticias.com.br\/","name":"Jornal Fatos e Not\u00edcias","description":"Not\u00edcias em geral","publisher":{"@id":"https:\/\/jornalfatosenoticias.com.br\/#organization"},"potentialAction":[{"@type":"SearchAction","target":{"@type":"EntryPoint","urlTemplate":"https:\/\/jornalfatosenoticias.com.br\/?s={search_term_string}"},"query-input":{"@type":"PropertyValueSpecification","valueRequired":true,"valueName":"search_term_string"}}],"inLanguage":"pt-BR"},{"@type":"Organization","@id":"https:\/\/jornalfatosenoticias.com.br\/#organization","name":"Jornal Fatos e Not\u00edcias","url":"https:\/\/jornalfatosenoticias.com.br\/","logo":{"@type":"ImageObject","inLanguage":"pt-BR","@id":"https:\/\/jornalfatosenoticias.com.br\/#\/schema\/logo\/image\/","url":"https:\/\/jornalfatosenoticias.com.br\/wp-content\/uploads\/2020\/02\/logo120.png","contentUrl":"https:\/\/jornalfatosenoticias.com.br\/wp-content\/uploads\/2020\/02\/logo120.png","width":1227,"height":120,"caption":"Jornal Fatos e Not\u00edcias"},"image":{"@id":"https:\/\/jornalfatosenoticias.com.br\/#\/schema\/logo\/image\/"}},{"@type":"Person","@id":"https:\/\/jornalfatosenoticias.com.br\/#\/schema\/person\/d63837fa13ac8666eb9e74e0985d6f81","name":"Luzimara Fernandes","image":{"@type":"ImageObject","inLanguage":"pt-BR","@id":"https:\/\/jornalfatosenoticias.com.br\/#\/schema\/person\/image\/","url":"https:\/\/jornalfatosenoticias.com.br\/wp-content\/uploads\/2025\/05\/EU_portal.jpg","contentUrl":"https:\/\/jornalfatosenoticias.com.br\/wp-content\/uploads\/2025\/05\/EU_portal.jpg","caption":"Luzimara Fernandes"},"description":"Jornalista MTB 2358-ES","sameAs":["https:\/\/jornalfatosenoticias.com.br"],"url":"https:\/\/jornalfatosenoticias.com.br\/index.php\/author\/luzimara\/"}]}},"cc_featured_image_caption":{"caption_text":"(Foto: Reprodu\u00e7\u00e3o internet) ","source_text":"","source_url":""},"jetpack_featured_media_url":"https:\/\/jornalfatosenoticias.com.br\/wp-content\/uploads\/2024\/06\/bukele-bullrich.jpg","_links":{"self":[{"href":"https:\/\/jornalfatosenoticias.com.br\/index.php\/wp-json\/wp\/v2\/posts\/52233","targetHints":{"allow":["GET"]}}],"collection":[{"href":"https:\/\/jornalfatosenoticias.com.br\/index.php\/wp-json\/wp\/v2\/posts"}],"about":[{"href":"https:\/\/jornalfatosenoticias.com.br\/index.php\/wp-json\/wp\/v2\/types\/post"}],"author":[{"embeddable":true,"href":"https:\/\/jornalfatosenoticias.com.br\/index.php\/wp-json\/wp\/v2\/users\/2"}],"replies":[{"embeddable":true,"href":"https:\/\/jornalfatosenoticias.com.br\/index.php\/wp-json\/wp\/v2\/comments?post=52233"}],"version-history":[{"count":0,"href":"https:\/\/jornalfatosenoticias.com.br\/index.php\/wp-json\/wp\/v2\/posts\/52233\/revisions"}],"wp:featuredmedia":[{"embeddable":true,"href":"https:\/\/jornalfatosenoticias.com.br\/index.php\/wp-json\/wp\/v2\/media\/52234"}],"wp:attachment":[{"href":"https:\/\/jornalfatosenoticias.com.br\/index.php\/wp-json\/wp\/v2\/media?parent=52233"}],"wp:term":[{"taxonomy":"category","embeddable":true,"href":"https:\/\/jornalfatosenoticias.com.br\/index.php\/wp-json\/wp\/v2\/categories?post=52233"},{"taxonomy":"post_tag","embeddable":true,"href":"https:\/\/jornalfatosenoticias.com.br\/index.php\/wp-json\/wp\/v2\/tags?post=52233"}],"curies":[{"name":"wp","href":"https:\/\/api.w.org\/{rel}","templated":true}]}}