{"id":52246,"date":"2024-06-25T13:11:41","date_gmt":"2024-06-25T16:11:41","guid":{"rendered":"https:\/\/jornalfatosenoticias.com.br\/?p=52246"},"modified":"2024-06-25T13:11:42","modified_gmt":"2024-06-25T16:11:42","slug":"atores-politicos-do-mensalao-e-lava-jato-voltam-a-cena","status":"publish","type":"post","link":"https:\/\/jornalfatosenoticias.com.br\/index.php\/2024\/06\/25\/atores-politicos-do-mensalao-e-lava-jato-voltam-a-cena\/","title":{"rendered":"Atores pol\u00edticos do mensal\u00e3o e Lava Jato voltam \u00e0 \u201ccena\u201d"},"content":{"rendered":"\n<div class=\"wp-block-image\"><figure class=\"aligncenter size-large\"><a href=\"https:\/\/mizu.com.br\/\"><img loading=\"lazy\" decoding=\"async\" width=\"729\" height=\"90\" src=\"https:\/\/jornalfatosenoticias.com.br\/wp-content\/uploads\/2020\/02\/Logo_Mizu.png\" alt=\"\" class=\"wp-image-1441\" srcset=\"https:\/\/jornalfatosenoticias.com.br\/wp-content\/uploads\/2020\/02\/Logo_Mizu.png 729w, https:\/\/jornalfatosenoticias.com.br\/wp-content\/uploads\/2020\/02\/Logo_Mizu-300x37.png 300w\" sizes=\"auto, (max-width: 729px) 100vw, 729px\" \/><\/a><\/figure><\/div>\n\n\n\n<p>Segundo informa\u00e7\u00f5es de O Globo, em meio \u00e0s dificuldades de articula\u00e7\u00e3o pol\u00edtica enfrentadas pelo governo, antigos membros do Partido dos Trabalhadores (PT) que haviam sa\u00eddo de cena ap\u00f3s condena\u00e7\u00f5es no mensal\u00e3o e na Lava Jato est\u00e3o retomando suas atividades nos bastidores. Jos\u00e9 Dirceu, ex-ministro, Jo\u00e3o Paulo Cunha, ex-presidente da C\u00e2mara, e os tesoureiros do PT, Del\u00fabio Soares e Jo\u00e3o Vaccari Neto, t\u00eam gradualmente voltado aos c\u00edrculos de poder na capital federal, mesmo sem ocupar cargos oficiais.<br>Dentre eles, Jos\u00e9 Dirceu \u00e9 o que mais chama aten\u00e7\u00e3o. Ap\u00f3s a Segunda Turma do Supremo Tribunal Federal (STF) anular sua condena\u00e7\u00e3o por corrup\u00e7\u00e3o passiva na Lava Jato em maio, ele cogita a possibilidade de se candidatar a deputado federal em 2026. Em abril, Dirceu retornou ao Congresso pela primeira vez em dezenove anos, participando de uma solenidade sobre democracia.<\/p>\n\n\n\n<div class=\"wp-block-image\"><figure class=\"aligncenter size-large\"><a href=\"http:\/\/www.ferrarimaquinas.com.br\/\"><img loading=\"lazy\" decoding=\"async\" width=\"300\" height=\"250\" src=\"https:\/\/jornalfatosenoticias.com.br\/wp-content\/uploads\/2022\/02\/FERRARI_MAQUINAS-E-FERRAMENTAS2.jpg\" alt=\"\" class=\"wp-image-27860\"\/><\/a><\/figure><\/div>\n\n\n\n<p>Enquanto n\u00e3o decide sobre uma nova candidatura, o ex-chefe da Casa Civil do governo Lula tem retomado contatos e marcado presen\u00e7a em eventos na capital. Em mar\u00e7o, promoveu uma concorrida festa de anivers\u00e1rio para celebrar seus 78 anos, reunindo ministros e pol\u00edticos influentes.<\/p>\n\n\n\n<div class=\"wp-block-image\"><figure class=\"aligncenter size-large is-resized\"><a href=\"https:\/\/panper.com.br\/\"><img loading=\"lazy\" decoding=\"async\" src=\"https:\/\/jornalfatosenoticias.com.br\/wp-content\/uploads\/2023\/03\/logo-Panper_portal.jpg\" alt=\"\" class=\"wp-image-40208\" width=\"349\" height=\"242\" srcset=\"https:\/\/jornalfatosenoticias.com.br\/wp-content\/uploads\/2023\/03\/logo-Panper_portal.jpg 400w, https:\/\/jornalfatosenoticias.com.br\/wp-content\/uploads\/2023\/03\/logo-Panper_portal-300x208.jpg 300w\" sizes=\"auto, (max-width: 349px) 100vw, 349px\" \/><\/a><\/figure><\/div>\n\n\n\n<p>Jo\u00e3o Paulo Cunha, por sua vez, adota uma postura mais discreta. O ex-presidente da C\u00e2mara, que tamb\u00e9m conversa com integrantes do governo, concentra-se em seu escrit\u00f3rio de advocacia, em sociedade com Ophir Cavalcante, ex-presidente da Ordem dos Advogados do Brasil (OAB). Cunha, que concluiu o curso de Direito enquanto cumpria pena por corrup\u00e7\u00e3o passiva e peculato no mensal\u00e3o, atua em favor da Previ, o fundo de pens\u00e3o dos funcion\u00e1rios do Banco do Brasil.<\/p>\n\n\n\n<div class=\"wp-block-image\"><figure class=\"aligncenter size-large\"><a href=\"https:\/\/cesconetto.com.br\/\"><img loading=\"lazy\" decoding=\"async\" width=\"300\" height=\"250\" src=\"https:\/\/jornalfatosenoticias.com.br\/wp-content\/uploads\/2020\/02\/Banner-2.png\" alt=\"\" class=\"wp-image-43787\"\/><\/a><\/figure><\/div>\n\n\n\n<p>Apesar de n\u00e3o frequentar o Pal\u00e1cio do Planalto nem manter conversas diretas com o presidente, Jos\u00e9 Dirceu mant\u00e9m contato ass\u00edduo com dois ministros palacianos: Alexandre Padilha (Rela\u00e7\u00f5es Institucionais) e M\u00e1rcio Mac\u00eado (Secretaria-Geral). Sua elegibilidade depende de derrubar outra condena\u00e7\u00e3o da Lava-Jato, cujo recurso est\u00e1 pendente no Superior Tribunal de Justi\u00e7a (STJ). Quanto \u00e0 candidatura, Dirceu afirma que tomar\u00e1 a decis\u00e3o no pr\u00f3ximo ano, ap\u00f3s di\u00e1logo com Lula e a dire\u00e7\u00e3o do PT.<\/p>\n\n\n\n<div class=\"wp-block-image\"><figure class=\"aligncenter size-large is-resized\"><a href=\"https:\/\/www.controlsystems.com.br\/\"><img loading=\"lazy\" decoding=\"async\" src=\"https:\/\/jornalfatosenoticias.com.br\/wp-content\/uploads\/2020\/02\/CONTROL-CS.jpg\" alt=\"\" class=\"wp-image-44991\" width=\"300\" height=\"360\" srcset=\"https:\/\/jornalfatosenoticias.com.br\/wp-content\/uploads\/2020\/02\/CONTROL-CS.jpg 834w, https:\/\/jornalfatosenoticias.com.br\/wp-content\/uploads\/2020\/02\/CONTROL-CS-250x300.jpg 250w, https:\/\/jornalfatosenoticias.com.br\/wp-content\/uploads\/2020\/02\/CONTROL-CS-768x921.jpg 768w\" sizes=\"auto, (max-width: 300px) 100vw, 300px\" \/><\/a><\/figure><\/div>\n\n\n\n<p>Ambos os ex-pol\u00edticos seguem caminhos distintos: enquanto Dirceu busca maior visibilidade, Jo\u00e3o Paulo Cunha prefere atuar nos bastidores, focando em sua carreira jur\u00eddica e evitando os holofotes p\u00fablicos. Jo\u00e3o Vaccari Neto, ex-tesoureiro do Partido dos Trabalhadores (PT), mant\u00e9m uma atua\u00e7\u00e3o discreta nos bastidores. Recentemente, de acordo com fontes do governo, Vaccari desempenhou um papel importante na troca de comando do Conselho Nacional do Sesi, com a sa\u00edda de Vagner Freitas e a entrada de Fausto Augusto J\u00fanior. <\/p>\n\n\n\n<div class=\"wp-block-image\"><figure class=\"aligncenter size-large is-resized\"><a href=\"https:\/\/www.facebook.com\/vetor.vix\/\"><img loading=\"lazy\" decoding=\"async\" src=\"https:\/\/jornalfatosenoticias.com.br\/wp-content\/uploads\/2023\/09\/vetorvix1024_1.jpg\" alt=\"\" class=\"wp-image-44868\" width=\"543\" height=\"144\" srcset=\"https:\/\/jornalfatosenoticias.com.br\/wp-content\/uploads\/2023\/09\/vetorvix1024_1.jpg 1024w, https:\/\/jornalfatosenoticias.com.br\/wp-content\/uploads\/2023\/09\/vetorvix1024_1-300x80.jpg 300w, https:\/\/jornalfatosenoticias.com.br\/wp-content\/uploads\/2023\/09\/vetorvix1024_1-768x205.jpg 768w\" sizes=\"auto, (max-width: 543px) 100vw, 543px\" \/><\/a><\/figure><\/div>\n\n\n\n<p>Segundo o colunista Lauro Jardim, do jornal O Globo, todas as nomea\u00e7\u00f5es relevantes para a Petrobras passam por sua an\u00e1lise. Em janeiro, o ministro do Supremo Tribunal Federal (STF), Edson Fachin, anulou uma condena\u00e7\u00e3o de 24 anos de pris\u00e3o imposta a Vaccari por recebimento de propina de uma empresa que tinha contrato com a Petrobras. Fachin determinou que o caso seja remetido \u00e0 Justi\u00e7a Eleitoral do Distrito Federal, uma vez que Vaccari foi acusado de arrecadar recursos para o partido.<\/p>\n\n\n\n<div class=\"wp-block-image\"><figure class=\"aligncenter size-large is-resized\"><a href=\"https:\/\/hotelmarquetti.com.br\/\"><img loading=\"lazy\" decoding=\"async\" src=\"https:\/\/jornalfatosenoticias.com.br\/wp-content\/uploads\/2023\/03\/nova-logo-Marquetti.jpg\" alt=\"\" class=\"wp-image-40207\" width=\"329\" height=\"221\" srcset=\"https:\/\/jornalfatosenoticias.com.br\/wp-content\/uploads\/2023\/03\/nova-logo-Marquetti.jpg 643w, https:\/\/jornalfatosenoticias.com.br\/wp-content\/uploads\/2023\/03\/nova-logo-Marquetti-300x202.jpg 300w\" sizes=\"auto, (max-width: 329px) 100vw, 329px\" \/><\/a><\/figure><\/div>\n\n\n\n<p>Segundo seu advogado, Ricardo Velloso, o ex-tesoureiro ainda enfrenta duas condena\u00e7\u00f5es pendentes de an\u00e1lise de recursos no Tribunal Regional Federal da 4\u00aa Regi\u00e3o e no Superior Tribunal de Justi\u00e7a (STJ). Al\u00e9m disso, Vaccari tem processos em andamento na Justi\u00e7a Eleitoral. Sua defesa alega que todos esses casos est\u00e3o prescritos. Procurado, Vaccari optou por n\u00e3o se manifestar.<\/p>\n\n\n\n<div class=\"wp-block-image\"><figure class=\"aligncenter size-large is-resized\"><a href=\"https:\/\/www.facebook.com\/Esteio-Churrascaria-Barbecue-103643461220402\/\"><img loading=\"lazy\" decoding=\"async\" src=\"https:\/\/jornalfatosenoticias.com.br\/wp-content\/uploads\/2020\/02\/logo_esteio.jpg\" alt=\"\" class=\"wp-image-1214\" width=\"337\" height=\"281\"\/><\/a><\/figure><\/div>\n\n\n\n<p>Outro ex-tesoureiro do PT, Del\u00fabio Soares, concentra-se em reuni\u00f5es no interior do Brasil. No in\u00edcio de junho, ele participou de um encontro em Te\u00f3filo Otoni, Minas Gerais, com funcion\u00e1rios dos Correios filiados ao PT. No mesmo m\u00eas, esteve em Paulista, Pernambuco.<\/p>\n\n\n\n<div class=\"wp-block-image\"><figure class=\"aligncenter size-large is-resized\"><a href=\"https:\/\/www.ithbrasil.com.br\/\"><img loading=\"lazy\" decoding=\"async\" src=\"https:\/\/jornalfatosenoticias.com.br\/wp-content\/uploads\/2023\/08\/ITH.jpeg\" alt=\"\" class=\"wp-image-44638\" width=\"309\" height=\"251\" srcset=\"https:\/\/jornalfatosenoticias.com.br\/wp-content\/uploads\/2023\/08\/ITH.jpeg 800w, https:\/\/jornalfatosenoticias.com.br\/wp-content\/uploads\/2023\/08\/ITH-300x244.jpeg 300w, https:\/\/jornalfatosenoticias.com.br\/wp-content\/uploads\/2023\/08\/ITH-768x624.jpeg 768w\" sizes=\"auto, (max-width: 309px) 100vw, 309px\" \/><\/a><\/figure><\/div>\n\n\n\n<p>Nesses encontros, s\u00e3o distribu\u00eddas edi\u00e7\u00f5es de uma revista que aborda os processos enfrentados por Del\u00fabio Soares no esc\u00e2ndalo do mensal\u00e3o e na Opera\u00e7\u00e3o Lava Jato. A publica\u00e7\u00e3o leva o t\u00edtulo \u201cDel\u00fabio Soares: O R\u00e9u Sem Crime\u201d. Quando questionado sobre sua atua\u00e7\u00e3o pol\u00edtica, o ex-tesoureiro do PT tamb\u00e9m preferiu n\u00e3o comentar.<\/p>\n\n\n\n<div class=\"wp-block-image\"><figure class=\"aligncenter size-large is-resized\"><a href=\"https:\/\/www.instagram.com\/restaurantepegoretti\/\"><img loading=\"lazy\" decoding=\"async\" src=\"https:\/\/jornalfatosenoticias.com.br\/wp-content\/uploads\/2023\/12\/pegoretti-logo-pdf-1024x389.jpg\" alt=\"\" class=\"wp-image-47536\" width=\"506\" height=\"192\" srcset=\"https:\/\/jornalfatosenoticias.com.br\/wp-content\/uploads\/2023\/12\/pegoretti-logo-pdf-1024x389.jpg 1024w, https:\/\/jornalfatosenoticias.com.br\/wp-content\/uploads\/2023\/12\/pegoretti-logo-pdf-300x114.jpg 300w, https:\/\/jornalfatosenoticias.com.br\/wp-content\/uploads\/2023\/12\/pegoretti-logo-pdf-768x291.jpg 768w, https:\/\/jornalfatosenoticias.com.br\/wp-content\/uploads\/2023\/12\/pegoretti-logo-pdf.jpg 1120w\" sizes=\"auto, (max-width: 506px) 100vw, 506px\" \/><\/a><\/figure><\/div>\n\n\n\n<p><strong><em>Fonte: <a href=\"https:\/\/terrabrasilnoticias.com\/2024\/06\/atores-politicos-do-mensalao-e-lava-jato-voltam-a-cena\/\">Terra Brasil Not\u00edcias<\/a><\/em><\/strong><\/p>\n","protected":false},"excerpt":{"rendered":"<p>Segundo informa\u00e7\u00f5es de O Globo, em meio \u00e0s dificuldades de articula\u00e7\u00e3o pol\u00edtica enfrentadas pelo governo, antigos membros do Partido dos Trabalhadores (PT) que haviam sa\u00eddo de cena ap\u00f3s condena\u00e7\u00f5es no mensal\u00e3o e na Lava Jato est\u00e3o retomando suas atividades nos bastidores. Jos\u00e9 Dirceu, ex-ministro, Jo\u00e3o Paulo Cunha, ex-presidente da C\u00e2mara, e os tesoureiros do PT, [&hellip;]<\/p>\n","protected":false},"author":2,"featured_media":52247,"comment_status":"open","ping_status":"open","sticky":false,"template":"","format":"standard","meta":{"footnotes":""},"categories":[10],"tags":[23897,23898,23900,17871,21603,23899,294,14905],"class_list":["post-52246","post","type-post","status-publish","format-standard","has-post-thumbnail","hentry","category-politica","tag-cupula-do-pt","tag-mensalao","tag-oab","tag-operacao-lava-jato","tag-petistas","tag-reus-confessos","tag-stf","tag-stj"],"yoast_head":"<!-- This site is optimized with the Yoast SEO plugin v26.5 - https:\/\/yoast.com\/wordpress\/plugins\/seo\/ -->\n<title>Atores pol\u00edticos do mensal\u00e3o e Lava Jato voltam \u00e0 \u201ccena\u201d - Jornal Fatos e Not\u00edcias<\/title>\n<meta name=\"robots\" content=\"index, follow, max-snippet:-1, max-image-preview:large, max-video-preview:-1\" \/>\n<link rel=\"canonical\" href=\"https:\/\/jornalfatosenoticias.com.br\/index.php\/2024\/06\/25\/atores-politicos-do-mensalao-e-lava-jato-voltam-a-cena\/\" \/>\n<meta property=\"og:locale\" content=\"pt_BR\" \/>\n<meta property=\"og:type\" content=\"article\" \/>\n<meta property=\"og:title\" content=\"Atores pol\u00edticos do mensal\u00e3o e Lava Jato voltam \u00e0 \u201ccena\u201d - Jornal Fatos e Not\u00edcias\" \/>\n<meta property=\"og:description\" content=\"Segundo informa\u00e7\u00f5es de O Globo, em meio \u00e0s dificuldades de articula\u00e7\u00e3o pol\u00edtica enfrentadas pelo governo, antigos membros do Partido dos Trabalhadores (PT) que haviam sa\u00eddo de cena ap\u00f3s condena\u00e7\u00f5es no mensal\u00e3o e na Lava Jato est\u00e3o retomando suas atividades nos bastidores. Jos\u00e9 Dirceu, ex-ministro, Jo\u00e3o Paulo Cunha, ex-presidente da C\u00e2mara, e os tesoureiros do PT, [&hellip;]\" \/>\n<meta property=\"og:url\" content=\"https:\/\/jornalfatosenoticias.com.br\/index.php\/2024\/06\/25\/atores-politicos-do-mensalao-e-lava-jato-voltam-a-cena\/\" \/>\n<meta property=\"og:site_name\" content=\"Jornal Fatos e Not\u00edcias\" \/>\n<meta property=\"article:published_time\" content=\"2024-06-25T16:11:41+00:00\" \/>\n<meta property=\"article:modified_time\" content=\"2024-06-25T16:11:42+00:00\" \/>\n<meta property=\"og:image\" content=\"https:\/\/jornalfatosenoticias.com.br\/wp-content\/uploads\/2024\/06\/l4dro3s-da-lava-jato.jpg\" \/>\n\t<meta property=\"og:image:width\" content=\"1000\" \/>\n\t<meta property=\"og:image:height\" content=\"573\" \/>\n\t<meta property=\"og:image:type\" content=\"image\/jpeg\" \/>\n<meta name=\"author\" content=\"Luzimara Fernandes\" \/>\n<meta name=\"twitter:card\" content=\"summary_large_image\" \/>\n<meta name=\"twitter:label1\" content=\"Escrito por\" \/>\n\t<meta name=\"twitter:data1\" content=\"Luzimara Fernandes\" \/>\n\t<meta name=\"twitter:label2\" content=\"Est. tempo de leitura\" \/>\n\t<meta name=\"twitter:data2\" content=\"4 minutos\" \/>\n<script type=\"application\/ld+json\" class=\"yoast-schema-graph\">{\"@context\":\"https:\/\/schema.org\",\"@graph\":[{\"@type\":\"Article\",\"@id\":\"https:\/\/jornalfatosenoticias.com.br\/index.php\/2024\/06\/25\/atores-politicos-do-mensalao-e-lava-jato-voltam-a-cena\/#article\",\"isPartOf\":{\"@id\":\"https:\/\/jornalfatosenoticias.com.br\/index.php\/2024\/06\/25\/atores-politicos-do-mensalao-e-lava-jato-voltam-a-cena\/\"},\"author\":{\"name\":\"Luzimara Fernandes\",\"@id\":\"https:\/\/jornalfatosenoticias.com.br\/#\/schema\/person\/d63837fa13ac8666eb9e74e0985d6f81\"},\"headline\":\"Atores pol\u00edticos do mensal\u00e3o e Lava Jato voltam \u00e0 \u201ccena\u201d\",\"datePublished\":\"2024-06-25T16:11:41+00:00\",\"dateModified\":\"2024-06-25T16:11:42+00:00\",\"mainEntityOfPage\":{\"@id\":\"https:\/\/jornalfatosenoticias.com.br\/index.php\/2024\/06\/25\/atores-politicos-do-mensalao-e-lava-jato-voltam-a-cena\/\"},\"wordCount\":725,\"commentCount\":0,\"publisher\":{\"@id\":\"https:\/\/jornalfatosenoticias.com.br\/#organization\"},\"image\":{\"@id\":\"https:\/\/jornalfatosenoticias.com.br\/index.php\/2024\/06\/25\/atores-politicos-do-mensalao-e-lava-jato-voltam-a-cena\/#primaryimage\"},\"thumbnailUrl\":\"https:\/\/jornalfatosenoticias.com.br\/wp-content\/uploads\/2024\/06\/l4dro3s-da-lava-jato.jpg\",\"keywords\":[\"c\u00fapula do PT\",\"mensal\u00e3o\",\"OAB\",\"Opera\u00e7\u00e3o Lava Jato\",\"petistas\",\"r\u00e9us confessos\",\"STF\",\"STJ\"],\"articleSection\":[\"Pol\u00edtica\"],\"inLanguage\":\"pt-BR\",\"potentialAction\":[{\"@type\":\"CommentAction\",\"name\":\"Comment\",\"target\":[\"https:\/\/jornalfatosenoticias.com.br\/index.php\/2024\/06\/25\/atores-politicos-do-mensalao-e-lava-jato-voltam-a-cena\/#respond\"]}]},{\"@type\":\"WebPage\",\"@id\":\"https:\/\/jornalfatosenoticias.com.br\/index.php\/2024\/06\/25\/atores-politicos-do-mensalao-e-lava-jato-voltam-a-cena\/\",\"url\":\"https:\/\/jornalfatosenoticias.com.br\/index.php\/2024\/06\/25\/atores-politicos-do-mensalao-e-lava-jato-voltam-a-cena\/\",\"name\":\"Atores pol\u00edticos do mensal\u00e3o e Lava Jato voltam \u00e0 \u201ccena\u201d - Jornal Fatos e Not\u00edcias\",\"isPartOf\":{\"@id\":\"https:\/\/jornalfatosenoticias.com.br\/#website\"},\"primaryImageOfPage\":{\"@id\":\"https:\/\/jornalfatosenoticias.com.br\/index.php\/2024\/06\/25\/atores-politicos-do-mensalao-e-lava-jato-voltam-a-cena\/#primaryimage\"},\"image\":{\"@id\":\"https:\/\/jornalfatosenoticias.com.br\/index.php\/2024\/06\/25\/atores-politicos-do-mensalao-e-lava-jato-voltam-a-cena\/#primaryimage\"},\"thumbnailUrl\":\"https:\/\/jornalfatosenoticias.com.br\/wp-content\/uploads\/2024\/06\/l4dro3s-da-lava-jato.jpg\",\"datePublished\":\"2024-06-25T16:11:41+00:00\",\"dateModified\":\"2024-06-25T16:11:42+00:00\",\"breadcrumb\":{\"@id\":\"https:\/\/jornalfatosenoticias.com.br\/index.php\/2024\/06\/25\/atores-politicos-do-mensalao-e-lava-jato-voltam-a-cena\/#breadcrumb\"},\"inLanguage\":\"pt-BR\",\"potentialAction\":[{\"@type\":\"ReadAction\",\"target\":[\"https:\/\/jornalfatosenoticias.com.br\/index.php\/2024\/06\/25\/atores-politicos-do-mensalao-e-lava-jato-voltam-a-cena\/\"]}]},{\"@type\":\"ImageObject\",\"inLanguage\":\"pt-BR\",\"@id\":\"https:\/\/jornalfatosenoticias.com.br\/index.php\/2024\/06\/25\/atores-politicos-do-mensalao-e-lava-jato-voltam-a-cena\/#primaryimage\",\"url\":\"https:\/\/jornalfatosenoticias.com.br\/wp-content\/uploads\/2024\/06\/l4dro3s-da-lava-jato.jpg\",\"contentUrl\":\"https:\/\/jornalfatosenoticias.com.br\/wp-content\/uploads\/2024\/06\/l4dro3s-da-lava-jato.jpg\",\"width\":1000,\"height\":573},{\"@type\":\"BreadcrumbList\",\"@id\":\"https:\/\/jornalfatosenoticias.com.br\/index.php\/2024\/06\/25\/atores-politicos-do-mensalao-e-lava-jato-voltam-a-cena\/#breadcrumb\",\"itemListElement\":[{\"@type\":\"ListItem\",\"position\":1,\"name\":\"In\u00edcio\",\"item\":\"https:\/\/jornalfatosenoticias.com.br\/\"},{\"@type\":\"ListItem\",\"position\":2,\"name\":\"Atores pol\u00edticos do mensal\u00e3o e Lava Jato voltam \u00e0 \u201ccena\u201d\"}]},{\"@type\":\"WebSite\",\"@id\":\"https:\/\/jornalfatosenoticias.com.br\/#website\",\"url\":\"https:\/\/jornalfatosenoticias.com.br\/\",\"name\":\"Jornal Fatos e Not\u00edcias\",\"description\":\"Not\u00edcias em geral\",\"publisher\":{\"@id\":\"https:\/\/jornalfatosenoticias.com.br\/#organization\"},\"potentialAction\":[{\"@type\":\"SearchAction\",\"target\":{\"@type\":\"EntryPoint\",\"urlTemplate\":\"https:\/\/jornalfatosenoticias.com.br\/?s={search_term_string}\"},\"query-input\":{\"@type\":\"PropertyValueSpecification\",\"valueRequired\":true,\"valueName\":\"search_term_string\"}}],\"inLanguage\":\"pt-BR\"},{\"@type\":\"Organization\",\"@id\":\"https:\/\/jornalfatosenoticias.com.br\/#organization\",\"name\":\"Jornal Fatos e Not\u00edcias\",\"url\":\"https:\/\/jornalfatosenoticias.com.br\/\",\"logo\":{\"@type\":\"ImageObject\",\"inLanguage\":\"pt-BR\",\"@id\":\"https:\/\/jornalfatosenoticias.com.br\/#\/schema\/logo\/image\/\",\"url\":\"https:\/\/jornalfatosenoticias.com.br\/wp-content\/uploads\/2020\/02\/logo120.png\",\"contentUrl\":\"https:\/\/jornalfatosenoticias.com.br\/wp-content\/uploads\/2020\/02\/logo120.png\",\"width\":1227,\"height\":120,\"caption\":\"Jornal Fatos e Not\u00edcias\"},\"image\":{\"@id\":\"https:\/\/jornalfatosenoticias.com.br\/#\/schema\/logo\/image\/\"}},{\"@type\":\"Person\",\"@id\":\"https:\/\/jornalfatosenoticias.com.br\/#\/schema\/person\/d63837fa13ac8666eb9e74e0985d6f81\",\"name\":\"Luzimara Fernandes\",\"image\":{\"@type\":\"ImageObject\",\"inLanguage\":\"pt-BR\",\"@id\":\"https:\/\/jornalfatosenoticias.com.br\/#\/schema\/person\/image\/\",\"url\":\"https:\/\/jornalfatosenoticias.com.br\/wp-content\/uploads\/2025\/05\/EU_portal.jpg\",\"contentUrl\":\"https:\/\/jornalfatosenoticias.com.br\/wp-content\/uploads\/2025\/05\/EU_portal.jpg\",\"caption\":\"Luzimara Fernandes\"},\"description\":\"Jornalista MTB 2358-ES\",\"sameAs\":[\"https:\/\/jornalfatosenoticias.com.br\"],\"url\":\"https:\/\/jornalfatosenoticias.com.br\/index.php\/author\/luzimara\/\"}]}<\/script>\n<!-- \/ Yoast SEO plugin. -->","yoast_head_json":{"title":"Atores pol\u00edticos do mensal\u00e3o e Lava Jato voltam \u00e0 \u201ccena\u201d - Jornal Fatos e Not\u00edcias","robots":{"index":"index","follow":"follow","max-snippet":"max-snippet:-1","max-image-preview":"max-image-preview:large","max-video-preview":"max-video-preview:-1"},"canonical":"https:\/\/jornalfatosenoticias.com.br\/index.php\/2024\/06\/25\/atores-politicos-do-mensalao-e-lava-jato-voltam-a-cena\/","og_locale":"pt_BR","og_type":"article","og_title":"Atores pol\u00edticos do mensal\u00e3o e Lava Jato voltam \u00e0 \u201ccena\u201d - Jornal Fatos e Not\u00edcias","og_description":"Segundo informa\u00e7\u00f5es de O Globo, em meio \u00e0s dificuldades de articula\u00e7\u00e3o pol\u00edtica enfrentadas pelo governo, antigos membros do Partido dos Trabalhadores (PT) que haviam sa\u00eddo de cena ap\u00f3s condena\u00e7\u00f5es no mensal\u00e3o e na Lava Jato est\u00e3o retomando suas atividades nos bastidores. Jos\u00e9 Dirceu, ex-ministro, Jo\u00e3o Paulo Cunha, ex-presidente da C\u00e2mara, e os tesoureiros do PT, [&hellip;]","og_url":"https:\/\/jornalfatosenoticias.com.br\/index.php\/2024\/06\/25\/atores-politicos-do-mensalao-e-lava-jato-voltam-a-cena\/","og_site_name":"Jornal Fatos e Not\u00edcias","article_published_time":"2024-06-25T16:11:41+00:00","article_modified_time":"2024-06-25T16:11:42+00:00","og_image":[{"width":1000,"height":573,"url":"https:\/\/jornalfatosenoticias.com.br\/wp-content\/uploads\/2024\/06\/l4dro3s-da-lava-jato.jpg","type":"image\/jpeg"}],"author":"Luzimara Fernandes","twitter_card":"summary_large_image","twitter_misc":{"Escrito por":"Luzimara Fernandes","Est. tempo de leitura":"4 minutos"},"schema":{"@context":"https:\/\/schema.org","@graph":[{"@type":"Article","@id":"https:\/\/jornalfatosenoticias.com.br\/index.php\/2024\/06\/25\/atores-politicos-do-mensalao-e-lava-jato-voltam-a-cena\/#article","isPartOf":{"@id":"https:\/\/jornalfatosenoticias.com.br\/index.php\/2024\/06\/25\/atores-politicos-do-mensalao-e-lava-jato-voltam-a-cena\/"},"author":{"name":"Luzimara Fernandes","@id":"https:\/\/jornalfatosenoticias.com.br\/#\/schema\/person\/d63837fa13ac8666eb9e74e0985d6f81"},"headline":"Atores pol\u00edticos do mensal\u00e3o e Lava Jato voltam \u00e0 \u201ccena\u201d","datePublished":"2024-06-25T16:11:41+00:00","dateModified":"2024-06-25T16:11:42+00:00","mainEntityOfPage":{"@id":"https:\/\/jornalfatosenoticias.com.br\/index.php\/2024\/06\/25\/atores-politicos-do-mensalao-e-lava-jato-voltam-a-cena\/"},"wordCount":725,"commentCount":0,"publisher":{"@id":"https:\/\/jornalfatosenoticias.com.br\/#organization"},"image":{"@id":"https:\/\/jornalfatosenoticias.com.br\/index.php\/2024\/06\/25\/atores-politicos-do-mensalao-e-lava-jato-voltam-a-cena\/#primaryimage"},"thumbnailUrl":"https:\/\/jornalfatosenoticias.com.br\/wp-content\/uploads\/2024\/06\/l4dro3s-da-lava-jato.jpg","keywords":["c\u00fapula do PT","mensal\u00e3o","OAB","Opera\u00e7\u00e3o Lava Jato","petistas","r\u00e9us confessos","STF","STJ"],"articleSection":["Pol\u00edtica"],"inLanguage":"pt-BR","potentialAction":[{"@type":"CommentAction","name":"Comment","target":["https:\/\/jornalfatosenoticias.com.br\/index.php\/2024\/06\/25\/atores-politicos-do-mensalao-e-lava-jato-voltam-a-cena\/#respond"]}]},{"@type":"WebPage","@id":"https:\/\/jornalfatosenoticias.com.br\/index.php\/2024\/06\/25\/atores-politicos-do-mensalao-e-lava-jato-voltam-a-cena\/","url":"https:\/\/jornalfatosenoticias.com.br\/index.php\/2024\/06\/25\/atores-politicos-do-mensalao-e-lava-jato-voltam-a-cena\/","name":"Atores pol\u00edticos do mensal\u00e3o e Lava Jato voltam \u00e0 \u201ccena\u201d - Jornal Fatos e Not\u00edcias","isPartOf":{"@id":"https:\/\/jornalfatosenoticias.com.br\/#website"},"primaryImageOfPage":{"@id":"https:\/\/jornalfatosenoticias.com.br\/index.php\/2024\/06\/25\/atores-politicos-do-mensalao-e-lava-jato-voltam-a-cena\/#primaryimage"},"image":{"@id":"https:\/\/jornalfatosenoticias.com.br\/index.php\/2024\/06\/25\/atores-politicos-do-mensalao-e-lava-jato-voltam-a-cena\/#primaryimage"},"thumbnailUrl":"https:\/\/jornalfatosenoticias.com.br\/wp-content\/uploads\/2024\/06\/l4dro3s-da-lava-jato.jpg","datePublished":"2024-06-25T16:11:41+00:00","dateModified":"2024-06-25T16:11:42+00:00","breadcrumb":{"@id":"https:\/\/jornalfatosenoticias.com.br\/index.php\/2024\/06\/25\/atores-politicos-do-mensalao-e-lava-jato-voltam-a-cena\/#breadcrumb"},"inLanguage":"pt-BR","potentialAction":[{"@type":"ReadAction","target":["https:\/\/jornalfatosenoticias.com.br\/index.php\/2024\/06\/25\/atores-politicos-do-mensalao-e-lava-jato-voltam-a-cena\/"]}]},{"@type":"ImageObject","inLanguage":"pt-BR","@id":"https:\/\/jornalfatosenoticias.com.br\/index.php\/2024\/06\/25\/atores-politicos-do-mensalao-e-lava-jato-voltam-a-cena\/#primaryimage","url":"https:\/\/jornalfatosenoticias.com.br\/wp-content\/uploads\/2024\/06\/l4dro3s-da-lava-jato.jpg","contentUrl":"https:\/\/jornalfatosenoticias.com.br\/wp-content\/uploads\/2024\/06\/l4dro3s-da-lava-jato.jpg","width":1000,"height":573},{"@type":"BreadcrumbList","@id":"https:\/\/jornalfatosenoticias.com.br\/index.php\/2024\/06\/25\/atores-politicos-do-mensalao-e-lava-jato-voltam-a-cena\/#breadcrumb","itemListElement":[{"@type":"ListItem","position":1,"name":"In\u00edcio","item":"https:\/\/jornalfatosenoticias.com.br\/"},{"@type":"ListItem","position":2,"name":"Atores pol\u00edticos do mensal\u00e3o e Lava Jato voltam \u00e0 \u201ccena\u201d"}]},{"@type":"WebSite","@id":"https:\/\/jornalfatosenoticias.com.br\/#website","url":"https:\/\/jornalfatosenoticias.com.br\/","name":"Jornal Fatos e Not\u00edcias","description":"Not\u00edcias em geral","publisher":{"@id":"https:\/\/jornalfatosenoticias.com.br\/#organization"},"potentialAction":[{"@type":"SearchAction","target":{"@type":"EntryPoint","urlTemplate":"https:\/\/jornalfatosenoticias.com.br\/?s={search_term_string}"},"query-input":{"@type":"PropertyValueSpecification","valueRequired":true,"valueName":"search_term_string"}}],"inLanguage":"pt-BR"},{"@type":"Organization","@id":"https:\/\/jornalfatosenoticias.com.br\/#organization","name":"Jornal Fatos e Not\u00edcias","url":"https:\/\/jornalfatosenoticias.com.br\/","logo":{"@type":"ImageObject","inLanguage":"pt-BR","@id":"https:\/\/jornalfatosenoticias.com.br\/#\/schema\/logo\/image\/","url":"https:\/\/jornalfatosenoticias.com.br\/wp-content\/uploads\/2020\/02\/logo120.png","contentUrl":"https:\/\/jornalfatosenoticias.com.br\/wp-content\/uploads\/2020\/02\/logo120.png","width":1227,"height":120,"caption":"Jornal Fatos e Not\u00edcias"},"image":{"@id":"https:\/\/jornalfatosenoticias.com.br\/#\/schema\/logo\/image\/"}},{"@type":"Person","@id":"https:\/\/jornalfatosenoticias.com.br\/#\/schema\/person\/d63837fa13ac8666eb9e74e0985d6f81","name":"Luzimara Fernandes","image":{"@type":"ImageObject","inLanguage":"pt-BR","@id":"https:\/\/jornalfatosenoticias.com.br\/#\/schema\/person\/image\/","url":"https:\/\/jornalfatosenoticias.com.br\/wp-content\/uploads\/2025\/05\/EU_portal.jpg","contentUrl":"https:\/\/jornalfatosenoticias.com.br\/wp-content\/uploads\/2025\/05\/EU_portal.jpg","caption":"Luzimara Fernandes"},"description":"Jornalista MTB 2358-ES","sameAs":["https:\/\/jornalfatosenoticias.com.br"],"url":"https:\/\/jornalfatosenoticias.com.br\/index.php\/author\/luzimara\/"}]}},"cc_featured_image_caption":{"caption_text":"(Fotomontagem: Reprodu\u00e7\u00e3o) ","source_text":"","source_url":""},"jetpack_featured_media_url":"https:\/\/jornalfatosenoticias.com.br\/wp-content\/uploads\/2024\/06\/l4dro3s-da-lava-jato.jpg","_links":{"self":[{"href":"https:\/\/jornalfatosenoticias.com.br\/index.php\/wp-json\/wp\/v2\/posts\/52246","targetHints":{"allow":["GET"]}}],"collection":[{"href":"https:\/\/jornalfatosenoticias.com.br\/index.php\/wp-json\/wp\/v2\/posts"}],"about":[{"href":"https:\/\/jornalfatosenoticias.com.br\/index.php\/wp-json\/wp\/v2\/types\/post"}],"author":[{"embeddable":true,"href":"https:\/\/jornalfatosenoticias.com.br\/index.php\/wp-json\/wp\/v2\/users\/2"}],"replies":[{"embeddable":true,"href":"https:\/\/jornalfatosenoticias.com.br\/index.php\/wp-json\/wp\/v2\/comments?post=52246"}],"version-history":[{"count":0,"href":"https:\/\/jornalfatosenoticias.com.br\/index.php\/wp-json\/wp\/v2\/posts\/52246\/revisions"}],"wp:featuredmedia":[{"embeddable":true,"href":"https:\/\/jornalfatosenoticias.com.br\/index.php\/wp-json\/wp\/v2\/media\/52247"}],"wp:attachment":[{"href":"https:\/\/jornalfatosenoticias.com.br\/index.php\/wp-json\/wp\/v2\/media?parent=52246"}],"wp:term":[{"taxonomy":"category","embeddable":true,"href":"https:\/\/jornalfatosenoticias.com.br\/index.php\/wp-json\/wp\/v2\/categories?post=52246"},{"taxonomy":"post_tag","embeddable":true,"href":"https:\/\/jornalfatosenoticias.com.br\/index.php\/wp-json\/wp\/v2\/tags?post=52246"}],"curies":[{"name":"wp","href":"https:\/\/api.w.org\/{rel}","templated":true}]}}