{"id":52256,"date":"2024-06-26T09:35:38","date_gmt":"2024-06-26T12:35:38","guid":{"rendered":"https:\/\/jornalfatosenoticias.com.br\/?p=52256"},"modified":"2024-06-26T09:35:40","modified_gmt":"2024-06-26T12:35:40","slug":"esta-bateria-flexivel-coreana-muda-de-cor-para-indicar-carga-e-descarga","status":"publish","type":"post","link":"https:\/\/jornalfatosenoticias.com.br\/index.php\/2024\/06\/26\/esta-bateria-flexivel-coreana-muda-de-cor-para-indicar-carga-e-descarga\/","title":{"rendered":"Esta bateria flex\u00edvel coreana muda de cor para indicar carga e descarga"},"content":{"rendered":"\n<p><em><span class=\"has-inline-color has-black-color\">Dispositivo poderia criar produtos inovadores, como, por exemplo, uma janela inteligente que capta energia solar<\/span><\/em><\/p>\n\n\n\n<p><span class=\"has-inline-color has-black-color\">Por <strong><a href=\"https:\/\/gizmodo.uol.com.br\/author\/igor-nishikiori\/\">Igor Nishikiori<\/a><\/strong><\/span><\/p>\n\n\n\n<div class=\"wp-block-image\"><figure class=\"aligncenter size-large\"><a href=\"http:\/\/www.ferrarimaquinas.com.br\/\"><img loading=\"lazy\" decoding=\"async\" width=\"1024\" height=\"100\" src=\"https:\/\/jornalfatosenoticias.com.br\/wp-content\/uploads\/2020\/02\/banner_ferramentas-1024x100.jpg\" alt=\"\" class=\"wp-image-1258\" srcset=\"https:\/\/jornalfatosenoticias.com.br\/wp-content\/uploads\/2020\/02\/banner_ferramentas-1024x100.jpg 1024w, https:\/\/jornalfatosenoticias.com.br\/wp-content\/uploads\/2020\/02\/banner_ferramentas-300x29.jpg 300w, https:\/\/jornalfatosenoticias.com.br\/wp-content\/uploads\/2020\/02\/banner_ferramentas-768x75.jpg 768w, https:\/\/jornalfatosenoticias.com.br\/wp-content\/uploads\/2020\/02\/banner_ferramentas.jpg 1227w\" sizes=\"auto, (max-width: 1024px) 100vw, 1024px\" \/><\/a><\/figure><\/div>\n\n\n\n<p>Cientistas da Coreia do Sul anunciaram o desenvolvimento de um novo tipo de bateria inteligente que muda de cor para indicar o processo de carga e descarga de energia. Se aplicada, essa tecnologia poder\u00e1 criar uma nova categoria de produtos inteligentes que n\u00e3o precisar\u00e3o de telas LCD ou de l\u00e2mpadas de <a href=\"https:\/\/gizmodo.uol.com.br\/led-mudar-de-cor\/\">LED<\/a> para exibir o n\u00edvel da bateria. Os professores Il-Doo Kim, do Instituto de Ci\u00eancia e Tecnologia Avan\u00e7ada da Coreia (KAIST), e Tae Gwang Yun, da Universidade Myongji, conduziram a pesquisa.<br>Eles criaram uma bateria flex\u00edvel de \u00edons de zinco que usa \u00e2nodo de pol\u00edmero eletrocr\u00f4mico \u2014 um material capaz de mudar de cor quando energizado. Dessa forma, quando a carga da bateria est\u00e1 cheia, ela ganha um tom azul-escuro; e quando est\u00e1 vazia, fica transparente. Embora a tecnologia de baterias eletrocr\u00f4micas n\u00e3o seja nova, elas esbarravam no problema da baixa condutividade el\u00e9trica dos materiais eletrocr\u00f4micos. Isso porque ela resultava em baixa efici\u00eancia e pouca capacidade de armazenamento.<\/p>\n\n\n\n<div class=\"wp-block-image\"><figure class=\"aligncenter size-large is-resized\"><a href=\"https:\/\/www.ithbrasil.com.br\/\"><img loading=\"lazy\" decoding=\"async\" src=\"https:\/\/jornalfatosenoticias.com.br\/wp-content\/uploads\/2023\/08\/ITH.jpeg\" alt=\"\" class=\"wp-image-44638\" width=\"300\" height=\"244\" srcset=\"https:\/\/jornalfatosenoticias.com.br\/wp-content\/uploads\/2023\/08\/ITH.jpeg 800w, https:\/\/jornalfatosenoticias.com.br\/wp-content\/uploads\/2023\/08\/ITH-300x244.jpeg 300w, https:\/\/jornalfatosenoticias.com.br\/wp-content\/uploads\/2023\/08\/ITH-768x624.jpeg 768w\" sizes=\"auto, (max-width: 300px) 100vw, 300px\" \/><\/a><\/figure><\/div>\n\n\n\n<p>Por outro lado, os pesquisadores resolveram essa quest\u00e3o incorporando um espa\u00e7ador especial conhecido como \u201cponte-\u03c0\u201d, que aumenta a mobilidade dos \u00edons dentro das c\u00e9lulas. Com isso, a equipe de Kim constatou que a bateria passou a carregar de forma mais r\u00e1pida e teve sua capacidade de armazenamento aumentada. <\/p>\n\n\n\n<div class=\"wp-block-image\"><figure class=\"aligncenter size-large is-resized\"><a href=\"https:\/\/panper.com.br\/\"><img loading=\"lazy\" decoding=\"async\" src=\"https:\/\/jornalfatosenoticias.com.br\/wp-content\/uploads\/2023\/03\/logo-Panper_portal.jpg\" alt=\"\" class=\"wp-image-40208\" width=\"343\" height=\"237\" srcset=\"https:\/\/jornalfatosenoticias.com.br\/wp-content\/uploads\/2023\/03\/logo-Panper_portal.jpg 400w, https:\/\/jornalfatosenoticias.com.br\/wp-content\/uploads\/2023\/03\/logo-Panper_portal-300x208.jpg 300w\" sizes=\"auto, (max-width: 343px) 100vw, 343px\" \/><\/a><\/figure><\/div>\n\n\n\n<p>Al\u00e9m disso, o n\u00edvel de descarga aumentou 40% em compara\u00e7\u00e3o com modelos anteriores, chegando a 110 mAh\/g. Os pesquisadores n\u00e3o deram um palpite sobre quando essa bateria flex\u00edvel ser\u00e1 usada comercialmente. Por\u00e9m, ela abre portas para que novos produtos surjam a partir dessas caracter\u00edsticas \u00fanicas. <\/p>\n\n\n\n<div class=\"wp-block-image\"><figure class=\"aligncenter size-large is-resized\"><img loading=\"lazy\" decoding=\"async\" src=\"https:\/\/jornalfatosenoticias.com.br\/wp-content\/uploads\/2022\/02\/Precisao-Contabilidade-1024x724.jpg\" alt=\"\" class=\"wp-image-28088\" width=\"344\" height=\"243\"\/><\/figure><\/div>\n\n\n\n<blockquote class=\"wp-block-quote is-layout-flow wp-block-quote-is-layout-flow\"><p><span class=\"has-inline-color has-luminous-vivid-orange-color\">Essa tecnologia vai al\u00e9m dos conceitos atuais de baterias como apenas dispositivos de armazenamento de energia\u201d, afirmou Il-Doo Kim na <a href=\"https:\/\/www.kaist.ac.kr\/newsen\/html\/news\/?mode=V&amp;mng_no=31190&amp;skey=keyword&amp;sval=Batteries&amp;list_s_date=&amp;list_e_date=&amp;GotoPage=1\" target=\"_blank\" rel=\"noreferrer noopener\">nota divulgada pelo KAIST<\/a>. \u201cEsperamos que essa tecnologia seja usada como um sistema de armazenamento de energia futurista, que acelere a inova\u00e7\u00e3o em baterias inteligentes e dispositivos vest\u00edveis\u201d.<\/span><\/p><\/blockquote>\n\n\n\n<div class=\"wp-block-image\"><figure class=\"aligncenter size-large is-resized\"><a href=\"https:\/\/www.instagram.com\/restaurantepegoretti\/\"><img loading=\"lazy\" decoding=\"async\" src=\"https:\/\/jornalfatosenoticias.com.br\/wp-content\/uploads\/2023\/12\/pegoretti-logo-pdf-1024x389.jpg\" alt=\"\" class=\"wp-image-47536\" width=\"475\" height=\"180\" srcset=\"https:\/\/jornalfatosenoticias.com.br\/wp-content\/uploads\/2023\/12\/pegoretti-logo-pdf-1024x389.jpg 1024w, https:\/\/jornalfatosenoticias.com.br\/wp-content\/uploads\/2023\/12\/pegoretti-logo-pdf-300x114.jpg 300w, https:\/\/jornalfatosenoticias.com.br\/wp-content\/uploads\/2023\/12\/pegoretti-logo-pdf-768x291.jpg 768w, https:\/\/jornalfatosenoticias.com.br\/wp-content\/uploads\/2023\/12\/pegoretti-logo-pdf.jpg 1120w\" sizes=\"auto, (max-width: 475px) 100vw, 475px\" \/><\/a><\/figure><\/div>\n\n\n\n<p>Um aplicabilidade seria, por exemplo, em uma janela inteligente. Ela poderia escurecer automaticamente para melhorar a absor\u00e7\u00e3o da energia solar, al\u00e9m de bloquear raios ultravioletas e substituir cortinas.<\/p>\n\n\n\n<p><strong><em>Fonte: <a href=\"https:\/\/gizmodo.uol.com.br\/esta-bateria-flexivel-coreana-muda-de-cor-para-indicar-carga-e-descarga\/\">Giz Brasil<\/a><\/em><\/strong><\/p>\n","protected":false},"excerpt":{"rendered":"<p>Dispositivo poderia criar produtos inovadores, como, por exemplo, uma janela inteligente que capta energia solar Por Igor Nishikiori Cientistas da Coreia do Sul anunciaram o desenvolvimento de um novo tipo de bateria inteligente que muda de cor para indicar o processo de carga e descarga de energia. Se aplicada, essa tecnologia poder\u00e1 criar uma nova [&hellip;]<\/p>\n","protected":false},"author":2,"featured_media":52257,"comment_status":"open","ping_status":"open","sticky":false,"template":"","format":"standard","meta":{"footnotes":""},"categories":[3],"tags":[3599,23903,3249,3441,198],"class_list":["post-52256","post","type-post","status-publish","format-standard","has-post-thumbnail","hentry","category-tecnologia","tag-bateria","tag-bateria-flexivel","tag-cor","tag-coreia-do-sul","tag-tecnologia"],"yoast_head":"<!-- This site is optimized with the Yoast SEO plugin v26.5 - https:\/\/yoast.com\/wordpress\/plugins\/seo\/ -->\n<title>Esta bateria flex\u00edvel coreana muda de cor para indicar carga e descarga - Jornal Fatos e Not\u00edcias<\/title>\n<meta name=\"robots\" content=\"index, follow, max-snippet:-1, max-image-preview:large, max-video-preview:-1\" \/>\n<link rel=\"canonical\" href=\"https:\/\/jornalfatosenoticias.com.br\/index.php\/2024\/06\/26\/esta-bateria-flexivel-coreana-muda-de-cor-para-indicar-carga-e-descarga\/\" \/>\n<meta property=\"og:locale\" content=\"pt_BR\" \/>\n<meta property=\"og:type\" content=\"article\" \/>\n<meta property=\"og:title\" content=\"Esta bateria flex\u00edvel coreana muda de cor para indicar carga e descarga - Jornal Fatos e Not\u00edcias\" \/>\n<meta property=\"og:description\" content=\"Dispositivo poderia criar produtos inovadores, como, por exemplo, uma janela inteligente que capta energia solar Por Igor Nishikiori Cientistas da Coreia do Sul anunciaram o desenvolvimento de um novo tipo de bateria inteligente que muda de cor para indicar o processo de carga e descarga de energia. Se aplicada, essa tecnologia poder\u00e1 criar uma nova [&hellip;]\" \/>\n<meta property=\"og:url\" content=\"https:\/\/jornalfatosenoticias.com.br\/index.php\/2024\/06\/26\/esta-bateria-flexivel-coreana-muda-de-cor-para-indicar-carga-e-descarga\/\" \/>\n<meta property=\"og:site_name\" content=\"Jornal Fatos e Not\u00edcias\" \/>\n<meta property=\"article:published_time\" content=\"2024-06-26T12:35:38+00:00\" \/>\n<meta property=\"article:modified_time\" content=\"2024-06-26T12:35:40+00:00\" \/>\n<meta property=\"og:image\" content=\"https:\/\/jornalfatosenoticias.com.br\/wp-content\/uploads\/2024\/06\/carga-da-bateria_Freepik.jpg\" \/>\n\t<meta property=\"og:image:width\" content=\"996\" \/>\n\t<meta property=\"og:image:height\" content=\"498\" \/>\n\t<meta property=\"og:image:type\" content=\"image\/jpeg\" \/>\n<meta name=\"author\" content=\"Luzimara Fernandes\" \/>\n<meta name=\"twitter:card\" content=\"summary_large_image\" \/>\n<meta name=\"twitter:label1\" content=\"Escrito por\" \/>\n\t<meta name=\"twitter:data1\" content=\"Luzimara Fernandes\" \/>\n\t<meta name=\"twitter:label2\" content=\"Est. tempo de leitura\" \/>\n\t<meta name=\"twitter:data2\" content=\"2 minutos\" \/>\n<script type=\"application\/ld+json\" class=\"yoast-schema-graph\">{\"@context\":\"https:\/\/schema.org\",\"@graph\":[{\"@type\":\"Article\",\"@id\":\"https:\/\/jornalfatosenoticias.com.br\/index.php\/2024\/06\/26\/esta-bateria-flexivel-coreana-muda-de-cor-para-indicar-carga-e-descarga\/#article\",\"isPartOf\":{\"@id\":\"https:\/\/jornalfatosenoticias.com.br\/index.php\/2024\/06\/26\/esta-bateria-flexivel-coreana-muda-de-cor-para-indicar-carga-e-descarga\/\"},\"author\":{\"name\":\"Luzimara Fernandes\",\"@id\":\"https:\/\/jornalfatosenoticias.com.br\/#\/schema\/person\/d63837fa13ac8666eb9e74e0985d6f81\"},\"headline\":\"Esta bateria flex\u00edvel coreana muda de cor para indicar carga e descarga\",\"datePublished\":\"2024-06-26T12:35:38+00:00\",\"dateModified\":\"2024-06-26T12:35:40+00:00\",\"mainEntityOfPage\":{\"@id\":\"https:\/\/jornalfatosenoticias.com.br\/index.php\/2024\/06\/26\/esta-bateria-flexivel-coreana-muda-de-cor-para-indicar-carga-e-descarga\/\"},\"wordCount\":390,\"commentCount\":0,\"publisher\":{\"@id\":\"https:\/\/jornalfatosenoticias.com.br\/#organization\"},\"image\":{\"@id\":\"https:\/\/jornalfatosenoticias.com.br\/index.php\/2024\/06\/26\/esta-bateria-flexivel-coreana-muda-de-cor-para-indicar-carga-e-descarga\/#primaryimage\"},\"thumbnailUrl\":\"https:\/\/jornalfatosenoticias.com.br\/wp-content\/uploads\/2024\/06\/carga-da-bateria_Freepik.jpg\",\"keywords\":[\"bateria\",\"bateria flex\u00edvel\",\"cor\",\"Coreia do Sul\",\"tecnologia\"],\"articleSection\":[\"Tecnologia &amp; Inova\u00e7\u00e3o\"],\"inLanguage\":\"pt-BR\",\"potentialAction\":[{\"@type\":\"CommentAction\",\"name\":\"Comment\",\"target\":[\"https:\/\/jornalfatosenoticias.com.br\/index.php\/2024\/06\/26\/esta-bateria-flexivel-coreana-muda-de-cor-para-indicar-carga-e-descarga\/#respond\"]}]},{\"@type\":\"WebPage\",\"@id\":\"https:\/\/jornalfatosenoticias.com.br\/index.php\/2024\/06\/26\/esta-bateria-flexivel-coreana-muda-de-cor-para-indicar-carga-e-descarga\/\",\"url\":\"https:\/\/jornalfatosenoticias.com.br\/index.php\/2024\/06\/26\/esta-bateria-flexivel-coreana-muda-de-cor-para-indicar-carga-e-descarga\/\",\"name\":\"Esta bateria flex\u00edvel coreana muda de cor para indicar carga e descarga - Jornal Fatos e Not\u00edcias\",\"isPartOf\":{\"@id\":\"https:\/\/jornalfatosenoticias.com.br\/#website\"},\"primaryImageOfPage\":{\"@id\":\"https:\/\/jornalfatosenoticias.com.br\/index.php\/2024\/06\/26\/esta-bateria-flexivel-coreana-muda-de-cor-para-indicar-carga-e-descarga\/#primaryimage\"},\"image\":{\"@id\":\"https:\/\/jornalfatosenoticias.com.br\/index.php\/2024\/06\/26\/esta-bateria-flexivel-coreana-muda-de-cor-para-indicar-carga-e-descarga\/#primaryimage\"},\"thumbnailUrl\":\"https:\/\/jornalfatosenoticias.com.br\/wp-content\/uploads\/2024\/06\/carga-da-bateria_Freepik.jpg\",\"datePublished\":\"2024-06-26T12:35:38+00:00\",\"dateModified\":\"2024-06-26T12:35:40+00:00\",\"breadcrumb\":{\"@id\":\"https:\/\/jornalfatosenoticias.com.br\/index.php\/2024\/06\/26\/esta-bateria-flexivel-coreana-muda-de-cor-para-indicar-carga-e-descarga\/#breadcrumb\"},\"inLanguage\":\"pt-BR\",\"potentialAction\":[{\"@type\":\"ReadAction\",\"target\":[\"https:\/\/jornalfatosenoticias.com.br\/index.php\/2024\/06\/26\/esta-bateria-flexivel-coreana-muda-de-cor-para-indicar-carga-e-descarga\/\"]}]},{\"@type\":\"ImageObject\",\"inLanguage\":\"pt-BR\",\"@id\":\"https:\/\/jornalfatosenoticias.com.br\/index.php\/2024\/06\/26\/esta-bateria-flexivel-coreana-muda-de-cor-para-indicar-carga-e-descarga\/#primaryimage\",\"url\":\"https:\/\/jornalfatosenoticias.com.br\/wp-content\/uploads\/2024\/06\/carga-da-bateria_Freepik.jpg\",\"contentUrl\":\"https:\/\/jornalfatosenoticias.com.br\/wp-content\/uploads\/2024\/06\/carga-da-bateria_Freepik.jpg\",\"width\":996,\"height\":498},{\"@type\":\"BreadcrumbList\",\"@id\":\"https:\/\/jornalfatosenoticias.com.br\/index.php\/2024\/06\/26\/esta-bateria-flexivel-coreana-muda-de-cor-para-indicar-carga-e-descarga\/#breadcrumb\",\"itemListElement\":[{\"@type\":\"ListItem\",\"position\":1,\"name\":\"In\u00edcio\",\"item\":\"https:\/\/jornalfatosenoticias.com.br\/\"},{\"@type\":\"ListItem\",\"position\":2,\"name\":\"Esta bateria flex\u00edvel coreana muda de cor para indicar carga e descarga\"}]},{\"@type\":\"WebSite\",\"@id\":\"https:\/\/jornalfatosenoticias.com.br\/#website\",\"url\":\"https:\/\/jornalfatosenoticias.com.br\/\",\"name\":\"Jornal Fatos e Not\u00edcias\",\"description\":\"Not\u00edcias em geral\",\"publisher\":{\"@id\":\"https:\/\/jornalfatosenoticias.com.br\/#organization\"},\"potentialAction\":[{\"@type\":\"SearchAction\",\"target\":{\"@type\":\"EntryPoint\",\"urlTemplate\":\"https:\/\/jornalfatosenoticias.com.br\/?s={search_term_string}\"},\"query-input\":{\"@type\":\"PropertyValueSpecification\",\"valueRequired\":true,\"valueName\":\"search_term_string\"}}],\"inLanguage\":\"pt-BR\"},{\"@type\":\"Organization\",\"@id\":\"https:\/\/jornalfatosenoticias.com.br\/#organization\",\"name\":\"Jornal Fatos e Not\u00edcias\",\"url\":\"https:\/\/jornalfatosenoticias.com.br\/\",\"logo\":{\"@type\":\"ImageObject\",\"inLanguage\":\"pt-BR\",\"@id\":\"https:\/\/jornalfatosenoticias.com.br\/#\/schema\/logo\/image\/\",\"url\":\"https:\/\/jornalfatosenoticias.com.br\/wp-content\/uploads\/2020\/02\/logo120.png\",\"contentUrl\":\"https:\/\/jornalfatosenoticias.com.br\/wp-content\/uploads\/2020\/02\/logo120.png\",\"width\":1227,\"height\":120,\"caption\":\"Jornal Fatos e Not\u00edcias\"},\"image\":{\"@id\":\"https:\/\/jornalfatosenoticias.com.br\/#\/schema\/logo\/image\/\"}},{\"@type\":\"Person\",\"@id\":\"https:\/\/jornalfatosenoticias.com.br\/#\/schema\/person\/d63837fa13ac8666eb9e74e0985d6f81\",\"name\":\"Luzimara Fernandes\",\"image\":{\"@type\":\"ImageObject\",\"inLanguage\":\"pt-BR\",\"@id\":\"https:\/\/jornalfatosenoticias.com.br\/#\/schema\/person\/image\/\",\"url\":\"https:\/\/jornalfatosenoticias.com.br\/wp-content\/uploads\/2025\/05\/EU_portal.jpg\",\"contentUrl\":\"https:\/\/jornalfatosenoticias.com.br\/wp-content\/uploads\/2025\/05\/EU_portal.jpg\",\"caption\":\"Luzimara Fernandes\"},\"description\":\"Jornalista MTB 2358-ES\",\"sameAs\":[\"https:\/\/jornalfatosenoticias.com.br\"],\"url\":\"https:\/\/jornalfatosenoticias.com.br\/index.php\/author\/luzimara\/\"}]}<\/script>\n<!-- \/ Yoast SEO plugin. -->","yoast_head_json":{"title":"Esta bateria flex\u00edvel coreana muda de cor para indicar carga e descarga - Jornal Fatos e Not\u00edcias","robots":{"index":"index","follow":"follow","max-snippet":"max-snippet:-1","max-image-preview":"max-image-preview:large","max-video-preview":"max-video-preview:-1"},"canonical":"https:\/\/jornalfatosenoticias.com.br\/index.php\/2024\/06\/26\/esta-bateria-flexivel-coreana-muda-de-cor-para-indicar-carga-e-descarga\/","og_locale":"pt_BR","og_type":"article","og_title":"Esta bateria flex\u00edvel coreana muda de cor para indicar carga e descarga - Jornal Fatos e Not\u00edcias","og_description":"Dispositivo poderia criar produtos inovadores, como, por exemplo, uma janela inteligente que capta energia solar Por Igor Nishikiori Cientistas da Coreia do Sul anunciaram o desenvolvimento de um novo tipo de bateria inteligente que muda de cor para indicar o processo de carga e descarga de energia. Se aplicada, essa tecnologia poder\u00e1 criar uma nova [&hellip;]","og_url":"https:\/\/jornalfatosenoticias.com.br\/index.php\/2024\/06\/26\/esta-bateria-flexivel-coreana-muda-de-cor-para-indicar-carga-e-descarga\/","og_site_name":"Jornal Fatos e Not\u00edcias","article_published_time":"2024-06-26T12:35:38+00:00","article_modified_time":"2024-06-26T12:35:40+00:00","og_image":[{"width":996,"height":498,"url":"https:\/\/jornalfatosenoticias.com.br\/wp-content\/uploads\/2024\/06\/carga-da-bateria_Freepik.jpg","type":"image\/jpeg"}],"author":"Luzimara Fernandes","twitter_card":"summary_large_image","twitter_misc":{"Escrito por":"Luzimara Fernandes","Est. tempo de leitura":"2 minutos"},"schema":{"@context":"https:\/\/schema.org","@graph":[{"@type":"Article","@id":"https:\/\/jornalfatosenoticias.com.br\/index.php\/2024\/06\/26\/esta-bateria-flexivel-coreana-muda-de-cor-para-indicar-carga-e-descarga\/#article","isPartOf":{"@id":"https:\/\/jornalfatosenoticias.com.br\/index.php\/2024\/06\/26\/esta-bateria-flexivel-coreana-muda-de-cor-para-indicar-carga-e-descarga\/"},"author":{"name":"Luzimara Fernandes","@id":"https:\/\/jornalfatosenoticias.com.br\/#\/schema\/person\/d63837fa13ac8666eb9e74e0985d6f81"},"headline":"Esta bateria flex\u00edvel coreana muda de cor para indicar carga e descarga","datePublished":"2024-06-26T12:35:38+00:00","dateModified":"2024-06-26T12:35:40+00:00","mainEntityOfPage":{"@id":"https:\/\/jornalfatosenoticias.com.br\/index.php\/2024\/06\/26\/esta-bateria-flexivel-coreana-muda-de-cor-para-indicar-carga-e-descarga\/"},"wordCount":390,"commentCount":0,"publisher":{"@id":"https:\/\/jornalfatosenoticias.com.br\/#organization"},"image":{"@id":"https:\/\/jornalfatosenoticias.com.br\/index.php\/2024\/06\/26\/esta-bateria-flexivel-coreana-muda-de-cor-para-indicar-carga-e-descarga\/#primaryimage"},"thumbnailUrl":"https:\/\/jornalfatosenoticias.com.br\/wp-content\/uploads\/2024\/06\/carga-da-bateria_Freepik.jpg","keywords":["bateria","bateria flex\u00edvel","cor","Coreia do Sul","tecnologia"],"articleSection":["Tecnologia &amp; Inova\u00e7\u00e3o"],"inLanguage":"pt-BR","potentialAction":[{"@type":"CommentAction","name":"Comment","target":["https:\/\/jornalfatosenoticias.com.br\/index.php\/2024\/06\/26\/esta-bateria-flexivel-coreana-muda-de-cor-para-indicar-carga-e-descarga\/#respond"]}]},{"@type":"WebPage","@id":"https:\/\/jornalfatosenoticias.com.br\/index.php\/2024\/06\/26\/esta-bateria-flexivel-coreana-muda-de-cor-para-indicar-carga-e-descarga\/","url":"https:\/\/jornalfatosenoticias.com.br\/index.php\/2024\/06\/26\/esta-bateria-flexivel-coreana-muda-de-cor-para-indicar-carga-e-descarga\/","name":"Esta bateria flex\u00edvel coreana muda de cor para indicar carga e descarga - Jornal Fatos e Not\u00edcias","isPartOf":{"@id":"https:\/\/jornalfatosenoticias.com.br\/#website"},"primaryImageOfPage":{"@id":"https:\/\/jornalfatosenoticias.com.br\/index.php\/2024\/06\/26\/esta-bateria-flexivel-coreana-muda-de-cor-para-indicar-carga-e-descarga\/#primaryimage"},"image":{"@id":"https:\/\/jornalfatosenoticias.com.br\/index.php\/2024\/06\/26\/esta-bateria-flexivel-coreana-muda-de-cor-para-indicar-carga-e-descarga\/#primaryimage"},"thumbnailUrl":"https:\/\/jornalfatosenoticias.com.br\/wp-content\/uploads\/2024\/06\/carga-da-bateria_Freepik.jpg","datePublished":"2024-06-26T12:35:38+00:00","dateModified":"2024-06-26T12:35:40+00:00","breadcrumb":{"@id":"https:\/\/jornalfatosenoticias.com.br\/index.php\/2024\/06\/26\/esta-bateria-flexivel-coreana-muda-de-cor-para-indicar-carga-e-descarga\/#breadcrumb"},"inLanguage":"pt-BR","potentialAction":[{"@type":"ReadAction","target":["https:\/\/jornalfatosenoticias.com.br\/index.php\/2024\/06\/26\/esta-bateria-flexivel-coreana-muda-de-cor-para-indicar-carga-e-descarga\/"]}]},{"@type":"ImageObject","inLanguage":"pt-BR","@id":"https:\/\/jornalfatosenoticias.com.br\/index.php\/2024\/06\/26\/esta-bateria-flexivel-coreana-muda-de-cor-para-indicar-carga-e-descarga\/#primaryimage","url":"https:\/\/jornalfatosenoticias.com.br\/wp-content\/uploads\/2024\/06\/carga-da-bateria_Freepik.jpg","contentUrl":"https:\/\/jornalfatosenoticias.com.br\/wp-content\/uploads\/2024\/06\/carga-da-bateria_Freepik.jpg","width":996,"height":498},{"@type":"BreadcrumbList","@id":"https:\/\/jornalfatosenoticias.com.br\/index.php\/2024\/06\/26\/esta-bateria-flexivel-coreana-muda-de-cor-para-indicar-carga-e-descarga\/#breadcrumb","itemListElement":[{"@type":"ListItem","position":1,"name":"In\u00edcio","item":"https:\/\/jornalfatosenoticias.com.br\/"},{"@type":"ListItem","position":2,"name":"Esta bateria flex\u00edvel coreana muda de cor para indicar carga e descarga"}]},{"@type":"WebSite","@id":"https:\/\/jornalfatosenoticias.com.br\/#website","url":"https:\/\/jornalfatosenoticias.com.br\/","name":"Jornal Fatos e Not\u00edcias","description":"Not\u00edcias em geral","publisher":{"@id":"https:\/\/jornalfatosenoticias.com.br\/#organization"},"potentialAction":[{"@type":"SearchAction","target":{"@type":"EntryPoint","urlTemplate":"https:\/\/jornalfatosenoticias.com.br\/?s={search_term_string}"},"query-input":{"@type":"PropertyValueSpecification","valueRequired":true,"valueName":"search_term_string"}}],"inLanguage":"pt-BR"},{"@type":"Organization","@id":"https:\/\/jornalfatosenoticias.com.br\/#organization","name":"Jornal Fatos e Not\u00edcias","url":"https:\/\/jornalfatosenoticias.com.br\/","logo":{"@type":"ImageObject","inLanguage":"pt-BR","@id":"https:\/\/jornalfatosenoticias.com.br\/#\/schema\/logo\/image\/","url":"https:\/\/jornalfatosenoticias.com.br\/wp-content\/uploads\/2020\/02\/logo120.png","contentUrl":"https:\/\/jornalfatosenoticias.com.br\/wp-content\/uploads\/2020\/02\/logo120.png","width":1227,"height":120,"caption":"Jornal Fatos e Not\u00edcias"},"image":{"@id":"https:\/\/jornalfatosenoticias.com.br\/#\/schema\/logo\/image\/"}},{"@type":"Person","@id":"https:\/\/jornalfatosenoticias.com.br\/#\/schema\/person\/d63837fa13ac8666eb9e74e0985d6f81","name":"Luzimara Fernandes","image":{"@type":"ImageObject","inLanguage":"pt-BR","@id":"https:\/\/jornalfatosenoticias.com.br\/#\/schema\/person\/image\/","url":"https:\/\/jornalfatosenoticias.com.br\/wp-content\/uploads\/2025\/05\/EU_portal.jpg","contentUrl":"https:\/\/jornalfatosenoticias.com.br\/wp-content\/uploads\/2025\/05\/EU_portal.jpg","caption":"Luzimara Fernandes"},"description":"Jornalista MTB 2358-ES","sameAs":["https:\/\/jornalfatosenoticias.com.br"],"url":"https:\/\/jornalfatosenoticias.com.br\/index.php\/author\/luzimara\/"}]}},"cc_featured_image_caption":{"caption_text":"(Foto: Freepik) ","source_text":"","source_url":""},"jetpack_featured_media_url":"https:\/\/jornalfatosenoticias.com.br\/wp-content\/uploads\/2024\/06\/carga-da-bateria_Freepik.jpg","_links":{"self":[{"href":"https:\/\/jornalfatosenoticias.com.br\/index.php\/wp-json\/wp\/v2\/posts\/52256","targetHints":{"allow":["GET"]}}],"collection":[{"href":"https:\/\/jornalfatosenoticias.com.br\/index.php\/wp-json\/wp\/v2\/posts"}],"about":[{"href":"https:\/\/jornalfatosenoticias.com.br\/index.php\/wp-json\/wp\/v2\/types\/post"}],"author":[{"embeddable":true,"href":"https:\/\/jornalfatosenoticias.com.br\/index.php\/wp-json\/wp\/v2\/users\/2"}],"replies":[{"embeddable":true,"href":"https:\/\/jornalfatosenoticias.com.br\/index.php\/wp-json\/wp\/v2\/comments?post=52256"}],"version-history":[{"count":0,"href":"https:\/\/jornalfatosenoticias.com.br\/index.php\/wp-json\/wp\/v2\/posts\/52256\/revisions"}],"wp:featuredmedia":[{"embeddable":true,"href":"https:\/\/jornalfatosenoticias.com.br\/index.php\/wp-json\/wp\/v2\/media\/52257"}],"wp:attachment":[{"href":"https:\/\/jornalfatosenoticias.com.br\/index.php\/wp-json\/wp\/v2\/media?parent=52256"}],"wp:term":[{"taxonomy":"category","embeddable":true,"href":"https:\/\/jornalfatosenoticias.com.br\/index.php\/wp-json\/wp\/v2\/categories?post=52256"},{"taxonomy":"post_tag","embeddable":true,"href":"https:\/\/jornalfatosenoticias.com.br\/index.php\/wp-json\/wp\/v2\/tags?post=52256"}],"curies":[{"name":"wp","href":"https:\/\/api.w.org\/{rel}","templated":true}]}}