{"id":52271,"date":"2024-06-26T14:52:19","date_gmt":"2024-06-26T17:52:19","guid":{"rendered":"https:\/\/jornalfatosenoticias.com.br\/?p=52271"},"modified":"2024-06-26T14:52:22","modified_gmt":"2024-06-26T17:52:22","slug":"encontro-em-londres-denuncia-maquina-de-censura-internacional-inclusive-no-brasil","status":"publish","type":"post","link":"https:\/\/jornalfatosenoticias.com.br\/index.php\/2024\/06\/26\/encontro-em-londres-denuncia-maquina-de-censura-internacional-inclusive-no-brasil\/","title":{"rendered":"Encontro em Londres denuncia m\u00e1quina de censura internacional, inclusive no Brasil"},"content":{"rendered":"\n<p><span class=\"has-inline-color has-black-color\"><em>Westminster: regi\u00e3o de Londres onde fica o rel\u00f3gio \u201cBig Ben\u201d de torre do Parlamento recebeu em junho de 2024 o primeiro F\u00f3rum da Liberdade de Express\u00e3o de Westminster, em que a situa\u00e7\u00e3o do Brasil foi amplamente discutida<\/em><\/span><\/p>\n\n\n\n<p><span class=\"has-inline-color has-black-color\">Por <strong><a href=\"https:\/\/www.gazetadopovo.com.br\/autor\/eli-vieira\/\">Eli Vieira<\/a><\/strong><\/span><\/p>\n\n\n\n<div class=\"wp-block-image\"><figure class=\"aligncenter size-large\"><a href=\"https:\/\/mizu.com.br\/\"><img loading=\"lazy\" decoding=\"async\" width=\"729\" height=\"90\" src=\"https:\/\/jornalfatosenoticias.com.br\/wp-content\/uploads\/2020\/02\/Logo_Mizu.png\" alt=\"\" class=\"wp-image-1441\" srcset=\"https:\/\/jornalfatosenoticias.com.br\/wp-content\/uploads\/2020\/02\/Logo_Mizu.png 729w, https:\/\/jornalfatosenoticias.com.br\/wp-content\/uploads\/2020\/02\/Logo_Mizu-300x37.png 300w\" sizes=\"auto, (max-width: 729px) 100vw, 729px\" \/><\/a><\/figure><\/div>\n\n\n\n<p>Viola\u00e7\u00f5es \u00e0 liberdade de express\u00e3o no Brasil e no mundo foram discutidas na capital brit\u00e2nica. Mais de 50 intelectuais, jornalistas, advogados, parlamentares e ativistas de oito pa\u00edses participaram na semana passada (20-22) do primeiro F\u00f3rum da Liberdade de Express\u00e3o de Westminster, em Londres. O evento foi organizado pelo jornalista americano Michael Shellenberger, um dos autores dos Twitter Files Brasil, e a entidade que ele preside, Civilization Works.<br>Os participantes trocaram informa\u00e7\u00f5es sobre o que percebem unanimemente como uma onda de censura no mundo motivada principalmente pelo uso de express\u00f5es vagas como \u201cdiscurso de \u00f3dio\u201d e \u201cdesinforma\u00e7\u00e3o\u201d. Concordaram que vem da esquerda a maior parte da press\u00e3o pela supress\u00e3o de express\u00f5es pol\u00edticas legais, com a desculpa de combater o \u201cpopulismo\u201d, mas tamb\u00e9m levantaram preocupa\u00e7\u00e3o com setores da direita que t\u00eam chamado por silenciamento de vozes em temas de costumes e nos debates a respeito da guerra entre Israel e Hamas.<\/p>\n\n\n\n<div class=\"wp-block-image\"><figure class=\"aligncenter size-large is-resized\"><a href=\"https:\/\/www.facebook.com\/postobkr\/?locale=pt_BR\"><img loading=\"lazy\" decoding=\"async\" src=\"https:\/\/jornalfatosenoticias.com.br\/wp-content\/uploads\/2023\/08\/BKR-1024x1021.jpg\" alt=\"\" class=\"wp-image-44494\" width=\"294\" height=\"293\" srcset=\"https:\/\/jornalfatosenoticias.com.br\/wp-content\/uploads\/2023\/08\/BKR-1024x1021.jpg 1024w, https:\/\/jornalfatosenoticias.com.br\/wp-content\/uploads\/2023\/08\/BKR-300x300.jpg 300w, https:\/\/jornalfatosenoticias.com.br\/wp-content\/uploads\/2023\/08\/BKR-150x150.jpg 150w, https:\/\/jornalfatosenoticias.com.br\/wp-content\/uploads\/2023\/08\/BKR-768x766.jpg 768w, https:\/\/jornalfatosenoticias.com.br\/wp-content\/uploads\/2023\/08\/BKR.jpg 1080w\" sizes=\"auto, (max-width: 294px) 100vw, 294px\" \/><\/a><\/figure><\/div>\n\n\n\n<p><strong><span class=\"has-inline-color has-black-color\">Plateia internacional ficou pasma com a situa\u00e7\u00e3o do Brasil<br><\/span><\/strong>Nos tr\u00eas dias do f\u00f3rum aconteceram apresenta\u00e7\u00f5es sobre o apag\u00e3o da liberdade de express\u00e3o no Brasil. Os conferencistas estrangeiros expressaram choque em especial com a situa\u00e7\u00e3o da Debora Rodrigues dos Santos, presa h\u00e1 15 meses sem den\u00fancia pelo ministro Alexandre de Moraes por pichar com batom a frase \u201cperdeu, man\u00e9\u201d na est\u00e1tua que representa a Justi\u00e7a, na frente do pr\u00e9dio do Supremo Tribunal Federal, e com o caso de Cleriston Pereira da Cunha, que morreu sob cust\u00f3dia da Justi\u00e7a em novembro, apesar dos repetidos apelos de sua defesa e do Minist\u00e9rio P\u00fablico Federal por soltura em raz\u00e3o de seu estado delicado de sa\u00fade. Debora e Cleriston foram acusados no contexto dos vandalismos de 8 de janeiro de 2023.<\/p>\n\n\n\n<div class=\"wp-block-image\"><figure class=\"aligncenter size-large is-resized\"><a href=\"https:\/\/www.facebook.com\/Esteio-Churrascaria-Barbecue-103643461220402\/\"><img loading=\"lazy\" decoding=\"async\" src=\"https:\/\/jornalfatosenoticias.com.br\/wp-content\/uploads\/2020\/02\/logo_esteio.jpg\" alt=\"\" class=\"wp-image-1214\" width=\"330\" height=\"275\"\/><\/a><\/figure><\/div>\n\n\n\n<blockquote class=\"wp-block-quote is-layout-flow wp-block-quote-is-layout-flow\"><p><span class=\"has-inline-color has-luminous-vivid-orange-color\">Que caos, que situa\u00e7\u00e3o, eu n\u00e3o gostaria de estar no seu pa\u00eds\u201d, disse \u00e0 Gazeta do Povo um experiente administrador de um fundo filantr\u00f3pico. Em muitas das palestras, o Brasil foi usado como um exemplo negativo do que pode acontecer com a Am\u00e9rica do Norte ou com a Europa se a onda da censura n\u00e3o for contida.<\/span><\/p><\/blockquote>\n\n\n\n<div class=\"wp-block-image\"><figure class=\"aligncenter size-large\"><a href=\"https:\/\/www.instagram.com\/baraodascarnes.es\/\"><img decoding=\"async\" src=\"https:\/\/jornalfatosenoticias.com.br\/wp-content\/uploads\/2020\/02\/barao-das-carnes-300x164-1.jpg\" alt=\"\" class=\"wp-image-34339\"\/><\/a><\/figure><\/div>\n\n\n\n<p>S\u00f3 outro pa\u00eds foi comparado ao Brasil pela situa\u00e7\u00e3o negativa: o Canad\u00e1, no qual o governo do primeiro-ministro Justin Trudeau chegou a elaborar um projeto de lei para punir express\u00f5es consideradas ofensivas com a pris\u00e3o perp\u00e9tua. Dois conferencistas canadenses deram detalhes da supress\u00e3o de um protesto de caminhoneiros contra vacinas obrigat\u00f3rias da covid, na qual o primeiro-ministro fez uso de instrumentos de emerg\u00eancia e congelamento de contas banc\u00e1rias, e da cronologia dos acontecimentos.<\/p>\n\n\n\n<div class=\"wp-block-image\"><figure class=\"aligncenter size-large is-resized\"><img loading=\"lazy\" decoding=\"async\" src=\"https:\/\/jornalfatosenoticias.com.br\/wp-content\/uploads\/2022\/02\/Precisao-Contabilidade-1024x724.jpg\" alt=\"\" class=\"wp-image-28088\" width=\"324\" height=\"229\"\/><\/figure><\/div>\n\n\n\n<p>Um ano crucial de in\u00edcio da guinada pr\u00f3-censura no Canad\u00e1 seria 2019, por causa de um esc\u00e2ndalo dentro do governo conhecido como \u201ccontrov\u00e9rsia Wilson-Raybould\u201d, nome da ex-ministra da Justi\u00e7a e advogada-geral do Canad\u00e1 na \u00e9poca. Ela teria sido pressionada pelo governo Trudeau a ser leniente com a empreiteira SNC-Lavalin, acusada de dar propinas para autoridades da L\u00edbia entre 2001 e 2011 para assegurar contratos no pa\u00eds.<\/p>\n\n\n\n<div class=\"wp-block-image\"><figure class=\"aligncenter size-large is-resized\"><a href=\"https:\/\/www.ithbrasil.com.br\/\"><img loading=\"lazy\" decoding=\"async\" src=\"https:\/\/jornalfatosenoticias.com.br\/wp-content\/uploads\/2023\/08\/ITH.jpeg\" alt=\"\" class=\"wp-image-44638\" width=\"305\" height=\"248\" srcset=\"https:\/\/jornalfatosenoticias.com.br\/wp-content\/uploads\/2023\/08\/ITH.jpeg 800w, https:\/\/jornalfatosenoticias.com.br\/wp-content\/uploads\/2023\/08\/ITH-300x244.jpeg 300w, https:\/\/jornalfatosenoticias.com.br\/wp-content\/uploads\/2023\/08\/ITH-768x624.jpeg 768w\" sizes=\"auto, (max-width: 305px) 100vw, 305px\" \/><\/a><\/figure><\/div>\n\n\n\n<p>Outros eventos convergem para 2019. \u00c9 o mesmo ano em que o STF abriu o Inqu\u00e9rito das Fake News no Brasil, e de uma visita do empres\u00e1rio Mark Zuckerberg (dono da Meta) \u00e0 Irlanda, que coincidiu com o in\u00edcio de um projeto de lei contra \u201cdiscurso de \u00f3dio\u201d local especialmente draconiano. A Rep\u00fablica da Irlanda \u00e9 um para\u00edso fiscal para as gigantes da tecnologia, e as empresas de rede social quase todas adotaram o padr\u00e3o da intoler\u00e2ncia a \u201cdiscurso de \u00f3dio\u201d e \u201cdesinforma\u00e7\u00e3o\u201d, mesmo quando legais, antes de projetos de lei codificando-os serem propostos em v\u00e1rios pa\u00edses.<\/p>\n\n\n\n<div class=\"wp-block-image\"><figure class=\"aligncenter size-large is-resized\"><a href=\"https:\/\/www.instagram.com\/rapuzeljastro\/\"><img loading=\"lazy\" decoding=\"async\" src=\"https:\/\/jornalfatosenoticias.com.br\/wp-content\/uploads\/2020\/02\/logo-Rapuzel-1024x571.jpg\" alt=\"\" class=\"wp-image-42808\" width=\"327\" height=\"182\" srcset=\"https:\/\/jornalfatosenoticias.com.br\/wp-content\/uploads\/2020\/02\/logo-Rapuzel-1024x571.jpg 1024w, https:\/\/jornalfatosenoticias.com.br\/wp-content\/uploads\/2020\/02\/logo-Rapuzel-300x167.jpg 300w, https:\/\/jornalfatosenoticias.com.br\/wp-content\/uploads\/2020\/02\/logo-Rapuzel-768x428.jpg 768w, https:\/\/jornalfatosenoticias.com.br\/wp-content\/uploads\/2020\/02\/logo-Rapuzel-1536x856.jpg 1536w, https:\/\/jornalfatosenoticias.com.br\/wp-content\/uploads\/2020\/02\/logo-Rapuzel.jpg 1600w\" sizes=\"auto, (max-width: 327px) 100vw, 327px\" \/><\/a><\/figure><\/div>\n\n\n\n<p>O ano de 2019, propuseram alguns dos presentes, foi quando as elites intelectuais e burocr\u00e1ticas pr\u00f3-censura conseguiram come\u00e7ar a implementar suas respostas \u00e0 onda \u201cpopulista\u201d representada pelas elei\u00e7\u00f5es de Rodrigo Duterte nas Filipinas e Donald Trump nos EUA em 2016 e o referendo do Brexit no mesmo ano (quando o Reino Unido deixou a Uni\u00e3o Europeia), e de Jair Bolsonaro no Brasil em 2018.<\/p>\n\n\n\n<div class=\"wp-block-image\"><figure class=\"aligncenter size-large\"><a href=\"http:\/\/www.ferrarimaquinas.com.br\/\"><img loading=\"lazy\" decoding=\"async\" width=\"300\" height=\"250\" src=\"https:\/\/jornalfatosenoticias.com.br\/wp-content\/uploads\/2022\/02\/FERRARI_MAQUINAS-E-FERRAMENTAS2.jpg\" alt=\"\" class=\"wp-image-27860\"\/><\/a><\/figure><\/div>\n\n\n\n<p><strong><span class=\"has-inline-color has-black-color\">As t\u00e1ticas, atores e bastidores da censura est\u00e3o sendo desvendados<br><\/span><\/strong>Para Shellenberger, o atual momento \u00e9 de colher frutos de um trabalho investigativo sobre o que ele chama de \u201cComplexo Industrial da Censura\u201d desenvolvido no \u00faltimo ano a partir dos Twitter Files dos Estados Unidos. Diferentes apresenta\u00e7\u00f5es no f\u00f3rum deram detalhes de investiga\u00e7\u00f5es cujos relat\u00f3rios finais ainda est\u00e3o por vir.<\/p>\n\n\n\n<div class=\"wp-block-image\"><figure class=\"aligncenter size-large is-resized\"><a href=\"https:\/\/hotelmarquetti.com.br\/\"><img loading=\"lazy\" decoding=\"async\" src=\"https:\/\/jornalfatosenoticias.com.br\/wp-content\/uploads\/2020\/02\/nova-logo-Marquetti.jpg\" alt=\"\" class=\"wp-image-22331\" width=\"299\" height=\"200\" srcset=\"https:\/\/jornalfatosenoticias.com.br\/wp-content\/uploads\/2020\/02\/nova-logo-Marquetti.jpg 643w, https:\/\/jornalfatosenoticias.com.br\/wp-content\/uploads\/2020\/02\/nova-logo-Marquetti-300x202.jpg 300w\" sizes=\"auto, (max-width: 299px) 100vw, 299px\" \/><\/a><\/figure><\/div>\n\n\n\n<p>Um investigador especializado na Uni\u00e3o Europeia e na Organiza\u00e7\u00e3o das Na\u00e7\u00f5es Unidas apontou que o Tratado das Pandemias da Organiza\u00e7\u00e3o Mundial da Sa\u00fade, por exemplo, introduziu em seus rascunhos um chamado por \u201ccombater desinforma\u00e7\u00e3o falsa ou enganosa, inclusive pela promo\u00e7\u00e3o da coopera\u00e7\u00e3o internacional\u201d.<\/p>\n\n\n\n<div class=\"wp-block-image\"><figure class=\"aligncenter size-large is-resized\"><a href=\"https:\/\/www.instagram.com\/restaurantepegoretti\/\"><img loading=\"lazy\" decoding=\"async\" src=\"https:\/\/jornalfatosenoticias.com.br\/wp-content\/uploads\/2023\/12\/pegoretti-logo-pdf-1024x389.jpg\" alt=\"\" class=\"wp-image-47536\" width=\"459\" height=\"174\" srcset=\"https:\/\/jornalfatosenoticias.com.br\/wp-content\/uploads\/2023\/12\/pegoretti-logo-pdf-1024x389.jpg 1024w, https:\/\/jornalfatosenoticias.com.br\/wp-content\/uploads\/2023\/12\/pegoretti-logo-pdf-300x114.jpg 300w, https:\/\/jornalfatosenoticias.com.br\/wp-content\/uploads\/2023\/12\/pegoretti-logo-pdf-768x291.jpg 768w, https:\/\/jornalfatosenoticias.com.br\/wp-content\/uploads\/2023\/12\/pegoretti-logo-pdf.jpg 1120w\" sizes=\"auto, (max-width: 459px) 100vw, 459px\" \/><\/a><\/figure><\/div>\n\n\n\n<p>Para o especialista, este chamado mostra uma falta de remorso depois que muitas informa\u00e7\u00f5es verdadeiras e at\u00e9 piadas foram censuradas nas redes sociais durante a pandemia a pedido de autoridades de sa\u00fade e farmac\u00eauticas, sob o pretexto de diminuir a \u201chesita\u00e7\u00e3o vacinal\u201d, como revelaram os Twitter Files.<br>Ele tamb\u00e9m apontou a pobreza intelectual da campanha pela censura: \u201c\u00d3dio \u00e9 \u00f3dio\u201d, disse Ursula von der Leyen, presidente da Comiss\u00e3o Europeia, ao tentar justificar o uso dos termos vagos para restringir a express\u00e3o dos europeus. <\/p>\n\n\n\n<div class=\"wp-block-image\"><figure class=\"aligncenter size-large is-resized\"><a href=\"ttps:\/\/www.controlsystems.com.br\/\"><img loading=\"lazy\" decoding=\"async\" src=\"https:\/\/jornalfatosenoticias.com.br\/wp-content\/uploads\/2020\/02\/CONTROL-CS.jpg\" alt=\"\" class=\"wp-image-44991\" width=\"291\" height=\"348\" srcset=\"https:\/\/jornalfatosenoticias.com.br\/wp-content\/uploads\/2020\/02\/CONTROL-CS.jpg 834w, https:\/\/jornalfatosenoticias.com.br\/wp-content\/uploads\/2020\/02\/CONTROL-CS-250x300.jpg 250w, https:\/\/jornalfatosenoticias.com.br\/wp-content\/uploads\/2020\/02\/CONTROL-CS-768x921.jpg 768w\" sizes=\"auto, (max-width: 291px) 100vw, 291px\" \/><\/a><\/figure><\/div>\n\n\n\n<p>O palestrante opinou que os eleitores da Uni\u00e3o Europeia t\u00eam muito pouco poder sobre a Comiss\u00e3o, que atua como um poder executivo transnacional, sobre o qual o Parlamento Europeu, eleito com seus votos, teria uma influ\u00eancia limitada.<br>Um dos palestrantes atuou na modera\u00e7\u00e3o de conte\u00fado do Facebook. Ele afirma que nos \u00faltimos anos a modera\u00e7\u00e3o resvalou para a censura, com prefer\u00eancia pela supress\u00e3o de conte\u00fado de direita. Um dos problemas \u00e9 que a Meta, empresa-m\u00e3e da rede social, al\u00e9m do Instagram e WhatsApp,<em> \u201cdepende de acad\u00eamicos\u201d para formular suas pol\u00edticas. O conte\u00fado acad\u00eamico a respeito da express\u00e3o e seus limites \u00e9 \u201csobrecarregado por um lado\u201d, a esquerda, enquanto \u201cn\u00e3o h\u00e1 o suficiente do outro lado\u201d, disse o ex-censor do Facebook.<\/em><\/p>\n\n\n\n<div class=\"wp-block-image\"><figure class=\"aligncenter size-large is-resized\"><a href=\"https:\/\/www.facebook.com\/vetor.vix\/\"><img loading=\"lazy\" decoding=\"async\" src=\"https:\/\/jornalfatosenoticias.com.br\/wp-content\/uploads\/2023\/09\/vetorvix1024_1.jpg\" alt=\"\" class=\"wp-image-44868\" width=\"516\" height=\"137\" srcset=\"https:\/\/jornalfatosenoticias.com.br\/wp-content\/uploads\/2023\/09\/vetorvix1024_1.jpg 1024w, https:\/\/jornalfatosenoticias.com.br\/wp-content\/uploads\/2023\/09\/vetorvix1024_1-300x80.jpg 300w, https:\/\/jornalfatosenoticias.com.br\/wp-content\/uploads\/2023\/09\/vetorvix1024_1-768x205.jpg 768w\" sizes=\"auto, (max-width: 516px) 100vw, 516px\" \/><\/a><\/figure><\/div>\n\n\n\n<p><strong><span class=\"has-inline-color has-black-color\">Intelig\u00eancia americana estaria por tr\u00e1s da onda pr\u00f3-censura<br><\/span><\/strong>Para outro investigador que palestrou no F\u00f3rum de Westminster, a onda da censura representa uma mudan\u00e7a de foco de uma parceria das intelig\u00eancias americana e brit\u00e2nica que vem desde 1948, quando voltaram para o jogo de influ\u00eancia (soft power) o seu poderio de guerra pol\u00edtica. \u201cDe tanques para tweets\u201d, como disse em 2019 o secret\u00e1rio-geral da Otan, Jen Stoltenberg.<\/p>\n\n\n\n<div class=\"wp-block-image\"><figure class=\"aligncenter size-large\"><a href=\"https:\/\/cesconetto.com.br\/\"><img loading=\"lazy\" decoding=\"async\" width=\"300\" height=\"250\" src=\"https:\/\/jornalfatosenoticias.com.br\/wp-content\/uploads\/2020\/02\/Banner-2.png\" alt=\"\" class=\"wp-image-43787\"\/><\/a><\/figure><\/div>\n\n\n\n<p>O palestrante acredita que a intelig\u00eancia americana era favor\u00e1vel \u00e0 liberdade de express\u00e3o quando estimulou a Primavera \u00c1rabe em 2010, o que ele descreve como \u201cauge da diplomacia da livre express\u00e3o\u201d. Ele v\u00ea uma guinada pr\u00f3-censura na pol\u00edtica externa de bastidores n\u00e3o exatamente na onda populista a partir de 2016, mas antes, quando a R\u00fassia invadiu a Crimeia em 2014. A Otan teria decidido ent\u00e3o \u201cacrescentar a censura ao seu arsenal de guerra\u201d com uma doutrina de \u201cguerra h\u00edbrida\u201d, afirma.<\/p>\n\n\n\n<div class=\"wp-block-image\"><figure class=\"aligncenter size-large is-resized\"><a href=\"https:\/\/panper.com.br\/\"><img loading=\"lazy\" decoding=\"async\" src=\"https:\/\/jornalfatosenoticias.com.br\/wp-content\/uploads\/2023\/03\/logo-Panper_portal.jpg\" alt=\"\" class=\"wp-image-40208\" width=\"336\" height=\"233\" srcset=\"https:\/\/jornalfatosenoticias.com.br\/wp-content\/uploads\/2023\/03\/logo-Panper_portal.jpg 400w, https:\/\/jornalfatosenoticias.com.br\/wp-content\/uploads\/2023\/03\/logo-Panper_portal-300x208.jpg 300w\" sizes=\"auto, (max-width: 336px) 100vw, 336px\" \/><\/a><\/figure><\/div>\n\n\n\n<p>Outros presentes, embora n\u00e3o neguem que a intelig\u00eancia americana possa estar influenciando at\u00e9 Alexandre de Moraes no Brasil a endurecer a censura, pensam que a onda autorit\u00e1ria se explica melhor por um crescimento org\u00e2nico dessa demanda desde que muitos indiv\u00edduos ganharam voz com a Internet e as redes sociais. \u201c\u00c9 preciso cuidado com a mentalidade conspirat\u00f3ria\u201d, aconselhou uma participante brit\u00e2nica.<\/p>\n\n\n\n<div class=\"wp-block-image\"><figure class=\"aligncenter size-large is-resized\"><a href=\"https:\/\/www.facebook.com\/postobkr\/?locale=pt_BR\"><img loading=\"lazy\" decoding=\"async\" src=\"https:\/\/jornalfatosenoticias.com.br\/wp-content\/uploads\/2023\/08\/BKR-1024x1021.jpg\" alt=\"\" class=\"wp-image-44494\" width=\"287\" height=\"286\" srcset=\"https:\/\/jornalfatosenoticias.com.br\/wp-content\/uploads\/2023\/08\/BKR-1024x1021.jpg 1024w, https:\/\/jornalfatosenoticias.com.br\/wp-content\/uploads\/2023\/08\/BKR-300x300.jpg 300w, https:\/\/jornalfatosenoticias.com.br\/wp-content\/uploads\/2023\/08\/BKR-150x150.jpg 150w, https:\/\/jornalfatosenoticias.com.br\/wp-content\/uploads\/2023\/08\/BKR-768x766.jpg 768w, https:\/\/jornalfatosenoticias.com.br\/wp-content\/uploads\/2023\/08\/BKR.jpg 1080w\" sizes=\"auto, (max-width: 287px) 100vw, 287px\" \/><\/a><\/figure><\/div>\n\n\n\n<p>Mas o investigador da guerra de informa\u00e7\u00e3o respondeu que as duas for\u00e7as (intelig\u00eancia e cultura) n\u00e3o s\u00e3o mutuamente excludentes, e que a comunidade de intelig\u00eancia cont\u00e9m diversidade de opini\u00e3o, com rusgas internas a respeito da sabedoria da press\u00e3o para censurar \u201cdiscurso de \u00f3dio\u201d e \u201cdesinforma\u00e7\u00e3o\u201d.<br>O palestrante exibiu um infogr\u00e1fico ligando a CIA e supostas empresas de fachada por ela influenciadas, inclusive atores brasileiros, que fariam uma rede de influ\u00eancia em torno de Alexandre de Moraes e seu n\u00facleo de combate \u00e0 desinforma\u00e7\u00e3o no TSE. O Departamento de Estado e de Justi\u00e7a dos EUA fariam parte da rede.<\/p>\n\n\n\n<div class=\"wp-block-image\"><figure class=\"aligncenter size-large is-resized\"><a href=\"https:\/\/www.facebook.com\/Esteio-Churrascaria-Barbecue-103643461220402\/\"><img loading=\"lazy\" decoding=\"async\" src=\"https:\/\/jornalfatosenoticias.com.br\/wp-content\/uploads\/2020\/02\/logo_esteio.jpg\" alt=\"\" class=\"wp-image-1214\" width=\"317\" height=\"264\"\/><\/a><\/figure><\/div>\n\n\n\n<p>Para o investigador, a rede de oficiais americanos participou at\u00e9 da resposta ao empres\u00e1rio Elon Musk quando, ap\u00f3s ler as informa\u00e7\u00f5es reveladas pelos Twitter Files Brasil, ele perguntou em abril a Alexandre de Moraes por que motivo ele \u201cexigia tanta censura no Brasil\u201d. O investigador est\u00e1 produzindo um relat\u00f3rio que ser\u00e1 divulgado no m\u00eas que vem, quando revelar\u00e1 como funciona essa suposta rede de influ\u00eancia externa em torno de Alexandre de Moraes.<\/p>\n\n\n\n<div class=\"wp-block-image\"><figure class=\"aligncenter size-large\"><a href=\"https:\/\/www.instagram.com\/baraodascarnes.es\/\"><img decoding=\"async\" src=\"https:\/\/jornalfatosenoticias.com.br\/wp-content\/uploads\/2020\/02\/barao-das-carnes-300x164-1.jpg\" alt=\"\" class=\"wp-image-34339\"\/><\/a><\/figure><\/div>\n\n\n\n<p><strong><span class=\"has-inline-color has-black-color\">De onde veio o F\u00f3rum e quais foram suas regras<br><\/span><\/strong>O evento marcou um ano desde a reuni\u00e3o que culminou na publica\u00e7\u00e3o da Declara\u00e7\u00e3o de Westminster, de outubro passado, que acusou o Supremo Tribunal Federal (STF) de \u201ccriminalizar o discurso pol\u00edtico\u201d. Entre os signat\u00e1rios estavam Jordan Peterson, Slavoj \u017di\u017eek, Ayaan Hirsi Ali, Niall Ferguson, John Cleese, Steven Pinker, Julian Assange, Edward Snowden, Glenn Greenwald, Ana Paula Henkel e Leandro Narloch.<\/p>\n\n\n\n<div class=\"wp-block-image\"><figure class=\"aligncenter size-large is-resized\"><img loading=\"lazy\" decoding=\"async\" src=\"https:\/\/jornalfatosenoticias.com.br\/wp-content\/uploads\/2022\/02\/Precisao-Contabilidade-1024x724.jpg\" alt=\"\" class=\"wp-image-28088\" width=\"324\" height=\"229\"\/><\/figure><\/div>\n\n\n\n<p>Os signat\u00e1rios da declara\u00e7\u00e3o, contudo, n\u00e3o coincidem exatamente com a lista dos presentes no F\u00f3rum. O presente texto respeita a regra \u201cChatham House\u201d do evento, estabelecida em 1927 pelo think tank de pol\u00edtica internacional de mesmo nome, que abre as declara\u00e7\u00f5es feitas para uso, mas mant\u00e9m o anonimato de seus autores.<\/p>\n\n\n\n<div class=\"wp-block-image\"><figure class=\"aligncenter size-large is-resized\"><a href=\"https:\/\/www.ithbrasil.com.br\/\"><img loading=\"lazy\" decoding=\"async\" src=\"https:\/\/jornalfatosenoticias.com.br\/wp-content\/uploads\/2023\/08\/ITH.jpeg\" alt=\"\" class=\"wp-image-44638\" width=\"305\" height=\"248\" srcset=\"https:\/\/jornalfatosenoticias.com.br\/wp-content\/uploads\/2023\/08\/ITH.jpeg 800w, https:\/\/jornalfatosenoticias.com.br\/wp-content\/uploads\/2023\/08\/ITH-300x244.jpeg 300w, https:\/\/jornalfatosenoticias.com.br\/wp-content\/uploads\/2023\/08\/ITH-768x624.jpeg 768w\" sizes=\"auto, (max-width: 305px) 100vw, 305px\" \/><\/a><\/figure><\/div>\n\n\n\n<p><strong><em>Fonte: <a href=\"https:\/\/www.gazetadopovo.com.br\/ideias\/liberdade-de-expressao-encontro-em-londres-denuncia-maquina-censura-internacional-inclusive-no-brasil\/\">Gazeta do Povo<\/a><\/em><\/strong><\/p>\n","protected":false},"excerpt":{"rendered":"<p>Westminster: regi\u00e3o de Londres onde fica o rel\u00f3gio \u201cBig Ben\u201d de torre do Parlamento recebeu em junho de 2024 o primeiro F\u00f3rum da Liberdade de Express\u00e3o de Westminster, em que a situa\u00e7\u00e3o do Brasil foi amplamente discutida Por Eli Vieira Viola\u00e7\u00f5es \u00e0 liberdade de express\u00e3o no Brasil e no mundo foram discutidas na capital brit\u00e2nica. [&hellip;]<\/p>\n","protected":false},"author":2,"featured_media":52272,"comment_status":"open","ping_status":"open","sticky":false,"template":"","format":"standard","meta":{"footnotes":""},"categories":[41],"tags":[18055,13889,23907,597,22016,2668,2149,23909,23908,23844,159,125,922,732,23021,16935,5047,23906,23082,89,13462,330,23630,1563,2834,294,1514,23444,497],"class_list":["post-52271","post","type-post","status-publish","format-standard","has-post-thumbnail","hentry","category-internacional","tag-8-de-janeiro","tag-alexandre-de-moraes","tag-ana-paula-henkel","tag-brasil","tag-brexit","tag-canada","tag-censura","tag-cia","tag-combate-a-desinformacao","tag-desinformacao","tag-eua","tag-europa","tag-facebook","tag-fake-news","tag-jornalistas","tag-liberdade-de-expressao","tag-londres","tag-mark-zuckerberg","tag-meta","tag-oms","tag-otan","tag-pandemia","tag-rede-social","tag-redes-sociais","tag-reino-unido","tag-stf","tag-tse","tag-twitter-files","tag-uniao-europeia"],"yoast_head":"<!-- This site is optimized with the Yoast SEO plugin v26.5 - https:\/\/yoast.com\/wordpress\/plugins\/seo\/ -->\n<title>Encontro em Londres denuncia m\u00e1quina de censura internacional, inclusive no Brasil - Jornal Fatos e Not\u00edcias<\/title>\n<meta name=\"robots\" content=\"index, follow, max-snippet:-1, max-image-preview:large, max-video-preview:-1\" \/>\n<link rel=\"canonical\" href=\"https:\/\/jornalfatosenoticias.com.br\/index.php\/2024\/06\/26\/encontro-em-londres-denuncia-maquina-de-censura-internacional-inclusive-no-brasil\/\" \/>\n<meta property=\"og:locale\" content=\"pt_BR\" \/>\n<meta property=\"og:type\" content=\"article\" \/>\n<meta property=\"og:title\" content=\"Encontro em Londres denuncia m\u00e1quina de censura internacional, inclusive no Brasil - Jornal Fatos e Not\u00edcias\" \/>\n<meta property=\"og:description\" content=\"Westminster: regi\u00e3o de Londres onde fica o rel\u00f3gio \u201cBig Ben\u201d de torre do Parlamento recebeu em junho de 2024 o primeiro F\u00f3rum da Liberdade de Express\u00e3o de Westminster, em que a situa\u00e7\u00e3o do Brasil foi amplamente discutida Por Eli Vieira Viola\u00e7\u00f5es \u00e0 liberdade de express\u00e3o no Brasil e no mundo foram discutidas na capital brit\u00e2nica. [&hellip;]\" \/>\n<meta property=\"og:url\" content=\"https:\/\/jornalfatosenoticias.com.br\/index.php\/2024\/06\/26\/encontro-em-londres-denuncia-maquina-de-censura-internacional-inclusive-no-brasil\/\" \/>\n<meta property=\"og:site_name\" content=\"Jornal Fatos e Not\u00edcias\" \/>\n<meta property=\"article:published_time\" content=\"2024-06-26T17:52:19+00:00\" \/>\n<meta property=\"article:modified_time\" content=\"2024-06-26T17:52:22+00:00\" \/>\n<meta property=\"og:image\" content=\"https:\/\/jornalfatosenoticias.com.br\/wp-content\/uploads\/2024\/06\/big-ben_gettyimages.jpg\" \/>\n\t<meta property=\"og:image:width\" content=\"612\" \/>\n\t<meta property=\"og:image:height\" content=\"416\" \/>\n\t<meta property=\"og:image:type\" content=\"image\/jpeg\" \/>\n<meta name=\"author\" content=\"Luzimara Fernandes\" \/>\n<meta name=\"twitter:card\" content=\"summary_large_image\" \/>\n<meta name=\"twitter:label1\" content=\"Escrito por\" \/>\n\t<meta name=\"twitter:data1\" content=\"Luzimara Fernandes\" \/>\n\t<meta name=\"twitter:label2\" content=\"Est. tempo de leitura\" \/>\n\t<meta name=\"twitter:data2\" content=\"8 minutos\" \/>\n<script type=\"application\/ld+json\" class=\"yoast-schema-graph\">{\"@context\":\"https:\/\/schema.org\",\"@graph\":[{\"@type\":\"Article\",\"@id\":\"https:\/\/jornalfatosenoticias.com.br\/index.php\/2024\/06\/26\/encontro-em-londres-denuncia-maquina-de-censura-internacional-inclusive-no-brasil\/#article\",\"isPartOf\":{\"@id\":\"https:\/\/jornalfatosenoticias.com.br\/index.php\/2024\/06\/26\/encontro-em-londres-denuncia-maquina-de-censura-internacional-inclusive-no-brasil\/\"},\"author\":{\"name\":\"Luzimara Fernandes\",\"@id\":\"https:\/\/jornalfatosenoticias.com.br\/#\/schema\/person\/d63837fa13ac8666eb9e74e0985d6f81\"},\"headline\":\"Encontro em Londres denuncia m\u00e1quina de censura internacional, inclusive no Brasil\",\"datePublished\":\"2024-06-26T17:52:19+00:00\",\"dateModified\":\"2024-06-26T17:52:22+00:00\",\"mainEntityOfPage\":{\"@id\":\"https:\/\/jornalfatosenoticias.com.br\/index.php\/2024\/06\/26\/encontro-em-londres-denuncia-maquina-de-censura-internacional-inclusive-no-brasil\/\"},\"wordCount\":1639,\"commentCount\":0,\"publisher\":{\"@id\":\"https:\/\/jornalfatosenoticias.com.br\/#organization\"},\"image\":{\"@id\":\"https:\/\/jornalfatosenoticias.com.br\/index.php\/2024\/06\/26\/encontro-em-londres-denuncia-maquina-de-censura-internacional-inclusive-no-brasil\/#primaryimage\"},\"thumbnailUrl\":\"https:\/\/jornalfatosenoticias.com.br\/wp-content\/uploads\/2024\/06\/big-ben_gettyimages.jpg\",\"keywords\":[\"8 de janeiro\",\"Alexandre de Moraes\",\"Ana Paula Henkel\",\"Brasil\",\"Brexit\",\"Canad\u00e1\",\"censura\",\"CIA\",\"combate \u00e0 desinforma\u00e7\u00e3o\",\"desinforma\u00e7\u00e3o\",\"EUA\",\"Europa\",\"Facebook\",\"fake news\",\"jornalistas\",\"liberdade de express\u00e3o\",\"Londres\",\"Mark Zuckerberg\",\"meta\",\"oms\",\"Otan\",\"pandemia\",\"rede social\",\"redes sociais\",\"Reino Unido\",\"STF\",\"TSE\",\"Twitter Files\",\"Uni\u00e3o Europeia\"],\"articleSection\":[\"Internacional\"],\"inLanguage\":\"pt-BR\",\"potentialAction\":[{\"@type\":\"CommentAction\",\"name\":\"Comment\",\"target\":[\"https:\/\/jornalfatosenoticias.com.br\/index.php\/2024\/06\/26\/encontro-em-londres-denuncia-maquina-de-censura-internacional-inclusive-no-brasil\/#respond\"]}]},{\"@type\":\"WebPage\",\"@id\":\"https:\/\/jornalfatosenoticias.com.br\/index.php\/2024\/06\/26\/encontro-em-londres-denuncia-maquina-de-censura-internacional-inclusive-no-brasil\/\",\"url\":\"https:\/\/jornalfatosenoticias.com.br\/index.php\/2024\/06\/26\/encontro-em-londres-denuncia-maquina-de-censura-internacional-inclusive-no-brasil\/\",\"name\":\"Encontro em Londres denuncia m\u00e1quina de censura internacional, inclusive no Brasil - Jornal Fatos e Not\u00edcias\",\"isPartOf\":{\"@id\":\"https:\/\/jornalfatosenoticias.com.br\/#website\"},\"primaryImageOfPage\":{\"@id\":\"https:\/\/jornalfatosenoticias.com.br\/index.php\/2024\/06\/26\/encontro-em-londres-denuncia-maquina-de-censura-internacional-inclusive-no-brasil\/#primaryimage\"},\"image\":{\"@id\":\"https:\/\/jornalfatosenoticias.com.br\/index.php\/2024\/06\/26\/encontro-em-londres-denuncia-maquina-de-censura-internacional-inclusive-no-brasil\/#primaryimage\"},\"thumbnailUrl\":\"https:\/\/jornalfatosenoticias.com.br\/wp-content\/uploads\/2024\/06\/big-ben_gettyimages.jpg\",\"datePublished\":\"2024-06-26T17:52:19+00:00\",\"dateModified\":\"2024-06-26T17:52:22+00:00\",\"breadcrumb\":{\"@id\":\"https:\/\/jornalfatosenoticias.com.br\/index.php\/2024\/06\/26\/encontro-em-londres-denuncia-maquina-de-censura-internacional-inclusive-no-brasil\/#breadcrumb\"},\"inLanguage\":\"pt-BR\",\"potentialAction\":[{\"@type\":\"ReadAction\",\"target\":[\"https:\/\/jornalfatosenoticias.com.br\/index.php\/2024\/06\/26\/encontro-em-londres-denuncia-maquina-de-censura-internacional-inclusive-no-brasil\/\"]}]},{\"@type\":\"ImageObject\",\"inLanguage\":\"pt-BR\",\"@id\":\"https:\/\/jornalfatosenoticias.com.br\/index.php\/2024\/06\/26\/encontro-em-londres-denuncia-maquina-de-censura-internacional-inclusive-no-brasil\/#primaryimage\",\"url\":\"https:\/\/jornalfatosenoticias.com.br\/wp-content\/uploads\/2024\/06\/big-ben_gettyimages.jpg\",\"contentUrl\":\"https:\/\/jornalfatosenoticias.com.br\/wp-content\/uploads\/2024\/06\/big-ben_gettyimages.jpg\",\"width\":612,\"height\":416,\"caption\":\"UK London Big Ben and Westminster bridge viewed over the river Thames stormy Skies\"},{\"@type\":\"BreadcrumbList\",\"@id\":\"https:\/\/jornalfatosenoticias.com.br\/index.php\/2024\/06\/26\/encontro-em-londres-denuncia-maquina-de-censura-internacional-inclusive-no-brasil\/#breadcrumb\",\"itemListElement\":[{\"@type\":\"ListItem\",\"position\":1,\"name\":\"In\u00edcio\",\"item\":\"https:\/\/jornalfatosenoticias.com.br\/\"},{\"@type\":\"ListItem\",\"position\":2,\"name\":\"Encontro em Londres denuncia m\u00e1quina de censura internacional, inclusive no Brasil\"}]},{\"@type\":\"WebSite\",\"@id\":\"https:\/\/jornalfatosenoticias.com.br\/#website\",\"url\":\"https:\/\/jornalfatosenoticias.com.br\/\",\"name\":\"Jornal Fatos e Not\u00edcias\",\"description\":\"Not\u00edcias em geral\",\"publisher\":{\"@id\":\"https:\/\/jornalfatosenoticias.com.br\/#organization\"},\"potentialAction\":[{\"@type\":\"SearchAction\",\"target\":{\"@type\":\"EntryPoint\",\"urlTemplate\":\"https:\/\/jornalfatosenoticias.com.br\/?s={search_term_string}\"},\"query-input\":{\"@type\":\"PropertyValueSpecification\",\"valueRequired\":true,\"valueName\":\"search_term_string\"}}],\"inLanguage\":\"pt-BR\"},{\"@type\":\"Organization\",\"@id\":\"https:\/\/jornalfatosenoticias.com.br\/#organization\",\"name\":\"Jornal Fatos e Not\u00edcias\",\"url\":\"https:\/\/jornalfatosenoticias.com.br\/\",\"logo\":{\"@type\":\"ImageObject\",\"inLanguage\":\"pt-BR\",\"@id\":\"https:\/\/jornalfatosenoticias.com.br\/#\/schema\/logo\/image\/\",\"url\":\"https:\/\/jornalfatosenoticias.com.br\/wp-content\/uploads\/2020\/02\/logo120.png\",\"contentUrl\":\"https:\/\/jornalfatosenoticias.com.br\/wp-content\/uploads\/2020\/02\/logo120.png\",\"width\":1227,\"height\":120,\"caption\":\"Jornal Fatos e Not\u00edcias\"},\"image\":{\"@id\":\"https:\/\/jornalfatosenoticias.com.br\/#\/schema\/logo\/image\/\"}},{\"@type\":\"Person\",\"@id\":\"https:\/\/jornalfatosenoticias.com.br\/#\/schema\/person\/d63837fa13ac8666eb9e74e0985d6f81\",\"name\":\"Luzimara Fernandes\",\"image\":{\"@type\":\"ImageObject\",\"inLanguage\":\"pt-BR\",\"@id\":\"https:\/\/jornalfatosenoticias.com.br\/#\/schema\/person\/image\/\",\"url\":\"https:\/\/jornalfatosenoticias.com.br\/wp-content\/uploads\/2025\/05\/EU_portal.jpg\",\"contentUrl\":\"https:\/\/jornalfatosenoticias.com.br\/wp-content\/uploads\/2025\/05\/EU_portal.jpg\",\"caption\":\"Luzimara Fernandes\"},\"description\":\"Jornalista MTB 2358-ES\",\"sameAs\":[\"https:\/\/jornalfatosenoticias.com.br\"],\"url\":\"https:\/\/jornalfatosenoticias.com.br\/index.php\/author\/luzimara\/\"}]}<\/script>\n<!-- \/ Yoast SEO plugin. -->","yoast_head_json":{"title":"Encontro em Londres denuncia m\u00e1quina de censura internacional, inclusive no Brasil - Jornal Fatos e Not\u00edcias","robots":{"index":"index","follow":"follow","max-snippet":"max-snippet:-1","max-image-preview":"max-image-preview:large","max-video-preview":"max-video-preview:-1"},"canonical":"https:\/\/jornalfatosenoticias.com.br\/index.php\/2024\/06\/26\/encontro-em-londres-denuncia-maquina-de-censura-internacional-inclusive-no-brasil\/","og_locale":"pt_BR","og_type":"article","og_title":"Encontro em Londres denuncia m\u00e1quina de censura internacional, inclusive no Brasil - Jornal Fatos e Not\u00edcias","og_description":"Westminster: regi\u00e3o de Londres onde fica o rel\u00f3gio \u201cBig Ben\u201d de torre do Parlamento recebeu em junho de 2024 o primeiro F\u00f3rum da Liberdade de Express\u00e3o de Westminster, em que a situa\u00e7\u00e3o do Brasil foi amplamente discutida Por Eli Vieira Viola\u00e7\u00f5es \u00e0 liberdade de express\u00e3o no Brasil e no mundo foram discutidas na capital brit\u00e2nica. [&hellip;]","og_url":"https:\/\/jornalfatosenoticias.com.br\/index.php\/2024\/06\/26\/encontro-em-londres-denuncia-maquina-de-censura-internacional-inclusive-no-brasil\/","og_site_name":"Jornal Fatos e Not\u00edcias","article_published_time":"2024-06-26T17:52:19+00:00","article_modified_time":"2024-06-26T17:52:22+00:00","og_image":[{"width":612,"height":416,"url":"https:\/\/jornalfatosenoticias.com.br\/wp-content\/uploads\/2024\/06\/big-ben_gettyimages.jpg","type":"image\/jpeg"}],"author":"Luzimara Fernandes","twitter_card":"summary_large_image","twitter_misc":{"Escrito por":"Luzimara Fernandes","Est. tempo de leitura":"8 minutos"},"schema":{"@context":"https:\/\/schema.org","@graph":[{"@type":"Article","@id":"https:\/\/jornalfatosenoticias.com.br\/index.php\/2024\/06\/26\/encontro-em-londres-denuncia-maquina-de-censura-internacional-inclusive-no-brasil\/#article","isPartOf":{"@id":"https:\/\/jornalfatosenoticias.com.br\/index.php\/2024\/06\/26\/encontro-em-londres-denuncia-maquina-de-censura-internacional-inclusive-no-brasil\/"},"author":{"name":"Luzimara Fernandes","@id":"https:\/\/jornalfatosenoticias.com.br\/#\/schema\/person\/d63837fa13ac8666eb9e74e0985d6f81"},"headline":"Encontro em Londres denuncia m\u00e1quina de censura internacional, inclusive no Brasil","datePublished":"2024-06-26T17:52:19+00:00","dateModified":"2024-06-26T17:52:22+00:00","mainEntityOfPage":{"@id":"https:\/\/jornalfatosenoticias.com.br\/index.php\/2024\/06\/26\/encontro-em-londres-denuncia-maquina-de-censura-internacional-inclusive-no-brasil\/"},"wordCount":1639,"commentCount":0,"publisher":{"@id":"https:\/\/jornalfatosenoticias.com.br\/#organization"},"image":{"@id":"https:\/\/jornalfatosenoticias.com.br\/index.php\/2024\/06\/26\/encontro-em-londres-denuncia-maquina-de-censura-internacional-inclusive-no-brasil\/#primaryimage"},"thumbnailUrl":"https:\/\/jornalfatosenoticias.com.br\/wp-content\/uploads\/2024\/06\/big-ben_gettyimages.jpg","keywords":["8 de janeiro","Alexandre de Moraes","Ana Paula Henkel","Brasil","Brexit","Canad\u00e1","censura","CIA","combate \u00e0 desinforma\u00e7\u00e3o","desinforma\u00e7\u00e3o","EUA","Europa","Facebook","fake news","jornalistas","liberdade de express\u00e3o","Londres","Mark Zuckerberg","meta","oms","Otan","pandemia","rede social","redes sociais","Reino Unido","STF","TSE","Twitter Files","Uni\u00e3o Europeia"],"articleSection":["Internacional"],"inLanguage":"pt-BR","potentialAction":[{"@type":"CommentAction","name":"Comment","target":["https:\/\/jornalfatosenoticias.com.br\/index.php\/2024\/06\/26\/encontro-em-londres-denuncia-maquina-de-censura-internacional-inclusive-no-brasil\/#respond"]}]},{"@type":"WebPage","@id":"https:\/\/jornalfatosenoticias.com.br\/index.php\/2024\/06\/26\/encontro-em-londres-denuncia-maquina-de-censura-internacional-inclusive-no-brasil\/","url":"https:\/\/jornalfatosenoticias.com.br\/index.php\/2024\/06\/26\/encontro-em-londres-denuncia-maquina-de-censura-internacional-inclusive-no-brasil\/","name":"Encontro em Londres denuncia m\u00e1quina de censura internacional, inclusive no Brasil - Jornal Fatos e Not\u00edcias","isPartOf":{"@id":"https:\/\/jornalfatosenoticias.com.br\/#website"},"primaryImageOfPage":{"@id":"https:\/\/jornalfatosenoticias.com.br\/index.php\/2024\/06\/26\/encontro-em-londres-denuncia-maquina-de-censura-internacional-inclusive-no-brasil\/#primaryimage"},"image":{"@id":"https:\/\/jornalfatosenoticias.com.br\/index.php\/2024\/06\/26\/encontro-em-londres-denuncia-maquina-de-censura-internacional-inclusive-no-brasil\/#primaryimage"},"thumbnailUrl":"https:\/\/jornalfatosenoticias.com.br\/wp-content\/uploads\/2024\/06\/big-ben_gettyimages.jpg","datePublished":"2024-06-26T17:52:19+00:00","dateModified":"2024-06-26T17:52:22+00:00","breadcrumb":{"@id":"https:\/\/jornalfatosenoticias.com.br\/index.php\/2024\/06\/26\/encontro-em-londres-denuncia-maquina-de-censura-internacional-inclusive-no-brasil\/#breadcrumb"},"inLanguage":"pt-BR","potentialAction":[{"@type":"ReadAction","target":["https:\/\/jornalfatosenoticias.com.br\/index.php\/2024\/06\/26\/encontro-em-londres-denuncia-maquina-de-censura-internacional-inclusive-no-brasil\/"]}]},{"@type":"ImageObject","inLanguage":"pt-BR","@id":"https:\/\/jornalfatosenoticias.com.br\/index.php\/2024\/06\/26\/encontro-em-londres-denuncia-maquina-de-censura-internacional-inclusive-no-brasil\/#primaryimage","url":"https:\/\/jornalfatosenoticias.com.br\/wp-content\/uploads\/2024\/06\/big-ben_gettyimages.jpg","contentUrl":"https:\/\/jornalfatosenoticias.com.br\/wp-content\/uploads\/2024\/06\/big-ben_gettyimages.jpg","width":612,"height":416,"caption":"UK London Big Ben and Westminster bridge viewed over the river Thames stormy Skies"},{"@type":"BreadcrumbList","@id":"https:\/\/jornalfatosenoticias.com.br\/index.php\/2024\/06\/26\/encontro-em-londres-denuncia-maquina-de-censura-internacional-inclusive-no-brasil\/#breadcrumb","itemListElement":[{"@type":"ListItem","position":1,"name":"In\u00edcio","item":"https:\/\/jornalfatosenoticias.com.br\/"},{"@type":"ListItem","position":2,"name":"Encontro em Londres denuncia m\u00e1quina de censura internacional, inclusive no Brasil"}]},{"@type":"WebSite","@id":"https:\/\/jornalfatosenoticias.com.br\/#website","url":"https:\/\/jornalfatosenoticias.com.br\/","name":"Jornal Fatos e Not\u00edcias","description":"Not\u00edcias em geral","publisher":{"@id":"https:\/\/jornalfatosenoticias.com.br\/#organization"},"potentialAction":[{"@type":"SearchAction","target":{"@type":"EntryPoint","urlTemplate":"https:\/\/jornalfatosenoticias.com.br\/?s={search_term_string}"},"query-input":{"@type":"PropertyValueSpecification","valueRequired":true,"valueName":"search_term_string"}}],"inLanguage":"pt-BR"},{"@type":"Organization","@id":"https:\/\/jornalfatosenoticias.com.br\/#organization","name":"Jornal Fatos e Not\u00edcias","url":"https:\/\/jornalfatosenoticias.com.br\/","logo":{"@type":"ImageObject","inLanguage":"pt-BR","@id":"https:\/\/jornalfatosenoticias.com.br\/#\/schema\/logo\/image\/","url":"https:\/\/jornalfatosenoticias.com.br\/wp-content\/uploads\/2020\/02\/logo120.png","contentUrl":"https:\/\/jornalfatosenoticias.com.br\/wp-content\/uploads\/2020\/02\/logo120.png","width":1227,"height":120,"caption":"Jornal Fatos e Not\u00edcias"},"image":{"@id":"https:\/\/jornalfatosenoticias.com.br\/#\/schema\/logo\/image\/"}},{"@type":"Person","@id":"https:\/\/jornalfatosenoticias.com.br\/#\/schema\/person\/d63837fa13ac8666eb9e74e0985d6f81","name":"Luzimara Fernandes","image":{"@type":"ImageObject","inLanguage":"pt-BR","@id":"https:\/\/jornalfatosenoticias.com.br\/#\/schema\/person\/image\/","url":"https:\/\/jornalfatosenoticias.com.br\/wp-content\/uploads\/2025\/05\/EU_portal.jpg","contentUrl":"https:\/\/jornalfatosenoticias.com.br\/wp-content\/uploads\/2025\/05\/EU_portal.jpg","caption":"Luzimara Fernandes"},"description":"Jornalista MTB 2358-ES","sameAs":["https:\/\/jornalfatosenoticias.com.br"],"url":"https:\/\/jornalfatosenoticias.com.br\/index.php\/author\/luzimara\/"}]}},"cc_featured_image_caption":{"caption_text":"(Foto: Getty Images)","source_text":"","source_url":""},"jetpack_featured_media_url":"https:\/\/jornalfatosenoticias.com.br\/wp-content\/uploads\/2024\/06\/big-ben_gettyimages.jpg","_links":{"self":[{"href":"https:\/\/jornalfatosenoticias.com.br\/index.php\/wp-json\/wp\/v2\/posts\/52271","targetHints":{"allow":["GET"]}}],"collection":[{"href":"https:\/\/jornalfatosenoticias.com.br\/index.php\/wp-json\/wp\/v2\/posts"}],"about":[{"href":"https:\/\/jornalfatosenoticias.com.br\/index.php\/wp-json\/wp\/v2\/types\/post"}],"author":[{"embeddable":true,"href":"https:\/\/jornalfatosenoticias.com.br\/index.php\/wp-json\/wp\/v2\/users\/2"}],"replies":[{"embeddable":true,"href":"https:\/\/jornalfatosenoticias.com.br\/index.php\/wp-json\/wp\/v2\/comments?post=52271"}],"version-history":[{"count":0,"href":"https:\/\/jornalfatosenoticias.com.br\/index.php\/wp-json\/wp\/v2\/posts\/52271\/revisions"}],"wp:featuredmedia":[{"embeddable":true,"href":"https:\/\/jornalfatosenoticias.com.br\/index.php\/wp-json\/wp\/v2\/media\/52272"}],"wp:attachment":[{"href":"https:\/\/jornalfatosenoticias.com.br\/index.php\/wp-json\/wp\/v2\/media?parent=52271"}],"wp:term":[{"taxonomy":"category","embeddable":true,"href":"https:\/\/jornalfatosenoticias.com.br\/index.php\/wp-json\/wp\/v2\/categories?post=52271"},{"taxonomy":"post_tag","embeddable":true,"href":"https:\/\/jornalfatosenoticias.com.br\/index.php\/wp-json\/wp\/v2\/tags?post=52271"}],"curies":[{"name":"wp","href":"https:\/\/api.w.org\/{rel}","templated":true}]}}