{"id":5228,"date":"2020-06-03T11:02:51","date_gmt":"2020-06-03T14:02:51","guid":{"rendered":"https:\/\/jornalfatosenoticias.com.br\/?p=5228"},"modified":"2020-06-03T11:02:57","modified_gmt":"2020-06-03T14:02:57","slug":"cidade-distribui-75-mil-mudas-para-populacao-plantar-a-propria-comida","status":"publish","type":"post","link":"https:\/\/jornalfatosenoticias.com.br\/index.php\/2020\/06\/03\/cidade-distribui-75-mil-mudas-para-populacao-plantar-a-propria-comida\/","title":{"rendered":"Cidade distribui 75 mil mudas para popula\u00e7\u00e3o plantar a pr\u00f3pria comida"},"content":{"rendered":"\n<h6 class=\"wp-block-heading\"><em>Prefeitura de Victoria, no Canad\u00e1, quer garantir a seguran\u00e7a alimentar por meio da agricultura urbana<\/em><\/h6>\n\n\n\n<p>Victoria \u00e9 uma cidade canadense famosa por seus jardins floridos. O clima favorece o cultivo de diferentes tipos de flores e a cidade \u00e9 conhecida como a capital florida do Canad\u00e1, ou a \u201ccidade jardim\u201d. Mas a pandemia mudou um pouco este cen\u00e1rio.<br>Com a pandemia, a equipe de jardinagem da prefeitura priorizou o plantio de mudas de vegetais que est\u00e3o sendo distribu\u00eddas gratuitamente para a popula\u00e7\u00e3o, uma vez que o interesse das pessoas em cultivar o pr\u00f3prio alimento cresceu consideravelmente neste momento.<br>Esta \u00e9 a primeira vez, desde a II Guerra Mundial, que a prefeitura foca seu trabalho em ajudar os cidad\u00e3os a produzirem sua pr\u00f3pria comida. O objetivo \u00e9 garantir a seguran\u00e7a alimentar na cidade em um momento em que muitas pessoas est\u00e3o com problemas econ\u00f4micos, o valor dos alimentos est\u00e1 subindo nos mercados e alguns estoques de comida est\u00e3o baixos.<\/p>\n\n\n\n<figure class=\"wp-block-image size-large\"><img loading=\"lazy\" decoding=\"async\" width=\"1000\" height=\"671\" src=\"https:\/\/jornalfatosenoticias.com.br\/wp-content\/uploads\/2020\/06\/beautiful-flowers-at-butchart-gardens-canada-british-columbia.jpg\" alt=\"\" class=\"wp-image-5230\" srcset=\"https:\/\/jornalfatosenoticias.com.br\/wp-content\/uploads\/2020\/06\/beautiful-flowers-at-butchart-gardens-canada-british-columbia.jpg 1000w, https:\/\/jornalfatosenoticias.com.br\/wp-content\/uploads\/2020\/06\/beautiful-flowers-at-butchart-gardens-canada-british-columbia-300x201.jpg 300w, https:\/\/jornalfatosenoticias.com.br\/wp-content\/uploads\/2020\/06\/beautiful-flowers-at-butchart-gardens-canada-british-columbia-768x515.jpg 768w\" sizes=\"auto, (max-width: 1000px) 100vw, 1000px\" \/><figcaption><em>Jardins de Butchart (Foto: Pixabay)<\/em><\/figcaption><\/figure>\n\n\n\n<h4 class=\"wp-block-heading\">Prioridades<\/h4>\n\n\n\n<p>As fam\u00edlias que foram mais atingidas pela pandemia e prejudicadas pelas medidas de isolamento social t\u00eam prioridade na distribui\u00e7\u00e3o de mudas. De acordo com o site da prefeitura, a prioridade ser\u00e1 dada a quem perdeu o emprego recentemente, popula\u00e7\u00e3o ind\u00edgena, pessoas com imunidade baixa ou grupos de risco, fam\u00edlias em situa\u00e7\u00e3o de vulnerabilidade social e casos especiais que ser\u00e3o avaliados pela administra\u00e7\u00e3o municipal.<br>As fam\u00edlias que t\u00eam crian\u00e7as matriculadas no sistema p\u00fablico de educa\u00e7\u00e3o tamb\u00e9m poder\u00e3o receber as mudas, assim como todo material did\u00e1tico necess\u00e1rio para as aulas em casa.<\/p>\n\n\n\n<figure class=\"wp-block-image size-large\"><img loading=\"lazy\" decoding=\"async\" width=\"1000\" height=\"750\" src=\"https:\/\/jornalfatosenoticias.com.br\/wp-content\/uploads\/2020\/06\/zonnige_zomers_in_victoria-canada.jpg\" alt=\"\" class=\"wp-image-5229\" srcset=\"https:\/\/jornalfatosenoticias.com.br\/wp-content\/uploads\/2020\/06\/zonnige_zomers_in_victoria-canada.jpg 1000w, https:\/\/jornalfatosenoticias.com.br\/wp-content\/uploads\/2020\/06\/zonnige_zomers_in_victoria-canada-300x225.jpg 300w, https:\/\/jornalfatosenoticias.com.br\/wp-content\/uploads\/2020\/06\/zonnige_zomers_in_victoria-canada-768x576.jpg 768w\" sizes=\"auto, (max-width: 1000px) 100vw, 1000px\" \/><figcaption><em>A cidade permite, por exemplo, a cria\u00e7\u00e3o de galinhas e abelhas nos quintais (Foto: Pixabay)<\/em><\/figcaption><\/figure>\n\n\n\n<h4 class=\"wp-block-heading\">75 mil mudas<\/h4>\n\n\n\n<p>At\u00e9 o momento, a equipe de jardinagem municipal j\u00e1 disponibilizou 75 mil mudas para doa\u00e7\u00e3o, num total de 17 esp\u00e9cies de vegetais: br\u00f3colis, alface, tomate, pepino, abobrinha, ab\u00f3bora-menina, repolho, folhas de mostarda, acelga, couve, manjeric\u00e3o e salsa.<br>Um dos crit\u00e9rios para a escolha dos vegetais foi a facilidade de cultivo, mesmo por jardineiros menos experientes, al\u00e9m da possibilidade de plantar as mudas em quintais ou \u00e1reas menores, em vasos em ambientes internos e varandas por exemplo. As sementes foram doadas por produtores locais.<\/p>\n\n\n\n<h4 class=\"wp-block-heading\">Distribui\u00e7\u00e3o<\/h4>\n\n\n\n<p>A entrega das mudas come\u00e7ou no dia 25 de maio e vai at\u00e9 11 de junho e est\u00e1 sendo realizada por diferentes ONGs da cidade. Para ter acesso \u00e0s mudas, antes que elas sejam entregues ao p\u00fablico em geral \u00e9 preciso se inscrever de acordo com os crit\u00e9rios de prioridade apresentados pela prefeitura.<\/p>\n\n\n\n<h4 class=\"wp-block-heading\">Apoio \u00e0 agricultura urbana<\/h4>\n\n\n\n<figure class=\"wp-block-image size-large\"><img loading=\"lazy\" decoding=\"async\" width=\"1000\" height=\"667\" src=\"https:\/\/jornalfatosenoticias.com.br\/wp-content\/uploads\/2020\/06\/photo-planta.jpg\" alt=\"\" class=\"wp-image-5231\" srcset=\"https:\/\/jornalfatosenoticias.com.br\/wp-content\/uploads\/2020\/06\/photo-planta.jpg 1000w, https:\/\/jornalfatosenoticias.com.br\/wp-content\/uploads\/2020\/06\/photo-planta-300x200.jpg 300w, https:\/\/jornalfatosenoticias.com.br\/wp-content\/uploads\/2020\/06\/photo-planta-768x512.jpg 768w\" sizes=\"auto, (max-width: 1000px) 100vw, 1000px\" \/><figcaption><em>(Foto: Cathy Vanheest|Unsplash)<\/em><\/figcaption><\/figure>\n\n\n\n<p>Durante a a\u00e7\u00e3o, os estudantes que trabalham com volunt\u00e1rios est\u00e3o fazendo cursos de agricultura e aprendendo sobre as pol\u00edticas de cr\u00e9dito agr\u00e1rio do pa\u00eds. A agricultura urbana e familiar \u00e9 muito valorizada e uma s\u00e9rie de medidas e protocolos da prefeitura estimula a popula\u00e7\u00e3o a produzir sua pr\u00f3pria comida.<br>A cidade permite, por exemplo, a cria\u00e7\u00e3o de galinhas e abelhas nos quintais, estimula a cria\u00e7\u00e3o de hortas comunit\u00e1rias, pomares, jardins em telhados verdes e tem um programa especial que patrocina o plantio de \u00e1rvores frut\u00edferas e de castanhas em espa\u00e7os p\u00fablicos. A venda de produtos cultivados em casa tamb\u00e9m \u00e9 permitida e estimulada como uma ferramenta de melhorar a economia dom\u00e9stica.<\/p>\n\n\n\n<p><em><strong>Fonte: <a href=\"https:\/\/ciclovivo.com.br\/arq-urb\/urbanismo\/cidade-distribui-75-mil-mudas-para-populacao-plantar-a-propria-comida\/\">Olhar Digital<\/a><\/strong><\/em><\/p>\n","protected":false},"excerpt":{"rendered":"<p>Prefeitura de Victoria, no Canad\u00e1, quer garantir a seguran\u00e7a alimentar por meio da agricultura urbana Victoria \u00e9 uma cidade canadense famosa por seus jardins floridos. O clima favorece o cultivo de diferentes tipos de flores e a cidade \u00e9 conhecida como a capital florida do Canad\u00e1, ou a \u201ccidade jardim\u201d. Mas a pandemia mudou um [&hellip;]<\/p>\n","protected":false},"author":2,"featured_media":5232,"comment_status":"open","ping_status":"open","sticky":false,"template":"","format":"standard","meta":{"footnotes":""},"categories":[42],"tags":[2668,3128,3130,3129,837],"class_list":["post-5228","post","type-post","status-publish","format-standard","has-post-thumbnail","hentry","category-bem-estar","tag-canada","tag-jardinagem","tag-mudas","tag-seguranca-alimentar","tag-vegetais"],"yoast_head":"<!-- This site is optimized with the Yoast SEO plugin v26.5 - https:\/\/yoast.com\/wordpress\/plugins\/seo\/ -->\n<title>Cidade distribui 75 mil mudas para popula\u00e7\u00e3o plantar a pr\u00f3pria comida - Jornal Fatos e Not\u00edcias<\/title>\n<meta name=\"robots\" content=\"index, follow, max-snippet:-1, max-image-preview:large, max-video-preview:-1\" \/>\n<link rel=\"canonical\" href=\"https:\/\/jornalfatosenoticias.com.br\/index.php\/2020\/06\/03\/cidade-distribui-75-mil-mudas-para-populacao-plantar-a-propria-comida\/\" \/>\n<meta property=\"og:locale\" content=\"pt_BR\" \/>\n<meta property=\"og:type\" content=\"article\" \/>\n<meta property=\"og:title\" content=\"Cidade distribui 75 mil mudas para popula\u00e7\u00e3o plantar a pr\u00f3pria comida - Jornal Fatos e Not\u00edcias\" \/>\n<meta property=\"og:description\" content=\"Prefeitura de Victoria, no Canad\u00e1, quer garantir a seguran\u00e7a alimentar por meio da agricultura urbana Victoria \u00e9 uma cidade canadense famosa por seus jardins floridos. O clima favorece o cultivo de diferentes tipos de flores e a cidade \u00e9 conhecida como a capital florida do Canad\u00e1, ou a \u201ccidade jardim\u201d. Mas a pandemia mudou um [&hellip;]\" \/>\n<meta property=\"og:url\" content=\"https:\/\/jornalfatosenoticias.com.br\/index.php\/2020\/06\/03\/cidade-distribui-75-mil-mudas-para-populacao-plantar-a-propria-comida\/\" \/>\n<meta property=\"og:site_name\" content=\"Jornal Fatos e Not\u00edcias\" \/>\n<meta property=\"article:published_time\" content=\"2020-06-03T14:02:51+00:00\" \/>\n<meta property=\"article:modified_time\" content=\"2020-06-03T14:02:57+00:00\" \/>\n<meta property=\"og:image\" content=\"https:\/\/jornalfatosenoticias.com.br\/wp-content\/uploads\/2020\/06\/planta.jpg\" \/>\n\t<meta property=\"og:image:width\" content=\"1000\" \/>\n\t<meta property=\"og:image:height\" content=\"666\" \/>\n\t<meta property=\"og:image:type\" content=\"image\/jpeg\" \/>\n<meta name=\"author\" content=\"Luzimara Fernandes\" \/>\n<meta name=\"twitter:card\" content=\"summary_large_image\" \/>\n<meta name=\"twitter:label1\" content=\"Escrito por\" \/>\n\t<meta name=\"twitter:data1\" content=\"Luzimara Fernandes\" \/>\n\t<meta name=\"twitter:label2\" content=\"Est. tempo de leitura\" \/>\n\t<meta name=\"twitter:data2\" content=\"3 minutos\" \/>\n<script type=\"application\/ld+json\" class=\"yoast-schema-graph\">{\"@context\":\"https:\/\/schema.org\",\"@graph\":[{\"@type\":\"Article\",\"@id\":\"https:\/\/jornalfatosenoticias.com.br\/index.php\/2020\/06\/03\/cidade-distribui-75-mil-mudas-para-populacao-plantar-a-propria-comida\/#article\",\"isPartOf\":{\"@id\":\"https:\/\/jornalfatosenoticias.com.br\/index.php\/2020\/06\/03\/cidade-distribui-75-mil-mudas-para-populacao-plantar-a-propria-comida\/\"},\"author\":{\"name\":\"Luzimara Fernandes\",\"@id\":\"https:\/\/jornalfatosenoticias.com.br\/#\/schema\/person\/d63837fa13ac8666eb9e74e0985d6f81\"},\"headline\":\"Cidade distribui 75 mil mudas para popula\u00e7\u00e3o plantar a pr\u00f3pria comida\",\"datePublished\":\"2020-06-03T14:02:51+00:00\",\"dateModified\":\"2020-06-03T14:02:57+00:00\",\"mainEntityOfPage\":{\"@id\":\"https:\/\/jornalfatosenoticias.com.br\/index.php\/2020\/06\/03\/cidade-distribui-75-mil-mudas-para-populacao-plantar-a-propria-comida\/\"},\"wordCount\":590,\"commentCount\":0,\"publisher\":{\"@id\":\"https:\/\/jornalfatosenoticias.com.br\/#organization\"},\"image\":{\"@id\":\"https:\/\/jornalfatosenoticias.com.br\/index.php\/2020\/06\/03\/cidade-distribui-75-mil-mudas-para-populacao-plantar-a-propria-comida\/#primaryimage\"},\"thumbnailUrl\":\"https:\/\/jornalfatosenoticias.com.br\/wp-content\/uploads\/2020\/06\/planta.jpg\",\"keywords\":[\"Canad\u00e1\",\"jardinagem\",\"mudas\",\"seguran\u00e7a alimentar\",\"vegetais\"],\"articleSection\":[\"Bem-estar\"],\"inLanguage\":\"pt-BR\",\"potentialAction\":[{\"@type\":\"CommentAction\",\"name\":\"Comment\",\"target\":[\"https:\/\/jornalfatosenoticias.com.br\/index.php\/2020\/06\/03\/cidade-distribui-75-mil-mudas-para-populacao-plantar-a-propria-comida\/#respond\"]}]},{\"@type\":\"WebPage\",\"@id\":\"https:\/\/jornalfatosenoticias.com.br\/index.php\/2020\/06\/03\/cidade-distribui-75-mil-mudas-para-populacao-plantar-a-propria-comida\/\",\"url\":\"https:\/\/jornalfatosenoticias.com.br\/index.php\/2020\/06\/03\/cidade-distribui-75-mil-mudas-para-populacao-plantar-a-propria-comida\/\",\"name\":\"Cidade distribui 75 mil mudas para popula\u00e7\u00e3o plantar a pr\u00f3pria comida - Jornal Fatos e Not\u00edcias\",\"isPartOf\":{\"@id\":\"https:\/\/jornalfatosenoticias.com.br\/#website\"},\"primaryImageOfPage\":{\"@id\":\"https:\/\/jornalfatosenoticias.com.br\/index.php\/2020\/06\/03\/cidade-distribui-75-mil-mudas-para-populacao-plantar-a-propria-comida\/#primaryimage\"},\"image\":{\"@id\":\"https:\/\/jornalfatosenoticias.com.br\/index.php\/2020\/06\/03\/cidade-distribui-75-mil-mudas-para-populacao-plantar-a-propria-comida\/#primaryimage\"},\"thumbnailUrl\":\"https:\/\/jornalfatosenoticias.com.br\/wp-content\/uploads\/2020\/06\/planta.jpg\",\"datePublished\":\"2020-06-03T14:02:51+00:00\",\"dateModified\":\"2020-06-03T14:02:57+00:00\",\"breadcrumb\":{\"@id\":\"https:\/\/jornalfatosenoticias.com.br\/index.php\/2020\/06\/03\/cidade-distribui-75-mil-mudas-para-populacao-plantar-a-propria-comida\/#breadcrumb\"},\"inLanguage\":\"pt-BR\",\"potentialAction\":[{\"@type\":\"ReadAction\",\"target\":[\"https:\/\/jornalfatosenoticias.com.br\/index.php\/2020\/06\/03\/cidade-distribui-75-mil-mudas-para-populacao-plantar-a-propria-comida\/\"]}]},{\"@type\":\"ImageObject\",\"inLanguage\":\"pt-BR\",\"@id\":\"https:\/\/jornalfatosenoticias.com.br\/index.php\/2020\/06\/03\/cidade-distribui-75-mil-mudas-para-populacao-plantar-a-propria-comida\/#primaryimage\",\"url\":\"https:\/\/jornalfatosenoticias.com.br\/wp-content\/uploads\/2020\/06\/planta.jpg\",\"contentUrl\":\"https:\/\/jornalfatosenoticias.com.br\/wp-content\/uploads\/2020\/06\/planta.jpg\",\"width\":1000,\"height\":666},{\"@type\":\"BreadcrumbList\",\"@id\":\"https:\/\/jornalfatosenoticias.com.br\/index.php\/2020\/06\/03\/cidade-distribui-75-mil-mudas-para-populacao-plantar-a-propria-comida\/#breadcrumb\",\"itemListElement\":[{\"@type\":\"ListItem\",\"position\":1,\"name\":\"In\u00edcio\",\"item\":\"https:\/\/jornalfatosenoticias.com.br\/\"},{\"@type\":\"ListItem\",\"position\":2,\"name\":\"Cidade distribui 75 mil mudas para popula\u00e7\u00e3o plantar a pr\u00f3pria comida\"}]},{\"@type\":\"WebSite\",\"@id\":\"https:\/\/jornalfatosenoticias.com.br\/#website\",\"url\":\"https:\/\/jornalfatosenoticias.com.br\/\",\"name\":\"Jornal Fatos e Not\u00edcias\",\"description\":\"Not\u00edcias em geral\",\"publisher\":{\"@id\":\"https:\/\/jornalfatosenoticias.com.br\/#organization\"},\"potentialAction\":[{\"@type\":\"SearchAction\",\"target\":{\"@type\":\"EntryPoint\",\"urlTemplate\":\"https:\/\/jornalfatosenoticias.com.br\/?s={search_term_string}\"},\"query-input\":{\"@type\":\"PropertyValueSpecification\",\"valueRequired\":true,\"valueName\":\"search_term_string\"}}],\"inLanguage\":\"pt-BR\"},{\"@type\":\"Organization\",\"@id\":\"https:\/\/jornalfatosenoticias.com.br\/#organization\",\"name\":\"Jornal Fatos e Not\u00edcias\",\"url\":\"https:\/\/jornalfatosenoticias.com.br\/\",\"logo\":{\"@type\":\"ImageObject\",\"inLanguage\":\"pt-BR\",\"@id\":\"https:\/\/jornalfatosenoticias.com.br\/#\/schema\/logo\/image\/\",\"url\":\"https:\/\/jornalfatosenoticias.com.br\/wp-content\/uploads\/2020\/02\/logo120.png\",\"contentUrl\":\"https:\/\/jornalfatosenoticias.com.br\/wp-content\/uploads\/2020\/02\/logo120.png\",\"width\":1227,\"height\":120,\"caption\":\"Jornal Fatos e Not\u00edcias\"},\"image\":{\"@id\":\"https:\/\/jornalfatosenoticias.com.br\/#\/schema\/logo\/image\/\"}},{\"@type\":\"Person\",\"@id\":\"https:\/\/jornalfatosenoticias.com.br\/#\/schema\/person\/d63837fa13ac8666eb9e74e0985d6f81\",\"name\":\"Luzimara Fernandes\",\"image\":{\"@type\":\"ImageObject\",\"inLanguage\":\"pt-BR\",\"@id\":\"https:\/\/jornalfatosenoticias.com.br\/#\/schema\/person\/image\/\",\"url\":\"https:\/\/jornalfatosenoticias.com.br\/wp-content\/uploads\/2025\/05\/EU_portal.jpg\",\"contentUrl\":\"https:\/\/jornalfatosenoticias.com.br\/wp-content\/uploads\/2025\/05\/EU_portal.jpg\",\"caption\":\"Luzimara Fernandes\"},\"description\":\"Jornalista MTB 2358-ES\",\"sameAs\":[\"https:\/\/jornalfatosenoticias.com.br\"],\"url\":\"https:\/\/jornalfatosenoticias.com.br\/index.php\/author\/luzimara\/\"}]}<\/script>\n<!-- \/ Yoast SEO plugin. -->","yoast_head_json":{"title":"Cidade distribui 75 mil mudas para popula\u00e7\u00e3o plantar a pr\u00f3pria comida - Jornal Fatos e Not\u00edcias","robots":{"index":"index","follow":"follow","max-snippet":"max-snippet:-1","max-image-preview":"max-image-preview:large","max-video-preview":"max-video-preview:-1"},"canonical":"https:\/\/jornalfatosenoticias.com.br\/index.php\/2020\/06\/03\/cidade-distribui-75-mil-mudas-para-populacao-plantar-a-propria-comida\/","og_locale":"pt_BR","og_type":"article","og_title":"Cidade distribui 75 mil mudas para popula\u00e7\u00e3o plantar a pr\u00f3pria comida - Jornal Fatos e Not\u00edcias","og_description":"Prefeitura de Victoria, no Canad\u00e1, quer garantir a seguran\u00e7a alimentar por meio da agricultura urbana Victoria \u00e9 uma cidade canadense famosa por seus jardins floridos. O clima favorece o cultivo de diferentes tipos de flores e a cidade \u00e9 conhecida como a capital florida do Canad\u00e1, ou a \u201ccidade jardim\u201d. Mas a pandemia mudou um [&hellip;]","og_url":"https:\/\/jornalfatosenoticias.com.br\/index.php\/2020\/06\/03\/cidade-distribui-75-mil-mudas-para-populacao-plantar-a-propria-comida\/","og_site_name":"Jornal Fatos e Not\u00edcias","article_published_time":"2020-06-03T14:02:51+00:00","article_modified_time":"2020-06-03T14:02:57+00:00","og_image":[{"width":1000,"height":666,"url":"https:\/\/jornalfatosenoticias.com.br\/wp-content\/uploads\/2020\/06\/planta.jpg","type":"image\/jpeg"}],"author":"Luzimara Fernandes","twitter_card":"summary_large_image","twitter_misc":{"Escrito por":"Luzimara Fernandes","Est. tempo de leitura":"3 minutos"},"schema":{"@context":"https:\/\/schema.org","@graph":[{"@type":"Article","@id":"https:\/\/jornalfatosenoticias.com.br\/index.php\/2020\/06\/03\/cidade-distribui-75-mil-mudas-para-populacao-plantar-a-propria-comida\/#article","isPartOf":{"@id":"https:\/\/jornalfatosenoticias.com.br\/index.php\/2020\/06\/03\/cidade-distribui-75-mil-mudas-para-populacao-plantar-a-propria-comida\/"},"author":{"name":"Luzimara Fernandes","@id":"https:\/\/jornalfatosenoticias.com.br\/#\/schema\/person\/d63837fa13ac8666eb9e74e0985d6f81"},"headline":"Cidade distribui 75 mil mudas para popula\u00e7\u00e3o plantar a pr\u00f3pria comida","datePublished":"2020-06-03T14:02:51+00:00","dateModified":"2020-06-03T14:02:57+00:00","mainEntityOfPage":{"@id":"https:\/\/jornalfatosenoticias.com.br\/index.php\/2020\/06\/03\/cidade-distribui-75-mil-mudas-para-populacao-plantar-a-propria-comida\/"},"wordCount":590,"commentCount":0,"publisher":{"@id":"https:\/\/jornalfatosenoticias.com.br\/#organization"},"image":{"@id":"https:\/\/jornalfatosenoticias.com.br\/index.php\/2020\/06\/03\/cidade-distribui-75-mil-mudas-para-populacao-plantar-a-propria-comida\/#primaryimage"},"thumbnailUrl":"https:\/\/jornalfatosenoticias.com.br\/wp-content\/uploads\/2020\/06\/planta.jpg","keywords":["Canad\u00e1","jardinagem","mudas","seguran\u00e7a alimentar","vegetais"],"articleSection":["Bem-estar"],"inLanguage":"pt-BR","potentialAction":[{"@type":"CommentAction","name":"Comment","target":["https:\/\/jornalfatosenoticias.com.br\/index.php\/2020\/06\/03\/cidade-distribui-75-mil-mudas-para-populacao-plantar-a-propria-comida\/#respond"]}]},{"@type":"WebPage","@id":"https:\/\/jornalfatosenoticias.com.br\/index.php\/2020\/06\/03\/cidade-distribui-75-mil-mudas-para-populacao-plantar-a-propria-comida\/","url":"https:\/\/jornalfatosenoticias.com.br\/index.php\/2020\/06\/03\/cidade-distribui-75-mil-mudas-para-populacao-plantar-a-propria-comida\/","name":"Cidade distribui 75 mil mudas para popula\u00e7\u00e3o plantar a pr\u00f3pria comida - Jornal Fatos e Not\u00edcias","isPartOf":{"@id":"https:\/\/jornalfatosenoticias.com.br\/#website"},"primaryImageOfPage":{"@id":"https:\/\/jornalfatosenoticias.com.br\/index.php\/2020\/06\/03\/cidade-distribui-75-mil-mudas-para-populacao-plantar-a-propria-comida\/#primaryimage"},"image":{"@id":"https:\/\/jornalfatosenoticias.com.br\/index.php\/2020\/06\/03\/cidade-distribui-75-mil-mudas-para-populacao-plantar-a-propria-comida\/#primaryimage"},"thumbnailUrl":"https:\/\/jornalfatosenoticias.com.br\/wp-content\/uploads\/2020\/06\/planta.jpg","datePublished":"2020-06-03T14:02:51+00:00","dateModified":"2020-06-03T14:02:57+00:00","breadcrumb":{"@id":"https:\/\/jornalfatosenoticias.com.br\/index.php\/2020\/06\/03\/cidade-distribui-75-mil-mudas-para-populacao-plantar-a-propria-comida\/#breadcrumb"},"inLanguage":"pt-BR","potentialAction":[{"@type":"ReadAction","target":["https:\/\/jornalfatosenoticias.com.br\/index.php\/2020\/06\/03\/cidade-distribui-75-mil-mudas-para-populacao-plantar-a-propria-comida\/"]}]},{"@type":"ImageObject","inLanguage":"pt-BR","@id":"https:\/\/jornalfatosenoticias.com.br\/index.php\/2020\/06\/03\/cidade-distribui-75-mil-mudas-para-populacao-plantar-a-propria-comida\/#primaryimage","url":"https:\/\/jornalfatosenoticias.com.br\/wp-content\/uploads\/2020\/06\/planta.jpg","contentUrl":"https:\/\/jornalfatosenoticias.com.br\/wp-content\/uploads\/2020\/06\/planta.jpg","width":1000,"height":666},{"@type":"BreadcrumbList","@id":"https:\/\/jornalfatosenoticias.com.br\/index.php\/2020\/06\/03\/cidade-distribui-75-mil-mudas-para-populacao-plantar-a-propria-comida\/#breadcrumb","itemListElement":[{"@type":"ListItem","position":1,"name":"In\u00edcio","item":"https:\/\/jornalfatosenoticias.com.br\/"},{"@type":"ListItem","position":2,"name":"Cidade distribui 75 mil mudas para popula\u00e7\u00e3o plantar a pr\u00f3pria comida"}]},{"@type":"WebSite","@id":"https:\/\/jornalfatosenoticias.com.br\/#website","url":"https:\/\/jornalfatosenoticias.com.br\/","name":"Jornal Fatos e Not\u00edcias","description":"Not\u00edcias em geral","publisher":{"@id":"https:\/\/jornalfatosenoticias.com.br\/#organization"},"potentialAction":[{"@type":"SearchAction","target":{"@type":"EntryPoint","urlTemplate":"https:\/\/jornalfatosenoticias.com.br\/?s={search_term_string}"},"query-input":{"@type":"PropertyValueSpecification","valueRequired":true,"valueName":"search_term_string"}}],"inLanguage":"pt-BR"},{"@type":"Organization","@id":"https:\/\/jornalfatosenoticias.com.br\/#organization","name":"Jornal Fatos e Not\u00edcias","url":"https:\/\/jornalfatosenoticias.com.br\/","logo":{"@type":"ImageObject","inLanguage":"pt-BR","@id":"https:\/\/jornalfatosenoticias.com.br\/#\/schema\/logo\/image\/","url":"https:\/\/jornalfatosenoticias.com.br\/wp-content\/uploads\/2020\/02\/logo120.png","contentUrl":"https:\/\/jornalfatosenoticias.com.br\/wp-content\/uploads\/2020\/02\/logo120.png","width":1227,"height":120,"caption":"Jornal Fatos e Not\u00edcias"},"image":{"@id":"https:\/\/jornalfatosenoticias.com.br\/#\/schema\/logo\/image\/"}},{"@type":"Person","@id":"https:\/\/jornalfatosenoticias.com.br\/#\/schema\/person\/d63837fa13ac8666eb9e74e0985d6f81","name":"Luzimara Fernandes","image":{"@type":"ImageObject","inLanguage":"pt-BR","@id":"https:\/\/jornalfatosenoticias.com.br\/#\/schema\/person\/image\/","url":"https:\/\/jornalfatosenoticias.com.br\/wp-content\/uploads\/2025\/05\/EU_portal.jpg","contentUrl":"https:\/\/jornalfatosenoticias.com.br\/wp-content\/uploads\/2025\/05\/EU_portal.jpg","caption":"Luzimara Fernandes"},"description":"Jornalista MTB 2358-ES","sameAs":["https:\/\/jornalfatosenoticias.com.br"],"url":"https:\/\/jornalfatosenoticias.com.br\/index.php\/author\/luzimara\/"}]}},"cc_featured_image_caption":{"caption_text":"(Foto: Unsplash)","source_text":"","source_url":""},"jetpack_featured_media_url":"https:\/\/jornalfatosenoticias.com.br\/wp-content\/uploads\/2020\/06\/planta.jpg","_links":{"self":[{"href":"https:\/\/jornalfatosenoticias.com.br\/index.php\/wp-json\/wp\/v2\/posts\/5228","targetHints":{"allow":["GET"]}}],"collection":[{"href":"https:\/\/jornalfatosenoticias.com.br\/index.php\/wp-json\/wp\/v2\/posts"}],"about":[{"href":"https:\/\/jornalfatosenoticias.com.br\/index.php\/wp-json\/wp\/v2\/types\/post"}],"author":[{"embeddable":true,"href":"https:\/\/jornalfatosenoticias.com.br\/index.php\/wp-json\/wp\/v2\/users\/2"}],"replies":[{"embeddable":true,"href":"https:\/\/jornalfatosenoticias.com.br\/index.php\/wp-json\/wp\/v2\/comments?post=5228"}],"version-history":[{"count":0,"href":"https:\/\/jornalfatosenoticias.com.br\/index.php\/wp-json\/wp\/v2\/posts\/5228\/revisions"}],"wp:featuredmedia":[{"embeddable":true,"href":"https:\/\/jornalfatosenoticias.com.br\/index.php\/wp-json\/wp\/v2\/media\/5232"}],"wp:attachment":[{"href":"https:\/\/jornalfatosenoticias.com.br\/index.php\/wp-json\/wp\/v2\/media?parent=5228"}],"wp:term":[{"taxonomy":"category","embeddable":true,"href":"https:\/\/jornalfatosenoticias.com.br\/index.php\/wp-json\/wp\/v2\/categories?post=5228"},{"taxonomy":"post_tag","embeddable":true,"href":"https:\/\/jornalfatosenoticias.com.br\/index.php\/wp-json\/wp\/v2\/tags?post=5228"}],"curies":[{"name":"wp","href":"https:\/\/api.w.org\/{rel}","templated":true}]}}