{"id":52315,"date":"2024-06-27T17:26:12","date_gmt":"2024-06-27T20:26:12","guid":{"rendered":"https:\/\/jornalfatosenoticias.com.br\/?p=52315"},"modified":"2024-06-27T17:26:15","modified_gmt":"2024-06-27T20:26:15","slug":"a-semana-no-brasil-e-no-mundo-contas-do-governo-lula-fecham-maio-com-rombo-de-r-61-bilhoes-pior-resultado-da-historia-sem-pandemia","status":"publish","type":"post","link":"https:\/\/jornalfatosenoticias.com.br\/index.php\/2024\/06\/27\/a-semana-no-brasil-e-no-mundo-contas-do-governo-lula-fecham-maio-com-rombo-de-r-61-bilhoes-pior-resultado-da-historia-sem-pandemia\/","title":{"rendered":"A Semana no Brasil e no Mundo \u2014 Contas do governo Lula fecham maio com rombo de R$ 61 bilh\u00f5es, pior resultado da hist\u00f3ria sem pandemia"},"content":{"rendered":"\n<div class=\"wp-block-image\"><figure class=\"aligncenter size-large\"><a href=\"https:\/\/mizu.com.br\/\"><img loading=\"lazy\" decoding=\"async\" width=\"729\" height=\"90\" src=\"https:\/\/jornalfatosenoticias.com.br\/wp-content\/uploads\/2020\/02\/Logo_Mizu.png\" alt=\"\" class=\"wp-image-1441\" srcset=\"https:\/\/jornalfatosenoticias.com.br\/wp-content\/uploads\/2020\/02\/Logo_Mizu.png 729w, https:\/\/jornalfatosenoticias.com.br\/wp-content\/uploads\/2020\/02\/Logo_Mizu-300x37.png 300w\" sizes=\"auto, (max-width: 729px) 100vw, 729px\" \/><\/a><\/figure><\/div>\n\n\n\n<p>As contas do governo federal registraram um d\u00e9ficit prim\u00e1rio em maio. No m\u00eas passado, a diferen\u00e7a entre receitas e despesas ficou negativa em R$ 60,9 bilh\u00f5es, ap\u00f3s um super\u00e1vit de R$ 11 bilh\u00f5es em abril. O saldo, que inclui as contas do Tesouro Nacional, Previd\u00eancia Social e Banco Central, foi o pior desempenho em termos reais para maio desde 2020 e o segundo pior resultado na s\u00e9rie hist\u00f3rica do Tesouro, iniciada em 1997. Em maio de 2023, o d\u00e9ficit foi de R$ 45 bilh\u00f5es, em valores nominais.<br>O resultado de maio quase coincidiu com a expectativa do mercado financeiro, que projetava um d\u00e9ficit de R$ 58,1 bilh\u00f5es. O dado de abril ficou dentro das estimativas, que variavam de um d\u00e9ficit de R$ 70 bilh\u00f5es a R$ 25,5 bilh\u00f5es.<br>No acumulado do ano at\u00e9 maio, o governo federal teve um d\u00e9ficit de R$ 29,9 bilh\u00f5es, o pior resultado desde 2020. No mesmo per\u00edodo do ano passado, o resultado foi positivo em R$ 1,8 bilh\u00e3o, em termos nominais.<\/p>\n\n\n\n<div class=\"wp-block-image\"><figure class=\"aligncenter size-large is-resized\"><a href=\"https:\/\/www.ithbrasil.com.br\/\"><img loading=\"lazy\" decoding=\"async\" src=\"https:\/\/jornalfatosenoticias.com.br\/wp-content\/uploads\/2023\/08\/ITH.jpeg\" alt=\"\" class=\"wp-image-44638\" width=\"284\" height=\"231\" srcset=\"https:\/\/jornalfatosenoticias.com.br\/wp-content\/uploads\/2023\/08\/ITH.jpeg 800w, https:\/\/jornalfatosenoticias.com.br\/wp-content\/uploads\/2023\/08\/ITH-300x244.jpeg 300w, https:\/\/jornalfatosenoticias.com.br\/wp-content\/uploads\/2023\/08\/ITH-768x624.jpeg 768w\" sizes=\"auto, (max-width: 284px) 100vw, 284px\" \/><\/a><\/figure><\/div>\n\n\n\n<p>Em maio, as receitas tiveram um aumento real de 8,3% em rela\u00e7\u00e3o ao mesmo m\u00eas do ano anterior. No acumulado dos cinco primeiros meses do ano, houve um avan\u00e7o real de 8,5%. J\u00e1 as despesas subiram 14% em maio, descontada a infla\u00e7\u00e3o, e 13% no acumulado dos cinco meses.<\/p>\n\n\n\n<div class=\"wp-block-image\"><figure class=\"aligncenter size-large is-resized\"><a href=\"https:\/\/www.facebook.com\/vetor.vix\/\"><img loading=\"lazy\" decoding=\"async\" src=\"https:\/\/jornalfatosenoticias.com.br\/wp-content\/uploads\/2023\/09\/vetorvix1024_1.jpg\" alt=\"\" class=\"wp-image-44868\" width=\"535\" height=\"142\" srcset=\"https:\/\/jornalfatosenoticias.com.br\/wp-content\/uploads\/2023\/09\/vetorvix1024_1.jpg 1024w, https:\/\/jornalfatosenoticias.com.br\/wp-content\/uploads\/2023\/09\/vetorvix1024_1-300x80.jpg 300w, https:\/\/jornalfatosenoticias.com.br\/wp-content\/uploads\/2023\/09\/vetorvix1024_1-768x205.jpg 768w\" sizes=\"auto, (max-width: 535px) 100vw, 535px\" \/><\/a><\/figure><\/div>\n\n\n\n<p>Nos 12 meses at\u00e9 maio, o governo registrou um d\u00e9ficit de R$ 268,4 bilh\u00f5es, equivalente a 2,36% do PIB. Desde janeiro de 2024, o Tesouro passou a informar a rela\u00e7\u00e3o entre o volume de despesas e o PIB, buscando a estabiliza\u00e7\u00e3o dos gastos p\u00fablicos. No acumulado dos \u00faltimos 12 meses at\u00e9 maio, as despesas obrigat\u00f3rias somaram 18,6% do PIB, enquanto as discricion\u00e1rias do Executivo alcan\u00e7aram 1,8% do PIB.<\/p>\n\n\n\n<div class=\"wp-block-image\"><figure class=\"aligncenter size-large is-resized\"><a href=\"https:\/\/www.controlsystems.com.br\/\"><img loading=\"lazy\" decoding=\"async\" src=\"https:\/\/jornalfatosenoticias.com.br\/wp-content\/uploads\/2020\/02\/CONTROL-CS.jpg\" alt=\"\" class=\"wp-image-44991\" width=\"305\" height=\"365\" srcset=\"https:\/\/jornalfatosenoticias.com.br\/wp-content\/uploads\/2020\/02\/CONTROL-CS.jpg 834w, https:\/\/jornalfatosenoticias.com.br\/wp-content\/uploads\/2020\/02\/CONTROL-CS-250x300.jpg 250w, https:\/\/jornalfatosenoticias.com.br\/wp-content\/uploads\/2020\/02\/CONTROL-CS-768x921.jpg 768w\" sizes=\"auto, (max-width: 305px) 100vw, 305px\" \/><\/a><\/figure><\/div>\n\n\n\n<p>Para 2024, o governo tem duas metas. A primeira \u00e9 um resultado prim\u00e1rio neutro (0% do PIB), permitindo uma varia\u00e7\u00e3o de 0,25 ponto percentual para mais ou menos, com um limite de d\u00e9ficit de at\u00e9 R$ 28,8 bilh\u00f5es. A segunda meta \u00e9 um limite de despesas fixado em R$ 2,089 trilh\u00f5es. No \u00faltimo Relat\u00f3rio Bimestral de Avalia\u00e7\u00e3o de Receitas e Despesas, publicado em maio, o Minist\u00e9rio do Planejamento e Or\u00e7amento estimou um d\u00e9ficit de R$ 14,5 bilh\u00f5es nas contas deste ano, equivalente a 0,1% do PIB.<\/p>\n\n\n\n<div class=\"wp-block-image\"><figure class=\"aligncenter size-large\"><a href=\"http:\/\/www.ferrarimaquinas.com.br\/\"><img loading=\"lazy\" decoding=\"async\" width=\"300\" height=\"250\" src=\"https:\/\/jornalfatosenoticias.com.br\/wp-content\/uploads\/2022\/02\/FERRARI_MAQUINAS-E-FERRAMENTAS2.jpg\" alt=\"\" class=\"wp-image-27860\"\/><\/a><\/figure><\/div>\n\n\n\n<p>As contas do Tesouro Nacional, incluindo o Banco Central, registraram um super\u00e1vit prim\u00e1rio de R$ 45 milh\u00f5es em maio. No acumulado do ano, o super\u00e1vit prim\u00e1rio das contas do Tesouro Nacional (incluindo o BC) \u00e9 de R$ 123,324 bilh\u00f5es. O INSS teve um d\u00e9ficit de R$ 61,027 bilh\u00f5es em maio e um resultado negativo de R$ 153,322 bilh\u00f5es nos primeiros cinco meses de 2024. As contas do Banco Central registraram um super\u00e1vit de R$ 129 milh\u00f5es em maio e um d\u00e9ficit de R$ 117 milh\u00f5es nos primeiros cinco meses de 2024. <strong>(Fonte: Terra Brasil Not\u00edcias)<\/strong><\/p>\n\n\n\n<div class=\"wp-block-image\"><figure class=\"aligncenter size-large is-resized\"><a href=\"https:\/\/www.instagram.com\/restaurantepegoretti\/\"><img loading=\"lazy\" decoding=\"async\" src=\"https:\/\/jornalfatosenoticias.com.br\/wp-content\/uploads\/2023\/12\/pegoretti-logo-pdf-1024x389.jpg\" alt=\"\" class=\"wp-image-47536\" width=\"496\" height=\"188\" srcset=\"https:\/\/jornalfatosenoticias.com.br\/wp-content\/uploads\/2023\/12\/pegoretti-logo-pdf-1024x389.jpg 1024w, https:\/\/jornalfatosenoticias.com.br\/wp-content\/uploads\/2023\/12\/pegoretti-logo-pdf-300x114.jpg 300w, https:\/\/jornalfatosenoticias.com.br\/wp-content\/uploads\/2023\/12\/pegoretti-logo-pdf-768x291.jpg 768w, https:\/\/jornalfatosenoticias.com.br\/wp-content\/uploads\/2023\/12\/pegoretti-logo-pdf.jpg 1120w\" sizes=\"auto, (max-width: 496px) 100vw, 496px\" \/><\/a><\/figure><\/div>\n\n\n\n<hr class=\"wp-block-separator\"\/>\n\n\n\n<h3 class=\"wp-block-heading\"><span class=\"has-inline-color has-black-color\">EUA notificam Brasil e dizem que poder\u00e3o aplicar san\u00e7\u00f5es por persegui\u00e7\u00f5es pol\u00edticas no Pa\u00eds<\/span><\/h3>\n\n\n\n<div class=\"wp-block-image\"><figure class=\"aligncenter size-large\"><img loading=\"lazy\" decoding=\"async\" width=\"1000\" height=\"666\" src=\"https:\/\/jornalfatosenoticias.com.br\/wp-content\/uploads\/2024\/06\/congresso-norte-americano.jpg\" alt=\"\" class=\"wp-image-52321\" srcset=\"https:\/\/jornalfatosenoticias.com.br\/wp-content\/uploads\/2024\/06\/congresso-norte-americano.jpg 1000w, https:\/\/jornalfatosenoticias.com.br\/wp-content\/uploads\/2024\/06\/congresso-norte-americano-300x200.jpg 300w, https:\/\/jornalfatosenoticias.com.br\/wp-content\/uploads\/2024\/06\/congresso-norte-americano-768x511.jpg 768w\" sizes=\"auto, (max-width: 1000px) 100vw, 1000px\" \/><figcaption><em><span class=\"has-inline-color has-black-color\">(Foto: Wikimedia Commons)<\/span><\/em><\/figcaption><\/figure><\/div>\n\n\n\n<p>Presidente do Comit\u00ea Global de Direitos Humanos na C\u00e2mara dos Estados Unidos, o deputado norte-americano Chris Smith enviou um documento ao ministro Alexandre de Moraes, do Supremo Tribunal Federal (STF), cobrando respostas sobre alega\u00e7\u00f5es de viola\u00e7\u00f5es de direitos humanos no Brasil.<\/p>\n\n\n\n<div class=\"wp-block-image\"><figure class=\"aligncenter size-large\"><a href=\"https:\/\/cesconetto.com.br\/\"><img loading=\"lazy\" decoding=\"async\" width=\"300\" height=\"250\" src=\"https:\/\/jornalfatosenoticias.com.br\/wp-content\/uploads\/2020\/02\/Banner-2.png\" alt=\"\" class=\"wp-image-43787\"\/><\/a><\/figure><\/div>\n\n\n\n<p>Smith externa que essas viola\u00e7\u00f5es foram constatadas por autoridades americanas e incluem den\u00fancias de persegui\u00e7\u00e3o pol\u00edtica contra opositores do governo, al\u00e9m de cr\u00edticos do STF. Smith alertou que, diante das acusa\u00e7\u00f5es, h\u00e1 provis\u00f5es para a aplica\u00e7\u00e3o de san\u00e7\u00f5es contra o Brasil. Essas san\u00e7\u00f5es podem ser adotadas e incluem medidas punitivas que podem afetar a rela\u00e7\u00e3o bilateral entre os dois pa\u00edses. No documento, o deputado estabeleceu um prazo de uma semana para que Moraes responda \u00e0s quest\u00f5es levantadas. <strong>(Fonte: Conex\u00e3o Pol\u00edtica)<\/strong><\/p>\n\n\n\n<div class=\"wp-block-image\"><figure class=\"aligncenter size-large is-resized\"><img loading=\"lazy\" decoding=\"async\" src=\"https:\/\/jornalfatosenoticias.com.br\/wp-content\/uploads\/2022\/02\/Precisao-Contabilidade-1024x724.jpg\" alt=\"\" class=\"wp-image-28088\" width=\"324\" height=\"229\"\/><\/figure><\/div>\n\n\n\n<hr class=\"wp-block-separator\"\/>\n\n\n\n<h3 class=\"wp-block-heading\"><span class=\"has-inline-color has-black-color\">Governo Lula lan\u00e7a portal \u201c\u00d3dio ou Opini\u00e3o\u201d para combater desinforma\u00e7\u00e3o na internet<\/span><\/h3>\n\n\n\n<div class=\"wp-block-image\"><figure class=\"aligncenter size-large\"><img loading=\"lazy\" decoding=\"async\" width=\"612\" height=\"407\" src=\"https:\/\/jornalfatosenoticias.com.br\/wp-content\/uploads\/2024\/06\/discurso-do-odio_gettyimages.jpg\" alt=\"\" class=\"wp-image-52320\" srcset=\"https:\/\/jornalfatosenoticias.com.br\/wp-content\/uploads\/2024\/06\/discurso-do-odio_gettyimages.jpg 612w, https:\/\/jornalfatosenoticias.com.br\/wp-content\/uploads\/2024\/06\/discurso-do-odio_gettyimages-300x200.jpg 300w\" sizes=\"auto, (max-width: 612px) 100vw, 612px\" \/><figcaption><em><span class=\"has-inline-color has-black-color\">(Foto: Getty Images)<\/span><\/em><\/figcaption><\/figure><\/div>\n\n\n\n<p>O Minist\u00e9rio dos Direitos Humanos e da Cidadania (MDHC) lan\u00e7ou o Dia Internacional de Combate ao Discurso de \u00d3dio, o portal \u201c\u00d3dio ou Opini\u00e3o\u201d para ajudar a identificar discursos de \u00f3dio na internet e atuar como um aliado na defesa dos direitos dos cidad\u00e3os durante a navega\u00e7\u00e3o on-line.<\/p>\n\n\n\n<div class=\"wp-block-image\"><figure class=\"aligncenter size-large is-resized\"><a href=\"https:\/\/www.instagram.com\/rapuzeljastro\/\"><img loading=\"lazy\" decoding=\"async\" src=\"https:\/\/jornalfatosenoticias.com.br\/wp-content\/uploads\/2020\/02\/logo-Rapuzel-1024x571.jpg\" alt=\"\" class=\"wp-image-42808\" width=\"322\" height=\"179\" srcset=\"https:\/\/jornalfatosenoticias.com.br\/wp-content\/uploads\/2020\/02\/logo-Rapuzel-1024x571.jpg 1024w, https:\/\/jornalfatosenoticias.com.br\/wp-content\/uploads\/2020\/02\/logo-Rapuzel-300x167.jpg 300w, https:\/\/jornalfatosenoticias.com.br\/wp-content\/uploads\/2020\/02\/logo-Rapuzel-768x428.jpg 768w, https:\/\/jornalfatosenoticias.com.br\/wp-content\/uploads\/2020\/02\/logo-Rapuzel-1536x856.jpg 1536w, https:\/\/jornalfatosenoticias.com.br\/wp-content\/uploads\/2020\/02\/logo-Rapuzel.jpg 1600w\" sizes=\"auto, (max-width: 322px) 100vw, 322px\" \/><\/a><\/figure><\/div>\n\n\n\n<p>Com o slogan \u201cdiscurso de \u00f3dio n\u00e3o \u00e9 opini\u00e3o\u201d, o governo apresentou o site odioouopiniao.mdh.gov.br, que oferece conte\u00fados educativos sobre como denunciar discursos que afetam outras pessoas de forma criminosa. A plataforma busca \u201cdesmistificar, com exemplos pr\u00e1ticos, a diferen\u00e7a entre discurso extremista ou propagador de \u00f3dio e aquilo que \u00e9 apenas opini\u00e3o e express\u00e3o de liberdade\u201d.<\/p>\n\n\n\n<div class=\"wp-block-image\"><figure class=\"aligncenter size-large is-resized\"><a href=\"https:\/\/www.facebook.com\/postobkr\/?locale=pt_BR\"><img loading=\"lazy\" decoding=\"async\" src=\"https:\/\/jornalfatosenoticias.com.br\/wp-content\/uploads\/2023\/08\/BKR-1024x1021.jpg\" alt=\"\" class=\"wp-image-44494\" width=\"283\" height=\"282\" srcset=\"https:\/\/jornalfatosenoticias.com.br\/wp-content\/uploads\/2023\/08\/BKR-1024x1021.jpg 1024w, https:\/\/jornalfatosenoticias.com.br\/wp-content\/uploads\/2023\/08\/BKR-300x300.jpg 300w, https:\/\/jornalfatosenoticias.com.br\/wp-content\/uploads\/2023\/08\/BKR-150x150.jpg 150w, https:\/\/jornalfatosenoticias.com.br\/wp-content\/uploads\/2023\/08\/BKR-768x766.jpg 768w, https:\/\/jornalfatosenoticias.com.br\/wp-content\/uploads\/2023\/08\/BKR.jpg 1080w\" sizes=\"auto, (max-width: 283px) 100vw, 283px\" \/><\/a><\/figure><\/div>\n\n\n\n<p>A p\u00e1gina inclui dados atualizados sobre a viol\u00eancia online no Brasil, com informa\u00e7\u00f5es do Observat\u00f3rio Nacional dos Direitos Humanos (ObservaDH), al\u00e9m de not\u00edcias sobre o tema, explica\u00e7\u00f5es sobre como reconhecer um discurso de \u00f3dio e dicas de como adotar uma conduta respeitosa no ambiente digital.<br>Essa iniciativa se soma \u00e0 atua\u00e7\u00e3o da Procuradoria Nacional de Defesa da Democracia (PNDD), \u00f3rg\u00e3o da Advocacia-Geral da Uni\u00e3o (AGU) criado para representar a Uni\u00e3o em processos judiciais e extrajudiciais contra a desinforma\u00e7\u00e3o, conhecido como \u201cMinist\u00e9rio da Verdade\u201d.<strong> (Fonte: Hora Bras\u00edlia)<\/strong><\/p>\n\n\n\n<div class=\"wp-block-image\"><figure class=\"aligncenter size-large is-resized\"><a href=\"https:\/\/hotelmarquetti.com.br\/\"><img loading=\"lazy\" decoding=\"async\" src=\"https:\/\/jornalfatosenoticias.com.br\/wp-content\/uploads\/2023\/03\/nova-logo-Marquetti.jpg\" alt=\"\" class=\"wp-image-40207\" width=\"302\" height=\"203\" srcset=\"https:\/\/jornalfatosenoticias.com.br\/wp-content\/uploads\/2023\/03\/nova-logo-Marquetti.jpg 643w, https:\/\/jornalfatosenoticias.com.br\/wp-content\/uploads\/2023\/03\/nova-logo-Marquetti-300x202.jpg 300w\" sizes=\"auto, (max-width: 302px) 100vw, 302px\" \/><\/a><\/figure><\/div>\n\n\n\n<hr class=\"wp-block-separator\"\/>\n\n\n\n<h2 class=\"wp-block-heading\"><span class=\"has-inline-color has-black-color\">Militares tentam dar &#8216;golpe de Estado&#8217; na Bol\u00edvia<\/span><\/h2>\n\n\n\n<div class=\"wp-block-image\"><figure class=\"aligncenter size-large\"><img loading=\"lazy\" decoding=\"async\" width=\"960\" height=\"540\" src=\"https:\/\/jornalfatosenoticias.com.br\/wp-content\/uploads\/2024\/06\/tentativa-de-golpe-na-bolivia.jpg\" alt=\"\" class=\"wp-image-52319\" srcset=\"https:\/\/jornalfatosenoticias.com.br\/wp-content\/uploads\/2024\/06\/tentativa-de-golpe-na-bolivia.jpg 960w, https:\/\/jornalfatosenoticias.com.br\/wp-content\/uploads\/2024\/06\/tentativa-de-golpe-na-bolivia-300x169.jpg 300w, https:\/\/jornalfatosenoticias.com.br\/wp-content\/uploads\/2024\/06\/tentativa-de-golpe-na-bolivia-768x432.jpg 768w\" sizes=\"auto, (max-width: 960px) 100vw, 960px\" \/><figcaption><em><span class=\"has-inline-color has-black-color\">(Foto: Reprodu\u00e7\u00e3o)<\/span><\/em><\/figcaption><\/figure><\/div>\n\n\n\n<p>As For\u00e7as Armadas bolivianas tomaram a pra\u00e7a central de La Paz nesta quarta-feira (26) e um ve\u00edculo blindado invadiu a entrada do pal\u00e1cio presidencial, enquanto o presidente de esquerda Luis Arce denunciava um \u201cgolpe\u201d contra o governo e pedia apoio internacional.<\/p>\n\n\n\n<div class=\"wp-block-image\"><figure class=\"aligncenter size-large is-resized\"><a href=\"https:\/\/www.facebook.com\/Esteio-Churrascaria-Barbecue-103643461220402\/\"><img loading=\"lazy\" decoding=\"async\" src=\"https:\/\/jornalfatosenoticias.com.br\/wp-content\/uploads\/2020\/02\/logo_esteio.jpg\" alt=\"\" class=\"wp-image-1214\" width=\"329\" height=\"274\"\/><\/a><\/figure><\/div>\n\n\n\n<p>Arce denunciou a mobiliza\u00e7\u00e3o de algumas unidades do Ex\u00e9rcito em La Paz, lideradas pelo general Juan Jos\u00e9 Zu\u00f1iga, que recentemente foi destitu\u00eddo de seu comando militar, e exigiu que as tropas se desmobilizassem. \u201cO pa\u00eds est\u00e1 enfrentando hoje uma tentativa de golpe de Estado, hoje o pa\u00eds enfrenta mais uma vez interesses para que a democracia na Bol\u00edvia seja interrompida\u201d, disse ele em pronunciamento \u00e0 na\u00e7\u00e3o feito no pal\u00e1cio presidencial, com soldados armados do lado de fora. \u201cO povo boliviano est\u00e1 sendo convocado hoje. Precisamos que o povo boliviano se organize e se mobilize contra o golpe de Estado, em favor da democracia\u201d.<\/p>\n\n\n\n<div class=\"wp-block-image\"><figure class=\"aligncenter size-large\"><a href=\"https:\/\/www.instagram.com\/baraodascarnes.es\/\"><img decoding=\"async\" src=\"https:\/\/jornalfatosenoticias.com.br\/wp-content\/uploads\/2020\/02\/barao-das-carnes-300x164-1.jpg\" alt=\"\" class=\"wp-image-34339\"\/><\/a><\/figure><\/div>\n\n\n\n<p>Os Estados Unidos disseram que estavam monitorando de perto a situa\u00e7\u00e3o e pediram calma e conten\u00e7\u00e3o. As tens\u00f5es t\u00eam aumentado na Bol\u00edvia antes das elei\u00e7\u00f5es gerais de 2025, com o ex-presidente de esquerda Evo Morales planejando concorrer contra o antigo aliado Arce, criando uma grande divis\u00e3o no governista partido socialista e uma incerteza pol\u00edtica mais ampla.<\/p>\n\n\n\n<div class=\"wp-block-image\"><figure class=\"aligncenter size-large is-resized\"><a href=\"https:\/\/panper.com.br\/\"><img loading=\"lazy\" decoding=\"async\" src=\"https:\/\/jornalfatosenoticias.com.br\/wp-content\/uploads\/2023\/03\/logo-Panper_portal.jpg\" alt=\"\" class=\"wp-image-40208\" width=\"323\" height=\"224\" srcset=\"https:\/\/jornalfatosenoticias.com.br\/wp-content\/uploads\/2023\/03\/logo-Panper_portal.jpg 400w, https:\/\/jornalfatosenoticias.com.br\/wp-content\/uploads\/2023\/03\/logo-Panper_portal-300x208.jpg 300w\" sizes=\"auto, (max-width: 323px) 100vw, 323px\" \/><\/a><\/figure><\/div>\n\n\n\n<p>Muitos n\u00e3o querem o retorno de Morales, que governou de 2006 a 2019, quando foi deposto em meio a protestos generalizados e substitu\u00eddo por um governo conservador interino. Arce ent\u00e3o venceu as elei\u00e7\u00f5es em 2020.<\/p>\n\n\n\n<div class=\"wp-block-image\"><figure class=\"aligncenter size-large\"><a href=\"https:\/\/mizu.com.br\/\"><img loading=\"lazy\" decoding=\"async\" width=\"729\" height=\"90\" src=\"https:\/\/jornalfatosenoticias.com.br\/wp-content\/uploads\/2020\/02\/Logo_Mizu.png\" alt=\"\" class=\"wp-image-1441\" srcset=\"https:\/\/jornalfatosenoticias.com.br\/wp-content\/uploads\/2020\/02\/Logo_Mizu.png 729w, https:\/\/jornalfatosenoticias.com.br\/wp-content\/uploads\/2020\/02\/Logo_Mizu-300x37.png 300w\" sizes=\"auto, (max-width: 729px) 100vw, 729px\" \/><\/a><\/figure><\/div>\n\n\n\n<p>Zu\u00f1iga disse recentemente que Morales n\u00e3o deveria poder retornar como presidente e amea\u00e7ou bloque\u00e1-lo se ele tentasse, o que levou Arce a remov\u00ea-lo de seu cargo. Nesta quarta-feira, soldados fortemente armados e ve\u00edculos blindados se reuniram na Plaza Murillo, que abriga o pal\u00e1cio presidencial e o Congresso. Uma testemunha da Reuters viu um ve\u00edculo blindado colidindo contra uma porta do pal\u00e1cio presidencial e soldados entrando correndo.<\/p>\n\n\n\n<div class=\"wp-block-image\"><figure class=\"aligncenter size-large\"><a href=\"https:\/\/cesconetto.com.br\/\"><img loading=\"lazy\" decoding=\"async\" width=\"300\" height=\"250\" src=\"https:\/\/jornalfatosenoticias.com.br\/wp-content\/uploads\/2020\/02\/Banner-2.png\" alt=\"\" class=\"wp-image-43787\"\/><\/a><\/figure><\/div>\n\n\n\n<p>Zu\u00f1iga se dirigiu aos rep\u00f3rteres na pra\u00e7a e citou a raiva crescente no pa\u00eds, que vem enfrentando uma crise econ\u00f4mica com o esgotamento das reservas do banco central e a press\u00e3o sobre a moeda boliviana, uma vez que as exporta\u00e7\u00f5es de g\u00e1s diminu\u00edram.<\/p>\n\n\n\n<div class=\"wp-block-image\"><figure class=\"aligncenter size-large is-resized\"><img loading=\"lazy\" decoding=\"async\" src=\"https:\/\/jornalfatosenoticias.com.br\/wp-content\/uploads\/2022\/02\/Precisao-Contabilidade-1024x724.jpg\" alt=\"\" class=\"wp-image-28088\" width=\"348\" height=\"246\"\/><\/figure><\/div>\n\n\n\n<blockquote class=\"wp-block-quote is-layout-flow wp-block-quote-is-layout-flow\"><p><span class=\"has-inline-color has-luminous-vivid-orange-color\">Os tr\u00eas chefes das For\u00e7as Armadas vieram expressar nossa consterna\u00e7\u00e3o. Haver\u00e1 um novo gabinete de ministros, certamente as coisas mudar\u00e3o, mas nosso pa\u00eds n\u00e3o pode mais continuar assim\u201d, disse Zu\u00f1iga a uma esta\u00e7\u00e3o de TV local.<\/span><\/p><\/blockquote>\n\n\n\n<div class=\"wp-block-image\"><figure class=\"aligncenter size-large is-resized\"><a href=\"https:\/\/www.instagram.com\/restaurantepegoretti\/\"><img loading=\"lazy\" decoding=\"async\" src=\"https:\/\/jornalfatosenoticias.com.br\/wp-content\/uploads\/2023\/12\/pegoretti-logo-pdf-1024x389.jpg\" alt=\"\" class=\"wp-image-47536\" width=\"400\" height=\"152\" srcset=\"https:\/\/jornalfatosenoticias.com.br\/wp-content\/uploads\/2023\/12\/pegoretti-logo-pdf-1024x389.jpg 1024w, https:\/\/jornalfatosenoticias.com.br\/wp-content\/uploads\/2023\/12\/pegoretti-logo-pdf-300x114.jpg 300w, https:\/\/jornalfatosenoticias.com.br\/wp-content\/uploads\/2023\/12\/pegoretti-logo-pdf-768x291.jpg 768w, https:\/\/jornalfatosenoticias.com.br\/wp-content\/uploads\/2023\/12\/pegoretti-logo-pdf.jpg 1120w\" sizes=\"auto, (max-width: 400px) 100vw, 400px\" \/><\/a><\/figure><\/div>\n\n\n\n<p>\u201cParem de destruir, parem de empobrecer nosso pa\u00eds, parem de humilhar nosso Ex\u00e9rcito\u201d, disse ele em uniforme completo, ladeado por soldados, insistindo que a a\u00e7\u00e3o que estava sendo tomada era apoiada pelo p\u00fablico.<strong> (Fonte: InfoMoney)<\/strong><\/p>\n\n\n\n<div class=\"wp-block-image\"><figure class=\"aligncenter size-large is-resized\"><a href=\"https:\/\/www.ithbrasil.com.br\/\"><img loading=\"lazy\" decoding=\"async\" src=\"https:\/\/jornalfatosenoticias.com.br\/wp-content\/uploads\/2023\/08\/ITH.jpeg\" alt=\"\" class=\"wp-image-44638\" width=\"311\" height=\"253\" srcset=\"https:\/\/jornalfatosenoticias.com.br\/wp-content\/uploads\/2023\/08\/ITH.jpeg 800w, https:\/\/jornalfatosenoticias.com.br\/wp-content\/uploads\/2023\/08\/ITH-300x244.jpeg 300w, https:\/\/jornalfatosenoticias.com.br\/wp-content\/uploads\/2023\/08\/ITH-768x624.jpeg 768w\" sizes=\"auto, (max-width: 311px) 100vw, 311px\" \/><\/a><\/figure><\/div>\n\n\n\n<hr class=\"wp-block-separator\"\/>\n\n\n\n<h3 class=\"wp-block-heading\"><span class=\"has-inline-color has-black-color\">PT recorre ao STF contra escolas c\u00edvico-militares de S\u00e3o Paulo<\/span><\/h3>\n\n\n\n<div class=\"wp-block-image\"><figure class=\"aligncenter size-large\"><img loading=\"lazy\" decoding=\"async\" width=\"1024\" height=\"585\" src=\"https:\/\/jornalfatosenoticias.com.br\/wp-content\/uploads\/2024\/06\/tarcisio_SP-1024x585.jpg\" alt=\"\" class=\"wp-image-52318\" srcset=\"https:\/\/jornalfatosenoticias.com.br\/wp-content\/uploads\/2024\/06\/tarcisio_SP-1024x585.jpg 1024w, https:\/\/jornalfatosenoticias.com.br\/wp-content\/uploads\/2024\/06\/tarcisio_SP-300x171.jpg 300w, https:\/\/jornalfatosenoticias.com.br\/wp-content\/uploads\/2024\/06\/tarcisio_SP-768x439.jpg 768w, https:\/\/jornalfatosenoticias.com.br\/wp-content\/uploads\/2024\/06\/tarcisio_SP-1536x878.jpg 1536w, https:\/\/jornalfatosenoticias.com.br\/wp-content\/uploads\/2024\/06\/tarcisio_SP.jpg 2048w\" sizes=\"auto, (max-width: 1024px) 100vw, 1024px\" \/><figcaption><em><span class=\"has-inline-color has-black-color\">(Foto: Marcelo S. Camargo\/Gov. SP)<\/span><\/em><\/figcaption><\/figure><\/div>\n\n\n\n<p>O PT acionou o Supremo Tribunal Federal para solicitar a suspens\u00e3o cautelar da lei que institui o programa de escolas c\u00edvico-militares na rede estadual e municipal de S\u00e3o Paulo. A medida, sancionada pelo governador Tarc\u00edsio de Freitas no final de abril ap\u00f3s aprova\u00e7\u00e3o pela Assembleia Legislativa, est\u00e1 sendo contestada pelo partido por considerar que \u201cas consequ\u00eancias pol\u00edticas p\u00f5em em risco a ordem democr\u00e1tica e o Estado de Direito\u201d, conforme informa\u00e7\u00f5es do site O Antagonista.<\/p>\n\n\n\n<div class=\"wp-block-image\"><figure class=\"aligncenter size-large is-resized\"><a href=\"https:\/\/www.controlsystems.com.br\/\"><img loading=\"lazy\" decoding=\"async\" src=\"https:\/\/jornalfatosenoticias.com.br\/wp-content\/uploads\/2020\/02\/CONTROL-CS.jpg\" alt=\"\" class=\"wp-image-44991\" width=\"301\" height=\"361\" srcset=\"https:\/\/jornalfatosenoticias.com.br\/wp-content\/uploads\/2020\/02\/CONTROL-CS.jpg 834w, https:\/\/jornalfatosenoticias.com.br\/wp-content\/uploads\/2020\/02\/CONTROL-CS-250x300.jpg 250w, https:\/\/jornalfatosenoticias.com.br\/wp-content\/uploads\/2020\/02\/CONTROL-CS-768x921.jpg 768w\" sizes=\"auto, (max-width: 301px) 100vw, 301px\" \/><\/a><\/figure><\/div>\n\n\n\n<p>Junto ao PT, o PSOL tamb\u00e9m levantou d\u00favidas sobre a constitucionalidade das escolas c\u00edvico-militares no STF. A legenda argumenta que o objetivo do governo paulista \u00e9 substituir o sistema p\u00fablico de educa\u00e7\u00e3o, ao inv\u00e9s de coexistir com os modelos existentes.<\/p>\n\n\n\n<div class=\"wp-block-image\"><figure class=\"aligncenter size-large is-resized\"><a href=\"https:\/\/www.facebook.com\/vetor.vix\/\"><img loading=\"lazy\" decoding=\"async\" src=\"https:\/\/jornalfatosenoticias.com.br\/wp-content\/uploads\/2023\/09\/vetorvix1024_1.jpg\" alt=\"\" class=\"wp-image-44868\" width=\"554\" height=\"147\" srcset=\"https:\/\/jornalfatosenoticias.com.br\/wp-content\/uploads\/2023\/09\/vetorvix1024_1.jpg 1024w, https:\/\/jornalfatosenoticias.com.br\/wp-content\/uploads\/2023\/09\/vetorvix1024_1-300x80.jpg 300w, https:\/\/jornalfatosenoticias.com.br\/wp-content\/uploads\/2023\/09\/vetorvix1024_1-768x205.jpg 768w\" sizes=\"auto, (max-width: 554px) 100vw, 554px\" \/><\/a><\/figure><\/div>\n\n\n\n<p>Em resposta enviada ao STF na sexta-feira (21), Tarc\u00edsio defendeu o modelo e refutou as cr\u00edticas do PSOL, argumentando que as escolas n\u00e3o promover\u00e3o a militariza\u00e7\u00e3o dos estudantes e n\u00e3o s\u00e3o incompat\u00edveis com o princ\u00edpio da gest\u00e3o democr\u00e1tica.<\/p>\n\n\n\n<div class=\"wp-block-image\"><figure class=\"aligncenter size-large\"><a href=\"http:\/\/www.ferrarimaquinas.com.br\/\"><img loading=\"lazy\" decoding=\"async\" width=\"300\" height=\"250\" src=\"https:\/\/jornalfatosenoticias.com.br\/wp-content\/uploads\/2022\/02\/FERRARI_MAQUINAS-E-FERRAMENTAS2.jpg\" alt=\"\" class=\"wp-image-27860\"\/><\/a><\/figure><\/div>\n\n\n\n<p>O modelo das escolas c\u00edvico-militares prev\u00ea a presen\u00e7a tanto de militares, respons\u00e1veis pela disciplina dos alunos, quanto de profissionais da educa\u00e7\u00e3o, respons\u00e1veis pelo conte\u00fado curricular. Segundo o secret\u00e1rio da Educa\u00e7\u00e3o, Renato Feder, as comunidades escolares ter\u00e3o a op\u00e7\u00e3o de participar do programa, priorizando institui\u00e7\u00f5es situadas em regi\u00f5es com maior incid\u00eancia de criminalidade.<\/p>\n\n\n\n<div class=\"wp-block-image\"><figure class=\"aligncenter size-large is-resized\"><a href=\"https:\/\/www.instagram.com\/rapuzeljastro\/\"><img loading=\"lazy\" decoding=\"async\" src=\"https:\/\/jornalfatosenoticias.com.br\/wp-content\/uploads\/2020\/02\/logo-Rapuzel-1024x571.jpg\" alt=\"\" class=\"wp-image-42808\" width=\"332\" height=\"185\" srcset=\"https:\/\/jornalfatosenoticias.com.br\/wp-content\/uploads\/2020\/02\/logo-Rapuzel-1024x571.jpg 1024w, https:\/\/jornalfatosenoticias.com.br\/wp-content\/uploads\/2020\/02\/logo-Rapuzel-300x167.jpg 300w, https:\/\/jornalfatosenoticias.com.br\/wp-content\/uploads\/2020\/02\/logo-Rapuzel-768x428.jpg 768w, https:\/\/jornalfatosenoticias.com.br\/wp-content\/uploads\/2020\/02\/logo-Rapuzel-1536x856.jpg 1536w, https:\/\/jornalfatosenoticias.com.br\/wp-content\/uploads\/2020\/02\/logo-Rapuzel.jpg 1600w\" sizes=\"auto, (max-width: 332px) 100vw, 332px\" \/><\/a><\/figure><\/div>\n\n\n\n<p>As atividades extracurriculares dessas escolas ser\u00e3o formuladas em colabora\u00e7\u00e3o entre a Secretaria da Educa\u00e7\u00e3o (Seduc) e a Secretaria da Seguran\u00e7a P\u00fablica (SSP), com foco em valores cidad\u00e3os e habilidades que promovam o exerc\u00edcio consciente da cidadania. <strong>(Fonte: Epoch Times Brasil)<\/strong><\/p>\n\n\n\n<div class=\"wp-block-image\"><figure class=\"aligncenter size-large is-resized\"><a href=\"https:\/\/www.facebook.com\/postobkr\/?locale=pt_BR\"><img loading=\"lazy\" decoding=\"async\" src=\"https:\/\/jornalfatosenoticias.com.br\/wp-content\/uploads\/2023\/08\/BKR-1024x1021.jpg\" alt=\"\" class=\"wp-image-44494\" width=\"306\" height=\"305\" srcset=\"https:\/\/jornalfatosenoticias.com.br\/wp-content\/uploads\/2023\/08\/BKR-1024x1021.jpg 1024w, https:\/\/jornalfatosenoticias.com.br\/wp-content\/uploads\/2023\/08\/BKR-300x300.jpg 300w, https:\/\/jornalfatosenoticias.com.br\/wp-content\/uploads\/2023\/08\/BKR-150x150.jpg 150w, https:\/\/jornalfatosenoticias.com.br\/wp-content\/uploads\/2023\/08\/BKR-768x766.jpg 768w, https:\/\/jornalfatosenoticias.com.br\/wp-content\/uploads\/2023\/08\/BKR.jpg 1080w\" sizes=\"auto, (max-width: 306px) 100vw, 306px\" \/><\/a><\/figure><\/div>\n\n\n\n<hr class=\"wp-block-separator\"\/>\n\n\n\n<h3 class=\"wp-block-heading\"><span class=\"has-inline-color has-black-color\">Ministros de Lula participam do \u2018Gilmarpalooza\u2019 em Lisboa, financiado com recursos p\u00fablicos<\/span><\/h3>\n\n\n\n<div class=\"wp-block-image\"><figure class=\"aligncenter size-large\"><img loading=\"lazy\" decoding=\"async\" width=\"960\" height=\"540\" src=\"https:\/\/jornalfatosenoticias.com.br\/wp-content\/uploads\/2024\/06\/Gilmarpalooza.jpg\" alt=\"\" class=\"wp-image-52317\" srcset=\"https:\/\/jornalfatosenoticias.com.br\/wp-content\/uploads\/2024\/06\/Gilmarpalooza.jpg 960w, https:\/\/jornalfatosenoticias.com.br\/wp-content\/uploads\/2024\/06\/Gilmarpalooza-300x169.jpg 300w, https:\/\/jornalfatosenoticias.com.br\/wp-content\/uploads\/2024\/06\/Gilmarpalooza-768x432.jpg 768w\" sizes=\"auto, (max-width: 960px) 100vw, 960px\" \/><figcaption><em><span class=\"has-inline-color has-black-color\">(Foto: Reprodu\u00e7\u00e3o\/F\u00f3rum de Lisboa)<\/span><\/em><\/figcaption><\/figure><\/div>\n\n\n\n<p>Ministros do governo Lula se somaram \u00e0 lista de convidados de um evento promovido por uma empresa ligada ao ministro Gilmar Mendes, em Lisboa, Portugal, com o pretexto de discutir problemas brasileiros fora do Brasil. Segundo o Di\u00e1rio do Poder, o evento, apelidado de \u201cGilmapalooza\u201d em refer\u00eancia ao famoso festival de m\u00fasica alternativa, reuniu n\u00e3o apenas figuras do mundo jur\u00eddico, mas tamb\u00e9m autoridades dos tr\u00eas poderes, incluindo quase toda a composi\u00e7\u00e3o do Supremo Tribunal Federal e os presidentes da C\u00e2mara e do Senado.<\/p>\n\n\n\n<div class=\"wp-block-image\"><figure class=\"aligncenter size-large is-resized\"><a href=\"https:\/\/hotelmarquetti.com.br\/\"><img loading=\"lazy\" decoding=\"async\" src=\"https:\/\/jornalfatosenoticias.com.br\/wp-content\/uploads\/2023\/03\/nova-logo-Marquetti.jpg\" alt=\"\" class=\"wp-image-40207\" width=\"297\" height=\"199\" srcset=\"https:\/\/jornalfatosenoticias.com.br\/wp-content\/uploads\/2023\/03\/nova-logo-Marquetti.jpg 643w, https:\/\/jornalfatosenoticias.com.br\/wp-content\/uploads\/2023\/03\/nova-logo-Marquetti-300x202.jpg 300w\" sizes=\"auto, (max-width: 297px) 100vw, 297px\" \/><\/a><\/figure><\/div>\n\n\n\n<p>A viagem, custeada com recursos p\u00fablicos, foi estimada em R$ 1,5 milh\u00e3o em gastos de passagens e cerca de R$ 500 mil em di\u00e1rias. Entre os participantes do governo Lula que viajaram a Lisboa est\u00e3o a Ministra da Igualdade Racial, Anielle Franco, o Advogado-Geral da Uni\u00e3o, Jorge Messias, o Ministro da Controladoria-Geral da Uni\u00e3o, Vin\u00edcius Carvalho, e a Ministra da Ci\u00eancia e Tecnologia, Luciana Barbosa. <strong>(Fonte: Hora Bras\u00edlia)<\/strong><\/p>\n\n\n\n<div class=\"wp-block-image\"><figure class=\"aligncenter size-large is-resized\"><a href=\"https:\/\/www.facebook.com\/Esteio-Churrascaria-Barbecue-103643461220402\/\"><img loading=\"lazy\" decoding=\"async\" src=\"https:\/\/jornalfatosenoticias.com.br\/wp-content\/uploads\/2020\/02\/logo_esteio.jpg\" alt=\"\" class=\"wp-image-1214\" width=\"320\" height=\"267\"\/><\/a><\/figure><\/div>\n\n\n\n<hr class=\"wp-block-separator\"\/>\n\n\n\n<h3 class=\"wp-block-heading\"><span class=\"has-inline-color has-vivid-green-cyan-color\">Pantanal bate recorde de inc\u00eandios e Mato Grosso do Sul decreta situa\u00e7\u00e3o de emerg\u00eancia<\/span><\/h3>\n\n\n\n<div class=\"wp-block-image\"><figure class=\"aligncenter size-large\"><img loading=\"lazy\" decoding=\"async\" width=\"996\" height=\"560\" src=\"https:\/\/jornalfatosenoticias.com.br\/wp-content\/uploads\/2024\/06\/pantanal-em-chamas_freepik.jpg\" alt=\"\" class=\"wp-image-52316\" srcset=\"https:\/\/jornalfatosenoticias.com.br\/wp-content\/uploads\/2024\/06\/pantanal-em-chamas_freepik.jpg 996w, https:\/\/jornalfatosenoticias.com.br\/wp-content\/uploads\/2024\/06\/pantanal-em-chamas_freepik-300x169.jpg 300w, https:\/\/jornalfatosenoticias.com.br\/wp-content\/uploads\/2024\/06\/pantanal-em-chamas_freepik-768x432.jpg 768w\" sizes=\"auto, (max-width: 996px) 100vw, 996px\" \/><figcaption><em><span class=\"has-inline-color has-black-color\">(Foto: Freepik)<\/span><\/em><\/figcaption><\/figure><\/div>\n\n\n\n<p>Na segunda-feira (24), o estado do Mato Grosso do Sul decretou situa\u00e7\u00e3o de emerg\u00eancia devido aos inc\u00eandios florestais descontrolados no Pantanal. A medida, publicada no Di\u00e1rio Oficial e com validade de seis meses, visa agilizar a implanta\u00e7\u00e3o de novos recursos para combater os inc\u00eandios, cujas causas s\u00e3o atribu\u00eddas \u00e0 seca extrema e \u00e0 a\u00e7\u00e3o humana.<\/p>\n\n\n\n<div class=\"wp-block-image\"><figure class=\"aligncenter size-large\"><a href=\"https:\/\/www.instagram.com\/baraodascarnes.es\/\"><img decoding=\"async\" src=\"https:\/\/jornalfatosenoticias.com.br\/wp-content\/uploads\/2020\/02\/barao-das-carnes-300x164-1.jpg\" alt=\"\" class=\"wp-image-34339\"\/><\/a><\/figure><\/div>\n\n\n\n<p>De 1\u00ba de janeiro a 23 de junho, o Instituto Nacional de Pesquisas Espaciais (Inpe) registrou 3.262 focos de inc\u00eandio no Pantanal, um aumento de 33% em rela\u00e7\u00e3o ao mesmo per\u00edodo de 2020, que j\u00e1 havia sido um ano cr\u00edtico. Segundo dados do Laborat\u00f3rio de Aplica\u00e7\u00f5es de Sat\u00e9lites Ambientais (Lasa) da Universidade Federal do Rio de Janeiro, as chamas j\u00e1 consumiram 627 mil hectares do Pantanal desde janeiro.<\/p>\n\n\n\n<div class=\"wp-block-image\"><figure class=\"aligncenter size-large is-resized\"><a href=\"https:\/\/panper.com.br\/\"><img loading=\"lazy\" decoding=\"async\" src=\"https:\/\/jornalfatosenoticias.com.br\/wp-content\/uploads\/2023\/03\/logo-Panper_portal.jpg\" alt=\"\" class=\"wp-image-40208\" width=\"299\" height=\"207\" srcset=\"https:\/\/jornalfatosenoticias.com.br\/wp-content\/uploads\/2023\/03\/logo-Panper_portal.jpg 400w, https:\/\/jornalfatosenoticias.com.br\/wp-content\/uploads\/2023\/03\/logo-Panper_portal-300x208.jpg 300w\" sizes=\"auto, (max-width: 299px) 100vw, 299px\" \/><\/a><\/figure><\/div>\n\n\n\n<p>A ministra do Meio Ambiente, Marina Silva, afirmou: \u201cEstamos diante de uma das piores situa\u00e7\u00f5es j\u00e1 vistas no Pantanal\u201d. Ela destacou que a emerg\u00eancia \u00e9 resultado das mudan\u00e7as clim\u00e1ticas, do fen\u00f4meno El Ni\u00f1o e La Ni\u00f1a, al\u00e9m das queimadas para renova\u00e7\u00e3o de pastagens e planta\u00e7\u00f5es. Os governos estaduais decretaram a proibi\u00e7\u00e3o de queimas controladas at\u00e9 o final do ano, considerando-as como crimes.<\/p>\n\n\n\n<div class=\"wp-block-image\"><figure class=\"aligncenter size-large\"><a href=\"https:\/\/cesconetto.com.br\/\"><img loading=\"lazy\" decoding=\"async\" width=\"300\" height=\"250\" src=\"https:\/\/jornalfatosenoticias.com.br\/wp-content\/uploads\/2020\/02\/Banner-2.png\" alt=\"\" class=\"wp-image-43787\"\/><\/a><\/figure><\/div>\n\n\n\n<p>V\u00eddeos compartilhados nas redes sociais mostram uma extensa muralha de fogo iluminando a noite na selva, durante as festividades de S\u00e3o Jo\u00e3o na cidade de Corumb\u00e1, no Mato Grosso do Sul.<\/p>\n\n\n\n<div class=\"wp-block-image\"><figure class=\"aligncenter size-large is-resized\"><a href=\"https:\/\/www.facebook.com\/vetor.vix\/\"><img loading=\"lazy\" decoding=\"async\" src=\"https:\/\/jornalfatosenoticias.com.br\/wp-content\/uploads\/2023\/09\/vetorvix1024_1.jpg\" alt=\"\" class=\"wp-image-44868\" width=\"550\" height=\"146\" srcset=\"https:\/\/jornalfatosenoticias.com.br\/wp-content\/uploads\/2023\/09\/vetorvix1024_1.jpg 1024w, https:\/\/jornalfatosenoticias.com.br\/wp-content\/uploads\/2023\/09\/vetorvix1024_1-300x80.jpg 300w, https:\/\/jornalfatosenoticias.com.br\/wp-content\/uploads\/2023\/09\/vetorvix1024_1-768x205.jpg 768w\" sizes=\"auto, (max-width: 550px) 100vw, 550px\" \/><\/a><\/figure><\/div>\n\n\n\n<p>Marina viajar\u00e1 na pr\u00f3xima sexta-feira com outros ministros at\u00e9 Corumb\u00e1 para avaliar as consequ\u00eancias dos inc\u00eandios, que neste ano afetaram 78% da \u00e1rea do Mato Grosso do Sul, totalizando 480.775 hectares. Em compara\u00e7\u00e3o, cerca de 267 mil hectares foram queimados no primeiro semestre de 2020, quando recordes foram quebrados e 30% do bioma foram afetados ao longo do ano.<br>Gustavo Figueiroa, da ONG SOS Pantanal, alertou que a intensidade dos inc\u00eandios em 2021 depender\u00e1 das a\u00e7\u00f5es do poder p\u00fablico: \u201cN\u00e3o necessariamente ser\u00e1 pior do que em 2020, mas \u00e9 crucial que medidas vigorosas sejam tomadas desde j\u00e1 para evitar uma trag\u00e9dia como a que testemunhamos no ano anterior\u201d. <strong>(Fonte: Terra Brasil Not\u00edcias)<\/strong><\/p>\n\n\n\n<div class=\"wp-block-image\"><figure class=\"aligncenter size-large\"><a href=\"https:\/\/www.instagram.com\/baraodascarnes.es\/\"><img decoding=\"async\" src=\"https:\/\/jornalfatosenoticias.com.br\/wp-content\/uploads\/2020\/02\/barao-das-carnes-300x164-1.jpg\" alt=\"\" class=\"wp-image-34339\"\/><\/a><\/figure><\/div>\n\n\n\n<hr class=\"wp-block-separator\"\/>\n","protected":false},"excerpt":{"rendered":"<p>As contas do governo federal registraram um d\u00e9ficit prim\u00e1rio em maio. No m\u00eas passado, a diferen\u00e7a entre receitas e despesas ficou negativa em R$ 60,9 bilh\u00f5es, ap\u00f3s um super\u00e1vit de R$ 11 bilh\u00f5es em abril. O saldo, que inclui as contas do Tesouro Nacional, Previd\u00eancia Social e Banco Central, foi o pior desempenho em termos [&hellip;]<\/p>\n","protected":false},"author":3,"featured_media":52322,"comment_status":"open","ping_status":"open","sticky":false,"template":"","format":"standard","meta":{"footnotes":""},"categories":[10],"tags":[13889,891,597,1751,18343,4262,17819,778,3463,5370,294,23920],"class_list":["post-52315","post","type-post","status-publish","format-standard","has-post-thumbnail","hentry","category-politica","tag-alexandre-de-moraes","tag-bolivia","tag-brasil","tag-estados-unidos","tag-governo-lula","tag-incendios","tag-marina-silva","tag-pantanal","tag-queimadas","tag-sancoes","tag-stf","tag-tentativa-de-golpe"],"yoast_head":"<!-- This site is optimized with the Yoast SEO plugin v26.5 - https:\/\/yoast.com\/wordpress\/plugins\/seo\/ -->\n<title>A Semana no Brasil e no Mundo \u2014 Contas do governo Lula fecham maio com rombo de R$ 61 bilh\u00f5es, pior resultado da hist\u00f3ria sem pandemia - Jornal Fatos e Not\u00edcias<\/title>\n<meta name=\"robots\" content=\"index, follow, max-snippet:-1, max-image-preview:large, max-video-preview:-1\" \/>\n<link rel=\"canonical\" href=\"https:\/\/jornalfatosenoticias.com.br\/index.php\/2024\/06\/27\/a-semana-no-brasil-e-no-mundo-contas-do-governo-lula-fecham-maio-com-rombo-de-r-61-bilhoes-pior-resultado-da-historia-sem-pandemia\/\" \/>\n<meta property=\"og:locale\" content=\"pt_BR\" \/>\n<meta property=\"og:type\" content=\"article\" \/>\n<meta property=\"og:title\" content=\"A Semana no Brasil e no Mundo \u2014 Contas do governo Lula fecham maio com rombo de R$ 61 bilh\u00f5es, pior resultado da hist\u00f3ria sem pandemia - Jornal Fatos e Not\u00edcias\" \/>\n<meta property=\"og:description\" content=\"As contas do governo federal registraram um d\u00e9ficit prim\u00e1rio em maio. No m\u00eas passado, a diferen\u00e7a entre receitas e despesas ficou negativa em R$ 60,9 bilh\u00f5es, ap\u00f3s um super\u00e1vit de R$ 11 bilh\u00f5es em abril. O saldo, que inclui as contas do Tesouro Nacional, Previd\u00eancia Social e Banco Central, foi o pior desempenho em termos [&hellip;]\" \/>\n<meta property=\"og:url\" content=\"https:\/\/jornalfatosenoticias.com.br\/index.php\/2024\/06\/27\/a-semana-no-brasil-e-no-mundo-contas-do-governo-lula-fecham-maio-com-rombo-de-r-61-bilhoes-pior-resultado-da-historia-sem-pandemia\/\" \/>\n<meta property=\"og:site_name\" content=\"Jornal Fatos e Not\u00edcias\" \/>\n<meta property=\"article:published_time\" content=\"2024-06-27T20:26:12+00:00\" \/>\n<meta property=\"article:modified_time\" content=\"2024-06-27T20:26:15+00:00\" \/>\n<meta property=\"og:image\" content=\"https:\/\/jornalfatosenoticias.com.br\/wp-content\/uploads\/2024\/06\/lula-haddad_gettyimages-1.jpg\" \/>\n\t<meta property=\"og:image:width\" content=\"612\" \/>\n\t<meta property=\"og:image:height\" content=\"407\" \/>\n\t<meta property=\"og:image:type\" content=\"image\/jpeg\" \/>\n<meta name=\"author\" content=\"Haroldo Filho\" \/>\n<meta name=\"twitter:card\" content=\"summary_large_image\" \/>\n<meta name=\"twitter:label1\" content=\"Escrito por\" \/>\n\t<meta name=\"twitter:data1\" content=\"Haroldo Filho\" \/>\n\t<meta name=\"twitter:label2\" content=\"Est. tempo de leitura\" \/>\n\t<meta name=\"twitter:data2\" content=\"11 minutos\" \/>\n<script type=\"application\/ld+json\" class=\"yoast-schema-graph\">{\"@context\":\"https:\/\/schema.org\",\"@graph\":[{\"@type\":\"Article\",\"@id\":\"https:\/\/jornalfatosenoticias.com.br\/index.php\/2024\/06\/27\/a-semana-no-brasil-e-no-mundo-contas-do-governo-lula-fecham-maio-com-rombo-de-r-61-bilhoes-pior-resultado-da-historia-sem-pandemia\/#article\",\"isPartOf\":{\"@id\":\"https:\/\/jornalfatosenoticias.com.br\/index.php\/2024\/06\/27\/a-semana-no-brasil-e-no-mundo-contas-do-governo-lula-fecham-maio-com-rombo-de-r-61-bilhoes-pior-resultado-da-historia-sem-pandemia\/\"},\"author\":{\"name\":\"Haroldo Filho\",\"@id\":\"https:\/\/jornalfatosenoticias.com.br\/#\/schema\/person\/05c46cc25b42a5c27e004fb0fa6b4965\"},\"headline\":\"A Semana no Brasil e no Mundo \u2014 Contas do governo Lula fecham maio com rombo de R$ 61 bilh\u00f5es, pior resultado da hist\u00f3ria sem pandemia\",\"datePublished\":\"2024-06-27T20:26:12+00:00\",\"dateModified\":\"2024-06-27T20:26:15+00:00\",\"mainEntityOfPage\":{\"@id\":\"https:\/\/jornalfatosenoticias.com.br\/index.php\/2024\/06\/27\/a-semana-no-brasil-e-no-mundo-contas-do-governo-lula-fecham-maio-com-rombo-de-r-61-bilhoes-pior-resultado-da-historia-sem-pandemia\/\"},\"wordCount\":2243,\"commentCount\":0,\"publisher\":{\"@id\":\"https:\/\/jornalfatosenoticias.com.br\/#organization\"},\"image\":{\"@id\":\"https:\/\/jornalfatosenoticias.com.br\/index.php\/2024\/06\/27\/a-semana-no-brasil-e-no-mundo-contas-do-governo-lula-fecham-maio-com-rombo-de-r-61-bilhoes-pior-resultado-da-historia-sem-pandemia\/#primaryimage\"},\"thumbnailUrl\":\"https:\/\/jornalfatosenoticias.com.br\/wp-content\/uploads\/2024\/06\/lula-haddad_gettyimages-1.jpg\",\"keywords\":[\"Alexandre de Moraes\",\"Bol\u00edvia\",\"Brasil\",\"Estados Unidos\",\"governo Lula\",\"inc\u00eandios\",\"Marina Silva\",\"Pantanal\",\"queimadas\",\"san\u00e7\u00f5es\",\"STF\",\"tentativa de golpe\"],\"articleSection\":[\"Pol\u00edtica\"],\"inLanguage\":\"pt-BR\",\"potentialAction\":[{\"@type\":\"CommentAction\",\"name\":\"Comment\",\"target\":[\"https:\/\/jornalfatosenoticias.com.br\/index.php\/2024\/06\/27\/a-semana-no-brasil-e-no-mundo-contas-do-governo-lula-fecham-maio-com-rombo-de-r-61-bilhoes-pior-resultado-da-historia-sem-pandemia\/#respond\"]}]},{\"@type\":\"WebPage\",\"@id\":\"https:\/\/jornalfatosenoticias.com.br\/index.php\/2024\/06\/27\/a-semana-no-brasil-e-no-mundo-contas-do-governo-lula-fecham-maio-com-rombo-de-r-61-bilhoes-pior-resultado-da-historia-sem-pandemia\/\",\"url\":\"https:\/\/jornalfatosenoticias.com.br\/index.php\/2024\/06\/27\/a-semana-no-brasil-e-no-mundo-contas-do-governo-lula-fecham-maio-com-rombo-de-r-61-bilhoes-pior-resultado-da-historia-sem-pandemia\/\",\"name\":\"A Semana no Brasil e no Mundo \u2014 Contas do governo Lula fecham maio com rombo de R$ 61 bilh\u00f5es, pior resultado da hist\u00f3ria sem pandemia - Jornal Fatos e Not\u00edcias\",\"isPartOf\":{\"@id\":\"https:\/\/jornalfatosenoticias.com.br\/#website\"},\"primaryImageOfPage\":{\"@id\":\"https:\/\/jornalfatosenoticias.com.br\/index.php\/2024\/06\/27\/a-semana-no-brasil-e-no-mundo-contas-do-governo-lula-fecham-maio-com-rombo-de-r-61-bilhoes-pior-resultado-da-historia-sem-pandemia\/#primaryimage\"},\"image\":{\"@id\":\"https:\/\/jornalfatosenoticias.com.br\/index.php\/2024\/06\/27\/a-semana-no-brasil-e-no-mundo-contas-do-governo-lula-fecham-maio-com-rombo-de-r-61-bilhoes-pior-resultado-da-historia-sem-pandemia\/#primaryimage\"},\"thumbnailUrl\":\"https:\/\/jornalfatosenoticias.com.br\/wp-content\/uploads\/2024\/06\/lula-haddad_gettyimages-1.jpg\",\"datePublished\":\"2024-06-27T20:26:12+00:00\",\"dateModified\":\"2024-06-27T20:26:15+00:00\",\"breadcrumb\":{\"@id\":\"https:\/\/jornalfatosenoticias.com.br\/index.php\/2024\/06\/27\/a-semana-no-brasil-e-no-mundo-contas-do-governo-lula-fecham-maio-com-rombo-de-r-61-bilhoes-pior-resultado-da-historia-sem-pandemia\/#breadcrumb\"},\"inLanguage\":\"pt-BR\",\"potentialAction\":[{\"@type\":\"ReadAction\",\"target\":[\"https:\/\/jornalfatosenoticias.com.br\/index.php\/2024\/06\/27\/a-semana-no-brasil-e-no-mundo-contas-do-governo-lula-fecham-maio-com-rombo-de-r-61-bilhoes-pior-resultado-da-historia-sem-pandemia\/\"]}]},{\"@type\":\"ImageObject\",\"inLanguage\":\"pt-BR\",\"@id\":\"https:\/\/jornalfatosenoticias.com.br\/index.php\/2024\/06\/27\/a-semana-no-brasil-e-no-mundo-contas-do-governo-lula-fecham-maio-com-rombo-de-r-61-bilhoes-pior-resultado-da-historia-sem-pandemia\/#primaryimage\",\"url\":\"https:\/\/jornalfatosenoticias.com.br\/wp-content\/uploads\/2024\/06\/lula-haddad_gettyimages-1.jpg\",\"contentUrl\":\"https:\/\/jornalfatosenoticias.com.br\/wp-content\/uploads\/2024\/06\/lula-haddad_gettyimages-1.jpg\",\"width\":612,\"height\":407,\"caption\":\"Finance Minister Fernando Haddad and Brazil's President Luiz Inacio Lula da Silva are participating in a ceremony at the Planalto Palace in Brasilia, Brazil, on April 22, 2024, to launch the Acredita Program, which includes initiatives to support entrepreneurship through new credit measures and debt renegotiation for small businesses. The program aims to stimulate income generation, employment, and promote economic growth. (Photo by Ton Molina\/NurPhoto via Getty Images)\"},{\"@type\":\"BreadcrumbList\",\"@id\":\"https:\/\/jornalfatosenoticias.com.br\/index.php\/2024\/06\/27\/a-semana-no-brasil-e-no-mundo-contas-do-governo-lula-fecham-maio-com-rombo-de-r-61-bilhoes-pior-resultado-da-historia-sem-pandemia\/#breadcrumb\",\"itemListElement\":[{\"@type\":\"ListItem\",\"position\":1,\"name\":\"In\u00edcio\",\"item\":\"https:\/\/jornalfatosenoticias.com.br\/\"},{\"@type\":\"ListItem\",\"position\":2,\"name\":\"A Semana no Brasil e no Mundo \u2014 Contas do governo Lula fecham maio com rombo de R$ 61 bilh\u00f5es, pior resultado da hist\u00f3ria sem pandemia\"}]},{\"@type\":\"WebSite\",\"@id\":\"https:\/\/jornalfatosenoticias.com.br\/#website\",\"url\":\"https:\/\/jornalfatosenoticias.com.br\/\",\"name\":\"Jornal Fatos e Not\u00edcias\",\"description\":\"Not\u00edcias em geral\",\"publisher\":{\"@id\":\"https:\/\/jornalfatosenoticias.com.br\/#organization\"},\"potentialAction\":[{\"@type\":\"SearchAction\",\"target\":{\"@type\":\"EntryPoint\",\"urlTemplate\":\"https:\/\/jornalfatosenoticias.com.br\/?s={search_term_string}\"},\"query-input\":{\"@type\":\"PropertyValueSpecification\",\"valueRequired\":true,\"valueName\":\"search_term_string\"}}],\"inLanguage\":\"pt-BR\"},{\"@type\":\"Organization\",\"@id\":\"https:\/\/jornalfatosenoticias.com.br\/#organization\",\"name\":\"Jornal Fatos e Not\u00edcias\",\"url\":\"https:\/\/jornalfatosenoticias.com.br\/\",\"logo\":{\"@type\":\"ImageObject\",\"inLanguage\":\"pt-BR\",\"@id\":\"https:\/\/jornalfatosenoticias.com.br\/#\/schema\/logo\/image\/\",\"url\":\"https:\/\/jornalfatosenoticias.com.br\/wp-content\/uploads\/2020\/02\/logo120.png\",\"contentUrl\":\"https:\/\/jornalfatosenoticias.com.br\/wp-content\/uploads\/2020\/02\/logo120.png\",\"width\":1227,\"height\":120,\"caption\":\"Jornal Fatos e Not\u00edcias\"},\"image\":{\"@id\":\"https:\/\/jornalfatosenoticias.com.br\/#\/schema\/logo\/image\/\"}},{\"@type\":\"Person\",\"@id\":\"https:\/\/jornalfatosenoticias.com.br\/#\/schema\/person\/05c46cc25b42a5c27e004fb0fa6b4965\",\"name\":\"Haroldo Filho\",\"image\":{\"@type\":\"ImageObject\",\"inLanguage\":\"pt-BR\",\"@id\":\"https:\/\/jornalfatosenoticias.com.br\/#\/schema\/person\/image\/\",\"url\":\"https:\/\/jornalfatosenoticias.com.br\/wp-content\/uploads\/2025\/08\/WhatsApp-Image-2025-08-18-at-15.30.28-150x150.jpeg\",\"contentUrl\":\"https:\/\/jornalfatosenoticias.com.br\/wp-content\/uploads\/2025\/08\/WhatsApp-Image-2025-08-18-at-15.30.28-150x150.jpeg\",\"caption\":\"Haroldo Filho\"},\"description\":\"Jornalista \u2013 DRT: 0003818\/ES Coordenador-geral da ONG Educar para Crescer\",\"url\":\"https:\/\/jornalfatosenoticias.com.br\/index.php\/author\/haroldo\/\"}]}<\/script>\n<!-- \/ Yoast SEO plugin. -->","yoast_head_json":{"title":"A Semana no Brasil e no Mundo \u2014 Contas do governo Lula fecham maio com rombo de R$ 61 bilh\u00f5es, pior resultado da hist\u00f3ria sem pandemia - Jornal Fatos e Not\u00edcias","robots":{"index":"index","follow":"follow","max-snippet":"max-snippet:-1","max-image-preview":"max-image-preview:large","max-video-preview":"max-video-preview:-1"},"canonical":"https:\/\/jornalfatosenoticias.com.br\/index.php\/2024\/06\/27\/a-semana-no-brasil-e-no-mundo-contas-do-governo-lula-fecham-maio-com-rombo-de-r-61-bilhoes-pior-resultado-da-historia-sem-pandemia\/","og_locale":"pt_BR","og_type":"article","og_title":"A Semana no Brasil e no Mundo \u2014 Contas do governo Lula fecham maio com rombo de R$ 61 bilh\u00f5es, pior resultado da hist\u00f3ria sem pandemia - Jornal Fatos e Not\u00edcias","og_description":"As contas do governo federal registraram um d\u00e9ficit prim\u00e1rio em maio. No m\u00eas passado, a diferen\u00e7a entre receitas e despesas ficou negativa em R$ 60,9 bilh\u00f5es, ap\u00f3s um super\u00e1vit de R$ 11 bilh\u00f5es em abril. O saldo, que inclui as contas do Tesouro Nacional, Previd\u00eancia Social e Banco Central, foi o pior desempenho em termos [&hellip;]","og_url":"https:\/\/jornalfatosenoticias.com.br\/index.php\/2024\/06\/27\/a-semana-no-brasil-e-no-mundo-contas-do-governo-lula-fecham-maio-com-rombo-de-r-61-bilhoes-pior-resultado-da-historia-sem-pandemia\/","og_site_name":"Jornal Fatos e Not\u00edcias","article_published_time":"2024-06-27T20:26:12+00:00","article_modified_time":"2024-06-27T20:26:15+00:00","og_image":[{"width":612,"height":407,"url":"https:\/\/jornalfatosenoticias.com.br\/wp-content\/uploads\/2024\/06\/lula-haddad_gettyimages-1.jpg","type":"image\/jpeg"}],"author":"Haroldo Filho","twitter_card":"summary_large_image","twitter_misc":{"Escrito por":"Haroldo Filho","Est. tempo de leitura":"11 minutos"},"schema":{"@context":"https:\/\/schema.org","@graph":[{"@type":"Article","@id":"https:\/\/jornalfatosenoticias.com.br\/index.php\/2024\/06\/27\/a-semana-no-brasil-e-no-mundo-contas-do-governo-lula-fecham-maio-com-rombo-de-r-61-bilhoes-pior-resultado-da-historia-sem-pandemia\/#article","isPartOf":{"@id":"https:\/\/jornalfatosenoticias.com.br\/index.php\/2024\/06\/27\/a-semana-no-brasil-e-no-mundo-contas-do-governo-lula-fecham-maio-com-rombo-de-r-61-bilhoes-pior-resultado-da-historia-sem-pandemia\/"},"author":{"name":"Haroldo Filho","@id":"https:\/\/jornalfatosenoticias.com.br\/#\/schema\/person\/05c46cc25b42a5c27e004fb0fa6b4965"},"headline":"A Semana no Brasil e no Mundo \u2014 Contas do governo Lula fecham maio com rombo de R$ 61 bilh\u00f5es, pior resultado da hist\u00f3ria sem pandemia","datePublished":"2024-06-27T20:26:12+00:00","dateModified":"2024-06-27T20:26:15+00:00","mainEntityOfPage":{"@id":"https:\/\/jornalfatosenoticias.com.br\/index.php\/2024\/06\/27\/a-semana-no-brasil-e-no-mundo-contas-do-governo-lula-fecham-maio-com-rombo-de-r-61-bilhoes-pior-resultado-da-historia-sem-pandemia\/"},"wordCount":2243,"commentCount":0,"publisher":{"@id":"https:\/\/jornalfatosenoticias.com.br\/#organization"},"image":{"@id":"https:\/\/jornalfatosenoticias.com.br\/index.php\/2024\/06\/27\/a-semana-no-brasil-e-no-mundo-contas-do-governo-lula-fecham-maio-com-rombo-de-r-61-bilhoes-pior-resultado-da-historia-sem-pandemia\/#primaryimage"},"thumbnailUrl":"https:\/\/jornalfatosenoticias.com.br\/wp-content\/uploads\/2024\/06\/lula-haddad_gettyimages-1.jpg","keywords":["Alexandre de Moraes","Bol\u00edvia","Brasil","Estados Unidos","governo Lula","inc\u00eandios","Marina Silva","Pantanal","queimadas","san\u00e7\u00f5es","STF","tentativa de golpe"],"articleSection":["Pol\u00edtica"],"inLanguage":"pt-BR","potentialAction":[{"@type":"CommentAction","name":"Comment","target":["https:\/\/jornalfatosenoticias.com.br\/index.php\/2024\/06\/27\/a-semana-no-brasil-e-no-mundo-contas-do-governo-lula-fecham-maio-com-rombo-de-r-61-bilhoes-pior-resultado-da-historia-sem-pandemia\/#respond"]}]},{"@type":"WebPage","@id":"https:\/\/jornalfatosenoticias.com.br\/index.php\/2024\/06\/27\/a-semana-no-brasil-e-no-mundo-contas-do-governo-lula-fecham-maio-com-rombo-de-r-61-bilhoes-pior-resultado-da-historia-sem-pandemia\/","url":"https:\/\/jornalfatosenoticias.com.br\/index.php\/2024\/06\/27\/a-semana-no-brasil-e-no-mundo-contas-do-governo-lula-fecham-maio-com-rombo-de-r-61-bilhoes-pior-resultado-da-historia-sem-pandemia\/","name":"A Semana no Brasil e no Mundo \u2014 Contas do governo Lula fecham maio com rombo de R$ 61 bilh\u00f5es, pior resultado da hist\u00f3ria sem pandemia - Jornal Fatos e Not\u00edcias","isPartOf":{"@id":"https:\/\/jornalfatosenoticias.com.br\/#website"},"primaryImageOfPage":{"@id":"https:\/\/jornalfatosenoticias.com.br\/index.php\/2024\/06\/27\/a-semana-no-brasil-e-no-mundo-contas-do-governo-lula-fecham-maio-com-rombo-de-r-61-bilhoes-pior-resultado-da-historia-sem-pandemia\/#primaryimage"},"image":{"@id":"https:\/\/jornalfatosenoticias.com.br\/index.php\/2024\/06\/27\/a-semana-no-brasil-e-no-mundo-contas-do-governo-lula-fecham-maio-com-rombo-de-r-61-bilhoes-pior-resultado-da-historia-sem-pandemia\/#primaryimage"},"thumbnailUrl":"https:\/\/jornalfatosenoticias.com.br\/wp-content\/uploads\/2024\/06\/lula-haddad_gettyimages-1.jpg","datePublished":"2024-06-27T20:26:12+00:00","dateModified":"2024-06-27T20:26:15+00:00","breadcrumb":{"@id":"https:\/\/jornalfatosenoticias.com.br\/index.php\/2024\/06\/27\/a-semana-no-brasil-e-no-mundo-contas-do-governo-lula-fecham-maio-com-rombo-de-r-61-bilhoes-pior-resultado-da-historia-sem-pandemia\/#breadcrumb"},"inLanguage":"pt-BR","potentialAction":[{"@type":"ReadAction","target":["https:\/\/jornalfatosenoticias.com.br\/index.php\/2024\/06\/27\/a-semana-no-brasil-e-no-mundo-contas-do-governo-lula-fecham-maio-com-rombo-de-r-61-bilhoes-pior-resultado-da-historia-sem-pandemia\/"]}]},{"@type":"ImageObject","inLanguage":"pt-BR","@id":"https:\/\/jornalfatosenoticias.com.br\/index.php\/2024\/06\/27\/a-semana-no-brasil-e-no-mundo-contas-do-governo-lula-fecham-maio-com-rombo-de-r-61-bilhoes-pior-resultado-da-historia-sem-pandemia\/#primaryimage","url":"https:\/\/jornalfatosenoticias.com.br\/wp-content\/uploads\/2024\/06\/lula-haddad_gettyimages-1.jpg","contentUrl":"https:\/\/jornalfatosenoticias.com.br\/wp-content\/uploads\/2024\/06\/lula-haddad_gettyimages-1.jpg","width":612,"height":407,"caption":"Finance Minister Fernando Haddad and Brazil's President Luiz Inacio Lula da Silva are participating in a ceremony at the Planalto Palace in Brasilia, Brazil, on April 22, 2024, to launch the Acredita Program, which includes initiatives to support entrepreneurship through new credit measures and debt renegotiation for small businesses. The program aims to stimulate income generation, employment, and promote economic growth. (Photo by Ton Molina\/NurPhoto via Getty Images)"},{"@type":"BreadcrumbList","@id":"https:\/\/jornalfatosenoticias.com.br\/index.php\/2024\/06\/27\/a-semana-no-brasil-e-no-mundo-contas-do-governo-lula-fecham-maio-com-rombo-de-r-61-bilhoes-pior-resultado-da-historia-sem-pandemia\/#breadcrumb","itemListElement":[{"@type":"ListItem","position":1,"name":"In\u00edcio","item":"https:\/\/jornalfatosenoticias.com.br\/"},{"@type":"ListItem","position":2,"name":"A Semana no Brasil e no Mundo \u2014 Contas do governo Lula fecham maio com rombo de R$ 61 bilh\u00f5es, pior resultado da hist\u00f3ria sem pandemia"}]},{"@type":"WebSite","@id":"https:\/\/jornalfatosenoticias.com.br\/#website","url":"https:\/\/jornalfatosenoticias.com.br\/","name":"Jornal Fatos e Not\u00edcias","description":"Not\u00edcias em geral","publisher":{"@id":"https:\/\/jornalfatosenoticias.com.br\/#organization"},"potentialAction":[{"@type":"SearchAction","target":{"@type":"EntryPoint","urlTemplate":"https:\/\/jornalfatosenoticias.com.br\/?s={search_term_string}"},"query-input":{"@type":"PropertyValueSpecification","valueRequired":true,"valueName":"search_term_string"}}],"inLanguage":"pt-BR"},{"@type":"Organization","@id":"https:\/\/jornalfatosenoticias.com.br\/#organization","name":"Jornal Fatos e Not\u00edcias","url":"https:\/\/jornalfatosenoticias.com.br\/","logo":{"@type":"ImageObject","inLanguage":"pt-BR","@id":"https:\/\/jornalfatosenoticias.com.br\/#\/schema\/logo\/image\/","url":"https:\/\/jornalfatosenoticias.com.br\/wp-content\/uploads\/2020\/02\/logo120.png","contentUrl":"https:\/\/jornalfatosenoticias.com.br\/wp-content\/uploads\/2020\/02\/logo120.png","width":1227,"height":120,"caption":"Jornal Fatos e Not\u00edcias"},"image":{"@id":"https:\/\/jornalfatosenoticias.com.br\/#\/schema\/logo\/image\/"}},{"@type":"Person","@id":"https:\/\/jornalfatosenoticias.com.br\/#\/schema\/person\/05c46cc25b42a5c27e004fb0fa6b4965","name":"Haroldo Filho","image":{"@type":"ImageObject","inLanguage":"pt-BR","@id":"https:\/\/jornalfatosenoticias.com.br\/#\/schema\/person\/image\/","url":"https:\/\/jornalfatosenoticias.com.br\/wp-content\/uploads\/2025\/08\/WhatsApp-Image-2025-08-18-at-15.30.28-150x150.jpeg","contentUrl":"https:\/\/jornalfatosenoticias.com.br\/wp-content\/uploads\/2025\/08\/WhatsApp-Image-2025-08-18-at-15.30.28-150x150.jpeg","caption":"Haroldo Filho"},"description":"Jornalista \u2013 DRT: 0003818\/ES Coordenador-geral da ONG Educar para Crescer","url":"https:\/\/jornalfatosenoticias.com.br\/index.php\/author\/haroldo\/"}]}},"cc_featured_image_caption":{"caption_text":"(Foto: Getty Images) ","source_text":"","source_url":""},"jetpack_featured_media_url":"https:\/\/jornalfatosenoticias.com.br\/wp-content\/uploads\/2024\/06\/lula-haddad_gettyimages-1.jpg","_links":{"self":[{"href":"https:\/\/jornalfatosenoticias.com.br\/index.php\/wp-json\/wp\/v2\/posts\/52315","targetHints":{"allow":["GET"]}}],"collection":[{"href":"https:\/\/jornalfatosenoticias.com.br\/index.php\/wp-json\/wp\/v2\/posts"}],"about":[{"href":"https:\/\/jornalfatosenoticias.com.br\/index.php\/wp-json\/wp\/v2\/types\/post"}],"author":[{"embeddable":true,"href":"https:\/\/jornalfatosenoticias.com.br\/index.php\/wp-json\/wp\/v2\/users\/3"}],"replies":[{"embeddable":true,"href":"https:\/\/jornalfatosenoticias.com.br\/index.php\/wp-json\/wp\/v2\/comments?post=52315"}],"version-history":[{"count":0,"href":"https:\/\/jornalfatosenoticias.com.br\/index.php\/wp-json\/wp\/v2\/posts\/52315\/revisions"}],"wp:featuredmedia":[{"embeddable":true,"href":"https:\/\/jornalfatosenoticias.com.br\/index.php\/wp-json\/wp\/v2\/media\/52322"}],"wp:attachment":[{"href":"https:\/\/jornalfatosenoticias.com.br\/index.php\/wp-json\/wp\/v2\/media?parent=52315"}],"wp:term":[{"taxonomy":"category","embeddable":true,"href":"https:\/\/jornalfatosenoticias.com.br\/index.php\/wp-json\/wp\/v2\/categories?post=52315"},{"taxonomy":"post_tag","embeddable":true,"href":"https:\/\/jornalfatosenoticias.com.br\/index.php\/wp-json\/wp\/v2\/tags?post=52315"}],"curies":[{"name":"wp","href":"https:\/\/api.w.org\/{rel}","templated":true}]}}